{"id":136468,"date":"2017-10-16T00:00:18","date_gmt":"2017-10-16T03:00:18","guid":{"rendered":"https:\/\/www.estrategiaconcursos.com.br\/blog\/?p=136468"},"modified":"2018-11-16T07:43:27","modified_gmt":"2018-11-16T10:43:27","slug":"edital-delegado-pc-rr","status":"publish","type":"post","link":"https:\/\/www.estrategiaconcursos.com.br\/blog\/edital-delegado-pc-rr\/","title":{"rendered":"Concurso Delegado PC RR: certame tem prazo de inscri\u00e7\u00f5es prorrogado; s\u00e3o 35 vagas e inicial de R$ 18 mil"},"content":{"rendered":"<p><span style=\"font-size: 18pt;\"><i>Aqui voc\u00ea encontra tudo sobre o concurso Delegado PC RR<\/i><\/span><\/p>\n<p>O prazo de inscri\u00e7\u00f5es\u00a0para o concurso de Delegado da Pol\u00edcia Civil de Roraima, que inicialmente terminavam nesta ter\u00e7a-feira, 16 de outubro, foram prorrogados at\u00e9 o dia 20 de novembro. Todo o processo deve ser feito pela internet, no\u00a0<em>site<\/em> da\u00a0<strong>Vunesp<\/strong>, com taxa de R$ 260,00.<\/p>\n<p>O edital do concurso foi publicado em meados de agosto e oferece 35 vagas para a classe inicial do cargo de Delegado, cuja remunera\u00e7\u00e3o inicial \u00e9 de\u00a0R$ 18.387,42.<\/p>\n<p><a href=\"https:\/\/www.estrategiaconcursos.com.br\/blog\/edital-pc-rr-2018\/\" target=\"_blank\" rel=\"noopener\"><span style=\"font-size: 14pt;\"><em>Se voc\u00ea quer saber como v\u00e3o ser as provas para os outros cargos, clique aqui.<\/em><\/span><\/a><\/p>\n<h2><b>Provas do concurso Delegado\u00a0<\/b><b>PC RR\u00a0\u00a0<\/b><b>ser\u00e3o em fevereiro de 2019<\/b><\/h2>\n<p><span style=\"font-weight: 400;\">Anote as principais datas do certame em sua agenda:<\/span><\/p>\n<p><b>Inscri\u00e7\u00f5es<\/b><span style=\"font-weight: 400;\">: \u00a031\/08 a 20\/11\/2018, no site da <\/span><b>VUNESP<\/b><span style=\"font-weight: 400;\">.<\/span><\/p>\n<p><b>Provas (objetiva e discursiva)<\/b><span style=\"font-weight: 400;\">: 17\/02\/2019 (manh\u00e3 e tarde)<\/span><\/p>\n<p><b>Taxa<\/b><span style=\"font-weight: 400;\">: R$ 260,00<\/span><\/p>\n<p>As demais datas ser\u00e3o divulgadas posteriormente.<\/p>\n<h2><b>Concurso PC Roraima oferece 35 vagas para Delegado<\/b><\/h2>\n<p><span style=\"font-weight: 400;\">Desde 2003 sem realizar concursos, a PC RR enfrenta hoje um grande d\u00e9ficit de quadros. Confira abaixo a distribui\u00e7\u00e3o das oportunidades no certame:<\/span><\/p>\n<table style=\"border-color: #000000;\" border=\"1\" cellspacing=\"1\" cellpadding=\"1\">\n<tbody>\n<tr>\n<td style=\"width: 47px;\"><b>Total<\/b><\/td>\n<td style=\"width: 28px;\"><b>AC<\/b><\/td>\n<td style=\"width: 38px;\"><b>PcD<\/b><\/td>\n<\/tr>\n<tr>\n<td style=\"width: 47px;\">35<\/td>\n<td style=\"width: 28px;\">31<\/td>\n<td style=\"width: 38px;\">4<\/td>\n<\/tr>\n<\/tbody>\n<\/table>\n<h2><b>Quais s\u00e3o as etapas do concurso PC RR?<\/b><\/h2>\n<h2><b><span style=\"font-size: 14pt;\">Primeira etapa<\/span><\/b><\/h2>\n<p><b>1) <\/b><span style=\"font-weight: 400;\">Prova objetiva (eliminat\u00f3ria e classificat\u00f3ria);<\/span><span style=\"font-weight: 400;\"><br \/>\n<\/span><b>2)<\/b><span style=\"font-weight: 400;\"> Prova discursiva (eliminat\u00f3ria e classificat\u00f3ria)<br \/>\n<strong>3)<\/strong>\u00a0Avalia\u00e7\u00e3o Psicol\u00f3gica (eliminat\u00f3ria);<br \/>\n<strong>4)<\/strong>\u00a0 Exame psicot\u00e9cnico (eliminat\u00f3rio);<br \/>\n<\/span><strong>5)<\/strong><span style=\"font-weight: 400;\">\u00a0 Avalia\u00e7\u00e3o m\u00e9dica (eliminat\u00f3ria);<\/span><span style=\"font-weight: 400;\"><br \/>\n<\/span><b>6) <\/b><span style=\"font-weight: 400;\">\u00a0Prova de capacidade f\u00edsica (eliminat\u00f3ria)<br \/>\n<strong>7)\u00a0<\/strong>Prova oral (classificat\u00f3ria e eliminat\u00f3ria)<br \/>\n<\/span><b>8)<\/b><span style=\"font-weight: 400;\"> Avalia\u00e7\u00e3o de T\u00edtulos (classificat\u00f3ria).<\/span><b><br \/>\n<\/b><\/p>\n<p><b>Segunda etapa<\/b><\/p>\n<p><span style=\"font-weight: 400;\"><strong>1)\u00a0<\/strong>Curso de Forma\u00e7\u00e3o Profissional, na Academia de Pol\u00edcia Integrada de Roraima.<\/span><\/p>\n<p><strong>2)<\/strong> Investiga\u00e7\u00e3o social.<\/p>\n<p><span style=\"font-weight: 400;\">Todas as etapas do certame ser\u00e3o realizadas em Boa Vista, capital do estado de Roraima.<\/span><\/p>\n<p><span style=\"font-weight: 400;\">As provas <\/span><b>objetiva<\/b><span style=\"font-weight: 400;\"> e <\/span><b>discursiva <\/b><span style=\"font-weight: 400;\">ser\u00e3o aplicadas <\/span><b>na mesma data (manh\u00e3 e tarde)<\/b><span style=\"font-weight: 400;\">.<\/span><\/p>\n<h2><b>Quais s\u00e3o os requisitos do cargo?<\/b><\/h2>\n<p><span style=\"font-weight: 400;\">\u00c9 necess\u00e1rio ser <\/span><b>bacharel em Direito<\/b><span style=\"font-weight: 400;\">, com diploma expedido por institui\u00e7\u00e3o reconhecida pelo Minist\u00e9rio da Educa\u00e7\u00e3o (MEC) e contar com a idade m\u00ednima de 18 anos na data da matr\u00edcula no Curso de Forma\u00e7\u00e3o Profissional.<\/span><\/p>\n<p>Al\u00e9m disso, exige-se que o candidato tenha Carteira Nacional de Habilita\u00e7\u00e3o na categoria &#8220;B&#8221;, pelo menos.<\/p>\n<h2><b>Remunera\u00e7\u00e3o e progress\u00e3o no cargo<\/b><\/h2>\n<p><span style=\"font-weight: 400;\">Segundo dados extra\u00eddos do Portal da Transpar\u00eancia do Estado de Roraima, este \u00e9 o quadro remunerat\u00f3rio do cargo de Delegado RR:<\/span><\/p>\n<table style=\"border-color: #000000;\" border=\"1\" cellspacing=\"1\" cellpadding=\"1\">\n<tbody>\n<tr>\n<td><b>CLASSE<\/b><\/td>\n<td><b>SUBS\u00cdDIO<\/b><\/td>\n<\/tr>\n<tr>\n<td><span style=\"font-weight: 400;\">Delegado de Pol\u00edcia de Classe Substituta<\/span><\/td>\n<td>R$ 18.387,42<\/td>\n<\/tr>\n<tr>\n<td><span style=\"font-weight: 400;\">Delegado de Pol\u00edcia de Classe Intermedi\u00e1ria<\/span><\/td>\n<td><span style=\"font-weight: 400;\">R$ 19.457,60<\/span><\/td>\n<\/tr>\n<tr>\n<td><span style=\"font-weight: 400;\">Delegado de Pol\u00edcia de Classe Especial<\/span><\/td>\n<td><span style=\"font-weight: 400;\">R$ 21.619,59<\/span><\/td>\n<\/tr>\n<\/tbody>\n<\/table>\n<p>Os Delegados tamb\u00e9m recebem aux\u00edlio-alimenta\u00e7\u00e3o de R$ 500,00 e gratifica\u00e7\u00e3o pela realiza\u00e7\u00e3o de plant\u00f5es. Confira abaixo um exemplo de remunera\u00e7\u00e3o atualizado:<\/p>\n<p><a href=\"https:\/\/dhg1h5j42swfq.cloudfront.net\/2018\/08\/17082415\/remunera%C3%A7%C3%A3o-delegado-pc-rr.jpg\"><img loading=\"lazy\" decoding=\"async\" class=\"alignnone wp-image-136481\" src=\"https:\/\/dhg1h5j42swfq.cloudfront.net\/2018\/08\/17082415\/remunera%C3%A7%C3%A3o-delegado-pc-rr.jpg\" alt=\"delegado pc rr remunera\u00e7\u00e3o\" width=\"912\" height=\"381\" srcset=\"https:\/\/dhg1h5j42swfq.cloudfront.net\/2018\/08\/17082415\/remunera%C3%A7%C3%A3o-delegado-pc-rr.jpg 1279w, https:\/\/dhg1h5j42swfq.cloudfront.net\/2018\/08\/17082415\/remunera%C3%A7%C3%A3o-delegado-pc-rr.jpg 300w, https:\/\/dhg1h5j42swfq.cloudfront.net\/2018\/08\/17082415\/remunera%C3%A7%C3%A3o-delegado-pc-rr.jpg 768w, https:\/\/dhg1h5j42swfq.cloudfront.net\/2018\/08\/17082415\/remunera%C3%A7%C3%A3o-delegado-pc-rr.jpg 1024w, https:\/\/dhg1h5j42swfq.cloudfront.net\/2018\/08\/17082415\/remunera%C3%A7%C3%A3o-delegado-pc-rr.jpg 610w\" sizes=\"auto, (max-width: 912px) 100vw, 912px\" \/><\/a><\/p>\n<h2>Cargos vagos e ocupados<\/h2>\n<p><span style=\"font-weight: 400;\">Confira abaixo o quantitativo de cargos vagos e ocupados de Delegado de Pol\u00edcia, segundo dados atualizados, extra\u00eddos do Portal da Transpar\u00eancia de Roraima:<\/span><\/p>\n<table style=\"border-color: #000000;\" border=\"1\" cellspacing=\"1\" cellpadding=\"1\">\n<tbody>\n<tr>\n<td><b>TOTAL DE CARGOS<\/b><\/td>\n<td><b>OCUPADOS<\/b><\/td>\n<td><b>VAGOS<\/b><\/td>\n<\/tr>\n<tr>\n<td><span style=\"font-weight: 400;\">150<\/span><\/td>\n<td><span style=\"font-weight: 400;\">56<\/span><\/td>\n<td><span style=\"font-weight: 400;\">94<\/span><\/td>\n<\/tr>\n<\/tbody>\n<\/table>\n<p><span style=\"font-weight: 400;\">O total de cargos existentes est\u00e1 previsto na Lei Complementar Estadual 55\/2001 (Lei Org\u00e2nica da Pol\u00edcia Civil de Roraima).<\/span><\/p>\n<h2><b>A prova objetiva<\/b><\/h2>\n<p><span style=\"font-weight: 400;\">Esta prova ser\u00e1 composta por 60 objetivas quest\u00f5es de m\u00faltipla escolha com cinco alternativas, distribu\u00eddas entre as seguintes disciplinas:<\/span><\/p>\n<table style=\"border-color: #000000; width: 789px;\" border=\"1\" width=\"789\" cellspacing=\"1\" cellpadding=\"1\">\n<tbody>\n<tr style=\"height: 21px;\">\n<td style=\"height: 21px; text-align: center; width: 398px;\" width=\"399\"><strong>Conhecimentos gerais<\/strong><\/td>\n<td style=\"height: 21px; text-align: center; width: 391px;\" width=\"390\"><strong>Conhecimentos espec\u00edficos<\/strong><\/td>\n<\/tr>\n<tr style=\"height: 21px;\">\n<td style=\"height: 23px; text-align: center; width: 398px;\" width=\"399\">FORMA\u00c7\u00c3O HUMAN\u00cdSTICA, PRINC\u00cdPIOS DA \u00c9TICA, FILOSOFIA E PSICOLOGIA JUR\u00cdDICA<\/td>\n<td style=\"height: 23px; text-align: center; width: 391px;\" width=\"390\">DIREITO CONSTITUCIONAL<\/td>\n<\/tr>\n<tr style=\"height: 21px;\">\n<td style=\"text-align: center; width: 398px; height: 21px;\">TEORIA GERAL DO DIREITO E DA POL\u00cdTICA<\/td>\n<td style=\"height: 21px; text-align: center; width: 391px;\" width=\"390\">DIREITO ADMINISTRATIVO<\/td>\n<\/tr>\n<tr style=\"height: 21px;\">\n<td style=\"text-align: center; width: 398px; height: 21px;\">CRIMINOLOGIA<\/td>\n<td style=\"height: 21px; text-align: center; width: 391px;\" width=\"390\">DIREITO PENAL<\/td>\n<\/tr>\n<tr style=\"height: 21px;\">\n<td style=\"text-align: center; width: 398px; height: 21px;\">DIREITO CIVIL E EMPRESARIAL<\/td>\n<td style=\"height: 21px; text-align: center; width: 391px;\" width=\"390\">DIREITO PROCESSUAL PENAL<\/td>\n<\/tr>\n<tr style=\"height: 21px;\">\n<td style=\"text-align: center; width: 398px; height: 21px;\">DIREITO TRIBUT\u00c1RIO<\/td>\n<td style=\"height: 21px; text-align: center; width: 391px;\" width=\"390\">LEGISLA\u00c7\u00c3O COMPLEMENTAR<\/td>\n<\/tr>\n<tr style=\"height: 21px;\">\n<td style=\"text-align: center; width: 398px; height: 21px;\">DIREITO AMBIENTAL<\/td>\n<td style=\"height: 21px; text-align: center; width: 391px;\" width=\"390\"><\/td>\n<\/tr>\n<tr style=\"height: 21px;\">\n<td style=\"text-align: center; height: 21px; width: 398px;\"><strong>20 quest\u00f5es<\/strong><\/td>\n<td style=\"text-align: center; height: 21px; width: 391px;\"><strong>40 quest\u00f5es<\/strong><\/td>\n<\/tr>\n<\/tbody>\n<\/table>\n<p><b>Dura\u00e7\u00e3o total<\/b><span style=\"font-weight: 400;\">: 4 horas e 30 minutos<\/span><\/p>\n<p><strong>Valor:\u00a0<\/strong>100 pontos (20 pontos para a prova de conhecimentos gerais e 80 para a de conhecimentos espec\u00edficos).<\/p>\n<p><span style=\"font-weight: 400;\">Para ser aprovado nesta etapa e ter a prova discursiva corrigida, \u00e9 necess\u00e1rio atingir o aproveitamento m\u00ednimo de 50% em cada uma das partes da prova e\u00a0<\/span><b>60%<\/b><span style=\"font-weight: 400;\"> no total da prova.<\/span><\/p>\n<p><span style=\"font-weight: 400;\">Al\u00e9m disso, \u00e9 necess\u00e1rio se classificar at\u00e9 a 350\u00aa posi\u00e7\u00e3o, respeitados os empates.<\/span><\/p>\n<h2><b>Prova discursiva do concurso Delegado RR<\/b><\/h2>\n<p><span style=\"font-weight: 400;\">A prova discursiva ter\u00e1 o valor de 100 pontos.\u00a0<\/span><\/p>\n<p><span style=\"font-weight: 400;\">Esta prova compreender\u00e1 dois estudos de caso (20 pontos cada) e a elabora\u00e7\u00e3o de uma pe\u00e7a processual (60 pontos) e ter\u00e1 a dura\u00e7\u00e3o m\u00e1xima de 3 horas.<\/span><\/p>\n<p>Para ser aprovado nesta prova, \u00e9 necess\u00e1rio atingir pelo menos 5o pontos.<\/p>\n<h2><b>Prova de capacidade f\u00edsica<\/b><\/h2>\n<table style=\"border-color: #000000;\" border=\"1\" cellspacing=\"1\" cellpadding=\"1\">\n<tbody>\n<tr style=\"height: 21px;\">\n<td style=\"width: 228px; height: 21px; text-align: center;\"><strong>Sexo Feminino<\/strong><\/td>\n<td style=\"width: 233px; height: 21px; text-align: center;\"><strong>\u00a0Sexo Masculino<\/strong><\/td>\n<\/tr>\n<tr style=\"height: 68px;\">\n<td style=\"width: 228px; height: 68px;\">Apoio de Frente no Solo sobre<br \/>\no Banco (Flex\u00e3o e Extens\u00e3o dos Bra\u00e7os em Dec\u00fabito)<\/td>\n<td style=\"width: 233px; height: 68px;\">Flexo-extens\u00e3o<br \/>\nde Cotovelos em Apoio de Frente sobre o Solo<\/td>\n<\/tr>\n<tr style=\"height: 21px;\">\n<td style=\"width: 228px; height: 21px;\">Impuls\u00e3o Horizontal<\/td>\n<td style=\"width: 233px; height: 21px;\">Impuls\u00e3o Horizontal<\/td>\n<\/tr>\n<tr style=\"height: 21px;\">\n<td style=\"width: 228px; height: 21px;\">Corrida de Doze Minutos<\/td>\n<td style=\"width: 233px; height: 21px;\">Corrida de Doze Minutos<\/td>\n<\/tr>\n<tr>\n<td style=\"width: 228px;\">Nata\u00e7\u00e3o<\/td>\n<td style=\"width: 233px;\">Nata\u00e7\u00e3o<\/td>\n<\/tr>\n<\/tbody>\n<\/table>\n<h2><b>Prova oral do concurso Delegado RR<\/b><\/h2>\n<p><span style=\"font-weight: 400;\">A prova oral ter\u00e1 o valor de 20 pontos e consistir\u00e1 na argui\u00e7\u00e3o dos candidatos aprovados em sess\u00e3o p\u00fablica, sobre pontos do programa do edital.<\/span><\/p>\n<p>Cada candidato ser\u00e1 arguido pelo tempo m\u00e1ximo de 20 minutos e receber\u00e1 uma nota de at\u00e9 10 pontos por examinador. A nota final ser\u00e1 a m\u00e9dia das notas obtidas, depois convertida para uma escala de 0 a 20 pontos.<\/p>\n<p>Para ser aprovado, \u00e9 necess\u00e1rio atingir a m\u00e9dia m\u00ednima de 10 pontos.<\/p>\n<p><span style=\"font-size: 14pt;\"><b>Disciplinas cobradas<\/b><\/span><\/p>\n<p>Direito Constitucional, Direito Administrativo, Direito Penal, Direito Processual Penal e Legisla\u00e7\u00e3o Complementar.<\/p>\n<h2><b>Avalia\u00e7\u00e3o de T\u00edtulos\u00a0<\/b><\/h2>\n<p><span style=\"font-weight: 400;\">Os candidatos considerados aptos nas etapas anteriores e que forem aprovados na prova de capacidade f\u00edsica ser\u00e3o convocados a apresentarem a documenta\u00e7\u00e3o comprobat\u00f3ria dos t\u00edtulos.<\/span><\/p>\n<p><span style=\"font-weight: 400;\">Esta etapa ter\u00e1 o valor total de <\/span><b>10 pontos\u00a0<\/b>para atividades como mestrado, doutorado e especializa\u00e7\u00e3o.<\/p>\n<table style=\"border-color: #000000; width: 756px;\" border=\"1\" width=\"756\" cellspacing=\"1\" cellpadding=\"1\">\n<tbody>\n<tr>\n<td style=\"text-align: center;\" width=\"516\"><strong>T\u00edtulo<\/strong><\/td>\n<td style=\"text-align: center;\" width=\"144\"><strong>M\u00edn.<\/strong><\/td>\n<td style=\"text-align: center;\" width=\"96\"><strong>M\u00e1x.<\/strong><\/td>\n<\/tr>\n<tr>\n<td width=\"516\">Doutorado em Direito, Seguran\u00e7a P\u00fablica ou Administra\u00e7\u00e3o\/Gest\u00e3o P\u00fablica.<\/td>\n<td width=\"144\">2<\/td>\n<td width=\"96\">2<\/td>\n<\/tr>\n<tr>\n<td width=\"516\">Mestrado em Direito, Seguran\u00e7a P\u00fablica ou Administra\u00e7\u00e3o\/Gest\u00e3o P\u00fablica.<\/td>\n<td width=\"144\">1,5<\/td>\n<td width=\"96\">1,5<\/td>\n<\/tr>\n<tr>\n<td width=\"516\">Especializa\u00e7\u00e3o em em Direito, Seguran\u00e7a P\u00fablica ou Administra\u00e7\u00e3o\/Gest\u00e3o P\u00fablica (360h) ou 2\u00aa gradua\u00e7\u00e3o em seguran\u00e7a p\u00fablica.<\/td>\n<td width=\"144\">0,75<\/td>\n<td width=\"96\">1,5<\/td>\n<\/tr>\n<tr>\n<td width=\"516\">Exerc\u00edcio, por mais de um ano, de cargo ou fun\u00e7\u00e3o de natureza policial civil ou federal (pol\u00edcia judici\u00e1ria).<\/td>\n<td width=\"144\">1 (por ano completo)<\/td>\n<td width=\"96\">5<\/td>\n<\/tr>\n<\/tbody>\n<\/table>\n<h2><b>Curso de Forma\u00e7\u00e3o<\/b><\/h2>\n<p><span style=\"font-weight: 400;\">O Curso de Forma\u00e7\u00e3o Profissional, oferecido pela Academia de Pol\u00edcia Integrada de Roraima, em Boa Vista. Os candidatos dever\u00e3o atingir o aproveitamento m\u00ednimo de 70% na prova final e ter frequ\u00eancia m\u00ednima de 90% em todas as atividades.<\/span><\/p>\n<p><span style=\"font-weight: 400;\">Durante o curso, os candidatos ter\u00e3o direito a receber uma bolsa aux\u00edlio no valor de 30% do subs\u00eddio de Delegado de Pol\u00edcia de Classe Substituta.<\/span><\/p>\n<p>&nbsp;<\/p>\n<p style=\"text-align: center;\"><strong><em><span style=\"font-size: 14pt;\">Gostou dessa oportunidade e deseja se preparar para este concurso?<\/span><\/em><\/strong><br \/>\n<strong><em><span style=\"font-size: 14pt;\">Esteja mais preparado com nossos cursos. Acompanhe as novidades!<\/span><\/em><\/strong><\/p>\n<p style=\"text-align: center;\"><strong><a href=\"https:\/\/www.estrategiaconcursos.com.br\/cursosPorConcurso\/policia-civil-de-roraima-pc-rr\/\" target=\"_blank\" rel=\"noopener\"><span style=\"font-size: 18pt;\">CURSOS PARA CONCURSO DELEGADO PC RR<\/span><\/a><\/strong><\/p>\n<p>&nbsp;<\/p>\n<p><span style=\"color: #000000;\"><img loading=\"lazy\" decoding=\"async\" class=\"alignleft wp-image-68542 size-full\" src=\"https:\/\/dhg1h5j42swfq.cloudfront.net\/2017\/03\/28152500\/coruja-ficha-tecnica-300x102.png\" alt=\"Ficha t\u00e9cnica concurso pc rr\" width=\"300\" height=\"102\" \/><\/span><\/p>\n<p>&nbsp;<\/p>\n<p>&nbsp;<\/p>\n<p>&nbsp;<\/p>\n<p><span style=\"font-weight: 400;\">\u25baData prevista: 16 e 17\/02 de 2019<br \/>\n<\/span><span style=\"font-weight: 400;\">\u25baVagas:\u00a0 35<br \/>\n<\/span>\u25baCargos: Delegado de Pol\u00edcia<br \/>\n\u25baRemunera\u00e7\u00e3o:\u00a0<span style=\"font-weight: 400;\">R$ 18.387,42<\/span><br \/>\n\u25baLota\u00e7\u00f5es: Roraima<br \/>\n\u25baBanca: Vunesp<br \/>\n\u25baEscolaridade: N\u00edvel Superior em Direito<br \/>\n\u25ba<b>Cursos Estrat\u00e9gia Concursos<\/b>: <a href=\"https:\/\/www.estrategiaconcursos.com.br\/cursosPorConcurso\/policia-civil-de-roraima-pc-rr\/\" target=\"_blank\" rel=\"noopener\">Cursos Concurso Delegado PC RR<\/a><br \/>\n\u25ba<b>Edital<\/b>: <a href=\"https:\/\/www.estrategiaconcursos.com.br\/blog\/wp-content\/uploads\/2018\/08\/edital-delegado-pc-rr.pdf\" target=\"_blank\" rel=\"noopener\">Edital Concurso Delegado PC RR<\/a><\/p>\n<p><i><span style=\"font-weight: 400;\">Ricardo Brito<br \/>\n<\/span><\/i><i>Ascom Estrat\u00e9gia<br \/>\n<\/i>ascomestrategia@gmail.com<\/p>\n<hr \/>\n<p style=\"text-align: center;\"><span style=\"font-size: 18pt;\"><em><strong>Receba not\u00edcias de Concursos no seu WhatsApp e\/ou Telegram!<\/strong><\/em><\/span><\/p>\n<p style=\"text-align: center;\"><em><strong><span style=\"font-size: 14pt;\">Cadastre-se clicando no \u00edcone abaixo<\/span><br \/>\n<a href=\"https:\/\/www.estrategiaconcursos.com.br\/blog\/noticias-de-concursos-whatsapp-estrategia-concursos\/\" target=\"_blank\" rel=\"noopener\"><img loading=\"lazy\" decoding=\"async\" class=\"aligncenter wp-image-112824 \" src=\"https:\/\/www.estrategiaconcursos.com.br\/blog\/wp-content\/uploads\/2018\/03\/whatsapptelegram.png\" alt=\"\" width=\"220\" height=\"124\" \/><\/a><br \/>\n<\/strong><\/em><a href=\"https:\/\/www.estrategiaconcursos.com.br\/blog\/noticias-de-concursos-whatsapp-estrategia-concursos\/\" target=\"_blank\" rel=\"noopener\">Not\u00edcias de concursos no seu WhatsApp e\/ou Telegram<\/a><\/p>\n","protected":false},"excerpt":{"rendered":"<p>Aqui voc\u00ea encontra tudo sobre o concurso Delegado PC RR O prazo de inscri\u00e7\u00f5es\u00a0para o concurso de Delegado da Pol\u00edcia Civil de Roraima, que inicialmente terminavam nesta ter\u00e7a-feira, 16 de outubro, foram prorrogados at\u00e9 o dia 20 de novembro. Todo o processo deve ser feito pela internet, no\u00a0site da\u00a0Vunesp, com taxa de R$ 260,00. O [&hellip;]<\/p>\n","protected":false},"author":552,"featured_media":133664,"comment_status":"open","ping_status":"closed","sticky":false,"template":"","format":"standard","meta":{"post_tipo":"article","footnotes":""},"categories":[1],"tags":[16299],"tax_estado":[],"class_list":["post-136468","post","type-post","status-publish","format-standard","has-post-thumbnail","hentry","category-cursos-e-concursos","tag-pc-rr"],"acf":[],"yoast_head":"<!-- This site is optimized with the Yoast SEO Premium plugin v27.2 (Yoast SEO v27.2) - https:\/\/yoast.com\/product\/yoast-seo-premium-wordpress\/ -->\n<title>Concurso Delegado PC RR: \u00faltimo dia para se inscrever; s\u00e3o 35 vagas<\/title>\n<meta name=\"description\" content=\"Concurso Delegado PC RR: \u00faltimo dia para se inscrever no certame com 35 vagas e remunera\u00e7\u00e3o inicial a partir de R$ 18 mil!\" \/>\n<meta name=\"robots\" content=\"index, follow, max-snippet:-1, max-image-preview:large, max-video-preview:-1\" \/>\n<link rel=\"canonical\" href=\"https:\/\/www.estrategiaconcursos.com.br\/blog\/edital-delegado-pc-rr\/\" \/>\n<meta property=\"og:locale\" content=\"pt_BR\" \/>\n<meta property=\"og:type\" content=\"article\" \/>\n<meta property=\"og:title\" content=\"Concurso Delegado PC RR: certame tem prazo de inscri\u00e7\u00f5es prorrogado; s\u00e3o 35 vagas e inicial de R$ 18 mil\" \/>\n<meta property=\"og:description\" content=\"Concurso Delegado PC RR: \u00faltimo dia para se inscrever no certame com 35 vagas e remunera\u00e7\u00e3o inicial a partir de R$ 18 mil!\" \/>\n<meta property=\"og:url\" content=\"https:\/\/www.estrategiaconcursos.com.br\/blog\/edital-delegado-pc-rr\/\" \/>\n<meta property=\"og:site_name\" content=\"Estrat\u00e9gia Concursos\" \/>\n<meta property=\"article:published_time\" content=\"2017-10-16T03:00:18+00:00\" \/>\n<meta property=\"article:modified_time\" content=\"2018-11-16T10:43:27+00:00\" \/>\n<meta property=\"og:image\" content=\"https:\/\/dhg1h5j42swfq.cloudfront.net\/2018\/07\/30132358\/concurso-pc-rr-e1532967848768.jpg\" \/>\n\t<meta property=\"og:image:width\" content=\"400\" \/>\n\t<meta property=\"og:image:height\" content=\"209\" \/>\n\t<meta property=\"og:image:type\" content=\"image\/jpeg\" \/>\n<meta name=\"author\" content=\"Paulo Bilynskyj\" \/>\n<meta name=\"twitter:card\" content=\"summary_large_image\" \/>\n<meta name=\"twitter:creator\" content=\"@EstratConcursos\" \/>\n<meta name=\"twitter:site\" content=\"@EstratConcursos\" \/>\n<meta name=\"twitter:label1\" content=\"Escrito por\" \/>\n\t<meta name=\"twitter:data1\" content=\"Paulo Bilynskyj\" \/>\n\t<meta name=\"twitter:label2\" content=\"Est. tempo de leitura\" \/>\n\t<meta name=\"twitter:data2\" content=\"6 minutos\" \/>\n<script type=\"application\/ld+json\" class=\"yoast-schema-graph\">{\"@context\":\"https:\/\/schema.org\",\"@graph\":[{\"@type\":\"NewsArticle\",\"@id\":\"https:\/\/www.estrategiaconcursos.com.br\/blog\/edital-delegado-pc-rr\/#article\",\"isPartOf\":{\"@id\":\"https:\/\/www.estrategiaconcursos.com.br\/blog\/edital-delegado-pc-rr\/\"},\"author\":{\"name\":\"Paulo Bilynskyj\",\"@id\":\"https:\/\/www.estrategiaconcursos.com.br\/blog\/#\/schema\/person\/a630b15e36f45b4c21fed01219843cb5\"},\"headline\":\"Concurso Delegado PC RR: certame tem prazo de inscri\u00e7\u00f5es prorrogado; s\u00e3o 35 vagas e inicial de R$ 18 mil\",\"datePublished\":\"2017-10-16T03:00:18+00:00\",\"dateModified\":\"2018-11-16T10:43:27+00:00\",\"mainEntityOfPage\":{\"@id\":\"https:\/\/www.estrategiaconcursos.com.br\/blog\/edital-delegado-pc-rr\/\"},\"wordCount\":1176,\"commentCount\":4,\"publisher\":{\"@id\":\"https:\/\/www.estrategiaconcursos.com.br\/blog\/#organization\"},\"image\":{\"@id\":\"https:\/\/www.estrategiaconcursos.com.br\/blog\/edital-delegado-pc-rr\/#primaryimage\"},\"thumbnailUrl\":\"https:\/\/dhg1h5j42swfq.cloudfront.net\/2018\/07\/30132358\/concurso-pc-rr-e1532967848768.jpg\",\"keywords\":[\"PC RR\"],\"articleSection\":[\"Concursos P\u00fablicos\"],\"inLanguage\":\"pt-BR\",\"potentialAction\":[{\"@type\":\"CommentAction\",\"name\":\"Comment\",\"target\":[\"https:\/\/www.estrategiaconcursos.com.br\/blog\/edital-delegado-pc-rr\/#respond\"]}],\"copyrightYear\":\"2017\",\"copyrightHolder\":{\"@id\":\"https:\/\/www.estrategiaconcursos.com.br\/blog\/#organization\"}},{\"@type\":\"WebPage\",\"@id\":\"https:\/\/www.estrategiaconcursos.com.br\/blog\/edital-delegado-pc-rr\/\",\"url\":\"https:\/\/www.estrategiaconcursos.com.br\/blog\/edital-delegado-pc-rr\/\",\"name\":\"Concurso Delegado PC RR: \u00faltimo dia para se inscrever; s\u00e3o 35 vagas\",\"isPartOf\":{\"@id\":\"https:\/\/www.estrategiaconcursos.com.br\/blog\/#website\"},\"primaryImageOfPage\":{\"@id\":\"https:\/\/www.estrategiaconcursos.com.br\/blog\/edital-delegado-pc-rr\/#primaryimage\"},\"image\":{\"@id\":\"https:\/\/www.estrategiaconcursos.com.br\/blog\/edital-delegado-pc-rr\/#primaryimage\"},\"thumbnailUrl\":\"https:\/\/dhg1h5j42swfq.cloudfront.net\/2018\/07\/30132358\/concurso-pc-rr-e1532967848768.jpg\",\"datePublished\":\"2017-10-16T03:00:18+00:00\",\"dateModified\":\"2018-11-16T10:43:27+00:00\",\"description\":\"Concurso Delegado PC RR: \u00faltimo dia para se inscrever no certame com 35 vagas e remunera\u00e7\u00e3o inicial a partir de R$ 18 mil!\",\"breadcrumb\":{\"@id\":\"https:\/\/www.estrategiaconcursos.com.br\/blog\/edital-delegado-pc-rr\/#breadcrumb\"},\"inLanguage\":\"pt-BR\",\"potentialAction\":[{\"@type\":\"ReadAction\",\"target\":[\"https:\/\/www.estrategiaconcursos.com.br\/blog\/edital-delegado-pc-rr\/\"]}]},{\"@type\":\"ImageObject\",\"inLanguage\":\"pt-BR\",\"@id\":\"https:\/\/www.estrategiaconcursos.com.br\/blog\/edital-delegado-pc-rr\/#primaryimage\",\"url\":\"https:\/\/dhg1h5j42swfq.cloudfront.net\/2018\/07\/30132358\/concurso-pc-rr-e1532967848768.jpg\",\"contentUrl\":\"https:\/\/dhg1h5j42swfq.cloudfront.net\/2018\/07\/30132358\/concurso-pc-rr-e1532967848768.jpg\",\"width\":400,\"height\":209,\"caption\":\"concurso pc rr\"},{\"@type\":\"BreadcrumbList\",\"@id\":\"https:\/\/www.estrategiaconcursos.com.br\/blog\/edital-delegado-pc-rr\/#breadcrumb\",\"itemListElement\":[{\"@type\":\"ListItem\",\"position\":1,\"name\":\"In\u00edcio\",\"item\":\"https:\/\/www.estrategiaconcursos.com.br\/blog\/\"},{\"@type\":\"ListItem\",\"position\":2,\"name\":\"Concurso Delegado PC RR: certame tem prazo de inscri\u00e7\u00f5es prorrogado; s\u00e3o 35 vagas e inicial de R$ 18 mil\"}]},{\"@type\":\"WebSite\",\"@id\":\"https:\/\/www.estrategiaconcursos.com.br\/blog\/#website\",\"url\":\"https:\/\/www.estrategiaconcursos.com.br\/blog\/\",\"name\":\"Estrat\u00e9gia Concursos\",\"description\":\"O blog da Estrat\u00e9gia Concursos traz not\u00edcias sobre concursos e artigos de professores oferecendo cursos para concursos (pdf + videaulas) no site.\",\"publisher\":{\"@id\":\"https:\/\/www.estrategiaconcursos.com.br\/blog\/#organization\"},\"potentialAction\":[{\"@type\":\"SearchAction\",\"target\":{\"@type\":\"EntryPoint\",\"urlTemplate\":\"https:\/\/www.estrategiaconcursos.com.br\/blog\/?s={search_term_string}\"},\"query-input\":{\"@type\":\"PropertyValueSpecification\",\"valueRequired\":true,\"valueName\":\"search_term_string\"}}],\"inLanguage\":\"pt-BR\"},{\"@type\":\"Organization\",\"@id\":\"https:\/\/www.estrategiaconcursos.com.br\/blog\/#organization\",\"name\":\"Estrat\u00e9gia Concursos\",\"url\":\"https:\/\/www.estrategiaconcursos.com.br\/blog\/\",\"logo\":{\"@type\":\"ImageObject\",\"inLanguage\":\"pt-BR\",\"@id\":\"https:\/\/www.estrategiaconcursos.com.br\/blog\/#\/schema\/logo\/image\/\",\"url\":\"https:\/\/dhg1h5j42swfq.cloudfront.net\/2025\/06\/03203428\/logo_concursos-1.jpg\",\"contentUrl\":\"https:\/\/dhg1h5j42swfq.cloudfront.net\/2025\/06\/03203428\/logo_concursos-1.jpg\",\"width\":230,\"height\":60,\"caption\":\"Estrat\u00e9gia Concursos\"},\"image\":{\"@id\":\"https:\/\/www.estrategiaconcursos.com.br\/blog\/#\/schema\/logo\/image\/\"},\"sameAs\":[\"https:\/\/x.com\/EstratConcursos\"]},{\"@type\":\"Person\",\"@id\":\"https:\/\/www.estrategiaconcursos.com.br\/blog\/#\/schema\/person\/a630b15e36f45b4c21fed01219843cb5\",\"name\":\"Paulo Bilynskyj\",\"image\":{\"@type\":\"ImageObject\",\"inLanguage\":\"pt-BR\",\"@id\":\"https:\/\/secure.gravatar.com\/avatar\/37e21f70c9042e7456beffdc6d31fe051f3f6dcbf252f69343a791b144852057?s=96&d=mm&r=g\",\"url\":\"https:\/\/secure.gravatar.com\/avatar\/37e21f70c9042e7456beffdc6d31fe051f3f6dcbf252f69343a791b144852057?s=96&d=mm&r=g\",\"contentUrl\":\"https:\/\/secure.gravatar.com\/avatar\/37e21f70c9042e7456beffdc6d31fe051f3f6dcbf252f69343a791b144852057?s=96&d=mm&r=g\",\"caption\":\"Paulo Bilynskyj\"},\"url\":\"https:\/\/www.estrategiaconcursos.com.br\/blog\/author\/pbilynskyjgmail-com\/\"}]}<\/script>\n<!-- \/ Yoast SEO Premium plugin. -->","yoast_head_json":{"title":"Concurso Delegado PC RR: \u00faltimo dia para se inscrever; s\u00e3o 35 vagas","description":"Concurso Delegado PC RR: \u00faltimo dia para se inscrever no certame com 35 vagas e remunera\u00e7\u00e3o inicial a partir de R$ 18 mil!","robots":{"index":"index","follow":"follow","max-snippet":"max-snippet:-1","max-image-preview":"max-image-preview:large","max-video-preview":"max-video-preview:-1"},"canonical":"https:\/\/www.estrategiaconcursos.com.br\/blog\/edital-delegado-pc-rr\/","og_locale":"pt_BR","og_type":"article","og_title":"Concurso Delegado PC RR: certame tem prazo de inscri\u00e7\u00f5es prorrogado; s\u00e3o 35 vagas e inicial de R$ 18 mil","og_description":"Concurso Delegado PC RR: \u00faltimo dia para se inscrever no certame com 35 vagas e remunera\u00e7\u00e3o inicial a partir de R$ 18 mil!","og_url":"https:\/\/www.estrategiaconcursos.com.br\/blog\/edital-delegado-pc-rr\/","og_site_name":"Estrat\u00e9gia Concursos","article_published_time":"2017-10-16T03:00:18+00:00","article_modified_time":"2018-11-16T10:43:27+00:00","og_image":[{"width":400,"height":209,"url":"https:\/\/dhg1h5j42swfq.cloudfront.net\/2018\/07\/30132358\/concurso-pc-rr-e1532967848768.jpg","type":"image\/jpeg"}],"author":"Paulo Bilynskyj","twitter_card":"summary_large_image","twitter_creator":"@EstratConcursos","twitter_site":"@EstratConcursos","twitter_misc":{"Escrito por":"Paulo Bilynskyj","Est. tempo de leitura":"6 minutos"},"schema":{"@context":"https:\/\/schema.org","@graph":[{"@type":"NewsArticle","@id":"https:\/\/www.estrategiaconcursos.com.br\/blog\/edital-delegado-pc-rr\/#article","isPartOf":{"@id":"https:\/\/www.estrategiaconcursos.com.br\/blog\/edital-delegado-pc-rr\/"},"author":{"name":"Paulo Bilynskyj","@id":"https:\/\/www.estrategiaconcursos.com.br\/blog\/#\/schema\/person\/a630b15e36f45b4c21fed01219843cb5"},"headline":"Concurso Delegado PC RR: certame tem prazo de inscri\u00e7\u00f5es prorrogado; s\u00e3o 35 vagas e inicial de R$ 18 mil","datePublished":"2017-10-16T03:00:18+00:00","dateModified":"2018-11-16T10:43:27+00:00","mainEntityOfPage":{"@id":"https:\/\/www.estrategiaconcursos.com.br\/blog\/edital-delegado-pc-rr\/"},"wordCount":1176,"commentCount":4,"publisher":{"@id":"https:\/\/www.estrategiaconcursos.com.br\/blog\/#organization"},"image":{"@id":"https:\/\/www.estrategiaconcursos.com.br\/blog\/edital-delegado-pc-rr\/#primaryimage"},"thumbnailUrl":"https:\/\/dhg1h5j42swfq.cloudfront.net\/2018\/07\/30132358\/concurso-pc-rr-e1532967848768.jpg","keywords":["PC RR"],"articleSection":["Concursos P\u00fablicos"],"inLanguage":"pt-BR","potentialAction":[{"@type":"CommentAction","name":"Comment","target":["https:\/\/www.estrategiaconcursos.com.br\/blog\/edital-delegado-pc-rr\/#respond"]}],"copyrightYear":"2017","copyrightHolder":{"@id":"https:\/\/www.estrategiaconcursos.com.br\/blog\/#organization"}},{"@type":"WebPage","@id":"https:\/\/www.estrategiaconcursos.com.br\/blog\/edital-delegado-pc-rr\/","url":"https:\/\/www.estrategiaconcursos.com.br\/blog\/edital-delegado-pc-rr\/","name":"Concurso Delegado PC RR: \u00faltimo dia para se inscrever; s\u00e3o 35 vagas","isPartOf":{"@id":"https:\/\/www.estrategiaconcursos.com.br\/blog\/#website"},"primaryImageOfPage":{"@id":"https:\/\/www.estrategiaconcursos.com.br\/blog\/edital-delegado-pc-rr\/#primaryimage"},"image":{"@id":"https:\/\/www.estrategiaconcursos.com.br\/blog\/edital-delegado-pc-rr\/#primaryimage"},"thumbnailUrl":"https:\/\/dhg1h5j42swfq.cloudfront.net\/2018\/07\/30132358\/concurso-pc-rr-e1532967848768.jpg","datePublished":"2017-10-16T03:00:18+00:00","dateModified":"2018-11-16T10:43:27+00:00","description":"Concurso Delegado PC RR: \u00faltimo dia para se inscrever no certame com 35 vagas e remunera\u00e7\u00e3o inicial a partir de R$ 18 mil!","breadcrumb":{"@id":"https:\/\/www.estrategiaconcursos.com.br\/blog\/edital-delegado-pc-rr\/#breadcrumb"},"inLanguage":"pt-BR","potentialAction":[{"@type":"ReadAction","target":["https:\/\/www.estrategiaconcursos.com.br\/blog\/edital-delegado-pc-rr\/"]}]},{"@type":"ImageObject","inLanguage":"pt-BR","@id":"https:\/\/www.estrategiaconcursos.com.br\/blog\/edital-delegado-pc-rr\/#primaryimage","url":"https:\/\/dhg1h5j42swfq.cloudfront.net\/2018\/07\/30132358\/concurso-pc-rr-e1532967848768.jpg","contentUrl":"https:\/\/dhg1h5j42swfq.cloudfront.net\/2018\/07\/30132358\/concurso-pc-rr-e1532967848768.jpg","width":400,"height":209,"caption":"concurso pc rr"},{"@type":"BreadcrumbList","@id":"https:\/\/www.estrategiaconcursos.com.br\/blog\/edital-delegado-pc-rr\/#breadcrumb","itemListElement":[{"@type":"ListItem","position":1,"name":"In\u00edcio","item":"https:\/\/www.estrategiaconcursos.com.br\/blog\/"},{"@type":"ListItem","position":2,"name":"Concurso Delegado PC RR: certame tem prazo de inscri\u00e7\u00f5es prorrogado; s\u00e3o 35 vagas e inicial de R$ 18 mil"}]},{"@type":"WebSite","@id":"https:\/\/www.estrategiaconcursos.com.br\/blog\/#website","url":"https:\/\/www.estrategiaconcursos.com.br\/blog\/","name":"Estrat\u00e9gia Concursos","description":"O blog da Estrat\u00e9gia Concursos traz not\u00edcias sobre concursos e artigos de professores oferecendo cursos para concursos (pdf + videaulas) no site.","publisher":{"@id":"https:\/\/www.estrategiaconcursos.com.br\/blog\/#organization"},"potentialAction":[{"@type":"SearchAction","target":{"@type":"EntryPoint","urlTemplate":"https:\/\/www.estrategiaconcursos.com.br\/blog\/?s={search_term_string}"},"query-input":{"@type":"PropertyValueSpecification","valueRequired":true,"valueName":"search_term_string"}}],"inLanguage":"pt-BR"},{"@type":"Organization","@id":"https:\/\/www.estrategiaconcursos.com.br\/blog\/#organization","name":"Estrat\u00e9gia Concursos","url":"https:\/\/www.estrategiaconcursos.com.br\/blog\/","logo":{"@type":"ImageObject","inLanguage":"pt-BR","@id":"https:\/\/www.estrategiaconcursos.com.br\/blog\/#\/schema\/logo\/image\/","url":"https:\/\/dhg1h5j42swfq.cloudfront.net\/2025\/06\/03203428\/logo_concursos-1.jpg","contentUrl":"https:\/\/dhg1h5j42swfq.cloudfront.net\/2025\/06\/03203428\/logo_concursos-1.jpg","width":230,"height":60,"caption":"Estrat\u00e9gia Concursos"},"image":{"@id":"https:\/\/www.estrategiaconcursos.com.br\/blog\/#\/schema\/logo\/image\/"},"sameAs":["https:\/\/x.com\/EstratConcursos"]},{"@type":"Person","@id":"https:\/\/www.estrategiaconcursos.com.br\/blog\/#\/schema\/person\/a630b15e36f45b4c21fed01219843cb5","name":"Paulo Bilynskyj","image":{"@type":"ImageObject","inLanguage":"pt-BR","@id":"https:\/\/secure.gravatar.com\/avatar\/37e21f70c9042e7456beffdc6d31fe051f3f6dcbf252f69343a791b144852057?s=96&d=mm&r=g","url":"https:\/\/secure.gravatar.com\/avatar\/37e21f70c9042e7456beffdc6d31fe051f3f6dcbf252f69343a791b144852057?s=96&d=mm&r=g","contentUrl":"https:\/\/secure.gravatar.com\/avatar\/37e21f70c9042e7456beffdc6d31fe051f3f6dcbf252f69343a791b144852057?s=96&d=mm&r=g","caption":"Paulo Bilynskyj"},"url":"https:\/\/www.estrategiaconcursos.com.br\/blog\/author\/pbilynskyjgmail-com\/"}]}},"_links":{"self":[{"href":"https:\/\/www.estrategiaconcursos.com.br\/blog\/wp-json\/wp\/v2\/posts\/136468","targetHints":{"allow":["GET"]}}],"collection":[{"href":"https:\/\/www.estrategiaconcursos.com.br\/blog\/wp-json\/wp\/v2\/posts"}],"about":[{"href":"https:\/\/www.estrategiaconcursos.com.br\/blog\/wp-json\/wp\/v2\/types\/post"}],"author":[{"embeddable":true,"href":"https:\/\/www.estrategiaconcursos.com.br\/blog\/wp-json\/wp\/v2\/users\/552"}],"replies":[{"embeddable":true,"href":"https:\/\/www.estrategiaconcursos.com.br\/blog\/wp-json\/wp\/v2\/comments?post=136468"}],"version-history":[{"count":31,"href":"https:\/\/www.estrategiaconcursos.com.br\/blog\/wp-json\/wp\/v2\/posts\/136468\/revisions"}],"predecessor-version":[{"id":148581,"href":"https:\/\/www.estrategiaconcursos.com.br\/blog\/wp-json\/wp\/v2\/posts\/136468\/revisions\/148581"}],"wp:featuredmedia":[{"embeddable":true,"href":"https:\/\/www.estrategiaconcursos.com.br\/blog\/wp-json\/wp\/v2\/media\/133664"}],"wp:attachment":[{"href":"https:\/\/www.estrategiaconcursos.com.br\/blog\/wp-json\/wp\/v2\/media?parent=136468"}],"wp:term":[{"taxonomy":"category","embeddable":true,"href":"https:\/\/www.estrategiaconcursos.com.br\/blog\/wp-json\/wp\/v2\/categories?post=136468"},{"taxonomy":"post_tag","embeddable":true,"href":"https:\/\/www.estrategiaconcursos.com.br\/blog\/wp-json\/wp\/v2\/tags?post=136468"},{"taxonomy":"tax_estado","embeddable":true,"href":"https:\/\/www.estrategiaconcursos.com.br\/blog\/wp-json\/wp\/v2\/tax_estado?post=136468"}],"curies":[{"name":"wp","href":"https:\/\/api.w.org\/{rel}","templated":true}]}}