{"id":1363190,"date":"2024-03-08T18:00:00","date_gmt":"2024-03-08T21:00:00","guid":{"rendered":"https:\/\/www.estrategiaconcursos.com.br\/blog\/?p=1363190"},"modified":"2024-03-11T16:34:52","modified_gmt":"2024-03-11T19:34:52","slug":"concurso-editais-da-semana-04-a-08-03","status":"publish","type":"post","link":"https:\/\/www.estrategiaconcursos.com.br\/blog\/concurso-editais-da-semana-04-a-08-03\/","title":{"rendered":"Concursos P\u00fablicos: 20 editais esta semana; 1,9 mil vagas!"},"content":{"rendered":"\n<p>E mais uma semana no mundo dos concursos chegou ao fim! Dessa vez, com cerca de <strong>20 editais publicados<\/strong> e m\u00e9dia de <strong>1,9 mil<\/strong> vagas contempladas.<\/p>\n\n\n\n<p>Entre imediatas e cadastro reserva, as oportunidades se distribuem, tamb\u00e9m, em \u00e2mbitos municipais e estaduais. <\/p>\n\n\n\n<p>Apesar de amena, os editais de Prefeitura se prevaleceram durante os dias e at\u00e9 o fim da semana. Foram cerca de <strong>15 editais<\/strong> municipais.<\/p>\n\n\n\n<p>Dentre estes, como sempre, grandes concursos s\u00e3o protagonistas de uma \u00f3tima semana, no caso, a primeira de mar\u00e7o.<\/p>\n\n\n\n<p>Inclusive, as que podem ser consideradas atrativos para muitos candidatos foram para o munic\u00edpio de Rol\u00e2ndia e de Altaneira, com cerca de <strong>431<\/strong> <strong>vagas<\/strong>, al\u00e9m de iniciais de at\u00e9 R$ 12.905,99!<\/p>\n\n\n\n<p>Quer ficar informado sobre todos os novos editais de concursos publicados nos \u00faltimos dias?&nbsp;<em><strong>Confira mais informa\u00e7\u00f5es ao longo deste artigo!<\/strong><\/em><\/p>\n\n\n\n<div class=\"container\" id=\"boxes\">\r\n  <div class=\"row\">\r\n\r\n    <div class=\"col-sm\">\r\n      <div class=\"estrategia\" id=\"box-assinatura\">\r\n        <h3 class=\"titulo-assinatura\">Assinatura Concursos<\/h3>\r\n        <p class=\"subtitulo-assinatura\">Assinatura de 1 ano ou 2 anos<\/p>\r\n        <div class=\"box-botao\">\r\n          <a class=\"btn-assinatura\" target=\"_blank\" href=\"https:\/\/www.estrategiaconcursos.com.br\/assinaturas\/\" role=\"button\" rel=\"noopener noreferrer\">ASSINE AGORA<\/a>\r\n        <\/div>\r\n      <\/div><\/div><\/div><\/div>\n\n\n\n<p>Quer ficar informado sobre TODOS os <a href=\"https:\/\/www.estrategiaconcursos.com.br\/blog\/concursos-abertos\/\" target=\"_blank\" rel=\"noreferrer noopener\">novos editais de concursos<\/a> publicados na \u00faltima semana? <em><strong>Confira mais informa\u00e7\u00f5es ao longo deste artigo!<\/strong><\/em>  <\/p>\n\n\n\n<h2 class=\"wp-block-heading has-text-align-center has-cyan-bluish-gray-background-color has-background\" id=\"h-confira-os-editais-de-concursos-publicados-nesta-semana\">Confira os editais de concursos publicados nesta semana<\/h2>\n\n\n\n<h3 class=\"wp-block-heading\" id=\"h-concurso-prefeitura-de-londrina-pr\"><a href=\"https:\/\/www.estrategiaconcursos.com.br\/blog\/concurso-prefeitura-londrina\/\" target=\"_blank\" rel=\"noreferrer noopener\">Concurso Prefeitura de Londrina<\/a> (PR)<\/h3>\n\n\n\n<ul class=\"wp-block-list\">\n<li><strong>Banca:<\/strong> Fundatec e Fafipa<\/li>\n\n\n\n<li><strong>Per\u00edodo de inscri\u00e7\u00f5es<\/strong>: 08\/03 a 04\/04 | 11\/04<\/li>\n\n\n\n<li><strong>Data da prova:<\/strong> 28\/04<\/li>\n\n\n\n<li><strong>Vagas:<\/strong>&nbsp;281<\/li>\n\n\n\n<li><strong>Cargos:<\/strong> diversos<\/li>\n\n\n\n<li><strong>Remunera\u00e7\u00e3o<\/strong>:&nbsp;R$ 2.297,04 a R$ 10.332,16<\/li>\n\n\n\n<li><strong>Edital:<\/strong> <a href=\"https:\/\/dhg1h5j42swfq.cloudfront.net\/2024\/03\/04221630\/edital-1.pdf\" target=\"_blank\" rel=\"noreferrer noopener nofollow\">Fundatec 1<\/a>&nbsp;|&nbsp;<a href=\"https:\/\/dhg1h5j42swfq.cloudfront.net\/2024\/03\/04221638\/edital-2.pdf\" target=\"_blank\" rel=\"noreferrer noopener nofollow\">Fundatec 2<\/a>&nbsp;|&nbsp;<a href=\"https:\/\/dhg1h5j42swfq.cloudfront.net\/2024\/03\/04221612\/edital-fafipa-londrina.pdf\" target=\"_blank\" rel=\"noreferrer noopener nofollow\">Fafipa<\/a><\/li>\n\n\n\n<li><a href=\"https:\/\/www.estrategiaconcursos.com.br\/cursosPorConcurso\/prefeitura-municipal-de-londrina-pr\" target=\"_blank\" rel=\"noreferrer noopener\">Curso Londrina<\/a><\/li>\n<\/ul>\n\n\n\n<h3 class=\"wp-block-heading\" id=\"h-concurso-crefito-15\"><a href=\"https:\/\/www.estrategiaconcursos.com.br\/blog\/concurso-crefito-15\/\" target=\"_blank\" rel=\"noreferrer noopener\">Concurso CREFITO 15<\/a><\/h3>\n\n\n\n<ul class=\"wp-block-list\">\n<li><strong>Banca:<\/strong> Ibest<\/li>\n\n\n\n<li><strong>Per\u00edodo de inscri\u00e7\u00f5es<\/strong>: 11\/03 a 14\/04<\/li>\n\n\n\n<li><strong>Data da prova:<\/strong> 02\/06<\/li>\n\n\n\n<li><strong>Vagas:<\/strong>&nbsp;03 + CR<\/li>\n\n\n\n<li><strong>Cargos:<\/strong> diversos<\/li>\n\n\n\n<li><strong>Remunera\u00e7\u00e3o<\/strong>:&nbsp;R$ 2.200,00 a R$ 4.200,00<\/li>\n\n\n\n<li><strong>Edital:<\/strong> <strong><a href=\"https:\/\/dhg1h5j42swfq.cloudfront.net\/2024\/03\/05070300\/edital-de-abertura-crefito-15.pdf\" target=\"_blank\" rel=\"noreferrer noopener nofollow\">CREFITO 15 \u2013 2024<\/a><\/strong><\/li>\n<\/ul>\n\n\n\n<h3 class=\"wp-block-heading\" id=\"h-concurso-prefeitura-de-indaial-sc\"><a href=\"https:\/\/www.estrategiaconcursos.com.br\/blog\/concurso-prefeitura-indaial\/\" target=\"_blank\" rel=\"noreferrer noopener\">Concurso Prefeitura de Indaial<\/a> (SC)<\/h3>\n\n\n\n<ul class=\"wp-block-list\">\n<li><strong>Banca:<\/strong> IBAM<\/li>\n\n\n\n<li><strong>Per\u00edodo de inscri\u00e7\u00f5es<\/strong>: at\u00e9 03\/04<\/li>\n\n\n\n<li><strong>Data da prova:<\/strong> 21\/04<\/li>\n\n\n\n<li><strong>Vagas:<\/strong>&nbsp;07<\/li>\n\n\n\n<li><strong>Cargos:<\/strong> diversos<\/li>\n\n\n\n<li><strong>Remunera\u00e7\u00e3o<\/strong>:&nbsp;R$ 2.073,11 a R$ 9.482,53<\/li>\n\n\n\n<li><strong>Edital:<\/strong> <a href=\"https:\/\/dhg1h5j42swfq.cloudfront.net\/2024\/03\/05154741\/edit-1cpind24-1.pdf\" target=\"_blank\" rel=\"noreferrer noopener nofollow\">Indaial SC 2024<\/a><\/li>\n<\/ul>\n\n\n\n<h3 class=\"wp-block-heading\" id=\"h-concurso-prefeitura-de-suzano-sp\"><a href=\"https:\/\/www.estrategiaconcursos.com.br\/blog\/concurso-prefeitura-suzano\/\" target=\"_blank\" rel=\"noreferrer noopener\">Concurso Prefeitura de Suzano<\/a> (SP)<\/h3>\n\n\n\n<ul class=\"wp-block-list\">\n<li><strong>Banca:<\/strong> Instituto Nosso Rumo<\/li>\n\n\n\n<li><strong>Per\u00edodo de inscri\u00e7\u00f5es<\/strong>: at\u00e9 09\/04<\/li>\n\n\n\n<li><strong>Data da prova:<\/strong> 28\/04<\/li>\n\n\n\n<li><strong>Vagas:<\/strong>&nbsp;18 + CR<\/li>\n\n\n\n<li><strong>Cargos:<\/strong><\/li>\n\n\n\n<li><strong>Remunera\u00e7\u00e3o<\/strong>:&nbsp;R$ 1.898,51 a R$ 9.164,82<\/li>\n\n\n\n<li><strong>Edital:<\/strong> <a href=\"https:\/\/dhg1h5j42swfq.cloudfront.net\/2024\/03\/05093326\/475-2059-638448957631769016.pdf\" target=\"_blank\" rel=\"noreferrer noopener nofollow\">Prefeitura de Suzano 2024<\/a><\/li>\n\n\n\n<li><a href=\"https:\/\/www.estrategiaconcursos.com.br\/cursosPorConcurso\/prefeitura-municipal-de-suzano\/\" target=\"_blank\" rel=\"noreferrer noopener\">Cursos Suzano<\/a><\/li>\n<\/ul>\n\n\n\n<h3 class=\"wp-block-heading\" id=\"h-concurso-camara-de-valinhos-sp\"><a href=\"https:\/\/www.estrategiaconcursos.com.br\/blog\/concurso-camara-de-valinhos\/\" target=\"_blank\" rel=\"noreferrer noopener\">Concurso C\u00e2mara de Valinhos<\/a> (SP)<\/h3>\n\n\n\n<ul class=\"wp-block-list\">\n<li><strong>Banca:<\/strong> Idecan<\/li>\n\n\n\n<li><strong>Per\u00edodo de inscri\u00e7\u00f5es<\/strong>: at\u00e9 01\/04<\/li>\n\n\n\n<li><strong>Data da prova:<\/strong> 28\/04<\/li>\n\n\n\n<li><strong>Vagas:<\/strong>&nbsp;04 + 520 CR<\/li>\n\n\n\n<li><strong>Cargos:<\/strong> diversos<\/li>\n\n\n\n<li><strong>Remunera\u00e7\u00e3o<\/strong>:&nbsp;R$ 3.426,90 a R$ 13.300,03<\/li>\n\n\n\n<li><strong>Edital:<\/strong> <a href=\"https:\/\/dhg1h5j42swfq.cloudfront.net\/2024\/03\/05230516\/8fjvx2e9ce1q0jl84lf3qbp0x8k0js32s0wkj2vbli1i6fqetv8ljv6by5t74m1w2sup3k5d29i7wtmm5051.pdf\" target=\"_blank\" rel=\"noreferrer noopener nofollow\">C\u00e2mara de Valinhos-2024<\/a><\/li>\n<\/ul>\n\n\n\n<h3 class=\"wp-block-heading\" id=\"h-concurso-prefeitura-de-santa-rita-do-sapucai-mg\"><a href=\"https:\/\/www.estrategiaconcursos.com.br\/blog\/concurso-prefeitura-santa-rita-do-sapucai\/\" target=\"_blank\" rel=\"noreferrer noopener\">Concurso Prefeitura de Santa Rita do Sapuca\u00ed<\/a> (MG)<\/h3>\n\n\n\n<ul class=\"wp-block-list\">\n<li><strong>Banca:<\/strong> Exame Consultores<\/li>\n\n\n\n<li><strong>Per\u00edodo de inscri\u00e7\u00f5es<\/strong>: 08\/05 a 06\/06<\/li>\n\n\n\n<li><strong>Data da prova:<\/strong> 14\/07<\/li>\n\n\n\n<li><strong>Vagas:<\/strong>&nbsp;153<\/li>\n\n\n\n<li><strong>Cargos:<\/strong> diversos<\/li>\n\n\n\n<li><strong>Remunera\u00e7\u00e3o<\/strong>:&nbsp;R$ 881,18 a R$ 2.953,80<\/li>\n\n\n\n<li><strong>Edital:<\/strong> <a href=\"https:\/\/dhg1h5j42swfq.cloudfront.net\/2024\/03\/05203827\/lw6a3vpaxo5ynijxf2x7wsjtkjoczr5hmnawlrgr.pdf\" target=\"_blank\" rel=\"noreferrer noopener nofollow\">Santa Rita do Sapuca\u00ed 2024<\/a><\/li>\n<\/ul>\n\n\n\n<h3 class=\"wp-block-heading\" id=\"h-concurso-prefeitura-de-barueri-sp\"><a href=\"https:\/\/www.estrategiaconcursos.com.br\/blog\/concurso-prefeitura-de-barueri-sp\/\" target=\"_blank\" rel=\"noreferrer noopener\">Concurso Prefeitura de Barueri<\/a> (SP)<\/h3>\n\n\n\n<ul class=\"wp-block-list\">\n<li><strong>Banca:<\/strong> IGECS<\/li>\n\n\n\n<li><strong>Per\u00edodo de inscri\u00e7\u00f5es<\/strong>: at\u00e9 15\/04<\/li>\n\n\n\n<li><strong>Data da prova:<\/strong> 19\/05<\/li>\n\n\n\n<li><strong>Vagas:<\/strong>&nbsp;14 + CR<\/li>\n\n\n\n<li><strong>Cargos:<\/strong> diversos<\/li>\n\n\n\n<li><strong>Remunera\u00e7\u00e3o<\/strong>:&nbsp;R$ 2.300,00 a R$ 11.129,02<\/li>\n\n\n\n<li><strong>Edital:<\/strong> <a href=\"https:\/\/dhg1h5j42swfq.cloudfront.net\/2024\/03\/06094455\/01-edital-completo_1709658460.pdf\" target=\"_blank\" rel=\"noreferrer noopener\">Barueri 20<\/a><a href=\"https:\/\/dhg1h5j42swfq.cloudfront.net\/2024\/03\/06094455\/01-edital-completo_1709658460.pdf\" target=\"_blank\" rel=\"noreferrer noopener nofollow\">24<\/a><\/li>\n<\/ul>\n\n\n\n<h3 class=\"wp-block-heading\" id=\"h-concurso-sao-joao-do-manhuacu-mg\"><a href=\"https:\/\/www.estrategiaconcursos.com.br\/blog\/concurso-sao-joao-do-manhuacu\/\" target=\"_blank\" rel=\"noreferrer noopener\">Concurso S\u00e3o Jo\u00e3o do Manhua\u00e7u<\/a> (MG)<\/h3>\n\n\n\n<ul class=\"wp-block-list\">\n<li><strong>Banca:<\/strong> IMESO<\/li>\n\n\n\n<li><strong>Per\u00edodo de inscri\u00e7\u00f5es<\/strong>: 13\/05 a 13\/06<\/li>\n\n\n\n<li><strong>Data da prova:<\/strong> 13 e\/ou 14\/07<\/li>\n\n\n\n<li><strong>Vagas:<\/strong>&nbsp;171<\/li>\n\n\n\n<li><strong>Cargos:<\/strong> diversos<\/li>\n\n\n\n<li><strong>Remunera\u00e7\u00e3o<\/strong>:&nbsp;R$ 1.412,00 a R$ 15.000,00<\/li>\n\n\n\n<li><strong>Edital:<\/strong> <a href=\"https:\/\/dhg1h5j42swfq.cloudfront.net\/2024\/03\/06142458\/06d62b7789c7e1db4bafb4b8a3513213.pdf\" target=\"_blank\" rel=\"noreferrer noopener\">S\u00e3o<\/a><a href=\"https:\/\/dhg1h5j42swfq.cloudfront.net\/2024\/03\/06142458\/06d62b7789c7e1db4bafb4b8a3513213.pdf\" target=\"_blank\" rel=\"noreferrer noopener nofollow\"> <\/a><a href=\"https:\/\/dhg1h5j42swfq.cloudfront.net\/2024\/03\/06142458\/06d62b7789c7e1db4bafb4b8a3513213.pdf\" target=\"_blank\" rel=\"noreferrer noopener\">Jo\u00e3o do Manhua\u00e7u 2024<\/a><\/li>\n<\/ul>\n\n\n\n<h3 class=\"wp-block-heading\" id=\"h-concurso-gcm-barra-mansa-rj\"><a href=\"https:\/\/www.estrategiaconcursos.com.br\/blog\/concurso-gcm-barra-mansa-rj\/\" target=\"_blank\" rel=\"noreferrer noopener\">Concurso GCM Barra Mansa<\/a> (RJ)<\/h3>\n\n\n\n<ul class=\"wp-block-list\">\n<li><strong>Banca:<\/strong> Instituto Nosso Rumo<\/li>\n\n\n\n<li><strong>Per\u00edodo de inscri\u00e7\u00f5es<\/strong>: 13\/03 a 12\/04<\/li>\n\n\n\n<li><strong>Data da prova:<\/strong> 19\/05<\/li>\n\n\n\n<li><strong>Vagas:<\/strong>&nbsp;50<\/li>\n\n\n\n<li><strong>Cargos:<\/strong> diversos<\/li>\n\n\n\n<li><strong>Remunera\u00e7\u00e3o<\/strong>:&nbsp;R$ 1.320,00 + gratifica\u00e7\u00f5es<\/li>\n\n\n\n<li><strong>Edital:<\/strong> <a href=\"https:\/\/dhg1h5j42swfq.cloudfront.net\/2024\/03\/06162326\/476-2070-638453200094862670.pdf\" target=\"_blank\" rel=\"noreferrer noopener nofollow\">Guarda de Barra Mansa-2024<\/a><\/li>\n<\/ul>\n\n\n\n<h3 class=\"wp-block-heading\" id=\"h-concurso-prefeitura-de-altaneira-ce\"><a href=\"https:\/\/www.estrategiaconcursos.com.br\/blog\/concurso-prefeitura-altaneira\/\" target=\"_blank\" rel=\"noreferrer noopener\">Concurso Prefeitura de Altaneira<\/a> (CE)<\/h3>\n\n\n\n<ul class=\"wp-block-list\">\n<li><strong>Banca:<\/strong> Universidade Patativa<\/li>\n\n\n\n<li><strong>Per\u00edodo de inscri\u00e7\u00f5es<\/strong>: 09 a 31\/03<\/li>\n\n\n\n<li><strong>Data da prova:<\/strong> 28\/04<\/li>\n\n\n\n<li><strong>Vagas:<\/strong> 195<\/li>\n\n\n\n<li><strong>Cargos:<\/strong> diversos<\/li>\n\n\n\n<li><strong>Remunera\u00e7\u00e3o<\/strong>:&nbsp;R$ 1.320,00 a R$ 4.688,35<\/li>\n\n\n\n<li><strong>Edital:<\/strong> <a href=\"https:\/\/dhg1h5j42swfq.cloudfront.net\/2024\/03\/07092022\/edital-3.pdf\" target=\"_blank\" rel=\"noreferrer noopener nofollow\">Altaneira 2024<\/a><\/li>\n<\/ul>\n\n\n\n<h3 class=\"wp-block-heading\" id=\"h-concurso-prefeitura-de-ubatuba-sp\"><a href=\"https:\/\/www.estrategiaconcursos.com.br\/blog\/concurso-prefeitura-ubatuba\/\" target=\"_blank\" rel=\"noreferrer noopener\">Concurso Prefeitura de Ubatuba<\/a> (SP)<\/h3>\n\n\n\n<ul class=\"wp-block-list\">\n<li><strong>Banca:<\/strong> Avan\u00e7a SP<\/li>\n\n\n\n<li><strong>Per\u00edodo de inscri\u00e7\u00f5es<\/strong>: at\u00e9 08\/04<\/li>\n\n\n\n<li><strong>Vagas:<\/strong> 20 + CR<\/li>\n\n\n\n<li><strong>Cargos:<\/strong> diversos<\/li>\n\n\n\n<li><strong>Remunera\u00e7\u00e3o<\/strong>:&nbsp;R$ 2.196,53 a R$ 3.483,72<\/li>\n\n\n\n<li><strong>Edital:<\/strong> <a href=\"https:\/\/dhg1h5j42swfq.cloudfront.net\/2024\/03\/07112841\/hyi6bvcpm8inmtcw45xs2bqloljw5h9bumqmq5co.pdf\" target=\"_blank\" rel=\"noreferrer noopener\">Ubat<\/a><a href=\"https:\/\/dhg1h5j42swfq.cloudfront.net\/2024\/03\/07112841\/hyi6bvcpm8inmtcw45xs2bqloljw5h9bumqmq5co.pdf\" target=\"_blank\" rel=\"noreferrer noopener nofollow\">u<\/a><a href=\"https:\/\/dhg1h5j42swfq.cloudfront.net\/2024\/03\/07112841\/hyi6bvcpm8inmtcw45xs2bqloljw5h9bumqmq5co.pdf\" target=\"_blank\" rel=\"noreferrer noopener\">ba 2024<\/a><\/li>\n<\/ul>\n\n\n\n<h3 class=\"wp-block-heading\" id=\"h-concurso-funprev-bauru-sp\"><a href=\"https:\/\/www.estrategiaconcursos.com.br\/blog\/concurso-funprev-bauru\/\" target=\"_blank\" rel=\"noreferrer noopener\">Concurso Funprev Bauru<\/a> (SP)<\/h3>\n\n\n\n<ul class=\"wp-block-list\">\n<li><strong>Banca:<\/strong> Creative Group<\/li>\n\n\n\n<li><strong>Per\u00edodo de inscri\u00e7\u00f5es<\/strong>: at\u00e9 21\/03<\/li>\n\n\n\n<li><strong>Data da prova:<\/strong> 28\/04<\/li>\n\n\n\n<li><strong>Vaga:<\/strong> 01<\/li>\n\n\n\n<li><strong>Cargo:<\/strong> Especialista em Gest\u00e3o Administrativa e Servi\u00e7os Assistente Social. <\/li>\n\n\n\n<li><strong>Remunera\u00e7\u00e3o<\/strong>:&nbsp;R$ 3.319,15<\/li>\n\n\n\n<li><strong>Edital:<\/strong> <a href=\"https:\/\/dhg1h5j42swfq.cloudfront.net\/2024\/03\/07104705\/pelf4mixpdkacoeo44yvyoizbey8rblvxzo47hby.pdf\" target=\"_blank\" rel=\"noreferrer noopener nofollow\">Funprev Bauru 2024<\/a><\/li>\n<\/ul>\n\n\n\n<h3 class=\"wp-block-heading\" id=\"h-concurso-prefeitura-de-carapicuiba-sp\"><a href=\"https:\/\/www.estrategiaconcursos.com.br\/blog\/concurso-prefeitura-carapicuiba\/\" target=\"_blank\" rel=\"noreferrer noopener\">Concurso Prefeitura de Carapicu\u00edba<\/a> (SP)<\/h3>\n\n\n\n<ul class=\"wp-block-list\">\n<li><strong>Banca:<\/strong> RBO<\/li>\n\n\n\n<li><strong>Per\u00edodo de inscri\u00e7\u00f5es<\/strong>: 11\/03 a 11\/04<\/li>\n\n\n\n<li><strong>Data da prova:<\/strong> 12\/05<\/li>\n\n\n\n<li><strong>Vagas:<\/strong> 12<\/li>\n\n\n\n<li><strong>Cargos:<\/strong> diversos<\/li>\n\n\n\n<li><strong>Remunera\u00e7\u00e3o<\/strong>:&nbsp;R$ 1.416,00 a R$ 2.133,32<\/li>\n\n\n\n<li><strong>Edital:<\/strong> <a href=\"https:\/\/dhg1h5j42swfq.cloudfront.net\/2024\/03\/07163404\/6406-f78an.pdf\" target=\"_blank\" rel=\"noreferrer noopener nofollow\">Edital 05\/2024<\/a><\/li>\n\n\n\n<li><a href=\"https:\/\/www.estrategiaconcursos.com.br\/cursosPorConcurso\/prefeitura-municipal-de-carapicuiba-sp\/\" target=\"_blank\" rel=\"noreferrer noopener\">Cursos Carapicu\u00edba<\/a><\/li>\n<\/ul>\n\n\n\n<h3 class=\"wp-block-heading\" id=\"h-concurso-prefeitura-de-jurua-am\"><a href=\"https:\/\/www.estrategiaconcursos.com.br\/blog\/concurso-prefeitura-jurua\/\" target=\"_blank\" rel=\"noreferrer noopener\">Concurso Prefeitura de Juru\u00e1<\/a> (AM)<\/h3>\n\n\n\n<ul class=\"wp-block-list\">\n<li><strong>Banca:<\/strong> Instituto Abar\u00e9-Et\u00e9<\/li>\n\n\n\n<li><strong>Per\u00edodo de inscri\u00e7\u00f5es<\/strong>: 11 a 27\/03<\/li>\n\n\n\n<li><strong>Data da prova:<\/strong> 26\/05<\/li>\n\n\n\n<li><strong>Vagas:<\/strong> 229<\/li>\n\n\n\n<li><strong>Cargos:<\/strong> diversos<\/li>\n\n\n\n<li><strong>Remunera\u00e7\u00e3o<\/strong>:&nbsp;R$ 1.450,00 a R$ 5.000,00&nbsp;<\/li>\n\n\n\n<li><strong>Edital:<\/strong>&nbsp;<a href=\"https:\/\/dhg1h5j42swfq.cloudfront.net\/2024\/03\/07162943\/edital_de_abertura_n_02_2024-2.pdf\" target=\"_blank\" rel=\"noreferrer noopener nofollow\">Juru\u00e1 AM 2024<\/a> <\/li>\n<\/ul>\n\n\n\n<h3 class=\"wp-block-heading\" id=\"h-concurso-camara-de-cerquilho-sp\"><a href=\"https:\/\/www.estrategiaconcursos.com.br\/blog\/concurso-camara-de-cerquilho-sp\/\" target=\"_blank\" rel=\"noreferrer noopener\">Concurso C\u00e2mara de Cerquilho<\/a> (SP)<\/h3>\n\n\n\n<ul class=\"wp-block-list\">\n<li><strong>Banca:<\/strong> 01<\/li>\n\n\n\n<li><strong>Per\u00edodo de inscri\u00e7\u00f5es<\/strong>: at\u00e9 25\/03<\/li>\n\n\n\n<li><strong>Data da prova:<\/strong> 05\/05<\/li>\n\n\n\n<li><strong>Vagas:<\/strong> 01<\/li>\n\n\n\n<li><strong>Cargo<\/strong>: Oficial Legislativo<\/li>\n\n\n\n<li><strong>Remunera\u00e7\u00e3o<\/strong>:&nbsp;R$ 3.472,81<\/li>\n\n\n\n<li><strong>Edital:<\/strong> <a href=\"https:\/\/dhg1h5j42swfq.cloudfront.net\/2024\/03\/08085337\/edital-001-2024-abertura-do-concurso-oficial-final-retificado_1709665961.pdf\" target=\"_blank\" rel=\"noreferrer noopener nofollow\">CM Cerquilho-2024<\/a><\/li>\n<\/ul>\n\n\n\n<h3 class=\"wp-block-heading\" id=\"h-concurso-prefeitura-de-jaboticabal-sp\"><a href=\"https:\/\/www.estrategiaconcursos.com.br\/blog\/concurso-prefeitura-jaboticabal\/\" target=\"_blank\" rel=\"noreferrer noopener\">Concurso Prefeitura de Jaboticabal<\/a> (SP)<\/h3>\n\n\n\n<ul class=\"wp-block-list\">\n<li><strong>Banca:<\/strong> Instituto INDEC<\/li>\n\n\n\n<li><strong>Per\u00edodo de inscri\u00e7\u00f5es<\/strong>: at\u00e9 08\/04<\/li>\n\n\n\n<li><strong>Data da prova:<\/strong> 09\/06<\/li>\n\n\n\n<li><strong>Vagas:<\/strong> CR<\/li>\n\n\n\n<li><strong>Cargos:<\/strong> diversos<\/li>\n\n\n\n<li><strong>Remunera\u00e7\u00e3o<\/strong>:&nbsp;R$ 1.566,92 a R$ 4.881,13<\/li>\n\n\n\n<li><strong>Edital:<\/strong> <a href=\"https:\/\/dhg1h5j42swfq.cloudfront.net\/2024\/03\/08093522\/edital-de-abertura-concurso-publico-001-2024_1709831692.pdf\" target=\"_blank\" rel=\"noreferrer noopener nofollow\">Jaboticabal 2024<\/a><\/li>\n<\/ul>\n\n\n\n<h3 class=\"wp-block-heading\" id=\"h-concurso-prefeitura-de-penapolis-sp\"><a href=\"https:\/\/www.estrategiaconcursos.com.br\/blog\/concurso-prefeitura-de-penapolis\/\" target=\"_blank\" rel=\"noreferrer noopener\">Concurso Prefeitura de Pen\u00e1polis<\/a> (SP)<\/h3>\n\n\n\n<ul class=\"wp-block-list\">\n<li><strong>Banca:<\/strong> Conscam<\/li>\n\n\n\n<li><strong>Per\u00edodo de inscri\u00e7\u00f5es<\/strong>: at\u00e9 20\/03<\/li>\n\n\n\n<li><strong>Data da prova:<\/strong> 14\/04<\/li>\n\n\n\n<li><strong>Vagas:<\/strong> 01<\/li>\n\n\n\n<li><strong>Cargo:<\/strong> Controlador Interno<\/li>\n\n\n\n<li><strong>Remunera\u00e7\u00e3o<\/strong>:&nbsp;R$ 3.335,25<\/li>\n\n\n\n<li><strong>Edital:<\/strong> <a href=\"https:\/\/dhg1h5j42swfq.cloudfront.net\/2024\/03\/08111458\/documento-1.pdf\" target=\"_blank\" rel=\"noreferrer noopener nofollow\">Pen\u00e1polis 2024<\/a><\/li>\n<\/ul>\n\n\n\n<h3 class=\"wp-block-heading\" id=\"h-concurso-prefeitura-de-rolandia-pr\"><a href=\"https:\/\/www.estrategiaconcursos.com.br\/blog\/concurso-prefeitura-de-rolandia\/\" target=\"_blank\" rel=\"noreferrer noopener\">Concurso Prefeitura de Rol\u00e2ndia<\/a> (PR)<\/h3>\n\n\n\n<ul class=\"wp-block-list\">\n<li><strong>Banca:<\/strong> Instituto UniFil<\/li>\n\n\n\n<li><strong>Per\u00edodo de inscri\u00e7\u00f5es<\/strong>: 11\/03 a 08\/04<\/li>\n\n\n\n<li><strong>Data da prova:<\/strong> 12\/05<\/li>\n\n\n\n<li><strong>Vagas:<\/strong> 236 + CR<\/li>\n\n\n\n<li><strong>Cargos:<\/strong> diversos<\/li>\n\n\n\n<li><strong>Remunera\u00e7\u00e3o<\/strong>:&nbsp;R$ 2.532,88 a R$ 12.905,99<\/li>\n\n\n\n<li><strong>Edital:<\/strong> <a href=\"https:\/\/s3-us-west-2.amazonaws.com\/unifilmigracao\/area-publica-unifil\/1709816690949.pdf\" target=\"_blank\" rel=\"noreferrer noopener\">Prefeitur<\/a><a href=\"https:\/\/s3-us-west-2.amazonaws.com\/unifilmigracao\/area-publica-unifil\/1709816690949.pdf\" target=\"_blank\" rel=\"noreferrer noopener nofollow\">a de Rol\u00e2ndia<\/a><\/li>\n<\/ul>\n\n\n\n<p><\/p>\n\n\n\n<p class=\"has-text-align-center\"><em>Quer ficar por dentro de mais informa\u00e7\u00f5es sobre o mundo dos concursos, al\u00e9m dos editais da semana? Ent\u00e3o confira as principais not\u00edcias do dia!<\/em><\/p>\n\n\n\n<p class=\"has-text-align-center has-background\" style=\"background-color:#ededed;font-size:clamp(14.642px, 0.915rem + ((1vw - 3.2px) * 0.721), 22px);px\"><strong><a href=\"https:\/\/www.estrategiaconcursos.com.br\/blog\/principais-noticias-do-dia\/\" target=\"_blank\" rel=\"noreferrer noopener\">Principais not\u00edcias do dia<\/a><\/strong><\/p>\n\n\n\n<div class=\"container\" id=\"boxes\">\r\n  <div class=\"row\">\r\n\r\n    <div class=\"col-sm\">\r\n      <div class=\"estrategia\" id=\"box-assinatura\">\r\n        <h3 class=\"titulo-assinatura\">Assinatura Concursos<\/h3>\r\n        <p class=\"subtitulo-assinatura\">Assinatura de 1 ano ou 2 anos<\/p>\r\n        <div class=\"box-botao\">\r\n          <a class=\"btn-assinatura\" target=\"_blank\" href=\"https:\/\/www.estrategiaconcursos.com.br\/assinaturas\/\" role=\"button\" rel=\"noopener noreferrer\">ASSINE AGORA<\/a>\r\n        <\/div>\r\n      <\/div><\/div><\/div><\/div>\n\n\n\n<h2 class=\"wp-block-heading has-text-align-center\" id=\"h-quer-saber-tudo-sobre-concursos-previstos-confira-os-nossos-artigos\">Quer saber tudo sobre concursos previstos?<br \/>Confira os nossos artigos!<\/h2>\n\n\n\n<ul class=\"wp-block-list\">\n<li><a href=\"https:\/\/www.estrategiaconcursos.com.br\/blog\/concursos-abertos\/\" target=\"_blank\" rel=\"noreferrer noopener\">Concursos Abertos<\/a><\/li>\n\n\n\n<li><a href=\"https:\/\/www.estrategiaconcursos.com.br\/blog\/concursos-2024\/\" target=\"_blank\" rel=\"noreferrer noopener\">Concursos 2024<\/a><\/li>\n<\/ul>\n","protected":false},"excerpt":{"rendered":"<p>E mais uma semana no mundo dos concursos chegou ao fim! Dessa vez, com cerca de 20 editais publicados e m\u00e9dia de 1,9 mil vagas contempladas. Entre imediatas e cadastro reserva, as oportunidades se distribuem, tamb\u00e9m, em \u00e2mbitos municipais e estaduais. Apesar de amena, os editais de Prefeitura se prevaleceram durante os dias e at\u00e9 [&hellip;]<\/p>\n","protected":false},"author":2692,"featured_media":1211617,"comment_status":"open","ping_status":"closed","sticky":false,"template":"","format":"standard","meta":{"post_tipo":"news","footnotes":""},"categories":[1,220219],"tags":[],"tax_estado":[219963],"class_list":["post-1363190","post","type-post","status-publish","format-standard","has-post-thumbnail","hentry","category-cursos-e-concursos","category-noticias","tax_estado-concursos-federais"],"acf":[],"yoast_head":"<!-- This site is optimized with the Yoast SEO Premium plugin v27.2 (Yoast SEO v27.2) - https:\/\/yoast.com\/product\/yoast-seo-premium-wordpress\/ -->\n<title>Concursos P\u00fablicos: 20 editais esta semana; 1,9 mil vagas!<\/title>\n<meta name=\"description\" content=\"Concurso P\u00fablico 2024: 20 editais sa\u00edram ao longo desta semana (04 a 08\/03). Confira n\u00famero de vagas, remunera\u00e7\u00e3o e principais datas.\" \/>\n<meta name=\"robots\" content=\"index, follow, max-snippet:-1, max-image-preview:large, max-video-preview:-1\" \/>\n<link rel=\"canonical\" href=\"https:\/\/www.estrategiaconcursos.com.br\/blog\/concurso-editais-da-semana-04-a-08-03\/\" \/>\n<meta property=\"og:locale\" content=\"pt_BR\" \/>\n<meta property=\"og:type\" content=\"article\" \/>\n<meta property=\"og:title\" content=\"Concursos P\u00fablicos: 20 editais esta semana; 1,9 mil vagas!\" \/>\n<meta property=\"og:description\" content=\"Concurso P\u00fablico 2024: 20 editais sa\u00edram ao longo desta semana (04 a 08\/03). Confira n\u00famero de vagas, remunera\u00e7\u00e3o e principais datas.\" \/>\n<meta property=\"og:url\" content=\"https:\/\/www.estrategiaconcursos.com.br\/blog\/concurso-editais-da-semana-04-a-08-03\/\" \/>\n<meta property=\"og:site_name\" content=\"Estrat\u00e9gia Concursos\" \/>\n<meta property=\"article:published_time\" content=\"2024-03-08T21:00:00+00:00\" \/>\n<meta property=\"article:modified_time\" content=\"2024-03-11T19:34:52+00:00\" \/>\n<meta property=\"og:image\" content=\"https:\/\/dhg1h5j42swfq.cloudfront.net\/2023\/05\/05162543\/concursos-2024.jpg\" \/>\n\t<meta property=\"og:image:width\" content=\"768\" \/>\n\t<meta property=\"og:image:height\" content=\"432\" \/>\n\t<meta property=\"og:image:type\" content=\"image\/jpeg\" \/>\n<meta name=\"author\" content=\"Ronaldo Scanavini Neto\" \/>\n<meta name=\"twitter:card\" content=\"summary_large_image\" \/>\n<meta name=\"twitter:creator\" content=\"@EstratConcursos\" \/>\n<meta name=\"twitter:site\" content=\"@EstratConcursos\" \/>\n<meta name=\"twitter:label1\" content=\"Escrito por\" \/>\n\t<meta name=\"twitter:data1\" content=\"Ronaldo Scanavini Neto\" \/>\n\t<meta name=\"twitter:label2\" content=\"Est. tempo de leitura\" \/>\n\t<meta name=\"twitter:data2\" content=\"4 minutos\" \/>\n<script type=\"application\/ld+json\" class=\"yoast-schema-graph\">{\"@context\":\"https:\/\/schema.org\",\"@graph\":[{\"@type\":\"NewsArticle\",\"@id\":\"https:\/\/www.estrategiaconcursos.com.br\/blog\/concurso-editais-da-semana-04-a-08-03\/#article\",\"isPartOf\":{\"@id\":\"https:\/\/www.estrategiaconcursos.com.br\/blog\/concurso-editais-da-semana-04-a-08-03\/\"},\"author\":{\"name\":\"Ronaldo Scanavini Neto\",\"@id\":\"https:\/\/www.estrategiaconcursos.com.br\/blog\/#\/schema\/person\/70c2ad4297aa24ff8815b08215b23a76\"},\"headline\":\"Concursos P\u00fablicos: 20 editais esta semana; 1,9 mil vagas!\",\"datePublished\":\"2024-03-08T21:00:00+00:00\",\"dateModified\":\"2024-03-11T19:34:52+00:00\",\"mainEntityOfPage\":{\"@id\":\"https:\/\/www.estrategiaconcursos.com.br\/blog\/concurso-editais-da-semana-04-a-08-03\/\"},\"wordCount\":811,\"commentCount\":0,\"publisher\":{\"@id\":\"https:\/\/www.estrategiaconcursos.com.br\/blog\/#organization\"},\"image\":{\"@id\":\"https:\/\/www.estrategiaconcursos.com.br\/blog\/concurso-editais-da-semana-04-a-08-03\/#primaryimage\"},\"thumbnailUrl\":\"https:\/\/dhg1h5j42swfq.cloudfront.net\/2023\/05\/05162543\/concursos-2024.jpg\",\"articleSection\":[\"Concursos P\u00fablicos\",\"\u00daltimas not\u00edcias\"],\"inLanguage\":\"pt-BR\",\"potentialAction\":[{\"@type\":\"CommentAction\",\"name\":\"Comment\",\"target\":[\"https:\/\/www.estrategiaconcursos.com.br\/blog\/concurso-editais-da-semana-04-a-08-03\/#respond\"]}],\"copyrightYear\":\"2024\",\"copyrightHolder\":{\"@id\":\"https:\/\/www.estrategiaconcursos.com.br\/blog\/#organization\"}},{\"@type\":\"WebPage\",\"@id\":\"https:\/\/www.estrategiaconcursos.com.br\/blog\/concurso-editais-da-semana-04-a-08-03\/\",\"url\":\"https:\/\/www.estrategiaconcursos.com.br\/blog\/concurso-editais-da-semana-04-a-08-03\/\",\"name\":\"Concursos P\u00fablicos: 20 editais esta semana; 1,9 mil vagas!\",\"isPartOf\":{\"@id\":\"https:\/\/www.estrategiaconcursos.com.br\/blog\/#website\"},\"primaryImageOfPage\":{\"@id\":\"https:\/\/www.estrategiaconcursos.com.br\/blog\/concurso-editais-da-semana-04-a-08-03\/#primaryimage\"},\"image\":{\"@id\":\"https:\/\/www.estrategiaconcursos.com.br\/blog\/concurso-editais-da-semana-04-a-08-03\/#primaryimage\"},\"thumbnailUrl\":\"https:\/\/dhg1h5j42swfq.cloudfront.net\/2023\/05\/05162543\/concursos-2024.jpg\",\"datePublished\":\"2024-03-08T21:00:00+00:00\",\"dateModified\":\"2024-03-11T19:34:52+00:00\",\"description\":\"Concurso P\u00fablico 2024: 20 editais sa\u00edram ao longo desta semana (04 a 08\/03). Confira n\u00famero de vagas, remunera\u00e7\u00e3o e principais datas.\",\"breadcrumb\":{\"@id\":\"https:\/\/www.estrategiaconcursos.com.br\/blog\/concurso-editais-da-semana-04-a-08-03\/#breadcrumb\"},\"inLanguage\":\"pt-BR\",\"potentialAction\":[{\"@type\":\"ReadAction\",\"target\":[\"https:\/\/www.estrategiaconcursos.com.br\/blog\/concurso-editais-da-semana-04-a-08-03\/\"]}]},{\"@type\":\"ImageObject\",\"inLanguage\":\"pt-BR\",\"@id\":\"https:\/\/www.estrategiaconcursos.com.br\/blog\/concurso-editais-da-semana-04-a-08-03\/#primaryimage\",\"url\":\"https:\/\/dhg1h5j42swfq.cloudfront.net\/2023\/05\/05162543\/concursos-2024.jpg\",\"contentUrl\":\"https:\/\/dhg1h5j42swfq.cloudfront.net\/2023\/05\/05162543\/concursos-2024.jpg\",\"width\":768,\"height\":432,\"caption\":\"Concursos 2024\"},{\"@type\":\"BreadcrumbList\",\"@id\":\"https:\/\/www.estrategiaconcursos.com.br\/blog\/concurso-editais-da-semana-04-a-08-03\/#breadcrumb\",\"itemListElement\":[{\"@type\":\"ListItem\",\"position\":1,\"name\":\"In\u00edcio\",\"item\":\"https:\/\/www.estrategiaconcursos.com.br\/blog\/\"},{\"@type\":\"ListItem\",\"position\":2,\"name\":\"Concursos P\u00fablicos: 20 editais esta semana; 1,9 mil vagas!\"}]},{\"@type\":\"WebSite\",\"@id\":\"https:\/\/www.estrategiaconcursos.com.br\/blog\/#website\",\"url\":\"https:\/\/www.estrategiaconcursos.com.br\/blog\/\",\"name\":\"Estrat\u00e9gia Concursos\",\"description\":\"O blog da Estrat\u00e9gia Concursos traz not\u00edcias sobre concursos e artigos de professores oferecendo cursos para concursos (pdf + videaulas) no site.\",\"publisher\":{\"@id\":\"https:\/\/www.estrategiaconcursos.com.br\/blog\/#organization\"},\"potentialAction\":[{\"@type\":\"SearchAction\",\"target\":{\"@type\":\"EntryPoint\",\"urlTemplate\":\"https:\/\/www.estrategiaconcursos.com.br\/blog\/?s={search_term_string}\"},\"query-input\":{\"@type\":\"PropertyValueSpecification\",\"valueRequired\":true,\"valueName\":\"search_term_string\"}}],\"inLanguage\":\"pt-BR\"},{\"@type\":\"Organization\",\"@id\":\"https:\/\/www.estrategiaconcursos.com.br\/blog\/#organization\",\"name\":\"Estrat\u00e9gia Concursos\",\"url\":\"https:\/\/www.estrategiaconcursos.com.br\/blog\/\",\"logo\":{\"@type\":\"ImageObject\",\"inLanguage\":\"pt-BR\",\"@id\":\"https:\/\/www.estrategiaconcursos.com.br\/blog\/#\/schema\/logo\/image\/\",\"url\":\"https:\/\/dhg1h5j42swfq.cloudfront.net\/2025\/06\/03203428\/logo_concursos-1.jpg\",\"contentUrl\":\"https:\/\/dhg1h5j42swfq.cloudfront.net\/2025\/06\/03203428\/logo_concursos-1.jpg\",\"width\":230,\"height\":60,\"caption\":\"Estrat\u00e9gia Concursos\"},\"image\":{\"@id\":\"https:\/\/www.estrategiaconcursos.com.br\/blog\/#\/schema\/logo\/image\/\"},\"sameAs\":[\"https:\/\/x.com\/EstratConcursos\"]},{\"@type\":\"Person\",\"@id\":\"https:\/\/www.estrategiaconcursos.com.br\/blog\/#\/schema\/person\/70c2ad4297aa24ff8815b08215b23a76\",\"name\":\"Ronaldo Scanavini Neto\",\"image\":{\"@type\":\"ImageObject\",\"inLanguage\":\"pt-BR\",\"@id\":\"https:\/\/secure.gravatar.com\/avatar\/f93d8e56fe264596e94aee6b3feb737d98ad0fc5bac7eb0a245f04723c5c8f21?s=96&d=mm&r=g\",\"url\":\"https:\/\/secure.gravatar.com\/avatar\/f93d8e56fe264596e94aee6b3feb737d98ad0fc5bac7eb0a245f04723c5c8f21?s=96&d=mm&r=g\",\"contentUrl\":\"https:\/\/secure.gravatar.com\/avatar\/f93d8e56fe264596e94aee6b3feb737d98ad0fc5bac7eb0a245f04723c5c8f21?s=96&d=mm&r=g\",\"caption\":\"Ronaldo Scanavini Neto\"},\"description\":\"Graduando em Comunica\u00e7\u00e3o Social \u2013 Jornalismo pela Universidade Federal de Vi\u00e7osa (UFV). Integra a equipe de jornalismo do Estrat\u00e9gia Concursos desde 2023, atuando com \u00eanfase na cobertura da \u00e1rea fiscal. Tamb\u00e9m realiza a apura\u00e7\u00e3o e produ\u00e7\u00e3o de not\u00edcias sobre concursos federais, \u00f3rg\u00e3os participantes do CNU e das \u00e1reas de controle, gest\u00e3o, engenharia, Exame CFC, comunica\u00e7\u00e3o social TI e \u00e1rea de concursos administrativos.\",\"url\":\"https:\/\/www.estrategiaconcursos.com.br\/blog\/author\/ronaldo-netoestrategia-com\/\"}]}<\/script>\n<!-- \/ Yoast SEO Premium plugin. -->","yoast_head_json":{"title":"Concursos P\u00fablicos: 20 editais esta semana; 1,9 mil vagas!","description":"Concurso P\u00fablico 2024: 20 editais sa\u00edram ao longo desta semana (04 a 08\/03). Confira n\u00famero de vagas, remunera\u00e7\u00e3o e principais datas.","robots":{"index":"index","follow":"follow","max-snippet":"max-snippet:-1","max-image-preview":"max-image-preview:large","max-video-preview":"max-video-preview:-1"},"canonical":"https:\/\/www.estrategiaconcursos.com.br\/blog\/concurso-editais-da-semana-04-a-08-03\/","og_locale":"pt_BR","og_type":"article","og_title":"Concursos P\u00fablicos: 20 editais esta semana; 1,9 mil vagas!","og_description":"Concurso P\u00fablico 2024: 20 editais sa\u00edram ao longo desta semana (04 a 08\/03). Confira n\u00famero de vagas, remunera\u00e7\u00e3o e principais datas.","og_url":"https:\/\/www.estrategiaconcursos.com.br\/blog\/concurso-editais-da-semana-04-a-08-03\/","og_site_name":"Estrat\u00e9gia Concursos","article_published_time":"2024-03-08T21:00:00+00:00","article_modified_time":"2024-03-11T19:34:52+00:00","og_image":[{"width":768,"height":432,"url":"https:\/\/dhg1h5j42swfq.cloudfront.net\/2023\/05\/05162543\/concursos-2024.jpg","type":"image\/jpeg"}],"author":"Ronaldo Scanavini Neto","twitter_card":"summary_large_image","twitter_creator":"@EstratConcursos","twitter_site":"@EstratConcursos","twitter_misc":{"Escrito por":"Ronaldo Scanavini Neto","Est. tempo de leitura":"4 minutos"},"schema":{"@context":"https:\/\/schema.org","@graph":[{"@type":"NewsArticle","@id":"https:\/\/www.estrategiaconcursos.com.br\/blog\/concurso-editais-da-semana-04-a-08-03\/#article","isPartOf":{"@id":"https:\/\/www.estrategiaconcursos.com.br\/blog\/concurso-editais-da-semana-04-a-08-03\/"},"author":{"name":"Ronaldo Scanavini Neto","@id":"https:\/\/www.estrategiaconcursos.com.br\/blog\/#\/schema\/person\/70c2ad4297aa24ff8815b08215b23a76"},"headline":"Concursos P\u00fablicos: 20 editais esta semana; 1,9 mil vagas!","datePublished":"2024-03-08T21:00:00+00:00","dateModified":"2024-03-11T19:34:52+00:00","mainEntityOfPage":{"@id":"https:\/\/www.estrategiaconcursos.com.br\/blog\/concurso-editais-da-semana-04-a-08-03\/"},"wordCount":811,"commentCount":0,"publisher":{"@id":"https:\/\/www.estrategiaconcursos.com.br\/blog\/#organization"},"image":{"@id":"https:\/\/www.estrategiaconcursos.com.br\/blog\/concurso-editais-da-semana-04-a-08-03\/#primaryimage"},"thumbnailUrl":"https:\/\/dhg1h5j42swfq.cloudfront.net\/2023\/05\/05162543\/concursos-2024.jpg","articleSection":["Concursos P\u00fablicos","\u00daltimas not\u00edcias"],"inLanguage":"pt-BR","potentialAction":[{"@type":"CommentAction","name":"Comment","target":["https:\/\/www.estrategiaconcursos.com.br\/blog\/concurso-editais-da-semana-04-a-08-03\/#respond"]}],"copyrightYear":"2024","copyrightHolder":{"@id":"https:\/\/www.estrategiaconcursos.com.br\/blog\/#organization"}},{"@type":"WebPage","@id":"https:\/\/www.estrategiaconcursos.com.br\/blog\/concurso-editais-da-semana-04-a-08-03\/","url":"https:\/\/www.estrategiaconcursos.com.br\/blog\/concurso-editais-da-semana-04-a-08-03\/","name":"Concursos P\u00fablicos: 20 editais esta semana; 1,9 mil vagas!","isPartOf":{"@id":"https:\/\/www.estrategiaconcursos.com.br\/blog\/#website"},"primaryImageOfPage":{"@id":"https:\/\/www.estrategiaconcursos.com.br\/blog\/concurso-editais-da-semana-04-a-08-03\/#primaryimage"},"image":{"@id":"https:\/\/www.estrategiaconcursos.com.br\/blog\/concurso-editais-da-semana-04-a-08-03\/#primaryimage"},"thumbnailUrl":"https:\/\/dhg1h5j42swfq.cloudfront.net\/2023\/05\/05162543\/concursos-2024.jpg","datePublished":"2024-03-08T21:00:00+00:00","dateModified":"2024-03-11T19:34:52+00:00","description":"Concurso P\u00fablico 2024: 20 editais sa\u00edram ao longo desta semana (04 a 08\/03). Confira n\u00famero de vagas, remunera\u00e7\u00e3o e principais datas.","breadcrumb":{"@id":"https:\/\/www.estrategiaconcursos.com.br\/blog\/concurso-editais-da-semana-04-a-08-03\/#breadcrumb"},"inLanguage":"pt-BR","potentialAction":[{"@type":"ReadAction","target":["https:\/\/www.estrategiaconcursos.com.br\/blog\/concurso-editais-da-semana-04-a-08-03\/"]}]},{"@type":"ImageObject","inLanguage":"pt-BR","@id":"https:\/\/www.estrategiaconcursos.com.br\/blog\/concurso-editais-da-semana-04-a-08-03\/#primaryimage","url":"https:\/\/dhg1h5j42swfq.cloudfront.net\/2023\/05\/05162543\/concursos-2024.jpg","contentUrl":"https:\/\/dhg1h5j42swfq.cloudfront.net\/2023\/05\/05162543\/concursos-2024.jpg","width":768,"height":432,"caption":"Concursos 2024"},{"@type":"BreadcrumbList","@id":"https:\/\/www.estrategiaconcursos.com.br\/blog\/concurso-editais-da-semana-04-a-08-03\/#breadcrumb","itemListElement":[{"@type":"ListItem","position":1,"name":"In\u00edcio","item":"https:\/\/www.estrategiaconcursos.com.br\/blog\/"},{"@type":"ListItem","position":2,"name":"Concursos P\u00fablicos: 20 editais esta semana; 1,9 mil vagas!"}]},{"@type":"WebSite","@id":"https:\/\/www.estrategiaconcursos.com.br\/blog\/#website","url":"https:\/\/www.estrategiaconcursos.com.br\/blog\/","name":"Estrat\u00e9gia Concursos","description":"O blog da Estrat\u00e9gia Concursos traz not\u00edcias sobre concursos e artigos de professores oferecendo cursos para concursos (pdf + videaulas) no site.","publisher":{"@id":"https:\/\/www.estrategiaconcursos.com.br\/blog\/#organization"},"potentialAction":[{"@type":"SearchAction","target":{"@type":"EntryPoint","urlTemplate":"https:\/\/www.estrategiaconcursos.com.br\/blog\/?s={search_term_string}"},"query-input":{"@type":"PropertyValueSpecification","valueRequired":true,"valueName":"search_term_string"}}],"inLanguage":"pt-BR"},{"@type":"Organization","@id":"https:\/\/www.estrategiaconcursos.com.br\/blog\/#organization","name":"Estrat\u00e9gia Concursos","url":"https:\/\/www.estrategiaconcursos.com.br\/blog\/","logo":{"@type":"ImageObject","inLanguage":"pt-BR","@id":"https:\/\/www.estrategiaconcursos.com.br\/blog\/#\/schema\/logo\/image\/","url":"https:\/\/dhg1h5j42swfq.cloudfront.net\/2025\/06\/03203428\/logo_concursos-1.jpg","contentUrl":"https:\/\/dhg1h5j42swfq.cloudfront.net\/2025\/06\/03203428\/logo_concursos-1.jpg","width":230,"height":60,"caption":"Estrat\u00e9gia Concursos"},"image":{"@id":"https:\/\/www.estrategiaconcursos.com.br\/blog\/#\/schema\/logo\/image\/"},"sameAs":["https:\/\/x.com\/EstratConcursos"]},{"@type":"Person","@id":"https:\/\/www.estrategiaconcursos.com.br\/blog\/#\/schema\/person\/70c2ad4297aa24ff8815b08215b23a76","name":"Ronaldo Scanavini Neto","image":{"@type":"ImageObject","inLanguage":"pt-BR","@id":"https:\/\/secure.gravatar.com\/avatar\/f93d8e56fe264596e94aee6b3feb737d98ad0fc5bac7eb0a245f04723c5c8f21?s=96&d=mm&r=g","url":"https:\/\/secure.gravatar.com\/avatar\/f93d8e56fe264596e94aee6b3feb737d98ad0fc5bac7eb0a245f04723c5c8f21?s=96&d=mm&r=g","contentUrl":"https:\/\/secure.gravatar.com\/avatar\/f93d8e56fe264596e94aee6b3feb737d98ad0fc5bac7eb0a245f04723c5c8f21?s=96&d=mm&r=g","caption":"Ronaldo Scanavini Neto"},"description":"Graduando em Comunica\u00e7\u00e3o Social \u2013 Jornalismo pela Universidade Federal de Vi\u00e7osa (UFV). Integra a equipe de jornalismo do Estrat\u00e9gia Concursos desde 2023, atuando com \u00eanfase na cobertura da \u00e1rea fiscal. Tamb\u00e9m realiza a apura\u00e7\u00e3o e produ\u00e7\u00e3o de not\u00edcias sobre concursos federais, \u00f3rg\u00e3os participantes do CNU e das \u00e1reas de controle, gest\u00e3o, engenharia, Exame CFC, comunica\u00e7\u00e3o social TI e \u00e1rea de concursos administrativos.","url":"https:\/\/www.estrategiaconcursos.com.br\/blog\/author\/ronaldo-netoestrategia-com\/"}]}},"_links":{"self":[{"href":"https:\/\/www.estrategiaconcursos.com.br\/blog\/wp-json\/wp\/v2\/posts\/1363190","targetHints":{"allow":["GET"]}}],"collection":[{"href":"https:\/\/www.estrategiaconcursos.com.br\/blog\/wp-json\/wp\/v2\/posts"}],"about":[{"href":"https:\/\/www.estrategiaconcursos.com.br\/blog\/wp-json\/wp\/v2\/types\/post"}],"author":[{"embeddable":true,"href":"https:\/\/www.estrategiaconcursos.com.br\/blog\/wp-json\/wp\/v2\/users\/2692"}],"replies":[{"embeddable":true,"href":"https:\/\/www.estrategiaconcursos.com.br\/blog\/wp-json\/wp\/v2\/comments?post=1363190"}],"version-history":[{"count":11,"href":"https:\/\/www.estrategiaconcursos.com.br\/blog\/wp-json\/wp\/v2\/posts\/1363190\/revisions"}],"predecessor-version":[{"id":1366876,"href":"https:\/\/www.estrategiaconcursos.com.br\/blog\/wp-json\/wp\/v2\/posts\/1363190\/revisions\/1366876"}],"wp:featuredmedia":[{"embeddable":true,"href":"https:\/\/www.estrategiaconcursos.com.br\/blog\/wp-json\/wp\/v2\/media\/1211617"}],"wp:attachment":[{"href":"https:\/\/www.estrategiaconcursos.com.br\/blog\/wp-json\/wp\/v2\/media?parent=1363190"}],"wp:term":[{"taxonomy":"category","embeddable":true,"href":"https:\/\/www.estrategiaconcursos.com.br\/blog\/wp-json\/wp\/v2\/categories?post=1363190"},{"taxonomy":"post_tag","embeddable":true,"href":"https:\/\/www.estrategiaconcursos.com.br\/blog\/wp-json\/wp\/v2\/tags?post=1363190"},{"taxonomy":"tax_estado","embeddable":true,"href":"https:\/\/www.estrategiaconcursos.com.br\/blog\/wp-json\/wp\/v2\/tax_estado?post=1363190"}],"curies":[{"name":"wp","href":"https:\/\/api.w.org\/{rel}","templated":true}]}}