{"id":1362427,"date":"2024-05-22T08:00:00","date_gmt":"2024-05-22T11:00:00","guid":{"rendered":"https:\/\/www.estrategiaconcursos.com.br\/blog\/?p=1362427"},"modified":"2024-05-13T20:49:03","modified_gmt":"2024-05-13T23:49:03","slug":"inovacao-gestao-publica","status":"publish","type":"post","link":"https:\/\/www.estrategiaconcursos.com.br\/blog\/inovacao-gestao-publica\/","title":{"rendered":"Inova\u00e7\u00e3o na Gest\u00e3o P\u00fablica: Conceitos Iniciais"},"content":{"rendered":"\n<figure class=\"wp-block-image size-large\"><img loading=\"lazy\" decoding=\"async\" width=\"1024\" height=\"745\" src=\"https:\/\/dhg1h5j42swfq.cloudfront.net\/2024\/03\/01232522\/66169-1024x745.jpg\" alt=\"Inova\u00e7\u00e3o na Gest\u00e3o P\u00fablica para CNU\" class=\"wp-image-1362428\" srcset=\"https:\/\/dhg1h5j42swfq.cloudfront.net\/2024\/03\/01232522\/66169-1024x745.jpg 1024w, https:\/\/dhg1h5j42swfq.cloudfront.net\/2024\/03\/01232522\/66169-300x218.jpg 300w, https:\/\/dhg1h5j42swfq.cloudfront.net\/2024\/03\/01232522\/66169-768x559.jpg 768w, https:\/\/dhg1h5j42swfq.cloudfront.net\/2024\/03\/01232522\/66169-1536x1117.jpg 1536w, https:\/\/dhg1h5j42swfq.cloudfront.net\/2024\/03\/01232522\/66169-2048x1490.jpg 2048w, https:\/\/dhg1h5j42swfq.cloudfront.net\/2024\/03\/01232522\/66169-610x444.jpg 610w, https:\/\/dhg1h5j42swfq.cloudfront.net\/2024\/03\/01232522\/66169-150x109.jpg 150w\" sizes=\"auto, (max-width: 1024px) 100vw, 1024px\" \/><\/figure>\n\n\n\n<h2 class=\"wp-block-heading\" id=\"h-consideracoes-iniciais-inovacao-na-gestao-publica\">Considera\u00e7\u00f5es Iniciais &#8211; Inova\u00e7\u00e3o na Gest\u00e3o P\u00fablica<\/h2>\n\n\n\n<p>Ol\u00e1, caro estrategista! Se voc\u00ea \u00e9 uma pessoa antenada, j\u00e1 deve ter percebido que est\u00e3o pipocando laborat\u00f3rios de inova\u00e7\u00e3o em quase todos os \u00f3rg\u00e3os p\u00fablicos. O pr\u00f3prio Minist\u00e9rio da Economia se desmembrou e foi criado o Minist\u00e9rio da Gest\u00e3o e da Inova\u00e7\u00e3o dos Servi\u00e7os P\u00fablicos. Ou seja, essa \u00e9 realmente uma grande tend\u00eancia.<\/p>\n\n\n\n<p>Diante disso, \u00e9 importante ressaltar que a inova\u00e7\u00e3o na gest\u00e3o p\u00fablica n\u00e3o se refere apenas \u00e0 ado\u00e7\u00e3o de novas tecnologias, mas tamb\u00e9m abrange a transforma\u00e7\u00e3o de processos, a implementa\u00e7\u00e3o de novos modelos de governan\u00e7a, o desenvolvimento de pol\u00edticas p\u00fablicas mais eficazes e a cria\u00e7\u00e3o de servi\u00e7os que atendam melhor \u00e0s necessidades dos cidad\u00e3os. <\/p>\n\n\n\n<p>Contudo, <strong>promover a inova\u00e7\u00e3o no setor p\u00fablico vai al\u00e9m da simples introdu\u00e7\u00e3o de novidades, requer uma mudan\u00e7a cultural que valorize a experimenta\u00e7\u00e3o, a colabora\u00e7\u00e3o entre diferentes setores da sociedade e uma abordagem centrada no cidad\u00e3o.<\/strong> <br \/><br \/>Para a inova\u00e7\u00e3o, \u00e9 essencial criar um ambiente onde o erro seja visto como parte do processo de aprendizagem, incentivando assim a criatividade e a busca cont\u00ednua por solu\u00e7\u00f5es inovadoras. N\u00e3o \u00e9 por acaso que uma das frases associadas \u00e0 inova\u00e7\u00e3o \u00e9 &#8220;<strong><em>Erre r\u00e1pido, aprenda r\u00e1pido, corrija r\u00e1pido&#8221;.<\/em><\/strong><\/p>\n\n\n\n<p>Dito isso, vamos entender o b\u00e1sico da Inova\u00e7\u00e3o na Gest\u00e3o P\u00fablica neste artigo. Nos pr\u00f3ximos artigos, desdobraremos ainda mais esse assunto!<\/p>\n\n\n\n<h2 class=\"wp-block-heading\" id=\"h-evolucao-da-inovacao-publica\">Evolu\u00e7\u00e3o da Inova\u00e7\u00e3o P\u00fablica<\/h2>\n\n\n\n<p><strong>Inova\u00e7\u00e3o n\u00e3o \u00e9 um conceito novo<\/strong>, muito pelo contr\u00e1rio. De acordo com os historiadores, <strong>esse termo come\u00e7ou a  se consolidar a partir do avan\u00e7o da ci\u00eancia e da ind\u00fastria no s\u00e9culo XIX, acompanhando a evolu\u00e7\u00e3o da Revolu\u00e7\u00e3o Industrial.<\/strong><\/p>\n\n\n\n<p>Contudo, <strong>inicialmente, o conceito de inova\u00e7\u00e3o estava principalmente ligado \u00e0s empresas privadas porque elas precisavam constantemente atualizar seus produtos e processos para evitar fal\u00eancias e manter-se competitivas no mercado. <\/strong>A busca por lucro incentivava essas empresas a adotar novidades que pudessem atrair mais clientes ou reduzir custos. <br \/><br \/>Por outro lado, <strong>os \u00f3rg\u00e3os p\u00fablicos ainda n\u00e3o se preocupavam tanto com inova\u00e7\u00e3o, pois, como n\u00e3o visavam lucro, a press\u00e3o para mudar era menor.<\/strong> <br \/><br \/>Contudo<strong>, nos tempos recentes, at\u00e9 mesmo os \u00f3rg\u00e3os p\u00fablicos come\u00e7aram a valorizar a inova\u00e7\u00e3o devido \u00e0 necessidade de melhorar a efici\u00eancia dos processos de trabalho, impulsionada principalmente pela automa\u00e7\u00e3o e pelos avan\u00e7os tecnol\u00f3gicos.<\/strong><\/p>\n\n\n\n<h2 class=\"wp-block-heading\" id=\"h-o-que-e-inovacao-na-gestao-publica\">O que \u00e9 Inova\u00e7\u00e3o na Gest\u00e3o P\u00fablica?<\/h2>\n\n\n\n<p>Inova\u00e7\u00e3o na gest\u00e3o p\u00fablica pode ser definida como a implementa\u00e7\u00e3o de novas ideias, processos, servi\u00e7os ou modelos de governan\u00e7a que resultam em melhorias significativas no desempenho do setor p\u00fablico, na efici\u00eancia dos servi\u00e7os prestados aos cidad\u00e3os e na qualidade da governan\u00e7a. <\/p>\n\n\n\n<p>Diferentemente da inova\u00e7\u00e3o no setor privado, que frequentemente visa o lucro e a competitividade, a inova\u00e7\u00e3o na gest\u00e3o p\u00fablica foca no aumento da efic\u00e1cia, transpar\u00eancia, acessibilidade e satisfa\u00e7\u00e3o dos cidad\u00e3os, al\u00e9m de promover a inclus\u00e3o social e a sustentabilidade. <\/p>\n\n\n\n<p>Enquanto no setor privado a inova\u00e7\u00e3o \u00e9 muitas vezes impulsionada pela demanda do mercado, <strong>na gest\u00e3o p\u00fablica, ela \u00e9 guiada pelas necessidades da sociedade, por objetivos de pol\u00edticas p\u00fablicas e pelo desejo de promover o bem comum.<\/strong><\/p>\n\n\n\n<h2 class=\"wp-block-heading\" id=\"h-importancia-da-inovacao-na-gestao-publica\">Import\u00e2ncia da Inova\u00e7\u00e3o na Gest\u00e3o P\u00fablica<\/h2>\n\n\n\n<p>Como dissemos acima, a import\u00e2ncia da inova\u00e7\u00e3o na gest\u00e3o p\u00fablica reside em sua capacidade de transformar n\u00e3o apenas como os servi\u00e7os s\u00e3o entregues, mas tamb\u00e9m como os governos interagem com os cidad\u00e3os e enfrentam os desafios sociais, econ\u00f4micos e ambientais do s\u00e9culo XXI. <br \/><br \/>Ao adotar uma postura proativa em rela\u00e7\u00e3o \u00e0 inova\u00e7\u00e3o, os governos podem garantir uma gest\u00e3o p\u00fablica que n\u00e3o apenas atenda \u00e0s necessidades atuais, mas tamb\u00e9m seja resiliente e adapt\u00e1vel \u00e0s demandas futuras.<\/p>\n\n\n\n<h2 class=\"wp-block-heading\" id=\"h-tipos-de-inovacao-inovacao-na-gestao-publica\">Tipos de Inova\u00e7\u00e3o &#8211; Inova\u00e7\u00e3o na Gest\u00e3o P\u00fablica<\/h2>\n\n\n\n<p>Inova\u00e7\u00e3o pode ser classificada de muitas formas distintas. Contudo, as classifica\u00e7\u00f5es mais conhecidas s\u00e3o:<\/p>\n\n\n\n<p><strong>Quanto ao seu alcance ou impacto:<\/strong><\/p>\n\n\n\n<ol class=\"wp-block-list\">\n<li><strong>Inova\u00e7\u00e3o Incremental: <\/strong>Refere-se a melhorias cont\u00ednuas em produtos ou processos existentes. S\u00e3o pequenas atualiza\u00e7\u00f5es que s\u00e3o feitas para melhorar a efici\u00eancia, reduzir custos ou aumentar a qualidade.<\/li>\n\n\n\n<li><strong>Inova\u00e7\u00e3o Radical:<\/strong> Envolve a cria\u00e7\u00e3o de produtos, servi\u00e7os ou processos completamente novos que transformam o mercado ou a ind\u00fastria. Este tipo de inova\u00e7\u00e3o pode criar novos mercados e mudar as regras competitivas.<\/li>\n\n\n\n<li><strong>Inova\u00e7\u00e3o Disruptiva:<\/strong> Este tipo de inova\u00e7\u00e3o altera fundamentalmente e eventualmente substitui tecnologias ou produtos existentes, criando mercados completamente novos. \u00c9 caracterizada por inicialmente atender a nichos de mercado, muitas vezes com performance inferior, mas a um custo mais baixo, expandindo-se gradualmente e deslocando tecnologias estabelecidas.<\/li>\n<\/ol>\n\n\n\n<p><strong>Quanto \u00e0 \u00e1rea:<\/strong><\/p>\n\n\n\n<p>Em rela\u00e7\u00e3o \u00e0 \u00e1rea, a inova\u00e7\u00e3o pode abarcar muitas categorias. Contudo, as principais s\u00e3o:<\/p>\n\n\n\n<ol class=\"wp-block-list\">\n<li><strong>Inova\u00e7\u00e3o em Processos:<\/strong> Foca na melhoria significativa dos processos. Esse tipo de inova\u00e7\u00e3o busca aumentar a efici\u00eancia, reduzir custos, ou melhorar a qualidade das entregas atrav\u00e9s de mudan\u00e7as nos processos envolvidos.<\/li>\n\n\n\n<li><strong>Inova\u00e7\u00e3o em Servi\u00e7os <\/strong>: Dedicada \u00e0 melhoria ou cria\u00e7\u00e3o de novos servi\u00e7os, especialmente no setor p\u00fablico. Essa inova\u00e7\u00e3o visa aprimorar a efic\u00e1cia e efici\u00eancia na presta\u00e7\u00e3o de servi\u00e7os p\u00fablicos, buscando responder melhor \u00e0s necessidades da popula\u00e7\u00e3o e melhorar a satisfa\u00e7\u00e3o do usu\u00e1rio.<\/li>\n\n\n\n<li><strong>Inova\u00e7\u00e3o em Pol\u00edticas<\/strong>: Envolve a cria\u00e7\u00e3o ou revis\u00e3o significativa de pol\u00edticas p\u00fablicas. O objetivo \u00e9 aprimorar a governan\u00e7a e responder de forma mais eficaz \u00e0s necessidades sociais, atrav\u00e9s da implementa\u00e7\u00e3o de pol\u00edticas que introduzam novos frameworks regulat\u00f3rios ou melhorem os existentes.<\/li>\n<\/ol>\n\n\n\n<h2 class=\"wp-block-heading\">Barreiras \u00e0 Inova\u00e7\u00e3o<\/h2>\n\n\n\n<p>Apesar de seu potencial transformador, a inova\u00e7\u00e3o na gest\u00e3o p\u00fablica enfrenta v\u00e1rias barreiras, tais como:<\/p>\n\n\n\n<ul class=\"wp-block-list\">\n<li><strong>Legisla\u00e7\u00e3o R\u00edgida<\/strong> : Normas e regulamentos inflex\u00edveis podem criar um ambiente desafiador para a inova\u00e7\u00e3o no setor p\u00fablico. A legisla\u00e7\u00e3o r\u00edgida limita frequentemente a capacidade dos \u00f3rg\u00e3os governamentais de experimentar e implementar novas ideias. Isso acontece porque as propostas inovadoras muitas vezes requerem uma reinterpreta\u00e7\u00e3o ou altera\u00e7\u00e3o das normas legais existentes, o que pode ser um processo demorado e complicado, desencorajando assim a experimenta\u00e7\u00e3o e a adapta\u00e7\u00e3o r\u00e1pida.<\/li>\n\n\n\n<li><strong>Resist\u00eancia Cultural<\/strong>: Muitas vezes, as organiza\u00e7\u00f5es p\u00fablicas t\u00eam uma cultura de avers\u00e3o ao risco, preferindo aderir a procedimentos estabelecidos e comprovados em vez de explorar novas abordagens. Essa resist\u00eancia cultural \u00e0 mudan\u00e7a pode ser devido a uma variedade de fatores, incluindo medo do desconhecido, preocupa\u00e7\u00f5es com a responsabilidade, ou simplesmente o conforto com o &#8220;status quo&#8221;.<\/li>\n\n\n\n<li><strong>Limita\u00e7\u00f5es de Or\u00e7amento:<\/strong> Governos e organiza\u00e7\u00f5es p\u00fablicas frequentemente operam dentro de or\u00e7amentos restritos, com recursos financeiros limitados dispon\u00edveis para investimentos em novas tecnologias, pesquisa e desenvolvimento. Essa escassez de recursos pode limitar significativamente a capacidade de investir em projetos inovadores que exigem investimento inicial significativo, mesmo que tais investimentos possam resultar em economias ou melhorias a longo prazo.<\/li>\n<\/ul>\n\n\n\n<h2 class=\"wp-block-heading\" id=\"h-desafios-e-perspectivas-futuras\">Desafios e perspectivas futuras<\/h2>\n\n\n\n<p>A inova\u00e7\u00e3o na gest\u00e3o p\u00fablica \u00e9 essencial para enfrentar os desafios contempor\u00e2neos e atender \u00e0s expectativas crescentes dos cidad\u00e3os. Para cultivar um ecossistema inovador no setor p\u00fablico, \u00e9 crucial adotar estrat\u00e9gias que n\u00e3o apenas superem as barreiras existentes, mas tamb\u00e9m aproveitem as oportunidades oferecidas pelas novas tecnologias e parcerias. Entre essas estrat\u00e9gias, destacam-se a <strong>cria\u00e7\u00e3o de unidades de inova\u00e7\u00e3o nos \u00f3rg\u00e3os p\u00fablicos, cria\u00e7\u00e3o de redes ou ecossistemas de inova\u00e7\u00e3o, parcerias p\u00fablico-privadas<\/strong>, <strong>dentre outros.<\/strong><\/p>\n\n\n\n<h3 class=\"wp-block-heading\" id=\"h-criacao-de-laboratorios-ou-unidades-de-inovacao-nos-orgaos-publicos\"><strong>Cria\u00e7\u00e3o de Laborat\u00f3rios ou Unidades de Inova\u00e7\u00e3o nos \u00d3rg\u00e3os P\u00fablicos<\/strong><\/h3>\n\n\n\n<p>A cria\u00e7\u00e3o de laborat\u00f3rios ou unidades de inova\u00e7\u00e3o nos \u00f3rg\u00e3os p\u00fablicos \u00e9 uma tend\u00eancia recente que reflete a crescente conscientiza\u00e7\u00e3o sobre a import\u00e2ncia da inova\u00e7\u00e3o no setor p\u00fablico. Esses laborat\u00f3rios t\u00eam como objetivo principal desenvolver novas solu\u00e7\u00f5es para melhorar a efici\u00eancia, efic\u00e1cia e qualidade dos servi\u00e7os p\u00fablicos, bem como enfrentar desafios sociais complexos de forma mais criativa e sustent\u00e1vel.<\/p>\n\n\n\n<p>Essas unidades funcionam como incubadoras de ideias inovadoras, onde se experimentam abordagens que muitas vezes incorporam tecnologias digitais, como big data, intelig\u00eancia artificial e automa\u00e7\u00e3o. Elas tamb\u00e9m promovem a colabora\u00e7\u00e3o entre diferentes setores, envolvendo n\u00e3o apenas funcion\u00e1rios p\u00fablicos, mas tamb\u00e9m startups, universidades e organiza\u00e7\u00f5es n\u00e3o governamentais.<\/p>\n\n\n\n<h3 class=\"wp-block-heading\" id=\"h-criar-uma-rede-ou-ecossistema-de-inovacao\"><strong>Criar uma rede ou ecossistema de inova\u00e7\u00e3o<\/strong><\/h3>\n\n\n\n<p>Criar uma rede ou ecossistema de inova\u00e7\u00e3o<strong> envolvendo parcerias entre laborat\u00f3rios de \u00f3rg\u00e3os p\u00fablicos de todo o Brasil \u00e9 uma estrat\u00e9gia promissora para amplificar o impacto das inova\u00e7\u00f5es <\/strong>no setor p\u00fablico e acelerar a transforma\u00e7\u00e3o digital do governo. Esta rede permite que diferentes entidades compartilhem conhecimentos, recursos, tecnologias e pr\u00e1ticas inovadoras, maximizando assim os benef\u00edcios e minimizando redund\u00e2ncias<\/p>\n\n\n\n<h3 class=\"wp-block-heading\"><strong>Parcerias P\u00fablico-Privadas<\/strong><\/h3>\n\n\n\n<p>As parcerias p\u00fablico-privadas (PPPs) s\u00e3o colabora\u00e7\u00f5es entre o setor p\u00fablico e o privado, nas quais as habilidades, recursos e inova\u00e7\u00f5es do setor privado s\u00e3o aproveitados para entregar servi\u00e7os p\u00fablicos ou projetos de infraestrutura.  <\/p>\n\n\n\n<h2 class=\"wp-block-heading\" id=\"h-conclusao-inovacao-na-gestao-publica\">Conclus\u00e3o- Inova\u00e7\u00e3o na Gest\u00e3o P\u00fablica<\/h2>\n\n\n\n<p>Este artigo trouxe apenas um resumo conciso dos conceitos fundamentais de Inova\u00e7\u00e3o na Gest\u00e3o P\u00fablica, portanto, para dominar a banca organizadora \u00e9 importante que estudem pelas aulas em <a href=\"https:\/\/www.estrategiaconcursos.com.br\/cursos\/concurso\/\" target=\"_blank\" rel=\"noreferrer noopener\">PDF do Estrat\u00e9gia<\/a> e fa\u00e7am muitas quest\u00f5es atrav\u00e9s do <a href=\"https:\/\/www.estrategiaconcursos.com.br\/cursosPorConcurso\/sistema-de-questoes\/\" target=\"_blank\" rel=\"noreferrer noopener\">Sistema de Quest\u00f5es do Estrat\u00e9gia<\/a> para consolidar o conte\u00fado.<\/p>\n\n\n\n<p>Para ler mais artigos escritos por mim, cliquem <a href=\"https:\/\/www.estrategiaconcursos.com.br\/blog\/author\/renata-araujosodregmail-com\/\" target=\"_blank\" rel=\"noreferrer noopener\">aqui<\/a>.<\/p>\n\n\n\n<p>Um excelente estudo a todos! <\/p>\n\n\n\n<p><strong><a href=\"https:\/\/www.instagram.com\/renataraujosodre\/\" target=\"_blank\" rel=\"noreferrer noopener\">Renata Sodr\u00e9 <\/a><\/strong><\/p>\n\n\n\n<h2 class=\"wp-block-heading has-text-align-center\" id=\"cursos-assinatura\">Cursos e Assinaturas<\/h2>\n\n\n\n<p>Prepare-se com o melhor material e com quem mais aprova em Concursos P\u00fablicos em todo o pa\u00eds!<\/p>\n\n\n\n<p class=\"has-text-align-center has-vivid-cyan-blue-color has-text-color has-background\" style=\"background-color:#0078bd\"><a href=\"https:\/\/www.estrategiaconcursos.com.br\/blog\/concursos-abertos\/\" target=\"_blank\" rel=\"noreferrer noopener\"><strong><mark style=\"background-color:rgba(0, 0, 0, 0)\" class=\"has-inline-color has-white-color\">Concursos Abertos<\/mark><\/strong><\/a><\/p>\n\n\n\n<p class=\"has-text-align-center has-vivid-cyan-blue-color has-text-color has-background\" style=\"background-color:#0078bd\"><a href=\"https:\/\/www.estrategiaconcursos.com.br\/blog\/concursos-2023\/\" target=\"_blank\" rel=\"noreferrer noopener\"><strong><mark style=\"background-color:rgba(0, 0, 0, 0)\" class=\"has-inline-color has-white-color\">Concursos 2024<\/mark><\/strong><\/a><\/p>\n\n\n\n<div class=\"container\" id=\"boxes\">\r\n  <div class=\"row\">\r\n\r\n    <div class=\"col-sm\">\r\n      <div class=\"estrategia\" id=\"box-assinatura\">\r\n        <h3 class=\"titulo-assinatura\">Assinatura Concursos<\/h3>\r\n        <p class=\"subtitulo-assinatura\">Assinatura de 1 ano ou 2 anos<\/p>\r\n        <div class=\"box-botao\">\r\n          <a class=\"btn-assinatura\" target=\"_blank\" href=\"https:\/\/www.estrategiaconcursos.com.br\/assinaturas\/\" role=\"button\" rel=\"noopener noreferrer\">ASSINE AGORA<\/a>\r\n        <\/div>\r\n      <\/div><\/div><\/div><\/div>\n","protected":false},"excerpt":{"rendered":"<p>Considera\u00e7\u00f5es Iniciais &#8211; Inova\u00e7\u00e3o na Gest\u00e3o P\u00fablica Ol\u00e1, caro estrategista! Se voc\u00ea \u00e9 uma pessoa antenada, j\u00e1 deve ter percebido que est\u00e3o pipocando laborat\u00f3rios de inova\u00e7\u00e3o em quase todos os \u00f3rg\u00e3os p\u00fablicos. O pr\u00f3prio Minist\u00e9rio da Economia se desmembrou e foi criado o Minist\u00e9rio da Gest\u00e3o e da Inova\u00e7\u00e3o dos Servi\u00e7os P\u00fablicos. Ou seja, essa [&hellip;]<\/p>\n","protected":false},"author":2310,"featured_media":1362428,"comment_status":"open","ping_status":"closed","sticky":false,"template":"","format":"standard","meta":{"post_tipo":"article","footnotes":""},"categories":[1],"tags":[42,727,40,221521,221766,221767],"tax_estado":[219963],"class_list":["post-1362427","post","type-post","status-publish","format-standard","has-post-thumbnail","hentry","category-cursos-e-concursos","tag-administracao","tag-administracao-publica","tag-concurso","tag-gestao-publica","tag-inovacao","tag-inovacao-em-gestao-publica","tax_estado-concursos-federais"],"acf":[],"yoast_head":"<!-- This site is optimized with the Yoast SEO Premium plugin v27.2 (Yoast SEO v27.2) - https:\/\/yoast.com\/product\/yoast-seo-premium-wordpress\/ -->\n<title>Inova\u00e7\u00e3o na Gest\u00e3o P\u00fablica: Conceitos Iniciais<\/title>\n<meta name=\"description\" content=\"Quer aprender sobre Inova\u00e7\u00e3o na Gest\u00e3o P\u00fablica? Leia este artigo e entenda os principais conceitos sobre o tema.\" \/>\n<meta name=\"robots\" content=\"index, follow, max-snippet:-1, max-image-preview:large, max-video-preview:-1\" \/>\n<link rel=\"canonical\" href=\"https:\/\/www.estrategiaconcursos.com.br\/blog\/inovacao-gestao-publica\/\" \/>\n<meta property=\"og:locale\" content=\"pt_BR\" \/>\n<meta property=\"og:type\" content=\"article\" \/>\n<meta property=\"og:title\" content=\"Inova\u00e7\u00e3o na Gest\u00e3o P\u00fablica: Conceitos Iniciais\" \/>\n<meta property=\"og:description\" content=\"Quer aprender sobre Inova\u00e7\u00e3o na Gest\u00e3o P\u00fablica? Leia este artigo e entenda os principais conceitos sobre o tema.\" \/>\n<meta property=\"og:url\" content=\"https:\/\/www.estrategiaconcursos.com.br\/blog\/inovacao-gestao-publica\/\" \/>\n<meta property=\"og:site_name\" content=\"Estrat\u00e9gia Concursos\" \/>\n<meta property=\"article:published_time\" content=\"2024-05-22T11:00:00+00:00\" \/>\n<meta property=\"og:image\" content=\"https:\/\/dhg1h5j42swfq.cloudfront.net\/2024\/03\/01232522\/66169-scaled.jpg\" \/>\n\t<meta property=\"og:image:width\" content=\"2560\" \/>\n\t<meta property=\"og:image:height\" content=\"1862\" \/>\n\t<meta property=\"og:image:type\" content=\"image\/jpeg\" \/>\n<meta name=\"author\" content=\"Renata Ara\u00fajo Sodr\u00e9 da Silva\" \/>\n<meta name=\"twitter:card\" content=\"summary_large_image\" \/>\n<meta name=\"twitter:creator\" content=\"@EstratConcursos\" \/>\n<meta name=\"twitter:site\" content=\"@EstratConcursos\" \/>\n<meta name=\"twitter:label1\" content=\"Escrito por\" \/>\n\t<meta name=\"twitter:data1\" content=\"Renata Ara\u00fajo Sodr\u00e9 da Silva\" \/>\n\t<meta name=\"twitter:label2\" content=\"Est. tempo de leitura\" \/>\n\t<meta name=\"twitter:data2\" content=\"8 minutos\" \/>\n<script type=\"application\/ld+json\" class=\"yoast-schema-graph\">{\"@context\":\"https:\/\/schema.org\",\"@graph\":[{\"@type\":\"NewsArticle\",\"@id\":\"https:\/\/www.estrategiaconcursos.com.br\/blog\/inovacao-gestao-publica\/#article\",\"isPartOf\":{\"@id\":\"https:\/\/www.estrategiaconcursos.com.br\/blog\/inovacao-gestao-publica\/\"},\"author\":{\"name\":\"Renata Ara\u00fajo Sodr\u00e9 da Silva\",\"@id\":\"https:\/\/www.estrategiaconcursos.com.br\/blog\/#\/schema\/person\/a929d42d707cf35b05df2e2219927433\"},\"headline\":\"Inova\u00e7\u00e3o na Gest\u00e3o P\u00fablica: Conceitos Iniciais\",\"datePublished\":\"2024-05-22T11:00:00+00:00\",\"mainEntityOfPage\":{\"@id\":\"https:\/\/www.estrategiaconcursos.com.br\/blog\/inovacao-gestao-publica\/\"},\"wordCount\":1707,\"commentCount\":0,\"publisher\":{\"@id\":\"https:\/\/www.estrategiaconcursos.com.br\/blog\/#organization\"},\"image\":{\"@id\":\"https:\/\/www.estrategiaconcursos.com.br\/blog\/inovacao-gestao-publica\/#primaryimage\"},\"thumbnailUrl\":\"https:\/\/dhg1h5j42swfq.cloudfront.net\/2024\/03\/01232522\/66169-scaled.jpg\",\"keywords\":[\"Administra\u00e7\u00e3o\",\"Administra\u00e7\u00e3o P\u00fablica\",\"Concurso\",\"Gest\u00e3o P\u00fablica\",\"Inova\u00e7\u00e3o\",\"Inova\u00e7\u00e3o em Gest\u00e3o P\u00fablica\"],\"articleSection\":[\"Concursos P\u00fablicos\"],\"inLanguage\":\"pt-BR\",\"potentialAction\":[{\"@type\":\"CommentAction\",\"name\":\"Comment\",\"target\":[\"https:\/\/www.estrategiaconcursos.com.br\/blog\/inovacao-gestao-publica\/#respond\"]}],\"copyrightYear\":\"2024\",\"copyrightHolder\":{\"@id\":\"https:\/\/www.estrategiaconcursos.com.br\/blog\/#organization\"}},{\"@type\":\"WebPage\",\"@id\":\"https:\/\/www.estrategiaconcursos.com.br\/blog\/inovacao-gestao-publica\/\",\"url\":\"https:\/\/www.estrategiaconcursos.com.br\/blog\/inovacao-gestao-publica\/\",\"name\":\"Inova\u00e7\u00e3o na Gest\u00e3o P\u00fablica: Conceitos Iniciais\",\"isPartOf\":{\"@id\":\"https:\/\/www.estrategiaconcursos.com.br\/blog\/#website\"},\"primaryImageOfPage\":{\"@id\":\"https:\/\/www.estrategiaconcursos.com.br\/blog\/inovacao-gestao-publica\/#primaryimage\"},\"image\":{\"@id\":\"https:\/\/www.estrategiaconcursos.com.br\/blog\/inovacao-gestao-publica\/#primaryimage\"},\"thumbnailUrl\":\"https:\/\/dhg1h5j42swfq.cloudfront.net\/2024\/03\/01232522\/66169-scaled.jpg\",\"datePublished\":\"2024-05-22T11:00:00+00:00\",\"description\":\"Quer aprender sobre Inova\u00e7\u00e3o na Gest\u00e3o P\u00fablica? Leia este artigo e entenda os principais conceitos sobre o tema.\",\"breadcrumb\":{\"@id\":\"https:\/\/www.estrategiaconcursos.com.br\/blog\/inovacao-gestao-publica\/#breadcrumb\"},\"inLanguage\":\"pt-BR\",\"potentialAction\":[{\"@type\":\"ReadAction\",\"target\":[\"https:\/\/www.estrategiaconcursos.com.br\/blog\/inovacao-gestao-publica\/\"]}]},{\"@type\":\"ImageObject\",\"inLanguage\":\"pt-BR\",\"@id\":\"https:\/\/www.estrategiaconcursos.com.br\/blog\/inovacao-gestao-publica\/#primaryimage\",\"url\":\"https:\/\/dhg1h5j42swfq.cloudfront.net\/2024\/03\/01232522\/66169-scaled.jpg\",\"contentUrl\":\"https:\/\/dhg1h5j42swfq.cloudfront.net\/2024\/03\/01232522\/66169-scaled.jpg\",\"width\":2560,\"height\":1862,\"caption\":\"Character illustration of people with creative ideas icons\"},{\"@type\":\"BreadcrumbList\",\"@id\":\"https:\/\/www.estrategiaconcursos.com.br\/blog\/inovacao-gestao-publica\/#breadcrumb\",\"itemListElement\":[{\"@type\":\"ListItem\",\"position\":1,\"name\":\"In\u00edcio\",\"item\":\"https:\/\/www.estrategiaconcursos.com.br\/blog\/\"},{\"@type\":\"ListItem\",\"position\":2,\"name\":\"Inova\u00e7\u00e3o na Gest\u00e3o P\u00fablica: Conceitos Iniciais\"}]},{\"@type\":\"WebSite\",\"@id\":\"https:\/\/www.estrategiaconcursos.com.br\/blog\/#website\",\"url\":\"https:\/\/www.estrategiaconcursos.com.br\/blog\/\",\"name\":\"Estrat\u00e9gia Concursos\",\"description\":\"O blog da Estrat\u00e9gia Concursos traz not\u00edcias sobre concursos e artigos de professores oferecendo cursos para concursos (pdf + videaulas) no site.\",\"publisher\":{\"@id\":\"https:\/\/www.estrategiaconcursos.com.br\/blog\/#organization\"},\"potentialAction\":[{\"@type\":\"SearchAction\",\"target\":{\"@type\":\"EntryPoint\",\"urlTemplate\":\"https:\/\/www.estrategiaconcursos.com.br\/blog\/?s={search_term_string}\"},\"query-input\":{\"@type\":\"PropertyValueSpecification\",\"valueRequired\":true,\"valueName\":\"search_term_string\"}}],\"inLanguage\":\"pt-BR\"},{\"@type\":\"Organization\",\"@id\":\"https:\/\/www.estrategiaconcursos.com.br\/blog\/#organization\",\"name\":\"Estrat\u00e9gia Concursos\",\"url\":\"https:\/\/www.estrategiaconcursos.com.br\/blog\/\",\"logo\":{\"@type\":\"ImageObject\",\"inLanguage\":\"pt-BR\",\"@id\":\"https:\/\/www.estrategiaconcursos.com.br\/blog\/#\/schema\/logo\/image\/\",\"url\":\"https:\/\/dhg1h5j42swfq.cloudfront.net\/2025\/06\/03203428\/logo_concursos-1.jpg\",\"contentUrl\":\"https:\/\/dhg1h5j42swfq.cloudfront.net\/2025\/06\/03203428\/logo_concursos-1.jpg\",\"width\":230,\"height\":60,\"caption\":\"Estrat\u00e9gia Concursos\"},\"image\":{\"@id\":\"https:\/\/www.estrategiaconcursos.com.br\/blog\/#\/schema\/logo\/image\/\"},\"sameAs\":[\"https:\/\/x.com\/EstratConcursos\"]},{\"@type\":\"Person\",\"@id\":\"https:\/\/www.estrategiaconcursos.com.br\/blog\/#\/schema\/person\/a929d42d707cf35b05df2e2219927433\",\"name\":\"Renata Ara\u00fajo Sodr\u00e9 da Silva\",\"image\":{\"@type\":\"ImageObject\",\"inLanguage\":\"pt-BR\",\"@id\":\"https:\/\/secure.gravatar.com\/avatar\/ca9182e3bf6658feab2bdbe93f36f56f9771baa281700b03ec5836dcf5c88918?s=96&d=mm&r=g\",\"url\":\"https:\/\/secure.gravatar.com\/avatar\/ca9182e3bf6658feab2bdbe93f36f56f9771baa281700b03ec5836dcf5c88918?s=96&d=mm&r=g\",\"contentUrl\":\"https:\/\/secure.gravatar.com\/avatar\/ca9182e3bf6658feab2bdbe93f36f56f9771baa281700b03ec5836dcf5c88918?s=96&d=mm&r=g\",\"caption\":\"Renata Ara\u00fajo Sodr\u00e9 da Silva\"},\"url\":\"https:\/\/www.estrategiaconcursos.com.br\/blog\/author\/renata-araujosodregmail-com\/\"}]}<\/script>\n<!-- \/ Yoast SEO Premium plugin. -->","yoast_head_json":{"title":"Inova\u00e7\u00e3o na Gest\u00e3o P\u00fablica: Conceitos Iniciais","description":"Quer aprender sobre Inova\u00e7\u00e3o na Gest\u00e3o P\u00fablica? Leia este artigo e entenda os principais conceitos sobre o tema.","robots":{"index":"index","follow":"follow","max-snippet":"max-snippet:-1","max-image-preview":"max-image-preview:large","max-video-preview":"max-video-preview:-1"},"canonical":"https:\/\/www.estrategiaconcursos.com.br\/blog\/inovacao-gestao-publica\/","og_locale":"pt_BR","og_type":"article","og_title":"Inova\u00e7\u00e3o na Gest\u00e3o P\u00fablica: Conceitos Iniciais","og_description":"Quer aprender sobre Inova\u00e7\u00e3o na Gest\u00e3o P\u00fablica? Leia este artigo e entenda os principais conceitos sobre o tema.","og_url":"https:\/\/www.estrategiaconcursos.com.br\/blog\/inovacao-gestao-publica\/","og_site_name":"Estrat\u00e9gia Concursos","article_published_time":"2024-05-22T11:00:00+00:00","og_image":[{"width":2560,"height":1862,"url":"https:\/\/dhg1h5j42swfq.cloudfront.net\/2024\/03\/01232522\/66169-scaled.jpg","type":"image\/jpeg"}],"author":"Renata Ara\u00fajo Sodr\u00e9 da Silva","twitter_card":"summary_large_image","twitter_creator":"@EstratConcursos","twitter_site":"@EstratConcursos","twitter_misc":{"Escrito por":"Renata Ara\u00fajo Sodr\u00e9 da Silva","Est. tempo de leitura":"8 minutos"},"schema":{"@context":"https:\/\/schema.org","@graph":[{"@type":"NewsArticle","@id":"https:\/\/www.estrategiaconcursos.com.br\/blog\/inovacao-gestao-publica\/#article","isPartOf":{"@id":"https:\/\/www.estrategiaconcursos.com.br\/blog\/inovacao-gestao-publica\/"},"author":{"name":"Renata Ara\u00fajo Sodr\u00e9 da Silva","@id":"https:\/\/www.estrategiaconcursos.com.br\/blog\/#\/schema\/person\/a929d42d707cf35b05df2e2219927433"},"headline":"Inova\u00e7\u00e3o na Gest\u00e3o P\u00fablica: Conceitos Iniciais","datePublished":"2024-05-22T11:00:00+00:00","mainEntityOfPage":{"@id":"https:\/\/www.estrategiaconcursos.com.br\/blog\/inovacao-gestao-publica\/"},"wordCount":1707,"commentCount":0,"publisher":{"@id":"https:\/\/www.estrategiaconcursos.com.br\/blog\/#organization"},"image":{"@id":"https:\/\/www.estrategiaconcursos.com.br\/blog\/inovacao-gestao-publica\/#primaryimage"},"thumbnailUrl":"https:\/\/dhg1h5j42swfq.cloudfront.net\/2024\/03\/01232522\/66169-scaled.jpg","keywords":["Administra\u00e7\u00e3o","Administra\u00e7\u00e3o P\u00fablica","Concurso","Gest\u00e3o P\u00fablica","Inova\u00e7\u00e3o","Inova\u00e7\u00e3o em Gest\u00e3o P\u00fablica"],"articleSection":["Concursos P\u00fablicos"],"inLanguage":"pt-BR","potentialAction":[{"@type":"CommentAction","name":"Comment","target":["https:\/\/www.estrategiaconcursos.com.br\/blog\/inovacao-gestao-publica\/#respond"]}],"copyrightYear":"2024","copyrightHolder":{"@id":"https:\/\/www.estrategiaconcursos.com.br\/blog\/#organization"}},{"@type":"WebPage","@id":"https:\/\/www.estrategiaconcursos.com.br\/blog\/inovacao-gestao-publica\/","url":"https:\/\/www.estrategiaconcursos.com.br\/blog\/inovacao-gestao-publica\/","name":"Inova\u00e7\u00e3o na Gest\u00e3o P\u00fablica: Conceitos Iniciais","isPartOf":{"@id":"https:\/\/www.estrategiaconcursos.com.br\/blog\/#website"},"primaryImageOfPage":{"@id":"https:\/\/www.estrategiaconcursos.com.br\/blog\/inovacao-gestao-publica\/#primaryimage"},"image":{"@id":"https:\/\/www.estrategiaconcursos.com.br\/blog\/inovacao-gestao-publica\/#primaryimage"},"thumbnailUrl":"https:\/\/dhg1h5j42swfq.cloudfront.net\/2024\/03\/01232522\/66169-scaled.jpg","datePublished":"2024-05-22T11:00:00+00:00","description":"Quer aprender sobre Inova\u00e7\u00e3o na Gest\u00e3o P\u00fablica? Leia este artigo e entenda os principais conceitos sobre o tema.","breadcrumb":{"@id":"https:\/\/www.estrategiaconcursos.com.br\/blog\/inovacao-gestao-publica\/#breadcrumb"},"inLanguage":"pt-BR","potentialAction":[{"@type":"ReadAction","target":["https:\/\/www.estrategiaconcursos.com.br\/blog\/inovacao-gestao-publica\/"]}]},{"@type":"ImageObject","inLanguage":"pt-BR","@id":"https:\/\/www.estrategiaconcursos.com.br\/blog\/inovacao-gestao-publica\/#primaryimage","url":"https:\/\/dhg1h5j42swfq.cloudfront.net\/2024\/03\/01232522\/66169-scaled.jpg","contentUrl":"https:\/\/dhg1h5j42swfq.cloudfront.net\/2024\/03\/01232522\/66169-scaled.jpg","width":2560,"height":1862,"caption":"Character illustration of people with creative ideas icons"},{"@type":"BreadcrumbList","@id":"https:\/\/www.estrategiaconcursos.com.br\/blog\/inovacao-gestao-publica\/#breadcrumb","itemListElement":[{"@type":"ListItem","position":1,"name":"In\u00edcio","item":"https:\/\/www.estrategiaconcursos.com.br\/blog\/"},{"@type":"ListItem","position":2,"name":"Inova\u00e7\u00e3o na Gest\u00e3o P\u00fablica: Conceitos Iniciais"}]},{"@type":"WebSite","@id":"https:\/\/www.estrategiaconcursos.com.br\/blog\/#website","url":"https:\/\/www.estrategiaconcursos.com.br\/blog\/","name":"Estrat\u00e9gia Concursos","description":"O blog da Estrat\u00e9gia Concursos traz not\u00edcias sobre concursos e artigos de professores oferecendo cursos para concursos (pdf + videaulas) no site.","publisher":{"@id":"https:\/\/www.estrategiaconcursos.com.br\/blog\/#organization"},"potentialAction":[{"@type":"SearchAction","target":{"@type":"EntryPoint","urlTemplate":"https:\/\/www.estrategiaconcursos.com.br\/blog\/?s={search_term_string}"},"query-input":{"@type":"PropertyValueSpecification","valueRequired":true,"valueName":"search_term_string"}}],"inLanguage":"pt-BR"},{"@type":"Organization","@id":"https:\/\/www.estrategiaconcursos.com.br\/blog\/#organization","name":"Estrat\u00e9gia Concursos","url":"https:\/\/www.estrategiaconcursos.com.br\/blog\/","logo":{"@type":"ImageObject","inLanguage":"pt-BR","@id":"https:\/\/www.estrategiaconcursos.com.br\/blog\/#\/schema\/logo\/image\/","url":"https:\/\/dhg1h5j42swfq.cloudfront.net\/2025\/06\/03203428\/logo_concursos-1.jpg","contentUrl":"https:\/\/dhg1h5j42swfq.cloudfront.net\/2025\/06\/03203428\/logo_concursos-1.jpg","width":230,"height":60,"caption":"Estrat\u00e9gia Concursos"},"image":{"@id":"https:\/\/www.estrategiaconcursos.com.br\/blog\/#\/schema\/logo\/image\/"},"sameAs":["https:\/\/x.com\/EstratConcursos"]},{"@type":"Person","@id":"https:\/\/www.estrategiaconcursos.com.br\/blog\/#\/schema\/person\/a929d42d707cf35b05df2e2219927433","name":"Renata Ara\u00fajo Sodr\u00e9 da Silva","image":{"@type":"ImageObject","inLanguage":"pt-BR","@id":"https:\/\/secure.gravatar.com\/avatar\/ca9182e3bf6658feab2bdbe93f36f56f9771baa281700b03ec5836dcf5c88918?s=96&d=mm&r=g","url":"https:\/\/secure.gravatar.com\/avatar\/ca9182e3bf6658feab2bdbe93f36f56f9771baa281700b03ec5836dcf5c88918?s=96&d=mm&r=g","contentUrl":"https:\/\/secure.gravatar.com\/avatar\/ca9182e3bf6658feab2bdbe93f36f56f9771baa281700b03ec5836dcf5c88918?s=96&d=mm&r=g","caption":"Renata Ara\u00fajo Sodr\u00e9 da Silva"},"url":"https:\/\/www.estrategiaconcursos.com.br\/blog\/author\/renata-araujosodregmail-com\/"}]}},"_links":{"self":[{"href":"https:\/\/www.estrategiaconcursos.com.br\/blog\/wp-json\/wp\/v2\/posts\/1362427","targetHints":{"allow":["GET"]}}],"collection":[{"href":"https:\/\/www.estrategiaconcursos.com.br\/blog\/wp-json\/wp\/v2\/posts"}],"about":[{"href":"https:\/\/www.estrategiaconcursos.com.br\/blog\/wp-json\/wp\/v2\/types\/post"}],"author":[{"embeddable":true,"href":"https:\/\/www.estrategiaconcursos.com.br\/blog\/wp-json\/wp\/v2\/users\/2310"}],"replies":[{"embeddable":true,"href":"https:\/\/www.estrategiaconcursos.com.br\/blog\/wp-json\/wp\/v2\/comments?post=1362427"}],"version-history":[{"count":10,"href":"https:\/\/www.estrategiaconcursos.com.br\/blog\/wp-json\/wp\/v2\/posts\/1362427\/revisions"}],"predecessor-version":[{"id":1380228,"href":"https:\/\/www.estrategiaconcursos.com.br\/blog\/wp-json\/wp\/v2\/posts\/1362427\/revisions\/1380228"}],"wp:featuredmedia":[{"embeddable":true,"href":"https:\/\/www.estrategiaconcursos.com.br\/blog\/wp-json\/wp\/v2\/media\/1362428"}],"wp:attachment":[{"href":"https:\/\/www.estrategiaconcursos.com.br\/blog\/wp-json\/wp\/v2\/media?parent=1362427"}],"wp:term":[{"taxonomy":"category","embeddable":true,"href":"https:\/\/www.estrategiaconcursos.com.br\/blog\/wp-json\/wp\/v2\/categories?post=1362427"},{"taxonomy":"post_tag","embeddable":true,"href":"https:\/\/www.estrategiaconcursos.com.br\/blog\/wp-json\/wp\/v2\/tags?post=1362427"},{"taxonomy":"tax_estado","embeddable":true,"href":"https:\/\/www.estrategiaconcursos.com.br\/blog\/wp-json\/wp\/v2\/tax_estado?post=1362427"}],"curies":[{"name":"wp","href":"https:\/\/api.w.org\/{rel}","templated":true}]}}