{"id":1359216,"date":"2024-04-01T11:00:00","date_gmt":"2024-04-01T14:00:00","guid":{"rendered":"https:\/\/www.estrategiaconcursos.com.br\/blog\/?p=1359216"},"modified":"2024-04-01T12:37:00","modified_gmt":"2024-04-01T15:37:00","slug":"prova-do-concurso-da-pm","status":"publish","type":"post","link":"https:\/\/www.estrategiaconcursos.com.br\/blog\/prova-do-concurso-da-pm\/","title":{"rendered":"Prova do Concurso da PM: o que \u00e9 necess\u00e1rio?"},"content":{"rendered":"\n<p>Ol\u00e1, Estrategista! Tudo bem contigo? Espero que sim! Nesta ocasi\u00e3o, iremos trazer um panorama geral a respeito dos concursos para PM (Pol\u00edcia Militar) em todo o Brasil, sobretudo com base na Lei Org\u00e2nica Nacional. Al\u00e9m disso, apresentaremos as principais oportunidades que poder\u00e3o vir em 2024.<\/p>\n\n\n\n<div class=\"wp-block-yoast-seo-table-of-contents yoast-table-of-contents\"><ul><li><a href=\"#requisitos\" data-level=\"2\">Requisitos para o concurso da PM, conforme a Lei Org\u00e2nica Nacional<\/a><\/li><li><a href=\"#h-etapas-de-prova-do-concurso-da-pm-e-oportunidades-em-2024\" data-level=\"2\">Etapas de prova do concurso da PM e oportunidades em 2024<\/a><\/li><li><a href=\"#consider\" data-level=\"2\">Considera\u00e7\u00f5es finais<\/a><\/li><li><a href=\"#h-inicie-a-sua-preparacao-para-os-concursos-da-policia-militar\" data-level=\"2\">Inicie a sua prepara\u00e7\u00e3o para os concursos da Pol\u00edcia Militar!<\/a><\/li><li><a href=\"#h-quer-saber-tudo-sobre-concursos-previstos-confira-nossos-artigos\" data-level=\"2\">Quer saber tudo sobre concursos previstos? Confira nossos artigos!<\/a><\/li><\/ul><\/div>\n\n\n\n<p>Entretanto, antes de adentrar no conte\u00fado espec\u00edfico deste material, precisamos discorrer um pouco sobre as gradua\u00e7\u00f5es e postos existentes na PM. Dessa maneira, possuindo como pilar a hierarquia existente no Ex\u00e9rcito, as institui\u00e7\u00f5es castrenses estaduais possuem a seguinte organiza\u00e7\u00e3o:<\/p>\n\n\n\n<ul class=\"wp-block-list\">\n<li>No tocante \u00e0s <strong>pra\u00e7as<\/strong>: <strong>Aluno Soldado<\/strong>, <strong>Soldado<\/strong>, <strong>Cabo<\/strong>, <strong>Aluno Sargento<\/strong>, <strong>3\u00ba Sargento<\/strong>, <strong>2\u00ba Sargento<\/strong>, <strong>1\u00ba Sargento<\/strong> e <strong>Subtenente<\/strong>;<\/li>\n\n\n\n<li>Quanto aos <strong>oficiais<\/strong>: <strong>2\u00ba Tenente<\/strong>, <strong>1\u00ba Tenente<\/strong>, <strong>Capit\u00e3o<\/strong>, <strong>Major<\/strong>, <strong>Tenente-Coronel<\/strong> e <strong>Coronel<\/strong>.<\/li>\n<\/ul>\n\n\n\n<p>Em rela\u00e7\u00e3o aos primeiros, a atribui\u00e7\u00e3o das gradua\u00e7\u00f5es ocorre por ato do Comandante-geral da institui\u00e7\u00e3o, ao passo que em rela\u00e7\u00e3o aos \u00faltimos, a designa\u00e7\u00e3o do posto decorre de ato do Governador.<\/p>\n\n\n\n<p>Ainda com rela\u00e7\u00e3o aos oficiais, o ingresso na carreira pode advir de concurso p\u00fablico para o <strong>Quadro de Oficiais do Estado-Maior<\/strong> (antigos Oficiais Combatentes). Nessa situa\u00e7\u00e3o, o matriculado no Curso de Forma\u00e7\u00e3o de Oficiais ser\u00e1 chamado de Cadete.<\/p>\n\n\n\n<p>Por outra via, \u00e9 poss\u00edvel tamb\u00e9m que a pra\u00e7a progrida na carreira ao ponto de alcan\u00e7ar o quadro de Oficiais. Nesse contexto, a progress\u00e3o hier\u00e1rquica pode ocorrer por diversos crit\u00e9rios, como antiguidade, merecimento e bravura. Assim, a pra\u00e7a ser\u00e1 matriculada (nomeada de Aluno-Oficial) no Curso de Habilita\u00e7\u00e3o de Oficiais e, se exitosa, passar\u00e1 a compor o <strong>Quadro de Oficiais Especialistas<\/strong> (antigos Oficiais Auxiliares) da institui\u00e7\u00e3o.<\/p>\n\n\n\n<p>Ademais, al\u00e9m dos quadros funcionais mencionados, h\u00e1 ainda o <strong>Quadro de Oficiais de Sa\u00fade<\/strong>, no qual poder\u00e3o ingressar graduados dessa \u00e1rea, a exemplo de m\u00e9dicos, dentistas e psic\u00f3logos.<\/p>\n\n\n\n<p>Por fim, a Lei Org\u00e2nica Nacional possibilitou tamb\u00e9m a cria\u00e7\u00e3o do <strong>Quadro de Oficiais e Pra\u00e7as Tempor\u00e1rios<\/strong>, por tempo determinado, consoante legisla\u00e7\u00e3o federativa.<\/p>\n\n\n\n<figure class=\"wp-block-image aligncenter size-large is-resized\"><img decoding=\"async\" src=\"https:\/\/dhg1h5j42swfq.cloudfront.net\/2018\/11\/05062621\/pol%C3%ADcia-militar-f.jpg\" alt=\"Concurso para PM\" class=\"wp-image-150137\" style=\"width:840px;height:auto\"\/><\/figure>\n\n\n\n<h2 class=\"wp-block-heading\" id=\"requisitos\">Requisitos para o concurso da PM, conforme a Lei Org\u00e2nica Nacional<\/h2>\n\n\n\n<p>A princ\u00edpio, teremos tr\u00eas <strong>Quadros institucionais<\/strong> de ingresso: Pra\u00e7as; Oficiais do Estado-Maior; e Oficiais da Sa\u00fade.<\/p>\n\n\n\n<p>Nessa conjuntura, em rela\u00e7\u00e3o aos <strong>Oficiais da Sa\u00fade<\/strong>, esses ingressar\u00e3o na institui\u00e7\u00e3o na gradua\u00e7\u00e3o de Aluno-Oficial. Portanto, essas pra\u00e7as especiais dever\u00e3o ter \u00eaxito no Curso Habilita\u00e7\u00e3o para que haja a sua promo\u00e7\u00e3o ao posto de 2\u00ba Tenente.<\/p>\n\n\n\n<ul class=\"wp-block-list\">\n<li>\u00c9 oportuno mencionar que outrora, em maioria dos entes federativos, o ingressante no Quadro de Oficiais da Sa\u00fade j\u00e1 ingressava como 2\u00ba Tenente. Contudo, a aludida legisla\u00e7\u00e3o trouxe essa importante modifica\u00e7\u00e3o.<\/li>\n\n\n\n<li>Cabe \u00e0 <strong>legisla\u00e7\u00e3o do ente federativo<\/strong> regular as gradua\u00e7\u00f5es abarcadas pelo aludido Quadro. No entanto, geralmente, s\u00e3o Medicina, Odontologia, Psicologia e Nutri\u00e7\u00e3o.<\/li>\n<\/ul>\n\n\n\n<p>Outrossim, quanto aos <strong>Oficiais do Estado-Maior<\/strong>, a norma em tela estabelece uniformemente a necessidade do <strong>Bacharelado em Direito<\/strong> para ingresso na carreira. Antes dessa promulga\u00e7\u00e3o normativa, diversos entes federativos, como Goi\u00e1s, Santa Catarina, Minas Gerais, Sergipe, Pernambuco e Rio Grande do Norte, j\u00e1 haviam aderido a essa tend\u00eancia.<\/p>\n\n\n\n<p>Todavia, ainda persistiam alguns entes federativos, como Bahia e Alagoas, que exigiam o mero Ensino M\u00e9dio para matr\u00edcula no Curso de Forma\u00e7\u00e3o de Oficiais (CFO). Diante disso, foi necess\u00e1rio que o legislador federal uniformizasse esse crit\u00e9rio, inclusive resultando no reconhecimento dessa carreira como jur\u00eddica.<\/p>\n\n\n\n<ul class=\"wp-block-list\">\n<li>Tal como exposto anteriormente, o ingressante no CFO \u00e9 chamado de Cadete. Ap\u00f3s a conclus\u00e3o e aprova\u00e7\u00e3o no curso, vai ser declarado Aspirante-a-Oficial pelo Comandante-Geral. Ultrapassado o interst\u00edcio do \u201caspirantado\u201d, o Governador promove-lhe ao posto de 2\u00ba Tenente.<\/li>\n<\/ul>\n\n\n\n<p>Enfim, com rela\u00e7\u00e3o \u00e0s <strong>Pra\u00e7as<\/strong>, definiu-se pela exig\u00eancia de <strong>n\u00edvel superior<\/strong> em qualquer \u00e1rea para admiss\u00e3o na carreira. Desse modo, o matriculado no Curso Forma\u00e7\u00e3o de Pra\u00e7as ser\u00e1 denominado Aluno Soldado. Ao final dessa etapa, sendo aprovado, ser\u00e1 promovido a Soldado.<\/p>\n\n\n\n<p>Para encerrar, o <strong>artigo 13 da Lei Org\u00e2nica Nacional<\/strong> define <strong>condi\u00e7\u00f5es b\u00e1sicas<\/strong> para o candidato do concurso para PM:<\/p>\n\n\n\n<blockquote class=\"wp-block-quote is-layout-flow wp-block-quote-is-layout-flow\">\n<p><\/p>\n<cite>Art. 13. S\u00e3o condi\u00e7\u00f5es b\u00e1sicas para ingresso nas pol\u00edcias militares e nos corpos de bombeiros militares dos Estados, do Distrito Federal e dos Territ\u00f3rios, al\u00e9m do previsto na lei do ente federado:<br \/>I &#8211; ser brasileiro;<br \/>II &#8211; estar quite com as obriga\u00e7\u00f5es militares e eleitorais;<br \/>III &#8211; n\u00e3o registrar antecedentes penais dolosos incompat\u00edveis com a atividade, nos termos da legisla\u00e7\u00e3o do ente federado;<br \/>IV &#8211; estar no gozo dos direitos pol\u00edticos;<br \/>V &#8211; ser aprovado em concurso p\u00fablico de provas ou de provas e t\u00edtulos;<br \/>VI &#8211; ter procedimento social e idoneidade moral irrepreens\u00edveis, compat\u00edveis com a fun\u00e7\u00e3o p\u00fablica militar, apurados por meio de investiga\u00e7\u00e3o;<br \/>VII &#8211; ter capacita\u00e7\u00e3o f\u00edsica e psicol\u00f3gica compat\u00edvel com o cargo, verificada por meio de exame de aptid\u00e3o com crit\u00e9rios t\u00e9cnicos e objetivos definidos no edital;<br \/>VIII &#8211; ser aprovado em exame de sa\u00fade e exame toxicol\u00f3gico com larga janela de detec\u00e7\u00e3o;<br \/>IX &#8211; comprovar, na data de admiss\u00e3o, de incorpora\u00e7\u00e3o ou de formatura, o grau de escolaridade superior, nos termos do art. 15 desta Lei e da legisla\u00e7\u00e3o do ente federado; e<br \/>X &#8211; n\u00e3o possuir tatuagens vis\u00edveis, quando em uso dos diversos uniformes, de su\u00e1sticas, de obscenidades e de ideologias terroristas ou que fa\u00e7am apologia \u00e0 viol\u00eancia, \u00e0s drogas il\u00edcitas ou \u00e0 discrimina\u00e7\u00e3o de ra\u00e7a, credo, sexo ou origem.<br \/>Par\u00e1grafo \u00fanico. Al\u00e9m do tratamento previsto na legisla\u00e7\u00e3o militar, os militares t\u00eam direito ao tratamento protocolar deferido \u00e0s carreiras que tenham o mesmo requisito de ingresso no cargo ou na atividade.<\/cite><\/blockquote>\n\n\n\n<h2 class=\"wp-block-heading\" id=\"h-etapas-de-prova-do-concurso-da-pm-e-oportunidades-em-2024\">Etapas de prova do concurso da PM e oportunidades em 2024<\/h2>\n\n\n\n<p>Inicialmente, devemos compreender que o concurso para PM, geralmente, \u00e9 longo, visto que se constitui por diversas fases: <strong>exames intelectuais<\/strong>; <strong>teste de aptid\u00e3o f\u00edsica<\/strong>; <strong>avalia\u00e7\u00f5es psicol\u00f3gicas e m\u00e9dicas<\/strong>; <strong>averigua\u00e7\u00e3o da vida pregressa<\/strong>; <strong>verifica\u00e7\u00e3o de t\u00edtulos<\/strong>; entre outros.<\/p>\n\n\n\n<ul class=\"wp-block-list\">\n<li>A an\u00e1lise de t\u00edtulos n\u00e3o ocorre em todos os certames e n\u00e3o pode ser eliminat\u00f3ria, apenas classificat\u00f3ria.<\/li>\n<\/ul>\n\n\n\n<p>Nesse contexto, a <strong>dura\u00e7\u00e3o<\/strong> desses certames circunda, costumeiramente, <strong>entre seis meses a um ano<\/strong> da publica\u00e7\u00e3o do edital \u00e0 sua homologa\u00e7\u00e3o. Contudo, n\u00e3o obstante esse grande per\u00edodo, a aprova\u00e7\u00e3o nessas etapas n\u00e3o se fomenta ap\u00f3s a divulga\u00e7\u00e3o do edital pela banca examinadora, mas sim previamente com as estrat\u00e9gias adequadas.<\/p>\n\n\n\n<p>Dessa forma, os <strong>exames intelectuais<\/strong>, em regra, comp\u00f5em-se de <strong>provas objetivas e discursivas<\/strong>, que podem ser reda\u00e7\u00f5es ou quest\u00f5es subjetivas. Concomitante a essa prepara\u00e7\u00e3o, \u00e9 fundamental que o candidato possua uma <strong>rotina de atividade f\u00edsica<\/strong>, a qual \u2013 al\u00e9m de colaborar com o <strong>controle da sua ansiedade e outras condi\u00e7\u00f5es psicol\u00f3gicas e m\u00e9dicas<\/strong> \u2013, certamente, definir\u00e1 a aprova\u00e7\u00e3o ou n\u00e3o do candidato no concurso.<\/p>\n\n\n\n<ul class=\"wp-block-list\">\n<li>Segundo levantamento da <a href=\"https:\/\/www.metropoles.com\/vaga-garantida\/taf-etapa-negligenciada-por-concurseiros-reprova-ate-60\" target=\"_blank\" rel=\"noreferrer noopener\">Revista Metr\u00f3poles, <strong>a m\u00e9dia de reprova\u00e7\u00e3o nos TAFs \u00e9 de 30%<\/strong><\/a>.<\/li>\n<\/ul>\n\n\n\n<p>Por outra via, com rela\u00e7\u00e3o a <strong>verifica\u00e7\u00e3o da vida pregressa do candidato<\/strong>, essa avalia\u00e7\u00e3o se realiza <strong>n\u00e3o apenas com base nos seus antecedentes criminais, mas tamb\u00e9m analisando a sua idoneidade perante \u00e0 comunidade<\/strong>. Dessa forma, com exce\u00e7\u00e3o de casos que notoriamente impossibilitam o exerc\u00edcio da fun\u00e7\u00e3o policial militar, <strong>a maioria das reprova\u00e7\u00f5es decorrem de omiss\u00f5es<\/strong>.<\/p>\n\n\n\n<ul class=\"wp-block-list\">\n<li>As institui\u00e7\u00f5es policiais militares possuem uma ampla base de dados, podendo \u2013 inclusive \u2013 solicitar informa\u00e7\u00f5es a entes p\u00fablicos e privados sobre voc\u00ea. Logo, <strong>n\u00e3o esconda informa\u00e7\u00f5es<\/strong>;<\/li>\n\n\n\n<li>Salientamos que, essa etapa, <strong>costuma ter dura\u00e7\u00e3o at\u00e9 o final do curso de forma\u00e7\u00e3o<\/strong>. Sendo assim, as corpora\u00e7\u00f5es ter\u00e3o bastante tempo para diligenciar.<\/li>\n<\/ul>\n\n\n\n<p>Para terminar, verifique a seguir as oportunidades de concurso para PM em 2024:<\/p>\n\n\n\n<figure class=\"wp-block-image aligncenter size-full\"><img loading=\"lazy\" decoding=\"async\" width=\"486\" height=\"295\" src=\"https:\/\/dhg1h5j42swfq.cloudfront.net\/2024\/02\/27102335\/image-694.png\" alt=\"quadro de informa\u00e7\u00f5es sobre concursos da pol\u00edcia militar previstos \" class=\"wp-image-1359517\" srcset=\"https:\/\/dhg1h5j42swfq.cloudfront.net\/2024\/02\/27102335\/image-694.png 486w, https:\/\/dhg1h5j42swfq.cloudfront.net\/2024\/02\/27102335\/image-694-300x182.png 300w, https:\/\/dhg1h5j42swfq.cloudfront.net\/2024\/02\/27102335\/image-694-150x91.png 150w\" sizes=\"auto, (max-width: 486px) 100vw, 486px\" \/><\/figure>\n\n\n\n<p><em><strong>Leia tamb\u00e9m:<\/strong><\/em><\/p>\n\n\n\n<ul class=\"wp-block-list\">\n<li><a href=\"https:\/\/www.estrategiaconcursos.com.br\/blog\/concurso-pm-es\/\" target=\"_blank\" rel=\"noreferrer noopener\">Concurso PM ES: Idecan \u00e9 a banca. Edital at\u00e9 abril!<\/a><\/li>\n\n\n\n<li><a href=\"https:\/\/www.estrategiaconcursos.com.br\/blog\/concurso-pm-sp\/\" target=\"_blank\" rel=\"noreferrer noopener\">Concurso PM SP: 2.700 vagas para Soldado; inscreva-se!<\/a><\/li>\n\n\n\n<li><a href=\"https:\/\/www.estrategiaconcursos.com.br\/blog\/concurso-pmerj-nova-convocacao-prova-soldado\/\" target=\"_blank\" rel=\"noreferrer noopener\">Concurso PMERJ: saiu a convoca\u00e7\u00e3o para a prova objetiva<\/a><\/li>\n<\/ul>\n\n\n\n<p><\/p>\n\n\n\n<h2 class=\"wp-block-heading\" id=\"consider\">Considera\u00e7\u00f5es finais<\/h2>\n\n\n\n<p>Desse modo, exaurimos todas as informa\u00e7\u00f5es necess\u00e1rias acerca da carreira das Pra\u00e7as e dos Oficiais, inclusive em conformidade com a Lei Org\u00e2nica Nacional. Ademais, apresentamos as condi\u00e7\u00f5es b\u00e1sicas e etapas do concurso para PM. Enfim, apresentamos tamb\u00e9m as oportunidades dessa \u00e1rea em 2024.<\/p>\n\n\n\n<ul class=\"wp-block-list\">\n<li><a href=\"https:\/\/www.estrategiaconcursos.com.br\/blog\/lei-organica-militares-estaduais-01\/\" target=\"_blank\" rel=\"noreferrer noopener\">Lei org\u00e2nica nacional das institui\u00e7\u00f5es militares estaduais: parte 01<\/a><\/li>\n\n\n\n<li><a href=\"https:\/\/www.estrategiaconcursos.com.br\/blog\/lei-organica-militares-estaduais-02\/\" target=\"_blank\" rel=\"noreferrer noopener\">Lei org\u00e2nica dos militares estaduais: parte 02<\/a><\/li>\n\n\n\n<li><a href=\"https:\/\/www.estrategiaconcursos.com.br\/blog\/pm-estados-maiores-remuneracoes\/\" target=\"_blank\" rel=\"noreferrer noopener\">Pol\u00edcia Militar Sal\u00e1rios: confira os Estados com as maiores remunera\u00e7\u00f5es<\/a><\/li>\n<\/ul>\n\n\n\n<p>Desejo-te perseveran\u00e7a e f\u00e9 nos seus objetivos. Lembre-se sempre: \u00e9 justo que muito custo o que muito vale.<\/p>\n\n\n\n<p><strong>Bons estudos!<\/strong><\/p>\n\n\n\n<h2 class=\"wp-block-heading has-text-align-center\" id=\"h-inicie-a-sua-preparacao-para-os-concursos-da-policia-militar\">Inicie a sua prepara\u00e7\u00e3o para os concursos da Pol\u00edcia Militar!<\/h2>\n\n\n\n<div class=\"container\" id=\"boxes\">\n  <div class=\"row\">\n\n    <div class=\"col-sm\">\n      <div class=\"banner-policia-militar\" id=\"box-assinatura\">\n        <h3 class=\"titulo-assinatura\" style=\"text-align: left;\">Concursos da Pol\u00edcia Militar<\/h3>\n        <p class=\"subtitulo-assinatura\" style=\"text-align: left;\">Explore os cursos para a carreira na PM \u2728<\/p>\n        <div class=\"box-botao\" style=\"text-align: left;\">\n          <a class=\"btn-assinatura\" target=\"_blank\" href=\"https:\/\/www.estrategiaconcursos.com.br\/cursosPorConcurso\/cursos-para-concursos-policiais\/\" role=\"button\" rel=\"noopener noreferrer\">ESTUDE CONOSCO<\/a>\n        <\/div>\n      <\/div><\/div><\/div><\/div>\n\n\n\n<div id=\"boxes\" class=\"container\">\n<div class=\"row\">\n<div class=\"col-sm\">\n<div id=\"box-assinatura\" class=\"estrategia\">\n<h3 class=\"titulo-assinatura\">Assinatura de Concursos<\/h3>\n<p class=\"subtitulo-assinatura\">Assinatura 1 ou 2 anos <\/p>\n<div class=\"box-botao\"><a class=\"btn-assinatura\" role=\"button\" href=\"https:\/\/www.estrategiaconcursos.com.br\/assinaturas\/\" target=\"_blank\" rel=\"noopener noreferrer\">ASSINE AGORA<\/a><\/div>\n<\/div><\/div><\/div><\/div>\n\n\n\n<h2 class=\"wp-block-heading has-text-align-center\" id=\"h-quer-saber-tudo-sobre-concursos-previstos-confira-nossos-artigos\">Quer saber tudo sobre concursos previstos?<br \/>Confira nossos artigos!<\/h2>\n\n\n\n<ul class=\"wp-block-list\">\n<li><a href=\"https:\/\/www.estrategiaconcursos.com.br\/blog\/concursos-abertos\/\" target=\"_blank\" rel=\"noreferrer noopener\">Concursos abertos<\/a><\/li>\n\n\n\n<li><a href=\"https:\/\/www.estrategiaconcursos.com.br\/blog\/concursos-2024\/\" target=\"_blank\" rel=\"noreferrer noopener\">Concursos 2024<\/a><\/li>\n<\/ul>\n","protected":false},"excerpt":{"rendered":"<p>Ol\u00e1, Estrategista! Tudo bem contigo? Espero que sim! Nesta ocasi\u00e3o, iremos trazer um panorama geral a respeito dos concursos para PM (Pol\u00edcia Militar) em todo o Brasil, sobretudo com base na Lei Org\u00e2nica Nacional. Al\u00e9m disso, apresentaremos as principais oportunidades que poder\u00e3o vir em 2024. Entretanto, antes de adentrar no conte\u00fado espec\u00edfico deste material, precisamos [&hellip;]<\/p>\n","protected":false},"author":2566,"featured_media":150137,"comment_status":"open","ping_status":"closed","sticky":false,"template":"","format":"standard","meta":{"post_tipo":"article","footnotes":""},"categories":[1,220186,220187],"tags":[221747,221748,221746],"tax_estado":[219964,219965,219966,219967,219968,219969,219963,219970,219971,219972,219973,219974,219975,219976,219977,219978,219979,219980,219981,219982,219983,219984,219985,219986,219987,219988,219989,219990],"class_list":["post-1359216","post","type-post","status-publish","format-standard","has-post-thumbnail","hentry","category-cursos-e-concursos","category-policial-oficial","category-policial-pracas","tag-concurso-policial","tag-concursos-2024","tag-policia-militar-2","tax_estado-ac","tax_estado-al","tax_estado-am","tax_estado-ap","tax_estado-ba","tax_estado-ce","tax_estado-concursos-federais","tax_estado-df","tax_estado-es","tax_estado-go","tax_estado-ma","tax_estado-mg","tax_estado-ms","tax_estado-mt","tax_estado-pa","tax_estado-pb","tax_estado-pe","tax_estado-pi","tax_estado-pr","tax_estado-rj","tax_estado-rn","tax_estado-ro","tax_estado-rr","tax_estado-rs","tax_estado-sc","tax_estado-se","tax_estado-sp","tax_estado-to"],"acf":[],"yoast_head":"<!-- This site is optimized with the Yoast SEO Premium plugin v27.2 (Yoast SEO v27.2) - https:\/\/yoast.com\/product\/yoast-seo-premium-wordpress\/ -->\n<title>Prova do Concurso da PM: o que \u00e9 necess\u00e1rio?<\/title>\n<meta name=\"description\" content=\"Confira agora tudo sobre a prova do concurso da PM e as condi\u00e7\u00f5es, etapas e oportunidades para voc\u00ea se tornar policial militar em 2024!\" \/>\n<meta name=\"robots\" content=\"index, follow, max-snippet:-1, max-image-preview:large, max-video-preview:-1\" \/>\n<link rel=\"canonical\" href=\"https:\/\/www.estrategiaconcursos.com.br\/blog\/prova-do-concurso-da-pm\/\" \/>\n<meta property=\"og:locale\" content=\"pt_BR\" \/>\n<meta property=\"og:type\" content=\"article\" \/>\n<meta property=\"og:title\" content=\"Prova do Concurso da PM: o que \u00e9 necess\u00e1rio?\" \/>\n<meta property=\"og:description\" content=\"Confira agora tudo sobre a prova do concurso da PM e as condi\u00e7\u00f5es, etapas e oportunidades para voc\u00ea se tornar policial militar em 2024!\" \/>\n<meta property=\"og:url\" content=\"https:\/\/www.estrategiaconcursos.com.br\/blog\/prova-do-concurso-da-pm\/\" \/>\n<meta property=\"og:site_name\" content=\"Estrat\u00e9gia Concursos\" \/>\n<meta property=\"article:published_time\" content=\"2024-04-01T14:00:00+00:00\" \/>\n<meta property=\"article:modified_time\" content=\"2024-04-01T15:37:00+00:00\" \/>\n<meta property=\"og:image\" content=\"https:\/\/dhg1h5j42swfq.cloudfront.net\/2018\/11\/05062621\/pol%C3%ADcia-militar-f.jpg\" \/>\n\t<meta property=\"og:image:width\" content=\"1600\" \/>\n\t<meta property=\"og:image:height\" content=\"933\" \/>\n\t<meta property=\"og:image:type\" content=\"image\/jpeg\" \/>\n<meta name=\"author\" content=\"Gabriel Rocha da Gra\u00e7a\" \/>\n<meta name=\"twitter:card\" content=\"summary_large_image\" \/>\n<meta name=\"twitter:creator\" content=\"@EstratConcursos\" \/>\n<meta name=\"twitter:site\" content=\"@EstratConcursos\" \/>\n<meta name=\"twitter:label1\" content=\"Escrito por\" \/>\n\t<meta name=\"twitter:data1\" content=\"Gabriel Rocha da Gra\u00e7a\" \/>\n\t<meta name=\"twitter:label2\" content=\"Est. tempo de leitura\" \/>\n\t<meta name=\"twitter:data2\" content=\"8 minutos\" \/>\n<script type=\"application\/ld+json\" class=\"yoast-schema-graph\">{\"@context\":\"https:\/\/schema.org\",\"@graph\":[{\"@type\":\"NewsArticle\",\"@id\":\"https:\/\/www.estrategiaconcursos.com.br\/blog\/prova-do-concurso-da-pm\/#article\",\"isPartOf\":{\"@id\":\"https:\/\/www.estrategiaconcursos.com.br\/blog\/prova-do-concurso-da-pm\/\"},\"author\":{\"name\":\"Gabriel Rocha da Gra\u00e7a\",\"@id\":\"https:\/\/www.estrategiaconcursos.com.br\/blog\/#\/schema\/person\/b7dbf284f7775e26e8fafbe6a56c1fc0\"},\"headline\":\"Prova do Concurso da PM: o que \u00e9 necess\u00e1rio?\",\"datePublished\":\"2024-04-01T14:00:00+00:00\",\"dateModified\":\"2024-04-01T15:37:00+00:00\",\"mainEntityOfPage\":{\"@id\":\"https:\/\/www.estrategiaconcursos.com.br\/blog\/prova-do-concurso-da-pm\/\"},\"wordCount\":1554,\"commentCount\":0,\"publisher\":{\"@id\":\"https:\/\/www.estrategiaconcursos.com.br\/blog\/#organization\"},\"image\":{\"@id\":\"https:\/\/www.estrategiaconcursos.com.br\/blog\/prova-do-concurso-da-pm\/#primaryimage\"},\"thumbnailUrl\":\"https:\/\/dhg1h5j42swfq.cloudfront.net\/2018\/11\/05062621\/pol%C3%ADcia-militar-f.jpg\",\"keywords\":[\"concurso policial\",\"concursos 2024\",\"policia militar\"],\"articleSection\":[\"Concursos P\u00fablicos\",\"Policial (PM\/BM - Oficial)\",\"Policial (PM\/BM - Pra\u00e7as)\"],\"inLanguage\":\"pt-BR\",\"potentialAction\":[{\"@type\":\"CommentAction\",\"name\":\"Comment\",\"target\":[\"https:\/\/www.estrategiaconcursos.com.br\/blog\/prova-do-concurso-da-pm\/#respond\"]}],\"copyrightYear\":\"2024\",\"copyrightHolder\":{\"@id\":\"https:\/\/www.estrategiaconcursos.com.br\/blog\/#organization\"},\"accessibilityFeature\":[\"tableOfContents\"]},{\"@type\":\"WebPage\",\"@id\":\"https:\/\/www.estrategiaconcursos.com.br\/blog\/prova-do-concurso-da-pm\/\",\"url\":\"https:\/\/www.estrategiaconcursos.com.br\/blog\/prova-do-concurso-da-pm\/\",\"name\":\"Prova do Concurso da PM: o que \u00e9 necess\u00e1rio?\",\"isPartOf\":{\"@id\":\"https:\/\/www.estrategiaconcursos.com.br\/blog\/#website\"},\"primaryImageOfPage\":{\"@id\":\"https:\/\/www.estrategiaconcursos.com.br\/blog\/prova-do-concurso-da-pm\/#primaryimage\"},\"image\":{\"@id\":\"https:\/\/www.estrategiaconcursos.com.br\/blog\/prova-do-concurso-da-pm\/#primaryimage\"},\"thumbnailUrl\":\"https:\/\/dhg1h5j42swfq.cloudfront.net\/2018\/11\/05062621\/pol%C3%ADcia-militar-f.jpg\",\"datePublished\":\"2024-04-01T14:00:00+00:00\",\"dateModified\":\"2024-04-01T15:37:00+00:00\",\"description\":\"Confira agora tudo sobre a prova do concurso da PM e as condi\u00e7\u00f5es, etapas e oportunidades para voc\u00ea se tornar policial militar em 2024!\",\"breadcrumb\":{\"@id\":\"https:\/\/www.estrategiaconcursos.com.br\/blog\/prova-do-concurso-da-pm\/#breadcrumb\"},\"inLanguage\":\"pt-BR\",\"potentialAction\":[{\"@type\":\"ReadAction\",\"target\":[\"https:\/\/www.estrategiaconcursos.com.br\/blog\/prova-do-concurso-da-pm\/\"]}]},{\"@type\":\"ImageObject\",\"inLanguage\":\"pt-BR\",\"@id\":\"https:\/\/www.estrategiaconcursos.com.br\/blog\/prova-do-concurso-da-pm\/#primaryimage\",\"url\":\"https:\/\/dhg1h5j42swfq.cloudfront.net\/2018\/11\/05062621\/pol%C3%ADcia-militar-f.jpg\",\"contentUrl\":\"https:\/\/dhg1h5j42swfq.cloudfront.net\/2018\/11\/05062621\/pol%C3%ADcia-militar-f.jpg\",\"width\":1600,\"height\":933,\"caption\":\"Formatura de 2614 Soldados da PM no Samb\u00f3dromo do Anhembi. Data: 27\/05\/2015. Local: S\u00e3o Paulo\/SP. Foto: Du Amorim\/A2 FOTOGRAFIA\"},{\"@type\":\"BreadcrumbList\",\"@id\":\"https:\/\/www.estrategiaconcursos.com.br\/blog\/prova-do-concurso-da-pm\/#breadcrumb\",\"itemListElement\":[{\"@type\":\"ListItem\",\"position\":1,\"name\":\"In\u00edcio\",\"item\":\"https:\/\/www.estrategiaconcursos.com.br\/blog\/\"},{\"@type\":\"ListItem\",\"position\":2,\"name\":\"Prova do Concurso da PM: o que \u00e9 necess\u00e1rio?\"}]},{\"@type\":\"WebSite\",\"@id\":\"https:\/\/www.estrategiaconcursos.com.br\/blog\/#website\",\"url\":\"https:\/\/www.estrategiaconcursos.com.br\/blog\/\",\"name\":\"Estrat\u00e9gia Concursos\",\"description\":\"O blog da Estrat\u00e9gia Concursos traz not\u00edcias sobre concursos e artigos de professores oferecendo cursos para concursos (pdf + videaulas) no site.\",\"publisher\":{\"@id\":\"https:\/\/www.estrategiaconcursos.com.br\/blog\/#organization\"},\"potentialAction\":[{\"@type\":\"SearchAction\",\"target\":{\"@type\":\"EntryPoint\",\"urlTemplate\":\"https:\/\/www.estrategiaconcursos.com.br\/blog\/?s={search_term_string}\"},\"query-input\":{\"@type\":\"PropertyValueSpecification\",\"valueRequired\":true,\"valueName\":\"search_term_string\"}}],\"inLanguage\":\"pt-BR\"},{\"@type\":\"Organization\",\"@id\":\"https:\/\/www.estrategiaconcursos.com.br\/blog\/#organization\",\"name\":\"Estrat\u00e9gia Concursos\",\"url\":\"https:\/\/www.estrategiaconcursos.com.br\/blog\/\",\"logo\":{\"@type\":\"ImageObject\",\"inLanguage\":\"pt-BR\",\"@id\":\"https:\/\/www.estrategiaconcursos.com.br\/blog\/#\/schema\/logo\/image\/\",\"url\":\"https:\/\/dhg1h5j42swfq.cloudfront.net\/2025\/06\/03203428\/logo_concursos-1.jpg\",\"contentUrl\":\"https:\/\/dhg1h5j42swfq.cloudfront.net\/2025\/06\/03203428\/logo_concursos-1.jpg\",\"width\":230,\"height\":60,\"caption\":\"Estrat\u00e9gia Concursos\"},\"image\":{\"@id\":\"https:\/\/www.estrategiaconcursos.com.br\/blog\/#\/schema\/logo\/image\/\"},\"sameAs\":[\"https:\/\/x.com\/EstratConcursos\"]},{\"@type\":\"Person\",\"@id\":\"https:\/\/www.estrategiaconcursos.com.br\/blog\/#\/schema\/person\/b7dbf284f7775e26e8fafbe6a56c1fc0\",\"name\":\"Gabriel Rocha da Gra\u00e7a\",\"image\":{\"@type\":\"ImageObject\",\"inLanguage\":\"pt-BR\",\"@id\":\"https:\/\/secure.gravatar.com\/avatar\/01dc6deaaf49f7195b1b726afb16234e5589513d0df3f1687499d49775ccfb8c?s=96&d=mm&r=g\",\"url\":\"https:\/\/secure.gravatar.com\/avatar\/01dc6deaaf49f7195b1b726afb16234e5589513d0df3f1687499d49775ccfb8c?s=96&d=mm&r=g\",\"contentUrl\":\"https:\/\/secure.gravatar.com\/avatar\/01dc6deaaf49f7195b1b726afb16234e5589513d0df3f1687499d49775ccfb8c?s=96&d=mm&r=g\",\"caption\":\"Gabriel Rocha da Gra\u00e7a\"},\"description\":\"Sou Bacharel em Direito e possuo cinco especializa\u00e7\u00f5es, entre as quais destaco a minha P\u00f3s-Gradua\u00e7\u00e3o em Ci\u00eancias Criminais e meus MBAs em Gest\u00e3o da Seguran\u00e7a P\u00fablica e em Gest\u00e3o de Pol\u00edcia Ostensiva. Ademais, fui aprovado, de primeira, no XXX Exame da Ordem dos Advogados do Brasil, bem como conquistei diversas aprova\u00e7\u00f5es em concursos p\u00fablicos, entre as quais destaco os \\\"top-5\\\" nos concursos do CFO PM-GO, CFO PM-RN, Delegado\/BA e Soldado PM\/SE. Atualmente, estou Aspirante a Oficial na Pol\u00edcia Militar do Estado de Goi\u00e1s.\",\"url\":\"https:\/\/www.estrategiaconcursos.com.br\/blog\/author\/gabrieldagracayahoo-com-br\/\"}]}<\/script>\n<!-- \/ Yoast SEO Premium plugin. -->","yoast_head_json":{"title":"Prova do Concurso da PM: o que \u00e9 necess\u00e1rio?","description":"Confira agora tudo sobre a prova do concurso da PM e as condi\u00e7\u00f5es, etapas e oportunidades para voc\u00ea se tornar policial militar em 2024!","robots":{"index":"index","follow":"follow","max-snippet":"max-snippet:-1","max-image-preview":"max-image-preview:large","max-video-preview":"max-video-preview:-1"},"canonical":"https:\/\/www.estrategiaconcursos.com.br\/blog\/prova-do-concurso-da-pm\/","og_locale":"pt_BR","og_type":"article","og_title":"Prova do Concurso da PM: o que \u00e9 necess\u00e1rio?","og_description":"Confira agora tudo sobre a prova do concurso da PM e as condi\u00e7\u00f5es, etapas e oportunidades para voc\u00ea se tornar policial militar em 2024!","og_url":"https:\/\/www.estrategiaconcursos.com.br\/blog\/prova-do-concurso-da-pm\/","og_site_name":"Estrat\u00e9gia Concursos","article_published_time":"2024-04-01T14:00:00+00:00","article_modified_time":"2024-04-01T15:37:00+00:00","og_image":[{"width":1600,"height":933,"url":"https:\/\/dhg1h5j42swfq.cloudfront.net\/2018\/11\/05062621\/pol%C3%ADcia-militar-f.jpg","type":"image\/jpeg"}],"author":"Gabriel Rocha da Gra\u00e7a","twitter_card":"summary_large_image","twitter_creator":"@EstratConcursos","twitter_site":"@EstratConcursos","twitter_misc":{"Escrito por":"Gabriel Rocha da Gra\u00e7a","Est. tempo de leitura":"8 minutos"},"schema":{"@context":"https:\/\/schema.org","@graph":[{"@type":"NewsArticle","@id":"https:\/\/www.estrategiaconcursos.com.br\/blog\/prova-do-concurso-da-pm\/#article","isPartOf":{"@id":"https:\/\/www.estrategiaconcursos.com.br\/blog\/prova-do-concurso-da-pm\/"},"author":{"name":"Gabriel Rocha da Gra\u00e7a","@id":"https:\/\/www.estrategiaconcursos.com.br\/blog\/#\/schema\/person\/b7dbf284f7775e26e8fafbe6a56c1fc0"},"headline":"Prova do Concurso da PM: o que \u00e9 necess\u00e1rio?","datePublished":"2024-04-01T14:00:00+00:00","dateModified":"2024-04-01T15:37:00+00:00","mainEntityOfPage":{"@id":"https:\/\/www.estrategiaconcursos.com.br\/blog\/prova-do-concurso-da-pm\/"},"wordCount":1554,"commentCount":0,"publisher":{"@id":"https:\/\/www.estrategiaconcursos.com.br\/blog\/#organization"},"image":{"@id":"https:\/\/www.estrategiaconcursos.com.br\/blog\/prova-do-concurso-da-pm\/#primaryimage"},"thumbnailUrl":"https:\/\/dhg1h5j42swfq.cloudfront.net\/2018\/11\/05062621\/pol%C3%ADcia-militar-f.jpg","keywords":["concurso policial","concursos 2024","policia militar"],"articleSection":["Concursos P\u00fablicos","Policial (PM\/BM - Oficial)","Policial (PM\/BM - Pra\u00e7as)"],"inLanguage":"pt-BR","potentialAction":[{"@type":"CommentAction","name":"Comment","target":["https:\/\/www.estrategiaconcursos.com.br\/blog\/prova-do-concurso-da-pm\/#respond"]}],"copyrightYear":"2024","copyrightHolder":{"@id":"https:\/\/www.estrategiaconcursos.com.br\/blog\/#organization"},"accessibilityFeature":["tableOfContents"]},{"@type":"WebPage","@id":"https:\/\/www.estrategiaconcursos.com.br\/blog\/prova-do-concurso-da-pm\/","url":"https:\/\/www.estrategiaconcursos.com.br\/blog\/prova-do-concurso-da-pm\/","name":"Prova do Concurso da PM: o que \u00e9 necess\u00e1rio?","isPartOf":{"@id":"https:\/\/www.estrategiaconcursos.com.br\/blog\/#website"},"primaryImageOfPage":{"@id":"https:\/\/www.estrategiaconcursos.com.br\/blog\/prova-do-concurso-da-pm\/#primaryimage"},"image":{"@id":"https:\/\/www.estrategiaconcursos.com.br\/blog\/prova-do-concurso-da-pm\/#primaryimage"},"thumbnailUrl":"https:\/\/dhg1h5j42swfq.cloudfront.net\/2018\/11\/05062621\/pol%C3%ADcia-militar-f.jpg","datePublished":"2024-04-01T14:00:00+00:00","dateModified":"2024-04-01T15:37:00+00:00","description":"Confira agora tudo sobre a prova do concurso da PM e as condi\u00e7\u00f5es, etapas e oportunidades para voc\u00ea se tornar policial militar em 2024!","breadcrumb":{"@id":"https:\/\/www.estrategiaconcursos.com.br\/blog\/prova-do-concurso-da-pm\/#breadcrumb"},"inLanguage":"pt-BR","potentialAction":[{"@type":"ReadAction","target":["https:\/\/www.estrategiaconcursos.com.br\/blog\/prova-do-concurso-da-pm\/"]}]},{"@type":"ImageObject","inLanguage":"pt-BR","@id":"https:\/\/www.estrategiaconcursos.com.br\/blog\/prova-do-concurso-da-pm\/#primaryimage","url":"https:\/\/dhg1h5j42swfq.cloudfront.net\/2018\/11\/05062621\/pol%C3%ADcia-militar-f.jpg","contentUrl":"https:\/\/dhg1h5j42swfq.cloudfront.net\/2018\/11\/05062621\/pol%C3%ADcia-militar-f.jpg","width":1600,"height":933,"caption":"Formatura de 2614 Soldados da PM no Samb\u00f3dromo do Anhembi. Data: 27\/05\/2015. Local: S\u00e3o Paulo\/SP. Foto: Du Amorim\/A2 FOTOGRAFIA"},{"@type":"BreadcrumbList","@id":"https:\/\/www.estrategiaconcursos.com.br\/blog\/prova-do-concurso-da-pm\/#breadcrumb","itemListElement":[{"@type":"ListItem","position":1,"name":"In\u00edcio","item":"https:\/\/www.estrategiaconcursos.com.br\/blog\/"},{"@type":"ListItem","position":2,"name":"Prova do Concurso da PM: o que \u00e9 necess\u00e1rio?"}]},{"@type":"WebSite","@id":"https:\/\/www.estrategiaconcursos.com.br\/blog\/#website","url":"https:\/\/www.estrategiaconcursos.com.br\/blog\/","name":"Estrat\u00e9gia Concursos","description":"O blog da Estrat\u00e9gia Concursos traz not\u00edcias sobre concursos e artigos de professores oferecendo cursos para concursos (pdf + videaulas) no site.","publisher":{"@id":"https:\/\/www.estrategiaconcursos.com.br\/blog\/#organization"},"potentialAction":[{"@type":"SearchAction","target":{"@type":"EntryPoint","urlTemplate":"https:\/\/www.estrategiaconcursos.com.br\/blog\/?s={search_term_string}"},"query-input":{"@type":"PropertyValueSpecification","valueRequired":true,"valueName":"search_term_string"}}],"inLanguage":"pt-BR"},{"@type":"Organization","@id":"https:\/\/www.estrategiaconcursos.com.br\/blog\/#organization","name":"Estrat\u00e9gia Concursos","url":"https:\/\/www.estrategiaconcursos.com.br\/blog\/","logo":{"@type":"ImageObject","inLanguage":"pt-BR","@id":"https:\/\/www.estrategiaconcursos.com.br\/blog\/#\/schema\/logo\/image\/","url":"https:\/\/dhg1h5j42swfq.cloudfront.net\/2025\/06\/03203428\/logo_concursos-1.jpg","contentUrl":"https:\/\/dhg1h5j42swfq.cloudfront.net\/2025\/06\/03203428\/logo_concursos-1.jpg","width":230,"height":60,"caption":"Estrat\u00e9gia Concursos"},"image":{"@id":"https:\/\/www.estrategiaconcursos.com.br\/blog\/#\/schema\/logo\/image\/"},"sameAs":["https:\/\/x.com\/EstratConcursos"]},{"@type":"Person","@id":"https:\/\/www.estrategiaconcursos.com.br\/blog\/#\/schema\/person\/b7dbf284f7775e26e8fafbe6a56c1fc0","name":"Gabriel Rocha da Gra\u00e7a","image":{"@type":"ImageObject","inLanguage":"pt-BR","@id":"https:\/\/secure.gravatar.com\/avatar\/01dc6deaaf49f7195b1b726afb16234e5589513d0df3f1687499d49775ccfb8c?s=96&d=mm&r=g","url":"https:\/\/secure.gravatar.com\/avatar\/01dc6deaaf49f7195b1b726afb16234e5589513d0df3f1687499d49775ccfb8c?s=96&d=mm&r=g","contentUrl":"https:\/\/secure.gravatar.com\/avatar\/01dc6deaaf49f7195b1b726afb16234e5589513d0df3f1687499d49775ccfb8c?s=96&d=mm&r=g","caption":"Gabriel Rocha da Gra\u00e7a"},"description":"Sou Bacharel em Direito e possuo cinco especializa\u00e7\u00f5es, entre as quais destaco a minha P\u00f3s-Gradua\u00e7\u00e3o em Ci\u00eancias Criminais e meus MBAs em Gest\u00e3o da Seguran\u00e7a P\u00fablica e em Gest\u00e3o de Pol\u00edcia Ostensiva. Ademais, fui aprovado, de primeira, no XXX Exame da Ordem dos Advogados do Brasil, bem como conquistei diversas aprova\u00e7\u00f5es em concursos p\u00fablicos, entre as quais destaco os \"top-5\" nos concursos do CFO PM-GO, CFO PM-RN, Delegado\/BA e Soldado PM\/SE. Atualmente, estou Aspirante a Oficial na Pol\u00edcia Militar do Estado de Goi\u00e1s.","url":"https:\/\/www.estrategiaconcursos.com.br\/blog\/author\/gabrieldagracayahoo-com-br\/"}]}},"_links":{"self":[{"href":"https:\/\/www.estrategiaconcursos.com.br\/blog\/wp-json\/wp\/v2\/posts\/1359216","targetHints":{"allow":["GET"]}}],"collection":[{"href":"https:\/\/www.estrategiaconcursos.com.br\/blog\/wp-json\/wp\/v2\/posts"}],"about":[{"href":"https:\/\/www.estrategiaconcursos.com.br\/blog\/wp-json\/wp\/v2\/types\/post"}],"author":[{"embeddable":true,"href":"https:\/\/www.estrategiaconcursos.com.br\/blog\/wp-json\/wp\/v2\/users\/2566"}],"replies":[{"embeddable":true,"href":"https:\/\/www.estrategiaconcursos.com.br\/blog\/wp-json\/wp\/v2\/comments?post=1359216"}],"version-history":[{"count":6,"href":"https:\/\/www.estrategiaconcursos.com.br\/blog\/wp-json\/wp\/v2\/posts\/1359216\/revisions"}],"predecessor-version":[{"id":1377639,"href":"https:\/\/www.estrategiaconcursos.com.br\/blog\/wp-json\/wp\/v2\/posts\/1359216\/revisions\/1377639"}],"wp:featuredmedia":[{"embeddable":true,"href":"https:\/\/www.estrategiaconcursos.com.br\/blog\/wp-json\/wp\/v2\/media\/150137"}],"wp:attachment":[{"href":"https:\/\/www.estrategiaconcursos.com.br\/blog\/wp-json\/wp\/v2\/media?parent=1359216"}],"wp:term":[{"taxonomy":"category","embeddable":true,"href":"https:\/\/www.estrategiaconcursos.com.br\/blog\/wp-json\/wp\/v2\/categories?post=1359216"},{"taxonomy":"post_tag","embeddable":true,"href":"https:\/\/www.estrategiaconcursos.com.br\/blog\/wp-json\/wp\/v2\/tags?post=1359216"},{"taxonomy":"tax_estado","embeddable":true,"href":"https:\/\/www.estrategiaconcursos.com.br\/blog\/wp-json\/wp\/v2\/tax_estado?post=1359216"}],"curies":[{"name":"wp","href":"https:\/\/api.w.org\/{rel}","templated":true}]}}