{"id":135796,"date":"2018-08-13T10:40:16","date_gmt":"2018-08-13T13:40:16","guid":{"rendered":"https:\/\/www.estrategiaconcursos.com.br\/blog\/?p=135796"},"modified":"2018-08-13T10:40:16","modified_gmt":"2018-08-13T13:40:16","slug":"redacao-oficial-em-discursivas","status":"publish","type":"post","link":"https:\/\/www.estrategiaconcursos.com.br\/blog\/redacao-oficial-em-discursivas\/","title":{"rendered":"Reda\u00e7\u00e3o Oficial em Discursivas"},"content":{"rendered":"<p style=\"text-align: justify\"><strong>Reda\u00e7\u00e3o Oficial em Discursivas<\/strong><\/p>\n<p style=\"text-align: justify\">Ol\u00e1, meus caros! Se voc\u00ea vai prestar algum concurso em que a discursiva ser\u00e1 a <span style=\"text-decoration: underline;color: #800080\"><em><strong>elabora\u00e7\u00e3o de expediente ou ato oficial<\/strong><\/em><\/span>, seu lugar \u00e9 aqui! Para tanto, que apresentar neste artigo uma breve diretriz para que voc\u00ea, candidato, saiba as principais informa\u00e7\u00f5es que o ajudar\u00e3o a ter sucesso nesse tipo de prova. Vamos come\u00e7ar com aquilo que deve ser comum a todas as comunica\u00e7\u00f5es oficiais. A Reda\u00e7\u00e3o Oficial em Discursivas segue um padr\u00e3o. Fique ligado!<\/p>\n<p style=\"text-align: right\"><span style=\"color: #993366\"><em><strong>Querem saber mais? Acompanhem a minha aula AO VIVO e GRATUITA!! Ser\u00e1 hoje, \u00e0s 19h, pelo canal do Estrat\u00e9gia concursos (YouTube)<\/strong><\/em><\/span><\/p>\n<p style=\"text-align: right\"><span style=\"color: #993366\"><strong>Reda\u00e7\u00e3o Oficial em Discursivas<\/strong><\/span><\/p>\n<h3><a name=\"_Toc52684214\"><\/a>Considera\u00e7\u00f5es iniciais<\/h3>\n<p style=\"text-align: justify\">De acordo com o Manual de Reda\u00e7\u00e3o Oficial da Presid\u00eancia Rep\u00fablica, &#8220;reda\u00e7\u00e3o oficial \u00e9 a maneira pela qual o Poder P\u00fablico redige atos normativos e comunica\u00e7\u00f5es&#8221;. \u00c9 importante saber que a reda\u00e7\u00e3o das comunica\u00e7\u00f5es oficiais deve, antes de tudo, seguir os preceitos da <span style=\"color: #800080\"><strong>impessoalidade, clareza, uniformidade, concis\u00e3o e uso de linguagem formal<\/strong><\/span>. Os textos oficiais devem sempre permitir uma \u00fanica interpreta\u00e7\u00e3o e serem estritamente impessoais e uniformes, o que exige o uso de certo n\u00edvel de linguagem. Devem ser necessariamente uniformes, pois h\u00e1 sempre um \u00fanico comunicador (o Servi\u00e7o P\u00fablico) e o receptor dessas comunica\u00e7\u00f5es ou \u00e9 o pr\u00f3prio Servi\u00e7o P\u00fablico (no caso de expedientes dirigidos por um \u00f3rg\u00e3o a outro) ou o conjunto de cidad\u00e3os ou institui\u00e7\u00f5es tratados de forma homog\u00eanea (o p\u00fablico).<\/p>\n<p style=\"text-align: justify\">Al\u00e9m disso, h\u00e1 caracter\u00edsticas espec\u00edficas de cada tipo de expediente que ser\u00e3o tratadas a seguir. Antes de analisarmos cada tipo espec\u00edfico, vejamos outros aspectos comuns a quase todas as modalidades de comunica\u00e7\u00e3o oficial: o emprego dos pronomes de tratamento, a forma dos fechos e a identifica\u00e7\u00e3o do signat\u00e1rio.<\/p>\n<h4><a name=\"_Toc52684209\"><\/a>Concord\u00e2ncia com os Pronomes de Tratamento<\/h4>\n<p style=\"text-align: justify\">Os pronomes de tratamento (ou de <em>segunda pessoa indireta<\/em>) apresentam certas peculiaridades quanto \u00e0 concord\u00e2ncia verbal, nominal e pronominal. Embora se refiram \u00e0 segunda pessoa gramatical (\u00e0 pessoa com quem se fala, ou a quem se dirige a comunica\u00e7\u00e3o), <strong>levam a concord\u00e2ncia para a <em>terceira pessoa<\/em><\/strong>. \u00c9 que o verbo concorda com o substantivo que integra a locu\u00e7\u00e3o como seu n\u00facleo sint\u00e1tico: \u201cVossa <em>Senhoria<\/em><em>\u00a0<u>nomear\u00e1<\/u><\/em> o substituto\u201d; \u201cVossa <em>Excel\u00eancia<\/em><em>\u00a0<u>conhece<\/u><\/em> o assunto\u201d.<\/p>\n<p style=\"text-align: justify\">Da mesma forma, os pronomes possessivos referidos a pronomes de tratamento s\u00e3o sempre os da terceira pessoa: \u201cVossa <em>Senhoria <\/em>nomear\u00e1 <em><u>seu<\/u><\/em> substituto\u201d (e n\u00e3o \u201c<em>Vossa <\/em>&#8230; <em>vosso<\/em>&#8230;\u201d).<\/p>\n<p style=\"text-align: justify\">J\u00e1 quanto aos adjetivos referidos a esses pronomes, o g\u00eanero gramatical deve coincidir com o sexo da pessoa a que se refere, e n\u00e3o com o substantivo que comp\u00f5e a locu\u00e7\u00e3o. Assim, se nosso interlocutor for homem, o correto \u00e9 \u201c<em>Vossa Excel\u00eancia<\/em><em>\u00a0est\u00e1 atarefad<strong><u>o<\/u><\/strong><\/em>\u201d, \u201c<em>Vossa Senhoria<\/em><em>\u00a0deve estar satisfeit<strong><u>o<\/u><\/strong><\/em>\u201d; se for mulher, \u201c<em>Vossa Excel\u00eancia est\u00e1 atarefad<strong><u>a<\/u><\/strong>\u201d, \u201cVossa Senhoria deve estar satisfeit<strong><u>a<\/u><\/strong><\/em>\u201d.<\/p>\n<h4 style=\"text-align: justify\">Emprego dos Pronomes de Tratamento<\/h4>\n<p style=\"text-align: justify\">Como visto, o emprego dos pronomes de tratamento obedece a uma secular tradi\u00e7\u00e3o, s\u00e3o de uso consagrado.<\/p>\n<p style=\"text-align: justify\"><em><span style=\"text-decoration: underline\">Vossa Excel\u00eancia<\/span> <\/em>\u00e9 usado para as seguintes autoridades:<\/p>\n<p>&nbsp;<\/p>\n<ul>\n<li style=\"text-align: justify\"><strong>do Poder Executivo<\/strong><\/li>\n<\/ul>\n<p style=\"padding-left: 30px\">Presidente da Rep\u00fablica;<\/p>\n<p style=\"padding-left: 30px\">Vice-presidente da Rep\u00fablica;<\/p>\n<p style=\"padding-left: 30px\">Ministros de Estado;<\/p>\n<p style=\"padding-left: 30px\">Governadores e Vice-governadores de Estado e do Distrito Federal;<\/p>\n<p style=\"padding-left: 30px\">Oficiais-generais das For\u00e7as Armadas;<\/p>\n<p style=\"padding-left: 30px\">Embaixadores;<\/p>\n<p style=\"padding-left: 30px\">Secret\u00e1rios-executivos de Minist\u00e9rios\u00a0e demais ocupantes de cargos de natureza especial;<\/p>\n<p style=\"padding-left: 30px\">Secret\u00e1rios de Estado dos governos estaduais;<\/p>\n<p style=\"padding-left: 30px\">Prefeitos municipais.<\/p>\n<p>&nbsp;<\/p>\n<ul>\n<li><strong>do Poder Legislativo<\/strong><\/li>\n<\/ul>\n<p style=\"padding-left: 30px\">Deputados Federais\u00a0e Senadores;<\/p>\n<p style=\"padding-left: 30px\">Ministros do Tribunal de Contas da Uni\u00e3o;<\/p>\n<p style=\"padding-left: 30px\">Deputados Estaduais e Distritais;<\/p>\n<p style=\"padding-left: 30px\">Conselheiros dos Tribunais de Contas estaduais;<\/p>\n<p style=\"padding-left: 30px\">Presidentes das C\u00e2maras Legislativas Municipais.<\/p>\n<p>&nbsp;<\/p>\n<ul>\n<li><strong>do Poder Judici\u00e1rio<\/strong><strong>:<\/strong><\/li>\n<\/ul>\n<p style=\"padding-left: 30px\">Ministros dos Tribunais Superiores;<\/p>\n<p style=\"padding-left: 30px\">Membros de Tribunais;<\/p>\n<p style=\"padding-left: 30px\">Ju\u00edzes;<\/p>\n<p style=\"padding-left: 30px\">Auditores da Justi\u00e7a Militar.<\/p>\n<p>&nbsp;<\/p>\n<p>O vocativo\u00a0a ser empregado em comunica\u00e7\u00f5es dirigidas aos <em><strong>Chefes de Poder \u00e9<span style=\"text-decoration: underline\"> Excelent\u00edssimo Senhor<\/span><\/strong><\/em>, seguido do cargo respectivo:<\/p>\n<p>Excelent\u00edssimo Senhor Presidente da Rep\u00fablica,<\/p>\n<p>Excelent\u00edssimo Senhor Presidente do Congresso Nacional,<\/p>\n<p>Excelent\u00edssimo Senhor Presidente do Supremo Tribunal Federal.<\/p>\n<p>&nbsp;<\/p>\n<p><strong><span style=\"color: #800080\"><em>ATEN\u00c7\u00c3O!! <\/em>As autoridades acima s\u00e3o a \u00fanicas para as quais o vocativo usado \u00e9 Excelent\u00edssimo(a) Senhor(a).<\/span><\/strong><\/p>\n<p>&nbsp;<\/p>\n<p>As demais autoridades ser\u00e3o tratadas com o vocativo <span style=\"text-decoration: underline\"><em><strong>Senhor<\/strong><\/em><\/span>, seguido do cargo respectivo:<\/p>\n<p>Senhor Senador,<\/p>\n<p>Senhor Juiz,<\/p>\n<p>Senhor Ministro,<\/p>\n<p>Senhor Governador.<\/p>\n<p>&nbsp;<\/p>\n<p>No envelope, o endere\u00e7amento das comunica\u00e7\u00f5es dirigidas \u00e0s autoridades tratadas por <em>Vossa Excel\u00eancia<\/em>\u00a0ter\u00e1 a seguinte forma:<\/p>\n<p>A Sua Excel\u00eancia o Senhor<\/p>\n<p>Fulano de Tal<\/p>\n<p>Ministro de Estado da Justi\u00e7a<\/p>\n<p>70064-900 \u2013 Bras\u00edlia. DF<\/p>\n<p>&nbsp;<\/p>\n<p>A Sua Excel\u00eancia o Senhor<\/p>\n<p>Senador Fulano de Tal<\/p>\n<p>Senado Federal<\/p>\n<p>70165-900 \u2013 Bras\u00edlia. DF<\/p>\n<p>&nbsp;<\/p>\n<p>A Sua Excel\u00eancia o Senhor<\/p>\n<p>Fulano de Tal<\/p>\n<p>Juiz de Direito da 10<u><sup>a<\/sup><\/u> Vara C\u00edvel<\/p>\n<p>Rua ABC, n<u><sup>o<\/sup><\/u> 123<\/p>\n<p>01010-000 \u2013 S\u00e3o Paulo. SP<\/p>\n<p>&nbsp;<\/p>\n<p><em><a href=\"https:\/\/www.estrategiaconcursos.com.br\/blog\/concurso-psicologia-trt\/coruja-5\/\" rel=\"attachment wp-att-109544\"><img loading=\"lazy\" decoding=\"async\" class=\"wp-image-109544 alignleft\" src=\"https:\/\/dhg1h5j42swfq.cloudfront.net\/2018\/03\/06160425\/Coruja.png\" alt=\"concurso p\u00fablico\" width=\"101\" height=\"71\" srcset=\"https:\/\/dhg1h5j42swfq.cloudfront.net\/2018\/03\/06160425\/Coruja.png 3508w, https:\/\/dhg1h5j42swfq.cloudfront.net\/2018\/03\/06160425\/Coruja.png 300w, https:\/\/dhg1h5j42swfq.cloudfront.net\/2018\/03\/06160425\/Coruja.png 768w, https:\/\/dhg1h5j42swfq.cloudfront.net\/2018\/03\/06160425\/Coruja.png 1024w, https:\/\/dhg1h5j42swfq.cloudfront.net\/2018\/03\/06160425\/Coruja.png 610w\" sizes=\"auto, (max-width: 101px) 100vw, 101px\" \/><\/a>Em comunica\u00e7\u00f5es oficiais, est\u00e1 abolido o uso do tratamento dign\u00edssimo\u00a0(DD) \u00e0s autoridades arroladas na lista anterior. A dignidade \u00e9 pressuposto para que se ocupe qualquer cargo p\u00fablico, sendo desnecess\u00e1ria sua repetida evoca\u00e7\u00e3o.<\/em><\/p>\n<p><em>\u00a0<\/em><\/p>\n<p><em>Vossa Senhoria<\/em>\u00a0\u00e9 empregado para as demais autoridades e para particulares. O vocativo adequado \u00e9:<\/p>\n<p>Senhor Fulano de Tal,<\/p>\n<p>(&#8230;)<\/p>\n<p>&nbsp;<\/p>\n<p>No envelope, deve constar do endere\u00e7amento:<\/p>\n<p>&nbsp;<\/p>\n<p>Ao Senhor<\/p>\n<p>Fulano de Tal<\/p>\n<p>Rua ABC, n<u><sup>o<\/sup><\/u> 123<\/p>\n<p>12345-000 \u2013 Curitiba. PR<\/p>\n<p>&nbsp;<\/p>\n<p style=\"text-align: justify\">Como se depreende do exemplo acima, fica dispensado o emprego do superlativo <em>ilustr\u00edssimo<\/em>\u00a0para as autoridades que recebem o tratamento de <em>Vossa Senhoria<\/em>\u00a0e para particulares. \u00c9 suficiente o <a href=\"https:\/\/www.estrategiaconcursos.com.br\/blog\/matematica-enem\/coruja-2\/\" rel=\"attachment wp-att-34129\"><img loading=\"lazy\" decoding=\"async\" class=\"wp-image-34129 alignleft\" src=\"https:\/\/dhg1h5j42swfq.cloudfront.net\/2016\/02\/29100122\/coruja.png\" alt=\"concurso p\u00fablico\" width=\"100\" height=\"95\" srcset=\"https:\/\/dhg1h5j42swfq.cloudfront.net\/2016\/02\/29100122\/coruja.png 413w, https:\/\/dhg1h5j42swfq.cloudfront.net\/2016\/02\/29100122\/coruja.png 300w, https:\/\/dhg1h5j42swfq.cloudfront.net\/2016\/02\/29100122\/coruja.png 314w\" sizes=\"auto, (max-width: 100px) 100vw, 100px\" \/><\/a>uso do pronome de tratamento <em>Senhor<\/em>. Acrescente-se que <em>doutor<\/em>\u00a0n\u00e3o \u00e9 forma de tratamento, e sim t\u00edtulo acad\u00eamico. Evite us\u00e1-lo indiscriminadamente. Como regra geral, empregue-o apenas em comunica\u00e7\u00f5es dirigidas a pessoas que tenham tal grau por terem conclu\u00eddo curso universit\u00e1rio de doutorado. \u00c9 costume designar por <em>doutor<\/em> os bachar\u00e9is, especialmente os bachar\u00e9is em Direito e em Medicina.\u00a0Nos demais casos, o tratamento Senhor confere a desejada formalidade \u00e0s comunica\u00e7\u00f5es.<\/p>\n<p style=\"text-align: justify\">Mencionemos, ainda, a forma <em>Vossa Magnific\u00eancia<\/em>, empregada, por for\u00e7a da tradi\u00e7\u00e3o, em comunica\u00e7\u00f5es dirigidas a reitores de universidade. Corresponde-lhe o vocativo:<\/p>\n<p style=\"text-align: justify\">Magn\u00edfico Reitor,<\/p>\n<p style=\"text-align: justify\">(&#8230;)<\/p>\n<p style=\"text-align: justify\"><em><strong>Os pronomes de tratamento para religiosos, de acordo com a hierarquia eclesi\u00e1stica, s\u00e3o:<\/strong><\/em><\/p>\n<p style=\"text-align: justify\"><em>Vossa Santidade<\/em>, em comunica\u00e7\u00f5es dirigidas ao Papa. O vocativo correspondente \u00e9:<\/p>\n<p style=\"text-align: justify\">Sant\u00edssimo Padre,<\/p>\n<p style=\"text-align: justify\">(&#8230;)<\/p>\n<p style=\"text-align: justify\"><em>Vossa Emin\u00eancia<\/em>\u00a0ou <em>Vossa Emin\u00eancia Reverend\u00edssima<\/em>, em comunica\u00e7\u00f5es aos Cardeais. Corresponde-lhe o vocativo:<\/p>\n<p style=\"text-align: justify\">Eminent\u00edssimo Senhor Cardeal, ou<\/p>\n<p style=\"text-align: justify\">Eminent\u00edssimo e Reverend\u00edssimo Senhor Cardeal,<\/p>\n<p style=\"text-align: justify\">(&#8230;)<\/p>\n<p style=\"text-align: justify\"><em>Vossa Excel\u00eancia Reverend\u00edssima<\/em> \u00e9 usado em comunica\u00e7\u00f5es dirigidas a Arcebispos e Bispos; <em>Vossa Reverend\u00edssima<\/em> ou <em>Vossa Senhoria Reverend\u00edssima <\/em>para Monsenhores, C\u00f4negos e superiores religiosos. <em>Vossa Rever\u00eancia<\/em> \u00e9 empregado para sacerdotes, cl\u00e9rigos e demais religiosos.<\/p>\n<p>&nbsp;<\/p>\n<h3><a name=\"_Toc52684214\"><\/a>Fechos para a comunica\u00e7\u00e3o<\/h3>\n<p style=\"text-align: justify\"><strong>\u00a0<\/strong><\/p>\n<p style=\"text-align: justify\">O fecho das comunica\u00e7\u00f5es oficiais possui, al\u00e9m da finalidade \u00f3bvia de arrematar o texto, a de saudar o destinat\u00e1rio. Os modelos para fecho que vinham sendo utilizados foram regulados pela Portaria n<u><sup>o<\/sup><\/u> 1 do Minist\u00e9rio da Justi\u00e7a, de 1937, que estabelecia quinze padr\u00f5es. Com o fito de simplific\u00e1-los e uniformiz\u00e1-los, este Manual estabelece o emprego de somente dois fechos diferentes para todas as modalidades de comunica\u00e7\u00e3o oficial:<\/p>\n<p style=\"text-align: justify\">a) para autoridades superiores, inclusive o Presidente da Rep\u00fablica:<\/p>\n<p style=\"text-align: justify\">Respeitosamente,<\/p>\n<p style=\"text-align: justify\">b) para autoridades de mesma hierarquia ou de hierarquia inferior:<\/p>\n<p style=\"text-align: justify\">Atenciosamente,<\/p>\n<p style=\"text-align: justify\"><em><strong>\u00a0 Ficam exclu\u00eddas dessa f\u00f3rmula as comunica\u00e7\u00f5es dirigidas a autoridades estrangeiras, que atendem a rito e tradi\u00e7\u00e3o pr\u00f3prios, devidamente disciplinados no Manual de Reda\u00e7\u00e3o do Minist\u00e9rio das Rela\u00e7\u00f5es Exteriores.<\/strong><\/em><\/p>\n<p>&nbsp;<\/p>\n<p style=\"text-align: right\"><span style=\"color: #993366\"><em><strong>Querem saber mais? Acompanhem a minha aula AO VIVO e GRATUITA!! Ser\u00e1 hoje, \u00e0s 19h, pelo canal do Estrat\u00e9gia concursos (YouTube)<\/strong><\/em><\/span><\/p>\n<p>&nbsp;<\/p>\n<h3><a name=\"_Toc52684214\"><\/a>Identifica\u00e7\u00e3o do signat\u00e1rio<\/h3>\n<p style=\"text-align: justify\"><strong>\u00a0<\/strong><\/p>\n<p style=\"text-align: justify\">Exclu\u00eddas as comunica\u00e7\u00f5es assinadas pelo Presidente da Rep\u00fablica, todas as demais comunica\u00e7\u00f5es oficiais devem trazer o nome e o cargo da autoridade que as expede abaixo do local de sua assinatura. A forma da identifica\u00e7\u00e3o deve ser a seguinte:<\/p>\n<p style=\"text-align: center\">(espa\u00e7o para assinatura)<\/p>\n<p style=\"text-align: center\">Nome<\/p>\n<p style=\"text-align: center\">Chefe da Secretaria-Geral da Presid\u00eancia da Rep\u00fablica<\/p>\n<p style=\"text-align: center\">(espa\u00e7o para assinatura)<\/p>\n<p style=\"text-align: center\">Nome<\/p>\n<p style=\"text-align: center\">Ministro de Estado da Justi\u00e7a<\/p>\n<p>&nbsp;<\/p>\n<p style=\"text-align: justify\">Para evitar equ\u00edvocos, recomenda-se n\u00e3o deixar a assinatura em p\u00e1gina isolada do expediente. Transfira para essa p\u00e1gina ao menos a \u00faltima frase anterior ao fecho.<\/p>\n<p>&nbsp;<\/p>\n<h3><a name=\"_Toc52684214\"><\/a>O padr\u00e3o Of\u00edcio<\/h3>\n<p style=\"text-align: justify\">H\u00e1 tr\u00eas tipos de expedientes que se diferenciam antes pela finalidade do que pela forma: o <em>of\u00edcio<\/em>, o <em>aviso<\/em> e o <em>memorando<\/em>. Com o objetivo de uniformiz\u00e1-los, pode-se adotar uma diagrama\u00e7\u00e3o \u00fanica, que siga o que chamamos <strong>de <em>padr\u00e3o of\u00edcio<\/em><\/strong>. As peculiaridades de cada um ser\u00e3o tratadas adiante (foco em of\u00edcio e memorando); por ora busquemos as suas semelhan\u00e7as. <span style=\"color: #993366\"><strong>A chance de um desses tr\u00eas tipos serem cobrados em provas discursivas \u00e9 muito grande!<\/strong><\/span><\/p>\n<p>&nbsp;<\/p>\n<h3 style=\"text-align: justify\"><a name=\"_Toc52684214\"><\/a>Partes do documento no Padr\u00e3o Of\u00edcio<\/h3>\n<p style=\"text-align: justify\">O <strong><em><u>OF\u00cdCIO<\/u><\/em><\/strong> e o <strong><em><u>MEMORANDO<\/u><\/em> <\/strong>devem conter as seguintes partes:<\/p>\n<ol style=\"text-align: justify\">\n<li><strong>tipo e n\u00famero do expediente, seguido da sigla do \u00f3rg\u00e3o que o expede<\/strong>:<\/li>\n<\/ol>\n<p style=\"text-align: justify\">Exemplos:<\/p>\n<p style=\"text-align: justify\">Mem. 123\/2002-MF\u00a0\u00a0\u00a0\u00a0\u00a0\u00a0\u00a0\u00a0\u00a0\u00a0\u00a0\u00a0 Aviso 123\/2002-SG\u00a0\u00a0\u00a0\u00a0\u00a0\u00a0\u00a0\u00a0\u00a0\u00a0\u00a0\u00a0 Of. 123\/2002-MME<\/p>\n<ol style=\"text-align: justify\" start=\"2\">\n<li><strong>local e data<\/strong> em que foi assinado, por extenso, com alinhamento \u00e0 direita:<\/li>\n<\/ol>\n<p style=\"text-align: justify\">Exemplo:<\/p>\n<p style=\"text-align: justify\">Bras\u00edlia, 15 de mar\u00e7o de 1991.<\/p>\n<ol style=\"text-align: justify\" start=\"3\">\n<li><strong>assunto<\/strong>: resumo do teor do documento<\/li>\n<\/ol>\n<p style=\"text-align: justify\">Exemplos:<\/p>\n<p style=\"text-align: justify\">Assunto: <strong>Produtividade do \u00f3rg\u00e3o em 2002<\/strong>.<\/p>\n<p style=\"text-align: justify\">Assunto: <strong>Necessidade de aquisi\u00e7\u00e3o de novos computadores.<\/strong><\/p>\n<ol style=\"text-align: justify\" start=\"4\">\n<li><strong>destinat\u00e1rio: <\/strong>o nome e o cargo da pessoa a quem \u00e9 dirigida a comunica\u00e7\u00e3o. No caso do <u>of\u00edcio<\/u>, deve ser inclu\u00eddo tamb\u00e9m o <em>endere\u00e7o<\/em>.<\/li>\n<\/ol>\n<ol style=\"text-align: justify\" start=\"5\">\n<li><strong>texto<\/strong>: nos casos em que n\u00e3o for de mero encaminhamento de documentos, o expediente deve conter a seguinte estrutura:<\/li>\n<\/ol>\n<p style=\"text-align: justify\">\u2013 <em>introdu\u00e7\u00e3o<\/em>, se confunde com o par\u00e1grafo de abertura &#8211; \u00e9 apresentado o assunto que motiva a comunica\u00e7\u00e3o. As seguintes formas s\u00e3o evitadas: \u201c<em>Tenho a honra de<\/em>\u201d, \u201c<em>Tenho o prazer de<\/em>\u201d, \u201c<em>Cumpre-me informar que<\/em>\u201d, empregue a forma direta;<\/p>\n<p>&nbsp;<\/p>\n<p style=\"text-align: justify\">\u2013 <em>desenvolvimento<\/em> \u2013 parte em que o assunto \u00e9 detalhado. Se o texto contiver mais de uma ideia sobre o assunto, elas devem ser tratadas em par\u00e1grafos distintos, o que confere maior clareza \u00e0 exposi\u00e7\u00e3o;<\/p>\n<p style=\"text-align: justify\">\u2013 <em>conclus\u00e3o<\/em> \u2013 parte em que \u00e9 reafirmada ou simplesmente reapresentada a posi\u00e7\u00e3o recomendada sobre o assunto.<\/p>\n<p style=\"text-align: justify\">Os par\u00e1grafos do texto devem ser numerados, exceto nos casos em que estes estejam organizados em itens ou t\u00edtulos e subt\u00edtulos.<\/p>\n<p style=\"text-align: justify\">J\u00e1 quando se tratar de mero encaminhamento de documentos, a estrutura \u00e9 a seguinte:<\/p>\n<p style=\"text-align: justify\">\u2013 <em>introdu\u00e7\u00e3o<\/em>: deve iniciar com refer\u00eancia ao expediente que solicitou o encaminhamento. Se a remessa do documento n\u00e3o tiver sido solicitada, a introdu\u00e7\u00e3o deve iniciar com a informa\u00e7\u00e3o do motivo da comunica\u00e7\u00e3o, que \u00e9 <em>encaminhar<\/em>, indicando, em sequ\u00eancia, os dados completos do documento encaminhado (tipo, data, origem ou signat\u00e1rio, assunto de que trata) e a raz\u00e3o pela qual est\u00e1 sendo encaminhado, segundo a seguinte f\u00f3rmula:<\/p>\n<p style=\"text-align: justify\"><em>\u201cEm resposta ao Aviso n\u00ba 12, de 1\u00ba de fevereiro de 1991, encaminho, anexa, c\u00f3pia do Of\u00edcio n\u00ba 34, de 3 de abril de 1990, do Departamento Geral de Administra\u00e7\u00e3o, que trata da requisi\u00e7\u00e3o do servidor Fulano de Tal.\u201d<\/em><\/p>\n<p style=\"text-align: justify\">ou<\/p>\n<p style=\"text-align: justify\"><em>\u00a0\u201cEncaminho, para exame e pronunciamento, a anexa c\u00f3pia do telegrama n<u><sup>o<\/sup><\/u> 12, de 1<u><sup>o<\/sup><\/u> de fevereiro de 1991, do Presidente da Confedera\u00e7\u00e3o Nacional de Agricultura, a respeito de projeto de moderniza\u00e7\u00e3o de t\u00e9cnicas agr\u00edcolas na regi\u00e3o Nordeste.\u201d<\/em><\/p>\n<p style=\"text-align: justify\">\u2013 <em>desenvolvimento:<\/em> se o autor da comunica\u00e7\u00e3o desejar fazer algum coment\u00e1rio a respeito do documento que encaminha, poder\u00e1 acrescentar par\u00e1grafos de <em>desenvolvimento<\/em>; em caso contr\u00e1rio, n\u00e3o h\u00e1 par\u00e1grafos de desenvolvimento em aviso ou of\u00edcio de mero encaminhamento.<\/p>\n<ol style=\"text-align: justify\" start=\"6\">\n<li><strong>fecho<\/strong>. (v. <em>2. <\/em><em>Fechos para Comunica\u00e7\u00f5es<\/em>);<\/li>\n<\/ol>\n<ol style=\"text-align: justify\" start=\"7\">\n<li><strong>assinatura do autor da comunica\u00e7\u00e3o<\/strong> e<\/li>\n<\/ol>\n<ol style=\"text-align: justify\" start=\"8\">\n<li><strong>identifica\u00e7\u00e3o do signat\u00e1rio<\/strong> (v. <em>3. Identifica\u00e7\u00e3o do Signat\u00e1rio<\/em><a name=\"_Toc52684215\"><\/a>).<\/li>\n<\/ol>\n<p style=\"text-align: justify\"><em><strong><span style=\"color: #993366\">Querem saber mais? Acompanhem a minha aula AO VIVO e GRATUITA!! Ser\u00e1 hoje, \u00e0s 19h, pelo canal do Estrat\u00e9gia concursos (YouTube)<\/span><\/strong><\/em><\/p>\n<p style=\"text-align: justify\"><a href=\"https:\/\/www.youtube.com\/user\/EstrategiaCursos\">CLIQUE AQUI<\/a><\/p>\n<p style=\"text-align: justify\">Vamos falar sobre a a Reda\u00e7\u00e3o Oficial em Discursivas, foco no concurso da CLDF (T\u00e9cnico).<\/p>\n<p style=\"text-align: justify\">Espero voc\u00eas!<\/p>\n<p style=\"text-align: justify\">Abra\u00e7o.<\/p>\n<p style=\"text-align: justify\">Rafaela Freitas.<\/p>\n","protected":false},"excerpt":{"rendered":"<p>Reda\u00e7\u00e3o Oficial em Discursivas Ol\u00e1, meus caros! Se voc\u00ea vai prestar algum concurso em que a discursiva ser\u00e1 a elabora\u00e7\u00e3o de expediente ou ato oficial, seu lugar \u00e9 aqui! Para tanto, que apresentar neste artigo uma breve diretriz para que voc\u00ea, candidato, saiba as principais informa\u00e7\u00f5es que o ajudar\u00e3o a ter sucesso nesse tipo de [&hellip;]<\/p>\n","protected":false},"author":190,"featured_media":109544,"comment_status":"open","ping_status":"closed","sticky":false,"template":"","format":"standard","meta":{"post_tipo":"article","footnotes":""},"categories":[1],"tags":[1949,3867,40,27,959],"tax_estado":[],"class_list":["post-135796","post","type-post","status-publish","format-standard","has-post-thumbnail","hentry","category-cursos-e-concursos","tag-cldf","tag-cldf-tecnico","tag-concurso","tag-discursivas","tag-redacao-oficial"],"acf":[],"yoast_head":"<!-- This site is optimized with the Yoast SEO Premium plugin v27.2 (Yoast SEO v27.2) - https:\/\/yoast.com\/product\/yoast-seo-premium-wordpress\/ -->\n<title>Reda\u00e7\u00e3o Oficial em Discursivas Reda\u00e7\u00e3o Oficial em Discursivas<\/title>\n<meta name=\"description\" content=\"Reda\u00e7\u00e3o Oficial em Discursivas com fico no concurso da CLDF (T\u00e9cnico) e no Manual de Reda\u00e7\u00e3o oficial da Presid\u00eacia da Rep\u00fablica.\" \/>\n<meta name=\"robots\" content=\"index, follow, max-snippet:-1, max-image-preview:large, max-video-preview:-1\" \/>\n<link rel=\"canonical\" href=\"https:\/\/www.estrategiaconcursos.com.br\/blog\/redacao-oficial-em-discursivas\/\" \/>\n<meta property=\"og:locale\" content=\"pt_BR\" \/>\n<meta property=\"og:type\" content=\"article\" \/>\n<meta property=\"og:title\" content=\"Reda\u00e7\u00e3o Oficial em Discursivas\" \/>\n<meta property=\"og:description\" content=\"Reda\u00e7\u00e3o Oficial em Discursivas com fico no concurso da CLDF (T\u00e9cnico) e no Manual de Reda\u00e7\u00e3o oficial da Presid\u00eacia da Rep\u00fablica.\" \/>\n<meta property=\"og:url\" content=\"https:\/\/www.estrategiaconcursos.com.br\/blog\/redacao-oficial-em-discursivas\/\" \/>\n<meta property=\"og:site_name\" content=\"Estrat\u00e9gia Concursos\" \/>\n<meta property=\"article:published_time\" content=\"2018-08-13T13:40:16+00:00\" \/>\n<meta property=\"og:image\" content=\"https:\/\/dhg1h5j42swfq.cloudfront.net\/2018\/03\/06160425\/Coruja.png\" \/>\n\t<meta property=\"og:image:width\" content=\"3508\" \/>\n\t<meta property=\"og:image:height\" content=\"2480\" \/>\n\t<meta property=\"og:image:type\" content=\"image\/png\" \/>\n<meta name=\"author\" content=\"Rafaela Freitas\" \/>\n<meta name=\"twitter:card\" content=\"summary_large_image\" \/>\n<meta name=\"twitter:creator\" content=\"@EstratConcursos\" \/>\n<meta name=\"twitter:site\" content=\"@EstratConcursos\" \/>\n<meta name=\"twitter:label1\" content=\"Escrito por\" \/>\n\t<meta name=\"twitter:data1\" content=\"Rafaela Freitas\" \/>\n\t<meta name=\"twitter:label2\" content=\"Est. tempo de leitura\" \/>\n\t<meta name=\"twitter:data2\" content=\"10 minutos\" \/>\n<script type=\"application\/ld+json\" class=\"yoast-schema-graph\">{\"@context\":\"https:\/\/schema.org\",\"@graph\":[{\"@type\":\"NewsArticle\",\"@id\":\"https:\/\/www.estrategiaconcursos.com.br\/blog\/redacao-oficial-em-discursivas\/#article\",\"isPartOf\":{\"@id\":\"https:\/\/www.estrategiaconcursos.com.br\/blog\/redacao-oficial-em-discursivas\/\"},\"author\":{\"name\":\"Rafaela Freitas\",\"@id\":\"https:\/\/www.estrategiaconcursos.com.br\/blog\/#\/schema\/person\/b91f2c79fa09f992bd34e4182afb626c\"},\"headline\":\"Reda\u00e7\u00e3o Oficial em Discursivas\",\"datePublished\":\"2018-08-13T13:40:16+00:00\",\"mainEntityOfPage\":{\"@id\":\"https:\/\/www.estrategiaconcursos.com.br\/blog\/redacao-oficial-em-discursivas\/\"},\"wordCount\":1997,\"commentCount\":3,\"publisher\":{\"@id\":\"https:\/\/www.estrategiaconcursos.com.br\/blog\/#organization\"},\"image\":{\"@id\":\"https:\/\/www.estrategiaconcursos.com.br\/blog\/redacao-oficial-em-discursivas\/#primaryimage\"},\"thumbnailUrl\":\"https:\/\/dhg1h5j42swfq.cloudfront.net\/2018\/03\/06160425\/Coruja.png\",\"keywords\":[\"CLDF\",\"cldf t\u00e9cnico\",\"Concurso\",\"discursivas\",\"Reda\u00e7\u00e3o Oficial\"],\"articleSection\":[\"Concursos P\u00fablicos\"],\"inLanguage\":\"pt-BR\",\"potentialAction\":[{\"@type\":\"CommentAction\",\"name\":\"Comment\",\"target\":[\"https:\/\/www.estrategiaconcursos.com.br\/blog\/redacao-oficial-em-discursivas\/#respond\"]}],\"copyrightYear\":\"2018\",\"copyrightHolder\":{\"@id\":\"https:\/\/www.estrategiaconcursos.com.br\/blog\/#organization\"}},{\"@type\":\"WebPage\",\"@id\":\"https:\/\/www.estrategiaconcursos.com.br\/blog\/redacao-oficial-em-discursivas\/\",\"url\":\"https:\/\/www.estrategiaconcursos.com.br\/blog\/redacao-oficial-em-discursivas\/\",\"name\":\"Reda\u00e7\u00e3o Oficial em Discursivas Reda\u00e7\u00e3o Oficial em Discursivas\",\"isPartOf\":{\"@id\":\"https:\/\/www.estrategiaconcursos.com.br\/blog\/#website\"},\"primaryImageOfPage\":{\"@id\":\"https:\/\/www.estrategiaconcursos.com.br\/blog\/redacao-oficial-em-discursivas\/#primaryimage\"},\"image\":{\"@id\":\"https:\/\/www.estrategiaconcursos.com.br\/blog\/redacao-oficial-em-discursivas\/#primaryimage\"},\"thumbnailUrl\":\"https:\/\/dhg1h5j42swfq.cloudfront.net\/2018\/03\/06160425\/Coruja.png\",\"datePublished\":\"2018-08-13T13:40:16+00:00\",\"description\":\"Reda\u00e7\u00e3o Oficial em Discursivas com fico no concurso da CLDF (T\u00e9cnico) e no Manual de Reda\u00e7\u00e3o oficial da Presid\u00eacia da Rep\u00fablica.\",\"breadcrumb\":{\"@id\":\"https:\/\/www.estrategiaconcursos.com.br\/blog\/redacao-oficial-em-discursivas\/#breadcrumb\"},\"inLanguage\":\"pt-BR\",\"potentialAction\":[{\"@type\":\"ReadAction\",\"target\":[\"https:\/\/www.estrategiaconcursos.com.br\/blog\/redacao-oficial-em-discursivas\/\"]}]},{\"@type\":\"ImageObject\",\"inLanguage\":\"pt-BR\",\"@id\":\"https:\/\/www.estrategiaconcursos.com.br\/blog\/redacao-oficial-em-discursivas\/#primaryimage\",\"url\":\"https:\/\/dhg1h5j42swfq.cloudfront.net\/2018\/03\/06160425\/Coruja.png\",\"contentUrl\":\"https:\/\/dhg1h5j42swfq.cloudfront.net\/2018\/03\/06160425\/Coruja.png\",\"width\":3508,\"height\":2480,\"caption\":\"concurso p\u00fablico\"},{\"@type\":\"BreadcrumbList\",\"@id\":\"https:\/\/www.estrategiaconcursos.com.br\/blog\/redacao-oficial-em-discursivas\/#breadcrumb\",\"itemListElement\":[{\"@type\":\"ListItem\",\"position\":1,\"name\":\"In\u00edcio\",\"item\":\"https:\/\/www.estrategiaconcursos.com.br\/blog\/\"},{\"@type\":\"ListItem\",\"position\":2,\"name\":\"Reda\u00e7\u00e3o Oficial em Discursivas\"}]},{\"@type\":\"WebSite\",\"@id\":\"https:\/\/www.estrategiaconcursos.com.br\/blog\/#website\",\"url\":\"https:\/\/www.estrategiaconcursos.com.br\/blog\/\",\"name\":\"Estrat\u00e9gia Concursos\",\"description\":\"O blog da Estrat\u00e9gia Concursos traz not\u00edcias sobre concursos e artigos de professores oferecendo cursos para concursos (pdf + videaulas) no site.\",\"publisher\":{\"@id\":\"https:\/\/www.estrategiaconcursos.com.br\/blog\/#organization\"},\"potentialAction\":[{\"@type\":\"SearchAction\",\"target\":{\"@type\":\"EntryPoint\",\"urlTemplate\":\"https:\/\/www.estrategiaconcursos.com.br\/blog\/?s={search_term_string}\"},\"query-input\":{\"@type\":\"PropertyValueSpecification\",\"valueRequired\":true,\"valueName\":\"search_term_string\"}}],\"inLanguage\":\"pt-BR\"},{\"@type\":\"Organization\",\"@id\":\"https:\/\/www.estrategiaconcursos.com.br\/blog\/#organization\",\"name\":\"Estrat\u00e9gia Concursos\",\"url\":\"https:\/\/www.estrategiaconcursos.com.br\/blog\/\",\"logo\":{\"@type\":\"ImageObject\",\"inLanguage\":\"pt-BR\",\"@id\":\"https:\/\/www.estrategiaconcursos.com.br\/blog\/#\/schema\/logo\/image\/\",\"url\":\"https:\/\/dhg1h5j42swfq.cloudfront.net\/2025\/06\/03203428\/logo_concursos-1.jpg\",\"contentUrl\":\"https:\/\/dhg1h5j42swfq.cloudfront.net\/2025\/06\/03203428\/logo_concursos-1.jpg\",\"width\":230,\"height\":60,\"caption\":\"Estrat\u00e9gia Concursos\"},\"image\":{\"@id\":\"https:\/\/www.estrategiaconcursos.com.br\/blog\/#\/schema\/logo\/image\/\"},\"sameAs\":[\"https:\/\/x.com\/EstratConcursos\"]},{\"@type\":\"Person\",\"@id\":\"https:\/\/www.estrategiaconcursos.com.br\/blog\/#\/schema\/person\/b91f2c79fa09f992bd34e4182afb626c\",\"name\":\"Rafaela Freitas\",\"image\":{\"@type\":\"ImageObject\",\"inLanguage\":\"pt-BR\",\"@id\":\"https:\/\/secure.gravatar.com\/avatar\/97ece78bdb320995d343d6c012a26475a2b8b6a591c52fbbd62c62640f68911e?s=96&d=mm&r=g\",\"url\":\"https:\/\/secure.gravatar.com\/avatar\/97ece78bdb320995d343d6c012a26475a2b8b6a591c52fbbd62c62640f68911e?s=96&d=mm&r=g\",\"contentUrl\":\"https:\/\/secure.gravatar.com\/avatar\/97ece78bdb320995d343d6c012a26475a2b8b6a591c52fbbd62c62640f68911e?s=96&d=mm&r=g\",\"caption\":\"Rafaela Freitas\"},\"url\":\"https:\/\/www.estrategiaconcursos.com.br\/blog\/author\/rafaelafreitasestrategiaconcursos-com-br\/\"}]}<\/script>\n<!-- \/ Yoast SEO Premium plugin. -->","yoast_head_json":{"title":"Reda\u00e7\u00e3o Oficial em Discursivas Reda\u00e7\u00e3o Oficial em Discursivas","description":"Reda\u00e7\u00e3o Oficial em Discursivas com fico no concurso da CLDF (T\u00e9cnico) e no Manual de Reda\u00e7\u00e3o oficial da Presid\u00eacia da Rep\u00fablica.","robots":{"index":"index","follow":"follow","max-snippet":"max-snippet:-1","max-image-preview":"max-image-preview:large","max-video-preview":"max-video-preview:-1"},"canonical":"https:\/\/www.estrategiaconcursos.com.br\/blog\/redacao-oficial-em-discursivas\/","og_locale":"pt_BR","og_type":"article","og_title":"Reda\u00e7\u00e3o Oficial em Discursivas","og_description":"Reda\u00e7\u00e3o Oficial em Discursivas com fico no concurso da CLDF (T\u00e9cnico) e no Manual de Reda\u00e7\u00e3o oficial da Presid\u00eacia da Rep\u00fablica.","og_url":"https:\/\/www.estrategiaconcursos.com.br\/blog\/redacao-oficial-em-discursivas\/","og_site_name":"Estrat\u00e9gia Concursos","article_published_time":"2018-08-13T13:40:16+00:00","og_image":[{"width":3508,"height":2480,"url":"https:\/\/dhg1h5j42swfq.cloudfront.net\/2018\/03\/06160425\/Coruja.png","type":"image\/png"}],"author":"Rafaela Freitas","twitter_card":"summary_large_image","twitter_creator":"@EstratConcursos","twitter_site":"@EstratConcursos","twitter_misc":{"Escrito por":"Rafaela Freitas","Est. tempo de leitura":"10 minutos"},"schema":{"@context":"https:\/\/schema.org","@graph":[{"@type":"NewsArticle","@id":"https:\/\/www.estrategiaconcursos.com.br\/blog\/redacao-oficial-em-discursivas\/#article","isPartOf":{"@id":"https:\/\/www.estrategiaconcursos.com.br\/blog\/redacao-oficial-em-discursivas\/"},"author":{"name":"Rafaela Freitas","@id":"https:\/\/www.estrategiaconcursos.com.br\/blog\/#\/schema\/person\/b91f2c79fa09f992bd34e4182afb626c"},"headline":"Reda\u00e7\u00e3o Oficial em Discursivas","datePublished":"2018-08-13T13:40:16+00:00","mainEntityOfPage":{"@id":"https:\/\/www.estrategiaconcursos.com.br\/blog\/redacao-oficial-em-discursivas\/"},"wordCount":1997,"commentCount":3,"publisher":{"@id":"https:\/\/www.estrategiaconcursos.com.br\/blog\/#organization"},"image":{"@id":"https:\/\/www.estrategiaconcursos.com.br\/blog\/redacao-oficial-em-discursivas\/#primaryimage"},"thumbnailUrl":"https:\/\/dhg1h5j42swfq.cloudfront.net\/2018\/03\/06160425\/Coruja.png","keywords":["CLDF","cldf t\u00e9cnico","Concurso","discursivas","Reda\u00e7\u00e3o Oficial"],"articleSection":["Concursos P\u00fablicos"],"inLanguage":"pt-BR","potentialAction":[{"@type":"CommentAction","name":"Comment","target":["https:\/\/www.estrategiaconcursos.com.br\/blog\/redacao-oficial-em-discursivas\/#respond"]}],"copyrightYear":"2018","copyrightHolder":{"@id":"https:\/\/www.estrategiaconcursos.com.br\/blog\/#organization"}},{"@type":"WebPage","@id":"https:\/\/www.estrategiaconcursos.com.br\/blog\/redacao-oficial-em-discursivas\/","url":"https:\/\/www.estrategiaconcursos.com.br\/blog\/redacao-oficial-em-discursivas\/","name":"Reda\u00e7\u00e3o Oficial em Discursivas Reda\u00e7\u00e3o Oficial em Discursivas","isPartOf":{"@id":"https:\/\/www.estrategiaconcursos.com.br\/blog\/#website"},"primaryImageOfPage":{"@id":"https:\/\/www.estrategiaconcursos.com.br\/blog\/redacao-oficial-em-discursivas\/#primaryimage"},"image":{"@id":"https:\/\/www.estrategiaconcursos.com.br\/blog\/redacao-oficial-em-discursivas\/#primaryimage"},"thumbnailUrl":"https:\/\/dhg1h5j42swfq.cloudfront.net\/2018\/03\/06160425\/Coruja.png","datePublished":"2018-08-13T13:40:16+00:00","description":"Reda\u00e7\u00e3o Oficial em Discursivas com fico no concurso da CLDF (T\u00e9cnico) e no Manual de Reda\u00e7\u00e3o oficial da Presid\u00eacia da Rep\u00fablica.","breadcrumb":{"@id":"https:\/\/www.estrategiaconcursos.com.br\/blog\/redacao-oficial-em-discursivas\/#breadcrumb"},"inLanguage":"pt-BR","potentialAction":[{"@type":"ReadAction","target":["https:\/\/www.estrategiaconcursos.com.br\/blog\/redacao-oficial-em-discursivas\/"]}]},{"@type":"ImageObject","inLanguage":"pt-BR","@id":"https:\/\/www.estrategiaconcursos.com.br\/blog\/redacao-oficial-em-discursivas\/#primaryimage","url":"https:\/\/dhg1h5j42swfq.cloudfront.net\/2018\/03\/06160425\/Coruja.png","contentUrl":"https:\/\/dhg1h5j42swfq.cloudfront.net\/2018\/03\/06160425\/Coruja.png","width":3508,"height":2480,"caption":"concurso p\u00fablico"},{"@type":"BreadcrumbList","@id":"https:\/\/www.estrategiaconcursos.com.br\/blog\/redacao-oficial-em-discursivas\/#breadcrumb","itemListElement":[{"@type":"ListItem","position":1,"name":"In\u00edcio","item":"https:\/\/www.estrategiaconcursos.com.br\/blog\/"},{"@type":"ListItem","position":2,"name":"Reda\u00e7\u00e3o Oficial em Discursivas"}]},{"@type":"WebSite","@id":"https:\/\/www.estrategiaconcursos.com.br\/blog\/#website","url":"https:\/\/www.estrategiaconcursos.com.br\/blog\/","name":"Estrat\u00e9gia Concursos","description":"O blog da Estrat\u00e9gia Concursos traz not\u00edcias sobre concursos e artigos de professores oferecendo cursos para concursos (pdf + videaulas) no site.","publisher":{"@id":"https:\/\/www.estrategiaconcursos.com.br\/blog\/#organization"},"potentialAction":[{"@type":"SearchAction","target":{"@type":"EntryPoint","urlTemplate":"https:\/\/www.estrategiaconcursos.com.br\/blog\/?s={search_term_string}"},"query-input":{"@type":"PropertyValueSpecification","valueRequired":true,"valueName":"search_term_string"}}],"inLanguage":"pt-BR"},{"@type":"Organization","@id":"https:\/\/www.estrategiaconcursos.com.br\/blog\/#organization","name":"Estrat\u00e9gia Concursos","url":"https:\/\/www.estrategiaconcursos.com.br\/blog\/","logo":{"@type":"ImageObject","inLanguage":"pt-BR","@id":"https:\/\/www.estrategiaconcursos.com.br\/blog\/#\/schema\/logo\/image\/","url":"https:\/\/dhg1h5j42swfq.cloudfront.net\/2025\/06\/03203428\/logo_concursos-1.jpg","contentUrl":"https:\/\/dhg1h5j42swfq.cloudfront.net\/2025\/06\/03203428\/logo_concursos-1.jpg","width":230,"height":60,"caption":"Estrat\u00e9gia Concursos"},"image":{"@id":"https:\/\/www.estrategiaconcursos.com.br\/blog\/#\/schema\/logo\/image\/"},"sameAs":["https:\/\/x.com\/EstratConcursos"]},{"@type":"Person","@id":"https:\/\/www.estrategiaconcursos.com.br\/blog\/#\/schema\/person\/b91f2c79fa09f992bd34e4182afb626c","name":"Rafaela Freitas","image":{"@type":"ImageObject","inLanguage":"pt-BR","@id":"https:\/\/secure.gravatar.com\/avatar\/97ece78bdb320995d343d6c012a26475a2b8b6a591c52fbbd62c62640f68911e?s=96&d=mm&r=g","url":"https:\/\/secure.gravatar.com\/avatar\/97ece78bdb320995d343d6c012a26475a2b8b6a591c52fbbd62c62640f68911e?s=96&d=mm&r=g","contentUrl":"https:\/\/secure.gravatar.com\/avatar\/97ece78bdb320995d343d6c012a26475a2b8b6a591c52fbbd62c62640f68911e?s=96&d=mm&r=g","caption":"Rafaela Freitas"},"url":"https:\/\/www.estrategiaconcursos.com.br\/blog\/author\/rafaelafreitasestrategiaconcursos-com-br\/"}]}},"_links":{"self":[{"href":"https:\/\/www.estrategiaconcursos.com.br\/blog\/wp-json\/wp\/v2\/posts\/135796","targetHints":{"allow":["GET"]}}],"collection":[{"href":"https:\/\/www.estrategiaconcursos.com.br\/blog\/wp-json\/wp\/v2\/posts"}],"about":[{"href":"https:\/\/www.estrategiaconcursos.com.br\/blog\/wp-json\/wp\/v2\/types\/post"}],"author":[{"embeddable":true,"href":"https:\/\/www.estrategiaconcursos.com.br\/blog\/wp-json\/wp\/v2\/users\/190"}],"replies":[{"embeddable":true,"href":"https:\/\/www.estrategiaconcursos.com.br\/blog\/wp-json\/wp\/v2\/comments?post=135796"}],"version-history":[{"count":9,"href":"https:\/\/www.estrategiaconcursos.com.br\/blog\/wp-json\/wp\/v2\/posts\/135796\/revisions"}],"predecessor-version":[{"id":135808,"href":"https:\/\/www.estrategiaconcursos.com.br\/blog\/wp-json\/wp\/v2\/posts\/135796\/revisions\/135808"}],"wp:featuredmedia":[{"embeddable":true,"href":"https:\/\/www.estrategiaconcursos.com.br\/blog\/wp-json\/wp\/v2\/media\/109544"}],"wp:attachment":[{"href":"https:\/\/www.estrategiaconcursos.com.br\/blog\/wp-json\/wp\/v2\/media?parent=135796"}],"wp:term":[{"taxonomy":"category","embeddable":true,"href":"https:\/\/www.estrategiaconcursos.com.br\/blog\/wp-json\/wp\/v2\/categories?post=135796"},{"taxonomy":"post_tag","embeddable":true,"href":"https:\/\/www.estrategiaconcursos.com.br\/blog\/wp-json\/wp\/v2\/tags?post=135796"},{"taxonomy":"tax_estado","embeddable":true,"href":"https:\/\/www.estrategiaconcursos.com.br\/blog\/wp-json\/wp\/v2\/tax_estado?post=135796"}],"curies":[{"name":"wp","href":"https:\/\/api.w.org\/{rel}","templated":true}]}}