{"id":1357461,"date":"2024-02-22T23:40:31","date_gmt":"2024-02-23T02:40:31","guid":{"rendered":"https:\/\/www.estrategiaconcursos.com.br\/blog\/?p=1357461"},"modified":"2024-02-23T00:36:47","modified_gmt":"2024-02-23T03:36:47","slug":"concurso-guarda-foz-do-iguacu-fundatec-banca","status":"publish","type":"post","link":"https:\/\/www.estrategiaconcursos.com.br\/blog\/concurso-guarda-foz-do-iguacu-fundatec-banca\/","title":{"rendered":"Concurso Guarda Foz do Igua\u00e7u: Fundatec \u00e9 a banca; 50 vagas"},"content":{"rendered":"\n<p>A <strong>Funda\u00e7\u00e3o Universidade Empresa de Tecnologia e Ci\u00eancias (Fundatec) <\/strong>foi definida como <strong>banca <\/strong>do novo<strong> concurso Guarda Foz do Igua\u00e7u,<\/strong> localizada no Paran\u00e1.<\/p>\n\n\n\n<p>O documento foi publicado no Di\u00e1rio Oficial do Munic\u00edpio. Inclusive, o contrato com a organizadora tamb\u00e9m foi divulgado. Confira abaixo os detalhes!<\/p>\n\n\n\n<ul class=\"wp-block-list\">\n<li><a href=\"https:\/\/dhg1h5j42swfq.cloudfront.net\/2024\/02\/22232809\/044-2024-fundatec.pdf\" target=\"_blank\" rel=\"noreferrer noopener nofollow\">Contrato com a Fundatec<\/a><\/li>\n<\/ul>\n\n\n\n<figure class=\"wp-block-image aligncenter size-full\"><img loading=\"lazy\" decoding=\"async\" width=\"981\" height=\"430\" src=\"https:\/\/dhg1h5j42swfq.cloudfront.net\/2024\/02\/22232531\/gcm-foz-do-iguacu-fundatec.jpg\" alt=\"Concurso Guarda Foz do Igua\u00e7u: Fundatec \u00e9 a banca!\" class=\"wp-image-1357463\" srcset=\"https:\/\/dhg1h5j42swfq.cloudfront.net\/2024\/02\/22232531\/gcm-foz-do-iguacu-fundatec.jpg 981w, https:\/\/dhg1h5j42swfq.cloudfront.net\/2024\/02\/22232531\/gcm-foz-do-iguacu-fundatec-300x131.jpg 300w, https:\/\/dhg1h5j42swfq.cloudfront.net\/2024\/02\/22232531\/gcm-foz-do-iguacu-fundatec-768x337.jpg 768w, https:\/\/dhg1h5j42swfq.cloudfront.net\/2024\/02\/22232531\/gcm-foz-do-iguacu-fundatec-610x267.jpg 610w, https:\/\/dhg1h5j42swfq.cloudfront.net\/2024\/02\/22232531\/gcm-foz-do-iguacu-fundatec-150x66.jpg 150w\" sizes=\"auto, (max-width: 981px) 100vw, 981px\" \/><figcaption class=\"wp-element-caption\">Concurso Guarda Foz do Igua\u00e7u: Fundatec \u00e9 a banca!<\/figcaption><\/figure>\n\n\n\n<h3 class=\"wp-block-heading\" id=\"h-detalhes-do-contrato-com-a-fundatec\">Detalhes do contrato com a Fundatec<\/h3>\n\n\n\n<p><strong>Ser\u00e3o ofertadas 50 vagas imediatas para o cargo de Guarda Municipal de 3\u00aa Classe<\/strong>, de n\u00edvel m\u00e9dio, al\u00e9m da forma\u00e7\u00e3o de cadastro reserva. O sal\u00e1rio \u00e9 de <strong>R$ 3.186,76.<\/strong><\/p>\n\n\n\n<figure class=\"wp-block-image aligncenter size-full\"><img loading=\"lazy\" decoding=\"async\" width=\"778\" height=\"261\" src=\"https:\/\/dhg1h5j42swfq.cloudfront.net\/2024\/02\/22233558\/image-582.png\" alt=\"Detalhes do cargo do concurso guarda foz do igua\u00e7u\" class=\"wp-image-1357465\" srcset=\"https:\/\/dhg1h5j42swfq.cloudfront.net\/2024\/02\/22233558\/image-582.png 778w, https:\/\/dhg1h5j42swfq.cloudfront.net\/2024\/02\/22233558\/image-582-300x101.png 300w, https:\/\/dhg1h5j42swfq.cloudfront.net\/2024\/02\/22233558\/image-582-768x258.png 768w, https:\/\/dhg1h5j42swfq.cloudfront.net\/2024\/02\/22233558\/image-582-610x205.png 610w, https:\/\/dhg1h5j42swfq.cloudfront.net\/2024\/02\/22233558\/image-582-150x50.png 150w\" sizes=\"auto, (max-width: 778px) 100vw, 778px\" \/><figcaption class=\"wp-element-caption\">Detalhes do cargo<\/figcaption><\/figure>\n\n\n\n<p>A sele\u00e7\u00e3o contar\u00e1 com a aplica\u00e7\u00e3o de 4 etapas, assim divididas:<\/p>\n\n\n\n<ul class=\"wp-block-list\">\n<li>1\u00aa Etapa\n<ul class=\"wp-block-list\">\n<li>1\u00aa Fase: prova objetiva, de car\u00e1ter classificat\u00f3rio e eliminat\u00f3rio;<\/li>\n\n\n\n<li>2\u00aa Fase: prova discursiva, de car\u00e1ter classificat\u00f3rio e eliminat\u00f3rio;<\/li>\n<\/ul>\n<\/li>\n\n\n\n<li>2\u00aa Etapa\n<ul class=\"wp-block-list\">\n<li>Teste de Aptid\u00e3o F\u00edsica (TAF), de car\u00e1ter classificat\u00f3rio e eliminat\u00f3rio;<\/li>\n<\/ul>\n<\/li>\n\n\n\n<li>3\u00aa Etapa\n<ul class=\"wp-block-list\">\n<li>Exame Psicol\u00f3gico, de car\u00e1ter eliminat\u00f3rio; e<\/li>\n<\/ul>\n<\/li>\n\n\n\n<li>4\u00aa Etapa\n<ul class=\"wp-block-list\">\n<li>Exame de Investiga\u00e7\u00e3o Social, de car\u00e1ter eliminat\u00f3rio.<\/li>\n<\/ul>\n<\/li>\n<\/ul>\n\n\n\n<p>J\u00e1 o valor da taxa de inscri\u00e7\u00e3o ser\u00e1 fixado em R$ 120,00. No mais, estima-se que sejam efetuadas cerca de 7 mil inscri\u00e7\u00f5es.<\/p>\n\n\n\n<p>Para saber todos os detalhes do pr\u00f3ximo concurso para a Guarda de Foz do <a href=\"https:\/\/www5.pmfi.pr.gov.br\/orgao-96\" target=\"_blank\" rel=\"noreferrer noopener\">Igua\u00e7u<\/a>, bem como da contrata\u00e7\u00e3o da banca Fundatec, acesse o link abaixo. N\u00f3s, do Estrat\u00e9gia Concursos, preparamos um artigo exclusivo para voc\u00eas:<\/p>\n\n\n\n<p class=\"has-text-align-center has-cyan-bluish-gray-background-color has-background has-medium-font-size\"><a href=\"https:\/\/www.estrategiaconcursos.com.br\/blog\/concurso-guarda-foz-do-iguacu\/\" target=\"_blank\" rel=\"noreferrer noopener\"><strong>Concurso GCM Foz do Igua\u00e7u<\/strong><\/a><\/p>\n\n\n\n<h2 class=\"wp-block-heading has-text-align-center\" id=\"h-quer-saber-tudo-sobre-concursos-previstos-confira-nossos-artigos\">Quer saber tudo sobre concursos previstos?<br \/>Confira nossos artigos!<\/h2>\n\n\n\n<ul class=\"wp-block-list\">\n<li><a href=\"https:\/\/www.estrategiaconcursos.com.br\/blog\/concursos-abertos\/\" target=\"_blank\" rel=\"noreferrer noopener\">Concursos abertos<\/a><\/li>\n\n\n\n<li><a href=\"https:\/\/www.estrategiaconcursos.com.br\/blog\/concursos-2024\" target=\"_blank\" rel=\"noreferrer noopener\">Concursos 2024<\/a><\/li>\n<\/ul>\n\n\n\n<h2 class=\"wp-block-heading has-text-align-center\" id=\"curso\">Quer estudar para o concurso Guarda Foz do Igua\u00e7u?<\/h2>\n\n\n\n<div class=\"container\" id=\"boxes\">\n  <div class=\"row\">\n\n    <div class=\"col-sm\">\n      <div class=\"banner-guarda-gcm\" id=\"box-assinatura\">\n        <h3 class=\"titulo-assinatura\">Concurso Guarda Foz do Igua\u00e7u<\/h3>\n        <p class=\"subtitulo-assinatura\">Conhe\u00e7a os cursos<\/p>\n        <div class=\"box-botao\">\n          <a class=\"btn-assinatura\" target=\"_blank\" href=\"https:\/\/www.estrategiaconcursos.com.br\/cursos\/concurso\/\" role=\"button\" rel=\"noopener noreferrer\">Conhe\u00e7a mais<\/a>\n        <\/div>\n      <\/div>\n      <p class=\"texto-auxiliar\"><\/p>\n    <\/div>\n\n  <\/div>\n<\/div>\n\n\n\n<div class=\"container\" id=\"boxes\">\n  <div class=\"row\">\n\n    <div class=\"col-sm\">\n      <div class=\"estrategia\" id=\"box-assinatura\">\n        <h3 class=\"titulo-assinatura\">Assinatura Concursos<\/h3>\n        <p class=\"subtitulo-assinatura\">Assinatura de 1 ano ou 2 anos<\/p>\n        <div class=\"box-botao\">\n          <a class=\"btn-assinatura\" target=\"_blank\" href=\"https:\/\/www.estrategiaconcursos.com.br\/assinaturas\/\" role=\"button\" rel=\"noopener noreferrer\">ASSINE AGORA<\/a>\n        <\/div>\n      <\/div>\n     \n    <\/div><\/div><\/div>\n","protected":false},"excerpt":{"rendered":"<p>A Funda\u00e7\u00e3o Universidade Empresa de Tecnologia e Ci\u00eancias (Fundatec) foi definida como banca do novo concurso Guarda Foz do Igua\u00e7u, localizada no Paran\u00e1. O documento foi publicado no Di\u00e1rio Oficial do Munic\u00edpio. Inclusive, o contrato com a organizadora tamb\u00e9m foi divulgado. Confira abaixo os detalhes! Detalhes do contrato com a Fundatec Ser\u00e3o ofertadas 50 vagas [&hellip;]<\/p>\n","protected":false},"author":2134,"featured_media":1026961,"comment_status":"open","ping_status":"closed","sticky":false,"template":"","format":"standard","meta":{"post_tipo":"news","footnotes":""},"categories":[220189,220219],"tags":[],"tax_estado":[219981],"class_list":["post-1357461","post","type-post","status-publish","format-standard","has-post-thumbnail","hentry","category-policial-guarda-civis","category-noticias","tax_estado-pr"],"acf":[],"yoast_head":"<!-- This site is optimized with the Yoast SEO Premium plugin v27.2 (Yoast SEO v27.2) - https:\/\/yoast.com\/product\/yoast-seo-premium-wordpress\/ -->\n<title>Concurso Guarda Foz do Igua\u00e7u: Fundatec \u00e9 a banca; 50 vagas<\/title>\n<meta name=\"description\" content=\"Concurso Guarda Foz fdo Igua\u00e7u: Fundatec \u00e9 definida como banca da nova sele\u00e7\u00e3o. Sere\u00e3o 50 vagas, mais cadastro de reserva!\" \/>\n<meta name=\"robots\" content=\"index, follow, max-snippet:-1, max-image-preview:large, max-video-preview:-1\" \/>\n<link rel=\"canonical\" href=\"https:\/\/www.estrategiaconcursos.com.br\/blog\/concurso-guarda-foz-do-iguacu-fundatec-banca\/\" \/>\n<meta property=\"og:locale\" content=\"pt_BR\" \/>\n<meta property=\"og:type\" content=\"article\" \/>\n<meta property=\"og:title\" content=\"Concurso Guarda Foz do Igua\u00e7u: Fundatec \u00e9 a banca; 50 vagas\" \/>\n<meta property=\"og:description\" content=\"Concurso Guarda Foz fdo Igua\u00e7u: Fundatec \u00e9 definida como banca da nova sele\u00e7\u00e3o. Sere\u00e3o 50 vagas, mais cadastro de reserva!\" \/>\n<meta property=\"og:url\" content=\"https:\/\/www.estrategiaconcursos.com.br\/blog\/concurso-guarda-foz-do-iguacu-fundatec-banca\/\" \/>\n<meta property=\"og:site_name\" content=\"Estrat\u00e9gia Concursos\" \/>\n<meta property=\"article:published_time\" content=\"2024-02-23T02:40:31+00:00\" \/>\n<meta property=\"article:modified_time\" content=\"2024-02-23T03:36:47+00:00\" \/>\n<meta property=\"og:image\" content=\"https:\/\/dhg1h5j42swfq.cloudfront.net\/2022\/05\/12134415\/guarda_foz_do_iguacu.jpg\" \/>\n\t<meta property=\"og:image:width\" content=\"768\" \/>\n\t<meta property=\"og:image:height\" content=\"432\" \/>\n\t<meta property=\"og:image:type\" content=\"image\/jpeg\" \/>\n<meta name=\"author\" content=\"Rafaela Teixeira\" \/>\n<meta name=\"twitter:card\" content=\"summary_large_image\" \/>\n<meta name=\"twitter:creator\" content=\"@EstratConcursos\" \/>\n<meta name=\"twitter:site\" content=\"@EstratConcursos\" \/>\n<meta name=\"twitter:label1\" content=\"Escrito por\" \/>\n\t<meta name=\"twitter:data1\" content=\"Rafaela Teixeira\" \/>\n\t<meta name=\"twitter:label2\" content=\"Est. tempo de leitura\" \/>\n\t<meta name=\"twitter:data2\" content=\"1 minuto\" \/>\n<script type=\"application\/ld+json\" class=\"yoast-schema-graph\">{\"@context\":\"https:\/\/schema.org\",\"@graph\":[{\"@type\":\"NewsArticle\",\"@id\":\"https:\/\/www.estrategiaconcursos.com.br\/blog\/concurso-guarda-foz-do-iguacu-fundatec-banca\/#article\",\"isPartOf\":{\"@id\":\"https:\/\/www.estrategiaconcursos.com.br\/blog\/concurso-guarda-foz-do-iguacu-fundatec-banca\/\"},\"author\":{\"name\":\"Rafaela Teixeira\",\"@id\":\"https:\/\/www.estrategiaconcursos.com.br\/blog\/#\/schema\/person\/e75352021ea7f60781c599934f916eb1\"},\"headline\":\"Concurso Guarda Foz do Igua\u00e7u: Fundatec \u00e9 a banca; 50 vagas\",\"datePublished\":\"2024-02-23T02:40:31+00:00\",\"dateModified\":\"2024-02-23T03:36:47+00:00\",\"mainEntityOfPage\":{\"@id\":\"https:\/\/www.estrategiaconcursos.com.br\/blog\/concurso-guarda-foz-do-iguacu-fundatec-banca\/\"},\"wordCount\":301,\"commentCount\":0,\"publisher\":{\"@id\":\"https:\/\/www.estrategiaconcursos.com.br\/blog\/#organization\"},\"image\":{\"@id\":\"https:\/\/www.estrategiaconcursos.com.br\/blog\/concurso-guarda-foz-do-iguacu-fundatec-banca\/#primaryimage\"},\"thumbnailUrl\":\"https:\/\/dhg1h5j42swfq.cloudfront.net\/2022\/05\/12134415\/guarda_foz_do_iguacu.jpg\",\"articleSection\":[\"Policial (Guardas Civis)\",\"\u00daltimas not\u00edcias\"],\"inLanguage\":\"pt-BR\",\"potentialAction\":[{\"@type\":\"CommentAction\",\"name\":\"Comment\",\"target\":[\"https:\/\/www.estrategiaconcursos.com.br\/blog\/concurso-guarda-foz-do-iguacu-fundatec-banca\/#respond\"]}],\"copyrightYear\":\"2024\",\"copyrightHolder\":{\"@id\":\"https:\/\/www.estrategiaconcursos.com.br\/blog\/#organization\"}},{\"@type\":\"WebPage\",\"@id\":\"https:\/\/www.estrategiaconcursos.com.br\/blog\/concurso-guarda-foz-do-iguacu-fundatec-banca\/\",\"url\":\"https:\/\/www.estrategiaconcursos.com.br\/blog\/concurso-guarda-foz-do-iguacu-fundatec-banca\/\",\"name\":\"Concurso Guarda Foz do Igua\u00e7u: Fundatec \u00e9 a banca; 50 vagas\",\"isPartOf\":{\"@id\":\"https:\/\/www.estrategiaconcursos.com.br\/blog\/#website\"},\"primaryImageOfPage\":{\"@id\":\"https:\/\/www.estrategiaconcursos.com.br\/blog\/concurso-guarda-foz-do-iguacu-fundatec-banca\/#primaryimage\"},\"image\":{\"@id\":\"https:\/\/www.estrategiaconcursos.com.br\/blog\/concurso-guarda-foz-do-iguacu-fundatec-banca\/#primaryimage\"},\"thumbnailUrl\":\"https:\/\/dhg1h5j42swfq.cloudfront.net\/2022\/05\/12134415\/guarda_foz_do_iguacu.jpg\",\"datePublished\":\"2024-02-23T02:40:31+00:00\",\"dateModified\":\"2024-02-23T03:36:47+00:00\",\"description\":\"Concurso Guarda Foz fdo Igua\u00e7u: Fundatec \u00e9 definida como banca da nova sele\u00e7\u00e3o. Sere\u00e3o 50 vagas, mais cadastro de reserva!\",\"breadcrumb\":{\"@id\":\"https:\/\/www.estrategiaconcursos.com.br\/blog\/concurso-guarda-foz-do-iguacu-fundatec-banca\/#breadcrumb\"},\"inLanguage\":\"pt-BR\",\"potentialAction\":[{\"@type\":\"ReadAction\",\"target\":[\"https:\/\/www.estrategiaconcursos.com.br\/blog\/concurso-guarda-foz-do-iguacu-fundatec-banca\/\"]}]},{\"@type\":\"ImageObject\",\"inLanguage\":\"pt-BR\",\"@id\":\"https:\/\/www.estrategiaconcursos.com.br\/blog\/concurso-guarda-foz-do-iguacu-fundatec-banca\/#primaryimage\",\"url\":\"https:\/\/dhg1h5j42swfq.cloudfront.net\/2022\/05\/12134415\/guarda_foz_do_iguacu.jpg\",\"contentUrl\":\"https:\/\/dhg1h5j42swfq.cloudfront.net\/2022\/05\/12134415\/guarda_foz_do_iguacu.jpg\",\"width\":768,\"height\":432,\"caption\":\"concurso guarda foz do igua\u00e7u edital\"},{\"@type\":\"BreadcrumbList\",\"@id\":\"https:\/\/www.estrategiaconcursos.com.br\/blog\/concurso-guarda-foz-do-iguacu-fundatec-banca\/#breadcrumb\",\"itemListElement\":[{\"@type\":\"ListItem\",\"position\":1,\"name\":\"In\u00edcio\",\"item\":\"https:\/\/www.estrategiaconcursos.com.br\/blog\/\"},{\"@type\":\"ListItem\",\"position\":2,\"name\":\"Concurso Guarda Foz do Igua\u00e7u: Fundatec \u00e9 a banca; 50 vagas\"}]},{\"@type\":\"WebSite\",\"@id\":\"https:\/\/www.estrategiaconcursos.com.br\/blog\/#website\",\"url\":\"https:\/\/www.estrategiaconcursos.com.br\/blog\/\",\"name\":\"Estrat\u00e9gia Concursos\",\"description\":\"O blog da Estrat\u00e9gia Concursos traz not\u00edcias sobre concursos e artigos de professores oferecendo cursos para concursos (pdf + videaulas) no site.\",\"publisher\":{\"@id\":\"https:\/\/www.estrategiaconcursos.com.br\/blog\/#organization\"},\"potentialAction\":[{\"@type\":\"SearchAction\",\"target\":{\"@type\":\"EntryPoint\",\"urlTemplate\":\"https:\/\/www.estrategiaconcursos.com.br\/blog\/?s={search_term_string}\"},\"query-input\":{\"@type\":\"PropertyValueSpecification\",\"valueRequired\":true,\"valueName\":\"search_term_string\"}}],\"inLanguage\":\"pt-BR\"},{\"@type\":\"Organization\",\"@id\":\"https:\/\/www.estrategiaconcursos.com.br\/blog\/#organization\",\"name\":\"Estrat\u00e9gia Concursos\",\"url\":\"https:\/\/www.estrategiaconcursos.com.br\/blog\/\",\"logo\":{\"@type\":\"ImageObject\",\"inLanguage\":\"pt-BR\",\"@id\":\"https:\/\/www.estrategiaconcursos.com.br\/blog\/#\/schema\/logo\/image\/\",\"url\":\"https:\/\/dhg1h5j42swfq.cloudfront.net\/2025\/06\/03203428\/logo_concursos-1.jpg\",\"contentUrl\":\"https:\/\/dhg1h5j42swfq.cloudfront.net\/2025\/06\/03203428\/logo_concursos-1.jpg\",\"width\":230,\"height\":60,\"caption\":\"Estrat\u00e9gia Concursos\"},\"image\":{\"@id\":\"https:\/\/www.estrategiaconcursos.com.br\/blog\/#\/schema\/logo\/image\/\"},\"sameAs\":[\"https:\/\/x.com\/EstratConcursos\"]},{\"@type\":\"Person\",\"@id\":\"https:\/\/www.estrategiaconcursos.com.br\/blog\/#\/schema\/person\/e75352021ea7f60781c599934f916eb1\",\"name\":\"Rafaela Teixeira\",\"image\":{\"@type\":\"ImageObject\",\"inLanguage\":\"pt-BR\",\"@id\":\"https:\/\/secure.gravatar.com\/avatar\/8a349a2b22039b1ee88fc06461487c950fd6aa411ea8af8633314b43334ae793?s=96&d=mm&r=g\",\"url\":\"https:\/\/secure.gravatar.com\/avatar\/8a349a2b22039b1ee88fc06461487c950fd6aa411ea8af8633314b43334ae793?s=96&d=mm&r=g\",\"contentUrl\":\"https:\/\/secure.gravatar.com\/avatar\/8a349a2b22039b1ee88fc06461487c950fd6aa411ea8af8633314b43334ae793?s=96&d=mm&r=g\",\"caption\":\"Rafaela Teixeira\"},\"description\":\"Rafaela Teixeira \u00e9 advogada conveniada \u00e0 Defensoria P\u00fablica de S\u00e3o Paulo pela OAB, com experi\u00eancia em reda\u00e7\u00e3o jur\u00eddica e atua\u00e7\u00e3o em institui\u00e7\u00f5es p\u00fablicas, incluindo est\u00e1gio no TRE-SP. Possui mais de 7 anos de experi\u00eancia na produ\u00e7\u00e3o de conte\u00fados voltados ao nicho de concursos p\u00fablicos, com foco em apura\u00e7\u00e3o jornal\u00edstica cont\u00ednua, an\u00e1lise de editais e obten\u00e7\u00e3o de informa\u00e7\u00f5es diretamente junto a \u00f3rg\u00e3os e fontes oficiais. No Blog do Estrat\u00e9gia Concursos, atua como Analista de Conte\u00fado S\u00eanior, respons\u00e1vel pelo jornalismo do per\u00edodo noturno e da madrugada, com atua\u00e7\u00e3o transversal na cobertura de concursos p\u00fablicos, garantindo a continuidade, fluidez e confiabilidade das publica\u00e7\u00f5es e dos bastidores dos certames.\",\"url\":\"https:\/\/www.estrategiaconcursos.com.br\/blog\/author\/rafaela-teixeira\/\"}]}<\/script>\n<!-- \/ Yoast SEO Premium plugin. -->","yoast_head_json":{"title":"Concurso Guarda Foz do Igua\u00e7u: Fundatec \u00e9 a banca; 50 vagas","description":"Concurso Guarda Foz fdo Igua\u00e7u: Fundatec \u00e9 definida como banca da nova sele\u00e7\u00e3o. Sere\u00e3o 50 vagas, mais cadastro de reserva!","robots":{"index":"index","follow":"follow","max-snippet":"max-snippet:-1","max-image-preview":"max-image-preview:large","max-video-preview":"max-video-preview:-1"},"canonical":"https:\/\/www.estrategiaconcursos.com.br\/blog\/concurso-guarda-foz-do-iguacu-fundatec-banca\/","og_locale":"pt_BR","og_type":"article","og_title":"Concurso Guarda Foz do Igua\u00e7u: Fundatec \u00e9 a banca; 50 vagas","og_description":"Concurso Guarda Foz fdo Igua\u00e7u: Fundatec \u00e9 definida como banca da nova sele\u00e7\u00e3o. Sere\u00e3o 50 vagas, mais cadastro de reserva!","og_url":"https:\/\/www.estrategiaconcursos.com.br\/blog\/concurso-guarda-foz-do-iguacu-fundatec-banca\/","og_site_name":"Estrat\u00e9gia Concursos","article_published_time":"2024-02-23T02:40:31+00:00","article_modified_time":"2024-02-23T03:36:47+00:00","og_image":[{"width":768,"height":432,"url":"https:\/\/dhg1h5j42swfq.cloudfront.net\/2022\/05\/12134415\/guarda_foz_do_iguacu.jpg","type":"image\/jpeg"}],"author":"Rafaela Teixeira","twitter_card":"summary_large_image","twitter_creator":"@EstratConcursos","twitter_site":"@EstratConcursos","twitter_misc":{"Escrito por":"Rafaela Teixeira","Est. tempo de leitura":"1 minuto"},"schema":{"@context":"https:\/\/schema.org","@graph":[{"@type":"NewsArticle","@id":"https:\/\/www.estrategiaconcursos.com.br\/blog\/concurso-guarda-foz-do-iguacu-fundatec-banca\/#article","isPartOf":{"@id":"https:\/\/www.estrategiaconcursos.com.br\/blog\/concurso-guarda-foz-do-iguacu-fundatec-banca\/"},"author":{"name":"Rafaela Teixeira","@id":"https:\/\/www.estrategiaconcursos.com.br\/blog\/#\/schema\/person\/e75352021ea7f60781c599934f916eb1"},"headline":"Concurso Guarda Foz do Igua\u00e7u: Fundatec \u00e9 a banca; 50 vagas","datePublished":"2024-02-23T02:40:31+00:00","dateModified":"2024-02-23T03:36:47+00:00","mainEntityOfPage":{"@id":"https:\/\/www.estrategiaconcursos.com.br\/blog\/concurso-guarda-foz-do-iguacu-fundatec-banca\/"},"wordCount":301,"commentCount":0,"publisher":{"@id":"https:\/\/www.estrategiaconcursos.com.br\/blog\/#organization"},"image":{"@id":"https:\/\/www.estrategiaconcursos.com.br\/blog\/concurso-guarda-foz-do-iguacu-fundatec-banca\/#primaryimage"},"thumbnailUrl":"https:\/\/dhg1h5j42swfq.cloudfront.net\/2022\/05\/12134415\/guarda_foz_do_iguacu.jpg","articleSection":["Policial (Guardas Civis)","\u00daltimas not\u00edcias"],"inLanguage":"pt-BR","potentialAction":[{"@type":"CommentAction","name":"Comment","target":["https:\/\/www.estrategiaconcursos.com.br\/blog\/concurso-guarda-foz-do-iguacu-fundatec-banca\/#respond"]}],"copyrightYear":"2024","copyrightHolder":{"@id":"https:\/\/www.estrategiaconcursos.com.br\/blog\/#organization"}},{"@type":"WebPage","@id":"https:\/\/www.estrategiaconcursos.com.br\/blog\/concurso-guarda-foz-do-iguacu-fundatec-banca\/","url":"https:\/\/www.estrategiaconcursos.com.br\/blog\/concurso-guarda-foz-do-iguacu-fundatec-banca\/","name":"Concurso Guarda Foz do Igua\u00e7u: Fundatec \u00e9 a banca; 50 vagas","isPartOf":{"@id":"https:\/\/www.estrategiaconcursos.com.br\/blog\/#website"},"primaryImageOfPage":{"@id":"https:\/\/www.estrategiaconcursos.com.br\/blog\/concurso-guarda-foz-do-iguacu-fundatec-banca\/#primaryimage"},"image":{"@id":"https:\/\/www.estrategiaconcursos.com.br\/blog\/concurso-guarda-foz-do-iguacu-fundatec-banca\/#primaryimage"},"thumbnailUrl":"https:\/\/dhg1h5j42swfq.cloudfront.net\/2022\/05\/12134415\/guarda_foz_do_iguacu.jpg","datePublished":"2024-02-23T02:40:31+00:00","dateModified":"2024-02-23T03:36:47+00:00","description":"Concurso Guarda Foz fdo Igua\u00e7u: Fundatec \u00e9 definida como banca da nova sele\u00e7\u00e3o. Sere\u00e3o 50 vagas, mais cadastro de reserva!","breadcrumb":{"@id":"https:\/\/www.estrategiaconcursos.com.br\/blog\/concurso-guarda-foz-do-iguacu-fundatec-banca\/#breadcrumb"},"inLanguage":"pt-BR","potentialAction":[{"@type":"ReadAction","target":["https:\/\/www.estrategiaconcursos.com.br\/blog\/concurso-guarda-foz-do-iguacu-fundatec-banca\/"]}]},{"@type":"ImageObject","inLanguage":"pt-BR","@id":"https:\/\/www.estrategiaconcursos.com.br\/blog\/concurso-guarda-foz-do-iguacu-fundatec-banca\/#primaryimage","url":"https:\/\/dhg1h5j42swfq.cloudfront.net\/2022\/05\/12134415\/guarda_foz_do_iguacu.jpg","contentUrl":"https:\/\/dhg1h5j42swfq.cloudfront.net\/2022\/05\/12134415\/guarda_foz_do_iguacu.jpg","width":768,"height":432,"caption":"concurso guarda foz do igua\u00e7u edital"},{"@type":"BreadcrumbList","@id":"https:\/\/www.estrategiaconcursos.com.br\/blog\/concurso-guarda-foz-do-iguacu-fundatec-banca\/#breadcrumb","itemListElement":[{"@type":"ListItem","position":1,"name":"In\u00edcio","item":"https:\/\/www.estrategiaconcursos.com.br\/blog\/"},{"@type":"ListItem","position":2,"name":"Concurso Guarda Foz do Igua\u00e7u: Fundatec \u00e9 a banca; 50 vagas"}]},{"@type":"WebSite","@id":"https:\/\/www.estrategiaconcursos.com.br\/blog\/#website","url":"https:\/\/www.estrategiaconcursos.com.br\/blog\/","name":"Estrat\u00e9gia Concursos","description":"O blog da Estrat\u00e9gia Concursos traz not\u00edcias sobre concursos e artigos de professores oferecendo cursos para concursos (pdf + videaulas) no site.","publisher":{"@id":"https:\/\/www.estrategiaconcursos.com.br\/blog\/#organization"},"potentialAction":[{"@type":"SearchAction","target":{"@type":"EntryPoint","urlTemplate":"https:\/\/www.estrategiaconcursos.com.br\/blog\/?s={search_term_string}"},"query-input":{"@type":"PropertyValueSpecification","valueRequired":true,"valueName":"search_term_string"}}],"inLanguage":"pt-BR"},{"@type":"Organization","@id":"https:\/\/www.estrategiaconcursos.com.br\/blog\/#organization","name":"Estrat\u00e9gia Concursos","url":"https:\/\/www.estrategiaconcursos.com.br\/blog\/","logo":{"@type":"ImageObject","inLanguage":"pt-BR","@id":"https:\/\/www.estrategiaconcursos.com.br\/blog\/#\/schema\/logo\/image\/","url":"https:\/\/dhg1h5j42swfq.cloudfront.net\/2025\/06\/03203428\/logo_concursos-1.jpg","contentUrl":"https:\/\/dhg1h5j42swfq.cloudfront.net\/2025\/06\/03203428\/logo_concursos-1.jpg","width":230,"height":60,"caption":"Estrat\u00e9gia Concursos"},"image":{"@id":"https:\/\/www.estrategiaconcursos.com.br\/blog\/#\/schema\/logo\/image\/"},"sameAs":["https:\/\/x.com\/EstratConcursos"]},{"@type":"Person","@id":"https:\/\/www.estrategiaconcursos.com.br\/blog\/#\/schema\/person\/e75352021ea7f60781c599934f916eb1","name":"Rafaela Teixeira","image":{"@type":"ImageObject","inLanguage":"pt-BR","@id":"https:\/\/secure.gravatar.com\/avatar\/8a349a2b22039b1ee88fc06461487c950fd6aa411ea8af8633314b43334ae793?s=96&d=mm&r=g","url":"https:\/\/secure.gravatar.com\/avatar\/8a349a2b22039b1ee88fc06461487c950fd6aa411ea8af8633314b43334ae793?s=96&d=mm&r=g","contentUrl":"https:\/\/secure.gravatar.com\/avatar\/8a349a2b22039b1ee88fc06461487c950fd6aa411ea8af8633314b43334ae793?s=96&d=mm&r=g","caption":"Rafaela Teixeira"},"description":"Rafaela Teixeira \u00e9 advogada conveniada \u00e0 Defensoria P\u00fablica de S\u00e3o Paulo pela OAB, com experi\u00eancia em reda\u00e7\u00e3o jur\u00eddica e atua\u00e7\u00e3o em institui\u00e7\u00f5es p\u00fablicas, incluindo est\u00e1gio no TRE-SP. Possui mais de 7 anos de experi\u00eancia na produ\u00e7\u00e3o de conte\u00fados voltados ao nicho de concursos p\u00fablicos, com foco em apura\u00e7\u00e3o jornal\u00edstica cont\u00ednua, an\u00e1lise de editais e obten\u00e7\u00e3o de informa\u00e7\u00f5es diretamente junto a \u00f3rg\u00e3os e fontes oficiais. No Blog do Estrat\u00e9gia Concursos, atua como Analista de Conte\u00fado S\u00eanior, respons\u00e1vel pelo jornalismo do per\u00edodo noturno e da madrugada, com atua\u00e7\u00e3o transversal na cobertura de concursos p\u00fablicos, garantindo a continuidade, fluidez e confiabilidade das publica\u00e7\u00f5es e dos bastidores dos certames.","url":"https:\/\/www.estrategiaconcursos.com.br\/blog\/author\/rafaela-teixeira\/"}]}},"_links":{"self":[{"href":"https:\/\/www.estrategiaconcursos.com.br\/blog\/wp-json\/wp\/v2\/posts\/1357461","targetHints":{"allow":["GET"]}}],"collection":[{"href":"https:\/\/www.estrategiaconcursos.com.br\/blog\/wp-json\/wp\/v2\/posts"}],"about":[{"href":"https:\/\/www.estrategiaconcursos.com.br\/blog\/wp-json\/wp\/v2\/types\/post"}],"author":[{"embeddable":true,"href":"https:\/\/www.estrategiaconcursos.com.br\/blog\/wp-json\/wp\/v2\/users\/2134"}],"replies":[{"embeddable":true,"href":"https:\/\/www.estrategiaconcursos.com.br\/blog\/wp-json\/wp\/v2\/comments?post=1357461"}],"version-history":[{"count":9,"href":"https:\/\/www.estrategiaconcursos.com.br\/blog\/wp-json\/wp\/v2\/posts\/1357461\/revisions"}],"predecessor-version":[{"id":1357480,"href":"https:\/\/www.estrategiaconcursos.com.br\/blog\/wp-json\/wp\/v2\/posts\/1357461\/revisions\/1357480"}],"wp:featuredmedia":[{"embeddable":true,"href":"https:\/\/www.estrategiaconcursos.com.br\/blog\/wp-json\/wp\/v2\/media\/1026961"}],"wp:attachment":[{"href":"https:\/\/www.estrategiaconcursos.com.br\/blog\/wp-json\/wp\/v2\/media?parent=1357461"}],"wp:term":[{"taxonomy":"category","embeddable":true,"href":"https:\/\/www.estrategiaconcursos.com.br\/blog\/wp-json\/wp\/v2\/categories?post=1357461"},{"taxonomy":"post_tag","embeddable":true,"href":"https:\/\/www.estrategiaconcursos.com.br\/blog\/wp-json\/wp\/v2\/tags?post=1357461"},{"taxonomy":"tax_estado","embeddable":true,"href":"https:\/\/www.estrategiaconcursos.com.br\/blog\/wp-json\/wp\/v2\/tax_estado?post=1357461"}],"curies":[{"name":"wp","href":"https:\/\/api.w.org\/{rel}","templated":true}]}}