{"id":135686,"date":"2018-08-11T06:55:58","date_gmt":"2018-08-11T09:55:58","guid":{"rendered":"https:\/\/www.estrategiaconcursos.com.br\/blog\/?p=135686"},"modified":"2019-04-09T17:04:38","modified_gmt":"2019-04-09T20:04:38","slug":"espanhol-enem-el-descomunal-rastro-de-co2-de-tu-whatsapp","status":"publish","type":"post","link":"https:\/\/www.estrategiaconcursos.com.br\/blog\/espanhol-enem-el-descomunal-rastro-de-co2-de-tu-whatsapp\/","title":{"rendered":"ESPANHOL ENEM (El descomunal rastro de CO2 de tu WhatsApp)"},"content":{"rendered":"<p style=\"text-align: left\"><span style=\"color: #0000ff;font-family: tahoma, arial, helvetica, sans-serif\">Ol\u00e1 a todos,<\/span><\/p>\n<p style=\"text-align: left\"><span style=\"font-family: tahoma, arial, helvetica, sans-serif\"><span style=\"color: #0000ff\">Hoje, temos mais um texto interessante para o nosso treinamento de leitura e tradu\u00e7\u00e3o.<\/span><\/span><\/p>\n<p style=\"text-align: left\"><span style=\"color: #0000ff;font-family: tahoma, arial, helvetica, sans-serif\">Bons estudos.<\/span><\/p>\n<p style=\"text-align: left\"><span style=\"color: #0000ff;font-family: tahoma, arial, helvetica, sans-serif\">Prof. Adino\u00e9l<\/span><\/p>\n<p><span style=\"font-family: tahoma, arial, helvetica, sans-serif\"><strong><span style=\"text-decoration: underline;color: #ff0000\"><a style=\"color: #ff0000;text-decoration: underline\" href=\"https:\/\/www.estrategiaconcursos.com.br\/cursosPorConcurso\/enem-2018-exame-nacional-do-ensino-medio\/\" target=\"_blank\" rel=\"noopener noreferrer\"><span style=\"color: #ff0000;text-decoration: underline\">Clique aqui para acessar os Cursos Estrat\u00e9gia ENEM<\/span><\/a><\/span><\/strong><\/span><\/p>\n<hr \/>\n<p><span style=\"font-size: 14pt\"><strong><span style=\"font-family: tahoma, arial, helvetica, sans-serif\">TEXTO<\/span><\/strong><\/span><\/p>\n<p><span style=\"font-family: tahoma, arial, helvetica, sans-serif\"><strong>El descomunal rastro de CO<sub>2\u00a0<\/sub>de tu WhatsApp<\/strong><\/span><\/p>\n<p><span style=\"font-family: tahoma, arial, helvetica, sans-serif\">El impacto medioambiental del tr\u00e1fico digital se acerca ya al de un sector tan contaminante como el a\u00e9reo, con una estela de \u201cdatos sucios&#8221; que empieza a inquietar a autoridades, consumidores y a las propias compa\u00f1\u00edas de la industria de telecomunicaciones. Cada minuto, se env\u00edan 150 millones de SMS o se realizan 2,4 millones de b\u00fasquedas en internet. Una fren\u00e9tica actividad \u2013que tambi\u00e9n incluye la actualizaci\u00f3n del perfil em Facebook o el env\u00edo de mensajes por WhatsApp\u2013 que genera um consumo energ\u00e9tico y un nivel de emisiones de CO<sub>2\u00a0<\/sub>equiparable al de industrias aparentemente m\u00e1s pesadas.<\/span><\/p>\n<p><span style=\"font-family: tahoma, arial, helvetica, sans-serif\">El tr\u00e1fico y el almacenamiento de datos \u2013impulsado por servicios en la nube como Netflix\u2013, la llegada del internet de las cosas o el hecho de que todo el mundo tiene un tel\u00e9fono m\u00f3vil conectado supone ya el 2% de la emisi\u00f3n mundial de gases con efecto invernadero. \u201cCada correo electr\u00f3nico genera 4 gramos de CO2 y el env\u00edo de 65 emails equivale a recorrer un kil\u00f3metro en autom\u00f3vil&#8221;, ilustra la consultora FTI Consulting.<\/span><\/p>\n<p><span style=\"font-family: tahoma, arial, helvetica, sans-serif\">La mayor parte del consumo energ\u00e9tico de las industrias virtuales est\u00e1 vinculada a los inmensos centros de datos y servidores que forman la trastienda de internet. La Comisi\u00f3n Europea calcula que esas infraestructuras \u2013consideradas ya las f\u00e1bricas del siglo XXI\u2013 consumen el 35% de la energ\u00eda de todo el sector de las telecomunicaciones.<\/span><\/p>\n<p><span style=\"font-family: tahoma, arial, helvetica, sans-serif;font-size: 8pt\">Fonte: Cinco D\u00edas | Espanha | adaptado<\/span><\/p>\n<p>&nbsp;<\/p>\n<p><strong><span style=\"font-family: tahoma, arial, helvetica, sans-serif;font-size: 14pt\">TRADU\u00c7\u00c3O LIVRE<\/span><\/strong><\/p>\n<p><span style=\"font-family: tahoma, arial, helvetica, sans-serif\"><strong>El descomunal rastro de CO<sub>2\u00a0<\/sub>de tu WhatsApp<\/strong><\/span><\/p>\n<p><span style=\"font-family: tahoma, arial, helvetica, sans-serif;color: #3366ff\">O descomunal rastro de CO<span style=\"font-family: tahoma, arial, helvetica, sans-serif\"><strong><sub>2<\/sub><\/strong><\/span> do seu WhatsApp<\/span><\/p>\n<p>&nbsp;<\/p>\n<p><span style=\"font-family: tahoma, arial, helvetica, sans-serif\">El impacto medioambiental del tr\u00e1fico digital se acerca ya al de un sector tan contaminante como el a\u00e9reo, con una estela de \u201cdatos sucios&#8221; que empieza a inquietar a autoridades, consumidores y a las propias compa\u00f1\u00edas de la industria de telecomunicaciones. Cada minuto, se env\u00edan 150 millones de SMS o se realizan 2,4 millones de b\u00fasquedas en internet. Una fren\u00e9tica actividad \u2013que tambi\u00e9n incluye la actualizaci\u00f3n del perfil em Facebook o el env\u00edo de mensajes por WhatsApp\u2013 que genera um consumo energ\u00e9tico y un nivel de emisiones de CO<sub>2\u00a0<\/sub>equiparable al de industrias aparentemente m\u00e1s pesadas.<\/span><\/p>\n<p><span style=\"font-family: tahoma, arial, helvetica, sans-serif;color: #3366ff\">O impacto ambiental do tr\u00e1fego digital j\u00e1 se aproxima ao de um setor t\u00e3o contaminante como o a\u00e9reo, com um rastro de \u201cdados sujos\u201d que come\u00e7a a inquietar a autoridades, consumidores e as pr\u00f3prias companhias da ind\u00fastria de telecomunica\u00e7\u00f5es. A cada minuto, s\u00e3o enviados 150 milh\u00f5es de SMS ou s\u00e3o realizadas 2,4 milh\u00f5es de buscas na internet. Uma atividade fren\u00e9tica -que tamb\u00e9m inclui a atualiza\u00e7\u00e3o do perfil no Facebook ou o envio de mensagem por WhatsApp- que gera um consumo energ\u00e9tico e um n\u00edvel de emiss\u00f5es de CO<span style=\"font-family: tahoma, arial, helvetica, sans-serif\"><strong><sub>2<\/sub><\/strong><\/span> equipar\u00e1vel ao de ind\u00fastrias aparentemente mais pesadas.<\/span><\/p>\n<p><span style=\"font-family: tahoma, arial, helvetica, sans-serif;color: #ff0000\">Estela = esteira, rastro.<\/span><\/p>\n<p>&nbsp;<\/p>\n<p><span style=\"font-family: tahoma, arial, helvetica, sans-serif\">El tr\u00e1fico y el almacenamiento de datos \u2013impulsado por servicios en la nube como Netflix\u2013, la llegada del internet de las cosas o el hecho de que todo el mundo tiene un tel\u00e9fono m\u00f3vil conectado supone ya el 2% de la emisi\u00f3n mundial de gases con efecto invernadero. \u201cCada correo electr\u00f3nico genera 4 gramos de CO2 y el env\u00edo de 65 emails equivale a recorrer un kil\u00f3metro en autom\u00f3vil&#8221;, ilustra la consultora FTI Consulting.<\/span><\/p>\n<p><span style=\"font-family: tahoma, arial, helvetica, sans-serif;color: #3366ff\">O tr\u00e1fego e o armazenamento de dados -impulsionados por servi\u00e7os na nuvem como Netflix-, a chegada da internet das coisas ou o fato de que todo mundo tem um telefone celular conectado sup\u00f5em j\u00e1 2% da emiss\u00e3o mundial de gases com efeito estufa. \u201cCada correio eletr\u00f4nico gera 4 gramas de CO<span style=\"font-family: tahoma, arial, helvetica, sans-serif\"><strong><sub>2<\/sub><\/strong><\/span> e o envio de 65 emails equivale a percorrer um quil\u00f4metro de autom\u00f3vel\u201d, ilustra a consultora FTI Consulting.<\/span><\/p>\n<p>&nbsp;<\/p>\n<p><span style=\"font-family: tahoma, arial, helvetica, sans-serif\">La mayor parte del consumo energ\u00e9tico de las industrias virtuales est\u00e1 vinculada a los inmensos centros de datos y servidores que forman la trastienda de internet. La Comisi\u00f3n Europea calcula que esas infraestructuras \u2013consideradas ya las f\u00e1bricas del siglo XXI\u2013 consumen el 35% de la energ\u00eda de todo el sector de las telecomunicaciones.<\/span><\/p>\n<p><span style=\"font-family: tahoma, arial, helvetica, sans-serif;color: #3366ff\">A maior parte do consumo energ\u00e9tico das ind\u00fastrias virtuais est\u00e1 vinculada aos imensos centros de dados e servidores que formam o estoque da internet. A Comiss\u00e3o Europeia calcula que essas infraestruturas -consideradas j\u00e1 as f\u00e1bricas do s\u00e9culo XXI- consomem 35% da energia de todo o setor de telecomunica\u00e7\u00f5es.<\/span><\/p>\n<p>&nbsp;<\/p>\n<p>&nbsp;<\/p>\n","protected":false},"excerpt":{"rendered":"<p>Ol\u00e1 a todos, Hoje, temos mais um texto interessante para o nosso treinamento de leitura e tradu\u00e7\u00e3o. Bons estudos. Prof. Adino\u00e9l Clique aqui para acessar os Cursos Estrat\u00e9gia ENEM TEXTO El descomunal rastro de CO2\u00a0de tu WhatsApp El impacto medioambiental del tr\u00e1fico digital se acerca ya al de un sector tan contaminante como el a\u00e9reo, [&hellip;]<\/p>\n","protected":false},"author":121,"featured_media":0,"comment_status":"open","ping_status":"closed","sticky":false,"template":"","format":"standard","meta":{"post_tipo":"article","footnotes":""},"categories":[1],"tags":[],"tax_estado":[],"class_list":["post-135686","post","type-post","status-publish","format-standard","hentry","category-cursos-e-concursos"],"acf":[],"yoast_head":"<!-- This site is optimized with the Yoast SEO Premium plugin v27.2 (Yoast SEO v27.2) - https:\/\/yoast.com\/product\/yoast-seo-premium-wordpress\/ -->\n<title>ESPANHOL ENEM (El descomunal rastro de CO2 de tu WhatsApp)<\/title>\n<meta name=\"robots\" content=\"index, follow, max-snippet:-1, max-image-preview:large, max-video-preview:-1\" \/>\n<link rel=\"canonical\" href=\"https:\/\/www.estrategiaconcursos.com.br\/blog\/espanhol-enem-el-descomunal-rastro-de-co2-de-tu-whatsapp\/\" \/>\n<meta property=\"og:locale\" content=\"pt_BR\" \/>\n<meta property=\"og:type\" content=\"article\" \/>\n<meta property=\"og:title\" content=\"ESPANHOL ENEM (El descomunal rastro de CO2 de tu WhatsApp)\" \/>\n<meta property=\"og:description\" content=\"Ol\u00e1 a todos, Hoje, temos mais um texto interessante para o nosso treinamento de leitura e tradu\u00e7\u00e3o. Bons estudos. Prof. Adino\u00e9l Clique aqui para acessar os Cursos Estrat\u00e9gia ENEM TEXTO El descomunal rastro de CO2\u00a0de tu WhatsApp El impacto medioambiental del tr\u00e1fico digital se acerca ya al de un sector tan contaminante como el a\u00e9reo, [&hellip;]\" \/>\n<meta property=\"og:url\" content=\"https:\/\/www.estrategiaconcursos.com.br\/blog\/espanhol-enem-el-descomunal-rastro-de-co2-de-tu-whatsapp\/\" \/>\n<meta property=\"og:site_name\" content=\"Estrat\u00e9gia Concursos\" \/>\n<meta property=\"article:published_time\" content=\"2018-08-11T09:55:58+00:00\" \/>\n<meta property=\"article:modified_time\" content=\"2019-04-09T20:04:38+00:00\" \/>\n<meta name=\"author\" content=\"Adino\u00e9l Sebasti\u00e3o\" \/>\n<meta name=\"twitter:card\" content=\"summary_large_image\" \/>\n<meta name=\"twitter:creator\" content=\"@EstratConcursos\" \/>\n<meta name=\"twitter:site\" content=\"@EstratConcursos\" \/>\n<meta name=\"twitter:label1\" content=\"Escrito por\" \/>\n\t<meta name=\"twitter:data1\" content=\"Adino\u00e9l Sebasti\u00e3o\" \/>\n\t<meta name=\"twitter:label2\" content=\"Est. tempo de leitura\" \/>\n\t<meta name=\"twitter:data2\" content=\"4 minutos\" \/>\n<script type=\"application\/ld+json\" class=\"yoast-schema-graph\">{\"@context\":\"https:\/\/schema.org\",\"@graph\":[{\"@type\":\"NewsArticle\",\"@id\":\"https:\/\/www.estrategiaconcursos.com.br\/blog\/espanhol-enem-el-descomunal-rastro-de-co2-de-tu-whatsapp\/#article\",\"isPartOf\":{\"@id\":\"https:\/\/www.estrategiaconcursos.com.br\/blog\/espanhol-enem-el-descomunal-rastro-de-co2-de-tu-whatsapp\/\"},\"author\":{\"name\":\"Adino\u00e9l Sebasti\u00e3o\",\"@id\":\"https:\/\/www.estrategiaconcursos.com.br\/blog\/#\/schema\/person\/e6feecd7273067598aae46392fc9f322\"},\"headline\":\"ESPANHOL ENEM (El descomunal rastro de CO2 de tu WhatsApp)\",\"datePublished\":\"2018-08-11T09:55:58+00:00\",\"dateModified\":\"2019-04-09T20:04:38+00:00\",\"mainEntityOfPage\":{\"@id\":\"https:\/\/www.estrategiaconcursos.com.br\/blog\/espanhol-enem-el-descomunal-rastro-de-co2-de-tu-whatsapp\/\"},\"wordCount\":803,\"commentCount\":0,\"publisher\":{\"@id\":\"https:\/\/www.estrategiaconcursos.com.br\/blog\/#organization\"},\"articleSection\":[\"Concursos P\u00fablicos\"],\"inLanguage\":\"pt-BR\",\"potentialAction\":[{\"@type\":\"CommentAction\",\"name\":\"Comment\",\"target\":[\"https:\/\/www.estrategiaconcursos.com.br\/blog\/espanhol-enem-el-descomunal-rastro-de-co2-de-tu-whatsapp\/#respond\"]}],\"copyrightYear\":\"2018\",\"copyrightHolder\":{\"@id\":\"https:\/\/www.estrategiaconcursos.com.br\/blog\/#organization\"}},{\"@type\":\"WebPage\",\"@id\":\"https:\/\/www.estrategiaconcursos.com.br\/blog\/espanhol-enem-el-descomunal-rastro-de-co2-de-tu-whatsapp\/\",\"url\":\"https:\/\/www.estrategiaconcursos.com.br\/blog\/espanhol-enem-el-descomunal-rastro-de-co2-de-tu-whatsapp\/\",\"name\":\"ESPANHOL ENEM (El descomunal rastro de CO2 de tu WhatsApp)\",\"isPartOf\":{\"@id\":\"https:\/\/www.estrategiaconcursos.com.br\/blog\/#website\"},\"datePublished\":\"2018-08-11T09:55:58+00:00\",\"dateModified\":\"2019-04-09T20:04:38+00:00\",\"breadcrumb\":{\"@id\":\"https:\/\/www.estrategiaconcursos.com.br\/blog\/espanhol-enem-el-descomunal-rastro-de-co2-de-tu-whatsapp\/#breadcrumb\"},\"inLanguage\":\"pt-BR\",\"potentialAction\":[{\"@type\":\"ReadAction\",\"target\":[\"https:\/\/www.estrategiaconcursos.com.br\/blog\/espanhol-enem-el-descomunal-rastro-de-co2-de-tu-whatsapp\/\"]}]},{\"@type\":\"BreadcrumbList\",\"@id\":\"https:\/\/www.estrategiaconcursos.com.br\/blog\/espanhol-enem-el-descomunal-rastro-de-co2-de-tu-whatsapp\/#breadcrumb\",\"itemListElement\":[{\"@type\":\"ListItem\",\"position\":1,\"name\":\"In\u00edcio\",\"item\":\"https:\/\/www.estrategiaconcursos.com.br\/blog\/\"},{\"@type\":\"ListItem\",\"position\":2,\"name\":\"ESPANHOL ENEM (El descomunal rastro de CO2 de tu WhatsApp)\"}]},{\"@type\":\"WebSite\",\"@id\":\"https:\/\/www.estrategiaconcursos.com.br\/blog\/#website\",\"url\":\"https:\/\/www.estrategiaconcursos.com.br\/blog\/\",\"name\":\"Estrat\u00e9gia Concursos\",\"description\":\"O blog da Estrat\u00e9gia Concursos traz not\u00edcias sobre concursos e artigos de professores oferecendo cursos para concursos (pdf + videaulas) no site.\",\"publisher\":{\"@id\":\"https:\/\/www.estrategiaconcursos.com.br\/blog\/#organization\"},\"potentialAction\":[{\"@type\":\"SearchAction\",\"target\":{\"@type\":\"EntryPoint\",\"urlTemplate\":\"https:\/\/www.estrategiaconcursos.com.br\/blog\/?s={search_term_string}\"},\"query-input\":{\"@type\":\"PropertyValueSpecification\",\"valueRequired\":true,\"valueName\":\"search_term_string\"}}],\"inLanguage\":\"pt-BR\"},{\"@type\":\"Organization\",\"@id\":\"https:\/\/www.estrategiaconcursos.com.br\/blog\/#organization\",\"name\":\"Estrat\u00e9gia Concursos\",\"url\":\"https:\/\/www.estrategiaconcursos.com.br\/blog\/\",\"logo\":{\"@type\":\"ImageObject\",\"inLanguage\":\"pt-BR\",\"@id\":\"https:\/\/www.estrategiaconcursos.com.br\/blog\/#\/schema\/logo\/image\/\",\"url\":\"https:\/\/dhg1h5j42swfq.cloudfront.net\/2025\/06\/03203428\/logo_concursos-1.jpg\",\"contentUrl\":\"https:\/\/dhg1h5j42swfq.cloudfront.net\/2025\/06\/03203428\/logo_concursos-1.jpg\",\"width\":230,\"height\":60,\"caption\":\"Estrat\u00e9gia Concursos\"},\"image\":{\"@id\":\"https:\/\/www.estrategiaconcursos.com.br\/blog\/#\/schema\/logo\/image\/\"},\"sameAs\":[\"https:\/\/x.com\/EstratConcursos\"]},{\"@type\":\"Person\",\"@id\":\"https:\/\/www.estrategiaconcursos.com.br\/blog\/#\/schema\/person\/e6feecd7273067598aae46392fc9f322\",\"name\":\"Adino\u00e9l Sebasti\u00e3o\",\"image\":{\"@type\":\"ImageObject\",\"inLanguage\":\"pt-BR\",\"@id\":\"https:\/\/secure.gravatar.com\/avatar\/d076dd9a00cb1c92545aae4fae60d3013922a1a2e7e9599a079da4450204b8cd?s=96&d=mm&r=g\",\"url\":\"https:\/\/secure.gravatar.com\/avatar\/d076dd9a00cb1c92545aae4fae60d3013922a1a2e7e9599a079da4450204b8cd?s=96&d=mm&r=g\",\"contentUrl\":\"https:\/\/secure.gravatar.com\/avatar\/d076dd9a00cb1c92545aae4fae60d3013922a1a2e7e9599a079da4450204b8cd?s=96&d=mm&r=g\",\"caption\":\"Adino\u00e9l Sebasti\u00e3o\"},\"description\":\"Meu nome \u00e9 ADINO\u00c9L SEBASTI\u00c3O. Sou formado em Ci\u00eancias Cont\u00e1beis pela Funda\u00e7\u00e3o Faculdade de Ci\u00eancias Econ\u00f4micas de Apucarana-PR (FECEA). Sou Auditor-Fiscal do Trabalho (AFT). Estou lotado em Bras\u00edlia-DF na Secretaria de Inspe\u00e7\u00e3o do Trabalho em Bras\u00edlia-DF. Fui aprovado no concurso de AFT-2013. Esse concurso, segundo o CESPE, teve 48.035. Fui Analista Tribut\u00e1rio da Receita Federal (ATRFB) por mais de 22 anos (1991 a 2013). Sou autor do site \\\"www.adinoel.com\\\" e sou colaborador com tradu\u00e7\u00f5es livres de Ingl\u00eas e de Espanhol em alguns sites de concursos. J\u00e1 atuei como professor e tutor online da ESAF (aulas de inform\u00e1tica, palestras, funcionamento do CAC, etc). Elaborei\/elaboro aulas de Espanhol, Ingl\u00eas e Portugu\u00eas para concursos. Possuo v\u00e1rios cursos de forma\u00e7\u00e3o pessoal, entre eles destaco: curso de Espanhol no Instituto Cervantes da Espanha; curso de Ingl\u00eas nas escolas FISK; curso online \\\"Mejores Pr\u00e1cticas en la Administraci\u00f3n Tributaria, Ed. 9\\\", do Instituto de Estudios Fiscales e da Fundaci\u00f3n CEDDET da Espanha.\",\"url\":\"https:\/\/www.estrategiaconcursos.com.br\/blog\/author\/adinoel-sebastiaogmail-com\/\"}]}<\/script>\n<!-- \/ Yoast SEO Premium plugin. -->","yoast_head_json":{"title":"ESPANHOL ENEM (El descomunal rastro de CO2 de tu WhatsApp)","robots":{"index":"index","follow":"follow","max-snippet":"max-snippet:-1","max-image-preview":"max-image-preview:large","max-video-preview":"max-video-preview:-1"},"canonical":"https:\/\/www.estrategiaconcursos.com.br\/blog\/espanhol-enem-el-descomunal-rastro-de-co2-de-tu-whatsapp\/","og_locale":"pt_BR","og_type":"article","og_title":"ESPANHOL ENEM (El descomunal rastro de CO2 de tu WhatsApp)","og_description":"Ol\u00e1 a todos, Hoje, temos mais um texto interessante para o nosso treinamento de leitura e tradu\u00e7\u00e3o. Bons estudos. Prof. Adino\u00e9l Clique aqui para acessar os Cursos Estrat\u00e9gia ENEM TEXTO El descomunal rastro de CO2\u00a0de tu WhatsApp El impacto medioambiental del tr\u00e1fico digital se acerca ya al de un sector tan contaminante como el a\u00e9reo, [&hellip;]","og_url":"https:\/\/www.estrategiaconcursos.com.br\/blog\/espanhol-enem-el-descomunal-rastro-de-co2-de-tu-whatsapp\/","og_site_name":"Estrat\u00e9gia Concursos","article_published_time":"2018-08-11T09:55:58+00:00","article_modified_time":"2019-04-09T20:04:38+00:00","author":"Adino\u00e9l Sebasti\u00e3o","twitter_card":"summary_large_image","twitter_creator":"@EstratConcursos","twitter_site":"@EstratConcursos","twitter_misc":{"Escrito por":"Adino\u00e9l Sebasti\u00e3o","Est. tempo de leitura":"4 minutos"},"schema":{"@context":"https:\/\/schema.org","@graph":[{"@type":"NewsArticle","@id":"https:\/\/www.estrategiaconcursos.com.br\/blog\/espanhol-enem-el-descomunal-rastro-de-co2-de-tu-whatsapp\/#article","isPartOf":{"@id":"https:\/\/www.estrategiaconcursos.com.br\/blog\/espanhol-enem-el-descomunal-rastro-de-co2-de-tu-whatsapp\/"},"author":{"name":"Adino\u00e9l Sebasti\u00e3o","@id":"https:\/\/www.estrategiaconcursos.com.br\/blog\/#\/schema\/person\/e6feecd7273067598aae46392fc9f322"},"headline":"ESPANHOL ENEM (El descomunal rastro de CO2 de tu WhatsApp)","datePublished":"2018-08-11T09:55:58+00:00","dateModified":"2019-04-09T20:04:38+00:00","mainEntityOfPage":{"@id":"https:\/\/www.estrategiaconcursos.com.br\/blog\/espanhol-enem-el-descomunal-rastro-de-co2-de-tu-whatsapp\/"},"wordCount":803,"commentCount":0,"publisher":{"@id":"https:\/\/www.estrategiaconcursos.com.br\/blog\/#organization"},"articleSection":["Concursos P\u00fablicos"],"inLanguage":"pt-BR","potentialAction":[{"@type":"CommentAction","name":"Comment","target":["https:\/\/www.estrategiaconcursos.com.br\/blog\/espanhol-enem-el-descomunal-rastro-de-co2-de-tu-whatsapp\/#respond"]}],"copyrightYear":"2018","copyrightHolder":{"@id":"https:\/\/www.estrategiaconcursos.com.br\/blog\/#organization"}},{"@type":"WebPage","@id":"https:\/\/www.estrategiaconcursos.com.br\/blog\/espanhol-enem-el-descomunal-rastro-de-co2-de-tu-whatsapp\/","url":"https:\/\/www.estrategiaconcursos.com.br\/blog\/espanhol-enem-el-descomunal-rastro-de-co2-de-tu-whatsapp\/","name":"ESPANHOL ENEM (El descomunal rastro de CO2 de tu WhatsApp)","isPartOf":{"@id":"https:\/\/www.estrategiaconcursos.com.br\/blog\/#website"},"datePublished":"2018-08-11T09:55:58+00:00","dateModified":"2019-04-09T20:04:38+00:00","breadcrumb":{"@id":"https:\/\/www.estrategiaconcursos.com.br\/blog\/espanhol-enem-el-descomunal-rastro-de-co2-de-tu-whatsapp\/#breadcrumb"},"inLanguage":"pt-BR","potentialAction":[{"@type":"ReadAction","target":["https:\/\/www.estrategiaconcursos.com.br\/blog\/espanhol-enem-el-descomunal-rastro-de-co2-de-tu-whatsapp\/"]}]},{"@type":"BreadcrumbList","@id":"https:\/\/www.estrategiaconcursos.com.br\/blog\/espanhol-enem-el-descomunal-rastro-de-co2-de-tu-whatsapp\/#breadcrumb","itemListElement":[{"@type":"ListItem","position":1,"name":"In\u00edcio","item":"https:\/\/www.estrategiaconcursos.com.br\/blog\/"},{"@type":"ListItem","position":2,"name":"ESPANHOL ENEM (El descomunal rastro de CO2 de tu WhatsApp)"}]},{"@type":"WebSite","@id":"https:\/\/www.estrategiaconcursos.com.br\/blog\/#website","url":"https:\/\/www.estrategiaconcursos.com.br\/blog\/","name":"Estrat\u00e9gia Concursos","description":"O blog da Estrat\u00e9gia Concursos traz not\u00edcias sobre concursos e artigos de professores oferecendo cursos para concursos (pdf + videaulas) no site.","publisher":{"@id":"https:\/\/www.estrategiaconcursos.com.br\/blog\/#organization"},"potentialAction":[{"@type":"SearchAction","target":{"@type":"EntryPoint","urlTemplate":"https:\/\/www.estrategiaconcursos.com.br\/blog\/?s={search_term_string}"},"query-input":{"@type":"PropertyValueSpecification","valueRequired":true,"valueName":"search_term_string"}}],"inLanguage":"pt-BR"},{"@type":"Organization","@id":"https:\/\/www.estrategiaconcursos.com.br\/blog\/#organization","name":"Estrat\u00e9gia Concursos","url":"https:\/\/www.estrategiaconcursos.com.br\/blog\/","logo":{"@type":"ImageObject","inLanguage":"pt-BR","@id":"https:\/\/www.estrategiaconcursos.com.br\/blog\/#\/schema\/logo\/image\/","url":"https:\/\/dhg1h5j42swfq.cloudfront.net\/2025\/06\/03203428\/logo_concursos-1.jpg","contentUrl":"https:\/\/dhg1h5j42swfq.cloudfront.net\/2025\/06\/03203428\/logo_concursos-1.jpg","width":230,"height":60,"caption":"Estrat\u00e9gia Concursos"},"image":{"@id":"https:\/\/www.estrategiaconcursos.com.br\/blog\/#\/schema\/logo\/image\/"},"sameAs":["https:\/\/x.com\/EstratConcursos"]},{"@type":"Person","@id":"https:\/\/www.estrategiaconcursos.com.br\/blog\/#\/schema\/person\/e6feecd7273067598aae46392fc9f322","name":"Adino\u00e9l Sebasti\u00e3o","image":{"@type":"ImageObject","inLanguage":"pt-BR","@id":"https:\/\/secure.gravatar.com\/avatar\/d076dd9a00cb1c92545aae4fae60d3013922a1a2e7e9599a079da4450204b8cd?s=96&d=mm&r=g","url":"https:\/\/secure.gravatar.com\/avatar\/d076dd9a00cb1c92545aae4fae60d3013922a1a2e7e9599a079da4450204b8cd?s=96&d=mm&r=g","contentUrl":"https:\/\/secure.gravatar.com\/avatar\/d076dd9a00cb1c92545aae4fae60d3013922a1a2e7e9599a079da4450204b8cd?s=96&d=mm&r=g","caption":"Adino\u00e9l Sebasti\u00e3o"},"description":"Meu nome \u00e9 ADINO\u00c9L SEBASTI\u00c3O. Sou formado em Ci\u00eancias Cont\u00e1beis pela Funda\u00e7\u00e3o Faculdade de Ci\u00eancias Econ\u00f4micas de Apucarana-PR (FECEA). Sou Auditor-Fiscal do Trabalho (AFT). Estou lotado em Bras\u00edlia-DF na Secretaria de Inspe\u00e7\u00e3o do Trabalho em Bras\u00edlia-DF. Fui aprovado no concurso de AFT-2013. Esse concurso, segundo o CESPE, teve 48.035. Fui Analista Tribut\u00e1rio da Receita Federal (ATRFB) por mais de 22 anos (1991 a 2013). Sou autor do site \"www.adinoel.com\" e sou colaborador com tradu\u00e7\u00f5es livres de Ingl\u00eas e de Espanhol em alguns sites de concursos. J\u00e1 atuei como professor e tutor online da ESAF (aulas de inform\u00e1tica, palestras, funcionamento do CAC, etc). Elaborei\/elaboro aulas de Espanhol, Ingl\u00eas e Portugu\u00eas para concursos. Possuo v\u00e1rios cursos de forma\u00e7\u00e3o pessoal, entre eles destaco: curso de Espanhol no Instituto Cervantes da Espanha; curso de Ingl\u00eas nas escolas FISK; curso online \"Mejores Pr\u00e1cticas en la Administraci\u00f3n Tributaria, Ed. 9\", do Instituto de Estudios Fiscales e da Fundaci\u00f3n CEDDET da Espanha.","url":"https:\/\/www.estrategiaconcursos.com.br\/blog\/author\/adinoel-sebastiaogmail-com\/"}]}},"_links":{"self":[{"href":"https:\/\/www.estrategiaconcursos.com.br\/blog\/wp-json\/wp\/v2\/posts\/135686","targetHints":{"allow":["GET"]}}],"collection":[{"href":"https:\/\/www.estrategiaconcursos.com.br\/blog\/wp-json\/wp\/v2\/posts"}],"about":[{"href":"https:\/\/www.estrategiaconcursos.com.br\/blog\/wp-json\/wp\/v2\/types\/post"}],"author":[{"embeddable":true,"href":"https:\/\/www.estrategiaconcursos.com.br\/blog\/wp-json\/wp\/v2\/users\/121"}],"replies":[{"embeddable":true,"href":"https:\/\/www.estrategiaconcursos.com.br\/blog\/wp-json\/wp\/v2\/comments?post=135686"}],"version-history":[{"count":7,"href":"https:\/\/www.estrategiaconcursos.com.br\/blog\/wp-json\/wp\/v2\/posts\/135686\/revisions"}],"predecessor-version":[{"id":182391,"href":"https:\/\/www.estrategiaconcursos.com.br\/blog\/wp-json\/wp\/v2\/posts\/135686\/revisions\/182391"}],"wp:attachment":[{"href":"https:\/\/www.estrategiaconcursos.com.br\/blog\/wp-json\/wp\/v2\/media?parent=135686"}],"wp:term":[{"taxonomy":"category","embeddable":true,"href":"https:\/\/www.estrategiaconcursos.com.br\/blog\/wp-json\/wp\/v2\/categories?post=135686"},{"taxonomy":"post_tag","embeddable":true,"href":"https:\/\/www.estrategiaconcursos.com.br\/blog\/wp-json\/wp\/v2\/tags?post=135686"},{"taxonomy":"tax_estado","embeddable":true,"href":"https:\/\/www.estrategiaconcursos.com.br\/blog\/wp-json\/wp\/v2\/tax_estado?post=135686"}],"curies":[{"name":"wp","href":"https:\/\/api.w.org\/{rel}","templated":true}]}}