{"id":1356000,"date":"2026-03-06T21:13:06","date_gmt":"2026-03-07T00:13:06","guid":{"rendered":"https:\/\/www.estrategiaconcursos.com.br\/blog\/?p=1356000"},"modified":"2026-03-20T17:04:30","modified_gmt":"2026-03-20T20:04:30","slug":"concurso-detran-to","status":"publish","type":"post","link":"https:\/\/www.estrategiaconcursos.com.br\/blog\/concurso-detran-to\/","title":{"rendered":"Concurso Detran TO: comiss\u00e3o formada!"},"content":{"rendered":"\n<p>O\u00a0<strong>Departamento Estadual de Tr\u00e2nsito<\/strong>\u00a0<strong>do Tocantins (Detran TO)<\/strong>\u00a0iniciou os tr\u00e2mites para abrir um novo edital de\u00a0<strong>concurso p\u00fablico.<\/strong><\/p>\n\n\n\n<p>Isso porque foi formada uma comiss\u00e3o especial para elaborar os estudos respons\u00e1veis pela abertura do certame. Sete servidores foram designados. Veja:<\/p>\n\n\n\n<ul class=\"wp-block-list\">\n<li><a href=\"https:\/\/dhg1h5j42swfq.cloudfront.net\/2026\/03\/06205726\/comissao-detran-to.pdf\" target=\"_blank\" rel=\"noreferrer noopener\">Comiss\u00e3o formada<\/a><\/li>\n<\/ul>\n\n\n\n<p>Como esse grupo ficar\u00e1 respons\u00e1vel pelo levantamento das informa\u00e7\u00f5es, ainda n\u00e3o h\u00e1 informa\u00e7\u00f5es sobre o quantitativo de vagas, mas o cargo a ser contemplado ser\u00e1 de\u00a0<strong>Agente de Tr\u00e2nsito.<\/strong><\/p>\n\n\n\n<ul class=\"wp-block-list has-cyan-bluish-gray-background-color has-background\">\n<li><strong>Detran TO<\/strong><\/li>\n\n\n\n<li><strong>Status: <\/strong>comiss\u00e3o formada<\/li>\n\n\n\n<li><strong>Vagas:<\/strong> a definir<\/li>\n\n\n\n<li><strong>Sal\u00e1rio inicial:<\/strong> a definir<\/li>\n\n\n\n<li><strong>\u00daltimo edital<\/strong>:&nbsp;<a href=\"https:\/\/dhg1h5j42swfq.cloudfront.net\/2024\/02\/26181412\/detran-to.pdf\" target=\"_blank\" rel=\"noreferrer noopener nofollow\">DETRAN TO-2014<\/a><\/li>\n<\/ul>\n\n\n\n<p>A fim de te deixar sempre bem informado, elaboramos este artigo com as principais informa\u00e7\u00f5es e novidades sobre o concurso. Acompanhe os t\u00f3picos abaixo e n\u00e3o perca nenhum detalhe!<\/p>\n\n\n\n<ul class=\"wp-block-list\">\n<li><a href=\"#situ\"><strong>Situa\u00e7\u00e3o atual do concurso<\/strong><\/a>\n<ul class=\"wp-block-list\">\n<li><a href=\"#comissao\" type=\"internal\" id=\"#comissao\">Comiss\u00e3o formada<\/a><\/li>\n\n\n\n<li><a href=\"#h-edital-solicitado\">Solicitado<\/a><\/li>\n<\/ul>\n<\/li>\n\n\n\n<li><strong><a href=\"#ultimo\">\u00daltimo concurso<\/a><\/strong><\/li>\n\n\n\n<li><strong><a href=\"#h-sobre-o-detran-am\">Sobre o Detran TO<\/a><\/strong><\/li>\n\n\n\n<li><strong><a href=\"#cursos-assinatura\">Cursos e assinaturas<\/a><\/strong><\/li>\n\n\n\n<li><strong><a href=\"#ficha-tecnica\">Ficha t\u00e9cnica<\/a><\/strong><\/li>\n<\/ul>\n\n\n\n<div class=\"container\" id=\"boxes\">\n  <div class=\"row\">\n\n    <div class=\"col-sm\">\n      <div class=\"banner-legislativo\" id=\"box-assinatura\">\n        <h3 class=\"titulo-assinatura\">Concurso Detran TO<\/h3>\n        <p class=\"subtitulo-assinatura\">Conhe\u00e7a os cursos<\/p>\n        <div class=\"box-botao\">\n          <a class=\"btn-assinatura\" target=\"_blank\" href=\"https:\/\/www.estrategiaconcursos.com.br\/cursosPorConcurso\/departamento-estadual-de-transito-do-tocantins-detran-to\/\" role=\"button\" rel=\"noopener noreferrer\">Conhe\u00e7a mais<\/a>\n        <\/div>\n      <\/div>\n    \n    <\/div>\n\n  <\/div>\n<\/div>\n\n\n\n<h2 class=\"wp-block-heading\" id=\"h-situacao-atual-concurso-detran-to\">Situa\u00e7\u00e3o atual concurso Detran TO<\/h2>\n\n\n\n<h3 class=\"wp-block-heading\" id=\"h-comissao-formada\">Comiss\u00e3o formada<\/h3>\n\n\n\n<p id=\"comissao\">No dia 6 de mar\u00e7o, foi institu\u00edda a comiss\u00e3o especial para levantar informa\u00e7\u00f5es sobre o novo edital.<\/p>\n\n\n\n<ul class=\"wp-block-list\">\n<li><a href=\"https:\/\/dhg1h5j42swfq.cloudfront.net\/2026\/03\/06205726\/comissao-detran-to.pdf\" target=\"_blank\" rel=\"noreferrer noopener\">Comiss\u00e3o formada<\/a><\/li>\n<\/ul>\n\n\n\n<h3 class=\"wp-block-heading\" id=\"h-edital-solicitado\">Edital solicitado<\/h3>\n\n\n\n<p>O Departamento Estadual de Tr\u00e2nsito do <a href=\"https:\/\/www.to.gov.br\/detran\" target=\"_blank\" rel=\"noreferrer noopener\">Tocantins<\/a> est\u00e1 prestes a dar um importante passo para aprimorar seus servi\u00e7os e refor\u00e7ar seu quadro de pessoal. <\/p>\n\n\n\n<p>Ap\u00f3s uma solicita\u00e7\u00e3o formal, poder\u00e1 ser realizado pela primeira vez um concurso p\u00fablico para preenchimento de vagas para Agente de Tr\u00e2nsito. <\/p>\n\n\n\n<figure class=\"wp-block-image aligncenter size-full\"><img loading=\"lazy\" decoding=\"async\" width=\"498\" height=\"756\" src=\"https:\/\/dhg1h5j42swfq.cloudfront.net\/2024\/02\/21095906\/image-508.png\" alt=\"concurso detran to solicitado por deputada\" class=\"wp-image-1356004\" srcset=\"https:\/\/dhg1h5j42swfq.cloudfront.net\/2024\/02\/21095906\/image-508.png 498w, https:\/\/dhg1h5j42swfq.cloudfront.net\/2024\/02\/21095906\/image-508-198x300.png 198w, https:\/\/dhg1h5j42swfq.cloudfront.net\/2024\/02\/21095906\/image-508-150x228.png 150w\" sizes=\"auto, (max-width: 498px) 100vw, 498px\" \/><figcaption class=\"wp-element-caption\">Novo concurso solicitado por deputada<\/figcaption><\/figure>\n\n\n\n<h2 class=\"wp-block-heading\" id=\"h-ultimo-concurso-detran-to\">\u00daltimo concurso Detran TO<\/h2>\n\n\n\n<p>Sob organiza\u00e7\u00e3o do COPESE\/UFT, o \u00faltimo edital do concurso para a carreira de Agente de Tr\u00e2nsito foi publicado em 2014 e realizado no \u00e2mbito da Prefeitura Municipal de Palmas.<\/p>\n\n\n\n<p>Foram ofertadas 22 vagas de n\u00edvel superior, sendo 20 para ampla concorr\u00eancia e duas para PcD, com sal\u00e1rio de R$ 2.058,26 + Periculosidade (30%) + GIPET (50%) + GCV (20%).<\/p>\n\n\n\n<p>Os candidatos foram avaliados por meio de prova objetiva, de car\u00e1ter eliminat\u00f3rio e classificat\u00f3rio, composta por 60 quest\u00f5es, conforme o quadro abaixo:<\/p>\n\n\n\n<figure class=\"wp-block-image aligncenter size-full\"><img loading=\"lazy\" decoding=\"async\" width=\"743\" height=\"194\" src=\"https:\/\/dhg1h5j42swfq.cloudfront.net\/2024\/02\/26180657\/image-672.png\" alt=\"Quadro de provas concurso Detran TO\" class=\"wp-image-1359223\" srcset=\"https:\/\/dhg1h5j42swfq.cloudfront.net\/2024\/02\/26180657\/image-672.png 743w, https:\/\/dhg1h5j42swfq.cloudfront.net\/2024\/02\/26180657\/image-672-300x78.png 300w, https:\/\/dhg1h5j42swfq.cloudfront.net\/2024\/02\/26180657\/image-672-610x159.png 610w, https:\/\/dhg1h5j42swfq.cloudfront.net\/2024\/02\/26180657\/image-672-150x39.png 150w\" sizes=\"auto, (max-width: 743px) 100vw, 743px\" \/><figcaption class=\"wp-element-caption\">Quadro de provas concurso Detran TO<\/figcaption><\/figure>\n\n\n\n<p>Com dura\u00e7\u00e3o de 4h, as avalia\u00e7\u00f5es foram aplicadas no turno manh\u00e3 para os cargos de n\u00edveis fundamental e superior, e no per\u00edodo da tarde para os cargos de n\u00edvel m\u00e9dio.<\/p>\n\n\n\n<h2 class=\"wp-block-heading\" id=\"h-sobre-o-detran-to\">Sobre o Detran TO<\/h2>\n\n\n\n<p>O Departamento Estadual de Tr\u00e2nsito do Tocantins \u00e9 um \u00f3rg\u00e3o vinculado \u00e0 Secretaria de Estado da Seguran\u00e7a P\u00fablica, com personalidade jur\u00eddica de direito p\u00fablico, autonomia administrativa e financeira e patrim\u00f4nio pr\u00f3prio, com sede na cidade de Palmas e jurisdi\u00e7\u00e3o em todo o territ\u00f3rio tocantinense.<\/p>\n\n\n\n<hr class=\"wp-block-separator has-alpha-channel-opacity\"\/>\n\n\n\n<h2 class=\"wp-block-heading has-text-align-center\" id=\"cursos-assinatura\">Quer estudar para o concurso Detran TO?<\/h2>\n\n\n\n<div class=\"container\" id=\"boxes\">\n  <div class=\"row\">\n\n    <div class=\"col-sm\">\n      <div class=\"banner-adm\" id=\"box-assinatura\">\n        <h3 class=\"titulo-assinatura\">Concurso Detran TO<\/h3>\n        <p class=\"subtitulo-assinatura\">Conhe\u00e7a os cursos<\/p>\n        <div class=\"box-botao\">\n          <a class=\"btn-assinatura\" target=\"_blank\" href=\"https:\/\/www.estrategiaconcursos.com.br\/cursosPorConcurso\/departamento-estadual-de-transito-do-tocantins-detran-to\/\" role=\"button\" rel=\"noopener noreferrer\">Conhe\u00e7a mais<\/a>\n        <\/div>\n      <\/div><\/div><\/div><\/div>\n\n\n\n<div class=\"container\" id=\"boxes\">\n  <div class=\"row\">\n\n    <div class=\"col-sm\">\n      <div class=\"estrategia\" id=\"box-assinatura\">\n        <h3 class=\"titulo-assinatura\">Assinatura Concursos<\/h3>\n        <p class=\"subtitulo-assinatura\">Assinatura de 1 ano ou 2 anos<\/p>\n        <div class=\"box-botao\">\n          <a class=\"btn-assinatura\" target=\"_blank\" href=\"https:\/\/www.estrategiaconcursos.com.br\/assinaturas\/\" role=\"button\" rel=\"noopener noreferrer\">ASSINE AGORA<\/a>\n        <\/div>\n      <\/div><\/div><\/div><\/div>\n\n\n\n<h2 class=\"wp-block-heading has-text-align-center\" id=\"h-quer-saber-tudo-sobre-concursos-previstos-confira-os-nossos-artigos\">Quer saber tudo sobre concursos previstos?<br \/>Confira os nossos artigos!<\/h2>\n\n\n\n<ul class=\"wp-block-list\">\n<li><a href=\"https:\/\/www.estrategiaconcursos.com.br\/blog\/concursos-abertos\/\" target=\"_blank\" rel=\"noreferrer noopener\">Concursos Abertos<\/a><\/li>\n\n\n\n<li><a href=\"https:\/\/www.estrategiaconcursos.com.br\/blog\/concursos-2026\/\" target=\"_blank\" rel=\"noreferrer noopener\">Concursos 2026<\/a><\/li>\n<\/ul>\n\n\n\n<figure class=\"wp-block-image size-large is-resized\"><img loading=\"lazy\" decoding=\"async\" width=\"1024\" height=\"632\" src=\"https:\/\/dhg1h5j42swfq.cloudfront.net\/2021\/05\/26152928\/ficha-tecnica-40-1024x632.png\" alt=\"Informa\u00e7\u00f5es do concurso Detran TO\" class=\"wp-image-752300\" style=\"width:311px;height:192px\" srcset=\"https:\/\/dhg1h5j42swfq.cloudfront.net\/2021\/05\/26152928\/ficha-tecnica-40-1024x632.png 1024w, https:\/\/dhg1h5j42swfq.cloudfront.net\/2021\/05\/26152928\/ficha-tecnica-40-300x185.png 300w, https:\/\/dhg1h5j42swfq.cloudfront.net\/2021\/05\/26152928\/ficha-tecnica-40-768x474.png 768w, https:\/\/dhg1h5j42swfq.cloudfront.net\/2021\/05\/26152928\/ficha-tecnica-40-1536x948.png 1536w, https:\/\/dhg1h5j42swfq.cloudfront.net\/2021\/05\/26152928\/ficha-tecnica-40-610x377.png 610w, https:\/\/dhg1h5j42swfq.cloudfront.net\/2021\/05\/26152928\/ficha-tecnica-40.png 1571w\" sizes=\"auto, (max-width: 1024px) 100vw, 1024px\" \/><\/figure>\n\n\n\n<h3 class=\"wp-block-heading\" id=\"ficha-tecnica\">Informa\u00e7\u00f5es do concurso Detran Tocantins<\/h3>\n\n\n\n<ul class=\"wp-block-list\">\n<li><strong>Vagas<\/strong>: a definir<\/li>\n\n\n\n<li><strong>Cargos<\/strong>: Agente de Tr\u00e2nsito Rodovi\u00e1rio.<\/li>\n\n\n\n<li><strong>Banca<\/strong>: a definir<\/li>\n\n\n\n<li><strong>Escolaridade<\/strong>: n\u00edvel superior<\/li>\n\n\n\n<li><strong>\u00daltimo edital:<\/strong> <a href=\"https:\/\/dhg1h5j42swfq.cloudfront.net\/2024\/02\/26181412\/detran-to.pdf\" target=\"_blank\" rel=\"noreferrer noopener nofollow\">DETRAN TO-2014<\/a><\/li>\n<\/ul>\n","protected":false},"excerpt":{"rendered":"<p>O\u00a0Departamento Estadual de Tr\u00e2nsito\u00a0do Tocantins (Detran TO)\u00a0iniciou os tr\u00e2mites para abrir um novo edital de\u00a0concurso p\u00fablico. Isso porque foi formada uma comiss\u00e3o especial para elaborar os estudos respons\u00e1veis pela abertura do certame. Sete servidores foram designados. Veja: Como esse grupo ficar\u00e1 respons\u00e1vel pelo levantamento das informa\u00e7\u00f5es, ainda n\u00e3o h\u00e1 informa\u00e7\u00f5es sobre o quantitativo de vagas, [&hellip;]<\/p>\n","protected":false},"author":1,"featured_media":1357043,"comment_status":"open","ping_status":"closed","sticky":false,"template":"","format":"standard","meta":{"post_tipo":"news_page","footnotes":""},"categories":[214992],"tags":[],"tax_estado":[219990],"class_list":["post-1356000","post","type-post","status-publish","format-standard","has-post-thumbnail","hentry","category-concursos-administrativos","tax_estado-to"],"acf":[],"yoast_head":"<!-- This site is optimized with the Yoast SEO Premium plugin v27.2 (Yoast SEO v27.2) - https:\/\/yoast.com\/product\/yoast-seo-premium-wordpress\/ -->\n<title>Concurso Detran TO: comiss\u00e3o formada!<\/title>\n<meta name=\"description\" content=\"Concurso Detran TO: deputada estadual Professora Janad Valcari solicitou certame para Agente de Tr\u00e2nsito Rodovi\u00e1rio. Veja os detalhes!\" \/>\n<meta name=\"robots\" content=\"index, follow, max-snippet:-1, max-image-preview:large, max-video-preview:-1\" \/>\n<link rel=\"canonical\" href=\"https:\/\/www.estrategiaconcursos.com.br\/blog\/concurso-detran-to\/\" \/>\n<meta property=\"og:locale\" content=\"pt_BR\" \/>\n<meta property=\"og:type\" content=\"article\" \/>\n<meta property=\"og:title\" content=\"Concurso Detran TO: comiss\u00e3o formada!\" \/>\n<meta property=\"og:description\" content=\"Concurso Detran TO: deputada estadual Professora Janad Valcari solicitou certame para Agente de Tr\u00e2nsito Rodovi\u00e1rio. Veja os detalhes!\" \/>\n<meta property=\"og:url\" content=\"https:\/\/www.estrategiaconcursos.com.br\/blog\/concurso-detran-to\/\" \/>\n<meta property=\"og:site_name\" content=\"Estrat\u00e9gia Concursos\" \/>\n<meta property=\"article:author\" content=\"https:\/\/www.facebook.com\/EstrategiaConcursos\" \/>\n<meta property=\"article:published_time\" content=\"2026-03-07T00:13:06+00:00\" \/>\n<meta property=\"article:modified_time\" content=\"2026-03-20T20:04:30+00:00\" \/>\n<meta property=\"og:image\" content=\"https:\/\/dhg1h5j42swfq.cloudfront.net\/2024\/02\/22140855\/1000000062.jpg\" \/>\n\t<meta property=\"og:image:width\" content=\"768\" \/>\n\t<meta property=\"og:image:height\" content=\"432\" \/>\n\t<meta property=\"og:image:type\" content=\"image\/jpeg\" \/>\n<meta name=\"author\" content=\"Coordena\u00e7\u00e3o\" \/>\n<meta name=\"twitter:card\" content=\"summary_large_image\" \/>\n<meta name=\"twitter:creator\" content=\"@EstratConcursos\" \/>\n<meta name=\"twitter:site\" content=\"@EstratConcursos\" \/>\n<meta name=\"twitter:label1\" content=\"Escrito por\" \/>\n\t<meta name=\"twitter:data1\" content=\"Coordena\u00e7\u00e3o\" \/>\n\t<meta name=\"twitter:label2\" content=\"Est. tempo de leitura\" \/>\n\t<meta name=\"twitter:data2\" content=\"3 minutos\" \/>\n<script type=\"application\/ld+json\" class=\"yoast-schema-graph\">{\"@context\":\"https:\/\/schema.org\",\"@graph\":[{\"@type\":\"NewsArticle\",\"@id\":\"https:\/\/www.estrategiaconcursos.com.br\/blog\/concurso-detran-to\/#article\",\"isPartOf\":{\"@id\":\"https:\/\/www.estrategiaconcursos.com.br\/blog\/concurso-detran-to\/\"},\"author\":{\"name\":\"Coordena\u00e7\u00e3o\",\"@id\":\"https:\/\/www.estrategiaconcursos.com.br\/blog\/#\/schema\/person\/b4a388c97673c5f483d72185668afa1f\"},\"headline\":\"Concurso Detran TO: comiss\u00e3o formada!\",\"datePublished\":\"2026-03-07T00:13:06+00:00\",\"dateModified\":\"2026-03-20T20:04:30+00:00\",\"mainEntityOfPage\":{\"@id\":\"https:\/\/www.estrategiaconcursos.com.br\/blog\/concurso-detran-to\/\"},\"wordCount\":510,\"commentCount\":0,\"publisher\":{\"@id\":\"https:\/\/www.estrategiaconcursos.com.br\/blog\/#organization\"},\"image\":{\"@id\":\"https:\/\/www.estrategiaconcursos.com.br\/blog\/concurso-detran-to\/#primaryimage\"},\"thumbnailUrl\":\"https:\/\/dhg1h5j42swfq.cloudfront.net\/2024\/02\/22140855\/1000000062.jpg\",\"articleSection\":[\"Executivo (Administrativa)\"],\"inLanguage\":\"pt-BR\",\"potentialAction\":[{\"@type\":\"CommentAction\",\"name\":\"Comment\",\"target\":[\"https:\/\/www.estrategiaconcursos.com.br\/blog\/concurso-detran-to\/#respond\"]}],\"copyrightYear\":\"2026\",\"copyrightHolder\":{\"@id\":\"https:\/\/www.estrategiaconcursos.com.br\/blog\/#organization\"}},{\"@type\":\"WebPage\",\"@id\":\"https:\/\/www.estrategiaconcursos.com.br\/blog\/concurso-detran-to\/\",\"url\":\"https:\/\/www.estrategiaconcursos.com.br\/blog\/concurso-detran-to\/\",\"name\":\"Concurso Detran TO: comiss\u00e3o formada!\",\"isPartOf\":{\"@id\":\"https:\/\/www.estrategiaconcursos.com.br\/blog\/#website\"},\"primaryImageOfPage\":{\"@id\":\"https:\/\/www.estrategiaconcursos.com.br\/blog\/concurso-detran-to\/#primaryimage\"},\"image\":{\"@id\":\"https:\/\/www.estrategiaconcursos.com.br\/blog\/concurso-detran-to\/#primaryimage\"},\"thumbnailUrl\":\"https:\/\/dhg1h5j42swfq.cloudfront.net\/2024\/02\/22140855\/1000000062.jpg\",\"datePublished\":\"2026-03-07T00:13:06+00:00\",\"dateModified\":\"2026-03-20T20:04:30+00:00\",\"description\":\"Concurso Detran TO: deputada estadual Professora Janad Valcari solicitou certame para Agente de Tr\u00e2nsito Rodovi\u00e1rio. Veja os detalhes!\",\"breadcrumb\":{\"@id\":\"https:\/\/www.estrategiaconcursos.com.br\/blog\/concurso-detran-to\/#breadcrumb\"},\"inLanguage\":\"pt-BR\",\"potentialAction\":[{\"@type\":\"ReadAction\",\"target\":[\"https:\/\/www.estrategiaconcursos.com.br\/blog\/concurso-detran-to\/\"]}]},{\"@type\":\"ImageObject\",\"inLanguage\":\"pt-BR\",\"@id\":\"https:\/\/www.estrategiaconcursos.com.br\/blog\/concurso-detran-to\/#primaryimage\",\"url\":\"https:\/\/dhg1h5j42swfq.cloudfront.net\/2024\/02\/22140855\/1000000062.jpg\",\"contentUrl\":\"https:\/\/dhg1h5j42swfq.cloudfront.net\/2024\/02\/22140855\/1000000062.jpg\",\"width\":768,\"height\":432},{\"@type\":\"BreadcrumbList\",\"@id\":\"https:\/\/www.estrategiaconcursos.com.br\/blog\/concurso-detran-to\/#breadcrumb\",\"itemListElement\":[{\"@type\":\"ListItem\",\"position\":1,\"name\":\"In\u00edcio\",\"item\":\"https:\/\/www.estrategiaconcursos.com.br\/blog\/\"},{\"@type\":\"ListItem\",\"position\":2,\"name\":\"Concurso Detran TO: comiss\u00e3o formada!\"}]},{\"@type\":\"WebSite\",\"@id\":\"https:\/\/www.estrategiaconcursos.com.br\/blog\/#website\",\"url\":\"https:\/\/www.estrategiaconcursos.com.br\/blog\/\",\"name\":\"Estrat\u00e9gia Concursos\",\"description\":\"O blog da Estrat\u00e9gia Concursos traz not\u00edcias sobre concursos e artigos de professores oferecendo cursos para concursos (pdf + videaulas) no site.\",\"publisher\":{\"@id\":\"https:\/\/www.estrategiaconcursos.com.br\/blog\/#organization\"},\"potentialAction\":[{\"@type\":\"SearchAction\",\"target\":{\"@type\":\"EntryPoint\",\"urlTemplate\":\"https:\/\/www.estrategiaconcursos.com.br\/blog\/?s={search_term_string}\"},\"query-input\":{\"@type\":\"PropertyValueSpecification\",\"valueRequired\":true,\"valueName\":\"search_term_string\"}}],\"inLanguage\":\"pt-BR\"},{\"@type\":\"Organization\",\"@id\":\"https:\/\/www.estrategiaconcursos.com.br\/blog\/#organization\",\"name\":\"Estrat\u00e9gia Concursos\",\"url\":\"https:\/\/www.estrategiaconcursos.com.br\/blog\/\",\"logo\":{\"@type\":\"ImageObject\",\"inLanguage\":\"pt-BR\",\"@id\":\"https:\/\/www.estrategiaconcursos.com.br\/blog\/#\/schema\/logo\/image\/\",\"url\":\"https:\/\/dhg1h5j42swfq.cloudfront.net\/2025\/06\/03203428\/logo_concursos-1.jpg\",\"contentUrl\":\"https:\/\/dhg1h5j42swfq.cloudfront.net\/2025\/06\/03203428\/logo_concursos-1.jpg\",\"width\":230,\"height\":60,\"caption\":\"Estrat\u00e9gia Concursos\"},\"image\":{\"@id\":\"https:\/\/www.estrategiaconcursos.com.br\/blog\/#\/schema\/logo\/image\/\"},\"sameAs\":[\"https:\/\/x.com\/EstratConcursos\"]},{\"@type\":\"Person\",\"@id\":\"https:\/\/www.estrategiaconcursos.com.br\/blog\/#\/schema\/person\/b4a388c97673c5f483d72185668afa1f\",\"name\":\"Coordena\u00e7\u00e3o\",\"image\":{\"@type\":\"ImageObject\",\"inLanguage\":\"pt-BR\",\"@id\":\"https:\/\/secure.gravatar.com\/avatar\/b720319e4c9a967eb58678d110f4fe35452fc5d5f97b202bac7b8acceb18c6ad?s=96&d=mm&r=g\",\"url\":\"https:\/\/secure.gravatar.com\/avatar\/b720319e4c9a967eb58678d110f4fe35452fc5d5f97b202bac7b8acceb18c6ad?s=96&d=mm&r=g\",\"contentUrl\":\"https:\/\/secure.gravatar.com\/avatar\/b720319e4c9a967eb58678d110f4fe35452fc5d5f97b202bac7b8acceb18c6ad?s=96&d=mm&r=g\",\"caption\":\"Coordena\u00e7\u00e3o\"},\"sameAs\":[\"https:\/\/www.facebook.com\/EstrategiaConcursos\",\"https:\/\/x.com\/EstratConcursos\"],\"url\":\"https:\/\/www.estrategiaconcursos.com.br\/blog\/author\/estrategia2013\/\"}]}<\/script>\n<!-- \/ Yoast SEO Premium plugin. -->","yoast_head_json":{"title":"Concurso Detran TO: comiss\u00e3o formada!","description":"Concurso Detran TO: deputada estadual Professora Janad Valcari solicitou certame para Agente de Tr\u00e2nsito Rodovi\u00e1rio. Veja os detalhes!","robots":{"index":"index","follow":"follow","max-snippet":"max-snippet:-1","max-image-preview":"max-image-preview:large","max-video-preview":"max-video-preview:-1"},"canonical":"https:\/\/www.estrategiaconcursos.com.br\/blog\/concurso-detran-to\/","og_locale":"pt_BR","og_type":"article","og_title":"Concurso Detran TO: comiss\u00e3o formada!","og_description":"Concurso Detran TO: deputada estadual Professora Janad Valcari solicitou certame para Agente de Tr\u00e2nsito Rodovi\u00e1rio. Veja os detalhes!","og_url":"https:\/\/www.estrategiaconcursos.com.br\/blog\/concurso-detran-to\/","og_site_name":"Estrat\u00e9gia Concursos","article_author":"https:\/\/www.facebook.com\/EstrategiaConcursos","article_published_time":"2026-03-07T00:13:06+00:00","article_modified_time":"2026-03-20T20:04:30+00:00","og_image":[{"width":768,"height":432,"url":"https:\/\/dhg1h5j42swfq.cloudfront.net\/2024\/02\/22140855\/1000000062.jpg","type":"image\/jpeg"}],"author":"Coordena\u00e7\u00e3o","twitter_card":"summary_large_image","twitter_creator":"@EstratConcursos","twitter_site":"@EstratConcursos","twitter_misc":{"Escrito por":"Coordena\u00e7\u00e3o","Est. tempo de leitura":"3 minutos"},"schema":{"@context":"https:\/\/schema.org","@graph":[{"@type":"NewsArticle","@id":"https:\/\/www.estrategiaconcursos.com.br\/blog\/concurso-detran-to\/#article","isPartOf":{"@id":"https:\/\/www.estrategiaconcursos.com.br\/blog\/concurso-detran-to\/"},"author":{"name":"Coordena\u00e7\u00e3o","@id":"https:\/\/www.estrategiaconcursos.com.br\/blog\/#\/schema\/person\/b4a388c97673c5f483d72185668afa1f"},"headline":"Concurso Detran TO: comiss\u00e3o formada!","datePublished":"2026-03-07T00:13:06+00:00","dateModified":"2026-03-20T20:04:30+00:00","mainEntityOfPage":{"@id":"https:\/\/www.estrategiaconcursos.com.br\/blog\/concurso-detran-to\/"},"wordCount":510,"commentCount":0,"publisher":{"@id":"https:\/\/www.estrategiaconcursos.com.br\/blog\/#organization"},"image":{"@id":"https:\/\/www.estrategiaconcursos.com.br\/blog\/concurso-detran-to\/#primaryimage"},"thumbnailUrl":"https:\/\/dhg1h5j42swfq.cloudfront.net\/2024\/02\/22140855\/1000000062.jpg","articleSection":["Executivo (Administrativa)"],"inLanguage":"pt-BR","potentialAction":[{"@type":"CommentAction","name":"Comment","target":["https:\/\/www.estrategiaconcursos.com.br\/blog\/concurso-detran-to\/#respond"]}],"copyrightYear":"2026","copyrightHolder":{"@id":"https:\/\/www.estrategiaconcursos.com.br\/blog\/#organization"}},{"@type":"WebPage","@id":"https:\/\/www.estrategiaconcursos.com.br\/blog\/concurso-detran-to\/","url":"https:\/\/www.estrategiaconcursos.com.br\/blog\/concurso-detran-to\/","name":"Concurso Detran TO: comiss\u00e3o formada!","isPartOf":{"@id":"https:\/\/www.estrategiaconcursos.com.br\/blog\/#website"},"primaryImageOfPage":{"@id":"https:\/\/www.estrategiaconcursos.com.br\/blog\/concurso-detran-to\/#primaryimage"},"image":{"@id":"https:\/\/www.estrategiaconcursos.com.br\/blog\/concurso-detran-to\/#primaryimage"},"thumbnailUrl":"https:\/\/dhg1h5j42swfq.cloudfront.net\/2024\/02\/22140855\/1000000062.jpg","datePublished":"2026-03-07T00:13:06+00:00","dateModified":"2026-03-20T20:04:30+00:00","description":"Concurso Detran TO: deputada estadual Professora Janad Valcari solicitou certame para Agente de Tr\u00e2nsito Rodovi\u00e1rio. Veja os detalhes!","breadcrumb":{"@id":"https:\/\/www.estrategiaconcursos.com.br\/blog\/concurso-detran-to\/#breadcrumb"},"inLanguage":"pt-BR","potentialAction":[{"@type":"ReadAction","target":["https:\/\/www.estrategiaconcursos.com.br\/blog\/concurso-detran-to\/"]}]},{"@type":"ImageObject","inLanguage":"pt-BR","@id":"https:\/\/www.estrategiaconcursos.com.br\/blog\/concurso-detran-to\/#primaryimage","url":"https:\/\/dhg1h5j42swfq.cloudfront.net\/2024\/02\/22140855\/1000000062.jpg","contentUrl":"https:\/\/dhg1h5j42swfq.cloudfront.net\/2024\/02\/22140855\/1000000062.jpg","width":768,"height":432},{"@type":"BreadcrumbList","@id":"https:\/\/www.estrategiaconcursos.com.br\/blog\/concurso-detran-to\/#breadcrumb","itemListElement":[{"@type":"ListItem","position":1,"name":"In\u00edcio","item":"https:\/\/www.estrategiaconcursos.com.br\/blog\/"},{"@type":"ListItem","position":2,"name":"Concurso Detran TO: comiss\u00e3o formada!"}]},{"@type":"WebSite","@id":"https:\/\/www.estrategiaconcursos.com.br\/blog\/#website","url":"https:\/\/www.estrategiaconcursos.com.br\/blog\/","name":"Estrat\u00e9gia Concursos","description":"O blog da Estrat\u00e9gia Concursos traz not\u00edcias sobre concursos e artigos de professores oferecendo cursos para concursos (pdf + videaulas) no site.","publisher":{"@id":"https:\/\/www.estrategiaconcursos.com.br\/blog\/#organization"},"potentialAction":[{"@type":"SearchAction","target":{"@type":"EntryPoint","urlTemplate":"https:\/\/www.estrategiaconcursos.com.br\/blog\/?s={search_term_string}"},"query-input":{"@type":"PropertyValueSpecification","valueRequired":true,"valueName":"search_term_string"}}],"inLanguage":"pt-BR"},{"@type":"Organization","@id":"https:\/\/www.estrategiaconcursos.com.br\/blog\/#organization","name":"Estrat\u00e9gia Concursos","url":"https:\/\/www.estrategiaconcursos.com.br\/blog\/","logo":{"@type":"ImageObject","inLanguage":"pt-BR","@id":"https:\/\/www.estrategiaconcursos.com.br\/blog\/#\/schema\/logo\/image\/","url":"https:\/\/dhg1h5j42swfq.cloudfront.net\/2025\/06\/03203428\/logo_concursos-1.jpg","contentUrl":"https:\/\/dhg1h5j42swfq.cloudfront.net\/2025\/06\/03203428\/logo_concursos-1.jpg","width":230,"height":60,"caption":"Estrat\u00e9gia Concursos"},"image":{"@id":"https:\/\/www.estrategiaconcursos.com.br\/blog\/#\/schema\/logo\/image\/"},"sameAs":["https:\/\/x.com\/EstratConcursos"]},{"@type":"Person","@id":"https:\/\/www.estrategiaconcursos.com.br\/blog\/#\/schema\/person\/b4a388c97673c5f483d72185668afa1f","name":"Coordena\u00e7\u00e3o","image":{"@type":"ImageObject","inLanguage":"pt-BR","@id":"https:\/\/secure.gravatar.com\/avatar\/b720319e4c9a967eb58678d110f4fe35452fc5d5f97b202bac7b8acceb18c6ad?s=96&d=mm&r=g","url":"https:\/\/secure.gravatar.com\/avatar\/b720319e4c9a967eb58678d110f4fe35452fc5d5f97b202bac7b8acceb18c6ad?s=96&d=mm&r=g","contentUrl":"https:\/\/secure.gravatar.com\/avatar\/b720319e4c9a967eb58678d110f4fe35452fc5d5f97b202bac7b8acceb18c6ad?s=96&d=mm&r=g","caption":"Coordena\u00e7\u00e3o"},"sameAs":["https:\/\/www.facebook.com\/EstrategiaConcursos","https:\/\/x.com\/EstratConcursos"],"url":"https:\/\/www.estrategiaconcursos.com.br\/blog\/author\/estrategia2013\/"}]}},"_links":{"self":[{"href":"https:\/\/www.estrategiaconcursos.com.br\/blog\/wp-json\/wp\/v2\/posts\/1356000","targetHints":{"allow":["GET"]}}],"collection":[{"href":"https:\/\/www.estrategiaconcursos.com.br\/blog\/wp-json\/wp\/v2\/posts"}],"about":[{"href":"https:\/\/www.estrategiaconcursos.com.br\/blog\/wp-json\/wp\/v2\/types\/post"}],"author":[{"embeddable":true,"href":"https:\/\/www.estrategiaconcursos.com.br\/blog\/wp-json\/wp\/v2\/users\/1"}],"replies":[{"embeddable":true,"href":"https:\/\/www.estrategiaconcursos.com.br\/blog\/wp-json\/wp\/v2\/comments?post=1356000"}],"version-history":[{"count":43,"href":"https:\/\/www.estrategiaconcursos.com.br\/blog\/wp-json\/wp\/v2\/posts\/1356000\/revisions"}],"predecessor-version":[{"id":1727225,"href":"https:\/\/www.estrategiaconcursos.com.br\/blog\/wp-json\/wp\/v2\/posts\/1356000\/revisions\/1727225"}],"wp:featuredmedia":[{"embeddable":true,"href":"https:\/\/www.estrategiaconcursos.com.br\/blog\/wp-json\/wp\/v2\/media\/1357043"}],"wp:attachment":[{"href":"https:\/\/www.estrategiaconcursos.com.br\/blog\/wp-json\/wp\/v2\/media?parent=1356000"}],"wp:term":[{"taxonomy":"category","embeddable":true,"href":"https:\/\/www.estrategiaconcursos.com.br\/blog\/wp-json\/wp\/v2\/categories?post=1356000"},{"taxonomy":"post_tag","embeddable":true,"href":"https:\/\/www.estrategiaconcursos.com.br\/blog\/wp-json\/wp\/v2\/tags?post=1356000"},{"taxonomy":"tax_estado","embeddable":true,"href":"https:\/\/www.estrategiaconcursos.com.br\/blog\/wp-json\/wp\/v2\/tax_estado?post=1356000"}],"curies":[{"name":"wp","href":"https:\/\/api.w.org\/{rel}","templated":true}]}}