{"id":135348,"date":"2019-07-18T08:20:12","date_gmt":"2019-07-18T11:20:12","guid":{"rendered":"https:\/\/www.estrategiaconcursos.com.br\/blog\/?p=135348"},"modified":"2019-11-08T16:33:42","modified_gmt":"2019-11-08T19:33:42","slug":"concurso-pgm-curitiba","status":"publish","type":"post","link":"https:\/\/www.estrategiaconcursos.com.br\/blog\/concurso-pgm-curitiba\/","title":{"rendered":"Concurso PGM Curitiba: prova discursiva ser\u00e1 reaplicada"},"content":{"rendered":"\n<h2 class=\"wp-block-heading\"><span style=\"font-size: 18pt;\"><em>Concurso&nbsp;PGM&nbsp;Curitiba&nbsp;oferece&nbsp;05 vagas&nbsp;para&nbsp;Procurador&nbsp;do&nbsp;Munic\u00edpio<\/em><\/span><\/h2>\n\n\n\n<p>As provas discursivas do <strong><em>Concurso PGM Curitiba<\/em><\/strong> passaram por altera\u00e7\u00f5es. Para a prova realizada no dia <strong>09 de junho<\/strong>, ser\u00e1 necess\u00e1ria uma nova corre\u00e7\u00e3o das provas de todos os candidatos, tomando em conta a decis\u00e3o do STF em sede de ADI. A nova corre\u00e7\u00e3o, bem como o respectivo espelho atualizado ser\u00e3o disponibilizados no site da banca, a UFPR. <\/p>\n\n\n\n<p>J\u00e1 a segunda prova discursiva, realizada dia <strong>16 de junho<\/strong>, dever\u00e1 ser reaplicada. A Banca Examinadora solicitou a elabora\u00e7\u00e3o de um parecer jur\u00eddico na \u00faltima quest\u00e3o, quando o edital determinava a elabora\u00e7\u00e3o de uma pe\u00e7a processual, configurando a exist\u00eancia de v\u00edcio insan\u00e1vel que inviabiliza a avalia\u00e7\u00e3o dos candidatos para o desempenho das fun\u00e7\u00f5es inerentes ao cargo.<\/p>\n\n\n\n<p>A quest\u00e3o, corrigida e reformulada, <strong>ser\u00e1 reaplicada no dia 28 de julho<\/strong> para todos os candidatos classificados na Prova Objetiva e que n\u00e3o tenham sido considerados ausentes em alguma das fases da Prova Discursiva.  <\/p>\n\n\n\n<p>O edital do concurso da Procuradoria Geral do Munic\u00edpio oferta<strong> cinco vagas<\/strong> para a classe inicial da carreira de Procurador. A remunera\u00e7\u00e3o inicial do cargo \u00e9 de R$ 6.502,34, somada a Responsabilidade T\u00e9cnica de R$ 1.950,70 (30% do Vencimento B\u00e1sico) e Pr\u00eamio de Atividade Jur\u00eddica vari\u00e1vel de R$ 12.298,67 (m\u00e9dia de 2018). <\/p>\n\n\n\n<p class=\"has-background has-very-light-gray-background-color\">Caso voc\u00ea queira saber mais sobre o concurso de Auditor, <a href=\"https:\/\/www.estrategiaconcursos.com.br\/blog\/concurso-iss-curitiba\/\">clique aqui<\/a>. Informa\u00e7\u00f5es sobre o concurso para os demais cargos est\u00e3o dispon\u00edveis <a href=\"https:\/\/www.estrategiaconcursos.com.br\/blog\/concurso-prefeitura-de-curitiba\/\">aqui<\/a>.<\/p>\n\n\n\n<h2 class=\"wp-block-heading\">Requisitos do cargo<\/h2>\n\n\n\n<p>\u00c9 necess\u00e1rio ser bacharel em Direito e inscrito na Ordem dos Advogados do Brasil (se\u00e7\u00e3o Paran\u00e1).<\/p>\n\n\n\n<p>Este certame n\u00e3o exige a comprova\u00e7\u00e3o de tempo m\u00ednimo de pr\u00e1tica forense. Todos os requisitos de ingresso est\u00e3o presentes na Lei Municipal 11.001\/2004, que disciplina a carreira.<\/p>\n\n\n\n<h2 class=\"wp-block-heading\">Etapas do certame<\/h2>\n\n\n\n<p>O concurso da PGM Curitiba se dividir\u00e1 em&nbsp;<strong>quatro&nbsp;fases<\/strong>:<\/p>\n\n\n\n<ul class=\"wp-block-list\"><li><strong>a)<\/strong> Prova Objetiva (eliminat\u00f3ria e classificat\u00f3ria);<\/li><li><strong>b) <\/strong>Prova Dissertativa (eliminat\u00f3ria e classificat\u00f3ria);<\/li><li><strong>c) <\/strong>Prova de T\u00edtulos (classificat\u00f3ria);<\/li><li><strong>d) <\/strong>Avalia\u00e7\u00e3o Psicol\u00f3gica (eliminat\u00f3rio).<\/li><\/ul>\n\n\n\n<h2 class=\"wp-block-heading\">Prova objetiva<\/h2>\n\n\n\n<p>Esta prova foi composta por <strong>100 quest\u00f5es<\/strong> objetivas com cinco alternativas. A dura\u00e7\u00e3o da prova objetiva foi de 5 horas.<\/p>\n\n\n\n<p><\/p>\n\n\n\n<table class=\"wp-block-table has-subtle-pale-blue-background-color has-fixed-layout has-background is-style-stripes\"><tbody><tr><td><strong>DISCIPLINA<\/strong>   <\/td><td><strong>QUEST\u00d5ES<\/strong>   <\/td><\/tr><tr><td>Direito Constitucional   <\/td><td>100   <\/td><\/tr><tr><td>Direito Administrativo   <\/td><\/tr><tr><td>Direito Ambiental   <\/td><\/tr><tr><td>Direito Urban\u00edstico   <\/td><\/tr><tr><td>Direito Tribut\u00e1rio, Processo Tribut\u00e1rio e Direito Financeiro   <\/td><\/tr><tr><td>Direito Processual Civil   <\/td><\/tr><tr><td>Direito&nbsp; Civil   <\/td><\/tr><tr><td>Direito Trabalho e Processo do Trabalho   <\/td><\/tr><tr><td>Direito&nbsp; Previdenci\u00e1rio   <\/td><\/tr><\/tbody><\/table>\n\n\n\n<h2 class=\"wp-block-heading\">Prova dissertativa<\/h2>\n\n\n\n<p>Esta fase do certame foi aplicada em dois dias. Cada turno com dura\u00e7\u00e3o de 5 horas:<\/p>\n\n\n\n<figure class=\"wp-block-image\"><img loading=\"lazy\" decoding=\"async\" width=\"972\" height=\"230\" src=\"https:\/\/dhg1h5j42swfq.cloudfront.net\/2019\/02\/08172224\/image66.png\" alt=\"concurso pgm curitiba\" class=\"wp-image-165134\" srcset=\"https:\/\/dhg1h5j42swfq.cloudfront.net\/2019\/02\/08172224\/image66.png 972w, https:\/\/dhg1h5j42swfq.cloudfront.net\/2019\/02\/08172224\/image66.png 300w, https:\/\/dhg1h5j42swfq.cloudfront.net\/2019\/02\/08172224\/image66.png 768w\" sizes=\"auto, (max-width: 972px) 100vw, 972px\" \/><\/figure>\n\n\n\n<p><strong>Notas m\u00ednimas:<\/strong> o edital estabelece como requisito de aprova\u00e7\u00e3o o aproveitamento m\u00ednimo de 60% na m\u00e9dia entre as notas das duas provas.<\/p>\n\n\n\n<p><strong>Consulta<\/strong>: \u00e9 permitida a consulta a legisla\u00e7\u00e3o, desde que&nbsp;editada em livro sem qualquer anota\u00e7\u00e3o, coment\u00e1rio, apontamento, jurisprud\u00eancia, s\u00famulas, orienta\u00e7\u00f5es jurisprudenciais ou enunciados dos tribunais.<\/p>\n\n\n\n<h2 class=\"wp-block-heading\">Avalia\u00e7\u00e3o de T\u00edtulos<\/h2>\n\n\n\n<p>De acordo com a proposta da UFPR, esta fase ter\u00e1 car\u00e1ter apenas classificat\u00f3rio. Abaixo voc\u00ea confere o quadro completo:<\/p>\n\n\n\n<p><\/p>\n\n\n\n<table class=\"wp-block-table has-subtle-pale-blue-background-color has-fixed-layout has-background is-style-stripes\"><tbody><tr><td><strong>T\u00cdTULO&nbsp; <\/strong>   <\/td><td><strong>QUANTIDADE&nbsp; <br \/>     M\u00c1XIMA&nbsp; <\/strong>   <\/td><td><strong>VALOR&nbsp; <br \/>     UNIT\u00c1RIO&nbsp; <\/strong>   <\/td><td><strong>VALOR&nbsp; <\/strong>   <\/td><\/tr><tr><td><strong>a) <\/strong>Exerc\u00edcio da advocacia ou exerc\u00edcio de fun\u00e7\u00e3o p\u00fablica privativa de Bacharel em Direito \u2013 por ano completo de&nbsp;trabalho, ininterrupto.&nbsp;    <\/td><td>5 anos&nbsp;    <\/td><td>1   <\/td><td>5   <\/td><\/tr><tr><td><strong>b)<\/strong> Doutorado na \u00e1rea jur\u00eddica: curso de p\u00f3s-gradua\u00e7\u00e3o \u201c<em>strictu sensu\u201d<\/em>.&nbsp;&nbsp;    <\/td><td>1 t\u00edtulo&nbsp;    <\/td><td>2   <\/td><td>2   <\/td><\/tr><tr><td><strong>c) <\/strong>Mestrado na \u00e1rea jur\u00eddica: curso de p\u00f3s-gradua\u00e7\u00e3o \u201c<em>strictu-sensu<\/em>\u201d.    <\/td><td>1 t\u00edtulo&nbsp;    <\/td><td>1,5   <\/td><td>1,5   <\/td><\/tr><tr><td><strong>d)<\/strong> Especializa\u00e7\u00e3o na \u00e1rea jur\u00eddica: curso de p\u00f3s- gradua\u00e7\u00e3o \u201c<em>lato-sensu<\/em>\u201d, com carga hor\u00e1ria m\u00ednima de 360&nbsp;horas.&nbsp;    <\/td><td>2   t\u00edtulos&nbsp;    <\/td><td>0,75   <\/td><td>1,5   <\/td><\/tr><tr><td><strong>TOTAL&nbsp; <\/strong>   <\/td><td><strong>10<\/strong>   <\/td><\/tr><\/tbody><\/table>\n\n\n\n<p style=\"font-size:25px;text-align:center\" class=\"has-background has-luminous-vivid-amber-background-color\"><a rel=\"noreferrer noopener\" href=\"https:\/\/www.estrategiaconcursos.com.br\/cursos\/concurso\/\" target=\"_blank\"><strong>Cursos Concurso PGM Curitiba 2019<\/strong><\/a><\/p>\n\n\n\n<figure class=\"wp-block-image\"><img loading=\"lazy\" decoding=\"async\" width=\"300\" height=\"102\" src=\"https:\/\/dhg1h5j42swfq.cloudfront.net\/2017\/03\/28152500\/coruja-ficha-tecnica-300x102.png\" alt=\"Ficha t\u00e9cnica Concurso PGM Curitiba\" class=\"wp-image-68542\"\/><\/figure>\n\n\n\n<p>\u25ba<strong>Data:<\/strong> 2019<br \/>\u25ba<strong>Vagas<\/strong>: 5 + CR<br \/>\u25ba<strong>Cargos<\/strong>: Procurador do Munic\u00edpio<br \/>\u25ba<strong>Lota\u00e7\u00f5es<\/strong>: Curitiba (PR)<br \/>\u25ba<strong>Banca<\/strong>: UFPR<br \/>\u25ba<strong>Escolaridade<\/strong>: Bacharelado em Direito + OAB<\/p>\n\n\n\n<p>\u25ba<strong>Edital 2019<\/strong>:&nbsp;<a rel=\"noreferrer noopener\" href=\"https:\/\/dhg1h5j42swfq.cloudfront.net\/2019\/02\/08173329\/Edital-PGM-Curitiba.pdf\" target=\"_blank\">Edital PGM Curitiba 2019<\/a><br \/>\u25ba<strong>Programa<\/strong>:&nbsp;<a rel=\"noreferrer noopener\" href=\"https:\/\/dhg1h5j42swfq.cloudfront.net\/2019\/02\/08183930\/Programa-da-Prova-PGM-Curitiba.pdf\" target=\"_blank\">Programa PGM Curitiba<\/a><\/p>\n\n\n\n<p>\u25ba<strong>Provas Discursivas:<\/strong> <a href=\"https:\/\/dhg1h5j42swfq.cloudfront.net\/2019\/07\/18084038\/Concurso_Procurador_Curitiba.pdf\">reaplica\u00e7\u00e3o e nova corre\u00e7\u00e3o<\/a><\/p>\n\n\n\n<p><em>Ricardo Brito<\/em><br \/><em>Ascom Estrat\u00e9gia<\/em><br \/>ascomestrategia@gmail.com<\/p>\n\n\n\n<p style=\"text-align:center\"><span style=\"font-size: 18pt;\"><em><strong>Receba not\u00edcias de Concursos no seu WhatsApp e\/ou Telegram!<\/strong><\/em><\/span><\/p>\n\n\n\n<p style=\"text-align:center\"><em><strong><span style=\"font-size: 14pt;\">Cadastre-se clicando no link abaixo<\/span>:<\/strong><\/em><\/p>\n\n\n\n<p style=\"text-align:center\" class=\"has-background has-medium-font-size has-very-light-gray-background-color\"><a rel=\"noreferrer noopener\" href=\"https:\/\/www.estrategiaconcursos.com.br\/blog\/noticias-de-concursos-whatsapp-estrategia-concursos\/\" target=\"_blank\"><strong>Not\u00edcias de concursos no seu WhatsApp e\/ou Telegram<\/strong><\/a><\/p>\n","protected":false},"excerpt":{"rendered":"<p>Concurso&nbsp;PGM&nbsp;Curitiba&nbsp;oferece&nbsp;05 vagas&nbsp;para&nbsp;Procurador&nbsp;do&nbsp;Munic\u00edpio As provas discursivas do Concurso PGM Curitiba passaram por altera\u00e7\u00f5es. Para a prova realizada no dia 09 de junho, ser\u00e1 necess\u00e1ria uma nova corre\u00e7\u00e3o das provas de todos os candidatos, tomando em conta a decis\u00e3o do STF em sede de ADI. A nova corre\u00e7\u00e3o, bem como o respectivo espelho atualizado ser\u00e3o disponibilizados no [&hellip;]<\/p>\n","protected":false},"author":1,"featured_media":155890,"comment_status":"open","ping_status":"closed","sticky":false,"template":"","format":"standard","meta":{"post_tipo":"news","footnotes":""},"categories":[1,2185],"tags":[],"tax_estado":[],"class_list":["post-135348","post","type-post","status-publish","format-standard","has-post-thumbnail","hentry","category-cursos-e-concursos","category-carreiras-juridicas"],"acf":[],"yoast_head":"<!-- This site is optimized with the Yoast SEO Premium plugin v27.2 (Yoast SEO v27.2) - https:\/\/yoast.com\/product\/yoast-seo-premium-wordpress\/ -->\n<title>Concurso PGM Curitiba: prova discursiva ser\u00e1 reaplicada<\/title>\n<meta name=\"description\" content=\"Concurso PGM Curitiba: primeira prova discursiva vai passar por uma nova corre\u00e7\u00e3o. Segunda prova discursiva dever\u00e1 ser reaplicada. Confira os detalhes.\" \/>\n<meta name=\"robots\" content=\"index, follow, max-snippet:-1, max-image-preview:large, max-video-preview:-1\" \/>\n<link rel=\"canonical\" href=\"https:\/\/www.estrategiaconcursos.com.br\/blog\/concurso-pgm-curitiba\/\" \/>\n<meta property=\"og:locale\" content=\"pt_BR\" \/>\n<meta property=\"og:type\" content=\"article\" \/>\n<meta property=\"og:title\" content=\"Concurso PGM Curitiba: prova discursiva ser\u00e1 reaplicada\" \/>\n<meta property=\"og:description\" content=\"Concurso PGM Curitiba: primeira prova discursiva vai passar por uma nova corre\u00e7\u00e3o. Segunda prova discursiva dever\u00e1 ser reaplicada. Confira os detalhes.\" \/>\n<meta property=\"og:url\" content=\"https:\/\/www.estrategiaconcursos.com.br\/blog\/concurso-pgm-curitiba\/\" \/>\n<meta property=\"og:site_name\" content=\"Estrat\u00e9gia Concursos\" \/>\n<meta property=\"article:author\" content=\"https:\/\/www.facebook.com\/EstrategiaConcursos\" \/>\n<meta property=\"article:published_time\" content=\"2019-07-18T11:20:12+00:00\" \/>\n<meta property=\"article:modified_time\" content=\"2019-11-08T19:33:42+00:00\" \/>\n<meta property=\"og:image\" content=\"https:\/\/dhg1h5j42swfq.cloudfront.net\/2018\/08\/17080030\/concurso-pgm-curitiba3.jpg\" \/>\n\t<meta property=\"og:image:width\" content=\"1200\" \/>\n\t<meta property=\"og:image:height\" content=\"628\" \/>\n\t<meta property=\"og:image:type\" content=\"image\/jpeg\" \/>\n<meta name=\"author\" content=\"Coordena\u00e7\u00e3o\" \/>\n<meta name=\"twitter:card\" content=\"summary_large_image\" \/>\n<meta name=\"twitter:creator\" content=\"@EstratConcursos\" \/>\n<meta name=\"twitter:site\" content=\"@EstratConcursos\" \/>\n<meta name=\"twitter:label1\" content=\"Escrito por\" \/>\n\t<meta name=\"twitter:data1\" content=\"Coordena\u00e7\u00e3o\" \/>\n\t<meta name=\"twitter:label2\" content=\"Est. tempo de leitura\" \/>\n\t<meta name=\"twitter:data2\" content=\"3 minutos\" \/>\n<script type=\"application\/ld+json\" class=\"yoast-schema-graph\">{\"@context\":\"https:\/\/schema.org\",\"@graph\":[{\"@type\":\"NewsArticle\",\"@id\":\"https:\/\/www.estrategiaconcursos.com.br\/blog\/concurso-pgm-curitiba\/#article\",\"isPartOf\":{\"@id\":\"https:\/\/www.estrategiaconcursos.com.br\/blog\/concurso-pgm-curitiba\/\"},\"author\":{\"name\":\"Coordena\u00e7\u00e3o\",\"@id\":\"https:\/\/www.estrategiaconcursos.com.br\/blog\/#\/schema\/person\/b4a388c97673c5f483d72185668afa1f\"},\"headline\":\"Concurso PGM Curitiba: prova discursiva ser\u00e1 reaplicada\",\"datePublished\":\"2019-07-18T11:20:12+00:00\",\"dateModified\":\"2019-11-08T19:33:42+00:00\",\"mainEntityOfPage\":{\"@id\":\"https:\/\/www.estrategiaconcursos.com.br\/blog\/concurso-pgm-curitiba\/\"},\"wordCount\":703,\"commentCount\":5,\"publisher\":{\"@id\":\"https:\/\/www.estrategiaconcursos.com.br\/blog\/#organization\"},\"image\":{\"@id\":\"https:\/\/www.estrategiaconcursos.com.br\/blog\/concurso-pgm-curitiba\/#primaryimage\"},\"thumbnailUrl\":\"https:\/\/dhg1h5j42swfq.cloudfront.net\/2018\/08\/17080030\/concurso-pgm-curitiba3.jpg\",\"articleSection\":[\"Concursos P\u00fablicos\",\"Jur\u00eddico\"],\"inLanguage\":\"pt-BR\",\"potentialAction\":[{\"@type\":\"CommentAction\",\"name\":\"Comment\",\"target\":[\"https:\/\/www.estrategiaconcursos.com.br\/blog\/concurso-pgm-curitiba\/#respond\"]}],\"copyrightYear\":\"2019\",\"copyrightHolder\":{\"@id\":\"https:\/\/www.estrategiaconcursos.com.br\/blog\/#organization\"}},{\"@type\":\"WebPage\",\"@id\":\"https:\/\/www.estrategiaconcursos.com.br\/blog\/concurso-pgm-curitiba\/\",\"url\":\"https:\/\/www.estrategiaconcursos.com.br\/blog\/concurso-pgm-curitiba\/\",\"name\":\"Concurso PGM Curitiba: prova discursiva ser\u00e1 reaplicada\",\"isPartOf\":{\"@id\":\"https:\/\/www.estrategiaconcursos.com.br\/blog\/#website\"},\"primaryImageOfPage\":{\"@id\":\"https:\/\/www.estrategiaconcursos.com.br\/blog\/concurso-pgm-curitiba\/#primaryimage\"},\"image\":{\"@id\":\"https:\/\/www.estrategiaconcursos.com.br\/blog\/concurso-pgm-curitiba\/#primaryimage\"},\"thumbnailUrl\":\"https:\/\/dhg1h5j42swfq.cloudfront.net\/2018\/08\/17080030\/concurso-pgm-curitiba3.jpg\",\"datePublished\":\"2019-07-18T11:20:12+00:00\",\"dateModified\":\"2019-11-08T19:33:42+00:00\",\"description\":\"Concurso PGM Curitiba: primeira prova discursiva vai passar por uma nova corre\u00e7\u00e3o. Segunda prova discursiva dever\u00e1 ser reaplicada. Confira os detalhes.\",\"breadcrumb\":{\"@id\":\"https:\/\/www.estrategiaconcursos.com.br\/blog\/concurso-pgm-curitiba\/#breadcrumb\"},\"inLanguage\":\"pt-BR\",\"potentialAction\":[{\"@type\":\"ReadAction\",\"target\":[\"https:\/\/www.estrategiaconcursos.com.br\/blog\/concurso-pgm-curitiba\/\"]}]},{\"@type\":\"ImageObject\",\"inLanguage\":\"pt-BR\",\"@id\":\"https:\/\/www.estrategiaconcursos.com.br\/blog\/concurso-pgm-curitiba\/#primaryimage\",\"url\":\"https:\/\/dhg1h5j42swfq.cloudfront.net\/2018\/08\/17080030\/concurso-pgm-curitiba3.jpg\",\"contentUrl\":\"https:\/\/dhg1h5j42swfq.cloudfront.net\/2018\/08\/17080030\/concurso-pgm-curitiba3.jpg\",\"width\":1200,\"height\":628,\"caption\":\"concurso-pgm-curitiba\"},{\"@type\":\"BreadcrumbList\",\"@id\":\"https:\/\/www.estrategiaconcursos.com.br\/blog\/concurso-pgm-curitiba\/#breadcrumb\",\"itemListElement\":[{\"@type\":\"ListItem\",\"position\":1,\"name\":\"In\u00edcio\",\"item\":\"https:\/\/www.estrategiaconcursos.com.br\/blog\/\"},{\"@type\":\"ListItem\",\"position\":2,\"name\":\"Concurso PGM Curitiba: prova discursiva ser\u00e1 reaplicada\"}]},{\"@type\":\"WebSite\",\"@id\":\"https:\/\/www.estrategiaconcursos.com.br\/blog\/#website\",\"url\":\"https:\/\/www.estrategiaconcursos.com.br\/blog\/\",\"name\":\"Estrat\u00e9gia Concursos\",\"description\":\"O blog da Estrat\u00e9gia Concursos traz not\u00edcias sobre concursos e artigos de professores oferecendo cursos para concursos (pdf + videaulas) no site.\",\"publisher\":{\"@id\":\"https:\/\/www.estrategiaconcursos.com.br\/blog\/#organization\"},\"potentialAction\":[{\"@type\":\"SearchAction\",\"target\":{\"@type\":\"EntryPoint\",\"urlTemplate\":\"https:\/\/www.estrategiaconcursos.com.br\/blog\/?s={search_term_string}\"},\"query-input\":{\"@type\":\"PropertyValueSpecification\",\"valueRequired\":true,\"valueName\":\"search_term_string\"}}],\"inLanguage\":\"pt-BR\"},{\"@type\":\"Organization\",\"@id\":\"https:\/\/www.estrategiaconcursos.com.br\/blog\/#organization\",\"name\":\"Estrat\u00e9gia Concursos\",\"url\":\"https:\/\/www.estrategiaconcursos.com.br\/blog\/\",\"logo\":{\"@type\":\"ImageObject\",\"inLanguage\":\"pt-BR\",\"@id\":\"https:\/\/www.estrategiaconcursos.com.br\/blog\/#\/schema\/logo\/image\/\",\"url\":\"https:\/\/dhg1h5j42swfq.cloudfront.net\/2025\/06\/03203428\/logo_concursos-1.jpg\",\"contentUrl\":\"https:\/\/dhg1h5j42swfq.cloudfront.net\/2025\/06\/03203428\/logo_concursos-1.jpg\",\"width\":230,\"height\":60,\"caption\":\"Estrat\u00e9gia Concursos\"},\"image\":{\"@id\":\"https:\/\/www.estrategiaconcursos.com.br\/blog\/#\/schema\/logo\/image\/\"},\"sameAs\":[\"https:\/\/x.com\/EstratConcursos\"]},{\"@type\":\"Person\",\"@id\":\"https:\/\/www.estrategiaconcursos.com.br\/blog\/#\/schema\/person\/b4a388c97673c5f483d72185668afa1f\",\"name\":\"Coordena\u00e7\u00e3o\",\"image\":{\"@type\":\"ImageObject\",\"inLanguage\":\"pt-BR\",\"@id\":\"https:\/\/secure.gravatar.com\/avatar\/b720319e4c9a967eb58678d110f4fe35452fc5d5f97b202bac7b8acceb18c6ad?s=96&d=mm&r=g\",\"url\":\"https:\/\/secure.gravatar.com\/avatar\/b720319e4c9a967eb58678d110f4fe35452fc5d5f97b202bac7b8acceb18c6ad?s=96&d=mm&r=g\",\"contentUrl\":\"https:\/\/secure.gravatar.com\/avatar\/b720319e4c9a967eb58678d110f4fe35452fc5d5f97b202bac7b8acceb18c6ad?s=96&d=mm&r=g\",\"caption\":\"Coordena\u00e7\u00e3o\"},\"sameAs\":[\"https:\/\/www.facebook.com\/EstrategiaConcursos\",\"https:\/\/x.com\/EstratConcursos\"],\"url\":\"https:\/\/www.estrategiaconcursos.com.br\/blog\/author\/estrategia2013\/\"}]}<\/script>\n<!-- \/ Yoast SEO Premium plugin. -->","yoast_head_json":{"title":"Concurso PGM Curitiba: prova discursiva ser\u00e1 reaplicada","description":"Concurso PGM Curitiba: primeira prova discursiva vai passar por uma nova corre\u00e7\u00e3o. Segunda prova discursiva dever\u00e1 ser reaplicada. Confira os detalhes.","robots":{"index":"index","follow":"follow","max-snippet":"max-snippet:-1","max-image-preview":"max-image-preview:large","max-video-preview":"max-video-preview:-1"},"canonical":"https:\/\/www.estrategiaconcursos.com.br\/blog\/concurso-pgm-curitiba\/","og_locale":"pt_BR","og_type":"article","og_title":"Concurso PGM Curitiba: prova discursiva ser\u00e1 reaplicada","og_description":"Concurso PGM Curitiba: primeira prova discursiva vai passar por uma nova corre\u00e7\u00e3o. Segunda prova discursiva dever\u00e1 ser reaplicada. Confira os detalhes.","og_url":"https:\/\/www.estrategiaconcursos.com.br\/blog\/concurso-pgm-curitiba\/","og_site_name":"Estrat\u00e9gia Concursos","article_author":"https:\/\/www.facebook.com\/EstrategiaConcursos","article_published_time":"2019-07-18T11:20:12+00:00","article_modified_time":"2019-11-08T19:33:42+00:00","og_image":[{"width":1200,"height":628,"url":"https:\/\/dhg1h5j42swfq.cloudfront.net\/2018\/08\/17080030\/concurso-pgm-curitiba3.jpg","type":"image\/jpeg"}],"author":"Coordena\u00e7\u00e3o","twitter_card":"summary_large_image","twitter_creator":"@EstratConcursos","twitter_site":"@EstratConcursos","twitter_misc":{"Escrito por":"Coordena\u00e7\u00e3o","Est. tempo de leitura":"3 minutos"},"schema":{"@context":"https:\/\/schema.org","@graph":[{"@type":"NewsArticle","@id":"https:\/\/www.estrategiaconcursos.com.br\/blog\/concurso-pgm-curitiba\/#article","isPartOf":{"@id":"https:\/\/www.estrategiaconcursos.com.br\/blog\/concurso-pgm-curitiba\/"},"author":{"name":"Coordena\u00e7\u00e3o","@id":"https:\/\/www.estrategiaconcursos.com.br\/blog\/#\/schema\/person\/b4a388c97673c5f483d72185668afa1f"},"headline":"Concurso PGM Curitiba: prova discursiva ser\u00e1 reaplicada","datePublished":"2019-07-18T11:20:12+00:00","dateModified":"2019-11-08T19:33:42+00:00","mainEntityOfPage":{"@id":"https:\/\/www.estrategiaconcursos.com.br\/blog\/concurso-pgm-curitiba\/"},"wordCount":703,"commentCount":5,"publisher":{"@id":"https:\/\/www.estrategiaconcursos.com.br\/blog\/#organization"},"image":{"@id":"https:\/\/www.estrategiaconcursos.com.br\/blog\/concurso-pgm-curitiba\/#primaryimage"},"thumbnailUrl":"https:\/\/dhg1h5j42swfq.cloudfront.net\/2018\/08\/17080030\/concurso-pgm-curitiba3.jpg","articleSection":["Concursos P\u00fablicos","Jur\u00eddico"],"inLanguage":"pt-BR","potentialAction":[{"@type":"CommentAction","name":"Comment","target":["https:\/\/www.estrategiaconcursos.com.br\/blog\/concurso-pgm-curitiba\/#respond"]}],"copyrightYear":"2019","copyrightHolder":{"@id":"https:\/\/www.estrategiaconcursos.com.br\/blog\/#organization"}},{"@type":"WebPage","@id":"https:\/\/www.estrategiaconcursos.com.br\/blog\/concurso-pgm-curitiba\/","url":"https:\/\/www.estrategiaconcursos.com.br\/blog\/concurso-pgm-curitiba\/","name":"Concurso PGM Curitiba: prova discursiva ser\u00e1 reaplicada","isPartOf":{"@id":"https:\/\/www.estrategiaconcursos.com.br\/blog\/#website"},"primaryImageOfPage":{"@id":"https:\/\/www.estrategiaconcursos.com.br\/blog\/concurso-pgm-curitiba\/#primaryimage"},"image":{"@id":"https:\/\/www.estrategiaconcursos.com.br\/blog\/concurso-pgm-curitiba\/#primaryimage"},"thumbnailUrl":"https:\/\/dhg1h5j42swfq.cloudfront.net\/2018\/08\/17080030\/concurso-pgm-curitiba3.jpg","datePublished":"2019-07-18T11:20:12+00:00","dateModified":"2019-11-08T19:33:42+00:00","description":"Concurso PGM Curitiba: primeira prova discursiva vai passar por uma nova corre\u00e7\u00e3o. Segunda prova discursiva dever\u00e1 ser reaplicada. Confira os detalhes.","breadcrumb":{"@id":"https:\/\/www.estrategiaconcursos.com.br\/blog\/concurso-pgm-curitiba\/#breadcrumb"},"inLanguage":"pt-BR","potentialAction":[{"@type":"ReadAction","target":["https:\/\/www.estrategiaconcursos.com.br\/blog\/concurso-pgm-curitiba\/"]}]},{"@type":"ImageObject","inLanguage":"pt-BR","@id":"https:\/\/www.estrategiaconcursos.com.br\/blog\/concurso-pgm-curitiba\/#primaryimage","url":"https:\/\/dhg1h5j42swfq.cloudfront.net\/2018\/08\/17080030\/concurso-pgm-curitiba3.jpg","contentUrl":"https:\/\/dhg1h5j42swfq.cloudfront.net\/2018\/08\/17080030\/concurso-pgm-curitiba3.jpg","width":1200,"height":628,"caption":"concurso-pgm-curitiba"},{"@type":"BreadcrumbList","@id":"https:\/\/www.estrategiaconcursos.com.br\/blog\/concurso-pgm-curitiba\/#breadcrumb","itemListElement":[{"@type":"ListItem","position":1,"name":"In\u00edcio","item":"https:\/\/www.estrategiaconcursos.com.br\/blog\/"},{"@type":"ListItem","position":2,"name":"Concurso PGM Curitiba: prova discursiva ser\u00e1 reaplicada"}]},{"@type":"WebSite","@id":"https:\/\/www.estrategiaconcursos.com.br\/blog\/#website","url":"https:\/\/www.estrategiaconcursos.com.br\/blog\/","name":"Estrat\u00e9gia Concursos","description":"O blog da Estrat\u00e9gia Concursos traz not\u00edcias sobre concursos e artigos de professores oferecendo cursos para concursos (pdf + videaulas) no site.","publisher":{"@id":"https:\/\/www.estrategiaconcursos.com.br\/blog\/#organization"},"potentialAction":[{"@type":"SearchAction","target":{"@type":"EntryPoint","urlTemplate":"https:\/\/www.estrategiaconcursos.com.br\/blog\/?s={search_term_string}"},"query-input":{"@type":"PropertyValueSpecification","valueRequired":true,"valueName":"search_term_string"}}],"inLanguage":"pt-BR"},{"@type":"Organization","@id":"https:\/\/www.estrategiaconcursos.com.br\/blog\/#organization","name":"Estrat\u00e9gia Concursos","url":"https:\/\/www.estrategiaconcursos.com.br\/blog\/","logo":{"@type":"ImageObject","inLanguage":"pt-BR","@id":"https:\/\/www.estrategiaconcursos.com.br\/blog\/#\/schema\/logo\/image\/","url":"https:\/\/dhg1h5j42swfq.cloudfront.net\/2025\/06\/03203428\/logo_concursos-1.jpg","contentUrl":"https:\/\/dhg1h5j42swfq.cloudfront.net\/2025\/06\/03203428\/logo_concursos-1.jpg","width":230,"height":60,"caption":"Estrat\u00e9gia Concursos"},"image":{"@id":"https:\/\/www.estrategiaconcursos.com.br\/blog\/#\/schema\/logo\/image\/"},"sameAs":["https:\/\/x.com\/EstratConcursos"]},{"@type":"Person","@id":"https:\/\/www.estrategiaconcursos.com.br\/blog\/#\/schema\/person\/b4a388c97673c5f483d72185668afa1f","name":"Coordena\u00e7\u00e3o","image":{"@type":"ImageObject","inLanguage":"pt-BR","@id":"https:\/\/secure.gravatar.com\/avatar\/b720319e4c9a967eb58678d110f4fe35452fc5d5f97b202bac7b8acceb18c6ad?s=96&d=mm&r=g","url":"https:\/\/secure.gravatar.com\/avatar\/b720319e4c9a967eb58678d110f4fe35452fc5d5f97b202bac7b8acceb18c6ad?s=96&d=mm&r=g","contentUrl":"https:\/\/secure.gravatar.com\/avatar\/b720319e4c9a967eb58678d110f4fe35452fc5d5f97b202bac7b8acceb18c6ad?s=96&d=mm&r=g","caption":"Coordena\u00e7\u00e3o"},"sameAs":["https:\/\/www.facebook.com\/EstrategiaConcursos","https:\/\/x.com\/EstratConcursos"],"url":"https:\/\/www.estrategiaconcursos.com.br\/blog\/author\/estrategia2013\/"}]}},"_links":{"self":[{"href":"https:\/\/www.estrategiaconcursos.com.br\/blog\/wp-json\/wp\/v2\/posts\/135348","targetHints":{"allow":["GET"]}}],"collection":[{"href":"https:\/\/www.estrategiaconcursos.com.br\/blog\/wp-json\/wp\/v2\/posts"}],"about":[{"href":"https:\/\/www.estrategiaconcursos.com.br\/blog\/wp-json\/wp\/v2\/types\/post"}],"author":[{"embeddable":true,"href":"https:\/\/www.estrategiaconcursos.com.br\/blog\/wp-json\/wp\/v2\/users\/1"}],"replies":[{"embeddable":true,"href":"https:\/\/www.estrategiaconcursos.com.br\/blog\/wp-json\/wp\/v2\/comments?post=135348"}],"version-history":[{"count":32,"href":"https:\/\/www.estrategiaconcursos.com.br\/blog\/wp-json\/wp\/v2\/posts\/135348\/revisions"}],"predecessor-version":[{"id":400082,"href":"https:\/\/www.estrategiaconcursos.com.br\/blog\/wp-json\/wp\/v2\/posts\/135348\/revisions\/400082"}],"wp:featuredmedia":[{"embeddable":true,"href":"https:\/\/www.estrategiaconcursos.com.br\/blog\/wp-json\/wp\/v2\/media\/155890"}],"wp:attachment":[{"href":"https:\/\/www.estrategiaconcursos.com.br\/blog\/wp-json\/wp\/v2\/media?parent=135348"}],"wp:term":[{"taxonomy":"category","embeddable":true,"href":"https:\/\/www.estrategiaconcursos.com.br\/blog\/wp-json\/wp\/v2\/categories?post=135348"},{"taxonomy":"post_tag","embeddable":true,"href":"https:\/\/www.estrategiaconcursos.com.br\/blog\/wp-json\/wp\/v2\/tags?post=135348"},{"taxonomy":"tax_estado","embeddable":true,"href":"https:\/\/www.estrategiaconcursos.com.br\/blog\/wp-json\/wp\/v2\/tax_estado?post=135348"}],"curies":[{"name":"wp","href":"https:\/\/api.w.org\/{rel}","templated":true}]}}