{"id":1352855,"date":"2024-04-09T11:59:00","date_gmt":"2024-04-09T14:59:00","guid":{"rendered":"https:\/\/www.estrategiaconcursos.com.br\/blog\/?p=1352855"},"modified":"2024-04-09T18:28:13","modified_gmt":"2024-04-09T21:28:13","slug":"concurso-prefeitura-castanheira","status":"publish","type":"post","link":"https:\/\/www.estrategiaconcursos.com.br\/blog\/concurso-prefeitura-castanheira\/","title":{"rendered":"Concurso Castanheira MT: provas aplicadas; veja os gabaritos"},"content":{"rendered":"\n<p>As provas do concurso da <strong>Prefeitura de Castanheira<\/strong>, em Mato Grosso, foram aplicadas no dia<strong> 7 de abril<\/strong>. Portanto, abaixo, confira os gabaritos preliminares.<\/p>\n\n\n\n<ul class=\"wp-block-list\">\n<li><a href=\"https:\/\/dhg1h5j42swfq.cloudfront.net\/2024\/04\/09125815\/917add79f383cc096ef49e37e91e3d73-1.pdf\" target=\"_blank\" rel=\"noreferrer noopener nofollow\"><strong>Gabaritos<\/strong><\/a><\/li>\n<\/ul>\n\n\n\n<p>Aos interessados, os recursos ser\u00e3o aceitos durante os dias <strong>9 e 10 de abril<\/strong>, diretamente no site da banca organizadora, <strong>Valespe<\/strong>.<\/p>\n\n\n\n<p>Ademais, s\u00e3o ofertadas<strong> 119 vagas<\/strong> para cargos de n\u00edveis fundamental incompleto, fundamental completo, m\u00e9dio e superior. As oportunidades s\u00e3o para as mais variadas \u00e1reas e os sal\u00e1rios v\u00e3o de <strong>R$ 1.368,97 a R$ 5.807,76<\/strong>.<\/p>\n\n\n\n<ul style=\"background-color:#eeefef\" class=\"has-background wp-block-list\">\n<li><strong>Prefeitura Municipal de Castanheira &#8211; MT<\/strong><\/li>\n\n\n\n<li><strong style=\"color: initial;\">Situa\u00e7\u00e3o:<\/strong><span style=\"color: initial;\">&nbsp;<\/span>gabaritos preliminares dispon\u00edveis<\/li>\n\n\n\n<li><strong>Banca:<\/strong>&nbsp;<a href=\"https:\/\/portal.valespe.com.br\/edital\/ver\/61\" target=\"_blank\" rel=\"noreferrer noopener\">Valespe<\/a><\/li>\n\n\n\n<li><strong>Vagas:<\/strong>&nbsp;119<\/li>\n\n\n\n<li><strong>Sal\u00e1rio inicial:<\/strong>&nbsp;R$ 1.368,97 a R$ 5.807,76<\/li>\n\n\n\n<li><strong>Edital:<\/strong> <a href=\"https:\/\/dhg1h5j42swfq.cloudfront.net\/2024\/02\/16122529\/edital-prefeitura-castanheiras-mt.pdf\" target=\"_blank\" rel=\"noreferrer noopener nofollow\">Prefeitura de Castanheiras 2024<\/a><\/li>\n<\/ul>\n\n\n\n<p>Confira neste artigo mais informa\u00e7\u00f5es sobre o concurso de Castanheiras e os detalhes de seu edital. Acompanhe pelos t\u00f3picos abaixo:<\/p>\n\n\n\n<ul class=\"wp-block-list\" id=\"indice\">\n<li><a href=\"#vagas\"><strong>Distribui\u00e7\u00e3o das vagas<\/strong><\/a>\n<ul class=\"wp-block-list\">\n<li><a href=\"#incompleto\">N\u00edvel fundamental incompleto<\/a><\/li>\n\n\n\n<li><a href=\"#completo\">N\u00edvel fundamental completo<\/a><\/li>\n\n\n\n<li><a href=\"#medio\">N\u00edvel m\u00e9dio<\/a><\/li>\n\n\n\n<li><a href=\"#superior\">N\u00edvel superior<\/a><\/li>\n<\/ul>\n<\/li>\n\n\n\n<li><a href=\"#etapas\"><strong>Etapas<\/strong><\/a>\n<ul class=\"wp-block-list\">\n<li><a href=\"#objetiva\">Prova objetiva<\/a><\/li>\n\n\n\n<li><a href=\"#titulo\">Prova de t\u00edtulo<\/a><\/li>\n\n\n\n<li><a href=\"#pratica\">Prova pr\u00e1tica<\/a><\/li>\n<\/ul>\n<\/li>\n\n\n\n<li><a href=\"#cursos-assinatura\"><strong>Assinatura e cursos<\/strong><\/a><\/li>\n\n\n\n<li><a href=\"#ficha-tecnica\"><strong>Ficha t\u00e9cnica<\/strong><\/a><\/li>\n<\/ul>\n\n\n\n<div class=\"container\" id=\"boxes\">\n  <div class=\"row\">\n\n    <div class=\"col-sm\">\n      <div class=\"banner-estrategia\" id=\"box-assinatura\">\n        <h3 class=\"titulo-assinatura\">Cursos para concursos<\/h3>\n        <p class=\"subtitulo-assinatura\">Conhe\u00e7a os cursos<\/p>\n        <div class=\"box-botao\">\n          <a class=\"btn-assinatura\" target=\"_blank\" href=\"https:\/\/www.estrategiaconcursos.com.br\/cursos\/\" role=\"button\" rel=\"noopener noreferrer\">Conhe\u00e7a mais<\/a>\n        <\/div>\n      <\/div>\n     \n    <\/div>\n\n  <\/div>\n<\/div>\n\n\n\n<h2 class=\"wp-block-heading\" id=\"vagas\">Concurso prefeitura de Castanheiras MT: distribui\u00e7\u00e3o das vagas<\/h2>\n\n\n\n<h3 class=\"wp-block-heading\" id=\"incompleto\">N\u00edvel fundamental incompleto<\/h3>\n\n\n\n<div class=\"wp-block-group has-global-padding is-layout-constrained wp-block-group-is-layout-constrained\">\n<figure class=\"wp-block-table is-style-stripes\"><table><thead><tr><th class=\"has-text-align-center\" data-align=\"center\">Cargo<\/th><th class=\"has-text-align-center\" data-align=\"center\">Vagas<\/th><th class=\"has-text-align-center\" data-align=\"center\">Sal\u00e1rio<\/th><\/tr><\/thead><tbody><tr><td class=\"has-text-align-center\" data-align=\"center\">Agente de coleta de lixo<\/td><td class=\"has-text-align-center\" data-align=\"center\">2 + CR<\/td><td class=\"has-text-align-center\" data-align=\"center\">R$ 1.452,05<\/td><\/tr><tr><td class=\"has-text-align-center\" data-align=\"center\">Agente de limpeza predial<\/td><td class=\"has-text-align-center\" data-align=\"center\">6 + CR<\/td><td class=\"has-text-align-center\" data-align=\"center\">R$ 1.452,05<\/td><\/tr><tr><td class=\"has-text-align-center\" data-align=\"center\">Eletricista predial<\/td><td class=\"has-text-align-center\" data-align=\"center\">CR<\/td><td class=\"has-text-align-center\" data-align=\"center\">R$ 1.750,98<\/td><\/tr><tr><td class=\"has-text-align-center\" data-align=\"center\">Encanador<\/td><td class=\"has-text-align-center\" data-align=\"center\">CR<\/td><td class=\"has-text-align-center\" data-align=\"center\">R$ 1.452,05<\/td><\/tr><tr><td class=\"has-text-align-center\" data-align=\"center\">Instalador de rede de \u00e1gua<\/td><td class=\"has-text-align-center\" data-align=\"center\">1 + CR<\/td><td class=\"has-text-align-center\" data-align=\"center\">R$ 1.452,05<\/td><\/tr><tr><td class=\"has-text-align-center\" data-align=\"center\">Instalador de rede de esgoto<\/td><td class=\"has-text-align-center\" data-align=\"center\">1 + CR<\/td><td class=\"has-text-align-center\" data-align=\"center\">R$ 1.452,05<\/td><\/tr><tr><td class=\"has-text-align-center\" data-align=\"center\">Motorista I<\/td><td class=\"has-text-align-center\" data-align=\"center\">5 + CR<\/td><td class=\"has-text-align-center\" data-align=\"center\">R$ 1.606,26<\/td><\/tr><tr><td class=\"has-text-align-center\" data-align=\"center\">Motorista II<\/td><td class=\"has-text-align-center\" data-align=\"center\">CR<\/td><td class=\"has-text-align-center\" data-align=\"center\">R$ 1.784,73<\/td><\/tr><tr><td class=\"has-text-align-center\" data-align=\"center\">Operador de esta\u00e7\u00e3o de tratamento de \u00e1gua de esgoto<\/td><td class=\"has-text-align-center\" data-align=\"center\">1 + CR<\/td><td class=\"has-text-align-center\" data-align=\"center\">R$ 1.452,05<\/td><\/tr><tr><td class=\"has-text-align-center\" data-align=\"center\">Operador de m\u00e1quinas<\/td><td class=\"has-text-align-center\" data-align=\"center\">4 + CR<\/td><td class=\"has-text-align-center\" data-align=\"center\">R$ 2.320,85<\/td><\/tr><tr><td class=\"has-text-align-center\" data-align=\"center\">Pedreiro<\/td><td class=\"has-text-align-center\" data-align=\"center\">CR<\/td><td class=\"has-text-align-center\" data-align=\"center\">R$ 1.573,07<\/td><\/tr><tr><td class=\"has-text-align-center\" data-align=\"center\">Recepcionista<\/td><td class=\"has-text-align-center\" data-align=\"center\">CR<\/td><td class=\"has-text-align-center\" data-align=\"center\">R$ 1.452,05<\/td><\/tr><\/tbody><\/table><figcaption class=\"wp-element-caption\">Vagas e sal\u00e1rios dos cargos de n\u00edvel fundamental incompleto<\/figcaption><\/figure>\n<\/div>\n\n\n\n<h3 class=\"wp-block-heading\" id=\"completo\">N\u00edvel fundamental completo<\/h3>\n\n\n\n<figure class=\"wp-block-table is-style-stripes\"><table><thead><tr><th class=\"has-text-align-center\" data-align=\"center\">Cargo<\/th><th class=\"has-text-align-center\" data-align=\"center\"><strong>Vagas<\/strong><\/th><th class=\"has-text-align-center\" data-align=\"center\">Sal\u00e1rio<\/th><\/tr><\/thead><tbody><tr><td class=\"has-text-align-center\" data-align=\"center\">Apoio educacional de desenvolvimento infantil<\/td><td class=\"has-text-align-center\" data-align=\"center\">9 + CR<\/td><td class=\"has-text-align-center\" data-align=\"center\">R$ 1.573,23<\/td><\/tr><tr><td class=\"has-text-align-center\" data-align=\"center\">Atendente de sa\u00fade p\u00fablica<\/td><td class=\"has-text-align-center\" data-align=\"center\">CR<\/td><td class=\"has-text-align-center\" data-align=\"center\">R$ 1.427,77<\/td><\/tr><tr><td class=\"has-text-align-center\" data-align=\"center\">Auxiliar de consult\u00f3rio dent\u00e1rio<\/td><td class=\"has-text-align-center\" data-align=\"center\">3 + CR<\/td><td class=\"has-text-align-center\" data-align=\"center\">R$ 1.368,97<\/td><\/tr><tr><td class=\"has-text-align-center\" data-align=\"center\">Manuten\u00e7\u00e3o infraestrutura II<\/td><td class=\"has-text-align-center\" data-align=\"center\">8 + CR<\/td><td class=\"has-text-align-center\" data-align=\"center\">R$ 1.753,23<\/td><\/tr><tr><td class=\"has-text-align-center\" data-align=\"center\">Mec\u00e2nico de m\u00e1quinas pesadas<\/td><td class=\"has-text-align-center\" data-align=\"center\">CR<\/td><td class=\"has-text-align-center\" data-align=\"center\">R$ 4.283,46<\/td><\/tr><tr><td class=\"has-text-align-center\" data-align=\"center\">Mec\u00e2nico II<\/td><td class=\"has-text-align-center\" data-align=\"center\">2 + CR<\/td><td class=\"has-text-align-center\" data-align=\"center\">R$ 2.677,76<\/td><\/tr><tr><td class=\"has-text-align-center\" data-align=\"center\">Nutri\u00e7\u00e3o escolar II<\/td><td class=\"has-text-align-center\" data-align=\"center\">3 + CR<\/td><td class=\"has-text-align-center\" data-align=\"center\">R$ 1.573,23<\/td><\/tr><tr><td class=\"has-text-align-center\" data-align=\"center\">Telefonista<\/td><td class=\"has-text-align-center\" data-align=\"center\">CR<\/td><td class=\"has-text-align-center\" data-align=\"center\">R$ 1.368,97<\/td><\/tr><tr><td class=\"has-text-align-center\" data-align=\"center\">Transporte de escolares<\/td><td class=\"has-text-align-center\" data-align=\"center\">18 + CR<\/td><td class=\"has-text-align-center\" data-align=\"center\">R$ 3.496,11<\/td><\/tr><\/tbody><\/table><figcaption class=\"wp-element-caption\">Vagas e sal\u00e1rios dos cargos de n\u00edvel fundamental completo<\/figcaption><\/figure>\n\n\n\n<h3 class=\"wp-block-heading\" id=\"medio\">N\u00edvel m\u00e9dio\/t\u00e9cnico<\/h3>\n\n\n\n<figure class=\"wp-block-table is-style-stripes\"><table><thead><tr><th class=\"has-text-align-center\" data-align=\"center\">Cargo<\/th><th class=\"has-text-align-center\" data-align=\"center\">Vaga<\/th><th class=\"has-text-align-center\" data-align=\"center\">Sal\u00e1rio<\/th><\/tr><\/thead><tbody><tr><td class=\"has-text-align-center\" data-align=\"center\">Agente administrativo IV<\/td><td class=\"has-text-align-center\" data-align=\"center\">CR<\/td><td class=\"has-text-align-center\" data-align=\"center\">R$ 2.098,85<\/td><\/tr><tr><td class=\"has-text-align-center\" data-align=\"center\">Auxiliar de enfermagem<\/td><td class=\"has-text-align-center\" data-align=\"center\">CR<\/td><td class=\"has-text-align-center\" data-align=\"center\">R$ 2.463,11<\/td><\/tr><tr><td class=\"has-text-align-center\" data-align=\"center\">Fiscal de tributos<\/td><td class=\"has-text-align-center\" data-align=\"center\">1 + CR<\/td><td class=\"has-text-align-center\" data-align=\"center\">R$ 1.926,25<\/td><\/tr><tr><td class=\"has-text-align-center\" data-align=\"center\">Fiscal sanit\u00e1rio<\/td><td class=\"has-text-align-center\" data-align=\"center\">1 + CR<\/td><td class=\"has-text-align-center\" data-align=\"center\">R$ 1.926,25<\/td><\/tr><tr><td class=\"has-text-align-center\" data-align=\"center\">T\u00e9cnico administrativo educacional<\/td><td class=\"has-text-align-center\" data-align=\"center\">1 + CR<\/td><td class=\"has-text-align-center\" data-align=\"center\">R$ 2.622,08<\/td><\/tr><tr><td class=\"has-text-align-center\" data-align=\"center\">T\u00e9cnico em Enfermagem<\/td><td class=\"has-text-align-center\" data-align=\"center\">7 + CR<\/td><td class=\"has-text-align-center\" data-align=\"center\">R$ 3.448,36<\/td><\/tr><tr><td class=\"has-text-align-center\" data-align=\"center\">T\u00e9cnico em saneamento<\/td><td class=\"has-text-align-center\" data-align=\"center\">CR<\/td><td class=\"has-text-align-center\" data-align=\"center\">R$ 1.921,56<\/td><\/tr><tr><td class=\"has-text-align-center\" data-align=\"center\">T\u00e9cnico em radiologia<\/td><td class=\"has-text-align-center\" data-align=\"center\">1 + CR<\/td><td class=\"has-text-align-center\" data-align=\"center\">R$ 2.281,62<\/td><\/tr><\/tbody><\/table><figcaption class=\"wp-element-caption\">Vagas e sal\u00e1rios dos cargos de n\u00edvel m\u00e9dio\/t\u00e9cnico<\/figcaption><\/figure>\n\n\n\n<h3 class=\"wp-block-heading\" id=\"superior\">N\u00edvel superior<\/h3>\n\n\n\n<figure class=\"wp-block-table is-style-stripes\"><table><thead><tr><th class=\"has-text-align-center\" data-align=\"center\">Cargo<\/th><th>Vagas<\/th><th class=\"has-text-align-center\" data-align=\"center\">Sal\u00e1rio<\/th><\/tr><\/thead><tbody><tr><td class=\"has-text-align-center\" data-align=\"center\">Analista administrativo<\/td><td>3 + CR<\/td><td class=\"has-text-align-center\" data-align=\"center\">R$ 2.126,05<\/td><\/tr><tr><td class=\"has-text-align-center\" data-align=\"center\">Assistente social II<\/td><td>1 + CR<\/td><td class=\"has-text-align-center\" data-align=\"center\">R$ 3.422,43<\/td><\/tr><tr><td class=\"has-text-align-center\" data-align=\"center\">Auditor de controle<\/td><td>1 + CR<\/td><td class=\"has-text-align-center\" data-align=\"center\">R$ 2.592,75<\/td><\/tr><tr><td class=\"has-text-align-center\" data-align=\"center\">Bioqu\u00edmico II<\/td><td>1 + CR<\/td><td class=\"has-text-align-center\" data-align=\"center\">R$ 3.629,85<\/td><\/tr><tr><td class=\"has-text-align-center\" data-align=\"center\">Contador p\u00fablico<\/td><td>1 + CR<\/td><td class=\"has-text-align-center\" data-align=\"center\">R$ 2.592,75<\/td><\/tr><tr><td class=\"has-text-align-center\" data-align=\"center\">Enfermeiro<\/td><td>3 + CR<\/td><td class=\"has-text-align-center\" data-align=\"center\">R$ 4.976,54<\/td><\/tr><tr><td class=\"has-text-align-center\" data-align=\"center\">Farmac\u00eautico<\/td><td>1 + CR<\/td><td class=\"has-text-align-center\" data-align=\"center\">R$ 3.629,85<\/td><\/tr><tr><td class=\"has-text-align-center\" data-align=\"center\">Fisioterapeuta<\/td><td>1 + CR<\/td><td class=\"has-text-align-center\" data-align=\"center\">R$ 2.422,43<\/td><\/tr><tr><td class=\"has-text-align-center\" data-align=\"center\">M\u00e9dico<\/td><td>3 + CR<\/td><td class=\"has-text-align-center\" data-align=\"center\">R$ 5.807,76<\/td><\/tr><tr><td class=\"has-text-align-center\" data-align=\"center\">Nutricionista<\/td><td>1 + CR<\/td><td class=\"has-text-align-center\" data-align=\"center\">R$ 3.311,30<\/td><\/tr><tr><td class=\"has-text-align-center\" data-align=\"center\">Odont\u00f3logo II<\/td><td>2 + CR<\/td><td class=\"has-text-align-center\" data-align=\"center\">R$ 3.629,85<\/td><\/tr><tr><td class=\"has-text-align-center\" data-align=\"center\">Professor (v\u00e1rias disciplinas)<\/td><td>26 + CR<\/td><td class=\"has-text-align-center\" data-align=\"center\">R$ 3.438,66<\/td><\/tr><tr><td class=\"has-text-align-center\" data-align=\"center\">Psic\u00f3logo II<\/td><td>1 + CR<\/td><td class=\"has-text-align-center\" data-align=\"center\">R$ 3.629,85<\/td><\/tr><\/tbody><\/table><figcaption class=\"wp-element-caption\">Vagas e sal\u00e1rios dos cargos de n\u00edvel superior<\/figcaption><\/figure>\n\n\n\n<h2 class=\"wp-block-heading\" id=\"etapas\">Concurso prefeitura Castanheiras MT: etapas<\/h2>\n\n\n\n<p>O concurso p\u00fablico ter\u00e1 <strong>tr\u00eas fases<\/strong>: prova objetiva, prova pr\u00e1tica e prova de t\u00edtulos. A seguir, voc\u00ea confere todos os detalhes de cada etapa do certame.<\/p>\n\n\n\n<h3 class=\"wp-block-heading\" id=\"objetiva\">Prova objetiva<\/h3>\n\n\n\n<p>A prova objetiva <strong>foi realizada no dia 7 de abril<\/strong> e teve a dura\u00e7\u00e3o de<strong> 3 horas<\/strong>. Os candidatos tiveram que responder quest\u00f5es de m\u00faltipla escolha com 4 alternativas (A, B, C ou D), sendo apenas uma alternativa correta.<\/p>\n\n\n\n<p>Para os cargos de <strong>n\u00edvel superior<\/strong> a avalia\u00e7\u00e3o constou de prova objetiva, de car\u00e1ter eliminat\u00f3rio. Seguindo a seguinte pontua\u00e7\u00e3o:<\/p>\n\n\n\n<figure class=\"wp-block-image size-full is-resized\"><img loading=\"lazy\" decoding=\"async\" width=\"827\" height=\"111\" src=\"https:\/\/dhg1h5j42swfq.cloudfront.net\/2024\/02\/16120211\/image-341.png\" alt=\"Tabela de detalhes da prova objetiva para os cargos de n\u00edvel superior\" class=\"wp-image-1353026\" style=\"width:840px;height:auto\" srcset=\"https:\/\/dhg1h5j42swfq.cloudfront.net\/2024\/02\/16120211\/image-341.png 827w, https:\/\/dhg1h5j42swfq.cloudfront.net\/2024\/02\/16120211\/image-341-300x40.png 300w, https:\/\/dhg1h5j42swfq.cloudfront.net\/2024\/02\/16120211\/image-341-768x103.png 768w, https:\/\/dhg1h5j42swfq.cloudfront.net\/2024\/02\/16120211\/image-341-610x82.png 610w, https:\/\/dhg1h5j42swfq.cloudfront.net\/2024\/02\/16120211\/image-341-150x20.png 150w\" sizes=\"auto, (max-width: 827px) 100vw, 827px\" \/><\/figure>\n\n\n\n<p>Para os cargos de <strong>n\u00edvel m\u00e9dio\/t\u00e9cnico<\/strong>, a prova segue a seguinte pontua\u00e7\u00e3o.<\/p>\n\n\n\n<figure class=\"wp-block-image size-full is-resized\"><img loading=\"lazy\" decoding=\"async\" width=\"822\" height=\"107\" src=\"https:\/\/dhg1h5j42swfq.cloudfront.net\/2024\/02\/16120631\/image-342.png\" alt=\"Tabela de detalhes da prova objetiva para os cargos de n\u00edvel m\u00e9dio\/t\u00e9cnico\" class=\"wp-image-1353033\" style=\"width:840px;height:auto\" srcset=\"https:\/\/dhg1h5j42swfq.cloudfront.net\/2024\/02\/16120631\/image-342.png 822w, https:\/\/dhg1h5j42swfq.cloudfront.net\/2024\/02\/16120631\/image-342-300x39.png 300w, https:\/\/dhg1h5j42swfq.cloudfront.net\/2024\/02\/16120631\/image-342-768x100.png 768w, https:\/\/dhg1h5j42swfq.cloudfront.net\/2024\/02\/16120631\/image-342-610x79.png 610w, https:\/\/dhg1h5j42swfq.cloudfront.net\/2024\/02\/16120631\/image-342-150x20.png 150w\" sizes=\"auto, (max-width: 822px) 100vw, 822px\" \/><\/figure>\n\n\n\n<p>Para os cargos de <strong>n\u00edvel fundamental incompleto e completo<\/strong>, seguem a seguinte organiza\u00e7\u00e3o na prova.<\/p>\n\n\n\n<figure class=\"wp-block-image size-full is-resized\"><img loading=\"lazy\" decoding=\"async\" width=\"822\" height=\"109\" src=\"https:\/\/dhg1h5j42swfq.cloudfront.net\/2024\/02\/16121038\/image-345.png\" alt=\"Tabela de detalhes da prova objetiva para os cargos de n\u00edvel fundamental completo e incompleto\" class=\"wp-image-1353039\" style=\"width:840px;height:auto\" srcset=\"https:\/\/dhg1h5j42swfq.cloudfront.net\/2024\/02\/16121038\/image-345.png 822w, https:\/\/dhg1h5j42swfq.cloudfront.net\/2024\/02\/16121038\/image-345-300x40.png 300w, https:\/\/dhg1h5j42swfq.cloudfront.net\/2024\/02\/16121038\/image-345-768x102.png 768w, https:\/\/dhg1h5j42swfq.cloudfront.net\/2024\/02\/16121038\/image-345-610x81.png 610w, https:\/\/dhg1h5j42swfq.cloudfront.net\/2024\/02\/16121038\/image-345-150x20.png 150w\" sizes=\"auto, (max-width: 822px) 100vw, 822px\" \/><\/figure>\n\n\n\n<h3 class=\"wp-block-heading\" id=\"titulo\">Prova de t\u00edtulos<\/h3>\n\n\n\n<p>A prova de t\u00edtulos ser\u00e1 aplicada <strong>somente para os cargos de professor<\/strong>, com car\u00e1ter classificat\u00f3rio. O candidato deve fazer upload dos arquivos no sistema do concurso no mesmo prazo definido para as inscri\u00e7\u00f5es. <\/p>\n\n\n\n<p>A pontua\u00e7\u00e3o vai at\u00e9 10 pontos, n\u00e3o ultrapassando esse valor, mesmo que o candidato tenha mais pontos que isso.<\/p>\n\n\n\n<figure class=\"wp-block-image size-full is-resized\"><img loading=\"lazy\" decoding=\"async\" width=\"824\" height=\"359\" src=\"https:\/\/dhg1h5j42swfq.cloudfront.net\/2024\/02\/16121536\/image-346.png\" alt=\"Tabela de atribui\u00e7\u00e3o de pontos na avalia\u00e7\u00e3o de t\u00edtulos aos cargos de professores\" class=\"wp-image-1353044\" style=\"width:840px;height:auto\" srcset=\"https:\/\/dhg1h5j42swfq.cloudfront.net\/2024\/02\/16121536\/image-346.png 824w, https:\/\/dhg1h5j42swfq.cloudfront.net\/2024\/02\/16121536\/image-346-300x131.png 300w, https:\/\/dhg1h5j42swfq.cloudfront.net\/2024\/02\/16121536\/image-346-768x335.png 768w, https:\/\/dhg1h5j42swfq.cloudfront.net\/2024\/02\/16121536\/image-346-610x266.png 610w, https:\/\/dhg1h5j42swfq.cloudfront.net\/2024\/02\/16121536\/image-346-150x65.png 150w\" sizes=\"auto, (max-width: 824px) 100vw, 824px\" \/><\/figure>\n\n\n\n<h3 class=\"wp-block-heading\" id=\"pratica\">Prova pr\u00e1tica<\/h3>\n\n\n\n<p>A prova pr\u00e1tica tamb\u00e9m foi realizada no dia 7 de abril, podendo ter a data alterada a depender a quantidade de inscritos. <\/p>\n\n\n\n<p>Essa etapa tem car\u00e1ter classificat\u00f3rio e eliminat\u00f3rio e ser\u00e1 aplicada para os cargos<strong> Mec\u00e2nico II, Mec\u00e2nico de m\u00e1quinas pesadas, Motorista I, Motorista II, Operador de maquinas e Transporte de escolares<\/strong>.<\/p>\n\n\n\n<p>O candidato come\u00e7a com 10 pontos e pode perder de acordo com faltas cometidas. A prova ter\u00e1 dura\u00e7\u00e3o de 6 minutos.<\/p>\n\n\n\n<figure class=\"wp-block-image size-full is-resized\"><img loading=\"lazy\" decoding=\"async\" width=\"627\" height=\"91\" src=\"https:\/\/dhg1h5j42swfq.cloudfront.net\/2024\/02\/16121950\/image-347.png\" alt=\"Tabela de faltas e pontos da prova pr\u00e1tica \" class=\"wp-image-1353046\" style=\"width:840px;height:auto\" srcset=\"https:\/\/dhg1h5j42swfq.cloudfront.net\/2024\/02\/16121950\/image-347.png 627w, https:\/\/dhg1h5j42swfq.cloudfront.net\/2024\/02\/16121950\/image-347-300x44.png 300w, https:\/\/dhg1h5j42swfq.cloudfront.net\/2024\/02\/16121950\/image-347-610x89.png 610w, https:\/\/dhg1h5j42swfq.cloudfront.net\/2024\/02\/16121950\/image-347-150x22.png 150w\" sizes=\"auto, (max-width: 627px) 100vw, 627px\" \/><\/figure>\n\n\n\n<hr class=\"wp-block-separator has-alpha-channel-opacity\"\/>\n\n\n\n<h2 class=\"wp-block-heading has-text-align-center\" id=\"cursos-assinatura\"><em>Cursos para o concurso Prefeitura de Castanheira!<\/em><\/h2>\n\n\n\n<div class=\"container\" id=\"boxes\">\n  <div class=\"row\">\n\n    <div class=\"col-sm\">\n      <div class=\"banner-estrategia\" id=\"box-assinatura\">\n        <h3 class=\"titulo-assinatura\">Cursos para concursos<\/h3>\n        <p class=\"subtitulo-assinatura\">Conhe\u00e7a os cursos<\/p>\n        <div class=\"box-botao\">\n          <a class=\"btn-assinatura\" target=\"_blank\" href=\"https:\/\/www.estrategiaconcursos.com.br\/cursos\/\" role=\"button\" rel=\"noopener noreferrer\">Conhe\u00e7a mais<\/a>\n        <\/div>\n      <\/div>\n     \n    <\/div>\n\n  <\/div>\n<\/div>\n\n\n\n<div class=\"container\" id=\"boxes\">\n  <div class=\"row\">\n\n    <div class=\"col-sm\">\n      <div class=\"estrategia\" id=\"box-assinatura\">\n        <h3 class=\"titulo-assinatura\">Assinatura Concursos<\/h3>\n        <p class=\"subtitulo-assinatura\">Assinatura de 1 ano ou 2 anos<\/p>\n        <div class=\"box-botao\">\n          <a class=\"btn-assinatura\" target=\"_blank\" href=\"https:\/\/www.estrategiaconcursos.com.br\/assinaturas\/\" role=\"button\" rel=\"noopener noreferrer\">ASSINE AGORA<\/a>\n        <\/div>\n      <\/div><\/div><\/div><\/div>\n\n\n\n<h2 class=\"wp-block-heading has-text-align-center\" id=\"h-quer-saber-tudo-sobre-concursos-previstos-confira-nossos-artigos\">Quer saber tudo sobre concursos previstos?<br \/>Confira nossos artigos!<\/h2>\n\n\n\n<ul class=\"wp-block-list\">\n<li><a href=\"https:\/\/www.estrategiaconcursos.com.br\/blog\/concursos-abertos\/\" target=\"_blank\" rel=\"noreferrer noopener\">Concursos abertos<\/a><\/li>\n\n\n\n<li><a href=\"https:\/\/www.estrategiaconcursos.com.br\/blog\/concursos-prefeituras\/\">Concursos prefeituras<\/a><\/li>\n\n\n\n<li><a href=\"https:\/\/www.estrategiaconcursos.com.br\/blog\/concursos-2024\/\" target=\"_blank\" rel=\"noreferrer noopener\">Concursos 2024<\/a><\/li>\n<\/ul>\n\n\n\n<figure class=\"wp-block-image is-resized\"><img loading=\"lazy\" decoding=\"async\" width=\"1024\" height=\"632\" src=\"https:\/\/dhg1h5j42swfq.cloudfront.net\/2021\/04\/01161145\/ficha-tecnica-5-1024x632.png\" alt=\"Informa\u00e7\u00f5es do concurso \" class=\"wp-image-706736\" style=\"aspect-ratio:1.6275862068965516;width:249px;height:auto\" srcset=\"https:\/\/dhg1h5j42swfq.cloudfront.net\/2021\/04\/01161145\/ficha-tecnica-5-1024x632.png 1024w, https:\/\/dhg1h5j42swfq.cloudfront.net\/2021\/04\/01161145\/ficha-tecnica-5-300x185.png 300w, https:\/\/dhg1h5j42swfq.cloudfront.net\/2021\/04\/01161145\/ficha-tecnica-5-768x474.png 768w, https:\/\/dhg1h5j42swfq.cloudfront.net\/2021\/04\/01161145\/ficha-tecnica-5-1536x948.png 1536w, https:\/\/dhg1h5j42swfq.cloudfront.net\/2021\/04\/01161145\/ficha-tecnica-5-610x377.png 610w, https:\/\/dhg1h5j42swfq.cloudfront.net\/2021\/04\/01161145\/ficha-tecnica-5.png 1571w\" sizes=\"auto, (max-width: 1024px) 100vw, 1024px\" \/><\/figure>\n\n\n\n<h3 class=\"wp-block-heading\" id=\"ficha-tecnica\">Informa\u00e7\u00f5es do concurso da prefeitura de Castanheiras MT<\/h3>\n\n\n\n<ul class=\"wp-block-list\">\n<li><strong>Data da prova<\/strong>: <s>07\/04\/2024<\/s><\/li>\n\n\n\n<li><strong>Banca<\/strong>: Valespe<\/li>\n\n\n\n<li><strong>Escolaridade<\/strong>: N\u00edveis fundamental (incompleto e completo), m\u00e9dio, t\u00e9cnico e superior<\/li>\n\n\n\n<li><strong>Vagas:<\/strong> 119<\/li>\n\n\n\n<li><strong>Cargos<\/strong>: diversos<\/li>\n\n\n\n<li><strong>Edital: <\/strong><a href=\"https:\/\/dhg1h5j42swfq.cloudfront.net\/2024\/02\/16122529\/edital-prefeitura-castanheiras-mt.pdf\">Castanheiras 2024<\/a> | <a href=\"https:\/\/dhg1h5j42swfq.cloudfront.net\/2024\/03\/01104118\/5d9ba6c9ffb76b043c21dc36ed77e8b8.pdf\" target=\"_blank\" rel=\"noreferrer noopener nofollow\">Retifica\u00e7\u00e3o<\/a><\/li>\n<\/ul>\n","protected":false},"excerpt":{"rendered":"<p>A prefeitura de Castanheira, em MT, lan\u00e7ou edital para concurso p\u00fablico para contrata\u00e7\u00e3o de 119 vagas imediatas. Confira!<\/p>\n","protected":false},"author":1,"featured_media":1381447,"comment_status":"open","ping_status":"closed","sticky":false,"template":"","format":"standard","meta":{"post_tipo":"news_page","footnotes":""},"categories":[214992],"tags":[],"tax_estado":[219976],"class_list":["post-1352855","post","type-post","status-publish","format-standard","has-post-thumbnail","hentry","category-concursos-administrativos","tax_estado-mt"],"acf":[],"yoast_head":"<!-- This site is optimized with the Yoast SEO Premium plugin v27.2 (Yoast SEO v27.2) - https:\/\/yoast.com\/product\/yoast-seo-premium-wordpress\/ -->\n<title>Concurso Castanheira MT: provas aplicadas; veja os gabaritos<\/title>\n<meta name=\"description\" content=\"Confira os gabaritos preliminares do concurso da Prefeitura de Castanheira. Recursos podem ser enviados at\u00e9 10 de abril. Saiba mais!\" \/>\n<meta name=\"robots\" content=\"index, follow, max-snippet:-1, max-image-preview:large, max-video-preview:-1\" \/>\n<link rel=\"canonical\" href=\"https:\/\/www.estrategiaconcursos.com.br\/blog\/concurso-prefeitura-castanheira\/\" \/>\n<meta property=\"og:locale\" content=\"pt_BR\" \/>\n<meta property=\"og:type\" content=\"article\" \/>\n<meta property=\"og:title\" content=\"Concurso Castanheira MT: provas aplicadas; veja os gabaritos\" \/>\n<meta property=\"og:description\" content=\"Confira os gabaritos preliminares do concurso da Prefeitura de Castanheira. Recursos podem ser enviados at\u00e9 10 de abril. Saiba mais!\" \/>\n<meta property=\"og:url\" content=\"https:\/\/www.estrategiaconcursos.com.br\/blog\/concurso-prefeitura-castanheira\/\" \/>\n<meta property=\"og:site_name\" content=\"Estrat\u00e9gia Concursos\" \/>\n<meta property=\"article:author\" content=\"https:\/\/www.facebook.com\/EstrategiaConcursos\" \/>\n<meta property=\"article:published_time\" content=\"2024-04-09T14:59:00+00:00\" \/>\n<meta property=\"article:modified_time\" content=\"2024-04-09T21:28:13+00:00\" \/>\n<meta property=\"og:image\" content=\"https:\/\/dhg1h5j42swfq.cloudfront.net\/2024\/04\/09153656\/prefeitura-de-castanheira-mt.jpg\" \/>\n\t<meta property=\"og:image:width\" content=\"768\" \/>\n\t<meta property=\"og:image:height\" content=\"432\" \/>\n\t<meta property=\"og:image:type\" content=\"image\/jpeg\" \/>\n<meta name=\"author\" content=\"Coordena\u00e7\u00e3o\" \/>\n<meta name=\"twitter:card\" content=\"summary_large_image\" \/>\n<meta name=\"twitter:creator\" content=\"@EstratConcursos\" \/>\n<meta name=\"twitter:site\" content=\"@EstratConcursos\" \/>\n<meta name=\"twitter:label1\" content=\"Escrito por\" \/>\n\t<meta name=\"twitter:data1\" content=\"Coordena\u00e7\u00e3o\" \/>\n\t<meta name=\"twitter:label2\" content=\"Est. tempo de leitura\" \/>\n\t<meta name=\"twitter:data2\" content=\"4 minutos\" \/>\n<script type=\"application\/ld+json\" class=\"yoast-schema-graph\">{\"@context\":\"https:\/\/schema.org\",\"@graph\":[{\"@type\":\"NewsArticle\",\"@id\":\"https:\/\/www.estrategiaconcursos.com.br\/blog\/concurso-prefeitura-castanheira\/#article\",\"isPartOf\":{\"@id\":\"https:\/\/www.estrategiaconcursos.com.br\/blog\/concurso-prefeitura-castanheira\/\"},\"author\":{\"name\":\"Coordena\u00e7\u00e3o\",\"@id\":\"https:\/\/www.estrategiaconcursos.com.br\/blog\/#\/schema\/person\/b4a388c97673c5f483d72185668afa1f\"},\"headline\":\"Concurso Castanheira MT: provas aplicadas; veja os gabaritos\",\"datePublished\":\"2024-04-09T14:59:00+00:00\",\"dateModified\":\"2024-04-09T21:28:13+00:00\",\"mainEntityOfPage\":{\"@id\":\"https:\/\/www.estrategiaconcursos.com.br\/blog\/concurso-prefeitura-castanheira\/\"},\"wordCount\":847,\"commentCount\":0,\"publisher\":{\"@id\":\"https:\/\/www.estrategiaconcursos.com.br\/blog\/#organization\"},\"image\":{\"@id\":\"https:\/\/www.estrategiaconcursos.com.br\/blog\/concurso-prefeitura-castanheira\/#primaryimage\"},\"thumbnailUrl\":\"https:\/\/dhg1h5j42swfq.cloudfront.net\/2024\/04\/09153656\/prefeitura-de-castanheira-mt.jpg\",\"articleSection\":[\"Executivo (Administrativa)\"],\"inLanguage\":\"pt-BR\",\"potentialAction\":[{\"@type\":\"CommentAction\",\"name\":\"Comment\",\"target\":[\"https:\/\/www.estrategiaconcursos.com.br\/blog\/concurso-prefeitura-castanheira\/#respond\"]}],\"copyrightYear\":\"2024\",\"copyrightHolder\":{\"@id\":\"https:\/\/www.estrategiaconcursos.com.br\/blog\/#organization\"}},{\"@type\":\"WebPage\",\"@id\":\"https:\/\/www.estrategiaconcursos.com.br\/blog\/concurso-prefeitura-castanheira\/\",\"url\":\"https:\/\/www.estrategiaconcursos.com.br\/blog\/concurso-prefeitura-castanheira\/\",\"name\":\"Concurso Castanheira MT: provas aplicadas; veja os gabaritos\",\"isPartOf\":{\"@id\":\"https:\/\/www.estrategiaconcursos.com.br\/blog\/#website\"},\"primaryImageOfPage\":{\"@id\":\"https:\/\/www.estrategiaconcursos.com.br\/blog\/concurso-prefeitura-castanheira\/#primaryimage\"},\"image\":{\"@id\":\"https:\/\/www.estrategiaconcursos.com.br\/blog\/concurso-prefeitura-castanheira\/#primaryimage\"},\"thumbnailUrl\":\"https:\/\/dhg1h5j42swfq.cloudfront.net\/2024\/04\/09153656\/prefeitura-de-castanheira-mt.jpg\",\"datePublished\":\"2024-04-09T14:59:00+00:00\",\"dateModified\":\"2024-04-09T21:28:13+00:00\",\"description\":\"Confira os gabaritos preliminares do concurso da Prefeitura de Castanheira. Recursos podem ser enviados at\u00e9 10 de abril. Saiba mais!\",\"breadcrumb\":{\"@id\":\"https:\/\/www.estrategiaconcursos.com.br\/blog\/concurso-prefeitura-castanheira\/#breadcrumb\"},\"inLanguage\":\"pt-BR\",\"potentialAction\":[{\"@type\":\"ReadAction\",\"target\":[\"https:\/\/www.estrategiaconcursos.com.br\/blog\/concurso-prefeitura-castanheira\/\"]}]},{\"@type\":\"ImageObject\",\"inLanguage\":\"pt-BR\",\"@id\":\"https:\/\/www.estrategiaconcursos.com.br\/blog\/concurso-prefeitura-castanheira\/#primaryimage\",\"url\":\"https:\/\/dhg1h5j42swfq.cloudfront.net\/2024\/04\/09153656\/prefeitura-de-castanheira-mt.jpg\",\"contentUrl\":\"https:\/\/dhg1h5j42swfq.cloudfront.net\/2024\/04\/09153656\/prefeitura-de-castanheira-mt.jpg\",\"width\":768,\"height\":432},{\"@type\":\"BreadcrumbList\",\"@id\":\"https:\/\/www.estrategiaconcursos.com.br\/blog\/concurso-prefeitura-castanheira\/#breadcrumb\",\"itemListElement\":[{\"@type\":\"ListItem\",\"position\":1,\"name\":\"In\u00edcio\",\"item\":\"https:\/\/www.estrategiaconcursos.com.br\/blog\/\"},{\"@type\":\"ListItem\",\"position\":2,\"name\":\"Concurso Castanheira MT: provas aplicadas; veja os gabaritos\"}]},{\"@type\":\"WebSite\",\"@id\":\"https:\/\/www.estrategiaconcursos.com.br\/blog\/#website\",\"url\":\"https:\/\/www.estrategiaconcursos.com.br\/blog\/\",\"name\":\"Estrat\u00e9gia Concursos\",\"description\":\"O blog da Estrat\u00e9gia Concursos traz not\u00edcias sobre concursos e artigos de professores oferecendo cursos para concursos (pdf + videaulas) no site.\",\"publisher\":{\"@id\":\"https:\/\/www.estrategiaconcursos.com.br\/blog\/#organization\"},\"potentialAction\":[{\"@type\":\"SearchAction\",\"target\":{\"@type\":\"EntryPoint\",\"urlTemplate\":\"https:\/\/www.estrategiaconcursos.com.br\/blog\/?s={search_term_string}\"},\"query-input\":{\"@type\":\"PropertyValueSpecification\",\"valueRequired\":true,\"valueName\":\"search_term_string\"}}],\"inLanguage\":\"pt-BR\"},{\"@type\":\"Organization\",\"@id\":\"https:\/\/www.estrategiaconcursos.com.br\/blog\/#organization\",\"name\":\"Estrat\u00e9gia Concursos\",\"url\":\"https:\/\/www.estrategiaconcursos.com.br\/blog\/\",\"logo\":{\"@type\":\"ImageObject\",\"inLanguage\":\"pt-BR\",\"@id\":\"https:\/\/www.estrategiaconcursos.com.br\/blog\/#\/schema\/logo\/image\/\",\"url\":\"https:\/\/dhg1h5j42swfq.cloudfront.net\/2025\/06\/03203428\/logo_concursos-1.jpg\",\"contentUrl\":\"https:\/\/dhg1h5j42swfq.cloudfront.net\/2025\/06\/03203428\/logo_concursos-1.jpg\",\"width\":230,\"height\":60,\"caption\":\"Estrat\u00e9gia Concursos\"},\"image\":{\"@id\":\"https:\/\/www.estrategiaconcursos.com.br\/blog\/#\/schema\/logo\/image\/\"},\"sameAs\":[\"https:\/\/x.com\/EstratConcursos\"]},{\"@type\":\"Person\",\"@id\":\"https:\/\/www.estrategiaconcursos.com.br\/blog\/#\/schema\/person\/b4a388c97673c5f483d72185668afa1f\",\"name\":\"Coordena\u00e7\u00e3o\",\"image\":{\"@type\":\"ImageObject\",\"inLanguage\":\"pt-BR\",\"@id\":\"https:\/\/secure.gravatar.com\/avatar\/b720319e4c9a967eb58678d110f4fe35452fc5d5f97b202bac7b8acceb18c6ad?s=96&d=mm&r=g\",\"url\":\"https:\/\/secure.gravatar.com\/avatar\/b720319e4c9a967eb58678d110f4fe35452fc5d5f97b202bac7b8acceb18c6ad?s=96&d=mm&r=g\",\"contentUrl\":\"https:\/\/secure.gravatar.com\/avatar\/b720319e4c9a967eb58678d110f4fe35452fc5d5f97b202bac7b8acceb18c6ad?s=96&d=mm&r=g\",\"caption\":\"Coordena\u00e7\u00e3o\"},\"sameAs\":[\"https:\/\/www.facebook.com\/EstrategiaConcursos\",\"https:\/\/x.com\/EstratConcursos\"],\"url\":\"https:\/\/www.estrategiaconcursos.com.br\/blog\/author\/estrategia2013\/\"}]}<\/script>\n<!-- \/ Yoast SEO Premium plugin. -->","yoast_head_json":{"title":"Concurso Castanheira MT: provas aplicadas; veja os gabaritos","description":"Confira os gabaritos preliminares do concurso da Prefeitura de Castanheira. Recursos podem ser enviados at\u00e9 10 de abril. Saiba mais!","robots":{"index":"index","follow":"follow","max-snippet":"max-snippet:-1","max-image-preview":"max-image-preview:large","max-video-preview":"max-video-preview:-1"},"canonical":"https:\/\/www.estrategiaconcursos.com.br\/blog\/concurso-prefeitura-castanheira\/","og_locale":"pt_BR","og_type":"article","og_title":"Concurso Castanheira MT: provas aplicadas; veja os gabaritos","og_description":"Confira os gabaritos preliminares do concurso da Prefeitura de Castanheira. Recursos podem ser enviados at\u00e9 10 de abril. Saiba mais!","og_url":"https:\/\/www.estrategiaconcursos.com.br\/blog\/concurso-prefeitura-castanheira\/","og_site_name":"Estrat\u00e9gia Concursos","article_author":"https:\/\/www.facebook.com\/EstrategiaConcursos","article_published_time":"2024-04-09T14:59:00+00:00","article_modified_time":"2024-04-09T21:28:13+00:00","og_image":[{"width":768,"height":432,"url":"https:\/\/dhg1h5j42swfq.cloudfront.net\/2024\/04\/09153656\/prefeitura-de-castanheira-mt.jpg","type":"image\/jpeg"}],"author":"Coordena\u00e7\u00e3o","twitter_card":"summary_large_image","twitter_creator":"@EstratConcursos","twitter_site":"@EstratConcursos","twitter_misc":{"Escrito por":"Coordena\u00e7\u00e3o","Est. tempo de leitura":"4 minutos"},"schema":{"@context":"https:\/\/schema.org","@graph":[{"@type":"NewsArticle","@id":"https:\/\/www.estrategiaconcursos.com.br\/blog\/concurso-prefeitura-castanheira\/#article","isPartOf":{"@id":"https:\/\/www.estrategiaconcursos.com.br\/blog\/concurso-prefeitura-castanheira\/"},"author":{"name":"Coordena\u00e7\u00e3o","@id":"https:\/\/www.estrategiaconcursos.com.br\/blog\/#\/schema\/person\/b4a388c97673c5f483d72185668afa1f"},"headline":"Concurso Castanheira MT: provas aplicadas; veja os gabaritos","datePublished":"2024-04-09T14:59:00+00:00","dateModified":"2024-04-09T21:28:13+00:00","mainEntityOfPage":{"@id":"https:\/\/www.estrategiaconcursos.com.br\/blog\/concurso-prefeitura-castanheira\/"},"wordCount":847,"commentCount":0,"publisher":{"@id":"https:\/\/www.estrategiaconcursos.com.br\/blog\/#organization"},"image":{"@id":"https:\/\/www.estrategiaconcursos.com.br\/blog\/concurso-prefeitura-castanheira\/#primaryimage"},"thumbnailUrl":"https:\/\/dhg1h5j42swfq.cloudfront.net\/2024\/04\/09153656\/prefeitura-de-castanheira-mt.jpg","articleSection":["Executivo (Administrativa)"],"inLanguage":"pt-BR","potentialAction":[{"@type":"CommentAction","name":"Comment","target":["https:\/\/www.estrategiaconcursos.com.br\/blog\/concurso-prefeitura-castanheira\/#respond"]}],"copyrightYear":"2024","copyrightHolder":{"@id":"https:\/\/www.estrategiaconcursos.com.br\/blog\/#organization"}},{"@type":"WebPage","@id":"https:\/\/www.estrategiaconcursos.com.br\/blog\/concurso-prefeitura-castanheira\/","url":"https:\/\/www.estrategiaconcursos.com.br\/blog\/concurso-prefeitura-castanheira\/","name":"Concurso Castanheira MT: provas aplicadas; veja os gabaritos","isPartOf":{"@id":"https:\/\/www.estrategiaconcursos.com.br\/blog\/#website"},"primaryImageOfPage":{"@id":"https:\/\/www.estrategiaconcursos.com.br\/blog\/concurso-prefeitura-castanheira\/#primaryimage"},"image":{"@id":"https:\/\/www.estrategiaconcursos.com.br\/blog\/concurso-prefeitura-castanheira\/#primaryimage"},"thumbnailUrl":"https:\/\/dhg1h5j42swfq.cloudfront.net\/2024\/04\/09153656\/prefeitura-de-castanheira-mt.jpg","datePublished":"2024-04-09T14:59:00+00:00","dateModified":"2024-04-09T21:28:13+00:00","description":"Confira os gabaritos preliminares do concurso da Prefeitura de Castanheira. Recursos podem ser enviados at\u00e9 10 de abril. Saiba mais!","breadcrumb":{"@id":"https:\/\/www.estrategiaconcursos.com.br\/blog\/concurso-prefeitura-castanheira\/#breadcrumb"},"inLanguage":"pt-BR","potentialAction":[{"@type":"ReadAction","target":["https:\/\/www.estrategiaconcursos.com.br\/blog\/concurso-prefeitura-castanheira\/"]}]},{"@type":"ImageObject","inLanguage":"pt-BR","@id":"https:\/\/www.estrategiaconcursos.com.br\/blog\/concurso-prefeitura-castanheira\/#primaryimage","url":"https:\/\/dhg1h5j42swfq.cloudfront.net\/2024\/04\/09153656\/prefeitura-de-castanheira-mt.jpg","contentUrl":"https:\/\/dhg1h5j42swfq.cloudfront.net\/2024\/04\/09153656\/prefeitura-de-castanheira-mt.jpg","width":768,"height":432},{"@type":"BreadcrumbList","@id":"https:\/\/www.estrategiaconcursos.com.br\/blog\/concurso-prefeitura-castanheira\/#breadcrumb","itemListElement":[{"@type":"ListItem","position":1,"name":"In\u00edcio","item":"https:\/\/www.estrategiaconcursos.com.br\/blog\/"},{"@type":"ListItem","position":2,"name":"Concurso Castanheira MT: provas aplicadas; veja os gabaritos"}]},{"@type":"WebSite","@id":"https:\/\/www.estrategiaconcursos.com.br\/blog\/#website","url":"https:\/\/www.estrategiaconcursos.com.br\/blog\/","name":"Estrat\u00e9gia Concursos","description":"O blog da Estrat\u00e9gia Concursos traz not\u00edcias sobre concursos e artigos de professores oferecendo cursos para concursos (pdf + videaulas) no site.","publisher":{"@id":"https:\/\/www.estrategiaconcursos.com.br\/blog\/#organization"},"potentialAction":[{"@type":"SearchAction","target":{"@type":"EntryPoint","urlTemplate":"https:\/\/www.estrategiaconcursos.com.br\/blog\/?s={search_term_string}"},"query-input":{"@type":"PropertyValueSpecification","valueRequired":true,"valueName":"search_term_string"}}],"inLanguage":"pt-BR"},{"@type":"Organization","@id":"https:\/\/www.estrategiaconcursos.com.br\/blog\/#organization","name":"Estrat\u00e9gia Concursos","url":"https:\/\/www.estrategiaconcursos.com.br\/blog\/","logo":{"@type":"ImageObject","inLanguage":"pt-BR","@id":"https:\/\/www.estrategiaconcursos.com.br\/blog\/#\/schema\/logo\/image\/","url":"https:\/\/dhg1h5j42swfq.cloudfront.net\/2025\/06\/03203428\/logo_concursos-1.jpg","contentUrl":"https:\/\/dhg1h5j42swfq.cloudfront.net\/2025\/06\/03203428\/logo_concursos-1.jpg","width":230,"height":60,"caption":"Estrat\u00e9gia Concursos"},"image":{"@id":"https:\/\/www.estrategiaconcursos.com.br\/blog\/#\/schema\/logo\/image\/"},"sameAs":["https:\/\/x.com\/EstratConcursos"]},{"@type":"Person","@id":"https:\/\/www.estrategiaconcursos.com.br\/blog\/#\/schema\/person\/b4a388c97673c5f483d72185668afa1f","name":"Coordena\u00e7\u00e3o","image":{"@type":"ImageObject","inLanguage":"pt-BR","@id":"https:\/\/secure.gravatar.com\/avatar\/b720319e4c9a967eb58678d110f4fe35452fc5d5f97b202bac7b8acceb18c6ad?s=96&d=mm&r=g","url":"https:\/\/secure.gravatar.com\/avatar\/b720319e4c9a967eb58678d110f4fe35452fc5d5f97b202bac7b8acceb18c6ad?s=96&d=mm&r=g","contentUrl":"https:\/\/secure.gravatar.com\/avatar\/b720319e4c9a967eb58678d110f4fe35452fc5d5f97b202bac7b8acceb18c6ad?s=96&d=mm&r=g","caption":"Coordena\u00e7\u00e3o"},"sameAs":["https:\/\/www.facebook.com\/EstrategiaConcursos","https:\/\/x.com\/EstratConcursos"],"url":"https:\/\/www.estrategiaconcursos.com.br\/blog\/author\/estrategia2013\/"}]}},"_links":{"self":[{"href":"https:\/\/www.estrategiaconcursos.com.br\/blog\/wp-json\/wp\/v2\/posts\/1352855","targetHints":{"allow":["GET"]}}],"collection":[{"href":"https:\/\/www.estrategiaconcursos.com.br\/blog\/wp-json\/wp\/v2\/posts"}],"about":[{"href":"https:\/\/www.estrategiaconcursos.com.br\/blog\/wp-json\/wp\/v2\/types\/post"}],"author":[{"embeddable":true,"href":"https:\/\/www.estrategiaconcursos.com.br\/blog\/wp-json\/wp\/v2\/users\/1"}],"replies":[{"embeddable":true,"href":"https:\/\/www.estrategiaconcursos.com.br\/blog\/wp-json\/wp\/v2\/comments?post=1352855"}],"version-history":[{"count":10,"href":"https:\/\/www.estrategiaconcursos.com.br\/blog\/wp-json\/wp\/v2\/posts\/1352855\/revisions"}],"predecessor-version":[{"id":1381568,"href":"https:\/\/www.estrategiaconcursos.com.br\/blog\/wp-json\/wp\/v2\/posts\/1352855\/revisions\/1381568"}],"wp:featuredmedia":[{"embeddable":true,"href":"https:\/\/www.estrategiaconcursos.com.br\/blog\/wp-json\/wp\/v2\/media\/1381447"}],"wp:attachment":[{"href":"https:\/\/www.estrategiaconcursos.com.br\/blog\/wp-json\/wp\/v2\/media?parent=1352855"}],"wp:term":[{"taxonomy":"category","embeddable":true,"href":"https:\/\/www.estrategiaconcursos.com.br\/blog\/wp-json\/wp\/v2\/categories?post=1352855"},{"taxonomy":"post_tag","embeddable":true,"href":"https:\/\/www.estrategiaconcursos.com.br\/blog\/wp-json\/wp\/v2\/tags?post=1352855"},{"taxonomy":"tax_estado","embeddable":true,"href":"https:\/\/www.estrategiaconcursos.com.br\/blog\/wp-json\/wp\/v2\/tax_estado?post=1352855"}],"curies":[{"name":"wp","href":"https:\/\/api.w.org\/{rel}","templated":true}]}}