{"id":1352650,"date":"2024-03-18T08:00:00","date_gmt":"2024-03-18T11:00:00","guid":{"rendered":"https:\/\/www.estrategiaconcursos.com.br\/blog\/?p=1352650"},"modified":"2024-03-19T23:02:16","modified_gmt":"2024-03-20T02:02:16","slug":"administracao-geral-cnu-2","status":"publish","type":"post","link":"https:\/\/www.estrategiaconcursos.com.br\/blog\/administracao-geral-cnu-2\/","title":{"rendered":"Adminsitra\u00e7\u00e3o Geral para o CNU"},"content":{"rendered":"\n<p>Ol\u00e1, estudantes! Nesse artigo abordaremos alguns dos principais t\u00f3picos de Administra\u00e7\u00e3o Geral para o <a href=\"https:\/\/www.gov.br\/gestao\/pt-br\/concursonacional\/editais\" target=\"_blank\" rel=\"noreferrer noopener\">CNU<\/a>:<\/p>\n\n\n\n<ul class=\"wp-block-list\">\n<li>Miss\u00e3o, vis\u00e3o e valores;<\/li>\n\n\n\n<li>Planejamento estrat\u00e9gico, t\u00e1tico e operacional;<\/li>\n\n\n\n<li>Efici\u00eancia, efic\u00e1cia e efetividade.<\/li>\n<\/ul>\n\n\n\n<h2 class=\"wp-block-heading\" id=\"h-administracao-para-o-cnu-missao-visao-e-valores\">Administra\u00e7\u00e3o para o CNU &#8211; Miss\u00e3o, Vis\u00e3o e Valores<\/h2>\n\n\n\n<p>Trinca cl\u00e1ssica de Administra\u00e7\u00e3o Geral e que, geralmente, \u00e9 abordada nas primeiras aulas dos cursos.<\/p>\n\n\n\n<p>Toda organiza\u00e7\u00e3o, seja uma empresa privada, uma institui\u00e7\u00e3o sem fins lucrativos ou um \u00f3rg\u00e3o p\u00fablico, possui uma <strong>identidade \u00fanica<\/strong> que a define perante o mundo. <strong>Essa identidade \u00e9 moldada por tr\u00eas elementos essenciais: a miss\u00e3o, a vis\u00e3o e os valores<\/strong>.<\/p>\n\n\n\n<h3 class=\"wp-block-heading\" id=\"h-missao\">Miss\u00e3o<\/h3>\n\n\n\n<p>A defini\u00e7\u00e3o b\u00e1sica de miss\u00e3o \u00e9 <strong>apresentar ao p\u00fablico a raz\u00e3o de exist\u00eancia da institui\u00e7\u00e3o<\/strong>: para que ela existe? Qual sua contribui\u00e7\u00e3o para a comunidade? Respondendo a essas perguntas podemos entender a miss\u00e3o de uma empresa ou \u00f3rg\u00e3o.<\/p>\n\n\n\n<p>Vejamos alguns exemplos de miss\u00f5es de entidades que adeririam ao CNU:<\/p>\n\n\n\n<ul class=\"wp-block-list\">\n<li>IBGE: <em>\u201cRetratar o Brasil com informa\u00e7\u00f5es necess\u00e1rias ao conhecimento de sua realidade e ao exerc\u00edcio da cidadania.&#8221;<\/em><\/li>\n\n\n\n<li>INCRA: <em>\u201cImplementar a pol\u00edtica de reforma agr\u00e1ria e realizar o ordenamento fundi\u00e1rio nacional, contribuindo para o desenvolvimento rural sustent\u00e1vel.\u201d<\/em><\/li>\n\n\n\n<li>ANEEL: <em>\u201cProporcionar condi\u00e7\u00f5es favor\u00e1veis para que o mercado de energia el\u00e9trica se desenvolva com equil\u00edbrio entre os agentes e em benef\u00edcio da sociedade.\u201d<\/em><\/li>\n<\/ul>\n\n\n\n<p><strong>A miss\u00e3o tem um car\u00e1ter <u>permanente<\/u><\/strong>, dificilmente se altera com o tempo.<\/p>\n\n\n\n<figure class=\"wp-block-image aligncenter size-full\"><img loading=\"lazy\" decoding=\"async\" width=\"780\" height=\"391\" src=\"https:\/\/dhg1h5j42swfq.cloudfront.net\/2024\/02\/15212513\/missao.png\" alt=\"Administra\u00e7\u00e3o Geral para CNU: miss\u00e3o\" class=\"wp-image-1352652\" srcset=\"https:\/\/dhg1h5j42swfq.cloudfront.net\/2024\/02\/15212513\/missao.png 780w, https:\/\/dhg1h5j42swfq.cloudfront.net\/2024\/02\/15212513\/missao-300x150.png 300w, https:\/\/dhg1h5j42swfq.cloudfront.net\/2024\/02\/15212513\/missao-768x385.png 768w, https:\/\/dhg1h5j42swfq.cloudfront.net\/2024\/02\/15212513\/missao-610x306.png 610w, https:\/\/dhg1h5j42swfq.cloudfront.net\/2024\/02\/15212513\/missao-150x75.png 150w\" sizes=\"auto, (max-width: 780px) 100vw, 780px\" \/><\/figure>\n\n\n\n<h3 class=\"wp-block-heading\" id=\"h-administracao-para-o-cnu-visao\">Administra\u00e7\u00e3o para o CNU &#8211; Vis\u00e3o<\/h3>\n\n\n\n<p>Quando tratamos de vis\u00e3o, buscamos formar uma imagem do <strong>futuro que a organiza\u00e7\u00e3o almeja alcan\u00e7ar<\/strong>. \u00c9 uma representa\u00e7\u00e3o inspiradora e motivadora do que aspira se tornar. Serve como um farol, guiando o caminho mesmo em tempos de incerteza. <strong>\u00c9 fundamental para manter a organiza\u00e7\u00e3o focada e alinhada em seus objetivos de longo prazo<\/strong>.<\/p>\n\n\n\n<p>Para entendermos a vis\u00e3o, a pergunta a ser respondida \u00e9: o que a empresa quer se tornar? Qual seu objetivo final?<\/p>\n\n\n\n<p>Importante notar que a vis\u00e3o deve ser conceitual. Por exemplo, uma construtora informar: <em>\u201cdesejamos lan\u00e7ar 100 empreendimentos residenciais em 5 anos\u201d <\/em>n\u00e3o pode ser considerado como sendo comunicada a vis\u00e3o da empresa. Trata-se um objetivo estrat\u00e9gico, vinculado \u00e0 vis\u00e3o, mas n\u00e3o sua defini\u00e7\u00e3o.<\/p>\n\n\n\n<p>Nesse contexto, vejamos a vis\u00e3o informada no site de uma grande construtra: <em>\u201cSer a empresa do mercado de empreendimentos econ\u00f4micos do pa\u00eds que entrega o melhor retorno aos seus acionistas&#8221;. <\/em>Percebe-se que n\u00e3o se trata de um objetivo operacional, mas sim de uma idealiza\u00e7\u00e3o gen\u00e9rica do futuro almejado.<\/p>\n\n\n\n<figure class=\"wp-block-image aligncenter size-full\"><img loading=\"lazy\" decoding=\"async\" width=\"867\" height=\"434\" src=\"https:\/\/dhg1h5j42swfq.cloudfront.net\/2024\/02\/15212555\/visao.png\" alt=\"defini\u00e7\u00e3o de vis\u00e3o: futuro desejado, farol para o longo prazo e conceitual\" class=\"wp-image-1352654\" srcset=\"https:\/\/dhg1h5j42swfq.cloudfront.net\/2024\/02\/15212555\/visao.png 867w, https:\/\/dhg1h5j42swfq.cloudfront.net\/2024\/02\/15212555\/visao-300x150.png 300w, https:\/\/dhg1h5j42swfq.cloudfront.net\/2024\/02\/15212555\/visao-768x384.png 768w, https:\/\/dhg1h5j42swfq.cloudfront.net\/2024\/02\/15212555\/visao-610x305.png 610w, https:\/\/dhg1h5j42swfq.cloudfront.net\/2024\/02\/15212555\/visao-150x75.png 150w\" sizes=\"auto, (max-width: 867px) 100vw, 867px\" \/><\/figure>\n\n\n\n<h3 class=\"wp-block-heading\" id=\"h-valores\">Valores<\/h3>\n\n\n\n<p>Valores s\u00e3o <strong>cren\u00e7as essenciais <\/strong>compartilhadas por todos os membros da organiza\u00e7\u00e3o. Orientam sua cultura e pr\u00e1ticas di\u00e1rias e est\u00e3o vinculados ao car\u00e1ter e \u00e0 \u00e9tica organizacional.<\/p>\n\n\n\n<p>Assim como n\u00f3s, em nossa vida pessoal, seguimos certos princ\u00edpios para tomada de decis\u00e3o, os valores das empresas a conduzem da mesma forma.<\/p>\n\n\n\n<p>Uma organiza\u00e7\u00e3o que tem como valor o cuidado com o meio-ambiente, n\u00e3o pode aceitar ter como fornecedora uma empresa que pratica desmatamento ilegal, por mais que aja vantagem financeira, seus valores n\u00e3o est\u00e3o alinhados aos dessa fornecedora.<\/p>\n\n\n\n<p>Para prova de administra\u00e7\u00e3o do CNU, <strong>\u00e9 importante saber a miss\u00e3o, vis\u00e3o e valores do \u00f3rg\u00e3o que pretende ingressar<\/strong>, pode ser cobrado na literalidade ou at\u00e9 auxiliar em outras quest\u00f5es do certame.<\/p>\n\n\n\n<h2 class=\"wp-block-heading\" id=\"h-planejamento-estrategico-tatico-e-operacional\">Planejamento Estrat\u00e9gico, T\u00e1tico e Operacional<\/h2>\n\n\n\n<p>Seguindo nos assuntos de Administra\u00e7\u00e3o Geral para CNU, vamos conversar sobre os tr\u00eas tipos de planejamento.<\/p>\n\n\n\n<figure class=\"wp-block-image aligncenter size-full\"><img loading=\"lazy\" decoding=\"async\" width=\"1009\" height=\"798\" src=\"https:\/\/dhg1h5j42swfq.cloudfront.net\/2024\/02\/15212635\/tipos-de-planejamento.png\" alt=\"gr\u00e1fico planejamento estrat\u00e9gio, t\u00e1tico e operacional\" class=\"wp-image-1352655\" srcset=\"https:\/\/dhg1h5j42swfq.cloudfront.net\/2024\/02\/15212635\/tipos-de-planejamento.png 1009w, https:\/\/dhg1h5j42swfq.cloudfront.net\/2024\/02\/15212635\/tipos-de-planejamento-300x237.png 300w, https:\/\/dhg1h5j42swfq.cloudfront.net\/2024\/02\/15212635\/tipos-de-planejamento-768x607.png 768w, https:\/\/dhg1h5j42swfq.cloudfront.net\/2024\/02\/15212635\/tipos-de-planejamento-610x482.png 610w, https:\/\/dhg1h5j42swfq.cloudfront.net\/2024\/02\/15212635\/tipos-de-planejamento-150x119.png 150w\" sizes=\"auto, (max-width: 1009px) 100vw, 1009px\" \/><\/figure>\n\n\n\n<h3 class=\"wp-block-heading\" id=\"h-planejamento-estrategico\">Planejamento Estrat\u00e9gico<\/h3>\n\n\n\n<p>\u00c9 <strong>gen\u00e9rico<\/strong> e considera o <strong>ambiente externo e o ambiente interno<\/strong>\u00b8 tem foco no <strong>longo prazo<\/strong> (acima de 3 anos, mas, para fim de prova, normalmente considera-se 5 anos ou mais) e define as <strong>diretrizes gerais<\/strong> a serem seguidas pela companhia.<\/p>\n\n\n\n<p>A partir do planejamento estrat\u00e9gico s\u00e3o formuladas a <strong>miss\u00e3o, vis\u00e3o e valores<\/strong>. O planejamento organizacional \u00e9 definido pela c\u00fapula da companhia, mas deve ser aberto e de conhecimento de todos os colaboradores.<\/p>\n\n\n\n<p><strong>Aten\u00e7\u00e3o<\/strong>: <em>o horizonte temporal do planejamento n\u00e3o \u00e9 consensual. Para ser considerado planejamento estrat\u00e9gico, a quest\u00e3o deve mencionar um <strong>prazo igual ou superior a 3 anos<\/strong> e citar que \u00e9 <strong>elaborado pela diretoria, alta administra\u00e7\u00e3o ou algum outro sin\u00f4nimo<\/strong>.<\/em><\/p>\n\n\n\n<p>Com essas duas informa\u00e7\u00f5es em conjunto, podemos ter maior certeza de que a quest\u00e3o trata do planejamento estrat\u00e9gico.<\/p>\n\n\n\n<h3 class=\"wp-block-heading\" id=\"h-planejamento-tatico\">Planejamento T\u00e1tico<\/h3>\n\n\n\n<p>Na figura acima, vemos que o planejamento t\u00e1tico <strong>n\u00e3o \u00e9 diretamente influenciado pelo ambiente externo<\/strong>.<\/p>\n\n\n\n<p>Trata-se do <strong>n\u00edvel intermedi\u00e1rio<\/strong> de planejamento, que se concentra em transformar objetivos estrat\u00e9gicos em a\u00e7\u00f5es espec\u00edficas e orientadas para as \u00e1reas operacionais da organiza\u00e7\u00e3o, por meio de <strong>planos para departamentos e unidades de neg\u00f3cio<\/strong>. \u00c9 de <strong>m\u00e9dio-prazo<\/strong>.<\/p>\n\n\n\n<p>\u00c9 valioso saber que o <strong>planejamento t\u00e1tico n\u00e3o define as a\u00e7\u00f5es diretamente voltadas para quem executa o servi\u00e7o<\/strong>, mas, sim, <strong>faz planos para os departamentos<\/strong> que, em seguida, durante o planejamento operacional (veremos no pr\u00f3ximo t\u00f3pico), s\u00e3o desmembrados para o \u201cch\u00e3o de f\u00e1brica\u201d.<\/p>\n\n\n\n<p>Observa\u00e7\u00e3o: a CESPE considera planejamento organizacional sin\u00f4nimo de planejamento t\u00e1tico. A CESGRANRIO (organizadora da prova de administra\u00e7\u00e3o para o CNU) regularmente usa a nomenclatura original: &#8220;planejamento t\u00e1tico&#8221;.<\/p>\n\n\n\n<h3 class=\"wp-block-heading\" id=\"h-planejamento-operacional\">Planejamento Operacional<\/h3>\n\n\n\n<p>O planejamento operacional \u00e9 o n\u00edvel <strong>mais detalhado<\/strong>, focado na <strong>execu\u00e7\u00e3o das tarefas<\/strong> e no <strong>curto prazo<\/strong>. Dentre as atividades inseridas no planejamento operacional est\u00e3o o controle de estoque, supervis\u00e3o da qualidade, programa\u00e7\u00e3o de manuten\u00e7\u00f5es, planos de produ\u00e7\u00e3o, entre outros.<\/p>\n\n\n\n<p>Consolidando os conceitos, o <strong>planejamento estrat\u00e9gico<\/strong> estabelece a <strong>dire\u00e7\u00e3o a ser seguida<\/strong>, o <strong>planejamento t\u00e1tico<\/strong> traduz essa dire\u00e7\u00e3o <strong>em planos e a\u00e7\u00f5es espec\u00edficas para os departamentos<\/strong>, enquanto o <strong>planejamento operacional<\/strong> se concentra <strong>na implementa\u00e7\u00e3o detalhada desses planos no dia a dia das opera\u00e7\u00f5es<\/strong>. Todos os tr\u00eas n\u00edveis de planejamento s\u00e3o interdependentes e essenciais para o sucesso a longo prazo de uma organiza\u00e7\u00e3o.<\/p>\n\n\n\n<p><strong>Aten\u00e7\u00e3o<\/strong>: <em>na prova de administra\u00e7\u00e3o do CNU, a banca pode buscar misturar as responsabilidades do planejamento operacional e t\u00e1tico. <strong>Controle de ponto, controle de estoque e programa\u00e7\u00e3o de produ\u00e7\u00e3o s\u00e3o atividades do planejamento operacional!<\/strong><\/em><\/p>\n\n\n\n<h2 class=\"wp-block-heading\" id=\"h-administracao-para-o-cnu-eficiencia-eficacia-e-efetividade\">Administra\u00e7\u00e3o para o CNU &#8211; Efici\u00eancia, Efic\u00e1cia e Efetividade<\/h2>\n\n\n\n<p>Efici\u00eancia, efic\u00e1cia e efetividade s\u00e3o m\u00e9tricas para <strong>an\u00e1lise dos recursos empregados e objetivos alcan\u00e7ados a partir de determinada a\u00e7\u00e3o<\/strong>. Normalmente, essa avalia\u00e7\u00e3o \u00e9 realizada ap\u00f3s a conclus\u00e3o da atividade.<\/p>\n\n\n\n<p>Para entendermos os tr\u00eas conceitos, \u00e9 importante conhecermos dois fundamentos: <strong>recursos e resultados<\/strong>. Recursos s\u00e3o os elementos necess\u00e1rios \u00e0 realiza\u00e7\u00e3o de determinada tarefa, por exemplo: quantidade de mat\u00e9ria-prima, horas de trabalho, ferramentas e capital. Resultados s\u00e3o os objetivos alcan\u00e7ados a partir da aplica\u00e7\u00e3o dos recursos.<\/p>\n\n\n\n<h3 class=\"wp-block-heading\" id=\"h-eficiencia\">Efici\u00eancia<\/h3>\n\n\n\n<p><strong>A efici\u00eancia \u00e9 a medida que foca nos recursos que foram necess\u00e1rios para se atingir o objetivo. <\/strong>Uma empresa eficiente \u00e9 a que consegue administrar a realiza\u00e7\u00e3o das atividades com custos e esfor\u00e7os reduzidos, sem comprometer a qualidade.<\/p>\n\n\n\n<p>Como exemplo, se o objetivo de um \u00f3rg\u00e3o p\u00fablico fosse diminuir os casos de dengue e os gestores decidissem pagar \u00e0 popula\u00e7\u00e3o R$ 5 por mosquito morto, poderiam atingir o objetivo de diminuir os casos, mas haveria grande disp\u00eandio de recursos, prejudicando a efici\u00eancia da opera\u00e7\u00e3o.<\/p>\n\n\n\n<p>Nas quest\u00f5es de prova sobre efici\u00eancia cobra-se frequentemente a <strong>rela\u00e7\u00e3o entre custo e produ\u00e7\u00e3o<\/strong>. Quando menor essa propor\u00e7\u00e3o, maior a efici\u00eancia.<\/p>\n\n\n\n<h3 class=\"wp-block-heading\" id=\"h-eficacia\">Efic\u00e1cia<\/h3>\n\n\n\n<p><strong>Efic\u00e1cia est\u00e1 relacionada ao alcance dos fins<\/strong>. Parafraseando Maquiavel em \u201cos fins justificam os meios\u201d, no conceito de efic\u00e1cia, <strong>o cumprimento dos objetivos \u00e9 que deve ser avaliado<\/strong>, desprezando-se a discuss\u00e3o sobre os recursos utilizados.<\/p>\n\n\n\n<p>Seguindo a mesma situa\u00e7\u00e3o mencionada acima, a a\u00e7\u00e3o contra dengue teria sido eficaz, pois atingiu o objetivo de diminuir os casos da doen\u00e7a (mesmo que a custos elevad\u00edssimos).<\/p>\n\n\n\n<p>Quando a chamada da quest\u00e3o trata sobre <strong>cumprimento de metas de produ\u00e7\u00e3o e alcance de objetivos<\/strong>, \u00e9 um ind\u00edcio que esteja se referindo \u00e0 efic\u00e1cia.<\/p>\n\n\n\n<h3 class=\"wp-block-heading\" id=\"h-administracao-para-o-cnu-efetividade\">Administra\u00e7\u00e3o para o CNU &#8211; Efetividade<\/h3>\n\n\n\n<p>A efetividade \u00e9 a <strong>avalia\u00e7\u00e3o de m\u00e9dio e longo prazo <\/strong>dos resultados da a\u00e7\u00e3o, considerando a capacidade de <strong>produ\u00e7\u00e3o resultados duradouros e sustent\u00e1vei<\/strong>s.<\/p>\n\n\n\n<p>No caso em tela, a efetividade se daria pela melhora da qualidade de vida daquela popula\u00e7\u00e3o, aumento da expectativa de vida, diminui\u00e7\u00e3o da superlota\u00e7\u00e3o dos hospitais durante o ver\u00e3o, entre outros benef\u00edcios de longo prazo.<\/p>\n\n\n\n<figure class=\"wp-block-image aligncenter size-full\"><img loading=\"lazy\" decoding=\"async\" width=\"860\" height=\"468\" src=\"https:\/\/dhg1h5j42swfq.cloudfront.net\/2024\/02\/15212734\/eficiencia-eficacia-e-efetividade.png\" alt=\"Administra\u00e7\u00e3o Geral para CNU: efici\u00eancia, efic\u00e1cia e efetividade\" class=\"wp-image-1352656\" srcset=\"https:\/\/dhg1h5j42swfq.cloudfront.net\/2024\/02\/15212734\/eficiencia-eficacia-e-efetividade.png 860w, https:\/\/dhg1h5j42swfq.cloudfront.net\/2024\/02\/15212734\/eficiencia-eficacia-e-efetividade-300x163.png 300w, https:\/\/dhg1h5j42swfq.cloudfront.net\/2024\/02\/15212734\/eficiencia-eficacia-e-efetividade-768x418.png 768w, https:\/\/dhg1h5j42swfq.cloudfront.net\/2024\/02\/15212734\/eficiencia-eficacia-e-efetividade-610x332.png 610w, https:\/\/dhg1h5j42swfq.cloudfront.net\/2024\/02\/15212734\/eficiencia-eficacia-e-efetividade-150x82.png 150w\" sizes=\"auto, (max-width: 860px) 100vw, 860px\" \/><\/figure>\n\n\n\n<p>Nota-se que uma boa avalia\u00e7\u00e3o em efici\u00eancia n\u00e3o garante uma boa efic\u00e1cia e vice-versa, por\u00e9m, uma a\u00e7\u00e3o efetiva tende a ter sido eficiente e eficaz.<\/p>\n\n\n\n<p>Encerramos aqui o estudo desses important\u00edssimos t\u00f3picos de Administra\u00e7\u00e3o para o CNU. At\u00e9 a pr\u00f3xima!<\/p>\n\n\n\n<p>Sauda\u00e7\u00f5es e aprova\u00e7\u00f5es,<\/p>\n\n\n\n<p>Julio de Moraes<\/p>\n\n\n\n<p><\/p>\n\n\n\n<h2 class=\"wp-block-heading has-text-align-center\" id=\"cursos-assinatura\">Cursos e Assinaturas<\/h2>\n\n\n\n<p>Prepare-se com o melhor material e com quem mais aprova em concursos p\u00fablicos em todo o pa\u00eds!<\/p>\n\n\n\n<p class=\"has-text-align-center has-white-color has-vivid-cyan-blue-background-color has-text-color has-background has-link-color wp-elements-46407eaeae44607aa0d5491201be1f7e\"><strong><a href=\"https:\/\/www.estrategiaconcursos.com.br\/blog\/concursos-abertos\/\" target=\"_blank\" rel=\"noreferrer noopener\">Concursos Abertos<\/a><\/strong><\/p>\n\n\n\n<p class=\"has-text-align-center has-white-color has-vivid-cyan-blue-background-color has-text-color has-background has-link-color wp-elements-cf0f981e1e42f5b30502ef6979a72324\"><strong><a href=\"https:\/\/www.estrategiaconcursos.com.br\/blog\/concursos-2024\/\" target=\"_blank\" rel=\"noreferrer noopener\">Concursos 2024<\/a><\/strong><\/p>\n","protected":false},"excerpt":{"rendered":"<p>Ol\u00e1, estudantes! Nesse artigo abordaremos alguns dos principais t\u00f3picos de Administra\u00e7\u00e3o Geral para o CNU: Administra\u00e7\u00e3o para o CNU &#8211; Miss\u00e3o, Vis\u00e3o e Valores Trinca cl\u00e1ssica de Administra\u00e7\u00e3o Geral e que, geralmente, \u00e9 abordada nas primeiras aulas dos cursos. Toda organiza\u00e7\u00e3o, seja uma empresa privada, uma institui\u00e7\u00e3o sem fins lucrativos ou um \u00f3rg\u00e3o p\u00fablico, possui [&hellip;]<\/p>\n","protected":false},"author":2873,"featured_media":1270513,"comment_status":"open","ping_status":"closed","sticky":false,"template":"","format":"standard","meta":{"post_tipo":"article","footnotes":""},"categories":[1,214992],"tags":[220137,221568,221599,861],"tax_estado":[219963],"class_list":["post-1352650","post","type-post","status-publish","format-standard","has-post-thumbnail","hentry","category-cursos-e-concursos","category-concursos-administrativos","tag-administracao-geral","tag-cnu","tag-concurso-nacional-unificado","tag-dicas-de-estudo","tax_estado-concursos-federais"],"acf":[],"yoast_head":"<!-- This site is optimized with the Yoast SEO Premium plugin v27.2 (Yoast SEO v27.2) - https:\/\/yoast.com\/product\/yoast-seo-premium-wordpress\/ -->\n<title>Administra\u00e7\u00e3o para o CNU: conhe\u00e7a os principais temas cobrados<\/title>\n<meta name=\"description\" content=\"T\u00f3picos de Administra\u00e7\u00e3o Geral para CNU: miss\u00e3o, vis\u00e3o e valores, planejamento estrat\u00e9gico e efici\u00eancia, efic\u00e1cia e efetividade.\" \/>\n<meta name=\"robots\" content=\"index, follow, max-snippet:-1, max-image-preview:large, max-video-preview:-1\" \/>\n<link rel=\"canonical\" href=\"https:\/\/www.estrategiaconcursos.com.br\/blog\/administracao-geral-cnu-2\/\" \/>\n<meta property=\"og:locale\" content=\"pt_BR\" \/>\n<meta property=\"og:type\" content=\"article\" \/>\n<meta property=\"og:title\" content=\"Adminsitra\u00e7\u00e3o Geral para o CNU\" \/>\n<meta property=\"og:description\" content=\"T\u00f3picos de Administra\u00e7\u00e3o Geral para CNU: miss\u00e3o, vis\u00e3o e valores, planejamento estrat\u00e9gico e efici\u00eancia, efic\u00e1cia e efetividade.\" \/>\n<meta property=\"og:url\" content=\"https:\/\/www.estrategiaconcursos.com.br\/blog\/administracao-geral-cnu-2\/\" \/>\n<meta property=\"og:site_name\" content=\"Estrat\u00e9gia Concursos\" \/>\n<meta property=\"article:published_time\" content=\"2024-03-18T11:00:00+00:00\" \/>\n<meta property=\"article:modified_time\" content=\"2024-03-20T02:02:16+00:00\" \/>\n<meta property=\"og:image\" content=\"https:\/\/dhg1h5j42swfq.cloudfront.net\/2023\/08\/29075651\/concurso-nacional-unificado.jpg\" \/>\n\t<meta property=\"og:image:width\" content=\"768\" \/>\n\t<meta property=\"og:image:height\" content=\"432\" \/>\n\t<meta property=\"og:image:type\" content=\"image\/jpeg\" \/>\n<meta name=\"author\" content=\"Julio Cesar de Moraes\" \/>\n<meta name=\"twitter:card\" content=\"summary_large_image\" \/>\n<meta name=\"twitter:creator\" content=\"@EstratConcursos\" \/>\n<meta name=\"twitter:site\" content=\"@EstratConcursos\" \/>\n<meta name=\"twitter:label1\" content=\"Escrito por\" \/>\n\t<meta name=\"twitter:data1\" content=\"Julio Cesar de Moraes\" \/>\n\t<meta name=\"twitter:label2\" content=\"Est. tempo de leitura\" \/>\n\t<meta name=\"twitter:data2\" content=\"8 minutos\" \/>\n<script type=\"application\/ld+json\" class=\"yoast-schema-graph\">{\"@context\":\"https:\/\/schema.org\",\"@graph\":[{\"@type\":\"NewsArticle\",\"@id\":\"https:\/\/www.estrategiaconcursos.com.br\/blog\/administracao-geral-cnu-2\/#article\",\"isPartOf\":{\"@id\":\"https:\/\/www.estrategiaconcursos.com.br\/blog\/administracao-geral-cnu-2\/\"},\"author\":{\"name\":\"Julio Cesar de Moraes\",\"@id\":\"https:\/\/www.estrategiaconcursos.com.br\/blog\/#\/schema\/person\/68b5e5a52a4d86119579b7cdc0b15b35\"},\"headline\":\"Adminsitra\u00e7\u00e3o Geral para o CNU\",\"datePublished\":\"2024-03-18T11:00:00+00:00\",\"dateModified\":\"2024-03-20T02:02:16+00:00\",\"mainEntityOfPage\":{\"@id\":\"https:\/\/www.estrategiaconcursos.com.br\/blog\/administracao-geral-cnu-2\/\"},\"wordCount\":1534,\"commentCount\":0,\"publisher\":{\"@id\":\"https:\/\/www.estrategiaconcursos.com.br\/blog\/#organization\"},\"image\":{\"@id\":\"https:\/\/www.estrategiaconcursos.com.br\/blog\/administracao-geral-cnu-2\/#primaryimage\"},\"thumbnailUrl\":\"https:\/\/dhg1h5j42swfq.cloudfront.net\/2023\/08\/29075651\/concurso-nacional-unificado.jpg\",\"keywords\":[\"administra\u00e7\u00e3o geral\",\"cnu\",\"Concurso Nacional Unificado\",\"dicas de estudo\"],\"articleSection\":[\"Concursos P\u00fablicos\",\"Executivo (Administrativa)\"],\"inLanguage\":\"pt-BR\",\"potentialAction\":[{\"@type\":\"CommentAction\",\"name\":\"Comment\",\"target\":[\"https:\/\/www.estrategiaconcursos.com.br\/blog\/administracao-geral-cnu-2\/#respond\"]}],\"copyrightYear\":\"2024\",\"copyrightHolder\":{\"@id\":\"https:\/\/www.estrategiaconcursos.com.br\/blog\/#organization\"}},{\"@type\":\"WebPage\",\"@id\":\"https:\/\/www.estrategiaconcursos.com.br\/blog\/administracao-geral-cnu-2\/\",\"url\":\"https:\/\/www.estrategiaconcursos.com.br\/blog\/administracao-geral-cnu-2\/\",\"name\":\"Administra\u00e7\u00e3o para o CNU: conhe\u00e7a os principais temas cobrados\",\"isPartOf\":{\"@id\":\"https:\/\/www.estrategiaconcursos.com.br\/blog\/#website\"},\"primaryImageOfPage\":{\"@id\":\"https:\/\/www.estrategiaconcursos.com.br\/blog\/administracao-geral-cnu-2\/#primaryimage\"},\"image\":{\"@id\":\"https:\/\/www.estrategiaconcursos.com.br\/blog\/administracao-geral-cnu-2\/#primaryimage\"},\"thumbnailUrl\":\"https:\/\/dhg1h5j42swfq.cloudfront.net\/2023\/08\/29075651\/concurso-nacional-unificado.jpg\",\"datePublished\":\"2024-03-18T11:00:00+00:00\",\"dateModified\":\"2024-03-20T02:02:16+00:00\",\"description\":\"T\u00f3picos de Administra\u00e7\u00e3o Geral para CNU: miss\u00e3o, vis\u00e3o e valores, planejamento estrat\u00e9gico e efici\u00eancia, efic\u00e1cia e efetividade.\",\"breadcrumb\":{\"@id\":\"https:\/\/www.estrategiaconcursos.com.br\/blog\/administracao-geral-cnu-2\/#breadcrumb\"},\"inLanguage\":\"pt-BR\",\"potentialAction\":[{\"@type\":\"ReadAction\",\"target\":[\"https:\/\/www.estrategiaconcursos.com.br\/blog\/administracao-geral-cnu-2\/\"]}]},{\"@type\":\"ImageObject\",\"inLanguage\":\"pt-BR\",\"@id\":\"https:\/\/www.estrategiaconcursos.com.br\/blog\/administracao-geral-cnu-2\/#primaryimage\",\"url\":\"https:\/\/dhg1h5j42swfq.cloudfront.net\/2023\/08\/29075651\/concurso-nacional-unificado.jpg\",\"contentUrl\":\"https:\/\/dhg1h5j42swfq.cloudfront.net\/2023\/08\/29075651\/concurso-nacional-unificado.jpg\",\"width\":768,\"height\":432,\"caption\":\"CNU 2: saiu convoca\u00e7\u00e3o para Fase 6; cronograma atualizado\"},{\"@type\":\"BreadcrumbList\",\"@id\":\"https:\/\/www.estrategiaconcursos.com.br\/blog\/administracao-geral-cnu-2\/#breadcrumb\",\"itemListElement\":[{\"@type\":\"ListItem\",\"position\":1,\"name\":\"In\u00edcio\",\"item\":\"https:\/\/www.estrategiaconcursos.com.br\/blog\/\"},{\"@type\":\"ListItem\",\"position\":2,\"name\":\"Adminsitra\u00e7\u00e3o Geral para o CNU\"}]},{\"@type\":\"WebSite\",\"@id\":\"https:\/\/www.estrategiaconcursos.com.br\/blog\/#website\",\"url\":\"https:\/\/www.estrategiaconcursos.com.br\/blog\/\",\"name\":\"Estrat\u00e9gia Concursos\",\"description\":\"O blog da Estrat\u00e9gia Concursos traz not\u00edcias sobre concursos e artigos de professores oferecendo cursos para concursos (pdf + videaulas) no site.\",\"publisher\":{\"@id\":\"https:\/\/www.estrategiaconcursos.com.br\/blog\/#organization\"},\"potentialAction\":[{\"@type\":\"SearchAction\",\"target\":{\"@type\":\"EntryPoint\",\"urlTemplate\":\"https:\/\/www.estrategiaconcursos.com.br\/blog\/?s={search_term_string}\"},\"query-input\":{\"@type\":\"PropertyValueSpecification\",\"valueRequired\":true,\"valueName\":\"search_term_string\"}}],\"inLanguage\":\"pt-BR\"},{\"@type\":\"Organization\",\"@id\":\"https:\/\/www.estrategiaconcursos.com.br\/blog\/#organization\",\"name\":\"Estrat\u00e9gia Concursos\",\"url\":\"https:\/\/www.estrategiaconcursos.com.br\/blog\/\",\"logo\":{\"@type\":\"ImageObject\",\"inLanguage\":\"pt-BR\",\"@id\":\"https:\/\/www.estrategiaconcursos.com.br\/blog\/#\/schema\/logo\/image\/\",\"url\":\"https:\/\/dhg1h5j42swfq.cloudfront.net\/2025\/06\/03203428\/logo_concursos-1.jpg\",\"contentUrl\":\"https:\/\/dhg1h5j42swfq.cloudfront.net\/2025\/06\/03203428\/logo_concursos-1.jpg\",\"width\":230,\"height\":60,\"caption\":\"Estrat\u00e9gia Concursos\"},\"image\":{\"@id\":\"https:\/\/www.estrategiaconcursos.com.br\/blog\/#\/schema\/logo\/image\/\"},\"sameAs\":[\"https:\/\/x.com\/EstratConcursos\"]},{\"@type\":\"Person\",\"@id\":\"https:\/\/www.estrategiaconcursos.com.br\/blog\/#\/schema\/person\/68b5e5a52a4d86119579b7cdc0b15b35\",\"name\":\"Julio Cesar de Moraes\",\"image\":{\"@type\":\"ImageObject\",\"inLanguage\":\"pt-BR\",\"@id\":\"https:\/\/secure.gravatar.com\/avatar\/0ce7e3717156d3c89b49a6e35c8b31f948f0d460f1136a14cf66c3ff491cc665?s=96&d=mm&r=g\",\"url\":\"https:\/\/secure.gravatar.com\/avatar\/0ce7e3717156d3c89b49a6e35c8b31f948f0d460f1136a14cf66c3ff491cc665?s=96&d=mm&r=g\",\"contentUrl\":\"https:\/\/secure.gravatar.com\/avatar\/0ce7e3717156d3c89b49a6e35c8b31f948f0d460f1136a14cf66c3ff491cc665?s=96&d=mm&r=g\",\"caption\":\"Julio Cesar de Moraes\"},\"url\":\"https:\/\/www.estrategiaconcursos.com.br\/blog\/author\/juliojasserandgmail-com\/\"}]}<\/script>\n<!-- \/ Yoast SEO Premium plugin. -->","yoast_head_json":{"title":"Administra\u00e7\u00e3o para o CNU: conhe\u00e7a os principais temas cobrados","description":"T\u00f3picos de Administra\u00e7\u00e3o Geral para CNU: miss\u00e3o, vis\u00e3o e valores, planejamento estrat\u00e9gico e efici\u00eancia, efic\u00e1cia e efetividade.","robots":{"index":"index","follow":"follow","max-snippet":"max-snippet:-1","max-image-preview":"max-image-preview:large","max-video-preview":"max-video-preview:-1"},"canonical":"https:\/\/www.estrategiaconcursos.com.br\/blog\/administracao-geral-cnu-2\/","og_locale":"pt_BR","og_type":"article","og_title":"Adminsitra\u00e7\u00e3o Geral para o CNU","og_description":"T\u00f3picos de Administra\u00e7\u00e3o Geral para CNU: miss\u00e3o, vis\u00e3o e valores, planejamento estrat\u00e9gico e efici\u00eancia, efic\u00e1cia e efetividade.","og_url":"https:\/\/www.estrategiaconcursos.com.br\/blog\/administracao-geral-cnu-2\/","og_site_name":"Estrat\u00e9gia Concursos","article_published_time":"2024-03-18T11:00:00+00:00","article_modified_time":"2024-03-20T02:02:16+00:00","og_image":[{"width":768,"height":432,"url":"https:\/\/dhg1h5j42swfq.cloudfront.net\/2023\/08\/29075651\/concurso-nacional-unificado.jpg","type":"image\/jpeg"}],"author":"Julio Cesar de Moraes","twitter_card":"summary_large_image","twitter_creator":"@EstratConcursos","twitter_site":"@EstratConcursos","twitter_misc":{"Escrito por":"Julio Cesar de Moraes","Est. tempo de leitura":"8 minutos"},"schema":{"@context":"https:\/\/schema.org","@graph":[{"@type":"NewsArticle","@id":"https:\/\/www.estrategiaconcursos.com.br\/blog\/administracao-geral-cnu-2\/#article","isPartOf":{"@id":"https:\/\/www.estrategiaconcursos.com.br\/blog\/administracao-geral-cnu-2\/"},"author":{"name":"Julio Cesar de Moraes","@id":"https:\/\/www.estrategiaconcursos.com.br\/blog\/#\/schema\/person\/68b5e5a52a4d86119579b7cdc0b15b35"},"headline":"Adminsitra\u00e7\u00e3o Geral para o CNU","datePublished":"2024-03-18T11:00:00+00:00","dateModified":"2024-03-20T02:02:16+00:00","mainEntityOfPage":{"@id":"https:\/\/www.estrategiaconcursos.com.br\/blog\/administracao-geral-cnu-2\/"},"wordCount":1534,"commentCount":0,"publisher":{"@id":"https:\/\/www.estrategiaconcursos.com.br\/blog\/#organization"},"image":{"@id":"https:\/\/www.estrategiaconcursos.com.br\/blog\/administracao-geral-cnu-2\/#primaryimage"},"thumbnailUrl":"https:\/\/dhg1h5j42swfq.cloudfront.net\/2023\/08\/29075651\/concurso-nacional-unificado.jpg","keywords":["administra\u00e7\u00e3o geral","cnu","Concurso Nacional Unificado","dicas de estudo"],"articleSection":["Concursos P\u00fablicos","Executivo (Administrativa)"],"inLanguage":"pt-BR","potentialAction":[{"@type":"CommentAction","name":"Comment","target":["https:\/\/www.estrategiaconcursos.com.br\/blog\/administracao-geral-cnu-2\/#respond"]}],"copyrightYear":"2024","copyrightHolder":{"@id":"https:\/\/www.estrategiaconcursos.com.br\/blog\/#organization"}},{"@type":"WebPage","@id":"https:\/\/www.estrategiaconcursos.com.br\/blog\/administracao-geral-cnu-2\/","url":"https:\/\/www.estrategiaconcursos.com.br\/blog\/administracao-geral-cnu-2\/","name":"Administra\u00e7\u00e3o para o CNU: conhe\u00e7a os principais temas cobrados","isPartOf":{"@id":"https:\/\/www.estrategiaconcursos.com.br\/blog\/#website"},"primaryImageOfPage":{"@id":"https:\/\/www.estrategiaconcursos.com.br\/blog\/administracao-geral-cnu-2\/#primaryimage"},"image":{"@id":"https:\/\/www.estrategiaconcursos.com.br\/blog\/administracao-geral-cnu-2\/#primaryimage"},"thumbnailUrl":"https:\/\/dhg1h5j42swfq.cloudfront.net\/2023\/08\/29075651\/concurso-nacional-unificado.jpg","datePublished":"2024-03-18T11:00:00+00:00","dateModified":"2024-03-20T02:02:16+00:00","description":"T\u00f3picos de Administra\u00e7\u00e3o Geral para CNU: miss\u00e3o, vis\u00e3o e valores, planejamento estrat\u00e9gico e efici\u00eancia, efic\u00e1cia e efetividade.","breadcrumb":{"@id":"https:\/\/www.estrategiaconcursos.com.br\/blog\/administracao-geral-cnu-2\/#breadcrumb"},"inLanguage":"pt-BR","potentialAction":[{"@type":"ReadAction","target":["https:\/\/www.estrategiaconcursos.com.br\/blog\/administracao-geral-cnu-2\/"]}]},{"@type":"ImageObject","inLanguage":"pt-BR","@id":"https:\/\/www.estrategiaconcursos.com.br\/blog\/administracao-geral-cnu-2\/#primaryimage","url":"https:\/\/dhg1h5j42swfq.cloudfront.net\/2023\/08\/29075651\/concurso-nacional-unificado.jpg","contentUrl":"https:\/\/dhg1h5j42swfq.cloudfront.net\/2023\/08\/29075651\/concurso-nacional-unificado.jpg","width":768,"height":432,"caption":"CNU 2: saiu convoca\u00e7\u00e3o para Fase 6; cronograma atualizado"},{"@type":"BreadcrumbList","@id":"https:\/\/www.estrategiaconcursos.com.br\/blog\/administracao-geral-cnu-2\/#breadcrumb","itemListElement":[{"@type":"ListItem","position":1,"name":"In\u00edcio","item":"https:\/\/www.estrategiaconcursos.com.br\/blog\/"},{"@type":"ListItem","position":2,"name":"Adminsitra\u00e7\u00e3o Geral para o CNU"}]},{"@type":"WebSite","@id":"https:\/\/www.estrategiaconcursos.com.br\/blog\/#website","url":"https:\/\/www.estrategiaconcursos.com.br\/blog\/","name":"Estrat\u00e9gia Concursos","description":"O blog da Estrat\u00e9gia Concursos traz not\u00edcias sobre concursos e artigos de professores oferecendo cursos para concursos (pdf + videaulas) no site.","publisher":{"@id":"https:\/\/www.estrategiaconcursos.com.br\/blog\/#organization"},"potentialAction":[{"@type":"SearchAction","target":{"@type":"EntryPoint","urlTemplate":"https:\/\/www.estrategiaconcursos.com.br\/blog\/?s={search_term_string}"},"query-input":{"@type":"PropertyValueSpecification","valueRequired":true,"valueName":"search_term_string"}}],"inLanguage":"pt-BR"},{"@type":"Organization","@id":"https:\/\/www.estrategiaconcursos.com.br\/blog\/#organization","name":"Estrat\u00e9gia Concursos","url":"https:\/\/www.estrategiaconcursos.com.br\/blog\/","logo":{"@type":"ImageObject","inLanguage":"pt-BR","@id":"https:\/\/www.estrategiaconcursos.com.br\/blog\/#\/schema\/logo\/image\/","url":"https:\/\/dhg1h5j42swfq.cloudfront.net\/2025\/06\/03203428\/logo_concursos-1.jpg","contentUrl":"https:\/\/dhg1h5j42swfq.cloudfront.net\/2025\/06\/03203428\/logo_concursos-1.jpg","width":230,"height":60,"caption":"Estrat\u00e9gia Concursos"},"image":{"@id":"https:\/\/www.estrategiaconcursos.com.br\/blog\/#\/schema\/logo\/image\/"},"sameAs":["https:\/\/x.com\/EstratConcursos"]},{"@type":"Person","@id":"https:\/\/www.estrategiaconcursos.com.br\/blog\/#\/schema\/person\/68b5e5a52a4d86119579b7cdc0b15b35","name":"Julio Cesar de Moraes","image":{"@type":"ImageObject","inLanguage":"pt-BR","@id":"https:\/\/secure.gravatar.com\/avatar\/0ce7e3717156d3c89b49a6e35c8b31f948f0d460f1136a14cf66c3ff491cc665?s=96&d=mm&r=g","url":"https:\/\/secure.gravatar.com\/avatar\/0ce7e3717156d3c89b49a6e35c8b31f948f0d460f1136a14cf66c3ff491cc665?s=96&d=mm&r=g","contentUrl":"https:\/\/secure.gravatar.com\/avatar\/0ce7e3717156d3c89b49a6e35c8b31f948f0d460f1136a14cf66c3ff491cc665?s=96&d=mm&r=g","caption":"Julio Cesar de Moraes"},"url":"https:\/\/www.estrategiaconcursos.com.br\/blog\/author\/juliojasserandgmail-com\/"}]}},"_links":{"self":[{"href":"https:\/\/www.estrategiaconcursos.com.br\/blog\/wp-json\/wp\/v2\/posts\/1352650","targetHints":{"allow":["GET"]}}],"collection":[{"href":"https:\/\/www.estrategiaconcursos.com.br\/blog\/wp-json\/wp\/v2\/posts"}],"about":[{"href":"https:\/\/www.estrategiaconcursos.com.br\/blog\/wp-json\/wp\/v2\/types\/post"}],"author":[{"embeddable":true,"href":"https:\/\/www.estrategiaconcursos.com.br\/blog\/wp-json\/wp\/v2\/users\/2873"}],"replies":[{"embeddable":true,"href":"https:\/\/www.estrategiaconcursos.com.br\/blog\/wp-json\/wp\/v2\/comments?post=1352650"}],"version-history":[{"count":12,"href":"https:\/\/www.estrategiaconcursos.com.br\/blog\/wp-json\/wp\/v2\/posts\/1352650\/revisions"}],"predecessor-version":[{"id":1371510,"href":"https:\/\/www.estrategiaconcursos.com.br\/blog\/wp-json\/wp\/v2\/posts\/1352650\/revisions\/1371510"}],"wp:featuredmedia":[{"embeddable":true,"href":"https:\/\/www.estrategiaconcursos.com.br\/blog\/wp-json\/wp\/v2\/media\/1270513"}],"wp:attachment":[{"href":"https:\/\/www.estrategiaconcursos.com.br\/blog\/wp-json\/wp\/v2\/media?parent=1352650"}],"wp:term":[{"taxonomy":"category","embeddable":true,"href":"https:\/\/www.estrategiaconcursos.com.br\/blog\/wp-json\/wp\/v2\/categories?post=1352650"},{"taxonomy":"post_tag","embeddable":true,"href":"https:\/\/www.estrategiaconcursos.com.br\/blog\/wp-json\/wp\/v2\/tags?post=1352650"},{"taxonomy":"tax_estado","embeddable":true,"href":"https:\/\/www.estrategiaconcursos.com.br\/blog\/wp-json\/wp\/v2\/tax_estado?post=1352650"}],"curies":[{"name":"wp","href":"https:\/\/api.w.org\/{rel}","templated":true}]}}