{"id":135090,"date":"2018-08-06T18:25:12","date_gmt":"2018-08-06T21:25:12","guid":{"rendered":"https:\/\/www.estrategiaconcursos.com.br\/blog\/?p=135090"},"modified":"2022-11-16T11:17:33","modified_gmt":"2022-11-16T14:17:33","slug":"prova-pf-adiada","status":"publish","type":"post","link":"https:\/\/www.estrategiaconcursos.com.br\/blog\/prova-pf-adiada\/","title":{"rendered":"Estamos AO VIVO comentando sobre o adiamento da prova da Pol\u00edcia Federal"},"content":{"rendered":"<p><span style=\"font-size: 18pt;\"><em><strong>Concurso da Pol\u00edcia Federal tem provas adiadas para setembro<\/strong><\/em><\/span><\/p>\n<p>Foi publicado hoje no site da banca Cespe, o edital de retifica\u00e7\u00e3o que traz importantes mudan\u00e7as no cronograma do <a href=\"https:\/\/www.estrategiaconcursos.com.br\/\" target=\"_blank\" rel=\"noopener\">Concurso P\u00fablico<\/a> da Pol\u00edcia Federal.<\/p>\n<p>O principal deles, \u00e9 o <strong>adiamento da prova<\/strong>, que agora vai acontecer no dia <strong>16 de setembro<\/strong> sendo:<\/p>\n<ul>\n<li><strong>Delegado:<\/strong>\u00a0prova objetiva no turno da manh\u00e3 e prova discursiva na mesma data, no turno da tarde.<\/li>\n<li><strong>Todos os cargos (exceto Delegado):<\/strong>\u00a0prova objetiva e discursiva no turno da tarde.<\/li>\n<\/ul>\n<p>Al\u00e9m disso, est\u00e3o reabertas do dia <strong>07 a 13 de agosto<\/strong>, o per\u00edodo de inscri\u00e7\u00f5es e do prazo para solicita\u00e7\u00e3o de isen\u00e7\u00e3o de taxa para os cargos de Perito Criminal\/\u00e1rea 4,\u00a05 e 12 SOMENTE\u00a0para candidatos que optarem por concorrer como pessoas com defici\u00eancia e(ou) para os candidatos que optarem por concorrer como candidatos negros.<\/p>\n<p>J\u00e1 para os cargos de\u00a0Perito Criminal\/\u00e1rea 6, 9 e 14,\u00a0SOMENTE para Candidatos que optarem por concorrer como pessoas com defici\u00eancia.<\/p>\n<h2 class=\"heading-main\">AUL\u00c3O DE V\u00c9SPERA PRESENCIAL (AGENTE E ESCRIV\u00c3O) &#8211; S\u00c3O PAULO (15\/09)<\/h2>\n<p>J\u00e1 se inscreveu para nosso Aul\u00e3o de V\u00e9spera? Sabia que a<em>lunos que adquiriram qualquer pacote da Pol\u00edcia Federal tem 50% de desconto na inscri\u00e7\u00e3o? <\/em>Ent\u00e3o n\u00e3o perca mais tempo e se inscreva para um dia completo (15\/09) com TUDO o que voc\u00ea precisa saber para garantir sua aprova\u00e7\u00e3o!<\/p>\n<p><a href=\"https:\/\/www.estrategiaconcursos.com.br\/curso\/aulao-de-vespera-para-a-policia-federal-agente-e-escrivao-sao-paulo-sp-18-08\/\" target=\"_blank\" rel=\"noopener\"><img loading=\"lazy\" decoding=\"async\" class=\"wp-image-135098 size-full aligncenter\" src=\"https:\/\/dhg1h5j42swfq.cloudfront.net\/2018\/08\/06182042\/pff.jpg\" alt=\"\" width=\"1200\" height=\"243\" srcset=\"https:\/\/dhg1h5j42swfq.cloudfront.net\/2018\/08\/06182042\/pff.jpg 1200w, https:\/\/dhg1h5j42swfq.cloudfront.net\/2018\/08\/06182042\/pff.jpg 300w, https:\/\/dhg1h5j42swfq.cloudfront.net\/2018\/08\/06182042\/pff.jpg 768w, https:\/\/dhg1h5j42swfq.cloudfront.net\/2018\/08\/06182042\/pff.jpg 1024w, https:\/\/dhg1h5j42swfq.cloudfront.net\/2018\/08\/06182042\/pff.jpg 610w\" sizes=\"auto, (max-width: 1200px) 100vw, 1200px\" \/><\/a><\/p>\n<div><strong><em>Programa\u00e7\u00e3o\u00a0<span style=\"text-decoration: underline;\">(sujeita a altera\u00e7\u00f5es):<\/span><\/em><\/strong><\/div>\n<ul>\n<li><em>\u00a0<span style=\"text-decoration: underline;\"><strong>07:30 \u00e0s 08:30<\/strong> &#8211; Recep\u00e7\u00e3o e credenciamento dos alunos<\/span><\/em><\/li>\n<li><em>08:30 \u00e0s 09:15 &#8211; Ricardo Vale (Direito Constitucional)<\/em><\/li>\n<li><em>09:15 \u00e0s 10:00 &#8211; (Racioc\u00ednio L\u00f3gico \/ Estat\u00edstica)<\/em><\/li>\n<li><em>10:00 \u00e0s 10:45 &#8211; Herbert Almeida (Direito Administrativo)<\/em><\/li>\n<\/ul>\n<p><span style=\"text-decoration: underline;\">INTERVALO &#8211; 15 minutos<\/span><\/p>\n<ul>\n<li><em>11:00 \u00e0s 12:30 &#8211; Thiago Cavalcanti (Inform\u00e1tica)<\/em><\/li>\n<\/ul>\n<p><span style=\"text-decoration: underline;\">ALMO\u00c7O &#8211; 90 minutos<\/span><\/p>\n<ul>\n<li><em>14:00 \u00e0s 15:30 &#8211; Gabriel Rabelo (Contabilidade)<\/em><\/li>\n<li><em>15:30 \u00e0s 16:15 &#8211; Renan Araujo (Direito Penal e Processo Penal)<\/em><\/li>\n<\/ul>\n<p><span style=\"text-decoration: underline;\">INTERVALO &#8211; 15 minutos<\/span><\/p>\n<ul>\n<li><em>16:30 \u00e0s 17:15 &#8211; D\u00e9cio Terror (Portugu\u00eas)<\/em><\/li>\n<li><em>17:15 \u00e0s 18:00 &#8211; Marcos Gir\u00e3o (Legisla\u00e7\u00e3o Especial)<\/em><\/li>\n<\/ul>\n<p><strong>Local:\u00a0<\/strong>Hotel Meli\u00e1 &#8211; Av. Paulista.<\/p>\n<p><img loading=\"lazy\" decoding=\"async\" class=\"alignnone size-full wp-image-48287\" src=\"https:\/\/dhg1h5j42swfq.cloudfront.net\/2016\/09\/05202821\/Coruja-1.jpg\" alt=\"concurso p\u00fablico\" width=\"280\" height=\"110\" \/><\/p>\n<p><b>Informa\u00e7\u00f5es do\u00a0<\/b><b>Concurso\u00a0<\/b><b>Pol\u00edcia Federal<\/b><\/p>\n<p>\u25baData: 16 de setembro<br \/>\n\u25baCargos: Escriv\u00e3o, Agente, Perito, Papiloscopista, Delegado<br \/>\n\u25baVagas: 500 vagas<br \/>\n\u25baLota\u00e7\u00f5es: Nacional<br \/>\n\u25baBanca: Cespe\/Cebraspe<br \/>\n\u25baEscolaridade: N\u00edvel\u00a0 Superior<br \/>\n\u25baEdital:\u00a0<a href=\"https:\/\/dhg1h5j42swfq.cloudfront.net\/2018\/06\/15105737\/Edital-Pol%C3%ADcia-Federal.pdf\" target=\"_blank\" rel=\"noopener\">Edital\u00a0Pol\u00edcia Federal 2018<br \/>\n<\/a>\u25baAdiamento da prova:\u00a0<a href=\"https:\/\/dhg1h5j42swfq.cloudfront.net\/2018\/08\/06183440\/Retifica%C3%A7%C3%A3o-PF.pdf\" target=\"_blank\" rel=\"noopener\">Retifica\u00e7\u00e3o PF<\/a><\/p>\n","protected":false},"excerpt":{"rendered":"<p>Concurso da Pol\u00edcia Federal tem provas adiadas para setembro Foi publicado hoje no site da banca Cespe, o edital de retifica\u00e7\u00e3o que traz importantes mudan\u00e7as no cronograma do Concurso P\u00fablico da Pol\u00edcia Federal. O principal deles, \u00e9 o adiamento da prova, que agora vai acontecer no dia 16 de setembro sendo: Delegado:\u00a0prova objetiva no turno [&hellip;]<\/p>\n","protected":false},"author":48,"featured_media":135092,"comment_status":"open","ping_status":"closed","sticky":false,"template":"","format":"standard","meta":{"post_tipo":"article","footnotes":""},"categories":[1],"tags":[],"tax_estado":[],"class_list":["post-135090","post","type-post","status-publish","format-standard","has-post-thumbnail","hentry","category-cursos-e-concursos"],"acf":[],"yoast_head":"<!-- This site is optimized with the Yoast SEO Premium plugin v27.2 (Yoast SEO v27.2) - https:\/\/yoast.com\/product\/yoast-seo-premium-wordpress\/ -->\n<title>Estamos AO VIVO comentando sobre o adiamento da prova da Pol\u00edcia Federal<\/title>\n<meta name=\"robots\" content=\"index, follow, max-snippet:-1, max-image-preview:large, max-video-preview:-1\" \/>\n<link rel=\"canonical\" href=\"https:\/\/www.estrategiaconcursos.com.br\/blog\/prova-pf-adiada\/\" \/>\n<meta property=\"og:locale\" content=\"pt_BR\" \/>\n<meta property=\"og:type\" content=\"article\" \/>\n<meta property=\"og:title\" content=\"Estamos AO VIVO comentando sobre o adiamento da prova da Pol\u00edcia Federal\" \/>\n<meta property=\"og:description\" content=\"Concurso da Pol\u00edcia Federal tem provas adiadas para setembro Foi publicado hoje no site da banca Cespe, o edital de retifica\u00e7\u00e3o que traz importantes mudan\u00e7as no cronograma do Concurso P\u00fablico da Pol\u00edcia Federal. O principal deles, \u00e9 o adiamento da prova, que agora vai acontecer no dia 16 de setembro sendo: Delegado:\u00a0prova objetiva no turno [&hellip;]\" \/>\n<meta property=\"og:url\" content=\"https:\/\/www.estrategiaconcursos.com.br\/blog\/prova-pf-adiada\/\" \/>\n<meta property=\"og:site_name\" content=\"Estrat\u00e9gia Concursos\" \/>\n<meta property=\"article:published_time\" content=\"2018-08-06T21:25:12+00:00\" \/>\n<meta property=\"article:modified_time\" content=\"2022-11-16T14:17:33+00:00\" \/>\n<meta property=\"og:image\" content=\"https:\/\/dhg1h5j42swfq.cloudfront.net\/2018\/08\/06181435\/pf-e1533591620679.jpg\" \/>\n\t<meta property=\"og:image:width\" content=\"400\" \/>\n\t<meta property=\"og:image:height\" content=\"210\" \/>\n\t<meta property=\"og:image:type\" content=\"image\/jpeg\" \/>\n<meta name=\"author\" content=\"Coordena\u00e7\u00e3o\" \/>\n<meta name=\"twitter:card\" content=\"summary_large_image\" \/>\n<meta name=\"twitter:creator\" content=\"@EstratConcursos\" \/>\n<meta name=\"twitter:site\" content=\"@EstratConcursos\" \/>\n<meta name=\"twitter:label1\" content=\"Escrito por\" \/>\n\t<meta name=\"twitter:data1\" content=\"Coordena\u00e7\u00e3o\" \/>\n\t<meta name=\"twitter:label2\" content=\"Est. tempo de leitura\" \/>\n\t<meta name=\"twitter:data2\" content=\"2 minutos\" \/>\n<script type=\"application\/ld+json\" class=\"yoast-schema-graph\">{\"@context\":\"https:\/\/schema.org\",\"@graph\":[{\"@type\":\"NewsArticle\",\"@id\":\"https:\/\/www.estrategiaconcursos.com.br\/blog\/prova-pf-adiada\/#article\",\"isPartOf\":{\"@id\":\"https:\/\/www.estrategiaconcursos.com.br\/blog\/prova-pf-adiada\/\"},\"author\":{\"name\":\"Coordena\u00e7\u00e3o\",\"@id\":\"https:\/\/www.estrategiaconcursos.com.br\/blog\/#\/schema\/person\/cdad40b5818eb228a838461fcd656da7\"},\"headline\":\"Estamos AO VIVO comentando sobre o adiamento da prova da Pol\u00edcia Federal\",\"datePublished\":\"2018-08-06T21:25:12+00:00\",\"dateModified\":\"2022-11-16T14:17:33+00:00\",\"mainEntityOfPage\":{\"@id\":\"https:\/\/www.estrategiaconcursos.com.br\/blog\/prova-pf-adiada\/\"},\"wordCount\":370,\"commentCount\":9,\"publisher\":{\"@id\":\"https:\/\/www.estrategiaconcursos.com.br\/blog\/#organization\"},\"image\":{\"@id\":\"https:\/\/www.estrategiaconcursos.com.br\/blog\/prova-pf-adiada\/#primaryimage\"},\"thumbnailUrl\":\"https:\/\/dhg1h5j42swfq.cloudfront.net\/2018\/08\/06181435\/pf-e1533591620679.jpg\",\"articleSection\":[\"Concursos P\u00fablicos\"],\"inLanguage\":\"pt-BR\",\"potentialAction\":[{\"@type\":\"CommentAction\",\"name\":\"Comment\",\"target\":[\"https:\/\/www.estrategiaconcursos.com.br\/blog\/prova-pf-adiada\/#respond\"]}],\"copyrightYear\":\"2018\",\"copyrightHolder\":{\"@id\":\"https:\/\/www.estrategiaconcursos.com.br\/blog\/#organization\"}},{\"@type\":\"WebPage\",\"@id\":\"https:\/\/www.estrategiaconcursos.com.br\/blog\/prova-pf-adiada\/\",\"url\":\"https:\/\/www.estrategiaconcursos.com.br\/blog\/prova-pf-adiada\/\",\"name\":\"Estamos AO VIVO comentando sobre o adiamento da prova da Pol\u00edcia Federal\",\"isPartOf\":{\"@id\":\"https:\/\/www.estrategiaconcursos.com.br\/blog\/#website\"},\"primaryImageOfPage\":{\"@id\":\"https:\/\/www.estrategiaconcursos.com.br\/blog\/prova-pf-adiada\/#primaryimage\"},\"image\":{\"@id\":\"https:\/\/www.estrategiaconcursos.com.br\/blog\/prova-pf-adiada\/#primaryimage\"},\"thumbnailUrl\":\"https:\/\/dhg1h5j42swfq.cloudfront.net\/2018\/08\/06181435\/pf-e1533591620679.jpg\",\"datePublished\":\"2018-08-06T21:25:12+00:00\",\"dateModified\":\"2022-11-16T14:17:33+00:00\",\"breadcrumb\":{\"@id\":\"https:\/\/www.estrategiaconcursos.com.br\/blog\/prova-pf-adiada\/#breadcrumb\"},\"inLanguage\":\"pt-BR\",\"potentialAction\":[{\"@type\":\"ReadAction\",\"target\":[\"https:\/\/www.estrategiaconcursos.com.br\/blog\/prova-pf-adiada\/\"]}]},{\"@type\":\"ImageObject\",\"inLanguage\":\"pt-BR\",\"@id\":\"https:\/\/www.estrategiaconcursos.com.br\/blog\/prova-pf-adiada\/#primaryimage\",\"url\":\"https:\/\/dhg1h5j42swfq.cloudfront.net\/2018\/08\/06181435\/pf-e1533591620679.jpg\",\"contentUrl\":\"https:\/\/dhg1h5j42swfq.cloudfront.net\/2018\/08\/06181435\/pf-e1533591620679.jpg\",\"width\":400,\"height\":210},{\"@type\":\"BreadcrumbList\",\"@id\":\"https:\/\/www.estrategiaconcursos.com.br\/blog\/prova-pf-adiada\/#breadcrumb\",\"itemListElement\":[{\"@type\":\"ListItem\",\"position\":1,\"name\":\"In\u00edcio\",\"item\":\"https:\/\/www.estrategiaconcursos.com.br\/blog\/\"},{\"@type\":\"ListItem\",\"position\":2,\"name\":\"Estamos AO VIVO comentando sobre o adiamento da prova da Pol\u00edcia Federal\"}]},{\"@type\":\"WebSite\",\"@id\":\"https:\/\/www.estrategiaconcursos.com.br\/blog\/#website\",\"url\":\"https:\/\/www.estrategiaconcursos.com.br\/blog\/\",\"name\":\"Estrat\u00e9gia Concursos\",\"description\":\"O blog da Estrat\u00e9gia Concursos traz not\u00edcias sobre concursos e artigos de professores oferecendo cursos para concursos (pdf + videaulas) no site.\",\"publisher\":{\"@id\":\"https:\/\/www.estrategiaconcursos.com.br\/blog\/#organization\"},\"potentialAction\":[{\"@type\":\"SearchAction\",\"target\":{\"@type\":\"EntryPoint\",\"urlTemplate\":\"https:\/\/www.estrategiaconcursos.com.br\/blog\/?s={search_term_string}\"},\"query-input\":{\"@type\":\"PropertyValueSpecification\",\"valueRequired\":true,\"valueName\":\"search_term_string\"}}],\"inLanguage\":\"pt-BR\"},{\"@type\":\"Organization\",\"@id\":\"https:\/\/www.estrategiaconcursos.com.br\/blog\/#organization\",\"name\":\"Estrat\u00e9gia Concursos\",\"url\":\"https:\/\/www.estrategiaconcursos.com.br\/blog\/\",\"logo\":{\"@type\":\"ImageObject\",\"inLanguage\":\"pt-BR\",\"@id\":\"https:\/\/www.estrategiaconcursos.com.br\/blog\/#\/schema\/logo\/image\/\",\"url\":\"https:\/\/dhg1h5j42swfq.cloudfront.net\/2025\/06\/03203428\/logo_concursos-1.jpg\",\"contentUrl\":\"https:\/\/dhg1h5j42swfq.cloudfront.net\/2025\/06\/03203428\/logo_concursos-1.jpg\",\"width\":230,\"height\":60,\"caption\":\"Estrat\u00e9gia Concursos\"},\"image\":{\"@id\":\"https:\/\/www.estrategiaconcursos.com.br\/blog\/#\/schema\/logo\/image\/\"},\"sameAs\":[\"https:\/\/x.com\/EstratConcursos\"]},{\"@type\":\"Person\",\"@id\":\"https:\/\/www.estrategiaconcursos.com.br\/blog\/#\/schema\/person\/cdad40b5818eb228a838461fcd656da7\",\"name\":\"Coordena\u00e7\u00e3o\",\"image\":{\"@type\":\"ImageObject\",\"inLanguage\":\"pt-BR\",\"@id\":\"https:\/\/secure.gravatar.com\/avatar\/a413b22da0f5009c634f6c4586a2dbe5207074fd5becd88db5183b8069ef25e4?s=96&d=mm&r=g\",\"url\":\"https:\/\/secure.gravatar.com\/avatar\/a413b22da0f5009c634f6c4586a2dbe5207074fd5becd88db5183b8069ef25e4?s=96&d=mm&r=g\",\"contentUrl\":\"https:\/\/secure.gravatar.com\/avatar\/a413b22da0f5009c634f6c4586a2dbe5207074fd5becd88db5183b8069ef25e4?s=96&d=mm&r=g\",\"caption\":\"Coordena\u00e7\u00e3o\"},\"url\":\"https:\/\/www.estrategiaconcursos.com.br\/blog\/author\/contatoestrategiaconcursos-com-br\/\"}]}<\/script>\n<!-- \/ Yoast SEO Premium plugin. -->","yoast_head_json":{"title":"Estamos AO VIVO comentando sobre o adiamento da prova da Pol\u00edcia Federal","robots":{"index":"index","follow":"follow","max-snippet":"max-snippet:-1","max-image-preview":"max-image-preview:large","max-video-preview":"max-video-preview:-1"},"canonical":"https:\/\/www.estrategiaconcursos.com.br\/blog\/prova-pf-adiada\/","og_locale":"pt_BR","og_type":"article","og_title":"Estamos AO VIVO comentando sobre o adiamento da prova da Pol\u00edcia Federal","og_description":"Concurso da Pol\u00edcia Federal tem provas adiadas para setembro Foi publicado hoje no site da banca Cespe, o edital de retifica\u00e7\u00e3o que traz importantes mudan\u00e7as no cronograma do Concurso P\u00fablico da Pol\u00edcia Federal. O principal deles, \u00e9 o adiamento da prova, que agora vai acontecer no dia 16 de setembro sendo: Delegado:\u00a0prova objetiva no turno [&hellip;]","og_url":"https:\/\/www.estrategiaconcursos.com.br\/blog\/prova-pf-adiada\/","og_site_name":"Estrat\u00e9gia Concursos","article_published_time":"2018-08-06T21:25:12+00:00","article_modified_time":"2022-11-16T14:17:33+00:00","og_image":[{"width":400,"height":210,"url":"https:\/\/dhg1h5j42swfq.cloudfront.net\/2018\/08\/06181435\/pf-e1533591620679.jpg","type":"image\/jpeg"}],"author":"Coordena\u00e7\u00e3o","twitter_card":"summary_large_image","twitter_creator":"@EstratConcursos","twitter_site":"@EstratConcursos","twitter_misc":{"Escrito por":"Coordena\u00e7\u00e3o","Est. tempo de leitura":"2 minutos"},"schema":{"@context":"https:\/\/schema.org","@graph":[{"@type":"NewsArticle","@id":"https:\/\/www.estrategiaconcursos.com.br\/blog\/prova-pf-adiada\/#article","isPartOf":{"@id":"https:\/\/www.estrategiaconcursos.com.br\/blog\/prova-pf-adiada\/"},"author":{"name":"Coordena\u00e7\u00e3o","@id":"https:\/\/www.estrategiaconcursos.com.br\/blog\/#\/schema\/person\/cdad40b5818eb228a838461fcd656da7"},"headline":"Estamos AO VIVO comentando sobre o adiamento da prova da Pol\u00edcia Federal","datePublished":"2018-08-06T21:25:12+00:00","dateModified":"2022-11-16T14:17:33+00:00","mainEntityOfPage":{"@id":"https:\/\/www.estrategiaconcursos.com.br\/blog\/prova-pf-adiada\/"},"wordCount":370,"commentCount":9,"publisher":{"@id":"https:\/\/www.estrategiaconcursos.com.br\/blog\/#organization"},"image":{"@id":"https:\/\/www.estrategiaconcursos.com.br\/blog\/prova-pf-adiada\/#primaryimage"},"thumbnailUrl":"https:\/\/dhg1h5j42swfq.cloudfront.net\/2018\/08\/06181435\/pf-e1533591620679.jpg","articleSection":["Concursos P\u00fablicos"],"inLanguage":"pt-BR","potentialAction":[{"@type":"CommentAction","name":"Comment","target":["https:\/\/www.estrategiaconcursos.com.br\/blog\/prova-pf-adiada\/#respond"]}],"copyrightYear":"2018","copyrightHolder":{"@id":"https:\/\/www.estrategiaconcursos.com.br\/blog\/#organization"}},{"@type":"WebPage","@id":"https:\/\/www.estrategiaconcursos.com.br\/blog\/prova-pf-adiada\/","url":"https:\/\/www.estrategiaconcursos.com.br\/blog\/prova-pf-adiada\/","name":"Estamos AO VIVO comentando sobre o adiamento da prova da Pol\u00edcia Federal","isPartOf":{"@id":"https:\/\/www.estrategiaconcursos.com.br\/blog\/#website"},"primaryImageOfPage":{"@id":"https:\/\/www.estrategiaconcursos.com.br\/blog\/prova-pf-adiada\/#primaryimage"},"image":{"@id":"https:\/\/www.estrategiaconcursos.com.br\/blog\/prova-pf-adiada\/#primaryimage"},"thumbnailUrl":"https:\/\/dhg1h5j42swfq.cloudfront.net\/2018\/08\/06181435\/pf-e1533591620679.jpg","datePublished":"2018-08-06T21:25:12+00:00","dateModified":"2022-11-16T14:17:33+00:00","breadcrumb":{"@id":"https:\/\/www.estrategiaconcursos.com.br\/blog\/prova-pf-adiada\/#breadcrumb"},"inLanguage":"pt-BR","potentialAction":[{"@type":"ReadAction","target":["https:\/\/www.estrategiaconcursos.com.br\/blog\/prova-pf-adiada\/"]}]},{"@type":"ImageObject","inLanguage":"pt-BR","@id":"https:\/\/www.estrategiaconcursos.com.br\/blog\/prova-pf-adiada\/#primaryimage","url":"https:\/\/dhg1h5j42swfq.cloudfront.net\/2018\/08\/06181435\/pf-e1533591620679.jpg","contentUrl":"https:\/\/dhg1h5j42swfq.cloudfront.net\/2018\/08\/06181435\/pf-e1533591620679.jpg","width":400,"height":210},{"@type":"BreadcrumbList","@id":"https:\/\/www.estrategiaconcursos.com.br\/blog\/prova-pf-adiada\/#breadcrumb","itemListElement":[{"@type":"ListItem","position":1,"name":"In\u00edcio","item":"https:\/\/www.estrategiaconcursos.com.br\/blog\/"},{"@type":"ListItem","position":2,"name":"Estamos AO VIVO comentando sobre o adiamento da prova da Pol\u00edcia Federal"}]},{"@type":"WebSite","@id":"https:\/\/www.estrategiaconcursos.com.br\/blog\/#website","url":"https:\/\/www.estrategiaconcursos.com.br\/blog\/","name":"Estrat\u00e9gia Concursos","description":"O blog da Estrat\u00e9gia Concursos traz not\u00edcias sobre concursos e artigos de professores oferecendo cursos para concursos (pdf + videaulas) no site.","publisher":{"@id":"https:\/\/www.estrategiaconcursos.com.br\/blog\/#organization"},"potentialAction":[{"@type":"SearchAction","target":{"@type":"EntryPoint","urlTemplate":"https:\/\/www.estrategiaconcursos.com.br\/blog\/?s={search_term_string}"},"query-input":{"@type":"PropertyValueSpecification","valueRequired":true,"valueName":"search_term_string"}}],"inLanguage":"pt-BR"},{"@type":"Organization","@id":"https:\/\/www.estrategiaconcursos.com.br\/blog\/#organization","name":"Estrat\u00e9gia Concursos","url":"https:\/\/www.estrategiaconcursos.com.br\/blog\/","logo":{"@type":"ImageObject","inLanguage":"pt-BR","@id":"https:\/\/www.estrategiaconcursos.com.br\/blog\/#\/schema\/logo\/image\/","url":"https:\/\/dhg1h5j42swfq.cloudfront.net\/2025\/06\/03203428\/logo_concursos-1.jpg","contentUrl":"https:\/\/dhg1h5j42swfq.cloudfront.net\/2025\/06\/03203428\/logo_concursos-1.jpg","width":230,"height":60,"caption":"Estrat\u00e9gia Concursos"},"image":{"@id":"https:\/\/www.estrategiaconcursos.com.br\/blog\/#\/schema\/logo\/image\/"},"sameAs":["https:\/\/x.com\/EstratConcursos"]},{"@type":"Person","@id":"https:\/\/www.estrategiaconcursos.com.br\/blog\/#\/schema\/person\/cdad40b5818eb228a838461fcd656da7","name":"Coordena\u00e7\u00e3o","image":{"@type":"ImageObject","inLanguage":"pt-BR","@id":"https:\/\/secure.gravatar.com\/avatar\/a413b22da0f5009c634f6c4586a2dbe5207074fd5becd88db5183b8069ef25e4?s=96&d=mm&r=g","url":"https:\/\/secure.gravatar.com\/avatar\/a413b22da0f5009c634f6c4586a2dbe5207074fd5becd88db5183b8069ef25e4?s=96&d=mm&r=g","contentUrl":"https:\/\/secure.gravatar.com\/avatar\/a413b22da0f5009c634f6c4586a2dbe5207074fd5becd88db5183b8069ef25e4?s=96&d=mm&r=g","caption":"Coordena\u00e7\u00e3o"},"url":"https:\/\/www.estrategiaconcursos.com.br\/blog\/author\/contatoestrategiaconcursos-com-br\/"}]}},"_links":{"self":[{"href":"https:\/\/www.estrategiaconcursos.com.br\/blog\/wp-json\/wp\/v2\/posts\/135090","targetHints":{"allow":["GET"]}}],"collection":[{"href":"https:\/\/www.estrategiaconcursos.com.br\/blog\/wp-json\/wp\/v2\/posts"}],"about":[{"href":"https:\/\/www.estrategiaconcursos.com.br\/blog\/wp-json\/wp\/v2\/types\/post"}],"author":[{"embeddable":true,"href":"https:\/\/www.estrategiaconcursos.com.br\/blog\/wp-json\/wp\/v2\/users\/48"}],"replies":[{"embeddable":true,"href":"https:\/\/www.estrategiaconcursos.com.br\/blog\/wp-json\/wp\/v2\/comments?post=135090"}],"version-history":[{"count":9,"href":"https:\/\/www.estrategiaconcursos.com.br\/blog\/wp-json\/wp\/v2\/posts\/135090\/revisions"}],"predecessor-version":[{"id":1124905,"href":"https:\/\/www.estrategiaconcursos.com.br\/blog\/wp-json\/wp\/v2\/posts\/135090\/revisions\/1124905"}],"wp:featuredmedia":[{"embeddable":true,"href":"https:\/\/www.estrategiaconcursos.com.br\/blog\/wp-json\/wp\/v2\/media\/135092"}],"wp:attachment":[{"href":"https:\/\/www.estrategiaconcursos.com.br\/blog\/wp-json\/wp\/v2\/media?parent=135090"}],"wp:term":[{"taxonomy":"category","embeddable":true,"href":"https:\/\/www.estrategiaconcursos.com.br\/blog\/wp-json\/wp\/v2\/categories?post=135090"},{"taxonomy":"post_tag","embeddable":true,"href":"https:\/\/www.estrategiaconcursos.com.br\/blog\/wp-json\/wp\/v2\/tags?post=135090"},{"taxonomy":"tax_estado","embeddable":true,"href":"https:\/\/www.estrategiaconcursos.com.br\/blog\/wp-json\/wp\/v2\/tax_estado?post=135090"}],"curies":[{"name":"wp","href":"https:\/\/api.w.org\/{rel}","templated":true}]}}