{"id":135065,"date":"2018-08-06T16:05:11","date_gmt":"2018-08-06T19:05:11","guid":{"rendered":"https:\/\/www.estrategiaconcursos.com.br\/blog\/?p=135065"},"modified":"2019-04-09T15:31:24","modified_gmt":"2019-04-09T18:31:24","slug":"direito-civil-1a-fase-oab-gabarito-e-recursos","status":"publish","type":"post","link":"https:\/\/www.estrategiaconcursos.com.br\/blog\/direito-civil-1a-fase-oab-gabarito-e-recursos\/","title":{"rendered":"Civil 1\u00aa Fase OAB &#8211; Gabarito e recursos"},"content":{"rendered":"<p style=\"text-align: justify\">Eu, o Guru do Direito Civil (<a href=\"http:\/\/www.instagram.com.br\/prof.phms\">IG<\/a>, <a href=\"http:\/\/www.faceboo.com.br\/prof.phms\">FB<\/a> e <a href=\"https:\/\/www.youtube.com\/channel\/UC5BNzTLlcneB_x1aUAhXBAg\">YT<\/a>), vou apresentar o gabarito e os recursos da prova de Civil da 1\u00aa Fase do XXVI Exame OAB. Vou fazer alguns coment\u00e1rios sobre a prova e analisar como foi a prova. Logo chega a prova da <a href=\"https:\/\/www.estrategiaconcursos.com.br\/curso\/direito-civil-p-oab-2-fase-xxvi-exame-pdf-video-correcao-individualizada-mentoria\/\">2\u00aa Fase<\/a>; est\u00e1 preparado?<\/p>\n<p style=\"text-align: justify\">O Direito Civil tem 7 quest\u00f5es, mas era poss\u00edvel responder a quest\u00f5es de outras disciplinas apenas com os conhecimentos do Direito Civil. Acompanhe comigo a corre\u00e7\u00e3o agora!!!<\/p>\n<p>&nbsp;<\/p>\n<p style=\"text-align: justify\"><strong>QUEST\u00c3O 35<\/strong><\/p>\n<div style=\"text-align: justify\">A cidade de Asa Branca foi atingida por uma tempestade de grandes propor\u00e7\u00f5es. As ruas ficaram alagadas e a popula\u00e7\u00e3o sofreu com a inunda\u00e7\u00e3o de suas casas e seus locais de trabalho. Ant\u00f4nio, que tinha uma pequena barca\u00e7a, aproveitou a ocasi\u00e3o para realizar o transporte dos moradores pelo triplo do pre\u00e7o que normalmente seria cobrado, tendo em vista a premente necessidade dos moradores de recorrer a esse tipo de transporte. Nesse caso, em rela\u00e7\u00e3o ao citado neg\u00f3cio jur\u00eddico, ocorreu<\/div>\n<div style=\"text-align: justify\">A) estado de perigo.<\/div>\n<div style=\"text-align: justify\">B) dolo.<\/div>\n<div style=\"text-align: justify\">C) les\u00e3o.<\/div>\n<div style=\"text-align: justify\">D) erro.<\/div>\n<div style=\"text-align: justify\"><strong>Gabarito apresentado pela FGV: C<\/strong><\/div>\n<div style=\"text-align: justify\">De fato, de acordo com o art. 157 do CC\/2002, trata-se de les\u00e3o, dado que havia (a) necessidade dos moradores e (b) presta\u00e7\u00e3o manifestamente desproporcional (triplo do valor cobrado normalmente), os dois requisitos da les\u00e3o.<\/div>\n<div><\/div>\n<div><\/div>\n<div style=\"text-align: justify\"><strong>QUEST\u00c3O 36<\/strong><\/div>\n<div style=\"text-align: justify\">\n<div>L\u00facio, <span class=\"highlight selected\">comod<\/span>ante, celebrou contrato de comodato com Pedro, comodat\u00e1rio, no dia 1\u00ba de outubro de 2016, pelo prazo de dois meses. O objeto era um carro da marca Y no valor de R$ 30.000,00. A devolu\u00e7\u00e3o do bem deveria ser feita na cidade Alfa, domic\u00edlio do comodante, em 1\u00ba de dezembro de 2016. Pedro, no entanto, n\u00e3o devolveu o bem na data marcada e resolveu viajar com amigos para o litoral at\u00e9 a virada do ano. Em 1\u00ba de janeiro de 2017, desabou um violento temporal sobre a cidade Alfa, e Pedro, ao voltar da viagem, encontra o carro destru\u00eddo. Com base nos fatos narrados, sobre a posi\u00e7\u00e3o de L\u00facio, assinale a afirmativa correta.<\/div>\n<div>A) Far\u00e1 jus a perdas e danos, visto que Pedro n\u00e3o devolveu o carro na data prevista.<\/div>\n<div>B) Nada receber\u00e1, pois o perecimento se deu em raz\u00e3o de fato fortuito ou de for\u00e7a maior.<\/div>\n<div>C) N\u00e3o ter\u00e1 direito a perdas e danos, pois cedeu o uso do bem a Pedro.<\/div>\n<div>D) Receber\u00e1 50% do valor do bem, pois, por fato inimput\u00e1vel a Pedro, o bem n\u00e3o foi devolvido.<\/div>\n<\/div>\n<div style=\"text-align: justify\"><strong>Gabarito apresentado pela FGV: A<\/strong><\/div>\n<div style=\"text-align: justify\">Quest\u00e3o simples. Bastava lembrar que o devedor em mora responde pelos danos \u00e0 coisa certa, mesmo que haja caso fortuito ou for\u00e7a maior, por aplica\u00e7\u00e3o do art. 399 do CC\/2002, sendo irrelevante o fato de haver ou n\u00e3o culpa de Pedro.<\/div>\n<div><\/div>\n<div><\/div>\n<div style=\"text-align: justify\"><strong>QUEST\u00c3O 37<\/strong><\/div>\n<div style=\"text-align: justify\">\n<div>Ronaldo \u00e9 propriet\u00e1rio de um terreno que se encontra cercado de im\u00f3veis edificados e decide vender metade dele para Ab\u00edlio. Dois anos ap\u00f3s o neg\u00f3cio feito com Ab\u00edlio, Ronaldo, por dificuldades financeiras, descumpre o que havia sido acordado e constr\u00f3i uma casa na parte da frente do terreno \u2013 sem deixar passagem aberta para Ab\u00edlio \u2013 e a vende para Jos\u00e9, que imediatamente passa a habitar o im\u00f3vel. Diante do exposto, assinale a afirmativa correta.<\/div>\n<div>A) Ab\u00edlio tem direito real de servid\u00e3o de passagem pelo im\u00f3vel de Jos\u00e9, mesmo contra a vontade deste, com base na usucapi\u00e3o.<\/div>\n<div>B) A venda realizada por Ronaldo \u00e9 nula, tendo em vista que Jos\u00e9 n\u00e3o foi comunicado do direito real de servid\u00e3o de passagem existente em favor de Ab\u00edlio.<\/div>\n<div>C) Ab\u00edlio tem direito a passagem for\u00e7ada pelo im\u00f3vel de Jos\u00e9, independentemente de registro, eis que seu im\u00f3vel ficou em situa\u00e7\u00e3o de encravamento ap\u00f3s a constru\u00e7\u00e3o e venda feita por Ronaldo.<\/div>\n<div>D) Como n\u00e3o participou da aven\u00e7a entre Ronaldo e Ab\u00edlio, Jos\u00e9 n\u00e3o est\u00e1 obrigado a conceder passagem ao segundo, em fun\u00e7\u00e3o do car\u00e1ter personal\u00edssimo da obriga\u00e7\u00e3o assumida.<\/div>\n<\/div>\n<div style=\"text-align: justify\"><strong>Gabarito apresentado pela FGV: C<\/strong><\/div>\n<div style=\"text-align: justify\">Quest\u00e3o que apresenta uma PEGADINHA! Muita gente acha que quando eu passo pelo terreno de outrem \u00e9 servid\u00e3o. N\u00e3o \u00e9. Servid\u00e3o \u00e9 acordo. Se eu preciso for\u00e7ar a minha passagem pelo terreno do outro, o instituto \u00e9 da&#8230; passagem for\u00e7ada! O art. 1.285 do CC\/2002 deixa isso bem claro. A passagem for\u00e7ada independe da vontade de Ab\u00edlio, que fica obrigado a ceder a passagem pelo terreno, independentemente de comunica\u00e7\u00e3o, pois se trata de direito real.<\/div>\n<div style=\"text-align: justify\">N\u00e3o se pode sequer falar em usucapi\u00e3o de servid\u00e3o de passagem porque o prazo para tanto n\u00e3o se verificou.<\/div>\n<div><\/div>\n<div><\/div>\n<div style=\"text-align: justify\"><strong>QUEST\u00c3O 38<\/strong><\/div>\n<div style=\"text-align: justify\">\n<div>Diante da crise que se abateu sobre seus neg\u00f3cios, Eriberto contrai empr\u00e9stimo junto ao seu amigo Jorge, no valor de R$200.000,00, constituindo, como garantia, hipoteca do seu s\u00edtio, com vencimento em 20 anos. Esgotado o prazo estipulado e diante do n\u00e3o pagamento da d\u00edvida, Jorge decide executar a hipoteca, mas vem a saber que o im\u00f3vel foi judicialmente declarado usucapido por Jonathan, que o ocupava de forma mansa e pac\u00edfica para sua moradia durante o tempo necess\u00e1rio para ser reconhecido como o novo propriet\u00e1rio do bem. Diante do exposto, assinale a op\u00e7\u00e3o correta.<\/div>\n<div>A) Como o objeto da hipoteca n\u00e3o pertence mais a Eriberto, a d\u00edvida que ele tinha com Jorge deve ser declarada extinta.<\/div>\n<div>B) Se a hipoteca tiver sido constitu\u00edda ap\u00f3s o in\u00edcio da posse ad usucapionem de Jonathan, o im\u00f3vel permanecer\u00e1 hipotecado mesmo ap\u00f3s a usucapi\u00e3o, em respeito ao princ\u00edpio da ambulatoriedade.<\/div>\n<div>C) Diante da consuma\u00e7\u00e3o da usucapi\u00e3o, Jorge tem direito de regresso contra Jonathan, haja vista que o bem usucapido era objeto de sua garantia.<\/div>\n<div>D) Sendo a usucapi\u00e3o um modo de aquisi\u00e7\u00e3o origin\u00e1ria da propriedade, Jonathan pode adquirir a propriedade do im\u00f3vel livre da hipoteca que Eriberto constitu\u00edra em favor de Jorge.<\/div>\n<\/div>\n<div style=\"text-align: justify\"><strong>Gabarito apresentado pela FGV: A<\/strong><\/div>\n<div style=\"text-align: justify\">Quest\u00e3o simples. A aquisi\u00e7\u00e3o da posse \u00e9 modo de aquisi\u00e7\u00e3o origin\u00e1rio da propriedade, pelo que todas as situa\u00e7\u00f5es jur\u00eddicas anteriores se apagam, como se pode retirar do art. 1.241 do CC\/2002. Irrelevante quando a hipoteca foi institu\u00edda, se antes ou depois de iniciada a posse, n\u00e3o havendo qualquer direito do credor hipotec\u00e1rio contra o novo propriet\u00e1rio, que usucapiu o bem.<\/div>\n<div><\/div>\n<div><\/div>\n<div style=\"text-align: justify\"><strong>QUEST\u00c3O 39<\/strong><\/div>\n<div style=\"text-align: justify\">\n<div>Paula \u00e9 credora de uma d\u00edvida de R$ 900.000,00 assumida solidariamente por Marcos, Vera, Teresa, Mirna, J\u00falio, Simone, \u00darsula, Nestor e Pedro, em raz\u00e3o de m\u00fatuo que a todos aproveita. Antes do vencimento da d\u00edvida, Paula exonera Vera e Mirna da solidariedade, por serem amigas de longa data. Dois meses antes da data de vencimento, J\u00falio, em raz\u00e3o da per da de seu emprego, de onde provinha todo o sustento de sua fam\u00edlia, cai em insolv\u00eancia. Ultrapassada a data de vencimento, Paula decide cobrar a d\u00edvida. Sobre a hip\u00f3tese apresentada, assinale a afirmativa correta.<\/div>\n<div>A) Vera e Mirna n\u00e3o podem ser exoneradas da solidariedade, eis que o nosso ordenamento jur\u00eddico n\u00e3o permite renunciar a solidariedade de somente alguns dos devedores.<\/div>\n<div>B) Se Marcos for cobrado por Paula, dever\u00e1 efetuar o pagamento integral da d\u00edvida e, posteriomente, poder\u00e1 cobrar dos demais as suas quotas-partes. A parte de J\u00falio ser\u00e1 rateada entre todos os devedores solid\u00e1rios, inclusive Vera e Mirna.<\/div>\n<div>C) Se Simone for cobrada por Paula dever\u00e1 efetuar o pagamento integral da d\u00edvida e, posteriomente, poder\u00e1 cobrar dos demais as suas quotas-partes, inclusive J\u00falio.<\/div>\n<div>D) Se Mirna for cobrada por Paula, dever\u00e1 efetuar o pagamento integral da d\u00edvida e, posteriomente, poder\u00e1 cobrar as quotas partes dos demais. A parte de J\u00falio ser\u00e1 rateada entre todos os devedores solid\u00e1rios, com exce\u00e7\u00e3o de Vera.<\/div>\n<\/div>\n<div style=\"text-align: justify\"><strong>Gabarito apresentado pela FGV: B<\/strong><\/div>\n<div style=\"text-align: justify\">Quest\u00e3o que exigia conhecimentos bons de Direito das Obriga\u00e7\u00f5es. Primeiro, necess\u00e1rio lembrar que o credor pode renunciar a solidariedade quanto a determinados devedores, sem problemas. Quando cobra um devedor, ele deve pagar a d\u00edvida. Este codevedor &#8220;pagante&#8221;, ao pagar, pode cobrar a quota-parte dos demais, incluindo os retirados da solidariedade por meio da ren\u00fancia. A resposta dessa quest\u00e3o \u00e9 uma soma dos arts. 282, caput e par\u00e1grafo \u00fanico, 283 e 284.<\/div>\n<div><\/div>\n<div style=\"text-align: justify\"><strong>QUEST\u00c3O 40<\/strong><\/div>\n<div style=\"text-align: justify\">\n<div>Jorge, engenheiro e construtor, firma, em seu escrit\u00f3rio, contrato de empreitada com Maria, dona da obra. Na aven\u00e7a, foi acordado que Jorge forneceria os materiais da constru\u00e7\u00e3o e concluiria a obra, nos termos do projeto, no prazo de seis meses. Acordou-se, tamb\u00e9m, que o pagamento da remunera\u00e7\u00e3o seria efetivado em duas parcelas: a primeira, correspondente \u00e0 metade do pre\u00e7o, a ser depositada no prazo de 30 (trinta) dias da assinatura do contrato; e a segunda, correspondente \u00e0 outra metade do pre\u00e7o, no ato de entrega da obra conclu\u00edda. Maria, cinco dias ap\u00f3s a assinatura da aven\u00e7a, toma conhecimento de que sobreveio decis\u00e3o em processo judicial que determinou a penhora sobre todo o patrim\u00f4nio de Jorge, reconhecendo que este possui d\u00edvida substancial com um credor que acaba de realizar ato de constri\u00e7\u00e3o sobre todos os seus bens (em virtude do valor elevado da d\u00edvida). Diante de tal situa\u00e7\u00e3o, Maria pode<\/div>\n<div>A) recusar o pagamento do pre\u00e7o at\u00e9 que a obra seja conclu\u00edda ou, pelo menos, at\u00e9 o momento em que o empreiteiro prestar garantia suficiente de que ir\u00e1 realiz\u00e1-la.<\/div>\n<div>B) resolver o contrato por onerosidade excessiva, haja vista que o fato superveniente e imprevis\u00edvel tornou o acordo desequilibrado, afetando o sinalagma contratual.<\/div>\n<div>C) exigir o cumprimento imediato da presta\u00e7\u00e3o (atividade de constru\u00e7\u00e3o), em virtude do vencimento antecipado da obriga\u00e7\u00e3o de fazer, a cargo do empreiteiro.<\/div>\n<div>D) desistir do contrato, sem qualquer \u00f4nus, pelo exerc\u00edcio do direito de arrependimento, garantido em raz\u00e3o da natureza de contrato de consumo.<\/div>\n<\/div>\n<div style=\"text-align: justify\"><strong>Gabarito apresentado pela FGV: A<\/strong><\/div>\n<div style=\"text-align: justify\">Quest\u00e3o legal e que mostra como entender a &#8220;l\u00f3gica&#8221; do Direito Civil \u00e9 fundamental! O contrato \u00e9 um neg\u00f3cio jur\u00eddico bilateral. Se \u00e9 bilateral, tem dois lados. Dois lados que t\u00eam de cumprir sua parte. Se uma das partes n\u00e3o parece que vai cumprir sua parte, o que eu fa\u00e7o? Exce\u00e7\u00e3o de contrato n\u00e3o cumprido, prevista no art. 477 do CC\/2002. Ou voc\u00ea garante que vai cumprir, ou cumpre sua parte e eu cumpro a minha ao final.<\/div>\n<div><\/div>\n<div><\/div>\n<div style=\"text-align: justify\"><strong>QUEST\u00c3O 41<\/strong><\/div>\n<div style=\"text-align: justify\">\n<div>L\u00facio, vi\u00favo, tendo como \u00fanicos parentes um sobrinho, Paulo, e um tio, Fernando, fez testamento de acordo com to das as formalidades legais e deixou toda a sua heran\u00e7a ao seu amigo Carlos, que tinha uma filha, Juliana. O herdeiro institu\u00eddo no ato de \u00faltima vontade morreu antes do testador. Morto L\u00facio, foi aberta a sucess\u00e3o. Assinale a op\u00e7\u00e3o que indica como ser\u00e1 feita a partilha.<\/div>\n<div>A) Juliana receber\u00e1 todos os bens de L\u00facio.<\/div>\n<div>B) Juliana receber\u00e1 a parte dispon\u00edvel e Paulo, a leg\u00edtima .<\/div>\n<div>C) Paulo e Fernando receber\u00e3o, cada um, metade dos bens de L\u00facio.<\/div>\n<div>D) Paulo receber\u00e1 todos os bens de L\u00facio.<\/div>\n<\/div>\n<div style=\"text-align: justify\"><strong>Gabarito apresentado pela FGV: D<\/strong><\/div>\n<div style=\"text-align: justify\">O art. 1.851 transparece que o direito de representa\u00e7\u00e3o n\u00e3o se aplica \u00e0 sucess\u00e3o testament\u00e1ria, j\u00e1 que est\u00e1 inserido na parte da sucess\u00e3o leg\u00edtima. Por isso, Juliana nada herda. J\u00e1 o art. 1.843 estabelece que preferem os sobrinhos aos tios, pelo que Paulo herda tudo.<\/div>\n<div style=\"text-align: justify\"><\/div>\n<div style=\"text-align: justify\">Espero que voc\u00ea tenha ido bem na prova da 1\u00aa Fase e agora j\u00e1 esteja na prepara\u00e7\u00e3o da <a href=\"https:\/\/www.estrategiaconcursos.com.br\/curso\/direito-civil-p-oab-2-fase-xxvi-exame-pdf-video-correcao-individualizada-mentoria\/\">2\u00aa Fase<\/a>! Voc\u00ea j\u00e1 est\u00e1 preparado? O Estrat\u00e9gia tem cursos para a <a href=\"https:\/\/www.estrategiaconcursos.com.br\/curso\/direito-civil-p-oab-2-fase-xxvi-exame-pdf-video-correcao-individualizada-mentoria\/\">2\u00aa Fase<\/a> e eu sou o Professor respons\u00e1vel pelo Direito Civil! Fique ligado, porque o pacote est\u00e1 super completo e eu corrijo pessoalmente duas rodadas de pe\u00e7as e quest\u00f5es que voc\u00ea me enviar! =)<\/div>\n<p style=\"text-align: justify\">Abra\u00e7o,<\/p>\n<p style=\"text-align: justify\"><a href=\"https:\/\/www.estrategiaconcursos.com.br\/cursosPorProfessor\/paulo-h-m-sousa-3384\/\">Paulo H M Sousa<\/a><\/p>\n<p style=\"text-align: justify\"><a href=\"http:\/\/www.instagram.com.br\/prof.phms\">Instagram<\/a><\/p>\n<p style=\"text-align: justify\"><a href=\"http:\/\/www.facebook.com.br\/prof.phms\">Facebook<\/a><\/p>\n<p style=\"text-align: justify\"><a href=\"https:\/\/www.youtube.com\/channel\/UC5BNzTLlcneB_x1aUAhXBAg\">Youtube<\/a><\/p>\n","protected":false},"excerpt":{"rendered":"<p>Eu, o Guru do Direito Civil (IG, FB e YT), vou apresentar o gabarito e os recursos da prova de Civil da 1\u00aa Fase do XXVI Exame OAB. Vou fazer alguns coment\u00e1rios sobre a prova e analisar como foi a prova. Logo chega a prova da 2\u00aa Fase; est\u00e1 preparado? O Direito Civil tem 7 [&hellip;]<\/p>\n","protected":false},"author":218,"featured_media":0,"comment_status":"open","ping_status":"closed","sticky":false,"template":"","format":"standard","meta":{"post_tipo":"article","footnotes":""},"categories":[1],"tags":[],"tax_estado":[],"class_list":["post-135065","post","type-post","status-publish","format-standard","hentry","category-cursos-e-concursos"],"acf":[],"yoast_head":"<!-- This site is optimized with the Yoast SEO Premium plugin v27.2 (Yoast SEO v27.2) - https:\/\/yoast.com\/product\/yoast-seo-premium-wordpress\/ -->\n<title>Civil 1\u00aa Fase OAB - Gabarito e recursos<\/title>\n<meta name=\"robots\" content=\"index, follow, max-snippet:-1, max-image-preview:large, max-video-preview:-1\" \/>\n<link rel=\"canonical\" href=\"https:\/\/www.estrategiaconcursos.com.br\/blog\/direito-civil-1a-fase-oab-gabarito-e-recursos\/\" \/>\n<meta property=\"og:locale\" content=\"pt_BR\" \/>\n<meta property=\"og:type\" content=\"article\" \/>\n<meta property=\"og:title\" content=\"Civil 1\u00aa Fase OAB - Gabarito e recursos\" \/>\n<meta property=\"og:description\" content=\"Eu, o Guru do Direito Civil (IG, FB e YT), vou apresentar o gabarito e os recursos da prova de Civil da 1\u00aa Fase do XXVI Exame OAB. Vou fazer alguns coment\u00e1rios sobre a prova e analisar como foi a prova. Logo chega a prova da 2\u00aa Fase; est\u00e1 preparado? O Direito Civil tem 7 [&hellip;]\" \/>\n<meta property=\"og:url\" content=\"https:\/\/www.estrategiaconcursos.com.br\/blog\/direito-civil-1a-fase-oab-gabarito-e-recursos\/\" \/>\n<meta property=\"og:site_name\" content=\"Estrat\u00e9gia Concursos\" \/>\n<meta property=\"article:published_time\" content=\"2018-08-06T19:05:11+00:00\" \/>\n<meta property=\"article:modified_time\" content=\"2019-04-09T18:31:24+00:00\" \/>\n<meta name=\"author\" content=\"Paulo H M Sousa\" \/>\n<meta name=\"twitter:card\" content=\"summary_large_image\" \/>\n<meta name=\"twitter:creator\" content=\"@EstratConcursos\" \/>\n<meta name=\"twitter:site\" content=\"@EstratConcursos\" \/>\n<meta name=\"twitter:label1\" content=\"Escrito por\" \/>\n\t<meta name=\"twitter:data1\" content=\"Paulo H M Sousa\" \/>\n\t<meta name=\"twitter:label2\" content=\"Est. tempo de leitura\" \/>\n\t<meta name=\"twitter:data2\" content=\"10 minutos\" \/>\n<script type=\"application\/ld+json\" class=\"yoast-schema-graph\">{\"@context\":\"https:\/\/schema.org\",\"@graph\":[{\"@type\":\"NewsArticle\",\"@id\":\"https:\/\/www.estrategiaconcursos.com.br\/blog\/direito-civil-1a-fase-oab-gabarito-e-recursos\/#article\",\"isPartOf\":{\"@id\":\"https:\/\/www.estrategiaconcursos.com.br\/blog\/direito-civil-1a-fase-oab-gabarito-e-recursos\/\"},\"author\":{\"name\":\"Paulo H M Sousa\",\"@id\":\"https:\/\/www.estrategiaconcursos.com.br\/blog\/#\/schema\/person\/659a4992e582a2be87908edc68d3786f\"},\"headline\":\"Civil 1\u00aa Fase OAB &#8211; Gabarito e recursos\",\"datePublished\":\"2018-08-06T19:05:11+00:00\",\"dateModified\":\"2019-04-09T18:31:24+00:00\",\"mainEntityOfPage\":{\"@id\":\"https:\/\/www.estrategiaconcursos.com.br\/blog\/direito-civil-1a-fase-oab-gabarito-e-recursos\/\"},\"wordCount\":2012,\"commentCount\":1,\"publisher\":{\"@id\":\"https:\/\/www.estrategiaconcursos.com.br\/blog\/#organization\"},\"articleSection\":[\"Concursos P\u00fablicos\"],\"inLanguage\":\"pt-BR\",\"potentialAction\":[{\"@type\":\"CommentAction\",\"name\":\"Comment\",\"target\":[\"https:\/\/www.estrategiaconcursos.com.br\/blog\/direito-civil-1a-fase-oab-gabarito-e-recursos\/#respond\"]}],\"copyrightYear\":\"2018\",\"copyrightHolder\":{\"@id\":\"https:\/\/www.estrategiaconcursos.com.br\/blog\/#organization\"}},{\"@type\":\"WebPage\",\"@id\":\"https:\/\/www.estrategiaconcursos.com.br\/blog\/direito-civil-1a-fase-oab-gabarito-e-recursos\/\",\"url\":\"https:\/\/www.estrategiaconcursos.com.br\/blog\/direito-civil-1a-fase-oab-gabarito-e-recursos\/\",\"name\":\"Civil 1\u00aa Fase OAB - Gabarito e recursos\",\"isPartOf\":{\"@id\":\"https:\/\/www.estrategiaconcursos.com.br\/blog\/#website\"},\"datePublished\":\"2018-08-06T19:05:11+00:00\",\"dateModified\":\"2019-04-09T18:31:24+00:00\",\"breadcrumb\":{\"@id\":\"https:\/\/www.estrategiaconcursos.com.br\/blog\/direito-civil-1a-fase-oab-gabarito-e-recursos\/#breadcrumb\"},\"inLanguage\":\"pt-BR\",\"potentialAction\":[{\"@type\":\"ReadAction\",\"target\":[\"https:\/\/www.estrategiaconcursos.com.br\/blog\/direito-civil-1a-fase-oab-gabarito-e-recursos\/\"]}]},{\"@type\":\"BreadcrumbList\",\"@id\":\"https:\/\/www.estrategiaconcursos.com.br\/blog\/direito-civil-1a-fase-oab-gabarito-e-recursos\/#breadcrumb\",\"itemListElement\":[{\"@type\":\"ListItem\",\"position\":1,\"name\":\"In\u00edcio\",\"item\":\"https:\/\/www.estrategiaconcursos.com.br\/blog\/\"},{\"@type\":\"ListItem\",\"position\":2,\"name\":\"Civil 1\u00aa Fase OAB &#8211; Gabarito e recursos\"}]},{\"@type\":\"WebSite\",\"@id\":\"https:\/\/www.estrategiaconcursos.com.br\/blog\/#website\",\"url\":\"https:\/\/www.estrategiaconcursos.com.br\/blog\/\",\"name\":\"Estrat\u00e9gia Concursos\",\"description\":\"O blog da Estrat\u00e9gia Concursos traz not\u00edcias sobre concursos e artigos de professores oferecendo cursos para concursos (pdf + videaulas) no site.\",\"publisher\":{\"@id\":\"https:\/\/www.estrategiaconcursos.com.br\/blog\/#organization\"},\"potentialAction\":[{\"@type\":\"SearchAction\",\"target\":{\"@type\":\"EntryPoint\",\"urlTemplate\":\"https:\/\/www.estrategiaconcursos.com.br\/blog\/?s={search_term_string}\"},\"query-input\":{\"@type\":\"PropertyValueSpecification\",\"valueRequired\":true,\"valueName\":\"search_term_string\"}}],\"inLanguage\":\"pt-BR\"},{\"@type\":\"Organization\",\"@id\":\"https:\/\/www.estrategiaconcursos.com.br\/blog\/#organization\",\"name\":\"Estrat\u00e9gia Concursos\",\"url\":\"https:\/\/www.estrategiaconcursos.com.br\/blog\/\",\"logo\":{\"@type\":\"ImageObject\",\"inLanguage\":\"pt-BR\",\"@id\":\"https:\/\/www.estrategiaconcursos.com.br\/blog\/#\/schema\/logo\/image\/\",\"url\":\"https:\/\/dhg1h5j42swfq.cloudfront.net\/2025\/06\/03203428\/logo_concursos-1.jpg\",\"contentUrl\":\"https:\/\/dhg1h5j42swfq.cloudfront.net\/2025\/06\/03203428\/logo_concursos-1.jpg\",\"width\":230,\"height\":60,\"caption\":\"Estrat\u00e9gia Concursos\"},\"image\":{\"@id\":\"https:\/\/www.estrategiaconcursos.com.br\/blog\/#\/schema\/logo\/image\/\"},\"sameAs\":[\"https:\/\/x.com\/EstratConcursos\"]},{\"@type\":\"Person\",\"@id\":\"https:\/\/www.estrategiaconcursos.com.br\/blog\/#\/schema\/person\/659a4992e582a2be87908edc68d3786f\",\"name\":\"Paulo H M Sousa\",\"image\":{\"@type\":\"ImageObject\",\"inLanguage\":\"pt-BR\",\"@id\":\"https:\/\/secure.gravatar.com\/avatar\/6c5538a36475e584e0a1a209a3b92f8b2ecca752f244b8d7db751faab2a292e2?s=96&d=mm&r=g\",\"url\":\"https:\/\/secure.gravatar.com\/avatar\/6c5538a36475e584e0a1a209a3b92f8b2ecca752f244b8d7db751faab2a292e2?s=96&d=mm&r=g\",\"contentUrl\":\"https:\/\/secure.gravatar.com\/avatar\/6c5538a36475e584e0a1a209a3b92f8b2ecca752f244b8d7db751faab2a292e2?s=96&d=mm&r=g\",\"caption\":\"Paulo H M Sousa\"},\"url\":\"https:\/\/www.estrategiaconcursos.com.br\/blog\/author\/paulosousaestrategiaconcursos-com-br\/\"}]}<\/script>\n<!-- \/ Yoast SEO Premium plugin. -->","yoast_head_json":{"title":"Civil 1\u00aa Fase OAB - Gabarito e recursos","robots":{"index":"index","follow":"follow","max-snippet":"max-snippet:-1","max-image-preview":"max-image-preview:large","max-video-preview":"max-video-preview:-1"},"canonical":"https:\/\/www.estrategiaconcursos.com.br\/blog\/direito-civil-1a-fase-oab-gabarito-e-recursos\/","og_locale":"pt_BR","og_type":"article","og_title":"Civil 1\u00aa Fase OAB - Gabarito e recursos","og_description":"Eu, o Guru do Direito Civil (IG, FB e YT), vou apresentar o gabarito e os recursos da prova de Civil da 1\u00aa Fase do XXVI Exame OAB. Vou fazer alguns coment\u00e1rios sobre a prova e analisar como foi a prova. Logo chega a prova da 2\u00aa Fase; est\u00e1 preparado? O Direito Civil tem 7 [&hellip;]","og_url":"https:\/\/www.estrategiaconcursos.com.br\/blog\/direito-civil-1a-fase-oab-gabarito-e-recursos\/","og_site_name":"Estrat\u00e9gia Concursos","article_published_time":"2018-08-06T19:05:11+00:00","article_modified_time":"2019-04-09T18:31:24+00:00","author":"Paulo H M Sousa","twitter_card":"summary_large_image","twitter_creator":"@EstratConcursos","twitter_site":"@EstratConcursos","twitter_misc":{"Escrito por":"Paulo H M Sousa","Est. tempo de leitura":"10 minutos"},"schema":{"@context":"https:\/\/schema.org","@graph":[{"@type":"NewsArticle","@id":"https:\/\/www.estrategiaconcursos.com.br\/blog\/direito-civil-1a-fase-oab-gabarito-e-recursos\/#article","isPartOf":{"@id":"https:\/\/www.estrategiaconcursos.com.br\/blog\/direito-civil-1a-fase-oab-gabarito-e-recursos\/"},"author":{"name":"Paulo H M Sousa","@id":"https:\/\/www.estrategiaconcursos.com.br\/blog\/#\/schema\/person\/659a4992e582a2be87908edc68d3786f"},"headline":"Civil 1\u00aa Fase OAB &#8211; Gabarito e recursos","datePublished":"2018-08-06T19:05:11+00:00","dateModified":"2019-04-09T18:31:24+00:00","mainEntityOfPage":{"@id":"https:\/\/www.estrategiaconcursos.com.br\/blog\/direito-civil-1a-fase-oab-gabarito-e-recursos\/"},"wordCount":2012,"commentCount":1,"publisher":{"@id":"https:\/\/www.estrategiaconcursos.com.br\/blog\/#organization"},"articleSection":["Concursos P\u00fablicos"],"inLanguage":"pt-BR","potentialAction":[{"@type":"CommentAction","name":"Comment","target":["https:\/\/www.estrategiaconcursos.com.br\/blog\/direito-civil-1a-fase-oab-gabarito-e-recursos\/#respond"]}],"copyrightYear":"2018","copyrightHolder":{"@id":"https:\/\/www.estrategiaconcursos.com.br\/blog\/#organization"}},{"@type":"WebPage","@id":"https:\/\/www.estrategiaconcursos.com.br\/blog\/direito-civil-1a-fase-oab-gabarito-e-recursos\/","url":"https:\/\/www.estrategiaconcursos.com.br\/blog\/direito-civil-1a-fase-oab-gabarito-e-recursos\/","name":"Civil 1\u00aa Fase OAB - Gabarito e recursos","isPartOf":{"@id":"https:\/\/www.estrategiaconcursos.com.br\/blog\/#website"},"datePublished":"2018-08-06T19:05:11+00:00","dateModified":"2019-04-09T18:31:24+00:00","breadcrumb":{"@id":"https:\/\/www.estrategiaconcursos.com.br\/blog\/direito-civil-1a-fase-oab-gabarito-e-recursos\/#breadcrumb"},"inLanguage":"pt-BR","potentialAction":[{"@type":"ReadAction","target":["https:\/\/www.estrategiaconcursos.com.br\/blog\/direito-civil-1a-fase-oab-gabarito-e-recursos\/"]}]},{"@type":"BreadcrumbList","@id":"https:\/\/www.estrategiaconcursos.com.br\/blog\/direito-civil-1a-fase-oab-gabarito-e-recursos\/#breadcrumb","itemListElement":[{"@type":"ListItem","position":1,"name":"In\u00edcio","item":"https:\/\/www.estrategiaconcursos.com.br\/blog\/"},{"@type":"ListItem","position":2,"name":"Civil 1\u00aa Fase OAB &#8211; Gabarito e recursos"}]},{"@type":"WebSite","@id":"https:\/\/www.estrategiaconcursos.com.br\/blog\/#website","url":"https:\/\/www.estrategiaconcursos.com.br\/blog\/","name":"Estrat\u00e9gia Concursos","description":"O blog da Estrat\u00e9gia Concursos traz not\u00edcias sobre concursos e artigos de professores oferecendo cursos para concursos (pdf + videaulas) no site.","publisher":{"@id":"https:\/\/www.estrategiaconcursos.com.br\/blog\/#organization"},"potentialAction":[{"@type":"SearchAction","target":{"@type":"EntryPoint","urlTemplate":"https:\/\/www.estrategiaconcursos.com.br\/blog\/?s={search_term_string}"},"query-input":{"@type":"PropertyValueSpecification","valueRequired":true,"valueName":"search_term_string"}}],"inLanguage":"pt-BR"},{"@type":"Organization","@id":"https:\/\/www.estrategiaconcursos.com.br\/blog\/#organization","name":"Estrat\u00e9gia Concursos","url":"https:\/\/www.estrategiaconcursos.com.br\/blog\/","logo":{"@type":"ImageObject","inLanguage":"pt-BR","@id":"https:\/\/www.estrategiaconcursos.com.br\/blog\/#\/schema\/logo\/image\/","url":"https:\/\/dhg1h5j42swfq.cloudfront.net\/2025\/06\/03203428\/logo_concursos-1.jpg","contentUrl":"https:\/\/dhg1h5j42swfq.cloudfront.net\/2025\/06\/03203428\/logo_concursos-1.jpg","width":230,"height":60,"caption":"Estrat\u00e9gia Concursos"},"image":{"@id":"https:\/\/www.estrategiaconcursos.com.br\/blog\/#\/schema\/logo\/image\/"},"sameAs":["https:\/\/x.com\/EstratConcursos"]},{"@type":"Person","@id":"https:\/\/www.estrategiaconcursos.com.br\/blog\/#\/schema\/person\/659a4992e582a2be87908edc68d3786f","name":"Paulo H M Sousa","image":{"@type":"ImageObject","inLanguage":"pt-BR","@id":"https:\/\/secure.gravatar.com\/avatar\/6c5538a36475e584e0a1a209a3b92f8b2ecca752f244b8d7db751faab2a292e2?s=96&d=mm&r=g","url":"https:\/\/secure.gravatar.com\/avatar\/6c5538a36475e584e0a1a209a3b92f8b2ecca752f244b8d7db751faab2a292e2?s=96&d=mm&r=g","contentUrl":"https:\/\/secure.gravatar.com\/avatar\/6c5538a36475e584e0a1a209a3b92f8b2ecca752f244b8d7db751faab2a292e2?s=96&d=mm&r=g","caption":"Paulo H M Sousa"},"url":"https:\/\/www.estrategiaconcursos.com.br\/blog\/author\/paulosousaestrategiaconcursos-com-br\/"}]}},"_links":{"self":[{"href":"https:\/\/www.estrategiaconcursos.com.br\/blog\/wp-json\/wp\/v2\/posts\/135065","targetHints":{"allow":["GET"]}}],"collection":[{"href":"https:\/\/www.estrategiaconcursos.com.br\/blog\/wp-json\/wp\/v2\/posts"}],"about":[{"href":"https:\/\/www.estrategiaconcursos.com.br\/blog\/wp-json\/wp\/v2\/types\/post"}],"author":[{"embeddable":true,"href":"https:\/\/www.estrategiaconcursos.com.br\/blog\/wp-json\/wp\/v2\/users\/218"}],"replies":[{"embeddable":true,"href":"https:\/\/www.estrategiaconcursos.com.br\/blog\/wp-json\/wp\/v2\/comments?post=135065"}],"version-history":[{"count":3,"href":"https:\/\/www.estrategiaconcursos.com.br\/blog\/wp-json\/wp\/v2\/posts\/135065\/revisions"}],"predecessor-version":[{"id":135068,"href":"https:\/\/www.estrategiaconcursos.com.br\/blog\/wp-json\/wp\/v2\/posts\/135065\/revisions\/135068"}],"wp:attachment":[{"href":"https:\/\/www.estrategiaconcursos.com.br\/blog\/wp-json\/wp\/v2\/media?parent=135065"}],"wp:term":[{"taxonomy":"category","embeddable":true,"href":"https:\/\/www.estrategiaconcursos.com.br\/blog\/wp-json\/wp\/v2\/categories?post=135065"},{"taxonomy":"post_tag","embeddable":true,"href":"https:\/\/www.estrategiaconcursos.com.br\/blog\/wp-json\/wp\/v2\/tags?post=135065"},{"taxonomy":"tax_estado","embeddable":true,"href":"https:\/\/www.estrategiaconcursos.com.br\/blog\/wp-json\/wp\/v2\/tax_estado?post=135065"}],"curies":[{"name":"wp","href":"https:\/\/api.w.org\/{rel}","templated":true}]}}