{"id":134772,"date":"2018-08-04T11:29:58","date_gmt":"2018-08-04T14:29:58","guid":{"rendered":"https:\/\/www.estrategiaconcursos.com.br\/blog\/?p=134772"},"modified":"2018-08-04T12:00:18","modified_gmt":"2018-08-04T15:00:18","slug":"principais-movimentos-musicais-brasileiros","status":"publish","type":"post","link":"https:\/\/www.estrategiaconcursos.com.br\/blog\/principais-movimentos-musicais-brasileiros\/","title":{"rendered":"Principais movimentos musicais brasileiros"},"content":{"rendered":"<p style=\"text-align: center\"><strong>Principais movimentos musicais brasileiros<\/strong><\/p>\n<p style=\"text-align: justify\"><strong>Ol\u00e1, pessoal! Galera esperta do ENEM!!<\/strong><\/p>\n<div id=\"attachment_134785\" style=\"width: 310px\" class=\"wp-caption alignleft\"><a href=\"https:\/\/www.estrategiaconcursos.com.br\/blog\/principais-movimentos-musicais-brasileiros\/ritmosmusicaisbrasileiro\/\" rel=\"attachment wp-att-134785\"><img loading=\"lazy\" decoding=\"async\" aria-describedby=\"caption-attachment-134785\" class=\"wp-image-134785 size-medium\" src=\"https:\/\/dhg1h5j42swfq.cloudfront.net\/2018\/08\/04111818\/ritmosmusicaisbrasileiro.jpg\" alt=\"\" width=\"300\" height=\"150\" srcset=\"https:\/\/dhg1h5j42swfq.cloudfront.net\/2018\/08\/04111818\/ritmosmusicaisbrasileiro.jpg 1260w, https:\/\/dhg1h5j42swfq.cloudfront.net\/2018\/08\/04111818\/ritmosmusicaisbrasileiro.jpg 300w, https:\/\/dhg1h5j42swfq.cloudfront.net\/2018\/08\/04111818\/ritmosmusicaisbrasileiro.jpg 768w, https:\/\/dhg1h5j42swfq.cloudfront.net\/2018\/08\/04111818\/ritmosmusicaisbrasileiro.jpg 1024w, https:\/\/dhg1h5j42swfq.cloudfront.net\/2018\/08\/04111818\/ritmosmusicaisbrasileiro.jpg 610w\" sizes=\"auto, (max-width: 300px) 100vw, 300px\" \/><\/a><p id=\"caption-attachment-134785\" class=\"wp-caption-text\">M\u00fasica ENEM<\/p><\/div>\n<p style=\"text-align: justify\">Neste artigo vamos falar sobre os <span style=\"text-decoration: underline\"><strong>principais movimentos musicais brasileiros<\/strong><\/span> que apareceram no s\u00e9culo XX e que <span style=\"text-decoration: underline\"><strong>est\u00e3o relacionados aos princ\u00edpios modernistas.<\/strong><\/span><br \/>\nNa d\u00e9cada de 1950, surge a <em><strong>Bossa Nova<\/strong><\/em>, movimento que permutava jazz e samba. J\u00e1 na d\u00e9cada de 1960, surgem v\u00e1rias tend\u00eancias, tais como a representada por Chico Buarque, que ainda tinha uma acep\u00e7\u00e3o bossa-novista; as<em><strong> &#8220;Can\u00e7\u00f5es de Protesto&#8221;<\/strong><\/em>, como em Geraldo Vandr\u00e9, que se recusavam a aceitar o elemento estrangeiro e propunham a can\u00e7\u00e3o como um lugar de cr\u00edtica sociopol\u00edtica; a <em><strong>Jovem Guarda<\/strong><\/em>, da qual n\u00e3o vamos falar aqui, pois n\u00e3o possuem influ\u00eancia direta do movimento modernista; e, finalmente, os <em><strong>Tropicalistas<\/strong><\/em> que propunham uma inova\u00e7\u00e3o est\u00e9tica, sendo o grande marco da pr\u00e1tica antropof\u00e1gica modernista.<\/p>\n<p style=\"text-align: justify\"><strong><span style=\"color: #0000ff\"><em>J\u00e1 ouviram falar sobre esses movimentos, certo? Ent\u00e3o vamos aprofundar mais um pouco!<\/em><\/span><\/strong><\/p>\n<p style=\"text-align: justify\"><span style=\"color: #0000ff\"><strong>A bossa-nova<\/strong><\/span><\/p>\n<p style=\"text-align: justify\">No final da d\u00e9cada de 1950, surge na zona sul do Rio de Janeiro, entre a classe m\u00e9dia e classe m\u00e9dia alta, a Bossa Nova. O movimento foi encabe\u00e7ado por figuras hoje notoriamente conhecidas da M\u00fasica Popular Brasileira, como os m\u00fasicos Jo\u00e3o Gilberto, Tom Jobim e, conforme voc\u00ea deve se lembrar da aula de segunda gera\u00e7\u00e3o do modernismo brasileiro, o poeta e m\u00fasico Vin\u00edcius de Moraes.<br \/>\nO termo bossa nova possui vasta utiliza\u00e7\u00e3o na m\u00fasica brasileira em que j\u00e1 havia sido verso de Noel Rosa e designava um tipo de samba. Inicialmente, indicava apenas o novo jeito dos jovens cantores de performarem o samba, estilo nascido nos morros cariocas, mas, posteriormente incluiu elementos de estilos como o jazz e o choro, e fizeram florescer uma nova consci\u00eancia est\u00e9tica na MPB.<\/p>\n<p style=\"text-align: justify\">A partir de 1957, os encontros entre esses jovens tornaram-se mais frequente e entre uma can\u00e7\u00e3o composta ou ouvida Nara Le\u00e3o, Tom Jobim, Billy Blanco, Carlos Lyra, Roberto Menescal, S\u00e9rgio Ricardo, Jo\u00e3o Gilberto, Vinicius de Moraes, Ronaldo B\u00f4scoli, estabeleciam um novo paradigma para a m\u00fasica brasileira.<br \/>\nO marco do movimento foi o lan\u00e7amento do disco de Jo\u00e3o Gilberto em 1958, com letras autorais, de Tom Jobim e Vinicius de Moraes. As letras da Bossa Nova eram leves e com compromisso mais est\u00e9tico que social. E seus cantores n\u00e3o precisavam ter uma grande voz potente, pois o canto era quase falado.<br \/>\nEssa talvez tenha sido um dos movimentos da MPB que mais tenha sido reconhecido no exterior. Os artistas dessa \u00e9poca fizeram muitas apresenta\u00e7\u00f5es e venderam muitos discos fora do Brasil, al\u00e9m de terem sido interpretados por grandes nomes da m\u00fasica internacional, como Ella Fitzgerald. Em 1962, m\u00fasicos como Tom Jobim, Jo\u00e3o Gilberto, Carlos Lyra, se apresentaram Carnegie Hall, em Nova Iorque, marcando a Bossa Nova como um expoente brasileiro.<br \/>\nEm meados da d\u00e9cada de 1960, influenciados pelo Centro Popular de Cultura da Uni\u00e3o Nacional dos Estudantes, um grupo formado por Marcos Valle, Dori Caymmi, Edu Lobo e Francis Hime inspirou-se em reaproximar a Bossa Nova as culturas brasileiras novamente. Dessa forma, surge uma corrente bossa-novista que pretende aderir ao social, inserindo sambistas como Z\u00e9 Ketti, Cartola e Nelson Cavaquinho, mais o nordeste circunspecto em Jo\u00e3o do Vale, nas pr\u00e1ticas do grupo da m\u00e9dia. Aderiram a essa corrente, al\u00e9m dos nomes j\u00e1 citados, Nara Le\u00e3o, Carlos Lyra e Vinicius de Moraes e Baden Powell.<br \/>\nA Bossa Nova influenciou muito as outras gera\u00e7\u00f5es de m\u00fasicos brasileiros, chegando, por exemplo, ao rock nacional, nos anos 1980, em artistas como Cazuza e Lob\u00e3o.<\/p>\n<p style=\"text-align: justify\"><span style=\"color: #0000ff\"><strong>Can\u00e7\u00e3o de protesto<\/strong><\/span><\/p>\n<p style=\"text-align: justify\">A da d\u00e9cada de 1960 n\u00e3o s\u00f3 no Brasil as can\u00e7\u00f5es come\u00e7am a se politizar, funcionando como panfletos. As bandas brit\u00e2nicas Beatles e Rolling Stones, no rock, respondendo a Guerra do Vietn\u00e3, e no Brasil, a Ditadura Militar, a partir de 1964, com m\u00fasicos como Chico Buarque Geraldo Vandr\u00e9, entre outros.<br \/>\nEssa segunda corrente da m\u00fasica brasileira nasce na segunda gera\u00e7\u00e3o da Bossa Nova, ou seja, essa \u00e9 a origem das Can\u00e7\u00f5es de Protesto, surgidas nos grandes festivais de m\u00fasica. O rompimento acontece porque esses artistas j\u00e1 n\u00e3o tinham tanta rela\u00e7\u00e3o com o que propunham os bossa-novistas.<br \/>\nA m\u00fasica ou can\u00e7\u00e3o de protesto surge no Brasil, a partir dos Centros Populares de Cultura da UNE. A m\u00fasica era aliada do engajamento pol\u00edtico.<\/p>\n<p style=\"text-align: justify\"><span style=\"color: #0000ff\"><strong>Tropicalismo<\/strong><\/span><\/p>\n<p style=\"text-align: justify\">A Tropic\u00e1lia foi um movimento na m\u00fasica popular brasileira, surgido no final dos anos 1960, influenciado pelos movimentos de vanguarda que vimos nas \u00faltimas aulas e pela cultura pop, isto \u00e9, misturava a cultura brasileira a outras est\u00e9ticas. Como o Brasil vivia o clima da Ditadura Militar o movimento amalgamou-se sob o objetivo de combater esse regime atrav\u00e9s da m\u00fasica. O nome do movimento se deu pela imprensa, que assim os rotulavam, a partir da obra de Helio Oiticida (ver aula passada).A inova\u00e7\u00e3o est\u00e9tica, para a Tropic\u00e1lia, era a arma contra o sistema.<\/p>\n<p style=\"text-align: justify\">O movimento criava m\u00fasicas n\u00e3o s\u00f3 militantes, mas que pudessem ser atemporalmente apreciadas atrav\u00e9s da inova\u00e7\u00e3o lingu\u00edstica (linguagem po\u00e9tica) e que misturassem a cultura popular \u00e0 erudita. Dessa forma, o conte\u00fado direto das letras n\u00e3o se relacionava \u00e0s quest\u00f5es pol\u00edticas, mas podiam ser interpretadas por esse vi\u00e9s. Por isso, tamb\u00e9m eram cr\u00edticos por aqueles que defendiam as m\u00fasicas de protesto, pois acreditavam que os Tropicalistas n\u00e3o possu\u00edam o engajamento necess\u00e1rio para a \u00e9poca e que a mescla de instrumentos populares e eruditos era uma heresia.<\/p>\n<p style=\"text-align: justify\">Voc\u00ea se lembra da vanguarda brasileira inspirada nas vanguardas europeias? Ent\u00e3o, a Antropofagia, proposta durante as d\u00e9cadas de 1920 e 1930, foi uma influ\u00eancia para os Tropicalistas, bem como o a Pop Art e o Concretismo brasileiro.Os principais nomes relacionados ao Tropicalismo foram Caetano Veloso, Gal Costa, Gilberto Gil e Tom Z\u00e9. O movimento nasceu no nordeste brasileiro, mais especificamente na Bahia. O pontap\u00e9 foi dado a partir do Festival de M\u00fasica Popular Brasileira (festivais promovidos pela Rede Record e Globo). Nesse festival, Caetano Veloso interpretou \u201cAlegria, Alegria\u201d, em 1967, e Gilberto Gil interpretou &#8220;Domingo no Parque&#8221;, ao lado da banda Os Mutantes.<\/p>\n<p>ALEGRIA, ALEGRIA<\/p>\n<p>Caminhando contra o vento<br \/>\nSem len\u00e7o, sem documento<br \/>\nNo sol de quase dezembro<br \/>\nEu vou<\/p>\n<p>O sol se reparte em crimes,<br \/>\nEspa\u00e7onaves, guerrilhas<br \/>\nEm cardinales bonitas<br \/>\nEu vou<\/p>\n<p>Em caras de presidentes<br \/>\nEm grandes beijos de amor<br \/>\nEm dentes, pernas, bandeiras<br \/>\nBomba e brigitte bardot<br \/>\nO sol nas bancas de revista<br \/>\nMe enche de alegria e pregui\u00e7a<br \/>\nQuem l\u00ea tanta not\u00edcia<br \/>\nEu vou<br \/>\n(&#8230;)<\/p>\n<p>DOMINGO NO PARQUE<\/p>\n<p>O rei da brincadeira (\u00ea, Jos\u00e9)<br \/>\nO rei da confus\u00e3o (\u00ea, Jo\u00e3o)<br \/>\nUm trabalhava na feira (\u00ea, Jos\u00e9)<br \/>\nOutro na constru\u00e7\u00e3o (\u00ea, Jo\u00e3o)<\/p>\n<p>A semana passada, no fim da semana<br \/>\nJo\u00e3o resolveu n\u00e3o brigar<br \/>\nNo domingo de tarde saiu apressado<br \/>\nE n\u00e3o foi pra Ribeira jogar capoeira<br \/>\nN\u00e3o foi pra l\u00e1, pra Ribeira, foi namorar<br \/>\nO Jos\u00e9 como sempre no fim da semana<br \/>\nGuardou a barraca e sumiu<br \/>\nFoi fazer no domingo um passeio no parque<br \/>\nL\u00e1 perto da Boca do Rio<br \/>\nFoi no parque que ele avistou Juliana<br \/>\nFoi que ele viu<br \/>\nFoi que ele viu Juliana na roda com Jo\u00e3o<br \/>\nUma rosa e um sorvete na m\u00e3o<br \/>\nJuliana seu sonho, uma ilus\u00e3o<br \/>\nJuliana e o amigo Jo\u00e3o<br \/>\nO espinho da rosa feriu Z\u00e9<br \/>\nE o sorvete gelou seu cora\u00e7\u00e3o<br \/>\n(&#8230;)<\/p>\n<p style=\"text-align: justify\">No final de 1968, o movimento come\u00e7a a se desmantelar. Em uma apresenta\u00e7\u00e3o Caetano Veloso teria \u201cdesrespeitado\u201d a bandeira e hino do Brasil, o que motivou sua pris\u00e3o e ex\u00edlio no Reino Unido. Ap\u00f3s esse epis\u00f3dio, marcado como o fim do movimento, aparecem os P\u00f3s-Tropicalistas, de car\u00e1ter soturno e sombrio, cuja tem\u00e1tica principal era a morte. Dessa \u00e9poca, podemos citar nomes como Jards Macal\u00e9, S\u00e9rgio Sampaio, Jorge Mautner e Secos &amp; Molhados. Assumiam tamb\u00e9m posturas mais hippies, como os Novos Baianos.<\/p>\n<p>&nbsp;<\/p>\n<div id=\"attachment_109544\" style=\"width: 195px\" class=\"wp-caption alignleft\"><a href=\"https:\/\/www.estrategiaconcursos.com.br\/blog\/concurso-psicologia-trt\/coruja-5\/\" rel=\"attachment wp-att-109544\"><img loading=\"lazy\" decoding=\"async\" aria-describedby=\"caption-attachment-109544\" class=\"wp-image-109544\" src=\"https:\/\/dhg1h5j42swfq.cloudfront.net\/2018\/03\/06160425\/Coruja.png\" alt=\"concurso\" width=\"185\" height=\"131\" srcset=\"https:\/\/dhg1h5j42swfq.cloudfront.net\/2018\/03\/06160425\/Coruja.png 3508w, https:\/\/dhg1h5j42swfq.cloudfront.net\/2018\/03\/06160425\/Coruja.png 300w, https:\/\/dhg1h5j42swfq.cloudfront.net\/2018\/03\/06160425\/Coruja.png 768w, https:\/\/dhg1h5j42swfq.cloudfront.net\/2018\/03\/06160425\/Coruja.png 1024w, https:\/\/dhg1h5j42swfq.cloudfront.net\/2018\/03\/06160425\/Coruja.png 610w\" sizes=\"auto, (max-width: 185px) 100vw, 185px\" \/><\/a><p id=\"caption-attachment-109544\" class=\"wp-caption-text\">M\u00fasica ENEM<\/p><\/div>\n<p>Quer saber mais sobre a nossa arte liter\u00e1ria? Assista \u00e0 aula GRATUITA: <a href=\"https:\/\/www.youtube.com\/watch?v=TGlW6yp_o3c\" target=\"_blank\" rel=\"noopener\">Literatura com Rafaela Freitas<\/a><\/p>\n<p>Espero que tenham gostado do conte\u00fado!<\/p>\n<p>Ah! J\u00e1 conhecem o canal do Estrat\u00e9gia ENEM? N\u00e3o! Ent\u00e3o: <a href=\"https:\/\/www.youtube.com\/channel\/UC7OnZODw1SNhfs0CDyVNTKg\" target=\"_blank\" rel=\"noopener\">CLIQUE AQUI<\/a><\/p>\n<p>&nbsp;<\/p>\n<p>Estou \u00e0 disposi\u00e7\u00e3o.<\/p>\n<p>Abra\u00e7o!<\/p>\n<p>Professora Rafaela Freitas<\/p>\n<p>professorarafaelafreitas@gmail.com<\/p>\n","protected":false},"excerpt":{"rendered":"<p>Principais movimentos musicais brasileiros Ol\u00e1, pessoal! Galera esperta do ENEM!! Neste artigo vamos falar sobre os principais movimentos musicais brasileiros que apareceram no s\u00e9culo XX e que est\u00e3o relacionados aos princ\u00edpios modernistas. Na d\u00e9cada de 1950, surge a Bossa Nova, movimento que permutava jazz e samba. J\u00e1 na d\u00e9cada de 1960, surgem v\u00e1rias tend\u00eancias, tais [&hellip;]<\/p>\n","protected":false},"author":190,"featured_media":134785,"comment_status":"open","ping_status":"closed","sticky":false,"template":"","format":"standard","meta":{"post_tipo":"article","footnotes":""},"categories":[],"tags":[13631,13632,3523,1678,13630,13634,13633,13635],"tax_estado":[],"class_list":["post-134772","post","type-post","status-publish","format-standard","has-post-thumbnail","hentry","tag-arte-enem","tag-artes","tag-enem-2018","tag-literatura-enem","tag-literatura-enem-2018","tag-movimentos-musicais","tag-musica","tag-musica-no-enem"],"acf":[],"yoast_head":"<!-- This site is optimized with the Yoast SEO Premium plugin v27.2 (Yoast SEO v27.2) - https:\/\/yoast.com\/product\/yoast-seo-premium-wordpress\/ -->\n<title>Principais movimentos musicais brasileiros que apareceram no s\u00e9culo XX %<\/title>\n<meta name=\"description\" content=\"principais movimentos musicais brasileiros que apareceram no s\u00e9culo XX e que est\u00e3o relacionados aos princ\u00edpios modernistas.\" \/>\n<meta name=\"robots\" content=\"index, follow, max-snippet:-1, max-image-preview:large, max-video-preview:-1\" \/>\n<link rel=\"canonical\" href=\"https:\/\/www.estrategiaconcursos.com.br\/blog\/principais-movimentos-musicais-brasileiros\/\" \/>\n<meta property=\"og:locale\" content=\"pt_BR\" \/>\n<meta property=\"og:type\" content=\"article\" \/>\n<meta property=\"og:title\" content=\"Principais movimentos musicais brasileiros\" \/>\n<meta property=\"og:description\" content=\"principais movimentos musicais brasileiros que apareceram no s\u00e9culo XX e que est\u00e3o relacionados aos princ\u00edpios modernistas.\" \/>\n<meta property=\"og:url\" content=\"https:\/\/www.estrategiaconcursos.com.br\/blog\/principais-movimentos-musicais-brasileiros\/\" \/>\n<meta property=\"og:site_name\" content=\"Estrat\u00e9gia Concursos\" \/>\n<meta property=\"article:published_time\" content=\"2018-08-04T14:29:58+00:00\" \/>\n<meta property=\"article:modified_time\" content=\"2018-08-04T15:00:18+00:00\" \/>\n<meta property=\"og:image\" content=\"https:\/\/dhg1h5j42swfq.cloudfront.net\/2018\/08\/04111818\/ritmosmusicaisbrasileiro.jpg\" \/>\n\t<meta property=\"og:image:width\" content=\"1260\" \/>\n\t<meta property=\"og:image:height\" content=\"630\" \/>\n\t<meta property=\"og:image:type\" content=\"image\/jpeg\" \/>\n<meta name=\"author\" content=\"Rafaela Freitas\" \/>\n<meta name=\"twitter:card\" content=\"summary_large_image\" \/>\n<meta name=\"twitter:creator\" content=\"@EstratConcursos\" \/>\n<meta name=\"twitter:site\" content=\"@EstratConcursos\" \/>\n<meta name=\"twitter:label1\" content=\"Escrito por\" \/>\n\t<meta name=\"twitter:data1\" content=\"Rafaela Freitas\" \/>\n\t<meta name=\"twitter:label2\" content=\"Est. tempo de leitura\" \/>\n\t<meta name=\"twitter:data2\" content=\"7 minutos\" \/>\n<script type=\"application\/ld+json\" class=\"yoast-schema-graph\">{\"@context\":\"https:\/\/schema.org\",\"@graph\":[{\"@type\":\"NewsArticle\",\"@id\":\"https:\/\/www.estrategiaconcursos.com.br\/blog\/principais-movimentos-musicais-brasileiros\/#article\",\"isPartOf\":{\"@id\":\"https:\/\/www.estrategiaconcursos.com.br\/blog\/principais-movimentos-musicais-brasileiros\/\"},\"author\":{\"name\":\"Rafaela Freitas\",\"@id\":\"https:\/\/www.estrategiaconcursos.com.br\/blog\/#\/schema\/person\/b91f2c79fa09f992bd34e4182afb626c\"},\"headline\":\"Principais movimentos musicais brasileiros\",\"datePublished\":\"2018-08-04T14:29:58+00:00\",\"dateModified\":\"2018-08-04T15:00:18+00:00\",\"mainEntityOfPage\":{\"@id\":\"https:\/\/www.estrategiaconcursos.com.br\/blog\/principais-movimentos-musicais-brasileiros\/\"},\"wordCount\":1436,\"commentCount\":5,\"publisher\":{\"@id\":\"https:\/\/www.estrategiaconcursos.com.br\/blog\/#organization\"},\"image\":{\"@id\":\"https:\/\/www.estrategiaconcursos.com.br\/blog\/principais-movimentos-musicais-brasileiros\/#primaryimage\"},\"thumbnailUrl\":\"https:\/\/dhg1h5j42swfq.cloudfront.net\/2018\/08\/04111818\/ritmosmusicaisbrasileiro.jpg\",\"keywords\":[\"ARTE ENEM\",\"ARTES\",\"enem 2018\",\"LITERATURA ENEM\",\"LITERATURA ENEM 2018\",\"MOVIMENTOS MUSICAIS\",\"M\u00daSICA\",\"M\u00daSICA NO ENEM\"],\"inLanguage\":\"pt-BR\",\"potentialAction\":[{\"@type\":\"CommentAction\",\"name\":\"Comment\",\"target\":[\"https:\/\/www.estrategiaconcursos.com.br\/blog\/principais-movimentos-musicais-brasileiros\/#respond\"]}],\"copyrightYear\":\"2018\",\"copyrightHolder\":{\"@id\":\"https:\/\/www.estrategiaconcursos.com.br\/blog\/#organization\"}},{\"@type\":\"WebPage\",\"@id\":\"https:\/\/www.estrategiaconcursos.com.br\/blog\/principais-movimentos-musicais-brasileiros\/\",\"url\":\"https:\/\/www.estrategiaconcursos.com.br\/blog\/principais-movimentos-musicais-brasileiros\/\",\"name\":\"Principais movimentos musicais brasileiros que apareceram no s\u00e9culo XX %\",\"isPartOf\":{\"@id\":\"https:\/\/www.estrategiaconcursos.com.br\/blog\/#website\"},\"primaryImageOfPage\":{\"@id\":\"https:\/\/www.estrategiaconcursos.com.br\/blog\/principais-movimentos-musicais-brasileiros\/#primaryimage\"},\"image\":{\"@id\":\"https:\/\/www.estrategiaconcursos.com.br\/blog\/principais-movimentos-musicais-brasileiros\/#primaryimage\"},\"thumbnailUrl\":\"https:\/\/dhg1h5j42swfq.cloudfront.net\/2018\/08\/04111818\/ritmosmusicaisbrasileiro.jpg\",\"datePublished\":\"2018-08-04T14:29:58+00:00\",\"dateModified\":\"2018-08-04T15:00:18+00:00\",\"description\":\"principais movimentos musicais brasileiros que apareceram no s\u00e9culo XX e que est\u00e3o relacionados aos princ\u00edpios modernistas.\",\"breadcrumb\":{\"@id\":\"https:\/\/www.estrategiaconcursos.com.br\/blog\/principais-movimentos-musicais-brasileiros\/#breadcrumb\"},\"inLanguage\":\"pt-BR\",\"potentialAction\":[{\"@type\":\"ReadAction\",\"target\":[\"https:\/\/www.estrategiaconcursos.com.br\/blog\/principais-movimentos-musicais-brasileiros\/\"]}]},{\"@type\":\"ImageObject\",\"inLanguage\":\"pt-BR\",\"@id\":\"https:\/\/www.estrategiaconcursos.com.br\/blog\/principais-movimentos-musicais-brasileiros\/#primaryimage\",\"url\":\"https:\/\/dhg1h5j42swfq.cloudfront.net\/2018\/08\/04111818\/ritmosmusicaisbrasileiro.jpg\",\"contentUrl\":\"https:\/\/dhg1h5j42swfq.cloudfront.net\/2018\/08\/04111818\/ritmosmusicaisbrasileiro.jpg\",\"width\":1260,\"height\":630},{\"@type\":\"BreadcrumbList\",\"@id\":\"https:\/\/www.estrategiaconcursos.com.br\/blog\/principais-movimentos-musicais-brasileiros\/#breadcrumb\",\"itemListElement\":[{\"@type\":\"ListItem\",\"position\":1,\"name\":\"In\u00edcio\",\"item\":\"https:\/\/www.estrategiaconcursos.com.br\/blog\/\"},{\"@type\":\"ListItem\",\"position\":2,\"name\":\"Principais movimentos musicais brasileiros\"}]},{\"@type\":\"WebSite\",\"@id\":\"https:\/\/www.estrategiaconcursos.com.br\/blog\/#website\",\"url\":\"https:\/\/www.estrategiaconcursos.com.br\/blog\/\",\"name\":\"Estrat\u00e9gia Concursos\",\"description\":\"O blog da Estrat\u00e9gia Concursos traz not\u00edcias sobre concursos e artigos de professores oferecendo cursos para concursos (pdf + videaulas) no site.\",\"publisher\":{\"@id\":\"https:\/\/www.estrategiaconcursos.com.br\/blog\/#organization\"},\"potentialAction\":[{\"@type\":\"SearchAction\",\"target\":{\"@type\":\"EntryPoint\",\"urlTemplate\":\"https:\/\/www.estrategiaconcursos.com.br\/blog\/?s={search_term_string}\"},\"query-input\":{\"@type\":\"PropertyValueSpecification\",\"valueRequired\":true,\"valueName\":\"search_term_string\"}}],\"inLanguage\":\"pt-BR\"},{\"@type\":\"Organization\",\"@id\":\"https:\/\/www.estrategiaconcursos.com.br\/blog\/#organization\",\"name\":\"Estrat\u00e9gia Concursos\",\"url\":\"https:\/\/www.estrategiaconcursos.com.br\/blog\/\",\"logo\":{\"@type\":\"ImageObject\",\"inLanguage\":\"pt-BR\",\"@id\":\"https:\/\/www.estrategiaconcursos.com.br\/blog\/#\/schema\/logo\/image\/\",\"url\":\"https:\/\/dhg1h5j42swfq.cloudfront.net\/2025\/06\/03203428\/logo_concursos-1.jpg\",\"contentUrl\":\"https:\/\/dhg1h5j42swfq.cloudfront.net\/2025\/06\/03203428\/logo_concursos-1.jpg\",\"width\":230,\"height\":60,\"caption\":\"Estrat\u00e9gia Concursos\"},\"image\":{\"@id\":\"https:\/\/www.estrategiaconcursos.com.br\/blog\/#\/schema\/logo\/image\/\"},\"sameAs\":[\"https:\/\/x.com\/EstratConcursos\"]},{\"@type\":\"Person\",\"@id\":\"https:\/\/www.estrategiaconcursos.com.br\/blog\/#\/schema\/person\/b91f2c79fa09f992bd34e4182afb626c\",\"name\":\"Rafaela Freitas\",\"image\":{\"@type\":\"ImageObject\",\"inLanguage\":\"pt-BR\",\"@id\":\"https:\/\/secure.gravatar.com\/avatar\/97ece78bdb320995d343d6c012a26475a2b8b6a591c52fbbd62c62640f68911e?s=96&d=mm&r=g\",\"url\":\"https:\/\/secure.gravatar.com\/avatar\/97ece78bdb320995d343d6c012a26475a2b8b6a591c52fbbd62c62640f68911e?s=96&d=mm&r=g\",\"contentUrl\":\"https:\/\/secure.gravatar.com\/avatar\/97ece78bdb320995d343d6c012a26475a2b8b6a591c52fbbd62c62640f68911e?s=96&d=mm&r=g\",\"caption\":\"Rafaela Freitas\"},\"url\":\"https:\/\/www.estrategiaconcursos.com.br\/blog\/author\/rafaelafreitasestrategiaconcursos-com-br\/\"}]}<\/script>\n<!-- \/ Yoast SEO Premium plugin. -->","yoast_head_json":{"title":"Principais movimentos musicais brasileiros que apareceram no s\u00e9culo XX %","description":"principais movimentos musicais brasileiros que apareceram no s\u00e9culo XX e que est\u00e3o relacionados aos princ\u00edpios modernistas.","robots":{"index":"index","follow":"follow","max-snippet":"max-snippet:-1","max-image-preview":"max-image-preview:large","max-video-preview":"max-video-preview:-1"},"canonical":"https:\/\/www.estrategiaconcursos.com.br\/blog\/principais-movimentos-musicais-brasileiros\/","og_locale":"pt_BR","og_type":"article","og_title":"Principais movimentos musicais brasileiros","og_description":"principais movimentos musicais brasileiros que apareceram no s\u00e9culo XX e que est\u00e3o relacionados aos princ\u00edpios modernistas.","og_url":"https:\/\/www.estrategiaconcursos.com.br\/blog\/principais-movimentos-musicais-brasileiros\/","og_site_name":"Estrat\u00e9gia Concursos","article_published_time":"2018-08-04T14:29:58+00:00","article_modified_time":"2018-08-04T15:00:18+00:00","og_image":[{"width":1260,"height":630,"url":"https:\/\/dhg1h5j42swfq.cloudfront.net\/2018\/08\/04111818\/ritmosmusicaisbrasileiro.jpg","type":"image\/jpeg"}],"author":"Rafaela Freitas","twitter_card":"summary_large_image","twitter_creator":"@EstratConcursos","twitter_site":"@EstratConcursos","twitter_misc":{"Escrito por":"Rafaela Freitas","Est. tempo de leitura":"7 minutos"},"schema":{"@context":"https:\/\/schema.org","@graph":[{"@type":"NewsArticle","@id":"https:\/\/www.estrategiaconcursos.com.br\/blog\/principais-movimentos-musicais-brasileiros\/#article","isPartOf":{"@id":"https:\/\/www.estrategiaconcursos.com.br\/blog\/principais-movimentos-musicais-brasileiros\/"},"author":{"name":"Rafaela Freitas","@id":"https:\/\/www.estrategiaconcursos.com.br\/blog\/#\/schema\/person\/b91f2c79fa09f992bd34e4182afb626c"},"headline":"Principais movimentos musicais brasileiros","datePublished":"2018-08-04T14:29:58+00:00","dateModified":"2018-08-04T15:00:18+00:00","mainEntityOfPage":{"@id":"https:\/\/www.estrategiaconcursos.com.br\/blog\/principais-movimentos-musicais-brasileiros\/"},"wordCount":1436,"commentCount":5,"publisher":{"@id":"https:\/\/www.estrategiaconcursos.com.br\/blog\/#organization"},"image":{"@id":"https:\/\/www.estrategiaconcursos.com.br\/blog\/principais-movimentos-musicais-brasileiros\/#primaryimage"},"thumbnailUrl":"https:\/\/dhg1h5j42swfq.cloudfront.net\/2018\/08\/04111818\/ritmosmusicaisbrasileiro.jpg","keywords":["ARTE ENEM","ARTES","enem 2018","LITERATURA ENEM","LITERATURA ENEM 2018","MOVIMENTOS MUSICAIS","M\u00daSICA","M\u00daSICA NO ENEM"],"inLanguage":"pt-BR","potentialAction":[{"@type":"CommentAction","name":"Comment","target":["https:\/\/www.estrategiaconcursos.com.br\/blog\/principais-movimentos-musicais-brasileiros\/#respond"]}],"copyrightYear":"2018","copyrightHolder":{"@id":"https:\/\/www.estrategiaconcursos.com.br\/blog\/#organization"}},{"@type":"WebPage","@id":"https:\/\/www.estrategiaconcursos.com.br\/blog\/principais-movimentos-musicais-brasileiros\/","url":"https:\/\/www.estrategiaconcursos.com.br\/blog\/principais-movimentos-musicais-brasileiros\/","name":"Principais movimentos musicais brasileiros que apareceram no s\u00e9culo XX %","isPartOf":{"@id":"https:\/\/www.estrategiaconcursos.com.br\/blog\/#website"},"primaryImageOfPage":{"@id":"https:\/\/www.estrategiaconcursos.com.br\/blog\/principais-movimentos-musicais-brasileiros\/#primaryimage"},"image":{"@id":"https:\/\/www.estrategiaconcursos.com.br\/blog\/principais-movimentos-musicais-brasileiros\/#primaryimage"},"thumbnailUrl":"https:\/\/dhg1h5j42swfq.cloudfront.net\/2018\/08\/04111818\/ritmosmusicaisbrasileiro.jpg","datePublished":"2018-08-04T14:29:58+00:00","dateModified":"2018-08-04T15:00:18+00:00","description":"principais movimentos musicais brasileiros que apareceram no s\u00e9culo XX e que est\u00e3o relacionados aos princ\u00edpios modernistas.","breadcrumb":{"@id":"https:\/\/www.estrategiaconcursos.com.br\/blog\/principais-movimentos-musicais-brasileiros\/#breadcrumb"},"inLanguage":"pt-BR","potentialAction":[{"@type":"ReadAction","target":["https:\/\/www.estrategiaconcursos.com.br\/blog\/principais-movimentos-musicais-brasileiros\/"]}]},{"@type":"ImageObject","inLanguage":"pt-BR","@id":"https:\/\/www.estrategiaconcursos.com.br\/blog\/principais-movimentos-musicais-brasileiros\/#primaryimage","url":"https:\/\/dhg1h5j42swfq.cloudfront.net\/2018\/08\/04111818\/ritmosmusicaisbrasileiro.jpg","contentUrl":"https:\/\/dhg1h5j42swfq.cloudfront.net\/2018\/08\/04111818\/ritmosmusicaisbrasileiro.jpg","width":1260,"height":630},{"@type":"BreadcrumbList","@id":"https:\/\/www.estrategiaconcursos.com.br\/blog\/principais-movimentos-musicais-brasileiros\/#breadcrumb","itemListElement":[{"@type":"ListItem","position":1,"name":"In\u00edcio","item":"https:\/\/www.estrategiaconcursos.com.br\/blog\/"},{"@type":"ListItem","position":2,"name":"Principais movimentos musicais brasileiros"}]},{"@type":"WebSite","@id":"https:\/\/www.estrategiaconcursos.com.br\/blog\/#website","url":"https:\/\/www.estrategiaconcursos.com.br\/blog\/","name":"Estrat\u00e9gia Concursos","description":"O blog da Estrat\u00e9gia Concursos traz not\u00edcias sobre concursos e artigos de professores oferecendo cursos para concursos (pdf + videaulas) no site.","publisher":{"@id":"https:\/\/www.estrategiaconcursos.com.br\/blog\/#organization"},"potentialAction":[{"@type":"SearchAction","target":{"@type":"EntryPoint","urlTemplate":"https:\/\/www.estrategiaconcursos.com.br\/blog\/?s={search_term_string}"},"query-input":{"@type":"PropertyValueSpecification","valueRequired":true,"valueName":"search_term_string"}}],"inLanguage":"pt-BR"},{"@type":"Organization","@id":"https:\/\/www.estrategiaconcursos.com.br\/blog\/#organization","name":"Estrat\u00e9gia Concursos","url":"https:\/\/www.estrategiaconcursos.com.br\/blog\/","logo":{"@type":"ImageObject","inLanguage":"pt-BR","@id":"https:\/\/www.estrategiaconcursos.com.br\/blog\/#\/schema\/logo\/image\/","url":"https:\/\/dhg1h5j42swfq.cloudfront.net\/2025\/06\/03203428\/logo_concursos-1.jpg","contentUrl":"https:\/\/dhg1h5j42swfq.cloudfront.net\/2025\/06\/03203428\/logo_concursos-1.jpg","width":230,"height":60,"caption":"Estrat\u00e9gia Concursos"},"image":{"@id":"https:\/\/www.estrategiaconcursos.com.br\/blog\/#\/schema\/logo\/image\/"},"sameAs":["https:\/\/x.com\/EstratConcursos"]},{"@type":"Person","@id":"https:\/\/www.estrategiaconcursos.com.br\/blog\/#\/schema\/person\/b91f2c79fa09f992bd34e4182afb626c","name":"Rafaela Freitas","image":{"@type":"ImageObject","inLanguage":"pt-BR","@id":"https:\/\/secure.gravatar.com\/avatar\/97ece78bdb320995d343d6c012a26475a2b8b6a591c52fbbd62c62640f68911e?s=96&d=mm&r=g","url":"https:\/\/secure.gravatar.com\/avatar\/97ece78bdb320995d343d6c012a26475a2b8b6a591c52fbbd62c62640f68911e?s=96&d=mm&r=g","contentUrl":"https:\/\/secure.gravatar.com\/avatar\/97ece78bdb320995d343d6c012a26475a2b8b6a591c52fbbd62c62640f68911e?s=96&d=mm&r=g","caption":"Rafaela Freitas"},"url":"https:\/\/www.estrategiaconcursos.com.br\/blog\/author\/rafaelafreitasestrategiaconcursos-com-br\/"}]}},"_links":{"self":[{"href":"https:\/\/www.estrategiaconcursos.com.br\/blog\/wp-json\/wp\/v2\/posts\/134772","targetHints":{"allow":["GET"]}}],"collection":[{"href":"https:\/\/www.estrategiaconcursos.com.br\/blog\/wp-json\/wp\/v2\/posts"}],"about":[{"href":"https:\/\/www.estrategiaconcursos.com.br\/blog\/wp-json\/wp\/v2\/types\/post"}],"author":[{"embeddable":true,"href":"https:\/\/www.estrategiaconcursos.com.br\/blog\/wp-json\/wp\/v2\/users\/190"}],"replies":[{"embeddable":true,"href":"https:\/\/www.estrategiaconcursos.com.br\/blog\/wp-json\/wp\/v2\/comments?post=134772"}],"version-history":[{"count":6,"href":"https:\/\/www.estrategiaconcursos.com.br\/blog\/wp-json\/wp\/v2\/posts\/134772\/revisions"}],"predecessor-version":[{"id":134821,"href":"https:\/\/www.estrategiaconcursos.com.br\/blog\/wp-json\/wp\/v2\/posts\/134772\/revisions\/134821"}],"wp:featuredmedia":[{"embeddable":true,"href":"https:\/\/www.estrategiaconcursos.com.br\/blog\/wp-json\/wp\/v2\/media\/134785"}],"wp:attachment":[{"href":"https:\/\/www.estrategiaconcursos.com.br\/blog\/wp-json\/wp\/v2\/media?parent=134772"}],"wp:term":[{"taxonomy":"category","embeddable":true,"href":"https:\/\/www.estrategiaconcursos.com.br\/blog\/wp-json\/wp\/v2\/categories?post=134772"},{"taxonomy":"post_tag","embeddable":true,"href":"https:\/\/www.estrategiaconcursos.com.br\/blog\/wp-json\/wp\/v2\/tags?post=134772"},{"taxonomy":"tax_estado","embeddable":true,"href":"https:\/\/www.estrategiaconcursos.com.br\/blog\/wp-json\/wp\/v2\/tax_estado?post=134772"}],"curies":[{"name":"wp","href":"https:\/\/api.w.org\/{rel}","templated":true}]}}