{"id":134286,"date":"2018-08-02T02:31:34","date_gmt":"2018-08-02T05:31:34","guid":{"rendered":"https:\/\/www.estrategiaconcursos.com.br\/blog\/?p=134286"},"modified":"2023-05-23T09:27:07","modified_gmt":"2023-05-23T12:27:07","slug":"prova-comentada-banca-fcc-cargo-arquiteto-trt-15o-regiao","status":"publish","type":"post","link":"https:\/\/www.estrategiaconcursos.com.br\/blog\/prova-comentada-banca-fcc-cargo-arquiteto-trt-15o-regiao\/","title":{"rendered":"PROVA COMENTADA banca FCC &#8211; cargo arquiteto &#8211; TRT 15\u00ba REGI\u00c3O"},"content":{"rendered":"<p>Oi pessoal!<\/p>\n<p>No \u00faltimo domingo, mais alunos nossos fizeram prova para o cargo de arquiteto! Dessa vez, foi a banca FCC que aplicou.<\/p>\n<p>Vou come\u00e7ar a comentar a prova nesse artigo. Como ningu\u00e9m me pediu para comentar alguma quest\u00e3o em especial, vou seguir a ordem da prova que me enviaram.<\/p>\n<p>Aproveito para pedir, quando for o caso, que me enviem a prova o quanto antes, por e-mail, para que eu possa postar os coment\u00e1rios mais cedo.<\/p>\n<p>Vamos l\u00e1! Prova dif\u00edcil e as bancas cada vez inovando mais.<\/p>\n<p>O assunto das primeiras 5 quest\u00f5es n\u00e3o estavam no meu escopo, assim como as quest\u00f5es 27 e 28, pois foram dadas no curso completo para arquiteto pelos professores espec\u00edficos.<\/p>\n<p><strong>26. No reconhecimento da beleza no objeto arquitet\u00f4nico, muitas pesquisas apontam para o significativo valor de rela\u00e7\u00f5es formais harm\u00f4nicas. Entre estas, destaca-se o estudo do segmento resultante da divis\u00e3o de outro segmento dado, em m\u00e9dia e extrema raz\u00e3o, constru\u00eddo geometricamente conforme figura abaixo.<\/strong><\/p>\n<p><a href=\"https:\/\/dhg1h5j42swfq.cloudfront.net\/2018\/08\/02015400\/2018-08-01-1.png\"><img loading=\"lazy\" decoding=\"async\" class=\"aligncenter size-full wp-image-134287\" src=\"https:\/\/dhg1h5j42swfq.cloudfront.net\/2018\/08\/02015400\/2018-08-01-1.png\" alt=\"\" width=\"494\" height=\"378\" srcset=\"https:\/\/dhg1h5j42swfq.cloudfront.net\/2018\/08\/02015400\/2018-08-01-1.png 494w, https:\/\/dhg1h5j42swfq.cloudfront.net\/2018\/08\/02015400\/2018-08-01-1.png 300w\" sizes=\"auto, (max-width: 494px) 100vw, 494px\" \/><\/a><\/p>\n<p>Este estudo representa a<\/p>\n<p>(A) escala logar\u00edtmica, deriva\u00e7\u00e3o l\u00f3gica dos estudos do tri\u00e2ngulo ret\u00e2ngulo.<\/p>\n<p>(B) equival\u00eancia de Kepler, teorema de apoio \u00e0 cria\u00e7\u00e3o da geometria fractal.<\/p>\n<p>(C) sequ\u00eancia de Plat\u00e3o, base para a configura\u00e7\u00e3o do plano-piloto de Bras\u00edlia.<\/p>\n<p>(D) propor\u00e7\u00e3o \u00e1urea, fundamento significativo \u00e0 cria\u00e7\u00e3o do Modulor.<\/p>\n<p>(E) modula\u00e7\u00e3o sagrada, refer\u00eancia-chave para as principais obras de Aleijadinho.<\/p>\n<p><strong>Coment\u00e1rios<\/strong><\/p>\n<p>A figura apresentada na quest\u00e3o trata da propor\u00e7\u00e3o \u00e1urea.<\/p>\n<p><em><strong>SE\u00c7\u00c3O \u00c1UREA<\/strong><\/em><\/p>\n<p><em>Divis\u00e3o de um segmento em duas partes seguindo um par\u00e2metro estabelecido a partir das propor\u00e7\u00f5es existentes nas medidas do corpo humano consideradas de harmonia ideal. Corresponde aproximadamente \u00e0 propor\u00e7\u00e3o de 5 para 8. Tem a seguinte propriedade: se o menor segmento \u00e9 rebatido sobre o maior segmento, o segmento restante originado nesta nova se\u00e7\u00e3o mant\u00e9m com o segmento rebatido a mesma propor\u00e7\u00e3o que os dois segmentos secionados inicialmente, e assim por diante. Serve de base na determina\u00e7\u00e3o de uma propor\u00e7\u00e3o \u00e1urea ou um ret\u00e2ngulo \u00e1ureo pass\u00edveis de serem empregados no tra\u00e7ado do edif\u00edcio, parte deste ou elementos da constru\u00e7\u00e3o. Originariamente foi utilizada nas edifica\u00e7\u00f5es da antiguidade grega, sendo incorporada posteriormente pelos estilos CL\u00c1SSICOS e CLASSICIZANTES principalmente nas parti\u00e7\u00f5es das fachadas dos pr\u00e9dios. Exemplo: FRONTISP\u00edCIO da antiga Casa de C\u00e2mara e Cadeia de Mariana, MG, atual Pa\u00e7o Municipal.<\/em><\/p>\n<p><a href=\"https:\/\/dhg1h5j42swfq.cloudfront.net\/2018\/08\/02015703\/2018-08-01-10.png\"><img loading=\"lazy\" decoding=\"async\" class=\"aligncenter size-full wp-image-134288\" src=\"https:\/\/dhg1h5j42swfq.cloudfront.net\/2018\/08\/02015703\/2018-08-01-10.png\" alt=\"\" width=\"660\" height=\"765\" srcset=\"https:\/\/dhg1h5j42swfq.cloudfront.net\/2018\/08\/02015703\/2018-08-01-10.png 660w, https:\/\/dhg1h5j42swfq.cloudfront.net\/2018\/08\/02015703\/2018-08-01-10.png 259w, https:\/\/dhg1h5j42swfq.cloudfront.net\/2018\/08\/02015703\/2018-08-01-10.png 610w\" sizes=\"auto, (max-width: 660px) 100vw, 660px\" \/><\/a><\/p>\n<p style=\"text-align: center;\"><em>\u00a0(Albernaz &amp; Lima, 1998)<\/em><\/p>\n<p>Segundo Francis Ching, \u201c<em>Os sistemas matem\u00e1ticos de propor\u00e7\u00e3o se originam de conceito pitag\u00f3rico de que \u201ctudo \u00e9 n\u00famero\u201d e da cren\u00e7a de que certas rela\u00e7\u00f5es num\u00e9ricas manifestam a estrutura harm\u00f4nica do universo. Uma dessas rela\u00e7\u00f5es, utilizada desde a Antiguidade, \u00e9 a propor\u00e7\u00e3o conhecida como se\u00e7\u00e3o \u00e1urea. Os gregos reconheceram o papel dominante que a se\u00e7\u00e3o \u00e1urea desempenhava nas propor\u00e7\u00f5es do corpo humano. Acreditando que tanto a humanidade quanto os santu\u00e1rios que acomodavam suas divindades deveriam pertencer e uma ordem universal mais elevada, utilizavam essas mesmas propor\u00e7\u00f5es em seus templos. Os arquitetos renascentistas tamb\u00e9m exploraram a se\u00e7\u00e3o \u00e1urea em suas obras. Em tempos mais recentes, Le Corbusier baseou seu sistema Modulor sobre a se\u00e7\u00e3o \u00e1urea. Seu uso na arquitetura perdura mesmo nos dias atuais.\u201d<\/em> Ching, Francis D.K.. Arquitetura: Forma, Espa\u00e7o e Ordem (P\u00e1gina 302).\u00a0 . Edi\u00e7\u00e3o do Kindle.<\/p>\n<p><a href=\"https:\/\/dhg1h5j42swfq.cloudfront.net\/2018\/08\/02015812\/2018-08-01-11.png\"><img loading=\"lazy\" decoding=\"async\" class=\"aligncenter size-full wp-image-134289\" src=\"https:\/\/dhg1h5j42swfq.cloudfront.net\/2018\/08\/02015812\/2018-08-01-11.png\" alt=\"\" width=\"712\" height=\"627\" srcset=\"https:\/\/dhg1h5j42swfq.cloudfront.net\/2018\/08\/02015812\/2018-08-01-11.png 712w, https:\/\/dhg1h5j42swfq.cloudfront.net\/2018\/08\/02015812\/2018-08-01-11.png 300w, https:\/\/dhg1h5j42swfq.cloudfront.net\/2018\/08\/02015812\/2018-08-01-11.png 610w\" sizes=\"auto, (max-width: 712px) 100vw, 712px\" \/><\/a><\/p>\n<p><a href=\"https:\/\/dhg1h5j42swfq.cloudfront.net\/2018\/08\/02015830\/2018-08-01-12.png\"><img loading=\"lazy\" decoding=\"async\" class=\"aligncenter size-full wp-image-134290\" src=\"https:\/\/dhg1h5j42swfq.cloudfront.net\/2018\/08\/02015830\/2018-08-01-12.png\" alt=\"\" width=\"949\" height=\"773\" srcset=\"https:\/\/dhg1h5j42swfq.cloudfront.net\/2018\/08\/02015830\/2018-08-01-12.png 949w, https:\/\/dhg1h5j42swfq.cloudfront.net\/2018\/08\/02015830\/2018-08-01-12.png 300w, https:\/\/dhg1h5j42swfq.cloudfront.net\/2018\/08\/02015830\/2018-08-01-12.png 768w, https:\/\/dhg1h5j42swfq.cloudfront.net\/2018\/08\/02015830\/2018-08-01-12.png 610w\" sizes=\"auto, (max-width: 949px) 100vw, 949px\" \/><\/a><\/p>\n<p style=\"text-align: center;\">(Ching, 2013)<\/p>\n<p><span style=\"color: #ff0000;\"><strong>Gabarito: alternativa D<\/strong><\/span><\/p>\n<p><strong>28. As estruturas em concreto armado tiveram uma grande dissemina\u00e7\u00e3o no Brasil, especialmente nas regi\u00f5es metropolitanas, como a de Campinas. Com rela\u00e7\u00e3o \u00e0s armaduras para concreto na constru\u00e7\u00e3o civil brasileira,<\/strong><\/p>\n<p>(A) mesmo um n\u00edvel fraco de agressividade ambiental determina um elevado risco de deteriora\u00e7\u00e3o da estrutura.<\/p>\n<p>(B) telas soldadas para concreto armado s\u00e3o utilizadas apenas na constru\u00e7\u00e3o de paredes-diafragma.<\/p>\n<p>(C) as armaduras superiores s\u00e3o dimensionadas sobretudo em fun\u00e7\u00e3o dos momentos fletores \u201cnegativos\u201d.<\/p>\n<p>(D) o a\u00e7o CA-50 representa um valor de tens\u00e3o de escoamento de 500 kg\/cm2.<\/p>\n<p>(E) as sali\u00eancias nas barras de a\u00e7o existem para diminuir a ader\u00eancia, no caso do concreto armado.<\/p>\n<p><strong>Coment\u00e1rios<\/strong><\/p>\n<p>Vamos comentar todas as alternativas!<\/p>\n<p>(A) Errada. Um n\u00edvel fraco de agressividade ambiental determina um risco insignificante de deteriora\u00e7\u00e3o da estrutura. Segue tabela da NBR 6118:<\/p>\n<p><a href=\"https:\/\/dhg1h5j42swfq.cloudfront.net\/2018\/08\/02020120\/2018-08-01-13_LI.jpg\"><img loading=\"lazy\" decoding=\"async\" class=\"aligncenter size-full wp-image-134291\" src=\"https:\/\/dhg1h5j42swfq.cloudfront.net\/2018\/08\/02020120\/2018-08-01-13_LI.jpg\" alt=\"\" width=\"988\" height=\"652\" srcset=\"https:\/\/dhg1h5j42swfq.cloudfront.net\/2018\/08\/02020120\/2018-08-01-13_LI.jpg 988w, https:\/\/dhg1h5j42swfq.cloudfront.net\/2018\/08\/02020120\/2018-08-01-13_LI.jpg 300w, https:\/\/dhg1h5j42swfq.cloudfront.net\/2018\/08\/02020120\/2018-08-01-13_LI.jpg 768w, https:\/\/dhg1h5j42swfq.cloudfront.net\/2018\/08\/02020120\/2018-08-01-13_LI.jpg 610w\" sizes=\"auto, (max-width: 988px) 100vw, 988px\" \/><\/a><\/p>\n<p>(B) Errada. As telas soldadas t\u00eam v\u00e1rios usos, como em armaduras de lajes e vigas. Segundo a NBR 7481:1990, Tela de a\u00e7o soldada &#8211; Armadura para concreto \u2013 Especifica\u00e7\u00e3o, Tela soldada \u00e9 uma armadura pr\u00e9-fabricada, destinada a armar concreto, em forma de rede de malhas retangulares, constitu\u00edda de fios de a\u00e7o longitudinais e transversais, sobrepostos e soldados em todos os pontos de contato (n\u00f3s), por resist\u00eancia el\u00e9trica (caldeamento).<br \/>\n(ABNT, 1990)<br \/>\n(C) Certa. Embora a quest\u00e3o envolva v\u00e1rias normas, voc\u00eas s\u00f3 precisariam entender esse funcionamento. Falamos em momento fletor na aula 19 em v\u00e1rios momentos.<br \/>\nO momento fletor \u00e9 um esfor\u00e7o o qual tende a \u201ccurvar\u201d uma viga, por exemplo.<a href=\"https:\/\/dhg1h5j42swfq.cloudfront.net\/2018\/08\/02020333\/Momento-fletor.png\"><img loading=\"lazy\" decoding=\"async\" class=\"aligncenter size-full wp-image-134292\" src=\"https:\/\/dhg1h5j42swfq.cloudfront.net\/2018\/08\/02020333\/Momento-fletor.png\" alt=\"\" width=\"613\" height=\"494\" srcset=\"https:\/\/dhg1h5j42swfq.cloudfront.net\/2018\/08\/02020333\/Momento-fletor.png 613w, https:\/\/dhg1h5j42swfq.cloudfront.net\/2018\/08\/02020333\/Momento-fletor.png 300w, https:\/\/dhg1h5j42swfq.cloudfront.net\/2018\/08\/02020333\/Momento-fletor.png 610w\" sizes=\"auto, (max-width: 613px) 100vw, 613px\" \/><\/a><\/p>\n<p>Em uma mesa qualquer, em repouso, quando se \u00e9 colocado um peso no centro de propor\u00e7\u00f5es relevantes, esse tende a \u201dfor\u00e7ar\u201d uma rota\u00e7\u00e3o, e, portanto, uma curvatura no centro (como uma r\u00e9gua curvada), provocando esfor\u00e7os de tra\u00e7\u00e3o nas fibras externas e compress\u00e3o nas internas.<br \/>\nPor conven\u00e7\u00e3o, o momento fletor que provoca tra\u00e7\u00e3o nas fibras inferiores de uma pe\u00e7a s\u00e3o denominados momentos positivos, e as arma\u00e7\u00f5es que absorvem a tra\u00e7\u00e3o desse momento s\u00e3o denominadas arma\u00e7\u00f5es positivas.<br \/>\nJ\u00e1 se a tra\u00e7\u00e3o se d\u00e1 nas fibras superiores, teremos que providenciar arma\u00e7\u00f5es negativas.<br \/>\nMais um pouco sobre momento fletor:<br \/>\nA bitola e o n\u00famero de barras colocadas em uma viga s\u00e3o dimensionados em fun\u00e7\u00e3o do momento fletor, que \u00e9 o esfor\u00e7o que surge pela a\u00e7\u00e3o das for\u00e7as externas e faz com que a viga encurve (para baixo ou para cima). Quando o encurvamento \u00e9 para baixo, o momento fletor \u00e9 chamado de momento fletor positivo e a armadura inferior \u00e9 chamada de armadura positiva. Quando o encurvamento \u00e9 para cima, o momento fletor \u00e9 chamado de momento fletor negativo e a armadura superior \u00e9 chamada de armadura negativa. (Araujo)<br \/>\n(D) Errada. Segundo a NBR 7480:2007, A\u00e7o destinado a armaduras para estruturas de concreto armado \u2014 Especifica\u00e7\u00e3o, de acordo com o valor caracter\u00edstico da resist\u00eancia de escoamento, as barras de a\u00e7o s\u00e3o classificadas nas categorias CA-25 e CA-50, e os fios de a\u00e7o na categoria CA-60.<a href=\"https:\/\/dhg1h5j42swfq.cloudfront.net\/2018\/08\/02020511\/2018-08-01-20.png\"><img loading=\"lazy\" decoding=\"async\" class=\"aligncenter size-full wp-image-134293\" src=\"https:\/\/dhg1h5j42swfq.cloudfront.net\/2018\/08\/02020511\/2018-08-01-20.png\" alt=\"\" width=\"925\" height=\"650\" srcset=\"https:\/\/dhg1h5j42swfq.cloudfront.net\/2018\/08\/02020511\/2018-08-01-20.png 925w, https:\/\/dhg1h5j42swfq.cloudfront.net\/2018\/08\/02020511\/2018-08-01-20.png 300w, https:\/\/dhg1h5j42swfq.cloudfront.net\/2018\/08\/02020511\/2018-08-01-20.png 768w, https:\/\/dhg1h5j42swfq.cloudfront.net\/2018\/08\/02020511\/2018-08-01-20.png 610w\" sizes=\"auto, (max-width: 925px) 100vw, 925px\" \/><\/a><\/p>\n<p>Notem bem a rela\u00e7\u00e3o entre as unidades na tabela abaixo:<\/p>\n<p><a href=\"https:\/\/dhg1h5j42swfq.cloudfront.net\/2018\/08\/02020610\/2018-08-01-21.png\"><img loading=\"lazy\" decoding=\"async\" class=\"aligncenter size-full wp-image-134294\" src=\"https:\/\/dhg1h5j42swfq.cloudfront.net\/2018\/08\/02020610\/2018-08-01-21.png\" alt=\"\" width=\"836\" height=\"382\" srcset=\"https:\/\/dhg1h5j42swfq.cloudfront.net\/2018\/08\/02020610\/2018-08-01-21.png 836w, https:\/\/dhg1h5j42swfq.cloudfront.net\/2018\/08\/02020610\/2018-08-01-21.png 300w, https:\/\/dhg1h5j42swfq.cloudfront.net\/2018\/08\/02020610\/2018-08-01-21.png 768w, https:\/\/dhg1h5j42swfq.cloudfront.net\/2018\/08\/02020610\/2018-08-01-21.png 610w\" sizes=\"auto, (max-width: 836px) 100vw, 836px\" \/><\/a><\/p>\n<p>Como podemos perceber, quest\u00e3o n\u00e3o est\u00e1 correta por quanto da unidade, sendo o correto dizer 500 Mpa ou 50 kg\/mm\u00b2.<\/p>\n<p>(E) Errada. As sali\u00eancias nas barras de a\u00e7o existem para aumentar a ader\u00eancia, no caso do concreto armado.<\/p>\n<p>Segundo a NBR 6118, os fios e barras podem ser lisos, entalhados ou providos de sali\u00eancias ou mossas, e, cada tipo de superf\u00edcie aderente tem um coeficiente de ader\u00eancia segundo tabela abaixo:<br \/>\n<a href=\"https:\/\/dhg1h5j42swfq.cloudfront.net\/2018\/08\/02020800\/2018-08-01-18.png\"><img loading=\"lazy\" decoding=\"async\" class=\"aligncenter wp-image-134295\" src=\"https:\/\/dhg1h5j42swfq.cloudfront.net\/2018\/08\/02020800\/2018-08-01-18.png\" alt=\"\" width=\"564\" height=\"209\" srcset=\"https:\/\/dhg1h5j42swfq.cloudfront.net\/2018\/08\/02020800\/2018-08-01-18.png 869w, https:\/\/dhg1h5j42swfq.cloudfront.net\/2018\/08\/02020800\/2018-08-01-18.png 300w, https:\/\/dhg1h5j42swfq.cloudfront.net\/2018\/08\/02020800\/2018-08-01-18.png 768w, https:\/\/dhg1h5j42swfq.cloudfront.net\/2018\/08\/02020800\/2018-08-01-18.png 610w\" sizes=\"auto, (max-width: 564px) 100vw, 564px\" \/><\/a><\/p>\n<p>(ABNT, 2014)<\/p>\n<p><span style=\"color: #ff0000;\"><strong>Gabarito: alternativa C<\/strong><\/span><\/p>\n<p><strong>30. A CPFL Paulista, concession\u00e1ria de energia el\u00e9trica que atende a cidade de Campinas, entre outras, criou a Norma T\u00e9cnica de n\u00famero 13 a fim de orientar os seus clientes, fixando os requisitos m\u00ednimos indispens\u00e1veis para liga\u00e7\u00e3o das unidades consumidoras individuais atrav\u00e9s de redes a\u00e9reas, em tens\u00e3o secund\u00e1ria de distribui\u00e7\u00e3o. Entre outras informa\u00e7\u00f5es, a norma define que o cliente enquadrado no atendimento monof\u00e1sico que desejar atendimento bif\u00e1sico ou trif\u00e1sico,<\/strong><\/p>\n<p>(A) pode solicitar o pedido e ser\u00e1 atendido pela CPFL desde que pague uma taxa adicional.<br \/>\n(B) pode solicitar o pedido apenas para o atendimento bif\u00e1sico e ser\u00e1 atendido pela CPFL gratuitamente.<br \/>\n(C) pode solicitar o pedido apenas para o atendimento bif\u00e1sico e ser\u00e1 atendido pela CPFL desde que pague uma taxa adicional.<br \/>\n(D) pode solicitar o pedido e ser\u00e1 atendido pela CPFL gratuitamente.<br \/>\n(E) est\u00e1 impedido de solicitar altera\u00e7\u00e3o d e sistema, seja bif\u00e1sico ou trif\u00e1sico.<\/p>\n<p><strong>Coment\u00e1rios<\/strong><br \/>\nEsse assunto foi tratado na aula 17.<br \/>\nAs concession\u00e1rias atendem a seus consumidores residenciais, fornecendo energia el\u00e9trica na classe de tens\u00e3o mono, bi ou trif\u00e1sica, em fun\u00e7\u00e3o da carga total instalada na edifica\u00e7\u00e3o.<br \/>\nA carga total instalada \u00e9 a soma das pot\u00eancias nominais, em watts, de todos os aparelhos, equipamentos e l\u00e2mpadas utilizados na edifica\u00e7\u00e3o. A pot\u00eancia pode ser em watts ou KW (1.000 W s\u00e3o iguais a 1 KW).<br \/>\nAt\u00e9 4 kW: monof\u00e1sica (2 condutores)<br \/>\nEntre 4 e 8 kW: bif\u00e1sica (3 condutores)<br \/>\nMaior que 8 kW: trif\u00e1sica (3 ou 4 condutores)<br \/>\nQuando o cliente se enquadrar no atendimento monof\u00e1sico e desejar, por exemplo, atendimento bif\u00e1sico ou trif\u00e1sico, a concession\u00e1ria fornecedora de energia poder\u00e1 atend\u00ea-lo, mediante c\u00e1lculos de demanda e ART do engenheiro respons\u00e1vel. Do cliente ser\u00e1 cobrada taxa adicional. (J\u00fanior, 2017)<\/p>\n<p><strong><span style=\"color: #ff0000;\">Gabarito: alternativa A<\/span><\/strong><\/p>\n<p><strong>31. A obra da primeira fase de reforma e restaura\u00e7\u00e3o da Catedral de Campinas foi finalizada em 2015, sob a supervis\u00e3o do arquiteto Ricardo, e com base no projeto de restauro coordenado pelo arquiteto Samuel. A respeito deste trabalho,<\/strong><\/p>\n<p>(A) a refer\u00eancia aos preceitos da Carta de Atenas foi essencial para a mudan\u00e7a na legisla\u00e7\u00e3o municipal, sendo proposta a cria\u00e7\u00e3o de uma \u00e1rea envolt\u00f3ria a ser preservada.<br \/>\n(B) revis\u00f5es do projeto possibilitaram atualiza\u00e7\u00f5es do levantamento das patologias existentes, sejam elas na estrutura ou nos revestimentos.<br \/>\n(C) embora nem todos os azulejos estivessem fortemente danificados, houve a necessidade de troca de todo o conjunto deste revestimento na fachada principal.<br \/>\n(D) apesar da cria\u00e7\u00e3o de um piso t\u00e9cnico de apoio, o uso do corpo principal do templo foi interrompido durante as obras de restauro do forro.<br \/>\n(E) a obra trouxe de volta as principais caracter\u00edsticas originais da catedral quando inaugurada em 1883, destacando-se a c\u00fapula e as paredes do presbit\u00e9rio.<\/p>\n<p><strong>Coment\u00e1rios<\/strong><br \/>\n<em>O projeto de restauro foi elaborado pelo L\u2019Habitat, por alunos do Curso de Especializa\u00e7\u00e3o em \u201cPatrim\u00f4nio Arquitet\u00f4nico: Teoria e Projeto\u201d da Puc-Campinas, coordenado pelo arquiteto Samuel Kruchin, em 1999. O projeto foi retomado e revisado por duas vezes, em 2001 e em 2003, quando foram atualizados os levantamentos das patologias apontadas na estrutura e nos revestimentos, atrav\u00e9s dos trabalhos do L\u2019Habitat da PUC-Campinas, e do trabalho dos alunos das disciplinas do Curso de Especializa\u00e7\u00e3o \u201cPatrim\u00f4nio Arquitet\u00f4nico: Teoria e Projeto\u201d, neste caso, coordenado pela professora Maria Cristina Schicchi.(10)<\/em><br \/>\n<em>O projeto de restauro teve in\u00edcio com pesquisa hist\u00f3rica para obten\u00e7\u00e3o de dados importantes para o entendimento do edif\u00edcio. Posteriormente foram realizados o levantamento da iconografia e o desenvolvimento da edifica\u00e7\u00e3o, da data de constru\u00e7\u00e3o aos dias atuais. Foram tamb\u00e9m realizados o levantamento m\u00e9trico arquitet\u00f4nico e o diagn\u00f3stico detalhado das patologias observ\u00e1veis no edif\u00edcio.<\/em><\/p>\n<p><a href=\"https:\/\/dhg1h5j42swfq.cloudfront.net\/2018\/08\/02022034\/braga_07.jpg\"><img loading=\"lazy\" decoding=\"async\" class=\"aligncenter size-full wp-image-134296\" src=\"https:\/\/dhg1h5j42swfq.cloudfront.net\/2018\/08\/02022034\/braga_07.jpg\" alt=\"\" width=\"400\" height=\"471\" srcset=\"https:\/\/dhg1h5j42swfq.cloudfront.net\/2018\/08\/02022034\/braga_07.jpg 400w, https:\/\/dhg1h5j42swfq.cloudfront.net\/2018\/08\/02022034\/braga_07.jpg 255w\" sizes=\"auto, (max-width: 400px) 100vw, 400px\" \/><\/a><\/p>\n<p><em>O projeto de restaura\u00e7\u00e3o da Catedral foi enviado ao Minist\u00e9rio da Cultura e foi beneficiado pelos incentivos fiscais da Lei Rouanet. Pela lei, 4% do Imposto de Renda das empresas podem ser destinados a projetos culturais aprovados, ou seja, a quantia que uma empresa destinar \u00e0 restaura\u00e7\u00e3o da Catedral poder\u00e1 ser deduzida do valor a ser pago do IR.<\/em><br \/>\n<em>O arquiteto Ricardo Leite foi o coordenador da obra pelo Grupo Gestor da Obras de Restaura\u00e7\u00e3o da Catedral. Durante o in\u00edcio das obras de restaura\u00e7\u00e3o, a PUC-Campinas empreendeu, por solicita\u00e7\u00e3o da pr\u00f3pria Catedral, e sob a coordena\u00e7\u00e3o da professora Maria Cristina Schicchi, o projeto para a cria\u00e7\u00e3o do \u201cCentro de Mem\u00f3ria Catedral Metropolitana de Campinas\u201d, com a participa\u00e7\u00e3o de v\u00e1rias faculdades da universidade, e da pr\u00f3pria equipe t\u00e9cnica da Catedral em sua elabora\u00e7\u00e3o \u2013 um projeto multidisciplinar ainda em estudo.(11)<\/em><br \/>\n<em>Para a realiza\u00e7\u00e3o das obras, que se iniciaram pelo forro, foi instalado um piso t\u00e9cnico a 21 m de altura, pr\u00f3ximo ao teto da Catedral, para que as atividades no corpo principal do templo pudessem transcorrer normalmente.<\/em><\/p>\n<p><em>A constru\u00e7\u00e3o do piso t\u00e9cnico, j\u00e1 mencionado, para o restauro do forro, permitiu que as atividades da Catedral continuassem normalmente, sendo que as entradas ao templo foram, de tempos em tempos modificadas, para a frontal ou as laterais, de acordo com as necessidades da obra, que s\u00f3 era interrompida no momento da missa.<\/em><br \/>\n<em>Restauro Fase I, foi a terceira interven\u00e7\u00e3o pela qual o edif\u00edcio passou. Quando inaugurada, a Catedral de Campinas n\u00e3o tinha a configura\u00e7\u00e3o que apresenta hoje.<\/em><br \/>\n<em>Na primeira reforma realizada no edif\u00edcio da Catedral, em 1923, portanto, quarenta anos ap\u00f3s a sua inaugura\u00e7\u00e3o, as primeiras caracter\u00edsticas foram em grande parte alteradas. O primeiro cuidado ao projetar esta obra foi desafogar o altar-mor atrav\u00e9s da eleva\u00e7\u00e3o das paredes laterais da capela-mor ao mesmo n\u00edvel das do corpo principal. Destacou-se ainda, como importante realiza\u00e7\u00e3o nessa ocasi\u00e3o, a grande c\u00fapula de cimento encimada pela imagem da Virgem Maria, substituindo-se assim o pequeno zimb\u00f3rio de vidros coloridos ent\u00e3o existente.<\/em><br \/>\n<em>Os trabalhos de reforma abrangeram quase todo o edif\u00edcio, que sofrera desgaste natural pela a\u00e7\u00e3o do tempo. A fachada principal apresentava sua est\u00e9tica prejudicada, pois, com as adapta\u00e7\u00f5es da antiga ilumina\u00e7\u00e3o a g\u00e1s, a pintura externa estava enegrecida. Internamente, foi realizada a constru\u00e7\u00e3o da cripta de m\u00e1rmore abaixo da capela-mor. <\/em><br \/>\n<em>A segunda reforma, de 1952, foi comandada pelo engenheiro Lix da Cunha, sendo realizada a cobertura da c\u00fapula com revestimento, fechamento da ilumina\u00e7\u00e3o do zimb\u00f3rio, aterramento do por\u00e3o com prov\u00e1vel troca do tabuado de madeira da grande nave.<\/em><br \/>\n<em>O projeto de restaura\u00e7\u00e3o Fase I seguiu os preceitos da \u201cCarta de Veneza \u2013 Monumentos e S\u00edtios\u201d, de 1964, realizando a elabora\u00e7\u00e3o de documenta\u00e7\u00e3o, atrav\u00e9s de relat\u00f3rios anal\u00edticos e cr\u00edticos, ilustrados com desenhos e fotografias (IPHAN, 1995).<\/em><\/p>\n<p><strong><span style=\"color: #ff0000;\">Gabarito: alternativa B<\/span><\/strong><\/p>\n<p><strong>34. A defini\u00e7\u00e3o de um cronograma f\u00edsico-financeiro \u00e9 essencial para o planejamento e execu\u00e7\u00e3o de uma obra. Com rela\u00e7\u00e3o \u00e0s modalidades de organiza\u00e7\u00e3o dos eventos na constru\u00e7\u00e3o civil,<\/strong><\/p>\n<p>(A) o uso da t\u00e9cnica PERT-CPM tem como vantagem a representa\u00e7\u00e3o de atividades em tempos de dura\u00e7\u00e3o prov\u00e1veis e reais.<br \/>\n(B) o m\u00e9todo de Gantt e a t\u00e9cnica PERT-COM destacam-se pela exclusividade de uso na constru\u00e7\u00e3o civil.<br \/>\n(C) com o advento dos programas computacionais, o diagrama de Blocos passou a ser derivado diretamente do diagrama de Gantt.<br \/>\n(D) o planejamento cl\u00e1ssico de Barras \u2212 m\u00e9todo de Gantt \u2212 tem a vantagem de mostrar a depend\u00eancia entre as atividades.<br \/>\n(E) no m\u00e9todo do diagrama de Blocos devem constar em cada bloco apenas a atividade e as correspondentes datas de in\u00edcio e de t\u00e9rmino.<\/p>\n<p><strong>Coment\u00e1rios<\/strong><br \/>\nSegundo Limmer, o tempo de dura\u00e7\u00e3o de um projeto constitui um dos elementos fundamentais do seu planejamento. Sua determina\u00e7\u00e3o \u00e9 feita a partir da dura\u00e7\u00e3o de cada uma das atividades que comp\u00f5em o projeto e do respectivo inter-relacionamento.<br \/>\nNo planejamento e no controle de projetos s\u00e3o usados dois tipos b\u00e1sicos de cronogramas: o cronograma de redes e o cronograma de barras.<br \/>\nSegundo Aldo Mattos, o diagrama de rede \u00e9 a representa\u00e7\u00e3o gr\u00e1fica das atividades, levando em conta as depend\u00eancias entre elas.<br \/>\nH\u00e1 dois m\u00e9todos de constru\u00e7\u00e3o de um diagrama de rede: o m\u00e9todo das flechas (ou Arrow Diagramming Method \u2014 ADM) e o m\u00e9todo dos blocos (ou Precedente Diagramming Method \u2014 PDM). Ambos produzem o mesmo resultado, o que muda s\u00e3o as regras para desenhar o diagrama. Pelo m\u00e9todo das flechas, as atividades s\u00e3o representadas por flechas que conectam eventos ou instantes do projeto. Pelo m\u00e9todo dos blocos, as atividades s\u00e3o representadas por blocos. As atividades s\u00e3o unidas por setas que n\u00e3o t\u00eam outra fun\u00e7\u00e3o sen\u00e3o definir a liga\u00e7\u00e3o entre elas.<br \/>\nSegundo o m\u00e9todo das flechas, cada atividade \u00e9 representada por uma flecha (ou linha orientada) que parte de um evento e termina em outro:<br \/>\n<a href=\"https:\/\/dhg1h5j42swfq.cloudfront.net\/2018\/08\/02022230\/Diagrama-de-flechas.png\"><img loading=\"lazy\" decoding=\"async\" class=\"aligncenter size-full wp-image-134297\" src=\"https:\/\/dhg1h5j42swfq.cloudfront.net\/2018\/08\/02022230\/Diagrama-de-flechas.png\" alt=\"\" width=\"610\" height=\"279\" srcset=\"https:\/\/dhg1h5j42swfq.cloudfront.net\/2018\/08\/02022230\/Diagrama-de-flechas.png 610w, https:\/\/dhg1h5j42swfq.cloudfront.net\/2018\/08\/02022230\/Diagrama-de-flechas.png 300w\" sizes=\"auto, (max-width: 610px) 100vw, 610px\" \/><\/a><br \/>\n(Mattos, 2010)<br \/>\nOutras denomina\u00e7\u00f5es do m\u00e9todo das flechas: Diagrama de Flechas, M\u00e9todo das Setas, M\u00e9todo Americano, M\u00e9todo da Atividade na Seta, Diagrama i-j, Arrow Diagramiing Method (ADM), Activity-on-Arrow (AQA) e Arrow-and- Cirde Method.<br \/>\nPelo m\u00e9todo dos blocos (PDM), cada atividade \u00e9 representada em um bloco (ou caixa). As atividades s\u00e3o unidas entre si por setas que representam a liga\u00e7\u00e3o entre as atividades. O comprimento das flechas n\u00e3o tem nenhum significado. No m\u00e9todo dos blocos n\u00e3o h\u00e1 o conceito de evento que \u00e9 fundamental no m\u00e9todo das flechas.<\/p>\n<p><a href=\"https:\/\/dhg1h5j42swfq.cloudfront.net\/2018\/08\/02022313\/diagrama-de-blocos.png\"><img loading=\"lazy\" decoding=\"async\" class=\"aligncenter size-full wp-image-134298\" src=\"https:\/\/dhg1h5j42swfq.cloudfront.net\/2018\/08\/02022313\/diagrama-de-blocos.png\" alt=\"\" width=\"544\" height=\"206\" srcset=\"https:\/\/dhg1h5j42swfq.cloudfront.net\/2018\/08\/02022313\/diagrama-de-blocos.png 544w, https:\/\/dhg1h5j42swfq.cloudfront.net\/2018\/08\/02022313\/diagrama-de-blocos.png 300w\" sizes=\"auto, (max-width: 544px) 100vw, 544px\" \/><\/a><\/p>\n<p>Outras denomina\u00e7\u00f5es do m\u00e9todo dos blocos: diagrama de blocos, diagrama de preced\u00eancia, m\u00e9todo dos potenciais, m\u00e9todo franc\u00eas, m\u00e9todo da atividade em n\u00f3, PDM (precedence diagramming method) e AON (activity-on-node).<br \/>\nO cronograma de Barras ou Gantt \u00e9 um gr\u00e1fico simples: \u00e0 esquerda figuram as atividades e \u00e0 direita, as suas respectivas barras desenhadas em uma escala de tempo. O comprimento da barra representa a dura\u00e7\u00e3o da atividade, cujas datas de in\u00edcio e fim podem ser lidas nas subdivis\u00f5es da escala de tempo.<br \/>\n<a href=\"https:\/\/dhg1h5j42swfq.cloudfront.net\/2018\/08\/02022421\/Diagrama-de-Gantt.png\"><img loading=\"lazy\" decoding=\"async\" class=\"aligncenter size-full wp-image-134299\" src=\"https:\/\/dhg1h5j42swfq.cloudfront.net\/2018\/08\/02022421\/Diagrama-de-Gantt.png\" alt=\"\" width=\"1277\" height=\"430\" srcset=\"https:\/\/dhg1h5j42swfq.cloudfront.net\/2018\/08\/02022421\/Diagrama-de-Gantt.png 1277w, https:\/\/dhg1h5j42swfq.cloudfront.net\/2018\/08\/02022421\/Diagrama-de-Gantt.png 300w, https:\/\/dhg1h5j42swfq.cloudfront.net\/2018\/08\/02022421\/Diagrama-de-Gantt.png 768w, https:\/\/dhg1h5j42swfq.cloudfront.net\/2018\/08\/02022421\/Diagrama-de-Gantt.png 1024w, https:\/\/dhg1h5j42swfq.cloudfront.net\/2018\/08\/02022421\/Diagrama-de-Gantt.png 610w\" sizes=\"auto, (max-width: 1277px) 100vw, 1277px\" \/><\/a><br \/>\n(Mattos, 2010)<br \/>\nDepois dessa r\u00e1pida revis\u00e3o, vamos analisar todas as alternativas! Esse assunto \u00e9 muito cobrado, estando na aula 04.<br \/>\n(A) Correta. Segundo Limmer, para a elabora\u00e7\u00e3o de uma rede AES (atividades em seta) s\u00e3o utilizadas correntemente 2 t\u00e9cnicas de origem diversa: a PERT (Program Evaluation and Review Technique) e a CPM (Critical Path Method \u2013 M\u00e9todo do Caminho Cr\u00edtico). Com o tempo, essas 2 t\u00e9cnicas se fundiram passando-se a usar a denomina\u00e7\u00e3o PERT-CPM.<br \/>\nNa t\u00e9cnica PERT, o tempo esperado \u00e9 determinado por um tratamento estat\u00edstico a partir dos prazos m\u00e1ximos (pessimistas), normais (prov\u00e1veis) e m\u00ednimos (otimistas). Por isso, essa t\u00e9cnica \u00e9 chamada de probabil\u00edstica. A abordagem probabil\u00edstica recorre \u00e0 no\u00e7\u00e3o de tr\u00eas dura\u00e7\u00f5es: a otimista, a pessimista e a mais prov\u00e1vel. \u00c9 o que se chama de estimativa de tr\u00eas pontos. A dura\u00e7\u00e3o mais prov\u00e1vel \u00e9 justamente a dura\u00e7\u00e3o utilizada na abordagem determin\u00edstica.<br \/>\nNa t\u00e9cnica CPM, para cada atividade \u00e9 feita uma \u00fanica determina\u00e7\u00e3o de prazo baseada em experi\u00eancia anterior, sendo chamada de determin\u00edstica.<br \/>\nVale lembrar que o caminho cr\u00edtico \u00e9 formado pelas atividades cr\u00edticas e define o prazo da obra. As atividades cr\u00edticas n\u00e3o t\u00eam folga \u2014 um dia de atraso em uma delas atrasa em um dia o prazo total do projeto. J\u00e1 as atividades n\u00e3o cr\u00edticas t\u00eam folga. O caminho cr\u00edtico \u00e9 o caminho mais longo do in\u00edcio ao fim.<br \/>\nSegue exemplo abaixo.<\/p>\n<p><a href=\"https:\/\/dhg1h5j42swfq.cloudfront.net\/2018\/08\/02022617\/CPM.jpg\"><img loading=\"lazy\" decoding=\"async\" class=\"aligncenter size-full wp-image-134300\" src=\"https:\/\/dhg1h5j42swfq.cloudfront.net\/2018\/08\/02022617\/CPM.jpg\" alt=\"\" width=\"638\" height=\"479\" srcset=\"https:\/\/dhg1h5j42swfq.cloudfront.net\/2018\/08\/02022617\/CPM.jpg 638w, https:\/\/dhg1h5j42swfq.cloudfront.net\/2018\/08\/02022617\/CPM.jpg 300w, https:\/\/dhg1h5j42swfq.cloudfront.net\/2018\/08\/02022617\/CPM.jpg 610w\" sizes=\"auto, (max-width: 638px) 100vw, 638px\" \/><\/a><\/p>\n<p><a href=\"https:\/\/pt.slideshare.net\/rbafi\/seminrio-24159022\">https:\/\/pt.slideshare.net\/rbafi\/seminrio-24159022<\/a><\/p>\n<p>(B) Errada. N\u00e3o h\u00e1 essa exclusividade. Inclusive a t\u00e9cnica PERT foi criada para uso do departamento de defesa dos USA e o cronograma de barras, como ferramenta de controle de produ\u00e7\u00e3o de atividades, sobretudo na constru\u00e7\u00e3o de navios cargueiros no in\u00edcio do s\u00e9culo XX.<br \/>\n(C) Errada. O diagrama de blocos possui mais informa\u00e7\u00f5es que o diagrama de Gantt, n\u00e3o faz sentido derivar dele.<br \/>\n(D) Errada. O cronograma de barras tem a desvantagem de n\u00e3o mostrar com clareza a interdepend\u00eancia das atividades. Segundo Limmer, \u00e0s vezes, indica-se essa interdepend\u00eancia por meio de setas pontilhadas, constitu\u00eddas por linhas retas ou curvas, tornando complexa a figura que se pretende simples.<br \/>\n(E) Errada. Podem ter mais informa\u00e7\u00f5es, como no exemplo abaixo. Nota: rede Roy \u00e9 uma das denomina\u00e7\u00f5es de diagrama de blocos.<br \/>\nSeguem alguns conceitos para que se entenda um pouquinho a tabela seguinte:<br \/>\nPDI: primeira data de in\u00edcio<br \/>\nPDT: Primeira data de t\u00e9rmino<br \/>\nUDI: \u00faltima data de in\u00edcio<br \/>\nUDT: \u00faltima data de t\u00e9rmino<br \/>\nFL: folga livre<br \/>\nFT: fola total<\/p>\n<p><a href=\"https:\/\/dhg1h5j42swfq.cloudfront.net\/2018\/08\/02022859\/Diagrama-de-blocos-nome-e-dura%C3%A7.jpg\"><img loading=\"lazy\" decoding=\"async\" class=\"aligncenter size-full wp-image-134301\" src=\"https:\/\/dhg1h5j42swfq.cloudfront.net\/2018\/08\/02022859\/Diagrama-de-blocos-nome-e-dura%C3%A7.jpg\" alt=\"\" width=\"800\" height=\"462\" srcset=\"https:\/\/dhg1h5j42swfq.cloudfront.net\/2018\/08\/02022859\/Diagrama-de-blocos-nome-e-dura%C3%A7.jpg 800w, https:\/\/dhg1h5j42swfq.cloudfront.net\/2018\/08\/02022859\/Diagrama-de-blocos-nome-e-dura%C3%A7.jpg 300w, https:\/\/dhg1h5j42swfq.cloudfront.net\/2018\/08\/02022859\/Diagrama-de-blocos-nome-e-dura%C3%A7.jpg 768w, https:\/\/dhg1h5j42swfq.cloudfront.net\/2018\/08\/02022859\/Diagrama-de-blocos-nome-e-dura%C3%A7.jpg 610w\" sizes=\"auto, (max-width: 800px) 100vw, 800px\" \/><\/a><\/p>\n<p>(Limmer, 2017)<\/p>\n<p><a href=\"https:\/\/dhg1h5j42swfq.cloudfront.net\/2018\/08\/02022951\/Diagrama-de-blocos-nome-e-dura%C3%A7%C3%A3o-exemplo.jpg\"><img loading=\"lazy\" decoding=\"async\" class=\"aligncenter size-full wp-image-134302\" src=\"https:\/\/dhg1h5j42swfq.cloudfront.net\/2018\/08\/02022951\/Diagrama-de-blocos-nome-e-dura%C3%A7%C3%A3o-exemplo.jpg\" alt=\"\" width=\"1304\" height=\"990\" srcset=\"https:\/\/dhg1h5j42swfq.cloudfront.net\/2018\/08\/02022951\/Diagrama-de-blocos-nome-e-dura%C3%A7%C3%A3o-exemplo.jpg 1304w, https:\/\/dhg1h5j42swfq.cloudfront.net\/2018\/08\/02022951\/Diagrama-de-blocos-nome-e-dura%C3%A7%C3%A3o-exemplo.jpg 300w, https:\/\/dhg1h5j42swfq.cloudfront.net\/2018\/08\/02022951\/Diagrama-de-blocos-nome-e-dura%C3%A7%C3%A3o-exemplo.jpg 768w, https:\/\/dhg1h5j42swfq.cloudfront.net\/2018\/08\/02022951\/Diagrama-de-blocos-nome-e-dura%C3%A7%C3%A3o-exemplo.jpg 1024w, https:\/\/dhg1h5j42swfq.cloudfront.net\/2018\/08\/02022951\/Diagrama-de-blocos-nome-e-dura%C3%A7%C3%A3o-exemplo.jpg 610w\" sizes=\"auto, (max-width: 1304px) 100vw, 1304px\" \/><\/a><\/p>\n<p>(Limmer, 2017)<\/p>\n<p><strong><span style=\"color: #ff0000;\">Gabarito: alternativa A<\/span><\/strong><\/p>\n<p>Abra\u00e7os!<\/p>\n<p>Moema Machado<\/p>\n","protected":false},"excerpt":{"rendered":"<p>Oi pessoal! No \u00faltimo domingo, mais alunos nossos fizeram prova para o cargo de arquiteto! Dessa vez, foi a banca FCC que aplicou. Vou come\u00e7ar a comentar a prova nesse artigo. Como ningu\u00e9m me pediu para comentar alguma quest\u00e3o em especial, vou seguir a ordem da prova que me enviaram. Aproveito para pedir, quando for [&hellip;]<\/p>\n","protected":false},"author":524,"featured_media":0,"comment_status":"open","ping_status":"closed","sticky":false,"template":"","format":"standard","meta":{"post_tipo":"article","footnotes":""},"categories":[1],"tags":[],"tax_estado":[],"class_list":["post-134286","post","type-post","status-publish","format-standard","hentry","category-cursos-e-concursos"],"acf":[],"yoast_head":"<!-- This site is optimized with the Yoast SEO Premium plugin v27.2 (Yoast SEO v27.2) - https:\/\/yoast.com\/product\/yoast-seo-premium-wordpress\/ -->\n<title>PROVA COMENTADA banca FCC - cargo arquiteto - TRT 15\u00ba REGI\u00c3O<\/title>\n<meta name=\"robots\" content=\"index, follow, max-snippet:-1, max-image-preview:large, max-video-preview:-1\" \/>\n<link rel=\"canonical\" href=\"https:\/\/www.estrategiaconcursos.com.br\/blog\/prova-comentada-banca-fcc-cargo-arquiteto-trt-15o-regiao\/\" \/>\n<meta property=\"og:locale\" content=\"pt_BR\" \/>\n<meta property=\"og:type\" content=\"article\" \/>\n<meta property=\"og:title\" content=\"PROVA COMENTADA banca FCC - cargo arquiteto - TRT 15\u00ba REGI\u00c3O\" \/>\n<meta property=\"og:description\" content=\"Oi pessoal! No \u00faltimo domingo, mais alunos nossos fizeram prova para o cargo de arquiteto! Dessa vez, foi a banca FCC que aplicou. Vou come\u00e7ar a comentar a prova nesse artigo. Como ningu\u00e9m me pediu para comentar alguma quest\u00e3o em especial, vou seguir a ordem da prova que me enviaram. Aproveito para pedir, quando for [&hellip;]\" \/>\n<meta property=\"og:url\" content=\"https:\/\/www.estrategiaconcursos.com.br\/blog\/prova-comentada-banca-fcc-cargo-arquiteto-trt-15o-regiao\/\" \/>\n<meta property=\"og:site_name\" content=\"Estrat\u00e9gia Concursos\" \/>\n<meta property=\"article:published_time\" content=\"2018-08-02T05:31:34+00:00\" \/>\n<meta property=\"article:modified_time\" content=\"2023-05-23T12:27:07+00:00\" \/>\n<meta property=\"og:image\" content=\"https:\/\/www.estrategiaconcursos.com.br\/blog\/wp-content\/uploads\/2018\/08\/2018-08-01-1.png\" \/>\n<meta name=\"author\" content=\"Moema Machado\" \/>\n<meta name=\"twitter:card\" content=\"summary_large_image\" \/>\n<meta name=\"twitter:creator\" content=\"@EstratConcursos\" \/>\n<meta name=\"twitter:site\" content=\"@EstratConcursos\" \/>\n<meta name=\"twitter:label1\" content=\"Escrito por\" \/>\n\t<meta name=\"twitter:data1\" content=\"Moema Machado\" \/>\n\t<meta name=\"twitter:label2\" content=\"Est. tempo de leitura\" \/>\n\t<meta name=\"twitter:data2\" content=\"17 minutos\" \/>\n<script type=\"application\/ld+json\" class=\"yoast-schema-graph\">{\"@context\":\"https:\/\/schema.org\",\"@graph\":[{\"@type\":\"NewsArticle\",\"@id\":\"https:\/\/www.estrategiaconcursos.com.br\/blog\/prova-comentada-banca-fcc-cargo-arquiteto-trt-15o-regiao\/#article\",\"isPartOf\":{\"@id\":\"https:\/\/www.estrategiaconcursos.com.br\/blog\/prova-comentada-banca-fcc-cargo-arquiteto-trt-15o-regiao\/\"},\"author\":{\"name\":\"Moema Machado\",\"@id\":\"https:\/\/www.estrategiaconcursos.com.br\/blog\/#\/schema\/person\/e2a129484af400a0e96b32dee7e7008a\"},\"headline\":\"PROVA COMENTADA banca FCC &#8211; cargo arquiteto &#8211; TRT 15\u00ba REGI\u00c3O\",\"datePublished\":\"2018-08-02T05:31:34+00:00\",\"dateModified\":\"2023-05-23T12:27:07+00:00\",\"mainEntityOfPage\":{\"@id\":\"https:\/\/www.estrategiaconcursos.com.br\/blog\/prova-comentada-banca-fcc-cargo-arquiteto-trt-15o-regiao\/\"},\"wordCount\":3339,\"commentCount\":3,\"publisher\":{\"@id\":\"https:\/\/www.estrategiaconcursos.com.br\/blog\/#organization\"},\"image\":{\"@id\":\"https:\/\/www.estrategiaconcursos.com.br\/blog\/prova-comentada-banca-fcc-cargo-arquiteto-trt-15o-regiao\/#primaryimage\"},\"thumbnailUrl\":\"https:\/\/www.estrategiaconcursos.com.br\/blog\/wp-content\/uploads\/2018\/08\/2018-08-01-1.png\",\"articleSection\":[\"Concursos P\u00fablicos\"],\"inLanguage\":\"pt-BR\",\"potentialAction\":[{\"@type\":\"CommentAction\",\"name\":\"Comment\",\"target\":[\"https:\/\/www.estrategiaconcursos.com.br\/blog\/prova-comentada-banca-fcc-cargo-arquiteto-trt-15o-regiao\/#respond\"]}],\"copyrightYear\":\"2018\",\"copyrightHolder\":{\"@id\":\"https:\/\/www.estrategiaconcursos.com.br\/blog\/#organization\"}},{\"@type\":\"WebPage\",\"@id\":\"https:\/\/www.estrategiaconcursos.com.br\/blog\/prova-comentada-banca-fcc-cargo-arquiteto-trt-15o-regiao\/\",\"url\":\"https:\/\/www.estrategiaconcursos.com.br\/blog\/prova-comentada-banca-fcc-cargo-arquiteto-trt-15o-regiao\/\",\"name\":\"PROVA COMENTADA banca FCC - cargo arquiteto - TRT 15\u00ba REGI\u00c3O\",\"isPartOf\":{\"@id\":\"https:\/\/www.estrategiaconcursos.com.br\/blog\/#website\"},\"primaryImageOfPage\":{\"@id\":\"https:\/\/www.estrategiaconcursos.com.br\/blog\/prova-comentada-banca-fcc-cargo-arquiteto-trt-15o-regiao\/#primaryimage\"},\"image\":{\"@id\":\"https:\/\/www.estrategiaconcursos.com.br\/blog\/prova-comentada-banca-fcc-cargo-arquiteto-trt-15o-regiao\/#primaryimage\"},\"thumbnailUrl\":\"https:\/\/www.estrategiaconcursos.com.br\/blog\/wp-content\/uploads\/2018\/08\/2018-08-01-1.png\",\"datePublished\":\"2018-08-02T05:31:34+00:00\",\"dateModified\":\"2023-05-23T12:27:07+00:00\",\"breadcrumb\":{\"@id\":\"https:\/\/www.estrategiaconcursos.com.br\/blog\/prova-comentada-banca-fcc-cargo-arquiteto-trt-15o-regiao\/#breadcrumb\"},\"inLanguage\":\"pt-BR\",\"potentialAction\":[{\"@type\":\"ReadAction\",\"target\":[\"https:\/\/www.estrategiaconcursos.com.br\/blog\/prova-comentada-banca-fcc-cargo-arquiteto-trt-15o-regiao\/\"]}]},{\"@type\":\"ImageObject\",\"inLanguage\":\"pt-BR\",\"@id\":\"https:\/\/www.estrategiaconcursos.com.br\/blog\/prova-comentada-banca-fcc-cargo-arquiteto-trt-15o-regiao\/#primaryimage\",\"url\":\"https:\/\/dhg1h5j42swfq.cloudfront.net\/2018\/08\/02015400\/2018-08-01-1.png\",\"contentUrl\":\"https:\/\/dhg1h5j42swfq.cloudfront.net\/2018\/08\/02015400\/2018-08-01-1.png\",\"width\":494,\"height\":378},{\"@type\":\"BreadcrumbList\",\"@id\":\"https:\/\/www.estrategiaconcursos.com.br\/blog\/prova-comentada-banca-fcc-cargo-arquiteto-trt-15o-regiao\/#breadcrumb\",\"itemListElement\":[{\"@type\":\"ListItem\",\"position\":1,\"name\":\"In\u00edcio\",\"item\":\"https:\/\/www.estrategiaconcursos.com.br\/blog\/\"},{\"@type\":\"ListItem\",\"position\":2,\"name\":\"PROVA COMENTADA banca FCC &#8211; cargo arquiteto &#8211; TRT 15\u00ba REGI\u00c3O\"}]},{\"@type\":\"WebSite\",\"@id\":\"https:\/\/www.estrategiaconcursos.com.br\/blog\/#website\",\"url\":\"https:\/\/www.estrategiaconcursos.com.br\/blog\/\",\"name\":\"Estrat\u00e9gia Concursos\",\"description\":\"O blog da Estrat\u00e9gia Concursos traz not\u00edcias sobre concursos e artigos de professores oferecendo cursos para concursos (pdf + videaulas) no site.\",\"publisher\":{\"@id\":\"https:\/\/www.estrategiaconcursos.com.br\/blog\/#organization\"},\"potentialAction\":[{\"@type\":\"SearchAction\",\"target\":{\"@type\":\"EntryPoint\",\"urlTemplate\":\"https:\/\/www.estrategiaconcursos.com.br\/blog\/?s={search_term_string}\"},\"query-input\":{\"@type\":\"PropertyValueSpecification\",\"valueRequired\":true,\"valueName\":\"search_term_string\"}}],\"inLanguage\":\"pt-BR\"},{\"@type\":\"Organization\",\"@id\":\"https:\/\/www.estrategiaconcursos.com.br\/blog\/#organization\",\"name\":\"Estrat\u00e9gia Concursos\",\"url\":\"https:\/\/www.estrategiaconcursos.com.br\/blog\/\",\"logo\":{\"@type\":\"ImageObject\",\"inLanguage\":\"pt-BR\",\"@id\":\"https:\/\/www.estrategiaconcursos.com.br\/blog\/#\/schema\/logo\/image\/\",\"url\":\"https:\/\/dhg1h5j42swfq.cloudfront.net\/2025\/06\/03203428\/logo_concursos-1.jpg\",\"contentUrl\":\"https:\/\/dhg1h5j42swfq.cloudfront.net\/2025\/06\/03203428\/logo_concursos-1.jpg\",\"width\":230,\"height\":60,\"caption\":\"Estrat\u00e9gia Concursos\"},\"image\":{\"@id\":\"https:\/\/www.estrategiaconcursos.com.br\/blog\/#\/schema\/logo\/image\/\"},\"sameAs\":[\"https:\/\/x.com\/EstratConcursos\"]},{\"@type\":\"Person\",\"@id\":\"https:\/\/www.estrategiaconcursos.com.br\/blog\/#\/schema\/person\/e2a129484af400a0e96b32dee7e7008a\",\"name\":\"Moema Machado\",\"image\":{\"@type\":\"ImageObject\",\"inLanguage\":\"pt-BR\",\"@id\":\"https:\/\/secure.gravatar.com\/avatar\/f6d4a54cce2f69a49a4fd2959222dd05dc4a6436cf3a28026212f62072fe4560?s=96&d=mm&r=g\",\"url\":\"https:\/\/secure.gravatar.com\/avatar\/f6d4a54cce2f69a49a4fd2959222dd05dc4a6436cf3a28026212f62072fe4560?s=96&d=mm&r=g\",\"contentUrl\":\"https:\/\/secure.gravatar.com\/avatar\/f6d4a54cce2f69a49a4fd2959222dd05dc4a6436cf3a28026212f62072fe4560?s=96&d=mm&r=g\",\"caption\":\"Moema Machado\"},\"url\":\"https:\/\/www.estrategiaconcursos.com.br\/blog\/author\/moemamoemamachado-com-br\/\"}]}<\/script>\n<!-- \/ Yoast SEO Premium plugin. -->","yoast_head_json":{"title":"PROVA COMENTADA banca FCC - cargo arquiteto - TRT 15\u00ba REGI\u00c3O","robots":{"index":"index","follow":"follow","max-snippet":"max-snippet:-1","max-image-preview":"max-image-preview:large","max-video-preview":"max-video-preview:-1"},"canonical":"https:\/\/www.estrategiaconcursos.com.br\/blog\/prova-comentada-banca-fcc-cargo-arquiteto-trt-15o-regiao\/","og_locale":"pt_BR","og_type":"article","og_title":"PROVA COMENTADA banca FCC - cargo arquiteto - TRT 15\u00ba REGI\u00c3O","og_description":"Oi pessoal! No \u00faltimo domingo, mais alunos nossos fizeram prova para o cargo de arquiteto! Dessa vez, foi a banca FCC que aplicou. Vou come\u00e7ar a comentar a prova nesse artigo. Como ningu\u00e9m me pediu para comentar alguma quest\u00e3o em especial, vou seguir a ordem da prova que me enviaram. Aproveito para pedir, quando for [&hellip;]","og_url":"https:\/\/www.estrategiaconcursos.com.br\/blog\/prova-comentada-banca-fcc-cargo-arquiteto-trt-15o-regiao\/","og_site_name":"Estrat\u00e9gia Concursos","article_published_time":"2018-08-02T05:31:34+00:00","article_modified_time":"2023-05-23T12:27:07+00:00","og_image":[{"url":"https:\/\/www.estrategiaconcursos.com.br\/blog\/wp-content\/uploads\/2018\/08\/2018-08-01-1.png","type":"","width":"","height":""}],"author":"Moema Machado","twitter_card":"summary_large_image","twitter_creator":"@EstratConcursos","twitter_site":"@EstratConcursos","twitter_misc":{"Escrito por":"Moema Machado","Est. tempo de leitura":"17 minutos"},"schema":{"@context":"https:\/\/schema.org","@graph":[{"@type":"NewsArticle","@id":"https:\/\/www.estrategiaconcursos.com.br\/blog\/prova-comentada-banca-fcc-cargo-arquiteto-trt-15o-regiao\/#article","isPartOf":{"@id":"https:\/\/www.estrategiaconcursos.com.br\/blog\/prova-comentada-banca-fcc-cargo-arquiteto-trt-15o-regiao\/"},"author":{"name":"Moema Machado","@id":"https:\/\/www.estrategiaconcursos.com.br\/blog\/#\/schema\/person\/e2a129484af400a0e96b32dee7e7008a"},"headline":"PROVA COMENTADA banca FCC &#8211; cargo arquiteto &#8211; TRT 15\u00ba REGI\u00c3O","datePublished":"2018-08-02T05:31:34+00:00","dateModified":"2023-05-23T12:27:07+00:00","mainEntityOfPage":{"@id":"https:\/\/www.estrategiaconcursos.com.br\/blog\/prova-comentada-banca-fcc-cargo-arquiteto-trt-15o-regiao\/"},"wordCount":3339,"commentCount":3,"publisher":{"@id":"https:\/\/www.estrategiaconcursos.com.br\/blog\/#organization"},"image":{"@id":"https:\/\/www.estrategiaconcursos.com.br\/blog\/prova-comentada-banca-fcc-cargo-arquiteto-trt-15o-regiao\/#primaryimage"},"thumbnailUrl":"https:\/\/www.estrategiaconcursos.com.br\/blog\/wp-content\/uploads\/2018\/08\/2018-08-01-1.png","articleSection":["Concursos P\u00fablicos"],"inLanguage":"pt-BR","potentialAction":[{"@type":"CommentAction","name":"Comment","target":["https:\/\/www.estrategiaconcursos.com.br\/blog\/prova-comentada-banca-fcc-cargo-arquiteto-trt-15o-regiao\/#respond"]}],"copyrightYear":"2018","copyrightHolder":{"@id":"https:\/\/www.estrategiaconcursos.com.br\/blog\/#organization"}},{"@type":"WebPage","@id":"https:\/\/www.estrategiaconcursos.com.br\/blog\/prova-comentada-banca-fcc-cargo-arquiteto-trt-15o-regiao\/","url":"https:\/\/www.estrategiaconcursos.com.br\/blog\/prova-comentada-banca-fcc-cargo-arquiteto-trt-15o-regiao\/","name":"PROVA COMENTADA banca FCC - cargo arquiteto - TRT 15\u00ba REGI\u00c3O","isPartOf":{"@id":"https:\/\/www.estrategiaconcursos.com.br\/blog\/#website"},"primaryImageOfPage":{"@id":"https:\/\/www.estrategiaconcursos.com.br\/blog\/prova-comentada-banca-fcc-cargo-arquiteto-trt-15o-regiao\/#primaryimage"},"image":{"@id":"https:\/\/www.estrategiaconcursos.com.br\/blog\/prova-comentada-banca-fcc-cargo-arquiteto-trt-15o-regiao\/#primaryimage"},"thumbnailUrl":"https:\/\/www.estrategiaconcursos.com.br\/blog\/wp-content\/uploads\/2018\/08\/2018-08-01-1.png","datePublished":"2018-08-02T05:31:34+00:00","dateModified":"2023-05-23T12:27:07+00:00","breadcrumb":{"@id":"https:\/\/www.estrategiaconcursos.com.br\/blog\/prova-comentada-banca-fcc-cargo-arquiteto-trt-15o-regiao\/#breadcrumb"},"inLanguage":"pt-BR","potentialAction":[{"@type":"ReadAction","target":["https:\/\/www.estrategiaconcursos.com.br\/blog\/prova-comentada-banca-fcc-cargo-arquiteto-trt-15o-regiao\/"]}]},{"@type":"ImageObject","inLanguage":"pt-BR","@id":"https:\/\/www.estrategiaconcursos.com.br\/blog\/prova-comentada-banca-fcc-cargo-arquiteto-trt-15o-regiao\/#primaryimage","url":"https:\/\/dhg1h5j42swfq.cloudfront.net\/2018\/08\/02015400\/2018-08-01-1.png","contentUrl":"https:\/\/dhg1h5j42swfq.cloudfront.net\/2018\/08\/02015400\/2018-08-01-1.png","width":494,"height":378},{"@type":"BreadcrumbList","@id":"https:\/\/www.estrategiaconcursos.com.br\/blog\/prova-comentada-banca-fcc-cargo-arquiteto-trt-15o-regiao\/#breadcrumb","itemListElement":[{"@type":"ListItem","position":1,"name":"In\u00edcio","item":"https:\/\/www.estrategiaconcursos.com.br\/blog\/"},{"@type":"ListItem","position":2,"name":"PROVA COMENTADA banca FCC &#8211; cargo arquiteto &#8211; TRT 15\u00ba REGI\u00c3O"}]},{"@type":"WebSite","@id":"https:\/\/www.estrategiaconcursos.com.br\/blog\/#website","url":"https:\/\/www.estrategiaconcursos.com.br\/blog\/","name":"Estrat\u00e9gia Concursos","description":"O blog da Estrat\u00e9gia Concursos traz not\u00edcias sobre concursos e artigos de professores oferecendo cursos para concursos (pdf + videaulas) no site.","publisher":{"@id":"https:\/\/www.estrategiaconcursos.com.br\/blog\/#organization"},"potentialAction":[{"@type":"SearchAction","target":{"@type":"EntryPoint","urlTemplate":"https:\/\/www.estrategiaconcursos.com.br\/blog\/?s={search_term_string}"},"query-input":{"@type":"PropertyValueSpecification","valueRequired":true,"valueName":"search_term_string"}}],"inLanguage":"pt-BR"},{"@type":"Organization","@id":"https:\/\/www.estrategiaconcursos.com.br\/blog\/#organization","name":"Estrat\u00e9gia Concursos","url":"https:\/\/www.estrategiaconcursos.com.br\/blog\/","logo":{"@type":"ImageObject","inLanguage":"pt-BR","@id":"https:\/\/www.estrategiaconcursos.com.br\/blog\/#\/schema\/logo\/image\/","url":"https:\/\/dhg1h5j42swfq.cloudfront.net\/2025\/06\/03203428\/logo_concursos-1.jpg","contentUrl":"https:\/\/dhg1h5j42swfq.cloudfront.net\/2025\/06\/03203428\/logo_concursos-1.jpg","width":230,"height":60,"caption":"Estrat\u00e9gia Concursos"},"image":{"@id":"https:\/\/www.estrategiaconcursos.com.br\/blog\/#\/schema\/logo\/image\/"},"sameAs":["https:\/\/x.com\/EstratConcursos"]},{"@type":"Person","@id":"https:\/\/www.estrategiaconcursos.com.br\/blog\/#\/schema\/person\/e2a129484af400a0e96b32dee7e7008a","name":"Moema Machado","image":{"@type":"ImageObject","inLanguage":"pt-BR","@id":"https:\/\/secure.gravatar.com\/avatar\/f6d4a54cce2f69a49a4fd2959222dd05dc4a6436cf3a28026212f62072fe4560?s=96&d=mm&r=g","url":"https:\/\/secure.gravatar.com\/avatar\/f6d4a54cce2f69a49a4fd2959222dd05dc4a6436cf3a28026212f62072fe4560?s=96&d=mm&r=g","contentUrl":"https:\/\/secure.gravatar.com\/avatar\/f6d4a54cce2f69a49a4fd2959222dd05dc4a6436cf3a28026212f62072fe4560?s=96&d=mm&r=g","caption":"Moema Machado"},"url":"https:\/\/www.estrategiaconcursos.com.br\/blog\/author\/moemamoemamachado-com-br\/"}]}},"_links":{"self":[{"href":"https:\/\/www.estrategiaconcursos.com.br\/blog\/wp-json\/wp\/v2\/posts\/134286","targetHints":{"allow":["GET"]}}],"collection":[{"href":"https:\/\/www.estrategiaconcursos.com.br\/blog\/wp-json\/wp\/v2\/posts"}],"about":[{"href":"https:\/\/www.estrategiaconcursos.com.br\/blog\/wp-json\/wp\/v2\/types\/post"}],"author":[{"embeddable":true,"href":"https:\/\/www.estrategiaconcursos.com.br\/blog\/wp-json\/wp\/v2\/users\/524"}],"replies":[{"embeddable":true,"href":"https:\/\/www.estrategiaconcursos.com.br\/blog\/wp-json\/wp\/v2\/comments?post=134286"}],"version-history":[{"count":4,"href":"https:\/\/www.estrategiaconcursos.com.br\/blog\/wp-json\/wp\/v2\/posts\/134286\/revisions"}],"predecessor-version":[{"id":1220435,"href":"https:\/\/www.estrategiaconcursos.com.br\/blog\/wp-json\/wp\/v2\/posts\/134286\/revisions\/1220435"}],"wp:attachment":[{"href":"https:\/\/www.estrategiaconcursos.com.br\/blog\/wp-json\/wp\/v2\/media?parent=134286"}],"wp:term":[{"taxonomy":"category","embeddable":true,"href":"https:\/\/www.estrategiaconcursos.com.br\/blog\/wp-json\/wp\/v2\/categories?post=134286"},{"taxonomy":"post_tag","embeddable":true,"href":"https:\/\/www.estrategiaconcursos.com.br\/blog\/wp-json\/wp\/v2\/tags?post=134286"},{"taxonomy":"tax_estado","embeddable":true,"href":"https:\/\/www.estrategiaconcursos.com.br\/blog\/wp-json\/wp\/v2\/tax_estado?post=134286"}],"curies":[{"name":"wp","href":"https:\/\/api.w.org\/{rel}","templated":true}]}}