{"id":133928,"date":"2026-04-24T06:30:00","date_gmt":"2026-04-24T09:30:00","guid":{"rendered":"https:\/\/www.estrategiaconcursos.com.br\/blog\/?p=133928"},"modified":"2026-04-24T09:09:43","modified_gmt":"2026-04-24T12:09:43","slug":"concurso-pmdf","status":"publish","type":"post","link":"https:\/\/www.estrategiaconcursos.com.br\/blog\/concurso-pmdf\/","title":{"rendered":"Concurso PMDF 2026: provas remarcadas! Veja os detalhes"},"content":{"rendered":"\n<p class=\"has-text-align-left\" style=\"font-size:clamp(15.197px, 0.95rem + ((1vw - 3.2px) * 0.765), 23px);\"><strong><em>Cebraspe \u00e9 a banca de novo concurso PMDF para Soldado 2027. Edital para Oficial oferece sal\u00e1rio de at\u00e9 R$ 18 mil!<\/em><\/strong><\/p>\n\n\n\n<div style=\"height:9px\" aria-hidden=\"true\" class=\"wp-block-spacer\"><\/div>\n\n\n\n<hr class=\"wp-block-separator has-alpha-channel-opacity\"\/>\n\n\n<p><center><a id=\"cta-icon\" href=\"https:\/\/sndflw.com\/i\/pm-df-grupo\" target=\"_blank\" style=\"background:#29a61a; display:inline-flex; align-items:center; padding:10px 15px; border-radius:6px; color:#fff; text-decoration:none; font-weight:500; font-size:15px;\"><img decoding=\"async\" src=\"https:\/\/dhg1h5j42swfq.cloudfront.net\/2023\/12\/07154107\/whatsapp_13851.png\" alt=\"\" style=\"width:20px; height:20px; margin-right:8px;\"><span>Acesse agora o Grupo de Estudos para o Concurso PMDF<\/span><\/a><\/center><\/p>\n\n\n\n<div style=\"height:25px\" aria-hidden=\"true\" class=\"wp-block-spacer\"><\/div>\n\n\n\n<p>Foram <a href=\"https:\/\/www.estrategiaconcursos.com.br\/blog\/concurso-pmdf-2026-retomado\/\" target=\"_blank\" rel=\"noreferrer noopener\">remarcadas as provas<\/a> para o cargo de Oficial Combatente do <strong>Concurso PMDF<\/strong> (<a href=\"https:\/\/www.estrategiaconcursos.com.br\/cursosPorConcurso\/policia-militar-do-distrito-federal-pmdf\/\" target=\"_blank\" rel=\"noreferrer noopener\">Pol\u00edcia Militar do Distrito Federal<\/a>).<\/p>\n\n\n\n<p>Segundo novo cronograma, as <strong>provas ser\u00e3o aplicadas no dia 14 de junho<\/strong>. Al\u00e9m disso, foi divulgado o <a href=\"https:\/\/www.estrategiaconcursos.com.br\/blog\/concurso-pmdf-oficial-2026-prazo-comprovar-idade\/\" target=\"_blank\" rel=\"noreferrer noopener\">edital de reabertura do prazo para comprova\u00e7\u00e3o da idade<\/a>, com envio da documenta\u00e7\u00e3o at\u00e9 o 27 de abril.<\/p>\n\n\n\n<p>Est\u00e3o em jogo <span style=\"background-color: initial; color: initial;\">49 vagas imediatas e 98 em cadastro de reserva<\/span> para o <strong>cargo de Oficial<\/strong>, que exige n\u00edvel superior e idade m\u00e1xima de 30 anos (n\u00e3o ter completado 31 anos na data da inscri\u00e7\u00e3o).<\/p>\n\n\n\n<p>Os sal\u00e1rios iniciais s\u00e3o de <strong>R$ 6.802,03<\/strong> (Cadete do 1\u00ba ano), <strong>R$ 14.359,70<\/strong> (Aspirante-a-Oficial PM &#8211; ap\u00f3s a forma\u00e7\u00e3o) e <strong>R$ 18.014,79<\/strong> (2\u00ba Tenente).<\/p>\n\n\n\n<p>Importante destacar que o <a href=\"https:\/\/www.estrategiaconcursos.com.br\/blog\/concursos-seguranca-df-senado-aprova-reajuste\" target=\"_blank\" rel=\"noreferrer noopener\">Senado aprovou uma MP<\/a> que trata dos reajustes e reestrutura\u00e7\u00e3o das carreiras de seguran\u00e7a do DF. Agora, o texto segue para san\u00e7\u00e3o presidencial.<\/p>\n\n\n\n<ul class=\"wp-block-list has-very-light-gray-to-cyan-bluish-gray-gradient-background has-background\">\n<li><strong>Concurso PMDF 2026 &#8211; Oficial Combatente<\/strong><\/li>\n\n\n\n<li><strong>Situa\u00e7\u00e3o:<\/strong> provas remarcadas para 14\/06<\/li>\n\n\n\n<li><strong>Status<\/strong>: <a href=\"https:\/\/www.cebraspe.org.br\/concursos\/PM_DF_25_CFO\" target=\"_blank\" rel=\"noreferrer noopener\">Cebraspe<\/a><\/li>\n\n\n\n<li><strong style=\"background-color: initial; color: initial;\">Vagas<\/strong><span style=\"background-color: initial; color: initial;\">: 49 + 98 CR <\/span><\/li>\n\n\n\n<li><strong>Sal\u00e1rio inicial<\/strong>: R$ 18.014,79 (2\u00ba Tenente)<\/li>\n\n\n\n<li><strong>Edital<\/strong>: <a href=\"https:\/\/dhg1h5j42swfq.cloudfront.net\/2025\/02\/03175530\/ed_1_pmdf_cfo_24_abertura-ed_1_pmdf_cfo_25_abertura-pdf.pdf?utm_source=google&amp;utm_medium=cpc&amp;utm_campaign=ec-leg-vd-gsh-camaradeputados-web-110925\" target=\"_blank\" rel=\"noreferrer noopener\">PMDF Oficial-2025<\/a> | <a href=\"https:\/\/dhg1h5j42swfq.cloudfront.net\/2025\/12\/19172143\/pdf-00054-00194474_2025-81-eafb2a23c9ae9c309431e847fc1b4d3ab416cb592fb69d4c4b8d93693210baa9.pdf\" target=\"_blank\" rel=\"noreferrer noopener nofollow\">Edital Retomada<\/a><\/li>\n<\/ul>\n\n\n\n<p>Lembrando que novos certames <strong>poder\u00e3o ocorrer a partir de 2026<\/strong>, segundo informa\u00e7\u00f5es divulgadas pela comandante Ana Paula Barros Habka.<\/p>\n\n\n\n<p><em>&#8220;Terminando com esse concurso, em 2026 a \u00faltima chamada. E a\u00ed, para ano que vem, a gente j\u00e1 vai preparar a chamada para um novo concurso para entrada em 2027&#8221;<\/em>. <\/p>\n\n\n\n<p>Em resposta \u00e0 nossa equipe de jornalismo, a PMDF confirmou que est\u00e3o em andamento os estudos para as <a href=\"https:\/\/www.estrategiaconcursos.com.br\/blog\/concurso-pmdf-soldado-novo-edital-confirmado\/\" target=\"_blank\" rel=\"noreferrer noopener\">vagas do novo concurso de Soldado<\/a>.<\/p>\n\n\n\n<p>Al\u00e9m disso, o&nbsp;<a href=\"https:\/\/www.estrategiaconcursos.com.br\/blog\/concurso-pmdf-divulgado-contrato-cebraspe\/\" target=\"_blank\" rel=\"noreferrer noopener\"><strong>Cebraspe foi contratado como banca organizadora<\/strong>&nbsp;e ser\u00e1 respons\u00e1vel pelos novos editais da Pol\u00edcia Militar DF<\/a> nos&nbsp;<strong>pr\u00f3ximos 3 anos<\/strong>. O prazo ser\u00e1 prorrog\u00e1vel por at\u00e9 10 anos!<\/p>\n\n\n\n<p>Em rela\u00e7\u00e3o ao <strong>concurso PMDF para o cargo de Oficial Capel\u00e3o<\/strong>, foram divulgados os <strong>resultados definitivos da prova objetiva<\/strong> e os preliminares do teste f\u00edsico.<\/p>\n\n\n\n<ul class=\"wp-block-list\">\n<li><a href=\"https:\/\/dhg1h5j42swfq.cloudfront.net\/2026\/02\/10095605\/pm-df.pdf\" target=\"_blank\" rel=\"noreferrer noopener nofollow\">Resultados &#8211; Oficial Capel\u00e3o PMDF<\/a><\/li>\n<\/ul>\n\n\n\n<p>Al\u00e9m disso, a PMDF <strong>prorrogou por dois anos <\/strong>a validade do \u00faltimo concurso p\u00fablico para Pra\u00e7as (<strong>CFP<\/strong>). A <a href=\"https:\/\/dhg1h5j42swfq.cloudfront.net\/2026\/02\/24065058\/image-115.png\" target=\"_blank\" rel=\"noreferrer noopener nofollow\">prorroga\u00e7\u00e3o<\/a> vale a partir de 2 de agosto de\u00a02026.<\/p>\n\n\n\n<p>Neste artigo voc\u00ea encontrar\u00e1 tudo o que precisa saber sobre o <strong>concurso PMDF<\/strong>. Nosso objetivo \u00e9 deixar voc\u00ea&nbsp;100% atualizado. Acompanhe pelos t\u00f3picos a seguir:<\/p>\n\n\n\n<ul id=\"indice\" class=\"wp-block-list\">\n<li><a href=\"#panorama\"><strong>Situa\u00e7\u00e3o e panorama dos novos concursos<\/strong><\/a>\n<ul class=\"wp-block-list\">\n<li><a href=\"#banca\">Banca organizadora<\/a><\/li>\n\n\n\n<li><a href=\"#novo-concurso-soldado\">Concurso Soldado<\/a><\/li>\n<\/ul>\n<\/li>\n\n\n\n<li><strong><a href=\"#oficial-2025\">Concurso Oficial 2025<\/a><\/strong>\n<ul class=\"wp-block-list\">\n<li><a href=\"#datas\">Principais datas<\/a><\/li>\n\n\n\n<li><a href=\"#cargos-vagas-of\">Cargo e vagas<\/a><\/li>\n\n\n\n<li><a href=\"#etapas-oficial-nov\" target=\"_blank\" rel=\"noreferrer noopener\">Etapas do concurso<\/a><\/li>\n<\/ul>\n<\/li>\n\n\n\n<li><a href=\"#capelao-2025\"><strong>Concurso Capel\u00e3o 2025<\/strong><\/a>\n<ul class=\"wp-block-list\">\n<li><a href=\"#vagas-capelao\">Cargo e vagas<\/a><\/li>\n\n\n\n<li><a href=\"#etapas-capelao\" target=\"_blank\" rel=\"noreferrer noopener\">Etapas do concurso<\/a><\/li>\n<\/ul>\n<\/li>\n\n\n\n<li><a href=\"#status\"><strong>Edital para Soldado 2023<\/strong><\/a>\n<ul class=\"wp-block-list\">\n<li><a href=\"#cargos-vagas\">Cargo e vagas<\/a><\/li>\n\n\n\n<li><a href=\"#etapas\">Etapas e provas<\/a><\/li>\n\n\n\n<li><a href=\"#guia\">Guia de estudos<\/a><\/li>\n<\/ul>\n<\/li>\n\n\n\n<li><a href=\"#oficial\"><strong>Edital para Oficial de Sa\u00fade e Capel\u00e3o 2023<\/strong><\/a>\n\n\n\n\n\n\n\n\n\n\n\n\n\n\n\n\n\n\n\n\n\n\n\n\n\n\n<ul class=\"wp-block-list\">\n<li><a href=\"#cargos-vagas-oficial\">Cargos e vagas<\/a><\/li>\n\n\n\n<li><a href=\"#etapasoficial\">Etapas do concurso<\/a><\/li>\n<\/ul>\n<\/li>\n\n\n\n<li><a href=\"#carreira\"><strong>Carreira da PMDF<\/strong><\/a>\n<ul class=\"wp-block-list\">\n<li><a href=\"#requisitos\">Requisitos<\/a><\/li>\n\n\n\n<li><a href=\"#remuneracao-pmdf\">Remunera\u00e7\u00e3o<\/a><\/li>\n\n\n\n<li><a href=\"#cargos-vagos\">Cargos vagos<\/a><\/li>\n<\/ul>\n<\/li>\n\n\n\n<li><a href=\"#h-guia-de-estudos-of\"><strong>Guia de estudos<\/strong><\/a><\/li>\n\n\n\n<li><a href=\"#curso\"><strong>Cursos e assinatura<\/strong><\/a><\/li>\n\n\n\n<li><a href=\"#ficha\"><strong>Ficha t\u00e9cnica<\/strong><\/a><\/li>\n<\/ul>\n\n\n\n<div class=\"container\" id=\"boxes\">\n  <div class=\"row\">\n\n    <div class=\"col-sm\">\n      <div class=\"banner-policia-militar\" id=\"box-assinatura\">\n        <h3 class=\"titulo-assinatura\">Concurso PMDF<\/h3>\n        <p class=\"subtitulo-assinatura\">Rumo \u00e0 carreira policial dos seus sonhos!<\/p>\n        <div class=\"box-botao\">\n          <a class=\"btn-assinatura\" target=\"_blank\" href=\"https:\/\/www.estrategiaconcursos.com.br\/cursosPorConcurso\/policia-militar-do-distrito-federal-pmdf\/\" role=\"button\" rel=\"noopener noreferrer\">EXPLORAR CURSOS<\/a>\n        <\/div>\n      <\/div>\n \n    <\/div>\n\n  <\/div>\n<\/div>\n\n\n\n<h2 class=\"wp-block-heading has-cyan-bluish-gray-background-color has-background\" id=\"panorama\">Situa\u00e7\u00e3o e panorama dos novos concursos PMDF<\/h2>\n\n\n\n<h3 class=\"wp-block-heading\" id=\"banca\">Banca organizadora<\/h3>\n\n\n\n<p>O&nbsp;<strong>Cebraspe ser\u00e1 a banca organizadora<\/strong>&nbsp;respons\u00e1vel pelos novos editais de&nbsp;concurso p\u00fablico da PMDF nos pr\u00f3ximos 3 anos, prorrog\u00e1vel por at\u00e9 10 anos.<\/p>\n\n\n\n<p>Inclusive, j\u00e1 foi divulgado o contrato oficializando a empresa como respons\u00e1vel das futuras sele\u00e7\u00f5es. A medida vale para diversos cargos da corpora\u00e7\u00e3o:<\/p>\n\n\n\n<ul class=\"wp-block-list\">\n<li>Curso de Forma\u00e7\u00e3o de Pra\u00e7as (CFP);<\/li>\n\n\n\n<li>Curso de Forma\u00e7\u00e3o de Oficiais (CFO);<\/li>\n\n\n\n<li>Curso de Habilita\u00e7\u00e3o de Oficiais Administrativos, Especialistas e M\u00fasicos (CHOAEM);<\/li>\n\n\n\n<li>Curso de Habilita\u00e7\u00e3o de Oficiais de Sa\u00fade (CHOS \u2013 Sa\u00fade);<\/li>\n\n\n\n<li>Curso de Habilita\u00e7\u00e3o de Oficiais Capel\u00e3es (CHOS \u2013 Capel\u00e3o).<\/li>\n<\/ul>\n\n\n\n<figure class=\"wp-block-image aligncenter\"><img loading=\"lazy\" decoding=\"async\" width=\"873\" height=\"467\" src=\"https:\/\/dhg1h5j42swfq.cloudfront.net\/2025\/09\/26113514\/image-432.png\" alt=\"Cebraspe \u00e9 a banca dos pr\u00f3ximos editais do concurso PMDF\" class=\"wp-image-1645396\" srcset=\"https:\/\/dhg1h5j42swfq.cloudfront.net\/2025\/09\/26113514\/image-432.png 873w, https:\/\/dhg1h5j42swfq.cloudfront.net\/2025\/09\/26113514\/image-432-300x160.png 300w, https:\/\/dhg1h5j42swfq.cloudfront.net\/2025\/09\/26113514\/image-432-768x411.png 768w, https:\/\/dhg1h5j42swfq.cloudfront.net\/2025\/09\/26113514\/image-432-150x80.png 150w\" sizes=\"auto, (max-width: 873px) 100vw, 873px\" \/><figcaption class=\"wp-element-caption\">Cebraspe \u00e9 a banca dos pr\u00f3ximos editais do concurso PMDF<\/figcaption><\/figure>\n\n\n\n<ul class=\"wp-block-list\">\n<li><a href=\"https:\/\/dhg1h5j42swfq.cloudfront.net\/2025\/09\/26113950\/sei_182663144_ato_autorizativo_watermark.pdf?utm_source=google&amp;utm_medium=cpc&amp;utm_campaign=ec-leg-vd-gsh-aleam-web-160725\" target=\"_blank\" rel=\"noreferrer noopener\">Veja o ato autorizativo do Cebraspe<\/a><\/li>\n\n\n\n<li><a href=\"https:\/\/dhg1h5j42swfq.cloudfront.net\/2025\/09\/26114012\/tr_926016_000009_2025-tr_watermark-1.pdf?utm_source=google&amp;utm_medium=cpc&amp;utm_campaign=ec-leg-vd-gsh-aleam-web-160725\" target=\"_blank\" rel=\"noreferrer noopener\">Veja o termo de refer\u00eancia<\/a><\/li>\n\n\n\n<li><a href=\"https:\/\/dhg1h5j42swfq.cloudfront.net\/2025\/09\/26114005\/ilovepdf_merged__27_etp_watermark.pdf?utm_source=google&amp;utm_medium=cpc&amp;utm_campaign=ec-leg-vd-gsh-aleam-web-160725\" target=\"_blank\" rel=\"noreferrer noopener\">Veja o estudo t\u00e9cnico preliminar<\/a><\/li>\n\n\n\n<li><a href=\"https:\/\/dhg1h5j42swfq.cloudfront.net\/2025\/10\/22171748\/contrato53-2.pdf\" target=\"_blank\" rel=\"noreferrer noopener nofollow\">Veja aqui o contrato<\/a><\/li>\n<\/ul>\n\n\n\n<h3 class=\"wp-block-heading\" id=\"novo-concurso-soldado\">Concurso para Soldado<\/h3>\n\n\n\n<p>A Pol\u00edcia Militar do Distrito Federal confirmou oficialmente a previs\u00e3o de realiza\u00e7\u00e3o de um novo concurso p\u00fablico para o cargo de <strong>Soldado<\/strong>.<\/p>\n\n\n\n<p>A informa\u00e7\u00e3o foi obtida por nossa equipe de jornalismo e consta na Nota Informativa n\u00ba 1\/2026, emitida pela Divis\u00e3o de Recrutamento e Sele\u00e7\u00e3o da corpora\u00e7\u00e3o, em 30 de janeiro.<\/p>\n\n\n\n<p>Quanto ao n\u00famero de vagas, os estudos seguem em andamento, motivo pelo qual n\u00e3o h\u00e1, neste momento, estimativa de quantitativo. <\/p>\n\n\n\n<ul class=\"wp-block-list\">\n<li><a href=\"https:\/\/dhg1h5j42swfq.cloudfront.net\/2026\/01\/30135157\/nota_informativa_193646667-1.pdf\" target=\"_blank\" rel=\"noreferrer noopener nofollow\">Nota sobre o novo concurso PMDF Soldado<\/a><\/li>\n<\/ul>\n\n\n\n<h2 class=\"wp-block-heading has-cyan-bluish-gray-background-color has-background\" id=\"oficial-2025\">Informa\u00e7\u00f5es do concurso PMDF Oficial 2026<\/h2>\n\n\n\n<h3 class=\"wp-block-heading\" id=\"datas\">Principais datas do edital<\/h3>\n\n\n\n<ul class=\"wp-block-list\">\n<li><strong>Inscri\u00e7\u00f5es<\/strong>: <s>04\/02 a 06\/03<\/s><\/li>\n\n\n\n<li><strong>Isen\u00e7\u00e3o da taxa<\/strong>: <s>09 a 16\/01<\/s><\/li>\n\n\n\n<li><strong>Pagamento do boleto<\/strong>: <s>at\u00e9 10\/03<\/s><\/li>\n\n\n\n<li><strong>Provas<\/strong>: 14\/06<\/li>\n<\/ul>\n\n\n\n<p class=\"has-text-align-center has-very-light-gray-to-cyan-bluish-gray-gradient-background has-background\"><strong><a href=\"https:\/\/dhg1h5j42swfq.cloudfront.net\/2026\/04\/24061933\/pmdf.pdf\" target=\"_blank\" rel=\"noreferrer noopener nofollow\"><em>Novo cronograma do concurso PMDF Oficial<\/em><\/a><\/strong><\/p>\n\n\n\n<h3 class=\"wp-block-heading\" id=\"retificacoes-divulgadas\">Retifica\u00e7\u00f5es divulgadas<\/h3>\n\n\n\n<ul class=\"wp-block-list\">\n<li><a href=\"https:\/\/dhg1h5j42swfq.cloudfront.net\/2025\/02\/28114515\/ed_20-2025_pmdf_cfo_25_ret_impugnacoes.pdf\" target=\"_blank\" rel=\"noreferrer noopener nofollow\">1\u00aa retifica\u00e7\u00e3o<\/a> [requisitos, conte\u00fado program\u00e1tico, isen\u00e7\u00e3o da taxa, inscri\u00e7\u00e3o e cronograma];<\/li>\n\n\n\n<li><a href=\"https:\/\/dhg1h5j42swfq.cloudfront.net\/2025\/03\/24091207\/pmdf-1-1.pdf\" target=\"_blank\" rel=\"noreferrer noopener nofollow\">2\u00aa retifica\u00e7\u00e3o<\/a> [cronograma, distribui\u00e7\u00e3o das vagas e mudan\u00e7as textuais];<\/li>\n\n\n\n<li><a href=\"https:\/\/dhg1h5j42swfq.cloudfront.net\/2025\/03\/25183944\/pmdf_comunicado_adiamento_inscricao.pdf\" target=\"_blank\" rel=\"noreferrer noopener nofollow\">Comunicado<\/a> [adiamento das datas do cronograma];<\/li>\n\n\n\n<li><a href=\"https:\/\/dhg1h5j42swfq.cloudfront.net\/2025\/03\/28070313\/pmdfconcurso.pdf\" target=\"_blank\" rel=\"noreferrer noopener nofollow\">3\u00aa retifica\u00e7\u00e3o<\/a> [distribui\u00e7\u00e3o das vagas e cronograma];<\/li>\n\n\n\n<li><a href=\"https:\/\/dhg1h5j42swfq.cloudfront.net\/2025\/12\/19172143\/pdf-00054-00194474_2025-81-eafb2a23c9ae9c309431e847fc1b4d3ab416cb592fb69d4c4b8d93693210baa9.pdf\" target=\"_blank\" rel=\"noreferrer noopener nofollow\">4\u00aa retifica\u00e7\u00e3o<\/a> [retomada do certame];<\/li>\n\n\n\n<li><a href=\"https:\/\/dhg1h5j42swfq.cloudfront.net\/2025\/12\/30114056\/diariooficial-2-90-91.pdf\" target=\"_blank\" rel=\"noreferrer noopener nofollow\">5\u00aa retifica\u00e7\u00e3o<\/a> [distribui\u00e7\u00e3o das vagas em CR];<\/li>\n\n\n\n<li><a href=\"https:\/\/dhg1h5j42swfq.cloudfront.net\/2026\/04\/24061933\/pmdf.pdf\" target=\"_blank\" rel=\"noreferrer noopener nofollow\">6\u00aa retifica\u00e7\u00e3o<\/a> [cronograma];<\/li>\n<\/ul>\n\n\n\n<h3 class=\"wp-block-heading\" id=\"cargos-vagas-of\">Cargos e vagas do concurso PMDF<\/h3>\n\n\n\n<figure class=\"wp-block-table is-style-stripes\"><table class=\"has-very-light-gray-to-cyan-bluish-gray-gradient-background has-background has-fixed-layout\"><thead><tr><th class=\"has-text-align-center\" data-align=\"center\">Cargo<\/th><th class=\"has-text-align-center\" data-align=\"center\">Vagas<\/th><\/tr><\/thead><tbody><tr><td class=\"has-text-align-center\" data-align=\"center\">Oficial da Pol\u00edcia Militar do Distrito Federal<\/td><td class=\"has-text-align-center\" data-align=\"center\">49 + 98 CR<\/td><\/tr><\/tbody><\/table><\/figure>\n\n\n\n<figure class=\"wp-block-image aligncenter size-full is-resized\"><img loading=\"lazy\" decoding=\"async\" width=\"837\" height=\"275\" src=\"https:\/\/dhg1h5j42swfq.cloudfront.net\/2025\/12\/30114949\/image-256.png\" alt=\"Distribui\u00e7\u00e3o de vagas do concurso PMDF 2026\" class=\"wp-image-1691755\" style=\"aspect-ratio:3.0439254460734175;width:707px;height:auto\" srcset=\"https:\/\/dhg1h5j42swfq.cloudfront.net\/2025\/12\/30114949\/image-256.png 837w, https:\/\/dhg1h5j42swfq.cloudfront.net\/2025\/12\/30114949\/image-256-300x99.png 300w, https:\/\/dhg1h5j42swfq.cloudfront.net\/2025\/12\/30114949\/image-256-768x252.png 768w, https:\/\/dhg1h5j42swfq.cloudfront.net\/2025\/12\/30114949\/image-256-150x49.png 150w\" sizes=\"auto, (max-width: 837px) 100vw, 837px\" \/><figcaption class=\"wp-element-caption\">Distribui\u00e7\u00e3o de vagas do concurso PMDF<\/figcaption><\/figure>\n\n\n\n<h4 class=\"wp-block-heading\" id=\"h-requisitos\">Requisitos<\/h4>\n\n\n\n<ul class=\"wp-block-list\">\n<li>N\u00edvel superior;<\/li>\n\n\n\n<li>ter, no m\u00e1ximo, 30 anos at\u00e9 a data da inscri\u00e7\u00e3o pelo candidato (idade at\u00e9 a v\u00e9spera do trig\u00e9simo primeiro anivers\u00e1rio, ou seja, n\u00e3o ter completado 31 anos), n\u00e3o se aplicando esse limite aos policiais militares da ativa da Corpora\u00e7\u00e3o; e<\/li>\n\n\n\n<li>Estando&nbsp;descal\u00e7o e descoberto, ter a altura m\u00ednima de 1,65 m, para os candidatos do sexo masculino, e 1,60 m,&nbsp;para os candidatos do sexo feminino.<\/li>\n<\/ul>\n\n\n\n<h4 class=\"wp-block-heading\" id=\"h-salarios\">Sal\u00e1rios<\/h4>\n\n\n\n<ul class=\"wp-block-list\">\n<li> <strong>R$ 6.802,03<\/strong> (Cadete do 1\u00ba ano)<\/li>\n\n\n\n<li><strong>R$ 14.359,70<\/strong> (Aspirante-a-Oficial PM &#8211; ap\u00f3s a forma\u00e7\u00e3o)<\/li>\n\n\n\n<li><strong>R$ 18.014,79<\/strong> (2\u00ba Tenente)<\/li>\n<\/ul>\n\n\n\n<h3 class=\"wp-block-heading\" id=\"etapas-oficial-nov\">Etapas e provas do concurso<\/h3>\n\n\n\n<p>Os candidatos do concurso PM DF Oficial ser\u00e3o avaliados mediante aplica\u00e7\u00e3o das seguintes etapas abaixo:<\/p>\n\n\n\n<ul class=\"wp-block-list\">\n<li><strong>a) Prova objetiva,<\/strong> de car\u00e1ter eliminat\u00f3rio e classificat\u00f3rio;<\/li>\n\n\n\n<li><strong>b) Prova discursiva,<\/strong> de car\u00e1ter eliminat\u00f3rio e classificat\u00f3rio;<\/li>\n\n\n\n<li><strong>c) Teste de aptid\u00e3o f\u00edsica,<\/strong> de car\u00e1ter eliminat\u00f3rio;<\/li>\n\n\n\n<li><strong>d) Exames m\u00e9dicos,<\/strong> de car\u00e1ter eliminat\u00f3rio;<\/li>\n\n\n\n<li><strong>e) Avalia\u00e7\u00e3o psicol\u00f3gica, <\/strong>de car\u00e1ter eliminat\u00f3rio; e<\/li>\n\n\n\n<li><strong>f) Sindic\u00e2ncia de vida pregressa e investiga\u00e7\u00e3o social, <\/strong>de car\u00e1ter eliminat\u00f3rio.<\/li>\n<\/ul>\n\n\n\n<p>Todas as fases, para todos os candidatos, bem como o procedimento de heteroidentifica\u00e7\u00e3o complementar \u00e0 autodeclara\u00e7\u00e3o dos candidatos negros, ser\u00e3o realizadas no Distrito Federal.<\/p>\n\n\n\n<h4 class=\"wp-block-heading\">Prova Objetiva<\/h4>\n\n\n\n<p>A prova objetiva contar\u00e1 com 80 quest\u00f5es de m\u00faltipla escolha, sendo cinco op\u00e7\u00f5es (A, B, C, D e E) de resposta e apenas uma resposta a correta.<\/p>\n\n\n\n<ul class=\"wp-block-list\">\n<li><strong>Conhecimentos b\u00e1sicos &#8211; 40 quest\u00f5es<\/strong>\n<ul class=\"wp-block-list\">\n<li>L\u00edngua Portuguesa<\/li>\n\n\n\n<li>Legisla\u00e7\u00e3o<\/li>\n\n\n\n<li>DF e Pol\u00edcia para Mulheres<\/li>\n\n\n\n<li>Direitos Humanos<\/li>\n\n\n\n<li>No\u00e7\u00f5es de Criminologia<\/li>\n\n\n\n<li>Racioc\u00ednio L\u00f3gico<\/li>\n\n\n\n<li>L\u00edngua Inglesa<\/li>\n<\/ul>\n<\/li>\n<\/ul>\n\n\n\n<ul class=\"wp-block-list\">\n<li><strong>Conhecimentos espec\u00edficos &#8211; 40 quest\u00f5es<\/strong>\n<ul class=\"wp-block-list\">\n<li>Administra\u00e7\u00e3o<\/li>\n\n\n\n<li>Direito Constitucional<\/li>\n\n\n\n<li>Direito Administrativo<\/li>\n\n\n\n<li>Direito Penal<\/li>\n\n\n\n<li>Direito Processual Penal<\/li>\n\n\n\n<li>Legisla\u00e7\u00e3o Penal e Processual Penal Extravagante<\/li>\n\n\n\n<li>Direito Penal Militar<\/li>\n\n\n\n<li>Direito Processual Penal Militar<\/li>\n<\/ul>\n<\/li>\n<\/ul>\n\n\n\n<p>A nota final na etapa (NFPO) ser\u00e1 a soma das notas obtidas nas provas P1 e P2. Ser\u00e1 reprovado nas provas objetivas e eliminado do concurso PMDF Oficial o candidato que obtiver NFPO menor que 40,00 pontos.<\/p>\n\n\n\n<h4 class=\"wp-block-heading\" id=\"h-prova-discursiva\">Prova Discursiva<\/h4>\n\n\n\n<p>A etapa valer\u00e1 20,00 pontos e consistir\u00e1 de resposta a uma quest\u00e3o discursiva, de at\u00e9 30 linhas, a respeito de temas relacionados aos conhecimentos espec\u00edficos.<\/p>\n\n\n\n<p>Ser\u00e1 avaliado o conte\u00fado (conhecimento do tema), a capacidade de express\u00e3o na modalidade escrita e o uso das normas do registro formal culto da L\u00edngua Portuguesa.<\/p>\n\n\n\n<p>A prova discursiva de cada candidato ser\u00e1 submetida a duas avalia\u00e7\u00f5es: uma de conte\u00fado e outra de dom\u00ednio da modalidade escrita da L\u00edngua Portuguesa.<\/p>\n\n\n\n<h4 class=\"wp-block-heading\" id=\"h-teste-de-aptidao-fisica\">Teste de Aptid\u00e3o F\u00edsica<\/h4>\n\n\n\n<p>Ser\u00e3o convocados para o teste de aptid\u00e3o f\u00edsica (<a href=\"https:\/\/www.estrategiaconcursos.com.br\/blog\/preparacao-teste-aptidao-fisica\/\" target=\"_blank\" rel=\"noreferrer noopener\">TAF<\/a>) todos os candidatos aprovados na prova discursiva do concurso PMDF, com os seguintes exerc\u00edcios:<\/p>\n\n\n\n<ul class=\"wp-block-list\">\n<li>a) Flex\u00e3o em barra fixa (para os candidatos do sexo masculino) ou de barra est\u00e1tica (candidatas do sexo feminino);<\/li>\n\n\n\n<li>b) Flex\u00e3o abdominal remador;<\/li>\n\n\n\n<li>c) Nata\u00e7\u00e3o; e<\/li>\n\n\n\n<li>d) Corrida de 12 minutos.<\/li>\n<\/ul>\n\n\n\n<figure class=\"wp-block-table is-style-stripes\"><table class=\"has-very-light-gray-to-cyan-bluish-gray-gradient-background has-background has-fixed-layout\"><thead><tr><th class=\"has-text-align-center\" data-align=\"center\">Testes<\/th><th class=\"has-text-align-center\" data-align=\"center\">Masculino<\/th><th class=\"has-text-align-center\" data-align=\"center\">Feminino<\/th><\/tr><\/thead><tbody><tr><td class=\"has-text-align-center\" data-align=\"center\">Flex\u00e3o em barra fixa<\/td><td class=\"has-text-align-center\" data-align=\"center\">6 repeti\u00e7\u00f5es<\/td><td class=\"has-text-align-center\" data-align=\"center\">&#8211;<\/td><\/tr><tr><td class=\"has-text-align-center\" data-align=\"center\">Flex\u00e3o de barra est\u00e1tica<\/td><td class=\"has-text-align-center\" data-align=\"center\">&#8211;<\/td><td class=\"has-text-align-center\" data-align=\"center\">suspens\u00e3o isom\u00e9trica por 15 segundos<\/td><\/tr><tr><td class=\"has-text-align-center\" data-align=\"center\">Flex\u00e3o abdominal (tipo remador)<\/td><td class=\"has-text-align-center\" data-align=\"center\">35 repeti\u00e7\u00f5es<\/td><td class=\"has-text-align-center\" data-align=\"center\">28 repeti\u00e7\u00f5es<\/td><\/tr><tr><td class=\"has-text-align-center\" data-align=\"center\">Corrida de 12 minutos<\/td><td class=\"has-text-align-center\" data-align=\"center\">2.400m<\/td><td class=\"has-text-align-center\" data-align=\"center\">2.200m<\/td><\/tr><tr><td class=\"has-text-align-center\" data-align=\"center\">Nata\u00e7\u00e3o \u2013 50 metros<\/td><td class=\"has-text-align-center\" data-align=\"center\">1 minuto<\/td><td class=\"has-text-align-center\" data-align=\"center\">1 minuto e 10 segundos<\/td><\/tr><\/tbody><\/table><\/figure>\n\n\n\n<h2 class=\"wp-block-heading has-cyan-bluish-gray-background-color has-background\" id=\"capelao-2025\">Informa\u00e7\u00f5es do concurso PMDF Capel\u00e3o<\/h2>\n\n\n\n<ul class=\"wp-block-list\">\n<li><strong>Banca:<\/strong> <a href=\"https:\/\/concurso.idecan.org.br\/Concurso.aspx?ID=188\" target=\"_blank\" rel=\"noreferrer noopener\">IDECAN<\/a><\/li>\n\n\n\n<li><strong>Edital<\/strong>:&nbsp;<a href=\"https:\/\/dhg1h5j42swfq.cloudfront.net\/2025\/07\/28090315\/edital-pmdf-capelao-2025.pdf\" target=\"_blank\" rel=\"noreferrer noopener nofollow\">PMDF Oficial Capel\u00e3o-2025<\/a><\/li>\n<\/ul>\n\n\n\n<h3 class=\"wp-block-heading\" id=\"vagas-capelao\">Cargo e vagas do concurso PMDF Capel\u00e3o<\/h3>\n\n\n\n<figure class=\"wp-block-table is-style-stripes\"><table class=\"has-very-light-gray-to-cyan-bluish-gray-gradient-background has-background has-fixed-layout\"><thead><tr><th class=\"has-text-align-center\" data-align=\"center\">CARGO<\/th><th class=\"has-text-align-center\" data-align=\"center\">VAGAS<\/th><th class=\"has-text-align-center\" data-align=\"center\">SAL\u00c1RIO<\/th><\/tr><\/thead><tbody><tr><td class=\"has-text-align-center\" data-align=\"center\">Oficial Capel\u00e3o<\/td><td class=\"has-text-align-center\" data-align=\"center\">1<\/td><td class=\"has-text-align-center\" data-align=\"center\">R$ 11.435,59<\/td><\/tr><\/tbody><\/table><\/figure>\n\n\n\n<p>A remunera\u00e7\u00e3o durante o Curso de Habilita\u00e7\u00e3o de Oficiais de Sa\u00fade e Capel\u00e3es (CHOSC) ser\u00e1 de R$ 9.623,97, sem aux\u00edlio-alimenta\u00e7\u00e3o e moradia. Ap\u00f3s o curso e promo\u00e7\u00e3o ao posto de 2\u00ba Tenente, a remunera\u00e7\u00e3o ser\u00e1 de R$ 11.435,59.<\/p>\n\n\n\n<p><strong>Principais requisitos<\/strong><\/p>\n\n\n\n<ul class=\"wp-block-list\">\n<li>Curso Superior de Gradua\u00e7\u00e3o em Teologia;<\/li>\n\n\n\n<li>Ser sacerdote da Igreja Cat\u00f3lica Apost\u00f3lica Romana h\u00e1 pelo menos 2 anos, com comprova\u00e7\u00e3o por documento oficial da igreja;<\/li>\n\n\n\n<li>Ter consentimento expresso da autoridade eclesi\u00e1stica, a que estiver subordinado, para inscrever-se no concurso e para prestar assist\u00eancia religiosa, espiritual e moral;<\/li>\n\n\n\n<li>Ter o consentimento expresso do Arcebispo Militar para a presta\u00e7\u00e3o de assist\u00eancia religiosa, espiritual e moral em Corpora\u00e7\u00e3o Militar;<\/li>\n\n\n\n<li>Ter idade de 18 anos a 35 anos (n\u00e3o ter completado 36 anos at\u00e9 a data de inscri\u00e7\u00e3o) at\u00e9 a data da inscri\u00e7\u00e3o no concurso p\u00fablico;<\/li>\n\n\n\n<li>Ter, descal\u00e7o e descoberto, a altura m\u00ednima de 1,65m.<\/li>\n<\/ul>\n\n\n\n<p><strong>Atribui\u00e7\u00f5es do cargo de Capel\u00e3o PMDF<\/strong><\/p>\n\n\n\n<ul class=\"wp-block-list\">\n<li>Ministra\u00e7\u00e3o dos of\u00edcios e sacramentos (missa, culto, batismo, ceia, casamento, etc.), orientar e dirigir os servi\u00e7os religiosos na PMDF; <\/li>\n\n\n\n<li>levar assist\u00eancia religiosa \u00e0s fam\u00edlias de todos os integrantes da Corpora\u00e7\u00e3o, como extens\u00e3o dos servi\u00e7os da Capelania; <\/li>\n\n\n\n<li>realizar palestras e cursos; <\/li>\n\n\n\n<li>palavras de reflex\u00e3o em libera\u00e7\u00e3o de policiamento; visita\u00e7\u00e3o hospitalar, prisional e domiciliar; <\/li>\n\n\n\n<li>ex\u00e9quias; <\/li>\n\n\n\n<li>aconselhamento, atividades administrativas e militares pr\u00f3prias do oficialato policial militar de acordo com o Estatuto da PMDF (Lei no 7.289\/84) e Lei no 12.086\/2009 e demais legisla\u00e7\u00f5es correlatas.<\/li>\n<\/ul>\n\n\n\n<h3 class=\"wp-block-heading\" id=\"etapas-capelao\">Etapas e provas do concurso PMDF Capel\u00e3o<\/h3>\n\n\n\n<p>Os candidatos do concurso s\u00e3o avaliados mediante aplica\u00e7\u00e3o das seguintes etapas:<\/p>\n\n\n\n<ul class=\"wp-block-list\">\n<li><strong>1\u00aa etapa &#8211;<\/strong> Prova Objetiva e Aferi\u00e7\u00e3o de Idade, de car\u00e1ter Eliminat\u00f3rio e classificat\u00f3rio;<\/li>\n\n\n\n<li><strong>2\u00aa etapa &#8211;<\/strong> Teste de Aptid\u00e3o F\u00edsica, de car\u00e1ter Eliminat\u00f3rio;<\/li>\n\n\n\n<li><strong>3\u00aa etapa &#8211; <\/strong>Avalia\u00e7\u00e3o M\u00e9dica e Biom\u00e9trica, de car\u00e1ter Eliminat\u00f3rio;<\/li>\n\n\n\n<li><strong>4\u00aa etapa &#8211;<\/strong> Avalia\u00e7\u00e3o Psicol\u00f3gica, de car\u00e1ter Eliminat\u00f3rio;<\/li>\n\n\n\n<li><strong>5\u00aa etapa &#8211;<\/strong> Investiga\u00e7\u00e3o Social, de car\u00e1ter Eliminat\u00f3rio.<\/li>\n<\/ul>\n\n\n\n<h4 class=\"wp-block-heading\" id=\"objetiva\">Provas Objetivas<\/h4>\n\n\n\n<p>Com dura\u00e7\u00e3o de 5 horas, a prova objetiva consistiu em 100 quest\u00f5es de m\u00faltipla escolha (cinco alternativas), com pesos de 1,0 e 2,0.<\/p>\n\n\n\n<p>Foi considerado classificado o candidato que, cumulativamente, pontuou, no m\u00ednimo, 40% do total de pontos, sem obter nota inferior a 40% no somat\u00f3rio das disciplinas de Conhecimentos Espec\u00edficos.<\/p>\n\n\n\n<ul class=\"wp-block-list\">\n<li>L\u00edngua Portuguesa &#8211; 30<\/li>\n\n\n\n<li>Conhecimentos Espec\u00edficos Religiosos &#8211; 60 <\/li>\n\n\n\n<li>No\u00e7\u00f5es de Direito Constitucional &#8211; 5<\/li>\n\n\n\n<li>No\u00e7\u00f5es de Direitos Humanos &#8211; 4<\/li>\n\n\n\n<li>Conhecimentos sobre o Distrito Federal &#8211; 2<\/li>\n<\/ul>\n\n\n\n<h4 class=\"wp-block-heading\" id=\"pratica\">Teste de Aptid\u00e3o F\u00edsica<\/h4>\n\n\n\n<p>Foram convocados para participar do Teste de Aptid\u00e3o F\u00edsica (TAF) os candidatos aprovados na prova objetiva, classificados dentro de 20 vezes do quantitativo de vagas.<\/p>\n\n\n\n<figure class=\"wp-block-table is-style-stripes\"><table class=\"has-very-light-gray-to-cyan-bluish-gray-gradient-background has-background has-fixed-layout\"><thead><tr><th class=\"has-text-align-center\" data-align=\"center\">Teste<\/th><th class=\"has-text-align-center\" data-align=\"center\">\u00cdndice<\/th><\/tr><\/thead><tbody><tr><td class=\"has-text-align-center\" data-align=\"center\">Teste de Flex\u00e3o<\/td><td class=\"has-text-align-center\" data-align=\"center\">24 repeti\u00e7\u00f5es<\/td><\/tr><tr><td class=\"has-text-align-center\" data-align=\"center\">Flex\u00e3o Abdominal<\/td><td class=\"has-text-align-center\" data-align=\"center\">32 repeti\u00e7\u00f5es<\/td><\/tr><tr><td class=\"has-text-align-center\" data-align=\"center\"> Corrida de 12 minutos<\/td><td class=\"has-text-align-center\" data-align=\"center\">2.200 metros<\/td><\/tr><\/tbody><\/table><\/figure>\n\n\n\n<h2 class=\"wp-block-heading has-cyan-bluish-gray-background-color has-background\" id=\"status\">Concurso PMDF: edital para Soldado &#8211; 2023<\/h2>\n\n\n\n<h3 class=\"wp-block-heading\" id=\"cargos-vagas\">Cargos e vagas do concurso PMDF<\/h3>\n\n\n\n<figure class=\"wp-block-table is-style-stripes\"><table class=\"has-very-light-gray-to-cyan-bluish-gray-gradient-background has-background has-fixed-layout\"><thead><tr><th class=\"has-text-align-center\" data-align=\"center\">Soldado<\/th><th class=\"has-text-align-center\" data-align=\"center\">VAGAS<\/th><th class=\"has-text-align-center\" data-align=\"center\">SAL\u00c1RIO*<\/th><\/tr><\/thead><tbody><tr><td class=\"has-text-align-center\" data-align=\"center\">Ampla concorr\u00eancia<\/td><td class=\"has-text-align-center\" data-align=\"center\">560 + 1.120 CR<\/td><td class=\"has-text-align-center\" data-align=\"center\">R$ 6.081,28<\/td><\/tr><tr><td class=\"has-text-align-center\" data-align=\"center\">Negros e pardos<\/td><td class=\"has-text-align-center\" data-align=\"center\">140 + 280 CR<\/td><td class=\"has-text-align-center\" data-align=\"center\">R$ 6.081,28<\/td><\/tr><\/tbody><\/table><figcaption class=\"wp-element-caption\">Quadro de vagas e sal\u00e1rio ao cargo de Soldado da PMDF<\/figcaption><\/figure>\n\n\n\n<p>*Ser\u00e1 acrescido o valor de R$ 850,00, referente ao aux\u00edlio alimenta\u00e7\u00e3o. Ap\u00f3s o Curso de Forma\u00e7\u00e3o de Pra\u00e7as (CFP), a remunera\u00e7\u00e3o ser\u00e1 de R$ 6.081,28.<\/p>\n\n\n\n<h3 class=\"wp-block-heading\" id=\"etapas\">Etapas e provas do edital PMDF<\/h3>\n\n\n\n<p>A sele\u00e7\u00e3o dos candidatos inscritos no concurso PMDF Soldado foi realizada mediante aplica\u00e7\u00e3o das seguintes etapas:<\/p>\n\n\n\n<ul class=\"wp-block-list\">\n<li><strong>Prova objetiva<\/strong> \u2013 eliminat\u00f3rio e classificat\u00f3rio;<\/li>\n\n\n\n<li><strong>Prova de reda\u00e7\u00e3o<\/strong> \u2013 eliminat\u00f3rio e classificat\u00f3rio;<\/li>\n\n\n\n<li><strong>Teste de Aptid\u00e3o F\u00edsica<\/strong> \u2013 eliminat\u00f3rio;<\/li>\n\n\n\n<li><strong>Avalia\u00e7\u00e3o M\u00e9dica e Odontol\u00f3gica<\/strong> \u2013 eliminat\u00f3rio;<\/li>\n\n\n\n<li><strong>Avalia\u00e7\u00e3o Psicol\u00f3gica<\/strong> \u2013 eliminat\u00f3rio;<\/li>\n\n\n\n<li><strong>Investiga\u00e7\u00e3o Social<\/strong> \u2013 eliminat\u00f3rio;<\/li>\n<\/ul>\n\n\n\n<p>As Provas Objetiva e de Reda\u00e7\u00e3o foram aplicadas na cidade de Bras\u00edlia, Distrito Federal.<\/p>\n\n\n\n<h4 class=\"wp-block-heading\" id=\"objetiva\">Provas Objetivas<\/h4>\n\n\n\n<p>A Prova Objetiva foi composta de <strong>80 quest\u00f5es<\/strong> distribu\u00eddas por \u00e1reas de conhecimento. Cada quest\u00e3o da Prova Objetiva teve cinco alternativas e apenas uma correta.<\/p>\n\n\n\n<figure class=\"wp-block-table is-style-stripes\"><table class=\"has-very-light-gray-to-cyan-bluish-gray-gradient-background has-background has-fixed-layout\"><thead><tr><th class=\"has-text-align-center\" data-align=\"center\">Disciplinas<\/th><th class=\"has-text-align-center\" data-align=\"center\">Quest\u00f5es<\/th><th class=\"has-text-align-center\" data-align=\"center\">Pontua\u00e7\u00e3o<\/th><th class=\"has-text-align-center\" data-align=\"center\">TOTAL<\/th><\/tr><\/thead><tbody><tr><td class=\"has-text-align-center\" data-align=\"center\">L\u00edngua Portuguesa<\/td><td class=\"has-text-align-center\" data-align=\"center\">10<\/td><td class=\"has-text-align-center\" data-align=\"center\">1<\/td><td class=\"has-text-align-center\" data-align=\"center\">10<\/td><\/tr><tr><td class=\"has-text-align-center\" data-align=\"center\">L\u00edngua Inglesa<\/td><td class=\"has-text-align-center\" data-align=\"center\">4<\/td><td class=\"has-text-align-center\" data-align=\"center\">1<\/td><td class=\"has-text-align-center\" data-align=\"center\">4<\/td><\/tr><tr><td class=\"has-text-align-center\" data-align=\"center\">Matem\u00e1tica e Racioc\u00ednio L\u00f3gico<\/td><td class=\"has-text-align-center\" data-align=\"center\">9<\/td><td class=\"has-text-align-center\" data-align=\"center\">1<\/td><td class=\"has-text-align-center\" data-align=\"center\">9<\/td><\/tr><tr><td class=\"has-text-align-center\" data-align=\"center\">Atualidades<\/td><td class=\"has-text-align-center\" data-align=\"center\">7<\/td><td class=\"has-text-align-center\" data-align=\"center\">1<\/td><td class=\"has-text-align-center\" data-align=\"center\">7<\/td><\/tr><tr><td class=\"has-text-align-center\" data-align=\"center\">Legisla\u00e7\u00e3o aplicada \u00e0 PMDF<\/td><td class=\"has-text-align-center\" data-align=\"center\">10<\/td><td class=\"has-text-align-center\" data-align=\"center\">1<\/td><td class=\"has-text-align-center\" data-align=\"center\">10<\/td><\/tr><tr><td class=\"has-text-align-center\" data-align=\"center\">Conhecimentos Espec\u00edficos<\/td><td class=\"has-text-align-center\" data-align=\"center\">40<\/td><td class=\"has-text-align-center\" data-align=\"center\">1<\/td><td class=\"has-text-align-center\" data-align=\"center\">40<\/td><\/tr><\/tbody><\/table><figcaption class=\"wp-element-caption\">Quadro de disciplinas, quantidade de quest\u00f5es e pontua\u00e7\u00e3o da PO<\/figcaption><\/figure>\n\n\n\n<p>Para ser aprovado na Prova Objetiva do concurso PMDF o candidato precisou, al\u00e9m de n\u00e3o ser eliminado por outros crit\u00e9rios estabelecidos no edital:<\/p>\n\n\n\n<ul class=\"wp-block-list\">\n<li><strong>a)<\/strong> Obter no m\u00ednimo 60% da pontua\u00e7\u00e3o m\u00e1xima poss\u00edvel da Prova Objetiva, ou 48 pontos. Em caso de anula\u00e7\u00e3o de quest\u00f5es, haver\u00e1 o ajuste proporcional, para baixo, da pontua\u00e7\u00e3o m\u00ednima de aprova\u00e7\u00e3o e consequentemente do n\u00famero de quest\u00f5es m\u00ednimas para aprova\u00e7\u00e3o.*<\/li>\n<\/ul>\n\n\n\n<p><em>*Considerando a Decis\u00e3o n\u00ba 2970\/2023 TCDF (Tribunal de Contas do Distrito Federal) e conforme Edital de Retifica\u00e7\u00e3o n\u00ba 74\/2023-DGP\/PMDF, a <strong>pontua\u00e7\u00e3o m\u00ednima para aprova\u00e7\u00e3o corresponde a de 46,2 pontos<\/strong>.<\/em><\/p>\n\n\n\n<h4 class=\"wp-block-heading\" id=\"discursiva\">Prova de Reda\u00e7\u00e3o<\/h4>\n\n\n\n<p>A Prova de Reda\u00e7\u00e3o foi realizada para todos os cargos juntamente \u00e0 Prova Objetiva, sendo elaborada a partir de um tema proposto, baseado em um ou mais textos ou fragmentos de textos. <\/p>\n\n\n\n<p>A Reda\u00e7\u00e3o, de car\u00e1ter eliminat\u00f3rio e classificat\u00f3rio, teve a pontua\u00e7\u00e3o m\u00e1xima de 20 pontos. O candidato deveria obter 10 pontos ou mais do total da pontua\u00e7\u00e3o prevista para a Prova de Reda\u00e7\u00e3o, para n\u00e3o ser eliminado.<\/p>\n\n\n\n<figure class=\"wp-block-image aligncenter size-full is-resized\"><img loading=\"lazy\" decoding=\"async\" width=\"836\" height=\"395\" src=\"https:\/\/dhg1h5j42swfq.cloudfront.net\/2023\/01\/24172635\/image-265.png\" alt=\"Quadro com os crit\u00e9rios de avalia\u00e7\u00e3o da prova de reda\u00e7\u00e3o do Concurso PMDF Soldado 2023\" class=\"wp-image-1158497\" style=\"width:667px;height:315px\" srcset=\"https:\/\/dhg1h5j42swfq.cloudfront.net\/2023\/01\/24172635\/image-265.png 836w, https:\/\/dhg1h5j42swfq.cloudfront.net\/2023\/01\/24172635\/image-265-300x142.png 300w, https:\/\/dhg1h5j42swfq.cloudfront.net\/2023\/01\/24172635\/image-265-768x363.png 768w, https:\/\/dhg1h5j42swfq.cloudfront.net\/2023\/01\/24172635\/image-265-610x288.png 610w, https:\/\/dhg1h5j42swfq.cloudfront.net\/2023\/01\/24172635\/image-265-150x71.png 150w\" sizes=\"auto, (max-width: 836px) 100vw, 836px\" \/><figcaption class=\"wp-element-caption\">Quadro da prova de reda\u00e7\u00e3o do concurso PMDF<\/figcaption><\/figure>\n\n\n\n<h4 class=\"wp-block-heading\" id=\"oral\">Teste de Aptid\u00e3o F\u00edsica<\/h4>\n\n\n\n<p>De car\u00e1ter <strong>eliminat\u00f3rio<\/strong>, o <a href=\"https:\/\/www.estrategiaconcursos.com.br\/blog\/preparacao-teste-aptidao-fisica\/\" target=\"_blank\" rel=\"noreferrer noopener\">Teste de Aptid\u00e3o F\u00edsica<\/a> consistiu em Teste de Barra Fixa, Flex\u00e3o Abdominal, Corrida de 12 minutos e Nata\u00e7\u00e3o, sendo realizados em dois dias.<\/p>\n\n\n\n<p>No primeiro dia, foram realizados os testes de barra fixa, flex\u00e3o abdominal, corrida e no segundo dia o teste de nata\u00e7\u00e3o.<\/p>\n\n\n\n<ul class=\"wp-block-list\">\n<li><strong>Teste de Barra Fixa<\/strong>\n<ul class=\"wp-block-list\">\n<li>masculino: 8 repeti\u00e7\u00f5es<\/li>\n\n\n\n<li>feminino: 20 segundos de suspens\u00e3o<\/li>\n<\/ul>\n<\/li>\n\n\n\n<li><strong>Flex\u00e3o Abdominal<\/strong>\n<ul class=\"wp-block-list\">\n<li>masculino: 41 repeti\u00e7\u00f5es<\/li>\n\n\n\n<li>feminino: 35 repeti\u00e7\u00f5es<\/li>\n<\/ul>\n<\/li>\n\n\n\n<li><strong>Corrida de 12 minutos<\/strong>\n<ul class=\"wp-block-list\">\n<li>masculino: 2.600 metros<\/li>\n\n\n\n<li>feminino: 2.100 metros<\/li>\n<\/ul>\n<\/li>\n\n\n\n<li><strong>Nata\u00e7\u00e3o &#8211; 50 metros<\/strong>\n<ul class=\"wp-block-list\">\n<li>masculino: 1 minuto<\/li>\n\n\n\n<li>feminino: 1 minuto e 10 segundos<\/li>\n<\/ul>\n<\/li>\n<\/ul>\n\n\n\n<h3 class=\"wp-block-heading\" id=\"guia\">Guia de Estudos para a PMDF<\/h3>\n\n\n\n<ul class=\"wp-block-list\">\n<li><strong><a href=\"https:\/\/www.estrategiaconcursos.com.br\/blog\/guia-estudos-pmdf-soldado-2023\/\" target=\"_blank\" rel=\"noreferrer noopener\">Guia de Estudos PMDF (Soldado) &#8211; 2023<\/a><\/strong><\/li>\n<\/ul>\n\n\n\n<h2 class=\"wp-block-heading has-cyan-bluish-gray-background-color has-background\" id=\"oficial\">Concurso PMDF: edital para Oficial &#8211; 2023<\/h2>\n\n\n\n<ul class=\"wp-block-list\">\n<li><strong>Banca<\/strong>: <a href=\"https:\/\/www.institutoaocp.org.br\/concursos\/558\" target=\"_blank\" rel=\"noreferrer noopener\">Instituto AOCP<\/a><\/li>\n\n\n\n<li><strong style=\"background-color: initial; color: initial;\">Vagas<\/strong><span style=\"background-color: initial; color: initial;\">: 23 vagas + 23 CR <\/span><\/li>\n\n\n\n<li><strong>Sal\u00e1rio inicial<\/strong>: R$ 11.435,59 <\/li>\n\n\n\n<li><strong>Editais<\/strong>: <a href=\"https:\/\/dhg1h5j42swfq.cloudfront.net\/2023\/04\/13081821\/edital-pmdf_oficiais-saude.pdf\" target=\"_blank\" rel=\"noreferrer noopener nofollow\">Oficial de Sa\u00fade<\/a> | <a href=\"https:\/\/dhg1h5j42swfq.cloudfront.net\/2023\/04\/13081828\/edital-pmdf_capelao.pdf\" target=\"_blank\" rel=\"noreferrer noopener nofollow\">Oficial Capel\u00e3o<\/a><\/li>\n<\/ul>\n\n\n\n<h3 class=\"wp-block-heading\" id=\"cargos-vagas-oficial\">Cargos e vagas <\/h3>\n\n\n\n<p>Ao todo, s\u00e3o 23 vagas imediatas e  23 oportunidades de cadastro reserva para o quadro de Oficiais Sa\u00fade e Capel\u00e3o. Veja a distribui\u00e7\u00e3o das oportunidades abaixo:<\/p>\n\n\n\n<figure class=\"wp-block-table is-style-stripes\"><table class=\"has-very-light-gray-to-cyan-bluish-gray-gradient-background has-background has-fixed-layout\"><thead><tr><th class=\"has-text-align-center\" data-align=\"center\">Cargos<\/th><th class=\"has-text-align-center\" data-align=\"center\">VAGAS<\/th><th class=\"has-text-align-center\" data-align=\"center\">SAL\u00c1RIO*<\/th><\/tr><\/thead><tbody><tr><td class=\"has-text-align-center\" data-align=\"center\">Oficiais M\u00e9dicos<\/td><td class=\"has-text-align-center\" data-align=\"center\">15 + 15 CR<\/td><td class=\"has-text-align-center\" data-align=\"center\">R$ 11.435,59<\/td><\/tr><tr><td class=\"has-text-align-center\" data-align=\"center\">Oficiais Dentistas<\/td><td class=\"has-text-align-center\" data-align=\"center\">6 + 6 CR<\/td><td class=\"has-text-align-center\" data-align=\"center\">R$ 11.435,59<\/td><\/tr><tr><td class=\"has-text-align-center\" data-align=\"center\">Oficiais Veterin\u00e1rios<\/td><td class=\"has-text-align-center\" data-align=\"center\">1 + 1 CR<\/td><td class=\"has-text-align-center\" data-align=\"center\">R$ 11.435,59<\/td><\/tr><tr><td class=\"has-text-align-center\" data-align=\"center\">Oficial Capel\u00e3o<\/td><td class=\"has-text-align-center\" data-align=\"center\">1 + 1 CR<\/td><td class=\"has-text-align-center\" data-align=\"center\">R$ 11.435,59<\/td><\/tr><\/tbody><\/table><figcaption class=\"wp-element-caption\">Quadro de vagas e sal\u00e1rios aos cargos de Oficiais da PMDF<\/figcaption><\/figure>\n\n\n\n<p><strong>Oficiais de Sa\u00fade<\/strong><\/p>\n\n\n\n<ul class=\"wp-block-list\">\n<li><strong>Especialidades M\u00e9dicas<\/strong>\n<ul class=\"wp-block-list\">\n<li>Psiquiatria: 3 imediatas e 2 CR;<\/li>\n\n\n\n<li>Ortopedia: 4 imediatas e 4 CR;<\/li>\n\n\n\n<li>Otorrinolaringologia: 1 imediata e 1 CR;<\/li>\n\n\n\n<li>Cardiologia: 1 imediata e 2 CR;<\/li>\n\n\n\n<li>Oftalmologia \u2013 Retina: 1 imediata e 2 CR;<\/li>\n\n\n\n<li>Oftalmologia \u2013 Catarata: 1 imediata e 1 CR;<\/li>\n\n\n\n<li>Ginecologia: 1 imediata e 3 CR;<\/li>\n\n\n\n<li>Hematologia: 1 vaga imediata;<\/li>\n\n\n\n<li>Angiologia: 1 vaga imediata;<\/li>\n\n\n\n<li>Oncologia Cl\u00ednica: 1 vaga imediata.<\/li>\n<\/ul>\n<\/li>\n\n\n\n<li><strong>Especialidades Odontol\u00f3gicas<\/strong>\n<ul class=\"wp-block-list\">\n<li>Pr\u00f3tese Dent\u00e1ria: 1 imediata e 1 CR;<\/li>\n\n\n\n<li>Disfun\u00e7\u00e3o Temporomandibular de Dor Orofacial: 1 imediata;<\/li>\n\n\n\n<li>Cirurgia e Traumatologia Buco Maxilo Facial: 1 imediata e 1 CR;<\/li>\n\n\n\n<li>Periodontia: 1 imediata e 1 CR;<\/li>\n\n\n\n<li>Odontologia para Pacientes Especiais: 1 imediata e 1 CR;<\/li>\n\n\n\n<li>Cirurgi\u00e3o-dentista (cl\u00ednico geral): 1 imediata e 2 CR;<\/li>\n<\/ul>\n<\/li>\n\n\n\n<li><strong>Especialidades Veterin\u00e1rias<\/strong>\n<ul class=\"wp-block-list\">\n<li>Animais de Grande Porte (Equinos): 1 imediata e 1 CR.<\/li>\n<\/ul>\n<\/li>\n<\/ul>\n\n\n\n<p><strong>Capel\u00e3o<\/strong><\/p>\n\n\n\n<ul class=\"wp-block-list\">\n<li>Capel\u00e3o Sacerdote da Igreja Cat\u00f3lica Apost\u00f3lica Romana: 1 vaga imediata e 1 CR.<\/li>\n<\/ul>\n\n\n\n<h3 class=\"wp-block-heading\" id=\"etapasoficial\">Etapas e provas do concurso PMDF Oficial<\/h3>\n\n\n\n<p>A sele\u00e7\u00e3o dos candidatos inscritos no concurso PMDF Oficial se deu mediante aplica\u00e7\u00e3o das seguintes etapas:<\/p>\n\n\n\n<ol class=\"wp-block-list\">\n<li><strong>Prova objetiva<\/strong> \u2013 eliminat\u00f3rio e classificat\u00f3rio;<\/li>\n\n\n\n<li><strong>Prova de reda\u00e7\u00e3o<\/strong> \u2013 eliminat\u00f3rio e classificat\u00f3rio;<\/li>\n\n\n\n<li><strong>Teste de Aptid\u00e3o F\u00edsica<\/strong> \u2013 eliminat\u00f3rio;<\/li>\n\n\n\n<li><strong>Avalia\u00e7\u00e3o M\u00e9dica e Odontol\u00f3gica<\/strong> \u2013 eliminat\u00f3rio;<\/li>\n\n\n\n<li><strong>Avalia\u00e7\u00e3o Psicol\u00f3gica<\/strong> \u2013 eliminat\u00f3rio;<\/li>\n\n\n\n<li><strong>Investiga\u00e7\u00e3o Social<\/strong> \u2013 eliminat\u00f3rio;<\/li>\n<\/ol>\n\n\n\n<h4 class=\"wp-block-heading\">Prova Objetiva<\/h4>\n\n\n\n<p>As provas objetivas contaram com 80 quest\u00f5es de m\u00faltipla escolha, onde cada quest\u00e3o teve cinco alternativas (A, B, C, D e E) e apenas uma \u00fanica reposta correta.<\/p>\n\n\n\n<ul class=\"wp-block-list\">\n<li><strong>Oficiais de Sa\u00fade:<\/strong>\n<ul class=\"wp-block-list\">\n<li>L\u00edngua Portuguesa &#8211; 6 <\/li>\n\n\n\n<li>L\u00edngua Inglesa &#8211; 4 <\/li>\n\n\n\n<li>Matem\u00e1tica e Racioc\u00ednio L\u00f3gico &#8211; 5 <\/li>\n\n\n\n<li>Atualidades &#8211; 4 <\/li>\n\n\n\n<li>Legisla\u00e7\u00e3o aplicada a PMDF &#8211; 6<\/li>\n\n\n\n<li>Conhecimentos Espec\u00edficos &#8211; 55<\/li>\n<\/ul>\n<\/li>\n<\/ul>\n\n\n\n<ul class=\"wp-block-list\">\n<li><strong>Oficiais Capel\u00e3es:<\/strong>\n<ul class=\"wp-block-list\">\n<li>L\u00edngua Portuguesa &#8211; 8 <\/li>\n\n\n\n<li>L\u00edngua Inglesa &#8211; 4 <\/li>\n\n\n\n<li>Matem\u00e1tica e Racioc\u00ednio L\u00f3gico &#8211; 5 <\/li>\n\n\n\n<li>Atualidades &#8211; 5<\/li>\n\n\n\n<li>Legisla\u00e7\u00e3o aplicada a PMDF &#8211; 8<\/li>\n\n\n\n<li>Conhecimentos Espec\u00edficos &#8211; 50<\/li>\n<\/ul>\n<\/li>\n<\/ul>\n\n\n\n<p>Para ser considerado aprovado na prova objetiva do concurso PMDF foi preciso:<\/p>\n\n\n\n<ul class=\"wp-block-list\">\n<li>obter no m\u00ednimo 60% da pontua\u00e7\u00e3o m\u00e1xima poss\u00edvel da Prova Objetiva, ou 48 pontos;<\/li>\n\n\n\n<li>n\u00e3o obter pontua\u00e7\u00e3o igual a 0 nas \u00e1reas de conhecimento de L\u00edngua Portuguesa (Sa\u00fade);<\/li>\n\n\n\n<li>n\u00e3o obter pontua\u00e7\u00e3o igual a 0 nas \u00e1reas de conhecimento de L\u00edngua Portuguesa ou de Legisla\u00e7\u00e3o Aplicada \u00e0 PMDF (Capel\u00e3o).<\/li>\n<\/ul>\n\n\n\n<h5 class=\"wp-block-heading\">Prova de Reda\u00e7\u00e3o<\/h5>\n\n\n\n<p>A Prova de Reda\u00e7\u00e3o, de car\u00e1ter eliminat\u00f3rio e classificat\u00f3rio, foi realizada para o cargo juntamente \u00e0 Prova Objetiva. O candidato teve que adotar uma linha de abordagem utilizando a tipologia textual \u201cDisserta\u00e7\u00e3o\u201d e disp\u00f4s de 15 e a 30 linhas.<\/p>\n\n\n\n<p>Esta etapa teve a pontua\u00e7\u00e3o m\u00e1xima de 20 pontos. O candidato deveria obter 10 pontos ou mais do total da pontua\u00e7\u00e3o prevista para a Prova de Reda\u00e7\u00e3o para n\u00e3o ser eliminado. <\/p>\n\n\n\n<h4 class=\"wp-block-heading\">Teste de Aptid\u00e3o F\u00edsica<\/h4>\n\n\n\n<p>O Teste de Aptid\u00e3o F\u00edsica foi de car\u00e1ter eliminat\u00f3rio, sendo o candidato considerado apto ou inapto. Confira os exerc\u00edcios cobrados:<\/p>\n\n\n\n<ul class=\"wp-block-list\">\n<li>Flex\u00e3o de bra\u00e7os &#8211; 1 minuto;<\/li>\n\n\n\n<li>Flex\u00e3o Abdominal (Remador); e<\/li>\n\n\n\n<li>Corrida de 12 minutos;<\/li>\n<\/ul>\n\n\n\n<h4 class=\"wp-block-heading\">Avalia\u00e7\u00e3o de t\u00edtulos<\/h4>\n\n\n\n<p>A Prova de T\u00edtulos, de car\u00e1ter classificat\u00f3rio, foi realizada para todos os cargos. Esta etapa foi avaliada numa escala de 0 a 10 pontos.<\/p>\n\n\n\n<h2 class=\"wp-block-heading has-cyan-bluish-gray-background-color has-background\" id=\"carreira\">Concurso PMDF: carreira na Pol\u00edcia Militar DF<\/h2>\n\n\n\n<h3 class=\"wp-block-heading\" id=\"requisitos\">Requisitos<\/h3>\n\n\n\n<p>Para concorrer \u00e0s vagas do concurso PMDF, \u00e9 necess\u00e1rio atender aos seguintes requisitos:<\/p>\n\n\n\n<ul class=\"wp-block-list\">\n<li>N\u00edvel superior;<\/li>\n\n\n\n<li>Ter no m\u00ednimo, 18 anos de idade at\u00e9 a data da inclus\u00e3o na PMDF;<\/li>\n\n\n\n<li>Ter 30 anos de idade (n\u00e3o ter completado 31) at\u00e9 a&nbsp;data da inscri\u00e7\u00e3o no concurso p\u00fablico; <\/li>\n\n\n\n<li>Estando&nbsp;descal\u00e7o e descoberto, ter a altura m\u00ednima de 1,65 m, para os candidatos do sexo masculino, e 1,60 m,&nbsp;para os candidatos do sexo feminino;<\/li>\n\n\n\n<li>Possuir Carteira Nacional de Habilita\u00e7\u00e3o v\u00e1lida, no m\u00ednimo, na categoria \u201cB\u201d.<\/li>\n<\/ul>\n\n\n\n<h3 class=\"wp-block-heading\" id=\"remuneracao-pmdf\">Remunera\u00e7\u00e3o<\/h3>\n\n\n\n<p>Ap\u00f3s reajuste em 2023, oficializado por meio da <a href=\"https:\/\/dhg1h5j42swfq.cloudfront.net\/2024\/02\/02145845\/l14724-concurso-pmdf.pdf\" target=\"_blank\" rel=\"noreferrer noopener\">Lei 14.274\/2023<\/a>, o novo quadro de remunera\u00e7\u00e3o da PMDF passa a constar da seguinte maneira:<\/p>\n\n\n\n<figure class=\"wp-block-image aligncenter size-large\"><img loading=\"lazy\" decoding=\"async\" width=\"1024\" height=\"361\" src=\"https:\/\/dhg1h5j42swfq.cloudfront.net\/2023\/11\/24170952\/image-350-1024x361.png\" alt=\"Novo quadro de remunera\u00e7\u00e3o \" class=\"wp-image-1311242\" srcset=\"https:\/\/dhg1h5j42swfq.cloudfront.net\/2023\/11\/24170952\/image-350-1024x361.png 1024w, https:\/\/dhg1h5j42swfq.cloudfront.net\/2023\/11\/24170952\/image-350-300x106.png 300w, https:\/\/dhg1h5j42swfq.cloudfront.net\/2023\/11\/24170952\/image-350-768x271.png 768w, https:\/\/dhg1h5j42swfq.cloudfront.net\/2023\/11\/24170952\/image-350-610x215.png 610w, https:\/\/dhg1h5j42swfq.cloudfront.net\/2023\/11\/24170952\/image-350-150x53.png 150w, https:\/\/dhg1h5j42swfq.cloudfront.net\/2023\/11\/24170952\/image-350.png 1340w\" sizes=\"auto, (max-width: 1024px) 100vw, 1024px\" \/><figcaption class=\"wp-element-caption\">Reajuste VPE 2023 &#8211; PMDF<\/figcaption><\/figure>\n\n\n\n<p>A tabela acima refere-se apenas \u00e0 Vantagem Pecuni\u00e1ria Especial (VPE). Al\u00e9m da parcela indenizat\u00f3ria, os militares tamb\u00e9m fazem jus a outras parcelas que comp\u00f5em o sal\u00e1rio:<\/p>\n\n\n\n<ul class=\"wp-block-list has-small-font-size\">\n<li><strong>SOLDO <\/strong>&#8211; estabelecida pela Lei Federal n\u00ba 10.486, de 04\/07\/2002 e alterada pela Lei Federal n.\u00ba 12.804\/2013.<\/li>\n\n\n\n<li><strong>APG &#8211; <\/strong>Adicional de Posto ou Gradua\u00e7\u00e3o &#8211; Conforme Lei Federal n\u00ba 10.486, de 04\/07\/2002.<\/li>\n\n\n\n<li><strong>AOM <\/strong>&#8211; Adicional de Opera\u00e7\u00f5es Militares &#8211; Conforme Lei Federal n\u00ba 10.486, de 04\/07\/2002, equivale a 12,70% do soldo de Coronel.<\/li>\n\n\n\n<li><strong>GFR &#8211; <\/strong>Gratifica\u00e7\u00e3o de Fun\u00e7\u00e3o de Representa\u00e7\u00e3o &#8211; Conforme arts. 1\u00ba e 3\u00ba da Lei Federal n\u00ba 10.486, de 04\/07\/2002, equivale a 1% do soldo.<\/li>\n\n\n\n<li><strong>GCEF<\/strong> &#8211; Gratifica\u00e7\u00e3o de Condi\u00e7\u00e3o Especial de Fun\u00e7\u00e3o Militar &#8211; Institu\u00edda pelo art. 2\u00ba da Lei n\u00ba 10.874\/2004, \u00e9 devida mensal e regularmente, em car\u00e1ter privativo, aos militares da Pol\u00edcia Militar e do Corpo de Bombeiros Militar do Distrito Federal, no valor estabelecido pela lei 12.084\/2013, observado as datas de vig\u00eancia que menciona.<\/li>\n\n\n\n<li><strong>ACP<\/strong> &#8211; Adicional de Certifica\u00e7\u00e3o Profissional &#8211; Criada pela Lei Federal n\u00ba 10.486, de 04\/07\/2002, sendo 30% para Altos Estudos, 20% para Aperfei\u00e7oamento, 15% para Especializa\u00e7\u00e3o e 10% para Forma\u00e7\u00e3o.<\/li>\n\n\n\n<li><strong>VPE &#8211; <\/strong>Vantagem Pecuni\u00e1ria Especial &#8211; Institu\u00edda pela Lei n\u00ba 11.134, de 15\/07\/2005 fica alterada pela Lei n\u00ba 11.757, de 28\/07\/2008, alterada pela Lei n\u00ba 12.804, com altera\u00e7\u00f5es financeiras em 01\/03\/2013, 01\/03\/2014 e 01\/03\/2015. Alterada pela Medida Provis\u00f3ria n\u00ba 971, de 26\/05\/2020, com produ\u00e7\u00e3o de efeitos financeiros a partir de 1\u00ba de janeiro de 2020.<\/li>\n\n\n\n<li><strong>GRV &#8211; <\/strong>Gratifica\u00e7\u00e3o por Risco de Vida &#8211; Institu\u00edda pela lei 12.086\/2009. O seu valor ser\u00e1 de R$ 250,00 (retroativo a 1\u00ba\/04\/2009), R$ 400,00 (a em 1\u00ba\/08\/2010), R$ 550,00 (em 1\u00ba\/08\/2011), R$ 700,00 (em 1\u00ba\/08\/2012); R$ 850,00 (em 1\u00ba\/08\/2013) e, R$ 1000,00 (em 1\u00ba\/08\/2014).<\/li>\n\n\n\n<li><strong>AUX. ALIM. <\/strong>&#8211; Aux\u00edlio Alimenta\u00e7\u00e3o &#8211; tem o valor estabelecido pelo Decreto n.\u00ba 33.659\/2012 em 650,00. A partir de maio de 2014 tem o seu valor alterado para R$ 850,00 (Decreto n.\u00ba 35.182\/2014).<\/li>\n\n\n\n<li><strong>AMCD\/AMSD &#8211; <\/strong>Aux\u00edlio Moradia com Dependentes ou sem Dependentes &#8211; tem valores fixados pelo Decreto n.\u00ba 35.181\/2014, observado as datas de vig\u00eancia que menciona.<\/li>\n\n\n\n<li><strong>GFNE <\/strong>&#8211; Gratifica\u00e7\u00e3o de Fun\u00e7\u00e3o de Natureza Especial &#8211; Conforme Lei Federal n\u00ba 10.486, de 04\/07\/2002, ter\u00e1 percentuais variados incidente sobre o soldo do Coronel, sendo 39,67% para os ocupantes do Grupo I, 30,85% para os ocupantes do Grupo II, 22,04% para os ocupantes do Grupo III, 17,74% para os ocupantes do grupo IV e 8,81% para os ocupantes do Grupo V.<\/li>\n\n\n\n<li><strong>ATS <\/strong>&#8211; Adicional de Tempo de Servi\u00e7o &#8211; N\u00e3o fazem jus ao ATS conforme art.62 da Lei Federal n\u00ba 10.486, de 04\/07\/2002.(&#8220;Art. 62. Fica extinto o adicional de Tempo de Servi\u00e7o, previsto na al\u00ednea d do inciso II do art. 1\u00ba, assegurado ao militar o percentual correspondente aos anu\u00eanios a que fizer jus em 5 de setembro de 2001&#8221;.)<\/li>\n\n\n\n<li><strong>AC &#8211; <\/strong>Ajuda de Custo &#8211; Conforme art. 3\u00ba, XI da Lei Federal n\u00ba 10.486, de 04\/07\/2002.<\/li>\n\n\n\n<li><strong>AN &#8211; <\/strong>Auxilio Natalidade &#8211; Conforme arts. 2\u00ba e 3\u00ba, XV, da Lei Federal n\u00ba 10.486, de 04\/07\/2002.<\/li>\n\n\n\n<li><strong>AI &#8211; <\/strong>Auxilio Invalidez &#8211; Conforme arts. 2\u00ba e 3\u00ba, XVI e 27 da Lei Federal n\u00ba 10.486, de 04\/07\/2002.<\/li>\n\n\n\n<li><strong>AF &#8211; <\/strong>Auxilio Funeral &#8211; Conforme arts. 2\u00ba e 3\u00ba, XVII da Lei Federal n\u00ba 10.486, de 04\/07\/2002.<\/li>\n<\/ul>\n\n\n\n<h3 class=\"wp-block-heading\" id=\"cargos-vagos\">Cargos vagos da PMDF<\/h3>\n\n\n\n<p>Atualmente, o quadro de servidores da Pol\u00edcia Militar do Distrito Federal conta com um&nbsp;<strong>d\u00e9ficit de 9.639 efetivos<\/strong>, conforme dados com refer\u00eancia em fevereiro\/2025.<\/p>\n\n\n\n<figure class=\"wp-block-table is-style-stripes\"><table class=\"has-very-light-gray-to-cyan-bluish-gray-gradient-background has-background has-fixed-layout\"><thead><tr><th class=\"has-text-align-center\" data-align=\"center\">Cargo<\/th><th class=\"has-text-align-center\" data-align=\"center\">D\u00e9ficit<\/th><th class=\"has-text-align-center\" data-align=\"center\">Cargo<\/th><th class=\"has-text-align-center\" data-align=\"center\">D\u00e9ficit<\/th><\/tr><\/thead><tbody><tr><td class=\"has-text-align-center\" data-align=\"center\">Oficiais Policiais Militares<\/td><td class=\"has-text-align-center\" data-align=\"center\">216<\/td><td class=\"has-text-align-center\" data-align=\"center\">Oficiais Especialistas Assistentes Veterin\u00e1rios<\/td><td class=\"has-text-align-center\" data-align=\"center\">4<\/td><\/tr><tr><td class=\"has-text-align-center\" data-align=\"center\">Oficiais de Sa\u00fade<\/td><td class=\"has-text-align-center\" data-align=\"center\">56<\/td><td class=\"has-text-align-center\" data-align=\"center\">Oficiais M\u00fasicos<\/td><td class=\"has-text-align-center\" data-align=\"center\">5<\/td><\/tr><tr><td class=\"has-text-align-center\" data-align=\"center\">Oficiais Dentistas<\/td><td class=\"has-text-align-center\" data-align=\"center\">20<\/td><td class=\"has-text-align-center\" data-align=\"center\">Pra\u00e7as Combatentes<\/td><td class=\"has-text-align-center\" data-align=\"center\">8.592<\/td><\/tr><tr><td class=\"has-text-align-center\" data-align=\"center\">Oficiais Veterin\u00e1rios<\/td><td class=\"has-text-align-center\" data-align=\"center\">6<\/td><td class=\"has-text-align-center\" data-align=\"center\">Pra\u00e7as Especialistas em Manuten\u00e7\u00e3o de Armamento<\/td><td class=\"has-text-align-center\" data-align=\"center\">59<\/td><\/tr><tr><td class=\"has-text-align-center\" data-align=\"center\">Oficiais Capel\u00e3es<\/td><td class=\"has-text-align-center\" data-align=\"center\">4<\/td><td class=\"has-text-align-center\" data-align=\"center\">Pra\u00e7as Especialistas em Manuten\u00e7\u00e3o de Motomecaniza\u00e7\u00e3o<\/td><td class=\"has-text-align-center\" data-align=\"center\">148<\/td><\/tr><tr><td class=\"has-text-align-center\" data-align=\"center\">Oficiais Administrativos<\/td><td class=\"has-text-align-center\" data-align=\"center\">195<\/td><td class=\"has-text-align-center\" data-align=\"center\">Pra\u00e7as Especialistas M\u00fasicos<\/td><td class=\"has-text-align-center\" data-align=\"center\">112<\/td><\/tr><tr><td class=\"has-text-align-center\" data-align=\"center\">Oficiais Especialistas em Sa\u00fade<\/td><td class=\"has-text-align-center\" data-align=\"center\">11<\/td><td class=\"has-text-align-center\" data-align=\"center\">Pra\u00e7as Especialistas em Manuten\u00e7\u00e3o de Comunica\u00e7\u00f5es<\/td><td class=\"has-text-align-center\" data-align=\"center\">34<\/td><\/tr><tr><td class=\"has-text-align-center\" data-align=\"center\">Oficiais Especialistas em Motomecaniza\u00e7\u00e3o<\/td><td class=\"has-text-align-center\" data-align=\"center\">4<\/td><td class=\"has-text-align-center\" data-align=\"center\">Pra\u00e7as Especialistas Auxiliares de Sa\u00fade<\/td><td class=\"has-text-align-center\" data-align=\"center\">100<\/td><\/tr><tr><td class=\"has-text-align-center\" data-align=\"center\">Oficiais Especialistas em Manuten\u00e7\u00e3o de Armamento<\/td><td class=\"has-text-align-center\" data-align=\"center\">3<\/td><td class=\"has-text-align-center\" data-align=\"center\">Pra\u00e7as Especialistas Assistentes Veterin\u00e1rios<\/td><td class=\"has-text-align-center\" data-align=\"center\">45<\/td><\/tr><tr><td class=\"has-text-align-center\" data-align=\"center\">Oficiais Especialistas em Manuten\u00e7\u00e3o de Comunica\u00e7\u00f5es<\/td><td class=\"has-text-align-center\" data-align=\"center\">3<\/td><td class=\"has-text-align-center\" data-align=\"center\">Pra\u00e7as Especialistas Corneteiros<\/td><td class=\"has-text-align-center\" data-align=\"center\">22<\/td><\/tr><\/tbody><\/table><\/figure>\n\n\n\n<h2 class=\"wp-block-heading\" id=\"h-guia-de-estudos-pmdf\">Guia de Estudos PMDF<\/h2>\n\n\n\n<ul class=\"wp-block-list\">\n<li><a href=\"https:\/\/www.estrategiaconcursos.com.br\/blog\/guia-de-estudos-para-pmdf-oficial\/\" target=\"_blank\" rel=\"noreferrer noopener\">Guia de Estudos &#8211; Oficial Combatente<\/a><\/li>\n\n\n\n<li><a href=\"https:\/\/www.estrategiaconcursos.com.br\/blog\/guia-de-estudos-pmdf-soldado\/\" target=\"_blank\" rel=\"noreferrer noopener\">Guia de Estudos &#8211; Soldado<\/a><\/li>\n<\/ul>\n\n\n\n<hr class=\"wp-block-separator has-css-opacity\"\/>\n\n\n\n<h2 class=\"wp-block-heading has-text-align-center\" id=\"cursos\">Quer saber tudo sobre concursos previstos?<br \/>Confira nossos artigos!<\/h2>\n\n\n\n<ul class=\"wp-block-list\">\n<li><a href=\"https:\/\/www.estrategiaconcursos.com.br\/blog\/concursos-de-policia\/\" target=\"_blank\" rel=\"noreferrer noopener\">Concursos policiais<\/a><\/li>\n\n\n\n<li><a href=\"https:\/\/www.estrategiaconcursos.com.br\/blog\/concursos-2026\/\" target=\"_blank\" rel=\"noreferrer noopener\">Concursos 2026<\/a><\/li>\n\n\n\n<li><a href=\"https:\/\/www.estrategiaconcursos.com.br\/blog\/concursos-abertos\/\" target=\"_blank\" rel=\"noreferrer noopener\">Concursos abertos<\/a><\/li>\n\n\n\n<li><a href=\"https:\/\/www.estrategiaconcursos.com.br\/blog\/concursos-df\/\" target=\"_blank\" rel=\"noreferrer noopener\">Concursos DF<\/a><\/li>\n<\/ul>\n\n\n\n<h2 class=\"wp-block-heading has-text-align-center\" id=\"curso\">Quer estudar para o concurso Pol\u00edcia Militar DF?<\/h2>\n\n\n\n<div class=\"container\" id=\"boxes\">\n  <div class=\"row\">\n\n    <div class=\"col-sm\">\n      <div class=\"banner-policia-militar\" id=\"box-assinatura\">\n        <h3 class=\"titulo-assinatura\">Concurso PMDF<\/h3>\n        <p class=\"subtitulo-assinatura\">Rumo \u00e0 carreira policial dos seus sonhos!<\/p>\n        <div class=\"box-botao\">\n          <a class=\"btn-assinatura\" target=\"_blank\" href=\"https:\/\/www.estrategiaconcursos.com.br\/cursosPorConcurso\/policia-militar-do-distrito-federal-pmdf\/\" role=\"button\" rel=\"noopener noreferrer\">EXPLORAR CURSOS<\/a>\n        <\/div>\n      <\/div>\n \n    <\/div>\n\n  <\/div>\n<\/div>\n\n\n\n<div class=\"container\" id=\"boxes\">\n  <div class=\"row\">\n\n    <div class=\"col-sm\">\n      <div class=\"estrategia\" id=\"box-assinatura\">\n        <h3 class=\"titulo-assinatura\">Assinatura de Concursos<\/h3>\n        <p class=\"subtitulo-assinatura\">Assinatura de 1 ano ou 2 anos<\/p>\n        <div class=\"box-botao\">\n          <a class=\"btn-assinatura\" target=\"_blank\" href=\"https:\/\/www.estrategiaconcursos.com.br\/assinaturas\/\" role=\"button\" rel=\"noopener noreferrer\">ASSINE AGORA<\/a>\n        <\/div>\n      <\/div>\n     \n    <\/div><\/div><\/div>\n\n\n\n<figure class=\"wp-block-image size-large is-resized\"><img loading=\"lazy\" decoding=\"async\" width=\"1024\" height=\"632\" src=\"https:\/\/dhg1h5j42swfq.cloudfront.net\/2021\/04\/06121354\/ficha-tecnica-94-1024x632.png\" alt=\"Ficha t\u00e9cnica \" class=\"wp-image-708462\" style=\"width:261px;height:161px\" srcset=\"https:\/\/dhg1h5j42swfq.cloudfront.net\/2021\/04\/06121354\/ficha-tecnica-94-1024x632.png 1024w, https:\/\/dhg1h5j42swfq.cloudfront.net\/2021\/04\/06121354\/ficha-tecnica-94-300x185.png 300w, https:\/\/dhg1h5j42swfq.cloudfront.net\/2021\/04\/06121354\/ficha-tecnica-94-768x474.png 768w, https:\/\/dhg1h5j42swfq.cloudfront.net\/2021\/04\/06121354\/ficha-tecnica-94-1536x948.png 1536w, https:\/\/dhg1h5j42swfq.cloudfront.net\/2021\/04\/06121354\/ficha-tecnica-94-610x377.png 610w, https:\/\/dhg1h5j42swfq.cloudfront.net\/2021\/04\/06121354\/ficha-tecnica-94.png 1571w\" sizes=\"auto, (max-width: 1024px) 100vw, 1024px\" \/><\/figure>\n\n\n\n<h2 class=\"wp-block-heading\" id=\"ficha\">Informa\u00e7\u00f5es do concurso PMDF<\/h2>\n\n\n\n<p><strong>Oficial Policial Militar &#8211; 2\u00ba Tenente<\/strong><\/p>\n\n\n\n<ul class=\"wp-block-list\">\n<li><strong>Provas:&nbsp;<\/strong>14\/06\/2026<\/li>\n\n\n\n<li><strong>Vagas<\/strong>: <span style=\"background-color: initial; color: initial;\">49 vagas + 98 CR <\/span><\/li>\n\n\n\n<li><strong>Cargos<\/strong>: Oficial Policial Militar<\/li>\n\n\n\n<li><strong>Banca<\/strong>: Cebraspe<\/li>\n\n\n\n<li><strong>Escolaridade<\/strong>: n\u00edvel superior<\/li>\n\n\n\n<li><strong>Edital<\/strong>: <a href=\"https:\/\/dhg1h5j42swfq.cloudfront.net\/2025\/02\/03175530\/ed_1_pmdf_cfo_24_abertura-ed_1_pmdf_cfo_25_abertura-pdf.pdf?utm_source=google&amp;utm_medium=cpc&amp;utm_campaign=ec-leg-vd-gsh-camaradeputados-web-110925\" target=\"_blank\" rel=\"noreferrer noopener\">PMDF Oficial-2025<\/a> | <a href=\"https:\/\/dhg1h5j42swfq.cloudfront.net\/2025\/12\/19172143\/pdf-00054-00194474_2025-81-eafb2a23c9ae9c309431e847fc1b4d3ab416cb592fb69d4c4b8d93693210baa9.pdf\" target=\"_blank\" rel=\"noreferrer noopener nofollow\">Edital retificado &#8211; retomada<\/a><\/li>\n<\/ul>\n\n\n\n<p><strong>Oficial Capel\u00e3o<\/strong><\/p>\n\n\n\n<ul class=\"wp-block-list\">\n<li><strong>Provas<\/strong>: 11\/01\/2026<\/li>\n\n\n\n<li><strong>Vagas<\/strong>: 1<\/li>\n\n\n\n<li><strong>Cargo<\/strong>: Oficial Capel\u00e3o<\/li>\n\n\n\n<li><strong>Banca<\/strong>: IDECAN<\/li>\n\n\n\n<li><strong>Escolaridade<\/strong>: n\u00edvel superior<\/li>\n\n\n\n<li><strong>Edital<\/strong>:&nbsp;<a href=\"https:\/\/dhg1h5j42swfq.cloudfront.net\/2025\/07\/28090315\/edital-pmdf-capelao-2025.pdf\" target=\"_blank\" rel=\"noreferrer noopener nofollow\">PMDF Oficial Capel\u00e3o-2025<\/a><\/li>\n<\/ul>\n\n\n\n<hr class=\"wp-block-separator has-alpha-channel-opacity\"\/>\n\n\n\n<div class=\"schema-faq wp-block-yoast-faq-block\"><div class=\"schema-faq-section\" id=\"faq-question-1769811916287\"><strong class=\"schema-faq-question\">Quando ser\u00e1 o pr\u00f3ximo concurso PMDF?<\/strong> <p class=\"schema-faq-answer\">As inscri\u00e7\u00f5es puderam ser realizadas de 4 de fevereiro a 6 de mar\u00e7o. J\u00e1 a <strong>aplica\u00e7\u00e3o das provas para Oficial PMDF \u00e9 prevista no dia 14 de junho<\/strong>. O concurso de Soldado da PMDF segue previsto com Cebraspe como banca organizadora. <\/p> <\/div> <div class=\"schema-faq-section\" id=\"faq-question-1769812017352\"><strong class=\"schema-faq-question\">Quem \u00e9 a banca organizadora dos pr\u00f3ximos concursos da PMDF?<\/strong> <p class=\"schema-faq-answer\">O <strong>Cebraspe<\/strong> foi contratado como banca organizadora oficial e ser\u00e1 respons\u00e1vel pelos editais da corpora\u00e7\u00e3o pelos pr\u00f3ximos 3 anos (prorrog\u00e1veis por at\u00e9 10).<\/p> <\/div> <div class=\"schema-faq-section\" id=\"faq-question-1769812051999\"><strong class=\"schema-faq-question\">Quais os requisitos de idade e altura para o concurso PMDF?<\/strong> <p class=\"schema-faq-answer\">A idade m\u00e1xima \u00e9 de <strong>30 anos<\/strong> (n\u00e3o ter completado 31 at\u00e9 a data da inscri\u00e7\u00e3o), exceto para militares da ativa da PMDF. A altura m\u00ednima \u00e9 de <strong>1,65m para homens<\/strong> e <strong>1,60m para mulheres<\/strong>.<\/p> <\/div> <\/div>\n","protected":false},"excerpt":{"rendered":"<p>Cebraspe \u00e9 a banca de novo concurso PMDF para Soldado 2027. Edital para Oficial oferece sal\u00e1rio de at\u00e9 R$ 18 mil! Foram remarcadas as provas para o cargo de Oficial Combatente do Concurso PMDF (Pol\u00edcia Militar do Distrito Federal). Segundo novo cronograma, as provas ser\u00e3o aplicadas no dia 14 de junho. Al\u00e9m disso, foi divulgado [&hellip;]<\/p>\n","protected":false},"author":1206,"featured_media":758005,"comment_status":"open","ping_status":"closed","sticky":false,"template":"","format":"standard","meta":{"post_tipo":"news_page","footnotes":""},"categories":[220186,220187],"tags":[],"tax_estado":[219970],"class_list":["post-133928","post","type-post","status-publish","format-standard","has-post-thumbnail","hentry","category-policial-oficial","category-policial-pracas","tax_estado-df"],"acf":[],"yoast_head":"<!-- This site is optimized with the Yoast SEO Premium plugin v27.2 (Yoast SEO v27.2) - https:\/\/yoast.com\/product\/yoast-seo-premium-wordpress\/ -->\n<title>Concurso PMDF 2026: provas remarcadas! Veja os detalhes<\/title>\n<meta name=\"description\" content=\"Concurso PMDF Oficial teve as provas remarcadas. Novo edital PMDF para Soldado \u00e9 previsto a partir de 2026. Confira os detalhes!\" \/>\n<meta name=\"robots\" content=\"index, follow, max-snippet:-1, max-image-preview:large, max-video-preview:-1\" \/>\n<link rel=\"canonical\" href=\"https:\/\/www.estrategiaconcursos.com.br\/blog\/concurso-pmdf\/\" \/>\n<meta property=\"og:locale\" content=\"pt_BR\" \/>\n<meta property=\"og:type\" content=\"article\" \/>\n<meta property=\"og:title\" content=\"Concurso PMDF 2026: provas remarcadas! Veja os detalhes\" \/>\n<meta property=\"og:description\" content=\"Concurso PMDF Oficial teve as provas remarcadas. Novo edital PMDF para Soldado \u00e9 previsto a partir de 2026. Confira os detalhes!\" \/>\n<meta property=\"og:url\" content=\"https:\/\/www.estrategiaconcursos.com.br\/blog\/concurso-pmdf\/\" \/>\n<meta property=\"og:site_name\" content=\"Estrat\u00e9gia Concursos\" \/>\n<meta property=\"article:published_time\" content=\"2026-04-24T09:30:00+00:00\" \/>\n<meta property=\"article:modified_time\" content=\"2026-04-24T12:09:43+00:00\" \/>\n<meta property=\"og:image\" content=\"https:\/\/dhg1h5j42swfq.cloudfront.net\/2021\/06\/02131000\/concurso-pmdf.jpg\" \/>\n\t<meta property=\"og:image:width\" content=\"768\" \/>\n\t<meta property=\"og:image:height\" content=\"432\" \/>\n\t<meta property=\"og:image:type\" content=\"image\/jpeg\" \/>\n<meta name=\"author\" content=\"Bruna de Andrade Fran\u00e7a\" \/>\n<meta name=\"twitter:card\" content=\"summary_large_image\" \/>\n<meta name=\"twitter:creator\" content=\"@EstratConcursos\" \/>\n<meta name=\"twitter:site\" content=\"@EstratConcursos\" \/>\n<meta name=\"twitter:label1\" content=\"Escrito por\" \/>\n\t<meta name=\"twitter:data1\" content=\"Bruna de Andrade Fran\u00e7a\" \/>\n\t<meta name=\"twitter:label2\" content=\"Est. tempo de leitura\" \/>\n\t<meta name=\"twitter:data2\" content=\"8 minutos\" \/>\n<script type=\"application\/ld+json\" class=\"yoast-schema-graph\">{\"@context\":\"https:\/\/schema.org\",\"@graph\":[{\"@type\":\"NewsArticle\",\"@id\":\"https:\/\/www.estrategiaconcursos.com.br\/blog\/concurso-pmdf\/#article\",\"isPartOf\":{\"@id\":\"https:\/\/www.estrategiaconcursos.com.br\/blog\/concurso-pmdf\/\"},\"author\":{\"name\":\"Bruna de Andrade Fran\u00e7a\",\"@id\":\"https:\/\/www.estrategiaconcursos.com.br\/blog\/#\/schema\/person\/6630f91134abc08115cca62ce6372855\"},\"headline\":\"Concurso PMDF 2026: provas remarcadas! Veja os detalhes\",\"datePublished\":\"2026-04-24T09:30:00+00:00\",\"dateModified\":\"2026-04-24T12:09:43+00:00\",\"mainEntityOfPage\":{\"@id\":\"https:\/\/www.estrategiaconcursos.com.br\/blog\/concurso-pmdf\/\"},\"wordCount\":4030,\"commentCount\":5,\"publisher\":{\"@id\":\"https:\/\/www.estrategiaconcursos.com.br\/blog\/#organization\"},\"image\":{\"@id\":\"https:\/\/www.estrategiaconcursos.com.br\/blog\/concurso-pmdf\/#primaryimage\"},\"thumbnailUrl\":\"https:\/\/dhg1h5j42swfq.cloudfront.net\/2021\/06\/02131000\/concurso-pmdf.jpg\",\"articleSection\":[\"Policial (PM\/BM - Oficial)\",\"Policial (PM\/BM - Pra\u00e7as)\"],\"inLanguage\":\"pt-BR\",\"potentialAction\":[{\"@type\":\"CommentAction\",\"name\":\"Comment\",\"target\":[\"https:\/\/www.estrategiaconcursos.com.br\/blog\/concurso-pmdf\/#respond\"]}],\"copyrightYear\":\"2026\",\"copyrightHolder\":{\"@id\":\"https:\/\/www.estrategiaconcursos.com.br\/blog\/#organization\"}},{\"@type\":[\"WebPage\",\"FAQPage\"],\"@id\":\"https:\/\/www.estrategiaconcursos.com.br\/blog\/concurso-pmdf\/\",\"url\":\"https:\/\/www.estrategiaconcursos.com.br\/blog\/concurso-pmdf\/\",\"name\":\"Concurso PMDF 2026: provas remarcadas! Veja os detalhes\",\"isPartOf\":{\"@id\":\"https:\/\/www.estrategiaconcursos.com.br\/blog\/#website\"},\"primaryImageOfPage\":{\"@id\":\"https:\/\/www.estrategiaconcursos.com.br\/blog\/concurso-pmdf\/#primaryimage\"},\"image\":{\"@id\":\"https:\/\/www.estrategiaconcursos.com.br\/blog\/concurso-pmdf\/#primaryimage\"},\"thumbnailUrl\":\"https:\/\/dhg1h5j42swfq.cloudfront.net\/2021\/06\/02131000\/concurso-pmdf.jpg\",\"datePublished\":\"2026-04-24T09:30:00+00:00\",\"dateModified\":\"2026-04-24T12:09:43+00:00\",\"description\":\"Concurso PMDF Oficial teve as provas remarcadas. Novo edital PMDF para Soldado \u00e9 previsto a partir de 2026. Confira os detalhes!\",\"breadcrumb\":{\"@id\":\"https:\/\/www.estrategiaconcursos.com.br\/blog\/concurso-pmdf\/#breadcrumb\"},\"mainEntity\":[{\"@id\":\"https:\/\/www.estrategiaconcursos.com.br\/blog\/concurso-pmdf\/#faq-question-1769811916287\"},{\"@id\":\"https:\/\/www.estrategiaconcursos.com.br\/blog\/concurso-pmdf\/#faq-question-1769812017352\"},{\"@id\":\"https:\/\/www.estrategiaconcursos.com.br\/blog\/concurso-pmdf\/#faq-question-1769812051999\"}],\"inLanguage\":\"pt-BR\",\"potentialAction\":[{\"@type\":\"ReadAction\",\"target\":[\"https:\/\/www.estrategiaconcursos.com.br\/blog\/concurso-pmdf\/\"]}]},{\"@type\":\"ImageObject\",\"inLanguage\":\"pt-BR\",\"@id\":\"https:\/\/www.estrategiaconcursos.com.br\/blog\/concurso-pmdf\/#primaryimage\",\"url\":\"https:\/\/dhg1h5j42swfq.cloudfront.net\/2021\/06\/02131000\/concurso-pmdf.jpg\",\"contentUrl\":\"https:\/\/dhg1h5j42swfq.cloudfront.net\/2021\/06\/02131000\/concurso-pmdf.jpg\",\"width\":768,\"height\":432,\"caption\":\"concurso PMDF\"},{\"@type\":\"BreadcrumbList\",\"@id\":\"https:\/\/www.estrategiaconcursos.com.br\/blog\/concurso-pmdf\/#breadcrumb\",\"itemListElement\":[{\"@type\":\"ListItem\",\"position\":1,\"name\":\"In\u00edcio\",\"item\":\"https:\/\/www.estrategiaconcursos.com.br\/blog\/\"},{\"@type\":\"ListItem\",\"position\":2,\"name\":\"Concurso PMDF 2026: provas remarcadas! Veja os detalhes\"}]},{\"@type\":\"WebSite\",\"@id\":\"https:\/\/www.estrategiaconcursos.com.br\/blog\/#website\",\"url\":\"https:\/\/www.estrategiaconcursos.com.br\/blog\/\",\"name\":\"Estrat\u00e9gia Concursos\",\"description\":\"O blog da Estrat\u00e9gia Concursos traz not\u00edcias sobre concursos e artigos de professores oferecendo cursos para concursos (pdf + videaulas) no site.\",\"publisher\":{\"@id\":\"https:\/\/www.estrategiaconcursos.com.br\/blog\/#organization\"},\"potentialAction\":[{\"@type\":\"SearchAction\",\"target\":{\"@type\":\"EntryPoint\",\"urlTemplate\":\"https:\/\/www.estrategiaconcursos.com.br\/blog\/?s={search_term_string}\"},\"query-input\":{\"@type\":\"PropertyValueSpecification\",\"valueRequired\":true,\"valueName\":\"search_term_string\"}}],\"inLanguage\":\"pt-BR\"},{\"@type\":\"Organization\",\"@id\":\"https:\/\/www.estrategiaconcursos.com.br\/blog\/#organization\",\"name\":\"Estrat\u00e9gia Concursos\",\"url\":\"https:\/\/www.estrategiaconcursos.com.br\/blog\/\",\"logo\":{\"@type\":\"ImageObject\",\"inLanguage\":\"pt-BR\",\"@id\":\"https:\/\/www.estrategiaconcursos.com.br\/blog\/#\/schema\/logo\/image\/\",\"url\":\"https:\/\/dhg1h5j42swfq.cloudfront.net\/2025\/06\/03203428\/logo_concursos-1.jpg\",\"contentUrl\":\"https:\/\/dhg1h5j42swfq.cloudfront.net\/2025\/06\/03203428\/logo_concursos-1.jpg\",\"width\":230,\"height\":60,\"caption\":\"Estrat\u00e9gia Concursos\"},\"image\":{\"@id\":\"https:\/\/www.estrategiaconcursos.com.br\/blog\/#\/schema\/logo\/image\/\"},\"sameAs\":[\"https:\/\/x.com\/EstratConcursos\"]},{\"@type\":\"Person\",\"@id\":\"https:\/\/www.estrategiaconcursos.com.br\/blog\/#\/schema\/person\/6630f91134abc08115cca62ce6372855\",\"name\":\"Bruna de Andrade Fran\u00e7a\",\"image\":{\"@type\":\"ImageObject\",\"inLanguage\":\"pt-BR\",\"@id\":\"https:\/\/secure.gravatar.com\/avatar\/d6316d36d50cea0fadae28ed3015b8870cc90a2d3d8a95c37b44006af36a00e3?s=96&d=mm&r=g\",\"url\":\"https:\/\/secure.gravatar.com\/avatar\/d6316d36d50cea0fadae28ed3015b8870cc90a2d3d8a95c37b44006af36a00e3?s=96&d=mm&r=g\",\"contentUrl\":\"https:\/\/secure.gravatar.com\/avatar\/d6316d36d50cea0fadae28ed3015b8870cc90a2d3d8a95c37b44006af36a00e3?s=96&d=mm&r=g\",\"caption\":\"Bruna de Andrade Fran\u00e7a\"},\"description\":\"Bruna de Andrade Fran\u00e7a \u00e9 publicit\u00e1ria com p\u00f3s-gradua\u00e7\u00e3o em Marketing &amp; Growth, atuando h\u00e1 mais de 6 anos no universo dos concursos p\u00fablicos. Desde 2021, lidera no Blog do Estrat\u00e9gia Concursos a cobertura editorial especializada em Concursos Policiais (PF, PRF, PM, PC, etc.), al\u00e9m das frentes de concursos banc\u00e1rios, de sa\u00fade e da \u00e1rea legislativa. Especialista em reda\u00e7\u00e3o, com pr\u00e1ticas de SEO e Copywriting, possui tamb\u00e9m atua\u00e7\u00e3o pr\u00e1tica de contato direto com \u00f3rg\u00e3os p\u00fablicos respons\u00e1veis por editais, permitindo acesso antecipado a informa\u00e7\u00f5es, desdobramentos importantes e atualiza\u00e7\u00e3o eficiente dos concursos p\u00fablicos.\",\"url\":\"https:\/\/www.estrategiaconcursos.com.br\/blog\/author\/bruna-andrade\/\"},{\"@type\":\"Question\",\"@id\":\"https:\/\/www.estrategiaconcursos.com.br\/blog\/concurso-pmdf\/#faq-question-1769811916287\",\"position\":1,\"url\":\"https:\/\/www.estrategiaconcursos.com.br\/blog\/concurso-pmdf\/#faq-question-1769811916287\",\"name\":\"Quando ser\u00e1 o pr\u00f3ximo concurso PMDF?\",\"answerCount\":1,\"acceptedAnswer\":{\"@type\":\"Answer\",\"text\":\"As inscri\u00e7\u00f5es puderam ser realizadas de 4 de fevereiro a 6 de mar\u00e7o. J\u00e1 a <strong>aplica\u00e7\u00e3o das provas para Oficial PMDF \u00e9 prevista no dia 14 de junho<\/strong>. O concurso de Soldado da PMDF segue previsto com Cebraspe como banca organizadora. \",\"inLanguage\":\"pt-BR\"},\"inLanguage\":\"pt-BR\"},{\"@type\":\"Question\",\"@id\":\"https:\/\/www.estrategiaconcursos.com.br\/blog\/concurso-pmdf\/#faq-question-1769812017352\",\"position\":2,\"url\":\"https:\/\/www.estrategiaconcursos.com.br\/blog\/concurso-pmdf\/#faq-question-1769812017352\",\"name\":\"Quem \u00e9 a banca organizadora dos pr\u00f3ximos concursos da PMDF?\",\"answerCount\":1,\"acceptedAnswer\":{\"@type\":\"Answer\",\"text\":\"O <strong>Cebraspe<\/strong> foi contratado como banca organizadora oficial e ser\u00e1 respons\u00e1vel pelos editais da corpora\u00e7\u00e3o pelos pr\u00f3ximos 3 anos (prorrog\u00e1veis por at\u00e9 10).\",\"inLanguage\":\"pt-BR\"},\"inLanguage\":\"pt-BR\"},{\"@type\":\"Question\",\"@id\":\"https:\/\/www.estrategiaconcursos.com.br\/blog\/concurso-pmdf\/#faq-question-1769812051999\",\"position\":3,\"url\":\"https:\/\/www.estrategiaconcursos.com.br\/blog\/concurso-pmdf\/#faq-question-1769812051999\",\"name\":\"Quais os requisitos de idade e altura para o concurso PMDF?\",\"answerCount\":1,\"acceptedAnswer\":{\"@type\":\"Answer\",\"text\":\"A idade m\u00e1xima \u00e9 de <strong>30 anos<\/strong> (n\u00e3o ter completado 31 at\u00e9 a data da inscri\u00e7\u00e3o), exceto para militares da ativa da PMDF. A altura m\u00ednima \u00e9 de <strong>1,65m para homens<\/strong> e <strong>1,60m para mulheres<\/strong>.\",\"inLanguage\":\"pt-BR\"},\"inLanguage\":\"pt-BR\"}]}<\/script>\n<!-- \/ Yoast SEO Premium plugin. -->","yoast_head_json":{"title":"Concurso PMDF 2026: provas remarcadas! Veja os detalhes","description":"Concurso PMDF Oficial teve as provas remarcadas. Novo edital PMDF para Soldado \u00e9 previsto a partir de 2026. Confira os detalhes!","robots":{"index":"index","follow":"follow","max-snippet":"max-snippet:-1","max-image-preview":"max-image-preview:large","max-video-preview":"max-video-preview:-1"},"canonical":"https:\/\/www.estrategiaconcursos.com.br\/blog\/concurso-pmdf\/","og_locale":"pt_BR","og_type":"article","og_title":"Concurso PMDF 2026: provas remarcadas! Veja os detalhes","og_description":"Concurso PMDF Oficial teve as provas remarcadas. Novo edital PMDF para Soldado \u00e9 previsto a partir de 2026. Confira os detalhes!","og_url":"https:\/\/www.estrategiaconcursos.com.br\/blog\/concurso-pmdf\/","og_site_name":"Estrat\u00e9gia Concursos","article_published_time":"2026-04-24T09:30:00+00:00","article_modified_time":"2026-04-24T12:09:43+00:00","og_image":[{"width":768,"height":432,"url":"https:\/\/dhg1h5j42swfq.cloudfront.net\/2021\/06\/02131000\/concurso-pmdf.jpg","type":"image\/jpeg"}],"author":"Bruna de Andrade Fran\u00e7a","twitter_card":"summary_large_image","twitter_creator":"@EstratConcursos","twitter_site":"@EstratConcursos","twitter_misc":{"Escrito por":"Bruna de Andrade Fran\u00e7a","Est. tempo de leitura":"8 minutos"},"schema":{"@context":"https:\/\/schema.org","@graph":[{"@type":"NewsArticle","@id":"https:\/\/www.estrategiaconcursos.com.br\/blog\/concurso-pmdf\/#article","isPartOf":{"@id":"https:\/\/www.estrategiaconcursos.com.br\/blog\/concurso-pmdf\/"},"author":{"name":"Bruna de Andrade Fran\u00e7a","@id":"https:\/\/www.estrategiaconcursos.com.br\/blog\/#\/schema\/person\/6630f91134abc08115cca62ce6372855"},"headline":"Concurso PMDF 2026: provas remarcadas! Veja os detalhes","datePublished":"2026-04-24T09:30:00+00:00","dateModified":"2026-04-24T12:09:43+00:00","mainEntityOfPage":{"@id":"https:\/\/www.estrategiaconcursos.com.br\/blog\/concurso-pmdf\/"},"wordCount":4030,"commentCount":5,"publisher":{"@id":"https:\/\/www.estrategiaconcursos.com.br\/blog\/#organization"},"image":{"@id":"https:\/\/www.estrategiaconcursos.com.br\/blog\/concurso-pmdf\/#primaryimage"},"thumbnailUrl":"https:\/\/dhg1h5j42swfq.cloudfront.net\/2021\/06\/02131000\/concurso-pmdf.jpg","articleSection":["Policial (PM\/BM - Oficial)","Policial (PM\/BM - Pra\u00e7as)"],"inLanguage":"pt-BR","potentialAction":[{"@type":"CommentAction","name":"Comment","target":["https:\/\/www.estrategiaconcursos.com.br\/blog\/concurso-pmdf\/#respond"]}],"copyrightYear":"2026","copyrightHolder":{"@id":"https:\/\/www.estrategiaconcursos.com.br\/blog\/#organization"}},{"@type":["WebPage","FAQPage"],"@id":"https:\/\/www.estrategiaconcursos.com.br\/blog\/concurso-pmdf\/","url":"https:\/\/www.estrategiaconcursos.com.br\/blog\/concurso-pmdf\/","name":"Concurso PMDF 2026: provas remarcadas! Veja os detalhes","isPartOf":{"@id":"https:\/\/www.estrategiaconcursos.com.br\/blog\/#website"},"primaryImageOfPage":{"@id":"https:\/\/www.estrategiaconcursos.com.br\/blog\/concurso-pmdf\/#primaryimage"},"image":{"@id":"https:\/\/www.estrategiaconcursos.com.br\/blog\/concurso-pmdf\/#primaryimage"},"thumbnailUrl":"https:\/\/dhg1h5j42swfq.cloudfront.net\/2021\/06\/02131000\/concurso-pmdf.jpg","datePublished":"2026-04-24T09:30:00+00:00","dateModified":"2026-04-24T12:09:43+00:00","description":"Concurso PMDF Oficial teve as provas remarcadas. Novo edital PMDF para Soldado \u00e9 previsto a partir de 2026. Confira os detalhes!","breadcrumb":{"@id":"https:\/\/www.estrategiaconcursos.com.br\/blog\/concurso-pmdf\/#breadcrumb"},"mainEntity":[{"@id":"https:\/\/www.estrategiaconcursos.com.br\/blog\/concurso-pmdf\/#faq-question-1769811916287"},{"@id":"https:\/\/www.estrategiaconcursos.com.br\/blog\/concurso-pmdf\/#faq-question-1769812017352"},{"@id":"https:\/\/www.estrategiaconcursos.com.br\/blog\/concurso-pmdf\/#faq-question-1769812051999"}],"inLanguage":"pt-BR","potentialAction":[{"@type":"ReadAction","target":["https:\/\/www.estrategiaconcursos.com.br\/blog\/concurso-pmdf\/"]}]},{"@type":"ImageObject","inLanguage":"pt-BR","@id":"https:\/\/www.estrategiaconcursos.com.br\/blog\/concurso-pmdf\/#primaryimage","url":"https:\/\/dhg1h5j42swfq.cloudfront.net\/2021\/06\/02131000\/concurso-pmdf.jpg","contentUrl":"https:\/\/dhg1h5j42swfq.cloudfront.net\/2021\/06\/02131000\/concurso-pmdf.jpg","width":768,"height":432,"caption":"concurso PMDF"},{"@type":"BreadcrumbList","@id":"https:\/\/www.estrategiaconcursos.com.br\/blog\/concurso-pmdf\/#breadcrumb","itemListElement":[{"@type":"ListItem","position":1,"name":"In\u00edcio","item":"https:\/\/www.estrategiaconcursos.com.br\/blog\/"},{"@type":"ListItem","position":2,"name":"Concurso PMDF 2026: provas remarcadas! Veja os detalhes"}]},{"@type":"WebSite","@id":"https:\/\/www.estrategiaconcursos.com.br\/blog\/#website","url":"https:\/\/www.estrategiaconcursos.com.br\/blog\/","name":"Estrat\u00e9gia Concursos","description":"O blog da Estrat\u00e9gia Concursos traz not\u00edcias sobre concursos e artigos de professores oferecendo cursos para concursos (pdf + videaulas) no site.","publisher":{"@id":"https:\/\/www.estrategiaconcursos.com.br\/blog\/#organization"},"potentialAction":[{"@type":"SearchAction","target":{"@type":"EntryPoint","urlTemplate":"https:\/\/www.estrategiaconcursos.com.br\/blog\/?s={search_term_string}"},"query-input":{"@type":"PropertyValueSpecification","valueRequired":true,"valueName":"search_term_string"}}],"inLanguage":"pt-BR"},{"@type":"Organization","@id":"https:\/\/www.estrategiaconcursos.com.br\/blog\/#organization","name":"Estrat\u00e9gia Concursos","url":"https:\/\/www.estrategiaconcursos.com.br\/blog\/","logo":{"@type":"ImageObject","inLanguage":"pt-BR","@id":"https:\/\/www.estrategiaconcursos.com.br\/blog\/#\/schema\/logo\/image\/","url":"https:\/\/dhg1h5j42swfq.cloudfront.net\/2025\/06\/03203428\/logo_concursos-1.jpg","contentUrl":"https:\/\/dhg1h5j42swfq.cloudfront.net\/2025\/06\/03203428\/logo_concursos-1.jpg","width":230,"height":60,"caption":"Estrat\u00e9gia Concursos"},"image":{"@id":"https:\/\/www.estrategiaconcursos.com.br\/blog\/#\/schema\/logo\/image\/"},"sameAs":["https:\/\/x.com\/EstratConcursos"]},{"@type":"Person","@id":"https:\/\/www.estrategiaconcursos.com.br\/blog\/#\/schema\/person\/6630f91134abc08115cca62ce6372855","name":"Bruna de Andrade Fran\u00e7a","image":{"@type":"ImageObject","inLanguage":"pt-BR","@id":"https:\/\/secure.gravatar.com\/avatar\/d6316d36d50cea0fadae28ed3015b8870cc90a2d3d8a95c37b44006af36a00e3?s=96&d=mm&r=g","url":"https:\/\/secure.gravatar.com\/avatar\/d6316d36d50cea0fadae28ed3015b8870cc90a2d3d8a95c37b44006af36a00e3?s=96&d=mm&r=g","contentUrl":"https:\/\/secure.gravatar.com\/avatar\/d6316d36d50cea0fadae28ed3015b8870cc90a2d3d8a95c37b44006af36a00e3?s=96&d=mm&r=g","caption":"Bruna de Andrade Fran\u00e7a"},"description":"Bruna de Andrade Fran\u00e7a \u00e9 publicit\u00e1ria com p\u00f3s-gradua\u00e7\u00e3o em Marketing &amp; Growth, atuando h\u00e1 mais de 6 anos no universo dos concursos p\u00fablicos. Desde 2021, lidera no Blog do Estrat\u00e9gia Concursos a cobertura editorial especializada em Concursos Policiais (PF, PRF, PM, PC, etc.), al\u00e9m das frentes de concursos banc\u00e1rios, de sa\u00fade e da \u00e1rea legislativa. Especialista em reda\u00e7\u00e3o, com pr\u00e1ticas de SEO e Copywriting, possui tamb\u00e9m atua\u00e7\u00e3o pr\u00e1tica de contato direto com \u00f3rg\u00e3os p\u00fablicos respons\u00e1veis por editais, permitindo acesso antecipado a informa\u00e7\u00f5es, desdobramentos importantes e atualiza\u00e7\u00e3o eficiente dos concursos p\u00fablicos.","url":"https:\/\/www.estrategiaconcursos.com.br\/blog\/author\/bruna-andrade\/"},{"@type":"Question","@id":"https:\/\/www.estrategiaconcursos.com.br\/blog\/concurso-pmdf\/#faq-question-1769811916287","position":1,"url":"https:\/\/www.estrategiaconcursos.com.br\/blog\/concurso-pmdf\/#faq-question-1769811916287","name":"Quando ser\u00e1 o pr\u00f3ximo concurso PMDF?","answerCount":1,"acceptedAnswer":{"@type":"Answer","text":"As inscri\u00e7\u00f5es puderam ser realizadas de 4 de fevereiro a 6 de mar\u00e7o. J\u00e1 a <strong>aplica\u00e7\u00e3o das provas para Oficial PMDF \u00e9 prevista no dia 14 de junho<\/strong>. O concurso de Soldado da PMDF segue previsto com Cebraspe como banca organizadora. ","inLanguage":"pt-BR"},"inLanguage":"pt-BR"},{"@type":"Question","@id":"https:\/\/www.estrategiaconcursos.com.br\/blog\/concurso-pmdf\/#faq-question-1769812017352","position":2,"url":"https:\/\/www.estrategiaconcursos.com.br\/blog\/concurso-pmdf\/#faq-question-1769812017352","name":"Quem \u00e9 a banca organizadora dos pr\u00f3ximos concursos da PMDF?","answerCount":1,"acceptedAnswer":{"@type":"Answer","text":"O <strong>Cebraspe<\/strong> foi contratado como banca organizadora oficial e ser\u00e1 respons\u00e1vel pelos editais da corpora\u00e7\u00e3o pelos pr\u00f3ximos 3 anos (prorrog\u00e1veis por at\u00e9 10).","inLanguage":"pt-BR"},"inLanguage":"pt-BR"},{"@type":"Question","@id":"https:\/\/www.estrategiaconcursos.com.br\/blog\/concurso-pmdf\/#faq-question-1769812051999","position":3,"url":"https:\/\/www.estrategiaconcursos.com.br\/blog\/concurso-pmdf\/#faq-question-1769812051999","name":"Quais os requisitos de idade e altura para o concurso PMDF?","answerCount":1,"acceptedAnswer":{"@type":"Answer","text":"A idade m\u00e1xima \u00e9 de <strong>30 anos<\/strong> (n\u00e3o ter completado 31 at\u00e9 a data da inscri\u00e7\u00e3o), exceto para militares da ativa da PMDF. A altura m\u00ednima \u00e9 de <strong>1,65m para homens<\/strong> e <strong>1,60m para mulheres<\/strong>.","inLanguage":"pt-BR"},"inLanguage":"pt-BR"}]}},"_links":{"self":[{"href":"https:\/\/www.estrategiaconcursos.com.br\/blog\/wp-json\/wp\/v2\/posts\/133928","targetHints":{"allow":["GET"]}}],"collection":[{"href":"https:\/\/www.estrategiaconcursos.com.br\/blog\/wp-json\/wp\/v2\/posts"}],"about":[{"href":"https:\/\/www.estrategiaconcursos.com.br\/blog\/wp-json\/wp\/v2\/types\/post"}],"author":[{"embeddable":true,"href":"https:\/\/www.estrategiaconcursos.com.br\/blog\/wp-json\/wp\/v2\/users\/1206"}],"replies":[{"embeddable":true,"href":"https:\/\/www.estrategiaconcursos.com.br\/blog\/wp-json\/wp\/v2\/comments?post=133928"}],"version-history":[{"count":406,"href":"https:\/\/www.estrategiaconcursos.com.br\/blog\/wp-json\/wp\/v2\/posts\/133928\/revisions"}],"predecessor-version":[{"id":1757059,"href":"https:\/\/www.estrategiaconcursos.com.br\/blog\/wp-json\/wp\/v2\/posts\/133928\/revisions\/1757059"}],"wp:featuredmedia":[{"embeddable":true,"href":"https:\/\/www.estrategiaconcursos.com.br\/blog\/wp-json\/wp\/v2\/media\/758005"}],"wp:attachment":[{"href":"https:\/\/www.estrategiaconcursos.com.br\/blog\/wp-json\/wp\/v2\/media?parent=133928"}],"wp:term":[{"taxonomy":"category","embeddable":true,"href":"https:\/\/www.estrategiaconcursos.com.br\/blog\/wp-json\/wp\/v2\/categories?post=133928"},{"taxonomy":"post_tag","embeddable":true,"href":"https:\/\/www.estrategiaconcursos.com.br\/blog\/wp-json\/wp\/v2\/tags?post=133928"},{"taxonomy":"tax_estado","embeddable":true,"href":"https:\/\/www.estrategiaconcursos.com.br\/blog\/wp-json\/wp\/v2\/tax_estado?post=133928"}],"curies":[{"name":"wp","href":"https:\/\/api.w.org\/{rel}","templated":true}]}}