{"id":1339041,"date":"2024-01-21T17:28:00","date_gmt":"2024-01-21T20:28:00","guid":{"rendered":"https:\/\/www.estrategiaconcursos.com.br\/blog\/?p=1339041"},"modified":"2024-01-21T21:59:27","modified_gmt":"2024-01-22T00:59:27","slug":"gabarito-extraoficial-concurso-mma","status":"publish","type":"post","link":"https:\/\/www.estrategiaconcursos.com.br\/blog\/gabarito-extraoficial-concurso-mma\/","title":{"rendered":"Gabarito Extraoficial MMA: veja seu desempenho!"},"content":{"rendered":"\n<p>Neste domingo, 21 de janeiro de 2024, foram aplicadas as provas do concurso p\u00fablico do <strong><a href=\"https:\/\/www.estrategiaconcursos.com.br\/cursosPorConcurso\/servico-florestal-brasileiro-sfb-ministerio-do-meio-ambiente-mma-75\/\" target=\"_blank\" rel=\"noreferrer noopener\">Minist\u00e9rio do Meio Ambiente e das Mudan\u00e7as Clim\u00e1ticas<\/a>&nbsp;(MMA)<\/strong>.<\/p>\n\n\n\n<p>Sob organiza\u00e7\u00e3o do&nbsp;<a href=\"https:\/\/www.cebraspe.org.br\/concursos\/MMA_23\" target=\"_blank\" rel=\"noreferrer noopener\">Cebraspe<\/a>, a sele\u00e7\u00e3o oferta <strong>98 vagas<\/strong> para <strong><a href=\"https:\/\/www.estrategiaconcursos.com.br\/curso\/ministerio-do-meio-ambiente-mma-analista-ambiental-pacote-2023-pos-edital\/\" target=\"_blank\" rel=\"noreferrer noopener\">Analista Ambiental<\/a><\/strong>, cuja exig\u00eancia \u00e9 de n\u00edvel superior de forma\u00e7\u00e3o. O sal\u00e1rio inicial para a carreira \u00e9 de&nbsp;<strong>R$ 8.817,72<\/strong>.<\/p>\n\n\n\n<p>Com o objetivo de ajud\u00e1-los em todas as etapas do certame e, claro, diminuir um pouco a ansiedade para saber deu desempenho,&nbsp;<strong>nossos professores realizaram o<\/strong>&nbsp;<strong>gabarito extraoficial da prova<\/strong>.<\/p>\n\n\n\n<figure class=\"wp-block-table is-style-stripes\"><table class=\"has-fixed-layout\"><tbody><tr><td class=\"has-text-align-center\" data-align=\"center\"><strong>DISCIPLINA<\/strong><\/td><td class=\"has-text-align-center\" data-align=\"center\"><strong>PROF.<\/strong><\/td><\/tr><tr><td class=\"has-text-align-center\" data-align=\"center\">L\u00edngua Portuguesa<\/td><td class=\"has-text-align-center\" data-align=\"center\">Adriana Figueiredo<\/td><\/tr><tr><td class=\"has-text-align-center\" data-align=\"center\">L\u00edngua Inglesa<\/td><td class=\"has-text-align-center\" data-align=\"center\">Adolfo S\u00e1<\/td><\/tr><tr><td class=\"has-text-align-center\" data-align=\"center\">Legisla\u00e7\u00e3o e Normas Ambientais, Mudan\u00e7a do Clima, Qualidade Ambiental &#8211; \u00e1gua, solo e ar, Bioeconomia &#8211; Economia e valora\u00e7\u00e3o ambiental<\/td><td class=\"has-text-align-center\" data-align=\"center\">Andr\u00e9 Rocha<\/td><\/tr><tr><td class=\"has-text-align-center\" data-align=\"center\">No\u00e7\u00f5es de Direito Constitucional<\/td><td class=\"has-text-align-center\" data-align=\"center\">Nelma Fontana<\/td><\/tr><tr><td class=\"has-text-align-center\" data-align=\"center\">No\u00e7\u00f5es de Direito Administrativo e Improbidade<\/td><td class=\"has-text-align-center\" data-align=\"center\">Herbert Almeida<\/td><\/tr><tr><td class=\"has-text-align-center\" data-align=\"center\">No\u00e7\u00f5es de Gest\u00e3o P\u00fablica<\/td><td class=\"has-text-align-center\" data-align=\"center\">Stefan Fantini<\/td><\/tr><tr><td class=\"has-text-align-center\" data-align=\"center\">Administra\u00e7\u00e3o Or\u00e7ament\u00e1ria<\/td><td class=\"has-text-align-center\" data-align=\"center\">Gabriela Zavadinack<\/td><\/tr><tr><td class=\"has-text-align-center\" data-align=\"center\">Integridade P\u00fablica<\/td><td class=\"has-text-align-center\" data-align=\"center\">Tiago Zanolla<\/td><\/tr><tr><td class=\"has-text-align-center\" data-align=\"center\">Biodiversidade, Floresta e Direito dos Animais (Legisla\u00e7\u00e3o Geral), Qualidade Ambiental &#8211; legisla\u00e7\u00e3o, conven\u00e7\u00f5es internacionais e Resolu\u00e7\u00f5es Conama&nbsp;<\/td><td class=\"has-text-align-center\" data-align=\"center\">Guilherme Tomasoni<\/td><\/tr><tr><td class=\"has-text-align-center\" data-align=\"center\">Biodiversidade, Floresta e Direito dos Animais &#8211; Ecologia, Biomas, Fauna e Flora<\/td><td class=\"has-text-align-center\" data-align=\"center\">Bruna Klassa<\/td><\/tr><tr><td class=\"has-text-align-center\" data-align=\"center\">Biodiversidade, Floresta e Direito dos Animais &#8211; Unidades de Conserva\u00e7\u00e3o, Manejo, Invent\u00e1rio, RAD, legisla\u00e7\u00e3o espec\u00edfica, Zoneamento, Cartografia, sensoriamento remoto, SIG<\/td><td class=\"has-text-align-center\" data-align=\"center\">Monik Begname<\/td><\/tr><tr><td class=\"has-text-align-center\" data-align=\"center\">Qualidade Ambiental &#8211; Planejamento urbano, cidades sustent\u00e1veis e acessibilidade<\/td><td class=\"has-text-align-center\" data-align=\"center\">N\u00fabia Ferreira<\/td><\/tr><tr><td class=\"has-text-align-center\" data-align=\"center\">Conven\u00e7\u00e3o 169 OIT, conflitos territoriais, Cidadania ambiental e consumo sustent\u00e1vel<\/td><td class=\"has-text-align-center\" data-align=\"center\">S\u00e9rgio Henrique<\/td><\/tr><tr><td class=\"has-text-align-center\" data-align=\"center\">Educa\u00e7\u00e3o Ambiental e LDB<\/td><td class=\"has-text-align-center\" data-align=\"center\">Carla Abreu<\/td><\/tr><tr><td class=\"has-text-align-center\" data-align=\"center\">Atualidades (Discursiva)<\/td><td class=\"has-text-align-center\" data-align=\"center\">Rodolfo Gracioli<\/td><\/tr><tr><td class=\"has-text-align-center\" data-align=\"center\">Agrot\u00f3xicos e solos<\/td><td class=\"has-text-align-center\" data-align=\"center\">Diego Tassinari<\/td><\/tr><\/tbody><\/table><\/figure>\n\n\n\n<p>Agora \u00e9 a hora! Confira seu desempenho no &#8220;<strong>Gabarito Extraoficial MMA<\/strong>&#8221; e ainda receba dicas de recursos, caso haja algum.<\/p>\n\n\n\n<h2 class=\"wp-block-heading\" id=\"h-gabarito-extraoficial-mma\">Gabarito extraoficial MMA<\/h2>\n\n\n<figure class=\"wp-block-embed-youtube wp-block-embed is-type-video is-provider-youtube wp-embed-aspect-16-9 wp-has-aspect-ratio lyte-align aligncenter\"><div class=\"lyte-wrapper\" style=\"width:853px;max-width:100%;margin:5px;\"><div class=\"lyMe\" id=\"WYL_z2GUGl09SFY\"><div id=\"lyte_z2GUGl09SFY\" data-src=\"\/\/i.ytimg.com\/vi\/z2GUGl09SFY\/hqdefault.jpg\" class=\"pL\"><div class=\"tC\"><div class=\"tT\"><\/div><\/div><div class=\"play\"><\/div><div class=\"ctrl\"><div class=\"Lctrl\"><\/div><div class=\"Rctrl\"><\/div><\/div><\/div><noscript><a href=\"https:\/\/youtu.be\/z2GUGl09SFY\" rel=\"nofollow\"><img loading=\"lazy\" decoding=\"async\" src=\"https:\/\/i.ytimg.com\/vi\/z2GUGl09SFY\/0.jpg\" alt=\"YouTube video thumbnail\" width=\"853\" height=\"460\" \/><br \/>Assista a este v\u00eddeo no YouTube<\/a><\/noscript><\/div><\/div><div class=\"lL\" style=\"max-width:100%;width:853px;margin:5px;\"><\/div><figcaption><\/figcaption><\/figure>\n\n\n<p>Abaixo, voc\u00ea confere os gabaritos das quest\u00f5es corrigidas pelos nossos professores. Como existem diferentes tipos de provas, voc\u00ea pode conferindo o in\u00edcio da quest\u00e3o.<\/p>\n\n\n\n<p><strong>Quest\u00e3o 1:\u00a0<\/strong>De acordo com o texto&#8230;<br \/><strong><em>Resposta:<\/em><\/strong>\u00a0E<\/p>\n\n\n\n<p><strong>Quest\u00e3o 2<\/strong>: Segundo o autor do texto&#8230;<br \/><strong><em>Resposta:<\/em><\/strong>\u00a0C<\/p>\n\n\n\n<p><strong>Quest\u00e3o 3:\u00a0<\/strong>No texto, os exemplos&#8230;<br \/><strong><em>Resposta:<\/em><\/strong>\u00a0C<\/p>\n\n\n\n<p><strong>Quest\u00e3o 4:<\/strong>\u00a0Entende-se da leitura&#8230;<br \/><strong><em>Resposta:<\/em><\/strong>\u00a0E* (cabe recurso)<\/p>\n\n\n\n<p><strong>Quest\u00e3o 5:&nbsp;<\/strong>A substitui\u00e7\u00e3o da forma verbal&#8230;<br \/><strong><em>Resposta:<\/em><\/strong>&nbsp;<\/p>\n\n\n\n<p><strong>Quest\u00e3o 6:&nbsp;<\/strong>A inser\u00e7\u00e3o de uma v\u00edrgula&#8230;<br \/><strong><em>Resposta:<\/em><\/strong>&nbsp;<\/p>\n\n\n\n<p><strong>Quest\u00e3o 7:&nbsp;<\/strong>O voc\u00e1bulo &#8220;par\u00e1bola&#8221;&#8230;<br \/><strong><em>Resposta:<\/em><\/strong>&nbsp;<\/p>\n\n\n\n<p><strong>Quest\u00e3o 8:&nbsp;<\/strong>A express\u00e3o &#8220;n\u00e3o obstante&#8221;&#8230;<br \/><strong><em>Resposta:<\/em><\/strong>&nbsp;<\/p>\n\n\n\n<p><strong>Quest\u00e3o 9:&nbsp;<\/strong>O acr\u00e9scimo do sinal&#8230;<br \/><strong><em>Resposta:<\/em><\/strong>&nbsp;<\/p>\n\n\n\n<p><strong>Quest\u00e3o 10:\u00a0<\/strong>The discussion about&#8230;<br \/><strong><em>Resposta:<\/em><\/strong>\u00a0E<\/p>\n\n\n\n<p><strong>Quest\u00e3o 11:\u00a0<\/strong>The fragment &#8220;of the fact&#8221;&#8230;<br \/><strong><em>Resposta:<\/em><\/strong>\u00a0C<\/p>\n\n\n\n<p><strong>Quest\u00e3o 12:<\/strong> Lawyers who defend&#8230;<br \/><strong><em>Resposta:<\/em><\/strong>\u00a0E<\/p>\n\n\n\n<p><strong>Quest\u00e3o 13:\u00a0<\/strong>We can infer from&#8230;<br \/><strong><em>Resposta:<\/em><\/strong>\u00a0C<\/p>\n\n\n\n<p><strong>Quest\u00e3o 14:\u00a0<\/strong>The product that&#8230;<br \/><strong><em>Resposta:<\/em><\/strong>\u00a0C<\/p>\n\n\n\n<p><strong>Quest\u00e3o 15:&nbsp;<\/strong>O termo &#8220;<em>accountability<\/em>&#8220;&#8230;<br \/><strong><em>Resposta:<\/em><\/strong>&nbsp;<\/p>\n\n\n\n<p><strong>Quest\u00e3o 16:\u00a0<\/strong>As leis or\u00e7ament\u00e1rias brasileiras&#8230;<br \/><strong><em>Resposta:<\/em><\/strong>\u00a0E<\/p>\n\n\n\n<p><strong>Quest\u00e3o 17:\u00a0<\/strong>Definem-se or\u00e7amentos participativos&#8230;<br \/><strong><em>Resposta:<\/em><\/strong>\u00a0E<\/p>\n\n\n\n<p><strong>Quest\u00e3o 18:&nbsp;<\/strong>Na Internet, o dom\u00ednio&#8230;<br \/><strong><em>Resposta:<\/em><\/strong>&nbsp;<\/p>\n\n\n\n<p><strong>Quest\u00e3o 19:&nbsp;<\/strong>A Lei da OSCIP&#8230;<br \/><strong><em>Resposta:<\/em><\/strong>&nbsp;<\/p>\n\n\n\n<p><strong>Quest\u00e3o 20:\u00a0<\/strong>Conforme a Lei n\u00ba 12.527&#8230;<br \/><strong><em>Resposta:<\/em><\/strong>\u00a0C<\/p>\n\n\n\n<p><strong>Quest\u00e3o 21:\u00a0<\/strong>A Lei n\u00ba 12.527&#8230;<br \/><strong><em>Resposta:<\/em><\/strong>\u00a0E (cabe recurso)<\/p>\n\n\n\n<p><strong>Quest\u00e3o 22:\u00a0<\/strong>\u00c9 vedada a cobran\u00e7a&#8230;<br \/><strong><em>Resposta:<\/em><\/strong>\u00a0E<\/p>\n\n\n\n<p><strong>Quest\u00e3o 23<\/strong>: Um servidor p\u00fablico submetido&#8230;<br \/><strong><em>Resposta:<\/em><\/strong>\u00a0E<\/p>\n\n\n\n<p><strong>Quest\u00e3o 24:\u00a0<\/strong>S\u00e3o princ\u00edpios gerais da atividade&#8230;<br \/><strong><em>Resposta:<\/em><\/strong>\u00a0C<\/p>\n\n\n\n<p><strong>Quest\u00e3o 25:\u00a0<\/strong>Fiscalizar as concess\u00f5es&#8230;<br \/><strong><em>Resposta:<\/em><\/strong>\u00a0E<\/p>\n\n\n\n<p><strong>Quest\u00e3o 26:\u00a0<\/strong>A Mata Atl\u00e2ntica \u00e9&#8230;<br \/><strong><em>Resposta:<\/em><\/strong>\u00a0E<\/p>\n\n\n\n<p><strong>Quest\u00e3o 27:\u00a0<\/strong>Parte dos resultados da lavra&#8230;<br \/><strong><em>Resposta:<\/em><\/strong>\u00a0C<\/p>\n\n\n\n<p><strong>Quest\u00e3o 28:\u00a0<\/strong>Zonas afetadas por desertifica\u00e7\u00e3o&#8230;<br \/><strong><em>Resposta:<\/em><\/strong>\u00a0E<\/p>\n\n\n\n<p><strong>Quest\u00e3o 29:\u00a0<\/strong>Os objetivos dessa Pol\u00edtica&#8230;<br \/><strong><em>Resposta:<\/em><\/strong>\u00a0C<\/p>\n\n\n\n<p><strong>Quest\u00e3o 30:\u00a0<\/strong>A PNSB tem&#8230;<br \/><strong><em>Resposta:<\/em><\/strong>\u00a0E<\/p>\n\n\n\n<p><strong>Quest\u00e3o 31:\u00a0\u00a0<\/strong>A PNSB tem como um dos&#8230;<br \/><strong><em>Resposta:<\/em><\/strong>\u00a0C<\/p>\n\n\n\n<p><strong>Quest\u00e3o 32<\/strong>: O aceso ao patrim\u00f4nio&#8230; <br \/><strong><em>Resposta:<\/em><\/strong>\u00a0C<\/p>\n\n\n\n<p><strong>Quest\u00e3o 33:\u00a0<\/strong>O Conselho de Gest\u00e3o&#8230;<br \/><strong><em>Resposta:<\/em><\/strong>\u00a0C<\/p>\n\n\n\n<p><strong>Quest\u00e3o 34:\u00a0<\/strong>Ao Conselho Nacional de Controle&#8230;<br \/><strong><em>Resposta:<\/em><\/strong>\u00a0E<\/p>\n\n\n\n<p><strong>Quest\u00e3o 35:<\/strong> Experimentos que possam causar&#8230;<br \/><strong><em>Resposta:<\/em><\/strong>\u00a0E<\/p>\n\n\n\n<p><strong>Quest\u00e3o 36:\u00a0<\/strong>A san\u00e7\u00e3o disciplinas prevista&#8230;<br \/><strong><em>Resposta:<\/em><\/strong>\u00a0C<\/p>\n\n\n\n<p><strong>Quest\u00e3o 37:\u00a0<\/strong>Ao servidor p\u00fablico \u00e9 assegurado&#8230;<br \/><strong><em>Resposta:<\/em><\/strong>\u00a0C<\/p>\n\n\n\n<p><strong>Quest\u00e3o 38:\u00a0<\/strong>O C\u00f3digo de \u00c9tica Profissional&#8230;<br \/><strong><em>Resposta:<\/em><\/strong>\u00a0E<\/p>\n\n\n\n<p><strong>Quest\u00e3o 39:\u00a0<\/strong>A perda da fun\u00e7\u00e3o p\u00fablica&#8230;<br \/><strong><em>Resposta:<\/em><\/strong>\u00a0E<\/p>\n\n\n\n<p><strong>Quest\u00e3o 40:\u00a0<\/strong>Constitui ato de conflito&#8230;<br \/><strong><em>Resposta:<\/em><\/strong>\u00a0C<\/p>\n\n\n\n<p><strong>Quest\u00e3o 41:\u00a0<\/strong>Nos termos do SNUC&#8230;<br \/><strong><em>Resposta:<\/em><\/strong>\u00a0E<\/p>\n\n\n\n<p><strong>Quest\u00e3o 42:<\/strong> As unidades de conserva\u00e7\u00e3o&#8230;<br \/><strong><em>Resposta:<\/em><\/strong>\u00a0C<\/p>\n\n\n\n<p><strong>Quest\u00e3o 43:\u00a0<\/strong>Um dos objetivos do SNUC&#8230;<br \/><strong><em>Resposta:<\/em><\/strong>\u00a0C<\/p>\n\n\n\n<p><strong>Quest\u00e3o 44:\u00a0<\/strong>Nos termos do SNUC&#8230;<br \/><strong><em>Resposta:<\/em><\/strong>\u00a0E<\/p>\n\n\n\n<p><strong>Quest\u00e3o 45<\/strong>: Para fins de fixa\u00e7\u00e3o&#8230;<br \/><strong><em>Resposta:<\/em><\/strong>\u00a0C<\/p>\n\n\n\n<p><strong>Quest\u00e3o 46:<\/strong> Nos casos de \u00e1reas&#8230;<br \/><strong><em>Resposta:<\/em><\/strong>\u00a0C<\/p>\n\n\n\n<p><strong>Quest\u00e3o 47<\/strong>: O bioma destacado no mapa&#8230;<br \/><strong><em>Resposta:<\/em><\/strong>\u00a0C<\/p>\n\n\n\n<p><strong>Quest\u00e3o 48:<\/strong> O bioma mencionado no texto&#8230;<br \/><strong><em>Resposta:<\/em><\/strong>\u00a0E<\/p>\n\n\n\n<p><strong>Quest\u00e3o 49:\u00a0<\/strong>Diferentemente do cerrado&#8230;<br \/><strong><em>Resposta<\/em><\/strong>: E<\/p>\n\n\n\n<p><strong>Quest\u00e3o 50:\u00a0<\/strong>A diversidade biol\u00f3gica&#8230;<br \/><strong><em>Resposta:<\/em><\/strong>\u00a0C<\/p>\n\n\n\n<p><strong>Quest\u00e3o 51:<\/strong> Os principais eixos da CDB&#8230;<br \/><strong><em>Resposta:<\/em><\/strong>\u00a0C<\/p>\n\n\n\n<p><strong>Quest\u00e3o 52:\u00a0<\/strong>Nos termos da CDB&#8230;<br \/><strong><em>Resposta:<\/em><\/strong>\u00a0E<\/p>\n\n\n\n<p><strong>Quest\u00e3o 53:<\/strong> O Protocolo de Quioto&#8230;<br \/><strong><em>Resposta:<\/em><\/strong>\u00a0C<\/p>\n\n\n\n<p><strong>Quest\u00e3o 54:\u00a0<\/strong>A Conven\u00e7\u00e3o-Quadro&#8230;<br \/><strong><em>Resposta:<\/em><\/strong>\u00a0C<\/p>\n\n\n\n<p><strong>Quest\u00e3o 55:\u00a0<\/strong>Os gases de efeito estufa&#8230;<br \/><strong><em>Resposta:<\/em><\/strong>\u00a0E<\/p>\n\n\n\n<p><strong>Quest\u00e3o 56:\u00a0<\/strong>Os res\u00edduos pl\u00e1sticos&#8230;<br \/><strong><em>Resposta:<\/em><\/strong>\u00a0E<\/p>\n\n\n\n<p><strong>Quest\u00e3o 57:\u00a0<\/strong>O pl\u00e1stico, em sua diversidade&#8230;<br \/><strong><em>Resposta:<\/em><\/strong>\u00a0C<\/p>\n\n\n\n<p><strong>Quest\u00e3o 58:\u00a0<\/strong>A transi\u00e7\u00e3o energ\u00e9tica&#8230;<br \/><strong><em>Resposta:<\/em><\/strong>\u00a0E<\/p>\n\n\n\n<p><strong>Quest\u00e3o 59:\u00a0<\/strong>As mudan\u00e7as clim\u00e1ticas impactam&#8230;<br \/><strong><em>Resposta:<\/em><\/strong>\u00a0C<\/p>\n\n\n\n<p><strong>Quest\u00e3o 60:\u00a0<\/strong>A transi\u00e7\u00e3o energ\u00e9tica justa&#8230;<br \/><strong><em>Resposta:<\/em><\/strong>\u00a0E<\/p>\n\n\n\n<p><strong>Quest\u00e3o 61:\u00a0<\/strong>A Agenda 2030 e seus objetivos&#8230;<br \/><strong><em>Resposta:<\/em><\/strong>\u00a0C<\/p>\n\n\n\n<p><strong>Quest\u00e3o 62<\/strong>: Terremotos, fura\u00e7\u00f5es&#8230;<br \/><strong><em>Resposta:<\/em><\/strong>\u00a0C<\/p>\n\n\n\n<p><strong>Quest\u00e3o 63:\u00a0<\/strong>As embalagens de pilhas&#8230;<br \/><strong><em>Resposta:<\/em><\/strong>\u00a0E<\/p>\n\n\n\n<p><strong>Quest\u00e3o 64:<\/strong>\u00a0Os fabricantes e importadores&#8230;<br \/><strong><em>Resposta:<\/em><\/strong>\u00a0C<\/p>\n\n\n\n<p><strong>Quest\u00e3o 65:\u00a0<\/strong>No corpo do produto&#8230;<br \/><strong><em>Resposta:<\/em><\/strong>\u00a0C<\/p>\n\n\n\n<p><strong>Quest\u00e3o 66:\u00a0<\/strong>A cria\u00e7\u00e3o do Invent\u00e1rio Nacional&#8230;<br \/><strong><em>Resposta:<\/em><\/strong>\u00a0E<\/p>\n\n\n\n<p><strong>Quest\u00e3o 67:\u00a0<\/strong>Entre as a\u00e7\u00f5es de m\u00e9dio&#8230;<br \/><strong><em>Resposta:<\/em><\/strong>\u00a0C<\/p>\n\n\n\n<p><strong>Quest\u00e3o 68:\u00a0<\/strong>A referida resolu\u00e7\u00e3o&#8230;<br \/><strong><em>Resposta:<\/em><\/strong>\u00a0E<\/p>\n\n\n\n<p><strong>Quest\u00e3o 69:\u00a0<\/strong>Os valores orientadores&#8230;<br \/><strong><em>Resposta:<\/em><\/strong>\u00a0C<\/p>\n\n\n\n<p><strong>Quest\u00e3o 70:\u00a0<\/strong>Um dos princ\u00edpios da mencionada&#8230;<br \/><strong><em>Resposta:<\/em><\/strong>\u00a0E<\/p>\n\n\n\n<p><strong>Quest\u00e3o 71:\u00a0<\/strong>A aludida pol\u00edtica&#8230;<br \/><strong><em>Resposta:<\/em><\/strong>\u00a0C<\/p>\n\n\n\n<p><strong>Quest\u00e3o 72:<\/strong> A pol\u00edtica citada segue&#8230;<br \/><strong><em>Resposta:<\/em><\/strong>\u00a0C<\/p>\n\n\n\n<p><strong>Quest\u00e3o 73:\u00a0<\/strong>De acordo com essa lei&#8230;<br \/><strong><em>Resposta:<\/em><\/strong>\u00a0C<\/p>\n\n\n\n<p><strong>Quest\u00e3o 74:\u00a0<\/strong>O tratamento da \u00e1gua bruta&#8230;<br \/><strong><em>Resposta:<\/em><\/strong>\u00a0C<\/p>\n\n\n\n<p><strong>Quest\u00e3o 75:\u00a0<\/strong>A cria\u00e7\u00e3o de um mercado&#8230;<br \/><strong><em>Resposta:<\/em><\/strong>\u00a0E<\/p>\n\n\n\n<p><strong>Quest\u00e3o 76:\u00a0<\/strong>Em rela\u00e7\u00e3o \u00e0 incid\u00eancia&#8230;<br \/><strong><em>Resposta:<\/em><\/strong>\u00a0E<\/p>\n\n\n\n<p><strong>Quest\u00e3o 77:\u00a0<\/strong>Um imposto pigouviano&#8230;<br \/><strong><em>Resposta:<\/em><\/strong>\u00a0C<\/p>\n\n\n\n<p><strong>Quest\u00e3o 78:\u00a0<\/strong>\u00c9 correto afirmar que&#8230;<br \/><strong><em>Resposta:<\/em><\/strong>\u00a0C<\/p>\n\n\n\n<p><strong>Quest\u00e3o 79:\u00a0<\/strong>Constitui exemplo de ecomercado&#8230;<br \/><strong><em>Resposta:<\/em><\/strong>\u00a0C<\/p>\n\n\n\n<p><strong>Quest\u00e3o 80:\u00a0<\/strong>O Conselho de Gest\u00e3o&#8230;<br \/><strong><em>Resposta:<\/em><\/strong>\u00a0E<\/p>\n\n\n\n<p><strong>Quest\u00e3o 81:\u00a0<\/strong>Nos termos da referida lei&#8230;<br \/><strong><em>Resposta:<\/em><\/strong>\u00a0E<\/p>\n\n\n\n<p><strong>Quest\u00e3o 82:\u00a0<\/strong>Quaisquer empreendimentos rurais&#8230;<br \/><strong><em>Resposta:<\/em><\/strong>\u00a0E<\/p>\n\n\n\n<p><strong>Quest\u00e3o 83<\/strong>: H\u00e1 previs\u00e3o na Lei n\u00ba 12.188&#8230;<br \/><strong><em>Resposta:<\/em><\/strong>\u00a0E<\/p>\n\n\n\n<p><strong>Quest\u00e3o 84:\u00a0<\/strong>Juntamente com o Plano Plurianual&#8230;<br \/><strong><em>Resposta:<\/em><\/strong>\u00a0C<\/p>\n\n\n\n<p><strong>Quest\u00e3o 85:\u00a0<\/strong>O produto provido pela&#8230;<br \/><strong><em>Resposta:<\/em><\/strong>\u00a0E* (cabe recurso)<\/p>\n\n\n\n<p><strong>Quest\u00e3o 86:\u00a0<\/strong>A sustentabilidade da sistem\u00e1tica&#8230;<br \/><strong><em>Resposta:<\/em><\/strong>\u00a0E* (cabe recurso)<\/p>\n\n\n\n<p><strong>Quest\u00e3o 87:\u00a0<\/strong>Um dos princ\u00edpios da educa\u00e7\u00e3o&#8230;<br \/><strong><em>Resposta:<\/em><\/strong>\u00a0E<\/p>\n\n\n\n<p><strong>Quest\u00e3o 88:\u00a0<\/strong>A sustentabilidade socioambiental&#8230;<br \/><strong><em>Resposta:<\/em><\/strong>\u00a0C<\/p>\n\n\n\n<p><strong>Quest\u00e3o 89:\u00a0<\/strong>A educa\u00e7\u00e3o ambiental deve&#8230;<br \/><strong><em>Resposta:<\/em><\/strong>\u00a0E<\/p>\n\n\n\n<p><strong>Quest\u00e3o 90:\u00a0<\/strong>A garantia de democratiza\u00e7\u00e3o&#8230;<br \/><strong><em>Resposta:<\/em><\/strong>\u00a0C<\/p>\n\n\n\n<p><strong>Quest\u00e3o 91:\u00a0<\/strong>Exceto em situa\u00e7\u00f5es emergenciais&#8230;<br \/><strong><em>Resposta:<\/em><\/strong>\u00a0C<\/p>\n\n\n\n<p><strong>Quest\u00e3o 92<\/strong>: A identifica\u00e7\u00e3o de oportunidades&#8230; <br \/><strong><em>Resposta:<\/em><\/strong>\u00a0C<\/p>\n\n\n\n<p><strong>Quest\u00e3o 93:\u00a0<\/strong>Considere que a dist\u00e2ncia&#8230;<br \/><strong><em>Resposta:<\/em><\/strong>\u00a0E<\/p>\n\n\n\n<p><strong>Quest\u00e3o 94:\u00a0<\/strong>O zoneamento ambiental&#8230;<br \/><strong><em>Resposta:<\/em><\/strong>\u00a0C<\/p>\n\n\n\n<p><strong>Quest\u00e3o 95:<\/strong> Dados origin\u00e1rios da constela\u00e7\u00e3o&#8230;<br \/><strong><em>Resposta:<\/em><\/strong>\u00a0E<\/p>\n\n\n\n<p><strong>Quest\u00e3o 96:\u00a0<\/strong>A A3P se destina&#8230;<br \/><strong><em>Resposta:<\/em><\/strong>\u00a0E<\/p>\n\n\n\n<p><strong>Quest\u00e3o 97:\u00a0<\/strong>A agenda ambiental na administra\u00e7\u00e3o&#8230;<br \/><strong><em>Resposta:<\/em><\/strong>\u00a0C<\/p>\n\n\n\n<p><strong>Quest\u00e3o 98:\u00a0<\/strong>A Carta da Terra&#8230;<br \/><strong><em>Resposta:<\/em><\/strong>\u00a0C<\/p>\n\n\n\n<p><strong>Quest\u00e3o 99:\u00a0<\/strong>O modelo circular de consumo&#8230;<br \/><strong><em>Resposta:<\/em><\/strong>\u00a0E<\/p>\n\n\n\n<p><strong>Quest\u00e3o 100:\u00a0<\/strong>A cidadania ambiental abrange&#8230;<br \/><strong><em>Resposta:<\/em><\/strong>\u00a0C<\/p>\n\n\n\n<h2 class=\"wp-block-heading has-text-align-center\" id=\"h-quer-saber-tudo-sobre-concursos-previstos-confira-nossos-artigos\">Quer saber tudo sobre concursos previstos?<br \/>Confira nossos artigos!<\/h2>\n\n\n\n<ul class=\"wp-block-list\">\n<li><a href=\"https:\/\/www.estrategiaconcursos.com.br\/blog\/concursos-abertos\/\" target=\"_blank\" rel=\"noreferrer noopener\">Concursos abertos<\/a><\/li>\n\n\n\n<li><a href=\"https:\/\/www.estrategiaconcursos.com.br\/blog\/concursos-2024\/\" target=\"_blank\" rel=\"noreferrer noopener\">Concursos 2024<\/a><\/li>\n<\/ul>\n\n\n\n<h2 class=\"wp-block-heading has-text-align-center\" id=\"cursos\">Quer estudar para o concurso MMA?<\/h2>\n\n\n\n<div class=\"container\" id=\"boxes\">\n  <div class=\"row\">\n\n    <div class=\"col-sm\">\n      <div class=\"banner-medicina\" id=\"box-assinatura\">\n        <h3 class=\"titulo-assinatura\">Concurso MMA<\/h3>\n        <p class=\"subtitulo-assinatura\">Conhe\u00e7a nossos cursos<\/p>\n        <div class=\"box-botao\">\n          <a class=\"btn-assinatura\" target=\"_blank\" href=\"https:\/\/www.estrategiaconcursos.com.br\/cursosPorConcurso\/servico-florestal-brasileiro-sfb-ministerio-do-meio-ambiente-mma-75\/\" role=\"button\" rel=\"noopener noreferrer\">Saiba mais<\/a>\n        <\/div>\n      <\/div>\n     \n    <\/div>\n\n  <\/div>\n<\/div>\n\n\n\n<div class=\"container\" id=\"boxes\">\n  <div class=\"row\">\n\n    <div class=\"col-sm\">\n      <div class=\"estrategia\" id=\"box-assinatura\">\n        <h3 class=\"titulo-assinatura\">Assinatura de Concursos<\/h3>\n        <p class=\"subtitulo-assinatura\">Assinatura de 1 ano ou 2 anos<\/p>\n        <div class=\"box-botao\">\n          <a class=\"btn-assinatura\" target=\"_blank\" href=\"https:\/\/www.estrategiaconcursos.com.br\/assinaturas\/\" role=\"button\" rel=\"noopener noreferrer\">ASSINE AGORA<\/a>\n        <\/div>\n      <\/div><\/div><\/div><\/div>\n","protected":false},"excerpt":{"rendered":"<p>Neste domingo, 21 de janeiro de 2024, foram aplicadas as provas do concurso p\u00fablico do Minist\u00e9rio do Meio Ambiente e das Mudan\u00e7as Clim\u00e1ticas&nbsp;(MMA). Sob organiza\u00e7\u00e3o do&nbsp;Cebraspe, a sele\u00e7\u00e3o oferta 98 vagas para Analista Ambiental, cuja exig\u00eancia \u00e9 de n\u00edvel superior de forma\u00e7\u00e3o. O sal\u00e1rio inicial para a carreira \u00e9 de&nbsp;R$ 8.817,72. Com o objetivo de [&hellip;]<\/p>\n","protected":false},"author":1,"featured_media":1339048,"comment_status":"open","ping_status":"closed","sticky":false,"template":"","format":"standard","meta":{"post_tipo":"news","footnotes":""},"categories":[214992,220219],"tags":[],"tax_estado":[219963],"class_list":["post-1339041","post","type-post","status-publish","format-standard","has-post-thumbnail","hentry","category-concursos-administrativos","category-noticias","tax_estado-concursos-federais"],"acf":[],"yoast_head":"<!-- This site is optimized with the Yoast SEO Premium plugin v27.2 (Yoast SEO v27.2) - https:\/\/yoast.com\/product\/yoast-seo-premium-wordpress\/ -->\n<title>Gabarito Extraoficial MMA: veja seu desempenho!<\/title>\n<meta name=\"description\" content=\"Foi realizado o gabarito extraoficial do concurso MMA (Minist\u00e9rio do Meio Ambiente e das Mudan\u00e7as Clim\u00e1ticas). Confira!\" \/>\n<meta name=\"robots\" content=\"index, follow, max-snippet:-1, max-image-preview:large, max-video-preview:-1\" \/>\n<link rel=\"canonical\" href=\"https:\/\/www.estrategiaconcursos.com.br\/blog\/gabarito-extraoficial-concurso-mma\/\" \/>\n<meta property=\"og:locale\" content=\"pt_BR\" \/>\n<meta property=\"og:type\" content=\"article\" \/>\n<meta property=\"og:title\" content=\"Gabarito Extraoficial MMA: veja seu desempenho!\" \/>\n<meta property=\"og:description\" content=\"Foi realizado o gabarito extraoficial do concurso MMA (Minist\u00e9rio do Meio Ambiente e das Mudan\u00e7as Clim\u00e1ticas). Confira!\" \/>\n<meta property=\"og:url\" content=\"https:\/\/www.estrategiaconcursos.com.br\/blog\/gabarito-extraoficial-concurso-mma\/\" \/>\n<meta property=\"og:site_name\" content=\"Estrat\u00e9gia Concursos\" \/>\n<meta property=\"article:author\" content=\"https:\/\/www.facebook.com\/EstrategiaConcursos\" \/>\n<meta property=\"article:published_time\" content=\"2024-01-21T20:28:00+00:00\" \/>\n<meta property=\"article:modified_time\" content=\"2024-01-22T00:59:27+00:00\" \/>\n<meta property=\"og:image\" content=\"https:\/\/dhg1h5j42swfq.cloudfront.net\/2024\/01\/21172746\/ytb_mma.jpg\" \/>\n\t<meta property=\"og:image:width\" content=\"1280\" \/>\n\t<meta property=\"og:image:height\" content=\"720\" \/>\n\t<meta property=\"og:image:type\" content=\"image\/jpeg\" \/>\n<meta name=\"author\" content=\"Coordena\u00e7\u00e3o\" \/>\n<meta name=\"twitter:card\" content=\"summary_large_image\" \/>\n<meta name=\"twitter:creator\" content=\"@EstratConcursos\" \/>\n<meta name=\"twitter:site\" content=\"@EstratConcursos\" \/>\n<meta name=\"twitter:label1\" content=\"Escrito por\" \/>\n\t<meta name=\"twitter:data1\" content=\"Coordena\u00e7\u00e3o\" \/>\n\t<meta name=\"twitter:label2\" content=\"Est. tempo de leitura\" \/>\n\t<meta name=\"twitter:data2\" content=\"6 minutos\" \/>\n<script type=\"application\/ld+json\" class=\"yoast-schema-graph\">{\"@context\":\"https:\/\/schema.org\",\"@graph\":[{\"@type\":\"NewsArticle\",\"@id\":\"https:\/\/www.estrategiaconcursos.com.br\/blog\/gabarito-extraoficial-concurso-mma\/#article\",\"isPartOf\":{\"@id\":\"https:\/\/www.estrategiaconcursos.com.br\/blog\/gabarito-extraoficial-concurso-mma\/\"},\"author\":{\"name\":\"Coordena\u00e7\u00e3o\",\"@id\":\"https:\/\/www.estrategiaconcursos.com.br\/blog\/#\/schema\/person\/b4a388c97673c5f483d72185668afa1f\"},\"headline\":\"Gabarito Extraoficial MMA: veja seu desempenho!\",\"datePublished\":\"2024-01-21T20:28:00+00:00\",\"dateModified\":\"2024-01-22T00:59:27+00:00\",\"mainEntityOfPage\":{\"@id\":\"https:\/\/www.estrategiaconcursos.com.br\/blog\/gabarito-extraoficial-concurso-mma\/\"},\"wordCount\":1260,\"commentCount\":0,\"publisher\":{\"@id\":\"https:\/\/www.estrategiaconcursos.com.br\/blog\/#organization\"},\"image\":{\"@id\":\"https:\/\/www.estrategiaconcursos.com.br\/blog\/gabarito-extraoficial-concurso-mma\/#primaryimage\"},\"thumbnailUrl\":\"https:\/\/dhg1h5j42swfq.cloudfront.net\/2024\/01\/21172746\/ytb_mma.jpg\",\"articleSection\":[\"Executivo (Administrativa)\",\"\u00daltimas not\u00edcias\"],\"inLanguage\":\"pt-BR\",\"potentialAction\":[{\"@type\":\"CommentAction\",\"name\":\"Comment\",\"target\":[\"https:\/\/www.estrategiaconcursos.com.br\/blog\/gabarito-extraoficial-concurso-mma\/#respond\"]}],\"copyrightYear\":\"2024\",\"copyrightHolder\":{\"@id\":\"https:\/\/www.estrategiaconcursos.com.br\/blog\/#organization\"}},{\"@type\":\"WebPage\",\"@id\":\"https:\/\/www.estrategiaconcursos.com.br\/blog\/gabarito-extraoficial-concurso-mma\/\",\"url\":\"https:\/\/www.estrategiaconcursos.com.br\/blog\/gabarito-extraoficial-concurso-mma\/\",\"name\":\"Gabarito Extraoficial MMA: veja seu desempenho!\",\"isPartOf\":{\"@id\":\"https:\/\/www.estrategiaconcursos.com.br\/blog\/#website\"},\"primaryImageOfPage\":{\"@id\":\"https:\/\/www.estrategiaconcursos.com.br\/blog\/gabarito-extraoficial-concurso-mma\/#primaryimage\"},\"image\":{\"@id\":\"https:\/\/www.estrategiaconcursos.com.br\/blog\/gabarito-extraoficial-concurso-mma\/#primaryimage\"},\"thumbnailUrl\":\"https:\/\/dhg1h5j42swfq.cloudfront.net\/2024\/01\/21172746\/ytb_mma.jpg\",\"datePublished\":\"2024-01-21T20:28:00+00:00\",\"dateModified\":\"2024-01-22T00:59:27+00:00\",\"description\":\"Foi realizado o gabarito extraoficial do concurso MMA (Minist\u00e9rio do Meio Ambiente e das Mudan\u00e7as Clim\u00e1ticas). Confira!\",\"breadcrumb\":{\"@id\":\"https:\/\/www.estrategiaconcursos.com.br\/blog\/gabarito-extraoficial-concurso-mma\/#breadcrumb\"},\"inLanguage\":\"pt-BR\",\"potentialAction\":[{\"@type\":\"ReadAction\",\"target\":[\"https:\/\/www.estrategiaconcursos.com.br\/blog\/gabarito-extraoficial-concurso-mma\/\"]}]},{\"@type\":\"ImageObject\",\"inLanguage\":\"pt-BR\",\"@id\":\"https:\/\/www.estrategiaconcursos.com.br\/blog\/gabarito-extraoficial-concurso-mma\/#primaryimage\",\"url\":\"https:\/\/dhg1h5j42swfq.cloudfront.net\/2024\/01\/21172746\/ytb_mma.jpg\",\"contentUrl\":\"https:\/\/dhg1h5j42swfq.cloudfront.net\/2024\/01\/21172746\/ytb_mma.jpg\",\"width\":1280,\"height\":720},{\"@type\":\"BreadcrumbList\",\"@id\":\"https:\/\/www.estrategiaconcursos.com.br\/blog\/gabarito-extraoficial-concurso-mma\/#breadcrumb\",\"itemListElement\":[{\"@type\":\"ListItem\",\"position\":1,\"name\":\"In\u00edcio\",\"item\":\"https:\/\/www.estrategiaconcursos.com.br\/blog\/\"},{\"@type\":\"ListItem\",\"position\":2,\"name\":\"Gabarito Extraoficial MMA: veja seu desempenho!\"}]},{\"@type\":\"WebSite\",\"@id\":\"https:\/\/www.estrategiaconcursos.com.br\/blog\/#website\",\"url\":\"https:\/\/www.estrategiaconcursos.com.br\/blog\/\",\"name\":\"Estrat\u00e9gia Concursos\",\"description\":\"O blog da Estrat\u00e9gia Concursos traz not\u00edcias sobre concursos e artigos de professores oferecendo cursos para concursos (pdf + videaulas) no site.\",\"publisher\":{\"@id\":\"https:\/\/www.estrategiaconcursos.com.br\/blog\/#organization\"},\"potentialAction\":[{\"@type\":\"SearchAction\",\"target\":{\"@type\":\"EntryPoint\",\"urlTemplate\":\"https:\/\/www.estrategiaconcursos.com.br\/blog\/?s={search_term_string}\"},\"query-input\":{\"@type\":\"PropertyValueSpecification\",\"valueRequired\":true,\"valueName\":\"search_term_string\"}}],\"inLanguage\":\"pt-BR\"},{\"@type\":\"Organization\",\"@id\":\"https:\/\/www.estrategiaconcursos.com.br\/blog\/#organization\",\"name\":\"Estrat\u00e9gia Concursos\",\"url\":\"https:\/\/www.estrategiaconcursos.com.br\/blog\/\",\"logo\":{\"@type\":\"ImageObject\",\"inLanguage\":\"pt-BR\",\"@id\":\"https:\/\/www.estrategiaconcursos.com.br\/blog\/#\/schema\/logo\/image\/\",\"url\":\"https:\/\/dhg1h5j42swfq.cloudfront.net\/2025\/06\/03203428\/logo_concursos-1.jpg\",\"contentUrl\":\"https:\/\/dhg1h5j42swfq.cloudfront.net\/2025\/06\/03203428\/logo_concursos-1.jpg\",\"width\":230,\"height\":60,\"caption\":\"Estrat\u00e9gia Concursos\"},\"image\":{\"@id\":\"https:\/\/www.estrategiaconcursos.com.br\/blog\/#\/schema\/logo\/image\/\"},\"sameAs\":[\"https:\/\/x.com\/EstratConcursos\"]},{\"@type\":\"Person\",\"@id\":\"https:\/\/www.estrategiaconcursos.com.br\/blog\/#\/schema\/person\/b4a388c97673c5f483d72185668afa1f\",\"name\":\"Coordena\u00e7\u00e3o\",\"image\":{\"@type\":\"ImageObject\",\"inLanguage\":\"pt-BR\",\"@id\":\"https:\/\/secure.gravatar.com\/avatar\/b720319e4c9a967eb58678d110f4fe35452fc5d5f97b202bac7b8acceb18c6ad?s=96&d=mm&r=g\",\"url\":\"https:\/\/secure.gravatar.com\/avatar\/b720319e4c9a967eb58678d110f4fe35452fc5d5f97b202bac7b8acceb18c6ad?s=96&d=mm&r=g\",\"contentUrl\":\"https:\/\/secure.gravatar.com\/avatar\/b720319e4c9a967eb58678d110f4fe35452fc5d5f97b202bac7b8acceb18c6ad?s=96&d=mm&r=g\",\"caption\":\"Coordena\u00e7\u00e3o\"},\"sameAs\":[\"https:\/\/www.facebook.com\/EstrategiaConcursos\",\"https:\/\/x.com\/EstratConcursos\"],\"url\":\"https:\/\/www.estrategiaconcursos.com.br\/blog\/author\/estrategia2013\/\"}]}<\/script>\n<!-- \/ Yoast SEO Premium plugin. -->","yoast_head_json":{"title":"Gabarito Extraoficial MMA: veja seu desempenho!","description":"Foi realizado o gabarito extraoficial do concurso MMA (Minist\u00e9rio do Meio Ambiente e das Mudan\u00e7as Clim\u00e1ticas). Confira!","robots":{"index":"index","follow":"follow","max-snippet":"max-snippet:-1","max-image-preview":"max-image-preview:large","max-video-preview":"max-video-preview:-1"},"canonical":"https:\/\/www.estrategiaconcursos.com.br\/blog\/gabarito-extraoficial-concurso-mma\/","og_locale":"pt_BR","og_type":"article","og_title":"Gabarito Extraoficial MMA: veja seu desempenho!","og_description":"Foi realizado o gabarito extraoficial do concurso MMA (Minist\u00e9rio do Meio Ambiente e das Mudan\u00e7as Clim\u00e1ticas). Confira!","og_url":"https:\/\/www.estrategiaconcursos.com.br\/blog\/gabarito-extraoficial-concurso-mma\/","og_site_name":"Estrat\u00e9gia Concursos","article_author":"https:\/\/www.facebook.com\/EstrategiaConcursos","article_published_time":"2024-01-21T20:28:00+00:00","article_modified_time":"2024-01-22T00:59:27+00:00","og_image":[{"width":1280,"height":720,"url":"https:\/\/dhg1h5j42swfq.cloudfront.net\/2024\/01\/21172746\/ytb_mma.jpg","type":"image\/jpeg"}],"author":"Coordena\u00e7\u00e3o","twitter_card":"summary_large_image","twitter_creator":"@EstratConcursos","twitter_site":"@EstratConcursos","twitter_misc":{"Escrito por":"Coordena\u00e7\u00e3o","Est. tempo de leitura":"6 minutos"},"schema":{"@context":"https:\/\/schema.org","@graph":[{"@type":"NewsArticle","@id":"https:\/\/www.estrategiaconcursos.com.br\/blog\/gabarito-extraoficial-concurso-mma\/#article","isPartOf":{"@id":"https:\/\/www.estrategiaconcursos.com.br\/blog\/gabarito-extraoficial-concurso-mma\/"},"author":{"name":"Coordena\u00e7\u00e3o","@id":"https:\/\/www.estrategiaconcursos.com.br\/blog\/#\/schema\/person\/b4a388c97673c5f483d72185668afa1f"},"headline":"Gabarito Extraoficial MMA: veja seu desempenho!","datePublished":"2024-01-21T20:28:00+00:00","dateModified":"2024-01-22T00:59:27+00:00","mainEntityOfPage":{"@id":"https:\/\/www.estrategiaconcursos.com.br\/blog\/gabarito-extraoficial-concurso-mma\/"},"wordCount":1260,"commentCount":0,"publisher":{"@id":"https:\/\/www.estrategiaconcursos.com.br\/blog\/#organization"},"image":{"@id":"https:\/\/www.estrategiaconcursos.com.br\/blog\/gabarito-extraoficial-concurso-mma\/#primaryimage"},"thumbnailUrl":"https:\/\/dhg1h5j42swfq.cloudfront.net\/2024\/01\/21172746\/ytb_mma.jpg","articleSection":["Executivo (Administrativa)","\u00daltimas not\u00edcias"],"inLanguage":"pt-BR","potentialAction":[{"@type":"CommentAction","name":"Comment","target":["https:\/\/www.estrategiaconcursos.com.br\/blog\/gabarito-extraoficial-concurso-mma\/#respond"]}],"copyrightYear":"2024","copyrightHolder":{"@id":"https:\/\/www.estrategiaconcursos.com.br\/blog\/#organization"}},{"@type":"WebPage","@id":"https:\/\/www.estrategiaconcursos.com.br\/blog\/gabarito-extraoficial-concurso-mma\/","url":"https:\/\/www.estrategiaconcursos.com.br\/blog\/gabarito-extraoficial-concurso-mma\/","name":"Gabarito Extraoficial MMA: veja seu desempenho!","isPartOf":{"@id":"https:\/\/www.estrategiaconcursos.com.br\/blog\/#website"},"primaryImageOfPage":{"@id":"https:\/\/www.estrategiaconcursos.com.br\/blog\/gabarito-extraoficial-concurso-mma\/#primaryimage"},"image":{"@id":"https:\/\/www.estrategiaconcursos.com.br\/blog\/gabarito-extraoficial-concurso-mma\/#primaryimage"},"thumbnailUrl":"https:\/\/dhg1h5j42swfq.cloudfront.net\/2024\/01\/21172746\/ytb_mma.jpg","datePublished":"2024-01-21T20:28:00+00:00","dateModified":"2024-01-22T00:59:27+00:00","description":"Foi realizado o gabarito extraoficial do concurso MMA (Minist\u00e9rio do Meio Ambiente e das Mudan\u00e7as Clim\u00e1ticas). Confira!","breadcrumb":{"@id":"https:\/\/www.estrategiaconcursos.com.br\/blog\/gabarito-extraoficial-concurso-mma\/#breadcrumb"},"inLanguage":"pt-BR","potentialAction":[{"@type":"ReadAction","target":["https:\/\/www.estrategiaconcursos.com.br\/blog\/gabarito-extraoficial-concurso-mma\/"]}]},{"@type":"ImageObject","inLanguage":"pt-BR","@id":"https:\/\/www.estrategiaconcursos.com.br\/blog\/gabarito-extraoficial-concurso-mma\/#primaryimage","url":"https:\/\/dhg1h5j42swfq.cloudfront.net\/2024\/01\/21172746\/ytb_mma.jpg","contentUrl":"https:\/\/dhg1h5j42swfq.cloudfront.net\/2024\/01\/21172746\/ytb_mma.jpg","width":1280,"height":720},{"@type":"BreadcrumbList","@id":"https:\/\/www.estrategiaconcursos.com.br\/blog\/gabarito-extraoficial-concurso-mma\/#breadcrumb","itemListElement":[{"@type":"ListItem","position":1,"name":"In\u00edcio","item":"https:\/\/www.estrategiaconcursos.com.br\/blog\/"},{"@type":"ListItem","position":2,"name":"Gabarito Extraoficial MMA: veja seu desempenho!"}]},{"@type":"WebSite","@id":"https:\/\/www.estrategiaconcursos.com.br\/blog\/#website","url":"https:\/\/www.estrategiaconcursos.com.br\/blog\/","name":"Estrat\u00e9gia Concursos","description":"O blog da Estrat\u00e9gia Concursos traz not\u00edcias sobre concursos e artigos de professores oferecendo cursos para concursos (pdf + videaulas) no site.","publisher":{"@id":"https:\/\/www.estrategiaconcursos.com.br\/blog\/#organization"},"potentialAction":[{"@type":"SearchAction","target":{"@type":"EntryPoint","urlTemplate":"https:\/\/www.estrategiaconcursos.com.br\/blog\/?s={search_term_string}"},"query-input":{"@type":"PropertyValueSpecification","valueRequired":true,"valueName":"search_term_string"}}],"inLanguage":"pt-BR"},{"@type":"Organization","@id":"https:\/\/www.estrategiaconcursos.com.br\/blog\/#organization","name":"Estrat\u00e9gia Concursos","url":"https:\/\/www.estrategiaconcursos.com.br\/blog\/","logo":{"@type":"ImageObject","inLanguage":"pt-BR","@id":"https:\/\/www.estrategiaconcursos.com.br\/blog\/#\/schema\/logo\/image\/","url":"https:\/\/dhg1h5j42swfq.cloudfront.net\/2025\/06\/03203428\/logo_concursos-1.jpg","contentUrl":"https:\/\/dhg1h5j42swfq.cloudfront.net\/2025\/06\/03203428\/logo_concursos-1.jpg","width":230,"height":60,"caption":"Estrat\u00e9gia Concursos"},"image":{"@id":"https:\/\/www.estrategiaconcursos.com.br\/blog\/#\/schema\/logo\/image\/"},"sameAs":["https:\/\/x.com\/EstratConcursos"]},{"@type":"Person","@id":"https:\/\/www.estrategiaconcursos.com.br\/blog\/#\/schema\/person\/b4a388c97673c5f483d72185668afa1f","name":"Coordena\u00e7\u00e3o","image":{"@type":"ImageObject","inLanguage":"pt-BR","@id":"https:\/\/secure.gravatar.com\/avatar\/b720319e4c9a967eb58678d110f4fe35452fc5d5f97b202bac7b8acceb18c6ad?s=96&d=mm&r=g","url":"https:\/\/secure.gravatar.com\/avatar\/b720319e4c9a967eb58678d110f4fe35452fc5d5f97b202bac7b8acceb18c6ad?s=96&d=mm&r=g","contentUrl":"https:\/\/secure.gravatar.com\/avatar\/b720319e4c9a967eb58678d110f4fe35452fc5d5f97b202bac7b8acceb18c6ad?s=96&d=mm&r=g","caption":"Coordena\u00e7\u00e3o"},"sameAs":["https:\/\/www.facebook.com\/EstrategiaConcursos","https:\/\/x.com\/EstratConcursos"],"url":"https:\/\/www.estrategiaconcursos.com.br\/blog\/author\/estrategia2013\/"}]}},"_links":{"self":[{"href":"https:\/\/www.estrategiaconcursos.com.br\/blog\/wp-json\/wp\/v2\/posts\/1339041","targetHints":{"allow":["GET"]}}],"collection":[{"href":"https:\/\/www.estrategiaconcursos.com.br\/blog\/wp-json\/wp\/v2\/posts"}],"about":[{"href":"https:\/\/www.estrategiaconcursos.com.br\/blog\/wp-json\/wp\/v2\/types\/post"}],"author":[{"embeddable":true,"href":"https:\/\/www.estrategiaconcursos.com.br\/blog\/wp-json\/wp\/v2\/users\/1"}],"replies":[{"embeddable":true,"href":"https:\/\/www.estrategiaconcursos.com.br\/blog\/wp-json\/wp\/v2\/comments?post=1339041"}],"version-history":[{"count":21,"href":"https:\/\/www.estrategiaconcursos.com.br\/blog\/wp-json\/wp\/v2\/posts\/1339041\/revisions"}],"predecessor-version":[{"id":1353845,"href":"https:\/\/www.estrategiaconcursos.com.br\/blog\/wp-json\/wp\/v2\/posts\/1339041\/revisions\/1353845"}],"wp:featuredmedia":[{"embeddable":true,"href":"https:\/\/www.estrategiaconcursos.com.br\/blog\/wp-json\/wp\/v2\/media\/1339048"}],"wp:attachment":[{"href":"https:\/\/www.estrategiaconcursos.com.br\/blog\/wp-json\/wp\/v2\/media?parent=1339041"}],"wp:term":[{"taxonomy":"category","embeddable":true,"href":"https:\/\/www.estrategiaconcursos.com.br\/blog\/wp-json\/wp\/v2\/categories?post=1339041"},{"taxonomy":"post_tag","embeddable":true,"href":"https:\/\/www.estrategiaconcursos.com.br\/blog\/wp-json\/wp\/v2\/tags?post=1339041"},{"taxonomy":"tax_estado","embeddable":true,"href":"https:\/\/www.estrategiaconcursos.com.br\/blog\/wp-json\/wp\/v2\/tax_estado?post=1339041"}],"curies":[{"name":"wp","href":"https:\/\/api.w.org\/{rel}","templated":true}]}}