{"id":1338694,"date":"2024-01-31T16:31:55","date_gmt":"2024-01-31T19:31:55","guid":{"rendered":"https:\/\/www.estrategiaconcursos.com.br\/blog\/?p=1338694"},"modified":"2024-01-31T16:31:58","modified_gmt":"2024-01-31T19:31:58","slug":"resumo-poder-legislativo-antt","status":"publish","type":"post","link":"https:\/\/www.estrategiaconcursos.com.br\/blog\/resumo-poder-legislativo-antt\/","title":{"rendered":"Resumo sobre o Poder Legislativo para a ANTT"},"content":{"rendered":"\n<figure class=\"wp-block-image aligncenter size-large is-resized\"><img loading=\"lazy\" decoding=\"async\" width=\"1024\" height=\"681\" src=\"https:\/\/dhg1h5j42swfq.cloudfront.net\/2024\/01\/19153551\/foto-de-foco-seletivo-de-um-homem-falando-do-pulpito-1024x681.jpg\" alt=\"Resumo sobre o Poder Legislativo para a ANTT\" class=\"wp-image-1338698\" style=\"width:662px;height:auto\" srcset=\"https:\/\/dhg1h5j42swfq.cloudfront.net\/2024\/01\/19153551\/foto-de-foco-seletivo-de-um-homem-falando-do-pulpito-1024x681.jpg 1024w, https:\/\/dhg1h5j42swfq.cloudfront.net\/2024\/01\/19153551\/foto-de-foco-seletivo-de-um-homem-falando-do-pulpito-300x200.jpg 300w, https:\/\/dhg1h5j42swfq.cloudfront.net\/2024\/01\/19153551\/foto-de-foco-seletivo-de-um-homem-falando-do-pulpito-768x511.jpg 768w, https:\/\/dhg1h5j42swfq.cloudfront.net\/2024\/01\/19153551\/foto-de-foco-seletivo-de-um-homem-falando-do-pulpito-1536x1022.jpg 1536w, https:\/\/dhg1h5j42swfq.cloudfront.net\/2024\/01\/19153551\/foto-de-foco-seletivo-de-um-homem-falando-do-pulpito-2048x1363.jpg 2048w, https:\/\/dhg1h5j42swfq.cloudfront.net\/2024\/01\/19153551\/foto-de-foco-seletivo-de-um-homem-falando-do-pulpito-610x406.jpg 610w, https:\/\/dhg1h5j42swfq.cloudfront.net\/2024\/01\/19153551\/foto-de-foco-seletivo-de-um-homem-falando-do-pulpito-150x100.jpg 150w\" sizes=\"auto, (max-width: 1024px) 100vw, 1024px\" \/><figcaption class=\"wp-element-caption\">Resumo sobre o Poder Legislativo para a ANTT<\/figcaption><\/figure>\n\n\n\n<p>Fala, pessoal, tudo certo? Hoje faremos um breve resumo sobre o Poder Legislativo para o Concurso da ANTT (Ag\u00eancia Nacional de Transportes Terrestres).<\/p>\n\n\n\n<p>Com efeito, trata-se de tema relevante no estudo do Direito Constitucional!<\/p>\n\n\n\n<p>Al\u00e9m disso, o edital da ANTT, elaborado pela Banca CEBRASPE (CESPE), saiu ofertando 50 vagas + cadastro de reserva. Esse e outros detalhes voc\u00eas encontram no <a href=\"https:\/\/www.estrategiaconcursos.com.br\/blog\/concurso-antt\/\" target=\"_blank\" rel=\"noreferrer noopener\">nosso artigo sobre a ANTT.<\/a><\/p>\n\n\n\n<p>Sendo assim, vamos l\u00e1, rumo \u00e0 Ag\u00eancia Nacional de Transportes Terrestre!<\/p>\n\n\n\n<h2 class=\"wp-block-heading has-vivid-cyan-blue-color has-text-color has-link-color wp-elements-b0bb88e0308728f3829b12b53e546749\" id=\"h-poder-legislativo\">Poder Legislativo<\/h2>\n\n\n\n<h3 class=\"wp-block-heading has-vivid-cyan-blue-color has-text-color has-link-color wp-elements-080ae7fda727cf44a816894f48712f00\" id=\"h-conceito-funcoes-e-exercicio-do-poder-legislativo\">Conceito, fun\u00e7\u00f5es e exerc\u00edcio do Poder Legislativo<\/h3>\n\n\n\n<p>Primeiramente, pessoal, \u00e9 importante lembrarmos que o Poder Legislativo \u00e9 um dos Poderes da Rep\u00fablica Federativa do Brasil, sendo, portanto, independente dos demais, embora atue de forma harm\u00f4nica com o Judici\u00e1rio e o Executivo.<\/p>\n\n\n\n<p>Al\u00e9m disso, o Poder Legislativo exerce tanto <strong>fun\u00e7\u00f5es t\u00edpicas (legislar e fiscalizar)<\/strong> quanto <strong>fun\u00e7\u00f5es at\u00edpicas (julgar e executar\/administrar<\/strong>).<\/p>\n\n\n\n<p>Com efeito, o Poder Legislativo <strong>\u00e9 exercido pelo Congresso Nacional, que se comp\u00f5e da C\u00e2mara dos Deputados e do Senado Federal<\/strong>.<\/p>\n\n\n\n<p>Nesse sentido, podemos dizer que nosso Poder Legislativo \u00e9 <strong>bicameral<\/strong>, haja vista que se comp\u00f5e de 02 Casas Legislativas.<\/p>\n\n\n\n<p>Assim, enquanto a <strong>C\u00e2mara dos Deputados representa o povo<\/strong>, o <strong>Senado Federal representa os Estados-membros e o Distrito Federal.<\/strong><\/p>\n\n\n\n<p>Outrossim, destaca-se que as delibera\u00e7\u00f5es de cada Casa e de suas Comiss\u00f5es ser\u00e3o tomadas por <strong>maioria relativa dos votos<\/strong>, desde que presente a maioria absoluta de seus membros:<\/p>\n\n\n\n<blockquote class=\"wp-block-quote has-small-font-size is-layout-flow wp-block-quote-is-layout-flow\">\n<p>Art. 47. Salvo disposi\u00e7\u00e3o constitucional em contr\u00e1rio, as delibera\u00e7\u00f5es de cada Casa e de suas Comiss\u00f5es ser\u00e3o tomadas por maioria dos votos, presente a maioria absoluta de seus membros.<\/p>\n<\/blockquote>\n\n\n\n<p>Por fim, aponta-se que<strong> cada legislatura possui <\/strong><strong>a dura\u00e7\u00e3o de quatro anos<\/strong>.<\/p>\n\n\n\n<h3 class=\"wp-block-heading has-vivid-cyan-blue-color has-text-color has-link-color wp-elements-c4964670a679f419a1873a4935633010\" id=\"h-congresso-nacional\">Congresso Nacional<\/h3>\n\n\n\n<p>Em termos simples, o Congresso Nacional, como vimos, \u00e9 \u201ca soma\u201d dos membros da C\u00e2mara dos Deputados e do Senado Federal.<\/p>\n\n\n\n<p>Isso porque h\u00e1 \u201cdecis\u00f5es\u201d que apenas o Congresso Nacional pode tomar, seja com a san\u00e7\u00e3o do Presidente da Rep\u00fablica, seja de forma exclusiva.<\/p>\n\n\n\n<p>Com efeito, sobre as atribui\u00e7\u00f5es constantes do <a href=\"https:\/\/www.planalto.gov.br\/ccivil_03\/constituicao\/constituicao.htm#:~:text=Art.%2048.%20Cabe%20ao%20Congresso%20Nacional%2C%20com%20a%20san%C3%A7%C3%A3o%20do%20Presidente%20da%20Rep%C3%BAblica%2C%20n%C3%A3o%20exigida%20esta%20para%20o%20especificado%20nos%20arts.%2049%2C%2051%20e%2052%2C%20dispor%20sobre%20todas%20as%20mat%C3%A9rias%20de%20compet%C3%AAncia%20da%20Uni%C3%A3o%2C%20especialmente%20sobre\" target=\"_blank\" rel=\"noreferrer noopener\">artigo 48 da Constitui\u00e7\u00e3o Federal<\/a> o Congresso Nacional disp\u00f5e, mas ficam sujeitas \u00e0 san\u00e7\u00e3o do Presidente da Rep\u00fablica.<\/p>\n\n\n\n<p>Por outro lado, nas chamadas <strong>compet\u00eancias exclusivas<\/strong> do <a href=\"https:\/\/www.planalto.gov.br\/ccivil_03\/constituicao\/constituicao.htm#:~:text=Art.%2049.%20%C3%89%20da%20compet%C3%AAncia%20exclusiva%20do%20Congresso%20Nacional%3A\" target=\"_blank\" rel=\"noreferrer noopener\">artigo 49 da CF\/88<\/a>, o Congresso as exerce independentemente da san\u00e7\u00e3o presidencial.\u00a0<\/p>\n\n\n\n<p>Em fun\u00e7\u00e3o do intuito do nosso breve resumo, bem como da extens\u00e3o dos artigos, indicamos a leitura destes de forma atenta, haja vista que as quest\u00f5es de prova tentam confundir as atribui\u00e7\u00f5es entre os artigos 48 e 49, bem como com as de compet\u00eancia da C\u00e2mara (art. 51) e do Senado (art. 52).<\/p>\n\n\n\n<h3 class=\"wp-block-heading has-vivid-cyan-blue-color has-text-color has-link-color wp-elements-7b35e3d02a9a7a57c16b5c4a35746f71\" id=\"h-camara-dos-deputados-nbsp\">C\u00e2mara dos Deputados&nbsp;<\/h3>\n\n\n\n<p>Como dissemos acima, a C\u00e2mara dos Deputados comp\u00f5e-se de <strong>representantes do povo, eleitos, pelo sistema proporcional, em cada Estado, em cada Territ\u00f3rio e no Distrito Federal.<\/strong><\/p>\n\n\n\n<p>Ademais, no que tange ao sistema eleitoral proporcional, tem-se que sua ado\u00e7\u00e3o ocorre para as elei\u00e7\u00f5es de <strong>Deputado Federal<\/strong>, Deputado Estadual e Vereador.<\/p>\n\n\n\n<p>Trata-se de sistema de elei\u00e7\u00e3o que se utiliza, de acordo com o art. 106 do C\u00f3digo Eleitoral do chamado &#8220;quociente eleitoral&#8221;, bem como, em momento posterior, do \u201cquociente partid\u00e1rio\u201d. Entretanto, n\u00e3o entraremos nos detalhes do assunto, por n\u00e3o ser o foco do nosso artigo.<\/p>\n\n\n\n<p>Al\u00e9m disso, a CF\/88 delega a lei complementar a fixa\u00e7\u00e3o do n\u00famero de Deputados, que <strong>atualmente \u00e9 de 513<\/strong>, conforme <a href=\"https:\/\/www.planalto.gov.br\/ccivil_03\/LEIS\/LCP\/Lcp78.htm#:~:text=n%C3%A3o%20ultrapassar%C3%A1%20quinhentos%20e%20treze%20representantes\" target=\"_blank\" rel=\"noreferrer noopener\">artigo 1\u00ba da LC 78\/93<\/a>:<\/p>\n\n\n\n<blockquote class=\"wp-block-quote has-small-font-size is-layout-flow wp-block-quote-is-layout-flow\">\n<p>CF, Art. 45. (&#8230;) \u00a7 1\u00ba O n\u00famero total de Deputados, bem como a representa\u00e7\u00e3o por Estado e pelo Distrito Federal, ser\u00e1 estabelecido por lei complementar, proporcionalmente \u00e0 popula\u00e7\u00e3o, procedendo-se aos ajustes necess\u00e1rios, no ano anterior \u00e0s elei\u00e7\u00f5es, para que nenhuma daquelas unidades da Federa\u00e7\u00e3o tenha menos de oito ou mais de setenta Deputados.<br \/><br \/>LC 78\/93, Art. 1\u00ba Proporcional \u00e0 popula\u00e7\u00e3o dos Estados e do Distrito Federal, o n\u00famero de deputados federais <strong>n\u00e3o ultrapassar\u00e1 quinhentos e treze representantes<\/strong>, fornecida, pela Funda\u00e7\u00e3o Instituto Brasileiro de Geografia e Estat\u00edstica, no ano anterior \u00e0s elei\u00e7\u00f5es, a atualiza\u00e7\u00e3o estat\u00edstica demogr\u00e1fica das unidades da Federa\u00e7\u00e3o.<\/p>\n<\/blockquote>\n\n\n\n<p>Por\u00e9m, para os Territ\u00f3rios Federais (atualmente n\u00e3o h\u00e1 nenhum), a CF\/88 aponta que eleger\u00e3o, cada um, 04 Deputados.<\/p>\n\n\n\n<p>Por fim, explicita-se as compet\u00eancias privativas da C\u00e2mara dos Deputados, com destaque para as dos incisos I e II, que s\u00e3o as que mais caem em provas:<\/p>\n\n\n\n<blockquote class=\"wp-block-quote has-small-font-size is-layout-flow wp-block-quote-is-layout-flow\">\n<p>Art. 51. Compete privativamente \u00e0 C\u00e2mara dos Deputados:<\/p>\n\n\n\n<p><strong>I &#8211; autorizar, por dois ter\u00e7os de seus membros, a instaura\u00e7\u00e3o de processo contra o Presidente e o Vice-Presidente da Rep\u00fablica e os Ministros de Estado;<\/strong><\/p>\n\n\n\n<p><strong>II &#8211; proceder \u00e0 tomada de contas do Presidente da Rep\u00fablica, quando n\u00e3o apresentadas ao Congresso Nacional dentro de sessenta dias ap\u00f3s a abertura da sess\u00e3o legislativa;<\/strong><\/p>\n\n\n\n<p>III &#8211; elaborar seu regimento interno;<\/p>\n\n\n\n<p>IV &#8211; dispor sobre sua organiza\u00e7\u00e3o, funcionamento, pol\u00edcia, cria\u00e7\u00e3o, transforma\u00e7\u00e3o ou extin\u00e7\u00e3o dos cargos, empregos e fun\u00e7\u00f5es de seus servi\u00e7os e fixa\u00e7\u00e3o da respectiva remunera\u00e7\u00e3o, observados os par\u00e2metros estabelecidos na lei de diretrizes or\u00e7ament\u00e1rias;<\/p>\n\n\n\n<p>IV &#8211; dispor sobre sua organiza\u00e7\u00e3o, funcionamento, pol\u00edcia, cria\u00e7\u00e3o, transforma\u00e7\u00e3o ou extin\u00e7\u00e3o dos cargos, empregos e fun\u00e7\u00f5es de seus servi\u00e7os, e a iniciativa de lei para fixa\u00e7\u00e3o da respectiva remunera\u00e7\u00e3o, observados os par\u00e2metros estabelecidos na lei de diretrizes or\u00e7ament\u00e1rias; &nbsp; &nbsp; &nbsp; &nbsp; (Reda\u00e7\u00e3o dada pela Emenda Constitucional n\u00ba 19, de 1998)<\/p>\n\n\n\n<p>V &#8211; eleger membros do Conselho da Rep\u00fablica, nos termos do art. 89, VII.<\/p>\n<\/blockquote>\n\n\n\n<h3 class=\"wp-block-heading has-vivid-cyan-blue-color has-text-color has-link-color wp-elements-af39afd8c21f06bd78f4e47094626c27\" id=\"h-senado-federal\">Senado Federal<\/h3>\n\n\n\n<p>Quanto ao Senado Federal, comp\u00f5e-se de <strong>representantes dos Estados e do Distrito Federal<\/strong>, eleitos segundo o <strong>princ\u00edpio majorit\u00e1rio<\/strong>.<\/p>\n\n\n\n<p>Com efeito, o sistema eleitoral majorit\u00e1rio divide-se em simples e absoluto.<\/p>\n\n\n\n<p>O sistema majorit\u00e1rio simples, que exige a maioria relativa de votos para eleger um candidato, \u00e9 adotado nas elei\u00e7\u00f5es para Senador e para Prefeitos de munic\u00edpios com at\u00e9 200 mil eleitores.&nbsp;<\/p>\n\n\n\n<p>Por outro lado, o sistema majorit\u00e1rio absoluto, que exige a maioria absoluta de votos para eleger um candidato, \u00e9 adotado nas elei\u00e7\u00f5es para Presidente, Governador, Prefeito de munic\u00edpios com mais de 200 mil eleitores e seus respectivos Vices.&nbsp;<\/p>\n\n\n\n<p>Ademais, cada Estado e o Distrito Federal eleger\u00e3o <strong>tr\u00eas Senadores (cada qual ser\u00e1 eleito com 02 suplentes), com mandato de 08 anos <\/strong>(ou seja, ficam por duas legislaturas).<\/p>\n\n\n\n<p>No entanto, os membros do Senado Federal, ao contr\u00e1rio da C\u00e2mara dos Deputados, <strong>N\u00c3O adv\u00e9m de Territ\u00f3rios Federais.<\/strong><\/p>\n\n\n\n<p>Ou seja, embora cada Territ\u00f3rio eleja quatro Deputados Federais, n\u00e3o eleger\u00e1 nenhum Senador.<\/p>\n\n\n\n<h4 class=\"wp-block-heading has-vivid-cyan-blue-color has-text-color has-link-color wp-elements-957ca80c129e2039771d3d88bed8e24f\" id=\"h-alternancia-da-representacao-no-senado-e-competencias\">Altern\u00e2ncia da representa\u00e7\u00e3o no Senado e Compet\u00eancias<\/h4>\n\n\n\n<p>Ainda quanto \u00e0 representa\u00e7\u00e3o no Senado Federal, a CF\/88 prev\u00ea o seguinte:<\/p>\n\n\n\n<blockquote class=\"wp-block-quote has-small-font-size is-layout-flow wp-block-quote-is-layout-flow\">\n<p>Art. 46. (&#8230;) \u00a7 2\u00ba A representa\u00e7\u00e3o de cada Estado e do Distrito Federal ser\u00e1 renovada de quatro em quatro anos, alternadamente, por um e dois ter\u00e7os.<\/p>\n<\/blockquote>\n\n\n\n<p>Isso significa dizer que, embora possuam mandato eletivo de 08 anos de dura\u00e7\u00e3o, a representa\u00e7\u00e3o se alterna a cada 04 anos.<\/p>\n\n\n\n<figure class=\"wp-block-table aligncenter\"><table><tbody><tr><td class=\"has-text-align-left\" data-align=\"left\"><strong>Exemplo<br \/><\/strong><br \/>No ano de 2018, o Estado do Esp\u00edrito Santo elegeu 2 Senadores (A e B) no lugar de outros 2 Senadores (X e Y) que l\u00e1 estavam h\u00e1 8 anos.\u00a0\u00a0<br \/><br \/>Nas elei\u00e7\u00f5es de 2022, o Esp\u00edrito Santo eleger\u00e1 apenas 1 Senador (C) no lugar de 1 Senador (Z) que l\u00e1 estava h\u00e1 8 anos.\u00a0<br \/><br \/>Ap\u00f3s, nas elei\u00e7\u00f5es de 2026, o Esp\u00edrito Santo eleger\u00e1 novamente 2 Senadores (D e C) no lugar de (A e B), mas o Senador C ficar\u00e1 no Senado at\u00e9 2030, j\u00e1 que seu mandato tamb\u00e9m tem 8 anos.\u00a0<br \/><br \/>J\u00e1 nas elei\u00e7\u00f5es de 2030 o Esp\u00edrito Santo eleger\u00e1 apenas 1 Senador (F) no lugar de (C), mas os Senadores (D e E) ficar\u00e3o at\u00e9 2034.\u00a0<br \/><br \/>Perceberam a renova\u00e7\u00e3o de 4 em 4 anos com mandatos individuais de 8 anos? \u00c9 s\u00f3 voc\u00ea pensar que tem uma dupla e um sozinho. A\u00ed depois \u00e9 s\u00f3 pensar em &#8220;mandatos intercalados&#8221;.\u00a0\u00a0<\/td><\/tr><\/tbody><\/table><\/figure>\n\n\n\n<p>Por fim, explicita-se as compet\u00eancias privativas do Senado Federal, com destaque para as dos incisos I, II, III, IV, X e XI, que s\u00e3o as que mais caem em provas:<\/p>\n\n\n\n<blockquote class=\"wp-block-quote has-small-font-size is-layout-flow wp-block-quote-is-layout-flow\">\n<p>Art. 52. Compete privativamente ao Senado Federal:<\/p>\n\n\n\n<p><strong>I &#8211;<\/strong> processar e julgar o Presidente e o Vice-Presidente da Rep\u00fablica nos crimes de responsabilidade, bem como os Ministros de Estado e os Comandantes da Marinha, do Ex\u00e9rcito e da Aeron\u00e1utica nos crimes da mesma natureza conexos com aqueles; &nbsp; &nbsp; &nbsp;&nbsp;&nbsp;<\/p>\n\n\n\n<p><strong>II <\/strong>processar e julgar os Ministros do Supremo Tribunal Federal, os membros do Conselho Nacional de Justi\u00e7a e do Conselho Nacional do Minist\u00e9rio P\u00fablico, o Procurador-Geral da Rep\u00fablica e o Advogado-Geral da Uni\u00e3o nos crimes de responsabilidade;&nbsp;&nbsp;&nbsp;&nbsp;&nbsp;&nbsp;&nbsp;&nbsp;&nbsp;<\/p>\n\n\n\n<p><strong>III <\/strong>&#8211; aprovar previamente, por voto secreto, ap\u00f3s arg\u00fci\u00e7\u00e3o p\u00fablica, a escolha de:<\/p>\n\n\n\n<p>a) Magistrados, nos casos estabelecidos nesta Constitui\u00e7\u00e3o;<\/p>\n\n\n\n<p>b) Ministros do Tribunal de Contas da Uni\u00e3o indicados pelo Presidente da Rep\u00fablica;<\/p>\n\n\n\n<p>c) Governador de Territ\u00f3rio;<\/p>\n\n\n\n<p>d) Presidente e diretores do banco central;<\/p>\n\n\n\n<p>e) Procurador-Geral da Rep\u00fablica;<\/p>\n\n\n\n<p>f) titulares de outros cargos que a lei determinar;<\/p>\n\n\n\n<p><strong>IV <\/strong>&#8211; aprovar previamente, por voto secreto, ap\u00f3s arg\u00fci\u00e7\u00e3o em sess\u00e3o secreta, a escolha dos chefes de miss\u00e3o diplom\u00e1tica de car\u00e1ter permanente;<\/p>\n\n\n\n<p>V &#8211; autorizar opera\u00e7\u00f5es externas de natureza financeira, de interesse da Uni\u00e3o, dos Estados, do Distrito Federal, dos Territ\u00f3rios e dos Munic\u00edpios;<\/p>\n\n\n\n<p>VI &#8211; fixar, por proposta do Presidente da Rep\u00fablica, limites globais para o montante da d\u00edvida consolidada da Uni\u00e3o, dos Estados, do Distrito Federal e dos Munic\u00edpios;<\/p>\n\n\n\n<p>VII &#8211; dispor sobre limites globais e condi\u00e7\u00f5es para as opera\u00e7\u00f5es de cr\u00e9dito externo e interno da Uni\u00e3o, dos Estados, do Distrito Federal e dos Munic\u00edpios, de suas autarquias e demais entidades controladas pelo Poder P\u00fablico federal;<\/p>\n\n\n\n<p>VIII &#8211; dispor sobre limites e condi\u00e7\u00f5es para a concess\u00e3o de garantia da Uni\u00e3o em opera\u00e7\u00f5es de cr\u00e9dito externo e interno;<\/p>\n\n\n\n<p>IX &#8211; estabelecer limites globais e condi\u00e7\u00f5es para o montante da d\u00edvida mobili\u00e1ria dos Estados, do Distrito Federal e dos Munic\u00edpios;<\/p>\n\n\n\n<p><strong>X <\/strong>&#8211; suspender a execu\u00e7\u00e3o, no todo ou em parte, de lei declarada inconstitucional por decis\u00e3o definitiva do Supremo Tribunal Federal;<\/p>\n\n\n\n<p><strong>XI <\/strong>&#8211; aprovar, por maioria absoluta e por voto secreto, a exonera\u00e7\u00e3o, de of\u00edcio, do Procurador-Geral da Rep\u00fablica antes do t\u00e9rmino de seu mandato;<\/p>\n\n\n\n<p>XII &#8211; elaborar seu regimento interno;<\/p>\n\n\n\n<p>XIII &#8211; dispor sobre sua organiza\u00e7\u00e3o, funcionamento, pol\u00edcia, cria\u00e7\u00e3o, transforma\u00e7\u00e3o ou extin\u00e7\u00e3o dos cargos, empregos e fun\u00e7\u00f5es de seus servi\u00e7os, e a iniciativa de lei para fixa\u00e7\u00e3o da respectiva remunera\u00e7\u00e3o, observados os par\u00e2metros estabelecidos na lei de diretrizes or\u00e7ament\u00e1rias;&nbsp;&nbsp;&nbsp;&nbsp;&nbsp;&nbsp;&nbsp;&nbsp;&nbsp;&nbsp;&nbsp;<\/p>\n\n\n\n<p>XIV &#8211; eleger membros do Conselho da Rep\u00fablica, nos termos do art. 89, VII.<\/p>\n\n\n\n<p>XV &#8211; avaliar periodicamente a funcionalidade do Sistema Tribut\u00e1rio Nacional, em sua estrutura e seus componentes, e o desempenho das administra\u00e7\u00f5es tribut\u00e1rias da Uni\u00e3o, dos Estados e do Distrito Federal e dos Munic\u00edpios.&nbsp;&nbsp;&nbsp;&nbsp;&nbsp;&nbsp;&nbsp;&nbsp;&nbsp;&nbsp;<\/p>\n\n\n\n<p>Par\u00e1grafo \u00fanico. Nos casos previstos nos incisos I e II, funcionar\u00e1 como Presidente o do Supremo Tribunal Federal, limitando-se a condena\u00e7\u00e3o, que somente ser\u00e1 proferida por dois ter\u00e7os dos votos do Senado Federal, \u00e0 perda do cargo, com inabilita\u00e7\u00e3o, por oito anos, para o exerc\u00edcio de fun\u00e7\u00e3o p\u00fablica, sem preju\u00edzo das demais san\u00e7\u00f5es judiciais cab\u00edveis.<\/p>\n<\/blockquote>\n\n\n\n<h2 class=\"wp-block-heading has-vivid-cyan-blue-color has-text-color has-link-color wp-elements-e7b20fe698c6c29a007e244ab912bd2c\" id=\"h-conclusao\">Conclus\u00e3o<\/h2>\n\n\n\n<p>Portanto, pessoal, esse foi nosso breve resumo sobre o Poder Legislativo para o Concurso da ANTT (Ag\u00eancia Nacional de Transportes Terrestres).<\/p>\n\n\n\n<p>Por fim, considerando que n\u00e3o esgotamos aqui o tema, n\u00e3o deixe de revisar o assunto em seu material de estudos e praticar com diversas quest\u00f5es sobre o tema.<\/p>\n\n\n\n<p>No mais, desejamos uma excelente prova a todos!!<\/p>\n\n\n\n<p class=\"has-text-align-center\" id=\"h-quer-saber-tudo-sobre-concursos-previstos\"><strong>Quer saber quais ser\u00e3o os pr\u00f3ximos concursos?<\/strong><\/p>\n\n\n\n<p class=\"has-text-align-center\"><strong>Confira nossos artigos!<\/strong><\/p>\n\n\n\n<p class=\"has-text-align-center has-white-color has-pale-cyan-blue-background-color has-text-color has-background\"><a href=\"https:\/\/www.estrategiaconcursos.com.br\/blog\/concursos-abertos\/\" target=\"_blank\" rel=\"noreferrer noopener\">Confira os concursos p\u00fablicos abertos<\/a><\/p>\n\n\n\n<p class=\"has-text-align-center has-white-color has-pale-cyan-blue-background-color has-text-color has-background\"><a href=\"https:\/\/www.estrategiaconcursos.com.br\/blog\/concursos-2024\/\" target=\"_blank\" rel=\"noreferrer noopener\">Concursos 2024<\/a><\/p>\n\n\n\n<h3 class=\"wp-block-heading\" id=\"assinatura-de-concursos\">Assinatura de Concursos<\/h3>\n\n\n\n<p>Assinatura de 1 ano ou 2 anos <a href=\"https:\/\/www.estrategiaconcursos.com.br\/assinaturas\/\" target=\"_blank\" rel=\"noreferrer noopener\">ASSINE AGORA<\/a><\/p>\n\n\n\n<p>Agora, confira as vagas e oportunidades dos&nbsp;<strong>concursos 2024<\/strong>&nbsp;navegando atrav\u00e9s do \u00edndice abaixo:<\/p>\n\n\n\n<h2 class=\"wp-block-heading\" id=\"concursos-e-vagas-previstas-para-2023\">Concursos e vagas previstas para 2024:<\/h2>\n\n\n\n<p>Ademais, al\u00e9m deste Resumo sobre o Poder Legislativo para a ANTT, confira:<\/p>\n\n\n\n<ul class=\"wp-block-list\">\n<li><a href=\"https:\/\/www.estrategiaconcursos.com.br\/blog\/concursos-2023\/#policial\" target=\"_blank\" rel=\"noreferrer noopener\">Concursos Policiais<\/a><\/li>\n\n\n\n<li><a href=\"https:\/\/www.estrategiaconcursos.com.br\/blog\/concursos-2023\/#fiscal\" target=\"_blank\" rel=\"noreferrer noopener\">Concursos Fiscais<\/a><\/li>\n\n\n\n<li><a href=\"https:\/\/www.estrategiaconcursos.com.br\/blog\/concursos-2023\/#controle\" target=\"_blank\" rel=\"noreferrer noopener\">Concursos Controle<\/a><\/li>\n\n\n\n<li><a href=\"https:\/\/www.estrategiaconcursos.com.br\/blog\/concursos-2023\/#tribunais\" target=\"_blank\" rel=\"noreferrer noopener\">Concursos Tribunais<\/a><\/li>\n\n\n\n<li><a href=\"https:\/\/www.estrategiaconcursos.com.br\/blog\/concursos-2023\/#ministerios-publicos\" target=\"_blank\" rel=\"noreferrer noopener\">Concursos em Minist\u00e9rios P\u00fablicos<\/a><\/li>\n\n\n\n<li><a href=\"https:\/\/www.estrategiaconcursos.com.br\/blog\/concursos-2023\/#defensorias-publicas\" target=\"_blank\" rel=\"noreferrer noopener\">Concursos em Defensorias<\/a><\/li>\n\n\n\n<li><a href=\"https:\/\/www.estrategiaconcursos.com.br\/blog\/concursos-2023\/#legislativa\" target=\"_blank\" rel=\"noreferrer noopener\">Concursos Legislativos<\/a><\/li>\n\n\n\n<li><a href=\"https:\/\/www.estrategiaconcursos.com.br\/blog\/concursos-2023\/#saude\" target=\"_blank\" rel=\"noreferrer noopener\">Concursos da \u00e1rea da Sa\u00fade<\/a><\/li>\n\n\n\n<li><a href=\"https:\/\/www.estrategiaconcursos.com.br\/blog\/concursos-2023\/#bancaria\" target=\"_blank\" rel=\"noreferrer noopener\">Concursos da \u00e1rea banc\u00e1ria<\/a><\/li>\n\n\n\n<li><a href=\"https:\/\/www.estrategiaconcursos.com.br\/blog\/concursos-2023\/#educacao\" target=\"_blank\" rel=\"noreferrer noopener\">Concursos da \u00e1rea da Educa\u00e7\u00e3o<\/a><\/li>\n\n\n\n<li><a href=\"https:\/\/www.estrategiaconcursos.com.br\/blog\/concursos-2023\/#prefeituras\" target=\"_blank\" rel=\"noreferrer noopener\">Concursos para Prefeituras<\/a><\/li>\n\n\n\n<li><a href=\"https:\/\/www.estrategiaconcursos.com.br\/blog\/concursos-2023\/#outros\" target=\"_blank\" rel=\"noreferrer noopener\">Concursos outras oportunidades<\/a><\/li>\n<\/ul>\n\n\n\n<p class=\"has-text-align-center has-luminous-vivid-amber-background-color has-background\" style=\"font-size:clamp(14.642px, 0.915rem + ((1vw - 3.2px) * 0.721), 22px);\"><strong>Veja tamb\u00e9m: <a href=\"https:\/\/www.estrategiaconcursos.com.br\/blog\/concursos-abertos\/\" target=\"_blank\" rel=\"noreferrer noopener\">Concursos Abertos<\/a><\/strong><\/p>\n\n\n\n<p class=\"has-text-align-left\" style=\"font-size:clamp(16.293px, 1.018rem + ((1vw - 3.2px) * 0.854), 25px);\"><em><strong>Quer saber tudo sobre os concursos previstos? Confira nossos artigos completos:<\/strong><\/em><\/p>\n\n\n\n<p>Ademais, al\u00e9m deste Resumo sobre o Poder Legislativo para a ANTT, confira:<\/p>\n\n\n\n<ul class=\"wp-block-list\">\n<li><a href=\"https:\/\/www.estrategiaconcursos.com.br\/blog\/concursos-2024\/\" target=\"_blank\" rel=\"noreferrer noopener\">Concursos 2024<\/a><\/li>\n\n\n\n<li><a href=\"https:\/\/www.estrategiaconcursos.com.br\/blog\/concurso-nacional-unificado\/\" target=\"_blank\" rel=\"noreferrer noopener\">Concurso Nacional Unificado (CNU)<\/a><\/li>\n<\/ul>\n","protected":false},"excerpt":{"rendered":"<p>Fala, pessoal, tudo certo? Hoje faremos um breve resumo sobre o Poder Legislativo para o Concurso da ANTT (Ag\u00eancia Nacional de Transportes Terrestres). Com efeito, trata-se de tema relevante no estudo do Direito Constitucional! Al\u00e9m disso, o edital da ANTT, elaborado pela Banca CEBRASPE (CESPE), saiu ofertando 50 vagas + cadastro de reserva. Esse e [&hellip;]<\/p>\n","protected":false},"author":2567,"featured_media":1338698,"comment_status":"open","ping_status":"closed","sticky":false,"template":"","format":"standard","meta":{"post_tipo":"article","footnotes":""},"categories":[220215,1],"tags":[],"tax_estado":[219964,219965,219966,219967,219968,219969,219963,219970,219971,219972,219973,219974,219975,219976,219977,219978,219979,219980,219981,219982,219983,219984,219985,219986,219987,219988,219989,219990],"class_list":["post-1338694","post","type-post","status-publish","format-standard","has-post-thumbnail","hentry","category-agencia-reguladora","category-cursos-e-concursos","tax_estado-ac","tax_estado-al","tax_estado-am","tax_estado-ap","tax_estado-ba","tax_estado-ce","tax_estado-concursos-federais","tax_estado-df","tax_estado-es","tax_estado-go","tax_estado-ma","tax_estado-mg","tax_estado-ms","tax_estado-mt","tax_estado-pa","tax_estado-pb","tax_estado-pe","tax_estado-pi","tax_estado-pr","tax_estado-rj","tax_estado-rn","tax_estado-ro","tax_estado-rr","tax_estado-rs","tax_estado-sc","tax_estado-se","tax_estado-sp","tax_estado-to"],"acf":[],"yoast_head":"<!-- This site is optimized with the Yoast SEO Premium plugin v27.2 (Yoast SEO v27.2) - https:\/\/yoast.com\/product\/yoast-seo-premium-wordpress\/ -->\n<title>Resumo sobre o Poder Legislativo para a ANTT<\/title>\n<meta name=\"description\" content=\"Confira neste artigo um resumo sobre o Poder Legislativo para o Concurso da ANTT (Ag\u00eancia Nacional de Transportes Terrestre).\" \/>\n<meta name=\"robots\" content=\"index, follow, max-snippet:-1, max-image-preview:large, max-video-preview:-1\" \/>\n<link rel=\"canonical\" href=\"https:\/\/www.estrategiaconcursos.com.br\/blog\/resumo-poder-legislativo-antt\/\" \/>\n<meta property=\"og:locale\" content=\"pt_BR\" \/>\n<meta property=\"og:type\" content=\"article\" \/>\n<meta property=\"og:title\" content=\"Resumo sobre o Poder Legislativo para a ANTT\" \/>\n<meta property=\"og:description\" content=\"Confira neste artigo um resumo sobre o Poder Legislativo para o Concurso da ANTT (Ag\u00eancia Nacional de Transportes Terrestre).\" \/>\n<meta property=\"og:url\" content=\"https:\/\/www.estrategiaconcursos.com.br\/blog\/resumo-poder-legislativo-antt\/\" \/>\n<meta property=\"og:site_name\" content=\"Estrat\u00e9gia Concursos\" \/>\n<meta property=\"article:published_time\" content=\"2024-01-31T19:31:55+00:00\" \/>\n<meta property=\"article:modified_time\" content=\"2024-01-31T19:31:58+00:00\" \/>\n<meta property=\"og:image\" content=\"https:\/\/dhg1h5j42swfq.cloudfront.net\/2024\/01\/19153551\/foto-de-foco-seletivo-de-um-homem-falando-do-pulpito-scaled.jpg\" \/>\n\t<meta property=\"og:image:width\" content=\"2560\" \/>\n\t<meta property=\"og:image:height\" content=\"1703\" \/>\n\t<meta property=\"og:image:type\" content=\"image\/jpeg\" \/>\n<meta name=\"author\" content=\"Frederico Tadeu Borlot Peixoto\" \/>\n<meta name=\"twitter:card\" content=\"summary_large_image\" \/>\n<meta name=\"twitter:creator\" content=\"@EstratConcursos\" \/>\n<meta name=\"twitter:site\" content=\"@EstratConcursos\" \/>\n<meta name=\"twitter:label1\" content=\"Escrito por\" \/>\n\t<meta name=\"twitter:data1\" content=\"Frederico Tadeu Borlot Peixoto\" \/>\n\t<meta name=\"twitter:label2\" content=\"Est. tempo de leitura\" \/>\n\t<meta name=\"twitter:data2\" content=\"11 minutos\" \/>\n<script type=\"application\/ld+json\" class=\"yoast-schema-graph\">{\"@context\":\"https:\/\/schema.org\",\"@graph\":[{\"@type\":\"NewsArticle\",\"@id\":\"https:\/\/www.estrategiaconcursos.com.br\/blog\/resumo-poder-legislativo-antt\/#article\",\"isPartOf\":{\"@id\":\"https:\/\/www.estrategiaconcursos.com.br\/blog\/resumo-poder-legislativo-antt\/\"},\"author\":{\"name\":\"Frederico Tadeu Borlot Peixoto\",\"@id\":\"https:\/\/www.estrategiaconcursos.com.br\/blog\/#\/schema\/person\/48a7e085e45aee7c3d4596399af50ebb\"},\"headline\":\"Resumo sobre o Poder Legislativo para a ANTT\",\"datePublished\":\"2024-01-31T19:31:55+00:00\",\"dateModified\":\"2024-01-31T19:31:58+00:00\",\"mainEntityOfPage\":{\"@id\":\"https:\/\/www.estrategiaconcursos.com.br\/blog\/resumo-poder-legislativo-antt\/\"},\"wordCount\":2153,\"commentCount\":0,\"publisher\":{\"@id\":\"https:\/\/www.estrategiaconcursos.com.br\/blog\/#organization\"},\"image\":{\"@id\":\"https:\/\/www.estrategiaconcursos.com.br\/blog\/resumo-poder-legislativo-antt\/#primaryimage\"},\"thumbnailUrl\":\"https:\/\/dhg1h5j42swfq.cloudfront.net\/2024\/01\/19153551\/foto-de-foco-seletivo-de-um-homem-falando-do-pulpito-scaled.jpg\",\"articleSection\":[\"Ag\u00eancia Reguladora\",\"Concursos P\u00fablicos\"],\"inLanguage\":\"pt-BR\",\"potentialAction\":[{\"@type\":\"CommentAction\",\"name\":\"Comment\",\"target\":[\"https:\/\/www.estrategiaconcursos.com.br\/blog\/resumo-poder-legislativo-antt\/#respond\"]}],\"copyrightYear\":\"2024\",\"copyrightHolder\":{\"@id\":\"https:\/\/www.estrategiaconcursos.com.br\/blog\/#organization\"}},{\"@type\":\"WebPage\",\"@id\":\"https:\/\/www.estrategiaconcursos.com.br\/blog\/resumo-poder-legislativo-antt\/\",\"url\":\"https:\/\/www.estrategiaconcursos.com.br\/blog\/resumo-poder-legislativo-antt\/\",\"name\":\"Resumo sobre o Poder Legislativo para a ANTT\",\"isPartOf\":{\"@id\":\"https:\/\/www.estrategiaconcursos.com.br\/blog\/#website\"},\"primaryImageOfPage\":{\"@id\":\"https:\/\/www.estrategiaconcursos.com.br\/blog\/resumo-poder-legislativo-antt\/#primaryimage\"},\"image\":{\"@id\":\"https:\/\/www.estrategiaconcursos.com.br\/blog\/resumo-poder-legislativo-antt\/#primaryimage\"},\"thumbnailUrl\":\"https:\/\/dhg1h5j42swfq.cloudfront.net\/2024\/01\/19153551\/foto-de-foco-seletivo-de-um-homem-falando-do-pulpito-scaled.jpg\",\"datePublished\":\"2024-01-31T19:31:55+00:00\",\"dateModified\":\"2024-01-31T19:31:58+00:00\",\"description\":\"Confira neste artigo um resumo sobre o Poder Legislativo para o Concurso da ANTT (Ag\u00eancia Nacional de Transportes Terrestre).\",\"breadcrumb\":{\"@id\":\"https:\/\/www.estrategiaconcursos.com.br\/blog\/resumo-poder-legislativo-antt\/#breadcrumb\"},\"inLanguage\":\"pt-BR\",\"potentialAction\":[{\"@type\":\"ReadAction\",\"target\":[\"https:\/\/www.estrategiaconcursos.com.br\/blog\/resumo-poder-legislativo-antt\/\"]}]},{\"@type\":\"ImageObject\",\"inLanguage\":\"pt-BR\",\"@id\":\"https:\/\/www.estrategiaconcursos.com.br\/blog\/resumo-poder-legislativo-antt\/#primaryimage\",\"url\":\"https:\/\/dhg1h5j42swfq.cloudfront.net\/2024\/01\/19153551\/foto-de-foco-seletivo-de-um-homem-falando-do-pulpito-scaled.jpg\",\"contentUrl\":\"https:\/\/dhg1h5j42swfq.cloudfront.net\/2024\/01\/19153551\/foto-de-foco-seletivo-de-um-homem-falando-do-pulpito-scaled.jpg\",\"width\":2560,\"height\":1703,\"caption\":\"Resumo sobre o Poder Legislativo para a ANTT\"},{\"@type\":\"BreadcrumbList\",\"@id\":\"https:\/\/www.estrategiaconcursos.com.br\/blog\/resumo-poder-legislativo-antt\/#breadcrumb\",\"itemListElement\":[{\"@type\":\"ListItem\",\"position\":1,\"name\":\"In\u00edcio\",\"item\":\"https:\/\/www.estrategiaconcursos.com.br\/blog\/\"},{\"@type\":\"ListItem\",\"position\":2,\"name\":\"Resumo sobre o Poder Legislativo para a ANTT\"}]},{\"@type\":\"WebSite\",\"@id\":\"https:\/\/www.estrategiaconcursos.com.br\/blog\/#website\",\"url\":\"https:\/\/www.estrategiaconcursos.com.br\/blog\/\",\"name\":\"Estrat\u00e9gia Concursos\",\"description\":\"O blog da Estrat\u00e9gia Concursos traz not\u00edcias sobre concursos e artigos de professores oferecendo cursos para concursos (pdf + videaulas) no site.\",\"publisher\":{\"@id\":\"https:\/\/www.estrategiaconcursos.com.br\/blog\/#organization\"},\"potentialAction\":[{\"@type\":\"SearchAction\",\"target\":{\"@type\":\"EntryPoint\",\"urlTemplate\":\"https:\/\/www.estrategiaconcursos.com.br\/blog\/?s={search_term_string}\"},\"query-input\":{\"@type\":\"PropertyValueSpecification\",\"valueRequired\":true,\"valueName\":\"search_term_string\"}}],\"inLanguage\":\"pt-BR\"},{\"@type\":\"Organization\",\"@id\":\"https:\/\/www.estrategiaconcursos.com.br\/blog\/#organization\",\"name\":\"Estrat\u00e9gia Concursos\",\"url\":\"https:\/\/www.estrategiaconcursos.com.br\/blog\/\",\"logo\":{\"@type\":\"ImageObject\",\"inLanguage\":\"pt-BR\",\"@id\":\"https:\/\/www.estrategiaconcursos.com.br\/blog\/#\/schema\/logo\/image\/\",\"url\":\"https:\/\/dhg1h5j42swfq.cloudfront.net\/2025\/06\/03203428\/logo_concursos-1.jpg\",\"contentUrl\":\"https:\/\/dhg1h5j42swfq.cloudfront.net\/2025\/06\/03203428\/logo_concursos-1.jpg\",\"width\":230,\"height\":60,\"caption\":\"Estrat\u00e9gia Concursos\"},\"image\":{\"@id\":\"https:\/\/www.estrategiaconcursos.com.br\/blog\/#\/schema\/logo\/image\/\"},\"sameAs\":[\"https:\/\/x.com\/EstratConcursos\"]},{\"@type\":\"Person\",\"@id\":\"https:\/\/www.estrategiaconcursos.com.br\/blog\/#\/schema\/person\/48a7e085e45aee7c3d4596399af50ebb\",\"name\":\"Frederico Tadeu Borlot Peixoto\",\"image\":{\"@type\":\"ImageObject\",\"inLanguage\":\"pt-BR\",\"@id\":\"https:\/\/secure.gravatar.com\/avatar\/df8a49e2321c1e32f85e9e7c2a9c92c688f1f53a947220f40017ff5858b09fdb?s=96&d=mm&r=g\",\"url\":\"https:\/\/secure.gravatar.com\/avatar\/df8a49e2321c1e32f85e9e7c2a9c92c688f1f53a947220f40017ff5858b09fdb?s=96&d=mm&r=g\",\"contentUrl\":\"https:\/\/secure.gravatar.com\/avatar\/df8a49e2321c1e32f85e9e7c2a9c92c688f1f53a947220f40017ff5858b09fdb?s=96&d=mm&r=g\",\"caption\":\"Frederico Tadeu Borlot Peixoto\"},\"description\":\"Analista Judici\u00e1rio - \u00c1rea Judici\u00e1ria do TRF da 4\u00aa regi\u00e3o. Bacharel em Direito. P\u00f3s-graduado em Direito Administrativo, Legisla\u00e7\u00e3o Penal Especial, Direito Penal e Direito Processual Penal. Tamb\u00e9m nomeado no TRF da 3\u00aa regi\u00e3o (8\u00ba lugar); SPPREV (3\u00ba lugar); IFES (2\u00ba lugar); e PMES. https:\/\/www.instagram.com\/proffrederico\/\",\"sameAs\":[\"https:\/\/www.instagram.com\/proffrederico\/\"],\"url\":\"https:\/\/www.estrategiaconcursos.com.br\/blog\/author\/xfredericohotmail-com\/\"}]}<\/script>\n<!-- \/ Yoast SEO Premium plugin. -->","yoast_head_json":{"title":"Resumo sobre o Poder Legislativo para a ANTT","description":"Confira neste artigo um resumo sobre o Poder Legislativo para o Concurso da ANTT (Ag\u00eancia Nacional de Transportes Terrestre).","robots":{"index":"index","follow":"follow","max-snippet":"max-snippet:-1","max-image-preview":"max-image-preview:large","max-video-preview":"max-video-preview:-1"},"canonical":"https:\/\/www.estrategiaconcursos.com.br\/blog\/resumo-poder-legislativo-antt\/","og_locale":"pt_BR","og_type":"article","og_title":"Resumo sobre o Poder Legislativo para a ANTT","og_description":"Confira neste artigo um resumo sobre o Poder Legislativo para o Concurso da ANTT (Ag\u00eancia Nacional de Transportes Terrestre).","og_url":"https:\/\/www.estrategiaconcursos.com.br\/blog\/resumo-poder-legislativo-antt\/","og_site_name":"Estrat\u00e9gia Concursos","article_published_time":"2024-01-31T19:31:55+00:00","article_modified_time":"2024-01-31T19:31:58+00:00","og_image":[{"width":2560,"height":1703,"url":"https:\/\/dhg1h5j42swfq.cloudfront.net\/2024\/01\/19153551\/foto-de-foco-seletivo-de-um-homem-falando-do-pulpito-scaled.jpg","type":"image\/jpeg"}],"author":"Frederico Tadeu Borlot Peixoto","twitter_card":"summary_large_image","twitter_creator":"@EstratConcursos","twitter_site":"@EstratConcursos","twitter_misc":{"Escrito por":"Frederico Tadeu Borlot Peixoto","Est. tempo de leitura":"11 minutos"},"schema":{"@context":"https:\/\/schema.org","@graph":[{"@type":"NewsArticle","@id":"https:\/\/www.estrategiaconcursos.com.br\/blog\/resumo-poder-legislativo-antt\/#article","isPartOf":{"@id":"https:\/\/www.estrategiaconcursos.com.br\/blog\/resumo-poder-legislativo-antt\/"},"author":{"name":"Frederico Tadeu Borlot Peixoto","@id":"https:\/\/www.estrategiaconcursos.com.br\/blog\/#\/schema\/person\/48a7e085e45aee7c3d4596399af50ebb"},"headline":"Resumo sobre o Poder Legislativo para a ANTT","datePublished":"2024-01-31T19:31:55+00:00","dateModified":"2024-01-31T19:31:58+00:00","mainEntityOfPage":{"@id":"https:\/\/www.estrategiaconcursos.com.br\/blog\/resumo-poder-legislativo-antt\/"},"wordCount":2153,"commentCount":0,"publisher":{"@id":"https:\/\/www.estrategiaconcursos.com.br\/blog\/#organization"},"image":{"@id":"https:\/\/www.estrategiaconcursos.com.br\/blog\/resumo-poder-legislativo-antt\/#primaryimage"},"thumbnailUrl":"https:\/\/dhg1h5j42swfq.cloudfront.net\/2024\/01\/19153551\/foto-de-foco-seletivo-de-um-homem-falando-do-pulpito-scaled.jpg","articleSection":["Ag\u00eancia Reguladora","Concursos P\u00fablicos"],"inLanguage":"pt-BR","potentialAction":[{"@type":"CommentAction","name":"Comment","target":["https:\/\/www.estrategiaconcursos.com.br\/blog\/resumo-poder-legislativo-antt\/#respond"]}],"copyrightYear":"2024","copyrightHolder":{"@id":"https:\/\/www.estrategiaconcursos.com.br\/blog\/#organization"}},{"@type":"WebPage","@id":"https:\/\/www.estrategiaconcursos.com.br\/blog\/resumo-poder-legislativo-antt\/","url":"https:\/\/www.estrategiaconcursos.com.br\/blog\/resumo-poder-legislativo-antt\/","name":"Resumo sobre o Poder Legislativo para a ANTT","isPartOf":{"@id":"https:\/\/www.estrategiaconcursos.com.br\/blog\/#website"},"primaryImageOfPage":{"@id":"https:\/\/www.estrategiaconcursos.com.br\/blog\/resumo-poder-legislativo-antt\/#primaryimage"},"image":{"@id":"https:\/\/www.estrategiaconcursos.com.br\/blog\/resumo-poder-legislativo-antt\/#primaryimage"},"thumbnailUrl":"https:\/\/dhg1h5j42swfq.cloudfront.net\/2024\/01\/19153551\/foto-de-foco-seletivo-de-um-homem-falando-do-pulpito-scaled.jpg","datePublished":"2024-01-31T19:31:55+00:00","dateModified":"2024-01-31T19:31:58+00:00","description":"Confira neste artigo um resumo sobre o Poder Legislativo para o Concurso da ANTT (Ag\u00eancia Nacional de Transportes Terrestre).","breadcrumb":{"@id":"https:\/\/www.estrategiaconcursos.com.br\/blog\/resumo-poder-legislativo-antt\/#breadcrumb"},"inLanguage":"pt-BR","potentialAction":[{"@type":"ReadAction","target":["https:\/\/www.estrategiaconcursos.com.br\/blog\/resumo-poder-legislativo-antt\/"]}]},{"@type":"ImageObject","inLanguage":"pt-BR","@id":"https:\/\/www.estrategiaconcursos.com.br\/blog\/resumo-poder-legislativo-antt\/#primaryimage","url":"https:\/\/dhg1h5j42swfq.cloudfront.net\/2024\/01\/19153551\/foto-de-foco-seletivo-de-um-homem-falando-do-pulpito-scaled.jpg","contentUrl":"https:\/\/dhg1h5j42swfq.cloudfront.net\/2024\/01\/19153551\/foto-de-foco-seletivo-de-um-homem-falando-do-pulpito-scaled.jpg","width":2560,"height":1703,"caption":"Resumo sobre o Poder Legislativo para a ANTT"},{"@type":"BreadcrumbList","@id":"https:\/\/www.estrategiaconcursos.com.br\/blog\/resumo-poder-legislativo-antt\/#breadcrumb","itemListElement":[{"@type":"ListItem","position":1,"name":"In\u00edcio","item":"https:\/\/www.estrategiaconcursos.com.br\/blog\/"},{"@type":"ListItem","position":2,"name":"Resumo sobre o Poder Legislativo para a ANTT"}]},{"@type":"WebSite","@id":"https:\/\/www.estrategiaconcursos.com.br\/blog\/#website","url":"https:\/\/www.estrategiaconcursos.com.br\/blog\/","name":"Estrat\u00e9gia Concursos","description":"O blog da Estrat\u00e9gia Concursos traz not\u00edcias sobre concursos e artigos de professores oferecendo cursos para concursos (pdf + videaulas) no site.","publisher":{"@id":"https:\/\/www.estrategiaconcursos.com.br\/blog\/#organization"},"potentialAction":[{"@type":"SearchAction","target":{"@type":"EntryPoint","urlTemplate":"https:\/\/www.estrategiaconcursos.com.br\/blog\/?s={search_term_string}"},"query-input":{"@type":"PropertyValueSpecification","valueRequired":true,"valueName":"search_term_string"}}],"inLanguage":"pt-BR"},{"@type":"Organization","@id":"https:\/\/www.estrategiaconcursos.com.br\/blog\/#organization","name":"Estrat\u00e9gia Concursos","url":"https:\/\/www.estrategiaconcursos.com.br\/blog\/","logo":{"@type":"ImageObject","inLanguage":"pt-BR","@id":"https:\/\/www.estrategiaconcursos.com.br\/blog\/#\/schema\/logo\/image\/","url":"https:\/\/dhg1h5j42swfq.cloudfront.net\/2025\/06\/03203428\/logo_concursos-1.jpg","contentUrl":"https:\/\/dhg1h5j42swfq.cloudfront.net\/2025\/06\/03203428\/logo_concursos-1.jpg","width":230,"height":60,"caption":"Estrat\u00e9gia Concursos"},"image":{"@id":"https:\/\/www.estrategiaconcursos.com.br\/blog\/#\/schema\/logo\/image\/"},"sameAs":["https:\/\/x.com\/EstratConcursos"]},{"@type":"Person","@id":"https:\/\/www.estrategiaconcursos.com.br\/blog\/#\/schema\/person\/48a7e085e45aee7c3d4596399af50ebb","name":"Frederico Tadeu Borlot Peixoto","image":{"@type":"ImageObject","inLanguage":"pt-BR","@id":"https:\/\/secure.gravatar.com\/avatar\/df8a49e2321c1e32f85e9e7c2a9c92c688f1f53a947220f40017ff5858b09fdb?s=96&d=mm&r=g","url":"https:\/\/secure.gravatar.com\/avatar\/df8a49e2321c1e32f85e9e7c2a9c92c688f1f53a947220f40017ff5858b09fdb?s=96&d=mm&r=g","contentUrl":"https:\/\/secure.gravatar.com\/avatar\/df8a49e2321c1e32f85e9e7c2a9c92c688f1f53a947220f40017ff5858b09fdb?s=96&d=mm&r=g","caption":"Frederico Tadeu Borlot Peixoto"},"description":"Analista Judici\u00e1rio - \u00c1rea Judici\u00e1ria do TRF da 4\u00aa regi\u00e3o. Bacharel em Direito. P\u00f3s-graduado em Direito Administrativo, Legisla\u00e7\u00e3o Penal Especial, Direito Penal e Direito Processual Penal. Tamb\u00e9m nomeado no TRF da 3\u00aa regi\u00e3o (8\u00ba lugar); SPPREV (3\u00ba lugar); IFES (2\u00ba lugar); e PMES. https:\/\/www.instagram.com\/proffrederico\/","sameAs":["https:\/\/www.instagram.com\/proffrederico\/"],"url":"https:\/\/www.estrategiaconcursos.com.br\/blog\/author\/xfredericohotmail-com\/"}]}},"_links":{"self":[{"href":"https:\/\/www.estrategiaconcursos.com.br\/blog\/wp-json\/wp\/v2\/posts\/1338694","targetHints":{"allow":["GET"]}}],"collection":[{"href":"https:\/\/www.estrategiaconcursos.com.br\/blog\/wp-json\/wp\/v2\/posts"}],"about":[{"href":"https:\/\/www.estrategiaconcursos.com.br\/blog\/wp-json\/wp\/v2\/types\/post"}],"author":[{"embeddable":true,"href":"https:\/\/www.estrategiaconcursos.com.br\/blog\/wp-json\/wp\/v2\/users\/2567"}],"replies":[{"embeddable":true,"href":"https:\/\/www.estrategiaconcursos.com.br\/blog\/wp-json\/wp\/v2\/comments?post=1338694"}],"version-history":[{"count":4,"href":"https:\/\/www.estrategiaconcursos.com.br\/blog\/wp-json\/wp\/v2\/posts\/1338694\/revisions"}],"predecessor-version":[{"id":1338711,"href":"https:\/\/www.estrategiaconcursos.com.br\/blog\/wp-json\/wp\/v2\/posts\/1338694\/revisions\/1338711"}],"wp:featuredmedia":[{"embeddable":true,"href":"https:\/\/www.estrategiaconcursos.com.br\/blog\/wp-json\/wp\/v2\/media\/1338698"}],"wp:attachment":[{"href":"https:\/\/www.estrategiaconcursos.com.br\/blog\/wp-json\/wp\/v2\/media?parent=1338694"}],"wp:term":[{"taxonomy":"category","embeddable":true,"href":"https:\/\/www.estrategiaconcursos.com.br\/blog\/wp-json\/wp\/v2\/categories?post=1338694"},{"taxonomy":"post_tag","embeddable":true,"href":"https:\/\/www.estrategiaconcursos.com.br\/blog\/wp-json\/wp\/v2\/tags?post=1338694"},{"taxonomy":"tax_estado","embeddable":true,"href":"https:\/\/www.estrategiaconcursos.com.br\/blog\/wp-json\/wp\/v2\/tax_estado?post=1338694"}],"curies":[{"name":"wp","href":"https:\/\/api.w.org\/{rel}","templated":true}]}}