{"id":1337876,"date":"2024-01-31T16:26:54","date_gmt":"2024-01-31T19:26:54","guid":{"rendered":"https:\/\/www.estrategiaconcursos.com.br\/blog\/?p=1337876"},"modified":"2024-01-31T16:26:57","modified_gmt":"2024-01-31T19:26:57","slug":"desconsideracao-personalidade-juridica-alepr","status":"publish","type":"post","link":"https:\/\/www.estrategiaconcursos.com.br\/blog\/desconsideracao-personalidade-juridica-alepr\/","title":{"rendered":"Desconsidera\u00e7\u00e3o da personalidade jur\u00eddica para ALEPR"},"content":{"rendered":"\n<figure class=\"wp-block-image aligncenter size-large is-resized\"><img loading=\"lazy\" decoding=\"async\" width=\"1024\" height=\"683\" src=\"https:\/\/dhg1h5j42swfq.cloudfront.net\/2024\/01\/18094131\/traje-corporativo-fundo-homem-branco-1024x683.jpg\" alt=\"Desconsidera\u00e7\u00e3o da personalidade jur\u00eddica para ALEPR\" class=\"wp-image-1337884\" style=\"width:686px;height:auto\" srcset=\"https:\/\/dhg1h5j42swfq.cloudfront.net\/2024\/01\/18094131\/traje-corporativo-fundo-homem-branco-1024x683.jpg 1024w, https:\/\/dhg1h5j42swfq.cloudfront.net\/2024\/01\/18094131\/traje-corporativo-fundo-homem-branco-300x200.jpg 300w, https:\/\/dhg1h5j42swfq.cloudfront.net\/2024\/01\/18094131\/traje-corporativo-fundo-homem-branco-768x513.jpg 768w, https:\/\/dhg1h5j42swfq.cloudfront.net\/2024\/01\/18094131\/traje-corporativo-fundo-homem-branco-1536x1025.jpg 1536w, https:\/\/dhg1h5j42swfq.cloudfront.net\/2024\/01\/18094131\/traje-corporativo-fundo-homem-branco-2048x1367.jpg 2048w, https:\/\/dhg1h5j42swfq.cloudfront.net\/2024\/01\/18094131\/traje-corporativo-fundo-homem-branco-610x407.jpg 610w, https:\/\/dhg1h5j42swfq.cloudfront.net\/2024\/01\/18094131\/traje-corporativo-fundo-homem-branco-150x100.jpg 150w\" sizes=\"auto, (max-width: 1024px) 100vw, 1024px\" \/><figcaption class=\"wp-element-caption\">Desconsidera\u00e7\u00e3o da personalidade jur\u00eddica para ALEPR<\/figcaption><\/figure>\n\n\n\n<p>Fala, pessoal, tudo certo? Hoje faremos um breve resumo sobre a Desconsidera\u00e7\u00e3o da personalidade jur\u00eddica para o Concurso da ALEPR (Assembleia Legislativa do Estado do Paran\u00e1).<\/p>\n\n\n\n<p>Com efeito, trata-se de tema relevante no estudo do Direito do Trabalho e Direito Processual do Trabalho!<\/p>\n\n\n\n<p>Al\u00e9m disso, o edital da ALEPR, elaborado pela Banca FGV, saiu ofertando 85 vagas. Esses e outros detalhes voc\u00eas encontram no <a href=\"https:\/\/www.estrategiaconcursos.com.br\/blog\/concurso-alep\/\" target=\"_blank\" rel=\"noreferrer noopener\">nosso artigo sobre a ALEPR.<\/a>.<\/p>\n\n\n\n<p>Sendo assim, vamos l\u00e1, rumo \u00e0 Assembleia Legislativa do Estado do Paran\u00e1!<\/p>\n\n\n\n<h2 class=\"wp-block-heading has-vivid-cyan-blue-color has-text-color has-link-color wp-elements-d35a11d7b35d08fc11ffdde572b43592\" id=\"h-desconsideracao-da-personalidade-juridica\">Desconsidera\u00e7\u00e3o da personalidade jur\u00eddica<\/h2>\n\n\n\n<h3 class=\"wp-block-heading has-vivid-cyan-blue-color has-text-color has-link-color wp-elements-cfbf6beef5e0ee1fc5d2106169dc0771\" id=\"h-previsao-legal-e-conceito\">Previs\u00e3o legal e conceito<\/h3>\n\n\n\n<p>Primeiramente, pessoal, vale destacar que a desconsidera\u00e7\u00e3o da personalidade jur\u00eddica (<strong><em>disregard doctrine<\/em><\/strong>) \u00e9 um instituto jur\u00eddico que possui previs\u00e3o tanto no \u00e2mbito do direito civil e consumerista quanto no direito do trabalho.<\/p>\n\n\n\n<p>Portanto, acharemos artigos sobre o tema tanto no C\u00f3digo Civil, C\u00f3digo de Defesa do Consumidor e no C\u00f3digo de Processo Civil, quanto na pr\u00f3pria CLT (Consolida\u00e7\u00e3o das Leis do Trabalho).<\/p>\n\n\n\n<p>Sendo assim, \u00e9 importante destacar que <strong>a desconsidera\u00e7\u00e3o da personalidade jur\u00eddica<\/strong> serve para <strong>afastar a prote\u00e7\u00e3o que a pessoa jur\u00eddica d\u00e1 aos seus s\u00f3cios\/administradores e aos seus respectivos patrim\u00f4nios pessoais, de forma a responsabiliz\u00e1-los por ato praticado pela empresa<\/strong>.<\/p>\n\n\n\n<p>O Professor Bruno Klippel leciona que a teoria em an\u00e1lise busca <strong>evitar que a insufici\u00eancia de bens da executada prive o credor do recebimento de seus cr\u00e9ditos, enquanto o patrim\u00f4nio dos s\u00f3cios est\u00e1 \u201crecheado\u201d de bens pass\u00edveis de penhora.<\/strong><\/p>\n\n\n\n<p>Nas palavras de Humberto Theodoro J\u00fanior, o C\u00f3digo Civil de 2002 normatizou conduta que j\u00e1 vinha sendo adotada pela jurisprud\u00eancia, de desconsiderar a personalidade jur\u00eddica, <strong>a fim de imputar aos s\u00f3cios ou administradores a responsabilidade pelo ato il\u00edcito praticado pela empresa<\/strong>.&nbsp;&nbsp;<\/p>\n\n\n\n<p>Todavia, n\u00e3o \u00e9 em qualquer caso que isso pode acontecer, n\u00e3o \u00e9 verdade? <\/p>\n\n\n\n<p>Sendo assim, vejamos as hip\u00f3teses de cabimento.<\/p>\n\n\n\n<h3 class=\"wp-block-heading has-vivid-cyan-blue-color has-text-color has-link-color wp-elements-ae41ecdb1cf8b07241e732c86301c49a\" id=\"h-hipotese-de-cabimento-da-desconsideracao-da-pj\">Hip\u00f3tese de cabimento da desconsidera\u00e7\u00e3o da PJ<\/h3>\n\n\n\n<p>Com efeito, <strong>as hip\u00f3teses de cabimento da desconsidera\u00e7\u00e3o da personalidade jur\u00eddica no Direito do Trabalho s\u00e3o as mesmas do Direito Civil<\/strong>, para o qual o <em>caput<\/em> do artigo 50 do C\u00f3digo Civil assim disp\u00f5e:<\/p>\n\n\n\n<blockquote class=\"wp-block-quote has-small-font-size is-layout-flow wp-block-quote-is-layout-flow\">\n<p>Art. 50.&nbsp; <strong>Em caso de abuso da personalidade jur\u00eddica, caracterizado pelo desvio de finalidade ou pela confus\u00e3o patrimonial<\/strong>, pode o juiz, a requerimento da parte, ou do Minist\u00e9rio P\u00fablico quando lhe couber intervir no processo, desconsider\u00e1-la para que os efeitos de certas e determinadas rela\u00e7\u00f5es de obriga\u00e7\u00f5es sejam estendidos aos bens particulares de administradores ou de s\u00f3cios da pessoa jur\u00eddica beneficiados direta ou indiretamente pelo abuso.&nbsp;<\/p>\n<\/blockquote>\n\n\n\n<p>Veja, portanto, que a <strong>desconsidera\u00e7\u00e3o da PJ tem lugar quando houver abuso da personalidade jur\u00eddica.<\/strong><\/p>\n\n\n\n<p><strong>Em termos simples,<\/strong> a empresa, que, ao \u201cnascer\u201d, recebeu uma personalidade jur\u00eddica<em> (que nada mais \u00e9 do que uma fic\u00e7\u00e3o jur\u00eddica para representar uma institui\u00e7\u00e3o privada sem vida, mas com responsabilidades jur\u00eddicas)<\/em> <strong>N\u00c3O pode abusar dessa personalidade<\/strong>, caso contr\u00e1rio sofrer\u00e1 a desconsidera\u00e7\u00e3o de que estamos falando.<\/p>\n\n\n\n<p><strong>Esse abuso da personalidade pode acontecer de 02 formas:<br \/><\/strong><\/p>\n\n\n\n<ol class=\"wp-block-list\">\n<li><strong>Desvio de finalidade: <\/strong>consiste na utiliza\u00e7\u00e3o da pessoa jur\u00eddica com o <strong>prop\u00f3sito de lesar credores e para a pr\u00e1tica de atos il\u00edcitos de qualquer natureza<\/strong>.<br \/><br \/>No entanto, <strong>N\u00c3O <\/strong>constitui desvio de finalidade a mera expans\u00e3o ou a altera\u00e7\u00e3o da finalidade original da atividade econ\u00f4mica espec\u00edfica da pessoa jur\u00eddica.<br \/><br \/><\/li>\n\n\n\n<li><strong>Confus\u00e3o patrimonial: <\/strong>\u00e9 a <strong>aus\u00eancia de separa\u00e7\u00e3o de fato entre os patrim\u00f4nios<\/strong> da empresa e dos s\u00f3cios\/administradores.<br \/><br \/>Pode caracterizar-se dos seguintes modos:<br \/><br \/>I &#8211; cumprimento repetitivo pela sociedade de obriga\u00e7\u00f5es do s\u00f3cio ou do administrador ou vice-versa;<br \/><br \/>II &#8211; transfer\u00eancia de ativos ou de passivos sem efetivas contrapresta\u00e7\u00f5es, exceto os de valor proporcionalmente insignificante; e<br \/><br \/>III &#8211; outros atos de descumprimento da autonomia patrimonial.<\/li>\n<\/ol>\n\n\n\n<p>Essas hip\u00f3teses tamb\u00e9m se aplicam \u00e0 extens\u00e3o das obriga\u00e7\u00f5es de s\u00f3cios ou de administradores \u00e0 pessoa jur\u00eddica.&nbsp;<\/p>\n\n\n\n<p>Por fim, destaca-se que <strong>a mera exist\u00eancia de grupo econ\u00f4mico<\/strong> sem a presen\u00e7a dos requisitos de que trata o <em>caput <\/em>do artigo 50 <strong>N\u00c3O autoriza <\/strong>a desconsidera\u00e7\u00e3o da personalidade da pessoa jur\u00eddica.&nbsp;<\/p>\n\n\n\n<h3 class=\"wp-block-heading has-vivid-cyan-blue-color has-text-color has-link-color wp-elements-0d417e8693af6876df3bc578d75c3ea7\" id=\"h-incidente-de-desconsideracao-da-personalidade-juridica-idpj\">Incidente de Desconsidera\u00e7\u00e3o da Personalidade Jur\u00eddica (IDPJ)<\/h3>\n\n\n\n<p>Pessoal, \u00e9 importante relembramos que, no Direito Processual do Trabalho, quando houver omiss\u00e3o legal, aplica-se as disposi\u00e7\u00f5es do C\u00f3digo de Processo Civil, salvo incompatibilidade:<\/p>\n\n\n\n<blockquote class=\"wp-block-quote has-small-font-size is-layout-flow wp-block-quote-is-layout-flow\">\n<p>CLT, Art. 769 &#8211; Nos casos omissos, o direito processual comum ser\u00e1 fonte subsidi\u00e1ria do direito processual do trabalho, exceto naquilo em que for incompat\u00edvel com as normas deste T\u00edtulo.<\/p>\n\n\n\n<p>CPC, Art. 15 &#8211; Art. 15. Na aus\u00eancia de normas que regulem processos eleitorais, trabalhistas ou administrativos, as disposi\u00e7\u00f5es deste C\u00f3digo lhes ser\u00e3o aplicadas supletiva e subsidiariamente.<\/p>\n<\/blockquote>\n\n\n\n<p>Sendo assim, no mesmo sentido, o artigo 855-A da CLT, que trata do tema da desconsidera\u00e7\u00e3o da personalidade jur\u00eddica, vinculou o tratamento \u00e0s previs\u00f5es do CPC:<\/p>\n\n\n\n<blockquote class=\"wp-block-quote has-small-font-size is-layout-flow wp-block-quote-is-layout-flow\">\n<p>Art. 855-A.\u00a0 Aplica-se ao processo do trabalho o incidente de desconsidera\u00e7\u00e3o da personalidade jur\u00eddica previsto nos <a href=\"https:\/\/www.planalto.gov.br\/ccivil_03\/_Ato2015-2018\/2015\/Lei\/L13105.htm#art133\" target=\"_blank\" rel=\"noreferrer noopener\">arts. 133 a 137 da Lei n<sup>o<\/sup> 13.105, de 16 de mar\u00e7o de 2015 &#8211; C\u00f3digo de Processo Civil.<\/a>\u00a0\u00a0\u00a0\u00a0<\/p>\n<\/blockquote>\n\n\n\n<p>Portanto, vejamos o que diz o CPC.<\/p>\n\n\n\n<p>Em um primeiro momento, o artigo 133 do CPC reafirma o que diz o artigo 50 do CC quando disp\u00f5e que <strong>o IDPJ ser\u00e1 instaurado a pedido da parte ou do Minist\u00e9rio P\u00fablico, quando lhe couber intervir no processo.<\/strong><\/p>\n\n\n\n<p><strong>Ou seja, o juiz N\u00c3O pode instaurar de of\u00edcio.<\/strong><\/p>\n\n\n\n<p>Al\u00e9m disso, destaca-se que o IDPJ \u00e9 cab\u00edvel em todas as fases do processo de conhecimento, no cumprimento de senten\u00e7a e na execu\u00e7\u00e3o fundada em t\u00edtulo executivo extrajudicial.<\/p>\n\n\n\n<p>Ademais, <strong>o CPC dispensa a instaura\u00e7\u00e3o do incidente se a desconsidera\u00e7\u00e3o da personalidade jur\u00eddica for requerida na peti\u00e7\u00e3o inicial<\/strong>, hip\u00f3tese em que ser\u00e1 citado o s\u00f3cio ou a pessoa jur\u00eddica.<\/p>\n\n\n\n<p>Ou seja, se \u00e9 requerida desde o in\u00edcio, n\u00e3o h\u00e1 \u201cincidente\u201d, que \u00e9 o que ocorre no curso do processo.<\/p>\n\n\n\n<p>Outrossim, \u00e9 interessante sabermos que, <strong>no processo civil, a instaura\u00e7\u00e3o do incidente suspender\u00e1 o processo (salvo na hip\u00f3tese acima, em que a desconsidera\u00e7\u00e3o consta da peti\u00e7\u00e3o inicial).<\/strong><\/p>\n\n\n\n<p><strong>Contudo, no Processo do Trabalho a CLT disp\u00f5e que a instaura\u00e7\u00e3o do incidente suspender\u00e1 o processo, n\u00e3o fazendo ressalvas.<\/strong><\/p>\n\n\n\n<p>Por fim, no que tange aos <strong>recursos cab\u00edveis<\/strong> <strong>da decis\u00e3o que acolhe ou rejeita o IDPJ, a CLT disp\u00f5e:<\/strong><\/p>\n\n\n\n<blockquote class=\"wp-block-quote has-small-font-size is-layout-flow wp-block-quote-is-layout-flow\">\n<p>Art. 855-A. (&#8230;)<\/p>\n\n\n\n<p>\u00a7 1\u00ba&nbsp; Da decis\u00e3o interlocut\u00f3ria que acolher ou rejeitar o incidente:&nbsp;&nbsp;&nbsp;&nbsp;&nbsp;&nbsp;<\/p>\n\n\n\n<p>I &#8211; na fase de cogni\u00e7\u00e3o, n\u00e3o cabe recurso de imediato, na forma do \u00a7 1o do art. 893 desta Consolida\u00e7\u00e3o;&nbsp;&nbsp;&nbsp;&nbsp;&nbsp;&nbsp;&nbsp;&nbsp;&nbsp;&nbsp;&nbsp;&nbsp;&nbsp;&nbsp;&nbsp;&nbsp;&nbsp;<\/p>\n\n\n\n<p>II &#8211; na fase de execu\u00e7\u00e3o, cabe agravo de peti\u00e7\u00e3o, independentemente de garantia do ju\u00edzo;&nbsp;&nbsp;&nbsp;&nbsp;&nbsp;&nbsp;&nbsp;&nbsp;&nbsp;&nbsp;&nbsp;&nbsp;&nbsp;&nbsp;&nbsp;&nbsp;&nbsp;&nbsp;<\/p>\n\n\n\n<p>III &#8211; cabe agravo interno se proferida pelo relator em incidente instaurado originariamente no tribunal.&nbsp;&nbsp;&nbsp;&nbsp;<\/p>\n<\/blockquote>\n\n\n\n<h3 class=\"wp-block-heading has-vivid-cyan-blue-color has-text-color has-link-color wp-elements-5c7f1d83d88a2b40c1182e35f1ea3d79\" id=\"h-desconsideracao-inversa-da-personalidade-juridica\">Desconsidera\u00e7\u00e3o inversa da personalidade jur\u00eddica<\/h3>\n\n\n\n<p>O CPC, ainda, prev\u00ea, em seu \u00a7 2\u00ba do artigo 133, que o que estudamos acima sobre o IDPJ aplica-se \u00e0 hip\u00f3tese de desconsidera\u00e7\u00e3o inversa da personalidade jur\u00eddica.<\/p>\n\n\n\n<p>Com efeito, Humberto Theodoro J\u00fanior conceitua a desconsidera\u00e7\u00e3o inversa da seguinte maneira:<\/p>\n\n\n\n<blockquote class=\"wp-block-quote has-small-font-size is-layout-flow wp-block-quote-is-layout-flow\">\n<p>A desconsidera\u00e7\u00e3o inversa da personalidade jur\u00eddica, n\u00e3o prevista no C\u00f3digo Civil, foi admitida pelo STJ. Caracteriza-se ela \u201cpelo<strong> afastamento da autonomia patrimonial da sociedade para<\/strong>, contrariamente ao que ocorre na desconsidera\u00e7\u00e3o da personalidade propriamente dita, <strong>atingir o ente coletivo e seu patrim\u00f4nio social, de modo a responsabilizar a pessoa jur\u00eddica por obriga\u00e7\u00f5es do s\u00f3cio controlador<\/strong>\u201d.<\/p>\n<\/blockquote>\n\n\n\n<p>Notem, portanto, que, <strong>enquanto no IDPJ o que se quer atingir \u00e9 o patrim\u00f4nio pessoal do s\u00f3cio por algo que a empresa fez, na desconsidera\u00e7\u00e3o inversa o que se quer alcan\u00e7ar \u00e9 o patrim\u00f4nio da empresa por algo que o s\u00f3cio fez.<\/strong><\/p>\n\n\n\n<p>Ademais, o autor exemplifica do seguinte modo a desconsidera\u00e7\u00e3o inversa:<\/p>\n\n\n\n<blockquote class=\"wp-block-quote has-small-font-size is-layout-flow wp-block-quote-is-layout-flow\">\n<p>Um exemplo de <em>disregard doctrine<\/em> inversa, a que se reporta a jurisprud\u00eancia do STJ, se d\u00e1 no caso em que <strong>o s\u00f3cio controlador esvazia o seu patrim\u00f4nio pessoal e o integraliza, por inteiro, na pessoa jur\u00eddica, deixando intencionalmente os credores sem acesso \u00e0 garantia patrimonial.<\/strong> Mas \u00e9 preciso que sejam preenchidos os requisitos do art. 50, do C\u00f3digo Civil, pois n\u00e3o \u00e9 ato il\u00edcito a formaliza\u00e7\u00e3o e capitaliza\u00e7\u00e3o de pessoa jur\u00eddica, em si. Da\u00ed que, somente por meio da demonstra\u00e7\u00e3o da fraude cometida pelo s\u00f3cio, \u00e9 que se poder\u00e1 alcan\u00e7ar a desconsidera\u00e7\u00e3o inversa.<\/p>\n<\/blockquote>\n\n\n\n<h2 class=\"wp-block-heading has-vivid-cyan-blue-color has-text-color has-link-color wp-elements-e7b20fe698c6c29a007e244ab912bd2c\" id=\"h-conclusao\">Conclus\u00e3o<\/h2>\n\n\n\n<p>Portanto, pessoal, esse foi nosso breve resumo sobre a Desconsidera\u00e7\u00e3o da personalidade jur\u00eddica para o Concurso da ALEPR (Assembleia Legislativa do Estado do Paran\u00e1).<\/p>\n\n\n\n<p>Por fim, considerando que n\u00e3o esgotamos aqui o tema, n\u00e3o deixe de revisar o assunto em seu material de estudos e praticar com diversas quest\u00f5es sobre o tema.<\/p>\n\n\n\n<p>No mais, desejamos uma excelente prova a todos!!<\/p>\n\n\n\n<p class=\"has-text-align-center\" id=\"h-quer-saber-tudo-sobre-concursos-previstos\"><strong>Quer saber quais ser\u00e3o os pr\u00f3ximos concursos?<\/strong><\/p>\n\n\n\n<p class=\"has-text-align-center\"><strong>Confira nossos artigos!<\/strong><\/p>\n\n\n\n<p class=\"has-text-align-center has-white-color has-pale-cyan-blue-background-color has-text-color has-background\"><a href=\"https:\/\/www.estrategiaconcursos.com.br\/blog\/concursos-abertos\/\" target=\"_blank\" rel=\"noreferrer noopener\">Confira os concursos p\u00fablicos abertos<\/a><\/p>\n\n\n\n<p class=\"has-text-align-center has-white-color has-pale-cyan-blue-background-color has-text-color has-background\"><a href=\"https:\/\/www.estrategiaconcursos.com.br\/blog\/concursos-2024\/\" target=\"_blank\" rel=\"noreferrer noopener\">Concursos 2024<\/a><\/p>\n\n\n\n<h3 class=\"wp-block-heading\" id=\"assinatura-de-concursos\">Assinatura de Concursos<\/h3>\n\n\n\n<p>Assinatura de 1 ano ou 2 anos <a href=\"https:\/\/www.estrategiaconcursos.com.br\/assinaturas\/\" target=\"_blank\" rel=\"noreferrer noopener\">ASSINE AGORA<\/a><\/p>\n\n\n\n<p>Agora, confira as vagas e oportunidades dos&nbsp;<strong>concursos 2024<\/strong>&nbsp;navegando atrav\u00e9s do \u00edndice abaixo:<\/p>\n\n\n\n<h2 class=\"wp-block-heading\" id=\"concursos-e-vagas-previstas-para-2023\">Concursos e vagas previstas para 2024:<\/h2>\n\n\n\n<p>Ademais, al\u00e9m deste resumo sobre a Desconsidera\u00e7\u00e3o da personalidade jur\u00eddica para ALEPR, confira:<\/p>\n\n\n\n<ul class=\"wp-block-list\">\n<li><a href=\"https:\/\/www.estrategiaconcursos.com.br\/blog\/concursos-2023\/#policial\" target=\"_blank\" rel=\"noreferrer noopener\">Concursos Policiais<\/a><\/li>\n\n\n\n<li><a href=\"https:\/\/www.estrategiaconcursos.com.br\/blog\/concursos-2023\/#fiscal\" target=\"_blank\" rel=\"noreferrer noopener\">Concursos Fiscais<\/a><\/li>\n\n\n\n<li><a href=\"https:\/\/www.estrategiaconcursos.com.br\/blog\/concursos-2023\/#controle\" target=\"_blank\" rel=\"noreferrer noopener\">Concursos Controle<\/a><\/li>\n\n\n\n<li><a href=\"https:\/\/www.estrategiaconcursos.com.br\/blog\/concursos-2023\/#tribunais\" target=\"_blank\" rel=\"noreferrer noopener\">Concursos Tribunais<\/a><\/li>\n\n\n\n<li><a href=\"https:\/\/www.estrategiaconcursos.com.br\/blog\/concursos-2023\/#ministerios-publicos\" target=\"_blank\" rel=\"noreferrer noopener\">Concursos em Minist\u00e9rios P\u00fablicos<\/a><\/li>\n\n\n\n<li><a href=\"https:\/\/www.estrategiaconcursos.com.br\/blog\/concursos-2023\/#defensorias-publicas\" target=\"_blank\" rel=\"noreferrer noopener\">Concursos em Defensorias<\/a><\/li>\n\n\n\n<li><a href=\"https:\/\/www.estrategiaconcursos.com.br\/blog\/concursos-2023\/#legislativa\" target=\"_blank\" rel=\"noreferrer noopener\">Concursos Legislativos<\/a><\/li>\n\n\n\n<li><a href=\"https:\/\/www.estrategiaconcursos.com.br\/blog\/concursos-2023\/#saude\" target=\"_blank\" rel=\"noreferrer noopener\">Concursos da \u00e1rea da Sa\u00fade<\/a><\/li>\n\n\n\n<li><a href=\"https:\/\/www.estrategiaconcursos.com.br\/blog\/concursos-2023\/#bancaria\" target=\"_blank\" rel=\"noreferrer noopener\">Concursos da \u00e1rea banc\u00e1ria<\/a><\/li>\n\n\n\n<li><a href=\"https:\/\/www.estrategiaconcursos.com.br\/blog\/concursos-2023\/#educacao\" target=\"_blank\" rel=\"noreferrer noopener\">Concursos da \u00e1rea da Educa\u00e7\u00e3o<\/a><\/li>\n\n\n\n<li><a href=\"https:\/\/www.estrategiaconcursos.com.br\/blog\/concursos-2023\/#prefeituras\" target=\"_blank\" rel=\"noreferrer noopener\">Concursos para Prefeituras<\/a><\/li>\n\n\n\n<li><a href=\"https:\/\/www.estrategiaconcursos.com.br\/blog\/concursos-2023\/#outros\" target=\"_blank\" rel=\"noreferrer noopener\">Concursos outras oportunidades<\/a><\/li>\n<\/ul>\n\n\n\n<p class=\"has-text-align-center has-luminous-vivid-amber-background-color has-background\" style=\"font-size:clamp(14.642px, 0.915rem + ((1vw - 3.2px) * 0.721), 22px);\"><strong>Veja tamb\u00e9m: <a href=\"https:\/\/www.estrategiaconcursos.com.br\/blog\/concursos-abertos\/\" target=\"_blank\" rel=\"noreferrer noopener\">Concursos Abertos<\/a><\/strong><\/p>\n\n\n\n<p class=\"has-text-align-left\" style=\"font-size:clamp(16.293px, 1.018rem + ((1vw - 3.2px) * 0.854), 25px);\"><em><strong>Quer saber tudo sobre os concursos previstos? Confira nossos artigos completos:<\/strong><\/em><\/p>\n\n\n\n<p>Ademais, al\u00e9m deste resumo sobre a Desconsidera\u00e7\u00e3o da personalidade jur\u00eddica para ALEPR, confira:<\/p>\n\n\n\n<ul class=\"wp-block-list\">\n<li><a href=\"https:\/\/www.estrategiaconcursos.com.br\/blog\/concursos-2024\/\" target=\"_blank\" rel=\"noreferrer noopener\">Concursos 2024<\/a><\/li>\n\n\n\n<li><a href=\"https:\/\/www.estrategiaconcursos.com.br\/blog\/concurso-nacional-unificado\/\" target=\"_blank\" rel=\"noreferrer noopener\">Concurso Nacional Unificado (CNU)<\/a><\/li>\n<\/ul>\n","protected":false},"excerpt":{"rendered":"<p>Fala, pessoal, tudo certo? Hoje faremos um breve resumo sobre a Desconsidera\u00e7\u00e3o da personalidade jur\u00eddica para o Concurso da ALEPR (Assembleia Legislativa do Estado do Paran\u00e1). Com efeito, trata-se de tema relevante no estudo do Direito do Trabalho e Direito Processual do Trabalho! Al\u00e9m disso, o edital da ALEPR, elaborado pela Banca FGV, saiu ofertando [&hellip;]<\/p>\n","protected":false},"author":2567,"featured_media":1337884,"comment_status":"open","ping_status":"closed","sticky":false,"template":"","format":"standard","meta":{"post_tipo":"article","footnotes":""},"categories":[1,2017],"tags":[],"tax_estado":[219963,219981],"class_list":["post-1337876","post","type-post","status-publish","format-standard","has-post-thumbnail","hentry","category-cursos-e-concursos","category-concursos-legislativos","tax_estado-concursos-federais","tax_estado-pr"],"acf":[],"yoast_head":"<!-- This site is optimized with the Yoast SEO Premium plugin v27.2 (Yoast SEO v27.2) - https:\/\/yoast.com\/product\/yoast-seo-premium-wordpress\/ -->\n<title>Desconsidera\u00e7\u00e3o da personalidade jur\u00eddica para ALEPR<\/title>\n<meta name=\"description\" content=\"Confira neste artigo as principais informa\u00e7\u00f5es sobre a Desconsidera\u00e7\u00e3o da personalidade jur\u00eddica para o Concurso P\u00fablico da ALEPR!\" \/>\n<meta name=\"robots\" content=\"index, follow, max-snippet:-1, max-image-preview:large, max-video-preview:-1\" \/>\n<link rel=\"canonical\" href=\"https:\/\/www.estrategiaconcursos.com.br\/blog\/desconsideracao-personalidade-juridica-alepr\/\" \/>\n<meta property=\"og:locale\" content=\"pt_BR\" \/>\n<meta property=\"og:type\" content=\"article\" \/>\n<meta property=\"og:title\" content=\"Desconsidera\u00e7\u00e3o da personalidade jur\u00eddica para ALEPR\" \/>\n<meta property=\"og:description\" content=\"Confira neste artigo as principais informa\u00e7\u00f5es sobre a Desconsidera\u00e7\u00e3o da personalidade jur\u00eddica para o Concurso P\u00fablico da ALEPR!\" \/>\n<meta property=\"og:url\" content=\"https:\/\/www.estrategiaconcursos.com.br\/blog\/desconsideracao-personalidade-juridica-alepr\/\" \/>\n<meta property=\"og:site_name\" content=\"Estrat\u00e9gia Concursos\" \/>\n<meta property=\"article:published_time\" content=\"2024-01-31T19:26:54+00:00\" \/>\n<meta property=\"article:modified_time\" content=\"2024-01-31T19:26:57+00:00\" \/>\n<meta property=\"og:image\" content=\"https:\/\/dhg1h5j42swfq.cloudfront.net\/2024\/01\/18094131\/traje-corporativo-fundo-homem-branco-scaled.jpg\" \/>\n\t<meta property=\"og:image:width\" content=\"2560\" \/>\n\t<meta property=\"og:image:height\" content=\"1709\" \/>\n\t<meta property=\"og:image:type\" content=\"image\/jpeg\" \/>\n<meta name=\"author\" content=\"Frederico Tadeu Borlot Peixoto\" \/>\n<meta name=\"twitter:card\" content=\"summary_large_image\" \/>\n<meta name=\"twitter:creator\" content=\"@EstratConcursos\" \/>\n<meta name=\"twitter:site\" content=\"@EstratConcursos\" \/>\n<meta name=\"twitter:label1\" content=\"Escrito por\" \/>\n\t<meta name=\"twitter:data1\" content=\"Frederico Tadeu Borlot Peixoto\" \/>\n\t<meta name=\"twitter:label2\" content=\"Est. tempo de leitura\" \/>\n\t<meta name=\"twitter:data2\" content=\"9 minutos\" \/>\n<script type=\"application\/ld+json\" class=\"yoast-schema-graph\">{\"@context\":\"https:\/\/schema.org\",\"@graph\":[{\"@type\":\"NewsArticle\",\"@id\":\"https:\/\/www.estrategiaconcursos.com.br\/blog\/desconsideracao-personalidade-juridica-alepr\/#article\",\"isPartOf\":{\"@id\":\"https:\/\/www.estrategiaconcursos.com.br\/blog\/desconsideracao-personalidade-juridica-alepr\/\"},\"author\":{\"name\":\"Frederico Tadeu Borlot Peixoto\",\"@id\":\"https:\/\/www.estrategiaconcursos.com.br\/blog\/#\/schema\/person\/48a7e085e45aee7c3d4596399af50ebb\"},\"headline\":\"Desconsidera\u00e7\u00e3o da personalidade jur\u00eddica para ALEPR\",\"datePublished\":\"2024-01-31T19:26:54+00:00\",\"dateModified\":\"2024-01-31T19:26:57+00:00\",\"mainEntityOfPage\":{\"@id\":\"https:\/\/www.estrategiaconcursos.com.br\/blog\/desconsideracao-personalidade-juridica-alepr\/\"},\"wordCount\":1711,\"commentCount\":0,\"publisher\":{\"@id\":\"https:\/\/www.estrategiaconcursos.com.br\/blog\/#organization\"},\"image\":{\"@id\":\"https:\/\/www.estrategiaconcursos.com.br\/blog\/desconsideracao-personalidade-juridica-alepr\/#primaryimage\"},\"thumbnailUrl\":\"https:\/\/dhg1h5j42swfq.cloudfront.net\/2024\/01\/18094131\/traje-corporativo-fundo-homem-branco-scaled.jpg\",\"articleSection\":[\"Concursos P\u00fablicos\",\"Legislativo\"],\"inLanguage\":\"pt-BR\",\"potentialAction\":[{\"@type\":\"CommentAction\",\"name\":\"Comment\",\"target\":[\"https:\/\/www.estrategiaconcursos.com.br\/blog\/desconsideracao-personalidade-juridica-alepr\/#respond\"]}],\"copyrightYear\":\"2024\",\"copyrightHolder\":{\"@id\":\"https:\/\/www.estrategiaconcursos.com.br\/blog\/#organization\"}},{\"@type\":\"WebPage\",\"@id\":\"https:\/\/www.estrategiaconcursos.com.br\/blog\/desconsideracao-personalidade-juridica-alepr\/\",\"url\":\"https:\/\/www.estrategiaconcursos.com.br\/blog\/desconsideracao-personalidade-juridica-alepr\/\",\"name\":\"Desconsidera\u00e7\u00e3o da personalidade jur\u00eddica para ALEPR\",\"isPartOf\":{\"@id\":\"https:\/\/www.estrategiaconcursos.com.br\/blog\/#website\"},\"primaryImageOfPage\":{\"@id\":\"https:\/\/www.estrategiaconcursos.com.br\/blog\/desconsideracao-personalidade-juridica-alepr\/#primaryimage\"},\"image\":{\"@id\":\"https:\/\/www.estrategiaconcursos.com.br\/blog\/desconsideracao-personalidade-juridica-alepr\/#primaryimage\"},\"thumbnailUrl\":\"https:\/\/dhg1h5j42swfq.cloudfront.net\/2024\/01\/18094131\/traje-corporativo-fundo-homem-branco-scaled.jpg\",\"datePublished\":\"2024-01-31T19:26:54+00:00\",\"dateModified\":\"2024-01-31T19:26:57+00:00\",\"description\":\"Confira neste artigo as principais informa\u00e7\u00f5es sobre a Desconsidera\u00e7\u00e3o da personalidade jur\u00eddica para o Concurso P\u00fablico da ALEPR!\",\"breadcrumb\":{\"@id\":\"https:\/\/www.estrategiaconcursos.com.br\/blog\/desconsideracao-personalidade-juridica-alepr\/#breadcrumb\"},\"inLanguage\":\"pt-BR\",\"potentialAction\":[{\"@type\":\"ReadAction\",\"target\":[\"https:\/\/www.estrategiaconcursos.com.br\/blog\/desconsideracao-personalidade-juridica-alepr\/\"]}]},{\"@type\":\"ImageObject\",\"inLanguage\":\"pt-BR\",\"@id\":\"https:\/\/www.estrategiaconcursos.com.br\/blog\/desconsideracao-personalidade-juridica-alepr\/#primaryimage\",\"url\":\"https:\/\/dhg1h5j42swfq.cloudfront.net\/2024\/01\/18094131\/traje-corporativo-fundo-homem-branco-scaled.jpg\",\"contentUrl\":\"https:\/\/dhg1h5j42swfq.cloudfront.net\/2024\/01\/18094131\/traje-corporativo-fundo-homem-branco-scaled.jpg\",\"width\":2560,\"height\":1709,\"caption\":\"Desconsidera\u00e7\u00e3o da personalidade jur\u00eddica para ALEPR\"},{\"@type\":\"BreadcrumbList\",\"@id\":\"https:\/\/www.estrategiaconcursos.com.br\/blog\/desconsideracao-personalidade-juridica-alepr\/#breadcrumb\",\"itemListElement\":[{\"@type\":\"ListItem\",\"position\":1,\"name\":\"In\u00edcio\",\"item\":\"https:\/\/www.estrategiaconcursos.com.br\/blog\/\"},{\"@type\":\"ListItem\",\"position\":2,\"name\":\"Desconsidera\u00e7\u00e3o da personalidade jur\u00eddica para ALEPR\"}]},{\"@type\":\"WebSite\",\"@id\":\"https:\/\/www.estrategiaconcursos.com.br\/blog\/#website\",\"url\":\"https:\/\/www.estrategiaconcursos.com.br\/blog\/\",\"name\":\"Estrat\u00e9gia Concursos\",\"description\":\"O blog da Estrat\u00e9gia Concursos traz not\u00edcias sobre concursos e artigos de professores oferecendo cursos para concursos (pdf + videaulas) no site.\",\"publisher\":{\"@id\":\"https:\/\/www.estrategiaconcursos.com.br\/blog\/#organization\"},\"potentialAction\":[{\"@type\":\"SearchAction\",\"target\":{\"@type\":\"EntryPoint\",\"urlTemplate\":\"https:\/\/www.estrategiaconcursos.com.br\/blog\/?s={search_term_string}\"},\"query-input\":{\"@type\":\"PropertyValueSpecification\",\"valueRequired\":true,\"valueName\":\"search_term_string\"}}],\"inLanguage\":\"pt-BR\"},{\"@type\":\"Organization\",\"@id\":\"https:\/\/www.estrategiaconcursos.com.br\/blog\/#organization\",\"name\":\"Estrat\u00e9gia Concursos\",\"url\":\"https:\/\/www.estrategiaconcursos.com.br\/blog\/\",\"logo\":{\"@type\":\"ImageObject\",\"inLanguage\":\"pt-BR\",\"@id\":\"https:\/\/www.estrategiaconcursos.com.br\/blog\/#\/schema\/logo\/image\/\",\"url\":\"https:\/\/dhg1h5j42swfq.cloudfront.net\/2025\/06\/03203428\/logo_concursos-1.jpg\",\"contentUrl\":\"https:\/\/dhg1h5j42swfq.cloudfront.net\/2025\/06\/03203428\/logo_concursos-1.jpg\",\"width\":230,\"height\":60,\"caption\":\"Estrat\u00e9gia Concursos\"},\"image\":{\"@id\":\"https:\/\/www.estrategiaconcursos.com.br\/blog\/#\/schema\/logo\/image\/\"},\"sameAs\":[\"https:\/\/x.com\/EstratConcursos\"]},{\"@type\":\"Person\",\"@id\":\"https:\/\/www.estrategiaconcursos.com.br\/blog\/#\/schema\/person\/48a7e085e45aee7c3d4596399af50ebb\",\"name\":\"Frederico Tadeu Borlot Peixoto\",\"image\":{\"@type\":\"ImageObject\",\"inLanguage\":\"pt-BR\",\"@id\":\"https:\/\/secure.gravatar.com\/avatar\/df8a49e2321c1e32f85e9e7c2a9c92c688f1f53a947220f40017ff5858b09fdb?s=96&d=mm&r=g\",\"url\":\"https:\/\/secure.gravatar.com\/avatar\/df8a49e2321c1e32f85e9e7c2a9c92c688f1f53a947220f40017ff5858b09fdb?s=96&d=mm&r=g\",\"contentUrl\":\"https:\/\/secure.gravatar.com\/avatar\/df8a49e2321c1e32f85e9e7c2a9c92c688f1f53a947220f40017ff5858b09fdb?s=96&d=mm&r=g\",\"caption\":\"Frederico Tadeu Borlot Peixoto\"},\"description\":\"Analista Judici\u00e1rio - \u00c1rea Judici\u00e1ria do TRF da 4\u00aa regi\u00e3o. Bacharel em Direito. P\u00f3s-graduado em Direito Administrativo, Legisla\u00e7\u00e3o Penal Especial, Direito Penal e Direito Processual Penal. Tamb\u00e9m nomeado no TRF da 3\u00aa regi\u00e3o (8\u00ba lugar); SPPREV (3\u00ba lugar); IFES (2\u00ba lugar); e PMES. https:\/\/www.instagram.com\/proffrederico\/\",\"sameAs\":[\"https:\/\/www.instagram.com\/proffrederico\/\"],\"url\":\"https:\/\/www.estrategiaconcursos.com.br\/blog\/author\/xfredericohotmail-com\/\"}]}<\/script>\n<!-- \/ Yoast SEO Premium plugin. -->","yoast_head_json":{"title":"Desconsidera\u00e7\u00e3o da personalidade jur\u00eddica para ALEPR","description":"Confira neste artigo as principais informa\u00e7\u00f5es sobre a Desconsidera\u00e7\u00e3o da personalidade jur\u00eddica para o Concurso P\u00fablico da ALEPR!","robots":{"index":"index","follow":"follow","max-snippet":"max-snippet:-1","max-image-preview":"max-image-preview:large","max-video-preview":"max-video-preview:-1"},"canonical":"https:\/\/www.estrategiaconcursos.com.br\/blog\/desconsideracao-personalidade-juridica-alepr\/","og_locale":"pt_BR","og_type":"article","og_title":"Desconsidera\u00e7\u00e3o da personalidade jur\u00eddica para ALEPR","og_description":"Confira neste artigo as principais informa\u00e7\u00f5es sobre a Desconsidera\u00e7\u00e3o da personalidade jur\u00eddica para o Concurso P\u00fablico da ALEPR!","og_url":"https:\/\/www.estrategiaconcursos.com.br\/blog\/desconsideracao-personalidade-juridica-alepr\/","og_site_name":"Estrat\u00e9gia Concursos","article_published_time":"2024-01-31T19:26:54+00:00","article_modified_time":"2024-01-31T19:26:57+00:00","og_image":[{"width":2560,"height":1709,"url":"https:\/\/dhg1h5j42swfq.cloudfront.net\/2024\/01\/18094131\/traje-corporativo-fundo-homem-branco-scaled.jpg","type":"image\/jpeg"}],"author":"Frederico Tadeu Borlot Peixoto","twitter_card":"summary_large_image","twitter_creator":"@EstratConcursos","twitter_site":"@EstratConcursos","twitter_misc":{"Escrito por":"Frederico Tadeu Borlot Peixoto","Est. tempo de leitura":"9 minutos"},"schema":{"@context":"https:\/\/schema.org","@graph":[{"@type":"NewsArticle","@id":"https:\/\/www.estrategiaconcursos.com.br\/blog\/desconsideracao-personalidade-juridica-alepr\/#article","isPartOf":{"@id":"https:\/\/www.estrategiaconcursos.com.br\/blog\/desconsideracao-personalidade-juridica-alepr\/"},"author":{"name":"Frederico Tadeu Borlot Peixoto","@id":"https:\/\/www.estrategiaconcursos.com.br\/blog\/#\/schema\/person\/48a7e085e45aee7c3d4596399af50ebb"},"headline":"Desconsidera\u00e7\u00e3o da personalidade jur\u00eddica para ALEPR","datePublished":"2024-01-31T19:26:54+00:00","dateModified":"2024-01-31T19:26:57+00:00","mainEntityOfPage":{"@id":"https:\/\/www.estrategiaconcursos.com.br\/blog\/desconsideracao-personalidade-juridica-alepr\/"},"wordCount":1711,"commentCount":0,"publisher":{"@id":"https:\/\/www.estrategiaconcursos.com.br\/blog\/#organization"},"image":{"@id":"https:\/\/www.estrategiaconcursos.com.br\/blog\/desconsideracao-personalidade-juridica-alepr\/#primaryimage"},"thumbnailUrl":"https:\/\/dhg1h5j42swfq.cloudfront.net\/2024\/01\/18094131\/traje-corporativo-fundo-homem-branco-scaled.jpg","articleSection":["Concursos P\u00fablicos","Legislativo"],"inLanguage":"pt-BR","potentialAction":[{"@type":"CommentAction","name":"Comment","target":["https:\/\/www.estrategiaconcursos.com.br\/blog\/desconsideracao-personalidade-juridica-alepr\/#respond"]}],"copyrightYear":"2024","copyrightHolder":{"@id":"https:\/\/www.estrategiaconcursos.com.br\/blog\/#organization"}},{"@type":"WebPage","@id":"https:\/\/www.estrategiaconcursos.com.br\/blog\/desconsideracao-personalidade-juridica-alepr\/","url":"https:\/\/www.estrategiaconcursos.com.br\/blog\/desconsideracao-personalidade-juridica-alepr\/","name":"Desconsidera\u00e7\u00e3o da personalidade jur\u00eddica para ALEPR","isPartOf":{"@id":"https:\/\/www.estrategiaconcursos.com.br\/blog\/#website"},"primaryImageOfPage":{"@id":"https:\/\/www.estrategiaconcursos.com.br\/blog\/desconsideracao-personalidade-juridica-alepr\/#primaryimage"},"image":{"@id":"https:\/\/www.estrategiaconcursos.com.br\/blog\/desconsideracao-personalidade-juridica-alepr\/#primaryimage"},"thumbnailUrl":"https:\/\/dhg1h5j42swfq.cloudfront.net\/2024\/01\/18094131\/traje-corporativo-fundo-homem-branco-scaled.jpg","datePublished":"2024-01-31T19:26:54+00:00","dateModified":"2024-01-31T19:26:57+00:00","description":"Confira neste artigo as principais informa\u00e7\u00f5es sobre a Desconsidera\u00e7\u00e3o da personalidade jur\u00eddica para o Concurso P\u00fablico da ALEPR!","breadcrumb":{"@id":"https:\/\/www.estrategiaconcursos.com.br\/blog\/desconsideracao-personalidade-juridica-alepr\/#breadcrumb"},"inLanguage":"pt-BR","potentialAction":[{"@type":"ReadAction","target":["https:\/\/www.estrategiaconcursos.com.br\/blog\/desconsideracao-personalidade-juridica-alepr\/"]}]},{"@type":"ImageObject","inLanguage":"pt-BR","@id":"https:\/\/www.estrategiaconcursos.com.br\/blog\/desconsideracao-personalidade-juridica-alepr\/#primaryimage","url":"https:\/\/dhg1h5j42swfq.cloudfront.net\/2024\/01\/18094131\/traje-corporativo-fundo-homem-branco-scaled.jpg","contentUrl":"https:\/\/dhg1h5j42swfq.cloudfront.net\/2024\/01\/18094131\/traje-corporativo-fundo-homem-branco-scaled.jpg","width":2560,"height":1709,"caption":"Desconsidera\u00e7\u00e3o da personalidade jur\u00eddica para ALEPR"},{"@type":"BreadcrumbList","@id":"https:\/\/www.estrategiaconcursos.com.br\/blog\/desconsideracao-personalidade-juridica-alepr\/#breadcrumb","itemListElement":[{"@type":"ListItem","position":1,"name":"In\u00edcio","item":"https:\/\/www.estrategiaconcursos.com.br\/blog\/"},{"@type":"ListItem","position":2,"name":"Desconsidera\u00e7\u00e3o da personalidade jur\u00eddica para ALEPR"}]},{"@type":"WebSite","@id":"https:\/\/www.estrategiaconcursos.com.br\/blog\/#website","url":"https:\/\/www.estrategiaconcursos.com.br\/blog\/","name":"Estrat\u00e9gia Concursos","description":"O blog da Estrat\u00e9gia Concursos traz not\u00edcias sobre concursos e artigos de professores oferecendo cursos para concursos (pdf + videaulas) no site.","publisher":{"@id":"https:\/\/www.estrategiaconcursos.com.br\/blog\/#organization"},"potentialAction":[{"@type":"SearchAction","target":{"@type":"EntryPoint","urlTemplate":"https:\/\/www.estrategiaconcursos.com.br\/blog\/?s={search_term_string}"},"query-input":{"@type":"PropertyValueSpecification","valueRequired":true,"valueName":"search_term_string"}}],"inLanguage":"pt-BR"},{"@type":"Organization","@id":"https:\/\/www.estrategiaconcursos.com.br\/blog\/#organization","name":"Estrat\u00e9gia Concursos","url":"https:\/\/www.estrategiaconcursos.com.br\/blog\/","logo":{"@type":"ImageObject","inLanguage":"pt-BR","@id":"https:\/\/www.estrategiaconcursos.com.br\/blog\/#\/schema\/logo\/image\/","url":"https:\/\/dhg1h5j42swfq.cloudfront.net\/2025\/06\/03203428\/logo_concursos-1.jpg","contentUrl":"https:\/\/dhg1h5j42swfq.cloudfront.net\/2025\/06\/03203428\/logo_concursos-1.jpg","width":230,"height":60,"caption":"Estrat\u00e9gia Concursos"},"image":{"@id":"https:\/\/www.estrategiaconcursos.com.br\/blog\/#\/schema\/logo\/image\/"},"sameAs":["https:\/\/x.com\/EstratConcursos"]},{"@type":"Person","@id":"https:\/\/www.estrategiaconcursos.com.br\/blog\/#\/schema\/person\/48a7e085e45aee7c3d4596399af50ebb","name":"Frederico Tadeu Borlot Peixoto","image":{"@type":"ImageObject","inLanguage":"pt-BR","@id":"https:\/\/secure.gravatar.com\/avatar\/df8a49e2321c1e32f85e9e7c2a9c92c688f1f53a947220f40017ff5858b09fdb?s=96&d=mm&r=g","url":"https:\/\/secure.gravatar.com\/avatar\/df8a49e2321c1e32f85e9e7c2a9c92c688f1f53a947220f40017ff5858b09fdb?s=96&d=mm&r=g","contentUrl":"https:\/\/secure.gravatar.com\/avatar\/df8a49e2321c1e32f85e9e7c2a9c92c688f1f53a947220f40017ff5858b09fdb?s=96&d=mm&r=g","caption":"Frederico Tadeu Borlot Peixoto"},"description":"Analista Judici\u00e1rio - \u00c1rea Judici\u00e1ria do TRF da 4\u00aa regi\u00e3o. Bacharel em Direito. P\u00f3s-graduado em Direito Administrativo, Legisla\u00e7\u00e3o Penal Especial, Direito Penal e Direito Processual Penal. Tamb\u00e9m nomeado no TRF da 3\u00aa regi\u00e3o (8\u00ba lugar); SPPREV (3\u00ba lugar); IFES (2\u00ba lugar); e PMES. https:\/\/www.instagram.com\/proffrederico\/","sameAs":["https:\/\/www.instagram.com\/proffrederico\/"],"url":"https:\/\/www.estrategiaconcursos.com.br\/blog\/author\/xfredericohotmail-com\/"}]}},"_links":{"self":[{"href":"https:\/\/www.estrategiaconcursos.com.br\/blog\/wp-json\/wp\/v2\/posts\/1337876","targetHints":{"allow":["GET"]}}],"collection":[{"href":"https:\/\/www.estrategiaconcursos.com.br\/blog\/wp-json\/wp\/v2\/posts"}],"about":[{"href":"https:\/\/www.estrategiaconcursos.com.br\/blog\/wp-json\/wp\/v2\/types\/post"}],"author":[{"embeddable":true,"href":"https:\/\/www.estrategiaconcursos.com.br\/blog\/wp-json\/wp\/v2\/users\/2567"}],"replies":[{"embeddable":true,"href":"https:\/\/www.estrategiaconcursos.com.br\/blog\/wp-json\/wp\/v2\/comments?post=1337876"}],"version-history":[{"count":2,"href":"https:\/\/www.estrategiaconcursos.com.br\/blog\/wp-json\/wp\/v2\/posts\/1337876\/revisions"}],"predecessor-version":[{"id":1337893,"href":"https:\/\/www.estrategiaconcursos.com.br\/blog\/wp-json\/wp\/v2\/posts\/1337876\/revisions\/1337893"}],"wp:featuredmedia":[{"embeddable":true,"href":"https:\/\/www.estrategiaconcursos.com.br\/blog\/wp-json\/wp\/v2\/media\/1337884"}],"wp:attachment":[{"href":"https:\/\/www.estrategiaconcursos.com.br\/blog\/wp-json\/wp\/v2\/media?parent=1337876"}],"wp:term":[{"taxonomy":"category","embeddable":true,"href":"https:\/\/www.estrategiaconcursos.com.br\/blog\/wp-json\/wp\/v2\/categories?post=1337876"},{"taxonomy":"post_tag","embeddable":true,"href":"https:\/\/www.estrategiaconcursos.com.br\/blog\/wp-json\/wp\/v2\/tags?post=1337876"},{"taxonomy":"tax_estado","embeddable":true,"href":"https:\/\/www.estrategiaconcursos.com.br\/blog\/wp-json\/wp\/v2\/tax_estado?post=1337876"}],"curies":[{"name":"wp","href":"https:\/\/api.w.org\/{rel}","templated":true}]}}