{"id":133634,"date":"2019-03-28T04:00:06","date_gmt":"2019-03-28T07:00:06","guid":{"rendered":"https:\/\/www.estrategiaconcursos.com.br\/blog\/?p=133634"},"modified":"2023-06-19T14:06:41","modified_gmt":"2023-06-19T17:06:41","slug":"concurso-pm-rj-cfo","status":"publish","type":"post","link":"https:\/\/www.estrategiaconcursos.com.br\/blog\/concurso-pm-rj-cfo\/","title":{"rendered":"Concurso PMERJ: segundo governador, todos aprovados ser\u00e3o convocados"},"content":{"rendered":"\n<p>Foi anunciado pelo governado do Rio de Janeiro, Wilson Witzel, a confirma\u00e7\u00e3o de que os aprovados no concurso da Pol\u00edcia Militar do Rio de Janeiro que ocorreu em 2014<\/p>\n\n\n\n<p>A declara\u00e7\u00e3o aconteceu na \u00faltima ter\u00e7a-feira, 29 de outubro, no programa Papo com Witzel, programa ao vivo nas redes sociais do governador, quando informou que todos os aprovados ser\u00e3o convocados.<\/p>\n\n\n\n<h2 class=\"wp-block-heading\" id=\"h-ultimo-concurso\">\u00daltimo concurso<\/h2>\n\n\n\n<p>O \u00faltimo &nbsp;<strong><em>Concurso PMERJ&nbsp;<\/em><\/strong>para o Curso de Forma\u00e7\u00e3o de Oficiais, ocorreu no come\u00e7o de 2019. Autorizado desde julho deste ano, o certame ofertou 37 vagas,&nbsp;sendo 30 de ampla concorr\u00eancia e 07 vagas para negros ou \u00edndios.<\/p>\n\n\n\n<h2 class=\"wp-block-heading\" id=\"h-requisitos-basicos\">Requisitos b\u00e1sicos<\/h2>\n\n\n\n<p>Para ingressar no Curso de Forma\u00e7\u00e3o de Oficiais, \u00e9 necess\u00e1rio ter conclu\u00eddo o bacharelado em Direito, em institui\u00e7\u00e3o oficial ou reconhecida pelo Minist\u00e9rio da Educa\u00e7\u00e3o (MEC).<\/p>\n\n\n\n<p><b>Idade: <\/b>18 a 35 anos (at\u00e9 a matr\u00edcula no CFO)<\/p>\n\n\n\n<p><b>Altura m\u00ednima<\/b>: 1,65m (SM); 1,60m (SF)<\/p>\n\n\n\n<p><b>IMC: <\/b>18,5 a 29,9<\/p>\n\n\n\n<h3 class=\"wp-block-heading\" id=\"h-atribuicoes-do-cargo\">Atribui\u00e7\u00f5es do cargo<\/h3>\n\n\n\n<ul class=\"wp-block-list\">\n<li><em>Comandar pelot\u00e3o;<\/em><\/li>\n\n\n\n<li><em>Coordenar policiamento ostensivo;<\/em><\/li>\n\n\n\n<li><em>Participar do planejamento de a\u00e7\u00f5es e opera\u00e7\u00f5es;<\/em><\/li>\n\n\n\n<li><em>Pautar suas a\u00e7\u00f5es em preceitos \u00e9ticos, t\u00e9cnicos e legais;<\/em><\/li>\n\n\n\n<li><em>Gerenciar recursos humanos e log\u00edsticos;<\/em><\/li>\n\n\n\n<li><em>Desenvolver processos e procedimentos administrativos;<\/em><\/li>\n\n\n\n<li><em>Operar a legisla\u00e7\u00e3o, normas e regimentos internos e externos \u00e0 Corpora\u00e7\u00e3o;<\/em><\/li>\n\n\n\n<li><em>Exerc\u00edcio de atividade jurisdicional no \u00e2mbito da Justi\u00e7a Militar;<\/em><\/li>\n\n\n\n<li><em>Condu\u00e7\u00e3o de processos administrativos disciplinares;<\/em><\/li>\n\n\n\n<li><em>Condu\u00e7\u00e3o de inqu\u00e9ritos policiais militares e de procedimentos administrativos inerentes ao cargo.<\/em><\/li>\n<\/ul>\n\n\n\n<h2 class=\"wp-block-heading\" id=\"h-etapas-do-concurso\">Etapas do concurso<\/h2>\n\n\n\n<p><em><strong>1\u00aa ETAPA<\/strong><\/em><br \/>1\u00aa Fase: Prova Objetiva (Classificat\u00f3rio e eliminat\u00f3rio)<br \/>2\u00aa Fase: Prova Discursiva (Classificat\u00f3rio e eliminat\u00f3rio)<\/p>\n\n\n\n<p><em><strong>2\u00aa ETAPA<\/strong><\/em><br \/>1\u00aa Fase: Exame Antropom\u00e9trico (Eliminat\u00f3rio)<br \/>2\u00aa Fase: Teste de Aptid\u00e3o F\u00edsica &#8211; TAF (Eliminat\u00f3rio)<\/p>\n\n\n\n<p><em><strong>3\u00aa ETAPA<\/strong> <\/em><br \/>Exame Psicol\u00f3gico (Eliminat\u00f3rio)<\/p>\n\n\n\n<p><em><strong>4\u00aa ETAPA<\/strong> <\/em><br \/>Exame de Sa\u00fade (Eliminat\u00f3rio)<\/p>\n\n\n\n<p><em><strong>5\u00aa ETAPA<\/strong> <\/em><br \/>Exame Social e Documental (Eliminat\u00f3rio)<\/p>\n\n\n\n<p>A <em><strong>Prova Objetiva<\/strong><\/em> ser\u00e1 constitu\u00edda de <strong>60 quest\u00f5es<\/strong> de m\u00faltipla escolha, e ser\u00e1 realizada no turno vespertino, dentro do per\u00edodo de 4 horas e 30 minutos.&nbsp;Ser\u00e1 eliminado o candidato que n\u00e3o obtiver, pelo menos, 50% dos pontos da Prova Objetiva e\/ou obtiver nota zero em qualquer uma das \u00e1reas de conhecimentos.<\/p>\n\n\n\n<p>Direito Administrativo &#8211; 15 quest\u00f5es (peso 1,2)<br \/>Direito Constitucional&nbsp;&#8211; 15 quest\u00f5es (peso 1,6)<br \/>Direito Penal&nbsp;&#8211; 15 quest\u00f5es (peso 1,6)<br \/>Direito Processual Penal&nbsp;&#8211; 10 quest\u00f5es (peso 1)<br \/>Direito Penal Militar&nbsp;&#8211; 5 quest\u00f5es (peso 0,8)<\/p>\n\n\n\n<p>Previsto para acontecer no dia&nbsp;31 de mar\u00e7o, o&nbsp;<em><strong>Teste de Aptid\u00e3o F\u00edsica (TAF)<\/strong><\/em> ser\u00e1 constitu\u00eddo de duas provas, sendo divididas da seguinte forma de acordo com o sexo:<\/p>\n\n\n\n<p><strong>Candidatos do sexo Masculino&nbsp;<\/strong><br \/>I \u2013 <span style=\"text-decoration: underline;\">Teste de Flex\u00e3o Abdominal<\/span>: 36 repeti\u00e7\u00f5es em 60 segundos.<br \/>II &#8211;<span style=\"text-decoration: underline;\"> Corrida de 2.400m<\/span>: 12 minutos;<\/p>\n\n\n\n<p><strong>Candidatas&nbsp;do sexo Feminino<\/strong><br \/>I \u2013 <span style=\"text-decoration: underline;\">Teste de Flex\u00e3o Abdominal<\/span>: 26 repeti\u00e7\u00f5es em 60 segundos.<br \/>II &#8211; <span style=\"text-decoration: underline;\">Corrida de 2.400m<\/span>: 14 minutos;<\/p>\n\n\n\n<h2 class=\"wp-block-heading\" id=\"h-ultimo-concurso-pmerj\">\u00daltimo concurso PMERJ<\/h2>\n\n\n\n<p>O \u00faltimo concurso para o CFO aconteceu em 2017, tamb\u00e9m sob a organiza\u00e7\u00e3o da banca IBADE. Na ocasi\u00e3o foram ofertadas 50 vagas sendo 45 para homens e 5 para mulheres.<\/p>\n\n\n\n<h2 class=\"wp-block-heading\" id=\"h-vade-mecum-legislacao-completa-pm-rj\">Vade Mecum | Legisla\u00e7\u00e3o Completa PM RJ<\/h2>\n\n\n\n<p>Pensando em voc\u00ea concurseiro, os professores do Estrat\u00e9gia se reuniram para te auxiliar a poupar o seu tempo e compilar toda a legisla\u00e7\u00e3o prevista no edital. Por isso, estamos disponibilizando a legisla\u00e7\u00e3o completa prevista no concurso PM RJ para Oficial.<\/p>\n\n\n\n<p class=\"has-text-align-center has-very-light-gray-background-color has-background\"><a rel=\"noreferrer noopener\" href=\"https:\/\/www.estrategiaconcursos.com.br\/cursos\/concurso\/\" target=\"_blank\">CURSOS PMERJ OFICIAL<\/a><\/p>\n\n\n\n<p class=\"has-text-align-center\"><em><strong>Assinatura Anual Ilimitada*<\/strong><\/em><\/p>\n\n\n\n<p class=\"has-text-align-center\"><em>Prepare-se com o melhor material e com quem mais aprova em&nbsp;Concursos P\u00fablicos de todo o pa\u00eds. Assine agora a nossa Assinatura Anual e tenha acesso ilimitado* a todos os nossos cursos.<\/em><\/p>\n\n\n\n<p class=\"has-text-align-center has-luminous-vivid-amber-background-color has-background\"><strong>ASSINE AGORA<\/strong>&nbsp;\u2013&nbsp;<a rel=\"noreferrer noopener\" href=\"https:\/\/www.estrategiaconcursos.com.br\/assinaturas\" target=\"_blank\"><strong>Assinatura Ilimitada<\/strong><\/a><\/p>\n\n\n\n<p class=\"has-text-align-center has-pale-cyan-blue-background-color has-background\"><strong><a href=\"https:\/\/www.estrategiaconcursos.com.br\/blog\/concursos-abertos\/\">CONCURSOS ABERTOS<\/a><\/strong><\/p>\n\n\n\n<figure class=\"wp-block-image\"><img loading=\"lazy\" decoding=\"async\" width=\"300\" height=\"102\" src=\"https:\/\/dhg1h5j42swfq.cloudfront.net\/2017\/03\/28152500\/coruja-ficha-tecnica-300x102.png\" alt=\"Ficha t\u00e9cnica concurso guarda civil SJC\" class=\"wp-image-68542\"\/><\/figure>\n\n\n\n<p><strong>Ficha t\u00e9cnica concurso PMERJ 2019<\/strong><\/p>\n\n\n\n<p>\u25ba<strong>Data prevista da prova<\/strong>: 10\/02\/2019<br \/>\u25ba<strong>Vagas<\/strong>: 37<br \/>\u25ba<strong>Lota\u00e7\u00f5es<\/strong>: Rio de Janeiro<br \/>\u25ba<strong>Banca<\/strong>: Ibade<br \/>\u25ba<strong>Escolaridade<\/strong>: Bacharel em Direito<\/p>\n\n\n\n<p><em>Camila Leite<\/em><br \/><em>Ascom Estrat\u00e9gia<\/em><br \/>ascomestrategia@gmail.com<\/p>\n","protected":false},"excerpt":{"rendered":"<p>Foi anunciado pelo governado do Rio de Janeiro, Wilson Witzel, a confirma\u00e7\u00e3o de que os aprovados no concurso da Pol\u00edcia Militar do Rio de Janeiro que ocorreu em 2014 A declara\u00e7\u00e3o aconteceu na \u00faltima ter\u00e7a-feira, 29 de outubro, no programa Papo com Witzel, programa ao vivo nas redes sociais do governador, quando informou que todos [&hellip;]<\/p>\n","protected":false},"author":1,"featured_media":155715,"comment_status":"open","ping_status":"closed","sticky":false,"template":"","format":"standard","meta":{"post_tipo":"news","footnotes":""},"categories":[1,1988],"tags":[],"tax_estado":[219982],"class_list":["post-133634","post","type-post","status-publish","format-standard","has-post-thumbnail","hentry","category-cursos-e-concursos","category-policia","tax_estado-rj"],"acf":[],"yoast_head":"<!-- This site is optimized with the Yoast SEO Premium plugin v27.2 (Yoast SEO v27.2) - https:\/\/yoast.com\/product\/yoast-seo-premium-wordpress\/ -->\n<title>Concurso PMERJ: inscri\u00e7\u00f5es abertas para o Curso de Forma\u00e7\u00e3o de Oficiais<\/title>\n<meta name=\"description\" content=\"Concurso PMERJ: com inscri\u00e7\u00f5es abertas para o Curso de Forma\u00e7\u00e3o de Oficiais, prova deve acontecer em fevereiro. Saiba tudo aqui.\" \/>\n<meta name=\"robots\" content=\"index, follow, max-snippet:-1, max-image-preview:large, max-video-preview:-1\" \/>\n<link rel=\"canonical\" href=\"https:\/\/www.estrategiaconcursos.com.br\/blog\/concurso-pm-rj-cfo\/\" \/>\n<meta property=\"og:locale\" content=\"pt_BR\" \/>\n<meta property=\"og:type\" content=\"article\" \/>\n<meta property=\"og:title\" content=\"Concurso PMERJ: segundo governador, todos aprovados ser\u00e3o convocados\" \/>\n<meta property=\"og:description\" content=\"Concurso PMERJ: com inscri\u00e7\u00f5es abertas para o Curso de Forma\u00e7\u00e3o de Oficiais, prova deve acontecer em fevereiro. Saiba tudo aqui.\" \/>\n<meta property=\"og:url\" content=\"https:\/\/www.estrategiaconcursos.com.br\/blog\/concurso-pm-rj-cfo\/\" \/>\n<meta property=\"og:site_name\" content=\"Estrat\u00e9gia Concursos\" \/>\n<meta property=\"article:author\" content=\"https:\/\/www.facebook.com\/EstrategiaConcursos\" \/>\n<meta property=\"article:published_time\" content=\"2019-03-28T07:00:06+00:00\" \/>\n<meta property=\"article:modified_time\" content=\"2023-06-19T17:06:41+00:00\" \/>\n<meta property=\"og:image\" content=\"https:\/\/dhg1h5j42swfq.cloudfront.net\/2018\/11\/14165837\/3-e1544817526480.jpg\" \/>\n\t<meta property=\"og:image:width\" content=\"400\" \/>\n\t<meta property=\"og:image:height\" content=\"209\" \/>\n\t<meta property=\"og:image:type\" content=\"image\/jpeg\" \/>\n<meta name=\"author\" content=\"Coordena\u00e7\u00e3o\" \/>\n<meta name=\"twitter:card\" content=\"summary_large_image\" \/>\n<meta name=\"twitter:creator\" content=\"@EstratConcursos\" \/>\n<meta name=\"twitter:site\" content=\"@EstratConcursos\" \/>\n<meta name=\"twitter:label1\" content=\"Escrito por\" \/>\n\t<meta name=\"twitter:data1\" content=\"Coordena\u00e7\u00e3o\" \/>\n\t<meta name=\"twitter:label2\" content=\"Est. tempo de leitura\" \/>\n\t<meta name=\"twitter:data2\" content=\"3 minutos\" \/>\n<script type=\"application\/ld+json\" class=\"yoast-schema-graph\">{\"@context\":\"https:\/\/schema.org\",\"@graph\":[{\"@type\":\"NewsArticle\",\"@id\":\"https:\/\/www.estrategiaconcursos.com.br\/blog\/concurso-pm-rj-cfo\/#article\",\"isPartOf\":{\"@id\":\"https:\/\/www.estrategiaconcursos.com.br\/blog\/concurso-pm-rj-cfo\/\"},\"author\":{\"name\":\"Coordena\u00e7\u00e3o\",\"@id\":\"https:\/\/www.estrategiaconcursos.com.br\/blog\/#\/schema\/person\/b4a388c97673c5f483d72185668afa1f\"},\"headline\":\"Concurso PMERJ: segundo governador, todos aprovados ser\u00e3o convocados\",\"datePublished\":\"2019-03-28T07:00:06+00:00\",\"dateModified\":\"2023-06-19T17:06:41+00:00\",\"mainEntityOfPage\":{\"@id\":\"https:\/\/www.estrategiaconcursos.com.br\/blog\/concurso-pm-rj-cfo\/\"},\"wordCount\":634,\"commentCount\":5,\"publisher\":{\"@id\":\"https:\/\/www.estrategiaconcursos.com.br\/blog\/#organization\"},\"image\":{\"@id\":\"https:\/\/www.estrategiaconcursos.com.br\/blog\/concurso-pm-rj-cfo\/#primaryimage\"},\"thumbnailUrl\":\"https:\/\/dhg1h5j42swfq.cloudfront.net\/2018\/11\/14165837\/3-e1544817526480.jpg\",\"articleSection\":[\"Concursos P\u00fablicos\",\"Policial (Agente, Escriv\u00e3o e Investigador)\"],\"inLanguage\":\"pt-BR\",\"potentialAction\":[{\"@type\":\"CommentAction\",\"name\":\"Comment\",\"target\":[\"https:\/\/www.estrategiaconcursos.com.br\/blog\/concurso-pm-rj-cfo\/#respond\"]}],\"copyrightYear\":\"2019\",\"copyrightHolder\":{\"@id\":\"https:\/\/www.estrategiaconcursos.com.br\/blog\/#organization\"}},{\"@type\":\"WebPage\",\"@id\":\"https:\/\/www.estrategiaconcursos.com.br\/blog\/concurso-pm-rj-cfo\/\",\"url\":\"https:\/\/www.estrategiaconcursos.com.br\/blog\/concurso-pm-rj-cfo\/\",\"name\":\"Concurso PMERJ: inscri\u00e7\u00f5es abertas para o Curso de Forma\u00e7\u00e3o de Oficiais\",\"isPartOf\":{\"@id\":\"https:\/\/www.estrategiaconcursos.com.br\/blog\/#website\"},\"primaryImageOfPage\":{\"@id\":\"https:\/\/www.estrategiaconcursos.com.br\/blog\/concurso-pm-rj-cfo\/#primaryimage\"},\"image\":{\"@id\":\"https:\/\/www.estrategiaconcursos.com.br\/blog\/concurso-pm-rj-cfo\/#primaryimage\"},\"thumbnailUrl\":\"https:\/\/dhg1h5j42swfq.cloudfront.net\/2018\/11\/14165837\/3-e1544817526480.jpg\",\"datePublished\":\"2019-03-28T07:00:06+00:00\",\"dateModified\":\"2023-06-19T17:06:41+00:00\",\"description\":\"Concurso PMERJ: com inscri\u00e7\u00f5es abertas para o Curso de Forma\u00e7\u00e3o de Oficiais, prova deve acontecer em fevereiro. Saiba tudo aqui.\",\"breadcrumb\":{\"@id\":\"https:\/\/www.estrategiaconcursos.com.br\/blog\/concurso-pm-rj-cfo\/#breadcrumb\"},\"inLanguage\":\"pt-BR\",\"potentialAction\":[{\"@type\":\"ReadAction\",\"target\":[\"https:\/\/www.estrategiaconcursos.com.br\/blog\/concurso-pm-rj-cfo\/\"]}]},{\"@type\":\"ImageObject\",\"inLanguage\":\"pt-BR\",\"@id\":\"https:\/\/www.estrategiaconcursos.com.br\/blog\/concurso-pm-rj-cfo\/#primaryimage\",\"url\":\"https:\/\/dhg1h5j42swfq.cloudfront.net\/2018\/11\/14165837\/3-e1544817526480.jpg\",\"contentUrl\":\"https:\/\/dhg1h5j42swfq.cloudfront.net\/2018\/11\/14165837\/3-e1544817526480.jpg\",\"width\":400,\"height\":209,\"caption\":\"concurso pmerj\"},{\"@type\":\"BreadcrumbList\",\"@id\":\"https:\/\/www.estrategiaconcursos.com.br\/blog\/concurso-pm-rj-cfo\/#breadcrumb\",\"itemListElement\":[{\"@type\":\"ListItem\",\"position\":1,\"name\":\"In\u00edcio\",\"item\":\"https:\/\/www.estrategiaconcursos.com.br\/blog\/\"},{\"@type\":\"ListItem\",\"position\":2,\"name\":\"Concurso PMERJ: segundo governador, todos aprovados ser\u00e3o convocados\"}]},{\"@type\":\"WebSite\",\"@id\":\"https:\/\/www.estrategiaconcursos.com.br\/blog\/#website\",\"url\":\"https:\/\/www.estrategiaconcursos.com.br\/blog\/\",\"name\":\"Estrat\u00e9gia Concursos\",\"description\":\"O blog da Estrat\u00e9gia Concursos traz not\u00edcias sobre concursos e artigos de professores oferecendo cursos para concursos (pdf + videaulas) no site.\",\"publisher\":{\"@id\":\"https:\/\/www.estrategiaconcursos.com.br\/blog\/#organization\"},\"potentialAction\":[{\"@type\":\"SearchAction\",\"target\":{\"@type\":\"EntryPoint\",\"urlTemplate\":\"https:\/\/www.estrategiaconcursos.com.br\/blog\/?s={search_term_string}\"},\"query-input\":{\"@type\":\"PropertyValueSpecification\",\"valueRequired\":true,\"valueName\":\"search_term_string\"}}],\"inLanguage\":\"pt-BR\"},{\"@type\":\"Organization\",\"@id\":\"https:\/\/www.estrategiaconcursos.com.br\/blog\/#organization\",\"name\":\"Estrat\u00e9gia Concursos\",\"url\":\"https:\/\/www.estrategiaconcursos.com.br\/blog\/\",\"logo\":{\"@type\":\"ImageObject\",\"inLanguage\":\"pt-BR\",\"@id\":\"https:\/\/www.estrategiaconcursos.com.br\/blog\/#\/schema\/logo\/image\/\",\"url\":\"https:\/\/dhg1h5j42swfq.cloudfront.net\/2025\/06\/03203428\/logo_concursos-1.jpg\",\"contentUrl\":\"https:\/\/dhg1h5j42swfq.cloudfront.net\/2025\/06\/03203428\/logo_concursos-1.jpg\",\"width\":230,\"height\":60,\"caption\":\"Estrat\u00e9gia Concursos\"},\"image\":{\"@id\":\"https:\/\/www.estrategiaconcursos.com.br\/blog\/#\/schema\/logo\/image\/\"},\"sameAs\":[\"https:\/\/x.com\/EstratConcursos\"]},{\"@type\":\"Person\",\"@id\":\"https:\/\/www.estrategiaconcursos.com.br\/blog\/#\/schema\/person\/b4a388c97673c5f483d72185668afa1f\",\"name\":\"Coordena\u00e7\u00e3o\",\"image\":{\"@type\":\"ImageObject\",\"inLanguage\":\"pt-BR\",\"@id\":\"https:\/\/secure.gravatar.com\/avatar\/b720319e4c9a967eb58678d110f4fe35452fc5d5f97b202bac7b8acceb18c6ad?s=96&d=mm&r=g\",\"url\":\"https:\/\/secure.gravatar.com\/avatar\/b720319e4c9a967eb58678d110f4fe35452fc5d5f97b202bac7b8acceb18c6ad?s=96&d=mm&r=g\",\"contentUrl\":\"https:\/\/secure.gravatar.com\/avatar\/b720319e4c9a967eb58678d110f4fe35452fc5d5f97b202bac7b8acceb18c6ad?s=96&d=mm&r=g\",\"caption\":\"Coordena\u00e7\u00e3o\"},\"sameAs\":[\"https:\/\/www.facebook.com\/EstrategiaConcursos\",\"https:\/\/x.com\/EstratConcursos\"],\"url\":\"https:\/\/www.estrategiaconcursos.com.br\/blog\/author\/estrategia2013\/\"}]}<\/script>\n<!-- \/ Yoast SEO Premium plugin. -->","yoast_head_json":{"title":"Concurso PMERJ: inscri\u00e7\u00f5es abertas para o Curso de Forma\u00e7\u00e3o de Oficiais","description":"Concurso PMERJ: com inscri\u00e7\u00f5es abertas para o Curso de Forma\u00e7\u00e3o de Oficiais, prova deve acontecer em fevereiro. Saiba tudo aqui.","robots":{"index":"index","follow":"follow","max-snippet":"max-snippet:-1","max-image-preview":"max-image-preview:large","max-video-preview":"max-video-preview:-1"},"canonical":"https:\/\/www.estrategiaconcursos.com.br\/blog\/concurso-pm-rj-cfo\/","og_locale":"pt_BR","og_type":"article","og_title":"Concurso PMERJ: segundo governador, todos aprovados ser\u00e3o convocados","og_description":"Concurso PMERJ: com inscri\u00e7\u00f5es abertas para o Curso de Forma\u00e7\u00e3o de Oficiais, prova deve acontecer em fevereiro. Saiba tudo aqui.","og_url":"https:\/\/www.estrategiaconcursos.com.br\/blog\/concurso-pm-rj-cfo\/","og_site_name":"Estrat\u00e9gia Concursos","article_author":"https:\/\/www.facebook.com\/EstrategiaConcursos","article_published_time":"2019-03-28T07:00:06+00:00","article_modified_time":"2023-06-19T17:06:41+00:00","og_image":[{"width":400,"height":209,"url":"https:\/\/dhg1h5j42swfq.cloudfront.net\/2018\/11\/14165837\/3-e1544817526480.jpg","type":"image\/jpeg"}],"author":"Coordena\u00e7\u00e3o","twitter_card":"summary_large_image","twitter_creator":"@EstratConcursos","twitter_site":"@EstratConcursos","twitter_misc":{"Escrito por":"Coordena\u00e7\u00e3o","Est. tempo de leitura":"3 minutos"},"schema":{"@context":"https:\/\/schema.org","@graph":[{"@type":"NewsArticle","@id":"https:\/\/www.estrategiaconcursos.com.br\/blog\/concurso-pm-rj-cfo\/#article","isPartOf":{"@id":"https:\/\/www.estrategiaconcursos.com.br\/blog\/concurso-pm-rj-cfo\/"},"author":{"name":"Coordena\u00e7\u00e3o","@id":"https:\/\/www.estrategiaconcursos.com.br\/blog\/#\/schema\/person\/b4a388c97673c5f483d72185668afa1f"},"headline":"Concurso PMERJ: segundo governador, todos aprovados ser\u00e3o convocados","datePublished":"2019-03-28T07:00:06+00:00","dateModified":"2023-06-19T17:06:41+00:00","mainEntityOfPage":{"@id":"https:\/\/www.estrategiaconcursos.com.br\/blog\/concurso-pm-rj-cfo\/"},"wordCount":634,"commentCount":5,"publisher":{"@id":"https:\/\/www.estrategiaconcursos.com.br\/blog\/#organization"},"image":{"@id":"https:\/\/www.estrategiaconcursos.com.br\/blog\/concurso-pm-rj-cfo\/#primaryimage"},"thumbnailUrl":"https:\/\/dhg1h5j42swfq.cloudfront.net\/2018\/11\/14165837\/3-e1544817526480.jpg","articleSection":["Concursos P\u00fablicos","Policial (Agente, Escriv\u00e3o e Investigador)"],"inLanguage":"pt-BR","potentialAction":[{"@type":"CommentAction","name":"Comment","target":["https:\/\/www.estrategiaconcursos.com.br\/blog\/concurso-pm-rj-cfo\/#respond"]}],"copyrightYear":"2019","copyrightHolder":{"@id":"https:\/\/www.estrategiaconcursos.com.br\/blog\/#organization"}},{"@type":"WebPage","@id":"https:\/\/www.estrategiaconcursos.com.br\/blog\/concurso-pm-rj-cfo\/","url":"https:\/\/www.estrategiaconcursos.com.br\/blog\/concurso-pm-rj-cfo\/","name":"Concurso PMERJ: inscri\u00e7\u00f5es abertas para o Curso de Forma\u00e7\u00e3o de Oficiais","isPartOf":{"@id":"https:\/\/www.estrategiaconcursos.com.br\/blog\/#website"},"primaryImageOfPage":{"@id":"https:\/\/www.estrategiaconcursos.com.br\/blog\/concurso-pm-rj-cfo\/#primaryimage"},"image":{"@id":"https:\/\/www.estrategiaconcursos.com.br\/blog\/concurso-pm-rj-cfo\/#primaryimage"},"thumbnailUrl":"https:\/\/dhg1h5j42swfq.cloudfront.net\/2018\/11\/14165837\/3-e1544817526480.jpg","datePublished":"2019-03-28T07:00:06+00:00","dateModified":"2023-06-19T17:06:41+00:00","description":"Concurso PMERJ: com inscri\u00e7\u00f5es abertas para o Curso de Forma\u00e7\u00e3o de Oficiais, prova deve acontecer em fevereiro. Saiba tudo aqui.","breadcrumb":{"@id":"https:\/\/www.estrategiaconcursos.com.br\/blog\/concurso-pm-rj-cfo\/#breadcrumb"},"inLanguage":"pt-BR","potentialAction":[{"@type":"ReadAction","target":["https:\/\/www.estrategiaconcursos.com.br\/blog\/concurso-pm-rj-cfo\/"]}]},{"@type":"ImageObject","inLanguage":"pt-BR","@id":"https:\/\/www.estrategiaconcursos.com.br\/blog\/concurso-pm-rj-cfo\/#primaryimage","url":"https:\/\/dhg1h5j42swfq.cloudfront.net\/2018\/11\/14165837\/3-e1544817526480.jpg","contentUrl":"https:\/\/dhg1h5j42swfq.cloudfront.net\/2018\/11\/14165837\/3-e1544817526480.jpg","width":400,"height":209,"caption":"concurso pmerj"},{"@type":"BreadcrumbList","@id":"https:\/\/www.estrategiaconcursos.com.br\/blog\/concurso-pm-rj-cfo\/#breadcrumb","itemListElement":[{"@type":"ListItem","position":1,"name":"In\u00edcio","item":"https:\/\/www.estrategiaconcursos.com.br\/blog\/"},{"@type":"ListItem","position":2,"name":"Concurso PMERJ: segundo governador, todos aprovados ser\u00e3o convocados"}]},{"@type":"WebSite","@id":"https:\/\/www.estrategiaconcursos.com.br\/blog\/#website","url":"https:\/\/www.estrategiaconcursos.com.br\/blog\/","name":"Estrat\u00e9gia Concursos","description":"O blog da Estrat\u00e9gia Concursos traz not\u00edcias sobre concursos e artigos de professores oferecendo cursos para concursos (pdf + videaulas) no site.","publisher":{"@id":"https:\/\/www.estrategiaconcursos.com.br\/blog\/#organization"},"potentialAction":[{"@type":"SearchAction","target":{"@type":"EntryPoint","urlTemplate":"https:\/\/www.estrategiaconcursos.com.br\/blog\/?s={search_term_string}"},"query-input":{"@type":"PropertyValueSpecification","valueRequired":true,"valueName":"search_term_string"}}],"inLanguage":"pt-BR"},{"@type":"Organization","@id":"https:\/\/www.estrategiaconcursos.com.br\/blog\/#organization","name":"Estrat\u00e9gia Concursos","url":"https:\/\/www.estrategiaconcursos.com.br\/blog\/","logo":{"@type":"ImageObject","inLanguage":"pt-BR","@id":"https:\/\/www.estrategiaconcursos.com.br\/blog\/#\/schema\/logo\/image\/","url":"https:\/\/dhg1h5j42swfq.cloudfront.net\/2025\/06\/03203428\/logo_concursos-1.jpg","contentUrl":"https:\/\/dhg1h5j42swfq.cloudfront.net\/2025\/06\/03203428\/logo_concursos-1.jpg","width":230,"height":60,"caption":"Estrat\u00e9gia Concursos"},"image":{"@id":"https:\/\/www.estrategiaconcursos.com.br\/blog\/#\/schema\/logo\/image\/"},"sameAs":["https:\/\/x.com\/EstratConcursos"]},{"@type":"Person","@id":"https:\/\/www.estrategiaconcursos.com.br\/blog\/#\/schema\/person\/b4a388c97673c5f483d72185668afa1f","name":"Coordena\u00e7\u00e3o","image":{"@type":"ImageObject","inLanguage":"pt-BR","@id":"https:\/\/secure.gravatar.com\/avatar\/b720319e4c9a967eb58678d110f4fe35452fc5d5f97b202bac7b8acceb18c6ad?s=96&d=mm&r=g","url":"https:\/\/secure.gravatar.com\/avatar\/b720319e4c9a967eb58678d110f4fe35452fc5d5f97b202bac7b8acceb18c6ad?s=96&d=mm&r=g","contentUrl":"https:\/\/secure.gravatar.com\/avatar\/b720319e4c9a967eb58678d110f4fe35452fc5d5f97b202bac7b8acceb18c6ad?s=96&d=mm&r=g","caption":"Coordena\u00e7\u00e3o"},"sameAs":["https:\/\/www.facebook.com\/EstrategiaConcursos","https:\/\/x.com\/EstratConcursos"],"url":"https:\/\/www.estrategiaconcursos.com.br\/blog\/author\/estrategia2013\/"}]}},"_links":{"self":[{"href":"https:\/\/www.estrategiaconcursos.com.br\/blog\/wp-json\/wp\/v2\/posts\/133634","targetHints":{"allow":["GET"]}}],"collection":[{"href":"https:\/\/www.estrategiaconcursos.com.br\/blog\/wp-json\/wp\/v2\/posts"}],"about":[{"href":"https:\/\/www.estrategiaconcursos.com.br\/blog\/wp-json\/wp\/v2\/types\/post"}],"author":[{"embeddable":true,"href":"https:\/\/www.estrategiaconcursos.com.br\/blog\/wp-json\/wp\/v2\/users\/1"}],"replies":[{"embeddable":true,"href":"https:\/\/www.estrategiaconcursos.com.br\/blog\/wp-json\/wp\/v2\/comments?post=133634"}],"version-history":[{"count":34,"href":"https:\/\/www.estrategiaconcursos.com.br\/blog\/wp-json\/wp\/v2\/posts\/133634\/revisions"}],"predecessor-version":[{"id":1234699,"href":"https:\/\/www.estrategiaconcursos.com.br\/blog\/wp-json\/wp\/v2\/posts\/133634\/revisions\/1234699"}],"wp:featuredmedia":[{"embeddable":true,"href":"https:\/\/www.estrategiaconcursos.com.br\/blog\/wp-json\/wp\/v2\/media\/155715"}],"wp:attachment":[{"href":"https:\/\/www.estrategiaconcursos.com.br\/blog\/wp-json\/wp\/v2\/media?parent=133634"}],"wp:term":[{"taxonomy":"category","embeddable":true,"href":"https:\/\/www.estrategiaconcursos.com.br\/blog\/wp-json\/wp\/v2\/categories?post=133634"},{"taxonomy":"post_tag","embeddable":true,"href":"https:\/\/www.estrategiaconcursos.com.br\/blog\/wp-json\/wp\/v2\/tags?post=133634"},{"taxonomy":"tax_estado","embeddable":true,"href":"https:\/\/www.estrategiaconcursos.com.br\/blog\/wp-json\/wp\/v2\/tax_estado?post=133634"}],"curies":[{"name":"wp","href":"https:\/\/api.w.org\/{rel}","templated":true}]}}