{"id":1335035,"date":"2024-02-01T11:00:00","date_gmt":"2024-02-01T14:00:00","guid":{"rendered":"https:\/\/www.estrategiaconcursos.com.br\/blog\/?p=1335035"},"modified":"2024-01-15T14:48:40","modified_gmt":"2024-01-15T17:48:40","slug":"alep-pr-tecnico-analista","status":"publish","type":"post","link":"https:\/\/www.estrategiaconcursos.com.br\/blog\/alep-pr-tecnico-analista\/","title":{"rendered":"O que faz um T\u00e9cnico e um Analista Legislativos da ALEP PR?"},"content":{"rendered":"\n<p>Concurseira(o) impar\u00e1vel, com inscri\u00e7\u00f5es abertas at\u00e9 o dia 08 de fevereiro de 2024, o concurso da ALEP PR chega com 85 vagas, al\u00e9m de cadastro de reserva.<\/p>\n\n\n\n<h2 class=\"wp-block-heading\" id=\"h-alep-pr-panorama\">ALEP PR &#8211; panorama<\/h2>\n\n\n\n<p>O concurso da Assembleia Legislativa do Estado do Paran\u00e1 (ALEP PR) visa o preenchimento de vagas das carreiras de Procurador, Analista Legislativo e T\u00e9cnico Legislativo. Ao todo, ser\u00e3o 85 vagas imediatas, sendo <strong><mark style=\"background-color:rgba(0, 0, 0, 0)\" class=\"has-inline-color has-vivid-red-color\">68 <\/mark><\/strong>delas para <strong><a href=\"#h-alep-pr-analista-legislativo\">Analistas Legislativos<\/a><\/strong>, <strong><mark style=\"background-color:rgba(0, 0, 0, 0)\" class=\"has-inline-color has-vivid-green-cyan-color\">16 <\/mark><\/strong>para <strong><a href=\"#h-alep-pr-tecnico-legislativo\">T\u00e9cnicos Legislativos<\/a><\/strong> e 1 para Procurador.<\/p>\n\n\n\n<p>Assim, tendo a <strong><a href=\"https:\/\/conhecimento.fgv.br\/concursos\/alep24\">FGV<\/a><\/strong> como banca, as inscri\u00e7\u00f5es j\u00e1 est\u00e3o abertas e ir\u00e3o at\u00e9 o dia 08 de fevereiro deste ano.<\/p>\n\n\n\n<p>A carreira de <strong><mark style=\"background-color:rgba(0, 0, 0, 0)\" class=\"has-inline-color has-vivid-red-color\">Analista Legislativo<\/mark><\/strong>\u00a0\u00e9 dividida nas seguintes especialidades:<\/p>\n\n\n\n<figure class=\"wp-block-image aligncenter size-full\"><img loading=\"lazy\" decoding=\"async\" width=\"581\" height=\"183\" src=\"https:\/\/dhg1h5j42swfq.cloudfront.net\/2024\/01\/12132610\/analista.jpg\" alt=\"ALEP PR\" class=\"wp-image-1335046\" srcset=\"https:\/\/dhg1h5j42swfq.cloudfront.net\/2024\/01\/12132610\/analista.jpg 581w, https:\/\/dhg1h5j42swfq.cloudfront.net\/2024\/01\/12132610\/analista-300x94.jpg 300w, https:\/\/dhg1h5j42swfq.cloudfront.net\/2024\/01\/12132610\/analista-150x47.jpg 150w\" sizes=\"auto, (max-width: 581px) 100vw, 581px\" \/><\/figure>\n\n\n\n<p>J\u00e1 a carreira de <strong><mark style=\"background-color:rgba(0, 0, 0, 0)\" class=\"has-inline-color has-vivid-green-cyan-color\">T\u00e9cnico Legislativo<\/mark><\/strong>\u00a0\u00e9 composta pelos cargos de:<\/p>\n\n\n\n<figure class=\"wp-block-image aligncenter size-full\"><img loading=\"lazy\" decoding=\"async\" width=\"581\" height=\"67\" src=\"https:\/\/dhg1h5j42swfq.cloudfront.net\/2024\/01\/12150612\/tecnico-1.jpg\" alt=\"\" class=\"wp-image-1335082\" srcset=\"https:\/\/dhg1h5j42swfq.cloudfront.net\/2024\/01\/12150612\/tecnico-1.jpg 581w, https:\/\/dhg1h5j42swfq.cloudfront.net\/2024\/01\/12150612\/tecnico-1-300x35.jpg 300w, https:\/\/dhg1h5j42swfq.cloudfront.net\/2024\/01\/12150612\/tecnico-1-150x17.jpg 150w\" sizes=\"auto, (max-width: 581px) 100vw, 581px\" \/><\/figure>\n\n\n\n<p>Agora, vamos ver algumas atividades pertinentes a esses cargos.<\/p>\n\n\n\n<h2 class=\"wp-block-heading\" id=\"h-alep-pr-tecnico-legislativo\">ALEP PR &#8211; T\u00e9cnico Legislativo<\/h2>\n\n\n\n<h3 class=\"wp-block-heading\" id=\"h-legislativo-alep-pr\">Legislativo &#8211; ALEP PR<\/h3>\n\n\n\n<p>Pois bem, al\u00e9m de auxiliar os trabalhos das comiss\u00f5es permanentes e tempor\u00e1rias, faz parte da atividade a organiza\u00e7\u00e3o da rotina dos servi\u00e7os e procedimentos. Ademais, ser\u00e1 necess\u00e1rio conferir, inspecionar, manipular, instalar, registrar e especificar equipamentos e\/ou materiais.<\/p>\n\n\n\n<p>O <strong><mark style=\"background-color:rgba(0, 0, 0, 0)\" class=\"has-inline-color has-vivid-green-cyan-color\">atendimento <\/mark><\/strong>ao p\u00fablico e o controle, organiza\u00e7\u00e3o e <strong><mark style=\"background-color:rgba(0, 0, 0, 0)\" class=\"has-inline-color has-vivid-green-cyan-color\">distribui\u00e7\u00e3o de documentos<\/mark><\/strong> tamb\u00e9m fazem parte das atribui\u00e7\u00f5es deste cargo.<\/p>\n\n\n\n<h3 class=\"wp-block-heading\" id=\"h-administrativo\">Administrativo<\/h3>\n\n\n\n<p>Em seguida, a \u00e1rea administrativa ficar\u00e1 a cargo de executar atividades de <strong><mark style=\"background-color:rgba(0, 0, 0, 0)\" class=\"has-inline-color has-vivid-green-cyan-color\">suporte<\/mark><\/strong> nas \u00e1reas de recursos humanos, administra\u00e7\u00e3o, finan\u00e7as, log\u00edstica e administra\u00e7\u00e3o.<\/p>\n\n\n\n<p>Al\u00e9m disso, a orienta\u00e7\u00e3o e o cadastro de usu\u00e1rios de servi\u00e7os p\u00fablicos via internet ou telefone tamb\u00e9m s\u00e3o inerentes a este cargo.<\/p>\n\n\n\n<p>Por fim, em rela\u00e7\u00e3o \u00e0 <strong><mark style=\"background-color:rgba(0, 0, 0, 0)\" class=\"has-inline-color has-vivid-green-cyan-color\">documenta\u00e7\u00e3o<\/mark><\/strong>, a servidora ou o servidor dever\u00e1 elaborar, digitar, classificar e arquivar relat\u00f3rios, formul\u00e1rios, planilhas etc., e tamb\u00e9m tramitar processos.<\/p>\n\n\n\n<h3 class=\"wp-block-heading\" id=\"h-suporte-e-manutencao\">Suporte e manuten\u00e7\u00e3o<\/h3>\n\n\n\n<p>Quem for dessa \u00e1rea ir\u00e1 atuar com equipamentos de inform\u00e1tica, realizando suporte e manuten\u00e7\u00e3o preventiva e corretiva; avalia\u00e7\u00e3o das necessidades de substitui\u00e7\u00e3o ou <strong><mark style=\"background-color:rgba(0, 0, 0, 0)\" class=\"has-inline-color has-vivid-green-cyan-color\">atualiza\u00e7\u00e3o <\/mark><\/strong>dos componentes de redes, computadores e softwares; e administra\u00e7\u00e3o de c\u00f3pias de seguran\u00e7a, impress\u00e3o e seguran\u00e7a dos equipamentos.<\/p>\n\n\n\n<p>Ademais, algumas vezes ser\u00e1 demandada a elabora\u00e7\u00e3o de propostas e estudos de viabilidade t\u00e9cnica e econ\u00f4mica, assim como manter <strong><mark style=\"background-color:rgba(0, 0, 0, 0)\" class=\"has-inline-color has-vivid-green-cyan-color\">documenta\u00e7\u00e3o t\u00e9cnica<\/mark><\/strong> necess\u00e1ria para a opera\u00e7\u00e3o e manuten\u00e7\u00e3o do ambiente computacional e de rede.<\/p>\n\n\n\n<p>Por conseguinte, ainda ser\u00e1 essencial prestar suporte aos usu\u00e1rios; manter e implantar procedimentos de restri\u00e7\u00e3o do acesso e utiliza\u00e7\u00e3o da rede, como senhas etc.<\/p>\n\n\n\n<h3 class=\"wp-block-heading\" id=\"h-contabilidade\">Contabilidade<\/h3>\n\n\n\n<p>Agora, os especialistas da Contabilidade, dever\u00e3o participar da elabora\u00e7\u00e3o de levantamentos, balancetes, balan\u00e7os mensais e anuais da receita e da despesa; efetuar <strong><mark style=\"background-color:rgba(0, 0, 0, 0)\" class=\"has-inline-color has-vivid-green-cyan-color\">presta\u00e7\u00e3o e ajustes de contas<\/mark><\/strong>; e acompanhar saldos or\u00e7ament\u00e1rios.<\/p>\n\n\n\n<p>Outra atividade ser\u00e1 a elabora\u00e7\u00e3o, classifica\u00e7\u00e3o e arquivamento de relat\u00f3rios, <strong><mark style=\"background-color:rgba(0, 0, 0, 0)\" class=\"has-inline-color has-vivid-green-cyan-color\">demonstrativos<\/mark><\/strong>, mapas e registros cont\u00e1beis de receitas e despesas relativos \u00e0 execu\u00e7\u00e3o or\u00e7ament\u00e1ria e financeira.<\/p>\n\n\n\n<p>O atendimento ao p\u00fablico e a execu\u00e7\u00e3o de atividades na \u00e1rea de administra\u00e7\u00e3o de patrim\u00f4nio e materiais tamb\u00e9m dever\u00e3o fazer parte do dia a dia.<\/p>\n\n\n\n<figure class=\"wp-block-image size-large\"><img loading=\"lazy\" decoding=\"async\" width=\"1024\" height=\"683\" src=\"https:\/\/dhg1h5j42swfq.cloudfront.net\/2024\/01\/12162948\/equipe-de-negocios-estudar-documentos-1024x683.jpg\" alt=\"\" class=\"wp-image-1335163\" srcset=\"https:\/\/dhg1h5j42swfq.cloudfront.net\/2024\/01\/12162948\/equipe-de-negocios-estudar-documentos-1024x683.jpg 1024w, https:\/\/dhg1h5j42swfq.cloudfront.net\/2024\/01\/12162948\/equipe-de-negocios-estudar-documentos-300x200.jpg 300w, https:\/\/dhg1h5j42swfq.cloudfront.net\/2024\/01\/12162948\/equipe-de-negocios-estudar-documentos-768x512.jpg 768w, https:\/\/dhg1h5j42swfq.cloudfront.net\/2024\/01\/12162948\/equipe-de-negocios-estudar-documentos-1536x1024.jpg 1536w, https:\/\/dhg1h5j42swfq.cloudfront.net\/2024\/01\/12162948\/equipe-de-negocios-estudar-documentos-2048x1365.jpg 2048w, https:\/\/dhg1h5j42swfq.cloudfront.net\/2024\/01\/12162948\/equipe-de-negocios-estudar-documentos-610x407.jpg 610w, https:\/\/dhg1h5j42swfq.cloudfront.net\/2024\/01\/12162948\/equipe-de-negocios-estudar-documentos-150x100.jpg 150w\" sizes=\"auto, (max-width: 1024px) 100vw, 1024px\" \/><\/figure>\n\n\n\n<p>Em seguida, vejamos o que faz a servidora ou o servidor respons\u00e1vel pelo cargo de Analista Legislativo nas suas diversas especialidades.<\/p>\n\n\n\n<h2 class=\"wp-block-heading\" id=\"h-alep-pr-analista-legislativo\">ALEP PR &#8211; Analista Legislativo<\/h2>\n\n\n\n<h3 class=\"wp-block-heading\" id=\"h-administrador\">Administrador<\/h3>\n\n\n\n<p>Em resumo, as administradoras e administradores ir\u00e3o:<\/p>\n\n\n\n<ul class=\"wp-block-list\">\n<li>planejar, organizar, controlar, supervisionar, auditar e assessorar as \u00e1reas de recursos humanos, materiais, servi\u00e7os, patrim\u00f4nio, informa\u00e7\u00f5es, financeira e tecnol\u00f3gica;<\/li>\n\n\n\n<li>administrar, supervisionar e controlar as atividades de <strong><mark style=\"background-color:rgba(0, 0, 0, 0)\" class=\"has-inline-color has-vivid-red-color\">recursos humanos<\/mark><\/strong>, como recrutamento, sele\u00e7\u00e3o, avalia\u00e7\u00e3o de est\u00e1gio probat\u00f3rio, desenvolvimento de carreira, treinamento etc.;<\/li>\n\n\n\n<li>promover a <strong><mark style=\"background-color:rgba(0, 0, 0, 0)\" class=\"has-inline-color has-vivid-red-color\">capacita\u00e7\u00e3o <\/mark><\/strong>de pessoal;<\/li>\n\n\n\n<li>coordenar os trabalhos de levantamento, elaborando plano de carreiras, cargos e sal\u00e1rios dos servidores do Legislativo, comparando dados e avaliando resultados para propor sua atualiza\u00e7\u00e3o;<\/li>\n\n\n\n<li>elaborar <strong><mark style=\"background-color:rgba(0, 0, 0, 0)\" class=\"has-inline-color has-vivid-red-color\">planejamento <\/mark><\/strong>organizacional;<\/li>\n\n\n\n<li>desenvolver pol\u00edticas e diretrizes referentes \u00e0 <strong><mark style=\"background-color:rgba(0, 0, 0, 0)\" class=\"has-inline-color has-vivid-red-color\">avalia\u00e7\u00e3o de desempenho<\/mark><\/strong> dos servidores;<\/li>\n\n\n\n<li>estudar e propor diretrizes para registros e controle de lota\u00e7\u00e3o com an\u00e1lise sobre cria\u00e7\u00e3o, altera\u00e7\u00e3o ou supress\u00e3o de cargos e fun\u00e7\u00f5es.<\/li>\n<\/ul>\n\n\n\n<h3 class=\"wp-block-heading\" id=\"h-advogado\">Advogado<\/h3>\n\n\n\n<p>Logo depois, as(os) advogadas(os) ter\u00e3o a responsabilidade de <strong><mark style=\"background-color:rgba(0, 0, 0, 0)\" class=\"has-inline-color has-vivid-red-color\">opinar <\/mark><\/strong>em procedimentos administrativos; analisar e <strong><mark style=\"background-color:rgba(0, 0, 0, 0)\" class=\"has-inline-color has-vivid-red-color\">interpretar leis<\/mark><\/strong>, decretos e demais normas de interesse da Assembleia; al\u00e9m de dar um aux\u00edlio \u00e0s(aos) Procuradoras(es) no acompanhamento das <strong><mark style=\"background-color:rgba(0, 0, 0, 0)\" class=\"has-inline-color has-vivid-red-color\">demandas judiciais <\/mark><\/strong>de interesse do Poder Legislativo.<\/p>\n\n\n\n<p>Outras atividades t\u00edpicas desse cargo s\u00e3o:<\/p>\n\n\n\n<ul class=\"wp-block-list\">\n<li>atua\u00e7\u00e3o em comiss\u00f5es especiais;<\/li>\n\n\n\n<li>exame e <strong><mark style=\"background-color:rgba(0, 0, 0, 0)\" class=\"has-inline-color has-vivid-red-color\">instru\u00e7\u00e3o <\/mark><\/strong>de processos administrativos; e<\/li>\n\n\n\n<li>reda\u00e7\u00e3o de conv\u00eanios, contratos, ajustes, editais, termos de responsabilidade e outros documentos de natureza jur\u00eddica, de acordo com o interesse da Administra\u00e7\u00e3o.<\/li>\n<\/ul>\n\n\n\n<h3 class=\"wp-block-heading\" id=\"h-analista-de-rede\">Analista de Rede<\/h3>\n\n\n\n<p>Lidar com equipamentos, programas e sistemas operacionais e redes ser\u00e1 a rotina das(os) Analistas de Rede. Ir\u00e3o configurar, manter e administrar o ambiente de servidores do sistema, gerenciando <strong><mark style=\"background-color:rgba(0, 0, 0, 0)\" class=\"has-inline-color has-vivid-red-color\">backups<\/mark><\/strong>, recupera\u00e7\u00f5es, parametriza\u00e7\u00e3o dos sistemas, atualizando vers\u00f5es, apurando <strong><mark style=\"background-color:rgba(0, 0, 0, 0)\" class=\"has-inline-color has-vivid-red-color\">corre\u00e7\u00f5es <\/mark><\/strong>e tamb\u00e9m acompanhando a <strong><mark style=\"background-color:rgba(0, 0, 0, 0)\" class=\"has-inline-color has-vivid-red-color\">performance <\/mark><\/strong>das redes.<\/p>\n\n\n\n<p>Como nem todo mundo possui esse conhecimento t\u00e9cnico t\u00e3o espec\u00edfico, tal profissional dever\u00e1 ajudar os usu\u00e1rios prestando <strong><mark style=\"background-color:rgba(0, 0, 0, 0)\" class=\"has-inline-color has-vivid-red-color\">suporte t\u00e9cnico<\/mark><\/strong>, bem como orientar a aquisi\u00e7\u00e3o de bens e a contrata\u00e7\u00e3o de servi\u00e7os de inform\u00e1tica e de tecnologia de informa\u00e7\u00e3o e comunica\u00e7\u00e3o, de desenvolvimento de sistemas e programas de computador.<\/p>\n\n\n\n<h3 class=\"wp-block-heading\" id=\"h-assessor-legislativo\">Assessor Legislativo<\/h3>\n\n\n\n<p>Posteriormente, eis a figura da assessoria legislativa. \u00c9 esse pessoal quem prepara <strong><mark style=\"background-color:rgba(0, 0, 0, 0)\" class=\"has-inline-color has-vivid-red-color\">pautas de reuni\u00f5es<\/mark><\/strong>, organiza audi\u00eancias p\u00fablicas, e elabora atas.<\/p>\n\n\n\n<p>Ademais, ainda poder\u00e1 ser solicitada a elabora\u00e7\u00e3o de <strong><mark style=\"background-color:rgba(0, 0, 0, 0)\" class=\"has-inline-color has-vivid-red-color\">pareceres, minutas, relat\u00f3rios<\/mark><\/strong>, assim como a formula\u00e7\u00e3o e a avalia\u00e7\u00e3o de pol\u00edticas p\u00fablicas conforme a \u00e1rea de atua\u00e7\u00e3o das comiss\u00f5es permanentes.<\/p>\n\n\n\n<h3 class=\"wp-block-heading\" id=\"h-biblioteconomista\">Biblioteconomista<\/h3>\n\n\n\n<p>A(o) profissional de Biblioteconomia organizar\u00e1, tratar\u00e1, analisar\u00e1 e <strong><mark style=\"background-color:rgba(0, 0, 0, 0)\" class=\"has-inline-color has-vivid-red-color\">recuperar\u00e1 informa\u00e7\u00f5es<\/mark><\/strong> em diversos n\u00edveis e suportes f\u00edsicos, por meios manuais e automatizados auxiliando, inclusive, na difus\u00e3o cultural atrav\u00e9s da dissemina\u00e7\u00e3o de informa\u00e7\u00f5es.<\/p>\n\n\n\n<p>Promovendo a administra\u00e7\u00e3o de bibliotecas, centros de documenta\u00e7\u00e3o, centros de informa\u00e7\u00e3o etc., ser\u00e1 essencial realizar <strong><mark style=\"background-color:rgba(0, 0, 0, 0)\" class=\"has-inline-color has-vivid-red-color\">levantamentos bibliogr\u00e1ficos<\/mark><\/strong>; catalogar, classificar e indexar o acervo; e auxiliar os usu\u00e1rios na pesquisa.<\/p>\n\n\n\n<h3 class=\"wp-block-heading\" id=\"h-contador\">Contador<\/h3>\n\n\n\n<p>Em seguida, as servidoras e os servidores, lidar\u00e3o com quest\u00f5es relativas a Imposto de Renda, bem como com o acompanhamento do cumprimento de obriga\u00e7\u00f5es acess\u00f3rias, elabora\u00e7\u00e3o de <strong><mark style=\"background-color:rgba(0, 0, 0, 0)\" class=\"has-inline-color has-vivid-red-color\">diagn\u00f3stico tribut\u00e1rio<\/mark><\/strong> e fiscal e de estrat\u00e9gias de planejamento tribut\u00e1rio.<\/p>\n\n\n\n<p>Al\u00e9m disso, tanto a formaliza\u00e7\u00e3o de <strong><mark style=\"background-color:rgba(0, 0, 0, 0)\" class=\"has-inline-color has-vivid-red-color\">contratos <\/mark><\/strong>quanto a baixa deles dever\u00e3o ser analisadas e registradas, no aspecto cont\u00e1bil.<\/p>\n\n\n\n<p>As demais atividades b\u00e1sicas s\u00e3o:<\/p>\n\n\n\n<ul class=\"wp-block-list\">\n<li><strong><mark style=\"background-color:rgba(0, 0, 0, 0)\" class=\"has-inline-color has-vivid-red-color\">escriturar <\/mark><\/strong>atos e fatos cont\u00e1beis no sistema financeiro, or\u00e7ament\u00e1rio, patrimonial e de compensa\u00e7\u00e3o de todas as receitas, despesas, empenhos, conv\u00eanios, movimenta\u00e7\u00e3o de recursos financeiros, or\u00e7ament\u00e1rios e extra or\u00e7ament\u00e1rios;<\/li>\n\n\n\n<li>elaborar e\/ou supervisionar a elabora\u00e7\u00e3o dos <strong><mark style=\"background-color:rgba(0, 0, 0, 0)\" class=\"has-inline-color has-vivid-red-color\">balancetes <\/mark><\/strong>mensais;<\/li>\n\n\n\n<li>promover a presta\u00e7\u00e3o, acertos e <strong><mark style=\"background-color:rgba(0, 0, 0, 0)\" class=\"has-inline-color has-vivid-red-color\">concilia\u00e7\u00e3o de contas<\/mark><\/strong> em geral.<\/li>\n<\/ul>\n\n\n\n<p>Por fim, e n\u00e3o menos importante, tais profissionais devem ainda analisar, acompanhar e fiscalizar a implanta\u00e7\u00e3o e a execu\u00e7\u00e3o de sistemas financeiros e cont\u00e1beis; e participar do planejamento e execu\u00e7\u00e3o da elabora\u00e7\u00e3o or\u00e7ament\u00e1ria. <\/p>\n\n\n\n<h3 class=\"wp-block-heading\" id=\"h-desenvolvedor-de-sistemas\">Desenvolvedor de Sistemas<\/h3>\n\n\n\n<p>Quem desenvolve sistemas modela dados, especifica programas, <strong><mark style=\"background-color:rgba(0, 0, 0, 0)\" class=\"has-inline-color has-vivid-red-color\">codifica <\/mark><\/strong>aplicativos, monta prot\u00f3tipo, testa sistema, define e aprova infraestrutura de hardware, software, rede, implanta sistemas, e um universo de outras demandas.<\/p>\n\n\n\n<p>E tem mais:<\/p>\n\n\n\n<ul class=\"wp-block-list\">\n<li>monitora <strong><mark style=\"background-color:rgba(0, 0, 0, 0)\" class=\"has-inline-color has-vivid-red-color\">performance <\/mark><\/strong>do sistema;<\/li>\n\n\n\n<li>corrige falhas no sistema, controlando acesso aos dados e recursos, administrando perfil de acesso \u00e0s informa\u00e7\u00f5es e realizando auditoria;<\/li>\n\n\n\n<li>oferece <strong><mark style=\"background-color:rgba(0, 0, 0, 0)\" class=\"has-inline-color has-vivid-red-color\">solu\u00e7\u00f5es <\/mark><\/strong>elaborando propostas e estudos de viabilidade t\u00e9cnica e econ\u00f4mica e <strong><mark style=\"background-color:rgba(0, 0, 0, 0)\" class=\"has-inline-color has-vivid-red-color\">documenta\u00e7\u00e3o t\u00e9cnica<\/mark><\/strong>;<\/li>\n\n\n\n<li>estabelece padr\u00f5es de hardware e software, criando normas de seguran\u00e7a, definindo metodologias, especificando procedimentos para recupera\u00e7\u00e3o de ambiente operacional.<\/li>\n<\/ul>\n\n\n\n<h3 class=\"wp-block-heading\" id=\"h-economista\">Economista<\/h3>\n\n\n\n<p>A realiza\u00e7\u00e3o de <strong><mark style=\"background-color:rgba(0, 0, 0, 0)\" class=\"has-inline-color has-vivid-red-color\">estudos e proje\u00e7\u00f5es<\/mark><\/strong> de natureza econ\u00f4mica e financeira, e a avalia\u00e7\u00e3o de impacto de investimentos e das pol\u00edticas p\u00fablicas socioecon\u00f4micas s\u00e3o algumas das tarefas das(os) Economistas.<\/p>\n\n\n\n<p>O planejamento, a organiza\u00e7\u00e3o e a coordena\u00e7\u00e3o da elabora\u00e7\u00e3o da proposta or\u00e7ament\u00e1ria e a presta\u00e7\u00e3o de contas anual ser\u00e3o feitos por Economistas, bem como a execu\u00e7\u00e3o de programas, projetos e pesquisas de mercado e viabilidade econ\u00f4mica.<\/p>\n\n\n\n<h3 class=\"wp-block-heading\" id=\"h-engenheiro\">Engenheiro<\/h3>\n\n\n\n<p>Dentre os diversos afazeres da(o) profissional dessa \u00e1rea, est\u00e3o:<\/p>\n\n\n\n<ul class=\"wp-block-list\">\n<li>preparar planos e m\u00e9todos de trabalho, elaborando plantas, croquis, cronogramas etc.;<\/li>\n\n\n\n<li>elaborar normas, <strong><mark style=\"background-color:rgba(0, 0, 0, 0)\" class=\"has-inline-color has-vivid-red-color\">relat\u00f3rios t\u00e9cnicos<\/mark><\/strong> e emitir pareceres;<\/li>\n\n\n\n<li>acompanhar e <strong><mark style=\"background-color:rgba(0, 0, 0, 0)\" class=\"has-inline-color has-vivid-red-color\">fiscalizar a execu\u00e7\u00e3o de obras<\/mark><\/strong> contratadas pela Casa.<\/li>\n<\/ul>\n\n\n\n<p>Al\u00e9m disso, sua atua\u00e7\u00e3o abrange a \u00e1rea de <strong><mark style=\"background-color:rgba(0, 0, 0, 0)\" class=\"has-inline-color has-vivid-red-color\">seguran\u00e7a e sa\u00fade do trabalho<\/mark><\/strong>, verificando se existem riscos de inc\u00eandios, desmoronamentos ou outros perigos nas unidades da Assembleia Legislativa; e avaliando a insalubridade ou periculosidade de tarefas ou opera\u00e7\u00f5es ligadas \u00e0 execu\u00e7\u00e3o do trabalho.<\/p>\n\n\n\n<h3 class=\"wp-block-heading\" id=\"h-jornalista\">Jornalista<\/h3>\n\n\n\n<p>Posteriormente, jornalistas lidar\u00e3o com a organiza\u00e7\u00e3o e a coordena\u00e7\u00e3o de <strong><mark style=\"background-color:rgba(0, 0, 0, 0)\" class=\"has-inline-color has-vivid-red-color\">entrevistas<\/mark><\/strong>; a elabora\u00e7\u00e3o de publica\u00e7\u00f5es internas, assessoria de imprensa e quaisquer outros meios de comunica\u00e7\u00e3o com o p\u00fablico<\/p>\n\n\n\n<p>As(os) profissionais far\u00e3o tamb\u00e9m a sele\u00e7\u00e3o, revis\u00e3o e <strong><mark style=\"background-color:rgba(0, 0, 0, 0)\" class=\"has-inline-color has-vivid-red-color\">preparo definitivo das mat\u00e9rias<\/mark><\/strong> jornal\u00edsticas a serem divulgadas em jornais, revistas, r\u00e1dio, televis\u00e3o e internet.<\/p>\n\n\n\n<p>Ser\u00e1 poss\u00edvel <strong><mark style=\"background-color:rgba(0, 0, 0, 0)\" class=\"has-inline-color has-vivid-red-color\">apresentar programas<\/mark><\/strong> de r\u00e1dio e televis\u00e3o, assim como assessorar as diretorias, coordenadorias e demais setores.<\/p>\n\n\n\n<h3 class=\"wp-block-heading\" id=\"h-revisor-legislativo\">Revisor Legislativo<\/h3>\n\n\n\n<p>Finalmente, quem for realizar revis\u00f5es ir\u00e1 proceder \u00e0 <strong><mark style=\"background-color:rgba(0, 0, 0, 0)\" class=\"has-inline-color has-vivid-red-color\">corre\u00e7\u00e3o ortogr\u00e1fica e \u00e0 adequa\u00e7\u00e3o \u00e0s normas<\/mark><\/strong> de t\u00e9cnica legislativa de projetos de lei e de demais proposi\u00e7\u00f5es, atos e publica\u00e7\u00f5es produzidas na Assembleia ou nela protocoladas.<\/p>\n\n\n\n<p>Em seguida, ainda vai poder analisar os projetos com parecer das comiss\u00f5es, e elaborar projetos de lei, de resolu\u00e7\u00e3o, de lei complementar, de decretos legislativos, documentos, discursos, pronunciamentos e manifesta\u00e7\u00f5es p\u00fablicas e outras proposi\u00e7\u00f5es legislativas ou pe\u00e7as que forem solicitadas.<\/p>\n\n\n\n<p>Al\u00e9m disso, tanto para o cargo de <strong><mark style=\"background-color:rgba(0, 0, 0, 0)\" class=\"has-inline-color has-vivid-red-color\">Analista de Rede<\/mark><\/strong> quanto para de <strong><mark style=\"background-color:rgba(0, 0, 0, 0)\" class=\"has-inline-color has-vivid-red-color\">Desenvolvedor de Sistemas<\/mark><\/strong> \u00e9 exigido o dom\u00ednio da l\u00edngua inglesa t\u00e9cnica como um requisito adicional. A L\u00edngua Inglesa n\u00e3o cai na prova, mas como os termos estrangeiros s\u00e3o inerentes \u00e0 pr\u00f3pria \u00e1rea do conhecimento, \u00e9 necess\u00e1rio conhec\u00ea-los.<\/p>\n\n\n\n<h2 class=\"wp-block-heading\" id=\"h-alep-pr-e-agora\">ALEP PR &#8211; e agora?<\/h2>\n\n\n\n<p>Por fim, basta escolher para qual cargo quer se candidatar e adquirir o <strong><a href=\"https:\/\/www.estrategiaconcursos.com.br\/cursosPorConcurso\/assembleia-legislativa-do-parana-alep\/\">material espec\u00edfico<\/a><\/strong> para esse concurso.<\/p>\n\n\n\n<p>Para mais informa\u00e7\u00f5es, continue aqui no <strong><a href=\"https:\/\/www.estrategiaconcursos.com.br\/blog\/concurso-alep\/\">Estrat\u00e9gia<\/a><\/strong>!<\/p>\n\n\n\n<p>Senta e estuda!<\/p>\n\n\n\n<p>Boa sorte!<\/p>\n\n\n\n<p class=\"has-text-align-center\" id=\"h-quer-saber-tudo-sobre-concursos-previstos\"><strong>Quer saber quais ser\u00e3o os pr\u00f3ximos concursos?<\/strong><\/p>\n\n\n\n<p class=\"has-text-align-center\"><strong>Confira nossos artigos!<\/strong><\/p>\n\n\n\n<p class=\"has-text-align-center has-white-color has-pale-cyan-blue-background-color has-text-color has-background\"><a href=\"https:\/\/www.estrategiaconcursos.com.br\/blog\/concursos-abertos\/\" target=\"_blank\" rel=\"noreferrer noopener\">Concursos abertos<\/a><\/p>\n\n\n\n<p class=\"has-text-align-center has-white-color has-pale-cyan-blue-background-color has-text-color has-background\"><a href=\"https:\/\/www.estrategiaconcursos.com.br\/blog\/concursos-2023\/\" target=\"_blank\" rel=\"noreferrer noopener\">Concursos 202<\/a><a href=\"https:\/\/www.estrategiaconcursos.com.br\/blog\/concursos-2024\/\" target=\"_blank\" rel=\"noreferrer noopener\">4<\/a><\/p>\n","protected":false},"excerpt":{"rendered":"<p>Concurseira(o) impar\u00e1vel, com inscri\u00e7\u00f5es abertas at\u00e9 o dia 08 de fevereiro de 2024, o concurso da ALEP PR chega com 85 vagas, al\u00e9m de cadastro de reserva. ALEP PR &#8211; panorama O concurso da Assembleia Legislativa do Estado do Paran\u00e1 (ALEP PR) visa o preenchimento de vagas das carreiras de Procurador, Analista Legislativo e T\u00e9cnico [&hellip;]<\/p>\n","protected":false},"author":2569,"featured_media":1335038,"comment_status":"open","ping_status":"closed","sticky":false,"template":"","format":"standard","meta":{"post_tipo":"article","footnotes":""},"categories":[2017],"tags":[221699,1454,1453],"tax_estado":[219963,219981],"class_list":["post-1335035","post","type-post","status-publish","format-standard","has-post-thumbnail","hentry","category-concursos-legislativos","tag-alep-pr","tag-analista-legislativo","tag-tecnico-legislativo","tax_estado-concursos-federais","tax_estado-pr"],"acf":[],"yoast_head":"<!-- This site is optimized with the Yoast SEO Premium plugin v27.2 (Yoast SEO v27.2) - https:\/\/yoast.com\/product\/yoast-seo-premium-wordpress\/ -->\n<title>ALEP PR: o que faz um T\u00e9cnico e um Analista Legislativos?<\/title>\n<meta name=\"description\" content=\"Com inscri\u00e7\u00f5es abertas at\u00e9 o dia 08 de fevereiro de 2024, o concurso da ALEP PR chega com 85 vagas, al\u00e9m de cadastro de reserva.\" \/>\n<meta name=\"robots\" content=\"index, follow, max-snippet:-1, max-image-preview:large, max-video-preview:-1\" \/>\n<link rel=\"canonical\" href=\"https:\/\/www.estrategiaconcursos.com.br\/blog\/alep-pr-tecnico-analista\/\" \/>\n<meta property=\"og:locale\" content=\"pt_BR\" \/>\n<meta property=\"og:type\" content=\"article\" \/>\n<meta property=\"og:title\" content=\"O que faz um T\u00e9cnico e um Analista Legislativos da ALEP PR?\" \/>\n<meta property=\"og:description\" content=\"Com inscri\u00e7\u00f5es abertas at\u00e9 o dia 08 de fevereiro de 2024, o concurso da ALEP PR chega com 85 vagas, al\u00e9m de cadastro de reserva.\" \/>\n<meta property=\"og:url\" content=\"https:\/\/www.estrategiaconcursos.com.br\/blog\/alep-pr-tecnico-analista\/\" \/>\n<meta property=\"og:site_name\" content=\"Estrat\u00e9gia Concursos\" \/>\n<meta property=\"article:published_time\" content=\"2024-02-01T14:00:00+00:00\" \/>\n<meta property=\"og:image\" content=\"https:\/\/dhg1h5j42swfq.cloudfront.net\/2024\/01\/12131942\/martelo-da-corte-e-livros-conceito-de-julgamento-e-direito-scaled-e1705076436676.jpg\" \/>\n\t<meta property=\"og:image:width\" content=\"1881\" \/>\n\t<meta property=\"og:image:height\" content=\"1591\" \/>\n\t<meta property=\"og:image:type\" content=\"image\/jpeg\" \/>\n<meta name=\"author\" content=\"Taiane Ferreira Concei\u00e7\u00e3o\" \/>\n<meta name=\"twitter:card\" content=\"summary_large_image\" \/>\n<meta name=\"twitter:creator\" content=\"@EstratConcursos\" \/>\n<meta name=\"twitter:site\" content=\"@EstratConcursos\" \/>\n<meta name=\"twitter:label1\" content=\"Escrito por\" \/>\n\t<meta name=\"twitter:data1\" content=\"Taiane Ferreira Concei\u00e7\u00e3o\" \/>\n\t<meta name=\"twitter:label2\" content=\"Est. tempo de leitura\" \/>\n\t<meta name=\"twitter:data2\" content=\"9 minutos\" \/>\n<script type=\"application\/ld+json\" class=\"yoast-schema-graph\">{\"@context\":\"https:\/\/schema.org\",\"@graph\":[{\"@type\":\"NewsArticle\",\"@id\":\"https:\/\/www.estrategiaconcursos.com.br\/blog\/alep-pr-tecnico-analista\/#article\",\"isPartOf\":{\"@id\":\"https:\/\/www.estrategiaconcursos.com.br\/blog\/alep-pr-tecnico-analista\/\"},\"author\":{\"name\":\"Taiane Ferreira Concei\u00e7\u00e3o\",\"@id\":\"https:\/\/www.estrategiaconcursos.com.br\/blog\/#\/schema\/person\/699843c170e88965fc39f4f55cbc3504\"},\"headline\":\"O que faz um T\u00e9cnico e um Analista Legislativos da ALEP PR?\",\"datePublished\":\"2024-02-01T14:00:00+00:00\",\"mainEntityOfPage\":{\"@id\":\"https:\/\/www.estrategiaconcursos.com.br\/blog\/alep-pr-tecnico-analista\/\"},\"wordCount\":1776,\"commentCount\":0,\"publisher\":{\"@id\":\"https:\/\/www.estrategiaconcursos.com.br\/blog\/#organization\"},\"image\":{\"@id\":\"https:\/\/www.estrategiaconcursos.com.br\/blog\/alep-pr-tecnico-analista\/#primaryimage\"},\"thumbnailUrl\":\"https:\/\/dhg1h5j42swfq.cloudfront.net\/2024\/01\/12131942\/martelo-da-corte-e-livros-conceito-de-julgamento-e-direito-scaled-e1705076436676.jpg\",\"keywords\":[\"ALEP PR\",\"Analista Legislativo\",\"t\u00e9cnico legislativo\"],\"articleSection\":[\"Legislativo\"],\"inLanguage\":\"pt-BR\",\"potentialAction\":[{\"@type\":\"CommentAction\",\"name\":\"Comment\",\"target\":[\"https:\/\/www.estrategiaconcursos.com.br\/blog\/alep-pr-tecnico-analista\/#respond\"]}],\"copyrightYear\":\"2024\",\"copyrightHolder\":{\"@id\":\"https:\/\/www.estrategiaconcursos.com.br\/blog\/#organization\"}},{\"@type\":\"WebPage\",\"@id\":\"https:\/\/www.estrategiaconcursos.com.br\/blog\/alep-pr-tecnico-analista\/\",\"url\":\"https:\/\/www.estrategiaconcursos.com.br\/blog\/alep-pr-tecnico-analista\/\",\"name\":\"ALEP PR: o que faz um T\u00e9cnico e um Analista Legislativos?\",\"isPartOf\":{\"@id\":\"https:\/\/www.estrategiaconcursos.com.br\/blog\/#website\"},\"primaryImageOfPage\":{\"@id\":\"https:\/\/www.estrategiaconcursos.com.br\/blog\/alep-pr-tecnico-analista\/#primaryimage\"},\"image\":{\"@id\":\"https:\/\/www.estrategiaconcursos.com.br\/blog\/alep-pr-tecnico-analista\/#primaryimage\"},\"thumbnailUrl\":\"https:\/\/dhg1h5j42swfq.cloudfront.net\/2024\/01\/12131942\/martelo-da-corte-e-livros-conceito-de-julgamento-e-direito-scaled-e1705076436676.jpg\",\"datePublished\":\"2024-02-01T14:00:00+00:00\",\"description\":\"Com inscri\u00e7\u00f5es abertas at\u00e9 o dia 08 de fevereiro de 2024, o concurso da ALEP PR chega com 85 vagas, al\u00e9m de cadastro de reserva.\",\"breadcrumb\":{\"@id\":\"https:\/\/www.estrategiaconcursos.com.br\/blog\/alep-pr-tecnico-analista\/#breadcrumb\"},\"inLanguage\":\"pt-BR\",\"potentialAction\":[{\"@type\":\"ReadAction\",\"target\":[\"https:\/\/www.estrategiaconcursos.com.br\/blog\/alep-pr-tecnico-analista\/\"]}]},{\"@type\":\"ImageObject\",\"inLanguage\":\"pt-BR\",\"@id\":\"https:\/\/www.estrategiaconcursos.com.br\/blog\/alep-pr-tecnico-analista\/#primaryimage\",\"url\":\"https:\/\/dhg1h5j42swfq.cloudfront.net\/2024\/01\/12131942\/martelo-da-corte-e-livros-conceito-de-julgamento-e-direito-scaled-e1705076436676.jpg\",\"contentUrl\":\"https:\/\/dhg1h5j42swfq.cloudfront.net\/2024\/01\/12131942\/martelo-da-corte-e-livros-conceito-de-julgamento-e-direito-scaled-e1705076436676.jpg\",\"width\":1881,\"height\":1591,\"caption\":\"procedimento comum\"},{\"@type\":\"BreadcrumbList\",\"@id\":\"https:\/\/www.estrategiaconcursos.com.br\/blog\/alep-pr-tecnico-analista\/#breadcrumb\",\"itemListElement\":[{\"@type\":\"ListItem\",\"position\":1,\"name\":\"In\u00edcio\",\"item\":\"https:\/\/www.estrategiaconcursos.com.br\/blog\/\"},{\"@type\":\"ListItem\",\"position\":2,\"name\":\"O que faz um T\u00e9cnico e um Analista Legislativos da ALEP PR?\"}]},{\"@type\":\"WebSite\",\"@id\":\"https:\/\/www.estrategiaconcursos.com.br\/blog\/#website\",\"url\":\"https:\/\/www.estrategiaconcursos.com.br\/blog\/\",\"name\":\"Estrat\u00e9gia Concursos\",\"description\":\"O blog da Estrat\u00e9gia Concursos traz not\u00edcias sobre concursos e artigos de professores oferecendo cursos para concursos (pdf + videaulas) no site.\",\"publisher\":{\"@id\":\"https:\/\/www.estrategiaconcursos.com.br\/blog\/#organization\"},\"potentialAction\":[{\"@type\":\"SearchAction\",\"target\":{\"@type\":\"EntryPoint\",\"urlTemplate\":\"https:\/\/www.estrategiaconcursos.com.br\/blog\/?s={search_term_string}\"},\"query-input\":{\"@type\":\"PropertyValueSpecification\",\"valueRequired\":true,\"valueName\":\"search_term_string\"}}],\"inLanguage\":\"pt-BR\"},{\"@type\":\"Organization\",\"@id\":\"https:\/\/www.estrategiaconcursos.com.br\/blog\/#organization\",\"name\":\"Estrat\u00e9gia Concursos\",\"url\":\"https:\/\/www.estrategiaconcursos.com.br\/blog\/\",\"logo\":{\"@type\":\"ImageObject\",\"inLanguage\":\"pt-BR\",\"@id\":\"https:\/\/www.estrategiaconcursos.com.br\/blog\/#\/schema\/logo\/image\/\",\"url\":\"https:\/\/dhg1h5j42swfq.cloudfront.net\/2025\/06\/03203428\/logo_concursos-1.jpg\",\"contentUrl\":\"https:\/\/dhg1h5j42swfq.cloudfront.net\/2025\/06\/03203428\/logo_concursos-1.jpg\",\"width\":230,\"height\":60,\"caption\":\"Estrat\u00e9gia Concursos\"},\"image\":{\"@id\":\"https:\/\/www.estrategiaconcursos.com.br\/blog\/#\/schema\/logo\/image\/\"},\"sameAs\":[\"https:\/\/x.com\/EstratConcursos\"]},{\"@type\":\"Person\",\"@id\":\"https:\/\/www.estrategiaconcursos.com.br\/blog\/#\/schema\/person\/699843c170e88965fc39f4f55cbc3504\",\"name\":\"Taiane Ferreira Concei\u00e7\u00e3o\",\"image\":{\"@type\":\"ImageObject\",\"inLanguage\":\"pt-BR\",\"@id\":\"https:\/\/secure.gravatar.com\/avatar\/3eeaf722fb4a0f0403ab2fcd989778b82e4ab1df34e59c86868171efee133a4d?s=96&d=mm&r=g\",\"url\":\"https:\/\/secure.gravatar.com\/avatar\/3eeaf722fb4a0f0403ab2fcd989778b82e4ab1df34e59c86868171efee133a4d?s=96&d=mm&r=g\",\"contentUrl\":\"https:\/\/secure.gravatar.com\/avatar\/3eeaf722fb4a0f0403ab2fcd989778b82e4ab1df34e59c86868171efee133a4d?s=96&d=mm&r=g\",\"caption\":\"Taiane Ferreira Concei\u00e7\u00e3o\"},\"description\":\"Aprovada nos concursos Marinha do Brasil, Correios, Secretaria de Educa\u00e7\u00e3o do Estado da Bahia, EMBASA e Pol\u00edcia Civil do Estado da Bahia.\",\"url\":\"https:\/\/www.estrategiaconcursos.com.br\/blog\/author\/taianef1yahoo-com-br\/\"}]}<\/script>\n<!-- \/ Yoast SEO Premium plugin. -->","yoast_head_json":{"title":"ALEP PR: o que faz um T\u00e9cnico e um Analista Legislativos?","description":"Com inscri\u00e7\u00f5es abertas at\u00e9 o dia 08 de fevereiro de 2024, o concurso da ALEP PR chega com 85 vagas, al\u00e9m de cadastro de reserva.","robots":{"index":"index","follow":"follow","max-snippet":"max-snippet:-1","max-image-preview":"max-image-preview:large","max-video-preview":"max-video-preview:-1"},"canonical":"https:\/\/www.estrategiaconcursos.com.br\/blog\/alep-pr-tecnico-analista\/","og_locale":"pt_BR","og_type":"article","og_title":"O que faz um T\u00e9cnico e um Analista Legislativos da ALEP PR?","og_description":"Com inscri\u00e7\u00f5es abertas at\u00e9 o dia 08 de fevereiro de 2024, o concurso da ALEP PR chega com 85 vagas, al\u00e9m de cadastro de reserva.","og_url":"https:\/\/www.estrategiaconcursos.com.br\/blog\/alep-pr-tecnico-analista\/","og_site_name":"Estrat\u00e9gia Concursos","article_published_time":"2024-02-01T14:00:00+00:00","og_image":[{"width":1881,"height":1591,"url":"https:\/\/dhg1h5j42swfq.cloudfront.net\/2024\/01\/12131942\/martelo-da-corte-e-livros-conceito-de-julgamento-e-direito-scaled-e1705076436676.jpg","type":"image\/jpeg"}],"author":"Taiane Ferreira Concei\u00e7\u00e3o","twitter_card":"summary_large_image","twitter_creator":"@EstratConcursos","twitter_site":"@EstratConcursos","twitter_misc":{"Escrito por":"Taiane Ferreira Concei\u00e7\u00e3o","Est. tempo de leitura":"9 minutos"},"schema":{"@context":"https:\/\/schema.org","@graph":[{"@type":"NewsArticle","@id":"https:\/\/www.estrategiaconcursos.com.br\/blog\/alep-pr-tecnico-analista\/#article","isPartOf":{"@id":"https:\/\/www.estrategiaconcursos.com.br\/blog\/alep-pr-tecnico-analista\/"},"author":{"name":"Taiane Ferreira Concei\u00e7\u00e3o","@id":"https:\/\/www.estrategiaconcursos.com.br\/blog\/#\/schema\/person\/699843c170e88965fc39f4f55cbc3504"},"headline":"O que faz um T\u00e9cnico e um Analista Legislativos da ALEP PR?","datePublished":"2024-02-01T14:00:00+00:00","mainEntityOfPage":{"@id":"https:\/\/www.estrategiaconcursos.com.br\/blog\/alep-pr-tecnico-analista\/"},"wordCount":1776,"commentCount":0,"publisher":{"@id":"https:\/\/www.estrategiaconcursos.com.br\/blog\/#organization"},"image":{"@id":"https:\/\/www.estrategiaconcursos.com.br\/blog\/alep-pr-tecnico-analista\/#primaryimage"},"thumbnailUrl":"https:\/\/dhg1h5j42swfq.cloudfront.net\/2024\/01\/12131942\/martelo-da-corte-e-livros-conceito-de-julgamento-e-direito-scaled-e1705076436676.jpg","keywords":["ALEP PR","Analista Legislativo","t\u00e9cnico legislativo"],"articleSection":["Legislativo"],"inLanguage":"pt-BR","potentialAction":[{"@type":"CommentAction","name":"Comment","target":["https:\/\/www.estrategiaconcursos.com.br\/blog\/alep-pr-tecnico-analista\/#respond"]}],"copyrightYear":"2024","copyrightHolder":{"@id":"https:\/\/www.estrategiaconcursos.com.br\/blog\/#organization"}},{"@type":"WebPage","@id":"https:\/\/www.estrategiaconcursos.com.br\/blog\/alep-pr-tecnico-analista\/","url":"https:\/\/www.estrategiaconcursos.com.br\/blog\/alep-pr-tecnico-analista\/","name":"ALEP PR: o que faz um T\u00e9cnico e um Analista Legislativos?","isPartOf":{"@id":"https:\/\/www.estrategiaconcursos.com.br\/blog\/#website"},"primaryImageOfPage":{"@id":"https:\/\/www.estrategiaconcursos.com.br\/blog\/alep-pr-tecnico-analista\/#primaryimage"},"image":{"@id":"https:\/\/www.estrategiaconcursos.com.br\/blog\/alep-pr-tecnico-analista\/#primaryimage"},"thumbnailUrl":"https:\/\/dhg1h5j42swfq.cloudfront.net\/2024\/01\/12131942\/martelo-da-corte-e-livros-conceito-de-julgamento-e-direito-scaled-e1705076436676.jpg","datePublished":"2024-02-01T14:00:00+00:00","description":"Com inscri\u00e7\u00f5es abertas at\u00e9 o dia 08 de fevereiro de 2024, o concurso da ALEP PR chega com 85 vagas, al\u00e9m de cadastro de reserva.","breadcrumb":{"@id":"https:\/\/www.estrategiaconcursos.com.br\/blog\/alep-pr-tecnico-analista\/#breadcrumb"},"inLanguage":"pt-BR","potentialAction":[{"@type":"ReadAction","target":["https:\/\/www.estrategiaconcursos.com.br\/blog\/alep-pr-tecnico-analista\/"]}]},{"@type":"ImageObject","inLanguage":"pt-BR","@id":"https:\/\/www.estrategiaconcursos.com.br\/blog\/alep-pr-tecnico-analista\/#primaryimage","url":"https:\/\/dhg1h5j42swfq.cloudfront.net\/2024\/01\/12131942\/martelo-da-corte-e-livros-conceito-de-julgamento-e-direito-scaled-e1705076436676.jpg","contentUrl":"https:\/\/dhg1h5j42swfq.cloudfront.net\/2024\/01\/12131942\/martelo-da-corte-e-livros-conceito-de-julgamento-e-direito-scaled-e1705076436676.jpg","width":1881,"height":1591,"caption":"procedimento comum"},{"@type":"BreadcrumbList","@id":"https:\/\/www.estrategiaconcursos.com.br\/blog\/alep-pr-tecnico-analista\/#breadcrumb","itemListElement":[{"@type":"ListItem","position":1,"name":"In\u00edcio","item":"https:\/\/www.estrategiaconcursos.com.br\/blog\/"},{"@type":"ListItem","position":2,"name":"O que faz um T\u00e9cnico e um Analista Legislativos da ALEP PR?"}]},{"@type":"WebSite","@id":"https:\/\/www.estrategiaconcursos.com.br\/blog\/#website","url":"https:\/\/www.estrategiaconcursos.com.br\/blog\/","name":"Estrat\u00e9gia Concursos","description":"O blog da Estrat\u00e9gia Concursos traz not\u00edcias sobre concursos e artigos de professores oferecendo cursos para concursos (pdf + videaulas) no site.","publisher":{"@id":"https:\/\/www.estrategiaconcursos.com.br\/blog\/#organization"},"potentialAction":[{"@type":"SearchAction","target":{"@type":"EntryPoint","urlTemplate":"https:\/\/www.estrategiaconcursos.com.br\/blog\/?s={search_term_string}"},"query-input":{"@type":"PropertyValueSpecification","valueRequired":true,"valueName":"search_term_string"}}],"inLanguage":"pt-BR"},{"@type":"Organization","@id":"https:\/\/www.estrategiaconcursos.com.br\/blog\/#organization","name":"Estrat\u00e9gia Concursos","url":"https:\/\/www.estrategiaconcursos.com.br\/blog\/","logo":{"@type":"ImageObject","inLanguage":"pt-BR","@id":"https:\/\/www.estrategiaconcursos.com.br\/blog\/#\/schema\/logo\/image\/","url":"https:\/\/dhg1h5j42swfq.cloudfront.net\/2025\/06\/03203428\/logo_concursos-1.jpg","contentUrl":"https:\/\/dhg1h5j42swfq.cloudfront.net\/2025\/06\/03203428\/logo_concursos-1.jpg","width":230,"height":60,"caption":"Estrat\u00e9gia Concursos"},"image":{"@id":"https:\/\/www.estrategiaconcursos.com.br\/blog\/#\/schema\/logo\/image\/"},"sameAs":["https:\/\/x.com\/EstratConcursos"]},{"@type":"Person","@id":"https:\/\/www.estrategiaconcursos.com.br\/blog\/#\/schema\/person\/699843c170e88965fc39f4f55cbc3504","name":"Taiane Ferreira Concei\u00e7\u00e3o","image":{"@type":"ImageObject","inLanguage":"pt-BR","@id":"https:\/\/secure.gravatar.com\/avatar\/3eeaf722fb4a0f0403ab2fcd989778b82e4ab1df34e59c86868171efee133a4d?s=96&d=mm&r=g","url":"https:\/\/secure.gravatar.com\/avatar\/3eeaf722fb4a0f0403ab2fcd989778b82e4ab1df34e59c86868171efee133a4d?s=96&d=mm&r=g","contentUrl":"https:\/\/secure.gravatar.com\/avatar\/3eeaf722fb4a0f0403ab2fcd989778b82e4ab1df34e59c86868171efee133a4d?s=96&d=mm&r=g","caption":"Taiane Ferreira Concei\u00e7\u00e3o"},"description":"Aprovada nos concursos Marinha do Brasil, Correios, Secretaria de Educa\u00e7\u00e3o do Estado da Bahia, EMBASA e Pol\u00edcia Civil do Estado da Bahia.","url":"https:\/\/www.estrategiaconcursos.com.br\/blog\/author\/taianef1yahoo-com-br\/"}]}},"_links":{"self":[{"href":"https:\/\/www.estrategiaconcursos.com.br\/blog\/wp-json\/wp\/v2\/posts\/1335035","targetHints":{"allow":["GET"]}}],"collection":[{"href":"https:\/\/www.estrategiaconcursos.com.br\/blog\/wp-json\/wp\/v2\/posts"}],"about":[{"href":"https:\/\/www.estrategiaconcursos.com.br\/blog\/wp-json\/wp\/v2\/types\/post"}],"author":[{"embeddable":true,"href":"https:\/\/www.estrategiaconcursos.com.br\/blog\/wp-json\/wp\/v2\/users\/2569"}],"replies":[{"embeddable":true,"href":"https:\/\/www.estrategiaconcursos.com.br\/blog\/wp-json\/wp\/v2\/comments?post=1335035"}],"version-history":[{"count":19,"href":"https:\/\/www.estrategiaconcursos.com.br\/blog\/wp-json\/wp\/v2\/posts\/1335035\/revisions"}],"predecessor-version":[{"id":1335170,"href":"https:\/\/www.estrategiaconcursos.com.br\/blog\/wp-json\/wp\/v2\/posts\/1335035\/revisions\/1335170"}],"wp:featuredmedia":[{"embeddable":true,"href":"https:\/\/www.estrategiaconcursos.com.br\/blog\/wp-json\/wp\/v2\/media\/1335038"}],"wp:attachment":[{"href":"https:\/\/www.estrategiaconcursos.com.br\/blog\/wp-json\/wp\/v2\/media?parent=1335035"}],"wp:term":[{"taxonomy":"category","embeddable":true,"href":"https:\/\/www.estrategiaconcursos.com.br\/blog\/wp-json\/wp\/v2\/categories?post=1335035"},{"taxonomy":"post_tag","embeddable":true,"href":"https:\/\/www.estrategiaconcursos.com.br\/blog\/wp-json\/wp\/v2\/tags?post=1335035"},{"taxonomy":"tax_estado","embeddable":true,"href":"https:\/\/www.estrategiaconcursos.com.br\/blog\/wp-json\/wp\/v2\/tax_estado?post=1335035"}],"curies":[{"name":"wp","href":"https:\/\/api.w.org\/{rel}","templated":true}]}}