{"id":1332484,"date":"2024-02-27T16:34:49","date_gmt":"2024-02-27T19:34:49","guid":{"rendered":"https:\/\/www.estrategiaconcursos.com.br\/blog\/?p=1332484"},"modified":"2024-02-27T16:45:12","modified_gmt":"2024-02-27T19:45:12","slug":"concurso-prefeitura-camocim-de-sao-felix","status":"publish","type":"post","link":"https:\/\/www.estrategiaconcursos.com.br\/blog\/concurso-prefeitura-camocim-de-sao-felix\/","title":{"rendered":"Concurso Camocim de S\u00e3o Felix: confira os gabaritos!"},"content":{"rendered":"\n<h3 class=\"wp-block-heading\" id=\"h-mais-de-5-3-mil-inscritos\"><em>Mais de 5,3 mil inscritos!<\/em><\/h3>\n\n\n\n<p>Foram divulgados os gabaritos da prova objetiva do <strong>concurso p\u00fablico<\/strong> da Prefeitura de <strong>Camocim de S\u00e3o F\u00e9lix<\/strong>, munic\u00edpio de Pernambuco. Veja abaixo:<\/p>\n\n\n\n<ul class=\"wp-block-list\">\n<li><a href=\"https:\/\/dhg1h5j42swfq.cloudfront.net\/2024\/02\/27163313\/gabaritos-preliminares-medio-e-medio-tecnico.pdf\" target=\"_blank\" rel=\"noreferrer noopener nofollow\">Gabaritos preliminares <em>&#8211; M\u00e9dio e t\u00e9cnico;<\/em><\/a><\/li>\n\n\n\n<li><a href=\"https:\/\/dhg1h5j42swfq.cloudfront.net\/2024\/02\/27163317\/gabaritos-preliminares-fundamental.pdf\" target=\"_blank\" rel=\"noreferrer noopener nofollow\">Gabaritos preliminares &#8211; <em>Fundamental;<\/em><\/a> e<\/li>\n\n\n\n<li><a href=\"https:\/\/dhg1h5j42swfq.cloudfront.net\/2024\/02\/27163325\/gabaritos-preliminares-saude-e-educacao.pdf\" target=\"_blank\" rel=\"noreferrer noopener nofollow\">Gabaritos preliminares &#8211; <em>Sa\u00fade e Educa\u00e7\u00e3o.<\/em><\/a><\/li>\n<\/ul>\n\n\n\n<p>Agora, os candidatos, que n\u00e3o concordarem com alguma resposta dos documentos, poder\u00e3o interpor recursos em at\u00e9 <strong>tr\u00eas dias \u00fateis<\/strong>, ou seja, at\u00e9 1\u00ba de mar\u00e7o, atrav\u00e9s do site da banca, o IAUPE.<\/p>\n\n\n\n<p>Vale lembrar que a disputa registrou <strong>5.389 inscritos<\/strong> para <strong>193 vagas<\/strong> imediatas, al\u00e9m de forma\u00e7\u00e3o em cadastro reserva, para diversos cargos de n\u00edveis fundamental, m\u00e9dio, t\u00e9cnico e superior.<\/p>\n\n\n\n<p>Inclusive, o cargo de maior procura foi de<strong> Auxiliar de Servi\u00e7os Gerais<\/strong>, com cerca de 965 inscritos, isto \u00e9, 24,13 candidaturas por vaga. <\/p>\n\n\n\n<p>Ademais, os candidatos, a depender do cargo escolhido, ainda passar\u00e3o por <strong>prova de t\u00edtulos e curso de forma\u00e7\u00e3o<\/strong>. <\/p>\n\n\n\n<ul style=\"background-color:#eeefef\" class=\"has-background wp-block-list\">\n<li><strong>Prefeitura Municipal de Camocim de S\u00e3o Felix &#8211; PE<\/strong><\/li>\n\n\n\n<li><strong style=\"color: initial;\">Situa\u00e7\u00e3o:<\/strong><span style=\"color: initial;\">&nbsp;<\/span>gabaritos divulgados<\/li>\n\n\n\n<li><strong>Banca:<\/strong>&nbsp;<a href=\"http:\/\/www.upenet.com.br\/concursos\/23_Camocim\/#gsc.tab=0\" target=\"_blank\" rel=\"noreferrer noopener\">IAUPE<\/a><\/li>\n\n\n\n<li><strong>Vagas:<\/strong>&nbsp;193 + CR<\/li>\n\n\n\n<li><strong>Sal\u00e1rio inicial:<\/strong>&nbsp;R$ 1.320,00 a R$ 4.420,55<\/li>\n\n\n\n<li><strong>Edital:<\/strong> <a href=\"https:\/\/dhg1h5j42swfq.cloudfront.net\/2024\/01\/09145301\/edital-2.pdf\" target=\"_blank\" rel=\"noreferrer noopener nofollow\">Camocim de S\u00e3o Felix 2024<\/a><\/li>\n<\/ul>\n\n\n\n<p>Confira neste artigo mais informa\u00e7\u00f5es sobre o concurso Camocim de S\u00e3o Felix e os detalhes de seu edital. Acompanhe pelos t\u00f3picos abaixo:<\/p>\n\n\n\n<ul class=\"wp-block-list\" id=\"indice\">\n<li><a href=\"#vagas\"><strong>Distribui\u00e7\u00e3o das vagas<\/strong><\/a><\/li>\n\n\n\n<li><a href=\"#etapas\"><strong>Etapas<\/strong><\/a>\n<ul class=\"wp-block-list\">\n<li><a href=\"#objetiva\">Prova objetiva<\/a><\/li>\n<\/ul>\n<\/li>\n\n\n\n<li><a href=\"#cursos-assinatura\"><strong>Assinatura e cursos<\/strong><\/a><\/li>\n\n\n\n<li><a href=\"#ficha-tecnica\"><strong>Ficha t\u00e9cnica<\/strong><\/a><\/li>\n<\/ul>\n\n\n\n<div class=\"container\" id=\"boxes\">\r\n  <div class=\"row\">\r\n\r\n    <div class=\"col-sm\">\r\n      <div class=\"banner-estrategia\" id=\"box-assinatura\">\r\n        <h3 class=\"titulo-assinatura\">Cursos para concursos<\/h3>\r\n        <p class=\"subtitulo-assinatura\">Conhe\u00e7a os cursos<\/p>\r\n        <div class=\"box-botao\">\r\n          <a class=\"btn-assinatura\" target=\"_blank\" href=\"https:\/\/www.estrategiaconcursos.com.br\/cursos\/\" role=\"button\" rel=\"noopener noreferrer\">Conhe\u00e7a mais<\/a>\r\n        <\/div>\r\n      <\/div>\r\n     \r\n    <\/div>\r\n\r\n  <\/div>\r\n<\/div>\n\n\n\n<h2 class=\"wp-block-heading\" id=\"vagas\">Concurso Camocim de S\u00e3o Felix: cargos, vagas e sal\u00e1rios<\/h2>\n\n\n\n<figure class=\"wp-block-image aligncenter size-large\"><img loading=\"lazy\" decoding=\"async\" width=\"540\" height=\"1024\" src=\"https:\/\/dhg1h5j42swfq.cloudfront.net\/2024\/01\/09145925\/pe-1-540x1024.png\" alt=\"Tabela de vagas, sal\u00e1rios e cargos ofertados \" class=\"wp-image-1332499\" srcset=\"https:\/\/dhg1h5j42swfq.cloudfront.net\/2024\/01\/09145925\/pe-1-540x1024.png 540w, https:\/\/dhg1h5j42swfq.cloudfront.net\/2024\/01\/09145925\/pe-1-158x300.png 158w, https:\/\/dhg1h5j42swfq.cloudfront.net\/2024\/01\/09145925\/pe-1-610x1156.png 610w, https:\/\/dhg1h5j42swfq.cloudfront.net\/2024\/01\/09145925\/pe-1-150x284.png 150w, https:\/\/dhg1h5j42swfq.cloudfront.net\/2024\/01\/09145925\/pe-1.png 701w\" sizes=\"auto, (max-width: 540px) 100vw, 540px\" \/><\/figure>\n\n\n\n<h2 class=\"wp-block-heading\" id=\"etapas\">Concurso Camocim de S\u00e3o Felix: etapas de provas<\/h2>\n\n\n\n<p>O concurso Camocim de S\u00e3o Felix ser\u00e1 constitu\u00eddo de algumas importantes etapas de provas, conforme segue:<\/p>\n\n\n\n<ul class=\"wp-block-list\">\n<li><strong>Prova objetiva<\/strong> para todos os cargos (eliminat\u00f3rio e classificat\u00f3rio);<\/li>\n\n\n\n<li><strong>Prova de t\u00edtulos<\/strong> somente para o cargo de Professor (classificat\u00f3rio);<\/li>\n\n\n\n<li><strong>Curso de forma\u00e7\u00e3o<\/strong> somente para os cargos de Agente Comunit\u00e1rio de Sa\u00fade e Agente de Combate a Endemias.<\/li>\n<\/ul>\n\n\n\n<h3 class=\"wp-block-heading\" id=\"objetiva\">Prova objetiva<\/h3>\n\n\n\n<p>A Prova Objetiva  teve dura\u00e7\u00e3o de at\u00e9 <strong>4 horas<\/strong>, constando de <strong>50 quest\u00f5es <\/strong>objetivas de m\u00faltipla escolha para os n\u00edveis M\u00e9dio\/T\u00e9cnico e Superior, e <strong>40 quest\u00f5es<\/strong> para os n\u00edveis M\u00e9dio e Fundamental.<\/p>\n\n\n\n<ul class=\"wp-block-list\">\n<li><strong>Para o cargo de Merendeira e Cozinheiro =<\/strong> 20 quest\u00f5es de Portugu\u00eas, 10 de Matem\u00e1tica e 10 de conhecimento espec\u00edfico para o cargo.<\/li>\n<\/ul>\n\n\n\n<ul class=\"wp-block-list\">\n<li><strong>Para os demais cargos de N\u00edvel Fundamental = <\/strong>20 quest\u00f5es de Portugu\u00eas e 20 de Matem\u00e1tica.<\/li>\n<\/ul>\n\n\n\n<ul class=\"wp-block-list\">\n<li><strong>Para os cargos de Atendente Educacional de Inclus\u00e3o, Agente Comunit\u00e1rio de Sa\u00fade, Agente de Combate as Endemias, Eletricista, Monitor de Transporte Escolar, Motorista, Motorista de Transporte Escolar e Socorrista Condutor =<\/strong> 20 quest\u00f5es de Portugu\u00eas + 10 de Matem\u00e1tica e 10 de conhecimento espec\u00edfico para o cargo.<\/li>\n<\/ul>\n\n\n\n<ul class=\"wp-block-list\">\n<li><strong>Para os cargos de Recepcionista, Auxiliar Operacional de Servi\u00e7os Diversos e Agente Administrativo =<\/strong> 20 quest\u00f5es de Portugu\u00eas + 10 quest\u00f5es de Matem\u00e1tica e 10 quest\u00f5es de inform\u00e1tica.<\/li>\n<\/ul>\n\n\n\n<ul class=\"wp-block-list\">\n<li><strong>Para os demais cargos de N\u00edvel M\u00e9dio =<\/strong> 20 quest\u00f5es de Portugu\u00eas e 20 de Matem\u00e1tica.<\/li>\n<\/ul>\n\n\n\n<ul class=\"wp-block-list\">\n<li><strong>Para todos os cargos de N\u00edvel M\u00e9dio\/T\u00e9cnico = <\/strong>20 quest\u00f5es de Portugu\u00eas, 15 de SUS e 15 de conhecimento espec\u00edfico para o cargo.<\/li>\n<\/ul>\n\n\n\n<ul class=\"wp-block-list\">\n<li><strong>Para os cargos de N\u00edvel Superior &#8211; Professor (\u00c1rea de Educa\u00e7\u00e3o) =<\/strong> 20 quest\u00f5es de Portugu\u00eas, 15 de conhecimentos pedag\u00f3gicos e 15 de conhecimentos espec\u00edficos para o cargo.<\/li>\n<\/ul>\n\n\n\n<ul class=\"wp-block-list\">\n<li><strong>Para os cargos de N\u00edvel Superior (\u00c1rea Sa\u00fade) = <\/strong>20 quest\u00f5es de portugu\u00eas, 15 de conhecimentos do SUS e 15 de conhecimentos espec\u00edficos para o cargo.<\/li>\n<\/ul>\n\n\n\n<ul class=\"wp-block-list\">\n<li>P<strong>ara os cargos de N\u00edvel Superior (T\u00e9cnico de Controle Interno) = <\/strong>20 quest\u00f5es de Portugu\u00eas, 15 de racioc\u00ednio l\u00f3gico matem\u00e1tico e 15 de conhecimentos espec\u00edficos.<\/li>\n<\/ul>\n\n\n\n<ul class=\"wp-block-list\">\n<li><strong>Para os cargos de N\u00edvel Superior (Neuropsicopedagogo) =<\/strong> 20 quest\u00f5es de portugu\u00eas, 15 de racioc\u00ednio l\u00f3gico e 15 de conhecimento espec\u00edfico para o cargo.<\/li>\n<\/ul>\n\n\n\n<hr class=\"wp-block-separator has-alpha-channel-opacity\"\/>\n\n\n\n<h2 class=\"wp-block-heading has-text-align-center\" id=\"cursos-assinatura\"><em>Quer estudar para o concurso da Prefeitura de Camocim de S\u00e3o Felix?<\/em><\/h2>\n\n\n\n<div class=\"container\" id=\"boxes\">\r\n  <div class=\"row\">\r\n\r\n    <div class=\"col-sm\">\r\n      <div class=\"banner-estrategia\" id=\"box-assinatura\">\r\n        <h3 class=\"titulo-assinatura\">Cursos para concursos<\/h3>\r\n        <p class=\"subtitulo-assinatura\">Conhe\u00e7a os cursos<\/p>\r\n        <div class=\"box-botao\">\r\n          <a class=\"btn-assinatura\" target=\"_blank\" href=\"https:\/\/www.estrategiaconcursos.com.br\/cursos\/\" role=\"button\" rel=\"noopener noreferrer\">Conhe\u00e7a mais<\/a>\r\n        <\/div>\r\n      <\/div>\r\n     \r\n    <\/div>\r\n\r\n  <\/div>\r\n<\/div>\n\n\n\n<div class=\"container\" id=\"boxes\">\r\n  <div class=\"row\">\r\n\r\n    <div class=\"col-sm\">\r\n      <div class=\"estrategia\" id=\"box-assinatura\">\r\n        <h3 class=\"titulo-assinatura\">Assinatura Concursos<\/h3>\r\n        <p class=\"subtitulo-assinatura\">Assinatura de 1 ano ou 2 anos<\/p>\r\n        <div class=\"box-botao\">\r\n          <a class=\"btn-assinatura\" target=\"_blank\" href=\"https:\/\/www.estrategiaconcursos.com.br\/assinaturas\/\" role=\"button\" rel=\"noopener noreferrer\">ASSINE AGORA<\/a>\r\n        <\/div>\r\n      <\/div><\/div><\/div><\/div>\n\n\n\n<h2 class=\"wp-block-heading has-text-align-center\" id=\"h-quer-saber-tudo-sobre-concursos-previstos-confira-os-nossos-artigos\">Quer saber tudo sobre concursos previstos?<br \/>Confira os nossos artigos!<\/h2>\n\n\n\n<ul class=\"wp-block-list\">\n<li><a href=\"https:\/\/www.estrategiaconcursos.com.br\/blog\/concursos-abertos\/\" target=\"_blank\" rel=\"noreferrer noopener\">Concursos abertos<\/a><\/li>\n\n\n\n<li><a href=\"https:\/\/www.estrategiaconcursos.com.br\/blog\/concursos-prefeituras\/\" target=\"_blank\" rel=\"noreferrer noopener\">Concursos prefeituras<\/a><\/li>\n\n\n\n<li><a href=\"https:\/\/www.estrategiaconcursos.com.br\/blog\/concursos-2024\/\" target=\"_blank\" rel=\"noreferrer noopener\">Concursos 2024<\/a><\/li>\n<\/ul>\n\n\n\n<figure class=\"wp-block-image is-resized\"><img loading=\"lazy\" decoding=\"async\" width=\"1024\" height=\"632\" src=\"https:\/\/dhg1h5j42swfq.cloudfront.net\/2021\/04\/01161145\/ficha-tecnica-5-1024x632.png\" alt=\"Informa\u00e7\u00f5es do concurso Camocim de S\u00e3o Felix\" class=\"wp-image-706736\" style=\"width:236px;height:145px\" srcset=\"https:\/\/dhg1h5j42swfq.cloudfront.net\/2021\/04\/01161145\/ficha-tecnica-5-1024x632.png 1024w, https:\/\/dhg1h5j42swfq.cloudfront.net\/2021\/04\/01161145\/ficha-tecnica-5-300x185.png 300w, https:\/\/dhg1h5j42swfq.cloudfront.net\/2021\/04\/01161145\/ficha-tecnica-5-768x474.png 768w, https:\/\/dhg1h5j42swfq.cloudfront.net\/2021\/04\/01161145\/ficha-tecnica-5-1536x948.png 1536w, https:\/\/dhg1h5j42swfq.cloudfront.net\/2021\/04\/01161145\/ficha-tecnica-5-610x377.png 610w, https:\/\/dhg1h5j42swfq.cloudfront.net\/2021\/04\/01161145\/ficha-tecnica-5.png 1571w\" sizes=\"auto, (max-width: 1024px) 100vw, 1024px\" \/><\/figure>\n\n\n\n<h3 class=\"wp-block-heading\" id=\"ficha-tecnica\">Informa\u00e7\u00f5es do Camocim de S\u00e3o Felix<\/h3>\n\n\n\n<ul class=\"wp-block-list\">\n<li><strong>Data da prova<\/strong>: <s>25\/02\/2024<\/s><\/li>\n\n\n\n<li><strong>Banca<\/strong>: IAUPE<\/li>\n\n\n\n<li><strong>Escolaridade<\/strong>: N\u00edveis fundamental, m\u00e9dio, t\u00e9cnico e superior<\/li>\n\n\n\n<li><strong>Vagas:<\/strong> 193<\/li>\n\n\n\n<li><strong>Cargos<\/strong>: V\u00e1rios<\/li>\n\n\n\n<li><strong>Edital: <\/strong><a href=\"https:\/\/dhg1h5j42swfq.cloudfront.net\/2024\/01\/09145301\/edital-2.pdf\" target=\"_blank\" rel=\"noreferrer noopener nofollow\">Edital Camocim de S\u00e3o Felix 2024<\/a> | <a href=\"https:\/\/dhg1h5j42swfq.cloudfront.net\/2024\/01\/09144205\/errata-n-001-camocim-de-sao-felix.pdf\" target=\"_blank\" rel=\"noreferrer noopener nofollow\">Errata<\/a><\/li>\n<\/ul>\n","protected":false},"excerpt":{"rendered":"<p>Mais de 5,3 mil inscritos! Foram divulgados os gabaritos da prova objetiva do concurso p\u00fablico da Prefeitura de Camocim de S\u00e3o F\u00e9lix, munic\u00edpio de Pernambuco. Veja abaixo: Agora, os candidatos, que n\u00e3o concordarem com alguma resposta dos documentos, poder\u00e3o interpor recursos em at\u00e9 tr\u00eas dias \u00fateis, ou seja, at\u00e9 1\u00ba de mar\u00e7o, atrav\u00e9s do site [&hellip;]<\/p>\n","protected":false},"author":1,"featured_media":1359974,"comment_status":"open","ping_status":"closed","sticky":false,"template":"","format":"standard","meta":{"post_tipo":"news_page","footnotes":""},"categories":[214992],"tags":[],"tax_estado":[219979],"class_list":["post-1332484","post","type-post","status-publish","format-standard","has-post-thumbnail","hentry","category-concursos-administrativos","tax_estado-pe"],"acf":[],"yoast_head":"<!-- This site is optimized with the Yoast SEO Premium plugin v27.2 (Yoast SEO v27.2) - https:\/\/yoast.com\/product\/yoast-seo-premium-wordpress\/ -->\n<title>Concurso Camocim de S\u00e3o Felix: confira os gabaritos!<\/title>\n<meta name=\"description\" content=\"Concurso da Prefeitura de Camocim de S\u00e3o Felix: gabaritos divulgados, confira seu resultado. Edital oferta 193 vagas para diversos cargos.\" \/>\n<meta name=\"robots\" content=\"index, follow, max-snippet:-1, max-image-preview:large, max-video-preview:-1\" \/>\n<link rel=\"canonical\" href=\"https:\/\/www.estrategiaconcursos.com.br\/blog\/concurso-prefeitura-camocim-de-sao-felix\/\" \/>\n<meta property=\"og:locale\" content=\"pt_BR\" \/>\n<meta property=\"og:type\" content=\"article\" \/>\n<meta property=\"og:title\" content=\"Concurso Camocim de S\u00e3o Felix: confira os gabaritos!\" \/>\n<meta property=\"og:description\" content=\"Concurso da Prefeitura de Camocim de S\u00e3o Felix: gabaritos divulgados, confira seu resultado. Edital oferta 193 vagas para diversos cargos.\" \/>\n<meta property=\"og:url\" content=\"https:\/\/www.estrategiaconcursos.com.br\/blog\/concurso-prefeitura-camocim-de-sao-felix\/\" \/>\n<meta property=\"og:site_name\" content=\"Estrat\u00e9gia Concursos\" \/>\n<meta property=\"article:author\" content=\"https:\/\/www.facebook.com\/EstrategiaConcursos\" \/>\n<meta property=\"article:published_time\" content=\"2024-02-27T19:34:49+00:00\" \/>\n<meta property=\"article:modified_time\" content=\"2024-02-27T19:45:12+00:00\" \/>\n<meta property=\"og:image\" content=\"https:\/\/dhg1h5j42swfq.cloudfront.net\/2024\/02\/27164424\/prefeitura-de-camocim-de-sao-felix.jpg\" \/>\n\t<meta property=\"og:image:width\" content=\"768\" \/>\n\t<meta property=\"og:image:height\" content=\"432\" \/>\n\t<meta property=\"og:image:type\" content=\"image\/jpeg\" \/>\n<meta name=\"author\" content=\"Coordena\u00e7\u00e3o\" \/>\n<meta name=\"twitter:card\" content=\"summary_large_image\" \/>\n<meta name=\"twitter:creator\" content=\"@EstratConcursos\" \/>\n<meta name=\"twitter:site\" content=\"@EstratConcursos\" \/>\n<meta name=\"twitter:label1\" content=\"Escrito por\" \/>\n\t<meta name=\"twitter:data1\" content=\"Coordena\u00e7\u00e3o\" \/>\n\t<meta name=\"twitter:label2\" content=\"Est. tempo de leitura\" \/>\n\t<meta name=\"twitter:data2\" content=\"4 minutos\" \/>\n<script type=\"application\/ld+json\" class=\"yoast-schema-graph\">{\"@context\":\"https:\/\/schema.org\",\"@graph\":[{\"@type\":\"NewsArticle\",\"@id\":\"https:\/\/www.estrategiaconcursos.com.br\/blog\/concurso-prefeitura-camocim-de-sao-felix\/#article\",\"isPartOf\":{\"@id\":\"https:\/\/www.estrategiaconcursos.com.br\/blog\/concurso-prefeitura-camocim-de-sao-felix\/\"},\"author\":{\"name\":\"Coordena\u00e7\u00e3o\",\"@id\":\"https:\/\/www.estrategiaconcursos.com.br\/blog\/#\/schema\/person\/b4a388c97673c5f483d72185668afa1f\"},\"headline\":\"Concurso Camocim de S\u00e3o Felix: confira os gabaritos!\",\"datePublished\":\"2024-02-27T19:34:49+00:00\",\"dateModified\":\"2024-02-27T19:45:12+00:00\",\"mainEntityOfPage\":{\"@id\":\"https:\/\/www.estrategiaconcursos.com.br\/blog\/concurso-prefeitura-camocim-de-sao-felix\/\"},\"wordCount\":731,\"commentCount\":0,\"publisher\":{\"@id\":\"https:\/\/www.estrategiaconcursos.com.br\/blog\/#organization\"},\"image\":{\"@id\":\"https:\/\/www.estrategiaconcursos.com.br\/blog\/concurso-prefeitura-camocim-de-sao-felix\/#primaryimage\"},\"thumbnailUrl\":\"https:\/\/dhg1h5j42swfq.cloudfront.net\/2024\/02\/27164424\/prefeitura-de-camocim-de-sao-felix.jpg\",\"articleSection\":[\"Executivo (Administrativa)\"],\"inLanguage\":\"pt-BR\",\"potentialAction\":[{\"@type\":\"CommentAction\",\"name\":\"Comment\",\"target\":[\"https:\/\/www.estrategiaconcursos.com.br\/blog\/concurso-prefeitura-camocim-de-sao-felix\/#respond\"]}],\"copyrightYear\":\"2024\",\"copyrightHolder\":{\"@id\":\"https:\/\/www.estrategiaconcursos.com.br\/blog\/#organization\"}},{\"@type\":\"WebPage\",\"@id\":\"https:\/\/www.estrategiaconcursos.com.br\/blog\/concurso-prefeitura-camocim-de-sao-felix\/\",\"url\":\"https:\/\/www.estrategiaconcursos.com.br\/blog\/concurso-prefeitura-camocim-de-sao-felix\/\",\"name\":\"Concurso Camocim de S\u00e3o Felix: confira os gabaritos!\",\"isPartOf\":{\"@id\":\"https:\/\/www.estrategiaconcursos.com.br\/blog\/#website\"},\"primaryImageOfPage\":{\"@id\":\"https:\/\/www.estrategiaconcursos.com.br\/blog\/concurso-prefeitura-camocim-de-sao-felix\/#primaryimage\"},\"image\":{\"@id\":\"https:\/\/www.estrategiaconcursos.com.br\/blog\/concurso-prefeitura-camocim-de-sao-felix\/#primaryimage\"},\"thumbnailUrl\":\"https:\/\/dhg1h5j42swfq.cloudfront.net\/2024\/02\/27164424\/prefeitura-de-camocim-de-sao-felix.jpg\",\"datePublished\":\"2024-02-27T19:34:49+00:00\",\"dateModified\":\"2024-02-27T19:45:12+00:00\",\"description\":\"Concurso da Prefeitura de Camocim de S\u00e3o Felix: gabaritos divulgados, confira seu resultado. Edital oferta 193 vagas para diversos cargos.\",\"breadcrumb\":{\"@id\":\"https:\/\/www.estrategiaconcursos.com.br\/blog\/concurso-prefeitura-camocim-de-sao-felix\/#breadcrumb\"},\"inLanguage\":\"pt-BR\",\"potentialAction\":[{\"@type\":\"ReadAction\",\"target\":[\"https:\/\/www.estrategiaconcursos.com.br\/blog\/concurso-prefeitura-camocim-de-sao-felix\/\"]}]},{\"@type\":\"ImageObject\",\"inLanguage\":\"pt-BR\",\"@id\":\"https:\/\/www.estrategiaconcursos.com.br\/blog\/concurso-prefeitura-camocim-de-sao-felix\/#primaryimage\",\"url\":\"https:\/\/dhg1h5j42swfq.cloudfront.net\/2024\/02\/27164424\/prefeitura-de-camocim-de-sao-felix.jpg\",\"contentUrl\":\"https:\/\/dhg1h5j42swfq.cloudfront.net\/2024\/02\/27164424\/prefeitura-de-camocim-de-sao-felix.jpg\",\"width\":768,\"height\":432},{\"@type\":\"BreadcrumbList\",\"@id\":\"https:\/\/www.estrategiaconcursos.com.br\/blog\/concurso-prefeitura-camocim-de-sao-felix\/#breadcrumb\",\"itemListElement\":[{\"@type\":\"ListItem\",\"position\":1,\"name\":\"In\u00edcio\",\"item\":\"https:\/\/www.estrategiaconcursos.com.br\/blog\/\"},{\"@type\":\"ListItem\",\"position\":2,\"name\":\"Concurso Camocim de S\u00e3o Felix: confira os gabaritos!\"}]},{\"@type\":\"WebSite\",\"@id\":\"https:\/\/www.estrategiaconcursos.com.br\/blog\/#website\",\"url\":\"https:\/\/www.estrategiaconcursos.com.br\/blog\/\",\"name\":\"Estrat\u00e9gia Concursos\",\"description\":\"O blog da Estrat\u00e9gia Concursos traz not\u00edcias sobre concursos e artigos de professores oferecendo cursos para concursos (pdf + videaulas) no site.\",\"publisher\":{\"@id\":\"https:\/\/www.estrategiaconcursos.com.br\/blog\/#organization\"},\"potentialAction\":[{\"@type\":\"SearchAction\",\"target\":{\"@type\":\"EntryPoint\",\"urlTemplate\":\"https:\/\/www.estrategiaconcursos.com.br\/blog\/?s={search_term_string}\"},\"query-input\":{\"@type\":\"PropertyValueSpecification\",\"valueRequired\":true,\"valueName\":\"search_term_string\"}}],\"inLanguage\":\"pt-BR\"},{\"@type\":\"Organization\",\"@id\":\"https:\/\/www.estrategiaconcursos.com.br\/blog\/#organization\",\"name\":\"Estrat\u00e9gia Concursos\",\"url\":\"https:\/\/www.estrategiaconcursos.com.br\/blog\/\",\"logo\":{\"@type\":\"ImageObject\",\"inLanguage\":\"pt-BR\",\"@id\":\"https:\/\/www.estrategiaconcursos.com.br\/blog\/#\/schema\/logo\/image\/\",\"url\":\"https:\/\/dhg1h5j42swfq.cloudfront.net\/2025\/06\/03203428\/logo_concursos-1.jpg\",\"contentUrl\":\"https:\/\/dhg1h5j42swfq.cloudfront.net\/2025\/06\/03203428\/logo_concursos-1.jpg\",\"width\":230,\"height\":60,\"caption\":\"Estrat\u00e9gia Concursos\"},\"image\":{\"@id\":\"https:\/\/www.estrategiaconcursos.com.br\/blog\/#\/schema\/logo\/image\/\"},\"sameAs\":[\"https:\/\/x.com\/EstratConcursos\"]},{\"@type\":\"Person\",\"@id\":\"https:\/\/www.estrategiaconcursos.com.br\/blog\/#\/schema\/person\/b4a388c97673c5f483d72185668afa1f\",\"name\":\"Coordena\u00e7\u00e3o\",\"image\":{\"@type\":\"ImageObject\",\"inLanguage\":\"pt-BR\",\"@id\":\"https:\/\/secure.gravatar.com\/avatar\/b720319e4c9a967eb58678d110f4fe35452fc5d5f97b202bac7b8acceb18c6ad?s=96&d=mm&r=g\",\"url\":\"https:\/\/secure.gravatar.com\/avatar\/b720319e4c9a967eb58678d110f4fe35452fc5d5f97b202bac7b8acceb18c6ad?s=96&d=mm&r=g\",\"contentUrl\":\"https:\/\/secure.gravatar.com\/avatar\/b720319e4c9a967eb58678d110f4fe35452fc5d5f97b202bac7b8acceb18c6ad?s=96&d=mm&r=g\",\"caption\":\"Coordena\u00e7\u00e3o\"},\"sameAs\":[\"https:\/\/www.facebook.com\/EstrategiaConcursos\",\"https:\/\/x.com\/EstratConcursos\"],\"url\":\"https:\/\/www.estrategiaconcursos.com.br\/blog\/author\/estrategia2013\/\"}]}<\/script>\n<!-- \/ Yoast SEO Premium plugin. -->","yoast_head_json":{"title":"Concurso Camocim de S\u00e3o Felix: confira os gabaritos!","description":"Concurso da Prefeitura de Camocim de S\u00e3o Felix: gabaritos divulgados, confira seu resultado. Edital oferta 193 vagas para diversos cargos.","robots":{"index":"index","follow":"follow","max-snippet":"max-snippet:-1","max-image-preview":"max-image-preview:large","max-video-preview":"max-video-preview:-1"},"canonical":"https:\/\/www.estrategiaconcursos.com.br\/blog\/concurso-prefeitura-camocim-de-sao-felix\/","og_locale":"pt_BR","og_type":"article","og_title":"Concurso Camocim de S\u00e3o Felix: confira os gabaritos!","og_description":"Concurso da Prefeitura de Camocim de S\u00e3o Felix: gabaritos divulgados, confira seu resultado. Edital oferta 193 vagas para diversos cargos.","og_url":"https:\/\/www.estrategiaconcursos.com.br\/blog\/concurso-prefeitura-camocim-de-sao-felix\/","og_site_name":"Estrat\u00e9gia Concursos","article_author":"https:\/\/www.facebook.com\/EstrategiaConcursos","article_published_time":"2024-02-27T19:34:49+00:00","article_modified_time":"2024-02-27T19:45:12+00:00","og_image":[{"width":768,"height":432,"url":"https:\/\/dhg1h5j42swfq.cloudfront.net\/2024\/02\/27164424\/prefeitura-de-camocim-de-sao-felix.jpg","type":"image\/jpeg"}],"author":"Coordena\u00e7\u00e3o","twitter_card":"summary_large_image","twitter_creator":"@EstratConcursos","twitter_site":"@EstratConcursos","twitter_misc":{"Escrito por":"Coordena\u00e7\u00e3o","Est. tempo de leitura":"4 minutos"},"schema":{"@context":"https:\/\/schema.org","@graph":[{"@type":"NewsArticle","@id":"https:\/\/www.estrategiaconcursos.com.br\/blog\/concurso-prefeitura-camocim-de-sao-felix\/#article","isPartOf":{"@id":"https:\/\/www.estrategiaconcursos.com.br\/blog\/concurso-prefeitura-camocim-de-sao-felix\/"},"author":{"name":"Coordena\u00e7\u00e3o","@id":"https:\/\/www.estrategiaconcursos.com.br\/blog\/#\/schema\/person\/b4a388c97673c5f483d72185668afa1f"},"headline":"Concurso Camocim de S\u00e3o Felix: confira os gabaritos!","datePublished":"2024-02-27T19:34:49+00:00","dateModified":"2024-02-27T19:45:12+00:00","mainEntityOfPage":{"@id":"https:\/\/www.estrategiaconcursos.com.br\/blog\/concurso-prefeitura-camocim-de-sao-felix\/"},"wordCount":731,"commentCount":0,"publisher":{"@id":"https:\/\/www.estrategiaconcursos.com.br\/blog\/#organization"},"image":{"@id":"https:\/\/www.estrategiaconcursos.com.br\/blog\/concurso-prefeitura-camocim-de-sao-felix\/#primaryimage"},"thumbnailUrl":"https:\/\/dhg1h5j42swfq.cloudfront.net\/2024\/02\/27164424\/prefeitura-de-camocim-de-sao-felix.jpg","articleSection":["Executivo (Administrativa)"],"inLanguage":"pt-BR","potentialAction":[{"@type":"CommentAction","name":"Comment","target":["https:\/\/www.estrategiaconcursos.com.br\/blog\/concurso-prefeitura-camocim-de-sao-felix\/#respond"]}],"copyrightYear":"2024","copyrightHolder":{"@id":"https:\/\/www.estrategiaconcursos.com.br\/blog\/#organization"}},{"@type":"WebPage","@id":"https:\/\/www.estrategiaconcursos.com.br\/blog\/concurso-prefeitura-camocim-de-sao-felix\/","url":"https:\/\/www.estrategiaconcursos.com.br\/blog\/concurso-prefeitura-camocim-de-sao-felix\/","name":"Concurso Camocim de S\u00e3o Felix: confira os gabaritos!","isPartOf":{"@id":"https:\/\/www.estrategiaconcursos.com.br\/blog\/#website"},"primaryImageOfPage":{"@id":"https:\/\/www.estrategiaconcursos.com.br\/blog\/concurso-prefeitura-camocim-de-sao-felix\/#primaryimage"},"image":{"@id":"https:\/\/www.estrategiaconcursos.com.br\/blog\/concurso-prefeitura-camocim-de-sao-felix\/#primaryimage"},"thumbnailUrl":"https:\/\/dhg1h5j42swfq.cloudfront.net\/2024\/02\/27164424\/prefeitura-de-camocim-de-sao-felix.jpg","datePublished":"2024-02-27T19:34:49+00:00","dateModified":"2024-02-27T19:45:12+00:00","description":"Concurso da Prefeitura de Camocim de S\u00e3o Felix: gabaritos divulgados, confira seu resultado. Edital oferta 193 vagas para diversos cargos.","breadcrumb":{"@id":"https:\/\/www.estrategiaconcursos.com.br\/blog\/concurso-prefeitura-camocim-de-sao-felix\/#breadcrumb"},"inLanguage":"pt-BR","potentialAction":[{"@type":"ReadAction","target":["https:\/\/www.estrategiaconcursos.com.br\/blog\/concurso-prefeitura-camocim-de-sao-felix\/"]}]},{"@type":"ImageObject","inLanguage":"pt-BR","@id":"https:\/\/www.estrategiaconcursos.com.br\/blog\/concurso-prefeitura-camocim-de-sao-felix\/#primaryimage","url":"https:\/\/dhg1h5j42swfq.cloudfront.net\/2024\/02\/27164424\/prefeitura-de-camocim-de-sao-felix.jpg","contentUrl":"https:\/\/dhg1h5j42swfq.cloudfront.net\/2024\/02\/27164424\/prefeitura-de-camocim-de-sao-felix.jpg","width":768,"height":432},{"@type":"BreadcrumbList","@id":"https:\/\/www.estrategiaconcursos.com.br\/blog\/concurso-prefeitura-camocim-de-sao-felix\/#breadcrumb","itemListElement":[{"@type":"ListItem","position":1,"name":"In\u00edcio","item":"https:\/\/www.estrategiaconcursos.com.br\/blog\/"},{"@type":"ListItem","position":2,"name":"Concurso Camocim de S\u00e3o Felix: confira os gabaritos!"}]},{"@type":"WebSite","@id":"https:\/\/www.estrategiaconcursos.com.br\/blog\/#website","url":"https:\/\/www.estrategiaconcursos.com.br\/blog\/","name":"Estrat\u00e9gia Concursos","description":"O blog da Estrat\u00e9gia Concursos traz not\u00edcias sobre concursos e artigos de professores oferecendo cursos para concursos (pdf + videaulas) no site.","publisher":{"@id":"https:\/\/www.estrategiaconcursos.com.br\/blog\/#organization"},"potentialAction":[{"@type":"SearchAction","target":{"@type":"EntryPoint","urlTemplate":"https:\/\/www.estrategiaconcursos.com.br\/blog\/?s={search_term_string}"},"query-input":{"@type":"PropertyValueSpecification","valueRequired":true,"valueName":"search_term_string"}}],"inLanguage":"pt-BR"},{"@type":"Organization","@id":"https:\/\/www.estrategiaconcursos.com.br\/blog\/#organization","name":"Estrat\u00e9gia Concursos","url":"https:\/\/www.estrategiaconcursos.com.br\/blog\/","logo":{"@type":"ImageObject","inLanguage":"pt-BR","@id":"https:\/\/www.estrategiaconcursos.com.br\/blog\/#\/schema\/logo\/image\/","url":"https:\/\/dhg1h5j42swfq.cloudfront.net\/2025\/06\/03203428\/logo_concursos-1.jpg","contentUrl":"https:\/\/dhg1h5j42swfq.cloudfront.net\/2025\/06\/03203428\/logo_concursos-1.jpg","width":230,"height":60,"caption":"Estrat\u00e9gia Concursos"},"image":{"@id":"https:\/\/www.estrategiaconcursos.com.br\/blog\/#\/schema\/logo\/image\/"},"sameAs":["https:\/\/x.com\/EstratConcursos"]},{"@type":"Person","@id":"https:\/\/www.estrategiaconcursos.com.br\/blog\/#\/schema\/person\/b4a388c97673c5f483d72185668afa1f","name":"Coordena\u00e7\u00e3o","image":{"@type":"ImageObject","inLanguage":"pt-BR","@id":"https:\/\/secure.gravatar.com\/avatar\/b720319e4c9a967eb58678d110f4fe35452fc5d5f97b202bac7b8acceb18c6ad?s=96&d=mm&r=g","url":"https:\/\/secure.gravatar.com\/avatar\/b720319e4c9a967eb58678d110f4fe35452fc5d5f97b202bac7b8acceb18c6ad?s=96&d=mm&r=g","contentUrl":"https:\/\/secure.gravatar.com\/avatar\/b720319e4c9a967eb58678d110f4fe35452fc5d5f97b202bac7b8acceb18c6ad?s=96&d=mm&r=g","caption":"Coordena\u00e7\u00e3o"},"sameAs":["https:\/\/www.facebook.com\/EstrategiaConcursos","https:\/\/x.com\/EstratConcursos"],"url":"https:\/\/www.estrategiaconcursos.com.br\/blog\/author\/estrategia2013\/"}]}},"_links":{"self":[{"href":"https:\/\/www.estrategiaconcursos.com.br\/blog\/wp-json\/wp\/v2\/posts\/1332484","targetHints":{"allow":["GET"]}}],"collection":[{"href":"https:\/\/www.estrategiaconcursos.com.br\/blog\/wp-json\/wp\/v2\/posts"}],"about":[{"href":"https:\/\/www.estrategiaconcursos.com.br\/blog\/wp-json\/wp\/v2\/types\/post"}],"author":[{"embeddable":true,"href":"https:\/\/www.estrategiaconcursos.com.br\/blog\/wp-json\/wp\/v2\/users\/1"}],"replies":[{"embeddable":true,"href":"https:\/\/www.estrategiaconcursos.com.br\/blog\/wp-json\/wp\/v2\/comments?post=1332484"}],"version-history":[{"count":21,"href":"https:\/\/www.estrategiaconcursos.com.br\/blog\/wp-json\/wp\/v2\/posts\/1332484\/revisions"}],"predecessor-version":[{"id":1359975,"href":"https:\/\/www.estrategiaconcursos.com.br\/blog\/wp-json\/wp\/v2\/posts\/1332484\/revisions\/1359975"}],"wp:featuredmedia":[{"embeddable":true,"href":"https:\/\/www.estrategiaconcursos.com.br\/blog\/wp-json\/wp\/v2\/media\/1359974"}],"wp:attachment":[{"href":"https:\/\/www.estrategiaconcursos.com.br\/blog\/wp-json\/wp\/v2\/media?parent=1332484"}],"wp:term":[{"taxonomy":"category","embeddable":true,"href":"https:\/\/www.estrategiaconcursos.com.br\/blog\/wp-json\/wp\/v2\/categories?post=1332484"},{"taxonomy":"post_tag","embeddable":true,"href":"https:\/\/www.estrategiaconcursos.com.br\/blog\/wp-json\/wp\/v2\/tags?post=1332484"},{"taxonomy":"tax_estado","embeddable":true,"href":"https:\/\/www.estrategiaconcursos.com.br\/blog\/wp-json\/wp\/v2\/tax_estado?post=1332484"}],"curies":[{"name":"wp","href":"https:\/\/api.w.org\/{rel}","templated":true}]}}