{"id":1332188,"date":"2024-04-25T06:00:00","date_gmt":"2024-04-25T09:00:00","guid":{"rendered":"https:\/\/www.estrategiaconcursos.com.br\/blog\/?p=1332188"},"modified":"2025-11-25T13:10:58","modified_gmt":"2025-11-25T16:10:58","slug":"concurso-cremeb","status":"publish","type":"post","link":"https:\/\/www.estrategiaconcursos.com.br\/blog\/concurso-cremeb\/","title":{"rendered":"Concurso CREMEB: provas remarcadas; confira o novo cronograma!"},"content":{"rendered":"\n<p>As provas aplicadas do<strong> concurso CREMEB <\/strong>(Conselho Regional de Medicina do Estado da Bahia) foram anuladas e remarcadas para <strong>02 de junho de 2024<\/strong>!<\/p>\n\n\n\n<p>Segundo comunicado pelo \u00f3rg\u00e3o, a etapa foi anulada devido falha operacional do Instituto ACCESS, organizadora do certame.<\/p>\n\n\n\n<p>S\u00e3o ofertadas 580 vagas, sendo <strong>220 vagas para M\u00e9dico Fiscal<\/strong> (n\u00edvel superior) e <strong>360 vagas para T\u00e9cnico de Atividade de Suporte<\/strong> (n\u00edvel m\u00e9dio).<\/p>\n\n\n\n<p>O novo cronograma foi publicado atrav\u00e9s do Di\u00e1rio Oficial da Uni\u00e3o. A prova ser\u00e1 realizada no turno da tarde, com dura\u00e7\u00e3o m\u00e1xima de 4 (quatro) horas.<\/p>\n\n\n\n<ul style=\"background:linear-gradient(135deg,rgb(255,245,203) 0%,rgb(182,227,212) 0%,rgb(51,167,181) 100%)\" class=\"has-background wp-block-list\">\n<li><strong>Concurso CREMEB<\/strong><\/li>\n\n\n\n<li><strong>Status:<\/strong> provas remarcadas<\/li>\n\n\n\n<li><strong>Vagas:<\/strong> 580<\/li>\n\n\n\n<li><strong>Escolaridade:<\/strong> m\u00e9dio e superior<\/li>\n\n\n\n<li><strong>Sal\u00e1rios:<\/strong> R$7.238,64 \/ R$ 3.165,39<\/li>\n\n\n\n<li><strong>Edital<\/strong>: <strong><a href=\"https:\/\/dhg1h5j42swfq.cloudfront.net\/2024\/01\/09061559\/concurso-cremeb-edital-1.pdf\">CREMEB 2024<\/a><\/strong> \/ <strong><a href=\"https:\/\/dhg1h5j42swfq.cloudfront.net\/2024\/04\/25081423\/cremeb-cronograma-1.pdf\" target=\"_blank\" rel=\"noreferrer noopener nofollow\">Novo Cronograma <\/a><\/strong><\/li>\n<\/ul>\n\n\n\n<p>Elaboramos este artigo com as principais informa\u00e7\u00f5es e novidades sobre o concurso CREMEB para te manter 100% informado. Acompanhe os t\u00f3picos abaixo e n\u00e3o perca nenhum detalhe:<\/p>\n\n\n\n<ul class=\"wp-block-list\">\n<li><a href=\"#atual\">Situa\u00e7\u00e3o atual<\/a>\n<ul class=\"wp-block-list\">\n<li><a href=\"#h-provas-anuladas\">Provas anuladas<\/a><\/li>\n\n\n\n<li><a href=\"#h-cronograma\">Cronograma<\/a><\/li>\n<\/ul>\n<\/li>\n\n\n\n<li><a href=\"#carreira\">Carreira<\/a>\n<ul class=\"wp-block-list\">\n<li><a href=\"#vagas\">Cargos e Vagas<\/a><\/li>\n\n\n\n<li><a href=\"#remunera\u00e7\u00e3o\">Remunera\u00e7\u00e3o<\/a><\/li>\n<\/ul>\n<\/li>\n\n\n\n<li><a href=\"#etapas\">Etapas <\/a><\/li>\n\n\n\n<li><a href=\"#curso\">Cursos e Assinaturas<\/a><\/li>\n\n\n\n<li><a href=\"#ficha\">Ficha T\u00e9cnica<\/a><\/li>\n<\/ul>\n\n\n\n<h2 class=\"wp-block-heading\" id=\"atual\">Concurso CREMEB: situa\u00e7\u00e3o atual<\/h2>\n\n\n\n<h3 class=\"wp-block-heading\" id=\"h-novo-cronograma\">Novo cronograma<\/h3>\n\n\n\n<p>Foi divulgada atrav\u00e9s da edi\u00e7\u00e3o do dia 25 de abril do Di\u00e1rio Oficial da Uni\u00e3o o novo cronograma de provas do concurso. Confira abaixo:<\/p>\n\n\n\n<ul class=\"wp-block-list\">\n<li><strong><a href=\"https:\/\/dhg1h5j42swfq.cloudfront.net\/2024\/04\/25081423\/cremeb-cronograma-1.pdf\" target=\"_blank\" rel=\"noreferrer noopener nofollow\">Novo Cronograma<\/a><\/strong><\/li>\n<\/ul>\n\n\n\n<h3 class=\"wp-block-heading\" id=\"h-provas-anuladas\">Provas anuladas<\/h3>\n\n\n\n<p>As provas aplicadas do concurso CREMEB foram anuladas devido falha operacional do Instituto ACCESS durante a distribui\u00e7\u00e3o das provas.<\/p>\n\n\n\n<p>O Conselho decidiu, em respeito \u00e0 isonomia e transpar\u00eancia, anular a etapa e reaplic\u00e1-la em data oportuna, a ser divulgada. Confira abaixo o comunicado na \u00edntegra: <\/p>\n\n\n\n<figure class=\"wp-block-image aligncenter size-full\"><img loading=\"lazy\" decoding=\"async\" width=\"543\" height=\"532\" src=\"https:\/\/dhg1h5j42swfq.cloudfront.net\/2024\/04\/23111455\/image-2024-04-23t110536-733.png\" alt=\"Comunicado de provas anuladas concurso CREMEB.\" class=\"wp-image-1388565\" srcset=\"https:\/\/dhg1h5j42swfq.cloudfront.net\/2024\/04\/23111455\/image-2024-04-23t110536-733.png 543w, https:\/\/dhg1h5j42swfq.cloudfront.net\/2024\/04\/23111455\/image-2024-04-23t110536-733-300x294.png 300w, https:\/\/dhg1h5j42swfq.cloudfront.net\/2024\/04\/23111455\/image-2024-04-23t110536-733-150x147.png 150w\" sizes=\"auto, (max-width: 543px) 100vw, 543px\" \/><figcaption class=\"wp-element-caption\">Comunicado de provas anuladas concurso CREMEB.<\/figcaption><\/figure>\n\n\n\n<h3 class=\"wp-block-heading\" id=\"h-cronograma\">Cronograma<\/h3>\n\n\n\n<ul class=\"has-very-light-gray-to-cyan-bluish-gray-gradient-background has-background wp-block-list\">\n<li><strong>Inscri\u00e7\u00f5es:<\/strong> <s>09\/01 a 07\/03\/2024<\/s><\/li>\n\n\n\n<li><strong>Taxas:<\/strong> <s>R$ 65,00 \/ R$ 95,00<\/s><\/li>\n\n\n\n<li><strong>Provas:<\/strong> <s>21\/04\/2024<\/s> <\/li>\n\n\n\n<li><strong>Nova data das provas: 02\/06\/2024<\/strong><\/li>\n<\/ul>\n\n\n\n<h2 class=\"wp-block-heading\" id=\"carreira\">Concurso CREMEB: carreira<\/h2>\n\n\n\n<h3 class=\"wp-block-heading\" id=\"vagas\">Cargos e Vagas<\/h3>\n\n\n\n<figure class=\"wp-block-image aligncenter size-large is-resized\"><img loading=\"lazy\" decoding=\"async\" width=\"1024\" height=\"533\" src=\"https:\/\/dhg1h5j42swfq.cloudfront.net\/2024\/01\/09060858\/image-165-1024x533.png\" alt=\"\" class=\"wp-image-1332197\" style=\"width:955px;height:auto\" srcset=\"https:\/\/dhg1h5j42swfq.cloudfront.net\/2024\/01\/09060858\/image-165-1024x533.png 1024w, https:\/\/dhg1h5j42swfq.cloudfront.net\/2024\/01\/09060858\/image-165-300x156.png 300w, https:\/\/dhg1h5j42swfq.cloudfront.net\/2024\/01\/09060858\/image-165-768x400.png 768w, https:\/\/dhg1h5j42swfq.cloudfront.net\/2024\/01\/09060858\/image-165-610x317.png 610w, https:\/\/dhg1h5j42swfq.cloudfront.net\/2024\/01\/09060858\/image-165-150x78.png 150w, https:\/\/dhg1h5j42swfq.cloudfront.net\/2024\/01\/09060858\/image-165.png 1130w\" sizes=\"auto, (max-width: 1024px) 100vw, 1024px\" \/><\/figure>\n\n\n\n<h3 class=\"wp-block-heading\" id=\"remuneracao\">Remunera\u00e7\u00e3o<\/h3>\n\n\n\n<ul class=\"wp-block-list\">\n<li>R$7.238,64 para o cargo de M\u00e9dico-Fiscal;<\/li>\n\n\n\n<li>R$ 3.165,39 para o cargo de T\u00e9cnico de Atividade de Suporte.<\/li>\n<\/ul>\n\n\n\n<p>Al\u00e9m da remunera\u00e7\u00e3o base, far\u00e3o jus \u00e0s vantagens oferecidas pelo CREMEB que se constituem em:<\/p>\n\n\n\n<ul class=\"wp-block-list\">\n<li>vale-transporte;<\/li>\n\n\n\n<li>aux\u00edlio alimenta\u00e7\u00e3o ou aux\u00edlio refei\u00e7\u00e3o;<\/li>\n\n\n\n<li>plano de sa\u00fade.<\/li>\n<\/ul>\n\n\n\n<h2 class=\"wp-block-heading\" id=\"etapas\">Concurso CREMEB: etapas<\/h2>\n\n\n\n<h3 class=\"wp-block-heading\" id=\"h-prova-objetiva\">Prova Objetiva<\/h3>\n\n\n\n<p>A reaplica\u00e7\u00e3o das objetivas ser\u00e1 realizada nem data oportuna, no turno da tarde, com dura\u00e7\u00e3o m\u00e1xima de 4 (quatro) horas.<\/p>\n\n\n\n<p>A prova objetiva, de car\u00e1ter eliminat\u00f3rio e classificat\u00f3rio, ser\u00e1 composta de quest\u00f5es de m\u00faltipla escolha, com 5 (cinco) alternativas em cada quest\u00e3o, para escolha de 1 (uma) \u00fanica resposta correta.<\/p>\n\n\n\n<ul class=\"wp-block-list\">\n<li>L\u00edngua Portuguesa: 15 quest\u00f5es;<\/li>\n\n\n\n<li>Racioc\u00ednio L\u00f3gico e Matem\u00e1tico: 5 quest\u00f5es;<\/li>\n\n\n\n<li>Legisla\u00e7\u00e3o Aplicada ao CREMEB: 5 quest\u00f5es;<\/li>\n\n\n\n<li>No\u00e7\u00f5es de Inform\u00e1tica: 5 quest\u00f5es;<\/li>\n\n\n\n<li>Conhecimentos Espec\u00edficos: 20 quest\u00f5es.<\/li>\n<\/ul>\n\n\n\n<h3 class=\"wp-block-heading\" id=\"h-prova-discursiva\">Prova Discursiva<\/h3>\n\n\n\n<p>A prova discursiva, de car\u00e1ter eliminat\u00f3rio e classificat\u00f3rio, ser\u00e1 aplicada para o emprego de M\u00e9dico Fiscal.<\/p>\n\n\n\n<p>Essa etapa consistir\u00e1 na elabora\u00e7\u00e3o de um texto dissertativo, de no m\u00ednimo 20 (vinte) e m\u00e1ximo de 40 (quarenta) linhas, com pontua\u00e7\u00e3o m\u00e1xima igual a 20,00 (vinte) pontos.<\/p>\n\n\n\n<h2 class=\"wp-block-heading has-text-align-center\" id=\"h-quer-saber-tudo-sobre-concursos-previstos-confira-nossos-artigos\">Quer saber tudo sobre concursos previstos?<br \/>Confira  nossos artigos!<\/h2>\n\n\n\n<ul class=\"wp-block-list\">\n<li><a href=\"https:\/\/www.estrategiaconcursos.com.br\/blog\/concursos-abertos\/\" target=\"_blank\" rel=\"noreferrer noopener\">Concursos abertos<\/a><\/li>\n\n\n\n<li><a href=\"https:\/\/www.estrategiaconcursos.com.br\/blog\/concursos-2024\/\" target=\"_blank\" rel=\"noreferrer noopener\">Concursos 2024<\/a><\/li>\n<\/ul>\n\n\n\n<h2 class=\"wp-block-heading has-text-align-center\" id=\"cursos\">Quer estudar para o concurso CREMEB?<\/h2>\n\n\n\n<div class=\"container\" id=\"boxes\">\n  <div class=\"row\">\n\n    <div class=\"col-sm\">\n      <div class=\"banner-estrategia\" id=\"box-assinatura\">\n        <h3 class=\"titulo-assinatura\">Cursos para concursos<\/h3>\n        <p class=\"subtitulo-assinatura\">Conhe\u00e7a os cursos<\/p>\n        <div class=\"box-botao\">\n          <a class=\"btn-assinatura\" target=\"_blank\" href=\"https:\/\/www.estrategiaconcursos.com.br\/pesquisa\/?q=crea+sp\" role=\"button\" rel=\"noopener noreferrer\">Conhe\u00e7a mais<\/a>\n        <\/div>\n      <\/div>\n     \n    <\/div>\n\n  <\/div>\n<\/div>\n\n\n\n<div class=\"container\" id=\"boxes\">\n  <div class=\"row\">\n\n    <div class=\"col-sm\">\n      <div class=\"estrategia\" id=\"box-assinatura\">\n        <h3 class=\"titulo-assinatura\">Assinatura Concursos<\/h3>\n        <p class=\"subtitulo-assinatura\">Assinatura de 1 ano ou 2 anos<\/p>\n        <div class=\"box-botao\">\n          <a class=\"btn-assinatura\" target=\"_blank\" href=\"https:\/\/www.estrategiaconcursos.com.br\/assinaturas\/\" role=\"button\" rel=\"noopener noreferrer\">ASSINE AGORA<\/a>\n        <\/div>\n      <\/div><\/div><\/div><\/div>\n\n\n\n<figure class=\"wp-block-image size-large is-resized\"><img loading=\"lazy\" decoding=\"async\" width=\"1024\" height=\"632\" src=\"https:\/\/dhg1h5j42swfq.cloudfront.net\/2025\/06\/27101122\/ficha-tecnica-1-1024x632.png\" alt=\"\" class=\"wp-image-702728\" style=\"width:269px;height:166px\" srcset=\"https:\/\/dhg1h5j42swfq.cloudfront.net\/2025\/06\/27101122\/ficha-tecnica-1-1024x632.png 1024w, https:\/\/dhg1h5j42swfq.cloudfront.net\/2025\/06\/27101122\/ficha-tecnica-1-300x185.png 300w, https:\/\/dhg1h5j42swfq.cloudfront.net\/2025\/06\/27101122\/ficha-tecnica-1-768x474.png 768w, https:\/\/dhg1h5j42swfq.cloudfront.net\/2025\/06\/27101122\/ficha-tecnica-1-1536x948.png 1536w, https:\/\/dhg1h5j42swfq.cloudfront.net\/2025\/06\/27101122\/ficha-tecnica-1-610x377.png 610w, https:\/\/dhg1h5j42swfq.cloudfront.net\/2025\/06\/27101122\/ficha-tecnica-1.png 1571w\" sizes=\"auto, (max-width: 1024px) 100vw, 1024px\" \/><\/figure>\n\n\n\n<h3 class=\"wp-block-heading\" id=\"ficha\">Informa\u00e7\u00f5es do concurso CREMEB<\/h3>\n\n\n\n<ul class=\"wp-block-list\">\n<li><strong>Inscri\u00e7\u00f5es<\/strong>: 09\/01 a 07\/03\/2024<\/li>\n\n\n\n<li><strong>Provas<\/strong>: 02\/06\/2024<\/li>\n\n\n\n<li><strong>Vagas<\/strong>: 580<\/li>\n\n\n\n<li><strong>Banca<\/strong>: ACCESS<\/li>\n\n\n\n<li><strong>Escolaridade<\/strong>: N\u00edvel m\u00e9dio e superior<\/li>\n\n\n\n<li><strong>Edital<\/strong>: <strong><a href=\"https:\/\/dhg1h5j42swfq.cloudfront.net\/2024\/01\/09061559\/concurso-cremeb-edital-1.pdf\">CREMEB 2024<\/a><\/strong><\/li>\n<\/ul>\n\n\n\n<p><\/p>\n","protected":false},"excerpt":{"rendered":"<p>As provas aplicadas do concurso CREMEB (Conselho Regional de Medicina do Estado da Bahia) foram anuladas e remarcadas para 02 de junho de 2024! Segundo comunicado pelo \u00f3rg\u00e3o, a etapa foi anulada devido falha operacional do Instituto ACCESS, organizadora do certame. S\u00e3o ofertadas 580 vagas, sendo 220 vagas para M\u00e9dico Fiscal (n\u00edvel superior) e 360 [&hellip;]<\/p>\n","protected":false},"author":1,"featured_media":941308,"comment_status":"open","ping_status":"closed","sticky":false,"template":"","format":"standard","meta":{"post_tipo":"news_page","footnotes":""},"categories":[222234],"tags":[],"tax_estado":[219968],"class_list":["post-1332188","post","type-post","status-publish","format-standard","has-post-thumbnail","hentry","category-conselhos-regionais","tax_estado-ba"],"acf":[],"yoast_head":"<!-- This site is optimized with the Yoast SEO Premium plugin v27.2 (Yoast SEO v27.2) - https:\/\/yoast.com\/product\/yoast-seo-premium-wordpress\/ -->\n<title>Concurso CREMEB: provas remarcadas; confira o novo cronograma!<\/title>\n<meta name=\"description\" content=\"Concurso CREMEB: edital oferta 580 vagas! Saiba mais sobre a sele\u00e7\u00e3o para o quadro de efetivos neste artigo!\" \/>\n<meta name=\"robots\" content=\"index, follow, max-snippet:-1, max-image-preview:large, max-video-preview:-1\" \/>\n<link rel=\"canonical\" href=\"https:\/\/www.estrategiaconcursos.com.br\/blog\/concurso-cremeb\/\" \/>\n<meta property=\"og:locale\" content=\"pt_BR\" \/>\n<meta property=\"og:type\" content=\"article\" \/>\n<meta property=\"og:title\" content=\"Concurso CREMEB: provas remarcadas; confira o novo cronograma!\" \/>\n<meta property=\"og:description\" content=\"Concurso CREMEB: edital oferta 580 vagas! Saiba mais sobre a sele\u00e7\u00e3o para o quadro de efetivos neste artigo!\" \/>\n<meta property=\"og:url\" content=\"https:\/\/www.estrategiaconcursos.com.br\/blog\/concurso-cremeb\/\" \/>\n<meta property=\"og:site_name\" content=\"Estrat\u00e9gia Concursos\" \/>\n<meta property=\"article:author\" content=\"https:\/\/www.facebook.com\/EstrategiaConcursos\" \/>\n<meta property=\"article:published_time\" content=\"2024-04-25T09:00:00+00:00\" \/>\n<meta property=\"article:modified_time\" content=\"2025-11-25T16:10:58+00:00\" \/>\n<meta property=\"og:image\" content=\"https:\/\/dhg1h5j42swfq.cloudfront.net\/2022\/01\/06163759\/saiu-edital-1-2-4.jpg\" \/>\n\t<meta property=\"og:image:width\" content=\"1200\" \/>\n\t<meta property=\"og:image:height\" content=\"628\" \/>\n\t<meta property=\"og:image:type\" content=\"image\/jpeg\" \/>\n<meta name=\"author\" content=\"Coordena\u00e7\u00e3o\" \/>\n<meta name=\"twitter:card\" content=\"summary_large_image\" \/>\n<meta name=\"twitter:creator\" content=\"@EstratConcursos\" \/>\n<meta name=\"twitter:site\" content=\"@EstratConcursos\" \/>\n<meta name=\"twitter:label1\" content=\"Escrito por\" \/>\n\t<meta name=\"twitter:data1\" content=\"Coordena\u00e7\u00e3o\" \/>\n\t<meta name=\"twitter:label2\" content=\"Est. tempo de leitura\" \/>\n\t<meta name=\"twitter:data2\" content=\"3 minutos\" \/>\n<script type=\"application\/ld+json\" class=\"yoast-schema-graph\">{\"@context\":\"https:\/\/schema.org\",\"@graph\":[{\"@type\":\"NewsArticle\",\"@id\":\"https:\/\/www.estrategiaconcursos.com.br\/blog\/concurso-cremeb\/#article\",\"isPartOf\":{\"@id\":\"https:\/\/www.estrategiaconcursos.com.br\/blog\/concurso-cremeb\/\"},\"author\":{\"name\":\"Coordena\u00e7\u00e3o\",\"@id\":\"https:\/\/www.estrategiaconcursos.com.br\/blog\/#\/schema\/person\/b4a388c97673c5f483d72185668afa1f\"},\"headline\":\"Concurso CREMEB: provas remarcadas; confira o novo cronograma!\",\"datePublished\":\"2024-04-25T09:00:00+00:00\",\"dateModified\":\"2025-11-25T16:10:58+00:00\",\"mainEntityOfPage\":{\"@id\":\"https:\/\/www.estrategiaconcursos.com.br\/blog\/concurso-cremeb\/\"},\"wordCount\":536,\"commentCount\":0,\"publisher\":{\"@id\":\"https:\/\/www.estrategiaconcursos.com.br\/blog\/#organization\"},\"image\":{\"@id\":\"https:\/\/www.estrategiaconcursos.com.br\/blog\/concurso-cremeb\/#primaryimage\"},\"thumbnailUrl\":\"https:\/\/dhg1h5j42swfq.cloudfront.net\/2022\/01\/06163759\/saiu-edital-1-2-4.jpg\",\"articleSection\":[\"Conselhos Regionais\"],\"inLanguage\":\"pt-BR\",\"potentialAction\":[{\"@type\":\"CommentAction\",\"name\":\"Comment\",\"target\":[\"https:\/\/www.estrategiaconcursos.com.br\/blog\/concurso-cremeb\/#respond\"]}],\"copyrightYear\":\"2024\",\"copyrightHolder\":{\"@id\":\"https:\/\/www.estrategiaconcursos.com.br\/blog\/#organization\"}},{\"@type\":\"WebPage\",\"@id\":\"https:\/\/www.estrategiaconcursos.com.br\/blog\/concurso-cremeb\/\",\"url\":\"https:\/\/www.estrategiaconcursos.com.br\/blog\/concurso-cremeb\/\",\"name\":\"Concurso CREMEB: provas remarcadas; confira o novo cronograma!\",\"isPartOf\":{\"@id\":\"https:\/\/www.estrategiaconcursos.com.br\/blog\/#website\"},\"primaryImageOfPage\":{\"@id\":\"https:\/\/www.estrategiaconcursos.com.br\/blog\/concurso-cremeb\/#primaryimage\"},\"image\":{\"@id\":\"https:\/\/www.estrategiaconcursos.com.br\/blog\/concurso-cremeb\/#primaryimage\"},\"thumbnailUrl\":\"https:\/\/dhg1h5j42swfq.cloudfront.net\/2022\/01\/06163759\/saiu-edital-1-2-4.jpg\",\"datePublished\":\"2024-04-25T09:00:00+00:00\",\"dateModified\":\"2025-11-25T16:10:58+00:00\",\"description\":\"Concurso CREMEB: edital oferta 580 vagas! Saiba mais sobre a sele\u00e7\u00e3o para o quadro de efetivos neste artigo!\",\"breadcrumb\":{\"@id\":\"https:\/\/www.estrategiaconcursos.com.br\/blog\/concurso-cremeb\/#breadcrumb\"},\"inLanguage\":\"pt-BR\",\"potentialAction\":[{\"@type\":\"ReadAction\",\"target\":[\"https:\/\/www.estrategiaconcursos.com.br\/blog\/concurso-cremeb\/\"]}]},{\"@type\":\"ImageObject\",\"inLanguage\":\"pt-BR\",\"@id\":\"https:\/\/www.estrategiaconcursos.com.br\/blog\/concurso-cremeb\/#primaryimage\",\"url\":\"https:\/\/dhg1h5j42swfq.cloudfront.net\/2022\/01\/06163759\/saiu-edital-1-2-4.jpg\",\"contentUrl\":\"https:\/\/dhg1h5j42swfq.cloudfront.net\/2022\/01\/06163759\/saiu-edital-1-2-4.jpg\",\"width\":1200,\"height\":628,\"caption\":\"ana\"},{\"@type\":\"BreadcrumbList\",\"@id\":\"https:\/\/www.estrategiaconcursos.com.br\/blog\/concurso-cremeb\/#breadcrumb\",\"itemListElement\":[{\"@type\":\"ListItem\",\"position\":1,\"name\":\"In\u00edcio\",\"item\":\"https:\/\/www.estrategiaconcursos.com.br\/blog\/\"},{\"@type\":\"ListItem\",\"position\":2,\"name\":\"Concurso CREMEB: provas remarcadas; confira o novo cronograma!\"}]},{\"@type\":\"WebSite\",\"@id\":\"https:\/\/www.estrategiaconcursos.com.br\/blog\/#website\",\"url\":\"https:\/\/www.estrategiaconcursos.com.br\/blog\/\",\"name\":\"Estrat\u00e9gia Concursos\",\"description\":\"O blog da Estrat\u00e9gia Concursos traz not\u00edcias sobre concursos e artigos de professores oferecendo cursos para concursos (pdf + videaulas) no site.\",\"publisher\":{\"@id\":\"https:\/\/www.estrategiaconcursos.com.br\/blog\/#organization\"},\"potentialAction\":[{\"@type\":\"SearchAction\",\"target\":{\"@type\":\"EntryPoint\",\"urlTemplate\":\"https:\/\/www.estrategiaconcursos.com.br\/blog\/?s={search_term_string}\"},\"query-input\":{\"@type\":\"PropertyValueSpecification\",\"valueRequired\":true,\"valueName\":\"search_term_string\"}}],\"inLanguage\":\"pt-BR\"},{\"@type\":\"Organization\",\"@id\":\"https:\/\/www.estrategiaconcursos.com.br\/blog\/#organization\",\"name\":\"Estrat\u00e9gia Concursos\",\"url\":\"https:\/\/www.estrategiaconcursos.com.br\/blog\/\",\"logo\":{\"@type\":\"ImageObject\",\"inLanguage\":\"pt-BR\",\"@id\":\"https:\/\/www.estrategiaconcursos.com.br\/blog\/#\/schema\/logo\/image\/\",\"url\":\"https:\/\/dhg1h5j42swfq.cloudfront.net\/2025\/06\/03203428\/logo_concursos-1.jpg\",\"contentUrl\":\"https:\/\/dhg1h5j42swfq.cloudfront.net\/2025\/06\/03203428\/logo_concursos-1.jpg\",\"width\":230,\"height\":60,\"caption\":\"Estrat\u00e9gia Concursos\"},\"image\":{\"@id\":\"https:\/\/www.estrategiaconcursos.com.br\/blog\/#\/schema\/logo\/image\/\"},\"sameAs\":[\"https:\/\/x.com\/EstratConcursos\"]},{\"@type\":\"Person\",\"@id\":\"https:\/\/www.estrategiaconcursos.com.br\/blog\/#\/schema\/person\/b4a388c97673c5f483d72185668afa1f\",\"name\":\"Coordena\u00e7\u00e3o\",\"image\":{\"@type\":\"ImageObject\",\"inLanguage\":\"pt-BR\",\"@id\":\"https:\/\/secure.gravatar.com\/avatar\/b720319e4c9a967eb58678d110f4fe35452fc5d5f97b202bac7b8acceb18c6ad?s=96&d=mm&r=g\",\"url\":\"https:\/\/secure.gravatar.com\/avatar\/b720319e4c9a967eb58678d110f4fe35452fc5d5f97b202bac7b8acceb18c6ad?s=96&d=mm&r=g\",\"contentUrl\":\"https:\/\/secure.gravatar.com\/avatar\/b720319e4c9a967eb58678d110f4fe35452fc5d5f97b202bac7b8acceb18c6ad?s=96&d=mm&r=g\",\"caption\":\"Coordena\u00e7\u00e3o\"},\"sameAs\":[\"https:\/\/www.facebook.com\/EstrategiaConcursos\",\"https:\/\/x.com\/EstratConcursos\"],\"url\":\"https:\/\/www.estrategiaconcursos.com.br\/blog\/author\/estrategia2013\/\"}]}<\/script>\n<!-- \/ Yoast SEO Premium plugin. -->","yoast_head_json":{"title":"Concurso CREMEB: provas remarcadas; confira o novo cronograma!","description":"Concurso CREMEB: edital oferta 580 vagas! Saiba mais sobre a sele\u00e7\u00e3o para o quadro de efetivos neste artigo!","robots":{"index":"index","follow":"follow","max-snippet":"max-snippet:-1","max-image-preview":"max-image-preview:large","max-video-preview":"max-video-preview:-1"},"canonical":"https:\/\/www.estrategiaconcursos.com.br\/blog\/concurso-cremeb\/","og_locale":"pt_BR","og_type":"article","og_title":"Concurso CREMEB: provas remarcadas; confira o novo cronograma!","og_description":"Concurso CREMEB: edital oferta 580 vagas! Saiba mais sobre a sele\u00e7\u00e3o para o quadro de efetivos neste artigo!","og_url":"https:\/\/www.estrategiaconcursos.com.br\/blog\/concurso-cremeb\/","og_site_name":"Estrat\u00e9gia Concursos","article_author":"https:\/\/www.facebook.com\/EstrategiaConcursos","article_published_time":"2024-04-25T09:00:00+00:00","article_modified_time":"2025-11-25T16:10:58+00:00","og_image":[{"width":1200,"height":628,"url":"https:\/\/dhg1h5j42swfq.cloudfront.net\/2022\/01\/06163759\/saiu-edital-1-2-4.jpg","type":"image\/jpeg"}],"author":"Coordena\u00e7\u00e3o","twitter_card":"summary_large_image","twitter_creator":"@EstratConcursos","twitter_site":"@EstratConcursos","twitter_misc":{"Escrito por":"Coordena\u00e7\u00e3o","Est. tempo de leitura":"3 minutos"},"schema":{"@context":"https:\/\/schema.org","@graph":[{"@type":"NewsArticle","@id":"https:\/\/www.estrategiaconcursos.com.br\/blog\/concurso-cremeb\/#article","isPartOf":{"@id":"https:\/\/www.estrategiaconcursos.com.br\/blog\/concurso-cremeb\/"},"author":{"name":"Coordena\u00e7\u00e3o","@id":"https:\/\/www.estrategiaconcursos.com.br\/blog\/#\/schema\/person\/b4a388c97673c5f483d72185668afa1f"},"headline":"Concurso CREMEB: provas remarcadas; confira o novo cronograma!","datePublished":"2024-04-25T09:00:00+00:00","dateModified":"2025-11-25T16:10:58+00:00","mainEntityOfPage":{"@id":"https:\/\/www.estrategiaconcursos.com.br\/blog\/concurso-cremeb\/"},"wordCount":536,"commentCount":0,"publisher":{"@id":"https:\/\/www.estrategiaconcursos.com.br\/blog\/#organization"},"image":{"@id":"https:\/\/www.estrategiaconcursos.com.br\/blog\/concurso-cremeb\/#primaryimage"},"thumbnailUrl":"https:\/\/dhg1h5j42swfq.cloudfront.net\/2022\/01\/06163759\/saiu-edital-1-2-4.jpg","articleSection":["Conselhos Regionais"],"inLanguage":"pt-BR","potentialAction":[{"@type":"CommentAction","name":"Comment","target":["https:\/\/www.estrategiaconcursos.com.br\/blog\/concurso-cremeb\/#respond"]}],"copyrightYear":"2024","copyrightHolder":{"@id":"https:\/\/www.estrategiaconcursos.com.br\/blog\/#organization"}},{"@type":"WebPage","@id":"https:\/\/www.estrategiaconcursos.com.br\/blog\/concurso-cremeb\/","url":"https:\/\/www.estrategiaconcursos.com.br\/blog\/concurso-cremeb\/","name":"Concurso CREMEB: provas remarcadas; confira o novo cronograma!","isPartOf":{"@id":"https:\/\/www.estrategiaconcursos.com.br\/blog\/#website"},"primaryImageOfPage":{"@id":"https:\/\/www.estrategiaconcursos.com.br\/blog\/concurso-cremeb\/#primaryimage"},"image":{"@id":"https:\/\/www.estrategiaconcursos.com.br\/blog\/concurso-cremeb\/#primaryimage"},"thumbnailUrl":"https:\/\/dhg1h5j42swfq.cloudfront.net\/2022\/01\/06163759\/saiu-edital-1-2-4.jpg","datePublished":"2024-04-25T09:00:00+00:00","dateModified":"2025-11-25T16:10:58+00:00","description":"Concurso CREMEB: edital oferta 580 vagas! Saiba mais sobre a sele\u00e7\u00e3o para o quadro de efetivos neste artigo!","breadcrumb":{"@id":"https:\/\/www.estrategiaconcursos.com.br\/blog\/concurso-cremeb\/#breadcrumb"},"inLanguage":"pt-BR","potentialAction":[{"@type":"ReadAction","target":["https:\/\/www.estrategiaconcursos.com.br\/blog\/concurso-cremeb\/"]}]},{"@type":"ImageObject","inLanguage":"pt-BR","@id":"https:\/\/www.estrategiaconcursos.com.br\/blog\/concurso-cremeb\/#primaryimage","url":"https:\/\/dhg1h5j42swfq.cloudfront.net\/2022\/01\/06163759\/saiu-edital-1-2-4.jpg","contentUrl":"https:\/\/dhg1h5j42swfq.cloudfront.net\/2022\/01\/06163759\/saiu-edital-1-2-4.jpg","width":1200,"height":628,"caption":"ana"},{"@type":"BreadcrumbList","@id":"https:\/\/www.estrategiaconcursos.com.br\/blog\/concurso-cremeb\/#breadcrumb","itemListElement":[{"@type":"ListItem","position":1,"name":"In\u00edcio","item":"https:\/\/www.estrategiaconcursos.com.br\/blog\/"},{"@type":"ListItem","position":2,"name":"Concurso CREMEB: provas remarcadas; confira o novo cronograma!"}]},{"@type":"WebSite","@id":"https:\/\/www.estrategiaconcursos.com.br\/blog\/#website","url":"https:\/\/www.estrategiaconcursos.com.br\/blog\/","name":"Estrat\u00e9gia Concursos","description":"O blog da Estrat\u00e9gia Concursos traz not\u00edcias sobre concursos e artigos de professores oferecendo cursos para concursos (pdf + videaulas) no site.","publisher":{"@id":"https:\/\/www.estrategiaconcursos.com.br\/blog\/#organization"},"potentialAction":[{"@type":"SearchAction","target":{"@type":"EntryPoint","urlTemplate":"https:\/\/www.estrategiaconcursos.com.br\/blog\/?s={search_term_string}"},"query-input":{"@type":"PropertyValueSpecification","valueRequired":true,"valueName":"search_term_string"}}],"inLanguage":"pt-BR"},{"@type":"Organization","@id":"https:\/\/www.estrategiaconcursos.com.br\/blog\/#organization","name":"Estrat\u00e9gia Concursos","url":"https:\/\/www.estrategiaconcursos.com.br\/blog\/","logo":{"@type":"ImageObject","inLanguage":"pt-BR","@id":"https:\/\/www.estrategiaconcursos.com.br\/blog\/#\/schema\/logo\/image\/","url":"https:\/\/dhg1h5j42swfq.cloudfront.net\/2025\/06\/03203428\/logo_concursos-1.jpg","contentUrl":"https:\/\/dhg1h5j42swfq.cloudfront.net\/2025\/06\/03203428\/logo_concursos-1.jpg","width":230,"height":60,"caption":"Estrat\u00e9gia Concursos"},"image":{"@id":"https:\/\/www.estrategiaconcursos.com.br\/blog\/#\/schema\/logo\/image\/"},"sameAs":["https:\/\/x.com\/EstratConcursos"]},{"@type":"Person","@id":"https:\/\/www.estrategiaconcursos.com.br\/blog\/#\/schema\/person\/b4a388c97673c5f483d72185668afa1f","name":"Coordena\u00e7\u00e3o","image":{"@type":"ImageObject","inLanguage":"pt-BR","@id":"https:\/\/secure.gravatar.com\/avatar\/b720319e4c9a967eb58678d110f4fe35452fc5d5f97b202bac7b8acceb18c6ad?s=96&d=mm&r=g","url":"https:\/\/secure.gravatar.com\/avatar\/b720319e4c9a967eb58678d110f4fe35452fc5d5f97b202bac7b8acceb18c6ad?s=96&d=mm&r=g","contentUrl":"https:\/\/secure.gravatar.com\/avatar\/b720319e4c9a967eb58678d110f4fe35452fc5d5f97b202bac7b8acceb18c6ad?s=96&d=mm&r=g","caption":"Coordena\u00e7\u00e3o"},"sameAs":["https:\/\/www.facebook.com\/EstrategiaConcursos","https:\/\/x.com\/EstratConcursos"],"url":"https:\/\/www.estrategiaconcursos.com.br\/blog\/author\/estrategia2013\/"}]}},"_links":{"self":[{"href":"https:\/\/www.estrategiaconcursos.com.br\/blog\/wp-json\/wp\/v2\/posts\/1332188","targetHints":{"allow":["GET"]}}],"collection":[{"href":"https:\/\/www.estrategiaconcursos.com.br\/blog\/wp-json\/wp\/v2\/posts"}],"about":[{"href":"https:\/\/www.estrategiaconcursos.com.br\/blog\/wp-json\/wp\/v2\/types\/post"}],"author":[{"embeddable":true,"href":"https:\/\/www.estrategiaconcursos.com.br\/blog\/wp-json\/wp\/v2\/users\/1"}],"replies":[{"embeddable":true,"href":"https:\/\/www.estrategiaconcursos.com.br\/blog\/wp-json\/wp\/v2\/comments?post=1332188"}],"version-history":[{"count":26,"href":"https:\/\/www.estrategiaconcursos.com.br\/blog\/wp-json\/wp\/v2\/posts\/1332188\/revisions"}],"predecessor-version":[{"id":1389689,"href":"https:\/\/www.estrategiaconcursos.com.br\/blog\/wp-json\/wp\/v2\/posts\/1332188\/revisions\/1389689"}],"wp:featuredmedia":[{"embeddable":true,"href":"https:\/\/www.estrategiaconcursos.com.br\/blog\/wp-json\/wp\/v2\/media\/941308"}],"wp:attachment":[{"href":"https:\/\/www.estrategiaconcursos.com.br\/blog\/wp-json\/wp\/v2\/media?parent=1332188"}],"wp:term":[{"taxonomy":"category","embeddable":true,"href":"https:\/\/www.estrategiaconcursos.com.br\/blog\/wp-json\/wp\/v2\/categories?post=1332188"},{"taxonomy":"post_tag","embeddable":true,"href":"https:\/\/www.estrategiaconcursos.com.br\/blog\/wp-json\/wp\/v2\/tags?post=1332188"},{"taxonomy":"tax_estado","embeddable":true,"href":"https:\/\/www.estrategiaconcursos.com.br\/blog\/wp-json\/wp\/v2\/tax_estado?post=1332188"}],"curies":[{"name":"wp","href":"https:\/\/api.w.org\/{rel}","templated":true}]}}