{"id":1330910,"date":"2026-03-09T08:51:00","date_gmt":"2026-03-09T11:51:00","guid":{"rendered":"https:\/\/www.estrategiaconcursos.com.br\/blog\/?p=1330910"},"modified":"2026-03-09T15:00:07","modified_gmt":"2026-03-09T18:00:07","slug":"concurso-seplan-pi","status":"publish","type":"post","link":"https:\/\/www.estrategiaconcursos.com.br\/blog\/concurso-seplan-pi\/","title":{"rendered":"Concurso Seplan PI ter\u00e1 edital no 1\u00ba semestre!"},"content":{"rendered":"\n<p>Um novo <strong>concurso p\u00fablico<\/strong> para a <strong><a href=\"https:\/\/www.estrategiaconcursos.com.br\/cursosPorConcurso\/secretaria-do-planejamento-do-piaui-seplan-pi\/\" target=\"_blank\" rel=\"noreferrer noopener\">Seplan PI<\/a><\/strong> (<strong>Secretaria de Estado do Planejamento do Piau\u00ed<\/strong>) ser\u00e1 aberto at\u00e9 <strong>abril de 2026<\/strong>. A informa\u00e7\u00e3o foi confirmada pelo pr\u00f3prio governo estadual.<\/p>\n\n\n\n<p>Vale lembrar que a sele\u00e7\u00e3o ser\u00e1 realizada por meio do <a href=\"https:\/\/www.estrategiaconcursos.com.br\/blog\/concurso-unificado-pi\/\" target=\"_blank\" rel=\"noreferrer noopener\">Concurso Unificado do Estado<\/a>, que possui autoriza\u00e7\u00e3o desde 19 de dezembro de 2025.<\/p>\n\n\n\n<p>Inclusive, j\u00e1 foi institu\u00edda a&nbsp;<a href=\"https:\/\/dhg1h5j42swfq.cloudfront.net\/2026\/03\/09082617\/concurso-pi-equipe-planejamento-compras-1.pdf\" target=\"_blank\" rel=\"noreferrer noopener\">equipe respons\u00e1vel<\/a>&nbsp;pelo planejamento da&nbsp;<strong>contrata\u00e7\u00e3o da banca organizadora<\/strong>.<\/p>\n\n\n\n<p>O quantitativo de vagas ainda n\u00e3o foi revelado, mas sabe-se que ser\u00e3o contempladas oportunidades para a carreira de <strong>Especialista em Economia Regional.<\/strong><\/p>\n\n\n\n<ul id=\"block-ee678516-e9d1-48bd-b327-7b9acd55f0fd\" class=\"wp-block-list has-very-light-gray-to-cyan-bluish-gray-gradient-background has-background\">\n<li><strong>Secretaria do Planejamento do Piau\u00ed <\/strong><\/li>\n\n\n\n<li><strong>Status:<\/strong> autorizado\/escolha da banca<\/li>\n\n\n\n<li><strong>Banca<\/strong>: a definir <\/li>\n\n\n\n<li><strong>Vagas:&nbsp;<\/strong>a definir<\/li>\n\n\n\n<li><strong>Sal\u00e1rio<\/strong>: a definir<\/li>\n<\/ul>\n\n\n\n<p>Ademais, em abril de 2025 foi divulgado o resultado final e a homologa\u00e7\u00e3o do \u00faltimo <strong>concurso Seplan PI<\/strong>, realizado em 2024 para o cargo de <strong>Analista Governamental.<\/strong><\/p>\n\n\n\n<p>Desde ent\u00e3o, segundo dados da Seplan PI, foram chamados <strong>82 aprovados<\/strong>, excedendo o n\u00famero das vagas imediatas do certame e usufruindo do cadastro reserva.<\/p>\n\n\n\n<p>Ademais, foram ofertadas <strong>45 vagas<\/strong>, al\u00e9m de cadastro reserva. A remunera\u00e7\u00e3o inicial foi de <strong>R$ 11.549,35<\/strong>.<\/p>\n\n\n\n<p>No total, foram registrados&nbsp;<strong>2.074 inscritos<\/strong>, sendo que o cargo com maior procura foi o de Analista Governamental \u2013 Planejamento e Or\u00e7amento:<\/p>\n\n\n\n<figure class=\"wp-block-image aligncenter size-full\"><img loading=\"lazy\" decoding=\"async\" width=\"753\" height=\"146\" src=\"https:\/\/dhg1h5j42swfq.cloudfront.net\/2024\/07\/11094136\/pi.jpg\" alt=\"\" class=\"wp-image-1460096\" srcset=\"https:\/\/dhg1h5j42swfq.cloudfront.net\/2024\/07\/11094136\/pi.jpg 753w, https:\/\/dhg1h5j42swfq.cloudfront.net\/2024\/07\/11094136\/pi-300x58.jpg 300w, https:\/\/dhg1h5j42swfq.cloudfront.net\/2024\/07\/11094136\/pi-610x118.jpg 610w, https:\/\/dhg1h5j42swfq.cloudfront.net\/2024\/07\/11094136\/pi-150x29.jpg 150w\" sizes=\"auto, (max-width: 753px) 100vw, 753px\" \/><figcaption class=\"wp-element-caption\">Demanda de inscritos<\/figcaption><\/figure>\n\n\n\n<ul id=\"block-ee678516-e9d1-48bd-b327-7b9acd55f0fd\" class=\"wp-block-list has-very-light-gray-to-cyan-bluish-gray-gradient-background has-background\">\n<li><strong>Secretaria do Planejamento do Piau\u00ed &#8211; SEPLAN PI<\/strong><\/li>\n\n\n\n<li><strong>Status:<\/strong> vigente at\u00e9 abril\/2027<\/li>\n\n\n\n<li><strong>Banca:&nbsp;<\/strong><a href=\"https:\/\/www.concursosfcc.com.br\/concursos\/govpi124\/index.html\" target=\"_blank\" rel=\"noreferrer noopener\">FCC<\/a><\/li>\n\n\n\n<li><strong>Vagas:&nbsp;<\/strong>45 + CR<\/li>\n\n\n\n<li><strong>Sal\u00e1rio<\/strong>: R$ 11.549,35<\/li>\n\n\n\n<li><strong>Edital:<\/strong> <a href=\"https:\/\/dhg1h5j42swfq.cloudfront.net\/2024\/06\/04150431\/govpi124__edital_de_abertura_sead_seplan_final_assinada_28_05_2024__1_.pdf\" target=\"_blank\" rel=\"noreferrer noopener nofollow\">Seplan PI 2024<\/a><\/li>\n<\/ul>\n\n\n\n<p>Ao longo deste artigo, voc\u00ea encontra um panorama completo sobre o&nbsp;<strong>concurso SEPLAN PI <\/strong>para que possa se preparar o quanto antes. N\u00e3o perca nenhum detalhe.<\/p>\n\n\n\n<ul id=\"indice\" class=\"wp-block-list\">\n<li><strong><a href=\"#ultimo\">\u00daltimo concurso <em>&#8211; 2024<\/em><\/a><\/strong>\n<ul class=\"wp-block-list\">\n<li><a href=\"#cargos\">Cargos e vagas<\/a><\/li>\n\n\n\n<li><a href=\"#etapas\">Etapas e provas<\/a>\n<ul class=\"wp-block-list\">\n<li><a href=\"#objetiva\">Prova objetiva<\/a><\/li>\n\n\n\n<li><a href=\"#discursiva\">Prova discursiva<\/a><\/li>\n\n\n\n<li><a href=\"#titulos\">Prova de t\u00edtulos<\/a><\/li>\n\n\n\n<li><a href=\"#curso\">Curso de forma\u00e7\u00e3o<\/a><\/li>\n<\/ul>\n<\/li>\n\n\n\n<li><a href=\"#carreira\">Carreira<\/a>\n<ul class=\"wp-block-list\">\n<li><a href=\"#remuneracao\">Remunera\u00e7\u00e3o<\/a><\/li>\n\n\n\n<li><a href=\"#atribuicoes\">Atribui\u00e7\u00f5es<\/a><\/li>\n<\/ul>\n<\/li>\n<\/ul>\n<\/li>\n\n\n\n<li><a href=\"#sobre-a-seadprev-pi\"><strong>Sobre a SEPLAN PI<\/strong><\/a><\/li>\n\n\n\n<li><a href=\"#cursos\"><strong>Assinatura e cursos<\/strong><\/a><\/li>\n\n\n\n<li><a href=\"#ficha\"><strong>Ficha t\u00e9cnica<\/strong><\/a><\/li>\n<\/ul>\n\n\n\n<div id=\"boxes\" class=\"container\">\n<div class=\"row\">\n<div class=\"col-sm\">\n<div id=\"box-assinatura\" class=\"banner-estrategia\">\n<h3 class=\"titulo-assinatura\">Cursos para Seplan PI<\/h3>\n<p class=\"subtitulo-assinatura\">&nbsp;<\/p>\n<div class=\"box-botao\"><a class=\"btn-assinatura\" role=\"button\" href=\"https:\/\/www.estrategiaconcursos.com.br\/cursosPorConcurso\/secretaria-do-planejamento-do-piaui-seplan-pi\/\" target=\"_blank\" rel=\"noopener noreferrer\">Conhe\u00e7a mais<\/a><\/div>\n<\/div>\n\n<\/div>\n<\/div>\n<\/div>\n\n\n\n<h2 class=\"wp-block-heading\" id=\"cargos\">Concurso Seplan PI: \u00faltimo edital <em>&#8211; 2024<\/em><\/h2>\n\n\n\n<p>O \u00faltimo edital de concurso p\u00fablico da Seplan PI foi organizado pela FCC em 2024, quando foram ofertadas 45 vagas mais cadastro reserva para o cargo de Analista Governamental.<\/p>\n\n\n\n<h3 class=\"wp-block-heading\" id=\"cargos\">Cargos e vagas<\/h3>\n\n\n\n<ul class=\"wp-block-list\">\n<li><strong>Analista Governamental &#8211; Especialidade Infraestrutura (Arquitetura e Urbanismo)<\/strong>\n<ul class=\"wp-block-list\">\n<li>Vagas: 1 + CR<\/li>\n\n\n\n<li>Remunera\u00e7\u00e3o: R$ 11.549,35<\/li>\n\n\n\n<li>Requisitos: Diploma de curso superior, em Arquitetura, devidamente registrado, fornecido por Institui\u00e7\u00e3o de Ensino Superior reconhecida pelo Minist\u00e9rio da Educa\u00e7\u00e3o.<\/li>\n<\/ul>\n<\/li>\n\n\n\n<li><strong>Analista Governamental &#8211; Especialidade Infraestrutura (Engenharia Civil)<\/strong>\n<ul class=\"wp-block-list\">\n<li>Vagas: 5 + CR<\/li>\n\n\n\n<li>Remunera\u00e7\u00e3o: R$ 11.549,35<\/li>\n\n\n\n<li>Requisitos: Diploma de gradua\u00e7\u00e3o em Engenharia Civil, devidamente registrado, fornecido por Institui\u00e7\u00e3o de Ensino Superior reconhecida pelo Minist\u00e9rio da Educa\u00e7\u00e3o.<\/li>\n<\/ul>\n<\/li>\n\n\n\n<li><strong>Analista Governamental &#8211; Especialidade Infraestrutura (Engenharia de Agrimensura)<\/strong>\n<ul class=\"wp-block-list\">\n<li>Vagas: 1 + CR<\/li>\n\n\n\n<li>Remunera\u00e7\u00e3o: R$ 11.549,35<\/li>\n\n\n\n<li>Requisitos: Diploma de gradua\u00e7\u00e3o em Engenharia de Agrimensura, devidamente registrado, fornecido por Institui\u00e7\u00e3o de Ensino Superior reconhecida pelo Minist\u00e9rio da Educa\u00e7\u00e3o.<\/li>\n<\/ul>\n<\/li>\n\n\n\n<li><strong>Analista Governamental &#8211; Especialidade Infraestrutura (Engenharia El\u00e9trica)<\/strong>\n<ul class=\"wp-block-list\">\n<li>Vagas: 3 + CR<\/li>\n\n\n\n<li>Remunera\u00e7\u00e3o: R$ 11.549,35<\/li>\n\n\n\n<li>Requisitos: Diploma de gradua\u00e7\u00e3o em Engenharia El\u00e9trica, devidamente registrado, fornecido por Institui\u00e7\u00e3o de Ensino Superior reconhecida pelo Minist\u00e9rio da Educa\u00e7\u00e3o.<\/li>\n<\/ul>\n<\/li>\n\n\n\n<li><strong>Analista Governamental &#8211; Especialidade Infraestrutura (Planejamento e Or\u00e7amento)<\/strong>\n<ul class=\"wp-block-list\">\n<li>Vagas: 25 + CR<\/li>\n\n\n\n<li>Remunera\u00e7\u00e3o: R$ 11.549,35<\/li>\n\n\n\n<li>Requisitos: Diploma de curso superior, em qualquer \u00e1rea de forma\u00e7\u00e3o, devidamente registrado, fornecido por Institui\u00e7\u00e3o de Ensino Superior reconhecida pelo Minist\u00e9rio da Educa\u00e7\u00e3o.<\/li>\n<\/ul>\n<\/li>\n\n\n\n<li><strong>Analista Governamental &#8211; Especialidade Infraestrutura (Tecnologia da Informa\u00e7\u00e3o)<\/strong>\n<ul class=\"wp-block-list\">\n<li>Vagas: 10 + CR<\/li>\n\n\n\n<li>Remunera\u00e7\u00e3o: R$ 11.549,35<\/li>\n\n\n\n<li>Requisitos: Diploma de curso superior em Ci\u00eancias da Computa\u00e7\u00e3o ou \u00e1reas afins, devidamente registrado, fornecido por Institui\u00e7\u00e3o de Ensino Superior reconhecida pelo Minist\u00e9rio da Educa\u00e7\u00e3o.<\/li>\n<\/ul>\n<\/li>\n<\/ul>\n\n\n\n<h3 class=\"wp-block-heading\" id=\"etapas\">Etapas e provas<\/h3>\n\n\n\n<p>O concurso Seplan PI consta de at\u00e9 <strong>quatro etapas<\/strong>, sendo elas:<\/p>\n\n\n\n<ul class=\"wp-block-list\">\n<li><strong>Prova objetiva<\/strong>, de car\u00e1ter classificat\u00f3rio e eliminat\u00f3rio;<\/li>\n\n\n\n<li><strong>Prova discursiva<\/strong>, de car\u00e1ter classificat\u00f3rio e eliminat\u00f3rio;<\/li>\n\n\n\n<li><strong>Prova de t\u00edtulos<\/strong>, de car\u00e1ter classificat\u00f3rio; e<\/li>\n\n\n\n<li><strong>Curso de forma\u00e7\u00e3o<\/strong>, de car\u00e1ter eliminat\u00f3rio.<\/li>\n<\/ul>\n\n\n\n<h4 class=\"wp-block-heading\" id=\"objetiva\">Prova Objetiva<\/h4>\n\n\n\n<p>Com dura\u00e7\u00e3o de 5 horas, a prova objetiva do concurso Piau\u00edPrev foi aplicada no dia 08 de setembro, no per\u00edodo da manh\u00e3 e tarde, na cidade de Teresina.<\/p>\n\n\n\n<p>A etapa contou com 70 quest\u00f5es de m\u00faltipla escolha, com 5 alternativas de resposta e apenas uma considerada a correta, assim distribu\u00eddas:<\/p>\n\n\n\n<p><strong><span style=\"text-decoration: underline;\">Analista Governamental \u2013 Especialidade Infraestrutura (Arquitetura e Urbanismo):<\/span><\/strong><\/p>\n\n\n\n<ul class=\"wp-block-list\">\n<li><strong>Conhecimentos B\u00e1sicos (30 quest\u00f5es)<\/strong>\n<ul class=\"wp-block-list\">\n<li>L\u00edngua Portuguesa;<\/li>\n\n\n\n<li>Matem\u00e1tica Financeira, Estat\u00edstica e Racioc\u00ednio L\u00f3gico;<\/li>\n\n\n\n<li>Tecnologia da Informa\u00e7\u00e3o;<\/li>\n\n\n\n<li>Economia;<\/li>\n\n\n\n<li>Ci\u00eancias Pol\u00edticas;<\/li>\n\n\n\n<li>Legisla\u00e7\u00e3o Estadual;<\/li>\n\n\n\n<li>Conhecimentos Regionais do Piau\u00ed.<\/li>\n<\/ul>\n<\/li>\n\n\n\n<li><strong>Conhecimentos Espec\u00edficos (40 quest\u00f5es)<\/strong>\n<ul class=\"wp-block-list\">\n<li>Arquitetura;<\/li>\n\n\n\n<li>No\u00e7\u00f5es de Direito Constitucional e Administrativo.<\/li>\n<\/ul>\n<\/li>\n<\/ul>\n\n\n\n<p><strong><span style=\"text-decoration: underline;\">Analista Governamental \u2013 Especialidade Infraestrutura (Engenharia Civil):<\/span><\/strong><\/p>\n\n\n\n<ul class=\"wp-block-list\">\n<li><strong>Conhecimentos B\u00e1sicos (30 quest\u00f5es)<\/strong>\n<ul class=\"wp-block-list\">\n<li>L\u00edngua Portuguesa;<\/li>\n\n\n\n<li>Matem\u00e1tica Financeira, Estat\u00edstica e Racioc\u00ednio L\u00f3gico;<\/li>\n\n\n\n<li>Tecnologia da Informa\u00e7\u00e3o;<\/li>\n\n\n\n<li>Economia;<\/li>\n\n\n\n<li>Ci\u00eancias Pol\u00edticas;<\/li>\n\n\n\n<li>Legisla\u00e7\u00e3o Estadual;<\/li>\n\n\n\n<li>Conhecimentos Regionais do Piau\u00ed.<\/li>\n<\/ul>\n<\/li>\n\n\n\n<li><strong>Conhecimentos Espec\u00edficos (40 quest\u00f5es)<\/strong>\n<ul class=\"wp-block-list\">\n<li>Engenharia Civil;<\/li>\n\n\n\n<li>No\u00e7\u00f5es de Direito Constitucional e Administrativo.<\/li>\n<\/ul>\n<\/li>\n<\/ul>\n\n\n\n<p><strong><span style=\"text-decoration: underline;\">Analista Governamental \u2013 Especialidade Infraestrutura (Engenharia de Agrimensura):<\/span><\/strong><\/p>\n\n\n\n<ul class=\"wp-block-list\">\n<li><strong>Conhecimentos B\u00e1sicos (30 quest\u00f5es)<\/strong>\n<ul class=\"wp-block-list\">\n<li>L\u00edngua Portuguesa;<\/li>\n\n\n\n<li>Matem\u00e1tica Financeira, Estat\u00edstica e Racioc\u00ednio L\u00f3gico;<\/li>\n\n\n\n<li>Tecnologia da Informa\u00e7\u00e3o;<\/li>\n\n\n\n<li>Economia;<\/li>\n\n\n\n<li>Ci\u00eancias Pol\u00edticas;<\/li>\n\n\n\n<li>Legisla\u00e7\u00e3o Estadual;<\/li>\n\n\n\n<li>Conhecimentos Regionais do Piau\u00ed.<\/li>\n<\/ul>\n<\/li>\n\n\n\n<li><strong>Conhecimentos Espec\u00edficos (40 quest\u00f5es)<\/strong>\n<ul class=\"wp-block-list\">\n<li>Agrimensura;<\/li>\n\n\n\n<li>No\u00e7\u00f5es de Direito Constitucional e Administrativo.<\/li>\n<\/ul>\n<\/li>\n<\/ul>\n\n\n\n<p><strong><span style=\"text-decoration: underline;\">Analista Governamental \u2013 Especialidade Infraestrutura (Engenharia El\u00e9trica):<\/span><\/strong><\/p>\n\n\n\n<ul class=\"wp-block-list\">\n<li><strong>Conhecimentos B\u00e1sicos (30 quest\u00f5es)<\/strong>\n<ul class=\"wp-block-list\">\n<li>L\u00edngua Portuguesa;<\/li>\n\n\n\n<li>Matem\u00e1tica Financeira, Estat\u00edstica e Racioc\u00ednio L\u00f3gico;<\/li>\n\n\n\n<li>Tecnologia da Informa\u00e7\u00e3o;<\/li>\n\n\n\n<li>Economia;<\/li>\n\n\n\n<li>Ci\u00eancias Pol\u00edticas;<\/li>\n\n\n\n<li>Legisla\u00e7\u00e3o Estadual;<\/li>\n\n\n\n<li>Conhecimentos Regionais do Piau\u00ed.<\/li>\n<\/ul>\n<\/li>\n\n\n\n<li><strong>Conhecimentos Espec\u00edficos (40 quest\u00f5es)<\/strong>\n<ul class=\"wp-block-list\">\n<li>Engenharia El\u00e9trica;<\/li>\n\n\n\n<li>No\u00e7\u00f5es de Direito Constitucional e Administrativo.<\/li>\n<\/ul>\n<\/li>\n<\/ul>\n\n\n\n<p><strong><span style=\"text-decoration: underline;\">Analista Governamental \u2013 Especialidade Infraestrutura (Planejamento e Or\u00e7amento):<\/span><\/strong><\/p>\n\n\n\n<ul class=\"wp-block-list\">\n<li><strong>Conhecimentos B\u00e1sicos (30 quest\u00f5es)<\/strong>\n<ul class=\"wp-block-list\">\n<li>L\u00edngua Portuguesa;<\/li>\n\n\n\n<li>Matem\u00e1tica Financeira, Estat\u00edstica e Racioc\u00ednio L\u00f3gico;<\/li>\n\n\n\n<li>Tecnologia da Informa\u00e7\u00e3o;<\/li>\n\n\n\n<li>Economia;<\/li>\n\n\n\n<li>Ci\u00eancias Pol\u00edticas;<\/li>\n\n\n\n<li>Legisla\u00e7\u00e3o Estadual;<\/li>\n\n\n\n<li>Conhecimentos Regionais do Piau\u00ed.<\/li>\n<\/ul>\n<\/li>\n\n\n\n<li><strong>Conhecimentos Espec\u00edficos (40 quest\u00f5es)<\/strong>\n<ul class=\"wp-block-list\">\n<li>Contabilidade Geral;<\/li>\n\n\n\n<li>Contabilidade Aplicada ao Setor P\u00fablico;<\/li>\n\n\n\n<li>Planejamento;<\/li>\n\n\n\n<li>Or\u00e7amento Governamental;<\/li>\n\n\n\n<li>Direito Constitucional;<\/li>\n\n\n\n<li>Administra\u00e7\u00e3o Geral;<\/li>\n\n\n\n<li>Direito Administrativo;<\/li>\n\n\n\n<li>Direito Financeiro;<\/li>\n\n\n\n<li>Direito Tribut\u00e1rio;<\/li>\n\n\n\n<li>Direito Civil e Penal;<\/li>\n\n\n\n<li>Pol\u00edticas P\u00fablicas em Contexto Federativo.<\/li>\n<\/ul>\n<\/li>\n<\/ul>\n\n\n\n<p><strong><span style=\"text-decoration: underline;\">Analista Governamental \u2013 Especialidade Infraestrutura (Tecnologia da Informa\u00e7\u00e3o):<\/span><\/strong><\/p>\n\n\n\n<ul class=\"wp-block-list\">\n<li><strong>Conhecimentos B\u00e1sicos (30 quest\u00f5es)<\/strong>\n<ul class=\"wp-block-list\">\n<li>L\u00edngua Portuguesa;<\/li>\n\n\n\n<li>Matem\u00e1tica Financeira, Estat\u00edstica e Racioc\u00ednio L\u00f3gico;<\/li>\n\n\n\n<li>Tecnologia da Informa\u00e7\u00e3o;<\/li>\n\n\n\n<li>Economia;<\/li>\n\n\n\n<li>Ci\u00eancias Pol\u00edticas;<\/li>\n\n\n\n<li>Legisla\u00e7\u00e3o Estadual;<\/li>\n\n\n\n<li>Conhecimentos Regionais do Piau\u00ed.<\/li>\n<\/ul>\n<\/li>\n\n\n\n<li><strong>Conhecimentos Espec\u00edficos (40 quest\u00f5es)<\/strong>\n<ul class=\"wp-block-list\">\n<li>Contrata\u00e7\u00f5es de Tecnologia da Informa\u00e7\u00e3o;<\/li>\n\n\n\n<li>Gest\u00e3o e Governan\u00e7a de Tecnologia da Informa\u00e7\u00e3o;<\/li>\n\n\n\n<li>Infraestrutura de Tecnologia da Informa\u00e7\u00e3o;<\/li>\n\n\n\n<li>Redes de Computadores;<\/li>\n\n\n\n<li>Banco de Dados;<\/li>\n\n\n\n<li>No\u00e7\u00f5es de Direito Constitucional e Administrativo.<\/li>\n<\/ul>\n<\/li>\n<\/ul>\n\n\n\n<p>Na avalia\u00e7\u00e3o de cada prova foi utilizado o escore padronizado, com m\u00e9dia igual a 50 e desvio padr\u00e3o igual a 10.<\/p>\n\n\n\n<p>Foi considerado habilitado o candidato que tenha obtido o total de pontos, no somat\u00f3rio das notas padronizadas das Provas Objetivas de Conhecimentos B\u00e1sicos e Espec\u00edficos, igual ou superior a 200.<\/p>\n\n\n\n<h4 class=\"wp-block-heading\" id=\"discursiva\">Prova discursiva<\/h4>\n\n\n\n<p>A Prova Discursiva \u2013 Estudo de Caso consistiu de uma quest\u00e3o pr\u00e1tica, na qual o candidato teve de apresentar, por escrito, a solu\u00e7\u00e3o.<\/p>\n\n\n\n<p>O tema versou sobre conte\u00fado pertinente aos Conhecimentos Espec\u00edficos, conforme programa constante do Anexo II do edital.<\/p>\n\n\n\n<p>Na ocasi\u00e3o, foram avaliados o dom\u00ednio de conte\u00fado dos temas abordados, a experi\u00eancia pr\u00e9via do candidato e sua adequabilidade quanto \u00e0s atribui\u00e7\u00f5es do cargo e suas especialidades.<\/p>\n\n\n\n<p>A prova foi avaliada na escala de 0 a 100 pontos, considerando-se habilitado o candidato que nela obtivesse nota igual ou superior a 50,00.<\/p>\n\n\n\n<h4 class=\"wp-block-heading\" id=\"titulos\">Prova de t\u00edtulos<\/h4>\n\n\n\n<p>A Prova de T\u00edtulos foi aplicada para todos os candidatos habilitados na Prova Discursiva \u2013 Estudo de Caso.<\/p>\n\n\n\n<p>Foram considerados t\u00edtulos os relacionados na tabela abaixo, limitados ao valor m\u00e1ximo de 1,75 pontos, observado o limite m\u00e1ximo para cada item, sendo desconsiderados os demais:<\/p>\n\n\n\n<figure class=\"wp-block-image aligncenter size-full\"><img loading=\"lazy\" decoding=\"async\" width=\"528\" height=\"375\" src=\"https:\/\/dhg1h5j42swfq.cloudfront.net\/2024\/06\/03192350\/image-26-1.png\" alt=\"Tabela de atribui\u00e7\u00e3o de pontos na avalia\u00e7\u00e3o de t\u00edtulos\" class=\"wp-image-1408783\" srcset=\"https:\/\/dhg1h5j42swfq.cloudfront.net\/2024\/06\/03192350\/image-26-1.png 528w, https:\/\/dhg1h5j42swfq.cloudfront.net\/2024\/06\/03192350\/image-26-1-300x213.png 300w, https:\/\/dhg1h5j42swfq.cloudfront.net\/2024\/06\/03192350\/image-26-1-150x107.png 150w\" sizes=\"auto, (max-width: 528px) 100vw, 528px\" \/><\/figure>\n\n\n\n<h4 class=\"wp-block-heading\" id=\"curso\">Curso de forma\u00e7\u00e3o<\/h4>\n\n\n\n<p>O Curso de Forma\u00e7\u00e3o foi realizado na cidade de Teresina\/PI, na OAB SECCIONAL PIAU\u00cd (situada na rua<br \/>Governador Tib\u00e9rio Nunes Cabral, s\/n \u2013 Setor ESA-PI \u2013 Cabral), nos dias<strong> 08 e 09\/03 <\/strong>nos seguintes hor\u00e1rios: das<strong> 8h \u00e0s 12h <\/strong>(hor\u00e1rio local) e das <strong>14h \u00e0s 18h <\/strong>(hor\u00e1rio local) dispon\u00edveis no site da<br \/>FCC e enviado aos candidatos por e-mail.<\/p>\n\n\n\n<p>A realiza\u00e7\u00e3o da Prova Objetiva do Curso de Forma\u00e7\u00e3o foi realizada no mesmo local, <strong>no dia 11\/03,<\/strong> no hor\u00e1rio das <strong>8h30min<\/strong> (hor\u00e1rio local).<\/p>\n\n\n\n<p>A prova constou de 40 quest\u00f5es objetivas de m\u00faltipla escolha, com 05 alternativas, com dura\u00e7\u00e3o de 2h30.<\/p>\n\n\n\n<p>Foi considerado APTO no Curso de Forma\u00e7\u00e3o o (a) candidato (a) que obteve, concomitantemente, no<br \/>m\u00ednimo:<\/p>\n\n\n\n<ul class=\"wp-block-list\">\n<li>a) 50% de acertos na Prova Objetiva do Curso de Forma\u00e7\u00e3o; e<\/li>\n\n\n\n<li>b) 80% de frequ\u00eancia no Curso de Forma\u00e7\u00e3o.<\/li>\n<\/ul>\n\n\n\n<h2 class=\"wp-block-heading\" id=\"carreira\">Carreira na SEPLAN PI<\/h2>\n\n\n\n<p>Conforme a Lei N\u00ba 8.202\/2023, cuja finalidade foi a <strong>cria\u00e7\u00e3o do cargo de Analista Governamental<\/strong>, a carreira possui um total de tr\u00eas \u00e1reas espec\u00edficas, com o mesmo n\u00famero de cargos vagos sendo o n\u00famero de vagas autorizadas:<\/p>\n\n\n\n<ul class=\"wp-block-list\">\n<li>Analista Governamental &#8211; Especialidade Planejamento e Or\u00e7amento \u2013 25 vagas;<\/li>\n\n\n\n<li>Analista Governamental &#8211; Especialidade Tecnologia da Informa\u00e7\u00e3o \u2013 10 vagas;<\/li>\n\n\n\n<li>Analista Governamental &#8211; Especialidade Infraestrutura \u2013 10 vagas.<\/li>\n<\/ul>\n\n\n\n<h3 class=\"wp-block-heading\" id=\"remuneracao\">Remunera\u00e7\u00e3o<\/h3>\n\n\n\n<p>De acordo com a Lei N\u00ba 8.202\/2023, que estabelece a cria\u00e7\u00e3o do cargo de Analista Governamental, os futuros servidores na carreira ganhar\u00e3o, inicialmente, R$ 11.549,35, e, ao final, poder\u00e3o receber <strong>R$ 20.860,19<\/strong>. Veja:<\/p>\n\n\n\n<figure class=\"wp-block-image aligncenter size-full is-resized\"><img loading=\"lazy\" decoding=\"async\" width=\"307\" height=\"506\" src=\"https:\/\/dhg1h5j42swfq.cloudfront.net\/2024\/01\/05193915\/image-126.png\" alt=\"Estrutura remunerat\u00f3ria do cargo de Analista Governamental\" class=\"wp-image-1330901\" style=\"width:307px;height:auto\" srcset=\"https:\/\/dhg1h5j42swfq.cloudfront.net\/2024\/01\/05193915\/image-126.png 307w, https:\/\/dhg1h5j42swfq.cloudfront.net\/2024\/01\/05193915\/image-126-182x300.png 182w, https:\/\/dhg1h5j42swfq.cloudfront.net\/2024\/01\/05193915\/image-126-150x247.png 150w\" sizes=\"auto, (max-width: 307px) 100vw, 307px\" \/><\/figure>\n\n\n\n<h3 class=\"wp-block-heading\" id=\"atribuicoes\">Atribui\u00e7\u00f5es<\/h3>\n\n\n\n<p><strong>Analista Governamental &#8211; Especialidade Planejamento e Or\u00e7amento:<\/strong><\/p>\n\n\n\n<ul class=\"wp-block-list\">\n<li>Realizar atividades de gest\u00e3o administrativa de n\u00edvel superior, envolvendo complexidades e responsabilidades elevadas, com o uso de tecnologias modernas nas \u00e1reas de planejamento e or\u00e7amento;<\/li>\n\n\n\n<li>Desenvolver estudos e pesquisas para a elabora\u00e7\u00e3o de programas e projetos estruturantes de interesse do Estado do Piau\u00ed;<\/li>\n\n\n\n<li>Realizar estudos para compatibiliza\u00e7\u00e3o dos planos estaduais com os nacionais;<\/li>\n\n\n\n<li>Desenvolver a\u00e7\u00f5es de normatiza\u00e7\u00e3o para a elabora\u00e7\u00e3o do plano plurianual, da lei de diretrizes or\u00e7ament\u00e1rias e da lei or\u00e7ament\u00e1ria anual, consolidando propostas setoriais;<\/li>\n\n\n\n<li>Desenvolver trabalhos de articula\u00e7\u00e3o entre o planejamento e os or\u00e7amentos governamentais, moderniza\u00e7\u00e3o e informatiza\u00e7\u00e3o do sistema or\u00e7ament\u00e1rio do Estado;<\/li>\n\n\n\n<li>Supervisionar, coordenar e executar os trabalhos referentes \u00e0 elabora\u00e7\u00e3o, monitoramento e revis\u00e3o das pe\u00e7as or\u00e7ament\u00e1rias;<\/li>\n\n\n\n<li>Acompanhar e avaliar a execu\u00e7\u00e3o or\u00e7ament\u00e1ria dos \u00f3rg\u00e3os da administra\u00e7\u00e3o direta e entidades da administra\u00e7\u00e3o indireta do Estado;<\/li>\n\n\n\n<li>Prestar assessoria aos \u00f3rg\u00e3os estaduais na elabora\u00e7\u00e3o, monitoramento e avalia\u00e7\u00e3o do planejamento estrat\u00e9gico e setorial;<\/li>\n\n\n\n<li>Desenvolver a\u00e7\u00f5es inerentes ao sistema de planejamento territorial;<\/li>\n\n\n\n<li>Desenvolver a\u00e7\u00f5es de identifica\u00e7\u00e3o de financiamento de investimento e efetuar a contrata\u00e7\u00e3o de recursos necess\u00e1rios \u00e0 pol\u00edtica de desenvolvimento do Estado do Piau\u00ed;<\/li>\n\n\n\n<li>Desenvolver atividades inerentes ao sistema de controle de conv\u00eanios do Estado, celebrados ou a celebrar com os munic\u00edpios ou entidades;<\/li>\n\n\n\n<li>Promover estudos e an\u00e1lises dos indicadores conjunturais;<\/li>\n\n\n\n<li>Atuar na \u00e1rea de planejamento de pol\u00edticas p\u00fablicas do Governo Estadual, abrangendo pesquisas socioecon\u00f4micas, an\u00e1lise de cen\u00e1rios macroecon\u00f4micos, estabelecendo orienta\u00e7\u00f5es e diretrizes estrat\u00e9gicas;<\/li>\n\n\n\n<li>Coordenar trabalhos ligados \u00e0 formula\u00e7\u00e3o, implementa\u00e7\u00e3o e avalia\u00e7\u00e3o de pol\u00edticas p\u00fablicas, elabora\u00e7\u00e3o de pesquisas e estudos de suporte t\u00e9cnico aplicados \u00e0 formula\u00e7\u00e3o, monitoramento e avalia\u00e7\u00e3o de pol\u00edticas p\u00fablicas adotadas no Estado;<\/li>\n\n\n\n<li>Realizar diagn\u00f3sticos sobre as condi\u00e7\u00f5es de desenvolvimento econ\u00f4mico, social e espacial do Estado, prestando assessoria t\u00e9cnica no processo de elabora\u00e7\u00e3o de pol\u00edticas p\u00fablicas;<\/li>\n\n\n\n<li>Atuar na avalia\u00e7\u00e3o de impactos e efic\u00e1cia das pol\u00edticas, projetos e a\u00e7\u00f5es desenvolvidas pelo Governo Estadual;<\/li>\n\n\n\n<li>Elaborar e redigir documentos oficiais;<\/li>\n\n\n\n<li>Desempenhar atividades de inform\u00e1tica na \u00e1rea de atua\u00e7\u00e3o, incluindo modelagem de sistemas, an\u00e1lises de dados, prospec\u00e7\u00e3o tecnol\u00f3gica, gest\u00e3o de projetos e seguran\u00e7a da informa\u00e7\u00e3o.<\/li>\n<\/ul>\n\n\n\n<p><strong>Analista Governamental \u2013 Especialidade Tecnologia da Informa\u00e7\u00e3o:<\/strong><\/p>\n\n\n\n<ul class=\"wp-block-list\">\n<li>Realizar atividades de gest\u00e3o administrativa de n\u00edvel superior, envolvendo complexidades e responsabilidades elevadas.<\/li>\n\n\n\n<li>Especificar, coordenar, administrar e analisar contrata\u00e7\u00f5es de bens e servi\u00e7os de tecnologia da informa\u00e7\u00e3o.<\/li>\n\n\n\n<li>Apresentar solu\u00e7\u00f5es em ambientes informatizados utilizados em atividades relacionadas aos instrumentos de planejamento do Estado do Piau\u00ed.<\/li>\n\n\n\n<li>Dar suporte, desenvolver e manter infraestrutura, sistemas e ferramentas digitais utilizadas na gest\u00e3o da execu\u00e7\u00e3o dos instrumentos de planejamento.<\/li>\n\n\n\n<li>Atuar na an\u00e1lise e visualiza\u00e7\u00e3o de dados.<\/li>\n\n\n\n<li>Operar na modelagem e administra\u00e7\u00e3o de bases de dados.<\/li>\n\n\n\n<li>Prestar suporte t\u00e9cnico e treinamento ao usu\u00e1rio.<\/li>\n\n\n\n<li>Estabelecer padr\u00f5es, dimensionar requisitos e funcionalidades de sistemas, definir alternativas f\u00edsicas de implanta\u00e7\u00e3o, especificar a arquitetura do sistema, montar prot\u00f3tipo do sistema.<\/li>\n\n\n\n<li>Realizar testes e avalia\u00e7\u00e3o de desempenho de sistemas computacionais.<\/li>\n\n\n\n<li>Identificar falhas no sistema, executar procedimentos para melhoria de desempenho do sistema, elaborar dicion\u00e1rio de dados, manuais do sistema e relat\u00f3rios t\u00e9cnicos, documentar estrutura de rede, administrar recursos internos e externos.<\/li>\n\n\n\n<li>Gerenciar projetos, avaliar qualidade de produtos gerados e executar outras tarefas na \u00e1rea de tecnologia da informa\u00e7\u00e3o, dentro das compet\u00eancias do \u00d3rg\u00e3o de atua\u00e7\u00e3o.<\/li>\n\n\n\n<li>Projetar, desenvolver e realizar a manuten\u00e7\u00e3o de software, aplicativos e sistemas.<\/li>\n\n\n\n<li>Elaborar e redigir documentos oficiais.<\/li>\n\n\n\n<li>Desenvolver projetos baseados em Intelig\u00eancia Artificial e Governo Digital.<\/li>\n<\/ul>\n\n\n\n<p><strong>III \u2013 Analista Governamental \u2013 Especialidade Infraestrutura:<\/strong><\/p>\n\n\n\n<ul class=\"wp-block-list\">\n<li>Realizar atividades especializadas de planejamento, coordena\u00e7\u00e3o, fiscaliza\u00e7\u00e3o, assist\u00eancia t\u00e9cnica e execu\u00e7\u00e3o de projetos e obras de infraestrutura de grande porte, abrangendo compet\u00eancias nas \u00e1reas de infraestrutura vi\u00e1ria, h\u00eddrica, de saneamento, de energia, de produ\u00e7\u00e3o mineral, de comunica\u00e7\u00f5es, e de desenvolvimento regional e urbano.<\/li>\n\n\n\n<li>Elaborar, executar e dirigir projetos de engenharia, estudando caracter\u00edsticas e preparando planos, m\u00e9todos de trabalho, e demais dados necess\u00e1rios para orientar a constru\u00e7\u00e3o, manuten\u00e7\u00e3o e reparo das obras e infraestruturas estaduais, assegurando os padr\u00f5es t\u00e9cnicos exigidos.<\/li>\n\n\n\n<li>Desempenhar atividades de suporte final\u00edsticas, incluindo a avalia\u00e7\u00e3o de viabilidade, an\u00e1lise, monitoramento e emiss\u00e3o de pareceres relativos \u00e0 assist\u00eancia t\u00e9cnica para a execu\u00e7\u00e3o de projetos e obras de grande porte, bem como a avalia\u00e7\u00e3o de estruturas j\u00e1 edificadas.<\/li>\n\n\n\n<li>Desempenhar outras atividades de suporte final\u00edsticas, inerentes \u00e0 assist\u00eancia t\u00e9cnica para a execu\u00e7\u00e3o de projetos e obras nas \u00e1reas de infraestrutura.<\/li>\n\n\n\n<li>Desempenhar as atividades de inform\u00e1tica na sua \u00e1rea de atua\u00e7\u00e3o, incluindo modelagem de sistemas, an\u00e1lises de dados, prospec\u00e7\u00e3o tecnol\u00f3gica, gest\u00e3o de projetos, bem como seguran\u00e7a da informa\u00e7\u00e3o.<\/li>\n<\/ul>\n\n\n\n<h2 class=\"wp-block-heading\" id=\"sobre-a-seadprev-pi\">Sobre a SEPLAN PI<\/h2>\n\n\n\n<p>A SEPLAN PI \u00e9 uma institui\u00e7\u00e3o governamental respons\u00e1vel por coordenar e executar atividades relacionadas ao planejamento, or\u00e7amento e gest\u00e3o p\u00fablica no estado do Piau\u00ed.<\/p>\n\n\n\n<p>A <a href=\"http:\/\/www.seplan.pi.gov.br\/\" target=\"_blank\" rel=\"noreferrer noopener\">SEPLAN PI<\/a> desempenha um papel crucial na defini\u00e7\u00e3o de diretrizes estrat\u00e9gicas para o desenvolvimento econ\u00f4mico e social do estado, al\u00e9m de estar envolvida na elabora\u00e7\u00e3o e monitoramento de pol\u00edticas p\u00fablicas, programas e projetos. A secretaria tamb\u00e9m desempenha um papel importante na gest\u00e3o or\u00e7ament\u00e1ria, garantindo que os recursos sejam alocados de maneira eficiente e eficaz para atender \u00e0s necessidades da popula\u00e7\u00e3o.<\/p>\n\n\n\n<hr class=\"wp-block-separator has-alpha-channel-opacity\"\/>\n\n\n\n<h2 class=\"wp-block-heading has-text-align-center\" id=\"cursos\"><em>Quer estudar para o concurso do SEPLAN PI?<\/em><\/h2>\n\n\n\n<p class=\"has-text-align-center\"><em>Gostou destas oportunidades e deseja come\u00e7ar se preparar agora mesmo? Ent\u00e3o, confira os nossos cursos e comece a estudar:<\/em><\/p>\n\n\n\n<div id=\"boxes\" class=\"container\">\n<div class=\"row\">\n<div class=\"col-sm\">\n<div id=\"box-assinatura\" class=\"banner-estrategia\">\n<h3 class=\"titulo-assinatura\">Cursos para Seplan PI<\/h3>\n<p class=\"subtitulo-assinatura\">&nbsp;<\/p>\n<div class=\"box-botao\"><a class=\"btn-assinatura\" role=\"button\" href=\"https:\/\/www.estrategiaconcursos.com.br\/cursosPorConcurso\/secretaria-do-planejamento-do-piaui-seplan-pi\/\" target=\"_blank\" rel=\"noopener noreferrer\">Conhe\u00e7a mais<\/a><\/div>\n<\/div>\n\n<\/div>\n<\/div>\n<\/div>\n\n\n\n<div class=\"container\" id=\"boxes\">\n  <div class=\"row\">\n\n    <div class=\"col-sm\">\n      <div class=\"estrategia\" id=\"box-assinatura\">\n        <h3 class=\"titulo-assinatura\">Assinatura Concursos<\/h3>\n        <p class=\"subtitulo-assinatura\">Assinatura de 1 ano ou 2 anos<\/p>\n        <div class=\"box-botao\">\n          <a class=\"btn-assinatura\" target=\"_blank\" href=\"https:\/\/www.estrategiaconcursos.com.br\/assinaturas\/\" role=\"button\" rel=\"noopener noreferrer\">ASSINE AGORA<\/a>\n        <\/div>\n      <\/div>\n     \n    <\/div><\/div><\/div>\n\n\n\n<h2 class=\"wp-block-heading has-text-align-center\" id=\"h-quer-saber-tudo-sobre-concursos-previstos-confira-os-nossos-artigos\">Quer saber tudo sobre concursos previstos?<br \/>Confira os nossos artigos!<\/h2>\n\n\n\n<ul class=\"wp-block-list\">\n<li><a href=\"https:\/\/www.estrategiaconcursos.com.br\/blog\/concursos-abertos\/\" target=\"_blank\" rel=\"noreferrer noopener\">Concursos Abertos<\/a><\/li>\n\n\n\n<li><a href=\"https:\/\/www.estrategiaconcursos.com.br\/blog\/concurso-administrativos\/\">Concursos Administrativos<\/a><\/li>\n\n\n\n<li><a href=\"https:\/\/www.estrategiaconcursos.com.br\/blog\/concursos-2026\/\" target=\"_blank\" rel=\"noreferrer noopener\">Concursos 2026<\/a><\/li>\n<\/ul>\n\n\n\n<figure class=\"wp-block-image size-large is-resized\"><img loading=\"lazy\" decoding=\"async\" width=\"1024\" height=\"632\" src=\"https:\/\/dhg1h5j42swfq.cloudfront.net\/2021\/08\/03075659\/ficha-tecnica-1-1024x632.png\" alt=\"Informa\u00e7\u00f5es do concurso SEPLAN PI\" class=\"wp-image-827472\" style=\"width:277px;height:auto\" srcset=\"https:\/\/dhg1h5j42swfq.cloudfront.net\/2021\/08\/03075659\/ficha-tecnica-1-1024x632.png 1024w, https:\/\/dhg1h5j42swfq.cloudfront.net\/2021\/08\/03075659\/ficha-tecnica-1-300x185.png 300w, https:\/\/dhg1h5j42swfq.cloudfront.net\/2021\/08\/03075659\/ficha-tecnica-1-768x474.png 768w, https:\/\/dhg1h5j42swfq.cloudfront.net\/2021\/08\/03075659\/ficha-tecnica-1-1536x948.png 1536w, https:\/\/dhg1h5j42swfq.cloudfront.net\/2021\/08\/03075659\/ficha-tecnica-1-610x377.png 610w, https:\/\/dhg1h5j42swfq.cloudfront.net\/2021\/08\/03075659\/ficha-tecnica-1.png 1571w\" sizes=\"auto, (max-width: 1024px) 100vw, 1024px\" \/><\/figure>\n\n\n\n<h3 class=\"wp-block-heading\" id=\"ficha\">Informa\u00e7\u00f5es do pr\u00f3ximo concurso SEPLAN PI<\/h3>\n\n\n\n<ul class=\"wp-block-list\">\n<li><strong>Data prevista<\/strong>: 2026<\/li>\n\n\n\n<li><strong>Banca<\/strong>: a definir<\/li>\n\n\n\n<li><strong>Vagas<\/strong>: a definir<\/li>\n\n\n\n<li><strong>Cargos<\/strong>: Especialista em Economia Regional<\/li>\n\n\n\n<li><strong>Escolaridade<\/strong>: n\u00edvel superior<\/li>\n<\/ul>\n\n\n\n<h3 class=\"wp-block-heading\">Informa\u00e7\u00f5es do \u00faltimo concurso SEPLAN PI<\/h3>\n\n\n\n<ul class=\"wp-block-list\">\n<li><strong>Data prevista<\/strong>: 2024<\/li>\n\n\n\n<li><strong>Banca<\/strong>: FCC<\/li>\n\n\n\n<li><strong>Vagas<\/strong>: 45 + CR<\/li>\n\n\n\n<li><strong>Cargos<\/strong>: Analista Governamental<\/li>\n\n\n\n<li><strong>Escolaridade<\/strong>: n\u00edvel superior<\/li>\n\n\n\n<li><strong>Edital:<\/strong> <a href=\"https:\/\/dhg1h5j42swfq.cloudfront.net\/2024\/06\/04150431\/govpi124__edital_de_abertura_sead_seplan_final_assinada_28_05_2024__1_.pdf\" target=\"_blank\" rel=\"noreferrer noopener nofollow\">Seplan PI 2024<\/a> | <a href=\"https:\/\/dhg1h5j42swfq.cloudfront.net\/2024\/07\/11092304\/edital_retificacao_sead_seplan.pdf\" target=\"_blank\" rel=\"noreferrer noopener nofollow\">Retifica\u00e7\u00e3o 1<\/a> | <a href=\"https:\/\/dhg1h5j42swfq.cloudfront.net\/2024\/07\/11092257\/edital_retificacao_2__sead_seplan.pdf\" target=\"_blank\" rel=\"noreferrer noopener nofollow\">Retifica\u00e7\u00e3o 2<\/a><\/li>\n<\/ul>\n","protected":false},"excerpt":{"rendered":"<p>Um novo concurso p\u00fablico para a Seplan PI (Secretaria de Estado do Planejamento do Piau\u00ed) ser\u00e1 aberto at\u00e9 abril de 2026. A informa\u00e7\u00e3o foi confirmada pelo pr\u00f3prio governo estadual. Vale lembrar que a sele\u00e7\u00e3o ser\u00e1 realizada por meio do Concurso Unificado do Estado, que possui autoriza\u00e7\u00e3o desde 19 de dezembro de 2025. Inclusive, j\u00e1 foi [&hellip;]<\/p>\n","protected":false},"author":1,"featured_media":1331948,"comment_status":"open","ping_status":"closed","sticky":false,"template":"","format":"standard","meta":{"post_tipo":"news_page","footnotes":""},"categories":[214992],"tags":[],"tax_estado":[219980],"class_list":["post-1330910","post","type-post","status-publish","format-standard","has-post-thumbnail","hentry","category-concursos-administrativos","tax_estado-pi"],"acf":[],"yoast_head":"<!-- This site is optimized with the Yoast SEO Premium plugin v27.2 (Yoast SEO v27.2) - https:\/\/yoast.com\/product\/yoast-seo-premium-wordpress\/ -->\n<title>Concurso Seplan PI ter\u00e1 edital no 1\u00ba semestre!<\/title>\n<meta name=\"description\" content=\"Concurso SEPLAN PI: novo edital at\u00e9 ABRIL para Especialista em Economia Regional. \u00daltimo concurso segue vigente!\" \/>\n<meta name=\"robots\" content=\"index, follow, max-snippet:-1, max-image-preview:large, max-video-preview:-1\" \/>\n<link rel=\"canonical\" href=\"https:\/\/www.estrategiaconcursos.com.br\/blog\/concurso-seplan-pi\/\" \/>\n<meta property=\"og:locale\" content=\"pt_BR\" \/>\n<meta property=\"og:type\" content=\"article\" \/>\n<meta property=\"og:title\" content=\"Concurso Seplan PI ter\u00e1 edital no 1\u00ba semestre!\" \/>\n<meta property=\"og:description\" content=\"Concurso SEPLAN PI: novo edital at\u00e9 ABRIL para Especialista em Economia Regional. \u00daltimo concurso segue vigente!\" \/>\n<meta property=\"og:url\" content=\"https:\/\/www.estrategiaconcursos.com.br\/blog\/concurso-seplan-pi\/\" \/>\n<meta property=\"og:site_name\" content=\"Estrat\u00e9gia Concursos\" \/>\n<meta property=\"article:author\" content=\"https:\/\/www.facebook.com\/EstrategiaConcursos\" \/>\n<meta property=\"article:published_time\" content=\"2026-03-09T11:51:00+00:00\" \/>\n<meta property=\"article:modified_time\" content=\"2026-03-09T18:00:07+00:00\" \/>\n<meta property=\"og:image\" content=\"https:\/\/dhg1h5j42swfq.cloudfront.net\/2024\/01\/08170047\/seplan-pi.jpg\" \/>\n\t<meta property=\"og:image:width\" content=\"768\" \/>\n\t<meta property=\"og:image:height\" content=\"432\" \/>\n\t<meta property=\"og:image:type\" content=\"image\/jpeg\" \/>\n<meta name=\"author\" content=\"Coordena\u00e7\u00e3o\" \/>\n<meta name=\"twitter:card\" content=\"summary_large_image\" \/>\n<meta name=\"twitter:creator\" content=\"@EstratConcursos\" \/>\n<meta name=\"twitter:site\" content=\"@EstratConcursos\" \/>\n<meta name=\"twitter:label1\" content=\"Escrito por\" \/>\n\t<meta name=\"twitter:data1\" content=\"Coordena\u00e7\u00e3o\" \/>\n\t<meta name=\"twitter:label2\" content=\"Est. tempo de leitura\" \/>\n\t<meta name=\"twitter:data2\" content=\"13 minutos\" \/>\n<script type=\"application\/ld+json\" class=\"yoast-schema-graph\">{\"@context\":\"https:\/\/schema.org\",\"@graph\":[{\"@type\":\"NewsArticle\",\"@id\":\"https:\/\/www.estrategiaconcursos.com.br\/blog\/concurso-seplan-pi\/#article\",\"isPartOf\":{\"@id\":\"https:\/\/www.estrategiaconcursos.com.br\/blog\/concurso-seplan-pi\/\"},\"author\":{\"name\":\"Coordena\u00e7\u00e3o\",\"@id\":\"https:\/\/www.estrategiaconcursos.com.br\/blog\/#\/schema\/person\/b4a388c97673c5f483d72185668afa1f\"},\"headline\":\"Concurso Seplan PI ter\u00e1 edital no 1\u00ba semestre!\",\"datePublished\":\"2026-03-09T11:51:00+00:00\",\"dateModified\":\"2026-03-09T18:00:07+00:00\",\"mainEntityOfPage\":{\"@id\":\"https:\/\/www.estrategiaconcursos.com.br\/blog\/concurso-seplan-pi\/\"},\"wordCount\":2593,\"commentCount\":0,\"publisher\":{\"@id\":\"https:\/\/www.estrategiaconcursos.com.br\/blog\/#organization\"},\"image\":{\"@id\":\"https:\/\/www.estrategiaconcursos.com.br\/blog\/concurso-seplan-pi\/#primaryimage\"},\"thumbnailUrl\":\"https:\/\/dhg1h5j42swfq.cloudfront.net\/2024\/01\/08170047\/seplan-pi.jpg\",\"articleSection\":[\"Executivo (Administrativa)\"],\"inLanguage\":\"pt-BR\",\"potentialAction\":[{\"@type\":\"CommentAction\",\"name\":\"Comment\",\"target\":[\"https:\/\/www.estrategiaconcursos.com.br\/blog\/concurso-seplan-pi\/#respond\"]}],\"copyrightYear\":\"2026\",\"copyrightHolder\":{\"@id\":\"https:\/\/www.estrategiaconcursos.com.br\/blog\/#organization\"}},{\"@type\":\"WebPage\",\"@id\":\"https:\/\/www.estrategiaconcursos.com.br\/blog\/concurso-seplan-pi\/\",\"url\":\"https:\/\/www.estrategiaconcursos.com.br\/blog\/concurso-seplan-pi\/\",\"name\":\"Concurso Seplan PI ter\u00e1 edital no 1\u00ba semestre!\",\"isPartOf\":{\"@id\":\"https:\/\/www.estrategiaconcursos.com.br\/blog\/#website\"},\"primaryImageOfPage\":{\"@id\":\"https:\/\/www.estrategiaconcursos.com.br\/blog\/concurso-seplan-pi\/#primaryimage\"},\"image\":{\"@id\":\"https:\/\/www.estrategiaconcursos.com.br\/blog\/concurso-seplan-pi\/#primaryimage\"},\"thumbnailUrl\":\"https:\/\/dhg1h5j42swfq.cloudfront.net\/2024\/01\/08170047\/seplan-pi.jpg\",\"datePublished\":\"2026-03-09T11:51:00+00:00\",\"dateModified\":\"2026-03-09T18:00:07+00:00\",\"description\":\"Concurso SEPLAN PI: novo edital at\u00e9 ABRIL para Especialista em Economia Regional. \u00daltimo concurso segue vigente!\",\"breadcrumb\":{\"@id\":\"https:\/\/www.estrategiaconcursos.com.br\/blog\/concurso-seplan-pi\/#breadcrumb\"},\"inLanguage\":\"pt-BR\",\"potentialAction\":[{\"@type\":\"ReadAction\",\"target\":[\"https:\/\/www.estrategiaconcursos.com.br\/blog\/concurso-seplan-pi\/\"]}]},{\"@type\":\"ImageObject\",\"inLanguage\":\"pt-BR\",\"@id\":\"https:\/\/www.estrategiaconcursos.com.br\/blog\/concurso-seplan-pi\/#primaryimage\",\"url\":\"https:\/\/dhg1h5j42swfq.cloudfront.net\/2024\/01\/08170047\/seplan-pi.jpg\",\"contentUrl\":\"https:\/\/dhg1h5j42swfq.cloudfront.net\/2024\/01\/08170047\/seplan-pi.jpg\",\"width\":768,\"height\":432},{\"@type\":\"BreadcrumbList\",\"@id\":\"https:\/\/www.estrategiaconcursos.com.br\/blog\/concurso-seplan-pi\/#breadcrumb\",\"itemListElement\":[{\"@type\":\"ListItem\",\"position\":1,\"name\":\"In\u00edcio\",\"item\":\"https:\/\/www.estrategiaconcursos.com.br\/blog\/\"},{\"@type\":\"ListItem\",\"position\":2,\"name\":\"Concurso Seplan PI ter\u00e1 edital no 1\u00ba semestre!\"}]},{\"@type\":\"WebSite\",\"@id\":\"https:\/\/www.estrategiaconcursos.com.br\/blog\/#website\",\"url\":\"https:\/\/www.estrategiaconcursos.com.br\/blog\/\",\"name\":\"Estrat\u00e9gia Concursos\",\"description\":\"O blog da Estrat\u00e9gia Concursos traz not\u00edcias sobre concursos e artigos de professores oferecendo cursos para concursos (pdf + videaulas) no site.\",\"publisher\":{\"@id\":\"https:\/\/www.estrategiaconcursos.com.br\/blog\/#organization\"},\"potentialAction\":[{\"@type\":\"SearchAction\",\"target\":{\"@type\":\"EntryPoint\",\"urlTemplate\":\"https:\/\/www.estrategiaconcursos.com.br\/blog\/?s={search_term_string}\"},\"query-input\":{\"@type\":\"PropertyValueSpecification\",\"valueRequired\":true,\"valueName\":\"search_term_string\"}}],\"inLanguage\":\"pt-BR\"},{\"@type\":\"Organization\",\"@id\":\"https:\/\/www.estrategiaconcursos.com.br\/blog\/#organization\",\"name\":\"Estrat\u00e9gia Concursos\",\"url\":\"https:\/\/www.estrategiaconcursos.com.br\/blog\/\",\"logo\":{\"@type\":\"ImageObject\",\"inLanguage\":\"pt-BR\",\"@id\":\"https:\/\/www.estrategiaconcursos.com.br\/blog\/#\/schema\/logo\/image\/\",\"url\":\"https:\/\/dhg1h5j42swfq.cloudfront.net\/2025\/06\/03203428\/logo_concursos-1.jpg\",\"contentUrl\":\"https:\/\/dhg1h5j42swfq.cloudfront.net\/2025\/06\/03203428\/logo_concursos-1.jpg\",\"width\":230,\"height\":60,\"caption\":\"Estrat\u00e9gia Concursos\"},\"image\":{\"@id\":\"https:\/\/www.estrategiaconcursos.com.br\/blog\/#\/schema\/logo\/image\/\"},\"sameAs\":[\"https:\/\/x.com\/EstratConcursos\"]},{\"@type\":\"Person\",\"@id\":\"https:\/\/www.estrategiaconcursos.com.br\/blog\/#\/schema\/person\/b4a388c97673c5f483d72185668afa1f\",\"name\":\"Coordena\u00e7\u00e3o\",\"image\":{\"@type\":\"ImageObject\",\"inLanguage\":\"pt-BR\",\"@id\":\"https:\/\/secure.gravatar.com\/avatar\/b720319e4c9a967eb58678d110f4fe35452fc5d5f97b202bac7b8acceb18c6ad?s=96&d=mm&r=g\",\"url\":\"https:\/\/secure.gravatar.com\/avatar\/b720319e4c9a967eb58678d110f4fe35452fc5d5f97b202bac7b8acceb18c6ad?s=96&d=mm&r=g\",\"contentUrl\":\"https:\/\/secure.gravatar.com\/avatar\/b720319e4c9a967eb58678d110f4fe35452fc5d5f97b202bac7b8acceb18c6ad?s=96&d=mm&r=g\",\"caption\":\"Coordena\u00e7\u00e3o\"},\"sameAs\":[\"https:\/\/www.facebook.com\/EstrategiaConcursos\",\"https:\/\/x.com\/EstratConcursos\"],\"url\":\"https:\/\/www.estrategiaconcursos.com.br\/blog\/author\/estrategia2013\/\"}]}<\/script>\n<!-- \/ Yoast SEO Premium plugin. -->","yoast_head_json":{"title":"Concurso Seplan PI ter\u00e1 edital no 1\u00ba semestre!","description":"Concurso SEPLAN PI: novo edital at\u00e9 ABRIL para Especialista em Economia Regional. \u00daltimo concurso segue vigente!","robots":{"index":"index","follow":"follow","max-snippet":"max-snippet:-1","max-image-preview":"max-image-preview:large","max-video-preview":"max-video-preview:-1"},"canonical":"https:\/\/www.estrategiaconcursos.com.br\/blog\/concurso-seplan-pi\/","og_locale":"pt_BR","og_type":"article","og_title":"Concurso Seplan PI ter\u00e1 edital no 1\u00ba semestre!","og_description":"Concurso SEPLAN PI: novo edital at\u00e9 ABRIL para Especialista em Economia Regional. \u00daltimo concurso segue vigente!","og_url":"https:\/\/www.estrategiaconcursos.com.br\/blog\/concurso-seplan-pi\/","og_site_name":"Estrat\u00e9gia Concursos","article_author":"https:\/\/www.facebook.com\/EstrategiaConcursos","article_published_time":"2026-03-09T11:51:00+00:00","article_modified_time":"2026-03-09T18:00:07+00:00","og_image":[{"width":768,"height":432,"url":"https:\/\/dhg1h5j42swfq.cloudfront.net\/2024\/01\/08170047\/seplan-pi.jpg","type":"image\/jpeg"}],"author":"Coordena\u00e7\u00e3o","twitter_card":"summary_large_image","twitter_creator":"@EstratConcursos","twitter_site":"@EstratConcursos","twitter_misc":{"Escrito por":"Coordena\u00e7\u00e3o","Est. tempo de leitura":"13 minutos"},"schema":{"@context":"https:\/\/schema.org","@graph":[{"@type":"NewsArticle","@id":"https:\/\/www.estrategiaconcursos.com.br\/blog\/concurso-seplan-pi\/#article","isPartOf":{"@id":"https:\/\/www.estrategiaconcursos.com.br\/blog\/concurso-seplan-pi\/"},"author":{"name":"Coordena\u00e7\u00e3o","@id":"https:\/\/www.estrategiaconcursos.com.br\/blog\/#\/schema\/person\/b4a388c97673c5f483d72185668afa1f"},"headline":"Concurso Seplan PI ter\u00e1 edital no 1\u00ba semestre!","datePublished":"2026-03-09T11:51:00+00:00","dateModified":"2026-03-09T18:00:07+00:00","mainEntityOfPage":{"@id":"https:\/\/www.estrategiaconcursos.com.br\/blog\/concurso-seplan-pi\/"},"wordCount":2593,"commentCount":0,"publisher":{"@id":"https:\/\/www.estrategiaconcursos.com.br\/blog\/#organization"},"image":{"@id":"https:\/\/www.estrategiaconcursos.com.br\/blog\/concurso-seplan-pi\/#primaryimage"},"thumbnailUrl":"https:\/\/dhg1h5j42swfq.cloudfront.net\/2024\/01\/08170047\/seplan-pi.jpg","articleSection":["Executivo (Administrativa)"],"inLanguage":"pt-BR","potentialAction":[{"@type":"CommentAction","name":"Comment","target":["https:\/\/www.estrategiaconcursos.com.br\/blog\/concurso-seplan-pi\/#respond"]}],"copyrightYear":"2026","copyrightHolder":{"@id":"https:\/\/www.estrategiaconcursos.com.br\/blog\/#organization"}},{"@type":"WebPage","@id":"https:\/\/www.estrategiaconcursos.com.br\/blog\/concurso-seplan-pi\/","url":"https:\/\/www.estrategiaconcursos.com.br\/blog\/concurso-seplan-pi\/","name":"Concurso Seplan PI ter\u00e1 edital no 1\u00ba semestre!","isPartOf":{"@id":"https:\/\/www.estrategiaconcursos.com.br\/blog\/#website"},"primaryImageOfPage":{"@id":"https:\/\/www.estrategiaconcursos.com.br\/blog\/concurso-seplan-pi\/#primaryimage"},"image":{"@id":"https:\/\/www.estrategiaconcursos.com.br\/blog\/concurso-seplan-pi\/#primaryimage"},"thumbnailUrl":"https:\/\/dhg1h5j42swfq.cloudfront.net\/2024\/01\/08170047\/seplan-pi.jpg","datePublished":"2026-03-09T11:51:00+00:00","dateModified":"2026-03-09T18:00:07+00:00","description":"Concurso SEPLAN PI: novo edital at\u00e9 ABRIL para Especialista em Economia Regional. \u00daltimo concurso segue vigente!","breadcrumb":{"@id":"https:\/\/www.estrategiaconcursos.com.br\/blog\/concurso-seplan-pi\/#breadcrumb"},"inLanguage":"pt-BR","potentialAction":[{"@type":"ReadAction","target":["https:\/\/www.estrategiaconcursos.com.br\/blog\/concurso-seplan-pi\/"]}]},{"@type":"ImageObject","inLanguage":"pt-BR","@id":"https:\/\/www.estrategiaconcursos.com.br\/blog\/concurso-seplan-pi\/#primaryimage","url":"https:\/\/dhg1h5j42swfq.cloudfront.net\/2024\/01\/08170047\/seplan-pi.jpg","contentUrl":"https:\/\/dhg1h5j42swfq.cloudfront.net\/2024\/01\/08170047\/seplan-pi.jpg","width":768,"height":432},{"@type":"BreadcrumbList","@id":"https:\/\/www.estrategiaconcursos.com.br\/blog\/concurso-seplan-pi\/#breadcrumb","itemListElement":[{"@type":"ListItem","position":1,"name":"In\u00edcio","item":"https:\/\/www.estrategiaconcursos.com.br\/blog\/"},{"@type":"ListItem","position":2,"name":"Concurso Seplan PI ter\u00e1 edital no 1\u00ba semestre!"}]},{"@type":"WebSite","@id":"https:\/\/www.estrategiaconcursos.com.br\/blog\/#website","url":"https:\/\/www.estrategiaconcursos.com.br\/blog\/","name":"Estrat\u00e9gia Concursos","description":"O blog da Estrat\u00e9gia Concursos traz not\u00edcias sobre concursos e artigos de professores oferecendo cursos para concursos (pdf + videaulas) no site.","publisher":{"@id":"https:\/\/www.estrategiaconcursos.com.br\/blog\/#organization"},"potentialAction":[{"@type":"SearchAction","target":{"@type":"EntryPoint","urlTemplate":"https:\/\/www.estrategiaconcursos.com.br\/blog\/?s={search_term_string}"},"query-input":{"@type":"PropertyValueSpecification","valueRequired":true,"valueName":"search_term_string"}}],"inLanguage":"pt-BR"},{"@type":"Organization","@id":"https:\/\/www.estrategiaconcursos.com.br\/blog\/#organization","name":"Estrat\u00e9gia Concursos","url":"https:\/\/www.estrategiaconcursos.com.br\/blog\/","logo":{"@type":"ImageObject","inLanguage":"pt-BR","@id":"https:\/\/www.estrategiaconcursos.com.br\/blog\/#\/schema\/logo\/image\/","url":"https:\/\/dhg1h5j42swfq.cloudfront.net\/2025\/06\/03203428\/logo_concursos-1.jpg","contentUrl":"https:\/\/dhg1h5j42swfq.cloudfront.net\/2025\/06\/03203428\/logo_concursos-1.jpg","width":230,"height":60,"caption":"Estrat\u00e9gia Concursos"},"image":{"@id":"https:\/\/www.estrategiaconcursos.com.br\/blog\/#\/schema\/logo\/image\/"},"sameAs":["https:\/\/x.com\/EstratConcursos"]},{"@type":"Person","@id":"https:\/\/www.estrategiaconcursos.com.br\/blog\/#\/schema\/person\/b4a388c97673c5f483d72185668afa1f","name":"Coordena\u00e7\u00e3o","image":{"@type":"ImageObject","inLanguage":"pt-BR","@id":"https:\/\/secure.gravatar.com\/avatar\/b720319e4c9a967eb58678d110f4fe35452fc5d5f97b202bac7b8acceb18c6ad?s=96&d=mm&r=g","url":"https:\/\/secure.gravatar.com\/avatar\/b720319e4c9a967eb58678d110f4fe35452fc5d5f97b202bac7b8acceb18c6ad?s=96&d=mm&r=g","contentUrl":"https:\/\/secure.gravatar.com\/avatar\/b720319e4c9a967eb58678d110f4fe35452fc5d5f97b202bac7b8acceb18c6ad?s=96&d=mm&r=g","caption":"Coordena\u00e7\u00e3o"},"sameAs":["https:\/\/www.facebook.com\/EstrategiaConcursos","https:\/\/x.com\/EstratConcursos"],"url":"https:\/\/www.estrategiaconcursos.com.br\/blog\/author\/estrategia2013\/"}]}},"_links":{"self":[{"href":"https:\/\/www.estrategiaconcursos.com.br\/blog\/wp-json\/wp\/v2\/posts\/1330910","targetHints":{"allow":["GET"]}}],"collection":[{"href":"https:\/\/www.estrategiaconcursos.com.br\/blog\/wp-json\/wp\/v2\/posts"}],"about":[{"href":"https:\/\/www.estrategiaconcursos.com.br\/blog\/wp-json\/wp\/v2\/types\/post"}],"author":[{"embeddable":true,"href":"https:\/\/www.estrategiaconcursos.com.br\/blog\/wp-json\/wp\/v2\/users\/1"}],"replies":[{"embeddable":true,"href":"https:\/\/www.estrategiaconcursos.com.br\/blog\/wp-json\/wp\/v2\/comments?post=1330910"}],"version-history":[{"count":55,"href":"https:\/\/www.estrategiaconcursos.com.br\/blog\/wp-json\/wp\/v2\/posts\/1330910\/revisions"}],"predecessor-version":[{"id":1728254,"href":"https:\/\/www.estrategiaconcursos.com.br\/blog\/wp-json\/wp\/v2\/posts\/1330910\/revisions\/1728254"}],"wp:featuredmedia":[{"embeddable":true,"href":"https:\/\/www.estrategiaconcursos.com.br\/blog\/wp-json\/wp\/v2\/media\/1331948"}],"wp:attachment":[{"href":"https:\/\/www.estrategiaconcursos.com.br\/blog\/wp-json\/wp\/v2\/media?parent=1330910"}],"wp:term":[{"taxonomy":"category","embeddable":true,"href":"https:\/\/www.estrategiaconcursos.com.br\/blog\/wp-json\/wp\/v2\/categories?post=1330910"},{"taxonomy":"post_tag","embeddable":true,"href":"https:\/\/www.estrategiaconcursos.com.br\/blog\/wp-json\/wp\/v2\/tags?post=1330910"},{"taxonomy":"tax_estado","embeddable":true,"href":"https:\/\/www.estrategiaconcursos.com.br\/blog\/wp-json\/wp\/v2\/tax_estado?post=1330910"}],"curies":[{"name":"wp","href":"https:\/\/api.w.org\/{rel}","templated":true}]}}