{"id":1330399,"date":"2024-03-11T15:42:00","date_gmt":"2024-03-11T18:42:00","guid":{"rendered":"https:\/\/www.estrategiaconcursos.com.br\/blog\/?p=1330399"},"modified":"2024-03-11T19:33:44","modified_gmt":"2024-03-11T22:33:44","slug":"concurso-prefeitura-curuca","status":"publish","type":"post","link":"https:\/\/www.estrategiaconcursos.com.br\/blog\/concurso-prefeitura-curuca\/","title":{"rendered":"Concurso Prefeitura de Curu\u00e7\u00e1: confira o gabarito da sua prova"},"content":{"rendered":"\n<p>Com provas aplicadas no dia 10 de mar\u00e7o, os candidatos do <strong>concurso da Prefeitura de <a href=\"https:\/\/www.estrategiaconcursos.com.br\/cursosPorConcurso\/prefeitura-municipal-de-curuca-pa\/\" target=\"_blank\" rel=\"noreferrer noopener\">Curu\u00e7\u00e1<\/a><\/strong>, no Par\u00e1, j\u00e1 podem conferir os gabaritos preliminares da etapa:<\/p>\n\n\n\n<ul class=\"wp-block-list\">\n<li><strong><a href=\"https:\/\/dhg1h5j42swfq.cloudfront.net\/2024\/03\/11153238\/x1mo5tigtq7iixonmthqr2zijpyx7pud9qu8s5b7.pdf\" target=\"_blank\" rel=\"noreferrer noopener nofollow\">Gabaritos preliminares<\/a><\/strong><\/li>\n<\/ul>\n\n\n\n<p>Agora, aqueles que n\u00e3o concordarem com alguma resposta poder\u00e3o interpor recurso entre os dias 11 e 13 de mar\u00e7o, diretamente no site da banca organizadora, o <strong>Instituto Vicente Nelson<\/strong>.<\/p>\n\n\n\n<p>No total, foram registrados<strong> 8.234 candidatos <a href=\"https:\/\/dhg1h5j42swfq.cloudfront.net\/2024\/03\/11153236\/4io1klwwajdmiya75afd4ob7cjqzku6dy9tz4rdv.pdf\" target=\"_blank\" rel=\"noreferrer noopener nofollow\">inscritos<\/a><\/strong> que concorrem a <strong>108 vagas <\/strong>mais cadastro de reserva<strong> <\/strong>para diversos cargos com exig\u00eancia nos n\u00edveis m\u00e9dio, t\u00e9cnico e superior de forma\u00e7\u00e3o.<\/p>\n\n\n\n<p>Os candidatos aprovados receber\u00e3o sal\u00e1rios iniciais que podem variar de <strong>R$ 1.461,92 a R$ 4.207,12<\/strong>. Al\u00e9m disso, ter\u00e3o que cumprir jornadas de 24 a 40 horas semanais. <\/p>\n\n\n\n<ul class=\"has-very-light-gray-to-cyan-bluish-gray-gradient-background has-background wp-block-list\">\n<li><strong>Prefeitura Municipal de Curu\u00e7\u00e1<\/strong> &#8211; <strong>Par\u00e1<\/strong><\/li>\n\n\n\n<li><strong>Status:<\/strong> provas aplicadas e gabaritos divulgados<\/li>\n\n\n\n<li><strong>Banca:<\/strong> <a href=\"https:\/\/institutovicentenelson.com.br\/informacoes\/89\/\" target=\"_blank\" rel=\"noreferrer noopener\">Instituto Vicente Nelson<\/a><\/li>\n\n\n\n<li><strong>Vagas:<\/strong> 108<\/li>\n\n\n\n<li><strong>Sal\u00e1rio inicial:<\/strong> R$ 1.461,92 a R$ 4.207,12<\/li>\n\n\n\n<li><strong>Edital:<\/strong> <a href=\"https:\/\/dhg1h5j42swfq.cloudfront.net\/2024\/01\/05105829\/nqq3qvjnwihwhbjtwdcsmjnfoq9xalkdtbjw80wf.pdf\" target=\"_blank\" rel=\"noreferrer noopener nofollow\">Prefeitura de Curu\u00e7\u00e1 PA 2024<\/a><\/li>\n<\/ul>\n\n\n\n<p>A fim de te deixar sempre bem informado, elaboramos este artigo com as principais informa\u00e7\u00f5es e novidades sobre o concurso <strong>Prefeitura de Curu\u00e7\u00e1<\/strong>. Acompanhe os t\u00f3picos abaixo e n\u00e3o perca nenhum detalhe:<\/p>\n\n\n\n<ul class=\"wp-block-list\" id=\"indice\">\n<li><a href=\"#cargos-vagas\">Cargos e vagas<\/a><\/li>\n\n\n\n<li><a href=\"#etapas\">Etapas de provas<\/a>\n<ul class=\"wp-block-list\">\n<li><a href=\"#prova\">Prova objetiva<\/a><\/li>\n<\/ul>\n<\/li>\n\n\n\n<li><a href=\"#cursos\">Cursos e assinaturas<\/a><\/li>\n\n\n\n<li><a href=\"#ficha\">Ficha t\u00e9cnica<\/a><\/li>\n<\/ul>\n\n\n\n<div class=\"container\" id=\"boxes\">\n  <div class=\"row\">\n\n    <div class=\"col-sm\">\n      <div class=\"banner-estrategia\" id=\"box-assinatura\">\n        <h3 class=\"titulo-assinatura\">Cursos para Curu\u00e7a<\/h3>\n        <p class=\"subtitulo-assinatura\">Conhe\u00e7a os cursos<\/p>\n        <div class=\"box-botao\">\n          <a class=\"btn-assinatura\" target=\"_blank\" href=\"https:\/\/www.estrategiaconcursos.com.br\/cursosPorConcurso\/prefeitura-municipal-de-curuca-pa\/\" role=\"button\" rel=\"noopener noreferrer\">Conhe\u00e7a mais<\/a>\n        <\/div>\n      <\/div>\n     \n    <\/div>\n\n  <\/div>\n<\/div>\n\n\n\n<h2 class=\"wp-block-heading\" id=\"cargos-vagas\">Concurso Prefeitura de Curu\u00e7\u00e1: cargos e vagas <\/h2>\n\n\n\n<p>Confira abaixo a distribui\u00e7\u00e3o dos cargos e vagas do concurso p\u00fablico da Prefeitura de Curu\u00e7\u00e1:<\/p>\n\n\n\n<figure class=\"wp-block-table is-style-stripes\"><table><thead><tr><th class=\"has-text-align-center\" data-align=\"center\">CARGOS <\/th><th class=\"has-text-align-center\" data-align=\"center\">VAGAS <\/th><\/tr><\/thead><tbody><tr><td class=\"has-text-align-center\" data-align=\"center\">Agente Municipal de Tr\u00e2nsito<\/td><td class=\"has-text-align-center\" data-align=\"center\">10 vagas + CR<\/td><\/tr><tr><td class=\"has-text-align-center\" data-align=\"center\">Educador F\u00edsico<\/td><td class=\"has-text-align-center\" data-align=\"center\">1 vaga<\/td><\/tr><tr><td class=\"has-text-align-center\" data-align=\"center\">Enfermeiro<\/td><td class=\"has-text-align-center\" data-align=\"center\">5 vagas <\/td><\/tr><tr><td class=\"has-text-align-center\" data-align=\"center\">Farmac\u00eautico\/Bioqu\u00edmico<\/td><td class=\"has-text-align-center\" data-align=\"center\">1 vaga<\/td><\/tr><tr><td class=\"has-text-align-center\" data-align=\"center\">Fisioterapeuta<\/td><td class=\"has-text-align-center\" data-align=\"center\">1 vaga + CR<\/td><\/tr><tr><td class=\"has-text-align-center\" data-align=\"center\">M\u00e9dico Veterin\u00e1rio<\/td><td class=\"has-text-align-center\" data-align=\"center\">1 vaga<\/td><\/tr><tr><td class=\"has-text-align-center\" data-align=\"center\">Nutricionista<\/td><td class=\"has-text-align-center\" data-align=\"center\">1 vaga<\/td><\/tr><tr><td class=\"has-text-align-center\" data-align=\"center\">Psic\u00f3logo<\/td><td class=\"has-text-align-center\" data-align=\"center\">2 vagas <\/td><\/tr><tr><td class=\"has-text-align-center\" data-align=\"center\">Terapeuta Ocupacional<\/td><td class=\"has-text-align-center\" data-align=\"center\">1 vaga<\/td><\/tr><tr><td class=\"has-text-align-center\" data-align=\"center\">Professor de Artes<\/td><td class=\"has-text-align-center\" data-align=\"center\">2 vagas <\/td><\/tr><tr><td class=\"has-text-align-center\" data-align=\"center\">Professor de Ci\u00eancias F\u00edsicas e Biol\u00f3gicas<\/td><td class=\"has-text-align-center\" data-align=\"center\">1 vaga<\/td><\/tr><tr><td class=\"has-text-align-center\" data-align=\"center\">Guarda Municipal<\/td><td class=\"has-text-align-center\" data-align=\"center\">5 vagas + CR<\/td><\/tr><tr><td class=\"has-text-align-center\" data-align=\"center\">Professor de Educa\u00e7\u00e3o Especial<\/td><td class=\"has-text-align-center\" data-align=\"center\">10 vagas <\/td><\/tr><tr><td class=\"has-text-align-center\" data-align=\"center\">Professor de Educa\u00e7\u00e3o F\u00edsica<\/td><td class=\"has-text-align-center\" data-align=\"center\">5 vagas + CR<\/td><\/tr><tr><td class=\"has-text-align-center\" data-align=\"center\">Professor de Estudos Amaz\u00f4nicos<\/td><td class=\"has-text-align-center\" data-align=\"center\">1 vaga + CR<\/td><\/tr><\/tbody><\/table><figcaption class=\"wp-element-caption\">Cargos e quantidade de vagas ofertadas em edital<\/figcaption><\/figure>\n\n\n\n<figure class=\"wp-block-table is-style-stripes\"><table><thead><tr><th class=\"has-text-align-center\" data-align=\"center\">VAGA<\/th><th class=\"has-text-align-center\" data-align=\"center\">QTDE.<\/th><\/tr><\/thead><tbody><tr><td class=\"has-text-align-center\" data-align=\"center\">Professor de Geografia<\/td><td class=\"has-text-align-center\" data-align=\"center\">2 vagas <\/td><\/tr><tr><td class=\"has-text-align-center\" data-align=\"center\">Professor de Hist\u00f3ria<\/td><td class=\"has-text-align-center\" data-align=\"center\">2 vagas <\/td><\/tr><tr><td class=\"has-text-align-center\" data-align=\"center\">Professor de Inform\u00e1tica<\/td><td class=\"has-text-align-center\" data-align=\"center\">1 vaga<\/td><\/tr><tr><td class=\"has-text-align-center\" data-align=\"center\">Professor de L\u00edngua Inglesa<\/td><td class=\"has-text-align-center\" data-align=\"center\">2 vagas + CR<\/td><\/tr><tr><td class=\"has-text-align-center\" data-align=\"center\">Professor de L\u00edngua Portuguesa<\/td><td class=\"has-text-align-center\" data-align=\"center\">5 vagas + CR<\/td><\/tr><tr><td class=\"has-text-align-center\" data-align=\"center\">Professor de Matem\u00e1tica<\/td><td class=\"has-text-align-center\" data-align=\"center\">4 vagas + CR<\/td><\/tr><tr><td class=\"has-text-align-center\" data-align=\"center\">Professor de Religi\u00e3o<\/td><td class=\"has-text-align-center\" data-align=\"center\">1 vaga + CR<\/td><\/tr><tr><td class=\"has-text-align-center\" data-align=\"center\">Operador de Sistema<\/td><td class=\"has-text-align-center\" data-align=\"center\">2 vagas + CR<\/td><\/tr><tr><td class=\"has-text-align-center\" data-align=\"center\">Professor de S\u00e9ries Iniciais<\/td><td class=\"has-text-align-center\" data-align=\"center\">25 vagas + CR<\/td><\/tr><tr><td class=\"has-text-align-center\" data-align=\"center\">T\u00e9cnico de Enfermagem<\/td><td class=\"has-text-align-center\" data-align=\"center\">10 vagas + CR<\/td><\/tr><tr><td class=\"has-text-align-center\" data-align=\"center\">T\u00e9cnico de Laborat\u00f3rio M\u00e9dico<\/td><td class=\"has-text-align-center\" data-align=\"center\">1 vaga + CR<\/td><\/tr><tr><td class=\"has-text-align-center\" data-align=\"center\">T\u00e9cnico em Higiene Bucal<\/td><td class=\"has-text-align-center\" data-align=\"center\">2 vagas + CR<\/td><\/tr><tr><td class=\"has-text-align-center\" data-align=\"center\">T\u00e9cnico em Radiologia<\/td><td class=\"has-text-align-center\" data-align=\"center\">1 vaga + CR<\/td><\/tr><tr><td class=\"has-text-align-center\" data-align=\"center\">T\u00e9cnico em Seguran\u00e7a do Trabalho <\/td><td class=\"has-text-align-center\" data-align=\"center\">1 vaga <\/td><\/tr><tr><td class=\"has-text-align-center\" data-align=\"center\">Assistente Social<\/td><td class=\"has-text-align-center\" data-align=\"center\">2 vagas <\/td><\/tr><\/tbody><\/table><figcaption class=\"wp-element-caption\">Cargos e quantidade de vagas ofertadas no edital<\/figcaption><\/figure>\n\n\n\n<h2 class=\"wp-block-heading\" id=\"etapas\">Concurso Prefeitura de Curu\u00e7\u00e1: etapas de provas<\/h2>\n\n\n\n<p>O concurso Prefeitura de Curu\u00e7\u00e1 \u00e9 constitu\u00eddo de algumas importantes etapas de provas, sendo elas: <strong>avalia\u00e7\u00e3o objetiva, prova de t\u00edtulos e o teste de Aptid\u00e3o F\u00edsica <\/strong>(somente para Agente de Tr\u00e2nsito e Guarda Municipal).<\/p>\n\n\n\n<h3 class=\"wp-block-heading\" id=\"prova\">Prova objetiva<\/h3>\n\n\n\n<p>A prova objetiva para todos os cargos vale 70 pontos no total, sendo que foi constitu\u00edda por <strong>40 quest\u00f5es<\/strong> de m\u00faltipla escolha, cada uma contendo 5 op\u00e7\u00f5es de resposta, das quais apenas 1 era correta:<\/p>\n\n\n\n<figure class=\"wp-block-image aligncenter size-full\"><img loading=\"lazy\" decoding=\"async\" width=\"650\" height=\"255\" src=\"https:\/\/dhg1h5j42swfq.cloudfront.net\/2024\/01\/05110723\/image-105.png\" alt=\"Quadro de detalhes da Prova Objetiva para todos os cargos ofertados\" class=\"wp-image-1330433\" srcset=\"https:\/\/dhg1h5j42swfq.cloudfront.net\/2024\/01\/05110723\/image-105.png 650w, https:\/\/dhg1h5j42swfq.cloudfront.net\/2024\/01\/05110723\/image-105-300x118.png 300w, https:\/\/dhg1h5j42swfq.cloudfront.net\/2024\/01\/05110723\/image-105-610x239.png 610w, https:\/\/dhg1h5j42swfq.cloudfront.net\/2024\/01\/05110723\/image-105-150x59.png 150w\" sizes=\"auto, (max-width: 650px) 100vw, 650px\" \/><\/figure>\n\n\n\n<p>Ser\u00e1 considerado habilitado o candidato que, cumulativamente, atender as seguintes exig\u00eancias:<\/p>\n\n\n\n<ul class=\"wp-block-list\">\n<li>Obtiver o m\u00ednimo de 60% de acertos na prova objetiva, ou seja, alcan\u00e7ar, no m\u00ednimo, 24 acertos e;<\/li>\n\n\n\n<li>N\u00e3o obtiver 0 em nenhum conte\u00fado (disciplina) da prova objetiva;<\/li>\n\n\n\n<li>Tiver sido classificados at\u00e9 a posi\u00e7\u00e3o correspondente, dentro do n\u00famero de vagas Ampla Concorr\u00eancia (ou PCD, quando for o caso) e Cadastro de Reserva constantes deste edital (conforme Quadro de Vagas do item 2 Cap\u00edtulo II), considerado ELIMINADOS os demais.<\/li>\n<\/ul>\n\n\n\n<hr class=\"wp-block-separator has-css-opacity\"\/>\n\n\n\n<h2 class=\"wp-block-heading has-text-align-center\" id=\"cursos\"><em>Quer estudar para o Concurso Prefeitura de Curu\u00e7\u00e1?<\/em><\/h2>\n\n\n\n<div class=\"container\" id=\"boxes\">\n  <div class=\"row\">\n\n    <div class=\"col-sm\">\n      <div class=\"banner-estrategia\" id=\"box-assinatura\">\n        <h3 class=\"titulo-assinatura\">Cursos para Curu\u00e7a<\/h3>\n        <p class=\"subtitulo-assinatura\">Conhe\u00e7a os cursos<\/p>\n        <div class=\"box-botao\">\n          <a class=\"btn-assinatura\" target=\"_blank\" href=\"https:\/\/www.estrategiaconcursos.com.br\/cursosPorConcurso\/prefeitura-municipal-de-curuca-pa\/\" role=\"button\" rel=\"noopener noreferrer\">Conhe\u00e7a mais<\/a>\n        <\/div>\n      <\/div>\n     \n    <\/div>\n\n  <\/div>\n<\/div>\n\n\n\n<div class=\"container\" id=\"boxes\">\n  <div class=\"row\">\n\n    <div class=\"col-sm\">\n      <div class=\"estrategia\" id=\"box-assinatura\">\n        <h3 class=\"titulo-assinatura\">Assinatura Concursos<\/h3>\n        <p class=\"subtitulo-assinatura\">Assinatura de 1 ano ou 2 anos<\/p>\n        <div class=\"box-botao\">\n          <a class=\"btn-assinatura\" target=\"_blank\" href=\"https:\/\/www.estrategiaconcursos.com.br\/assinaturas\/\" role=\"button\" rel=\"noopener noreferrer\">ASSINE AGORA<\/a>\n        <\/div>\n      <\/div><\/div><\/div><\/div>\n\n\n\n<h2 class=\"wp-block-heading has-text-align-center\" id=\"h-quer-saber-tudo-sobre-concursos-previstos-confira-nossos-artigos\">Quer saber tudo sobre concursos previstos?<br \/>Confira  nossos artigos!<\/h2>\n\n\n\n<ul class=\"wp-block-list\">\n<li><a href=\"https:\/\/www.estrategiaconcursos.com.br\/blog\/concursos-abertos\/\" target=\"_blank\" rel=\"noreferrer noopener\">Concursos abertos<\/a><\/li>\n\n\n\n<li><a href=\"https:\/\/www.estrategiaconcursos.com.br\/blog\/concursos-prefeituras\/\">Concursos prefeituras<\/a><\/li>\n\n\n\n<li><a href=\"https:\/\/www.estrategiaconcursos.com.br\/blog\/concursos-2024\/\" target=\"_blank\" rel=\"noreferrer noopener\">Concursos 2024<\/a><\/li>\n<\/ul>\n\n\n\n<figure class=\"wp-block-image size-large is-resized\"><img loading=\"lazy\" decoding=\"async\" width=\"1024\" height=\"632\" src=\"https:\/\/dhg1h5j42swfq.cloudfront.net\/2025\/06\/27101122\/ficha-tecnica-1-1024x632.png\" alt=\"Informa\u00e7\u00f5es do Concurso Prefeitura de Curu\u00e7\u00e1\" class=\"wp-image-702728\" style=\"aspect-ratio:1.620253164556962;width:282px;height:auto\" srcset=\"https:\/\/dhg1h5j42swfq.cloudfront.net\/2025\/06\/27101122\/ficha-tecnica-1-1024x632.png 1024w, https:\/\/dhg1h5j42swfq.cloudfront.net\/2025\/06\/27101122\/ficha-tecnica-1-300x185.png 300w, https:\/\/dhg1h5j42swfq.cloudfront.net\/2025\/06\/27101122\/ficha-tecnica-1-768x474.png 768w, https:\/\/dhg1h5j42swfq.cloudfront.net\/2025\/06\/27101122\/ficha-tecnica-1-1536x948.png 1536w, https:\/\/dhg1h5j42swfq.cloudfront.net\/2025\/06\/27101122\/ficha-tecnica-1-610x377.png 610w, https:\/\/dhg1h5j42swfq.cloudfront.net\/2025\/06\/27101122\/ficha-tecnica-1.png 1571w\" sizes=\"auto, (max-width: 1024px) 100vw, 1024px\" \/><\/figure>\n\n\n\n<h3 class=\"wp-block-heading\" id=\"ficha\">Informa\u00e7\u00f5es do Concurso Prefeitura de Curu\u00e7\u00e1<\/h3>\n\n\n\n<ul class=\"wp-block-list\">\n<li><strong>Provas<\/strong>:<s> 10\/03\/2024<\/s><\/li>\n\n\n\n<li><strong>Vagas<\/strong>: 108 + CR<\/li>\n\n\n\n<li><strong>Cargos<\/strong>: diversos<\/li>\n\n\n\n<li><strong>Banca<\/strong>: Instituto Vicente Nelson<\/li>\n\n\n\n<li><strong>Escolaridade<\/strong>: n\u00edvel m\u00e9dio, t\u00e9cnico e superior<\/li>\n\n\n\n<li><strong>Edital:<\/strong> <a href=\"https:\/\/dhg1h5j42swfq.cloudfront.net\/2024\/01\/05105829\/nqq3qvjnwihwhbjtwdcsmjnfoq9xalkdtbjw80wf.pdf\" target=\"_blank\" rel=\"noreferrer noopener nofollow\">Prefeitura de Curu\u00e7\u00e1 PA 2024<\/a> | <a href=\"https:\/\/dhg1h5j42swfq.cloudfront.net\/2024\/02\/16094052\/0w6epwlg2honvybqve3hcbuyxq8akp5rr7ppdk5r.pdf\" target=\"_blank\" rel=\"noreferrer noopener nofollow\">Errata<\/a><\/li>\n<\/ul>\n","protected":false},"excerpt":{"rendered":"<p>Com provas aplicadas no dia 10 de mar\u00e7o, os candidatos do concurso da Prefeitura de Curu\u00e7\u00e1, no Par\u00e1, j\u00e1 podem conferir os gabaritos preliminares da etapa: Agora, aqueles que n\u00e3o concordarem com alguma resposta poder\u00e3o interpor recurso entre os dias 11 e 13 de mar\u00e7o, diretamente no site da banca organizadora, o Instituto Vicente Nelson. [&hellip;]<\/p>\n","protected":false},"author":1788,"featured_media":1337577,"comment_status":"open","ping_status":"closed","sticky":false,"template":"","format":"standard","meta":{"post_tipo":"news_page","footnotes":""},"categories":[214992],"tags":[],"tax_estado":[219977],"class_list":["post-1330399","post","type-post","status-publish","format-standard","has-post-thumbnail","hentry","category-concursos-administrativos","tax_estado-pa"],"acf":[],"yoast_head":"<!-- This site is optimized with the Yoast SEO Premium plugin v27.2 (Yoast SEO v27.2) - https:\/\/yoast.com\/product\/yoast-seo-premium-wordpress\/ -->\n<title>Concurso Prefeitura de Curu\u00e7\u00e1: confira o gabarito da sua prova<\/title>\n<meta name=\"description\" content=\"Concurso Prefeitura de Curu\u00e7\u00e1: edital oferta 108 vagas mais cadastro de reserva em diversos cargos. Provas aplicados e gabaritos dispon\u00edveis!\" \/>\n<meta name=\"robots\" content=\"index, follow, max-snippet:-1, max-image-preview:large, max-video-preview:-1\" \/>\n<link rel=\"canonical\" href=\"https:\/\/www.estrategiaconcursos.com.br\/blog\/concurso-prefeitura-curuca\/\" \/>\n<meta property=\"og:locale\" content=\"pt_BR\" \/>\n<meta property=\"og:type\" content=\"article\" \/>\n<meta property=\"og:title\" content=\"Concurso Prefeitura de Curu\u00e7\u00e1: confira o gabarito da sua prova\" \/>\n<meta property=\"og:description\" content=\"Concurso Prefeitura de Curu\u00e7\u00e1: edital oferta 108 vagas mais cadastro de reserva em diversos cargos. Provas aplicados e gabaritos dispon\u00edveis!\" \/>\n<meta property=\"og:url\" content=\"https:\/\/www.estrategiaconcursos.com.br\/blog\/concurso-prefeitura-curuca\/\" \/>\n<meta property=\"og:site_name\" content=\"Estrat\u00e9gia Concursos\" \/>\n<meta property=\"article:published_time\" content=\"2024-03-11T18:42:00+00:00\" \/>\n<meta property=\"article:modified_time\" content=\"2024-03-11T22:33:44+00:00\" \/>\n<meta property=\"og:image\" content=\"https:\/\/dhg1h5j42swfq.cloudfront.net\/2024\/01\/17140550\/prefeitura-de-curuca-pa.jpg\" \/>\n\t<meta property=\"og:image:width\" content=\"768\" \/>\n\t<meta property=\"og:image:height\" content=\"432\" \/>\n\t<meta property=\"og:image:type\" content=\"image\/jpeg\" \/>\n<meta name=\"author\" content=\"Coordena\u00e7\u00e3o\" \/>\n<meta name=\"twitter:card\" content=\"summary_large_image\" \/>\n<meta name=\"twitter:creator\" content=\"@EstratConcursos\" \/>\n<meta name=\"twitter:site\" content=\"@EstratConcursos\" \/>\n<meta name=\"twitter:label1\" content=\"Escrito por\" \/>\n\t<meta name=\"twitter:data1\" content=\"Coordena\u00e7\u00e3o\" \/>\n\t<meta name=\"twitter:label2\" content=\"Est. tempo de leitura\" \/>\n\t<meta name=\"twitter:data2\" content=\"3 minutos\" \/>\n<script type=\"application\/ld+json\" class=\"yoast-schema-graph\">{\"@context\":\"https:\/\/schema.org\",\"@graph\":[{\"@type\":\"NewsArticle\",\"@id\":\"https:\/\/www.estrategiaconcursos.com.br\/blog\/concurso-prefeitura-curuca\/#article\",\"isPartOf\":{\"@id\":\"https:\/\/www.estrategiaconcursos.com.br\/blog\/concurso-prefeitura-curuca\/\"},\"author\":{\"name\":\"Coordena\u00e7\u00e3o\",\"@id\":\"https:\/\/www.estrategiaconcursos.com.br\/blog\/#\/schema\/person\/045703eed12dcfcc3fc58d658357c347\"},\"headline\":\"Concurso Prefeitura de Curu\u00e7\u00e1: confira o gabarito da sua prova\",\"datePublished\":\"2024-03-11T18:42:00+00:00\",\"dateModified\":\"2024-03-11T22:33:44+00:00\",\"mainEntityOfPage\":{\"@id\":\"https:\/\/www.estrategiaconcursos.com.br\/blog\/concurso-prefeitura-curuca\/\"},\"wordCount\":664,\"commentCount\":0,\"publisher\":{\"@id\":\"https:\/\/www.estrategiaconcursos.com.br\/blog\/#organization\"},\"image\":{\"@id\":\"https:\/\/www.estrategiaconcursos.com.br\/blog\/concurso-prefeitura-curuca\/#primaryimage\"},\"thumbnailUrl\":\"https:\/\/dhg1h5j42swfq.cloudfront.net\/2024\/01\/17140550\/prefeitura-de-curuca-pa.jpg\",\"articleSection\":[\"Executivo (Administrativa)\"],\"inLanguage\":\"pt-BR\",\"potentialAction\":[{\"@type\":\"CommentAction\",\"name\":\"Comment\",\"target\":[\"https:\/\/www.estrategiaconcursos.com.br\/blog\/concurso-prefeitura-curuca\/#respond\"]}],\"copyrightYear\":\"2024\",\"copyrightHolder\":{\"@id\":\"https:\/\/www.estrategiaconcursos.com.br\/blog\/#organization\"}},{\"@type\":\"WebPage\",\"@id\":\"https:\/\/www.estrategiaconcursos.com.br\/blog\/concurso-prefeitura-curuca\/\",\"url\":\"https:\/\/www.estrategiaconcursos.com.br\/blog\/concurso-prefeitura-curuca\/\",\"name\":\"Concurso Prefeitura de Curu\u00e7\u00e1: confira o gabarito da sua prova\",\"isPartOf\":{\"@id\":\"https:\/\/www.estrategiaconcursos.com.br\/blog\/#website\"},\"primaryImageOfPage\":{\"@id\":\"https:\/\/www.estrategiaconcursos.com.br\/blog\/concurso-prefeitura-curuca\/#primaryimage\"},\"image\":{\"@id\":\"https:\/\/www.estrategiaconcursos.com.br\/blog\/concurso-prefeitura-curuca\/#primaryimage\"},\"thumbnailUrl\":\"https:\/\/dhg1h5j42swfq.cloudfront.net\/2024\/01\/17140550\/prefeitura-de-curuca-pa.jpg\",\"datePublished\":\"2024-03-11T18:42:00+00:00\",\"dateModified\":\"2024-03-11T22:33:44+00:00\",\"description\":\"Concurso Prefeitura de Curu\u00e7\u00e1: edital oferta 108 vagas mais cadastro de reserva em diversos cargos. Provas aplicados e gabaritos dispon\u00edveis!\",\"breadcrumb\":{\"@id\":\"https:\/\/www.estrategiaconcursos.com.br\/blog\/concurso-prefeitura-curuca\/#breadcrumb\"},\"inLanguage\":\"pt-BR\",\"potentialAction\":[{\"@type\":\"ReadAction\",\"target\":[\"https:\/\/www.estrategiaconcursos.com.br\/blog\/concurso-prefeitura-curuca\/\"]}]},{\"@type\":\"ImageObject\",\"inLanguage\":\"pt-BR\",\"@id\":\"https:\/\/www.estrategiaconcursos.com.br\/blog\/concurso-prefeitura-curuca\/#primaryimage\",\"url\":\"https:\/\/dhg1h5j42swfq.cloudfront.net\/2024\/01\/17140550\/prefeitura-de-curuca-pa.jpg\",\"contentUrl\":\"https:\/\/dhg1h5j42swfq.cloudfront.net\/2024\/01\/17140550\/prefeitura-de-curuca-pa.jpg\",\"width\":768,\"height\":432},{\"@type\":\"BreadcrumbList\",\"@id\":\"https:\/\/www.estrategiaconcursos.com.br\/blog\/concurso-prefeitura-curuca\/#breadcrumb\",\"itemListElement\":[{\"@type\":\"ListItem\",\"position\":1,\"name\":\"In\u00edcio\",\"item\":\"https:\/\/www.estrategiaconcursos.com.br\/blog\/\"},{\"@type\":\"ListItem\",\"position\":2,\"name\":\"Concurso Prefeitura de Curu\u00e7\u00e1: confira o gabarito da sua prova\"}]},{\"@type\":\"WebSite\",\"@id\":\"https:\/\/www.estrategiaconcursos.com.br\/blog\/#website\",\"url\":\"https:\/\/www.estrategiaconcursos.com.br\/blog\/\",\"name\":\"Estrat\u00e9gia Concursos\",\"description\":\"O blog da Estrat\u00e9gia Concursos traz not\u00edcias sobre concursos e artigos de professores oferecendo cursos para concursos (pdf + videaulas) no site.\",\"publisher\":{\"@id\":\"https:\/\/www.estrategiaconcursos.com.br\/blog\/#organization\"},\"potentialAction\":[{\"@type\":\"SearchAction\",\"target\":{\"@type\":\"EntryPoint\",\"urlTemplate\":\"https:\/\/www.estrategiaconcursos.com.br\/blog\/?s={search_term_string}\"},\"query-input\":{\"@type\":\"PropertyValueSpecification\",\"valueRequired\":true,\"valueName\":\"search_term_string\"}}],\"inLanguage\":\"pt-BR\"},{\"@type\":\"Organization\",\"@id\":\"https:\/\/www.estrategiaconcursos.com.br\/blog\/#organization\",\"name\":\"Estrat\u00e9gia Concursos\",\"url\":\"https:\/\/www.estrategiaconcursos.com.br\/blog\/\",\"logo\":{\"@type\":\"ImageObject\",\"inLanguage\":\"pt-BR\",\"@id\":\"https:\/\/www.estrategiaconcursos.com.br\/blog\/#\/schema\/logo\/image\/\",\"url\":\"https:\/\/dhg1h5j42swfq.cloudfront.net\/2025\/06\/03203428\/logo_concursos-1.jpg\",\"contentUrl\":\"https:\/\/dhg1h5j42swfq.cloudfront.net\/2025\/06\/03203428\/logo_concursos-1.jpg\",\"width\":230,\"height\":60,\"caption\":\"Estrat\u00e9gia Concursos\"},\"image\":{\"@id\":\"https:\/\/www.estrategiaconcursos.com.br\/blog\/#\/schema\/logo\/image\/\"},\"sameAs\":[\"https:\/\/x.com\/EstratConcursos\"]},{\"@type\":\"Person\",\"@id\":\"https:\/\/www.estrategiaconcursos.com.br\/blog\/#\/schema\/person\/045703eed12dcfcc3fc58d658357c347\",\"name\":\"Coordena\u00e7\u00e3o\",\"image\":{\"@type\":\"ImageObject\",\"inLanguage\":\"pt-BR\",\"@id\":\"https:\/\/secure.gravatar.com\/avatar\/f3095faeb99f4ee382a251aa279c830bd3f320ce3b5f2b4981bcc67f49efef63?s=96&d=mm&r=g\",\"url\":\"https:\/\/secure.gravatar.com\/avatar\/f3095faeb99f4ee382a251aa279c830bd3f320ce3b5f2b4981bcc67f49efef63?s=96&d=mm&r=g\",\"contentUrl\":\"https:\/\/secure.gravatar.com\/avatar\/f3095faeb99f4ee382a251aa279c830bd3f320ce3b5f2b4981bcc67f49efef63?s=96&d=mm&r=g\",\"caption\":\"Coordena\u00e7\u00e3o\"},\"url\":\"https:\/\/www.estrategiaconcursos.com.br\/blog\/author\/contatoestrategiaconcursos-com-br-2\/\"}]}<\/script>\n<!-- \/ Yoast SEO Premium plugin. -->","yoast_head_json":{"title":"Concurso Prefeitura de Curu\u00e7\u00e1: confira o gabarito da sua prova","description":"Concurso Prefeitura de Curu\u00e7\u00e1: edital oferta 108 vagas mais cadastro de reserva em diversos cargos. Provas aplicados e gabaritos dispon\u00edveis!","robots":{"index":"index","follow":"follow","max-snippet":"max-snippet:-1","max-image-preview":"max-image-preview:large","max-video-preview":"max-video-preview:-1"},"canonical":"https:\/\/www.estrategiaconcursos.com.br\/blog\/concurso-prefeitura-curuca\/","og_locale":"pt_BR","og_type":"article","og_title":"Concurso Prefeitura de Curu\u00e7\u00e1: confira o gabarito da sua prova","og_description":"Concurso Prefeitura de Curu\u00e7\u00e1: edital oferta 108 vagas mais cadastro de reserva em diversos cargos. Provas aplicados e gabaritos dispon\u00edveis!","og_url":"https:\/\/www.estrategiaconcursos.com.br\/blog\/concurso-prefeitura-curuca\/","og_site_name":"Estrat\u00e9gia Concursos","article_published_time":"2024-03-11T18:42:00+00:00","article_modified_time":"2024-03-11T22:33:44+00:00","og_image":[{"width":768,"height":432,"url":"https:\/\/dhg1h5j42swfq.cloudfront.net\/2024\/01\/17140550\/prefeitura-de-curuca-pa.jpg","type":"image\/jpeg"}],"author":"Coordena\u00e7\u00e3o","twitter_card":"summary_large_image","twitter_creator":"@EstratConcursos","twitter_site":"@EstratConcursos","twitter_misc":{"Escrito por":"Coordena\u00e7\u00e3o","Est. tempo de leitura":"3 minutos"},"schema":{"@context":"https:\/\/schema.org","@graph":[{"@type":"NewsArticle","@id":"https:\/\/www.estrategiaconcursos.com.br\/blog\/concurso-prefeitura-curuca\/#article","isPartOf":{"@id":"https:\/\/www.estrategiaconcursos.com.br\/blog\/concurso-prefeitura-curuca\/"},"author":{"name":"Coordena\u00e7\u00e3o","@id":"https:\/\/www.estrategiaconcursos.com.br\/blog\/#\/schema\/person\/045703eed12dcfcc3fc58d658357c347"},"headline":"Concurso Prefeitura de Curu\u00e7\u00e1: confira o gabarito da sua prova","datePublished":"2024-03-11T18:42:00+00:00","dateModified":"2024-03-11T22:33:44+00:00","mainEntityOfPage":{"@id":"https:\/\/www.estrategiaconcursos.com.br\/blog\/concurso-prefeitura-curuca\/"},"wordCount":664,"commentCount":0,"publisher":{"@id":"https:\/\/www.estrategiaconcursos.com.br\/blog\/#organization"},"image":{"@id":"https:\/\/www.estrategiaconcursos.com.br\/blog\/concurso-prefeitura-curuca\/#primaryimage"},"thumbnailUrl":"https:\/\/dhg1h5j42swfq.cloudfront.net\/2024\/01\/17140550\/prefeitura-de-curuca-pa.jpg","articleSection":["Executivo (Administrativa)"],"inLanguage":"pt-BR","potentialAction":[{"@type":"CommentAction","name":"Comment","target":["https:\/\/www.estrategiaconcursos.com.br\/blog\/concurso-prefeitura-curuca\/#respond"]}],"copyrightYear":"2024","copyrightHolder":{"@id":"https:\/\/www.estrategiaconcursos.com.br\/blog\/#organization"}},{"@type":"WebPage","@id":"https:\/\/www.estrategiaconcursos.com.br\/blog\/concurso-prefeitura-curuca\/","url":"https:\/\/www.estrategiaconcursos.com.br\/blog\/concurso-prefeitura-curuca\/","name":"Concurso Prefeitura de Curu\u00e7\u00e1: confira o gabarito da sua prova","isPartOf":{"@id":"https:\/\/www.estrategiaconcursos.com.br\/blog\/#website"},"primaryImageOfPage":{"@id":"https:\/\/www.estrategiaconcursos.com.br\/blog\/concurso-prefeitura-curuca\/#primaryimage"},"image":{"@id":"https:\/\/www.estrategiaconcursos.com.br\/blog\/concurso-prefeitura-curuca\/#primaryimage"},"thumbnailUrl":"https:\/\/dhg1h5j42swfq.cloudfront.net\/2024\/01\/17140550\/prefeitura-de-curuca-pa.jpg","datePublished":"2024-03-11T18:42:00+00:00","dateModified":"2024-03-11T22:33:44+00:00","description":"Concurso Prefeitura de Curu\u00e7\u00e1: edital oferta 108 vagas mais cadastro de reserva em diversos cargos. Provas aplicados e gabaritos dispon\u00edveis!","breadcrumb":{"@id":"https:\/\/www.estrategiaconcursos.com.br\/blog\/concurso-prefeitura-curuca\/#breadcrumb"},"inLanguage":"pt-BR","potentialAction":[{"@type":"ReadAction","target":["https:\/\/www.estrategiaconcursos.com.br\/blog\/concurso-prefeitura-curuca\/"]}]},{"@type":"ImageObject","inLanguage":"pt-BR","@id":"https:\/\/www.estrategiaconcursos.com.br\/blog\/concurso-prefeitura-curuca\/#primaryimage","url":"https:\/\/dhg1h5j42swfq.cloudfront.net\/2024\/01\/17140550\/prefeitura-de-curuca-pa.jpg","contentUrl":"https:\/\/dhg1h5j42swfq.cloudfront.net\/2024\/01\/17140550\/prefeitura-de-curuca-pa.jpg","width":768,"height":432},{"@type":"BreadcrumbList","@id":"https:\/\/www.estrategiaconcursos.com.br\/blog\/concurso-prefeitura-curuca\/#breadcrumb","itemListElement":[{"@type":"ListItem","position":1,"name":"In\u00edcio","item":"https:\/\/www.estrategiaconcursos.com.br\/blog\/"},{"@type":"ListItem","position":2,"name":"Concurso Prefeitura de Curu\u00e7\u00e1: confira o gabarito da sua prova"}]},{"@type":"WebSite","@id":"https:\/\/www.estrategiaconcursos.com.br\/blog\/#website","url":"https:\/\/www.estrategiaconcursos.com.br\/blog\/","name":"Estrat\u00e9gia Concursos","description":"O blog da Estrat\u00e9gia Concursos traz not\u00edcias sobre concursos e artigos de professores oferecendo cursos para concursos (pdf + videaulas) no site.","publisher":{"@id":"https:\/\/www.estrategiaconcursos.com.br\/blog\/#organization"},"potentialAction":[{"@type":"SearchAction","target":{"@type":"EntryPoint","urlTemplate":"https:\/\/www.estrategiaconcursos.com.br\/blog\/?s={search_term_string}"},"query-input":{"@type":"PropertyValueSpecification","valueRequired":true,"valueName":"search_term_string"}}],"inLanguage":"pt-BR"},{"@type":"Organization","@id":"https:\/\/www.estrategiaconcursos.com.br\/blog\/#organization","name":"Estrat\u00e9gia Concursos","url":"https:\/\/www.estrategiaconcursos.com.br\/blog\/","logo":{"@type":"ImageObject","inLanguage":"pt-BR","@id":"https:\/\/www.estrategiaconcursos.com.br\/blog\/#\/schema\/logo\/image\/","url":"https:\/\/dhg1h5j42swfq.cloudfront.net\/2025\/06\/03203428\/logo_concursos-1.jpg","contentUrl":"https:\/\/dhg1h5j42swfq.cloudfront.net\/2025\/06\/03203428\/logo_concursos-1.jpg","width":230,"height":60,"caption":"Estrat\u00e9gia Concursos"},"image":{"@id":"https:\/\/www.estrategiaconcursos.com.br\/blog\/#\/schema\/logo\/image\/"},"sameAs":["https:\/\/x.com\/EstratConcursos"]},{"@type":"Person","@id":"https:\/\/www.estrategiaconcursos.com.br\/blog\/#\/schema\/person\/045703eed12dcfcc3fc58d658357c347","name":"Coordena\u00e7\u00e3o","image":{"@type":"ImageObject","inLanguage":"pt-BR","@id":"https:\/\/secure.gravatar.com\/avatar\/f3095faeb99f4ee382a251aa279c830bd3f320ce3b5f2b4981bcc67f49efef63?s=96&d=mm&r=g","url":"https:\/\/secure.gravatar.com\/avatar\/f3095faeb99f4ee382a251aa279c830bd3f320ce3b5f2b4981bcc67f49efef63?s=96&d=mm&r=g","contentUrl":"https:\/\/secure.gravatar.com\/avatar\/f3095faeb99f4ee382a251aa279c830bd3f320ce3b5f2b4981bcc67f49efef63?s=96&d=mm&r=g","caption":"Coordena\u00e7\u00e3o"},"url":"https:\/\/www.estrategiaconcursos.com.br\/blog\/author\/contatoestrategiaconcursos-com-br-2\/"}]}},"_links":{"self":[{"href":"https:\/\/www.estrategiaconcursos.com.br\/blog\/wp-json\/wp\/v2\/posts\/1330399","targetHints":{"allow":["GET"]}}],"collection":[{"href":"https:\/\/www.estrategiaconcursos.com.br\/blog\/wp-json\/wp\/v2\/posts"}],"about":[{"href":"https:\/\/www.estrategiaconcursos.com.br\/blog\/wp-json\/wp\/v2\/types\/post"}],"author":[{"embeddable":true,"href":"https:\/\/www.estrategiaconcursos.com.br\/blog\/wp-json\/wp\/v2\/users\/1788"}],"replies":[{"embeddable":true,"href":"https:\/\/www.estrategiaconcursos.com.br\/blog\/wp-json\/wp\/v2\/comments?post=1330399"}],"version-history":[{"count":26,"href":"https:\/\/www.estrategiaconcursos.com.br\/blog\/wp-json\/wp\/v2\/posts\/1330399\/revisions"}],"predecessor-version":[{"id":1367078,"href":"https:\/\/www.estrategiaconcursos.com.br\/blog\/wp-json\/wp\/v2\/posts\/1330399\/revisions\/1367078"}],"wp:featuredmedia":[{"embeddable":true,"href":"https:\/\/www.estrategiaconcursos.com.br\/blog\/wp-json\/wp\/v2\/media\/1337577"}],"wp:attachment":[{"href":"https:\/\/www.estrategiaconcursos.com.br\/blog\/wp-json\/wp\/v2\/media?parent=1330399"}],"wp:term":[{"taxonomy":"category","embeddable":true,"href":"https:\/\/www.estrategiaconcursos.com.br\/blog\/wp-json\/wp\/v2\/categories?post=1330399"},{"taxonomy":"post_tag","embeddable":true,"href":"https:\/\/www.estrategiaconcursos.com.br\/blog\/wp-json\/wp\/v2\/tags?post=1330399"},{"taxonomy":"tax_estado","embeddable":true,"href":"https:\/\/www.estrategiaconcursos.com.br\/blog\/wp-json\/wp\/v2\/tax_estado?post=1330399"}],"curies":[{"name":"wp","href":"https:\/\/api.w.org\/{rel}","templated":true}]}}