{"id":1330388,"date":"2024-01-31T14:00:00","date_gmt":"2024-01-31T17:00:00","guid":{"rendered":"https:\/\/www.estrategiaconcursos.com.br\/blog\/?p=1330388"},"modified":"2024-01-10T17:20:55","modified_gmt":"2024-01-10T20:20:55","slug":"resumo-horas-extras-trts","status":"publish","type":"post","link":"https:\/\/www.estrategiaconcursos.com.br\/blog\/resumo-horas-extras-trts\/","title":{"rendered":"Resumo sobre Horas Extras para TRTs\u00a0"},"content":{"rendered":"\n<figure class=\"wp-block-image aligncenter size-full is-resized\"><img loading=\"lazy\" decoding=\"async\" width=\"255\" height=\"169\" src=\"https:\/\/dhg1h5j42swfq.cloudfront.net\/2023\/12\/09122654\/concursos-de-trts.png\" alt=\"Resumo sobre Horas Extras para TRTs\u00a0\" class=\"wp-image-1318857\" style=\"width:442px;height:auto\" srcset=\"https:\/\/dhg1h5j42swfq.cloudfront.net\/2023\/12\/09122654\/concursos-de-trts.png 255w, https:\/\/dhg1h5j42swfq.cloudfront.net\/2023\/12\/09122654\/concursos-de-trts-150x99.png 150w\" sizes=\"auto, (max-width: 255px) 100vw, 255px\" \/><figcaption class=\"wp-element-caption\">Resumo sobre Horas Extras para TRTs&nbsp;<\/figcaption><\/figure>\n\n\n\n<p>Fala, pessoal, tudo certo? Hoje faremos um breve Resumo sobre Horas Extras para TRTs (Tribunais Regionais do Trabalho).<\/p>\n\n\n\n<p>Trata-se de assunto bem relevante da mat\u00e9ria de Direito do Trabalho e que frequentemente aparece nas provas de TRTs!<\/p>\n\n\n\n<p>Al\u00e9m disso, h\u00e1 previs\u00e3o de mais de 1,7 mil vagas para TRTs para este ano de 2024, <a href=\"https:\/\/www.estrategiaconcursos.com.br\/blog\/concursos-de-trt-panorama\/\" target=\"_blank\" rel=\"noreferrer noopener\">conforme apontamos em artigo neste blog<\/a>.<\/p>\n\n\n\n<p>Portanto, vamos l\u00e1, rumo ao Cargo P\u00fablico Federal!<\/p>\n\n\n\n<h2 class=\"wp-block-heading has-vivid-cyan-blue-color has-text-color has-link-color wp-elements-9e47039eff549ec099bd20beedbc92fe\" id=\"h-horas-extraordinarias\">Horas Extraordin\u00e1rias<\/h2>\n\n\n\n<h3 class=\"wp-block-heading has-vivid-cyan-blue-color has-text-color has-link-color wp-elements-36723b842f5f1716cb6afe0107233f12\" id=\"h-conceito-previsao-legal-e-valor-da-hora-extra\">Conceito, previs\u00e3o legal e valor da hora extra<\/h3>\n\n\n\n<p>Primeiramente, \u00e9 importante destacar que as <strong>horas extras<\/strong> (tamb\u00e9m conhecida como <strong>jornada extraordin\u00e1ria<\/strong>), como sua pr\u00f3pria denomina\u00e7\u00e3o indica, correspondem \u00e0s horas a mais, al\u00e9m de sua jornada, nas quais o empregado continua prestando seu servi\u00e7o.<\/p>\n\n\n\n<p>Nesse sentido, a Constitui\u00e7\u00e3o Federal prev\u00ea ser <strong>direito dos trabalhadores urbanos, rurais, dom\u00e9sticos e dos servidores p\u00fablicos <\/strong><strong>a remunera\u00e7\u00e3o do servi\u00e7o extraordin\u00e1rio superior, no m\u00ednimo, em 50% \u00e0 do normal<\/strong> (artigos 7\u00ba, inciso XVI e par\u00e1grafo \u00fanico, e 39, \u00a7 3\u00ba).<\/p>\n\n\n\n<p>Isso significa dizer que o valor da hora extra deve ser, pelo menos, 50% superior \u00e0 hora da jornada normal.<\/p>\n\n\n\n<p>Sendo assim, digamos que um trabalhador recebe 20 reais por hora normal. Sua hora extra dever\u00e1 ser de, pelo menos, 30 reais (20 reais + 50% (10 reais) = 30 reais).<\/p>\n\n\n\n<p>Al\u00e9m disso, a hora extra possui previs\u00e3o na Consolida\u00e7\u00e3o das Leis do Trabalho (CLT) entre seus <a href=\"https:\/\/www.planalto.gov.br\/ccivil_03\/decreto-lei\/del5452compilado.htm#:~:text=SE%C3%87%C3%83O%20II-,DA%20JORNADA%20DE%20TRABALHO,-Art.%2058%20%2D%20A\" target=\"_blank\" rel=\"noreferrer noopener\">artigos 59 a 62<\/a>.&nbsp;<\/p>\n\n\n\n<p>Por fim, destaca-se que h\u00e1 <strong>alguns trabalhadores que N\u00c3O possuem direito \u00e0 hora extra:<\/strong><\/p>\n\n\n\n<blockquote class=\"wp-block-quote has-small-font-size is-layout-flow wp-block-quote-is-layout-flow\">\n<p>Art. 62 &#8211; N\u00e3o s\u00e3o abrangidos pelo regime previsto neste cap\u00edtulo:&nbsp;&nbsp;&nbsp;&nbsp;&nbsp;&nbsp;&nbsp;&nbsp;&nbsp;&nbsp;&nbsp;<\/p>\n\n\n\n<p>I &#8211; os empregados que exercem atividade externa incompat\u00edvel com a fixa\u00e7\u00e3o de hor\u00e1rio de trabalho, devendo tal condi\u00e7\u00e3o ser anotada na Carteira de Trabalho e Previd\u00eancia Social e no registro de empregados;&nbsp;&nbsp;&nbsp;&nbsp;&nbsp;&nbsp;&nbsp;&nbsp;&nbsp;&nbsp;&nbsp;&nbsp;&nbsp;&nbsp;&nbsp;&nbsp;&nbsp;&nbsp;<\/p>\n\n\n\n<p>II &#8211; os gerentes, assim considerados os exercentes de cargos de gest\u00e3o, aos quais se equiparam, para efeito do disposto neste artigo, os diretores e chefes de departamento ou filial.&nbsp;&nbsp;&nbsp;&nbsp;&nbsp;&nbsp;&nbsp;&nbsp;&nbsp;&nbsp;&nbsp;&nbsp;&nbsp;&nbsp;&nbsp;&nbsp;&nbsp;&nbsp;<\/p>\n\n\n\n<p>III &#8211; os empregados em regime de teletrabalho que prestam servi\u00e7o por produ\u00e7\u00e3o ou tarefa.&nbsp;&nbsp;&nbsp;&nbsp;&nbsp;&nbsp;&nbsp;<\/p>\n\n\n\n<p>Par\u00e1grafo \u00fanico &#8211; O regime previsto neste cap\u00edtulo ser\u00e1 aplic\u00e1vel aos empregados mencionados no inciso II deste artigo, quando o sal\u00e1rio do cargo de confian\u00e7a, compreendendo a gratifica\u00e7\u00e3o de fun\u00e7\u00e3o, se houver, for inferior ao valor do respectivo sal\u00e1rio efetivo acrescido de 40% (quarenta por cento).&nbsp;&nbsp;&nbsp;&nbsp;&nbsp;&nbsp;&nbsp;&nbsp;&nbsp;&nbsp;&nbsp;&nbsp;&nbsp;&nbsp;&nbsp;<\/p>\n<\/blockquote>\n\n\n\n<h3 class=\"wp-block-heading has-vivid-cyan-blue-color has-text-color has-link-color wp-elements-ddbc57a8def2d72cf24ac0f6560e3702\" id=\"h-duracao-da-hora-extra\">Dura\u00e7\u00e3o da hora extra<\/h3>\n\n\n\n<p>Com efeito, uma vez estabelecida a possibilidade do desempenho de horas extras, com o pagamento do respectivo adicional, devemos falar sobre a dura\u00e7\u00e3o e sobre como se decide a realiza\u00e7\u00e3o ou n\u00e3o dessas horas.<\/p>\n\n\n\n<p>Nesse sentido, a CLT aponta que as horas extras <strong>N\u00c3O podem ultrapassar 02 horas<\/strong>. Portanto, se algu\u00e9m desempenha jornada de 08 horas di\u00e1rias, poder\u00e1 cumprir, no m\u00e1ximo, 10 horas.<\/p>\n\n\n\n<p>Por\u00e9m, no caso de o empregado trabalhar mais de 02 horas extras, <strong>ter\u00e1 direito ao pagamento dessas horas \u201cextras das extras\u201d<\/strong>. \u00c9 o que nos ensina a S\u00famula n\u00ba 376 do TST:<\/p>\n\n\n\n<blockquote class=\"wp-block-quote is-layout-flow wp-block-quote-is-layout-flow\">\n<p class=\"has-small-font-size\">S\u00famula n\u00ba 376 do TST<\/p>\n\n\n\n<p class=\"has-small-font-size\">HORAS EXTRAS. LIMITA\u00c7\u00c3O. ART. 59 DA CLT. REFLEXOS (convers\u00e3o das Orienta\u00e7\u00f5es Jurisprudenciais n\u00bas 89 e 117 da SBDI-1) &#8211; Res. 129\/2005, DJ 20, 22 e 25.04.2005<\/p>\n\n\n\n<p class=\"has-small-font-size\"><strong>I &#8211; A limita\u00e7\u00e3o legal da jornada suplementar a duas horas di\u00e1rias n\u00e3o exime o empregador de pagar todas as horas trabalhadas.<\/strong> (ex-OJ n\u00ba 117 da SBDI-1 &#8211; inserida em 20.11.1997)<\/p>\n\n\n\n<p class=\"has-small-font-size\">II &#8211; O valor das horas extras habitualmente prestadas integra o c\u00e1lculo dos haveres trabalhistas, independentemente da limita\u00e7\u00e3o prevista no &#8220;caput&#8221; do art. 59 da CLT. (ex-OJ n\u00ba 89 da SBDI-1 &#8211; inserida em 28.04.1997)<\/p>\n<\/blockquote>\n\n\n\n<h3 class=\"wp-block-heading has-vivid-cyan-blue-color has-text-color has-link-color wp-elements-a2dc4f3fbfc643c8a1382205d413ab16\" id=\"h-hipoteses-de-realizacao-da-hora-extra\">Hip\u00f3teses de realiza\u00e7\u00e3o da hora extra<\/h3>\n\n\n\n<p>&#8211; <em>Mas como se decide se o empregado vai cumprir horas extras?&nbsp;<\/em><\/p>\n\n\n\n<p>A CLT aponta para n\u00f3s que o cumprimento de horas extras poder\u00e1 decorrer de <strong>acordo individual<\/strong>, <strong>conven\u00e7\u00e3o coletiva<\/strong> ou <strong>acordo coletivo de trabalho<\/strong>.&nbsp;&nbsp;&nbsp;&nbsp;&nbsp;<\/p>\n\n\n\n<p>Al\u00e9m disso, a CLT tamb\u00e9m prev\u00ea que, <strong>\u201cocorrendo necessidade imperiosa\u201d<\/strong>, poder\u00e1 a dura\u00e7\u00e3o do trabalho exceder do limite legal ou convencionado.<\/p>\n\n\n\n<p>&#8211; <em>E o que seria essa necessidade imperiosa?<\/em><\/p>\n\n\n\n<p>A CLT em seu artigo 61 anota como sendo <strong>motivo de for\u00e7a maior<\/strong>, realiza\u00e7\u00e3o ou conclus\u00e3o de <strong>servi\u00e7os inadi\u00e1veis ou cuja inexecu\u00e7\u00e3o possa acarretar preju\u00edzo manifesto<\/strong>.<\/p>\n\n\n\n<p>Nesse sentido, o artigo 501 disp\u00f5e sobre o conceito de for\u00e7a maior:<\/p>\n\n\n\n<blockquote class=\"wp-block-quote has-small-font-size is-layout-flow wp-block-quote-is-layout-flow\">\n<p>Art. 501 &#8211; Entende-se como for\u00e7a maior todo acontecimento inevit\u00e1vel, em rela\u00e7\u00e3o \u00e0 vontade do empregador, e para a realiza\u00e7\u00e3o do qual este n\u00e3o concorreu, direta ou indiretamente.<\/p>\n<\/blockquote>\n\n\n\n<p>Notem que nesses casos do artigo 61 n\u00e3o h\u00e1 aquela limita\u00e7\u00e3o de apenas 02 horas. Al\u00e9m disso, nesses casos tamb\u00e9m n\u00e3o h\u00e1 necessidade de conven\u00e7\u00e3o coletiva ou acordo coletivo de trabalho.&nbsp;&nbsp;<\/p>\n\n\n\n<p>Al\u00e9m disso, nos casos de excesso de hor\u00e1rio por motivo de for\u00e7a maior, a remunera\u00e7\u00e3o da hora excedente<strong> n\u00e3o ser\u00e1 inferior \u00e0 da hora normal<\/strong>.&nbsp;<\/p>\n\n\n\n<p>Nos demais casos de excesso previstos neste artigo, <strong>a remunera\u00e7\u00e3o ser\u00e1, pelo menos, 25% (vinte e cinco por cento) superior \u00e0 da hora normal<\/strong>, <strong>e o trabalho n\u00e3o poder\u00e1 exceder de 12 (doze) horas, desde que a lei n\u00e3o fixe expressamente outro limite<\/strong>.&nbsp;<\/p>\n\n\n\n<p>Ademais, sempre que ocorrer <strong>interrup\u00e7\u00e3o do trabalho resultante de causas acidentais, ou de for\u00e7a maior<\/strong>, que determinem a impossibilidade de sua realiza\u00e7\u00e3o, a dura\u00e7\u00e3o do trabalho poder\u00e1 ser prorrogada pelo tempo necess\u00e1rio <strong>at\u00e9 o m\u00e1ximo de 2 (duas) horas<\/strong>, <strong>durante o n\u00famero de dias indispens\u00e1veis \u00e0 recupera\u00e7\u00e3o do tempo perdido, desde que n\u00e3o exceda de 10 (dez) horas di\u00e1rias, em per\u00edodo n\u00e3o superior a 45 (quarenta e cinco) dias por ano<\/strong>, sujeita essa recupera\u00e7\u00e3o \u00e0 pr\u00e9via autoriza\u00e7\u00e3o da autoridade competente.<\/p>\n\n\n\n<h3 class=\"wp-block-heading has-vivid-cyan-blue-color has-text-color has-link-color wp-elements-e27d79010b219250e49e469f66c876ff\" id=\"h-realizacao-da-hora-extra-em-atividades-insalubres\">Realiza\u00e7\u00e3o da hora extra em atividades insalubres<\/h3>\n\n\n\n<p>O artigo 60 da CLT aponta que <strong>apenas pode haver prorroga\u00e7\u00e3o nas atividades insalubres caso haja licen\u00e7a pr\u00e9via<\/strong> das autoridades competentes em mat\u00e9ria de higiene do trabalho, as quais, para esse efeito, proceder\u00e3o aos necess\u00e1rios exames locais e \u00e0 verifica\u00e7\u00e3o dos m\u00e9todos e processos de trabalho, quer diretamente, quer por interm\u00e9dio de autoridades sanit\u00e1rias federais, estaduais e municipais, com quem entrar\u00e3o em entendimento para tal fim.<\/p>\n\n\n\n<p>No entanto, tratando-se de jornadas de 12 horas de trabalho por 36 horas ininterruptas de descanso <strong>(escala 12\/36), n\u00e3o se faz necess\u00e1ria a licen\u00e7a pr\u00e9via<\/strong> de que falamos acima.<\/p>\n\n\n\n<h3 class=\"wp-block-heading has-vivid-cyan-blue-color has-text-color has-link-color wp-elements-eeea1a1203ec157b292e45a09eb49465\" id=\"h-compensacao-do-trabalho-extraordinario\">Compensa\u00e7\u00e3o do trabalho extraordin\u00e1rio<\/h3>\n\n\n\n<p>Embora o adicional de hora extra seja a regra, poder\u00e1 haver a dispensa desse acr\u00e9scimo.<\/p>\n\n\n\n<p>No entanto, essa dispensa deve ocorrer por for\u00e7a de <strong>acordo ou conven\u00e7\u00e3o coletiva de trabalho<\/strong> e desde que o <strong>excesso de horas em um dia for compensado pela correspondente diminui\u00e7\u00e3o em outro dia<\/strong> (n\u00e3o precisa ser no dia seguinte).<\/p>\n\n\n\n<p>Al\u00e9m disso, o excesso <strong>N\u00c3O pode <\/strong>exceder, no <strong>per\u00edodo m\u00e1ximo de um ano<\/strong>, a <strong>soma das jornadas semanais de trabalho previstas<\/strong>, nem seja ultrapassado o <strong>limite m\u00e1ximo de dez horas di\u00e1rias.&nbsp;&nbsp;&nbsp;&nbsp;&nbsp;&nbsp;&nbsp;&nbsp;&nbsp;&nbsp;&nbsp;&nbsp;&nbsp;&nbsp;&nbsp;&nbsp;<\/strong><\/p>\n\n\n\n<p>\u00c9 o que se chama de <strong>banco de horas<\/strong>.<\/p>\n\n\n\n<p>Caso a compensa\u00e7\u00e3o ocorra no per\u00edodo <strong>anual, <\/strong>haver\u00e1 necessidade de <strong>negocia\u00e7\u00e3o coletiva<\/strong> (ACT ou CCT), como vimos acima.<\/p>\n\n\n\n<p>No entanto, caso a compensa\u00e7\u00e3o ocorra no mesmo <strong>semestre<\/strong>, haver\u00e1 necessidade de <strong>acordo individual escrito.<\/strong><\/p>\n\n\n\n<p>Al\u00e9m disso, caso a compensa\u00e7\u00e3o se d\u00ea no <strong>mesmo m\u00eas<\/strong>, basta <strong>acordo individual, t\u00e1cito ou escrito<\/strong>, caso em que o banco de horas \u00e9 chamado de \u201cacordo de prorroga\u00e7\u00e3o de jornada\u201d.&nbsp;<\/p>\n\n\n\n<p>Ademais, a CLT preconiza que, na hip\u00f3tese de <strong>rescis\u00e3o do contrato de trabalho sem que tenha havido a compensa\u00e7\u00e3o integral<\/strong> da jornada extraordin\u00e1ria, o trabalhador ter\u00e1 direito ao <strong>pagamento das horas extras n\u00e3o compensadas, calculadas sobre o valor da remunera\u00e7\u00e3o na data da rescis\u00e3o<\/strong>.&nbsp;&nbsp;&nbsp;&nbsp;&nbsp;&nbsp;&nbsp;&nbsp;&nbsp;&nbsp;&nbsp;&nbsp;&nbsp;&nbsp;&nbsp;&nbsp;&nbsp;<\/p>\n\n\n\n<p>Por fim, destaca-se o artigo 58-B, que tece algumas regras no caso de n\u00e3o atendimento das exig\u00eancias e sobre a descaracteriza\u00e7\u00e3o do acordo de compensa\u00e7\u00e3o\/banco de horas:<\/p>\n\n\n\n<blockquote class=\"wp-block-quote has-small-font-size is-layout-flow wp-block-quote-is-layout-flow\">\n<p>Art. 59-B.&nbsp; O n\u00e3o atendimento das exig\u00eancias legais para compensa\u00e7\u00e3o de jornada, inclusive quando estabelecida mediante acordo t\u00e1cito, n\u00e3o implica a repeti\u00e7\u00e3o do pagamento das horas excedentes \u00e0 jornada normal di\u00e1ria se n\u00e3o ultrapassada a dura\u00e7\u00e3o m\u00e1xima semanal, sendo devido apenas o respectivo adicional.&nbsp;&nbsp;&nbsp;&nbsp;&nbsp;&nbsp;&nbsp;&nbsp;&nbsp;&nbsp;&nbsp;&nbsp;&nbsp;&nbsp;&nbsp;&nbsp;&nbsp;&nbsp;&nbsp;<\/p>\n\n\n\n<p>Par\u00e1grafo \u00fanico.&nbsp; A presta\u00e7\u00e3o de horas extras habituais n\u00e3o descaracteriza o acordo de compensa\u00e7\u00e3o de jornada e o banco de horas.<\/p>\n<\/blockquote>\n\n\n\n<h3 class=\"wp-block-heading has-vivid-cyan-blue-color has-text-color has-link-color wp-elements-11087dc78f40aa355db66be170677212\" id=\"h-compensacao-mediante-escala-12x36-doze-por-trinta-e-seis\">Compensa\u00e7\u00e3o mediante escala 12&#215;36 (doze por trinta e seis)<\/h3>\n\n\n\n<p>Finalizando, a CLT ainda prev\u00ea que, em vez de se pagar horas extras ou realizar a compensa\u00e7\u00e3o mediante banco de horas ou acordo de compensa\u00e7\u00e3o de jornada, as partes podem estabelecer escala de 12&#215;36.<\/p>\n\n\n\n<p>Nesses casos, haver\u00e1 12 horas seguidas de trabalho por 36 horas ininterruptas de descanso, observados ou indenizados os intervalos para repouso e alimenta\u00e7\u00e3o.&nbsp;&nbsp;<\/p>\n\n\n\n<p>Com efeito, as partes devem estipular esse regime de trabalho <strong>mediante acordo individual escrito, conven\u00e7\u00e3o coletiva ou acordo coletivo de trabalho<\/strong>.<\/p>\n\n\n\n<p>Desse modo, a remunera\u00e7\u00e3o mensal pactuada dever\u00e1 abranger os pagamentos devidos pelo descanso semanal remunerado e pelo descanso em feriados, e ser\u00e3o considerados compensados os feriados e as prorroga\u00e7\u00f5es de trabalho noturno, quando houver, de que tratam o art. 70 e o \u00a7 5\u00ba do art. 73 da CLT.&nbsp;&nbsp;&nbsp;<\/p>\n\n\n\n<h2 class=\"wp-block-heading has-vivid-cyan-blue-color has-text-color has-link-color wp-elements-e7b20fe698c6c29a007e244ab912bd2c\" id=\"h-conclusao\">Conclus\u00e3o<\/h2>\n\n\n\n<p>Portanto, pessoal, esse foi nosso breve Resumo sobre Horas Extras para TRTs (Tribunais Regionais do Trabalho).<\/p>\n\n\n\n<p>Por fim, considerando que n\u00e3o esgotamos aqui o tema, n\u00e3o deixe de revisar o assunto em seu material de estudos e praticar com diversas quest\u00f5es sobre o tema.<\/p>\n\n\n\n<p>No mais, desejamos uma excelente prova a todos!!<\/p>\n\n\n\n<p class=\"has-text-align-center\" id=\"h-quer-saber-tudo-sobre-concursos-previstos\"><strong>Quer saber quais ser\u00e3o os pr\u00f3ximos concursos?<\/strong><\/p>\n\n\n\n<p class=\"has-text-align-center\"><strong>Confira nossos artigos!<\/strong><\/p>\n\n\n\n<p class=\"has-text-align-center has-white-color has-pale-cyan-blue-background-color has-text-color has-background\"><a href=\"https:\/\/www.estrategiaconcursos.com.br\/blog\/concursos-abertos\/\" target=\"_blank\" rel=\"noreferrer noopener\">Confira os concursos p\u00fablicos abertos<\/a><\/p>\n\n\n\n<p class=\"has-text-align-center has-white-color has-pale-cyan-blue-background-color has-text-color has-background\"><a href=\"https:\/\/www.estrategiaconcursos.com.br\/blog\/concursos-2024\/\" target=\"_blank\" rel=\"noreferrer noopener\">Concursos 2024<\/a><\/p>\n\n\n\n<h3 class=\"wp-block-heading\" id=\"assinatura-de-concursos\">Assinatura de Concursos<\/h3>\n\n\n\n<p>Assinatura de 1 ano ou 2 anos <a href=\"https:\/\/www.estrategiaconcursos.com.br\/assinaturas\/\" target=\"_blank\" rel=\"noreferrer noopener\">ASSINE AGORA<\/a><\/p>\n\n\n\n<p>Agora, confira as vagas e oportunidades dos&nbsp;<strong>concursos 2024<\/strong>&nbsp;navegando atrav\u00e9s do \u00edndice abaixo:<\/p>\n\n\n\n<h2 class=\"wp-block-heading\" id=\"concursos-e-vagas-previstas-para-2023\">Concursos e vagas previstas para 2024:<\/h2>\n\n\n\n<p>Ademais, al\u00e9m deste Resumo sobre Horas Extras para TRTs, confira:<\/p>\n\n\n\n<ul class=\"wp-block-list\">\n<li><a href=\"https:\/\/www.estrategiaconcursos.com.br\/blog\/concursos-2023\/#policial\" target=\"_blank\" rel=\"noreferrer noopener\">Concursos Policiais<\/a><\/li>\n\n\n\n<li><a href=\"https:\/\/www.estrategiaconcursos.com.br\/blog\/concursos-2023\/#fiscal\" target=\"_blank\" rel=\"noreferrer noopener\">Concursos Fiscais<\/a><\/li>\n\n\n\n<li><a href=\"https:\/\/www.estrategiaconcursos.com.br\/blog\/concursos-2023\/#controle\" target=\"_blank\" rel=\"noreferrer noopener\">Concursos Controle<\/a><\/li>\n\n\n\n<li><a href=\"https:\/\/www.estrategiaconcursos.com.br\/blog\/concursos-2023\/#tribunais\" target=\"_blank\" rel=\"noreferrer noopener\">Concursos Tribunais<\/a><\/li>\n\n\n\n<li><a href=\"https:\/\/www.estrategiaconcursos.com.br\/blog\/concursos-2023\/#ministerios-publicos\" target=\"_blank\" rel=\"noreferrer noopener\">Concursos em Minist\u00e9rios P\u00fablicos<\/a><\/li>\n\n\n\n<li><a href=\"https:\/\/www.estrategiaconcursos.com.br\/blog\/concursos-2023\/#defensorias-publicas\" target=\"_blank\" rel=\"noreferrer noopener\">Concursos em Defensorias<\/a><\/li>\n\n\n\n<li><a href=\"https:\/\/www.estrategiaconcursos.com.br\/blog\/concursos-2023\/#legislativa\" target=\"_blank\" rel=\"noreferrer noopener\">Concursos Legislativos<\/a><\/li>\n\n\n\n<li><a href=\"https:\/\/www.estrategiaconcursos.com.br\/blog\/concursos-2023\/#saude\" target=\"_blank\" rel=\"noreferrer noopener\">Concursos da \u00e1rea da Sa\u00fade<\/a><\/li>\n\n\n\n<li><a href=\"https:\/\/www.estrategiaconcursos.com.br\/blog\/concursos-2023\/#bancaria\" target=\"_blank\" rel=\"noreferrer noopener\">Concursos da \u00e1rea banc\u00e1ria<\/a><\/li>\n\n\n\n<li><a href=\"https:\/\/www.estrategiaconcursos.com.br\/blog\/concursos-2023\/#educacao\" target=\"_blank\" rel=\"noreferrer noopener\">Concursos da \u00e1rea da Educa\u00e7\u00e3o<\/a><\/li>\n\n\n\n<li><a href=\"https:\/\/www.estrategiaconcursos.com.br\/blog\/concursos-2023\/#prefeituras\" target=\"_blank\" rel=\"noreferrer noopener\">Concursos para Prefeituras<\/a><\/li>\n\n\n\n<li><a href=\"https:\/\/www.estrategiaconcursos.com.br\/blog\/concursos-2023\/#outros\" target=\"_blank\" rel=\"noreferrer noopener\">Concursos outras oportunidades<\/a><\/li>\n<\/ul>\n\n\n\n<p class=\"has-text-align-center has-luminous-vivid-amber-background-color has-background\" style=\"font-size:clamp(14.642px, 0.915rem + ((1vw - 3.2px) * 0.721), 22px);\"><strong>Veja tamb\u00e9m: <a href=\"https:\/\/www.estrategiaconcursos.com.br\/blog\/concursos-abertos\/\" target=\"_blank\" rel=\"noreferrer noopener\">Concursos Abertos<\/a><\/strong><\/p>\n\n\n\n<p class=\"has-text-align-left\" style=\"font-size:clamp(16.293px, 1.018rem + ((1vw - 3.2px) * 0.854), 25px);\"><em><strong>Quer saber tudo sobre os concursos previstos? Confira nossos artigos completos:<\/strong><\/em><\/p>\n\n\n\n<p>Ademais, al\u00e9m deste Resumo sobre Horas Extras para TRTs, confira:<\/p>\n\n\n\n<ul class=\"wp-block-list\">\n<li><a href=\"https:\/\/www.estrategiaconcursos.com.br\/blog\/concursos-2024\/\" target=\"_blank\" rel=\"noreferrer noopener\">Concursos 2024<\/a><\/li>\n\n\n\n<li><a href=\"https:\/\/www.estrategiaconcursos.com.br\/blog\/concurso-nacional-unificado\/\" target=\"_blank\" rel=\"noreferrer noopener\">Concurso Nacional Unificado (CNU)<\/a><\/li>\n<\/ul>\n","protected":false},"excerpt":{"rendered":"<p>Fala, pessoal, tudo certo? Hoje faremos um breve Resumo sobre Horas Extras para TRTs (Tribunais Regionais do Trabalho). Trata-se de assunto bem relevante da mat\u00e9ria de Direito do Trabalho e que frequentemente aparece nas provas de TRTs! Al\u00e9m disso, h\u00e1 previs\u00e3o de mais de 1,7 mil vagas para TRTs para este ano de 2024, conforme [&hellip;]<\/p>\n","protected":false},"author":2567,"featured_media":1318857,"comment_status":"open","ping_status":"closed","sticky":false,"template":"","format":"standard","meta":{"post_tipo":"article","footnotes":""},"categories":[1,1984],"tags":[],"tax_estado":[219964,219965,219966,219967,219968,219969,219963,219970,219971,219972,219973,219974,219975,219976,219977,219978,219979,219980,219981,219982,219983,219984,219985,219986,219987,219988,219989,219990],"class_list":["post-1330388","post","type-post","status-publish","format-standard","has-post-thumbnail","hentry","category-cursos-e-concursos","category-tribunais","tax_estado-ac","tax_estado-al","tax_estado-am","tax_estado-ap","tax_estado-ba","tax_estado-ce","tax_estado-concursos-federais","tax_estado-df","tax_estado-es","tax_estado-go","tax_estado-ma","tax_estado-mg","tax_estado-ms","tax_estado-mt","tax_estado-pa","tax_estado-pb","tax_estado-pe","tax_estado-pi","tax_estado-pr","tax_estado-rj","tax_estado-rn","tax_estado-ro","tax_estado-rr","tax_estado-rs","tax_estado-sc","tax_estado-se","tax_estado-sp","tax_estado-to"],"acf":[],"yoast_head":"<!-- This site is optimized with the Yoast SEO Premium plugin v27.2 (Yoast SEO v27.2) - https:\/\/yoast.com\/product\/yoast-seo-premium-wordpress\/ -->\n<title>Resumo sobre Horas Extras para TRTs\u00a0<\/title>\n<meta name=\"description\" content=\"Confira neste artigo um resumo com as principais informa\u00e7\u00f5es sobre as horas extras para os concursos de TRTs!\" \/>\n<meta name=\"robots\" content=\"index, follow, max-snippet:-1, max-image-preview:large, max-video-preview:-1\" \/>\n<link rel=\"canonical\" href=\"https:\/\/www.estrategiaconcursos.com.br\/blog\/resumo-horas-extras-trts\/\" \/>\n<meta property=\"og:locale\" content=\"pt_BR\" \/>\n<meta property=\"og:type\" content=\"article\" \/>\n<meta property=\"og:title\" content=\"Resumo sobre Horas Extras para TRTs\u00a0\" \/>\n<meta property=\"og:description\" content=\"Confira neste artigo um resumo com as principais informa\u00e7\u00f5es sobre as horas extras para os concursos de TRTs!\" \/>\n<meta property=\"og:url\" content=\"https:\/\/www.estrategiaconcursos.com.br\/blog\/resumo-horas-extras-trts\/\" \/>\n<meta property=\"og:site_name\" content=\"Estrat\u00e9gia Concursos\" \/>\n<meta property=\"article:published_time\" content=\"2024-01-31T17:00:00+00:00\" \/>\n<meta property=\"og:image\" content=\"https:\/\/dhg1h5j42swfq.cloudfront.net\/2023\/12\/09122654\/concursos-de-trts.png\" \/>\n\t<meta property=\"og:image:width\" content=\"255\" \/>\n\t<meta property=\"og:image:height\" content=\"169\" \/>\n\t<meta property=\"og:image:type\" content=\"image\/png\" \/>\n<meta name=\"author\" content=\"Frederico Tadeu Borlot Peixoto\" \/>\n<meta name=\"twitter:card\" content=\"summary_large_image\" \/>\n<meta name=\"twitter:creator\" content=\"@EstratConcursos\" \/>\n<meta name=\"twitter:site\" content=\"@EstratConcursos\" \/>\n<meta name=\"twitter:label1\" content=\"Escrito por\" \/>\n\t<meta name=\"twitter:data1\" content=\"Frederico Tadeu Borlot Peixoto\" \/>\n\t<meta name=\"twitter:label2\" content=\"Est. tempo de leitura\" \/>\n\t<meta name=\"twitter:data2\" content=\"9 minutos\" \/>\n<script type=\"application\/ld+json\" class=\"yoast-schema-graph\">{\"@context\":\"https:\/\/schema.org\",\"@graph\":[{\"@type\":\"NewsArticle\",\"@id\":\"https:\/\/www.estrategiaconcursos.com.br\/blog\/resumo-horas-extras-trts\/#article\",\"isPartOf\":{\"@id\":\"https:\/\/www.estrategiaconcursos.com.br\/blog\/resumo-horas-extras-trts\/\"},\"author\":{\"name\":\"Frederico Tadeu Borlot Peixoto\",\"@id\":\"https:\/\/www.estrategiaconcursos.com.br\/blog\/#\/schema\/person\/48a7e085e45aee7c3d4596399af50ebb\"},\"headline\":\"Resumo sobre Horas Extras para TRTs\u00a0\",\"datePublished\":\"2024-01-31T17:00:00+00:00\",\"mainEntityOfPage\":{\"@id\":\"https:\/\/www.estrategiaconcursos.com.br\/blog\/resumo-horas-extras-trts\/\"},\"wordCount\":1880,\"commentCount\":0,\"publisher\":{\"@id\":\"https:\/\/www.estrategiaconcursos.com.br\/blog\/#organization\"},\"image\":{\"@id\":\"https:\/\/www.estrategiaconcursos.com.br\/blog\/resumo-horas-extras-trts\/#primaryimage\"},\"thumbnailUrl\":\"https:\/\/dhg1h5j42swfq.cloudfront.net\/2023\/12\/09122654\/concursos-de-trts.png\",\"articleSection\":[\"Concursos P\u00fablicos\",\"Tribunais\"],\"inLanguage\":\"pt-BR\",\"potentialAction\":[{\"@type\":\"CommentAction\",\"name\":\"Comment\",\"target\":[\"https:\/\/www.estrategiaconcursos.com.br\/blog\/resumo-horas-extras-trts\/#respond\"]}],\"copyrightYear\":\"2024\",\"copyrightHolder\":{\"@id\":\"https:\/\/www.estrategiaconcursos.com.br\/blog\/#organization\"}},{\"@type\":\"WebPage\",\"@id\":\"https:\/\/www.estrategiaconcursos.com.br\/blog\/resumo-horas-extras-trts\/\",\"url\":\"https:\/\/www.estrategiaconcursos.com.br\/blog\/resumo-horas-extras-trts\/\",\"name\":\"Resumo sobre Horas Extras para TRTs\u00a0\",\"isPartOf\":{\"@id\":\"https:\/\/www.estrategiaconcursos.com.br\/blog\/#website\"},\"primaryImageOfPage\":{\"@id\":\"https:\/\/www.estrategiaconcursos.com.br\/blog\/resumo-horas-extras-trts\/#primaryimage\"},\"image\":{\"@id\":\"https:\/\/www.estrategiaconcursos.com.br\/blog\/resumo-horas-extras-trts\/#primaryimage\"},\"thumbnailUrl\":\"https:\/\/dhg1h5j42swfq.cloudfront.net\/2023\/12\/09122654\/concursos-de-trts.png\",\"datePublished\":\"2024-01-31T17:00:00+00:00\",\"description\":\"Confira neste artigo um resumo com as principais informa\u00e7\u00f5es sobre as horas extras para os concursos de TRTs!\",\"breadcrumb\":{\"@id\":\"https:\/\/www.estrategiaconcursos.com.br\/blog\/resumo-horas-extras-trts\/#breadcrumb\"},\"inLanguage\":\"pt-BR\",\"potentialAction\":[{\"@type\":\"ReadAction\",\"target\":[\"https:\/\/www.estrategiaconcursos.com.br\/blog\/resumo-horas-extras-trts\/\"]}]},{\"@type\":\"ImageObject\",\"inLanguage\":\"pt-BR\",\"@id\":\"https:\/\/www.estrategiaconcursos.com.br\/blog\/resumo-horas-extras-trts\/#primaryimage\",\"url\":\"https:\/\/dhg1h5j42swfq.cloudfront.net\/2023\/12\/09122654\/concursos-de-trts.png\",\"contentUrl\":\"https:\/\/dhg1h5j42swfq.cloudfront.net\/2023\/12\/09122654\/concursos-de-trts.png\",\"width\":255,\"height\":169},{\"@type\":\"BreadcrumbList\",\"@id\":\"https:\/\/www.estrategiaconcursos.com.br\/blog\/resumo-horas-extras-trts\/#breadcrumb\",\"itemListElement\":[{\"@type\":\"ListItem\",\"position\":1,\"name\":\"In\u00edcio\",\"item\":\"https:\/\/www.estrategiaconcursos.com.br\/blog\/\"},{\"@type\":\"ListItem\",\"position\":2,\"name\":\"Resumo sobre Horas Extras para TRTs\u00a0\"}]},{\"@type\":\"WebSite\",\"@id\":\"https:\/\/www.estrategiaconcursos.com.br\/blog\/#website\",\"url\":\"https:\/\/www.estrategiaconcursos.com.br\/blog\/\",\"name\":\"Estrat\u00e9gia Concursos\",\"description\":\"O blog da Estrat\u00e9gia Concursos traz not\u00edcias sobre concursos e artigos de professores oferecendo cursos para concursos (pdf + videaulas) no site.\",\"publisher\":{\"@id\":\"https:\/\/www.estrategiaconcursos.com.br\/blog\/#organization\"},\"potentialAction\":[{\"@type\":\"SearchAction\",\"target\":{\"@type\":\"EntryPoint\",\"urlTemplate\":\"https:\/\/www.estrategiaconcursos.com.br\/blog\/?s={search_term_string}\"},\"query-input\":{\"@type\":\"PropertyValueSpecification\",\"valueRequired\":true,\"valueName\":\"search_term_string\"}}],\"inLanguage\":\"pt-BR\"},{\"@type\":\"Organization\",\"@id\":\"https:\/\/www.estrategiaconcursos.com.br\/blog\/#organization\",\"name\":\"Estrat\u00e9gia Concursos\",\"url\":\"https:\/\/www.estrategiaconcursos.com.br\/blog\/\",\"logo\":{\"@type\":\"ImageObject\",\"inLanguage\":\"pt-BR\",\"@id\":\"https:\/\/www.estrategiaconcursos.com.br\/blog\/#\/schema\/logo\/image\/\",\"url\":\"https:\/\/dhg1h5j42swfq.cloudfront.net\/2025\/06\/03203428\/logo_concursos-1.jpg\",\"contentUrl\":\"https:\/\/dhg1h5j42swfq.cloudfront.net\/2025\/06\/03203428\/logo_concursos-1.jpg\",\"width\":230,\"height\":60,\"caption\":\"Estrat\u00e9gia Concursos\"},\"image\":{\"@id\":\"https:\/\/www.estrategiaconcursos.com.br\/blog\/#\/schema\/logo\/image\/\"},\"sameAs\":[\"https:\/\/x.com\/EstratConcursos\"]},{\"@type\":\"Person\",\"@id\":\"https:\/\/www.estrategiaconcursos.com.br\/blog\/#\/schema\/person\/48a7e085e45aee7c3d4596399af50ebb\",\"name\":\"Frederico Tadeu Borlot Peixoto\",\"image\":{\"@type\":\"ImageObject\",\"inLanguage\":\"pt-BR\",\"@id\":\"https:\/\/secure.gravatar.com\/avatar\/df8a49e2321c1e32f85e9e7c2a9c92c688f1f53a947220f40017ff5858b09fdb?s=96&d=mm&r=g\",\"url\":\"https:\/\/secure.gravatar.com\/avatar\/df8a49e2321c1e32f85e9e7c2a9c92c688f1f53a947220f40017ff5858b09fdb?s=96&d=mm&r=g\",\"contentUrl\":\"https:\/\/secure.gravatar.com\/avatar\/df8a49e2321c1e32f85e9e7c2a9c92c688f1f53a947220f40017ff5858b09fdb?s=96&d=mm&r=g\",\"caption\":\"Frederico Tadeu Borlot Peixoto\"},\"description\":\"Analista Judici\u00e1rio - \u00c1rea Judici\u00e1ria do TRF da 4\u00aa regi\u00e3o. Bacharel em Direito. P\u00f3s-graduado em Direito Administrativo, Legisla\u00e7\u00e3o Penal Especial, Direito Penal e Direito Processual Penal. Tamb\u00e9m nomeado no TRF da 3\u00aa regi\u00e3o (8\u00ba lugar); SPPREV (3\u00ba lugar); IFES (2\u00ba lugar); e PMES. https:\/\/www.instagram.com\/proffrederico\/\",\"sameAs\":[\"https:\/\/www.instagram.com\/proffrederico\/\"],\"url\":\"https:\/\/www.estrategiaconcursos.com.br\/blog\/author\/xfredericohotmail-com\/\"}]}<\/script>\n<!-- \/ Yoast SEO Premium plugin. -->","yoast_head_json":{"title":"Resumo sobre Horas Extras para TRTs\u00a0","description":"Confira neste artigo um resumo com as principais informa\u00e7\u00f5es sobre as horas extras para os concursos de TRTs!","robots":{"index":"index","follow":"follow","max-snippet":"max-snippet:-1","max-image-preview":"max-image-preview:large","max-video-preview":"max-video-preview:-1"},"canonical":"https:\/\/www.estrategiaconcursos.com.br\/blog\/resumo-horas-extras-trts\/","og_locale":"pt_BR","og_type":"article","og_title":"Resumo sobre Horas Extras para TRTs\u00a0","og_description":"Confira neste artigo um resumo com as principais informa\u00e7\u00f5es sobre as horas extras para os concursos de TRTs!","og_url":"https:\/\/www.estrategiaconcursos.com.br\/blog\/resumo-horas-extras-trts\/","og_site_name":"Estrat\u00e9gia Concursos","article_published_time":"2024-01-31T17:00:00+00:00","og_image":[{"width":255,"height":169,"url":"https:\/\/dhg1h5j42swfq.cloudfront.net\/2023\/12\/09122654\/concursos-de-trts.png","type":"image\/png"}],"author":"Frederico Tadeu Borlot Peixoto","twitter_card":"summary_large_image","twitter_creator":"@EstratConcursos","twitter_site":"@EstratConcursos","twitter_misc":{"Escrito por":"Frederico Tadeu Borlot Peixoto","Est. tempo de leitura":"9 minutos"},"schema":{"@context":"https:\/\/schema.org","@graph":[{"@type":"NewsArticle","@id":"https:\/\/www.estrategiaconcursos.com.br\/blog\/resumo-horas-extras-trts\/#article","isPartOf":{"@id":"https:\/\/www.estrategiaconcursos.com.br\/blog\/resumo-horas-extras-trts\/"},"author":{"name":"Frederico Tadeu Borlot Peixoto","@id":"https:\/\/www.estrategiaconcursos.com.br\/blog\/#\/schema\/person\/48a7e085e45aee7c3d4596399af50ebb"},"headline":"Resumo sobre Horas Extras para TRTs\u00a0","datePublished":"2024-01-31T17:00:00+00:00","mainEntityOfPage":{"@id":"https:\/\/www.estrategiaconcursos.com.br\/blog\/resumo-horas-extras-trts\/"},"wordCount":1880,"commentCount":0,"publisher":{"@id":"https:\/\/www.estrategiaconcursos.com.br\/blog\/#organization"},"image":{"@id":"https:\/\/www.estrategiaconcursos.com.br\/blog\/resumo-horas-extras-trts\/#primaryimage"},"thumbnailUrl":"https:\/\/dhg1h5j42swfq.cloudfront.net\/2023\/12\/09122654\/concursos-de-trts.png","articleSection":["Concursos P\u00fablicos","Tribunais"],"inLanguage":"pt-BR","potentialAction":[{"@type":"CommentAction","name":"Comment","target":["https:\/\/www.estrategiaconcursos.com.br\/blog\/resumo-horas-extras-trts\/#respond"]}],"copyrightYear":"2024","copyrightHolder":{"@id":"https:\/\/www.estrategiaconcursos.com.br\/blog\/#organization"}},{"@type":"WebPage","@id":"https:\/\/www.estrategiaconcursos.com.br\/blog\/resumo-horas-extras-trts\/","url":"https:\/\/www.estrategiaconcursos.com.br\/blog\/resumo-horas-extras-trts\/","name":"Resumo sobre Horas Extras para TRTs\u00a0","isPartOf":{"@id":"https:\/\/www.estrategiaconcursos.com.br\/blog\/#website"},"primaryImageOfPage":{"@id":"https:\/\/www.estrategiaconcursos.com.br\/blog\/resumo-horas-extras-trts\/#primaryimage"},"image":{"@id":"https:\/\/www.estrategiaconcursos.com.br\/blog\/resumo-horas-extras-trts\/#primaryimage"},"thumbnailUrl":"https:\/\/dhg1h5j42swfq.cloudfront.net\/2023\/12\/09122654\/concursos-de-trts.png","datePublished":"2024-01-31T17:00:00+00:00","description":"Confira neste artigo um resumo com as principais informa\u00e7\u00f5es sobre as horas extras para os concursos de TRTs!","breadcrumb":{"@id":"https:\/\/www.estrategiaconcursos.com.br\/blog\/resumo-horas-extras-trts\/#breadcrumb"},"inLanguage":"pt-BR","potentialAction":[{"@type":"ReadAction","target":["https:\/\/www.estrategiaconcursos.com.br\/blog\/resumo-horas-extras-trts\/"]}]},{"@type":"ImageObject","inLanguage":"pt-BR","@id":"https:\/\/www.estrategiaconcursos.com.br\/blog\/resumo-horas-extras-trts\/#primaryimage","url":"https:\/\/dhg1h5j42swfq.cloudfront.net\/2023\/12\/09122654\/concursos-de-trts.png","contentUrl":"https:\/\/dhg1h5j42swfq.cloudfront.net\/2023\/12\/09122654\/concursos-de-trts.png","width":255,"height":169},{"@type":"BreadcrumbList","@id":"https:\/\/www.estrategiaconcursos.com.br\/blog\/resumo-horas-extras-trts\/#breadcrumb","itemListElement":[{"@type":"ListItem","position":1,"name":"In\u00edcio","item":"https:\/\/www.estrategiaconcursos.com.br\/blog\/"},{"@type":"ListItem","position":2,"name":"Resumo sobre Horas Extras para TRTs\u00a0"}]},{"@type":"WebSite","@id":"https:\/\/www.estrategiaconcursos.com.br\/blog\/#website","url":"https:\/\/www.estrategiaconcursos.com.br\/blog\/","name":"Estrat\u00e9gia Concursos","description":"O blog da Estrat\u00e9gia Concursos traz not\u00edcias sobre concursos e artigos de professores oferecendo cursos para concursos (pdf + videaulas) no site.","publisher":{"@id":"https:\/\/www.estrategiaconcursos.com.br\/blog\/#organization"},"potentialAction":[{"@type":"SearchAction","target":{"@type":"EntryPoint","urlTemplate":"https:\/\/www.estrategiaconcursos.com.br\/blog\/?s={search_term_string}"},"query-input":{"@type":"PropertyValueSpecification","valueRequired":true,"valueName":"search_term_string"}}],"inLanguage":"pt-BR"},{"@type":"Organization","@id":"https:\/\/www.estrategiaconcursos.com.br\/blog\/#organization","name":"Estrat\u00e9gia Concursos","url":"https:\/\/www.estrategiaconcursos.com.br\/blog\/","logo":{"@type":"ImageObject","inLanguage":"pt-BR","@id":"https:\/\/www.estrategiaconcursos.com.br\/blog\/#\/schema\/logo\/image\/","url":"https:\/\/dhg1h5j42swfq.cloudfront.net\/2025\/06\/03203428\/logo_concursos-1.jpg","contentUrl":"https:\/\/dhg1h5j42swfq.cloudfront.net\/2025\/06\/03203428\/logo_concursos-1.jpg","width":230,"height":60,"caption":"Estrat\u00e9gia Concursos"},"image":{"@id":"https:\/\/www.estrategiaconcursos.com.br\/blog\/#\/schema\/logo\/image\/"},"sameAs":["https:\/\/x.com\/EstratConcursos"]},{"@type":"Person","@id":"https:\/\/www.estrategiaconcursos.com.br\/blog\/#\/schema\/person\/48a7e085e45aee7c3d4596399af50ebb","name":"Frederico Tadeu Borlot Peixoto","image":{"@type":"ImageObject","inLanguage":"pt-BR","@id":"https:\/\/secure.gravatar.com\/avatar\/df8a49e2321c1e32f85e9e7c2a9c92c688f1f53a947220f40017ff5858b09fdb?s=96&d=mm&r=g","url":"https:\/\/secure.gravatar.com\/avatar\/df8a49e2321c1e32f85e9e7c2a9c92c688f1f53a947220f40017ff5858b09fdb?s=96&d=mm&r=g","contentUrl":"https:\/\/secure.gravatar.com\/avatar\/df8a49e2321c1e32f85e9e7c2a9c92c688f1f53a947220f40017ff5858b09fdb?s=96&d=mm&r=g","caption":"Frederico Tadeu Borlot Peixoto"},"description":"Analista Judici\u00e1rio - \u00c1rea Judici\u00e1ria do TRF da 4\u00aa regi\u00e3o. Bacharel em Direito. P\u00f3s-graduado em Direito Administrativo, Legisla\u00e7\u00e3o Penal Especial, Direito Penal e Direito Processual Penal. Tamb\u00e9m nomeado no TRF da 3\u00aa regi\u00e3o (8\u00ba lugar); SPPREV (3\u00ba lugar); IFES (2\u00ba lugar); e PMES. https:\/\/www.instagram.com\/proffrederico\/","sameAs":["https:\/\/www.instagram.com\/proffrederico\/"],"url":"https:\/\/www.estrategiaconcursos.com.br\/blog\/author\/xfredericohotmail-com\/"}]}},"_links":{"self":[{"href":"https:\/\/www.estrategiaconcursos.com.br\/blog\/wp-json\/wp\/v2\/posts\/1330388","targetHints":{"allow":["GET"]}}],"collection":[{"href":"https:\/\/www.estrategiaconcursos.com.br\/blog\/wp-json\/wp\/v2\/posts"}],"about":[{"href":"https:\/\/www.estrategiaconcursos.com.br\/blog\/wp-json\/wp\/v2\/types\/post"}],"author":[{"embeddable":true,"href":"https:\/\/www.estrategiaconcursos.com.br\/blog\/wp-json\/wp\/v2\/users\/2567"}],"replies":[{"embeddable":true,"href":"https:\/\/www.estrategiaconcursos.com.br\/blog\/wp-json\/wp\/v2\/comments?post=1330388"}],"version-history":[{"count":3,"href":"https:\/\/www.estrategiaconcursos.com.br\/blog\/wp-json\/wp\/v2\/posts\/1330388\/revisions"}],"predecessor-version":[{"id":1330478,"href":"https:\/\/www.estrategiaconcursos.com.br\/blog\/wp-json\/wp\/v2\/posts\/1330388\/revisions\/1330478"}],"wp:featuredmedia":[{"embeddable":true,"href":"https:\/\/www.estrategiaconcursos.com.br\/blog\/wp-json\/wp\/v2\/media\/1318857"}],"wp:attachment":[{"href":"https:\/\/www.estrategiaconcursos.com.br\/blog\/wp-json\/wp\/v2\/media?parent=1330388"}],"wp:term":[{"taxonomy":"category","embeddable":true,"href":"https:\/\/www.estrategiaconcursos.com.br\/blog\/wp-json\/wp\/v2\/categories?post=1330388"},{"taxonomy":"post_tag","embeddable":true,"href":"https:\/\/www.estrategiaconcursos.com.br\/blog\/wp-json\/wp\/v2\/tags?post=1330388"},{"taxonomy":"tax_estado","embeddable":true,"href":"https:\/\/www.estrategiaconcursos.com.br\/blog\/wp-json\/wp\/v2\/tax_estado?post=1330388"}],"curies":[{"name":"wp","href":"https:\/\/api.w.org\/{rel}","templated":true}]}}