{"id":133022,"date":"2018-07-26T11:58:48","date_gmt":"2018-07-26T14:58:48","guid":{"rendered":"https:\/\/www.estrategiaconcursos.com.br\/blog\/?p=133022"},"modified":"2018-07-26T18:50:11","modified_gmt":"2018-07-26T21:50:11","slug":"edital-da-prf-ate-setembro","status":"publish","type":"post","link":"https:\/\/www.estrategiaconcursos.com.br\/blog\/edital-da-prf-ate-setembro\/","title":{"rendered":"Edital da PRF at\u00e9 setembro?? Ap\u00f3s autoriza\u00e7\u00e3o, saiba quando o edital pode ser publicado"},"content":{"rendered":"<p>A Pol\u00edcia Rodovi\u00e1ria Federal deve dar um passo important\u00edssimo nesta sexta-feira, 27 de julho, para realizar o concurso. O concurso da PRF \u00e9 um dos mais aguardados deste ano.<\/p>\n<p>Isso porque, conforme foi divulgado, a movimenta\u00e7\u00e3o do pedido no Protocolo Integrado indica que o mesmo j\u00e1 foi encaminhado ao setor de divulga\u00e7\u00e3o da Imprensa Nacional e deve ser publicado no Di\u00e1rio Oficial da Uni\u00e3o nesta sexta-feira.<\/p>\n<p>Mas uma pergunta que fica na cabe\u00e7a do concurseiro \u00e9: <em><strong>depois que a autoriza\u00e7\u00e3o \u00e9 publicada, em quanto tempo o edital da PRF deve ser publicado??<\/strong><\/em><\/p>\n<p>Essa quest\u00e3o \u00e9 um pouco dif\u00edcil de responder, mas podemos tomar como exemplo o concurso da Pol\u00edcia Federal. A portaria de autoriza\u00e7\u00e3o desse concurso foi publicada no DOU no dia 20 de abril, e o edital s\u00f3 foi publicado no dia 15 de junho. Ou seja, um intervalo de tempo de um m\u00eas e meio.<\/p>\n<p>Se o concurso da PRF seguir o exemplo da Pol\u00edcia Federal, com a publica\u00e7\u00e3o da portaria de autoriza\u00e7\u00e3o sendo feita nesta sexta-feira, 27 de julho, o edital do concurso da PRF pode sair at\u00e9 o m\u00eas de setembro.<\/p>\n<p>Falta precisar o n\u00famero de vagas, j\u00e1 que no in\u00edcio do ano o Ministro da Seguran\u00e7a P\u00fablica confirmou 500 vagas e a PRF tentava no MPOG que a oferta de oportunidades fosse maior.<\/p>\n<p>Mas h\u00e1 casos ainda em que o intervalo entre a autoriza\u00e7\u00e3o e a publica\u00e7\u00e3o foi maior. Um exemplo foi a Ag\u00eancia Brasileira de Intelig\u00eancia, Abin. O concurso foi autorizado no dia 14 de julho de 2017, mas o edital foi publicado no dia 2 de janeiro de 2018, um per\u00edodo de seis meses at\u00e9 a abertura do concurso.<\/p>\n<p>Mas uma coisa \u00e9 certa: a Pol\u00edcia Rodovi\u00e1ria Federal tem pressa na realiza\u00e7\u00e3o do concurso, h\u00e1 muito tempo trabalha para que isso aconte\u00e7a de fato e n\u00e3o d\u00e1 para esperar o edital ser publicado. Com a indica\u00e7\u00e3o de que o concurso aconte\u00e7a o mais breve poss\u00edvel.<\/p>\n<p>Confira mais informa\u00e7\u00f5es sobre a PRF e as vagas que devem ser ofertadas no <strong><a href=\"https:\/\/www.estrategiaconcursos.com.br\/blog\/concurso-prf-2\/\" target=\"_blank\" rel=\"noopener\"><em><span style=\"text-decoration: underline;\">concurso PRF<\/span><\/em><\/a><\/strong>.<\/p>\n<p style=\"text-align: center;\"><a href=\"https:\/\/www.estrategiaconcursos.com.br\/cursosPorConcurso\/prf-policial-rodoviario-federal\/\" target=\"_blank\" rel=\"noopener\"><span style=\"text-decoration: underline; font-size: 18pt;\"><strong>CURSOS PARA A PRF<\/strong><\/span><\/a><\/p>\n<p><span style=\"font-size: 24pt;\"><em><strong>\u2013 Enquete \u2013\u00a0<\/strong><\/em><\/span><\/p>\n<div id=\"polls-180\" class=\"wp-polls\">\n<div id=\"polls-180\" class=\"wp-polls\">\n\t<form id=\"polls_form_180\" class=\"wp-polls-form\" action=\"\/blog\/index.php\" method=\"post\">\n\t\t<p style=\"display: none;\"><input type=\"hidden\" id=\"poll_180_nonce\" name=\"wp-polls-nonce\" value=\"1d199245bc\" \/><\/p>\n\t\t<p style=\"display: none;\"><input type=\"hidden\" name=\"poll_id\" value=\"180\" \/><\/p>\n\t\t<p><strong>Qual o seu palpite: QUANTAS VAGAS FORAM AUTORIZADAS?<\/strong><\/p><div id=\"polls-180-ans\" class=\"wp-polls-ans\"><ul class=\"wp-polls-ul\">\n\t\t<li><input type=\"radio\" id=\"poll-answer-636\" name=\"poll_180\" value=\"636\" \/> <label for=\"poll-answer-636\">500<\/label><\/li>\n\t\t<li><input type=\"radio\" id=\"poll-answer-637\" name=\"poll_180\" value=\"637\" \/> <label for=\"poll-answer-637\">1000<\/label><\/li>\n\t\t<li><input type=\"radio\" id=\"poll-answer-638\" name=\"poll_180\" value=\"638\" \/> <label for=\"poll-answer-638\">1500<\/label><\/li>\n\t\t<li><input type=\"radio\" id=\"poll-answer-639\" name=\"poll_180\" value=\"639\" \/> <label for=\"poll-answer-639\">2000<\/label><\/li>\n\t\t<li><input type=\"radio\" id=\"poll-answer-640\" name=\"poll_180\" value=\"640\" \/> <label for=\"poll-answer-640\">2500<\/label><\/li>\n\t\t<li><input type=\"radio\" id=\"poll-answer-641\" name=\"poll_180\" value=\"641\" \/> <label for=\"poll-answer-641\">3000<\/label><\/li>\n\t\t<\/ul><p style=\"text-align: center\"><input type=\"button\" name=\"vote\" value=\"   Voto   \" class=\"Buttons\" onclick=\"poll_vote(180);\" \/><\/p><p style=\"text-align: center\"><a href=\"#ViewPollResults\" onclick=\"poll_result(180); return false;\" title=\"Veja resultados desta pesquisa\">Ver resultados<\/a><\/p><\/div>\n\t<\/form>\n<\/div>\n<div id=\"polls-180-loading\" class=\"wp-polls-loading\"><img loading=\"lazy\" decoding=\"async\" src=\"https:\/\/www.estrategiaconcursos.com.br\/blog\/wp-content\/plugins\/wp-polls\/images\/loading.gif\" width=\"16\" height=\"16\" alt=\"Carregando ...\" title=\"Carregando ...\" class=\"wp-polls-image\" \/>&nbsp;Carregando ...<\/div>\n\n<div id=\"polls-182\" class=\"wp-polls\">\n\t<form id=\"polls_form_182\" class=\"wp-polls-form\" action=\"\/blog\/index.php\" method=\"post\">\n\t\t<p style=\"display: none;\"><input type=\"hidden\" id=\"poll_182_nonce\" name=\"wp-polls-nonce\" value=\"907e159b93\" \/><\/p>\n\t\t<p style=\"display: none;\"><input type=\"hidden\" name=\"poll_id\" value=\"182\" \/><\/p>\n\t\t<p><strong>Em que m\u00eas deve ser publicado o edital???<\/strong><\/p><div id=\"polls-182-ans\" class=\"wp-polls-ans\"><ul class=\"wp-polls-ul\">\n\t\t<li><input type=\"radio\" id=\"poll-answer-648\" name=\"poll_182\" value=\"648\" \/> <label for=\"poll-answer-648\">Agosto<\/label><\/li>\n\t\t<li><input type=\"radio\" id=\"poll-answer-649\" name=\"poll_182\" value=\"649\" \/> <label for=\"poll-answer-649\">Setembro<\/label><\/li>\n\t\t<li><input type=\"radio\" id=\"poll-answer-650\" name=\"poll_182\" value=\"650\" \/> <label for=\"poll-answer-650\">Outubro<\/label><\/li>\n\t\t<li><input type=\"radio\" id=\"poll-answer-651\" name=\"poll_182\" value=\"651\" \/> <label for=\"poll-answer-651\">Novembro<\/label><\/li>\n\t\t<li><input type=\"radio\" id=\"poll-answer-652\" name=\"poll_182\" value=\"652\" \/> <label for=\"poll-answer-652\">Dezembro<\/label><\/li>\n\t\t<\/ul><p style=\"text-align: center\"><input type=\"button\" name=\"vote\" value=\"   Voto   \" class=\"Buttons\" onclick=\"poll_vote(182);\" \/><\/p><p style=\"text-align: center\"><a href=\"#ViewPollResults\" onclick=\"poll_result(182); return false;\" title=\"Veja resultados desta pesquisa\">Ver resultados<\/a><\/p><\/div>\n\t<\/form>\n<\/div>\n<div id=\"polls-182-loading\" class=\"wp-polls-loading\"><img loading=\"lazy\" decoding=\"async\" src=\"https:\/\/www.estrategiaconcursos.com.br\/blog\/wp-content\/plugins\/wp-polls\/images\/loading.gif\" width=\"16\" height=\"16\" alt=\"Carregando ...\" title=\"Carregando ...\" class=\"wp-polls-image\" \/>&nbsp;Carregando ...<\/div>\n\n<\/div>\n","protected":false},"excerpt":{"rendered":"<p>A Pol\u00edcia Rodovi\u00e1ria Federal deve dar um passo important\u00edssimo nesta sexta-feira, 27 de julho, para realizar o concurso. O concurso da PRF \u00e9 um dos mais aguardados deste ano. Isso porque, conforme foi divulgado, a movimenta\u00e7\u00e3o do pedido no Protocolo Integrado indica que o mesmo j\u00e1 foi encaminhado ao setor de divulga\u00e7\u00e3o da Imprensa Nacional [&hellip;]<\/p>\n","protected":false},"author":1,"featured_media":60814,"comment_status":"open","ping_status":"closed","sticky":false,"template":"","format":"standard","meta":{"post_tipo":"news","footnotes":""},"categories":[1],"tags":[],"tax_estado":[],"class_list":["post-133022","post","type-post","status-publish","format-standard","has-post-thumbnail","hentry","category-cursos-e-concursos"],"acf":[],"yoast_head":"<!-- This site is optimized with the Yoast SEO Premium plugin v27.2 (Yoast SEO v27.2) - https:\/\/yoast.com\/product\/yoast-seo-premium-wordpress\/ -->\n<title>CONFIRMADA AUTORIZA\u00c7\u00c3O: Edital at\u00e9 setembro?? Saiba quando!!<\/title>\n<meta name=\"robots\" content=\"index, follow, max-snippet:-1, max-image-preview:large, max-video-preview:-1\" \/>\n<link rel=\"canonical\" href=\"https:\/\/www.estrategiaconcursos.com.br\/blog\/edital-da-prf-ate-setembro\/\" \/>\n<meta property=\"og:locale\" content=\"pt_BR\" \/>\n<meta property=\"og:type\" content=\"article\" \/>\n<meta property=\"og:title\" content=\"Edital da PRF at\u00e9 setembro?? Ap\u00f3s autoriza\u00e7\u00e3o, saiba quando o edital pode ser publicado\" \/>\n<meta property=\"og:description\" content=\"A Pol\u00edcia Rodovi\u00e1ria Federal deve dar um passo important\u00edssimo nesta sexta-feira, 27 de julho, para realizar o concurso. O concurso da PRF \u00e9 um dos mais aguardados deste ano. Isso porque, conforme foi divulgado, a movimenta\u00e7\u00e3o do pedido no Protocolo Integrado indica que o mesmo j\u00e1 foi encaminhado ao setor de divulga\u00e7\u00e3o da Imprensa Nacional [&hellip;]\" \/>\n<meta property=\"og:url\" content=\"https:\/\/www.estrategiaconcursos.com.br\/blog\/edital-da-prf-ate-setembro\/\" \/>\n<meta property=\"og:site_name\" content=\"Estrat\u00e9gia Concursos\" \/>\n<meta property=\"article:author\" content=\"https:\/\/www.facebook.com\/EstrategiaConcursos\" \/>\n<meta property=\"article:published_time\" content=\"2018-07-26T14:58:48+00:00\" \/>\n<meta property=\"article:modified_time\" content=\"2018-07-26T21:50:11+00:00\" \/>\n<meta property=\"og:image\" content=\"https:\/\/dhg1h5j42swfq.cloudfront.net\/2017\/01\/11075758\/concurso-prf-2017-policial-rodoviario-federal.jpg\" \/>\n\t<meta property=\"og:image:width\" content=\"530\" \/>\n\t<meta property=\"og:image:height\" content=\"300\" \/>\n\t<meta property=\"og:image:type\" content=\"image\/jpeg\" \/>\n<meta name=\"author\" content=\"Coordena\u00e7\u00e3o\" \/>\n<meta name=\"twitter:card\" content=\"summary_large_image\" \/>\n<meta name=\"twitter:creator\" content=\"@EstratConcursos\" \/>\n<meta name=\"twitter:site\" content=\"@EstratConcursos\" \/>\n<meta name=\"twitter:label1\" content=\"Escrito por\" \/>\n\t<meta name=\"twitter:data1\" content=\"Coordena\u00e7\u00e3o\" \/>\n\t<meta name=\"twitter:label2\" content=\"Est. tempo de leitura\" \/>\n\t<meta name=\"twitter:data2\" content=\"2 minutos\" \/>\n<script type=\"application\/ld+json\" class=\"yoast-schema-graph\">{\"@context\":\"https:\/\/schema.org\",\"@graph\":[{\"@type\":\"NewsArticle\",\"@id\":\"https:\/\/www.estrategiaconcursos.com.br\/blog\/edital-da-prf-ate-setembro\/#article\",\"isPartOf\":{\"@id\":\"https:\/\/www.estrategiaconcursos.com.br\/blog\/edital-da-prf-ate-setembro\/\"},\"author\":{\"name\":\"Coordena\u00e7\u00e3o\",\"@id\":\"https:\/\/www.estrategiaconcursos.com.br\/blog\/#\/schema\/person\/b4a388c97673c5f483d72185668afa1f\"},\"headline\":\"Edital da PRF at\u00e9 setembro?? Ap\u00f3s autoriza\u00e7\u00e3o, saiba quando o edital pode ser publicado\",\"datePublished\":\"2018-07-26T14:58:48+00:00\",\"dateModified\":\"2018-07-26T21:50:11+00:00\",\"mainEntityOfPage\":{\"@id\":\"https:\/\/www.estrategiaconcursos.com.br\/blog\/edital-da-prf-ate-setembro\/\"},\"wordCount\":385,\"commentCount\":0,\"publisher\":{\"@id\":\"https:\/\/www.estrategiaconcursos.com.br\/blog\/#organization\"},\"image\":{\"@id\":\"https:\/\/www.estrategiaconcursos.com.br\/blog\/edital-da-prf-ate-setembro\/#primaryimage\"},\"thumbnailUrl\":\"https:\/\/dhg1h5j42swfq.cloudfront.net\/2017\/01\/11075758\/concurso-prf-2017-policial-rodoviario-federal.jpg\",\"articleSection\":[\"Concursos P\u00fablicos\"],\"inLanguage\":\"pt-BR\",\"potentialAction\":[{\"@type\":\"CommentAction\",\"name\":\"Comment\",\"target\":[\"https:\/\/www.estrategiaconcursos.com.br\/blog\/edital-da-prf-ate-setembro\/#respond\"]}],\"copyrightYear\":\"2018\",\"copyrightHolder\":{\"@id\":\"https:\/\/www.estrategiaconcursos.com.br\/blog\/#organization\"}},{\"@type\":\"WebPage\",\"@id\":\"https:\/\/www.estrategiaconcursos.com.br\/blog\/edital-da-prf-ate-setembro\/\",\"url\":\"https:\/\/www.estrategiaconcursos.com.br\/blog\/edital-da-prf-ate-setembro\/\",\"name\":\"CONFIRMADA AUTORIZA\u00c7\u00c3O: Edital at\u00e9 setembro?? Saiba quando!!\",\"isPartOf\":{\"@id\":\"https:\/\/www.estrategiaconcursos.com.br\/blog\/#website\"},\"primaryImageOfPage\":{\"@id\":\"https:\/\/www.estrategiaconcursos.com.br\/blog\/edital-da-prf-ate-setembro\/#primaryimage\"},\"image\":{\"@id\":\"https:\/\/www.estrategiaconcursos.com.br\/blog\/edital-da-prf-ate-setembro\/#primaryimage\"},\"thumbnailUrl\":\"https:\/\/dhg1h5j42swfq.cloudfront.net\/2017\/01\/11075758\/concurso-prf-2017-policial-rodoviario-federal.jpg\",\"datePublished\":\"2018-07-26T14:58:48+00:00\",\"dateModified\":\"2018-07-26T21:50:11+00:00\",\"breadcrumb\":{\"@id\":\"https:\/\/www.estrategiaconcursos.com.br\/blog\/edital-da-prf-ate-setembro\/#breadcrumb\"},\"inLanguage\":\"pt-BR\",\"potentialAction\":[{\"@type\":\"ReadAction\",\"target\":[\"https:\/\/www.estrategiaconcursos.com.br\/blog\/edital-da-prf-ate-setembro\/\"]}]},{\"@type\":\"ImageObject\",\"inLanguage\":\"pt-BR\",\"@id\":\"https:\/\/www.estrategiaconcursos.com.br\/blog\/edital-da-prf-ate-setembro\/#primaryimage\",\"url\":\"https:\/\/dhg1h5j42swfq.cloudfront.net\/2017\/01\/11075758\/concurso-prf-2017-policial-rodoviario-federal.jpg\",\"contentUrl\":\"https:\/\/dhg1h5j42swfq.cloudfront.net\/2017\/01\/11075758\/concurso-prf-2017-policial-rodoviario-federal.jpg\",\"width\":530,\"height\":300,\"caption\":\"concurso prf\"},{\"@type\":\"BreadcrumbList\",\"@id\":\"https:\/\/www.estrategiaconcursos.com.br\/blog\/edital-da-prf-ate-setembro\/#breadcrumb\",\"itemListElement\":[{\"@type\":\"ListItem\",\"position\":1,\"name\":\"In\u00edcio\",\"item\":\"https:\/\/www.estrategiaconcursos.com.br\/blog\/\"},{\"@type\":\"ListItem\",\"position\":2,\"name\":\"Edital da PRF at\u00e9 setembro?? Ap\u00f3s autoriza\u00e7\u00e3o, saiba quando o edital pode ser publicado\"}]},{\"@type\":\"WebSite\",\"@id\":\"https:\/\/www.estrategiaconcursos.com.br\/blog\/#website\",\"url\":\"https:\/\/www.estrategiaconcursos.com.br\/blog\/\",\"name\":\"Estrat\u00e9gia Concursos\",\"description\":\"O blog da Estrat\u00e9gia Concursos traz not\u00edcias sobre concursos e artigos de professores oferecendo cursos para concursos (pdf + videaulas) no site.\",\"publisher\":{\"@id\":\"https:\/\/www.estrategiaconcursos.com.br\/blog\/#organization\"},\"potentialAction\":[{\"@type\":\"SearchAction\",\"target\":{\"@type\":\"EntryPoint\",\"urlTemplate\":\"https:\/\/www.estrategiaconcursos.com.br\/blog\/?s={search_term_string}\"},\"query-input\":{\"@type\":\"PropertyValueSpecification\",\"valueRequired\":true,\"valueName\":\"search_term_string\"}}],\"inLanguage\":\"pt-BR\"},{\"@type\":\"Organization\",\"@id\":\"https:\/\/www.estrategiaconcursos.com.br\/blog\/#organization\",\"name\":\"Estrat\u00e9gia Concursos\",\"url\":\"https:\/\/www.estrategiaconcursos.com.br\/blog\/\",\"logo\":{\"@type\":\"ImageObject\",\"inLanguage\":\"pt-BR\",\"@id\":\"https:\/\/www.estrategiaconcursos.com.br\/blog\/#\/schema\/logo\/image\/\",\"url\":\"https:\/\/dhg1h5j42swfq.cloudfront.net\/2025\/06\/03203428\/logo_concursos-1.jpg\",\"contentUrl\":\"https:\/\/dhg1h5j42swfq.cloudfront.net\/2025\/06\/03203428\/logo_concursos-1.jpg\",\"width\":230,\"height\":60,\"caption\":\"Estrat\u00e9gia Concursos\"},\"image\":{\"@id\":\"https:\/\/www.estrategiaconcursos.com.br\/blog\/#\/schema\/logo\/image\/\"},\"sameAs\":[\"https:\/\/x.com\/EstratConcursos\"]},{\"@type\":\"Person\",\"@id\":\"https:\/\/www.estrategiaconcursos.com.br\/blog\/#\/schema\/person\/b4a388c97673c5f483d72185668afa1f\",\"name\":\"Coordena\u00e7\u00e3o\",\"image\":{\"@type\":\"ImageObject\",\"inLanguage\":\"pt-BR\",\"@id\":\"https:\/\/secure.gravatar.com\/avatar\/b720319e4c9a967eb58678d110f4fe35452fc5d5f97b202bac7b8acceb18c6ad?s=96&d=mm&r=g\",\"url\":\"https:\/\/secure.gravatar.com\/avatar\/b720319e4c9a967eb58678d110f4fe35452fc5d5f97b202bac7b8acceb18c6ad?s=96&d=mm&r=g\",\"contentUrl\":\"https:\/\/secure.gravatar.com\/avatar\/b720319e4c9a967eb58678d110f4fe35452fc5d5f97b202bac7b8acceb18c6ad?s=96&d=mm&r=g\",\"caption\":\"Coordena\u00e7\u00e3o\"},\"sameAs\":[\"https:\/\/www.facebook.com\/EstrategiaConcursos\",\"https:\/\/x.com\/EstratConcursos\"],\"url\":\"https:\/\/www.estrategiaconcursos.com.br\/blog\/author\/estrategia2013\/\"}]}<\/script>\n<!-- \/ Yoast SEO Premium plugin. -->","yoast_head_json":{"title":"CONFIRMADA AUTORIZA\u00c7\u00c3O: Edital at\u00e9 setembro?? Saiba quando!!","robots":{"index":"index","follow":"follow","max-snippet":"max-snippet:-1","max-image-preview":"max-image-preview:large","max-video-preview":"max-video-preview:-1"},"canonical":"https:\/\/www.estrategiaconcursos.com.br\/blog\/edital-da-prf-ate-setembro\/","og_locale":"pt_BR","og_type":"article","og_title":"Edital da PRF at\u00e9 setembro?? Ap\u00f3s autoriza\u00e7\u00e3o, saiba quando o edital pode ser publicado","og_description":"A Pol\u00edcia Rodovi\u00e1ria Federal deve dar um passo important\u00edssimo nesta sexta-feira, 27 de julho, para realizar o concurso. O concurso da PRF \u00e9 um dos mais aguardados deste ano. Isso porque, conforme foi divulgado, a movimenta\u00e7\u00e3o do pedido no Protocolo Integrado indica que o mesmo j\u00e1 foi encaminhado ao setor de divulga\u00e7\u00e3o da Imprensa Nacional [&hellip;]","og_url":"https:\/\/www.estrategiaconcursos.com.br\/blog\/edital-da-prf-ate-setembro\/","og_site_name":"Estrat\u00e9gia Concursos","article_author":"https:\/\/www.facebook.com\/EstrategiaConcursos","article_published_time":"2018-07-26T14:58:48+00:00","article_modified_time":"2018-07-26T21:50:11+00:00","og_image":[{"width":530,"height":300,"url":"https:\/\/dhg1h5j42swfq.cloudfront.net\/2017\/01\/11075758\/concurso-prf-2017-policial-rodoviario-federal.jpg","type":"image\/jpeg"}],"author":"Coordena\u00e7\u00e3o","twitter_card":"summary_large_image","twitter_creator":"@EstratConcursos","twitter_site":"@EstratConcursos","twitter_misc":{"Escrito por":"Coordena\u00e7\u00e3o","Est. tempo de leitura":"2 minutos"},"schema":{"@context":"https:\/\/schema.org","@graph":[{"@type":"NewsArticle","@id":"https:\/\/www.estrategiaconcursos.com.br\/blog\/edital-da-prf-ate-setembro\/#article","isPartOf":{"@id":"https:\/\/www.estrategiaconcursos.com.br\/blog\/edital-da-prf-ate-setembro\/"},"author":{"name":"Coordena\u00e7\u00e3o","@id":"https:\/\/www.estrategiaconcursos.com.br\/blog\/#\/schema\/person\/b4a388c97673c5f483d72185668afa1f"},"headline":"Edital da PRF at\u00e9 setembro?? Ap\u00f3s autoriza\u00e7\u00e3o, saiba quando o edital pode ser publicado","datePublished":"2018-07-26T14:58:48+00:00","dateModified":"2018-07-26T21:50:11+00:00","mainEntityOfPage":{"@id":"https:\/\/www.estrategiaconcursos.com.br\/blog\/edital-da-prf-ate-setembro\/"},"wordCount":385,"commentCount":0,"publisher":{"@id":"https:\/\/www.estrategiaconcursos.com.br\/blog\/#organization"},"image":{"@id":"https:\/\/www.estrategiaconcursos.com.br\/blog\/edital-da-prf-ate-setembro\/#primaryimage"},"thumbnailUrl":"https:\/\/dhg1h5j42swfq.cloudfront.net\/2017\/01\/11075758\/concurso-prf-2017-policial-rodoviario-federal.jpg","articleSection":["Concursos P\u00fablicos"],"inLanguage":"pt-BR","potentialAction":[{"@type":"CommentAction","name":"Comment","target":["https:\/\/www.estrategiaconcursos.com.br\/blog\/edital-da-prf-ate-setembro\/#respond"]}],"copyrightYear":"2018","copyrightHolder":{"@id":"https:\/\/www.estrategiaconcursos.com.br\/blog\/#organization"}},{"@type":"WebPage","@id":"https:\/\/www.estrategiaconcursos.com.br\/blog\/edital-da-prf-ate-setembro\/","url":"https:\/\/www.estrategiaconcursos.com.br\/blog\/edital-da-prf-ate-setembro\/","name":"CONFIRMADA AUTORIZA\u00c7\u00c3O: Edital at\u00e9 setembro?? Saiba quando!!","isPartOf":{"@id":"https:\/\/www.estrategiaconcursos.com.br\/blog\/#website"},"primaryImageOfPage":{"@id":"https:\/\/www.estrategiaconcursos.com.br\/blog\/edital-da-prf-ate-setembro\/#primaryimage"},"image":{"@id":"https:\/\/www.estrategiaconcursos.com.br\/blog\/edital-da-prf-ate-setembro\/#primaryimage"},"thumbnailUrl":"https:\/\/dhg1h5j42swfq.cloudfront.net\/2017\/01\/11075758\/concurso-prf-2017-policial-rodoviario-federal.jpg","datePublished":"2018-07-26T14:58:48+00:00","dateModified":"2018-07-26T21:50:11+00:00","breadcrumb":{"@id":"https:\/\/www.estrategiaconcursos.com.br\/blog\/edital-da-prf-ate-setembro\/#breadcrumb"},"inLanguage":"pt-BR","potentialAction":[{"@type":"ReadAction","target":["https:\/\/www.estrategiaconcursos.com.br\/blog\/edital-da-prf-ate-setembro\/"]}]},{"@type":"ImageObject","inLanguage":"pt-BR","@id":"https:\/\/www.estrategiaconcursos.com.br\/blog\/edital-da-prf-ate-setembro\/#primaryimage","url":"https:\/\/dhg1h5j42swfq.cloudfront.net\/2017\/01\/11075758\/concurso-prf-2017-policial-rodoviario-federal.jpg","contentUrl":"https:\/\/dhg1h5j42swfq.cloudfront.net\/2017\/01\/11075758\/concurso-prf-2017-policial-rodoviario-federal.jpg","width":530,"height":300,"caption":"concurso prf"},{"@type":"BreadcrumbList","@id":"https:\/\/www.estrategiaconcursos.com.br\/blog\/edital-da-prf-ate-setembro\/#breadcrumb","itemListElement":[{"@type":"ListItem","position":1,"name":"In\u00edcio","item":"https:\/\/www.estrategiaconcursos.com.br\/blog\/"},{"@type":"ListItem","position":2,"name":"Edital da PRF at\u00e9 setembro?? Ap\u00f3s autoriza\u00e7\u00e3o, saiba quando o edital pode ser publicado"}]},{"@type":"WebSite","@id":"https:\/\/www.estrategiaconcursos.com.br\/blog\/#website","url":"https:\/\/www.estrategiaconcursos.com.br\/blog\/","name":"Estrat\u00e9gia Concursos","description":"O blog da Estrat\u00e9gia Concursos traz not\u00edcias sobre concursos e artigos de professores oferecendo cursos para concursos (pdf + videaulas) no site.","publisher":{"@id":"https:\/\/www.estrategiaconcursos.com.br\/blog\/#organization"},"potentialAction":[{"@type":"SearchAction","target":{"@type":"EntryPoint","urlTemplate":"https:\/\/www.estrategiaconcursos.com.br\/blog\/?s={search_term_string}"},"query-input":{"@type":"PropertyValueSpecification","valueRequired":true,"valueName":"search_term_string"}}],"inLanguage":"pt-BR"},{"@type":"Organization","@id":"https:\/\/www.estrategiaconcursos.com.br\/blog\/#organization","name":"Estrat\u00e9gia Concursos","url":"https:\/\/www.estrategiaconcursos.com.br\/blog\/","logo":{"@type":"ImageObject","inLanguage":"pt-BR","@id":"https:\/\/www.estrategiaconcursos.com.br\/blog\/#\/schema\/logo\/image\/","url":"https:\/\/dhg1h5j42swfq.cloudfront.net\/2025\/06\/03203428\/logo_concursos-1.jpg","contentUrl":"https:\/\/dhg1h5j42swfq.cloudfront.net\/2025\/06\/03203428\/logo_concursos-1.jpg","width":230,"height":60,"caption":"Estrat\u00e9gia Concursos"},"image":{"@id":"https:\/\/www.estrategiaconcursos.com.br\/blog\/#\/schema\/logo\/image\/"},"sameAs":["https:\/\/x.com\/EstratConcursos"]},{"@type":"Person","@id":"https:\/\/www.estrategiaconcursos.com.br\/blog\/#\/schema\/person\/b4a388c97673c5f483d72185668afa1f","name":"Coordena\u00e7\u00e3o","image":{"@type":"ImageObject","inLanguage":"pt-BR","@id":"https:\/\/secure.gravatar.com\/avatar\/b720319e4c9a967eb58678d110f4fe35452fc5d5f97b202bac7b8acceb18c6ad?s=96&d=mm&r=g","url":"https:\/\/secure.gravatar.com\/avatar\/b720319e4c9a967eb58678d110f4fe35452fc5d5f97b202bac7b8acceb18c6ad?s=96&d=mm&r=g","contentUrl":"https:\/\/secure.gravatar.com\/avatar\/b720319e4c9a967eb58678d110f4fe35452fc5d5f97b202bac7b8acceb18c6ad?s=96&d=mm&r=g","caption":"Coordena\u00e7\u00e3o"},"sameAs":["https:\/\/www.facebook.com\/EstrategiaConcursos","https:\/\/x.com\/EstratConcursos"],"url":"https:\/\/www.estrategiaconcursos.com.br\/blog\/author\/estrategia2013\/"}]}},"_links":{"self":[{"href":"https:\/\/www.estrategiaconcursos.com.br\/blog\/wp-json\/wp\/v2\/posts\/133022","targetHints":{"allow":["GET"]}}],"collection":[{"href":"https:\/\/www.estrategiaconcursos.com.br\/blog\/wp-json\/wp\/v2\/posts"}],"about":[{"href":"https:\/\/www.estrategiaconcursos.com.br\/blog\/wp-json\/wp\/v2\/types\/post"}],"author":[{"embeddable":true,"href":"https:\/\/www.estrategiaconcursos.com.br\/blog\/wp-json\/wp\/v2\/users\/1"}],"replies":[{"embeddable":true,"href":"https:\/\/www.estrategiaconcursos.com.br\/blog\/wp-json\/wp\/v2\/comments?post=133022"}],"version-history":[{"count":12,"href":"https:\/\/www.estrategiaconcursos.com.br\/blog\/wp-json\/wp\/v2\/posts\/133022\/revisions"}],"predecessor-version":[{"id":133166,"href":"https:\/\/www.estrategiaconcursos.com.br\/blog\/wp-json\/wp\/v2\/posts\/133022\/revisions\/133166"}],"wp:featuredmedia":[{"embeddable":true,"href":"https:\/\/www.estrategiaconcursos.com.br\/blog\/wp-json\/wp\/v2\/media\/60814"}],"wp:attachment":[{"href":"https:\/\/www.estrategiaconcursos.com.br\/blog\/wp-json\/wp\/v2\/media?parent=133022"}],"wp:term":[{"taxonomy":"category","embeddable":true,"href":"https:\/\/www.estrategiaconcursos.com.br\/blog\/wp-json\/wp\/v2\/categories?post=133022"},{"taxonomy":"post_tag","embeddable":true,"href":"https:\/\/www.estrategiaconcursos.com.br\/blog\/wp-json\/wp\/v2\/tags?post=133022"},{"taxonomy":"tax_estado","embeddable":true,"href":"https:\/\/www.estrategiaconcursos.com.br\/blog\/wp-json\/wp\/v2\/tax_estado?post=133022"}],"curies":[{"name":"wp","href":"https:\/\/api.w.org\/{rel}","templated":true}]}}