{"id":133000,"date":"2018-07-26T11:32:41","date_gmt":"2018-07-26T14:32:41","guid":{"rendered":"https:\/\/www.estrategiaconcursos.com.br\/blog\/?p=133000"},"modified":"2018-07-26T12:00:19","modified_gmt":"2018-07-26T15:00:19","slug":"questoes-de-ambiental-comentadas-arquiteto-tj-sc","status":"publish","type":"post","link":"https:\/\/www.estrategiaconcursos.com.br\/blog\/questoes-de-ambiental-comentadas-arquiteto-tj-sc\/","title":{"rendered":"Quest\u00f5es de Direito Ambiental comentadas &#8211; Arquiteto TJ SC"},"content":{"rendered":"<p>Ol\u00e1, pessoal!<\/p>\n<p>Seguem as quest\u00f5es de direito ambiental da prova de Arquiteto do TJ SC.<\/p>\n<p>Foram quest\u00f5es tranquilas e abordadas nas aulas.<\/p>\n<p>69 &#8211; Considere as afirmativas abaixo sobre os diversos tipos de licen\u00e7a expedidas pelo poder p\u00fablico, segundo a Resolu\u00e7\u00e3o CONAMA n\u00ba 237:<\/p>\n<p>I &#8211; A Licen\u00e7a Pr\u00e9via (LP) \u00e9 concedida na fase preliminar do planejamento do empreendimento ou atividade aprovando sua localiza\u00e7\u00e3o e concep\u00e7\u00e3o, atestando a viabilidade ambiental e estabelecendo os requisitos b\u00e1sicos e condicionantes a serem atendidos nas pr\u00f3ximas fases de sua implementa\u00e7\u00e3o.<\/p>\n<p>II &#8211; A Licen\u00e7a de Instala\u00e7\u00e3o (LI) &#8211; autoriza a instala\u00e7\u00e3o do empreendimento ou atividade de acordo com as especifica\u00e7\u00f5es constantes dos planos, programas e projetos aprovados.<\/p>\n<p>III. A Licen\u00e7a de Opera\u00e7\u00e3o (LO) &#8211; autoriza a opera\u00e7\u00e3o da atividade ou empreendimento, ap\u00f3s a verifica\u00e7\u00e3o do efetivo cumprimento do que consta das licen\u00e7as anteriores, com as medidas de controle ambiental e condicionantes determinados para a opera\u00e7\u00e3o.<\/p>\n<p>Est\u00e1 correto somente o que se afirma em:<\/p>\n<p>(A) I;<\/p>\n<p>(B) II;<\/p>\n<p>(C) III;<\/p>\n<p>(D) I e II;<\/p>\n<p>(E) I, II e III.<\/p>\n<p>&nbsp;<\/p>\n<p>Letra E.<\/p>\n<p>De acordo com art. 8\u00ba, da Resolu\u00e7\u00e3o CONAMA 237\/97, o Poder P\u00fablico, no exerc\u00edcio de sua compet\u00eancia de controle, expedir\u00e1 as seguintes licen\u00e7as:<\/p>\n<p>I &#8211; Licen\u00e7a Pr\u00e9via (LP) &#8211; concedida na fase preliminar do planejamento do empreendimento ou atividade aprovando sua localiza\u00e7\u00e3o e concep\u00e7\u00e3o, atestando a viabilidade ambiental e estabelecendo os requisitos b\u00e1sicos e condicionantes a serem atendidos nas pr\u00f3ximas fases de sua implementa\u00e7\u00e3o;<\/p>\n<p>II &#8211; Licen\u00e7a de Instala\u00e7\u00e3o (LI) &#8211; autoriza<em>\u00a0<\/em>a instala\u00e7\u00e3o do empreendimento ou atividade de acordo com as especifica\u00e7\u00f5es constantes dos planos, programas e projetos aprovados, incluindo as medidas de controle ambiental e demais condicionantes<em>,\u00a0<\/em>da qual constituem motivo determinante;<\/p>\n<p>III &#8211; Licen\u00e7a de Opera\u00e7\u00e3o (LO) &#8211; autoriza<em>\u00a0<\/em>a opera\u00e7\u00e3o da atividade ou empreendimento, ap\u00f3s a verifica\u00e7\u00e3o do efetivo cumprimento do que consta das licen\u00e7as anteriores, com as medidas de controle ambiental e condicionantes determinados para a opera\u00e7\u00e3o.<\/p>\n<p>&nbsp;<\/p>\n<p>&nbsp;<\/p>\n<p>70 &#8211; De acordo com a Lei n\u00ba 11.445\/2007, com o objetivo de tutelar o meio ambiente e a sa\u00fade p\u00fablica, saneamento b\u00e1sico \u00e9 definido como o conjunto de servi\u00e7os, infraestruturas e instala\u00e7\u00f5es operacionais de:<\/p>\n<p>(A) coleta e tratamento de res\u00edduos s\u00f3lidos; reuso e reciclagem de res\u00edduos s\u00f3lidos; coleta, direcionamento e tratamento do esgotamento dom\u00e9stico, ilumina\u00e7\u00e3o p\u00fablica;<\/p>\n<p>(B) ilumina\u00e7\u00e3o p\u00fablica; pavimenta\u00e7\u00e3o de vias p\u00fablicas; esgotamento sanit\u00e1rio; limpeza urbana e manejo de res\u00edduos s\u00f3lidos;<\/p>\n<p>(C) coleta, armazenamento, tratamento e reciclagem de res\u00edduos s\u00f3lidos; pavimenta\u00e7\u00e3o de vias p\u00fablicas; esgotamento sanit\u00e1rio;<\/p>\n<p>(D) ilumina\u00e7\u00e3o p\u00fablica; pavimenta\u00e7\u00e3o de vias p\u00fablicas; coleta e tratamento de esgotamento dom\u00e9stico; coleta e manejo de res\u00edduos s\u00f3lidos;<\/p>\n<p>(E) abastecimento de \u00e1gua pot\u00e1vel; esgotamento sanit\u00e1rio; limpeza urbana e manejo de res\u00edduos s\u00f3lidos; drenagem e manejo das \u00e1guas pluviais.<\/p>\n<p>LETRA E.<\/p>\n<p>Saneamento b\u00e1sico \u00e9 o conjunto de servi\u00e7os, infraestruturas e instala\u00e7\u00f5es operacionais de:<\/p>\n<p>a) abastecimento de \u00e1gua pot\u00e1vel, constitu\u00eddo pelas atividades, pela disponibiliza\u00e7\u00e3o, pela manuten\u00e7\u00e3o, pela infraestrutura e pelas instala\u00e7\u00f5es necess\u00e1rias ao abastecimento p\u00fablico de \u00e1gua pot\u00e1vel, desde a capta\u00e7\u00e3o at\u00e9 as liga\u00e7\u00f5es prediais e os seus instrumentos de medi\u00e7\u00e3o;<\/p>\n<p>b) esgotamento sanit\u00e1rio, constitu\u00eddo pelas atividades, pela disponibiliza\u00e7\u00e3o e pela manuten\u00e7\u00e3o de infraestrutura e das instala\u00e7\u00f5es operacionais de coleta, transporte, tratamento e disposi\u00e7\u00e3o final adequados dos esgotos sanit\u00e1rios, desde as liga\u00e7\u00f5es prediais at\u00e9 a sua destina\u00e7\u00e3o final para a produ\u00e7\u00e3o de \u00e1gua de reuso ou o seu lan\u00e7amento final no meio ambiente;<\/p>\n<p>c) limpeza urbana e manejo de res\u00edduos s\u00f3lidos, constitu\u00eddos pelas atividades, pela infraestrutura e pelas instala\u00e7\u00f5es operacionais de coleta, transporte, transbordo, tratamento e destino final dos res\u00edduos s\u00f3lidos domiciliares e dos res\u00edduos de limpeza urbanas; e<\/p>\n<p>d) drenagem e manejo das \u00e1guas pluviais urbanas, constitu\u00eddos pelas atividades, pela infraestrutura e pelas instala\u00e7\u00f5es operacionais de drenagem de \u00e1guas pluviais, de transporte, deten\u00e7\u00e3o ou reten\u00e7\u00e3o para o amortecimento de vaz\u00f5es de cheias, tratamento e disposi\u00e7\u00e3o final das \u00e1guas pluviais drenadas, contempladas a limpeza e a fiscaliza\u00e7\u00e3o preventiva das redes;<\/p>\n<p>Espero que tenham acertado!<\/p>\n<p>Abra\u00e7os e sucesso.<\/p>\n<p>Rosenval<\/p>\n","protected":false},"excerpt":{"rendered":"<p>Ol\u00e1, pessoal! Seguem as quest\u00f5es de direito ambiental da prova de Arquiteto do TJ SC. Foram quest\u00f5es tranquilas e abordadas nas aulas. 69 &#8211; Considere as afirmativas abaixo sobre os diversos tipos de licen\u00e7a expedidas pelo poder p\u00fablico, segundo a Resolu\u00e7\u00e3o CONAMA n\u00ba 237: I &#8211; A Licen\u00e7a Pr\u00e9via (LP) \u00e9 concedida na fase preliminar [&hellip;]<\/p>\n","protected":false},"author":73,"featured_media":0,"comment_status":"open","ping_status":"closed","sticky":false,"template":"","format":"standard","meta":{"post_tipo":"article","footnotes":""},"categories":[1],"tags":[],"tax_estado":[],"class_list":["post-133000","post","type-post","status-publish","format-standard","hentry","category-cursos-e-concursos"],"acf":[],"yoast_head":"<!-- This site is optimized with the Yoast SEO Premium plugin v27.2 (Yoast SEO v27.2) - https:\/\/yoast.com\/product\/yoast-seo-premium-wordpress\/ -->\n<title>Quest\u00f5es de Direito Ambiental comentadas - Arquiteto TJ SC<\/title>\n<meta name=\"description\" content=\"Quest\u00f5es comentadas de direito ambiental da prova de Arquiteto do Concurso TJ SC 2018. Foram quest\u00f5es sobre a Resolu\u00e7\u00e3o CONAMA n\u00ba 237 e Lei n\u00ba 11.445\/2007.\" \/>\n<meta name=\"robots\" content=\"index, follow, max-snippet:-1, max-image-preview:large, max-video-preview:-1\" \/>\n<link rel=\"canonical\" href=\"https:\/\/www.estrategiaconcursos.com.br\/blog\/questoes-de-ambiental-comentadas-arquiteto-tj-sc\/\" \/>\n<meta property=\"og:locale\" content=\"pt_BR\" \/>\n<meta property=\"og:type\" content=\"article\" \/>\n<meta property=\"og:title\" content=\"Quest\u00f5es de Direito Ambiental comentadas - Arquiteto TJ SC\" \/>\n<meta property=\"og:description\" content=\"Quest\u00f5es comentadas de direito ambiental da prova de Arquiteto do Concurso TJ SC 2018. Foram quest\u00f5es sobre a Resolu\u00e7\u00e3o CONAMA n\u00ba 237 e Lei n\u00ba 11.445\/2007.\" \/>\n<meta property=\"og:url\" content=\"https:\/\/www.estrategiaconcursos.com.br\/blog\/questoes-de-ambiental-comentadas-arquiteto-tj-sc\/\" \/>\n<meta property=\"og:site_name\" content=\"Estrat\u00e9gia Concursos\" \/>\n<meta property=\"article:author\" content=\"https:\/\/www.facebook.com\/rosenvaljr\" \/>\n<meta property=\"article:published_time\" content=\"2018-07-26T14:32:41+00:00\" \/>\n<meta property=\"article:modified_time\" content=\"2018-07-26T15:00:19+00:00\" \/>\n<meta name=\"author\" content=\"Rosenval J\u00fanior\" \/>\n<meta name=\"twitter:card\" content=\"summary_large_image\" \/>\n<meta name=\"twitter:creator\" content=\"@EstratConcursos\" \/>\n<meta name=\"twitter:site\" content=\"@EstratConcursos\" \/>\n<meta name=\"twitter:label1\" content=\"Escrito por\" \/>\n\t<meta name=\"twitter:data1\" content=\"Rosenval J\u00fanior\" \/>\n\t<meta name=\"twitter:label2\" content=\"Est. tempo de leitura\" \/>\n\t<meta name=\"twitter:data2\" content=\"4 minutos\" \/>\n<script type=\"application\/ld+json\" class=\"yoast-schema-graph\">{\"@context\":\"https:\/\/schema.org\",\"@graph\":[{\"@type\":\"NewsArticle\",\"@id\":\"https:\/\/www.estrategiaconcursos.com.br\/blog\/questoes-de-ambiental-comentadas-arquiteto-tj-sc\/#article\",\"isPartOf\":{\"@id\":\"https:\/\/www.estrategiaconcursos.com.br\/blog\/questoes-de-ambiental-comentadas-arquiteto-tj-sc\/\"},\"author\":{\"name\":\"Rosenval J\u00fanior\",\"@id\":\"https:\/\/www.estrategiaconcursos.com.br\/blog\/#\/schema\/person\/3489eb8fb39ff11193689cf7762b03b0\"},\"headline\":\"Quest\u00f5es de Direito Ambiental comentadas &#8211; Arquiteto TJ SC\",\"datePublished\":\"2018-07-26T14:32:41+00:00\",\"dateModified\":\"2018-07-26T15:00:19+00:00\",\"mainEntityOfPage\":{\"@id\":\"https:\/\/www.estrategiaconcursos.com.br\/blog\/questoes-de-ambiental-comentadas-arquiteto-tj-sc\/\"},\"wordCount\":768,\"commentCount\":0,\"publisher\":{\"@id\":\"https:\/\/www.estrategiaconcursos.com.br\/blog\/#organization\"},\"articleSection\":[\"Concursos P\u00fablicos\"],\"inLanguage\":\"pt-BR\",\"potentialAction\":[{\"@type\":\"CommentAction\",\"name\":\"Comment\",\"target\":[\"https:\/\/www.estrategiaconcursos.com.br\/blog\/questoes-de-ambiental-comentadas-arquiteto-tj-sc\/#respond\"]}],\"copyrightYear\":\"2018\",\"copyrightHolder\":{\"@id\":\"https:\/\/www.estrategiaconcursos.com.br\/blog\/#organization\"}},{\"@type\":\"WebPage\",\"@id\":\"https:\/\/www.estrategiaconcursos.com.br\/blog\/questoes-de-ambiental-comentadas-arquiteto-tj-sc\/\",\"url\":\"https:\/\/www.estrategiaconcursos.com.br\/blog\/questoes-de-ambiental-comentadas-arquiteto-tj-sc\/\",\"name\":\"Quest\u00f5es de Direito Ambiental comentadas - Arquiteto TJ SC\",\"isPartOf\":{\"@id\":\"https:\/\/www.estrategiaconcursos.com.br\/blog\/#website\"},\"datePublished\":\"2018-07-26T14:32:41+00:00\",\"dateModified\":\"2018-07-26T15:00:19+00:00\",\"description\":\"Quest\u00f5es comentadas de direito ambiental da prova de Arquiteto do Concurso TJ SC 2018. Foram quest\u00f5es sobre a Resolu\u00e7\u00e3o CONAMA n\u00ba 237 e Lei n\u00ba 11.445\/2007.\",\"breadcrumb\":{\"@id\":\"https:\/\/www.estrategiaconcursos.com.br\/blog\/questoes-de-ambiental-comentadas-arquiteto-tj-sc\/#breadcrumb\"},\"inLanguage\":\"pt-BR\",\"potentialAction\":[{\"@type\":\"ReadAction\",\"target\":[\"https:\/\/www.estrategiaconcursos.com.br\/blog\/questoes-de-ambiental-comentadas-arquiteto-tj-sc\/\"]}]},{\"@type\":\"BreadcrumbList\",\"@id\":\"https:\/\/www.estrategiaconcursos.com.br\/blog\/questoes-de-ambiental-comentadas-arquiteto-tj-sc\/#breadcrumb\",\"itemListElement\":[{\"@type\":\"ListItem\",\"position\":1,\"name\":\"In\u00edcio\",\"item\":\"https:\/\/www.estrategiaconcursos.com.br\/blog\/\"},{\"@type\":\"ListItem\",\"position\":2,\"name\":\"Quest\u00f5es de Direito Ambiental comentadas &#8211; Arquiteto TJ SC\"}]},{\"@type\":\"WebSite\",\"@id\":\"https:\/\/www.estrategiaconcursos.com.br\/blog\/#website\",\"url\":\"https:\/\/www.estrategiaconcursos.com.br\/blog\/\",\"name\":\"Estrat\u00e9gia Concursos\",\"description\":\"O blog da Estrat\u00e9gia Concursos traz not\u00edcias sobre concursos e artigos de professores oferecendo cursos para concursos (pdf + videaulas) no site.\",\"publisher\":{\"@id\":\"https:\/\/www.estrategiaconcursos.com.br\/blog\/#organization\"},\"potentialAction\":[{\"@type\":\"SearchAction\",\"target\":{\"@type\":\"EntryPoint\",\"urlTemplate\":\"https:\/\/www.estrategiaconcursos.com.br\/blog\/?s={search_term_string}\"},\"query-input\":{\"@type\":\"PropertyValueSpecification\",\"valueRequired\":true,\"valueName\":\"search_term_string\"}}],\"inLanguage\":\"pt-BR\"},{\"@type\":\"Organization\",\"@id\":\"https:\/\/www.estrategiaconcursos.com.br\/blog\/#organization\",\"name\":\"Estrat\u00e9gia Concursos\",\"url\":\"https:\/\/www.estrategiaconcursos.com.br\/blog\/\",\"logo\":{\"@type\":\"ImageObject\",\"inLanguage\":\"pt-BR\",\"@id\":\"https:\/\/www.estrategiaconcursos.com.br\/blog\/#\/schema\/logo\/image\/\",\"url\":\"https:\/\/dhg1h5j42swfq.cloudfront.net\/2025\/06\/03203428\/logo_concursos-1.jpg\",\"contentUrl\":\"https:\/\/dhg1h5j42swfq.cloudfront.net\/2025\/06\/03203428\/logo_concursos-1.jpg\",\"width\":230,\"height\":60,\"caption\":\"Estrat\u00e9gia Concursos\"},\"image\":{\"@id\":\"https:\/\/www.estrategiaconcursos.com.br\/blog\/#\/schema\/logo\/image\/\"},\"sameAs\":[\"https:\/\/x.com\/EstratConcursos\"]},{\"@type\":\"Person\",\"@id\":\"https:\/\/www.estrategiaconcursos.com.br\/blog\/#\/schema\/person\/3489eb8fb39ff11193689cf7762b03b0\",\"name\":\"Rosenval J\u00fanior\",\"image\":{\"@type\":\"ImageObject\",\"inLanguage\":\"pt-BR\",\"@id\":\"https:\/\/secure.gravatar.com\/avatar\/dc38e7bcadccb99c8a28b35b027bdc6b8b6a65ee938a25ed335e3e31eed462e0?s=96&d=mm&r=g\",\"url\":\"https:\/\/secure.gravatar.com\/avatar\/dc38e7bcadccb99c8a28b35b027bdc6b8b6a65ee938a25ed335e3e31eed462e0?s=96&d=mm&r=g\",\"contentUrl\":\"https:\/\/secure.gravatar.com\/avatar\/dc38e7bcadccb99c8a28b35b027bdc6b8b6a65ee938a25ed335e3e31eed462e0?s=96&d=mm&r=g\",\"caption\":\"Rosenval J\u00fanior\"},\"description\":\"Graduado pela Universidade Federal de Vi\u00e7osa - UFV. P\u00f3s-graduado em Direito Ambiental. Graduado tamb\u00e9m em Gest\u00e3o Ambiental, com tr\u00eas especializa\u00e7\u00f5es na \u00e1rea ambiental. Mestrando em Engenharia Ambiental. Servidor p\u00fablico do Minist\u00e9rio da Justi\u00e7a e professor de Direito Ambiental, Meio Ambiente, Direito Agr\u00e1rio e Direito Urban\u00edstico para concursos p\u00fablicos. Professor de Direito Ambiental para o Exame de Ordem. Aprovado em 15 concursos p\u00fablicos na \u00e1rea de Meio Ambiente como Analista Ambiental do Instituto Brasileiro do Meio Ambiente e dos Recursos Naturais Renov\u00e1veis - IBAMA; Analista Pericial - Especialidade Engenharia Florestal do Minist\u00e9rio P\u00fablico da Uni\u00e3o - MPU; Analista de Infraestrutura - \u00c1rea de Especializa\u00e7\u00e3o Ambiental do Departamento Nacional de Infraestrutura de Transportes - DNIT; Especialista em Regula\u00e7\u00e3o - \u00c1rea Engenharia Ambiental e Engenharia Florestal, com \u00eanfase em Meio Ambiente da Ag\u00eancia Nacional de Transportes Terrestres - ANTT; Consultor Legislativo em Meio Ambiente e Direito Ambiental, Organiza\u00e7\u00e3o Territorial, Desenvolvimento Urbano e Regional da C\u00e2mara dos Deputados; entre outros. Autor do livro \\\"Direito Ambiental para Concursos e Exame de Ordem\\\", Editora Juru\u00e1. Iniciou sua carreira no servi\u00e7o p\u00fablico federal em 2006, quando obteve aprova\u00e7\u00e3o em 1\u00b0 lugar para o cargo de engenheiro florestal da Casa Civil da Presid\u00eancia da Rep\u00fablica\/Arquivo Nacional. Alguns concursos em que foi aprovado: 1\u00b0 lugar para Analista do Minist\u00e9rio P\u00fablico de MG; 1\u00ba lugar para Engenheiro da Casa Civil da Presid\u00eancia da Rep\u00fablica; 1\u00b0 lugar para T\u00e9cnico em Recursos Naturais \u2013 n\u00edvel II \u2013 \u00c1rea Engenharia Florestal do IDAF; 2\u00b0 lugar para Analista Pericial do Minist\u00e9rio P\u00fablico da Uni\u00e3o - MPU; 2\u00b0 lugar para Analista em Reforma e Desenvolvimento Agr\u00e1rio do INCRA; 7\u00ba lugar Engenheiro J\u00fanior da Caixa Econ\u00f4mica Federal; 10\u00ba lugar para Analista Ambiental do Instituto Estadual de Florestas - IEF\/MG; 6\u00ba lugar para Analista de Infraestrutura (\u00c1rea de Especializa\u00e7\u00e3o Ambiental) do Departamento Nacional de Infraestrutura de Transportes \u2013 DNIT (Prova objetiva e discursiva); 2\u00b0 lugar para Perito Criminal da Pol\u00edcia Civil do Estado do Rio de Janeiro \u2013PCERJ (Resultado na Prova objetiva, TAF, Avalia\u00e7\u00e3o M\u00e9dica, e Psicot\u00e9cnico); 10\u00ba lugar para Perito Criminal da Pol\u00edcia Federal \u2013 DPF \u2013 \u00c1rea 9 (Resultado definitivo na prova objetiva e discursiva); 2\u00b0 lugar para Analista Ambiental do Instituto Brasileiro do Meio Ambiente e dos Recursos Naturais Renov\u00e1veis \u2013 IBAMA (Prova objetiva e discursiva); 1\u00b0 lugar para Especialista em Regula\u00e7\u00e3o Engenharia Ambiental e Engenharia Florestal (com \u00eanfase em meio ambiente) da Ag\u00eancia Nacional de Transportes Terrestres - ANTT (Resultado da prova objetiva, discursiva e de t\u00edtulos); 10\u00ba lugar para Consultor Legislativo em Meio Ambiente e Direito Ambiental, Organiza\u00e7\u00e3o Territorial, Desenvolvimento Urbano e Regional da C\u00e2mara dos Deputados. (Resultado da prova objetiva, discursiva e de t\u00edtulos) Entre em contato comigo pelo facebook e pelo Youtube. Basta colocar na busca: Rosenval J\u00fanior. Ou copiar e colar o endere\u00e7o: www.facebook.com\/rosenvaljr Acesse o meu site e saiba mais: www.aprendadireitoambiental.com.br\",\"sameAs\":[\"http:\/\/www.aprendadireitoambiental.com.br\",\"https:\/\/www.facebook.com\/rosenvaljr\"],\"url\":\"https:\/\/www.estrategiaconcursos.com.br\/blog\/author\/rosenvaljuniorestrategiaconcursos-com-br\/\"}]}<\/script>\n<!-- \/ Yoast SEO Premium plugin. -->","yoast_head_json":{"title":"Quest\u00f5es de Direito Ambiental comentadas - Arquiteto TJ SC","description":"Quest\u00f5es comentadas de direito ambiental da prova de Arquiteto do Concurso TJ SC 2018. Foram quest\u00f5es sobre a Resolu\u00e7\u00e3o CONAMA n\u00ba 237 e Lei n\u00ba 11.445\/2007.","robots":{"index":"index","follow":"follow","max-snippet":"max-snippet:-1","max-image-preview":"max-image-preview:large","max-video-preview":"max-video-preview:-1"},"canonical":"https:\/\/www.estrategiaconcursos.com.br\/blog\/questoes-de-ambiental-comentadas-arquiteto-tj-sc\/","og_locale":"pt_BR","og_type":"article","og_title":"Quest\u00f5es de Direito Ambiental comentadas - Arquiteto TJ SC","og_description":"Quest\u00f5es comentadas de direito ambiental da prova de Arquiteto do Concurso TJ SC 2018. Foram quest\u00f5es sobre a Resolu\u00e7\u00e3o CONAMA n\u00ba 237 e Lei n\u00ba 11.445\/2007.","og_url":"https:\/\/www.estrategiaconcursos.com.br\/blog\/questoes-de-ambiental-comentadas-arquiteto-tj-sc\/","og_site_name":"Estrat\u00e9gia Concursos","article_author":"https:\/\/www.facebook.com\/rosenvaljr","article_published_time":"2018-07-26T14:32:41+00:00","article_modified_time":"2018-07-26T15:00:19+00:00","author":"Rosenval J\u00fanior","twitter_card":"summary_large_image","twitter_creator":"@EstratConcursos","twitter_site":"@EstratConcursos","twitter_misc":{"Escrito por":"Rosenval J\u00fanior","Est. tempo de leitura":"4 minutos"},"schema":{"@context":"https:\/\/schema.org","@graph":[{"@type":"NewsArticle","@id":"https:\/\/www.estrategiaconcursos.com.br\/blog\/questoes-de-ambiental-comentadas-arquiteto-tj-sc\/#article","isPartOf":{"@id":"https:\/\/www.estrategiaconcursos.com.br\/blog\/questoes-de-ambiental-comentadas-arquiteto-tj-sc\/"},"author":{"name":"Rosenval J\u00fanior","@id":"https:\/\/www.estrategiaconcursos.com.br\/blog\/#\/schema\/person\/3489eb8fb39ff11193689cf7762b03b0"},"headline":"Quest\u00f5es de Direito Ambiental comentadas &#8211; Arquiteto TJ SC","datePublished":"2018-07-26T14:32:41+00:00","dateModified":"2018-07-26T15:00:19+00:00","mainEntityOfPage":{"@id":"https:\/\/www.estrategiaconcursos.com.br\/blog\/questoes-de-ambiental-comentadas-arquiteto-tj-sc\/"},"wordCount":768,"commentCount":0,"publisher":{"@id":"https:\/\/www.estrategiaconcursos.com.br\/blog\/#organization"},"articleSection":["Concursos P\u00fablicos"],"inLanguage":"pt-BR","potentialAction":[{"@type":"CommentAction","name":"Comment","target":["https:\/\/www.estrategiaconcursos.com.br\/blog\/questoes-de-ambiental-comentadas-arquiteto-tj-sc\/#respond"]}],"copyrightYear":"2018","copyrightHolder":{"@id":"https:\/\/www.estrategiaconcursos.com.br\/blog\/#organization"}},{"@type":"WebPage","@id":"https:\/\/www.estrategiaconcursos.com.br\/blog\/questoes-de-ambiental-comentadas-arquiteto-tj-sc\/","url":"https:\/\/www.estrategiaconcursos.com.br\/blog\/questoes-de-ambiental-comentadas-arquiteto-tj-sc\/","name":"Quest\u00f5es de Direito Ambiental comentadas - Arquiteto TJ SC","isPartOf":{"@id":"https:\/\/www.estrategiaconcursos.com.br\/blog\/#website"},"datePublished":"2018-07-26T14:32:41+00:00","dateModified":"2018-07-26T15:00:19+00:00","description":"Quest\u00f5es comentadas de direito ambiental da prova de Arquiteto do Concurso TJ SC 2018. Foram quest\u00f5es sobre a Resolu\u00e7\u00e3o CONAMA n\u00ba 237 e Lei n\u00ba 11.445\/2007.","breadcrumb":{"@id":"https:\/\/www.estrategiaconcursos.com.br\/blog\/questoes-de-ambiental-comentadas-arquiteto-tj-sc\/#breadcrumb"},"inLanguage":"pt-BR","potentialAction":[{"@type":"ReadAction","target":["https:\/\/www.estrategiaconcursos.com.br\/blog\/questoes-de-ambiental-comentadas-arquiteto-tj-sc\/"]}]},{"@type":"BreadcrumbList","@id":"https:\/\/www.estrategiaconcursos.com.br\/blog\/questoes-de-ambiental-comentadas-arquiteto-tj-sc\/#breadcrumb","itemListElement":[{"@type":"ListItem","position":1,"name":"In\u00edcio","item":"https:\/\/www.estrategiaconcursos.com.br\/blog\/"},{"@type":"ListItem","position":2,"name":"Quest\u00f5es de Direito Ambiental comentadas &#8211; Arquiteto TJ SC"}]},{"@type":"WebSite","@id":"https:\/\/www.estrategiaconcursos.com.br\/blog\/#website","url":"https:\/\/www.estrategiaconcursos.com.br\/blog\/","name":"Estrat\u00e9gia Concursos","description":"O blog da Estrat\u00e9gia Concursos traz not\u00edcias sobre concursos e artigos de professores oferecendo cursos para concursos (pdf + videaulas) no site.","publisher":{"@id":"https:\/\/www.estrategiaconcursos.com.br\/blog\/#organization"},"potentialAction":[{"@type":"SearchAction","target":{"@type":"EntryPoint","urlTemplate":"https:\/\/www.estrategiaconcursos.com.br\/blog\/?s={search_term_string}"},"query-input":{"@type":"PropertyValueSpecification","valueRequired":true,"valueName":"search_term_string"}}],"inLanguage":"pt-BR"},{"@type":"Organization","@id":"https:\/\/www.estrategiaconcursos.com.br\/blog\/#organization","name":"Estrat\u00e9gia Concursos","url":"https:\/\/www.estrategiaconcursos.com.br\/blog\/","logo":{"@type":"ImageObject","inLanguage":"pt-BR","@id":"https:\/\/www.estrategiaconcursos.com.br\/blog\/#\/schema\/logo\/image\/","url":"https:\/\/dhg1h5j42swfq.cloudfront.net\/2025\/06\/03203428\/logo_concursos-1.jpg","contentUrl":"https:\/\/dhg1h5j42swfq.cloudfront.net\/2025\/06\/03203428\/logo_concursos-1.jpg","width":230,"height":60,"caption":"Estrat\u00e9gia Concursos"},"image":{"@id":"https:\/\/www.estrategiaconcursos.com.br\/blog\/#\/schema\/logo\/image\/"},"sameAs":["https:\/\/x.com\/EstratConcursos"]},{"@type":"Person","@id":"https:\/\/www.estrategiaconcursos.com.br\/blog\/#\/schema\/person\/3489eb8fb39ff11193689cf7762b03b0","name":"Rosenval J\u00fanior","image":{"@type":"ImageObject","inLanguage":"pt-BR","@id":"https:\/\/secure.gravatar.com\/avatar\/dc38e7bcadccb99c8a28b35b027bdc6b8b6a65ee938a25ed335e3e31eed462e0?s=96&d=mm&r=g","url":"https:\/\/secure.gravatar.com\/avatar\/dc38e7bcadccb99c8a28b35b027bdc6b8b6a65ee938a25ed335e3e31eed462e0?s=96&d=mm&r=g","contentUrl":"https:\/\/secure.gravatar.com\/avatar\/dc38e7bcadccb99c8a28b35b027bdc6b8b6a65ee938a25ed335e3e31eed462e0?s=96&d=mm&r=g","caption":"Rosenval J\u00fanior"},"description":"Graduado pela Universidade Federal de Vi\u00e7osa - UFV. P\u00f3s-graduado em Direito Ambiental. Graduado tamb\u00e9m em Gest\u00e3o Ambiental, com tr\u00eas especializa\u00e7\u00f5es na \u00e1rea ambiental. Mestrando em Engenharia Ambiental. Servidor p\u00fablico do Minist\u00e9rio da Justi\u00e7a e professor de Direito Ambiental, Meio Ambiente, Direito Agr\u00e1rio e Direito Urban\u00edstico para concursos p\u00fablicos. Professor de Direito Ambiental para o Exame de Ordem. Aprovado em 15 concursos p\u00fablicos na \u00e1rea de Meio Ambiente como Analista Ambiental do Instituto Brasileiro do Meio Ambiente e dos Recursos Naturais Renov\u00e1veis - IBAMA; Analista Pericial - Especialidade Engenharia Florestal do Minist\u00e9rio P\u00fablico da Uni\u00e3o - MPU; Analista de Infraestrutura - \u00c1rea de Especializa\u00e7\u00e3o Ambiental do Departamento Nacional de Infraestrutura de Transportes - DNIT; Especialista em Regula\u00e7\u00e3o - \u00c1rea Engenharia Ambiental e Engenharia Florestal, com \u00eanfase em Meio Ambiente da Ag\u00eancia Nacional de Transportes Terrestres - ANTT; Consultor Legislativo em Meio Ambiente e Direito Ambiental, Organiza\u00e7\u00e3o Territorial, Desenvolvimento Urbano e Regional da C\u00e2mara dos Deputados; entre outros. Autor do livro \"Direito Ambiental para Concursos e Exame de Ordem\", Editora Juru\u00e1. Iniciou sua carreira no servi\u00e7o p\u00fablico federal em 2006, quando obteve aprova\u00e7\u00e3o em 1\u00b0 lugar para o cargo de engenheiro florestal da Casa Civil da Presid\u00eancia da Rep\u00fablica\/Arquivo Nacional. Alguns concursos em que foi aprovado: 1\u00b0 lugar para Analista do Minist\u00e9rio P\u00fablico de MG; 1\u00ba lugar para Engenheiro da Casa Civil da Presid\u00eancia da Rep\u00fablica; 1\u00b0 lugar para T\u00e9cnico em Recursos Naturais \u2013 n\u00edvel II \u2013 \u00c1rea Engenharia Florestal do IDAF; 2\u00b0 lugar para Analista Pericial do Minist\u00e9rio P\u00fablico da Uni\u00e3o - MPU; 2\u00b0 lugar para Analista em Reforma e Desenvolvimento Agr\u00e1rio do INCRA; 7\u00ba lugar Engenheiro J\u00fanior da Caixa Econ\u00f4mica Federal; 10\u00ba lugar para Analista Ambiental do Instituto Estadual de Florestas - IEF\/MG; 6\u00ba lugar para Analista de Infraestrutura (\u00c1rea de Especializa\u00e7\u00e3o Ambiental) do Departamento Nacional de Infraestrutura de Transportes \u2013 DNIT (Prova objetiva e discursiva); 2\u00b0 lugar para Perito Criminal da Pol\u00edcia Civil do Estado do Rio de Janeiro \u2013PCERJ (Resultado na Prova objetiva, TAF, Avalia\u00e7\u00e3o M\u00e9dica, e Psicot\u00e9cnico); 10\u00ba lugar para Perito Criminal da Pol\u00edcia Federal \u2013 DPF \u2013 \u00c1rea 9 (Resultado definitivo na prova objetiva e discursiva); 2\u00b0 lugar para Analista Ambiental do Instituto Brasileiro do Meio Ambiente e dos Recursos Naturais Renov\u00e1veis \u2013 IBAMA (Prova objetiva e discursiva); 1\u00b0 lugar para Especialista em Regula\u00e7\u00e3o Engenharia Ambiental e Engenharia Florestal (com \u00eanfase em meio ambiente) da Ag\u00eancia Nacional de Transportes Terrestres - ANTT (Resultado da prova objetiva, discursiva e de t\u00edtulos); 10\u00ba lugar para Consultor Legislativo em Meio Ambiente e Direito Ambiental, Organiza\u00e7\u00e3o Territorial, Desenvolvimento Urbano e Regional da C\u00e2mara dos Deputados. (Resultado da prova objetiva, discursiva e de t\u00edtulos) Entre em contato comigo pelo facebook e pelo Youtube. Basta colocar na busca: Rosenval J\u00fanior. Ou copiar e colar o endere\u00e7o: www.facebook.com\/rosenvaljr Acesse o meu site e saiba mais: www.aprendadireitoambiental.com.br","sameAs":["http:\/\/www.aprendadireitoambiental.com.br","https:\/\/www.facebook.com\/rosenvaljr"],"url":"https:\/\/www.estrategiaconcursos.com.br\/blog\/author\/rosenvaljuniorestrategiaconcursos-com-br\/"}]}},"_links":{"self":[{"href":"https:\/\/www.estrategiaconcursos.com.br\/blog\/wp-json\/wp\/v2\/posts\/133000","targetHints":{"allow":["GET"]}}],"collection":[{"href":"https:\/\/www.estrategiaconcursos.com.br\/blog\/wp-json\/wp\/v2\/posts"}],"about":[{"href":"https:\/\/www.estrategiaconcursos.com.br\/blog\/wp-json\/wp\/v2\/types\/post"}],"author":[{"embeddable":true,"href":"https:\/\/www.estrategiaconcursos.com.br\/blog\/wp-json\/wp\/v2\/users\/73"}],"replies":[{"embeddable":true,"href":"https:\/\/www.estrategiaconcursos.com.br\/blog\/wp-json\/wp\/v2\/comments?post=133000"}],"version-history":[{"count":3,"href":"https:\/\/www.estrategiaconcursos.com.br\/blog\/wp-json\/wp\/v2\/posts\/133000\/revisions"}],"predecessor-version":[{"id":133032,"href":"https:\/\/www.estrategiaconcursos.com.br\/blog\/wp-json\/wp\/v2\/posts\/133000\/revisions\/133032"}],"wp:attachment":[{"href":"https:\/\/www.estrategiaconcursos.com.br\/blog\/wp-json\/wp\/v2\/media?parent=133000"}],"wp:term":[{"taxonomy":"category","embeddable":true,"href":"https:\/\/www.estrategiaconcursos.com.br\/blog\/wp-json\/wp\/v2\/categories?post=133000"},{"taxonomy":"post_tag","embeddable":true,"href":"https:\/\/www.estrategiaconcursos.com.br\/blog\/wp-json\/wp\/v2\/tags?post=133000"},{"taxonomy":"tax_estado","embeddable":true,"href":"https:\/\/www.estrategiaconcursos.com.br\/blog\/wp-json\/wp\/v2\/tax_estado?post=133000"}],"curies":[{"name":"wp","href":"https:\/\/api.w.org\/{rel}","templated":true}]}}