{"id":132977,"date":"2020-04-06T14:04:00","date_gmt":"2020-04-06T17:04:00","guid":{"rendered":"https:\/\/www.estrategiaconcursos.com.br\/blog\/?p=132977"},"modified":"2020-04-07T08:49:11","modified_gmt":"2020-04-07T11:49:11","slug":"edital-concurso-sesma","status":"publish","type":"post","link":"https:\/\/www.estrategiaconcursos.com.br\/blog\/edital-concurso-sesma\/","title":{"rendered":"Edital SESMA Bel\u00e9m: Inscri\u00e7\u00f5es encerradas e diversas vagas para n\u00edvel m\u00e9dio"},"content":{"rendered":"\n<p> O <em>edital do Processo Seletivo Simplificado<\/em> da\u00a0<strong>Secretaria Municipal de Sa\u00fade Bel\u00e9m<\/strong>\u00a0(concurso Sesma Bel\u00e9m), no Estado do Par\u00e1 visa ofertar aos candidatos\u00a0533 vagas mais 88 de Cadastro de Reserva<em>\u00a0e 295 vagas para Agente Comunit\u00e1rio de Sa\u00fade<\/em>. <\/p>\n\n\n\n<p>Apesar de ter sua prova suspensa por conta da pandemia de Covid-19, o edital manteve suas inscri\u00e7\u00f5es abertas at\u00e9 o dia 06 de abril.<\/p>\n\n\n\n<h2 class=\"wp-block-heading\">Principais informa\u00e7\u00f5es do concurso SESMA Bel\u00e9m<\/h2>\n\n\n\n<p>Os candidatos interessados pelas vagas do certame, deveriam se<strong>\u00a0inscrever<\/strong>\u00a0no site da banca organizadora, a\u00a0\u00a0<em>Funda\u00e7\u00e3o de Ampara e Desenvolvimento da Pesquisa (Fadesp)<\/em>\u00a0entre os dias,<strong>\u00a013 de mar\u00e7o a 06 de abril de 2020<\/strong>. Ap\u00f3s realizar a inscri\u00e7\u00e3o os concurseiros deveriam pagar uma taxa que varia conforme o grau de forma\u00e7\u00e3o.<em>\u00a0Confira abaixo:<\/em><\/p>\n\n\n\n<p><strong>Taxa de inscri\u00e7\u00e3o<\/strong><\/p>\n\n\n\n<ul class=\"wp-block-list\"><li>N\u00edvel M\u00e9dio \u2013 R$ 58,00<\/li><\/ul>\n\n\n\n<p>Os candidatos que necessitarem da\u00a0<strong><em>isen\u00e7\u00e3o da taxa de inscri\u00e7\u00e3o<\/em><\/strong>\u00a0deveriam solicitar atrav\u00e9s do portal online da\u00a0<strong><em>Fadesp<\/em>\u00a0<\/strong>entre os dias,\u00a0\u00a0<em>13 a 17 de mar\u00e7o de 2020\u00a0<\/em>. <s>A\u00a0<em>prova objetiva<\/em>\u00a0para\u00a0<em>todos os cargos\u00a0<\/em>ser\u00e1 efetuada no dia\u00a0<strong>19 de abril de 2020.<\/strong><\/s> SUSPENSO<\/p>\n\n\n\n<h3 class=\"wp-block-heading\">Principais Datas<\/h3>\n\n\n\n<p class=\"has-background has-very-light-gray-background-color\"><strong><em>Inscri\u00e7\u00f5es<\/em><\/strong><em>:\u00a0<s>13 de mar\u00e7o a 06 de abril de 2020<\/s><br \/><\/em><strong><em>Isen\u00e7\u00e3o da taxa<\/em><\/strong><em>:\u00a0<s>13 a 17 de mar\u00e7o de 2020<\/s><\/em><br \/><strong><em>Prova objetiva<\/em><\/strong><em>:\u00a0<s>19 de abril de 2020<\/s><\/em> (suspenso)<\/p>\n\n\n\n<h2 class=\"wp-block-heading\">Cargos, vagas e Remunera\u00e7\u00f5es \u2013 concurso SESMA Bel\u00e9m<\/h2>\n\n\n\n<p>O Concurso SESMA Bel\u00e9m oferta 533 vagas mais 88 CR<em>&nbsp;vagas para Agente Comunit\u00e1rio de Sa\u00fade e<\/em>&nbsp;para 295 vagas Agente de Combate \u00e0 Endemias. Confira abaixo mais detalhes sobre as oportunidades ofertadas:<\/p>\n\n\n\n<p><strong>AGENTE COMUNIT\u00c1RIO DE SA\u00daDE<\/strong><\/p>\n\n\n\n<figure class=\"wp-block-table is-style-stripes\"><table><tbody><tr><td><strong>DISTRITO<\/strong><\/td><td><strong>VAGAS<\/strong><\/td><td><strong>CADASTRO RESERVA<\/strong><\/td><\/tr><tr><td>D\u2019AGUA<\/td><td>34<\/td><td>12<\/td><\/tr><tr><td>DASAC<\/td><td>123<\/td><td>3<\/td><\/tr><tr><td>DAENT<\/td><td>41<\/td><td>6<\/td><\/tr><tr><td>DABEN<\/td><td>62<\/td><td>6<\/td><\/tr><tr><td>DAICO<\/td><td>76<\/td><td>12<\/td><\/tr><tr><td>DAOUT<\/td><td>16<\/td><td>0<\/td><\/tr><tr><td>DAMOS<\/td><td>61<\/td><td>4<\/td><\/tr><tr><td>D\u2019AGUA<\/td><td>40<\/td><td>10<\/td><\/tr><tr><td>DAENTE<\/td><td>32<\/td><td>8<\/td><\/tr><tr><td>DAICO<\/td><td>32<\/td><td>8<\/td><\/tr><tr><td>DABEL<\/td><td>8<\/td><td>2<\/td><\/tr><tr><td>DABEN<\/td><td>8<\/td><td>2<\/td><\/tr><tr><td><strong>Total<\/strong><\/td><td><strong>533<\/strong><\/td><td><strong>84<\/strong><\/td><\/tr><\/tbody><\/table><\/figure>\n\n\n\n<p><strong>AGENTE DE COMBATE \u00c0 ENDEMIAS<\/strong><\/p>\n\n\n\n<figure class=\"wp-block-table is-style-stripes\"><table><tbody><tr><td><strong>DISTRITO<\/strong><\/td><td><strong>VAGAS<\/strong><\/td><\/tr><tr><td>PMCD\/D\u2019AGUA<\/td><td>50<\/td><\/tr><tr><td>PMCD\/DABEL<\/td><td>50<\/td><\/tr><tr><td>PMCD\/DASAC<\/td><td>30<\/td><\/tr><tr><td>PMCD\/DAENT<\/td><td>30<\/td><\/tr><tr><td>PMCD\/DABEN<\/td><td>55<\/td><\/tr><tr><td>PMCD\/DAICO<\/td><td>40<\/td><\/tr><tr><td>PMCD\/DAOUT<\/td><td>20<\/td><\/tr><tr><td>PMCD\/DAMOS<\/td><td>20<\/td><\/tr><tr><td><strong>Total<\/strong><\/td><td><strong>295<\/strong><\/td><\/tr><\/tbody><\/table><\/figure>\n\n\n\n<p>O Vencimento base para os cargos ofertadas \u00e9 de&nbsp;<strong>R$ 1.400,00.&nbsp;<\/strong>Para concorrer a uma vaga, \u00e9 necess\u00e1rio possuir:<\/p>\n\n\n\n<ul class=\"wp-block-list\"><li><em>Ter conclu\u00eddo com aproveitamento, curso de forma\u00e7\u00e3o inicial, com carga hor\u00e1ria m\u00ednima de 40 horas;<\/em><\/li><li><em>Ter conclu\u00eddo Ensino M\u00e9dio.<\/em><\/li><\/ul>\n\n\n\n<h2 class=\"wp-block-heading\">Etapas do concurso SESMA Bel\u00e9m<\/h2>\n\n\n\n<p>O concurso SESMA Bel\u00e9m ser\u00e1 composto de 2 fases:&nbsp;<strong>Prova Objetiva e Curso Introdut\u00f3rio<\/strong>.<\/p>\n\n\n\n<p><strong>Prova Objetiva<\/strong><\/p>\n\n\n\n<p>A 1\u00aa Etapa deste Processo Seletivo P\u00fablico ser\u00e1 constitu\u00edda de uma prova objetiva, com 40 quest\u00f5es objetivas, com 4 alternativas cada.<\/p>\n\n\n\n<p>Ser\u00e3o convocados para 2\u00aa Etapa os candidatos, n\u00e3o reprovados na 1\u00aa Etapa, no quantitativo de at\u00e9 1,5 (um e meio) vezes o n\u00famero de vagas previstas para cada emprego p\u00fablico. Confira abaixo as disciplinas ofertadas:<\/p>\n\n\n\n<figure class=\"wp-block-image\"><img loading=\"lazy\" decoding=\"async\" width=\"519\" height=\"140\" src=\"https:\/\/dhg1h5j42swfq.cloudfront.net\/2020\/03\/13115945\/image-178.png\" alt=\"\" class=\"wp-image-491961\" srcset=\"https:\/\/dhg1h5j42swfq.cloudfront.net\/2020\/03\/13115945\/image-178.png 519w, https:\/\/dhg1h5j42swfq.cloudfront.net\/2020\/03\/13115945\/image-178-300x81.png 300w\" sizes=\"auto, (max-width: 519px) 100vw, 519px\" \/><\/figure>\n\n\n\n<p><strong>Curso Introdut\u00f3rio<\/strong><\/p>\n\n\n\n<p>A 2\u00aa Etapa deste Processo Seletivo P\u00fablico ser\u00e1 constitu\u00edda de um Curso Introdut\u00f3rio com carga hor\u00e1ria de 40 (quarenta) horas e realiza\u00e7\u00e3o de uma prova no final do mesmo, a ser operacionalizado pela Fadesp, sendo de car\u00e1ter eliminat\u00f3rio e classificat\u00f3rio.<\/p>\n\n\n\n<p>Ser\u00e3o considerados aprovados na 2\u00aa Etapa, os candidatos que atingirem frequ\u00eancia m\u00ednima de 75% da carga hor\u00e1ria dos cursos e 50% (cinquenta por cento) do total dos pontos da prova objetiva dessa Etapa.<\/p>\n\n\n\n<p>A avalia\u00e7\u00e3o final do curso ser\u00e1 constitu\u00edda de 25 (vinte e cinco) quest\u00f5es objetivas, com 4 (quatro) alternativas cada, sobre o conte\u00fado ministrado no curso, com peso 4(quatro) para cada quest\u00e3o, totalizando 100 (cem) pontos.<\/p>\n\n\n\n<h2 class=\"wp-block-heading\">\u00daltimo concurso SESMA Bel\u00e9m<\/h2>\n\n\n\n<p>O \u00faltimo concurso SESMA Bel\u00e9m aconteceu em 2019 e ofertou 563 vagas para n\u00edvel m\u00e9dio, t\u00e9cnico e superior. A prova objetiva foram composta de <strong>50 quest\u00f5es<\/strong> distribu\u00eddas por \u00e1reas de conhecimento. Cada quest\u00e3o da prova objetiva ter\u00e1 5 alternativas. <\/p>\n\n\n\n<p>As remunera\u00e7\u00e3o iam de R$ 1.298,62 a  R$ 1.623,28. Certame foi composto de 3 etapas: <\/p>\n\n\n\n<p><strong>1\u00aa: Prova Objetiva <\/strong><em>(Eliminat\u00f3rio e classificat\u00f3rio)<\/em> <br \/><em><strong>2\u00aa: Prova Discursiva&nbsp;<\/strong>(Eliminat\u00f3rio e classificat\u00f3rio)<\/em><br \/><em><strong>3\u00aa: Prova de T\u00edtulos <\/strong>(Classificat\u00f3rio)<\/em><\/p>\n\n\n\n<p class=\"has-text-align-center\"><strong><em><span style=\"font-size: 14pt;\">Gostou dessa oportunidade e deseja se preparar para este concurso?<\/span><\/em><\/strong><br \/><strong><em><span style=\"font-size: 14pt;\">J\u00e1 temos lan\u00e7amos curso para o certame! Confira:<\/span><\/em><\/strong><\/p>\n\n\n\n<p class=\"has-background has-text-align-center has-very-light-gray-background-color\"><a rel=\"noopener noreferrer\" href=\"https:\/\/www.estrategiaconcursos.com.br\/cursosPorConcurso\/secretaria-municipal-de-saude-de-belem-sesma\/\" target=\"_blank\"><strong><span style=\"font-size: 18pt;\">CURSOS PARA CONCURSO SESMA<\/span><\/strong><\/a><\/p>\n\n\n\n<h4 class=\"has-text-align-center wp-block-heading\" id=\"assinatura\"><em><strong>Assinatura Anual Ilimitada*<\/strong><\/em><\/h4>\n\n\n\n<p class=\"has-text-align-center\"><em>Prepare-se com o melhor material e com quem mais aprova em Concursos P\u00fablicos em todo o pa\u00eds. Assine agora a nossa Assinatura Anual e tenha acesso ilimitado* a todos os nossos cursos.<\/em><\/p>\n\n\n\n<p class=\"has-background has-text-align-center has-luminous-vivid-amber-background-color\"><strong>ASSINE AGORA<\/strong>&nbsp;\u2013&nbsp;<a rel=\"noreferrer noopener\" href=\"https:\/\/www.estrategiaconcursos.com.br\/assinaturas\" target=\"_blank\">Assinatura Ilimitada<\/a> <\/p>\n\n\n\n<figure class=\"wp-block-image\"><img decoding=\"async\" src=\"https:\/\/dhg1h5j42swfq.cloudfront.net\/2017\/03\/28152500\/coruja-ficha-tecnica-300x102.png\" alt=\"Ficha T\u00e9cnica Concurso prefeitura de queimados\"\/><\/figure>\n\n\n\n<h4 class=\"wp-block-heading\" id=\"ficha-tecnica\"><strong>Informa\u00e7\u00f5es do&nbsp;<\/strong>Concurso SESMA Bel\u00e9m<\/h4>\n\n\n\n<p>\u25ba<strong>Data prevista:&nbsp;<\/strong>&nbsp;<em>19 de abril de 2020<\/em><strong><br \/>\u25baVagas:&nbsp;<\/strong>&nbsp;&nbsp;828 mais 88 CR<strong><br \/>\u25baLota\u00e7\u00f5es:<\/strong>&nbsp;Bel\u00e9m (PR)<strong><br \/>\u25baBanca:&nbsp;<\/strong>&nbsp;<em>Fadesp<\/em><br \/><strong>\u25baEscolaridade:<\/strong>&nbsp;N\u00edvel m\u00e9dio<br \/><strong>\u25baEdital 2020:&nbsp;<\/strong><a href=\"https:\/\/dhg1h5j42swfq.cloudfront.net\/2020\/03\/13120547\/Edtal-n%C2%B0-01-2020-PMB-SESMA-ACS-ACE.pdf\">SESMA Bel\u00e9m<\/a><\/p>\n","protected":false},"excerpt":{"rendered":"<p>O edital do Processo Seletivo Simplificado da\u00a0Secretaria Municipal de Sa\u00fade Bel\u00e9m\u00a0(concurso Sesma Bel\u00e9m), no Estado do Par\u00e1 visa ofertar aos candidatos\u00a0533 vagas mais 88 de Cadastro de Reserva\u00a0e 295 vagas para Agente Comunit\u00e1rio de Sa\u00fade. Apesar de ter sua prova suspensa por conta da pandemia de Covid-19, o edital manteve suas inscri\u00e7\u00f5es abertas at\u00e9 o [&hellip;]<\/p>\n","protected":false},"author":1,"featured_media":133234,"comment_status":"open","ping_status":"closed","sticky":false,"template":"","format":"standard","meta":{"post_tipo":"news","footnotes":""},"categories":[1,1981],"tags":[],"tax_estado":[],"class_list":["post-132977","post","type-post","status-publish","format-standard","has-post-thumbnail","hentry","category-cursos-e-concursos","category-saude"],"acf":[],"yoast_head":"<!-- This site is optimized with the Yoast SEO Premium plugin v27.2 (Yoast SEO v27.2) - https:\/\/yoast.com\/product\/yoast-seo-premium-wordpress\/ -->\n<title>Concurso SESMA 2018: inscri\u00e7\u00f5es encerradas para o certame que oferta 563 vagas<\/title>\n<meta name=\"description\" content=\"Concurso SESMA 2018: inscri\u00e7\u00f5es encerradas para as 563 vagas para n\u00edvel m\u00e9dio, t\u00e9cnico e superior. Confira os detalhes das pr\u00f3ximas etapas.\" \/>\n<meta name=\"robots\" content=\"index, follow, max-snippet:-1, max-image-preview:large, max-video-preview:-1\" \/>\n<link rel=\"canonical\" href=\"https:\/\/www.estrategiaconcursos.com.br\/blog\/edital-concurso-sesma\/\" \/>\n<meta property=\"og:locale\" content=\"pt_BR\" \/>\n<meta property=\"og:type\" content=\"article\" \/>\n<meta property=\"og:title\" content=\"Edital SESMA Bel\u00e9m: Inscri\u00e7\u00f5es encerradas e diversas vagas para n\u00edvel m\u00e9dio\" \/>\n<meta property=\"og:description\" content=\"Concurso SESMA 2018: inscri\u00e7\u00f5es encerradas para as 563 vagas para n\u00edvel m\u00e9dio, t\u00e9cnico e superior. Confira os detalhes das pr\u00f3ximas etapas.\" \/>\n<meta property=\"og:url\" content=\"https:\/\/www.estrategiaconcursos.com.br\/blog\/edital-concurso-sesma\/\" \/>\n<meta property=\"og:site_name\" content=\"Estrat\u00e9gia Concursos\" \/>\n<meta property=\"article:author\" content=\"https:\/\/www.facebook.com\/EstrategiaConcursos\" \/>\n<meta property=\"article:published_time\" content=\"2020-04-06T17:04:00+00:00\" \/>\n<meta property=\"article:modified_time\" content=\"2020-04-07T11:49:11+00:00\" \/>\n<meta property=\"og:image\" content=\"https:\/\/dhg1h5j42swfq.cloudfront.net\/2018\/07\/27085512\/CONCURSO-SESMA-e1532692536863.jpg\" \/>\n\t<meta property=\"og:image:width\" content=\"400\" \/>\n\t<meta property=\"og:image:height\" content=\"209\" \/>\n\t<meta property=\"og:image:type\" content=\"image\/jpeg\" \/>\n<meta name=\"author\" content=\"Coordena\u00e7\u00e3o\" \/>\n<meta name=\"twitter:card\" content=\"summary_large_image\" \/>\n<meta name=\"twitter:creator\" content=\"@EstratConcursos\" \/>\n<meta name=\"twitter:site\" content=\"@EstratConcursos\" \/>\n<meta name=\"twitter:label1\" content=\"Escrito por\" \/>\n\t<meta name=\"twitter:data1\" content=\"Coordena\u00e7\u00e3o\" \/>\n\t<meta name=\"twitter:label2\" content=\"Est. tempo de leitura\" \/>\n\t<meta name=\"twitter:data2\" content=\"4 minutos\" \/>\n<script type=\"application\/ld+json\" class=\"yoast-schema-graph\">{\"@context\":\"https:\/\/schema.org\",\"@graph\":[{\"@type\":\"NewsArticle\",\"@id\":\"https:\/\/www.estrategiaconcursos.com.br\/blog\/edital-concurso-sesma\/#article\",\"isPartOf\":{\"@id\":\"https:\/\/www.estrategiaconcursos.com.br\/blog\/edital-concurso-sesma\/\"},\"author\":{\"name\":\"Coordena\u00e7\u00e3o\",\"@id\":\"https:\/\/www.estrategiaconcursos.com.br\/blog\/#\/schema\/person\/b4a388c97673c5f483d72185668afa1f\"},\"headline\":\"Edital SESMA Bel\u00e9m: Inscri\u00e7\u00f5es encerradas e diversas vagas para n\u00edvel m\u00e9dio\",\"datePublished\":\"2020-04-06T17:04:00+00:00\",\"dateModified\":\"2020-04-07T11:49:11+00:00\",\"mainEntityOfPage\":{\"@id\":\"https:\/\/www.estrategiaconcursos.com.br\/blog\/edital-concurso-sesma\/\"},\"wordCount\":749,\"commentCount\":19,\"publisher\":{\"@id\":\"https:\/\/www.estrategiaconcursos.com.br\/blog\/#organization\"},\"image\":{\"@id\":\"https:\/\/www.estrategiaconcursos.com.br\/blog\/edital-concurso-sesma\/#primaryimage\"},\"thumbnailUrl\":\"https:\/\/dhg1h5j42swfq.cloudfront.net\/2018\/07\/27085512\/CONCURSO-SESMA-e1532692536863.jpg\",\"articleSection\":[\"Concursos P\u00fablicos\",\"Sa\u00fade\"],\"inLanguage\":\"pt-BR\",\"potentialAction\":[{\"@type\":\"CommentAction\",\"name\":\"Comment\",\"target\":[\"https:\/\/www.estrategiaconcursos.com.br\/blog\/edital-concurso-sesma\/#respond\"]}],\"copyrightYear\":\"2020\",\"copyrightHolder\":{\"@id\":\"https:\/\/www.estrategiaconcursos.com.br\/blog\/#organization\"}},{\"@type\":\"WebPage\",\"@id\":\"https:\/\/www.estrategiaconcursos.com.br\/blog\/edital-concurso-sesma\/\",\"url\":\"https:\/\/www.estrategiaconcursos.com.br\/blog\/edital-concurso-sesma\/\",\"name\":\"Concurso SESMA 2018: inscri\u00e7\u00f5es encerradas para o certame que oferta 563 vagas\",\"isPartOf\":{\"@id\":\"https:\/\/www.estrategiaconcursos.com.br\/blog\/#website\"},\"primaryImageOfPage\":{\"@id\":\"https:\/\/www.estrategiaconcursos.com.br\/blog\/edital-concurso-sesma\/#primaryimage\"},\"image\":{\"@id\":\"https:\/\/www.estrategiaconcursos.com.br\/blog\/edital-concurso-sesma\/#primaryimage\"},\"thumbnailUrl\":\"https:\/\/dhg1h5j42swfq.cloudfront.net\/2018\/07\/27085512\/CONCURSO-SESMA-e1532692536863.jpg\",\"datePublished\":\"2020-04-06T17:04:00+00:00\",\"dateModified\":\"2020-04-07T11:49:11+00:00\",\"description\":\"Concurso SESMA 2018: inscri\u00e7\u00f5es encerradas para as 563 vagas para n\u00edvel m\u00e9dio, t\u00e9cnico e superior. Confira os detalhes das pr\u00f3ximas etapas.\",\"breadcrumb\":{\"@id\":\"https:\/\/www.estrategiaconcursos.com.br\/blog\/edital-concurso-sesma\/#breadcrumb\"},\"inLanguage\":\"pt-BR\",\"potentialAction\":[{\"@type\":\"ReadAction\",\"target\":[\"https:\/\/www.estrategiaconcursos.com.br\/blog\/edital-concurso-sesma\/\"]}]},{\"@type\":\"ImageObject\",\"inLanguage\":\"pt-BR\",\"@id\":\"https:\/\/www.estrategiaconcursos.com.br\/blog\/edital-concurso-sesma\/#primaryimage\",\"url\":\"https:\/\/dhg1h5j42swfq.cloudfront.net\/2018\/07\/27085512\/CONCURSO-SESMA-e1532692536863.jpg\",\"contentUrl\":\"https:\/\/dhg1h5j42swfq.cloudfront.net\/2018\/07\/27085512\/CONCURSO-SESMA-e1532692536863.jpg\",\"width\":400,\"height\":209,\"caption\":\"concurso sesma\"},{\"@type\":\"BreadcrumbList\",\"@id\":\"https:\/\/www.estrategiaconcursos.com.br\/blog\/edital-concurso-sesma\/#breadcrumb\",\"itemListElement\":[{\"@type\":\"ListItem\",\"position\":1,\"name\":\"In\u00edcio\",\"item\":\"https:\/\/www.estrategiaconcursos.com.br\/blog\/\"},{\"@type\":\"ListItem\",\"position\":2,\"name\":\"Edital SESMA Bel\u00e9m: Inscri\u00e7\u00f5es encerradas e diversas vagas para n\u00edvel m\u00e9dio\"}]},{\"@type\":\"WebSite\",\"@id\":\"https:\/\/www.estrategiaconcursos.com.br\/blog\/#website\",\"url\":\"https:\/\/www.estrategiaconcursos.com.br\/blog\/\",\"name\":\"Estrat\u00e9gia Concursos\",\"description\":\"O blog da Estrat\u00e9gia Concursos traz not\u00edcias sobre concursos e artigos de professores oferecendo cursos para concursos (pdf + videaulas) no site.\",\"publisher\":{\"@id\":\"https:\/\/www.estrategiaconcursos.com.br\/blog\/#organization\"},\"potentialAction\":[{\"@type\":\"SearchAction\",\"target\":{\"@type\":\"EntryPoint\",\"urlTemplate\":\"https:\/\/www.estrategiaconcursos.com.br\/blog\/?s={search_term_string}\"},\"query-input\":{\"@type\":\"PropertyValueSpecification\",\"valueRequired\":true,\"valueName\":\"search_term_string\"}}],\"inLanguage\":\"pt-BR\"},{\"@type\":\"Organization\",\"@id\":\"https:\/\/www.estrategiaconcursos.com.br\/blog\/#organization\",\"name\":\"Estrat\u00e9gia Concursos\",\"url\":\"https:\/\/www.estrategiaconcursos.com.br\/blog\/\",\"logo\":{\"@type\":\"ImageObject\",\"inLanguage\":\"pt-BR\",\"@id\":\"https:\/\/www.estrategiaconcursos.com.br\/blog\/#\/schema\/logo\/image\/\",\"url\":\"https:\/\/dhg1h5j42swfq.cloudfront.net\/2025\/06\/03203428\/logo_concursos-1.jpg\",\"contentUrl\":\"https:\/\/dhg1h5j42swfq.cloudfront.net\/2025\/06\/03203428\/logo_concursos-1.jpg\",\"width\":230,\"height\":60,\"caption\":\"Estrat\u00e9gia Concursos\"},\"image\":{\"@id\":\"https:\/\/www.estrategiaconcursos.com.br\/blog\/#\/schema\/logo\/image\/\"},\"sameAs\":[\"https:\/\/x.com\/EstratConcursos\"]},{\"@type\":\"Person\",\"@id\":\"https:\/\/www.estrategiaconcursos.com.br\/blog\/#\/schema\/person\/b4a388c97673c5f483d72185668afa1f\",\"name\":\"Coordena\u00e7\u00e3o\",\"image\":{\"@type\":\"ImageObject\",\"inLanguage\":\"pt-BR\",\"@id\":\"https:\/\/secure.gravatar.com\/avatar\/b720319e4c9a967eb58678d110f4fe35452fc5d5f97b202bac7b8acceb18c6ad?s=96&d=mm&r=g\",\"url\":\"https:\/\/secure.gravatar.com\/avatar\/b720319e4c9a967eb58678d110f4fe35452fc5d5f97b202bac7b8acceb18c6ad?s=96&d=mm&r=g\",\"contentUrl\":\"https:\/\/secure.gravatar.com\/avatar\/b720319e4c9a967eb58678d110f4fe35452fc5d5f97b202bac7b8acceb18c6ad?s=96&d=mm&r=g\",\"caption\":\"Coordena\u00e7\u00e3o\"},\"sameAs\":[\"https:\/\/www.facebook.com\/EstrategiaConcursos\",\"https:\/\/x.com\/EstratConcursos\"],\"url\":\"https:\/\/www.estrategiaconcursos.com.br\/blog\/author\/estrategia2013\/\"}]}<\/script>\n<!-- \/ Yoast SEO Premium plugin. -->","yoast_head_json":{"title":"Concurso SESMA 2018: inscri\u00e7\u00f5es encerradas para o certame que oferta 563 vagas","description":"Concurso SESMA 2018: inscri\u00e7\u00f5es encerradas para as 563 vagas para n\u00edvel m\u00e9dio, t\u00e9cnico e superior. Confira os detalhes das pr\u00f3ximas etapas.","robots":{"index":"index","follow":"follow","max-snippet":"max-snippet:-1","max-image-preview":"max-image-preview:large","max-video-preview":"max-video-preview:-1"},"canonical":"https:\/\/www.estrategiaconcursos.com.br\/blog\/edital-concurso-sesma\/","og_locale":"pt_BR","og_type":"article","og_title":"Edital SESMA Bel\u00e9m: Inscri\u00e7\u00f5es encerradas e diversas vagas para n\u00edvel m\u00e9dio","og_description":"Concurso SESMA 2018: inscri\u00e7\u00f5es encerradas para as 563 vagas para n\u00edvel m\u00e9dio, t\u00e9cnico e superior. Confira os detalhes das pr\u00f3ximas etapas.","og_url":"https:\/\/www.estrategiaconcursos.com.br\/blog\/edital-concurso-sesma\/","og_site_name":"Estrat\u00e9gia Concursos","article_author":"https:\/\/www.facebook.com\/EstrategiaConcursos","article_published_time":"2020-04-06T17:04:00+00:00","article_modified_time":"2020-04-07T11:49:11+00:00","og_image":[{"width":400,"height":209,"url":"https:\/\/dhg1h5j42swfq.cloudfront.net\/2018\/07\/27085512\/CONCURSO-SESMA-e1532692536863.jpg","type":"image\/jpeg"}],"author":"Coordena\u00e7\u00e3o","twitter_card":"summary_large_image","twitter_creator":"@EstratConcursos","twitter_site":"@EstratConcursos","twitter_misc":{"Escrito por":"Coordena\u00e7\u00e3o","Est. tempo de leitura":"4 minutos"},"schema":{"@context":"https:\/\/schema.org","@graph":[{"@type":"NewsArticle","@id":"https:\/\/www.estrategiaconcursos.com.br\/blog\/edital-concurso-sesma\/#article","isPartOf":{"@id":"https:\/\/www.estrategiaconcursos.com.br\/blog\/edital-concurso-sesma\/"},"author":{"name":"Coordena\u00e7\u00e3o","@id":"https:\/\/www.estrategiaconcursos.com.br\/blog\/#\/schema\/person\/b4a388c97673c5f483d72185668afa1f"},"headline":"Edital SESMA Bel\u00e9m: Inscri\u00e7\u00f5es encerradas e diversas vagas para n\u00edvel m\u00e9dio","datePublished":"2020-04-06T17:04:00+00:00","dateModified":"2020-04-07T11:49:11+00:00","mainEntityOfPage":{"@id":"https:\/\/www.estrategiaconcursos.com.br\/blog\/edital-concurso-sesma\/"},"wordCount":749,"commentCount":19,"publisher":{"@id":"https:\/\/www.estrategiaconcursos.com.br\/blog\/#organization"},"image":{"@id":"https:\/\/www.estrategiaconcursos.com.br\/blog\/edital-concurso-sesma\/#primaryimage"},"thumbnailUrl":"https:\/\/dhg1h5j42swfq.cloudfront.net\/2018\/07\/27085512\/CONCURSO-SESMA-e1532692536863.jpg","articleSection":["Concursos P\u00fablicos","Sa\u00fade"],"inLanguage":"pt-BR","potentialAction":[{"@type":"CommentAction","name":"Comment","target":["https:\/\/www.estrategiaconcursos.com.br\/blog\/edital-concurso-sesma\/#respond"]}],"copyrightYear":"2020","copyrightHolder":{"@id":"https:\/\/www.estrategiaconcursos.com.br\/blog\/#organization"}},{"@type":"WebPage","@id":"https:\/\/www.estrategiaconcursos.com.br\/blog\/edital-concurso-sesma\/","url":"https:\/\/www.estrategiaconcursos.com.br\/blog\/edital-concurso-sesma\/","name":"Concurso SESMA 2018: inscri\u00e7\u00f5es encerradas para o certame que oferta 563 vagas","isPartOf":{"@id":"https:\/\/www.estrategiaconcursos.com.br\/blog\/#website"},"primaryImageOfPage":{"@id":"https:\/\/www.estrategiaconcursos.com.br\/blog\/edital-concurso-sesma\/#primaryimage"},"image":{"@id":"https:\/\/www.estrategiaconcursos.com.br\/blog\/edital-concurso-sesma\/#primaryimage"},"thumbnailUrl":"https:\/\/dhg1h5j42swfq.cloudfront.net\/2018\/07\/27085512\/CONCURSO-SESMA-e1532692536863.jpg","datePublished":"2020-04-06T17:04:00+00:00","dateModified":"2020-04-07T11:49:11+00:00","description":"Concurso SESMA 2018: inscri\u00e7\u00f5es encerradas para as 563 vagas para n\u00edvel m\u00e9dio, t\u00e9cnico e superior. Confira os detalhes das pr\u00f3ximas etapas.","breadcrumb":{"@id":"https:\/\/www.estrategiaconcursos.com.br\/blog\/edital-concurso-sesma\/#breadcrumb"},"inLanguage":"pt-BR","potentialAction":[{"@type":"ReadAction","target":["https:\/\/www.estrategiaconcursos.com.br\/blog\/edital-concurso-sesma\/"]}]},{"@type":"ImageObject","inLanguage":"pt-BR","@id":"https:\/\/www.estrategiaconcursos.com.br\/blog\/edital-concurso-sesma\/#primaryimage","url":"https:\/\/dhg1h5j42swfq.cloudfront.net\/2018\/07\/27085512\/CONCURSO-SESMA-e1532692536863.jpg","contentUrl":"https:\/\/dhg1h5j42swfq.cloudfront.net\/2018\/07\/27085512\/CONCURSO-SESMA-e1532692536863.jpg","width":400,"height":209,"caption":"concurso sesma"},{"@type":"BreadcrumbList","@id":"https:\/\/www.estrategiaconcursos.com.br\/blog\/edital-concurso-sesma\/#breadcrumb","itemListElement":[{"@type":"ListItem","position":1,"name":"In\u00edcio","item":"https:\/\/www.estrategiaconcursos.com.br\/blog\/"},{"@type":"ListItem","position":2,"name":"Edital SESMA Bel\u00e9m: Inscri\u00e7\u00f5es encerradas e diversas vagas para n\u00edvel m\u00e9dio"}]},{"@type":"WebSite","@id":"https:\/\/www.estrategiaconcursos.com.br\/blog\/#website","url":"https:\/\/www.estrategiaconcursos.com.br\/blog\/","name":"Estrat\u00e9gia Concursos","description":"O blog da Estrat\u00e9gia Concursos traz not\u00edcias sobre concursos e artigos de professores oferecendo cursos para concursos (pdf + videaulas) no site.","publisher":{"@id":"https:\/\/www.estrategiaconcursos.com.br\/blog\/#organization"},"potentialAction":[{"@type":"SearchAction","target":{"@type":"EntryPoint","urlTemplate":"https:\/\/www.estrategiaconcursos.com.br\/blog\/?s={search_term_string}"},"query-input":{"@type":"PropertyValueSpecification","valueRequired":true,"valueName":"search_term_string"}}],"inLanguage":"pt-BR"},{"@type":"Organization","@id":"https:\/\/www.estrategiaconcursos.com.br\/blog\/#organization","name":"Estrat\u00e9gia Concursos","url":"https:\/\/www.estrategiaconcursos.com.br\/blog\/","logo":{"@type":"ImageObject","inLanguage":"pt-BR","@id":"https:\/\/www.estrategiaconcursos.com.br\/blog\/#\/schema\/logo\/image\/","url":"https:\/\/dhg1h5j42swfq.cloudfront.net\/2025\/06\/03203428\/logo_concursos-1.jpg","contentUrl":"https:\/\/dhg1h5j42swfq.cloudfront.net\/2025\/06\/03203428\/logo_concursos-1.jpg","width":230,"height":60,"caption":"Estrat\u00e9gia Concursos"},"image":{"@id":"https:\/\/www.estrategiaconcursos.com.br\/blog\/#\/schema\/logo\/image\/"},"sameAs":["https:\/\/x.com\/EstratConcursos"]},{"@type":"Person","@id":"https:\/\/www.estrategiaconcursos.com.br\/blog\/#\/schema\/person\/b4a388c97673c5f483d72185668afa1f","name":"Coordena\u00e7\u00e3o","image":{"@type":"ImageObject","inLanguage":"pt-BR","@id":"https:\/\/secure.gravatar.com\/avatar\/b720319e4c9a967eb58678d110f4fe35452fc5d5f97b202bac7b8acceb18c6ad?s=96&d=mm&r=g","url":"https:\/\/secure.gravatar.com\/avatar\/b720319e4c9a967eb58678d110f4fe35452fc5d5f97b202bac7b8acceb18c6ad?s=96&d=mm&r=g","contentUrl":"https:\/\/secure.gravatar.com\/avatar\/b720319e4c9a967eb58678d110f4fe35452fc5d5f97b202bac7b8acceb18c6ad?s=96&d=mm&r=g","caption":"Coordena\u00e7\u00e3o"},"sameAs":["https:\/\/www.facebook.com\/EstrategiaConcursos","https:\/\/x.com\/EstratConcursos"],"url":"https:\/\/www.estrategiaconcursos.com.br\/blog\/author\/estrategia2013\/"}]}},"_links":{"self":[{"href":"https:\/\/www.estrategiaconcursos.com.br\/blog\/wp-json\/wp\/v2\/posts\/132977","targetHints":{"allow":["GET"]}}],"collection":[{"href":"https:\/\/www.estrategiaconcursos.com.br\/blog\/wp-json\/wp\/v2\/posts"}],"about":[{"href":"https:\/\/www.estrategiaconcursos.com.br\/blog\/wp-json\/wp\/v2\/types\/post"}],"author":[{"embeddable":true,"href":"https:\/\/www.estrategiaconcursos.com.br\/blog\/wp-json\/wp\/v2\/users\/1"}],"replies":[{"embeddable":true,"href":"https:\/\/www.estrategiaconcursos.com.br\/blog\/wp-json\/wp\/v2\/comments?post=132977"}],"version-history":[{"count":24,"href":"https:\/\/www.estrategiaconcursos.com.br\/blog\/wp-json\/wp\/v2\/posts\/132977\/revisions"}],"predecessor-version":[{"id":500885,"href":"https:\/\/www.estrategiaconcursos.com.br\/blog\/wp-json\/wp\/v2\/posts\/132977\/revisions\/500885"}],"wp:featuredmedia":[{"embeddable":true,"href":"https:\/\/www.estrategiaconcursos.com.br\/blog\/wp-json\/wp\/v2\/media\/133234"}],"wp:attachment":[{"href":"https:\/\/www.estrategiaconcursos.com.br\/blog\/wp-json\/wp\/v2\/media?parent=132977"}],"wp:term":[{"taxonomy":"category","embeddable":true,"href":"https:\/\/www.estrategiaconcursos.com.br\/blog\/wp-json\/wp\/v2\/categories?post=132977"},{"taxonomy":"post_tag","embeddable":true,"href":"https:\/\/www.estrategiaconcursos.com.br\/blog\/wp-json\/wp\/v2\/tags?post=132977"},{"taxonomy":"tax_estado","embeddable":true,"href":"https:\/\/www.estrategiaconcursos.com.br\/blog\/wp-json\/wp\/v2\/tax_estado?post=132977"}],"curies":[{"name":"wp","href":"https:\/\/api.w.org\/{rel}","templated":true}]}}