{"id":1329511,"date":"2024-02-27T13:49:00","date_gmt":"2024-02-27T16:49:00","guid":{"rendered":"https:\/\/www.estrategiaconcursos.com.br\/blog\/?p=1329511"},"modified":"2024-02-27T14:24:01","modified_gmt":"2024-02-27T17:24:01","slug":"concurso-prefeitura-bandeirantes","status":"publish","type":"post","link":"https:\/\/www.estrategiaconcursos.com.br\/blog\/concurso-prefeitura-bandeirantes\/","title":{"rendered":"Concurso Bandeirantes PR: veja os gabaritos preliminares"},"content":{"rendered":"\n<p>Est\u00e3o dispon\u00edveis os <strong>gabaritos preliminares do concurso p\u00fablico da Prefeitura de Bandeirantes<\/strong>, munic\u00edpio brasileiro do estado do Paran\u00e1 &#8211; PR. As avalia\u00e7\u00f5es foram aplicadas no dia 25 de fevereiro. <\/p>\n\n\n\n<ul class=\"wp-block-list\">\n<li><a href=\"https:\/\/dhg1h5j42swfq.cloudfront.net\/2024\/02\/27134225\/1708953672736-1.pdf\" target=\"_blank\" rel=\"noreferrer noopener nofollow\"><strong>Gabaritos preliminares<\/strong><\/a><\/li>\n<\/ul>\n\n\n\n<p>Ficar\u00e1 aberto o prazo recursal contra os gabaritos preliminares no per\u00edodo de 27 a 29 de fevereiro, atrav\u00e9s do site da banca organizadora, o<strong>\u00a0Instituto Unifil<\/strong>. <\/p>\n\n\n\n<p>Lembrando que, para protocolar os questionamentos, os candidatos dever\u00e3o especificar o caderno de prova; o n\u00famero da quest\u00e3o; digitar o texto com seus argumentos e expor os fundamentos te\u00f3ricos.<\/p>\n\n\n\n<p>Ademais, a disputa ocorre por uma das 123 vagas imediatas mais oportunidades em cadastro de reserva para cargos de n\u00edveis fundamental, m\u00e9dio e superior de forma\u00e7\u00e3o. Os sal\u00e1rios iniciais s\u00e3o de at\u00e9 <strong>R$ 15,6 mil<\/strong>!<\/p>\n\n\n\n<ul class=\"has-very-light-gray-to-cyan-bluish-gray-gradient-background has-background wp-block-list\">\n<li><strong>Prefeitura de Bandeirantes  \u2013 PR<\/strong><\/li>\n\n\n\n<li><strong>Status:<\/strong>\u00a0gabaritos preliminares <\/li>\n\n\n\n<li><strong>Banca:<\/strong>&nbsp;<a href=\"https:\/\/www.institutounifil.com.br\/concurso\/136\" target=\"_blank\" rel=\"noreferrer noopener\">Instituto Unifil<\/a><\/li>\n\n\n\n<li><strong>Vagas:<\/strong>&nbsp;123 + CR<\/li>\n\n\n\n<li><strong>Sal\u00e1rio inicial:<\/strong>&nbsp;R$ 1.320,00 a R$ 15.668,28<\/li>\n\n\n\n<li><strong>Edital:<\/strong>&nbsp;<a href=\"https:\/\/dhg1h5j42swfq.cloudfront.net\/2024\/01\/04120238\/1703246639963-1.pdf\" target=\"_blank\" rel=\"noreferrer noopener nofollow\">Bandeirantes 2024<\/a><\/li>\n<\/ul>\n\n\n\n<p>A fim de te deixar sempre bem informado, elaboramos este artigo com as principais informa\u00e7\u00f5es e novidades sobre o concurso Bandeirantes PR. Acompanhe os t\u00f3picos abaixo e n\u00e3o perca nenhum detalhe:<\/p>\n\n\n\n<ul class=\"wp-block-list\" id=\"indice\">\n<li><a href=\"#cargos\">Cargos e vagas<\/a><\/li>\n\n\n\n<li><a href=\"#prova-objetiva\">Prova objetiva<\/a><\/li>\n\n\n\n<li><a href=\"#pratica\">Prova pr\u00e1tica<\/a><\/li>\n\n\n\n<li><a href=\"#cursos\">Cursos e assinaturas<\/a><\/li>\n\n\n\n<li><a href=\"#ficha\">Ficha t\u00e9cnica<\/a><\/li>\n<\/ul>\n\n\n\n<div class=\"container\" id=\"boxes\">\n  <div class=\"row\">\n\n    <div class=\"col-sm\">\n      <div class=\"banner-estrategia\" id=\"box-assinatura\">\n        <h3 class=\"titulo-assinatura\">Cursos para concursos<\/h3>\n        <p class=\"subtitulo-assinatura\">Conhe\u00e7a os cursos<\/p>\n        <div class=\"box-botao\">\n          <a class=\"btn-assinatura\" target=\"_blank\" href=\"https:\/\/www.estrategiaconcursos.com.br\/cursos\/\" role=\"button\" rel=\"noopener noreferrer\">Conhe\u00e7a mais<\/a>\n        <\/div>\n      <\/div>\n     \n    <\/div>\n\n  <\/div>\n<\/div>\n\n\n\n<h2 class=\"wp-block-heading\" id=\"cargos\">Concurso Bandeirantes PR: cargos e vagas<\/h2>\n\n\n\n<p>O concurso Bandeirantes PR oferta <strong>123 vagas mais forma\u00e7\u00e3o em cadastro de reserva<\/strong>. S\u00e3o diversas oportunidades cujo sal\u00e1rio inicial pode chegar a <strong>R$ 15,6 mil<\/strong>, especificamente para a fun\u00e7\u00e3o de m\u00e9dico. Confira abaixo todos os cargos:<\/p>\n\n\n\n<ul class=\"wp-block-list\">\n<li>Agente de Servi\u00e7os Gerais (17 vagas + cadastro de reserva); <\/li>\n\n\n\n<li>Borracheiro (01 vaga + cadastro de reserva); <\/li>\n\n\n\n<li>Coveiro (02 vagas  + cadastro de reserva); <\/li>\n\n\n\n<li>Oper\u00e1rio (08 vagas + cadastro de reserva); <\/li>\n\n\n\n<li>Pedreiro (03 vagas + cadastro de reserva); <\/li>\n\n\n\n<li>Eletricista (03 vagas + cadastro de reserva); <\/li>\n\n\n\n<li>Mec\u00e2nico (01 vaga + cadastro de reserva); <\/li>\n\n\n\n<li>Operador de M\u00e1quinas (07 vagas + cadastro de reserva); <\/li>\n\n\n\n<li>Operador de Munk (01 vaga + cadastro de reserva); <\/li>\n\n\n\n<li>Assistente T\u00e9cnico Administrativo (08 vagas + cadastro de reserva); <\/li>\n\n\n\n<li>Agente Comunit\u00e1rio de Sa\u00fade (verificar tabela 03 UBS) 05 vagas + cadastro de reserva); <\/li>\n\n\n\n<li>Agente de Combate de Endemias (01 vaga + cadastro de reserva); <\/li>\n\n\n\n<li>Auxiliar de Farm\u00e1cia (01 vaga + cadastro de reserva); <\/li>\n\n\n\n<li>Auxiliar de Sa\u00fade Bucal (01 vaga + cadastro de reserva); <\/li>\n\n\n\n<li><s>Eletricista de Manuten\u00e7\u00e3o Industrial (cadastro de reserva); <\/s><\/li>\n\n\n\n<li>Fiscal de Obras (02 vagas + cadastro de reserva); <\/li>\n\n\n\n<li>Fiscal de Tributos (02 vagas + cadastro de reserva); <\/li>\n\n\n\n<li>Motorista (17 vagas + cadastro de reserva); <\/li>\n\n\n\n<li>Vigilante Sanit\u00e1rio (01 vaga + cadastro de reserva); <\/li>\n\n\n\n<li>T\u00e9cnico em Enfermagem (04 vagas + cadastro de reserva); <\/li>\n\n\n\n<li>T\u00e9cnico em Sa\u00fade Bucal (01 vaga + cadastro de reserva); <\/li>\n\n\n\n<li>Analista de Sistema (01 vaga + cadastro de reserva); <\/li>\n\n\n\n<li><s>Assistente Social (cadastro de reserva); <\/s><\/li>\n\n\n\n<li>Auditor Fiscal (01 vaga + cadastro de reserva); <\/li>\n\n\n\n<li><s>Comunicador Social (cadastro de reserva); <\/s><\/li>\n\n\n\n<li>Engenheiro Civil (01 vaga + cadastro de reserva); <\/li>\n\n\n\n<li>Contador (01 vaga + cadastro de reserva); <\/li>\n\n\n\n<li>Dentista 20h (01 vaga + cadastro de reserva); <\/li>\n\n\n\n<li>Dentista 40 h (01 vaga + cadastro de reserva); <\/li>\n\n\n\n<li>Engenheiro Eletricista (01 vaga + cadastro de reserva); <\/li>\n\n\n\n<li>Enfermeiro (01 vaga + cadastro de reserva); <\/li>\n\n\n\n<li>Fisioterapeuta (03 vagas + cadastro de reserva); <\/li>\n\n\n\n<li>Fonoaudi\u00f3logo (02 vagas + cadastro de reserva); <\/li>\n\n\n\n<li>Fonoaudi\u00f3logo (02 vagas + cadastro de reserva); <\/li>\n\n\n\n<li>M\u00e9dico Cl\u00ednico Geral (01 vaga + cadastro de reserva); <\/li>\n\n\n\n<li>M\u00e9dico Veterin\u00e1rio (01 vaga + cadastro de reserva); <\/li>\n\n\n\n<li>Professor Ensino Fundamental (01 vaga + cadastro de reserva); <\/li>\n\n\n\n<li>Professor de Educa\u00e7\u00e3o Infantil (12 vagas + cadastro de reserva); <\/li>\n\n\n\n<li>Psic\u00f3logo (01 vaga + cadastro de reserva); e<\/li>\n\n\n\n<li>Terapeuta Ocupacional (01 vaga + cadastro de reserva).<\/li>\n<\/ul>\n\n\n\n<h2 class=\"wp-block-heading\" id=\"prova\">Concurso Bandeirantes PR: etapas de provas<\/h2>\n\n\n\n<p>O concurso Bandeirantes PR \u00e9 constitu\u00eddo de algumas importantes etapas de provas, sendo elas: <\/p>\n\n\n\n<ul class=\"wp-block-list\">\n<li><strong>Prova Objetiva<\/strong>: Essa etapa do concurso foi aplicada a todos os candidatos, com car\u00e1ter classificat\u00f3rio e eliminat\u00f3rio;<\/li>\n\n\n\n<li><strong>Prova Pr\u00e1tica<\/strong>: Candidatos aprovados em cargos espec\u00edficos ser\u00e3o submetidos a essa fase, tamb\u00e9m de car\u00e1ter classificat\u00f3rio e eliminat\u00f3rio; e<\/li>\n\n\n\n<li><strong>Prova de T\u00edtulos: <\/strong>Reservada para cargos como Analista de Sistema, Assistente Social, Auditor Fiscal, e demais, essa etapa ser\u00e1 classificat\u00f3ria.<\/li>\n<\/ul>\n\n\n\n<h3 class=\"wp-block-heading\" id=\"prova-objetiva\">Prova objetiva<\/h3>\n\n\n\n<p>A prova objetiva foi aplicada na cidade de Bandeirantes, em 25 de fevereiro. Confira abaixo as disciplinas que foram cobradas:<\/p>\n\n\n\n<figure class=\"wp-block-image aligncenter size-full\"><img loading=\"lazy\" decoding=\"async\" width=\"670\" height=\"350\" src=\"https:\/\/dhg1h5j42swfq.cloudfront.net\/2024\/01\/04120904\/image-75.png\" alt=\"Tabela de detalhes da Prova Objetiva\" class=\"wp-image-1329615\" srcset=\"https:\/\/dhg1h5j42swfq.cloudfront.net\/2024\/01\/04120904\/image-75.png 670w, https:\/\/dhg1h5j42swfq.cloudfront.net\/2024\/01\/04120904\/image-75-300x157.png 300w, https:\/\/dhg1h5j42swfq.cloudfront.net\/2024\/01\/04120904\/image-75-610x319.png 610w, https:\/\/dhg1h5j42swfq.cloudfront.net\/2024\/01\/04120904\/image-75-150x78.png 150w\" sizes=\"auto, (max-width: 670px) 100vw, 670px\" \/><\/figure>\n\n\n\n<figure class=\"wp-block-image aligncenter size-full\"><img loading=\"lazy\" decoding=\"async\" width=\"684\" height=\"683\" src=\"https:\/\/dhg1h5j42swfq.cloudfront.net\/2024\/01\/04120922\/image-76.png\" alt=\"Quadro de detalhes da Prova Objetiva para diversos cargos\" class=\"wp-image-1329616\" srcset=\"https:\/\/dhg1h5j42swfq.cloudfront.net\/2024\/01\/04120922\/image-76.png 684w, https:\/\/dhg1h5j42swfq.cloudfront.net\/2024\/01\/04120922\/image-76-300x300.png 300w, https:\/\/dhg1h5j42swfq.cloudfront.net\/2024\/01\/04120922\/image-76-150x150.png 150w, https:\/\/dhg1h5j42swfq.cloudfront.net\/2024\/01\/04120922\/image-76-610x609.png 610w, https:\/\/dhg1h5j42swfq.cloudfront.net\/2024\/01\/04120922\/image-76-96x96.png 96w\" sizes=\"auto, (max-width: 684px) 100vw, 684px\" \/><\/figure>\n\n\n\n<h3 class=\"wp-block-heading\" id=\"pratica\">Prova pr\u00e1tica<\/h3>\n\n\n\n<p>Haver\u00e1 prova pr\u00e1tica para os candidatos aprovados na objetiva para os cargos <strong>Borracheiro, Coveiro, Eletricista, Eletricista de Manuten\u00e7\u00e3o Industrial, Mec\u00e2nico, Motorista, Operador de M\u00e1quinas, Operador de Munk e Pedreiro<\/strong>.<\/p>\n\n\n\n<hr class=\"wp-block-separator has-alpha-channel-opacity\"\/>\n\n\n\n<h2 class=\"wp-block-heading has-text-align-center\" id=\"cursos\"><em>Quer estudar para o Concurso da Prefeitura de Bandeirantes?<\/em><\/h2>\n\n\n\n<div class=\"container\" id=\"boxes\">\n  <div class=\"row\">\n\n    <div class=\"col-sm\">\n      <div class=\"banner-estrategia\" id=\"box-assinatura\">\n        <h3 class=\"titulo-assinatura\">Cursos para concursos<\/h3>\n        <p class=\"subtitulo-assinatura\">Conhe\u00e7a os cursos<\/p>\n        <div class=\"box-botao\">\n          <a class=\"btn-assinatura\" target=\"_blank\" href=\"https:\/\/www.estrategiaconcursos.com.br\/cursos\/\" role=\"button\" rel=\"noopener noreferrer\">Conhe\u00e7a mais<\/a>\n        <\/div>\n      <\/div>\n     \n    <\/div>\n\n  <\/div>\n<\/div>\n\n\n\n<div class=\"container\" id=\"boxes\">\n  <div class=\"row\">\n\n    <div class=\"col-sm\">\n      <div class=\"estrategia\" id=\"box-assinatura\">\n        <h3 class=\"titulo-assinatura\">Assinatura Concursos<\/h3>\n        <p class=\"subtitulo-assinatura\">Assinatura de 1 ano ou 2 anos<\/p>\n        <div class=\"box-botao\">\n          <a class=\"btn-assinatura\" target=\"_blank\" href=\"https:\/\/www.estrategiaconcursos.com.br\/assinaturas\/\" role=\"button\" rel=\"noopener noreferrer\">ASSINE AGORA<\/a>\n        <\/div>\n      <\/div><\/div><\/div><\/div>\n\n\n\n<h2 class=\"wp-block-heading has-text-align-center\" id=\"h-quer-saber-tudo-sobre-concursos-previstos-confira-nossos-artigos\">Quer saber tudo sobre concursos previstos?<br \/>Confira nossos artigos!<\/h2>\n\n\n\n<ul class=\"wp-block-list\">\n<li><a href=\"https:\/\/www.estrategiaconcursos.com.br\/blog\/concursos-abertos\/\" target=\"_blank\" rel=\"noreferrer noopener\">Concursos abertos<\/a><\/li>\n\n\n\n<li><a href=\"https:\/\/www.estrategiaconcursos.com.br\/blog\/concursos-prefeituras\/\">Concursos prefeituras<\/a><\/li>\n\n\n\n<li><a href=\"https:\/\/www.estrategiaconcursos.com.br\/blog\/concursos-2024\/\" target=\"_blank\" rel=\"noreferrer noopener\">Concursos 2024<\/a><\/li>\n<\/ul>\n\n\n\n<figure class=\"wp-block-image is-resized\"><img loading=\"lazy\" decoding=\"async\" width=\"1024\" height=\"632\" src=\"https:\/\/dhg1h5j42swfq.cloudfront.net\/2025\/06\/27101122\/ficha-tecnica-1-1024x632.png\" alt=\"Informa\u00e7\u00f5es do Concurso da Prefeitura de Canarana \" class=\"wp-image-702728\" style=\"width:272px;height:auto\" srcset=\"https:\/\/dhg1h5j42swfq.cloudfront.net\/2025\/06\/27101122\/ficha-tecnica-1-1024x632.png 1024w, https:\/\/dhg1h5j42swfq.cloudfront.net\/2025\/06\/27101122\/ficha-tecnica-1-300x185.png 300w, https:\/\/dhg1h5j42swfq.cloudfront.net\/2025\/06\/27101122\/ficha-tecnica-1-768x474.png 768w, https:\/\/dhg1h5j42swfq.cloudfront.net\/2025\/06\/27101122\/ficha-tecnica-1-1536x948.png 1536w, https:\/\/dhg1h5j42swfq.cloudfront.net\/2025\/06\/27101122\/ficha-tecnica-1-610x377.png 610w, https:\/\/dhg1h5j42swfq.cloudfront.net\/2025\/06\/27101122\/ficha-tecnica-1.png 1571w\" sizes=\"auto, (max-width: 1024px) 100vw, 1024px\" \/><\/figure>\n\n\n\n<h3 class=\"wp-block-heading\" id=\"ficha\">Informa\u00e7\u00f5es do Concurso da Prefeitura de Bandeirantes<\/h3>\n\n\n\n<ul class=\"wp-block-list\">\n<li><strong>Provas<\/strong>: <s>25\/02\/2024<\/s><\/li>\n\n\n\n<li><strong>Vagas<\/strong>: 123 + CR<\/li>\n\n\n\n<li><strong>Cargos<\/strong>: diversos<\/li>\n\n\n\n<li><strong>Banca<\/strong>: Instituto Unifil<\/li>\n\n\n\n<li><strong>Escolaridade<\/strong>: n\u00edveis fundamental, m\u00e9dio e superior<\/li>\n\n\n\n<li><strong>Edital:<\/strong>&nbsp;<a href=\"https:\/\/dhg1h5j42swfq.cloudfront.net\/2024\/01\/04120238\/1703246639963-1.pdf\" target=\"_blank\" rel=\"noreferrer noopener nofollow\">Bandeirantes 2024<\/a> | <a href=\"https:\/\/dhg1h5j42swfq.cloudfront.net\/2024\/01\/04114134\/1703775420709.pdf\" target=\"_blank\" rel=\"noreferrer noopener nofollow\">Retifica\u00e7\u00e3o<\/a><\/li>\n<\/ul>\n","protected":false},"excerpt":{"rendered":"<p>Est\u00e3o dispon\u00edveis os gabaritos preliminares do concurso p\u00fablico da Prefeitura de Bandeirantes, munic\u00edpio brasileiro do estado do Paran\u00e1 &#8211; PR. As avalia\u00e7\u00f5es foram aplicadas no dia 25 de fevereiro. Ficar\u00e1 aberto o prazo recursal contra os gabaritos preliminares no per\u00edodo de 27 a 29 de fevereiro, atrav\u00e9s do site da banca organizadora, o\u00a0Instituto Unifil. Lembrando [&hellip;]<\/p>\n","protected":false},"author":1788,"featured_media":1359797,"comment_status":"open","ping_status":"closed","sticky":false,"template":"","format":"standard","meta":{"post_tipo":"news_page","footnotes":""},"categories":[214992],"tags":[],"tax_estado":[219981],"class_list":["post-1329511","post","type-post","status-publish","format-standard","has-post-thumbnail","hentry","category-concursos-administrativos","tax_estado-pr"],"acf":[],"yoast_head":"<!-- This site is optimized with the Yoast SEO Premium plugin v27.2 (Yoast SEO v27.2) - https:\/\/yoast.com\/product\/yoast-seo-premium-wordpress\/ -->\n<title>Concurso Bandeirantes PR: veja os gabaritos preliminares<\/title>\n<meta name=\"description\" content=\"Concurso da Prefeitura de Bandeirantes PR: provas aplicadas e gabaritos preliminares divulgados. S\u00e3o vagas com iniciais de at\u00e9 R$ 15,6 mil.\" \/>\n<meta name=\"robots\" content=\"index, follow, max-snippet:-1, max-image-preview:large, max-video-preview:-1\" \/>\n<link rel=\"canonical\" href=\"https:\/\/www.estrategiaconcursos.com.br\/blog\/concurso-prefeitura-bandeirantes\/\" \/>\n<meta property=\"og:locale\" content=\"pt_BR\" \/>\n<meta property=\"og:type\" content=\"article\" \/>\n<meta property=\"og:title\" content=\"Concurso Bandeirantes PR: veja os gabaritos preliminares\" \/>\n<meta property=\"og:description\" content=\"Concurso da Prefeitura de Bandeirantes PR: provas aplicadas e gabaritos preliminares divulgados. S\u00e3o vagas com iniciais de at\u00e9 R$ 15,6 mil.\" \/>\n<meta property=\"og:url\" content=\"https:\/\/www.estrategiaconcursos.com.br\/blog\/concurso-prefeitura-bandeirantes\/\" \/>\n<meta property=\"og:site_name\" content=\"Estrat\u00e9gia Concursos\" \/>\n<meta property=\"article:published_time\" content=\"2024-02-27T16:49:00+00:00\" \/>\n<meta property=\"article:modified_time\" content=\"2024-02-27T17:24:01+00:00\" \/>\n<meta property=\"og:image\" content=\"https:\/\/dhg1h5j42swfq.cloudfront.net\/2024\/01\/27134903\/prefeitura-de-bandeirantes-pr.jpg\" \/>\n\t<meta property=\"og:image:width\" content=\"768\" \/>\n\t<meta property=\"og:image:height\" content=\"432\" \/>\n\t<meta property=\"og:image:type\" content=\"image\/jpeg\" \/>\n<meta name=\"author\" content=\"Coordena\u00e7\u00e3o\" \/>\n<meta name=\"twitter:card\" content=\"summary_large_image\" \/>\n<meta name=\"twitter:creator\" content=\"@EstratConcursos\" \/>\n<meta name=\"twitter:site\" content=\"@EstratConcursos\" \/>\n<meta name=\"twitter:label1\" content=\"Escrito por\" \/>\n\t<meta name=\"twitter:data1\" content=\"Coordena\u00e7\u00e3o\" \/>\n\t<meta name=\"twitter:label2\" content=\"Est. tempo de leitura\" \/>\n\t<meta name=\"twitter:data2\" content=\"4 minutos\" \/>\n<script type=\"application\/ld+json\" class=\"yoast-schema-graph\">{\"@context\":\"https:\/\/schema.org\",\"@graph\":[{\"@type\":\"NewsArticle\",\"@id\":\"https:\/\/www.estrategiaconcursos.com.br\/blog\/concurso-prefeitura-bandeirantes\/#article\",\"isPartOf\":{\"@id\":\"https:\/\/www.estrategiaconcursos.com.br\/blog\/concurso-prefeitura-bandeirantes\/\"},\"author\":{\"name\":\"Coordena\u00e7\u00e3o\",\"@id\":\"https:\/\/www.estrategiaconcursos.com.br\/blog\/#\/schema\/person\/045703eed12dcfcc3fc58d658357c347\"},\"headline\":\"Concurso Bandeirantes PR: veja os gabaritos preliminares\",\"datePublished\":\"2024-02-27T16:49:00+00:00\",\"dateModified\":\"2024-02-27T17:24:01+00:00\",\"mainEntityOfPage\":{\"@id\":\"https:\/\/www.estrategiaconcursos.com.br\/blog\/concurso-prefeitura-bandeirantes\/\"},\"wordCount\":757,\"commentCount\":0,\"publisher\":{\"@id\":\"https:\/\/www.estrategiaconcursos.com.br\/blog\/#organization\"},\"image\":{\"@id\":\"https:\/\/www.estrategiaconcursos.com.br\/blog\/concurso-prefeitura-bandeirantes\/#primaryimage\"},\"thumbnailUrl\":\"https:\/\/dhg1h5j42swfq.cloudfront.net\/2024\/01\/27134903\/prefeitura-de-bandeirantes-pr.jpg\",\"articleSection\":[\"Executivo (Administrativa)\"],\"inLanguage\":\"pt-BR\",\"potentialAction\":[{\"@type\":\"CommentAction\",\"name\":\"Comment\",\"target\":[\"https:\/\/www.estrategiaconcursos.com.br\/blog\/concurso-prefeitura-bandeirantes\/#respond\"]}],\"copyrightYear\":\"2024\",\"copyrightHolder\":{\"@id\":\"https:\/\/www.estrategiaconcursos.com.br\/blog\/#organization\"}},{\"@type\":\"WebPage\",\"@id\":\"https:\/\/www.estrategiaconcursos.com.br\/blog\/concurso-prefeitura-bandeirantes\/\",\"url\":\"https:\/\/www.estrategiaconcursos.com.br\/blog\/concurso-prefeitura-bandeirantes\/\",\"name\":\"Concurso Bandeirantes PR: veja os gabaritos preliminares\",\"isPartOf\":{\"@id\":\"https:\/\/www.estrategiaconcursos.com.br\/blog\/#website\"},\"primaryImageOfPage\":{\"@id\":\"https:\/\/www.estrategiaconcursos.com.br\/blog\/concurso-prefeitura-bandeirantes\/#primaryimage\"},\"image\":{\"@id\":\"https:\/\/www.estrategiaconcursos.com.br\/blog\/concurso-prefeitura-bandeirantes\/#primaryimage\"},\"thumbnailUrl\":\"https:\/\/dhg1h5j42swfq.cloudfront.net\/2024\/01\/27134903\/prefeitura-de-bandeirantes-pr.jpg\",\"datePublished\":\"2024-02-27T16:49:00+00:00\",\"dateModified\":\"2024-02-27T17:24:01+00:00\",\"description\":\"Concurso da Prefeitura de Bandeirantes PR: provas aplicadas e gabaritos preliminares divulgados. S\u00e3o vagas com iniciais de at\u00e9 R$ 15,6 mil.\",\"breadcrumb\":{\"@id\":\"https:\/\/www.estrategiaconcursos.com.br\/blog\/concurso-prefeitura-bandeirantes\/#breadcrumb\"},\"inLanguage\":\"pt-BR\",\"potentialAction\":[{\"@type\":\"ReadAction\",\"target\":[\"https:\/\/www.estrategiaconcursos.com.br\/blog\/concurso-prefeitura-bandeirantes\/\"]}]},{\"@type\":\"ImageObject\",\"inLanguage\":\"pt-BR\",\"@id\":\"https:\/\/www.estrategiaconcursos.com.br\/blog\/concurso-prefeitura-bandeirantes\/#primaryimage\",\"url\":\"https:\/\/dhg1h5j42swfq.cloudfront.net\/2024\/01\/27134903\/prefeitura-de-bandeirantes-pr.jpg\",\"contentUrl\":\"https:\/\/dhg1h5j42swfq.cloudfront.net\/2024\/01\/27134903\/prefeitura-de-bandeirantes-pr.jpg\",\"width\":768,\"height\":432,\"caption\":\"Concurso Prefeitura de Bandeirantes\"},{\"@type\":\"BreadcrumbList\",\"@id\":\"https:\/\/www.estrategiaconcursos.com.br\/blog\/concurso-prefeitura-bandeirantes\/#breadcrumb\",\"itemListElement\":[{\"@type\":\"ListItem\",\"position\":1,\"name\":\"In\u00edcio\",\"item\":\"https:\/\/www.estrategiaconcursos.com.br\/blog\/\"},{\"@type\":\"ListItem\",\"position\":2,\"name\":\"Concurso Bandeirantes PR: veja os gabaritos preliminares\"}]},{\"@type\":\"WebSite\",\"@id\":\"https:\/\/www.estrategiaconcursos.com.br\/blog\/#website\",\"url\":\"https:\/\/www.estrategiaconcursos.com.br\/blog\/\",\"name\":\"Estrat\u00e9gia Concursos\",\"description\":\"O blog da Estrat\u00e9gia Concursos traz not\u00edcias sobre concursos e artigos de professores oferecendo cursos para concursos (pdf + videaulas) no site.\",\"publisher\":{\"@id\":\"https:\/\/www.estrategiaconcursos.com.br\/blog\/#organization\"},\"potentialAction\":[{\"@type\":\"SearchAction\",\"target\":{\"@type\":\"EntryPoint\",\"urlTemplate\":\"https:\/\/www.estrategiaconcursos.com.br\/blog\/?s={search_term_string}\"},\"query-input\":{\"@type\":\"PropertyValueSpecification\",\"valueRequired\":true,\"valueName\":\"search_term_string\"}}],\"inLanguage\":\"pt-BR\"},{\"@type\":\"Organization\",\"@id\":\"https:\/\/www.estrategiaconcursos.com.br\/blog\/#organization\",\"name\":\"Estrat\u00e9gia Concursos\",\"url\":\"https:\/\/www.estrategiaconcursos.com.br\/blog\/\",\"logo\":{\"@type\":\"ImageObject\",\"inLanguage\":\"pt-BR\",\"@id\":\"https:\/\/www.estrategiaconcursos.com.br\/blog\/#\/schema\/logo\/image\/\",\"url\":\"https:\/\/dhg1h5j42swfq.cloudfront.net\/2025\/06\/03203428\/logo_concursos-1.jpg\",\"contentUrl\":\"https:\/\/dhg1h5j42swfq.cloudfront.net\/2025\/06\/03203428\/logo_concursos-1.jpg\",\"width\":230,\"height\":60,\"caption\":\"Estrat\u00e9gia Concursos\"},\"image\":{\"@id\":\"https:\/\/www.estrategiaconcursos.com.br\/blog\/#\/schema\/logo\/image\/\"},\"sameAs\":[\"https:\/\/x.com\/EstratConcursos\"]},{\"@type\":\"Person\",\"@id\":\"https:\/\/www.estrategiaconcursos.com.br\/blog\/#\/schema\/person\/045703eed12dcfcc3fc58d658357c347\",\"name\":\"Coordena\u00e7\u00e3o\",\"image\":{\"@type\":\"ImageObject\",\"inLanguage\":\"pt-BR\",\"@id\":\"https:\/\/secure.gravatar.com\/avatar\/f3095faeb99f4ee382a251aa279c830bd3f320ce3b5f2b4981bcc67f49efef63?s=96&d=mm&r=g\",\"url\":\"https:\/\/secure.gravatar.com\/avatar\/f3095faeb99f4ee382a251aa279c830bd3f320ce3b5f2b4981bcc67f49efef63?s=96&d=mm&r=g\",\"contentUrl\":\"https:\/\/secure.gravatar.com\/avatar\/f3095faeb99f4ee382a251aa279c830bd3f320ce3b5f2b4981bcc67f49efef63?s=96&d=mm&r=g\",\"caption\":\"Coordena\u00e7\u00e3o\"},\"url\":\"https:\/\/www.estrategiaconcursos.com.br\/blog\/author\/contatoestrategiaconcursos-com-br-2\/\"}]}<\/script>\n<!-- \/ Yoast SEO Premium plugin. -->","yoast_head_json":{"title":"Concurso Bandeirantes PR: veja os gabaritos preliminares","description":"Concurso da Prefeitura de Bandeirantes PR: provas aplicadas e gabaritos preliminares divulgados. S\u00e3o vagas com iniciais de at\u00e9 R$ 15,6 mil.","robots":{"index":"index","follow":"follow","max-snippet":"max-snippet:-1","max-image-preview":"max-image-preview:large","max-video-preview":"max-video-preview:-1"},"canonical":"https:\/\/www.estrategiaconcursos.com.br\/blog\/concurso-prefeitura-bandeirantes\/","og_locale":"pt_BR","og_type":"article","og_title":"Concurso Bandeirantes PR: veja os gabaritos preliminares","og_description":"Concurso da Prefeitura de Bandeirantes PR: provas aplicadas e gabaritos preliminares divulgados. S\u00e3o vagas com iniciais de at\u00e9 R$ 15,6 mil.","og_url":"https:\/\/www.estrategiaconcursos.com.br\/blog\/concurso-prefeitura-bandeirantes\/","og_site_name":"Estrat\u00e9gia Concursos","article_published_time":"2024-02-27T16:49:00+00:00","article_modified_time":"2024-02-27T17:24:01+00:00","og_image":[{"width":768,"height":432,"url":"https:\/\/dhg1h5j42swfq.cloudfront.net\/2024\/01\/27134903\/prefeitura-de-bandeirantes-pr.jpg","type":"image\/jpeg"}],"author":"Coordena\u00e7\u00e3o","twitter_card":"summary_large_image","twitter_creator":"@EstratConcursos","twitter_site":"@EstratConcursos","twitter_misc":{"Escrito por":"Coordena\u00e7\u00e3o","Est. tempo de leitura":"4 minutos"},"schema":{"@context":"https:\/\/schema.org","@graph":[{"@type":"NewsArticle","@id":"https:\/\/www.estrategiaconcursos.com.br\/blog\/concurso-prefeitura-bandeirantes\/#article","isPartOf":{"@id":"https:\/\/www.estrategiaconcursos.com.br\/blog\/concurso-prefeitura-bandeirantes\/"},"author":{"name":"Coordena\u00e7\u00e3o","@id":"https:\/\/www.estrategiaconcursos.com.br\/blog\/#\/schema\/person\/045703eed12dcfcc3fc58d658357c347"},"headline":"Concurso Bandeirantes PR: veja os gabaritos preliminares","datePublished":"2024-02-27T16:49:00+00:00","dateModified":"2024-02-27T17:24:01+00:00","mainEntityOfPage":{"@id":"https:\/\/www.estrategiaconcursos.com.br\/blog\/concurso-prefeitura-bandeirantes\/"},"wordCount":757,"commentCount":0,"publisher":{"@id":"https:\/\/www.estrategiaconcursos.com.br\/blog\/#organization"},"image":{"@id":"https:\/\/www.estrategiaconcursos.com.br\/blog\/concurso-prefeitura-bandeirantes\/#primaryimage"},"thumbnailUrl":"https:\/\/dhg1h5j42swfq.cloudfront.net\/2024\/01\/27134903\/prefeitura-de-bandeirantes-pr.jpg","articleSection":["Executivo (Administrativa)"],"inLanguage":"pt-BR","potentialAction":[{"@type":"CommentAction","name":"Comment","target":["https:\/\/www.estrategiaconcursos.com.br\/blog\/concurso-prefeitura-bandeirantes\/#respond"]}],"copyrightYear":"2024","copyrightHolder":{"@id":"https:\/\/www.estrategiaconcursos.com.br\/blog\/#organization"}},{"@type":"WebPage","@id":"https:\/\/www.estrategiaconcursos.com.br\/blog\/concurso-prefeitura-bandeirantes\/","url":"https:\/\/www.estrategiaconcursos.com.br\/blog\/concurso-prefeitura-bandeirantes\/","name":"Concurso Bandeirantes PR: veja os gabaritos preliminares","isPartOf":{"@id":"https:\/\/www.estrategiaconcursos.com.br\/blog\/#website"},"primaryImageOfPage":{"@id":"https:\/\/www.estrategiaconcursos.com.br\/blog\/concurso-prefeitura-bandeirantes\/#primaryimage"},"image":{"@id":"https:\/\/www.estrategiaconcursos.com.br\/blog\/concurso-prefeitura-bandeirantes\/#primaryimage"},"thumbnailUrl":"https:\/\/dhg1h5j42swfq.cloudfront.net\/2024\/01\/27134903\/prefeitura-de-bandeirantes-pr.jpg","datePublished":"2024-02-27T16:49:00+00:00","dateModified":"2024-02-27T17:24:01+00:00","description":"Concurso da Prefeitura de Bandeirantes PR: provas aplicadas e gabaritos preliminares divulgados. S\u00e3o vagas com iniciais de at\u00e9 R$ 15,6 mil.","breadcrumb":{"@id":"https:\/\/www.estrategiaconcursos.com.br\/blog\/concurso-prefeitura-bandeirantes\/#breadcrumb"},"inLanguage":"pt-BR","potentialAction":[{"@type":"ReadAction","target":["https:\/\/www.estrategiaconcursos.com.br\/blog\/concurso-prefeitura-bandeirantes\/"]}]},{"@type":"ImageObject","inLanguage":"pt-BR","@id":"https:\/\/www.estrategiaconcursos.com.br\/blog\/concurso-prefeitura-bandeirantes\/#primaryimage","url":"https:\/\/dhg1h5j42swfq.cloudfront.net\/2024\/01\/27134903\/prefeitura-de-bandeirantes-pr.jpg","contentUrl":"https:\/\/dhg1h5j42swfq.cloudfront.net\/2024\/01\/27134903\/prefeitura-de-bandeirantes-pr.jpg","width":768,"height":432,"caption":"Concurso Prefeitura de Bandeirantes"},{"@type":"BreadcrumbList","@id":"https:\/\/www.estrategiaconcursos.com.br\/blog\/concurso-prefeitura-bandeirantes\/#breadcrumb","itemListElement":[{"@type":"ListItem","position":1,"name":"In\u00edcio","item":"https:\/\/www.estrategiaconcursos.com.br\/blog\/"},{"@type":"ListItem","position":2,"name":"Concurso Bandeirantes PR: veja os gabaritos preliminares"}]},{"@type":"WebSite","@id":"https:\/\/www.estrategiaconcursos.com.br\/blog\/#website","url":"https:\/\/www.estrategiaconcursos.com.br\/blog\/","name":"Estrat\u00e9gia Concursos","description":"O blog da Estrat\u00e9gia Concursos traz not\u00edcias sobre concursos e artigos de professores oferecendo cursos para concursos (pdf + videaulas) no site.","publisher":{"@id":"https:\/\/www.estrategiaconcursos.com.br\/blog\/#organization"},"potentialAction":[{"@type":"SearchAction","target":{"@type":"EntryPoint","urlTemplate":"https:\/\/www.estrategiaconcursos.com.br\/blog\/?s={search_term_string}"},"query-input":{"@type":"PropertyValueSpecification","valueRequired":true,"valueName":"search_term_string"}}],"inLanguage":"pt-BR"},{"@type":"Organization","@id":"https:\/\/www.estrategiaconcursos.com.br\/blog\/#organization","name":"Estrat\u00e9gia Concursos","url":"https:\/\/www.estrategiaconcursos.com.br\/blog\/","logo":{"@type":"ImageObject","inLanguage":"pt-BR","@id":"https:\/\/www.estrategiaconcursos.com.br\/blog\/#\/schema\/logo\/image\/","url":"https:\/\/dhg1h5j42swfq.cloudfront.net\/2025\/06\/03203428\/logo_concursos-1.jpg","contentUrl":"https:\/\/dhg1h5j42swfq.cloudfront.net\/2025\/06\/03203428\/logo_concursos-1.jpg","width":230,"height":60,"caption":"Estrat\u00e9gia Concursos"},"image":{"@id":"https:\/\/www.estrategiaconcursos.com.br\/blog\/#\/schema\/logo\/image\/"},"sameAs":["https:\/\/x.com\/EstratConcursos"]},{"@type":"Person","@id":"https:\/\/www.estrategiaconcursos.com.br\/blog\/#\/schema\/person\/045703eed12dcfcc3fc58d658357c347","name":"Coordena\u00e7\u00e3o","image":{"@type":"ImageObject","inLanguage":"pt-BR","@id":"https:\/\/secure.gravatar.com\/avatar\/f3095faeb99f4ee382a251aa279c830bd3f320ce3b5f2b4981bcc67f49efef63?s=96&d=mm&r=g","url":"https:\/\/secure.gravatar.com\/avatar\/f3095faeb99f4ee382a251aa279c830bd3f320ce3b5f2b4981bcc67f49efef63?s=96&d=mm&r=g","contentUrl":"https:\/\/secure.gravatar.com\/avatar\/f3095faeb99f4ee382a251aa279c830bd3f320ce3b5f2b4981bcc67f49efef63?s=96&d=mm&r=g","caption":"Coordena\u00e7\u00e3o"},"url":"https:\/\/www.estrategiaconcursos.com.br\/blog\/author\/contatoestrategiaconcursos-com-br-2\/"}]}},"_links":{"self":[{"href":"https:\/\/www.estrategiaconcursos.com.br\/blog\/wp-json\/wp\/v2\/posts\/1329511","targetHints":{"allow":["GET"]}}],"collection":[{"href":"https:\/\/www.estrategiaconcursos.com.br\/blog\/wp-json\/wp\/v2\/posts"}],"about":[{"href":"https:\/\/www.estrategiaconcursos.com.br\/blog\/wp-json\/wp\/v2\/types\/post"}],"author":[{"embeddable":true,"href":"https:\/\/www.estrategiaconcursos.com.br\/blog\/wp-json\/wp\/v2\/users\/1788"}],"replies":[{"embeddable":true,"href":"https:\/\/www.estrategiaconcursos.com.br\/blog\/wp-json\/wp\/v2\/comments?post=1329511"}],"version-history":[{"count":20,"href":"https:\/\/www.estrategiaconcursos.com.br\/blog\/wp-json\/wp\/v2\/posts\/1329511\/revisions"}],"predecessor-version":[{"id":1359831,"href":"https:\/\/www.estrategiaconcursos.com.br\/blog\/wp-json\/wp\/v2\/posts\/1329511\/revisions\/1359831"}],"wp:featuredmedia":[{"embeddable":true,"href":"https:\/\/www.estrategiaconcursos.com.br\/blog\/wp-json\/wp\/v2\/media\/1359797"}],"wp:attachment":[{"href":"https:\/\/www.estrategiaconcursos.com.br\/blog\/wp-json\/wp\/v2\/media?parent=1329511"}],"wp:term":[{"taxonomy":"category","embeddable":true,"href":"https:\/\/www.estrategiaconcursos.com.br\/blog\/wp-json\/wp\/v2\/categories?post=1329511"},{"taxonomy":"post_tag","embeddable":true,"href":"https:\/\/www.estrategiaconcursos.com.br\/blog\/wp-json\/wp\/v2\/tags?post=1329511"},{"taxonomy":"tax_estado","embeddable":true,"href":"https:\/\/www.estrategiaconcursos.com.br\/blog\/wp-json\/wp\/v2\/tax_estado?post=1329511"}],"curies":[{"name":"wp","href":"https:\/\/api.w.org\/{rel}","templated":true}]}}