{"id":1329434,"date":"2024-01-04T10:07:35","date_gmt":"2024-01-04T13:07:35","guid":{"rendered":"https:\/\/www.estrategiaconcursos.com.br\/blog\/?p=1329434"},"modified":"2024-01-04T16:22:26","modified_gmt":"2024-01-04T19:22:26","slug":"concurso-gcm-joao-pessoa-inscricao-prorrogada-prova-adiada","status":"publish","type":"post","link":"https:\/\/www.estrategiaconcursos.com.br\/blog\/concurso-gcm-joao-pessoa-inscricao-prorrogada-prova-adiada\/","title":{"rendered":"Concurso GCM Jo\u00e3o Pessoa: inscri\u00e7\u00e3o prorrogada e prova adiada"},"content":{"rendered":"\n<p>Nesta quinta-feira, 4 de janeiro, foi divulgada a primeira retifica\u00e7\u00e3o do edital do concurso GCM Jo\u00e3o Pessoa trazendo <strong>altera\u00e7\u00f5es no prazo de inscri\u00e7\u00e3o e aplica\u00e7\u00e3o das provas<\/strong>.<\/p>\n\n\n\n<p>De acordo com o documento publicado no Di\u00e1rio Oficial, agora, os interessados podem realizar sua candidatura at\u00e9 o dia 22 de janeiro. J\u00e1 a realiza\u00e7\u00e3o das provas objetivas foi adiada para 3 de mar\u00e7o.<\/p>\n\n\n\n<ul class=\"wp-block-list\">\n<li><a href=\"https:\/\/concurso.idecan.org.br\/Concurso.aspx?ID=97\" target=\"_blank\" rel=\"noreferrer noopener\">Inscreva-se aqui no concurso Guarda de Jo\u00e3o Pessoa<\/a><\/li>\n<\/ul>\n\n\n\n<p>Al\u00e9m disso, tamb\u00e9m foram registradas mudan\u00e7as no quadro de vagas [incluindo oportunidades para pessoas com defici\u00eancia e em cadastro de reserva], nos exerc\u00edcios do teste f\u00edsico e conte\u00fado program\u00e1tico.<\/p>\n\n\n\n<p class=\"has-text-align-center has-very-light-gray-to-cyan-bluish-gray-gradient-background has-background\"><a href=\"https:\/\/dhg1h5j42swfq.cloudfront.net\/2024\/01\/04093736\/2023_diario_438_03-01-7-8.pdf\" target=\"_blank\" rel=\"noreferrer noopener nofollow\"><strong>Confira aqui a retifica\u00e7\u00e3o na \u00edntegra<\/strong><\/a><\/p>\n\n\n\n<h2 class=\"wp-block-heading\" id=\"h-sobre-o-concurso-guarda-de-joao-pessoa\">Sobre o concurso Guarda de Jo\u00e3o Pessoa<\/h2>\n\n\n\n<p>S\u00e3o ofertadas <strong>200 vagas imediatas e 200 para forma\u00e7\u00e3o de cadastro de reserva<\/strong>. O cargo de <a href=\"https:\/\/www.estrategiaconcursos.com.br\/curso\/prefeitura-de-joao-pessoa-pb-gcm-guarda-civil-municipal-pacote-2023-pos-edital\/\" target=\"_blank\" rel=\"noreferrer noopener\">Guarda Civil<\/a> exige escolaridade de n\u00edvel m\u00e9dio, idade de at\u00e9 35 anos, CNH categoria B e altura m\u00ednima de 1,65m para homem e 1,55 para mulher.<\/p>\n\n\n\n<p>De acordo com o edital, o sal\u00e1rio inicial da carreira \u00e9 de R$ 1.302,00 + Gratifica\u00e7\u00e3o de Risco (100%). A jornada de trabalho \u00e9 de 12&#215;36 horas.<\/p>\n\n\n\n<p>Quer saber mais informa\u00e7\u00f5es sobre a inscri\u00e7\u00e3o, provas e vagas do concurso GCM Jo\u00e3o Pessoa? Ent\u00e3o, acesse nosso artigo na \u00edntegra:<\/p>\n\n\n\n<h2 class=\"wp-block-heading has-text-align-center has-cyan-bluish-gray-background-color has-background has-medium-font-size\" id=\"curso\">Saiba mais: <a href=\"https:\/\/www.estrategiaconcursos.com.br\/blog\/concurso-guarda-joao-pessoa\/\" target=\"_blank\" rel=\"noreferrer noopener\">Concurso GCM Jo\u00e3o Pessoa<\/a><\/h2>\n\n\n\n<hr class=\"wp-block-separator has-css-opacity\"\/>\n\n\n\n<h2 class=\"wp-block-heading has-text-align-center\" id=\"curso\">Quer saber tudo sobre concursos previstos?<br \/>Confira nossos artigos!<\/h2>\n\n\n\n<ul class=\"wp-block-list\">\n<li><a href=\"https:\/\/www.estrategiaconcursos.com.br\/blog\/concursos-abertos\/\" target=\"_blank\" rel=\"noreferrer noopener\">Concursos abertos<\/a><\/li>\n\n\n\n<li><a href=\"https:\/\/www.estrategiaconcursos.com.br\/blog\/concursos-2024\" target=\"_blank\" rel=\"noreferrer noopener\">Concursos 2024<\/a><\/li>\n<\/ul>\n\n\n\n<div id=\"boxes\" class=\"container\">\n<div class=\"row\">\n<div class=\"col-sm\">\n<div id=\"box-assinatura\" class=\"banner-guarda-gcm\">\n<h3 class=\"titulo-assinatura\">Concurso Guarda de Jo\u00e3o Pessoa<\/h3>\n<p class=\"subtitulo-assinatura\">Conhe\u00e7a os cursos<\/p>\n<div class=\"box-botao\"><a class=\"btn-assinatura\" role=\"button\" href=\"https:\/\/www.estrategiaconcursos.com.br\/cursosPorConcurso\/prefeitura-municipal-de-joao-pessoa\/\" target=\"_blank\" rel=\"noopener noreferrer\">Conhe\u00e7a mais<\/a><\/div>\n<\/div>\n\n<\/div>\n<\/div>\n<\/div>\n\n\n\n<div id=\"boxes\" class=\"container\">\n<div class=\"row\">\n<div class=\"col-sm\">\n<div id=\"box-assinatura\" class=\"estrategia\">\n<h3 class=\"titulo-assinatura\">Assinatura de Concursos<\/h3>\n<p class=\"subtitulo-assinatura\">Assinatura de 1 ou 2 anos<\/p>\n<div class=\"box-botao\"><a class=\"btn-assinatura\" role=\"button\" href=\"https:\/\/www.estrategiaconcursos.com.br\/assinaturas\/\" target=\"_blank\" rel=\"noopener noreferrer\">ASSINE AGORA<\/a><\/div>\n<\/div>\n<p class=\"texto-auxiliar\">&nbsp;<\/p><\/div><\/div><\/div>\n","protected":false},"excerpt":{"rendered":"<p>Nesta quinta-feira, 4 de janeiro, foi divulgada a primeira retifica\u00e7\u00e3o do edital do concurso GCM Jo\u00e3o Pessoa trazendo altera\u00e7\u00f5es no prazo de inscri\u00e7\u00e3o e aplica\u00e7\u00e3o das provas. De acordo com o documento publicado no Di\u00e1rio Oficial, agora, os interessados podem realizar sua candidatura at\u00e9 o dia 22 de janeiro. J\u00e1 a realiza\u00e7\u00e3o das provas objetivas [&hellip;]<\/p>\n","protected":false},"author":1206,"featured_media":854417,"comment_status":"open","ping_status":"closed","sticky":false,"template":"","format":"standard","meta":{"post_tipo":"news","footnotes":""},"categories":[220189,220219],"tags":[],"tax_estado":[219978],"class_list":["post-1329434","post","type-post","status-publish","format-standard","has-post-thumbnail","hentry","category-policial-guarda-civis","category-noticias","tax_estado-pb"],"acf":[],"yoast_head":"<!-- This site is optimized with the Yoast SEO Premium plugin v27.2 (Yoast SEO v27.2) - https:\/\/yoast.com\/product\/yoast-seo-premium-wordpress\/ -->\n<title>Concurso GCM Jo\u00e3o Pessoa: inscri\u00e7\u00e3o prorrogada e prova adiada<\/title>\n<meta name=\"description\" content=\"Foi divulgada a primeira retifica\u00e7\u00e3o do concurso GCM Jo\u00e3o Pessoa com altera\u00e7\u00f5es no prazo de inscri\u00e7\u00e3o e aplica\u00e7\u00e3o das provas.\" \/>\n<meta name=\"robots\" content=\"index, follow, max-snippet:-1, max-image-preview:large, max-video-preview:-1\" \/>\n<link rel=\"canonical\" href=\"https:\/\/www.estrategiaconcursos.com.br\/blog\/concurso-gcm-joao-pessoa-inscricao-prorrogada-prova-adiada\/\" \/>\n<meta property=\"og:locale\" content=\"pt_BR\" \/>\n<meta property=\"og:type\" content=\"article\" \/>\n<meta property=\"og:title\" content=\"Concurso GCM Jo\u00e3o Pessoa: inscri\u00e7\u00e3o prorrogada e prova adiada\" \/>\n<meta property=\"og:description\" content=\"Foi divulgada a primeira retifica\u00e7\u00e3o do concurso GCM Jo\u00e3o Pessoa com altera\u00e7\u00f5es no prazo de inscri\u00e7\u00e3o e aplica\u00e7\u00e3o das provas.\" \/>\n<meta property=\"og:url\" content=\"https:\/\/www.estrategiaconcursos.com.br\/blog\/concurso-gcm-joao-pessoa-inscricao-prorrogada-prova-adiada\/\" \/>\n<meta property=\"og:site_name\" content=\"Estrat\u00e9gia Concursos\" \/>\n<meta property=\"article:published_time\" content=\"2024-01-04T13:07:35+00:00\" \/>\n<meta property=\"article:modified_time\" content=\"2024-01-04T19:22:26+00:00\" \/>\n<meta property=\"og:image\" content=\"https:\/\/dhg1h5j42swfq.cloudfront.net\/2021\/08\/05181028\/guarda_de_joao_pessoa.jpg\" \/>\n\t<meta property=\"og:image:width\" content=\"768\" \/>\n\t<meta property=\"og:image:height\" content=\"432\" \/>\n\t<meta property=\"og:image:type\" content=\"image\/jpeg\" \/>\n<meta name=\"author\" content=\"Bruna de Andrade Fran\u00e7a\" \/>\n<meta name=\"twitter:card\" content=\"summary_large_image\" \/>\n<meta name=\"twitter:creator\" content=\"@EstratConcursos\" \/>\n<meta name=\"twitter:site\" content=\"@EstratConcursos\" \/>\n<meta name=\"twitter:label1\" content=\"Escrito por\" \/>\n\t<meta name=\"twitter:data1\" content=\"Bruna de Andrade Fran\u00e7a\" \/>\n\t<meta name=\"twitter:label2\" content=\"Est. tempo de leitura\" \/>\n\t<meta name=\"twitter:data2\" content=\"1 minuto\" \/>\n<script type=\"application\/ld+json\" class=\"yoast-schema-graph\">{\"@context\":\"https:\/\/schema.org\",\"@graph\":[{\"@type\":\"NewsArticle\",\"@id\":\"https:\/\/www.estrategiaconcursos.com.br\/blog\/concurso-gcm-joao-pessoa-inscricao-prorrogada-prova-adiada\/#article\",\"isPartOf\":{\"@id\":\"https:\/\/www.estrategiaconcursos.com.br\/blog\/concurso-gcm-joao-pessoa-inscricao-prorrogada-prova-adiada\/\"},\"author\":{\"name\":\"Bruna de Andrade Fran\u00e7a\",\"@id\":\"https:\/\/www.estrategiaconcursos.com.br\/blog\/#\/schema\/person\/6630f91134abc08115cca62ce6372855\"},\"headline\":\"Concurso GCM Jo\u00e3o Pessoa: inscri\u00e7\u00e3o prorrogada e prova adiada\",\"datePublished\":\"2024-01-04T13:07:35+00:00\",\"dateModified\":\"2024-01-04T19:22:26+00:00\",\"mainEntityOfPage\":{\"@id\":\"https:\/\/www.estrategiaconcursos.com.br\/blog\/concurso-gcm-joao-pessoa-inscricao-prorrogada-prova-adiada\/\"},\"wordCount\":272,\"commentCount\":0,\"publisher\":{\"@id\":\"https:\/\/www.estrategiaconcursos.com.br\/blog\/#organization\"},\"image\":{\"@id\":\"https:\/\/www.estrategiaconcursos.com.br\/blog\/concurso-gcm-joao-pessoa-inscricao-prorrogada-prova-adiada\/#primaryimage\"},\"thumbnailUrl\":\"https:\/\/dhg1h5j42swfq.cloudfront.net\/2021\/08\/05181028\/guarda_de_joao_pessoa.jpg\",\"articleSection\":[\"Policial (Guardas Civis)\",\"\u00daltimas not\u00edcias\"],\"inLanguage\":\"pt-BR\",\"potentialAction\":[{\"@type\":\"CommentAction\",\"name\":\"Comment\",\"target\":[\"https:\/\/www.estrategiaconcursos.com.br\/blog\/concurso-gcm-joao-pessoa-inscricao-prorrogada-prova-adiada\/#respond\"]}],\"copyrightYear\":\"2024\",\"copyrightHolder\":{\"@id\":\"https:\/\/www.estrategiaconcursos.com.br\/blog\/#organization\"}},{\"@type\":\"WebPage\",\"@id\":\"https:\/\/www.estrategiaconcursos.com.br\/blog\/concurso-gcm-joao-pessoa-inscricao-prorrogada-prova-adiada\/\",\"url\":\"https:\/\/www.estrategiaconcursos.com.br\/blog\/concurso-gcm-joao-pessoa-inscricao-prorrogada-prova-adiada\/\",\"name\":\"Concurso GCM Jo\u00e3o Pessoa: inscri\u00e7\u00e3o prorrogada e prova adiada\",\"isPartOf\":{\"@id\":\"https:\/\/www.estrategiaconcursos.com.br\/blog\/#website\"},\"primaryImageOfPage\":{\"@id\":\"https:\/\/www.estrategiaconcursos.com.br\/blog\/concurso-gcm-joao-pessoa-inscricao-prorrogada-prova-adiada\/#primaryimage\"},\"image\":{\"@id\":\"https:\/\/www.estrategiaconcursos.com.br\/blog\/concurso-gcm-joao-pessoa-inscricao-prorrogada-prova-adiada\/#primaryimage\"},\"thumbnailUrl\":\"https:\/\/dhg1h5j42swfq.cloudfront.net\/2021\/08\/05181028\/guarda_de_joao_pessoa.jpg\",\"datePublished\":\"2024-01-04T13:07:35+00:00\",\"dateModified\":\"2024-01-04T19:22:26+00:00\",\"description\":\"Foi divulgada a primeira retifica\u00e7\u00e3o do concurso GCM Jo\u00e3o Pessoa com altera\u00e7\u00f5es no prazo de inscri\u00e7\u00e3o e aplica\u00e7\u00e3o das provas.\",\"breadcrumb\":{\"@id\":\"https:\/\/www.estrategiaconcursos.com.br\/blog\/concurso-gcm-joao-pessoa-inscricao-prorrogada-prova-adiada\/#breadcrumb\"},\"inLanguage\":\"pt-BR\",\"potentialAction\":[{\"@type\":\"ReadAction\",\"target\":[\"https:\/\/www.estrategiaconcursos.com.br\/blog\/concurso-gcm-joao-pessoa-inscricao-prorrogada-prova-adiada\/\"]}]},{\"@type\":\"ImageObject\",\"inLanguage\":\"pt-BR\",\"@id\":\"https:\/\/www.estrategiaconcursos.com.br\/blog\/concurso-gcm-joao-pessoa-inscricao-prorrogada-prova-adiada\/#primaryimage\",\"url\":\"https:\/\/dhg1h5j42swfq.cloudfront.net\/2021\/08\/05181028\/guarda_de_joao_pessoa.jpg\",\"contentUrl\":\"https:\/\/dhg1h5j42swfq.cloudfront.net\/2021\/08\/05181028\/guarda_de_joao_pessoa.jpg\",\"width\":768,\"height\":432,\"caption\":\"concurso Guarda de Jo\u00e3o Pessoa\"},{\"@type\":\"BreadcrumbList\",\"@id\":\"https:\/\/www.estrategiaconcursos.com.br\/blog\/concurso-gcm-joao-pessoa-inscricao-prorrogada-prova-adiada\/#breadcrumb\",\"itemListElement\":[{\"@type\":\"ListItem\",\"position\":1,\"name\":\"In\u00edcio\",\"item\":\"https:\/\/www.estrategiaconcursos.com.br\/blog\/\"},{\"@type\":\"ListItem\",\"position\":2,\"name\":\"Concurso GCM Jo\u00e3o Pessoa: inscri\u00e7\u00e3o prorrogada e prova adiada\"}]},{\"@type\":\"WebSite\",\"@id\":\"https:\/\/www.estrategiaconcursos.com.br\/blog\/#website\",\"url\":\"https:\/\/www.estrategiaconcursos.com.br\/blog\/\",\"name\":\"Estrat\u00e9gia Concursos\",\"description\":\"O blog da Estrat\u00e9gia Concursos traz not\u00edcias sobre concursos e artigos de professores oferecendo cursos para concursos (pdf + videaulas) no site.\",\"publisher\":{\"@id\":\"https:\/\/www.estrategiaconcursos.com.br\/blog\/#organization\"},\"potentialAction\":[{\"@type\":\"SearchAction\",\"target\":{\"@type\":\"EntryPoint\",\"urlTemplate\":\"https:\/\/www.estrategiaconcursos.com.br\/blog\/?s={search_term_string}\"},\"query-input\":{\"@type\":\"PropertyValueSpecification\",\"valueRequired\":true,\"valueName\":\"search_term_string\"}}],\"inLanguage\":\"pt-BR\"},{\"@type\":\"Organization\",\"@id\":\"https:\/\/www.estrategiaconcursos.com.br\/blog\/#organization\",\"name\":\"Estrat\u00e9gia Concursos\",\"url\":\"https:\/\/www.estrategiaconcursos.com.br\/blog\/\",\"logo\":{\"@type\":\"ImageObject\",\"inLanguage\":\"pt-BR\",\"@id\":\"https:\/\/www.estrategiaconcursos.com.br\/blog\/#\/schema\/logo\/image\/\",\"url\":\"https:\/\/dhg1h5j42swfq.cloudfront.net\/2025\/06\/03203428\/logo_concursos-1.jpg\",\"contentUrl\":\"https:\/\/dhg1h5j42swfq.cloudfront.net\/2025\/06\/03203428\/logo_concursos-1.jpg\",\"width\":230,\"height\":60,\"caption\":\"Estrat\u00e9gia Concursos\"},\"image\":{\"@id\":\"https:\/\/www.estrategiaconcursos.com.br\/blog\/#\/schema\/logo\/image\/\"},\"sameAs\":[\"https:\/\/x.com\/EstratConcursos\"]},{\"@type\":\"Person\",\"@id\":\"https:\/\/www.estrategiaconcursos.com.br\/blog\/#\/schema\/person\/6630f91134abc08115cca62ce6372855\",\"name\":\"Bruna de Andrade Fran\u00e7a\",\"image\":{\"@type\":\"ImageObject\",\"inLanguage\":\"pt-BR\",\"@id\":\"https:\/\/secure.gravatar.com\/avatar\/d6316d36d50cea0fadae28ed3015b8870cc90a2d3d8a95c37b44006af36a00e3?s=96&d=mm&r=g\",\"url\":\"https:\/\/secure.gravatar.com\/avatar\/d6316d36d50cea0fadae28ed3015b8870cc90a2d3d8a95c37b44006af36a00e3?s=96&d=mm&r=g\",\"contentUrl\":\"https:\/\/secure.gravatar.com\/avatar\/d6316d36d50cea0fadae28ed3015b8870cc90a2d3d8a95c37b44006af36a00e3?s=96&d=mm&r=g\",\"caption\":\"Bruna de Andrade Fran\u00e7a\"},\"description\":\"Bruna de Andrade Fran\u00e7a \u00e9 publicit\u00e1ria com p\u00f3s-gradua\u00e7\u00e3o em Marketing &amp; Growth, atuando h\u00e1 mais de 6 anos no universo dos concursos p\u00fablicos. Desde 2021, lidera no Blog do Estrat\u00e9gia Concursos a cobertura editorial especializada em Concursos Policiais (PF, PRF, PM, PC, etc.), al\u00e9m das frentes de concursos banc\u00e1rios, de sa\u00fade e da \u00e1rea legislativa. Especialista em reda\u00e7\u00e3o, com pr\u00e1ticas de SEO e Copywriting, possui tamb\u00e9m atua\u00e7\u00e3o pr\u00e1tica de contato direto com \u00f3rg\u00e3os p\u00fablicos respons\u00e1veis por editais, permitindo acesso antecipado a informa\u00e7\u00f5es, desdobramentos importantes e atualiza\u00e7\u00e3o eficiente dos concursos p\u00fablicos.\",\"url\":\"https:\/\/www.estrategiaconcursos.com.br\/blog\/author\/bruna-andrade\/\"}]}<\/script>\n<!-- \/ Yoast SEO Premium plugin. -->","yoast_head_json":{"title":"Concurso GCM Jo\u00e3o Pessoa: inscri\u00e7\u00e3o prorrogada e prova adiada","description":"Foi divulgada a primeira retifica\u00e7\u00e3o do concurso GCM Jo\u00e3o Pessoa com altera\u00e7\u00f5es no prazo de inscri\u00e7\u00e3o e aplica\u00e7\u00e3o das provas.","robots":{"index":"index","follow":"follow","max-snippet":"max-snippet:-1","max-image-preview":"max-image-preview:large","max-video-preview":"max-video-preview:-1"},"canonical":"https:\/\/www.estrategiaconcursos.com.br\/blog\/concurso-gcm-joao-pessoa-inscricao-prorrogada-prova-adiada\/","og_locale":"pt_BR","og_type":"article","og_title":"Concurso GCM Jo\u00e3o Pessoa: inscri\u00e7\u00e3o prorrogada e prova adiada","og_description":"Foi divulgada a primeira retifica\u00e7\u00e3o do concurso GCM Jo\u00e3o Pessoa com altera\u00e7\u00f5es no prazo de inscri\u00e7\u00e3o e aplica\u00e7\u00e3o das provas.","og_url":"https:\/\/www.estrategiaconcursos.com.br\/blog\/concurso-gcm-joao-pessoa-inscricao-prorrogada-prova-adiada\/","og_site_name":"Estrat\u00e9gia Concursos","article_published_time":"2024-01-04T13:07:35+00:00","article_modified_time":"2024-01-04T19:22:26+00:00","og_image":[{"width":768,"height":432,"url":"https:\/\/dhg1h5j42swfq.cloudfront.net\/2021\/08\/05181028\/guarda_de_joao_pessoa.jpg","type":"image\/jpeg"}],"author":"Bruna de Andrade Fran\u00e7a","twitter_card":"summary_large_image","twitter_creator":"@EstratConcursos","twitter_site":"@EstratConcursos","twitter_misc":{"Escrito por":"Bruna de Andrade Fran\u00e7a","Est. tempo de leitura":"1 minuto"},"schema":{"@context":"https:\/\/schema.org","@graph":[{"@type":"NewsArticle","@id":"https:\/\/www.estrategiaconcursos.com.br\/blog\/concurso-gcm-joao-pessoa-inscricao-prorrogada-prova-adiada\/#article","isPartOf":{"@id":"https:\/\/www.estrategiaconcursos.com.br\/blog\/concurso-gcm-joao-pessoa-inscricao-prorrogada-prova-adiada\/"},"author":{"name":"Bruna de Andrade Fran\u00e7a","@id":"https:\/\/www.estrategiaconcursos.com.br\/blog\/#\/schema\/person\/6630f91134abc08115cca62ce6372855"},"headline":"Concurso GCM Jo\u00e3o Pessoa: inscri\u00e7\u00e3o prorrogada e prova adiada","datePublished":"2024-01-04T13:07:35+00:00","dateModified":"2024-01-04T19:22:26+00:00","mainEntityOfPage":{"@id":"https:\/\/www.estrategiaconcursos.com.br\/blog\/concurso-gcm-joao-pessoa-inscricao-prorrogada-prova-adiada\/"},"wordCount":272,"commentCount":0,"publisher":{"@id":"https:\/\/www.estrategiaconcursos.com.br\/blog\/#organization"},"image":{"@id":"https:\/\/www.estrategiaconcursos.com.br\/blog\/concurso-gcm-joao-pessoa-inscricao-prorrogada-prova-adiada\/#primaryimage"},"thumbnailUrl":"https:\/\/dhg1h5j42swfq.cloudfront.net\/2021\/08\/05181028\/guarda_de_joao_pessoa.jpg","articleSection":["Policial (Guardas Civis)","\u00daltimas not\u00edcias"],"inLanguage":"pt-BR","potentialAction":[{"@type":"CommentAction","name":"Comment","target":["https:\/\/www.estrategiaconcursos.com.br\/blog\/concurso-gcm-joao-pessoa-inscricao-prorrogada-prova-adiada\/#respond"]}],"copyrightYear":"2024","copyrightHolder":{"@id":"https:\/\/www.estrategiaconcursos.com.br\/blog\/#organization"}},{"@type":"WebPage","@id":"https:\/\/www.estrategiaconcursos.com.br\/blog\/concurso-gcm-joao-pessoa-inscricao-prorrogada-prova-adiada\/","url":"https:\/\/www.estrategiaconcursos.com.br\/blog\/concurso-gcm-joao-pessoa-inscricao-prorrogada-prova-adiada\/","name":"Concurso GCM Jo\u00e3o Pessoa: inscri\u00e7\u00e3o prorrogada e prova adiada","isPartOf":{"@id":"https:\/\/www.estrategiaconcursos.com.br\/blog\/#website"},"primaryImageOfPage":{"@id":"https:\/\/www.estrategiaconcursos.com.br\/blog\/concurso-gcm-joao-pessoa-inscricao-prorrogada-prova-adiada\/#primaryimage"},"image":{"@id":"https:\/\/www.estrategiaconcursos.com.br\/blog\/concurso-gcm-joao-pessoa-inscricao-prorrogada-prova-adiada\/#primaryimage"},"thumbnailUrl":"https:\/\/dhg1h5j42swfq.cloudfront.net\/2021\/08\/05181028\/guarda_de_joao_pessoa.jpg","datePublished":"2024-01-04T13:07:35+00:00","dateModified":"2024-01-04T19:22:26+00:00","description":"Foi divulgada a primeira retifica\u00e7\u00e3o do concurso GCM Jo\u00e3o Pessoa com altera\u00e7\u00f5es no prazo de inscri\u00e7\u00e3o e aplica\u00e7\u00e3o das provas.","breadcrumb":{"@id":"https:\/\/www.estrategiaconcursos.com.br\/blog\/concurso-gcm-joao-pessoa-inscricao-prorrogada-prova-adiada\/#breadcrumb"},"inLanguage":"pt-BR","potentialAction":[{"@type":"ReadAction","target":["https:\/\/www.estrategiaconcursos.com.br\/blog\/concurso-gcm-joao-pessoa-inscricao-prorrogada-prova-adiada\/"]}]},{"@type":"ImageObject","inLanguage":"pt-BR","@id":"https:\/\/www.estrategiaconcursos.com.br\/blog\/concurso-gcm-joao-pessoa-inscricao-prorrogada-prova-adiada\/#primaryimage","url":"https:\/\/dhg1h5j42swfq.cloudfront.net\/2021\/08\/05181028\/guarda_de_joao_pessoa.jpg","contentUrl":"https:\/\/dhg1h5j42swfq.cloudfront.net\/2021\/08\/05181028\/guarda_de_joao_pessoa.jpg","width":768,"height":432,"caption":"concurso Guarda de Jo\u00e3o Pessoa"},{"@type":"BreadcrumbList","@id":"https:\/\/www.estrategiaconcursos.com.br\/blog\/concurso-gcm-joao-pessoa-inscricao-prorrogada-prova-adiada\/#breadcrumb","itemListElement":[{"@type":"ListItem","position":1,"name":"In\u00edcio","item":"https:\/\/www.estrategiaconcursos.com.br\/blog\/"},{"@type":"ListItem","position":2,"name":"Concurso GCM Jo\u00e3o Pessoa: inscri\u00e7\u00e3o prorrogada e prova adiada"}]},{"@type":"WebSite","@id":"https:\/\/www.estrategiaconcursos.com.br\/blog\/#website","url":"https:\/\/www.estrategiaconcursos.com.br\/blog\/","name":"Estrat\u00e9gia Concursos","description":"O blog da Estrat\u00e9gia Concursos traz not\u00edcias sobre concursos e artigos de professores oferecendo cursos para concursos (pdf + videaulas) no site.","publisher":{"@id":"https:\/\/www.estrategiaconcursos.com.br\/blog\/#organization"},"potentialAction":[{"@type":"SearchAction","target":{"@type":"EntryPoint","urlTemplate":"https:\/\/www.estrategiaconcursos.com.br\/blog\/?s={search_term_string}"},"query-input":{"@type":"PropertyValueSpecification","valueRequired":true,"valueName":"search_term_string"}}],"inLanguage":"pt-BR"},{"@type":"Organization","@id":"https:\/\/www.estrategiaconcursos.com.br\/blog\/#organization","name":"Estrat\u00e9gia Concursos","url":"https:\/\/www.estrategiaconcursos.com.br\/blog\/","logo":{"@type":"ImageObject","inLanguage":"pt-BR","@id":"https:\/\/www.estrategiaconcursos.com.br\/blog\/#\/schema\/logo\/image\/","url":"https:\/\/dhg1h5j42swfq.cloudfront.net\/2025\/06\/03203428\/logo_concursos-1.jpg","contentUrl":"https:\/\/dhg1h5j42swfq.cloudfront.net\/2025\/06\/03203428\/logo_concursos-1.jpg","width":230,"height":60,"caption":"Estrat\u00e9gia Concursos"},"image":{"@id":"https:\/\/www.estrategiaconcursos.com.br\/blog\/#\/schema\/logo\/image\/"},"sameAs":["https:\/\/x.com\/EstratConcursos"]},{"@type":"Person","@id":"https:\/\/www.estrategiaconcursos.com.br\/blog\/#\/schema\/person\/6630f91134abc08115cca62ce6372855","name":"Bruna de Andrade Fran\u00e7a","image":{"@type":"ImageObject","inLanguage":"pt-BR","@id":"https:\/\/secure.gravatar.com\/avatar\/d6316d36d50cea0fadae28ed3015b8870cc90a2d3d8a95c37b44006af36a00e3?s=96&d=mm&r=g","url":"https:\/\/secure.gravatar.com\/avatar\/d6316d36d50cea0fadae28ed3015b8870cc90a2d3d8a95c37b44006af36a00e3?s=96&d=mm&r=g","contentUrl":"https:\/\/secure.gravatar.com\/avatar\/d6316d36d50cea0fadae28ed3015b8870cc90a2d3d8a95c37b44006af36a00e3?s=96&d=mm&r=g","caption":"Bruna de Andrade Fran\u00e7a"},"description":"Bruna de Andrade Fran\u00e7a \u00e9 publicit\u00e1ria com p\u00f3s-gradua\u00e7\u00e3o em Marketing &amp; Growth, atuando h\u00e1 mais de 6 anos no universo dos concursos p\u00fablicos. Desde 2021, lidera no Blog do Estrat\u00e9gia Concursos a cobertura editorial especializada em Concursos Policiais (PF, PRF, PM, PC, etc.), al\u00e9m das frentes de concursos banc\u00e1rios, de sa\u00fade e da \u00e1rea legislativa. Especialista em reda\u00e7\u00e3o, com pr\u00e1ticas de SEO e Copywriting, possui tamb\u00e9m atua\u00e7\u00e3o pr\u00e1tica de contato direto com \u00f3rg\u00e3os p\u00fablicos respons\u00e1veis por editais, permitindo acesso antecipado a informa\u00e7\u00f5es, desdobramentos importantes e atualiza\u00e7\u00e3o eficiente dos concursos p\u00fablicos.","url":"https:\/\/www.estrategiaconcursos.com.br\/blog\/author\/bruna-andrade\/"}]}},"_links":{"self":[{"href":"https:\/\/www.estrategiaconcursos.com.br\/blog\/wp-json\/wp\/v2\/posts\/1329434","targetHints":{"allow":["GET"]}}],"collection":[{"href":"https:\/\/www.estrategiaconcursos.com.br\/blog\/wp-json\/wp\/v2\/posts"}],"about":[{"href":"https:\/\/www.estrategiaconcursos.com.br\/blog\/wp-json\/wp\/v2\/types\/post"}],"author":[{"embeddable":true,"href":"https:\/\/www.estrategiaconcursos.com.br\/blog\/wp-json\/wp\/v2\/users\/1206"}],"replies":[{"embeddable":true,"href":"https:\/\/www.estrategiaconcursos.com.br\/blog\/wp-json\/wp\/v2\/comments?post=1329434"}],"version-history":[{"count":2,"href":"https:\/\/www.estrategiaconcursos.com.br\/blog\/wp-json\/wp\/v2\/posts\/1329434\/revisions"}],"predecessor-version":[{"id":1329874,"href":"https:\/\/www.estrategiaconcursos.com.br\/blog\/wp-json\/wp\/v2\/posts\/1329434\/revisions\/1329874"}],"wp:featuredmedia":[{"embeddable":true,"href":"https:\/\/www.estrategiaconcursos.com.br\/blog\/wp-json\/wp\/v2\/media\/854417"}],"wp:attachment":[{"href":"https:\/\/www.estrategiaconcursos.com.br\/blog\/wp-json\/wp\/v2\/media?parent=1329434"}],"wp:term":[{"taxonomy":"category","embeddable":true,"href":"https:\/\/www.estrategiaconcursos.com.br\/blog\/wp-json\/wp\/v2\/categories?post=1329434"},{"taxonomy":"post_tag","embeddable":true,"href":"https:\/\/www.estrategiaconcursos.com.br\/blog\/wp-json\/wp\/v2\/tags?post=1329434"},{"taxonomy":"tax_estado","embeddable":true,"href":"https:\/\/www.estrategiaconcursos.com.br\/blog\/wp-json\/wp\/v2\/tax_estado?post=1329434"}],"curies":[{"name":"wp","href":"https:\/\/api.w.org\/{rel}","templated":true}]}}