{"id":132893,"date":"2018-07-25T19:54:58","date_gmt":"2018-07-25T22:54:58","guid":{"rendered":"https:\/\/www.estrategiaconcursos.com.br\/blog\/?p=132893"},"modified":"2018-07-25T19:54:58","modified_gmt":"2018-07-25T22:54:58","slug":"mais-comentarios-das-questoes-da-fgv-para-cargo-de-arquiteto-tj-sc","status":"publish","type":"post","link":"https:\/\/www.estrategiaconcursos.com.br\/blog\/mais-comentarios-das-questoes-da-fgv-para-cargo-de-arquiteto-tj-sc\/","title":{"rendered":"Mais coment\u00e1rios das quest\u00f5es da FGV para cargo de arquiteto &#8211; TJ-SC!"},"content":{"rendered":"<p>Oi! Seguem mais coment\u00e1rios!<\/p>\n<p><strong>Quest\u00e3o 49<\/strong><\/p>\n<p>Sobre as fun\u00e7\u00f5es de um sistema predial de esgoto, considere as afirmativas a seguir:<\/p>\n<p>I. Impossibilitar o acesso de corpos estranhos ao interior do sistema.<\/p>\n<p>II. Direcionar os gases provenientes do interior do sistema predial de esgoto sanit\u00e1rio para o sistema de ventila\u00e7\u00e3o.<\/p>\n<p>III. Impedir que as \u00e1guas pluviais possam contaminar o sistema de abastecimento de \u00e1gua do pr\u00e9dio.<\/p>\n<p>Est\u00e1 correto somente o que se afirma em:<\/p>\n<p>(A) I;<\/p>\n<p>(B) II;<\/p>\n<p>(C) III;<\/p>\n<p>(D) I e II;<\/p>\n<p>(E) II e III.<\/p>\n<p><strong>Coment\u00e1rios<\/strong><\/p>\n<p>Vamos \u00e0 NBR 8160:1999 que trata sobre Sistemas prediais de esgoto sanit\u00e1rio &#8211; Projeto e execu\u00e7\u00e3o:<\/p>\n<p><strong>4.1 Generalidades<\/strong><\/p>\n<p>4.1.1 O sistema de esgoto sanit\u00e1rio tem por fun\u00e7\u00f5es b\u00e1sicas coletar e conduzir os despejos provenientes do uso adequado dos aparelhos sanit\u00e1rios a um destino apropriado.<\/p>\n<p>4.1.2 Por uso adequado dos aparelhos sanit\u00e1rios pressup\u00f5e-se a sua n\u00e3o utiliza\u00e7\u00e3o como destino para res\u00edduos outros que n\u00e3o o esgoto.<\/p>\n<p>4.1.3 O sistema predial de esgoto sanit\u00e1rio deve ser projetado de modo a:<\/p>\n<ol>\n<li>a) evitar a contamina\u00e7\u00e3o da \u00e1gua, de forma a garantir a sua qualidade de consumo, tanto no interior dos sistemas de suprimento e de equipamentos sanit\u00e1rios, como nos ambientes receptores;<\/li>\n<li>b) permitir o r\u00e1pido escoamento da \u00e1gua utilizada e dos despejos introduzidos, evitando a ocorr\u00eancia de vazamentos e a forma\u00e7\u00e3o de dep\u00f3sitos no interior das tubula\u00e7\u00f5es;<\/li>\n<li>c) impedir que os gases provenientes do interior do sistema predial de esgoto sanit\u00e1rio atinjam \u00e1reas de utiliza\u00e7\u00e3o;<\/li>\n<li>d) impossibilitar o acesso de corpos estranhos ao interior do sistema;<\/li>\n<li>e) permitir que os seus componentes sejam facilmente inspecion\u00e1veis;<\/li>\n<li>f) impossibilitar o acesso de esgoto ao subsistema de ventila\u00e7\u00e3o;<\/li>\n<li>g) permitir a fixa\u00e7\u00e3o dos aparelhos sanit\u00e1rios somente por dispositivos que facilitem a sua remo\u00e7\u00e3o para eventuais manuten\u00e7\u00f5es.<\/li>\n<\/ol>\n<p>4.1.3.1 O sistema predial de esgoto sanit\u00e1rio deve ser separador absoluto em rela\u00e7\u00e3o ao sistema predial de \u00e1guas pluviais, ou seja, n\u00e3o deve existir nenhuma liga\u00e7\u00e3o entre os dois sistemas.<\/p>\n<p><span style=\"color: #ff0000\">Gabarito: alternativa A<\/span><\/p>\n<p><strong>Quest\u00e3o 51<\/strong><\/p>\n<p>Considere o esquema da acessibilidade de portas em sequ\u00eancia para cadeirantes apresentado na figura abaixo:<\/p>\n<p>A respeito desse esquema, \u00e9 correto afirmar que:<\/p>\n<p>(A) atende \u00e0 norma, pois existe um espa\u00e7o de transposi\u00e7\u00e3o demarcado por um c\u00edrculo no entorno da cadeira;<\/p>\n<p>(B) atende \u00e0 norma, pois existe um espa\u00e7o que permite a abertura total da porta;<\/p>\n<p>(C) n\u00e3o atende \u00e0 norma, pois n\u00e3o existe um espa\u00e7o para o posicionamento da cadeira para a abertura da porta;<\/p>\n<p>(D) n\u00e3o atende \u00e0 norma, pois n\u00e3o h\u00e1 um alinhamento entre as portas;<\/p>\n<p>(E) n\u00e3o atende \u00e0 norma, pois o espa\u00e7o da porta \u00e9 menor que o c\u00edrculo no entorno da cadeira.<\/p>\n<p><strong>Coment\u00e1rios<\/strong><\/p>\n<p>Vamos \u00e0 NBR 9050:2015:<\/p>\n<p><strong>6.11.2 Portas<\/strong><\/p>\n<p>6.11.2.1 Para a utiliza\u00e7\u00e3o das portas em sequ\u00eancia, \u00e9 necess\u00e1rio um espa\u00e7o de transposi\u00e7\u00e3o com um c\u00edrculo de 1,50 m de di\u00e2metro, somado \u00e0s dimens\u00f5es da largura das portas (y), exemplificado na Figura 80, al\u00e9m dos 0,60 m ao lado da ma\u00e7aneta de cada porta, para permitir a aproxima\u00e7\u00e3o de uma pessoa em cadeira de rodas.<\/p>\n<p>(ABNT, 2015)<\/p>\n<p><span style=\"color: #ff0000\">Gabarito: alternativa C<\/span><\/p>\n<p><strong>Quest\u00e3o 55<\/strong><\/p>\n<p>A sinaliza\u00e7\u00e3o t\u00e1til tem por fun\u00e7\u00e3o guiar o fluxo e orientar o deslocamento de pessoas portadoras de defici\u00eancia na vis\u00e3o. A figura abaixo apresenta o esquema de um ponto de \u00f4nibus em uma cal\u00e7ada.<\/p>\n<p>Os pontos que devem ser feitos com piso t\u00e1til direcional e de alerta s\u00e3o:<\/p>\n<p>(A) direcional: B e C; alerta: A, D e E;<\/p>\n<p>(B) direcional: B, C e D; alerta: A e E;<\/p>\n<p>(C) direcional: B, C e E; alerta: A e D;<\/p>\n<p>(D) direcional: A e E; alerta: B, C e E;<\/p>\n<p>(E) direcional: A, C e D; alerta: B e E.<\/p>\n<p><strong>Coment\u00e1rios<\/strong><\/p>\n<p>Vamos \u00e0 NBR 9050:2015:<\/p>\n<p><em><strong>5.4.6 Sinaliza\u00e7\u00e3o t\u00e1til e visual no piso<\/strong><\/em><\/p>\n<p><em><strong>5.4.6.1 Geral<\/strong><\/em><\/p>\n<p><em>A sinaliza\u00e7\u00e3o t\u00e1til e visual no piso pode ser de alerta e direcional, conforme crit\u00e9rios definidos em normas espec\u00edficas.<\/em><\/p>\n<p><em>(&#8230;)<\/em><\/p>\n<p><em>A sinaliza\u00e7\u00e3o t\u00e1til e visual de alerta no piso deve ser utilizada para:<\/em><\/p>\n<p><em>a) informar \u00e0 pessoa com defici\u00eancia visual sobre a exist\u00eancia de desn\u00edveis ou situa\u00e7\u00f5es de risco permanente, como objetos suspensos n\u00e3o detect\u00e1veis pela bengala longa;<\/em><\/p>\n<p><em>b) orientar o posicionamento adequado da pessoa com defici\u00eancia visual para o uso de equipamentos, como elevadores, equipamentos de autoatendimento ou servi\u00e7os;<\/em><\/p>\n<p><em>c) informar as mudan\u00e7as de dire\u00e7\u00e3o ou op\u00e7\u00f5es de percursos;<\/em><\/p>\n<p><em>d) indicar o in\u00edcio e o t\u00e9rmino de degraus, escadas e rampas;<\/em><\/p>\n<p><em>e) indicar a exist\u00eancia de patamares nas escadas e rampas;<\/em><\/p>\n<p><em>f) indicar as travessias de pedestres (6.12.7).<\/em><\/p>\n<p>(&#8230;)<\/p>\n<p><em><strong>5.4.6.4 Sinaliza\u00e7\u00e3o t\u00e1til e visual direcional<\/strong><\/em><\/p>\n<p><em>A sinaliza\u00e7\u00e3o t\u00e1til e visual direcional no piso deve ser instalada no sentido do deslocamento das pessoas, quando da aus\u00eancia ou descontinuidade de linha-guia identific\u00e1vel, em ambientes internos ou externos, para indicar caminhos preferenciais de circula\u00e7\u00e3o.<\/em><\/p>\n<p>Agora, vamos \u00e0 NBR 16537:2016:<\/p>\n<p><a href=\"http:\/\/www.pessoacomdeficiencia.gov.br\/app\/sites\/default\/files\/arquivos\/%5Bfield_generico_imagens-filefield-description%5D_176.pdf\">http:\/\/www.pessoacomdeficiencia.gov.br\/app\/sites\/default\/files\/arquivos\/%5Bfield_generico_imagens-filefield-description%5D_176.pdf<\/a><\/p>\n<p>7.8.6 Deve ser implantada sinaliza\u00e7\u00e3o t\u00e1til direcional transversalmente \u00e0 cal\u00e7ada, identificando locais de embarque e pontos de parada de \u00f4nibus, conforme as Figuras 71 e 72.<\/p>\n<p><a href=\"https:\/\/dhg1h5j42swfq.cloudfront.net\/2018\/07\/25195342\/2018-07-25-21.png\"><img loading=\"lazy\" decoding=\"async\" class=\"aligncenter size-full wp-image-132894\" src=\"https:\/\/dhg1h5j42swfq.cloudfront.net\/2018\/07\/25195342\/2018-07-25-21.png\" alt=\"\" width=\"779\" height=\"528\" srcset=\"https:\/\/dhg1h5j42swfq.cloudfront.net\/2018\/07\/25195342\/2018-07-25-21.png 779w, https:\/\/dhg1h5j42swfq.cloudfront.net\/2018\/07\/25195342\/2018-07-25-21.png 300w, https:\/\/dhg1h5j42swfq.cloudfront.net\/2018\/07\/25195342\/2018-07-25-21.png 768w, https:\/\/dhg1h5j42swfq.cloudfront.net\/2018\/07\/25195342\/2018-07-25-21.png 610w\" sizes=\"auto, (max-width: 779px) 100vw, 779px\" \/><\/a><\/p>\n<p>(ABNT, 2016)<\/p>\n<p><span style=\"color: #ff0000\">Gabarito: alternativa B<\/span><\/p>\n<p>Abra\u00e7os! Moema<\/p>\n","protected":false},"excerpt":{"rendered":"<p>Oi! Seguem mais coment\u00e1rios! Quest\u00e3o 49 Sobre as fun\u00e7\u00f5es de um sistema predial de esgoto, considere as afirmativas a seguir: I. Impossibilitar o acesso de corpos estranhos ao interior do sistema. II. Direcionar os gases provenientes do interior do sistema predial de esgoto sanit\u00e1rio para o sistema de ventila\u00e7\u00e3o. III. Impedir que as \u00e1guas pluviais [&hellip;]<\/p>\n","protected":false},"author":524,"featured_media":0,"comment_status":"open","ping_status":"closed","sticky":false,"template":"","format":"standard","meta":{"post_tipo":"article","footnotes":""},"categories":[1],"tags":[],"tax_estado":[],"class_list":["post-132893","post","type-post","status-publish","format-standard","hentry","category-cursos-e-concursos"],"acf":[],"yoast_head":"<!-- This site is optimized with the Yoast SEO Premium plugin v27.2 (Yoast SEO v27.2) - https:\/\/yoast.com\/product\/yoast-seo-premium-wordpress\/ -->\n<title>Mais coment\u00e1rios das quest\u00f5es da FGV para cargo de arquiteto - TJ-SC!<\/title>\n<meta name=\"robots\" content=\"index, follow, max-snippet:-1, max-image-preview:large, max-video-preview:-1\" \/>\n<link rel=\"canonical\" href=\"https:\/\/www.estrategiaconcursos.com.br\/blog\/mais-comentarios-das-questoes-da-fgv-para-cargo-de-arquiteto-tj-sc\/\" \/>\n<meta property=\"og:locale\" content=\"pt_BR\" \/>\n<meta property=\"og:type\" content=\"article\" \/>\n<meta property=\"og:title\" content=\"Mais coment\u00e1rios das quest\u00f5es da FGV para cargo de arquiteto - TJ-SC!\" \/>\n<meta property=\"og:description\" content=\"Oi! Seguem mais coment\u00e1rios! Quest\u00e3o 49 Sobre as fun\u00e7\u00f5es de um sistema predial de esgoto, considere as afirmativas a seguir: I. Impossibilitar o acesso de corpos estranhos ao interior do sistema. II. Direcionar os gases provenientes do interior do sistema predial de esgoto sanit\u00e1rio para o sistema de ventila\u00e7\u00e3o. III. Impedir que as \u00e1guas pluviais [&hellip;]\" \/>\n<meta property=\"og:url\" content=\"https:\/\/www.estrategiaconcursos.com.br\/blog\/mais-comentarios-das-questoes-da-fgv-para-cargo-de-arquiteto-tj-sc\/\" \/>\n<meta property=\"og:site_name\" content=\"Estrat\u00e9gia Concursos\" \/>\n<meta property=\"article:published_time\" content=\"2018-07-25T22:54:58+00:00\" \/>\n<meta property=\"og:image\" content=\"https:\/\/www.estrategiaconcursos.com.br\/blog\/wp-content\/uploads\/2018\/07\/2018-07-25-21.png\" \/>\n<meta name=\"author\" content=\"Moema Machado\" \/>\n<meta name=\"twitter:card\" content=\"summary_large_image\" \/>\n<meta name=\"twitter:creator\" content=\"@EstratConcursos\" \/>\n<meta name=\"twitter:site\" content=\"@EstratConcursos\" \/>\n<meta name=\"twitter:label1\" content=\"Escrito por\" \/>\n\t<meta name=\"twitter:data1\" content=\"Moema Machado\" \/>\n\t<meta name=\"twitter:label2\" content=\"Est. tempo de leitura\" \/>\n\t<meta name=\"twitter:data2\" content=\"4 minutos\" \/>\n<script type=\"application\/ld+json\" class=\"yoast-schema-graph\">{\"@context\":\"https:\/\/schema.org\",\"@graph\":[{\"@type\":\"NewsArticle\",\"@id\":\"https:\/\/www.estrategiaconcursos.com.br\/blog\/mais-comentarios-das-questoes-da-fgv-para-cargo-de-arquiteto-tj-sc\/#article\",\"isPartOf\":{\"@id\":\"https:\/\/www.estrategiaconcursos.com.br\/blog\/mais-comentarios-das-questoes-da-fgv-para-cargo-de-arquiteto-tj-sc\/\"},\"author\":{\"name\":\"Moema Machado\",\"@id\":\"https:\/\/www.estrategiaconcursos.com.br\/blog\/#\/schema\/person\/e2a129484af400a0e96b32dee7e7008a\"},\"headline\":\"Mais coment\u00e1rios das quest\u00f5es da FGV para cargo de arquiteto &#8211; TJ-SC!\",\"datePublished\":\"2018-07-25T22:54:58+00:00\",\"mainEntityOfPage\":{\"@id\":\"https:\/\/www.estrategiaconcursos.com.br\/blog\/mais-comentarios-das-questoes-da-fgv-para-cargo-de-arquiteto-tj-sc\/\"},\"wordCount\":908,\"commentCount\":0,\"publisher\":{\"@id\":\"https:\/\/www.estrategiaconcursos.com.br\/blog\/#organization\"},\"image\":{\"@id\":\"https:\/\/www.estrategiaconcursos.com.br\/blog\/mais-comentarios-das-questoes-da-fgv-para-cargo-de-arquiteto-tj-sc\/#primaryimage\"},\"thumbnailUrl\":\"https:\/\/www.estrategiaconcursos.com.br\/blog\/wp-content\/uploads\/2018\/07\/2018-07-25-21.png\",\"articleSection\":[\"Concursos P\u00fablicos\"],\"inLanguage\":\"pt-BR\",\"potentialAction\":[{\"@type\":\"CommentAction\",\"name\":\"Comment\",\"target\":[\"https:\/\/www.estrategiaconcursos.com.br\/blog\/mais-comentarios-das-questoes-da-fgv-para-cargo-de-arquiteto-tj-sc\/#respond\"]}],\"copyrightYear\":\"2018\",\"copyrightHolder\":{\"@id\":\"https:\/\/www.estrategiaconcursos.com.br\/blog\/#organization\"}},{\"@type\":\"WebPage\",\"@id\":\"https:\/\/www.estrategiaconcursos.com.br\/blog\/mais-comentarios-das-questoes-da-fgv-para-cargo-de-arquiteto-tj-sc\/\",\"url\":\"https:\/\/www.estrategiaconcursos.com.br\/blog\/mais-comentarios-das-questoes-da-fgv-para-cargo-de-arquiteto-tj-sc\/\",\"name\":\"Mais coment\u00e1rios das quest\u00f5es da FGV para cargo de arquiteto - TJ-SC!\",\"isPartOf\":{\"@id\":\"https:\/\/www.estrategiaconcursos.com.br\/blog\/#website\"},\"primaryImageOfPage\":{\"@id\":\"https:\/\/www.estrategiaconcursos.com.br\/blog\/mais-comentarios-das-questoes-da-fgv-para-cargo-de-arquiteto-tj-sc\/#primaryimage\"},\"image\":{\"@id\":\"https:\/\/www.estrategiaconcursos.com.br\/blog\/mais-comentarios-das-questoes-da-fgv-para-cargo-de-arquiteto-tj-sc\/#primaryimage\"},\"thumbnailUrl\":\"https:\/\/www.estrategiaconcursos.com.br\/blog\/wp-content\/uploads\/2018\/07\/2018-07-25-21.png\",\"datePublished\":\"2018-07-25T22:54:58+00:00\",\"breadcrumb\":{\"@id\":\"https:\/\/www.estrategiaconcursos.com.br\/blog\/mais-comentarios-das-questoes-da-fgv-para-cargo-de-arquiteto-tj-sc\/#breadcrumb\"},\"inLanguage\":\"pt-BR\",\"potentialAction\":[{\"@type\":\"ReadAction\",\"target\":[\"https:\/\/www.estrategiaconcursos.com.br\/blog\/mais-comentarios-das-questoes-da-fgv-para-cargo-de-arquiteto-tj-sc\/\"]}]},{\"@type\":\"ImageObject\",\"inLanguage\":\"pt-BR\",\"@id\":\"https:\/\/www.estrategiaconcursos.com.br\/blog\/mais-comentarios-das-questoes-da-fgv-para-cargo-de-arquiteto-tj-sc\/#primaryimage\",\"url\":\"https:\/\/dhg1h5j42swfq.cloudfront.net\/2018\/07\/25195342\/2018-07-25-21.png\",\"contentUrl\":\"https:\/\/dhg1h5j42swfq.cloudfront.net\/2018\/07\/25195342\/2018-07-25-21.png\",\"width\":779,\"height\":528},{\"@type\":\"BreadcrumbList\",\"@id\":\"https:\/\/www.estrategiaconcursos.com.br\/blog\/mais-comentarios-das-questoes-da-fgv-para-cargo-de-arquiteto-tj-sc\/#breadcrumb\",\"itemListElement\":[{\"@type\":\"ListItem\",\"position\":1,\"name\":\"In\u00edcio\",\"item\":\"https:\/\/www.estrategiaconcursos.com.br\/blog\/\"},{\"@type\":\"ListItem\",\"position\":2,\"name\":\"Mais coment\u00e1rios das quest\u00f5es da FGV para cargo de arquiteto &#8211; TJ-SC!\"}]},{\"@type\":\"WebSite\",\"@id\":\"https:\/\/www.estrategiaconcursos.com.br\/blog\/#website\",\"url\":\"https:\/\/www.estrategiaconcursos.com.br\/blog\/\",\"name\":\"Estrat\u00e9gia Concursos\",\"description\":\"O blog da Estrat\u00e9gia Concursos traz not\u00edcias sobre concursos e artigos de professores oferecendo cursos para concursos (pdf + videaulas) no site.\",\"publisher\":{\"@id\":\"https:\/\/www.estrategiaconcursos.com.br\/blog\/#organization\"},\"potentialAction\":[{\"@type\":\"SearchAction\",\"target\":{\"@type\":\"EntryPoint\",\"urlTemplate\":\"https:\/\/www.estrategiaconcursos.com.br\/blog\/?s={search_term_string}\"},\"query-input\":{\"@type\":\"PropertyValueSpecification\",\"valueRequired\":true,\"valueName\":\"search_term_string\"}}],\"inLanguage\":\"pt-BR\"},{\"@type\":\"Organization\",\"@id\":\"https:\/\/www.estrategiaconcursos.com.br\/blog\/#organization\",\"name\":\"Estrat\u00e9gia Concursos\",\"url\":\"https:\/\/www.estrategiaconcursos.com.br\/blog\/\",\"logo\":{\"@type\":\"ImageObject\",\"inLanguage\":\"pt-BR\",\"@id\":\"https:\/\/www.estrategiaconcursos.com.br\/blog\/#\/schema\/logo\/image\/\",\"url\":\"https:\/\/dhg1h5j42swfq.cloudfront.net\/2025\/06\/03203428\/logo_concursos-1.jpg\",\"contentUrl\":\"https:\/\/dhg1h5j42swfq.cloudfront.net\/2025\/06\/03203428\/logo_concursos-1.jpg\",\"width\":230,\"height\":60,\"caption\":\"Estrat\u00e9gia Concursos\"},\"image\":{\"@id\":\"https:\/\/www.estrategiaconcursos.com.br\/blog\/#\/schema\/logo\/image\/\"},\"sameAs\":[\"https:\/\/x.com\/EstratConcursos\"]},{\"@type\":\"Person\",\"@id\":\"https:\/\/www.estrategiaconcursos.com.br\/blog\/#\/schema\/person\/e2a129484af400a0e96b32dee7e7008a\",\"name\":\"Moema Machado\",\"image\":{\"@type\":\"ImageObject\",\"inLanguage\":\"pt-BR\",\"@id\":\"https:\/\/secure.gravatar.com\/avatar\/f6d4a54cce2f69a49a4fd2959222dd05dc4a6436cf3a28026212f62072fe4560?s=96&d=mm&r=g\",\"url\":\"https:\/\/secure.gravatar.com\/avatar\/f6d4a54cce2f69a49a4fd2959222dd05dc4a6436cf3a28026212f62072fe4560?s=96&d=mm&r=g\",\"contentUrl\":\"https:\/\/secure.gravatar.com\/avatar\/f6d4a54cce2f69a49a4fd2959222dd05dc4a6436cf3a28026212f62072fe4560?s=96&d=mm&r=g\",\"caption\":\"Moema Machado\"},\"url\":\"https:\/\/www.estrategiaconcursos.com.br\/blog\/author\/moemamoemamachado-com-br\/\"}]}<\/script>\n<!-- \/ Yoast SEO Premium plugin. -->","yoast_head_json":{"title":"Mais coment\u00e1rios das quest\u00f5es da FGV para cargo de arquiteto - TJ-SC!","robots":{"index":"index","follow":"follow","max-snippet":"max-snippet:-1","max-image-preview":"max-image-preview:large","max-video-preview":"max-video-preview:-1"},"canonical":"https:\/\/www.estrategiaconcursos.com.br\/blog\/mais-comentarios-das-questoes-da-fgv-para-cargo-de-arquiteto-tj-sc\/","og_locale":"pt_BR","og_type":"article","og_title":"Mais coment\u00e1rios das quest\u00f5es da FGV para cargo de arquiteto - TJ-SC!","og_description":"Oi! Seguem mais coment\u00e1rios! Quest\u00e3o 49 Sobre as fun\u00e7\u00f5es de um sistema predial de esgoto, considere as afirmativas a seguir: I. Impossibilitar o acesso de corpos estranhos ao interior do sistema. II. Direcionar os gases provenientes do interior do sistema predial de esgoto sanit\u00e1rio para o sistema de ventila\u00e7\u00e3o. III. Impedir que as \u00e1guas pluviais [&hellip;]","og_url":"https:\/\/www.estrategiaconcursos.com.br\/blog\/mais-comentarios-das-questoes-da-fgv-para-cargo-de-arquiteto-tj-sc\/","og_site_name":"Estrat\u00e9gia Concursos","article_published_time":"2018-07-25T22:54:58+00:00","og_image":[{"url":"https:\/\/www.estrategiaconcursos.com.br\/blog\/wp-content\/uploads\/2018\/07\/2018-07-25-21.png","type":"","width":"","height":""}],"author":"Moema Machado","twitter_card":"summary_large_image","twitter_creator":"@EstratConcursos","twitter_site":"@EstratConcursos","twitter_misc":{"Escrito por":"Moema Machado","Est. tempo de leitura":"4 minutos"},"schema":{"@context":"https:\/\/schema.org","@graph":[{"@type":"NewsArticle","@id":"https:\/\/www.estrategiaconcursos.com.br\/blog\/mais-comentarios-das-questoes-da-fgv-para-cargo-de-arquiteto-tj-sc\/#article","isPartOf":{"@id":"https:\/\/www.estrategiaconcursos.com.br\/blog\/mais-comentarios-das-questoes-da-fgv-para-cargo-de-arquiteto-tj-sc\/"},"author":{"name":"Moema Machado","@id":"https:\/\/www.estrategiaconcursos.com.br\/blog\/#\/schema\/person\/e2a129484af400a0e96b32dee7e7008a"},"headline":"Mais coment\u00e1rios das quest\u00f5es da FGV para cargo de arquiteto &#8211; TJ-SC!","datePublished":"2018-07-25T22:54:58+00:00","mainEntityOfPage":{"@id":"https:\/\/www.estrategiaconcursos.com.br\/blog\/mais-comentarios-das-questoes-da-fgv-para-cargo-de-arquiteto-tj-sc\/"},"wordCount":908,"commentCount":0,"publisher":{"@id":"https:\/\/www.estrategiaconcursos.com.br\/blog\/#organization"},"image":{"@id":"https:\/\/www.estrategiaconcursos.com.br\/blog\/mais-comentarios-das-questoes-da-fgv-para-cargo-de-arquiteto-tj-sc\/#primaryimage"},"thumbnailUrl":"https:\/\/www.estrategiaconcursos.com.br\/blog\/wp-content\/uploads\/2018\/07\/2018-07-25-21.png","articleSection":["Concursos P\u00fablicos"],"inLanguage":"pt-BR","potentialAction":[{"@type":"CommentAction","name":"Comment","target":["https:\/\/www.estrategiaconcursos.com.br\/blog\/mais-comentarios-das-questoes-da-fgv-para-cargo-de-arquiteto-tj-sc\/#respond"]}],"copyrightYear":"2018","copyrightHolder":{"@id":"https:\/\/www.estrategiaconcursos.com.br\/blog\/#organization"}},{"@type":"WebPage","@id":"https:\/\/www.estrategiaconcursos.com.br\/blog\/mais-comentarios-das-questoes-da-fgv-para-cargo-de-arquiteto-tj-sc\/","url":"https:\/\/www.estrategiaconcursos.com.br\/blog\/mais-comentarios-das-questoes-da-fgv-para-cargo-de-arquiteto-tj-sc\/","name":"Mais coment\u00e1rios das quest\u00f5es da FGV para cargo de arquiteto - TJ-SC!","isPartOf":{"@id":"https:\/\/www.estrategiaconcursos.com.br\/blog\/#website"},"primaryImageOfPage":{"@id":"https:\/\/www.estrategiaconcursos.com.br\/blog\/mais-comentarios-das-questoes-da-fgv-para-cargo-de-arquiteto-tj-sc\/#primaryimage"},"image":{"@id":"https:\/\/www.estrategiaconcursos.com.br\/blog\/mais-comentarios-das-questoes-da-fgv-para-cargo-de-arquiteto-tj-sc\/#primaryimage"},"thumbnailUrl":"https:\/\/www.estrategiaconcursos.com.br\/blog\/wp-content\/uploads\/2018\/07\/2018-07-25-21.png","datePublished":"2018-07-25T22:54:58+00:00","breadcrumb":{"@id":"https:\/\/www.estrategiaconcursos.com.br\/blog\/mais-comentarios-das-questoes-da-fgv-para-cargo-de-arquiteto-tj-sc\/#breadcrumb"},"inLanguage":"pt-BR","potentialAction":[{"@type":"ReadAction","target":["https:\/\/www.estrategiaconcursos.com.br\/blog\/mais-comentarios-das-questoes-da-fgv-para-cargo-de-arquiteto-tj-sc\/"]}]},{"@type":"ImageObject","inLanguage":"pt-BR","@id":"https:\/\/www.estrategiaconcursos.com.br\/blog\/mais-comentarios-das-questoes-da-fgv-para-cargo-de-arquiteto-tj-sc\/#primaryimage","url":"https:\/\/dhg1h5j42swfq.cloudfront.net\/2018\/07\/25195342\/2018-07-25-21.png","contentUrl":"https:\/\/dhg1h5j42swfq.cloudfront.net\/2018\/07\/25195342\/2018-07-25-21.png","width":779,"height":528},{"@type":"BreadcrumbList","@id":"https:\/\/www.estrategiaconcursos.com.br\/blog\/mais-comentarios-das-questoes-da-fgv-para-cargo-de-arquiteto-tj-sc\/#breadcrumb","itemListElement":[{"@type":"ListItem","position":1,"name":"In\u00edcio","item":"https:\/\/www.estrategiaconcursos.com.br\/blog\/"},{"@type":"ListItem","position":2,"name":"Mais coment\u00e1rios das quest\u00f5es da FGV para cargo de arquiteto &#8211; TJ-SC!"}]},{"@type":"WebSite","@id":"https:\/\/www.estrategiaconcursos.com.br\/blog\/#website","url":"https:\/\/www.estrategiaconcursos.com.br\/blog\/","name":"Estrat\u00e9gia Concursos","description":"O blog da Estrat\u00e9gia Concursos traz not\u00edcias sobre concursos e artigos de professores oferecendo cursos para concursos (pdf + videaulas) no site.","publisher":{"@id":"https:\/\/www.estrategiaconcursos.com.br\/blog\/#organization"},"potentialAction":[{"@type":"SearchAction","target":{"@type":"EntryPoint","urlTemplate":"https:\/\/www.estrategiaconcursos.com.br\/blog\/?s={search_term_string}"},"query-input":{"@type":"PropertyValueSpecification","valueRequired":true,"valueName":"search_term_string"}}],"inLanguage":"pt-BR"},{"@type":"Organization","@id":"https:\/\/www.estrategiaconcursos.com.br\/blog\/#organization","name":"Estrat\u00e9gia Concursos","url":"https:\/\/www.estrategiaconcursos.com.br\/blog\/","logo":{"@type":"ImageObject","inLanguage":"pt-BR","@id":"https:\/\/www.estrategiaconcursos.com.br\/blog\/#\/schema\/logo\/image\/","url":"https:\/\/dhg1h5j42swfq.cloudfront.net\/2025\/06\/03203428\/logo_concursos-1.jpg","contentUrl":"https:\/\/dhg1h5j42swfq.cloudfront.net\/2025\/06\/03203428\/logo_concursos-1.jpg","width":230,"height":60,"caption":"Estrat\u00e9gia Concursos"},"image":{"@id":"https:\/\/www.estrategiaconcursos.com.br\/blog\/#\/schema\/logo\/image\/"},"sameAs":["https:\/\/x.com\/EstratConcursos"]},{"@type":"Person","@id":"https:\/\/www.estrategiaconcursos.com.br\/blog\/#\/schema\/person\/e2a129484af400a0e96b32dee7e7008a","name":"Moema Machado","image":{"@type":"ImageObject","inLanguage":"pt-BR","@id":"https:\/\/secure.gravatar.com\/avatar\/f6d4a54cce2f69a49a4fd2959222dd05dc4a6436cf3a28026212f62072fe4560?s=96&d=mm&r=g","url":"https:\/\/secure.gravatar.com\/avatar\/f6d4a54cce2f69a49a4fd2959222dd05dc4a6436cf3a28026212f62072fe4560?s=96&d=mm&r=g","contentUrl":"https:\/\/secure.gravatar.com\/avatar\/f6d4a54cce2f69a49a4fd2959222dd05dc4a6436cf3a28026212f62072fe4560?s=96&d=mm&r=g","caption":"Moema Machado"},"url":"https:\/\/www.estrategiaconcursos.com.br\/blog\/author\/moemamoemamachado-com-br\/"}]}},"_links":{"self":[{"href":"https:\/\/www.estrategiaconcursos.com.br\/blog\/wp-json\/wp\/v2\/posts\/132893","targetHints":{"allow":["GET"]}}],"collection":[{"href":"https:\/\/www.estrategiaconcursos.com.br\/blog\/wp-json\/wp\/v2\/posts"}],"about":[{"href":"https:\/\/www.estrategiaconcursos.com.br\/blog\/wp-json\/wp\/v2\/types\/post"}],"author":[{"embeddable":true,"href":"https:\/\/www.estrategiaconcursos.com.br\/blog\/wp-json\/wp\/v2\/users\/524"}],"replies":[{"embeddable":true,"href":"https:\/\/www.estrategiaconcursos.com.br\/blog\/wp-json\/wp\/v2\/comments?post=132893"}],"version-history":[{"count":2,"href":"https:\/\/www.estrategiaconcursos.com.br\/blog\/wp-json\/wp\/v2\/posts\/132893\/revisions"}],"predecessor-version":[{"id":132896,"href":"https:\/\/www.estrategiaconcursos.com.br\/blog\/wp-json\/wp\/v2\/posts\/132893\/revisions\/132896"}],"wp:attachment":[{"href":"https:\/\/www.estrategiaconcursos.com.br\/blog\/wp-json\/wp\/v2\/media?parent=132893"}],"wp:term":[{"taxonomy":"category","embeddable":true,"href":"https:\/\/www.estrategiaconcursos.com.br\/blog\/wp-json\/wp\/v2\/categories?post=132893"},{"taxonomy":"post_tag","embeddable":true,"href":"https:\/\/www.estrategiaconcursos.com.br\/blog\/wp-json\/wp\/v2\/tags?post=132893"},{"taxonomy":"tax_estado","embeddable":true,"href":"https:\/\/www.estrategiaconcursos.com.br\/blog\/wp-json\/wp\/v2\/tax_estado?post=132893"}],"curies":[{"name":"wp","href":"https:\/\/api.w.org\/{rel}","templated":true}]}}