{"id":1328915,"date":"2024-01-03T14:43:31","date_gmt":"2024-01-03T17:43:31","guid":{"rendered":"https:\/\/www.estrategiaconcursos.com.br\/blog\/?p=1328915"},"modified":"2024-01-03T15:46:09","modified_gmt":"2024-01-03T18:46:09","slug":"edital-cnu-proxima-semana","status":"publish","type":"post","link":"https:\/\/www.estrategiaconcursos.com.br\/blog\/edital-cnu-proxima-semana\/","title":{"rendered":"Governo confirma edital CNU para a pr\u00f3xima semana"},"content":{"rendered":"\n<h3 class=\"wp-block-heading\" id=\"h-serao-mais-de-6-mil-vagas-inscricoes-no-dia-19-de-janeiro\"><em>Ser\u00e3o mais de 6 mil vagas; inscri\u00e7\u00f5es no dia 19 de janeiro!<\/em><\/h3>\n\n\n<a id=\"cta-icon\" href=\"https:\/\/www.redirectmais.com\/run\/cnu-info\" target=\"blank\" style=\"background:rgb(41,166,26)\">\n            <img decoding=\"async\" src=\"https:\/\/dhg1h5j42swfq.cloudfront.net\/2023\/12\/07154107\/whatsapp_13851.png\" alt=\"logo grupo whatsapp estrat\u00e9gia concursos\" alt=\"whatsapp_1385[1]\"><span > Acesse agora o Grupo de Estudos para o CNU 2025<\/span><\/a>\n\n\n\n<p>O <strong>edital do Concurso P\u00fablico Nacional Unificado (CNU) est\u00e1 confirmad\u00edssimo para ser publicado no dia 10 de janeiro.<\/strong> A informa\u00e7\u00e3o foi ratificada pelo governo federal nesta quarta (3).<\/p>\n\n\n\n<p>Essa ser\u00e1 uma oportunidade de ouro para aqueles que sonham em ingressar na carreira p\u00fablica, uma vez que ser\u00e3o contempladas <strong>6.640 vagas<\/strong>, al\u00e9m de forma\u00e7\u00e3o de cadastro reserva, para cargos de n\u00edveis m\u00e9dio, t\u00e9cnico e superior. <\/p>\n\n\n\n<p>Para aqueles interessados em participar \u00e9 importante lembrar que as inscri\u00e7\u00f5es ser\u00e3o abertas no dia 19 de janeiro, atrav\u00e9s do site da banca organizadora, a Cesgranrio. O prazo ser\u00e1 at\u00e9 a data limite do dia 09 de fevereiro. <\/p>\n\n\n\n<p>Al\u00e9m disso, as provas est\u00e3o previstas para serem aplicadas no dia 05 de maio, em at\u00e9 220 cidades. As vagas ser\u00e3o distribu\u00eddas por&nbsp;blocos tem\u00e1ticos, conforme anunciado pelo governo.<\/p>\n\n\n\n<p><em>\u201cEstamos falando de uma metodologia inovadora. A aplica\u00e7\u00e3o das provas, por exemplo, que ocorrer\u00e1 em 220 cidades de todo Brasil, \u00e9 um feito in\u00e9dito que exige uma prepara\u00e7\u00e3o in\u00e9dita tamb\u00e9m\u201d,<\/em> afirmou Regina Camargos, secret\u00e1ria adjunta de Gest\u00e3o de Pessoas do Minist\u00e9rio da Gest\u00e3o e da Inova\u00e7\u00e3o em Servi\u00e7os P\u00fablicos. <\/p>\n\n\n\n<p>Em parceria com a empresa respons\u00e1vel pela aplica\u00e7\u00e3o do concurso, a Cesgranrio, o n\u00famero de cidades foi ampliado para garantir que regi\u00f5es metropolitanas tenham provas em mais de uma cidade.<\/p>\n\n\n\n<figure class=\"wp-block-image aligncenter size-full\"><img loading=\"lazy\" decoding=\"async\" width=\"1000\" height=\"618\" src=\"https:\/\/dhg1h5j42swfq.cloudfront.net\/2024\/01\/03143527\/image-48.png\" alt=\"Governo confirma edital CNU para a pr\u00f3xima semana\" class=\"wp-image-1328929\" srcset=\"https:\/\/dhg1h5j42swfq.cloudfront.net\/2024\/01\/03143527\/image-48.png 1000w, https:\/\/dhg1h5j42swfq.cloudfront.net\/2024\/01\/03143527\/image-48-300x185.png 300w, https:\/\/dhg1h5j42swfq.cloudfront.net\/2024\/01\/03143527\/image-48-768x475.png 768w, https:\/\/dhg1h5j42swfq.cloudfront.net\/2024\/01\/03143527\/image-48-610x377.png 610w, https:\/\/dhg1h5j42swfq.cloudfront.net\/2024\/01\/03143527\/image-48-150x93.png 150w\" sizes=\"auto, (max-width: 1000px) 100vw, 1000px\" \/><figcaption class=\"wp-element-caption\"><a href=\"https:\/\/www.gov.br\/gestao\/pt-br\/assuntos\/noticias\/2024\/janeiro\/concurso-publico-nacional-unificado-edital-sai-em-uma-semana\" target=\"_blank\" rel=\"noreferrer noopener\">Governo<\/a> confirma edital CNU para a pr\u00f3xima semana<\/figcaption><\/figure>\n\n\n\n<p>Vale frisar que, al\u00e9m de prever uma inscri\u00e7\u00e3o \u00fanica que valer\u00e1 para selecionar os candidatos para mais de um \u00f3rg\u00e3o, o CPNU tem outras inova\u00e7\u00f5es, como a participa\u00e7\u00e3o ativa dos \u00f3rg\u00e3os de controle desde o lan\u00e7amento do certame. <\/p>\n\n\n\n<p><em>\u201cN\u00e3o apresentamos para os \u00f3rg\u00e3os de controle um resultado final, entende? Eles participaram de todas as reuni\u00f5es e deram contribui\u00e7\u00f5es valiosas desde o princ\u00edpio\u201d,<\/em> ressaltou a secret\u00e1ria adjunta.<\/p>\n\n\n\n<p>Al\u00e9m disso, outra novidade \u00e9 a busca pela igualdade de oportunidades de acesso aos cargos p\u00fablicos efetivos atrav\u00e9s do edital Nacional Unificado (CNU). <\/p>\n\n\n\n<p><em>\u201cQueremos democratizar o acesso a essas vagas. Muitas pessoas sequer conseguiam prestar concursos porque precisavam se deslocar para outros estados, o que muitas vezes \u00e9 muito dispendioso<\/em>\u201d, explicou Regina Camargos. <\/p>\n\n\n\n<h2 class=\"wp-block-heading\" id=\"h-edital-do-concurso-nacional-unificado-cnu-na-proxima-semana-cronograma-de-datas\">Edital do Concurso Nacional Unificado (CNU) na pr\u00f3xima semana: cronograma de datas!<\/h2>\n\n\n\n<ul class=\"wp-block-list\">\n<li><strong>Publica\u00e7\u00e3o do Edital<\/strong>:&nbsp;10\/1\/2024&nbsp;<\/li>\n\n\n\n<li><strong>Inscri\u00e7\u00f5es:<\/strong>&nbsp;19\/01 a 09\/02\/2024&nbsp;<\/li>\n\n\n\n<li><strong>Divulga\u00e7\u00e3o dos dados finais de&nbsp;inscri\u00e7\u00f5es:&nbsp;<\/strong>29\/02\/2024&nbsp;<\/li>\n\n\n\n<li><strong>Divulga\u00e7\u00e3o dos Cart\u00f5es de Confirma\u00e7\u00e3o<\/strong>:&nbsp;29\/04\/2024&nbsp;<\/li>\n\n\n\n<li><strong>Aplica\u00e7\u00e3o das&nbsp;<\/strong><strong>Provas<\/strong>:&nbsp;05\/05\/2024&nbsp;<\/li>\n\n\n\n<li><strong>Divulga\u00e7\u00e3o dos resultados das provas objetivas e preliminares das provas discursivas e reda\u00e7\u00e3o<\/strong><strong>:<\/strong>&nbsp;03\/06\/2024&nbsp;<\/li>\n\n\n\n<li><strong>Divulga\u00e7\u00e3o Final dos Resultados<\/strong><strong>:<\/strong>&nbsp;30\/07\/2024&nbsp;<\/li>\n\n\n\n<li><strong>In\u00edcio da Convoca\u00e7\u00e3o para posse e Cursos de Forma\u00e7\u00e3o<\/strong>: 05\/08\/2024<\/li>\n<\/ul>\n\n\n\n<p class=\"has-text-align-center\"><em>Para mais informa\u00e7\u00f5es do edital Nacional Unificado (CNU), que segue previsto para a pr\u00f3xima semana, acesse o link abaixo. Preparamos um artigo completo e exclusivo para voc\u00ea:<\/em><\/p>\n\n\n\n<p class=\"has-text-align-center has-background\" style=\"background-color:#f6f6f6;font-size:clamp(14.642px, 0.915rem + ((1vw - 3.2px) * 0.721), 22px);\"><strong><a href=\"https:\/\/www.estrategiaconcursos.com.br\/blog\/concurso-nacional-unificado\/\" target=\"_blank\" rel=\"noreferrer noopener\">Concurso CNU<\/a><\/strong><\/p>\n\n\n\n<hr class=\"wp-block-separator has-alpha-channel-opacity\"\/>\n\n\n\n<h2 class=\"wp-block-heading has-text-align-center\" id=\"cursos-assinatura\"><em>Quer estudar para o Concurso Nacional Unificado?<\/em><\/h2>\n\n\n\n<div class=\"container\" id=\"boxes\">\n  <div class=\"row\">\n\n    <div class=\"col-sm\">\n      <div class=\"banner-estrategia\" id=\"box-assinatura\">\n        <h3 class=\"titulo-assinatura\">Cursos para CNU<\/h3>\n        <p class=\"subtitulo-assinatura\">Conhe\u00e7a os cursos<\/p>\n        <div class=\"box-botao\">\n          <a class=\"btn-assinatura\" target=\"_blank\" href=\"https:\/\/www.estrategiaconcursos.com.br\/cursosPorConcurso\/concurso-nacional-unificado-cnu\/\" role=\"button\" rel=\"noopener noreferrer\">Conhe\u00e7a mais<\/a>\n        <\/div>\n      <\/div>\n     \n    <\/div>\n\n  <\/div>\n<\/div>\n\n\n\n<div class=\"container\" id=\"boxes\">\r\n  <div class=\"row\">\r\n\r\n    <div class=\"col-sm\">\r\n      <div class=\"estrategia\" id=\"box-assinatura\">\r\n        <h3 class=\"titulo-assinatura\">Assinatura Concursos<\/h3>\r\n        <p class=\"subtitulo-assinatura\">Assinatura de 1 ano ou 2 anos<\/p>\r\n        <div class=\"box-botao\">\r\n          <a class=\"btn-assinatura\" target=\"_blank\" href=\"https:\/\/www.estrategiaconcursos.com.br\/assinaturas\/\" role=\"button\" rel=\"noopener noreferrer\">ASSINE AGORA<\/a>\r\n        <\/div>\r\n      <\/div><\/div><\/div><\/div>\n\n\n\n<h2 class=\"wp-block-heading has-text-align-center\" id=\"h-quer-saber-tudo-sobre-concursos-previstos-confira-os-nossos-artigos\">Quer saber tudo sobre concursos previstos?<br \/>Confira os nossos artigos!<\/h2>\n\n\n\n<ul class=\"wp-block-list\">\n<li><a href=\"https:\/\/www.estrategiaconcursos.com.br\/blog\/concursos-abertos\/\" target=\"_blank\" rel=\"noreferrer noopener\">Concursos Abertos<\/a><\/li>\n\n\n\n<li><a href=\"https:\/\/www.estrategiaconcursos.com.br\/blog\/concursos-federais-2023\/\" target=\"_blank\" rel=\"noreferrer noopener\">Concursos Federais<\/a><\/li>\n\n\n\n<li><a href=\"https:\/\/www.estrategiaconcursos.com.br\/blog\/concursos-2024\/\" target=\"_blank\" rel=\"noreferrer noopener\">Concursos 2024<\/a><\/li>\n<\/ul>\n","protected":false},"excerpt":{"rendered":"<p>Ser\u00e3o mais de 6 mil vagas; inscri\u00e7\u00f5es no dia 19 de janeiro! O edital do Concurso P\u00fablico Nacional Unificado (CNU) est\u00e1 confirmad\u00edssimo para ser publicado no dia 10 de janeiro. A informa\u00e7\u00e3o foi ratificada pelo governo federal nesta quarta (3). Essa ser\u00e1 uma oportunidade de ouro para aqueles que sonham em ingressar na carreira p\u00fablica, [&hellip;]<\/p>\n","protected":false},"author":656,"featured_media":1328936,"comment_status":"open","ping_status":"closed","sticky":false,"template":"","format":"standard","meta":{"post_tipo":"news","footnotes":""},"categories":[1,220219],"tags":[],"tax_estado":[219963],"class_list":["post-1328915","post","type-post","status-publish","format-standard","has-post-thumbnail","hentry","category-cursos-e-concursos","category-noticias","tax_estado-concursos-federais"],"acf":[],"yoast_head":"<!-- This site is optimized with the Yoast SEO Premium plugin v27.2 (Yoast SEO v27.2) - https:\/\/yoast.com\/product\/yoast-seo-premium-wordpress\/ -->\n<title>Governo confirma edital CNU para a pr\u00f3xima semana<\/title>\n<meta name=\"description\" content=\"Edital CNU \u00e9 confirmado para a pr\u00f3xima semana, no dia 10 de janeiro. Inscri\u00e7\u00f5es entre os dias 19 de janeiro e 9 de fevereiro.\" \/>\n<meta name=\"robots\" content=\"index, follow, max-snippet:-1, max-image-preview:large, max-video-preview:-1\" \/>\n<link rel=\"canonical\" href=\"https:\/\/www.estrategiaconcursos.com.br\/blog\/edital-cnu-proxima-semana\/\" \/>\n<meta property=\"og:locale\" content=\"pt_BR\" \/>\n<meta property=\"og:type\" content=\"article\" \/>\n<meta property=\"og:title\" content=\"Governo confirma edital CNU para a pr\u00f3xima semana\" \/>\n<meta property=\"og:description\" content=\"Edital CNU \u00e9 confirmado para a pr\u00f3xima semana, no dia 10 de janeiro. Inscri\u00e7\u00f5es entre os dias 19 de janeiro e 9 de fevereiro.\" \/>\n<meta property=\"og:url\" content=\"https:\/\/www.estrategiaconcursos.com.br\/blog\/edital-cnu-proxima-semana\/\" \/>\n<meta property=\"og:site_name\" content=\"Estrat\u00e9gia Concursos\" \/>\n<meta property=\"article:published_time\" content=\"2024-01-03T17:43:31+00:00\" \/>\n<meta property=\"article:modified_time\" content=\"2024-01-03T18:46:09+00:00\" \/>\n<meta property=\"og:image\" content=\"https:\/\/dhg1h5j42swfq.cloudfront.net\/2024\/01\/03144308\/cnu.jpg\" \/>\n\t<meta property=\"og:image:width\" content=\"768\" \/>\n\t<meta property=\"og:image:height\" content=\"432\" \/>\n\t<meta property=\"og:image:type\" content=\"image\/jpeg\" \/>\n<meta name=\"author\" content=\"F\u00e1bio Scaldelai\" \/>\n<meta name=\"twitter:card\" content=\"summary_large_image\" \/>\n<meta name=\"twitter:creator\" content=\"@EstratConcursos\" \/>\n<meta name=\"twitter:site\" content=\"@EstratConcursos\" \/>\n<meta name=\"twitter:label1\" content=\"Escrito por\" \/>\n\t<meta name=\"twitter:data1\" content=\"F\u00e1bio Scaldelai\" \/>\n\t<meta name=\"twitter:label2\" content=\"Est. tempo de leitura\" \/>\n\t<meta name=\"twitter:data2\" content=\"3 minutos\" \/>\n<script type=\"application\/ld+json\" class=\"yoast-schema-graph\">{\"@context\":\"https:\/\/schema.org\",\"@graph\":[{\"@type\":\"NewsArticle\",\"@id\":\"https:\/\/www.estrategiaconcursos.com.br\/blog\/edital-cnu-proxima-semana\/#article\",\"isPartOf\":{\"@id\":\"https:\/\/www.estrategiaconcursos.com.br\/blog\/edital-cnu-proxima-semana\/\"},\"author\":{\"name\":\"F\u00e1bio Scaldelai\",\"@id\":\"https:\/\/www.estrategiaconcursos.com.br\/blog\/#\/schema\/person\/e3b6b7ce0192dd4ad270655969d61750\"},\"headline\":\"Governo confirma edital CNU para a pr\u00f3xima semana\",\"datePublished\":\"2024-01-03T17:43:31+00:00\",\"dateModified\":\"2024-01-03T18:46:09+00:00\",\"mainEntityOfPage\":{\"@id\":\"https:\/\/www.estrategiaconcursos.com.br\/blog\/edital-cnu-proxima-semana\/\"},\"wordCount\":561,\"commentCount\":0,\"publisher\":{\"@id\":\"https:\/\/www.estrategiaconcursos.com.br\/blog\/#organization\"},\"image\":{\"@id\":\"https:\/\/www.estrategiaconcursos.com.br\/blog\/edital-cnu-proxima-semana\/#primaryimage\"},\"thumbnailUrl\":\"https:\/\/dhg1h5j42swfq.cloudfront.net\/2024\/01\/03144308\/cnu.jpg\",\"articleSection\":[\"Concursos P\u00fablicos\",\"\u00daltimas not\u00edcias\"],\"inLanguage\":\"pt-BR\",\"potentialAction\":[{\"@type\":\"CommentAction\",\"name\":\"Comment\",\"target\":[\"https:\/\/www.estrategiaconcursos.com.br\/blog\/edital-cnu-proxima-semana\/#respond\"]}],\"copyrightYear\":\"2024\",\"copyrightHolder\":{\"@id\":\"https:\/\/www.estrategiaconcursos.com.br\/blog\/#organization\"}},{\"@type\":\"WebPage\",\"@id\":\"https:\/\/www.estrategiaconcursos.com.br\/blog\/edital-cnu-proxima-semana\/\",\"url\":\"https:\/\/www.estrategiaconcursos.com.br\/blog\/edital-cnu-proxima-semana\/\",\"name\":\"Governo confirma edital CNU para a pr\u00f3xima semana\",\"isPartOf\":{\"@id\":\"https:\/\/www.estrategiaconcursos.com.br\/blog\/#website\"},\"primaryImageOfPage\":{\"@id\":\"https:\/\/www.estrategiaconcursos.com.br\/blog\/edital-cnu-proxima-semana\/#primaryimage\"},\"image\":{\"@id\":\"https:\/\/www.estrategiaconcursos.com.br\/blog\/edital-cnu-proxima-semana\/#primaryimage\"},\"thumbnailUrl\":\"https:\/\/dhg1h5j42swfq.cloudfront.net\/2024\/01\/03144308\/cnu.jpg\",\"datePublished\":\"2024-01-03T17:43:31+00:00\",\"dateModified\":\"2024-01-03T18:46:09+00:00\",\"description\":\"Edital CNU \u00e9 confirmado para a pr\u00f3xima semana, no dia 10 de janeiro. Inscri\u00e7\u00f5es entre os dias 19 de janeiro e 9 de fevereiro.\",\"breadcrumb\":{\"@id\":\"https:\/\/www.estrategiaconcursos.com.br\/blog\/edital-cnu-proxima-semana\/#breadcrumb\"},\"inLanguage\":\"pt-BR\",\"potentialAction\":[{\"@type\":\"ReadAction\",\"target\":[\"https:\/\/www.estrategiaconcursos.com.br\/blog\/edital-cnu-proxima-semana\/\"]}]},{\"@type\":\"ImageObject\",\"inLanguage\":\"pt-BR\",\"@id\":\"https:\/\/www.estrategiaconcursos.com.br\/blog\/edital-cnu-proxima-semana\/#primaryimage\",\"url\":\"https:\/\/dhg1h5j42swfq.cloudfront.net\/2024\/01\/03144308\/cnu.jpg\",\"contentUrl\":\"https:\/\/dhg1h5j42swfq.cloudfront.net\/2024\/01\/03144308\/cnu.jpg\",\"width\":768,\"height\":432,\"caption\":\"CNU 2025 Enap\"},{\"@type\":\"BreadcrumbList\",\"@id\":\"https:\/\/www.estrategiaconcursos.com.br\/blog\/edital-cnu-proxima-semana\/#breadcrumb\",\"itemListElement\":[{\"@type\":\"ListItem\",\"position\":1,\"name\":\"In\u00edcio\",\"item\":\"https:\/\/www.estrategiaconcursos.com.br\/blog\/\"},{\"@type\":\"ListItem\",\"position\":2,\"name\":\"Governo confirma edital CNU para a pr\u00f3xima semana\"}]},{\"@type\":\"WebSite\",\"@id\":\"https:\/\/www.estrategiaconcursos.com.br\/blog\/#website\",\"url\":\"https:\/\/www.estrategiaconcursos.com.br\/blog\/\",\"name\":\"Estrat\u00e9gia Concursos\",\"description\":\"O blog da Estrat\u00e9gia Concursos traz not\u00edcias sobre concursos e artigos de professores oferecendo cursos para concursos (pdf + videaulas) no site.\",\"publisher\":{\"@id\":\"https:\/\/www.estrategiaconcursos.com.br\/blog\/#organization\"},\"potentialAction\":[{\"@type\":\"SearchAction\",\"target\":{\"@type\":\"EntryPoint\",\"urlTemplate\":\"https:\/\/www.estrategiaconcursos.com.br\/blog\/?s={search_term_string}\"},\"query-input\":{\"@type\":\"PropertyValueSpecification\",\"valueRequired\":true,\"valueName\":\"search_term_string\"}}],\"inLanguage\":\"pt-BR\"},{\"@type\":\"Organization\",\"@id\":\"https:\/\/www.estrategiaconcursos.com.br\/blog\/#organization\",\"name\":\"Estrat\u00e9gia Concursos\",\"url\":\"https:\/\/www.estrategiaconcursos.com.br\/blog\/\",\"logo\":{\"@type\":\"ImageObject\",\"inLanguage\":\"pt-BR\",\"@id\":\"https:\/\/www.estrategiaconcursos.com.br\/blog\/#\/schema\/logo\/image\/\",\"url\":\"https:\/\/dhg1h5j42swfq.cloudfront.net\/2025\/06\/03203428\/logo_concursos-1.jpg\",\"contentUrl\":\"https:\/\/dhg1h5j42swfq.cloudfront.net\/2025\/06\/03203428\/logo_concursos-1.jpg\",\"width\":230,\"height\":60,\"caption\":\"Estrat\u00e9gia Concursos\"},\"image\":{\"@id\":\"https:\/\/www.estrategiaconcursos.com.br\/blog\/#\/schema\/logo\/image\/\"},\"sameAs\":[\"https:\/\/x.com\/EstratConcursos\"]},{\"@type\":\"Person\",\"@id\":\"https:\/\/www.estrategiaconcursos.com.br\/blog\/#\/schema\/person\/e3b6b7ce0192dd4ad270655969d61750\",\"name\":\"F\u00e1bio Scaldelai\",\"image\":{\"@type\":\"ImageObject\",\"inLanguage\":\"pt-BR\",\"@id\":\"https:\/\/secure.gravatar.com\/avatar\/8ed7492c4d88d8495bc0cb24cda6847b8ae23eec459a919e08e77d0ca0fd79ec?s=96&d=mm&r=g\",\"url\":\"https:\/\/secure.gravatar.com\/avatar\/8ed7492c4d88d8495bc0cb24cda6847b8ae23eec459a919e08e77d0ca0fd79ec?s=96&d=mm&r=g\",\"contentUrl\":\"https:\/\/secure.gravatar.com\/avatar\/8ed7492c4d88d8495bc0cb24cda6847b8ae23eec459a919e08e77d0ca0fd79ec?s=96&d=mm&r=g\",\"caption\":\"F\u00e1bio Scaldelai\"},\"description\":\"Jornalista no Estrat\u00e9gia Concursos e Produtor de Televis\u00e3o, formado em Jornalismo, R\u00e1dio e TV pela Faculdade Integrada Rio Branco, com especializa\u00e7\u00f5es em Gest\u00e3o Empresarial e Marketing pelo M\u00f3dulo. Atuou como produtor no SBT, TV Bandeirantes e R\u00e1dio Band FM, al\u00e9m de acumular tr\u00eas anos de experi\u00eancia no setor de concursos p\u00fablicos pela LFG (Luiz Fl\u00e1vio Gomes). No Estrat\u00e9gia Concursos, atua na apura\u00e7\u00e3o de not\u00edcias da \u00e1rea fiscal, al\u00e9m de coberturas sobre concursos das \u00e1reas de controle (TCU, TCE, etc), concurso AFT, \u00e1rea de gest\u00e3o e administrativa, bem como dos \u00f3rg\u00e3os participantes do CNU. Tamb\u00e9m possui experi\u00eancia em link building e an\u00e1lise de m\u00eddia, adquirida durante sua atua\u00e7\u00e3o na ag\u00eancia SEO Marketing.\",\"url\":\"https:\/\/www.estrategiaconcursos.com.br\/blog\/author\/fabio-scaldelaiestrategiaconcursos-com-br\/\"}]}<\/script>\n<!-- \/ Yoast SEO Premium plugin. -->","yoast_head_json":{"title":"Governo confirma edital CNU para a pr\u00f3xima semana","description":"Edital CNU \u00e9 confirmado para a pr\u00f3xima semana, no dia 10 de janeiro. Inscri\u00e7\u00f5es entre os dias 19 de janeiro e 9 de fevereiro.","robots":{"index":"index","follow":"follow","max-snippet":"max-snippet:-1","max-image-preview":"max-image-preview:large","max-video-preview":"max-video-preview:-1"},"canonical":"https:\/\/www.estrategiaconcursos.com.br\/blog\/edital-cnu-proxima-semana\/","og_locale":"pt_BR","og_type":"article","og_title":"Governo confirma edital CNU para a pr\u00f3xima semana","og_description":"Edital CNU \u00e9 confirmado para a pr\u00f3xima semana, no dia 10 de janeiro. Inscri\u00e7\u00f5es entre os dias 19 de janeiro e 9 de fevereiro.","og_url":"https:\/\/www.estrategiaconcursos.com.br\/blog\/edital-cnu-proxima-semana\/","og_site_name":"Estrat\u00e9gia Concursos","article_published_time":"2024-01-03T17:43:31+00:00","article_modified_time":"2024-01-03T18:46:09+00:00","og_image":[{"width":768,"height":432,"url":"https:\/\/dhg1h5j42swfq.cloudfront.net\/2024\/01\/03144308\/cnu.jpg","type":"image\/jpeg"}],"author":"F\u00e1bio Scaldelai","twitter_card":"summary_large_image","twitter_creator":"@EstratConcursos","twitter_site":"@EstratConcursos","twitter_misc":{"Escrito por":"F\u00e1bio Scaldelai","Est. tempo de leitura":"3 minutos"},"schema":{"@context":"https:\/\/schema.org","@graph":[{"@type":"NewsArticle","@id":"https:\/\/www.estrategiaconcursos.com.br\/blog\/edital-cnu-proxima-semana\/#article","isPartOf":{"@id":"https:\/\/www.estrategiaconcursos.com.br\/blog\/edital-cnu-proxima-semana\/"},"author":{"name":"F\u00e1bio Scaldelai","@id":"https:\/\/www.estrategiaconcursos.com.br\/blog\/#\/schema\/person\/e3b6b7ce0192dd4ad270655969d61750"},"headline":"Governo confirma edital CNU para a pr\u00f3xima semana","datePublished":"2024-01-03T17:43:31+00:00","dateModified":"2024-01-03T18:46:09+00:00","mainEntityOfPage":{"@id":"https:\/\/www.estrategiaconcursos.com.br\/blog\/edital-cnu-proxima-semana\/"},"wordCount":561,"commentCount":0,"publisher":{"@id":"https:\/\/www.estrategiaconcursos.com.br\/blog\/#organization"},"image":{"@id":"https:\/\/www.estrategiaconcursos.com.br\/blog\/edital-cnu-proxima-semana\/#primaryimage"},"thumbnailUrl":"https:\/\/dhg1h5j42swfq.cloudfront.net\/2024\/01\/03144308\/cnu.jpg","articleSection":["Concursos P\u00fablicos","\u00daltimas not\u00edcias"],"inLanguage":"pt-BR","potentialAction":[{"@type":"CommentAction","name":"Comment","target":["https:\/\/www.estrategiaconcursos.com.br\/blog\/edital-cnu-proxima-semana\/#respond"]}],"copyrightYear":"2024","copyrightHolder":{"@id":"https:\/\/www.estrategiaconcursos.com.br\/blog\/#organization"}},{"@type":"WebPage","@id":"https:\/\/www.estrategiaconcursos.com.br\/blog\/edital-cnu-proxima-semana\/","url":"https:\/\/www.estrategiaconcursos.com.br\/blog\/edital-cnu-proxima-semana\/","name":"Governo confirma edital CNU para a pr\u00f3xima semana","isPartOf":{"@id":"https:\/\/www.estrategiaconcursos.com.br\/blog\/#website"},"primaryImageOfPage":{"@id":"https:\/\/www.estrategiaconcursos.com.br\/blog\/edital-cnu-proxima-semana\/#primaryimage"},"image":{"@id":"https:\/\/www.estrategiaconcursos.com.br\/blog\/edital-cnu-proxima-semana\/#primaryimage"},"thumbnailUrl":"https:\/\/dhg1h5j42swfq.cloudfront.net\/2024\/01\/03144308\/cnu.jpg","datePublished":"2024-01-03T17:43:31+00:00","dateModified":"2024-01-03T18:46:09+00:00","description":"Edital CNU \u00e9 confirmado para a pr\u00f3xima semana, no dia 10 de janeiro. Inscri\u00e7\u00f5es entre os dias 19 de janeiro e 9 de fevereiro.","breadcrumb":{"@id":"https:\/\/www.estrategiaconcursos.com.br\/blog\/edital-cnu-proxima-semana\/#breadcrumb"},"inLanguage":"pt-BR","potentialAction":[{"@type":"ReadAction","target":["https:\/\/www.estrategiaconcursos.com.br\/blog\/edital-cnu-proxima-semana\/"]}]},{"@type":"ImageObject","inLanguage":"pt-BR","@id":"https:\/\/www.estrategiaconcursos.com.br\/blog\/edital-cnu-proxima-semana\/#primaryimage","url":"https:\/\/dhg1h5j42swfq.cloudfront.net\/2024\/01\/03144308\/cnu.jpg","contentUrl":"https:\/\/dhg1h5j42swfq.cloudfront.net\/2024\/01\/03144308\/cnu.jpg","width":768,"height":432,"caption":"CNU 2025 Enap"},{"@type":"BreadcrumbList","@id":"https:\/\/www.estrategiaconcursos.com.br\/blog\/edital-cnu-proxima-semana\/#breadcrumb","itemListElement":[{"@type":"ListItem","position":1,"name":"In\u00edcio","item":"https:\/\/www.estrategiaconcursos.com.br\/blog\/"},{"@type":"ListItem","position":2,"name":"Governo confirma edital CNU para a pr\u00f3xima semana"}]},{"@type":"WebSite","@id":"https:\/\/www.estrategiaconcursos.com.br\/blog\/#website","url":"https:\/\/www.estrategiaconcursos.com.br\/blog\/","name":"Estrat\u00e9gia Concursos","description":"O blog da Estrat\u00e9gia Concursos traz not\u00edcias sobre concursos e artigos de professores oferecendo cursos para concursos (pdf + videaulas) no site.","publisher":{"@id":"https:\/\/www.estrategiaconcursos.com.br\/blog\/#organization"},"potentialAction":[{"@type":"SearchAction","target":{"@type":"EntryPoint","urlTemplate":"https:\/\/www.estrategiaconcursos.com.br\/blog\/?s={search_term_string}"},"query-input":{"@type":"PropertyValueSpecification","valueRequired":true,"valueName":"search_term_string"}}],"inLanguage":"pt-BR"},{"@type":"Organization","@id":"https:\/\/www.estrategiaconcursos.com.br\/blog\/#organization","name":"Estrat\u00e9gia Concursos","url":"https:\/\/www.estrategiaconcursos.com.br\/blog\/","logo":{"@type":"ImageObject","inLanguage":"pt-BR","@id":"https:\/\/www.estrategiaconcursos.com.br\/blog\/#\/schema\/logo\/image\/","url":"https:\/\/dhg1h5j42swfq.cloudfront.net\/2025\/06\/03203428\/logo_concursos-1.jpg","contentUrl":"https:\/\/dhg1h5j42swfq.cloudfront.net\/2025\/06\/03203428\/logo_concursos-1.jpg","width":230,"height":60,"caption":"Estrat\u00e9gia Concursos"},"image":{"@id":"https:\/\/www.estrategiaconcursos.com.br\/blog\/#\/schema\/logo\/image\/"},"sameAs":["https:\/\/x.com\/EstratConcursos"]},{"@type":"Person","@id":"https:\/\/www.estrategiaconcursos.com.br\/blog\/#\/schema\/person\/e3b6b7ce0192dd4ad270655969d61750","name":"F\u00e1bio Scaldelai","image":{"@type":"ImageObject","inLanguage":"pt-BR","@id":"https:\/\/secure.gravatar.com\/avatar\/8ed7492c4d88d8495bc0cb24cda6847b8ae23eec459a919e08e77d0ca0fd79ec?s=96&d=mm&r=g","url":"https:\/\/secure.gravatar.com\/avatar\/8ed7492c4d88d8495bc0cb24cda6847b8ae23eec459a919e08e77d0ca0fd79ec?s=96&d=mm&r=g","contentUrl":"https:\/\/secure.gravatar.com\/avatar\/8ed7492c4d88d8495bc0cb24cda6847b8ae23eec459a919e08e77d0ca0fd79ec?s=96&d=mm&r=g","caption":"F\u00e1bio Scaldelai"},"description":"Jornalista no Estrat\u00e9gia Concursos e Produtor de Televis\u00e3o, formado em Jornalismo, R\u00e1dio e TV pela Faculdade Integrada Rio Branco, com especializa\u00e7\u00f5es em Gest\u00e3o Empresarial e Marketing pelo M\u00f3dulo. Atuou como produtor no SBT, TV Bandeirantes e R\u00e1dio Band FM, al\u00e9m de acumular tr\u00eas anos de experi\u00eancia no setor de concursos p\u00fablicos pela LFG (Luiz Fl\u00e1vio Gomes). No Estrat\u00e9gia Concursos, atua na apura\u00e7\u00e3o de not\u00edcias da \u00e1rea fiscal, al\u00e9m de coberturas sobre concursos das \u00e1reas de controle (TCU, TCE, etc), concurso AFT, \u00e1rea de gest\u00e3o e administrativa, bem como dos \u00f3rg\u00e3os participantes do CNU. Tamb\u00e9m possui experi\u00eancia em link building e an\u00e1lise de m\u00eddia, adquirida durante sua atua\u00e7\u00e3o na ag\u00eancia SEO Marketing.","url":"https:\/\/www.estrategiaconcursos.com.br\/blog\/author\/fabio-scaldelaiestrategiaconcursos-com-br\/"}]}},"_links":{"self":[{"href":"https:\/\/www.estrategiaconcursos.com.br\/blog\/wp-json\/wp\/v2\/posts\/1328915","targetHints":{"allow":["GET"]}}],"collection":[{"href":"https:\/\/www.estrategiaconcursos.com.br\/blog\/wp-json\/wp\/v2\/posts"}],"about":[{"href":"https:\/\/www.estrategiaconcursos.com.br\/blog\/wp-json\/wp\/v2\/types\/post"}],"author":[{"embeddable":true,"href":"https:\/\/www.estrategiaconcursos.com.br\/blog\/wp-json\/wp\/v2\/users\/656"}],"replies":[{"embeddable":true,"href":"https:\/\/www.estrategiaconcursos.com.br\/blog\/wp-json\/wp\/v2\/comments?post=1328915"}],"version-history":[{"count":12,"href":"https:\/\/www.estrategiaconcursos.com.br\/blog\/wp-json\/wp\/v2\/posts\/1328915\/revisions"}],"predecessor-version":[{"id":1328984,"href":"https:\/\/www.estrategiaconcursos.com.br\/blog\/wp-json\/wp\/v2\/posts\/1328915\/revisions\/1328984"}],"wp:featuredmedia":[{"embeddable":true,"href":"https:\/\/www.estrategiaconcursos.com.br\/blog\/wp-json\/wp\/v2\/media\/1328936"}],"wp:attachment":[{"href":"https:\/\/www.estrategiaconcursos.com.br\/blog\/wp-json\/wp\/v2\/media?parent=1328915"}],"wp:term":[{"taxonomy":"category","embeddable":true,"href":"https:\/\/www.estrategiaconcursos.com.br\/blog\/wp-json\/wp\/v2\/categories?post=1328915"},{"taxonomy":"post_tag","embeddable":true,"href":"https:\/\/www.estrategiaconcursos.com.br\/blog\/wp-json\/wp\/v2\/tags?post=1328915"},{"taxonomy":"tax_estado","embeddable":true,"href":"https:\/\/www.estrategiaconcursos.com.br\/blog\/wp-json\/wp\/v2\/tax_estado?post=1328915"}],"curies":[{"name":"wp","href":"https:\/\/api.w.org\/{rel}","templated":true}]}}