{"id":1328740,"date":"2026-04-08T12:23:00","date_gmt":"2026-04-08T15:23:00","guid":{"rendered":"https:\/\/www.estrategiaconcursos.com.br\/blog\/?p=1328740"},"modified":"2026-04-10T11:12:26","modified_gmt":"2026-04-10T14:12:26","slug":"concurso-der-rj","status":"publish","type":"post","link":"https:\/\/www.estrategiaconcursos.com.br\/blog\/concurso-der-rj\/","title":{"rendered":"Concurso DER RJ 2026: novo grupo de trabalho \u00e9 formado!"},"content":{"rendered":"\n<p style=\"font-size:clamp(15.747px, 0.984rem + ((1vw - 3.2px) * 0.809), 24px);\"><strong><em>Concurso DER RJ n\u00e3o tinha novas movimenta\u00e7\u00f5es desde 2024<\/em><\/strong><\/p>\n\n\n\n<p>Foi designado um <a href=\"https:\/\/dhg1h5j42swfq.cloudfront.net\/2026\/04\/08120408\/grupo-de-trabalho-concurso-der-rj-2026.pdf\" target=\"_blank\" rel=\"noreferrer noopener nofollow\">novo grupo de trabalho<\/a> respons\u00e1vel pelos preparativos do <strong>concurso p\u00fablico do Departamento Estadual de Estradas de Rodagem do Rio de Janeiro (DER RJ).<\/strong><\/p>\n\n\n\n<p>O GT \u00e9 integrado por quatro servidores respons\u00e1veis pelos estudos a fim de apresentar subs\u00eddios para contrata\u00e7\u00e3o de consultoria para elabora\u00e7\u00e3o de termo de refer\u00eancia e demais documentos inerentes \u00e0 fase interna pr\u00e9via \u00e0 contrata\u00e7\u00e3o da banca.<\/p>\n\n\n\n<p>Vale ressaltar que ainda n\u00e3o h\u00e1 previs\u00e3o de quantas vagas ou quais cargos ser\u00e3o ofertados.<\/p>\n\n\n\n<ul class=\"wp-block-list has-very-light-gray-to-cyan-bluish-gray-gradient-background has-background\">\n<li><strong><\/strong><strong>Departamento Estadual de Estradas de Rodagem do Rio de Janeiro<\/strong><\/li>\n\n\n\n<li><strong>Status:<\/strong>\u00a0grupo de trabalho formado<\/li>\n\n\n\n<li><strong>Banca:<\/strong>&nbsp;a definir<\/li>\n\n\n\n<li><strong>Vagas:<\/strong>&nbsp;a definir<\/li>\n\n\n\n<li><strong>Sal\u00e1rio inicial:<\/strong>&nbsp;R$ 1.255,05 a R$ 7.183,19<\/li>\n\n\n\n<li><strong>\u00daltimo edital: <\/strong><a href=\"https:\/\/dhg1h5j42swfq.cloudfront.net\/2026\/04\/08122303\/edital-concurso-der-rj-2029-estrategia-concursos.pdf\" target=\"_blank\" rel=\"noreferrer noopener\">edital DER RJ 2009<\/a><\/li>\n<\/ul>\n\n\n\n<p>A fim de te deixar sempre bem informado, elaboramos este artigo com as principais informa\u00e7\u00f5es e novidades sobre o concurso. Acompanhe os t\u00f3picos abaixo e n\u00e3o perca nenhum detalhe:<\/p>\n\n\n\n<ul id=\"indice\" class=\"wp-block-list\">\n<li><a href=\"#sobre\"><strong>Sobre o DER RJ<\/strong><\/a><\/li>\n\n\n\n<li><strong><a href=\"#linha\">Linha do tempo<\/a><\/strong><\/li>\n\n\n\n<li><a href=\"#carreira\"><strong>Carreira<\/strong><\/a>\n<ul class=\"wp-block-list\">\n<li><a href=\"#salario\">Sal\u00e1rio<\/a><\/li>\n\n\n\n<li><a href=\"#cargos\">Cargos do DER RJ<\/a><\/li>\n<\/ul>\n<\/li>\n\n\n\n<li><a href=\"#ultimo-concurso-der-rj\"><strong>\u00daltimo concurso<\/strong><\/a>\n<ul class=\"wp-block-list\">\n<li><a href=\"#prova\">Prova objetiva<\/a><\/li>\n<\/ul>\n<\/li>\n\n\n\n<li><a href=\"#cursos\"><strong>Cursos e assinaturas<\/strong><\/a><\/li>\n\n\n\n<li><a href=\"#ficha\"><strong>Ficha t\u00e9cnica<\/strong><\/a><\/li>\n<\/ul>\n\n\n\n<div class=\"container\" id=\"boxes\">\n  <div class=\"row\">\n\n    <div class=\"col-sm\">\n      <div class=\"banner-estrat-corj\" id=\"box-assinatura\">\n        <h2 class=\"titulo-assinatura\" style=\"text-align: left;\">Cursos para Concursos<\/h2>\n        <p class=\"subtitulo-assinatura\" style=\"text-align: left;\">Conhe\u00e7a os cursos<\/p>\n        <div class=\"box-botao\" style=\"text-align: left;\">\n          <a class=\"btn-assinatura\" target=\"_blank\" href=\"https:\/\/www.estrategiaconcursos.com.br\/pesquisa\/?q=der+rj\/\" role=\"button\" rel=\"noopener noreferrer\">CLIQUE AQUI<\/a>\n        <\/div>\n      <\/div><\/div><\/div><\/div>\n\n\n\n<h2 class=\"wp-block-heading\" id=\"sobre\">Sobre o DER RJ<\/h2>\n\n\n\n<p>O Departamento de Estradas de Rodagem do Rio de Janeiro (DER-RJ) foi criado pelo Decreto-Lei 693, de 11 de fevereiro de 1943, com autonomia administrativa e amplas atribui\u00e7\u00f5es, relativas a conserva\u00e7\u00e3o e constru\u00e7\u00e3o de rodovias. <\/p>\n\n\n\n<p>O novo \u00f3rg\u00e3o ficava respons\u00e1vel tamb\u00e9m pelas estat\u00edsticas, pol\u00edcia rodovi\u00e1ria, estudos, an\u00e1lise dos solos, aperfei\u00e7oamento t\u00e9cnico profissional, organiza\u00e7\u00e3o de congressos de estradas de rodagem e propaganda das rodovias. <\/p>\n\n\n\n<p>Os esfor\u00e7os para coordena\u00e7\u00e3o e sistematiza\u00e7\u00e3o das atividades rodovi\u00e1rias no Estado Fluminense, entretanto, iniciaram-se muito antes. A implanta\u00e7\u00e3o de sistema completo de esgotamento sanit\u00e1rio na regi\u00e3o.<\/p>\n\n\n\n<h2 class=\"wp-block-heading\" id=\"linha\">Linha do tempo do Concurso DER RJ<\/h2>\n\n\n\n<ul class=\"wp-block-list\">\n<li><strong>03\/01\/2024:<\/strong> <a href=\"https:\/\/dhg1h5j42swfq.cloudfront.net\/2024\/01\/03104515\/image-37.png\" target=\"_blank\" rel=\"noreferrer noopener nofollow\">grupo de trabalho \u00e9 formado<\/a>;<\/li>\n\n\n\n<li><strong>18\/03\/2024: <\/strong><a href=\"https:\/\/dhg1h5j42swfq.cloudfront.net\/2024\/03\/18102514\/image-410.png\" target=\"_blank\" rel=\"noreferrer noopener nofollow\">estudos para o grupo de trabalho tem prazo prorrogado<\/a>;<\/li>\n\n\n\n<li><strong>08\/04\/2026: <\/strong><a href=\"https:\/\/www.estrategiaconcursos.com.br\/blog\/concurso-der-rj-2026-novo-grupo-de-trabalho\/\" target=\"_blank\" rel=\"noreferrer noopener\">novo grupo de trabalho formado<\/a>.<\/li>\n<\/ul>\n\n\n\n<h2 class=\"wp-block-heading\" id=\"carreira\">Carreira do DER RJ<\/h2>\n\n\n\n<h3 class=\"wp-block-heading\" id=\"salarios\">Sal\u00e1rios <\/h3>\n\n\n\n<p>De acordo com informa\u00e7\u00f5es obtidas, os cargos de <strong>n\u00edvel superior<\/strong> do DER RJ recebem em torno de<strong> R$ 7.183,19<\/strong>, no n\u00edvel A. Conforme a progress\u00e3o na carreira, esse valor pode subir ainda mais, <strong>chegando a R$ 10.189,49. <\/strong><\/p>\n\n\n\n<p>J\u00e1 aqueles no <strong>n\u00edvel m\u00e9dio <\/strong>poder\u00e3o receber sal\u00e1rios de<strong> R$ 2.217,45<\/strong>, com possibilidades de ganhos <strong>de at\u00e9 quase R$ 4 mil.<\/strong> J\u00e1 o n\u00edvel fundamental o vencimento \u00e9 de <strong>R$ 1.255,05<\/strong>. Confira logo abaixo:<\/p>\n\n\n\n<figure class=\"wp-block-image aligncenter size-full\"><img loading=\"lazy\" decoding=\"async\" width=\"654\" height=\"566\" src=\"https:\/\/dhg1h5j42swfq.cloudfront.net\/2024\/01\/03151432\/image-49.png\" alt=\"Tabela remunerat\u00f3ria dos cargos que fazem parte do quadro permanente\" class=\"wp-image-1328960\" srcset=\"https:\/\/dhg1h5j42swfq.cloudfront.net\/2024\/01\/03151432\/image-49.png 654w, https:\/\/dhg1h5j42swfq.cloudfront.net\/2024\/01\/03151432\/image-49-300x260.png 300w, https:\/\/dhg1h5j42swfq.cloudfront.net\/2024\/01\/03151432\/image-49-610x528.png 610w, https:\/\/dhg1h5j42swfq.cloudfront.net\/2024\/01\/03151432\/image-49-150x130.png 150w\" sizes=\"auto, (max-width: 654px) 100vw, 654px\" \/><\/figure>\n\n\n\n<figure class=\"wp-block-image aligncenter size-full is-resized\"><img loading=\"lazy\" decoding=\"async\" width=\"691\" height=\"327\" src=\"https:\/\/dhg1h5j42swfq.cloudfront.net\/2024\/01\/03151447\/image-50.png\" alt=\"Tabela remunerat\u00f3ria dos cargos de n\u00edveis fundamental e elementar\" class=\"wp-image-1328961\" style=\"width:653px;height:auto\" srcset=\"https:\/\/dhg1h5j42swfq.cloudfront.net\/2024\/01\/03151447\/image-50.png 691w, https:\/\/dhg1h5j42swfq.cloudfront.net\/2024\/01\/03151447\/image-50-300x142.png 300w, https:\/\/dhg1h5j42swfq.cloudfront.net\/2024\/01\/03151447\/image-50-610x289.png 610w, https:\/\/dhg1h5j42swfq.cloudfront.net\/2024\/01\/03151447\/image-50-150x71.png 150w\" sizes=\"auto, (max-width: 691px) 100vw, 691px\" \/><\/figure>\n\n\n\n<p>Al\u00e9m dos sal\u00e1rios mencionados, o profissional tamb\u00e9m poder\u00e1 receber o <strong>Adicional por Tempo de Servi\u00e7o<\/strong> (tri\u00eanio). Para todos os cargos: incide apenas sobre o vencimento-base. Pode variar entre 10% e 60% de acordo com a Lei n\u00ba 1.608\/90. <\/p>\n\n\n\n<h3 class=\"wp-block-heading\" id=\"cargos\">Quais os cargos existentes no DER RJ?<\/h3>\n\n\n\n<p>Atualmente existem diversos cargos que comp\u00f5em o quadro permanente do DER RJ. A fun\u00e7\u00e3o de Trabalhador \u00e9 aquela que possui o maior n\u00famero de vagas, seguido do cargo de Agente Administrativo. <\/p>\n\n\n\n<figure class=\"wp-block-image aligncenter size-full is-resized\"><img loading=\"lazy\" decoding=\"async\" width=\"689\" height=\"731\" src=\"https:\/\/dhg1h5j42swfq.cloudfront.net\/2024\/01\/03154812\/image-51.png\" alt=\"Cargos efetivos de n\u00edvel superior e m\u00e9dio do DER RJ\" class=\"wp-image-1328986\" style=\"width:615px;height:auto\" srcset=\"https:\/\/dhg1h5j42swfq.cloudfront.net\/2024\/01\/03154812\/image-51.png 689w, https:\/\/dhg1h5j42swfq.cloudfront.net\/2024\/01\/03154812\/image-51-283x300.png 283w, https:\/\/dhg1h5j42swfq.cloudfront.net\/2024\/01\/03154812\/image-51-610x647.png 610w, https:\/\/dhg1h5j42swfq.cloudfront.net\/2024\/01\/03154812\/image-51-150x159.png 150w\" sizes=\"auto, (max-width: 689px) 100vw, 689px\" \/><\/figure>\n\n\n\n<figure class=\"wp-block-image aligncenter size-full is-resized\"><img loading=\"lazy\" decoding=\"async\" width=\"613\" height=\"834\" src=\"https:\/\/dhg1h5j42swfq.cloudfront.net\/2024\/01\/03154837\/image-52.png\" alt=\"Cargos efetivos de n\u00edvel fundamental do DER RJ\" class=\"wp-image-1328987\" style=\"width:595px;height:auto\" srcset=\"https:\/\/dhg1h5j42swfq.cloudfront.net\/2024\/01\/03154837\/image-52.png 613w, https:\/\/dhg1h5j42swfq.cloudfront.net\/2024\/01\/03154837\/image-52-221x300.png 221w, https:\/\/dhg1h5j42swfq.cloudfront.net\/2024\/01\/03154837\/image-52-610x830.png 610w, https:\/\/dhg1h5j42swfq.cloudfront.net\/2024\/01\/03154837\/image-52-150x204.png 150w\" sizes=\"auto, (max-width: 613px) 100vw, 613px\" \/><\/figure>\n\n\n\n<figure class=\"wp-block-image aligncenter size-full is-resized\"><img loading=\"lazy\" decoding=\"async\" width=\"666\" height=\"512\" src=\"https:\/\/dhg1h5j42swfq.cloudfront.net\/2024\/01\/03154858\/image-53.png\" alt=\"Cargos efetivos de n\u00edvel elementar do DER RJ\" class=\"wp-image-1328988\" style=\"width:588px;height:auto\" srcset=\"https:\/\/dhg1h5j42swfq.cloudfront.net\/2024\/01\/03154858\/image-53.png 666w, https:\/\/dhg1h5j42swfq.cloudfront.net\/2024\/01\/03154858\/image-53-300x231.png 300w, https:\/\/dhg1h5j42swfq.cloudfront.net\/2024\/01\/03154858\/image-53-610x469.png 610w, https:\/\/dhg1h5j42swfq.cloudfront.net\/2024\/01\/03154858\/image-53-150x115.png 150w\" sizes=\"auto, (max-width: 666px) 100vw, 666px\" \/><\/figure>\n\n\n\n<h2 class=\"wp-block-heading\" id=\"ultimo-concurso-der-rj\">Como foi o \u00faltimo concurso DER RJ? <\/h2>\n\n\n\n<p>O \u00faltimo Concurso DER RJ foi realizado em <strong>2009<\/strong>, sob organiza\u00e7\u00e3o da empresa Funda\u00e7\u00e3o <a href=\"https:\/\/ceperj.selecao.net.br\/\" target=\"_blank\" rel=\"noreferrer noopener\">Ceperj<\/a> (Centro Estadual de Estat\u00edsticas, Pesquisas e Forma\u00e7\u00e3o de Servidores P\u00fablicos do Rio de Janeiro).<\/p>\n\n\n\n<p>Na ocasi\u00e3o, a organizadora registrou cerca de 653 inscritos para as <strong>57 vagas<\/strong>, sendo 25 para <strong>Engenheiro Civil<\/strong>, duas para <strong>T\u00e9cnico de Comunica\u00e7\u00e3o Social<\/strong> e 30 para <strong>T\u00e9cnico em Estradas<\/strong>. <\/p>\n\n\n\n<figure class=\"wp-block-image aligncenter size-full\"><img loading=\"lazy\" decoding=\"async\" width=\"681\" height=\"182\" src=\"https:\/\/dhg1h5j42swfq.cloudfront.net\/2024\/01\/03110213\/image-38.png\" alt=\"Tabela de cargos e vagas ofertadas no edital de 2009\" class=\"wp-image-1328777\" srcset=\"https:\/\/dhg1h5j42swfq.cloudfront.net\/2024\/01\/03110213\/image-38.png 681w, https:\/\/dhg1h5j42swfq.cloudfront.net\/2024\/01\/03110213\/image-38-300x80.png 300w, https:\/\/dhg1h5j42swfq.cloudfront.net\/2024\/01\/03110213\/image-38-610x163.png 610w, https:\/\/dhg1h5j42swfq.cloudfront.net\/2024\/01\/03110213\/image-38-150x40.png 150w\" sizes=\"auto, (max-width: 681px) 100vw, 681px\" \/><\/figure>\n\n\n\n<h3 class=\"wp-block-heading\" id=\"h-confira-as-atribuicoes-dos-cargos-do-ultimo-concurso-der-rj\">Confira as atribui\u00e7\u00f5es dos cargos do \u00faltimo Concurso DER RJ<\/h3>\n\n\n\n<figure class=\"wp-block-table is-style-stripes\"><table><tbody><tr><td class=\"has-text-align-center\" data-align=\"center\"><strong>CARGOS<\/strong><\/td><td class=\"has-text-align-center\" data-align=\"center\"><strong>S\u00cdNTESE DAS ATRIBUI\u00c7\u00d5ES GERAIS<\/strong><\/td><\/tr><tr><td class=\"has-text-align-center\" data-align=\"center\">ENGENHEIRO<\/td><td class=\"has-text-align-center\" data-align=\"center\">Atividades que envolvem criatividade, supervis\u00e3o, pesquisa, planejamento, coordena\u00e7\u00e3o, orienta\u00e7\u00e3o, execu\u00e7\u00e3o especializada, sob supervis\u00e3o superior, bem como elabora\u00e7\u00e3o de projetos em geral do campo de engenharia civil, rodovi\u00e1ria, de trabalhos topogr\u00e1ficos e geod\u00e9sicos, de obras de drenagem e irriga\u00e7\u00e3o, sob a execu\u00e7\u00e3o direta ou indireta do Estado, e a fiscaliza\u00e7\u00e3o dessas atividades.<\/td><\/tr><tr><td class=\"has-text-align-center\" data-align=\"center\">T\u00c9CNICO DE COMUNICA\u00c7\u00c3O SOCIAL<\/td><td class=\"has-text-align-center\" data-align=\"center\">Atividades que envolvem coordena\u00e7\u00e3o, planejamento, orienta\u00e7\u00e3o, execu\u00e7\u00e3o especializada, relativas a trabalhos de rela\u00e7\u00f5es p\u00fablicas, de pesquisas e campanhas de opini\u00e3o p\u00fablica com fins institucionais de coleta de dados e preparo de informa\u00e7\u00f5es sobre o \u00f3rg\u00e3o e seus p\u00fablicos para divulga\u00e7\u00e3o oficial escrita, falada ou televisada.<\/td><\/tr><tr><td class=\"has-text-align-center\" data-align=\"center\">T\u00c9CNICO EM ESTRADAS<\/td><td class=\"has-text-align-center\" data-align=\"center\">Atividades t\u00e9cnico-profissionais que auxiliam diretamente o engenheiro no acompanhamento das obras em suas v\u00e1rias etapas de acordo com o projeto e especifica\u00e7\u00f5es, como tamb\u00e9m na execu\u00e7\u00e3o dos programas de conserva e realizar outras atribui\u00e7\u00f5es compat\u00edveis com a sua especializa\u00e7\u00e3o.<\/td><\/tr><\/tbody><\/table><figcaption class=\"wp-element-caption\">Atribui\u00e7\u00f5es dos cargos ofertados no \u00faltimo edital<\/figcaption><\/figure>\n\n\n\n<h3 class=\"wp-block-heading\" id=\"prova\">Concurso DER RJ: prova objetiva<\/h3>\n\n\n\n<p>Al\u00e9m disso, os candidatos aos tr\u00eas cargos se submeteram somente \u00e0 aplica\u00e7\u00e3o de provas objetivas, de car\u00e1ter eliminat\u00f3rio e classificat\u00f3rio. A sele\u00e7\u00e3o teve validade de dois anos. <\/p>\n\n\n\n<figure class=\"wp-block-image aligncenter size-full\"><img loading=\"lazy\" decoding=\"async\" width=\"682\" height=\"254\" src=\"https:\/\/dhg1h5j42swfq.cloudfront.net\/2024\/01\/03110841\/image-39.png\" alt=\"Tabela de detalhes da Prova Objetiva do \u00faltimo certame\" class=\"wp-image-1328787\" srcset=\"https:\/\/dhg1h5j42swfq.cloudfront.net\/2024\/01\/03110841\/image-39.png 682w, https:\/\/dhg1h5j42swfq.cloudfront.net\/2024\/01\/03110841\/image-39-300x112.png 300w, https:\/\/dhg1h5j42swfq.cloudfront.net\/2024\/01\/03110841\/image-39-610x227.png 610w, https:\/\/dhg1h5j42swfq.cloudfront.net\/2024\/01\/03110841\/image-39-150x56.png 150w\" sizes=\"auto, (max-width: 682px) 100vw, 682px\" \/><\/figure>\n\n\n\n<hr class=\"wp-block-separator has-alpha-channel-opacity\"\/>\n\n\n\n<p class=\"has-text-align-center has-x-large-font-size\" id=\"cursos\"><strong>Quer estudar para o concurso DER RJ?<\/strong><\/p>\n\n\n\n<div class=\"container\" id=\"boxes\">\n  <div class=\"row\">\n\n    <div class=\"col-sm\">\n      <div class=\"banner-estrat-corj\" id=\"box-assinatura\">\n        <h2 class=\"titulo-assinatura\" style=\"text-align: left;\">Cursos para Concursos<\/h2>\n        <p class=\"subtitulo-assinatura\" style=\"text-align: left;\">Conhe\u00e7a os cursos<\/p>\n        <div class=\"box-botao\" style=\"text-align: left;\">\n          <a class=\"btn-assinatura\" target=\"_blank\" href=\"https:\/\/www.estrategiaconcursos.com.br\/pesquisa\/?q=der+rj\/\" role=\"button\" rel=\"noopener noreferrer\">CLIQUE AQUI<\/a>\n        <\/div>\n      <\/div><\/div><\/div><\/div>\n\n\n\n<div class=\"container\" id=\"boxes\">\n  <div class=\"row\">\n\n    <div class=\"col-sm\">\n      <div class=\"estrategia\" id=\"box-assinatura\">\n        <h3 class=\"titulo-assinatura\">Assinatura Concursos<\/h3>\n        <p class=\"subtitulo-assinatura\">Assinatura de 1 ano ou 2 anos<\/p>\n        <div class=\"box-botao\">\n          <a class=\"btn-assinatura\" target=\"_blank\" href=\"https:\/\/www.estrategiaconcursos.com.br\/assinaturas\/\" role=\"button\" rel=\"noopener noreferrer\">ASSINE AGORA<\/a>\n        <\/div>\n      <\/div><\/div><\/div><\/div>\n\n\n\n<p class=\"has-text-align-center has-x-large-font-size\" id=\"h-quer-saber-tudo-sobre-concursos-previstos-confira-nossos-artigos\"><strong>Quer saber tudo sobre concursos previstos? Confira nossos artigos!<\/strong><\/p>\n\n\n\n<ul class=\"wp-block-list\">\n<li><a href=\"https:\/\/www.estrategiaconcursos.com.br\/blog\/concurso-administrativos\/\">Concursos Administrativos<\/a><\/li>\n\n\n\n<li><a href=\"https:\/\/www.estrategiaconcursos.com.br\/blog\/concursos-abertos\/\" target=\"_blank\" rel=\"noreferrer noopener\">Concursos Abertos<\/a><\/li>\n\n\n\n<li><a href=\"https:\/\/www.estrategiaconcursos.com.br\/blog\/concursos-2026\/\" target=\"_blank\" rel=\"noreferrer noopener\">Concursos 2026<\/a><\/li>\n\n\n\n<li><a href=\"https:\/\/www.estrategiaconcursos.com.br\/blog\/concursos-rj\/\" target=\"_blank\" rel=\"noreferrer noopener\">Concursos RJ<\/a><\/li>\n<\/ul>\n\n\n\n<figure class=\"wp-block-image is-resized\"><img loading=\"lazy\" decoding=\"async\" width=\"1024\" height=\"632\" src=\"https:\/\/dhg1h5j42swfq.cloudfront.net\/2025\/06\/27101122\/ficha-tecnica-1-1024x632.png\" alt=\"Informa\u00e7\u00f5es do \u00faltimo Concurso DER RJ\" class=\"wp-image-702728\" style=\"width:283px;height:auto\" srcset=\"https:\/\/dhg1h5j42swfq.cloudfront.net\/2025\/06\/27101122\/ficha-tecnica-1-1024x632.png 1024w, https:\/\/dhg1h5j42swfq.cloudfront.net\/2025\/06\/27101122\/ficha-tecnica-1-300x185.png 300w, https:\/\/dhg1h5j42swfq.cloudfront.net\/2025\/06\/27101122\/ficha-tecnica-1-768x474.png 768w, https:\/\/dhg1h5j42swfq.cloudfront.net\/2025\/06\/27101122\/ficha-tecnica-1-1536x948.png 1536w, https:\/\/dhg1h5j42swfq.cloudfront.net\/2025\/06\/27101122\/ficha-tecnica-1-610x377.png 610w, https:\/\/dhg1h5j42swfq.cloudfront.net\/2025\/06\/27101122\/ficha-tecnica-1.png 1571w\" sizes=\"auto, (max-width: 1024px) 100vw, 1024px\" \/><\/figure>\n\n\n\n<h2 class=\"wp-block-heading\" id=\"ficha\">Informa\u00e7\u00f5es do \u00faltimo Concurso DER RJ<\/h2>\n\n\n\n<ul class=\"wp-block-list\">\n<li><strong>Ano<\/strong>: 2009<\/li>\n\n\n\n<li><strong>Vagas<\/strong>: 57<\/li>\n\n\n\n<li><strong>Cargos<\/strong>: v\u00e1rios<\/li>\n\n\n\n<li><strong>Banca<\/strong>: Ceperj <\/li>\n\n\n\n<li><strong>Escolaridade<\/strong>: n\u00edveis m\u00e9dio, t\u00e9cnico e superior<\/li>\n\n\n\n<li><strong>Edital: <\/strong><a href=\"https:\/\/dhg1h5j42swfq.cloudfront.net\/2026\/04\/08122303\/edital-concurso-der-rj-2029-estrategia-concursos.pdf\" target=\"_blank\" rel=\"noreferrer noopener\">edital DER RJ 2009<\/a><\/li>\n<\/ul>\n","protected":false},"excerpt":{"rendered":"<p>Concurso DER RJ n\u00e3o tinha novas movimenta\u00e7\u00f5es desde 2024 Foi designado um novo grupo de trabalho respons\u00e1vel pelos preparativos do concurso p\u00fablico do Departamento Estadual de Estradas de Rodagem do Rio de Janeiro (DER RJ). O GT \u00e9 integrado por quatro servidores respons\u00e1veis pelos estudos a fim de apresentar subs\u00eddios para contrata\u00e7\u00e3o de consultoria para [&hellip;]<\/p>\n","protected":false},"author":1,"featured_media":1751561,"comment_status":"open","ping_status":"closed","sticky":false,"template":"","format":"standard","meta":{"post_tipo":"news_page","footnotes":""},"categories":[214992],"tags":[],"tax_estado":[219982],"class_list":["post-1328740","post","type-post","status-publish","format-standard","has-post-thumbnail","hentry","category-concursos-administrativos","tax_estado-rj"],"acf":[],"yoast_head":"<!-- This site is optimized with the Yoast SEO Premium plugin v27.2 (Yoast SEO v27.2) - https:\/\/yoast.com\/product\/yoast-seo-premium-wordpress\/ -->\n<title>Concurso DER RJ 2026: novo grupo de trabalho \u00e9 formado!<\/title>\n<meta name=\"description\" content=\"Fique por dentro das novidades do Concurso DER RJ e saiba mais sobre o grupo de trabalho respons\u00e1vel pelos preparativos.\" \/>\n<meta name=\"robots\" content=\"index, follow, max-snippet:-1, max-image-preview:large, max-video-preview:-1\" \/>\n<link rel=\"canonical\" href=\"https:\/\/www.estrategiaconcursos.com.br\/blog\/concurso-der-rj\/\" \/>\n<meta property=\"og:locale\" content=\"pt_BR\" \/>\n<meta property=\"og:type\" content=\"article\" \/>\n<meta property=\"og:title\" content=\"Concurso DER RJ 2026: novo grupo de trabalho \u00e9 formado!\" \/>\n<meta property=\"og:description\" content=\"Fique por dentro das novidades do Concurso DER RJ e saiba mais sobre o grupo de trabalho respons\u00e1vel pelos preparativos.\" \/>\n<meta property=\"og:url\" content=\"https:\/\/www.estrategiaconcursos.com.br\/blog\/concurso-der-rj\/\" \/>\n<meta property=\"og:site_name\" content=\"Estrat\u00e9gia Concursos\" \/>\n<meta property=\"article:author\" content=\"https:\/\/www.facebook.com\/EstrategiaConcursos\" \/>\n<meta property=\"article:published_time\" content=\"2026-04-08T15:23:00+00:00\" \/>\n<meta property=\"article:modified_time\" content=\"2026-04-10T14:12:26+00:00\" \/>\n<meta property=\"og:image\" content=\"https:\/\/dhg1h5j42swfq.cloudfront.net\/2026\/04\/10111209\/der-rj.jpg\" \/>\n\t<meta property=\"og:image:width\" content=\"768\" \/>\n\t<meta property=\"og:image:height\" content=\"432\" \/>\n\t<meta property=\"og:image:type\" content=\"image\/jpeg\" \/>\n<meta name=\"author\" content=\"Coordena\u00e7\u00e3o\" \/>\n<meta name=\"twitter:card\" content=\"summary_large_image\" \/>\n<meta name=\"twitter:creator\" content=\"@EstratConcursos\" \/>\n<meta name=\"twitter:site\" content=\"@EstratConcursos\" \/>\n<meta name=\"twitter:label1\" content=\"Escrito por\" \/>\n\t<meta name=\"twitter:data1\" content=\"Coordena\u00e7\u00e3o\" \/>\n\t<meta name=\"twitter:label2\" content=\"Est. tempo de leitura\" \/>\n\t<meta name=\"twitter:data2\" content=\"4 minutos\" \/>\n<script type=\"application\/ld+json\" class=\"yoast-schema-graph\">{\"@context\":\"https:\/\/schema.org\",\"@graph\":[{\"@type\":\"NewsArticle\",\"@id\":\"https:\/\/www.estrategiaconcursos.com.br\/blog\/concurso-der-rj\/#article\",\"isPartOf\":{\"@id\":\"https:\/\/www.estrategiaconcursos.com.br\/blog\/concurso-der-rj\/\"},\"author\":{\"name\":\"Coordena\u00e7\u00e3o\",\"@id\":\"https:\/\/www.estrategiaconcursos.com.br\/blog\/#\/schema\/person\/b4a388c97673c5f483d72185668afa1f\"},\"headline\":\"Concurso DER RJ 2026: novo grupo de trabalho \u00e9 formado!\",\"datePublished\":\"2026-04-08T15:23:00+00:00\",\"dateModified\":\"2026-04-10T14:12:26+00:00\",\"mainEntityOfPage\":{\"@id\":\"https:\/\/www.estrategiaconcursos.com.br\/blog\/concurso-der-rj\/\"},\"wordCount\":879,\"commentCount\":0,\"publisher\":{\"@id\":\"https:\/\/www.estrategiaconcursos.com.br\/blog\/#organization\"},\"image\":{\"@id\":\"https:\/\/www.estrategiaconcursos.com.br\/blog\/concurso-der-rj\/#primaryimage\"},\"thumbnailUrl\":\"https:\/\/dhg1h5j42swfq.cloudfront.net\/2026\/04\/10111209\/der-rj.jpg\",\"articleSection\":[\"Executivo (Administrativa)\"],\"inLanguage\":\"pt-BR\",\"potentialAction\":[{\"@type\":\"CommentAction\",\"name\":\"Comment\",\"target\":[\"https:\/\/www.estrategiaconcursos.com.br\/blog\/concurso-der-rj\/#respond\"]}],\"copyrightYear\":\"2026\",\"copyrightHolder\":{\"@id\":\"https:\/\/www.estrategiaconcursos.com.br\/blog\/#organization\"}},{\"@type\":\"WebPage\",\"@id\":\"https:\/\/www.estrategiaconcursos.com.br\/blog\/concurso-der-rj\/\",\"url\":\"https:\/\/www.estrategiaconcursos.com.br\/blog\/concurso-der-rj\/\",\"name\":\"Concurso DER RJ 2026: novo grupo de trabalho \u00e9 formado!\",\"isPartOf\":{\"@id\":\"https:\/\/www.estrategiaconcursos.com.br\/blog\/#website\"},\"primaryImageOfPage\":{\"@id\":\"https:\/\/www.estrategiaconcursos.com.br\/blog\/concurso-der-rj\/#primaryimage\"},\"image\":{\"@id\":\"https:\/\/www.estrategiaconcursos.com.br\/blog\/concurso-der-rj\/#primaryimage\"},\"thumbnailUrl\":\"https:\/\/dhg1h5j42swfq.cloudfront.net\/2026\/04\/10111209\/der-rj.jpg\",\"datePublished\":\"2026-04-08T15:23:00+00:00\",\"dateModified\":\"2026-04-10T14:12:26+00:00\",\"description\":\"Fique por dentro das novidades do Concurso DER RJ e saiba mais sobre o grupo de trabalho respons\u00e1vel pelos preparativos.\",\"breadcrumb\":{\"@id\":\"https:\/\/www.estrategiaconcursos.com.br\/blog\/concurso-der-rj\/#breadcrumb\"},\"inLanguage\":\"pt-BR\",\"potentialAction\":[{\"@type\":\"ReadAction\",\"target\":[\"https:\/\/www.estrategiaconcursos.com.br\/blog\/concurso-der-rj\/\"]}]},{\"@type\":\"ImageObject\",\"inLanguage\":\"pt-BR\",\"@id\":\"https:\/\/www.estrategiaconcursos.com.br\/blog\/concurso-der-rj\/#primaryimage\",\"url\":\"https:\/\/dhg1h5j42swfq.cloudfront.net\/2026\/04\/10111209\/der-rj.jpg\",\"contentUrl\":\"https:\/\/dhg1h5j42swfq.cloudfront.net\/2026\/04\/10111209\/der-rj.jpg\",\"width\":768,\"height\":432},{\"@type\":\"BreadcrumbList\",\"@id\":\"https:\/\/www.estrategiaconcursos.com.br\/blog\/concurso-der-rj\/#breadcrumb\",\"itemListElement\":[{\"@type\":\"ListItem\",\"position\":1,\"name\":\"In\u00edcio\",\"item\":\"https:\/\/www.estrategiaconcursos.com.br\/blog\/\"},{\"@type\":\"ListItem\",\"position\":2,\"name\":\"Concurso DER RJ 2026: novo grupo de trabalho \u00e9 formado!\"}]},{\"@type\":\"WebSite\",\"@id\":\"https:\/\/www.estrategiaconcursos.com.br\/blog\/#website\",\"url\":\"https:\/\/www.estrategiaconcursos.com.br\/blog\/\",\"name\":\"Estrat\u00e9gia Concursos\",\"description\":\"O blog da Estrat\u00e9gia Concursos traz not\u00edcias sobre concursos e artigos de professores oferecendo cursos para concursos (pdf + videaulas) no site.\",\"publisher\":{\"@id\":\"https:\/\/www.estrategiaconcursos.com.br\/blog\/#organization\"},\"potentialAction\":[{\"@type\":\"SearchAction\",\"target\":{\"@type\":\"EntryPoint\",\"urlTemplate\":\"https:\/\/www.estrategiaconcursos.com.br\/blog\/?s={search_term_string}\"},\"query-input\":{\"@type\":\"PropertyValueSpecification\",\"valueRequired\":true,\"valueName\":\"search_term_string\"}}],\"inLanguage\":\"pt-BR\"},{\"@type\":\"Organization\",\"@id\":\"https:\/\/www.estrategiaconcursos.com.br\/blog\/#organization\",\"name\":\"Estrat\u00e9gia Concursos\",\"url\":\"https:\/\/www.estrategiaconcursos.com.br\/blog\/\",\"logo\":{\"@type\":\"ImageObject\",\"inLanguage\":\"pt-BR\",\"@id\":\"https:\/\/www.estrategiaconcursos.com.br\/blog\/#\/schema\/logo\/image\/\",\"url\":\"https:\/\/dhg1h5j42swfq.cloudfront.net\/2025\/06\/03203428\/logo_concursos-1.jpg\",\"contentUrl\":\"https:\/\/dhg1h5j42swfq.cloudfront.net\/2025\/06\/03203428\/logo_concursos-1.jpg\",\"width\":230,\"height\":60,\"caption\":\"Estrat\u00e9gia Concursos\"},\"image\":{\"@id\":\"https:\/\/www.estrategiaconcursos.com.br\/blog\/#\/schema\/logo\/image\/\"},\"sameAs\":[\"https:\/\/x.com\/EstratConcursos\"]},{\"@type\":\"Person\",\"@id\":\"https:\/\/www.estrategiaconcursos.com.br\/blog\/#\/schema\/person\/b4a388c97673c5f483d72185668afa1f\",\"name\":\"Coordena\u00e7\u00e3o\",\"image\":{\"@type\":\"ImageObject\",\"inLanguage\":\"pt-BR\",\"@id\":\"https:\/\/secure.gravatar.com\/avatar\/b720319e4c9a967eb58678d110f4fe35452fc5d5f97b202bac7b8acceb18c6ad?s=96&d=mm&r=g\",\"url\":\"https:\/\/secure.gravatar.com\/avatar\/b720319e4c9a967eb58678d110f4fe35452fc5d5f97b202bac7b8acceb18c6ad?s=96&d=mm&r=g\",\"contentUrl\":\"https:\/\/secure.gravatar.com\/avatar\/b720319e4c9a967eb58678d110f4fe35452fc5d5f97b202bac7b8acceb18c6ad?s=96&d=mm&r=g\",\"caption\":\"Coordena\u00e7\u00e3o\"},\"sameAs\":[\"https:\/\/www.facebook.com\/EstrategiaConcursos\",\"https:\/\/x.com\/EstratConcursos\"],\"url\":\"https:\/\/www.estrategiaconcursos.com.br\/blog\/author\/estrategia2013\/\"}]}<\/script>\n<!-- \/ Yoast SEO Premium plugin. -->","yoast_head_json":{"title":"Concurso DER RJ 2026: novo grupo de trabalho \u00e9 formado!","description":"Fique por dentro das novidades do Concurso DER RJ e saiba mais sobre o grupo de trabalho respons\u00e1vel pelos preparativos.","robots":{"index":"index","follow":"follow","max-snippet":"max-snippet:-1","max-image-preview":"max-image-preview:large","max-video-preview":"max-video-preview:-1"},"canonical":"https:\/\/www.estrategiaconcursos.com.br\/blog\/concurso-der-rj\/","og_locale":"pt_BR","og_type":"article","og_title":"Concurso DER RJ 2026: novo grupo de trabalho \u00e9 formado!","og_description":"Fique por dentro das novidades do Concurso DER RJ e saiba mais sobre o grupo de trabalho respons\u00e1vel pelos preparativos.","og_url":"https:\/\/www.estrategiaconcursos.com.br\/blog\/concurso-der-rj\/","og_site_name":"Estrat\u00e9gia Concursos","article_author":"https:\/\/www.facebook.com\/EstrategiaConcursos","article_published_time":"2026-04-08T15:23:00+00:00","article_modified_time":"2026-04-10T14:12:26+00:00","og_image":[{"width":768,"height":432,"url":"https:\/\/dhg1h5j42swfq.cloudfront.net\/2026\/04\/10111209\/der-rj.jpg","type":"image\/jpeg"}],"author":"Coordena\u00e7\u00e3o","twitter_card":"summary_large_image","twitter_creator":"@EstratConcursos","twitter_site":"@EstratConcursos","twitter_misc":{"Escrito por":"Coordena\u00e7\u00e3o","Est. tempo de leitura":"4 minutos"},"schema":{"@context":"https:\/\/schema.org","@graph":[{"@type":"NewsArticle","@id":"https:\/\/www.estrategiaconcursos.com.br\/blog\/concurso-der-rj\/#article","isPartOf":{"@id":"https:\/\/www.estrategiaconcursos.com.br\/blog\/concurso-der-rj\/"},"author":{"name":"Coordena\u00e7\u00e3o","@id":"https:\/\/www.estrategiaconcursos.com.br\/blog\/#\/schema\/person\/b4a388c97673c5f483d72185668afa1f"},"headline":"Concurso DER RJ 2026: novo grupo de trabalho \u00e9 formado!","datePublished":"2026-04-08T15:23:00+00:00","dateModified":"2026-04-10T14:12:26+00:00","mainEntityOfPage":{"@id":"https:\/\/www.estrategiaconcursos.com.br\/blog\/concurso-der-rj\/"},"wordCount":879,"commentCount":0,"publisher":{"@id":"https:\/\/www.estrategiaconcursos.com.br\/blog\/#organization"},"image":{"@id":"https:\/\/www.estrategiaconcursos.com.br\/blog\/concurso-der-rj\/#primaryimage"},"thumbnailUrl":"https:\/\/dhg1h5j42swfq.cloudfront.net\/2026\/04\/10111209\/der-rj.jpg","articleSection":["Executivo (Administrativa)"],"inLanguage":"pt-BR","potentialAction":[{"@type":"CommentAction","name":"Comment","target":["https:\/\/www.estrategiaconcursos.com.br\/blog\/concurso-der-rj\/#respond"]}],"copyrightYear":"2026","copyrightHolder":{"@id":"https:\/\/www.estrategiaconcursos.com.br\/blog\/#organization"}},{"@type":"WebPage","@id":"https:\/\/www.estrategiaconcursos.com.br\/blog\/concurso-der-rj\/","url":"https:\/\/www.estrategiaconcursos.com.br\/blog\/concurso-der-rj\/","name":"Concurso DER RJ 2026: novo grupo de trabalho \u00e9 formado!","isPartOf":{"@id":"https:\/\/www.estrategiaconcursos.com.br\/blog\/#website"},"primaryImageOfPage":{"@id":"https:\/\/www.estrategiaconcursos.com.br\/blog\/concurso-der-rj\/#primaryimage"},"image":{"@id":"https:\/\/www.estrategiaconcursos.com.br\/blog\/concurso-der-rj\/#primaryimage"},"thumbnailUrl":"https:\/\/dhg1h5j42swfq.cloudfront.net\/2026\/04\/10111209\/der-rj.jpg","datePublished":"2026-04-08T15:23:00+00:00","dateModified":"2026-04-10T14:12:26+00:00","description":"Fique por dentro das novidades do Concurso DER RJ e saiba mais sobre o grupo de trabalho respons\u00e1vel pelos preparativos.","breadcrumb":{"@id":"https:\/\/www.estrategiaconcursos.com.br\/blog\/concurso-der-rj\/#breadcrumb"},"inLanguage":"pt-BR","potentialAction":[{"@type":"ReadAction","target":["https:\/\/www.estrategiaconcursos.com.br\/blog\/concurso-der-rj\/"]}]},{"@type":"ImageObject","inLanguage":"pt-BR","@id":"https:\/\/www.estrategiaconcursos.com.br\/blog\/concurso-der-rj\/#primaryimage","url":"https:\/\/dhg1h5j42swfq.cloudfront.net\/2026\/04\/10111209\/der-rj.jpg","contentUrl":"https:\/\/dhg1h5j42swfq.cloudfront.net\/2026\/04\/10111209\/der-rj.jpg","width":768,"height":432},{"@type":"BreadcrumbList","@id":"https:\/\/www.estrategiaconcursos.com.br\/blog\/concurso-der-rj\/#breadcrumb","itemListElement":[{"@type":"ListItem","position":1,"name":"In\u00edcio","item":"https:\/\/www.estrategiaconcursos.com.br\/blog\/"},{"@type":"ListItem","position":2,"name":"Concurso DER RJ 2026: novo grupo de trabalho \u00e9 formado!"}]},{"@type":"WebSite","@id":"https:\/\/www.estrategiaconcursos.com.br\/blog\/#website","url":"https:\/\/www.estrategiaconcursos.com.br\/blog\/","name":"Estrat\u00e9gia Concursos","description":"O blog da Estrat\u00e9gia Concursos traz not\u00edcias sobre concursos e artigos de professores oferecendo cursos para concursos (pdf + videaulas) no site.","publisher":{"@id":"https:\/\/www.estrategiaconcursos.com.br\/blog\/#organization"},"potentialAction":[{"@type":"SearchAction","target":{"@type":"EntryPoint","urlTemplate":"https:\/\/www.estrategiaconcursos.com.br\/blog\/?s={search_term_string}"},"query-input":{"@type":"PropertyValueSpecification","valueRequired":true,"valueName":"search_term_string"}}],"inLanguage":"pt-BR"},{"@type":"Organization","@id":"https:\/\/www.estrategiaconcursos.com.br\/blog\/#organization","name":"Estrat\u00e9gia Concursos","url":"https:\/\/www.estrategiaconcursos.com.br\/blog\/","logo":{"@type":"ImageObject","inLanguage":"pt-BR","@id":"https:\/\/www.estrategiaconcursos.com.br\/blog\/#\/schema\/logo\/image\/","url":"https:\/\/dhg1h5j42swfq.cloudfront.net\/2025\/06\/03203428\/logo_concursos-1.jpg","contentUrl":"https:\/\/dhg1h5j42swfq.cloudfront.net\/2025\/06\/03203428\/logo_concursos-1.jpg","width":230,"height":60,"caption":"Estrat\u00e9gia Concursos"},"image":{"@id":"https:\/\/www.estrategiaconcursos.com.br\/blog\/#\/schema\/logo\/image\/"},"sameAs":["https:\/\/x.com\/EstratConcursos"]},{"@type":"Person","@id":"https:\/\/www.estrategiaconcursos.com.br\/blog\/#\/schema\/person\/b4a388c97673c5f483d72185668afa1f","name":"Coordena\u00e7\u00e3o","image":{"@type":"ImageObject","inLanguage":"pt-BR","@id":"https:\/\/secure.gravatar.com\/avatar\/b720319e4c9a967eb58678d110f4fe35452fc5d5f97b202bac7b8acceb18c6ad?s=96&d=mm&r=g","url":"https:\/\/secure.gravatar.com\/avatar\/b720319e4c9a967eb58678d110f4fe35452fc5d5f97b202bac7b8acceb18c6ad?s=96&d=mm&r=g","contentUrl":"https:\/\/secure.gravatar.com\/avatar\/b720319e4c9a967eb58678d110f4fe35452fc5d5f97b202bac7b8acceb18c6ad?s=96&d=mm&r=g","caption":"Coordena\u00e7\u00e3o"},"sameAs":["https:\/\/www.facebook.com\/EstrategiaConcursos","https:\/\/x.com\/EstratConcursos"],"url":"https:\/\/www.estrategiaconcursos.com.br\/blog\/author\/estrategia2013\/"}]}},"_links":{"self":[{"href":"https:\/\/www.estrategiaconcursos.com.br\/blog\/wp-json\/wp\/v2\/posts\/1328740","targetHints":{"allow":["GET"]}}],"collection":[{"href":"https:\/\/www.estrategiaconcursos.com.br\/blog\/wp-json\/wp\/v2\/posts"}],"about":[{"href":"https:\/\/www.estrategiaconcursos.com.br\/blog\/wp-json\/wp\/v2\/types\/post"}],"author":[{"embeddable":true,"href":"https:\/\/www.estrategiaconcursos.com.br\/blog\/wp-json\/wp\/v2\/users\/1"}],"replies":[{"embeddable":true,"href":"https:\/\/www.estrategiaconcursos.com.br\/blog\/wp-json\/wp\/v2\/comments?post=1328740"}],"version-history":[{"count":38,"href":"https:\/\/www.estrategiaconcursos.com.br\/blog\/wp-json\/wp\/v2\/posts\/1328740\/revisions"}],"predecessor-version":[{"id":1751037,"href":"https:\/\/www.estrategiaconcursos.com.br\/blog\/wp-json\/wp\/v2\/posts\/1328740\/revisions\/1751037"}],"wp:featuredmedia":[{"embeddable":true,"href":"https:\/\/www.estrategiaconcursos.com.br\/blog\/wp-json\/wp\/v2\/media\/1751561"}],"wp:attachment":[{"href":"https:\/\/www.estrategiaconcursos.com.br\/blog\/wp-json\/wp\/v2\/media?parent=1328740"}],"wp:term":[{"taxonomy":"category","embeddable":true,"href":"https:\/\/www.estrategiaconcursos.com.br\/blog\/wp-json\/wp\/v2\/categories?post=1328740"},{"taxonomy":"post_tag","embeddable":true,"href":"https:\/\/www.estrategiaconcursos.com.br\/blog\/wp-json\/wp\/v2\/tags?post=1328740"},{"taxonomy":"tax_estado","embeddable":true,"href":"https:\/\/www.estrategiaconcursos.com.br\/blog\/wp-json\/wp\/v2\/tax_estado?post=1328740"}],"curies":[{"name":"wp","href":"https:\/\/api.w.org\/{rel}","templated":true}]}}