{"id":1327754,"date":"2026-03-16T08:00:00","date_gmt":"2026-03-16T11:00:00","guid":{"rendered":"https:\/\/www.estrategiaconcursos.com.br\/blog\/?p=1327754"},"modified":"2026-03-16T12:06:47","modified_gmt":"2026-03-16T15:06:47","slug":"concurso-mpa","status":"publish","type":"post","link":"https:\/\/www.estrategiaconcursos.com.br\/blog\/concurso-mpa\/","title":{"rendered":"Concurso MPA no CNU: resultado final \u00e9 homologado!"},"content":{"rendered":"\n<p>Foi divulgado o resultado definitivo da classifica\u00e7\u00e3o final e a homologa\u00e7\u00e3o do <strong>concurso do Minist\u00e9rio da Pesca e Aquicultura (<a href=\"https:\/\/www.estrategiaconcursos.com.br\/cursosPorConcurso\/ministerio-da-pesca-e-aquicultura-mpa\/\" target=\"_blank\" rel=\"noreferrer noopener\">MPA<\/a>)<\/strong>, contemplado na segunda edi\u00e7\u00e3o do <a href=\"https:\/\/www.estrategiaconcursos.com.br\/blog\/concurso-nacional-unificado\/\" target=\"_blank\" rel=\"noreferrer noopener\"><strong>CNU<\/strong><\/a>.<\/p>\n\n\n\n<p>A lista vem ap\u00f3s tr\u00eas convoca\u00e7\u00f5es para confirma\u00e7\u00e3o de interesse nas vagas. Agora, cada \u00f3rg\u00e3o participante <strong>iniciar\u00e1 os procedimentos administrativos para a nomea\u00e7\u00e3o<\/strong> dos aprovados.<\/p>\n\n\n\n<ul class=\"wp-block-list\">\n<li><strong><a href=\"https:\/\/dhg1h5j42swfq.cloudfront.net\/2026\/03\/16061538\/edital-no-84-de-13-de-marco-de-2026-edital-no-84-de-13-de-marco-de-2026-dou-imprensa-nacional.pdf\" target=\"_blank\" rel=\"noreferrer noopener nofollow\">Resultado definitivo da classifica\u00e7\u00e3o final<\/a><\/strong><\/li>\n<\/ul>\n\n\n\n<p>Lembrando que o concurso MPA foi realizado no \u00e2mbito da <strong>2\u00aa edi\u00e7\u00e3o do <a href=\"https:\/\/www.estrategiaconcursos.com.br\/blog\/concurso-nacional-unificado\/\" target=\"_blank\" rel=\"noreferrer noopener\">CNU<\/a> (Concurso Nacional Unificado)<\/strong>, com oferta de <strong>33 vagas imediatas<\/strong>.<\/p>\n\n\n\n<ul id=\"block-ee678516-e9d1-48bd-b327-7b9acd55f0fd\" class=\"wp-block-list has-very-light-gray-to-cyan-bluish-gray-gradient-background has-background\">\n<li><strong>Minist\u00e9rio da Pesca e Aquicultura<\/strong><\/li>\n\n\n\n<li><strong style=\"background-color: initial; color: initial;\">Status:<\/strong> homologado<\/li>\n\n\n\n<li><strong>Banca:&nbsp;<\/strong><a href=\"https:\/\/conhecimento.fgv.br\/cpnu2\" target=\"_blank\" rel=\"noreferrer noopener\">FGV<\/a><\/li>\n\n\n\n<li><strong>Vagas:&nbsp;<\/strong>33<\/li>\n\n\n\n<li><strong>Sal\u00e1rio inicial: <\/strong>R$ 5.982,49 a R$ 8.215,07<\/li>\n\n\n\n<li><strong>Edital retificado:<\/strong> <a href=\"https:\/\/dhg1h5j42swfq.cloudfront.net\/2025\/07\/17084842\/edital-cnu-2025-retificado.pdf\" target=\"_blank\" rel=\"noreferrer noopener\">Edital CNU 2025<\/a> | <a href=\"https:\/\/dhg1h5j42swfq.cloudfront.net\/2025\/08\/05095935\/cnu-2025-bloco-4.pdf\" target=\"_blank\" rel=\"noreferrer noopener\">Bloco 4<\/a>&nbsp;| <a href=\"https:\/\/dhg1h5j42swfq.cloudfront.net\/2025\/08\/06150550\/cpnu2_anexo_blocotematico5_5aret.pdf\" target=\"_blank\" rel=\"noreferrer noopener nofollow\">Bloco 5<\/a>&nbsp;<\/li>\n<\/ul>\n\n\n\n<p>Ao longo deste artigo, reunimos as principais informa\u00e7\u00f5es sobre o concurso MPA. Acompanhe pelos t\u00f3picos abaixo:<\/p>\n\n\n\n<ul id=\"indice\" class=\"wp-block-list\">\n<li><strong><a href=\"#sobre\">Sobre<\/a><\/strong><\/li>\n\n\n\n<li><a href=\"#cargos\"><strong>Cargos e vagas<\/strong><\/a><\/li>\n\n\n\n<li><strong><a href=\"#carreira\">Carreira<\/a><\/strong>\n<ul class=\"wp-block-list\">\n<li><a href=\"#remuneracao\">Remunera\u00e7\u00e3o<\/a><\/li>\n\n\n\n<li><a href=\"#requisitos\">Requisitos<\/a><\/li>\n\n\n\n<li><a href=\"#atribuicoes\">Atribui\u00e7\u00f5es<\/a><\/li>\n<\/ul>\n<\/li>\n\n\n\n<li><a href=\"#etapas\"><strong>Etapas e provas<\/strong><\/a>\n<ul class=\"wp-block-list\">\n<li><a href=\"http:\/\/objetiva\/\">Prova objetiva<\/a><\/li>\n\n\n\n<li><a href=\"#discursiva\">Prova discursiva<\/a><\/li>\n\n\n\n<li><a href=\"#titulos\">Prova de t\u00edtulos<\/a><\/li>\n<\/ul>\n<\/li>\n\n\n\n<li><a href=\"#assinatura-e-cursos\"><strong>Assinatura e cursos<\/strong><\/a><\/li>\n\n\n\n<li><strong><a href=\"#ficha\">Ficha T\u00e9cnica<\/a><\/strong><\/li>\n<\/ul>\n\n\n\n<div class=\"container\" id=\"boxes\">\n  <div class=\"row\">\n\n    <div class=\"col-sm\">\n      <div class=\"banner-federais\" id=\"box-assinatura\">\n        <h2 class=\"titulo-assinatura\" style=\"text-align: left;\">Cursos para o Concurso MPA<\/h2>\n        <p class=\"subtitulo-assinatura\" style=\"text-align: left;\">Prepare-se com quem mais aprova!<\/p>\n        <div class=\"box-botao\" style=\"text-align: left;\">\n          <a class=\"btn-assinatura\" target=\"_blank\" href=\"https:\/\/www.estrategiaconcursos.com.br\/cursosPorConcurso\/ministerio-da-pesca-e-aquicultura-mpa\/\" role=\"button\" rel=\"noopener noreferrer\">VER CURSOS<\/a>\n        <\/div>\n      <\/div><\/div><\/div><\/div>\n\n\n\n<h2 class=\"wp-block-heading\" id=\"sobre\">Sobre o Minist\u00e9rio da Pesca e Aquicultura<\/h2>\n\n\n\n<p>O Minist\u00e9rio da Pesca e Aquicultura \u00e9 um \u00f3rg\u00e3o da administra\u00e7\u00e3o federal direta, criado em 2009. O MPA \u00e9 respons\u00e1vel pela implanta\u00e7\u00e3o de uma pol\u00edtica nacional pesqueira e aqu\u00edcola, transformando esta atividade econ\u00f4mica em uma fonte sustent\u00e1vel de trabalho, renda e riqueza. <\/p>\n\n\n\n<p>O Brasil se apresenta com todo o seu potencial de desenvolvimento sustent\u00e1vel na Pesca e Aquicultura com 8,5km de costa e 12% da \u00e1gua doce do planeta, clima favor\u00e1vel e diversidade de esp\u00e9cies.<\/p>\n\n\n\n<p>O Minist\u00e9rio da Pesca e Aquicultura trabalha para o desenvolvimento dos setores pesqueiro e aqu\u00edcolas nacionais, atividades de grande potencial de crescimento econ\u00f4mico e desenvolvimento social, por meio do aumento da oferta de trabalho e renda em regi\u00f5es pesqueiras.<\/p>\n\n\n\n<h2 class=\"wp-block-heading\" id=\"cargos\">Concurso MPA: cargos e vagas<\/h2>\n\n\n\n<figure class=\"wp-block-image aligncenter size-full is-resized\"><img loading=\"lazy\" decoding=\"async\" width=\"738\" height=\"160\" src=\"https:\/\/dhg1h5j42swfq.cloudfront.net\/2025\/06\/01194145\/mpa-1.png\" alt=\"Concurso MPA - cargos e vagas\" class=\"wp-image-1600157\" style=\"width:812px;height:auto\" srcset=\"https:\/\/dhg1h5j42swfq.cloudfront.net\/2025\/06\/01194145\/mpa-1.png 738w, https:\/\/dhg1h5j42swfq.cloudfront.net\/2025\/06\/01194145\/mpa-1-300x65.png 300w, https:\/\/dhg1h5j42swfq.cloudfront.net\/2025\/06\/01194145\/mpa-1-150x33.png 150w\" sizes=\"auto, (max-width: 738px) 100vw, 738px\" \/><\/figure>\n\n\n\n<figure class=\"wp-block-image aligncenter size-full is-resized\"><img loading=\"lazy\" decoding=\"async\" width=\"739\" height=\"141\" src=\"https:\/\/dhg1h5j42swfq.cloudfront.net\/2025\/06\/01194155\/mpa-2.png\" alt=\"Concurso MPA - cargos e vagas\" class=\"wp-image-1600158\" style=\"width:840px;height:auto\" srcset=\"https:\/\/dhg1h5j42swfq.cloudfront.net\/2025\/06\/01194155\/mpa-2.png 739w, https:\/\/dhg1h5j42swfq.cloudfront.net\/2025\/06\/01194155\/mpa-2-300x57.png 300w, https:\/\/dhg1h5j42swfq.cloudfront.net\/2025\/06\/01194155\/mpa-2-150x29.png 150w\" sizes=\"auto, (max-width: 739px) 100vw, 739px\" \/><\/figure>\n\n\n\n<h2 class=\"wp-block-heading\" id=\"carreira\">Carreira no MPA<\/h2>\n\n\n\n<h3 class=\"wp-block-heading\" id=\"remuneracao\">Remunera\u00e7\u00e3o<\/h3>\n\n\n\n<p><strong>Contador:<\/strong> R$ 5.982,49, composta de R$ 3.344,80 de vencimento b\u00e1sico + R$ 4.181,00 de Gratifica\u00e7\u00e3o de Desempenho de Atividade Fazend\u00e1ria (GDAFAZ) de 80 pontos. Ao ingressar, o novo servidor receber\u00e1 80 pontos de gratifica\u00e7\u00e3o at\u00e9 sua primeira avalia\u00e7\u00e3o, quando poder\u00e1 chegar aos 100 pontos e a remunera\u00e7\u00e3o atingir o valor de R$ 6.818,69.<\/p>\n\n\n\n<p><strong>Arquiteto, Engenheiro e <\/strong><strong>Estat\u00edstico<\/strong>: R$ 8.215,07, composta de R$ 3.576,67 de vencimento b\u00e1sico + R$ 4.638,40 de Gratifica\u00e7\u00e3o de Desempenho de Cargos Espec\u00edficos (GDACE) de 80 pontos. Ao ingressar, o novo servidor receber\u00e1 80 pontos de gratifica\u00e7\u00e3o at\u00e9 sua primeira avalia\u00e7\u00e3o, quando poder\u00e1 chegar aos 100 pontos e a remunera\u00e7\u00e3o atingir o valor de R$ 9.374,67.<\/p>\n\n\n\n<h3 class=\"wp-block-heading\" id=\"requisitos\">Requisitos<\/h3>\n\n\n\n<p><strong>Arquiteto: <\/strong>Diploma devidamente registrado, de conclus\u00e3o de curso de gradua\u00e7\u00e3o de n\u00edvel superior em Arquitetura, fornecido por institui\u00e7\u00e3o de ensino superior reconhecida pelo MEC, e registro profissional no \u00f3rg\u00e3o de classe competente.<\/p>\n\n\n\n<p><strong>Contador:<\/strong> Diploma, devidamente registrado, ou certificado de conclus\u00e3o de curso de Gradua\u00e7\u00e3o em Ci\u00eancias Cont\u00e1beis fornecido por institui\u00e7\u00e3o de ensino reconhecida pelo Minist\u00e9rio da Educa\u00e7\u00e3o (MEC) e registro profissional em conselho de classe competente, se houver.<\/p>\n\n\n\n<p><strong>Engenheiro: <\/strong>Diploma, devidamente registrado, ou certificado de conclus\u00e3o de curso de conclus\u00e3o de curso de Gradua\u00e7\u00e3o em Engenharia na respectiva \u00e1rea espec\u00edfica fornecido por institui\u00e7\u00e3o de ensino reconhecida pelo Minist\u00e9rio da Educa\u00e7\u00e3o (MEC), se houver, com registro profissional em conselho de classe competente.<\/p>\n\n\n\n<p><strong>Estat\u00edstico:<\/strong> Diploma, devidamente registrado, ou certificado de conclus\u00e3o de curso de gradua\u00e7\u00e3o em Estat\u00edstica fornecido por institui\u00e7\u00e3o de ensino reconhecida pelo Minist\u00e9rio da Educa\u00e7\u00e3o (MEC) e registro em conselho de classe, se houver.<\/p>\n\n\n\n<h3 class=\"wp-block-heading\" id=\"atribuicoes\">Atribui\u00e7\u00f5es<\/h3>\n\n\n\n<p><strong>Arquiteto: <\/strong>executar atividades qualificadas, sob supervis\u00e3o de trabalhos relativos \u00e0 constru\u00e7\u00e3o e fiscaliza\u00e7\u00e3o de obras da Uni\u00e3o e ao exame e elabora\u00e7\u00e3o de normas para a Administra\u00e7\u00e3o e realiza\u00e7\u00e3o de estudos e pesquisas na sua \u00e1rea de atua\u00e7\u00e3o, ressalvadas as atividades privativas de carreiras espec\u00edficas.<\/p>\n\n\n\n<p><strong>Contador:<\/strong> realizar atividades de execu\u00e7\u00e3o qualificada, de trabalhos relativos \u00e0 administra\u00e7\u00e3o financeira e patrimonial, bem como \u00e0 contabilidade e auditoria, compreendendo an\u00e1lise, registro e per\u00edcia cont\u00e1beis, elabora\u00e7\u00e3o de balancetes, balan\u00e7os e demonstra\u00e7\u00f5es cont\u00e1beis com rela\u00e7\u00e3o ao funcionamento da Administra\u00e7\u00e3o P\u00fablica Federal.<\/p>\n\n\n\n<p><strong>Engenheiro: <\/strong>executar atividades qualificadas, sob supervis\u00e3o de trabalhos relativos a engenharia, fiscaliza\u00e7\u00e3o e constru\u00e7\u00e3o, bem como \u00e0 implementa\u00e7\u00e3o de processos e \u00e0 realiza\u00e7\u00e3o de estudos e pesquisas na sua \u00e1rea de atua\u00e7\u00e3o, ressalvadas as atividades privativas de carreiras espec\u00edficas.<\/p>\n\n\n\n<p><strong>Estat\u00edstico:<\/strong> Atuar na supervis\u00e3o, coordena\u00e7\u00e3o, execu\u00e7\u00e3o e assessoramento de estudos, pesquisas, an\u00e1lises, projetos e levantamentos estat\u00edsticos voltados aos fen\u00f4menos coletivos econ\u00f4micos, sociais e cient\u00edficos relacionados ao setor pesqueiro e aqu\u00edcola&#8230;<\/p>\n\n\n\n<h2 class=\"wp-block-heading\" id=\"etapas\">Etapas de provas do concurso MPA<\/h2>\n\n\n\n<p>Os candidatos do concurso do Minist\u00e9rio da Fazenda, no \u00e2mbito do CNU, foram avaliados por meio de uma \u00fanica etapa, sendo dividida em fases:<\/p>\n\n\n\n<p><strong>I \u2013 Primeira etapa, dividida nas seguintes fases:<\/strong><\/p>\n\n\n\n<ul class=\"wp-block-list\">\n<li><strong>a) Fase 1: Prova Objetiva<\/strong>, de car\u00e1ter eliminat\u00f3rio e classificat\u00f3rio;<\/li>\n\n\n\n<li><strong>b) Fase 2: Prova Discursiva<\/strong>, de car\u00e1ter eliminat\u00f3rio e classificat\u00f3rio;<\/li>\n\n\n\n<li><strong>c) Fase 3: Avalia\u00e7\u00e3o de T\u00edtulos<\/strong>, de car\u00e1ter classificat\u00f3rio, aplicada apenas \u00e0s pessoas candidatas que concorrerem aos cargos\/especialidades com previs\u00e3o nos Anexos I a IX;<\/li>\n\n\n\n<li><strong>d) Fase 4:<\/strong>\n<ul class=\"wp-block-list\">\n<li><strong>Procedimento de caracteriza\u00e7\u00e3o<\/strong>&nbsp;da defici\u00eancia das pessoas candidatas que optaram por concorrer \u00e0s vagas reservadas, bem como de aferi\u00e7\u00e3o da compatibilidade entre as atribui\u00e7\u00f5es do cargo e a defici\u00eancia apresentada por essas pessoas, na forma do item 6 deste Edital; e<\/li>\n\n\n\n<li><strong>Procedimento de confirma\u00e7\u00e3o\/verifica\u00e7\u00e3o complementar da autodeclara\u00e7\u00e3o<\/strong>&nbsp;para concorrer \u00e0s vagas reservadas \u00e0s pessoas candidatas negras, ind\u00edgenas e quilombolas, na forma do item 7 deste Edital.<\/li>\n<\/ul>\n<\/li>\n<\/ul>\n\n\n\n<h3 class=\"wp-block-heading\" id=\"objetiva\">Prova objetiva<\/h3>\n\n\n\n<p>A prova objetiva foi composta por quest\u00f5es de m\u00faltipla escolha com 5 alternativas e apenas uma correta.<\/p>\n\n\n\n<p>Para n\u00edvel superior, foram <strong>5 horas (13h \u00e0s 18h)&nbsp;<\/strong>para responder&nbsp;<strong>90 quest\u00f5es<\/strong>, sendo 30 de conhecimentos gerais e 60 de espec\u00edficos.<\/p>\n\n\n\n<figure class=\"wp-block-image aligncenter\"><img loading=\"lazy\" decoding=\"async\" width=\"633\" height=\"537\" src=\"https:\/\/dhg1h5j42swfq.cloudfront.net\/2025\/06\/30235617\/image-362.png\" alt=\"Informa\u00e7\u00f5es sobre as provas dos blocos tem\u00e1ticos de 1 a 7 do CNU 2025.\" class=\"wp-image-1599316\" srcset=\"https:\/\/dhg1h5j42swfq.cloudfront.net\/2025\/06\/30235617\/image-362.png 633w, https:\/\/dhg1h5j42swfq.cloudfront.net\/2025\/06\/30235617\/image-362-300x255.png 300w, https:\/\/dhg1h5j42swfq.cloudfront.net\/2025\/06\/30235617\/image-362-150x127.png 150w\" sizes=\"auto, (max-width: 633px) 100vw, 633px\" \/><\/figure>\n\n\n\n<p>A Nota Final das Provas Objetivas foi obtida por meio da soma da pontua\u00e7\u00e3o das quest\u00f5es de Conhecimentos Gerais e da pontua\u00e7\u00e3o ponderada das quest\u00f5es de Conhecimentos Espec\u00edficos, conforme os crit\u00e9rios estabelecidos a seguir:<\/p>\n\n\n\n<ul class=\"wp-block-list\">\n<li>a) A pontua\u00e7\u00e3o das quest\u00f5es de Conhecimentos Gerais foi calculada com base no n\u00famero de acertos nas 30 quest\u00f5es correspondentes, sendo atribu\u00eddo peso 1 (um) a cada quest\u00e3o. Assim, cada acerto valeu 1 (um) ponto, totalizando&nbsp;<strong>at\u00e9 30 pontos<\/strong>;<\/li>\n\n\n\n<li>b) A pontua\u00e7\u00e3o das quest\u00f5es de Conhecimentos Espec\u00edficos foi calculada com base no n\u00famero de acertos nas 60 quest\u00f5es correspondentes, distribu\u00eddas em 5 eixos tem\u00e1ticos, cada um contendo 12 quest\u00f5es ponderadas de acordo com os respectivos pesos atribu\u00eddos a cada eixo tem\u00e1tico.<\/li>\n<\/ul>\n\n\n\n<p>Os pesos atribu\u00eddos a cada eixo tem\u00e1tico variaram de 1 a 5, totalizando, em conjunto, o valor de&nbsp;<strong>10<\/strong>&nbsp;<strong>pontos<\/strong>.<\/p>\n\n\n\n<p>A distribui\u00e7\u00e3o dos pesos por eixo tem\u00e1tico variou conforme \u00f3rg\u00e3o, cargo e especialidade escolhidos. A nota da Prova Objetiva atingiu o m\u00e1ximo de 150 pontos, assim distribu\u00eddos:<\/p>\n\n\n\n<ul class=\"wp-block-list\">\n<li>a) At\u00e9 30 pontos na parte de Conhecimentos Gerais.<\/li>\n\n\n\n<li>b) At\u00e9 120 pontos na parte de Conhecimentos Espec\u00edficos, com a aplica\u00e7\u00e3o dos respectivos pesos por eixo tem\u00e1tico.<\/li>\n<\/ul>\n\n\n\n<h4 class=\"wp-block-heading\" id=\"conteudo\">Conte\u00fado program\u00e1tico<\/h4>\n\n\n\n<ul class=\"wp-block-list\">\n<li><strong>Conhecimentos gerais:<\/strong>\n<ul class=\"wp-block-list\">\n<li>Desafios do estado de direito;<\/li>\n\n\n\n<li>Pol\u00edticas p\u00fablicas;<\/li>\n\n\n\n<li>\u00c9tica e integridade;<\/li>\n\n\n\n<li>Diversidade e inclus\u00e3o na sociedade;<\/li>\n\n\n\n<li>Administra\u00e7\u00e3o p\u00fablica federal;<\/li>\n\n\n\n<li>Trabalho e tecnologia.<\/li>\n<\/ul>\n<\/li>\n<\/ul>\n\n\n\n<h3 class=\"wp-block-heading\" id=\"discursiva\">Prova discursiva<\/h3>\n\n\n\n<p>Para os cargos de&nbsp;<strong>N\u00edvel Superior<\/strong>, a<strong>&nbsp;Prova Discursiva ser\u00e1 composta por 2 quest\u00f5es<\/strong>, valendo 22,5 pontos cada, podendo totalizar 45 pontos.<\/p>\n\n\n\n<p>As Provas Discursivas tiveram de ser respondidas em at\u00e9 30 linhas. A avalia\u00e7\u00e3o da Prova Discursiva considerou como crit\u00e9rios o dom\u00ednio dos Conhecimentos Espec\u00edficos, que correspondeu a&nbsp;<strong>50%<\/strong>&nbsp;da nota total, e o uso da L\u00edngua Portuguesa, que correspondeu aos&nbsp;<strong>50%<\/strong>&nbsp;restante para N\u00edvel Superior.<\/p>\n\n\n\n<h3 class=\"wp-block-heading\" id=\"titulos\">Prova de t\u00edtulos<\/h3>\n\n\n\n<p>A nota m\u00e1xima que a pessoa candidata p\u00f4de obter na Avalia\u00e7\u00e3o de T\u00edtulos at\u00e9<strong>&nbsp;5 pontos<\/strong>, ainda que a soma dos valores dos t\u00edtulos apresentados fosse superar esses n\u00fameros.<\/p>\n\n\n\n<p>Para cada cargo\/especialidade ofertados, foram considerados e pontuados os t\u00edtulos presentes nas disposi\u00e7\u00f5es dos Quadros de Atribui\u00e7\u00e3o de Pontos para a Avalia\u00e7\u00e3o de T\u00edtulos, dispon\u00edveis nos Anexos dos Blocos Tem\u00e1ticos em que houver avalia\u00e7\u00e3o de t\u00edtulos.<\/p>\n\n\n\n<p>Vale ressaltar que a&nbsp;<strong>aus\u00eancia&nbsp;<\/strong>do envio de t\u00edtulos&nbsp;<strong>n\u00e3o eliminou<\/strong>&nbsp;o candidato, sendo a ele computada a pontua\u00e7\u00e3o 0 na Avalia\u00e7\u00e3o de T\u00edtulos para o c\u00e1lculo da pontua\u00e7\u00e3o final.<\/p>\n\n\n\n<figure class=\"wp-block-image aligncenter size-full\"><img loading=\"lazy\" decoding=\"async\" width=\"643\" height=\"380\" src=\"https:\/\/dhg1h5j42swfq.cloudfront.net\/2025\/07\/08150811\/image-112.png\" alt=\"\" class=\"wp-image-1603974\" srcset=\"https:\/\/dhg1h5j42swfq.cloudfront.net\/2025\/07\/08150811\/image-112.png 643w, https:\/\/dhg1h5j42swfq.cloudfront.net\/2025\/07\/08150811\/image-112-300x177.png 300w, https:\/\/dhg1h5j42swfq.cloudfront.net\/2025\/07\/08150811\/image-112-150x89.png 150w\" sizes=\"auto, (max-width: 643px) 100vw, 643px\" \/><\/figure>\n\n\n\n<hr class=\"wp-block-separator has-css-opacity\"\/>\n\n\n\n<h2 class=\"wp-block-heading has-text-align-center\" id=\"assinatura-e-cursos\"><em>Quer estudar para o concurso do Minist\u00e9rio da Pesca e Aquicultura?<\/em><\/h2>\n\n\n\n<div class=\"container\" id=\"boxes\">\n  <div class=\"row\">\n\n    <div class=\"col-sm\">\n      <div class=\"banner-federais\" id=\"box-assinatura\">\n        <h2 class=\"titulo-assinatura\" style=\"text-align: left;\">Cursos para o MPA<\/h2>\n        <p class=\"subtitulo-assinatura\" style=\"text-align: left;\">Estude conosco<\/p>\n        <div class=\"box-botao\" style=\"text-align: left;\">\n          <a class=\"btn-assinatura\" target=\"_blank\" href=\"https:\/\/www.estrategiaconcursos.com.br\/cursosPorConcurso\/ministerio-da-pesca-e-aquicultura-mpa\/\" role=\"button\" rel=\"noopener noreferrer\">Confira os pacotes!<\/a>\n        <\/div>\n      <\/div><\/div><\/div><\/div>\n\n\n\n<div class=\"container\" id=\"boxes\">\n  <div class=\"row\">\n\n    <div class=\"col-sm\">\n      <div class=\"estrategia\" id=\"box-assinatura\">\n        <h3 class=\"titulo-assinatura\"> Concursos P\u00fablicos\n        <p class=\"subtitulo-assinatura\">Assinatura de 1 ano ou 2 anos<\/p>\n        <div class=\"box-botao\">\n          <a class=\"btn-assinatura\" target=\"_blank\" href=\"https:\/\/www.estrategiaconcursos.com.br\/assinaturas\/\" role=\"button\" rel=\"noopener noreferrer\">ASSINE AGORA<\/a>\n        <\/div>\n      <\/h3><\/div><\/div><\/div><\/div>\n\n\n\n<h2 class=\"wp-block-heading has-text-align-center\" id=\"h-quer-saber-tudo-sobre-concursos-previstos-confira-nossos-artigos\">Quer saber tudo sobre concursos previstos?<br \/>Confira nossos artigos!<\/h2>\n\n\n\n<ul class=\"wp-block-list\">\n<li><a href=\"https:\/\/www.estrategiaconcursos.com.br\/blog\/concursos-abertos\/\" target=\"_blank\" rel=\"noreferrer noopener\">Concursos Abertos<\/a><\/li>\n\n\n\n<li><a href=\"https:\/\/www.estrategiaconcursos.com.br\/blog\/concursos-federais\/\" target=\"_blank\" rel=\"noreferrer noopener\">Concursos Federais<\/a><\/li>\n\n\n\n<li><a href=\"https:\/\/www.estrategiaconcursos.com.br\/blog\/concursos-2026\/\" target=\"_blank\" rel=\"noreferrer noopener\">Concursos 2026<\/a><\/li>\n<\/ul>\n\n\n\n<figure class=\"wp-block-image is-resized\"><img decoding=\"async\" src=\"https:\/\/dhg1h5j42swfq.cloudfront.net\/2021\/05\/10150159\/ficha-tecnica-1-1024x632-1-6.png\" alt=\"Informa\u00e7\u00f5es do \u00faltimo PSS Minist\u00e9rio da Justi\u00e7a\" style=\"width:291px;height:180px\"\/><\/figure>\n\n\n\n<h3 class=\"wp-block-heading\" id=\"ficha\">Informa\u00e7\u00f5es do concurso MPA<\/h3>\n\n\n\n<ul class=\"wp-block-list\">\n<li><strong>Ano<\/strong>: 2025\/2026<\/li>\n\n\n\n<li><strong>Vagas<\/strong>: 33<\/li>\n\n\n\n<li><strong>Cargos<\/strong>: v\u00e1rios<\/li>\n\n\n\n<li><strong>Banca<\/strong>: FGV<\/li>\n\n\n\n<li><strong>Escolaridade<\/strong>: n\u00edvel superior<\/li>\n\n\n\n<li><strong>Edital retificado:<\/strong> <a href=\"https:\/\/dhg1h5j42swfq.cloudfront.net\/2025\/07\/17084842\/edital-cnu-2025-retificado.pdf\" target=\"_blank\" rel=\"noreferrer noopener\">Edital CNU 2025<\/a> | <a href=\"https:\/\/dhg1h5j42swfq.cloudfront.net\/2025\/08\/05095935\/cnu-2025-bloco-4.pdf\" target=\"_blank\" rel=\"noreferrer noopener\">Bloco 4<\/a>&nbsp;| <a href=\"https:\/\/dhg1h5j42swfq.cloudfront.net\/2025\/08\/06150550\/cpnu2_anexo_blocotematico5_5aret.pdf\" target=\"_blank\" rel=\"noreferrer noopener nofollow\">Bloco 5<\/a>&nbsp;<\/li>\n<\/ul>\n","protected":false},"excerpt":{"rendered":"<p>Foi divulgado o resultado definitivo da classifica\u00e7\u00e3o final e a homologa\u00e7\u00e3o do concurso do Minist\u00e9rio da Pesca e Aquicultura (MPA), contemplado na segunda edi\u00e7\u00e3o do CNU. A lista vem ap\u00f3s tr\u00eas convoca\u00e7\u00f5es para confirma\u00e7\u00e3o de interesse nas vagas. Agora, cada \u00f3rg\u00e3o participante iniciar\u00e1 os procedimentos administrativos para a nomea\u00e7\u00e3o dos aprovados. Lembrando que o concurso [&hellip;]<\/p>\n","protected":false},"author":2018,"featured_media":1328660,"comment_status":"open","ping_status":"closed","sticky":false,"template":"","format":"standard","meta":{"post_tipo":"news_page","footnotes":""},"categories":[214992],"tags":[],"tax_estado":[219963],"class_list":["post-1327754","post","type-post","status-publish","format-standard","has-post-thumbnail","hentry","category-concursos-administrativos","tax_estado-concursos-federais"],"acf":[],"yoast_head":"<!-- This site is optimized with the Yoast SEO Premium plugin v27.2 (Yoast SEO v27.2) - https:\/\/yoast.com\/product\/yoast-seo-premium-wordpress\/ -->\n<title>Concurso MPA no CNU: resultado final \u00e9 homologado!<\/title>\n<meta name=\"description\" content=\"Concurso MPA 2026: foram ofertadas 33 vagas para cargos de n\u00edvel superior. Divulgada a classifica\u00e7\u00e3o final e homologa\u00e7\u00e3o do CNU!\" \/>\n<meta name=\"robots\" content=\"index, follow, max-snippet:-1, max-image-preview:large, max-video-preview:-1\" \/>\n<link rel=\"canonical\" href=\"https:\/\/www.estrategiaconcursos.com.br\/blog\/concurso-mpa\/\" \/>\n<meta property=\"og:locale\" content=\"pt_BR\" \/>\n<meta property=\"og:type\" content=\"article\" \/>\n<meta property=\"og:title\" content=\"Concurso MPA no CNU: resultado final \u00e9 homologado!\" \/>\n<meta property=\"og:description\" content=\"Concurso MPA 2026: foram ofertadas 33 vagas para cargos de n\u00edvel superior. Divulgada a classifica\u00e7\u00e3o final e homologa\u00e7\u00e3o do CNU!\" \/>\n<meta property=\"og:url\" content=\"https:\/\/www.estrategiaconcursos.com.br\/blog\/concurso-mpa\/\" \/>\n<meta property=\"og:site_name\" content=\"Estrat\u00e9gia Concursos\" \/>\n<meta property=\"article:published_time\" content=\"2026-03-16T11:00:00+00:00\" \/>\n<meta property=\"article:modified_time\" content=\"2026-03-16T15:06:47+00:00\" \/>\n<meta property=\"og:image\" content=\"https:\/\/dhg1h5j42swfq.cloudfront.net\/2024\/01\/03095451\/ministerio-da-pesca-e-aquicultura.jpg\" \/>\n\t<meta property=\"og:image:width\" content=\"768\" \/>\n\t<meta property=\"og:image:height\" content=\"432\" \/>\n\t<meta property=\"og:image:type\" content=\"image\/jpeg\" \/>\n<meta name=\"author\" content=\"B\u00e1rbara Carvalho Santos\" \/>\n<meta name=\"twitter:card\" content=\"summary_large_image\" \/>\n<meta name=\"twitter:creator\" content=\"@EstratConcursos\" \/>\n<meta name=\"twitter:site\" content=\"@EstratConcursos\" \/>\n<meta name=\"twitter:label1\" content=\"Escrito por\" \/>\n\t<meta name=\"twitter:data1\" content=\"B\u00e1rbara Carvalho Santos\" \/>\n\t<meta name=\"twitter:label2\" content=\"Est. tempo de leitura\" \/>\n\t<meta name=\"twitter:data2\" content=\"8 minutos\" \/>\n<script type=\"application\/ld+json\" class=\"yoast-schema-graph\">{\"@context\":\"https:\/\/schema.org\",\"@graph\":[{\"@type\":\"NewsArticle\",\"@id\":\"https:\/\/www.estrategiaconcursos.com.br\/blog\/concurso-mpa\/#article\",\"isPartOf\":{\"@id\":\"https:\/\/www.estrategiaconcursos.com.br\/blog\/concurso-mpa\/\"},\"author\":{\"name\":\"B\u00e1rbara Carvalho Santos\",\"@id\":\"https:\/\/www.estrategiaconcursos.com.br\/blog\/#\/schema\/person\/e3882259fa157d54c44c21f4ee4e0e60\"},\"headline\":\"Concurso MPA no CNU: resultado final \u00e9 homologado!\",\"datePublished\":\"2026-03-16T11:00:00+00:00\",\"dateModified\":\"2026-03-16T15:06:47+00:00\",\"mainEntityOfPage\":{\"@id\":\"https:\/\/www.estrategiaconcursos.com.br\/blog\/concurso-mpa\/\"},\"wordCount\":1519,\"commentCount\":0,\"publisher\":{\"@id\":\"https:\/\/www.estrategiaconcursos.com.br\/blog\/#organization\"},\"image\":{\"@id\":\"https:\/\/www.estrategiaconcursos.com.br\/blog\/concurso-mpa\/#primaryimage\"},\"thumbnailUrl\":\"https:\/\/dhg1h5j42swfq.cloudfront.net\/2024\/01\/03095451\/ministerio-da-pesca-e-aquicultura.jpg\",\"articleSection\":[\"Executivo (Administrativa)\"],\"inLanguage\":\"pt-BR\",\"potentialAction\":[{\"@type\":\"CommentAction\",\"name\":\"Comment\",\"target\":[\"https:\/\/www.estrategiaconcursos.com.br\/blog\/concurso-mpa\/#respond\"]}],\"copyrightYear\":\"2026\",\"copyrightHolder\":{\"@id\":\"https:\/\/www.estrategiaconcursos.com.br\/blog\/#organization\"}},{\"@type\":\"WebPage\",\"@id\":\"https:\/\/www.estrategiaconcursos.com.br\/blog\/concurso-mpa\/\",\"url\":\"https:\/\/www.estrategiaconcursos.com.br\/blog\/concurso-mpa\/\",\"name\":\"Concurso MPA no CNU: resultado final \u00e9 homologado!\",\"isPartOf\":{\"@id\":\"https:\/\/www.estrategiaconcursos.com.br\/blog\/#website\"},\"primaryImageOfPage\":{\"@id\":\"https:\/\/www.estrategiaconcursos.com.br\/blog\/concurso-mpa\/#primaryimage\"},\"image\":{\"@id\":\"https:\/\/www.estrategiaconcursos.com.br\/blog\/concurso-mpa\/#primaryimage\"},\"thumbnailUrl\":\"https:\/\/dhg1h5j42swfq.cloudfront.net\/2024\/01\/03095451\/ministerio-da-pesca-e-aquicultura.jpg\",\"datePublished\":\"2026-03-16T11:00:00+00:00\",\"dateModified\":\"2026-03-16T15:06:47+00:00\",\"description\":\"Concurso MPA 2026: foram ofertadas 33 vagas para cargos de n\u00edvel superior. Divulgada a classifica\u00e7\u00e3o final e homologa\u00e7\u00e3o do CNU!\",\"breadcrumb\":{\"@id\":\"https:\/\/www.estrategiaconcursos.com.br\/blog\/concurso-mpa\/#breadcrumb\"},\"inLanguage\":\"pt-BR\",\"potentialAction\":[{\"@type\":\"ReadAction\",\"target\":[\"https:\/\/www.estrategiaconcursos.com.br\/blog\/concurso-mpa\/\"]}]},{\"@type\":\"ImageObject\",\"inLanguage\":\"pt-BR\",\"@id\":\"https:\/\/www.estrategiaconcursos.com.br\/blog\/concurso-mpa\/#primaryimage\",\"url\":\"https:\/\/dhg1h5j42swfq.cloudfront.net\/2024\/01\/03095451\/ministerio-da-pesca-e-aquicultura.jpg\",\"contentUrl\":\"https:\/\/dhg1h5j42swfq.cloudfront.net\/2024\/01\/03095451\/ministerio-da-pesca-e-aquicultura.jpg\",\"width\":768,\"height\":432},{\"@type\":\"BreadcrumbList\",\"@id\":\"https:\/\/www.estrategiaconcursos.com.br\/blog\/concurso-mpa\/#breadcrumb\",\"itemListElement\":[{\"@type\":\"ListItem\",\"position\":1,\"name\":\"In\u00edcio\",\"item\":\"https:\/\/www.estrategiaconcursos.com.br\/blog\/\"},{\"@type\":\"ListItem\",\"position\":2,\"name\":\"Concurso MPA no CNU: resultado final \u00e9 homologado!\"}]},{\"@type\":\"WebSite\",\"@id\":\"https:\/\/www.estrategiaconcursos.com.br\/blog\/#website\",\"url\":\"https:\/\/www.estrategiaconcursos.com.br\/blog\/\",\"name\":\"Estrat\u00e9gia Concursos\",\"description\":\"O blog da Estrat\u00e9gia Concursos traz not\u00edcias sobre concursos e artigos de professores oferecendo cursos para concursos (pdf + videaulas) no site.\",\"publisher\":{\"@id\":\"https:\/\/www.estrategiaconcursos.com.br\/blog\/#organization\"},\"potentialAction\":[{\"@type\":\"SearchAction\",\"target\":{\"@type\":\"EntryPoint\",\"urlTemplate\":\"https:\/\/www.estrategiaconcursos.com.br\/blog\/?s={search_term_string}\"},\"query-input\":{\"@type\":\"PropertyValueSpecification\",\"valueRequired\":true,\"valueName\":\"search_term_string\"}}],\"inLanguage\":\"pt-BR\"},{\"@type\":\"Organization\",\"@id\":\"https:\/\/www.estrategiaconcursos.com.br\/blog\/#organization\",\"name\":\"Estrat\u00e9gia Concursos\",\"url\":\"https:\/\/www.estrategiaconcursos.com.br\/blog\/\",\"logo\":{\"@type\":\"ImageObject\",\"inLanguage\":\"pt-BR\",\"@id\":\"https:\/\/www.estrategiaconcursos.com.br\/blog\/#\/schema\/logo\/image\/\",\"url\":\"https:\/\/dhg1h5j42swfq.cloudfront.net\/2025\/06\/03203428\/logo_concursos-1.jpg\",\"contentUrl\":\"https:\/\/dhg1h5j42swfq.cloudfront.net\/2025\/06\/03203428\/logo_concursos-1.jpg\",\"width\":230,\"height\":60,\"caption\":\"Estrat\u00e9gia Concursos\"},\"image\":{\"@id\":\"https:\/\/www.estrategiaconcursos.com.br\/blog\/#\/schema\/logo\/image\/\"},\"sameAs\":[\"https:\/\/x.com\/EstratConcursos\"]},{\"@type\":\"Person\",\"@id\":\"https:\/\/www.estrategiaconcursos.com.br\/blog\/#\/schema\/person\/e3882259fa157d54c44c21f4ee4e0e60\",\"name\":\"B\u00e1rbara Carvalho Santos\",\"image\":{\"@type\":\"ImageObject\",\"inLanguage\":\"pt-BR\",\"@id\":\"https:\/\/secure.gravatar.com\/avatar\/353300f73140f779692b9be2b39f434d1341e4e34c7f55bd5a990fe29ef352eb?s=96&d=mm&r=g\",\"url\":\"https:\/\/secure.gravatar.com\/avatar\/353300f73140f779692b9be2b39f434d1341e4e34c7f55bd5a990fe29ef352eb?s=96&d=mm&r=g\",\"contentUrl\":\"https:\/\/secure.gravatar.com\/avatar\/353300f73140f779692b9be2b39f434d1341e4e34c7f55bd5a990fe29ef352eb?s=96&d=mm&r=g\",\"caption\":\"B\u00e1rbara Carvalho Santos\"},\"description\":\"M\u00e3e e jornalista formada pela UNIP, possui ampla experi\u00eancia na cobertura de entretenimento em grandes ve\u00edculos, como o site da CNN, RedeTV! e Estrat\u00e9gia Educacional. Atuou tamb\u00e9m em ag\u00eancias de marketing, produtoras musicais e assessorias de imprensa, com foco especial no trabalho com personalidades p\u00fablicas. Atualmente, integra a equipe do Estrat\u00e9gia Concursos, onde \u00e9 respons\u00e1vel pela produ\u00e7\u00e3o de conte\u00fados estrat\u00e9gicos voltados para o setor de concursos p\u00fablicos, com destaque para a \u00e1rea fiscal, gest\u00e3o, controle, concursos administrativos e Minist\u00e9rios participantes do CNU, al\u00e9m de diversos \u00f3rg\u00e3os federais. Tem como miss\u00e3o transformar informa\u00e7\u00f5es complexas em conte\u00fados acess\u00edveis, relevantes e de alto valor para quem sonha com uma carreira no servi\u00e7o p\u00fablico.\",\"url\":\"https:\/\/www.estrategiaconcursos.com.br\/blog\/author\/barbara-santos\/\"}]}<\/script>\n<!-- \/ Yoast SEO Premium plugin. -->","yoast_head_json":{"title":"Concurso MPA no CNU: resultado final \u00e9 homologado!","description":"Concurso MPA 2026: foram ofertadas 33 vagas para cargos de n\u00edvel superior. Divulgada a classifica\u00e7\u00e3o final e homologa\u00e7\u00e3o do CNU!","robots":{"index":"index","follow":"follow","max-snippet":"max-snippet:-1","max-image-preview":"max-image-preview:large","max-video-preview":"max-video-preview:-1"},"canonical":"https:\/\/www.estrategiaconcursos.com.br\/blog\/concurso-mpa\/","og_locale":"pt_BR","og_type":"article","og_title":"Concurso MPA no CNU: resultado final \u00e9 homologado!","og_description":"Concurso MPA 2026: foram ofertadas 33 vagas para cargos de n\u00edvel superior. Divulgada a classifica\u00e7\u00e3o final e homologa\u00e7\u00e3o do CNU!","og_url":"https:\/\/www.estrategiaconcursos.com.br\/blog\/concurso-mpa\/","og_site_name":"Estrat\u00e9gia Concursos","article_published_time":"2026-03-16T11:00:00+00:00","article_modified_time":"2026-03-16T15:06:47+00:00","og_image":[{"width":768,"height":432,"url":"https:\/\/dhg1h5j42swfq.cloudfront.net\/2024\/01\/03095451\/ministerio-da-pesca-e-aquicultura.jpg","type":"image\/jpeg"}],"author":"B\u00e1rbara Carvalho Santos","twitter_card":"summary_large_image","twitter_creator":"@EstratConcursos","twitter_site":"@EstratConcursos","twitter_misc":{"Escrito por":"B\u00e1rbara Carvalho Santos","Est. tempo de leitura":"8 minutos"},"schema":{"@context":"https:\/\/schema.org","@graph":[{"@type":"NewsArticle","@id":"https:\/\/www.estrategiaconcursos.com.br\/blog\/concurso-mpa\/#article","isPartOf":{"@id":"https:\/\/www.estrategiaconcursos.com.br\/blog\/concurso-mpa\/"},"author":{"name":"B\u00e1rbara Carvalho Santos","@id":"https:\/\/www.estrategiaconcursos.com.br\/blog\/#\/schema\/person\/e3882259fa157d54c44c21f4ee4e0e60"},"headline":"Concurso MPA no CNU: resultado final \u00e9 homologado!","datePublished":"2026-03-16T11:00:00+00:00","dateModified":"2026-03-16T15:06:47+00:00","mainEntityOfPage":{"@id":"https:\/\/www.estrategiaconcursos.com.br\/blog\/concurso-mpa\/"},"wordCount":1519,"commentCount":0,"publisher":{"@id":"https:\/\/www.estrategiaconcursos.com.br\/blog\/#organization"},"image":{"@id":"https:\/\/www.estrategiaconcursos.com.br\/blog\/concurso-mpa\/#primaryimage"},"thumbnailUrl":"https:\/\/dhg1h5j42swfq.cloudfront.net\/2024\/01\/03095451\/ministerio-da-pesca-e-aquicultura.jpg","articleSection":["Executivo (Administrativa)"],"inLanguage":"pt-BR","potentialAction":[{"@type":"CommentAction","name":"Comment","target":["https:\/\/www.estrategiaconcursos.com.br\/blog\/concurso-mpa\/#respond"]}],"copyrightYear":"2026","copyrightHolder":{"@id":"https:\/\/www.estrategiaconcursos.com.br\/blog\/#organization"}},{"@type":"WebPage","@id":"https:\/\/www.estrategiaconcursos.com.br\/blog\/concurso-mpa\/","url":"https:\/\/www.estrategiaconcursos.com.br\/blog\/concurso-mpa\/","name":"Concurso MPA no CNU: resultado final \u00e9 homologado!","isPartOf":{"@id":"https:\/\/www.estrategiaconcursos.com.br\/blog\/#website"},"primaryImageOfPage":{"@id":"https:\/\/www.estrategiaconcursos.com.br\/blog\/concurso-mpa\/#primaryimage"},"image":{"@id":"https:\/\/www.estrategiaconcursos.com.br\/blog\/concurso-mpa\/#primaryimage"},"thumbnailUrl":"https:\/\/dhg1h5j42swfq.cloudfront.net\/2024\/01\/03095451\/ministerio-da-pesca-e-aquicultura.jpg","datePublished":"2026-03-16T11:00:00+00:00","dateModified":"2026-03-16T15:06:47+00:00","description":"Concurso MPA 2026: foram ofertadas 33 vagas para cargos de n\u00edvel superior. Divulgada a classifica\u00e7\u00e3o final e homologa\u00e7\u00e3o do CNU!","breadcrumb":{"@id":"https:\/\/www.estrategiaconcursos.com.br\/blog\/concurso-mpa\/#breadcrumb"},"inLanguage":"pt-BR","potentialAction":[{"@type":"ReadAction","target":["https:\/\/www.estrategiaconcursos.com.br\/blog\/concurso-mpa\/"]}]},{"@type":"ImageObject","inLanguage":"pt-BR","@id":"https:\/\/www.estrategiaconcursos.com.br\/blog\/concurso-mpa\/#primaryimage","url":"https:\/\/dhg1h5j42swfq.cloudfront.net\/2024\/01\/03095451\/ministerio-da-pesca-e-aquicultura.jpg","contentUrl":"https:\/\/dhg1h5j42swfq.cloudfront.net\/2024\/01\/03095451\/ministerio-da-pesca-e-aquicultura.jpg","width":768,"height":432},{"@type":"BreadcrumbList","@id":"https:\/\/www.estrategiaconcursos.com.br\/blog\/concurso-mpa\/#breadcrumb","itemListElement":[{"@type":"ListItem","position":1,"name":"In\u00edcio","item":"https:\/\/www.estrategiaconcursos.com.br\/blog\/"},{"@type":"ListItem","position":2,"name":"Concurso MPA no CNU: resultado final \u00e9 homologado!"}]},{"@type":"WebSite","@id":"https:\/\/www.estrategiaconcursos.com.br\/blog\/#website","url":"https:\/\/www.estrategiaconcursos.com.br\/blog\/","name":"Estrat\u00e9gia Concursos","description":"O blog da Estrat\u00e9gia Concursos traz not\u00edcias sobre concursos e artigos de professores oferecendo cursos para concursos (pdf + videaulas) no site.","publisher":{"@id":"https:\/\/www.estrategiaconcursos.com.br\/blog\/#organization"},"potentialAction":[{"@type":"SearchAction","target":{"@type":"EntryPoint","urlTemplate":"https:\/\/www.estrategiaconcursos.com.br\/blog\/?s={search_term_string}"},"query-input":{"@type":"PropertyValueSpecification","valueRequired":true,"valueName":"search_term_string"}}],"inLanguage":"pt-BR"},{"@type":"Organization","@id":"https:\/\/www.estrategiaconcursos.com.br\/blog\/#organization","name":"Estrat\u00e9gia Concursos","url":"https:\/\/www.estrategiaconcursos.com.br\/blog\/","logo":{"@type":"ImageObject","inLanguage":"pt-BR","@id":"https:\/\/www.estrategiaconcursos.com.br\/blog\/#\/schema\/logo\/image\/","url":"https:\/\/dhg1h5j42swfq.cloudfront.net\/2025\/06\/03203428\/logo_concursos-1.jpg","contentUrl":"https:\/\/dhg1h5j42swfq.cloudfront.net\/2025\/06\/03203428\/logo_concursos-1.jpg","width":230,"height":60,"caption":"Estrat\u00e9gia Concursos"},"image":{"@id":"https:\/\/www.estrategiaconcursos.com.br\/blog\/#\/schema\/logo\/image\/"},"sameAs":["https:\/\/x.com\/EstratConcursos"]},{"@type":"Person","@id":"https:\/\/www.estrategiaconcursos.com.br\/blog\/#\/schema\/person\/e3882259fa157d54c44c21f4ee4e0e60","name":"B\u00e1rbara Carvalho Santos","image":{"@type":"ImageObject","inLanguage":"pt-BR","@id":"https:\/\/secure.gravatar.com\/avatar\/353300f73140f779692b9be2b39f434d1341e4e34c7f55bd5a990fe29ef352eb?s=96&d=mm&r=g","url":"https:\/\/secure.gravatar.com\/avatar\/353300f73140f779692b9be2b39f434d1341e4e34c7f55bd5a990fe29ef352eb?s=96&d=mm&r=g","contentUrl":"https:\/\/secure.gravatar.com\/avatar\/353300f73140f779692b9be2b39f434d1341e4e34c7f55bd5a990fe29ef352eb?s=96&d=mm&r=g","caption":"B\u00e1rbara Carvalho Santos"},"description":"M\u00e3e e jornalista formada pela UNIP, possui ampla experi\u00eancia na cobertura de entretenimento em grandes ve\u00edculos, como o site da CNN, RedeTV! e Estrat\u00e9gia Educacional. Atuou tamb\u00e9m em ag\u00eancias de marketing, produtoras musicais e assessorias de imprensa, com foco especial no trabalho com personalidades p\u00fablicas. Atualmente, integra a equipe do Estrat\u00e9gia Concursos, onde \u00e9 respons\u00e1vel pela produ\u00e7\u00e3o de conte\u00fados estrat\u00e9gicos voltados para o setor de concursos p\u00fablicos, com destaque para a \u00e1rea fiscal, gest\u00e3o, controle, concursos administrativos e Minist\u00e9rios participantes do CNU, al\u00e9m de diversos \u00f3rg\u00e3os federais. Tem como miss\u00e3o transformar informa\u00e7\u00f5es complexas em conte\u00fados acess\u00edveis, relevantes e de alto valor para quem sonha com uma carreira no servi\u00e7o p\u00fablico.","url":"https:\/\/www.estrategiaconcursos.com.br\/blog\/author\/barbara-santos\/"}]}},"_links":{"self":[{"href":"https:\/\/www.estrategiaconcursos.com.br\/blog\/wp-json\/wp\/v2\/posts\/1327754","targetHints":{"allow":["GET"]}}],"collection":[{"href":"https:\/\/www.estrategiaconcursos.com.br\/blog\/wp-json\/wp\/v2\/posts"}],"about":[{"href":"https:\/\/www.estrategiaconcursos.com.br\/blog\/wp-json\/wp\/v2\/types\/post"}],"author":[{"embeddable":true,"href":"https:\/\/www.estrategiaconcursos.com.br\/blog\/wp-json\/wp\/v2\/users\/2018"}],"replies":[{"embeddable":true,"href":"https:\/\/www.estrategiaconcursos.com.br\/blog\/wp-json\/wp\/v2\/comments?post=1327754"}],"version-history":[{"count":110,"href":"https:\/\/www.estrategiaconcursos.com.br\/blog\/wp-json\/wp\/v2\/posts\/1327754\/revisions"}],"predecessor-version":[{"id":1734953,"href":"https:\/\/www.estrategiaconcursos.com.br\/blog\/wp-json\/wp\/v2\/posts\/1327754\/revisions\/1734953"}],"wp:featuredmedia":[{"embeddable":true,"href":"https:\/\/www.estrategiaconcursos.com.br\/blog\/wp-json\/wp\/v2\/media\/1328660"}],"wp:attachment":[{"href":"https:\/\/www.estrategiaconcursos.com.br\/blog\/wp-json\/wp\/v2\/media?parent=1327754"}],"wp:term":[{"taxonomy":"category","embeddable":true,"href":"https:\/\/www.estrategiaconcursos.com.br\/blog\/wp-json\/wp\/v2\/categories?post=1327754"},{"taxonomy":"post_tag","embeddable":true,"href":"https:\/\/www.estrategiaconcursos.com.br\/blog\/wp-json\/wp\/v2\/tags?post=1327754"},{"taxonomy":"tax_estado","embeddable":true,"href":"https:\/\/www.estrategiaconcursos.com.br\/blog\/wp-json\/wp\/v2\/tax_estado?post=1327754"}],"curies":[{"name":"wp","href":"https:\/\/api.w.org\/{rel}","templated":true}]}}