{"id":132768,"date":"2018-07-25T13:48:56","date_gmt":"2018-07-25T16:48:56","guid":{"rendered":"https:\/\/www.estrategiaconcursos.com.br\/blog\/?p=132768"},"modified":"2020-09-09T15:29:03","modified_gmt":"2020-09-09T18:29:03","slug":"comentarios-a-prova-do-tj-sc-oficial-de-infancia-e-juventude","status":"publish","type":"post","link":"https:\/\/www.estrategiaconcursos.com.br\/blog\/comentarios-a-prova-do-tj-sc-oficial-de-infancia-e-juventude\/","title":{"rendered":"Coment\u00e1rios \u00e0 prova do TJ-SC &#8211; Oficial de Inf\u00e2ncia e Juventude"},"content":{"rendered":"<p>Ol\u00e1! Analisamos as quest\u00f5es de Direito da Crian\u00e7a e do Adolescente, Direitos dos Idosos e Direito Processual Civil, aplicadas na prova do TJ-SC &#8211; Oficial de Inf\u00e2ncia e Juventude.<\/p>\n<p>Caso voc\u00ea fique em d\u00favida, por favor, no contate:<\/p>\n<p>SITE:&nbsp;<a href=\"https:\/\/sites.google.com\/prod\/view\/proftorques\">https:\/\/sites.google.com\/prod\/view\/proftorques<\/a><\/p>\n<p>INSTAGRAM:&nbsp;<a href=\"https:\/\/www.instagram.com\/proftorques\/\">https:\/\/www.instagram.com\/proftorques\/<\/a><\/p>\n<p>FACEBOOK:&nbsp;<a href=\"https:\/\/www.facebook.com\/dpcparaconcursos\/\">https:\/\/www.facebook.com\/dpcparaconcursos\/<\/a><\/p>\n<p>E-MAIL:&nbsp;<a href=\"mailto:rst.estrategia@gmail.com\">rst.estrategia@gmail.com<\/a><\/p>\n<p>Vamos \u00e0s quest\u00f5es!<\/p>\n<p style=\"text-align: justify;\"><strong>Direito da Crian\u00e7a e do Adolescente<\/strong><\/p>\n<p style=\"text-align: justify;\">Quest\u00e3o 31<\/p>\n<p style=\"text-align: justify;\">Oficial da Inf\u00e2ncia e Juventude, ao sair para dilig\u00eancia de fiscaliza\u00e7\u00e3o no final de semana, passa em frente a uma entidade de acolhimento institucional, quando observa dois policiais efetuando a entrega de uma crian\u00e7a de 4 anos de idade. A m\u00e3e agrediu a crian\u00e7a em um parque, e est\u00e1 sendo conduzida at\u00e9 a delegacia de pol\u00edcia.<\/p>\n<p style=\"text-align: justify;\">Considerando os princ\u00edpios que regem a aplica\u00e7\u00e3o das medidas de prote\u00e7\u00e3o, a atua\u00e7\u00e3o dos policiais est\u00e1:<\/p>\n<p style=\"text-align: justify;\">(A) correta, diante da proporcionalidade e atualidade da medida;<\/p>\n<p style=\"text-align: justify;\">(B) incorreta, desrespeitada a obrigatoriedade da informa\u00e7\u00e3o;<\/p>\n<p style=\"text-align: justify;\">(C) correta, observada a prote\u00e7\u00e3o integral e priorit\u00e1ria;<\/p>\n<p style=\"text-align: justify;\">(D) incorreta, violada a preval\u00eancia da fam\u00edlia;<\/p>\n<p style=\"text-align: justify;\">(E) correta, respeitado o interesse superior da crian\u00e7a.<\/p>\n<p style=\"text-align: justify;\">Coment\u00e1rios<\/p>\n<p style=\"text-align: justify;\">A regra \u00e9 que, se afastada do conv\u00edvio dos pais, a crian\u00e7a deve ser mantida com a fam\u00edlia extensa. Apenas em \u00faltimos casos se procede o acolhimento institucional, pois se trata de medida excepcional e por tempo limitado. Vejamos o art. 19, do ECA:<\/p>\n<p style=\"text-align: justify;\">Art. 19.&nbsp; \u00c9 direito da crian\u00e7a e do adolescente ser criado e educado no seio de sua fam\u00edlia e, excepcionalmente, em fam\u00edlia substituta, assegurada a conviv\u00eancia familiar e comunit\u00e1ria, em ambiente que garanta seu desenvolvimento integral.<\/p>\n<p style=\"text-align: justify;\">Assim, a <strong>alternativa D<\/strong> est\u00e1 correta e \u00e9 o gabarito da quest\u00e3o.<\/p>\n<p style=\"text-align: justify;\">&#8212;<\/p>\n<p style=\"text-align: justify;\">Quest\u00e3o 32<\/p>\n<p style=\"text-align: justify;\">Oficial da Inf\u00e2ncia e Juventude, lotado em Florian\u00f3polis, atende a m\u00e3e dos irm\u00e3os Vitor, 9 anos, Luiz, 10 anos, e Lucas, 12 anos, que deseja orienta\u00e7\u00e3o sobre autoriza\u00e7\u00e3o de viagem nacional. Vitor viajar\u00e1 desacompanhado para comarca cont\u00edgua \u00e0 de sua resid\u00eancia, na mesma regi\u00e3o metropolitana, enquanto Luiz e Lucas ir\u00e3o sozinhos para o Rio de Janeiro.<\/p>\n<p style=\"text-align: justify;\">O oficial dever\u00e1 informar que necessitar\u00e1(\u00e3o) de autoriza\u00e7\u00e3o de viagem:<\/p>\n<p style=\"text-align: justify;\">(A) somente Vitor;<\/p>\n<p style=\"text-align: justify;\">(B) somente Luiz;<\/p>\n<p style=\"text-align: justify;\">(C) somente Lucas;<\/p>\n<p style=\"text-align: justify;\">(D) Vitor e Luiz;<\/p>\n<p style=\"text-align: justify;\">(E) Luiz e Lucas.<\/p>\n<p style=\"text-align: justify;\">Coment\u00e1rios<\/p>\n<p style=\"text-align: justify;\">Vamos analisar cada um dos casos. No caso de Vitor, n\u00e3o \u00e9 exigida a autoriza\u00e7\u00e3o por tratar-se d comarca cont\u00edgua \u00e0 resid\u00eancia. Vejamos o art. 83, \u00a7 1\u00ba, a, do ECA:<\/p>\n<blockquote>\n<p style=\"text-align: justify;\">Art. 83. Nenhuma crian\u00e7a poder\u00e1 viajar para fora da comarca onde reside, desacompanhada dos pais ou respons\u00e1vel, sem expressa autoriza\u00e7\u00e3o judicial.<\/p>\n<p style=\"text-align: justify;\">\u00a7 1\u00ba A autoriza\u00e7\u00e3o n\u00e3o ser\u00e1 exigida quando:<\/p>\n<p style=\"text-align: justify;\">a) tratar-se de comarca cont\u00edgua \u00e0 da resid\u00eancia da crian\u00e7a, se na mesma unidade da Federa\u00e7\u00e3o, ou inclu\u00edda na mesma regi\u00e3o metropolitana;<\/p>\n<\/blockquote>\n<p style=\"text-align: justify;\">Lucas, por j\u00e1 possuir 12 anos completos, n\u00e3o necessita de autoriza\u00e7\u00e3o judicial, pois j\u00e1 \u00e9 considerado adolescente.<\/p>\n<p style=\"text-align: justify;\">Dessa forma, apenas Luiz precisar\u00e1 da autoriza\u00e7\u00e3o judicial para viajar, pois ir\u00e1 para o Rio de Janeiro e possui apenas 10 anos.<\/p>\n<p style=\"text-align: justify;\">Portanto, a <strong>alternativa B<\/strong> est\u00e1 correta e \u00e9 o gabarito da quest\u00e3o.<\/p>\n<p style=\"text-align: justify;\">&#8212;<\/p>\n<p style=\"text-align: justify;\">Quest\u00e3o 33<\/p>\n<p style=\"text-align: justify;\">O Estatuto da Crian\u00e7a e do Adolescente estabelece ser assegurada, com absoluta prioridade, a efetiva\u00e7\u00e3o dos direitos da crian\u00e7a e do adolescente. Assim, Oficial da Inf\u00e2ncia e Juventude orientou os profissionais da sa\u00fade de um hospital particular sobre o dever que possuem de respeitar tal princ\u00edpio, quando do atendimento de crian\u00e7as e adolescentes na emerg\u00eancia.<\/p>\n<p style=\"text-align: justify;\">A orienta\u00e7\u00e3o do Oficial da Inf\u00e2ncia e Juventude, nessa hip\u00f3tese, est\u00e1:<\/p>\n<p style=\"text-align: justify;\">(A) correta, porque a prioridade compreende a primazia de receber prote\u00e7\u00e3o e socorro;<\/p>\n<p style=\"text-align: justify;\">(B) incorreta, pois a prioridade compreende a primazia de receber prote\u00e7\u00e3o e socorro apenas na rede p\u00fablica;<\/p>\n<p style=\"text-align: justify;\">(C) incorreta, j\u00e1 que a prioridade abrange a preced\u00eancia de atendimento nos servi\u00e7os de relev\u00e2ncia p\u00fablica;<\/p>\n<p style=\"text-align: justify;\">(D) incorreta, pois inexiste prioridade, quando n\u00e3o h\u00e1 destina\u00e7\u00e3o privilegiada de recursos p\u00fablicos;<\/p>\n<p style=\"text-align: justify;\">(E) correta, uma vez que a garantia da prioridade abrange a necessidade de uma interven\u00e7\u00e3o m\u00ednima.<\/p>\n<p style=\"text-align: justify;\">Coment\u00e1rios<\/p>\n<p style=\"text-align: justify;\">A orienta\u00e7\u00e3o do Oficial est\u00e1 correta, pois a crian\u00e7a e o adolescente possuem prioridade absoluta na efetiva\u00e7\u00e3o de v\u00e1rios direitos, inclusive do direito \u00e0 sa\u00fade. Vejamos o art. 4\u00ba, par\u00e1grafo \u00fanico, do ECA:<\/p>\n<blockquote>\n<p style=\"text-align: justify;\">Art. 4\u00ba \u00c9 dever da fam\u00edlia, da comunidade, da sociedade em geral e do poder p\u00fablico assegurar, com absoluta prioridade, a efetiva\u00e7\u00e3o dos direitos referentes \u00e0 vida, \u00e0 sa\u00fade, \u00e0 alimenta\u00e7\u00e3o, \u00e0 educa\u00e7\u00e3o, ao esporte, ao lazer, \u00e0 profissionaliza\u00e7\u00e3o, \u00e0 cultura, \u00e0 dignidade, ao respeito, \u00e0 liberdade e \u00e0 conviv\u00eancia familiar e comunit\u00e1ria.<\/p>\n<p style=\"text-align: justify;\">Par\u00e1grafo \u00fanico. A garantia de prioridade compreende:<\/p>\n<p style=\"text-align: justify;\">a) primazia de receber prote\u00e7\u00e3o e socorro em quaisquer circunst\u00e2ncias;<\/p>\n<\/blockquote>\n<p style=\"text-align: justify;\">Assim, a <strong>alternativa A<\/strong> est\u00e1 correta e \u00e9 o gabarito da quest\u00e3o.<\/p>\n<p style=\"text-align: justify;\">&#8212;<\/p>\n<p style=\"text-align: justify;\">Quest\u00e3o 34<\/p>\n<p style=\"text-align: justify;\">Vinte adolescentes entre 15 e 17 anos, todos desacompanhados, montam acampamento, na rua, em frente \u00e0 porta de entrada do show de uma famosa banda internacional de pop rock, que ocorrer\u00e1 daqui a cinco dias. Oficial da Inf\u00e2ncia e Juventude dirige-se at\u00e9 l\u00e1 para conversar com o grupo, a fim de que evitem pernoitar no local, por ser muito perigoso.<\/p>\n<p style=\"text-align: justify;\">Com base no Estatuto da Crian\u00e7a e do Adolescente, conclui-se que os adolescentes:<\/p>\n<p style=\"text-align: justify;\">(A) poder\u00e3o pernoitar no local, considerando o direito \u00e0 liberdade;<\/p>\n<p style=\"text-align: justify;\">(B) n\u00e3o poder\u00e3o pernoitar no local, uma vez que violariam o direito \u00e0 pr\u00f3pria dignidade;<\/p>\n<p style=\"text-align: justify;\">(C) poder\u00e3o pernoitar no local, pela abrang\u00eancia do direito ao respeito;<\/p>\n<p style=\"text-align: justify;\">(D) n\u00e3o poder\u00e3o pernoitar no local, pois o direito \u00e0 liberdade n\u00e3o abrange a perman\u00eancia;<\/p>\n<p style=\"text-align: justify;\">(E) poder\u00e3o pernoitar no local, em raz\u00e3o do direito \u00e0 cultura.<\/p>\n<p style=\"text-align: justify;\">Coment\u00e1rios<\/p>\n<p style=\"text-align: justify;\">O direito de liberdade abrange i aspecto de ir e vir, mas n\u00e3o o de permanecer. Vejamos o art. 16, I, do ECA:<\/p>\n<blockquote>\n<p style=\"text-align: justify;\">Art. 16. O direito \u00e0 liberdade compreende os seguintes aspectos:<\/p>\n<p style=\"text-align: justify;\">I &#8211; ir, vir e estar nos logradouros p\u00fablicos e espa\u00e7os comunit\u00e1rios, ressalvadas as restri\u00e7\u00f5es legais;<\/p>\n<\/blockquote>\n<p style=\"text-align: justify;\">Assim, os adolescentes n\u00e3o poder\u00e3o pernoitar no local. Dessa forma, a <strong>alternativa D<\/strong> est\u00e1 correta e \u00e9 o gabarito da quest\u00e3o.<\/p>\n<p style=\"text-align: justify;\">&#8212;<\/p>\n<p style=\"text-align: justify;\">Quest\u00e3o 35<\/p>\n<p style=\"text-align: justify;\">Maria, crian\u00e7a com 7 anos, testemunhou o seu padrasto praticar viol\u00eancia f\u00edsica contra a sua irm\u00e3 Joana, de 12 anos, o que causou na adolescente intenso sofrimento. Cientificado dos fatos, o Promotor de Justi\u00e7a ingressou com a\u00e7\u00e3o penal em face do abusador, pugnando pela oitiva das irm\u00e3s em Ju\u00edzo.<\/p>\n<p style=\"text-align: justify;\">Considerando o sistema de garantia de direitos introduzido pela Lei n\u00ba 13.431\/2017, a oitiva das meninas ser\u00e1 realizada da seguinte forma:<\/p>\n<p style=\"text-align: justify;\">(A) escuta especializada de Joana, v\u00edtima, e depoimento comum de Maria, testemunha;<\/p>\n<p style=\"text-align: justify;\">(B) depoimentos especiais de Maria e Joana, testemunha e v\u00edtima, respectivamente;<\/p>\n<p style=\"text-align: justify;\">(C) escutas especializadas de Maria e Joana, testemunha e v\u00edtima, respectivamente;<\/p>\n<p style=\"text-align: justify;\">(D) depoimento especial de Joana, v\u00edtima, e depoimento comum de Maria, testemunha;<\/p>\n<p style=\"text-align: justify;\">(E) depoimentos comuns de Joana, v\u00edtima, e Maria, testemunha, por n\u00e3o se tratar de viol\u00eancia sexual.<\/p>\n<p style=\"text-align: justify;\">Coment\u00e1rios<\/p>\n<p style=\"text-align: justify;\">A Lei 13.431\/2017 estabeleceu um sistema de prote\u00e7\u00e3o para a crian\u00e7a que seja v\u00edtima ou testemunha de viol\u00eancia. As crian\u00e7as e adolescentes poder\u00e3o ser ouvidos no processo por meio do depoimento especial, conforme \u00a7 1\u00ba, do art. 4\u00ba, da referida Lei.<\/p>\n<blockquote>\n<p style=\"text-align: justify;\">\u00a7 1\u00ba Para os efeitos desta Lei, a crian\u00e7a e o adolescente ser\u00e3o ouvidos sobre a situa\u00e7\u00e3o de viol\u00eancia por meio de escuta especializada e depoimento especial.<\/p>\n<\/blockquote>\n<p style=\"text-align: justify;\">Vejamos, ainda, o art. 8\u00ba:<\/p>\n<blockquote>\n<p style=\"text-align: justify;\">Art. 8\u00ba Depoimento especial \u00e9 o procedimento de oitiva de crian\u00e7a ou adolescente v\u00edtima ou testemunha de viol\u00eancia perante autoridade policial ou judici\u00e1ria.<\/p>\n<\/blockquote>\n<p style=\"text-align: justify;\">Dessa forma, tanto Maria quanto Joana ser\u00e3o ouvidas por meio do depoimento especial, de forma que a <strong>alternativa B<\/strong> est\u00e1 correta e \u00e9 o gabarito da quest\u00e3o.<\/p>\n<p style=\"text-align: justify;\">&#8212;<\/p>\n<p style=\"text-align: justify;\">Quest\u00e3o 36<\/p>\n<p style=\"text-align: justify;\">Em visita hospitalar \u00e0 maternidade p\u00fablica, Oficial da Inf\u00e2ncia e Juventude \u00e9 abordado por gestante, reclamando do atendimento que lhe vem sendo prestado pelo hospital, j\u00e1 que n\u00e3o est\u00e1 lhe sendo garantida a presen\u00e7a de um acompanhante. Reclama tamb\u00e9m porque lhe afirmaram que n\u00e3o poder\u00e1 aguardar o parto natural, sendo a cesariana o procedimento rotineiro.<\/p>\n<p style=\"text-align: justify;\">De acordo com os ditames da Lei n\u00ba 13.257\/2016, que estabeleceu pol\u00edticas p\u00fablicas para a primeira inf\u00e2ncia, o procedimento hospitalar est\u00e1:<\/p>\n<p style=\"text-align: justify;\">(A) correto, pois a garantia de acompanhante da gestante \u00e9 apenas da parturiente, e n\u00e3o existe direito ao parto natural;<\/p>\n<p style=\"text-align: justify;\">(B) incorreto, quanto ao direito \u00e0 acompanhante da gestante e correto quanto \u00e0 aus\u00eancia de direito ao parto natural;<\/p>\n<p style=\"text-align: justify;\">(C) incorreto, quanto aos direitos \u00e0 acompanhante da gestante e \u00e0 realiza\u00e7\u00e3o do parto natural;<\/p>\n<p style=\"text-align: justify;\">(D) correto, quanto ao direito \u00e0 acompanhante da gestante e incorreto quanto ao direito ao parto natural;<\/p>\n<p style=\"text-align: justify;\">(E) correto, pois a presen\u00e7a do acompanhante da gestante e a realiza\u00e7\u00e3o do parto natural s\u00e3o decis\u00f5es t\u00e9cnicas do m\u00e9dico.<\/p>\n<p style=\"text-align: justify;\">Coment\u00e1rios<\/p>\n<p style=\"text-align: justify;\">A Lei 13.257\/2016, alterou o ECA e previu o direito que possui a gestante e a parturiente de ser acompanhada por uma pessoa de sua prefer\u00eancia. Vejamos o \u00a7 6\u00ba, do art. 8\u00ba, do ECA:<\/p>\n<blockquote>\n<p style=\"text-align: justify;\">Art. 8\u00ba \u00c9 assegurado a todas as mulheres o acesso aos programas e \u00e0s pol\u00edticas de sa\u00fade da mulher e de planejamento reprodutivo e, \u00e0s gestantes, nutri\u00e7\u00e3o adequada, aten\u00e7\u00e3o humanizada \u00e0 gravidez, ao parto e ao puerp\u00e9rio e atendimento pr\u00e9-natal, perinatal e p\u00f3s-natal integral no \u00e2mbito do Sistema \u00danico de Sa\u00fade.<\/p>\n<p style=\"text-align: justify;\">\u00a7 6\u00ba A gestante e a parturiente t\u00eam direito a 1 (um) acompanhante de sua prefer\u00eancia durante o per\u00edodo do pr\u00e9-natal, do trabalho de parto e do p\u00f3s-parto imediato.<\/p>\n<\/blockquote>\n<p style=\"text-align: justify;\">Al\u00e9m disso, a gestante tem direito a parto natural e a cesariana ou outros procedimentos apenas ser\u00e3o aplicados por motivos m\u00e9dicos. Veja o \u00a7 8\u00ba do mesmo artigo:<\/p>\n<blockquote>\n<p style=\"text-align: justify;\">\u00a7 8o A gestante tem direito a acompanhamento saud\u00e1vel durante toda a gesta\u00e7\u00e3o e a parto natural cuidadoso, estabelecendo-se a aplica\u00e7\u00e3o de cesariana e outras interven\u00e7\u00f5es cir\u00fargicas por motivos m\u00e9dicos.<\/p>\n<\/blockquote>\n<p style=\"text-align: justify;\">Assim, a <strong>alternativa C<\/strong> est\u00e1 correta e \u00e9 o gabarito da quest\u00e3o.<\/p>\n<p style=\"text-align: justify;\">&#8212;<\/p>\n<p style=\"text-align: justify;\">Quest\u00e3o 37<\/p>\n<p style=\"text-align: justify;\">Oficial da Inf\u00e2ncia e Juventude encontra, em uma banca de jornal, revista com material inadequado para crian\u00e7as e adolescentes, contendo na capa a foto de um homem e uma mulher em posi\u00e7\u00e3o er\u00f3tica, com mensagem nitidamente pornogr\u00e1fica. O dono da banca de jornal alega que a revista est\u00e1 exposta corretamente, j\u00e1 que lacrada e com a informa\u00e7\u00e3o de que se trata de material impr\u00f3prio para crian\u00e7as e adolescentes.<\/p>\n<p style=\"text-align: justify;\">Analisando o caso, conclui-se que o Oficial da Inf\u00e2ncia e Juventude:<\/p>\n<p style=\"text-align: justify;\">(A) dever\u00e1 lavrar auto de infra\u00e7\u00e3o administrativa e apreender a revista;<\/p>\n<p style=\"text-align: justify;\">(B) n\u00e3o dever\u00e1 agir, pois a revista est\u00e1 lacrada e com a advert\u00eancia de material impr\u00f3prio;<\/p>\n<p style=\"text-align: justify;\">(C) dever\u00e1 chamar a pol\u00edcia, por se tratar de crime previsto no ECA;<\/p>\n<p style=\"text-align: justify;\">(D) dever\u00e1 apenas acionar o Minist\u00e9rio P\u00fablico, diante da aus\u00eancia de previs\u00e3o da conduta no ECA;<\/p>\n<p style=\"text-align: justify;\">(E) dever\u00e1 instaurar portaria para a apura\u00e7\u00e3o da irregularidade na banca de jornal.<\/p>\n<p style=\"text-align: justify;\">Coment\u00e1rios<\/p>\n<p style=\"text-align: justify;\">No caso em tela, al\u00e9m de lacrada e com indica\u00e7\u00e3o do conte\u00fado impr\u00f3prio, a revista deveria ter embalagem opaca, tendo em vista a mensagem pornogr\u00e1fica. Vejamos o par\u00e1grafo \u00fanico, do art. 78, do ECA:<\/p>\n<blockquote>\n<p style=\"text-align: justify;\">Art. 78. As revistas e publica\u00e7\u00f5es contendo material impr\u00f3prio ou inadequado a crian\u00e7as e adolescentes dever\u00e3o ser comercializadas em embalagem lacrada, com a advert\u00eancia de seu conte\u00fado.<\/p>\n<p style=\"text-align: justify;\">Par\u00e1grafo \u00fanico. As editoras cuidar\u00e3o para que as capas que contenham mensagens pornogr\u00e1ficas ou obscenas sejam protegidas com embalagem opaca.<\/p>\n<\/blockquote>\n<p style=\"text-align: justify;\">Al\u00e9m disso, o descumprimento do art. 78 acarreta infra\u00e7\u00e3o administrativa, conforme o art. 257.<\/p>\n<blockquote>\n<p style=\"text-align: justify;\">Art. 257. Descumprir obriga\u00e7\u00e3o constante dos arts. 78 e 79 desta Lei:<\/p>\n<p style=\"text-align: justify;\">Pena &#8211; multa de tr\u00eas a vinte sal\u00e1rios de refer\u00eancia, duplicando-se a pena em caso de reincid\u00eancia, sem preju\u00edzo de apreens\u00e3o da revista ou publica\u00e7\u00e3o.<\/p>\n<\/blockquote>\n<p style=\"text-align: justify;\">Assim, o gabarito da quest\u00e3o \u00e9 <strong>alternativa A<\/strong>.<\/p>\n<p style=\"text-align: justify;\">&#8212;<\/p>\n<p style=\"text-align: justify;\">Quest\u00e3o 38<\/p>\n<p style=\"text-align: justify;\">Jos\u00e9, 20 anos, na companhia do irm\u00e3o Jo\u00e3o, 16 anos, procura o Oficial da Inf\u00e2ncia e Juventude buscando orienta\u00e7\u00e3o de como proceder para que o adolescente n\u00e3o perca uma grande chance de aprendizagem. Isso porque Jo\u00e3o precisa, com urg\u00eancia, assinar um contrato de trabalho e abrir uma conta banc\u00e1ria. Acontece que os pais dos irm\u00e3os est\u00e3o viajando, com retorno previsto para dois dias ap\u00f3s a data limite para a assinatura do termo.<\/p>\n<p style=\"text-align: justify;\">Segundo o princ\u00edpio da proporcionalidade e atualidade previsto no ECA, Jo\u00e3o poder\u00e1 assinar o contrato e abrir a conta banc\u00e1ria:<\/p>\n<p style=\"text-align: justify;\">(A) sozinho, pois menor p\u00fabere;<\/p>\n<p style=\"text-align: justify;\">(B) com o direito de representa\u00e7\u00e3o pelo irm\u00e3o Jos\u00e9;<\/p>\n<p style=\"text-align: justify;\">(C) com a suspens\u00e3o do poder familiar;<\/p>\n<p style=\"text-align: justify;\">(D) com a ratifica\u00e7\u00e3o posterior dos pais;<\/p>\n<p style=\"text-align: justify;\">(E) com a tutela pelo irm\u00e3o Jos\u00e9.<\/p>\n<p style=\"text-align: justify;\">Coment\u00e1rios<\/p>\n<p style=\"text-align: justify;\">No presente caso, Jo\u00e3o poder\u00e1 ser representado por seu irm\u00e3o Jos\u00e9. Trata-se, de fato, do princ\u00edpio da proporcionalidade. Vejamos o 2\u00ba, do art. 33, do ECA:<\/p>\n<blockquote>\n<p style=\"text-align: justify;\">\u00a7 2\u00ba Excepcionalmente, deferir-se-\u00e1 a guarda, fora dos casos de tutela e ado\u00e7\u00e3o, para atender a <u>situa\u00e7\u00f5es peculiares ou suprir a falta eventual dos pais ou respons\u00e1vel<\/u>, podendo ser deferido o <u>direito de representa\u00e7\u00e3o para a pr\u00e1tica de atos determinados.<\/u><\/p>\n<\/blockquote>\n<p style=\"text-align: justify;\">O dispositivo acima prev\u00ea o direito de representa\u00e7\u00e3o para determinados atos, que \u00e9 exatamente o necess\u00e1rio para abrir uma conta banc\u00e1ria.<\/p>\n<p style=\"text-align: justify;\">Portanto, a <strong>alternativa B<\/strong> est\u00e1 correta e \u00e9 o gabarito da quest\u00e3o.<\/p>\n<p style=\"text-align: justify;\">&#8212;<\/p>\n<p style=\"text-align: justify;\">Quest\u00e3o 39<\/p>\n<p style=\"text-align: justify;\">Oficial da Inf\u00e2ncia e Juventude recebe den\u00fancia de que M\u00e1rcio e Marcelo, com 15 e 16 anos, que vivem na zona rural, est\u00e3o fora dos bancos escolares por op\u00e7\u00e3o dos pais, que preferem n\u00e3o os matricular na rede regular de ensino, para que continuem a auxili\u00e1-los em tempo integral com a planta\u00e7\u00e3o de milho. O Oficial da Inf\u00e2ncia e Juventude presta toda a orienta\u00e7\u00e3o e apoio ao casal, mas os pais insistem que o melhor para os filhos \u00e9 permanecer no trabalho rural, pois j\u00e1 terminaram o ensino fundamental.<\/p>\n<p style=\"text-align: justify;\">Diante da negativa dos pais, e com base nas atribui\u00e7\u00f5es do Oficial da Inf\u00e2ncia e Juventude previstas no ECA, o procedimento a ser adotado \u00e9:<\/p>\n<p style=\"text-align: justify;\">(A) efetuar relat\u00f3rio \u00e0 autoridade judicial;<\/p>\n<p style=\"text-align: justify;\">(B) comunicar o fato ao Minist\u00e9rio P\u00fablico;<\/p>\n<p style=\"text-align: justify;\">(C) acionar o Conselho Tutelar;<\/p>\n<p style=\"text-align: justify;\">(D) registrar a ocorr\u00eancia em sede policial;<\/p>\n<p style=\"text-align: justify;\">(E) lavrar auto de infra\u00e7\u00e3o.<\/p>\n<p style=\"text-align: justify;\">Coment\u00e1rios<\/p>\n<p style=\"text-align: justify;\">Como sabemos, os pais t\u00eam o dever de matricular seus filhos na rede regular de ensino. Esse \u00e9 um dos deveres inerentes ao poder familiar. Vejamos o art. 55, do ECA:<\/p>\n<blockquote>\n<p style=\"text-align: justify;\">Art. 55. Os pais ou respons\u00e1vel t\u00eam a obriga\u00e7\u00e3o de matricular seus filhos ou pupilos na rede regular de ensino.<\/p>\n<\/blockquote>\n<p style=\"text-align: justify;\">O descumprimento desse dever por parte dos pais acarreta a infra\u00e7\u00e3o administrativa prevista do art. 249, do ECA, e implica em lavratura do auto de infra\u00e7\u00e3o pelo Oficial.<\/p>\n<blockquote>\n<p style=\"text-align: justify;\">Art. 249. Descumprir, dolosa ou culposamente, os deveres inerentes ao poder familiar ou decorrente de tutela ou guarda, bem assim determina\u00e7\u00e3o da autoridade judici\u00e1ria ou Conselho Tutelar:<\/p>\n<p style=\"text-align: justify;\">Pena &#8211; multa de tr\u00eas a vinte sal\u00e1rios de refer\u00eancia, aplicando-se o dobro em caso de reincid\u00eancia.<\/p>\n<\/blockquote>\n<p style=\"text-align: justify;\">Assim, a <strong>alternativa E <\/strong>est\u00e1 correta e \u00e9 o gabarito da quest\u00e3o.<\/p>\n<p style=\"text-align: justify;\">&#8212;<\/p>\n<p style=\"text-align: justify;\">Quest\u00e3o 40<\/p>\n<p style=\"text-align: justify;\">Oficial da Inf\u00e2ncia e Juventude, ao fiscalizar entidade governamental que desenvolve programa de acolhimento institucional, encontra duas crian\u00e7as acolhidas h\u00e1 mais de 3 dias, sem pr\u00e9via determina\u00e7\u00e3o da autoridade competente.<\/p>\n<p style=\"text-align: justify;\">O Oficial da Inf\u00e2ncia e Juventude dever\u00e1:<\/p>\n<p style=\"text-align: justify;\">(A) comunicar ao Conselho Tutelar, a fim de subsidiar lavratura de auto de infra\u00e7\u00e3o administrativa;<\/p>\n<p style=\"text-align: justify;\">(B) instaurar portaria para apura\u00e7\u00e3o de irregularidade em entidade de atendimento;<\/p>\n<p style=\"text-align: justify;\">(C) informar ao Minist\u00e9rio P\u00fablico, para fins de instru\u00e7\u00e3o de a\u00e7\u00e3o civil p\u00fablica;<\/p>\n<p style=\"text-align: justify;\">(D) apresentar relat\u00f3rio por escrito \u00e0 autoridade judici\u00e1ria;<\/p>\n<p style=\"text-align: justify;\">(E) lavrar auto de infra\u00e7\u00e3o administrativa por descumprimento das normas de prote\u00e7\u00e3o do ECA.<\/p>\n<p style=\"text-align: justify;\">Coment\u00e1rios<\/p>\n<p style=\"text-align: justify;\">As entidades de acolhimento institucional podem acolher crian\u00e7a ou adolescente sem a pr\u00e9via autoriza\u00e7\u00e3o da autoridade competente. Contudo, a comunica\u00e7\u00e3o do fato deve ser feita em at\u00e9 24 horas, conforme prev\u00ea o art. 93, do ECA:<\/p>\n<blockquote>\n<p style=\"text-align: justify;\">Art. 93.&nbsp; As entidades que mantenham programa de acolhimento institucional poder\u00e3o, em car\u00e1ter excepcional e de urg\u00eancia, acolher crian\u00e7as e adolescentes sem pr\u00e9via determina\u00e7\u00e3o da autoridade competente, fazendo comunica\u00e7\u00e3o do fato em at\u00e9 24 (vinte e quatro) horas ao Juiz da Inf\u00e2ncia e da Juventude, sob pena de responsabilidade.<\/p>\n<\/blockquote>\n<p style=\"text-align: justify;\">A autoridade judici\u00e1ria deve ser imediatamente comunicada do fato, tal como prev\u00ea o dispositivo acima. Dessa forma, o Oficial deve apresentar relat\u00f3rio ao Juiz da Inf\u00e2ncia e Juventude. Dessa forma, a <strong>alternativa D <\/strong>est\u00e1 correta e \u00e9 o gabarito da quest\u00e3o.<\/p>\n<p style=\"text-align: justify;\">&#8212;<\/p>\n<p style=\"text-align: justify;\">Quest\u00e3o 41<\/p>\n<p style=\"text-align: justify;\">Oficial da Inf\u00e2ncia e Juventude, ao fiscalizar unidade de execu\u00e7\u00e3o de medida socioeducativa de interna\u00e7\u00e3o, depara-se com um adolescente aparentando grave transtorno mental. O Oficial apresenta relat\u00f3rio ao Ju\u00edzo da Inf\u00e2ncia e da Juventude, ap\u00f3s solicitar a imediata ado\u00e7\u00e3o das provid\u00eancias pertinentes pelo diretor da unidade.<\/p>\n<p style=\"text-align: justify;\">Considerando a hip\u00f3tese apresentada, o adolescente poder\u00e1 ter a sua medida socioeducativa:<\/p>\n<p style=\"text-align: justify;\">(A) convertida em interdi\u00e7\u00e3o;<\/p>\n<p style=\"text-align: justify;\">(B) suspensa para inclus\u00e3o em programa de sa\u00fade mental;<\/p>\n<p style=\"text-align: justify;\">(C) convertida em medida de seguran\u00e7a;<\/p>\n<p style=\"text-align: justify;\">(D) progredida para medida socioeducativa em meio aberto;<\/p>\n<p style=\"text-align: justify;\">(E) progredida para medida socioeducativa de semiliberdade.<\/p>\n<p style=\"text-align: justify;\">Coment\u00e1rios<\/p>\n<p style=\"text-align: justify;\">As crian\u00e7as e adolescentes com defici\u00eancia mental receber\u00e3o o tratamento adequado, conforme o \u00a7 3\u00ba, do art. 112, do ECA:<\/p>\n<blockquote>\n<p style=\"text-align: justify;\">\u00a7 3\u00ba Os adolescentes portadores de doen\u00e7a ou defici\u00eancia mental receber\u00e3o tratamento individual e especializado, em local adequado \u00e0s suas condi\u00e7\u00f5es.<\/p>\n<\/blockquote>\n<p style=\"text-align: justify;\">Portanto, a medida socioeducativa deve ser suspensa para que o menor receba o tratamento adequado ao seu transtorno mental. At\u00e9 mesmo porque um dos pressupostos para cumprimento da medida socioeducativa \u00e9 a capacidade educativa e socializadora do adolescente o que n\u00e3o se verifica no caso, em raz\u00e3o do transtorno mental.<\/p>\n<p style=\"text-align: justify;\">Assim, a <strong>alternativa B<\/strong> est\u00e1 correta e \u00e9 o gabarito da quest\u00e3o.<\/p>\n<p style=\"text-align: justify;\">&#8212;<\/p>\n<p style=\"text-align: justify;\">Quest\u00e3o 42<\/p>\n<p style=\"text-align: justify;\">Fernanda, 17 anos, viaja de \u00f4nibus de S\u00e3o Paulo para Balne\u00e1rio Cambori\u00fa, na companhia do namorado Fl\u00e1vio, de 18 anos, para passar o carnaval. Quando desceram na rodovi\u00e1ria de destino, ao serem abordados pelo Oficial da Inf\u00e2ncia e Juventude, informam que a adolescente n\u00e3o possui autoriza\u00e7\u00e3o dos pais e apresentam o voucher do hotel em que ir\u00e3o se hospedar.<\/p>\n<p style=\"text-align: justify;\">De acordo com as normas previstas no Estatuto da Crian\u00e7a e do Adolescente, a situa\u00e7\u00e3o dos namorados no Balne\u00e1rio Cambori\u00fa, quanto \u00e0 viagem e\/ou hospedagem, est\u00e1:<\/p>\n<p style=\"text-align: justify;\">(A) regular, pois dispens\u00e1vel a autoriza\u00e7\u00e3o dos pais da adolescente para a viagem e a hospedagem;<\/p>\n<p style=\"text-align: justify;\">(B) irregular, pois indispens\u00e1vel a autoriza\u00e7\u00e3o dos pais da adolescente para a viagem e a hospedagem;<\/p>\n<p style=\"text-align: justify;\">(C) regular, pois a adolescente est\u00e1 na companhia do namorado, que \u00e9 maior;<\/p>\n<p style=\"text-align: justify;\">(D) irregular, pois a adolescente precisa de autoriza\u00e7\u00e3o dos pais de viagem;<\/p>\n<p style=\"text-align: justify;\">(E) irregular, pois a adolescente precisa da autoriza\u00e7\u00e3o dos pais para a hospedagem.<\/p>\n<p style=\"text-align: justify;\">Coment\u00e1rios<\/p>\n<p style=\"text-align: justify;\">A viagem em si n\u00e3o \u00e9 irregular, pois com 17 anos, Fernanda n\u00e3o precisa de autoriza\u00e7\u00e3o para viajar. Contudo, o ECA pro\u00edbe a hospedagem de crian\u00e7a ou de adolescente em hotel, sem a autoriza\u00e7\u00e3o ou acompanhamento dos pais ou respons\u00e1veis. Vejamos o art. 82, do ECA:<\/p>\n<blockquote>\n<p style=\"text-align: justify;\">Art. 82. \u00c9 proibida a hospedagem de crian\u00e7a ou adolescente em hotel, motel, pens\u00e3o ou estabelecimento cong\u00eanere, salvo se autorizado ou acompanhado pelos pais ou respons\u00e1vel.<\/p>\n<\/blockquote>\n<p style=\"text-align: justify;\">Desta forma, a hospedagem est\u00e1 irregular e a <strong>alternativa E<\/strong> \u00e9 o gabarito da quest\u00e3o.<\/p>\n<p style=\"text-align: justify;\">&#8212;<\/p>\n<p style=\"text-align: justify;\">Quest\u00e3o 43<\/p>\n<p style=\"text-align: justify;\">Maria, m\u00e3e de Joana, de 17 anos, desaparecida h\u00e1 2 meses, procura o Ju\u00edzo da Inf\u00e2ncia e da Juventude a fim de tentar localizar a filha, na companhia de J\u00falia, 3 anos, sua neta, filha de Joana. Ao ser atendida pelo Oficial da Inf\u00e2ncia e Juventude, descobre que a filha est\u00e1 internada pela pr\u00e1tica de ato infracional.<\/p>\n<p style=\"text-align: justify;\">Na oportunidade, o Oficial da Inf\u00e2ncia e Juventude lhe informa a entidade de interna\u00e7\u00e3o em que a filha est\u00e1 e os direitos dos adolescentes privados de liberdade, destacando-se:<\/p>\n<p style=\"text-align: justify;\">(A) visita \u00edntima entre Joana e J\u00falia;<\/p>\n<p style=\"text-align: justify;\">(B) atendimento em creche e pr\u00e9-escola para J\u00falia;<\/p>\n<p style=\"text-align: justify;\">(C) visitas de Maria, mas n\u00e3o de J\u00falia;<\/p>\n<p style=\"text-align: justify;\">(D) telefonemas di\u00e1rios para J\u00falia;<\/p>\n<p style=\"text-align: justify;\">(E) visitas externas para ver J\u00falia.<\/p>\n<p style=\"text-align: justify;\">Coment\u00e1rios<\/p>\n<p style=\"text-align: justify;\">A <strong>alternativa A <\/strong>est\u00e1 incorreta. O adolescente em cumprimento de medida de interna\u00e7\u00e3o tem direito a receber visitas semanalmente, contudo, n\u00e3o se aplica a visita \u00edntima nesse caso. Vejamos o art. 124, VII:<\/p>\n<blockquote>\n<p style=\"text-align: justify;\">Art. 124. S\u00e3o direitos do adolescente privado de liberdade, entre outros, os seguintes:<\/p>\n<p style=\"text-align: justify;\">VII &#8211; receber visitas, ao menos, semanalmente;<\/p>\n<\/blockquote>\n<p style=\"text-align: justify;\">Ademais, o art. 68, da Lei 12.594\/2012, estabelece a visita \u00edntima. Para isso, necess\u00e1rio que seja c\u00f4njuge ou esteja convivendo, comprovadamente, em uni\u00e3o est\u00e1vel. Contudo, a quest\u00e3o n\u00e3o traz nenhuma indica\u00e7\u00e3o nesse sentido.<\/p>\n<p style=\"text-align: justify;\">A <strong>alternativa B <\/strong>est\u00e1 correta e \u00e9 o gabarito da quest\u00e3o. Estando a m\u00e3e em cumprimento de medida socioeducativa ou n\u00e3o, a crian\u00e7a de zero a cinco anos tem direito ao atendimento em creche e pr\u00e9-escola. Vejamos o art. 54, IV, do ECA:<\/p>\n<blockquote>\n<p style=\"text-align: justify;\">Art. 54. \u00c9 dever do Estado assegurar \u00e0 crian\u00e7a e ao adolescente:<\/p>\n<p style=\"text-align: justify;\">IV \u2013 atendimento em creche e pr\u00e9-escola \u00e0s crian\u00e7as de zero a cinco anos de idade;<\/p>\n<\/blockquote>\n<p style=\"text-align: justify;\">Al\u00e9m da previs\u00e3o gen\u00e9rica do ECA, o art. 49, VIII, da Lei 12.594\/2012, prev\u00ea especificamente o direito ao atendimento em creche e pr\u00e9-escola quando o adolescente internado possuir filhos.<\/p>\n<p style=\"text-align: justify;\">A <strong>alternativa C <\/strong>est\u00e1 incorreta. J\u00falia tamb\u00e9m pode visitar Joana.<\/p>\n<p style=\"text-align: justify;\">A <strong>alternativa D <\/strong>est\u00e1 incorreta, pois n\u00e3o h\u00e1 previs\u00e3o de telefonemas.<\/p>\n<p style=\"text-align: justify;\">Do mesmo modo, a <strong>alternativa E<\/strong> est\u00e1 incorreta, pois embora se permita a visita externa, ela n\u00e3o constitui um direito autom\u00e1tico do adolescente em cumprimento de medida socioeducativa de interna\u00e7\u00e3o, mas depende de cumprimento de metas e da responsabilidade do adolescente,&nbsp; a ser aferida pela equipe t\u00e9cnica da entidade de interna\u00e7\u00e3o.<\/p>\n<p style=\"text-align: justify;\">&#8212;<\/p>\n<p style=\"text-align: justify;\">Quest\u00e3o 44<\/p>\n<p style=\"text-align: justify;\">Marcelo e M\u00e1rcio vivem em uni\u00e3o est\u00e1vel e decidem adotar uma crian\u00e7a. Para tanto, encaminham-se at\u00e9 o Ju\u00edzo da Inf\u00e2ncia e da Juventude, recebendo do Oficial da Inf\u00e2ncia e Juventude a seguinte orienta\u00e7\u00e3o sobre a habilita\u00e7\u00e3o de pretendentes \u00e0 ado\u00e7\u00e3o prevista no ECA:<\/p>\n<p style=\"text-align: justify;\">(A) somente ser\u00e3o habilitados para ado\u00e7\u00e3o de crian\u00e7a ou adolescente com defici\u00eancia ou doen\u00e7a cr\u00f4nica;<\/p>\n<p style=\"text-align: justify;\">(B) um se habilita e, ap\u00f3s a ado\u00e7\u00e3o, o outro ingressa com pedido de ado\u00e7\u00e3o unilateral;<\/p>\n<p style=\"text-align: justify;\">(C) \u00e9 vedada a ado\u00e7\u00e3o conjunta por pessoas que vivem em uni\u00e3o homoafetiva;<\/p>\n<p style=\"text-align: justify;\">(D) n\u00e3o poder\u00e3o se habilitar, pois apenas os casados podem adotar conjuntamente;<\/p>\n<p style=\"text-align: justify;\">(E) ter\u00e3o prioridade no cadastro, caso desejem adotar crian\u00e7a ou adolescente com defici\u00eancia ou doen\u00e7a cr\u00f4nica.<\/p>\n<p style=\"text-align: justify;\">Coment\u00e1rios<\/p>\n<p style=\"text-align: justify;\">A <strong>alternativa E<\/strong> est\u00e1 correta e \u00e9 o gabarito da quest\u00e3o, com base no art. 47, \u00a7 9\u00ba, do ECA:<\/p>\n<blockquote>\n<p style=\"text-align: justify;\">\u00a7 9\u00ba Ter\u00e3o prioridade de tramita\u00e7\u00e3o os processos de ado\u00e7\u00e3o em que o adotando for crian\u00e7a ou adolescente com defici\u00eancia ou com doen\u00e7a cr\u00f4nica.<\/p>\n<\/blockquote>\n<p style=\"text-align: justify;\">As demais alternativas est\u00e3o incorretas.<\/p>\n<p style=\"text-align: justify;\">&#8211; A ado\u00e7\u00e3o de crian\u00e7a ou adolescente com defici\u00eancia ou doen\u00e7a grave n\u00e3o pode ser uma imposi\u00e7\u00e3o.<\/p>\n<p style=\"text-align: justify;\">&#8211; O processo de ado\u00e7\u00e3o \u00e9 movido por ambos os adotantes, conjuntamente.<\/p>\n<p style=\"text-align: justify;\">&#8211; \u00e9 permitida a ado\u00e7\u00e3o por casais que vivem em uni\u00e3o homoafetiva no Brasil.<\/p>\n<p style=\"text-align: justify;\">&#8211; O casamento n\u00e3o \u00e9 obrigatoriedade para a ado\u00e7\u00e3o.<\/p>\n<p style=\"text-align: justify;\">&#8212;<\/p>\n<p style=\"text-align: justify;\"><strong>Estatuto do Idoso<\/strong><\/p>\n<p style=\"text-align: justify;\">Quest\u00e3o 45<\/p>\n<p style=\"text-align: justify;\">Servidor efetivo da Justi\u00e7a, ao fiscalizar entidade de atendimento de longa perman\u00eancia, encontra v\u00e1rios idosos sem a formaliza\u00e7\u00e3o de contrato escrito de presta\u00e7\u00e3o de servi\u00e7o com a institui\u00e7\u00e3o.<\/p>\n<p style=\"text-align: justify;\">Considerando os termos do Estatuto do Idoso, o servidor dever\u00e1:<\/p>\n<p style=\"text-align: justify;\">(A) lavrar auto de infra\u00e7\u00e3o;<\/p>\n<p style=\"text-align: justify;\">(B) relatar o ocorrido ao Ju\u00edzo competente;<\/p>\n<p style=\"text-align: justify;\">(C) comunicar o fato ao Minist\u00e9rio P\u00fablico;<\/p>\n<p style=\"text-align: justify;\">(D) efetuar a transfer\u00eancia dos idosos para outra institui\u00e7\u00e3o;<\/p>\n<p style=\"text-align: justify;\">(E) peticionar ao Ju\u00edzo para apura\u00e7\u00e3o da irregularidade na entidade.<\/p>\n<p style=\"text-align: justify;\">Coment\u00e1rios<\/p>\n<p style=\"text-align: justify;\">Vejamos, inicialmente, o art. 35 do estatuto do idoso:<\/p>\n<blockquote>\n<p style=\"text-align: justify;\">Art. 35. Todas as entidades de longa perman\u00eancia, ou casa-lar, s\u00e3o obrigadas a firmar contrato de presta\u00e7\u00e3o de servi\u00e7os com a pessoa idosa abrigada.<\/p>\n<\/blockquote>\n<p style=\"text-align: justify;\">Vejamos, ainda, o art. 50, I:<\/p>\n<blockquote>\n<p style=\"text-align: justify;\">Art. 50. Constituem obriga\u00e7\u00f5es das entidades de atendimento:<\/p>\n<p style=\"text-align: justify;\">I \u2013 celebrar contrato escrito de presta\u00e7\u00e3o de servi\u00e7o com o idoso, especificando o tipo de atendimento, as obriga\u00e7\u00f5es da entidade e presta\u00e7\u00f5es decorrentes do contrato, com os respectivos pre\u00e7os, se for o caso;<\/p>\n<\/blockquote>\n<p style=\"text-align: justify;\">A falta de contrato \u00e9 uma infra\u00e7\u00e3o administrativa prevista no art. 56, do estatuto do Idoso:<\/p>\n<blockquote>\n<p style=\"text-align: justify;\">Art. 56. Deixar a entidade de atendimento de cumprir as determina\u00e7\u00f5es do art. 50 desta Lei:<\/p>\n<p style=\"text-align: justify;\">Pena \u2013 multa de R$ 500,00 (quinhentos reais) a R$ 3.000,00 (tr\u00eas mil reais), se o fato n\u00e3o for caracterizado como crime, podendo haver a interdi\u00e7\u00e3o do estabelecimento at\u00e9 que sejam cumpridas as exig\u00eancias legais.<\/p>\n<p style=\"text-align: justify;\">Par\u00e1grafo \u00fanico. No caso de interdi\u00e7\u00e3o do estabelecimento de longa perman\u00eancia, os idosos abrigados ser\u00e3o transferidos para outra institui\u00e7\u00e3o, a expensas do estabelecimento interditado, enquanto durar a interdi\u00e7\u00e3o.<\/p>\n<\/blockquote>\n<p style=\"text-align: justify;\">Assim, o Oficial dever\u00e1 lavrar o auto de infra\u00e7\u00e3o, de modo que a <strong>alternativa A<\/strong> est\u00e1 correta e \u00e9 o gabarito da quest\u00e3o.<\/p>\n<p style=\"text-align: justify;\">&#8212;<\/p>\n<p style=\"text-align: justify;\">Quest\u00e3o 46<\/p>\n<p style=\"text-align: justify;\">Diretor de entidade que desenvolve programa de institucionaliza\u00e7\u00e3o de longa perman\u00eancia veda a estadia de um idoso na casa, em raz\u00e3o de o anci\u00e3o se negar a outorgar-lhe procura\u00e7\u00e3o.<\/p>\n<p style=\"text-align: justify;\">De acordo com o Estatuto do Idoso, tal conduta poder\u00e1 ensejar:<\/p>\n<p style=\"text-align: justify;\">(A) responsabiliza\u00e7\u00e3o administrativa;<\/p>\n<p style=\"text-align: justify;\">(B) instaura\u00e7\u00e3o de inqu\u00e9rito civil;<\/p>\n<p style=\"text-align: justify;\">(C) apura\u00e7\u00e3o de irregularidade em entidade de atendimento;<\/p>\n<p style=\"text-align: justify;\">(D) responsabiliza\u00e7\u00e3o criminal;<\/p>\n<p style=\"text-align: justify;\">(E) ajuizamento de a\u00e7\u00e3o civil p\u00fablica.<\/p>\n<p style=\"text-align: justify;\">Coment\u00e1rios<\/p>\n<p style=\"text-align: justify;\">O enunciado da quest\u00e3o traz uma situa\u00e7\u00e3o de pr\u00e1tica de crime. Vejamos o art. 103, do Estatuto do Idoso:<\/p>\n<blockquote>\n<p style=\"text-align: justify;\">Art. 103. Negar o acolhimento ou a perman\u00eancia do idoso, como abrigado, por recusa deste em outorgar procura\u00e7\u00e3o \u00e0 entidade de atendimento:<\/p>\n<p style=\"text-align: justify;\">Pena \u2013 deten\u00e7\u00e3o de 6 (seis) meses a 1 (um) ano e multa.<\/p>\n<\/blockquote>\n<p style=\"text-align: justify;\">Portanto, a <strong>alternativa D <\/strong>est\u00e1 correta e \u00e9 o gabarito da quest\u00e3o.<\/p>\n<p style=\"text-align: justify;\">&#8212;<\/p>\n<p style=\"text-align: justify;\"><strong>Direito Processual Civil<\/strong><\/p>\n<p style=\"text-align: justify;\">Quest\u00e3o 59<\/p>\n<p style=\"text-align: justify;\">S\u00e3o elementos da a\u00e7\u00e3o:<\/p>\n<p style=\"text-align: justify;\">(A) partes, juiz e demanda;<\/p>\n<p style=\"text-align: justify;\">(B) juiz, processo e demanda;<\/p>\n<p style=\"text-align: justify;\">(C) jurisdi\u00e7\u00e3o, processo e pedido;<\/p>\n<p style=\"text-align: justify;\">(D) partes, pedido e causa de pedir;<\/p>\n<p style=\"text-align: justify;\">(E) jurisdi\u00e7\u00e3o, causa de pedir e partes.<\/p>\n<p style=\"text-align: justify;\">Coment\u00e1rios<\/p>\n<p style=\"text-align: justify;\">S\u00e3o elementos da a\u00e7\u00e3o: parte, pedido e causa de pedir.<\/p>\n<p style=\"text-align: justify;\">Em rela\u00e7\u00e3o \u00e0s partes, lembre-se que elas se distinguem em parte processual e parte material:<\/p>\n<ul>\n<li style=\"text-align: justify;\">Parte processual: aquela que est\u00e1 em uma rela\u00e7\u00e3o jur\u00eddica processual, que exerce o contradit\u00f3rio, atua com parcialidade e pode sofrer consequ\u00eancias com a decis\u00e3o.<\/li>\n<li style=\"text-align: justify;\">Parte material: \u00e9 o sujeito da rela\u00e7\u00e3o jur\u00eddica discutida em Ju\u00edzo, podendo (legitima\u00e7\u00e3o ordin\u00e1ria) ou n\u00e3o (legitima\u00e7\u00e3o extraordin\u00e1ria) ser parte processual.<\/li>\n<\/ul>\n<p style=\"text-align: justify;\">A causa de pedir \u00e9, por sua vez, distinta em causa de pedir remota e pr\u00f3xima:<\/p>\n<ul>\n<li style=\"text-align: justify;\">causa de pedir remota (ou f\u00e1tica)- constitui a descri\u00e7\u00e3o do fato que deu origem a lide<\/li>\n<li style=\"text-align: justify;\">causa de pedir pr\u00f3xima (ou jur\u00eddica) &#8211; \u00e9 o pr\u00f3prio direito, aplicado a partir da descri\u00e7\u00e3o f\u00e1tica. Envolve a concretiza\u00e7\u00e3o da norma, conferindo subst\u00e2ncia ao pedido do autor<\/li>\n<\/ul>\n<p style=\"text-align: justify;\">Por fim, o pedido corresponde ao objeto da a\u00e7\u00e3o, consiste na pretens\u00e3o do autor que \u00e9 levada ao Estado-Juiz, que ir\u00e1 prestar a tutela jurisdicional sobre essa pretens\u00e3o. Distingue-se em:<\/p>\n<ul>\n<li style=\"text-align: justify;\">pedido imediato: a) aspecto processual; b) esp\u00e9cie de tutela jurisdicional.<\/li>\n<li style=\"text-align: justify;\">pedido mediato: a) aspecto material; b) bem da vida<\/li>\n<\/ul>\n<p style=\"text-align: justify;\">Logo, a <strong>alternativa D<\/strong> \u00e9 a correta e gabarito da quest\u00e3o.<\/p>\n<p style=\"text-align: justify;\">Quest\u00e3o 60<\/p>\n<p style=\"text-align: justify;\">Tendo apurado que uma crian\u00e7a de 5 anos de idade vem sendo v\u00edtima de crimes sexuais reiteradamente praticados pelo pai, e que, por sua vez, a m\u00e3e havia abandonado o lar, o Minist\u00e9rio P\u00fablico ajuizou a\u00e7\u00e3o de perda do poder familiar em face de ambos os genitores.<\/p>\n<p style=\"text-align: justify;\">Nesse caso, est\u00e1-se diante de um litiscons\u00f3rcio:<\/p>\n<p style=\"text-align: justify;\">(A) ativo, necess\u00e1rio e unit\u00e1rio;<\/p>\n<p style=\"text-align: justify;\">(B) ativo, facultativo e unit\u00e1rio;<\/p>\n<p style=\"text-align: justify;\">(C) passivo, facultativo e unit\u00e1rio;<\/p>\n<p style=\"text-align: justify;\">(D) passivo, necess\u00e1rio e simples;<\/p>\n<p style=\"text-align: justify;\">(E) passivo, facultativo e simples.<\/p>\n<p style=\"text-align: justify;\">Coment\u00e1rios<\/p>\n<p style=\"text-align: justify;\">Na quest\u00e3o em tela, o litiscons\u00f3rcio \u00e9 passivo, pois se trata de r\u00e9us da a\u00e7\u00e3o. Al\u00e9m disso, a a\u00e7\u00e3o poder\u00e1 ser movida contra um ou outro pai independentemente, portanto, o litiscons\u00f3rcio \u00e9 facultativo.<br \/>\nPor fim, se trata de litiscons\u00f3rcio passivo, facultativo e simples, porque a destitui\u00e7\u00e3o do poder familiar poder\u00e1 ocorrer contra um e n\u00e3o contra o outro genitor.<\/p>\n<p style=\"text-align: justify;\">Logo, a <strong>alternativa E<\/strong> \u00e9 a correta e gabarito da quest\u00e3o.<\/p>\n<p>&#8212;<\/p>\n<p style=\"text-align: justify;\">Quest\u00e3o 61<\/p>\n<p style=\"text-align: justify;\">No que concerne \u00e0 gratuidade de justi\u00e7a, \u00e9 correto afirmar que:<\/p>\n<p style=\"text-align: justify;\">(A) s\u00f3 pode ser deferida ao litigante cuja causa seja patrocinada pela Defensoria P\u00fablica;<\/p>\n<p style=\"text-align: justify;\">(B) a decis\u00e3o que a indeferir \u00e9 pass\u00edvel de impugna\u00e7\u00e3o por via recursal;<\/p>\n<p style=\"text-align: justify;\">(C) compreende as multas impostas ao benefici\u00e1rio em raz\u00e3o do cometimento de atos caracterizadores de litig\u00e2ncia de m\u00e1-f\u00e9;<\/p>\n<p style=\"text-align: justify;\">(D) isenta o benefici\u00e1rio da obriga\u00e7\u00e3o de pagar os honor\u00e1rios advocat\u00edcios decorrentes de sua sucumb\u00eancia;<\/p>\n<p style=\"text-align: justify;\">(E) deve ser requerida em peti\u00e7\u00e3o aut\u00f4noma, instru\u00edda com os documentos que comprovem a insufici\u00eancia de recursos.<\/p>\n<p style=\"text-align: justify;\">Coment\u00e1rios<\/p>\n<p style=\"text-align: justify;\">A <strong>alternativa A <\/strong>est\u00e1 incorreta. A Lei exige apenas a insufici\u00eancia de recursos para pagar as custas e n\u00e3o o patroc\u00ednio da causa pela Defensoria ou advogado dativo. Vejamos o art. 98, do NCPC:<\/p>\n<blockquote>\n<p style=\"text-align: justify;\">Art. 98.&nbsp; A pessoa natural ou jur\u00eddica, brasileira ou estrangeira, com insufici\u00eancia de recursos para pagar as custas, as despesas processuais e os honor\u00e1rios advocat\u00edcios tem direito \u00e0 gratuidade da justi\u00e7a, na forma da lei.<\/p>\n<\/blockquote>\n<p style=\"text-align: justify;\">A <strong>alternativa B<\/strong> est\u00e1 correta e \u00e9 o gabarito da quest\u00e3o. Contra a decis\u00e3o que indefere a gratuidade cabe agravo de instrumento. Vejamos o art. 101, do NCPC:<\/p>\n<blockquote>\n<p style=\"text-align: justify;\">Art. 101.&nbsp; Contra a decis\u00e3o que indeferir a gratuidade ou a que acolher pedido de sua revoga\u00e7\u00e3o caber\u00e1 agravo de instrumento, exceto quando a quest\u00e3o for resolvida na senten\u00e7a, contra a qual caber\u00e1 apela\u00e7\u00e3o.<\/p>\n<\/blockquote>\n<p style=\"text-align: justify;\">A <strong>alternativa C<\/strong> est\u00e1 incorreta. Vejamos o \u00a7 4\u00ba, do art. 98:<\/p>\n<blockquote>\n<p style=\"text-align: justify;\">\u00a7 4o A concess\u00e3o de gratuidade n\u00e3o afasta o dever de o benefici\u00e1rio pagar, ao final, as multas processuais que lhe sejam impostas.<\/p>\n<\/blockquote>\n<p style=\"text-align: justify;\">A <strong>alternativa D<\/strong> est\u00e1 incorreta, conforme prev\u00ea o \u00a7 2\u00ba, do art. 98, do NCPC:<\/p>\n<blockquote>\n<p style=\"text-align: justify;\">\u00a7 2o A concess\u00e3o de gratuidade n\u00e3o afasta a responsabilidade do benefici\u00e1rio pelas despesas processuais e pelos honor\u00e1rios advocat\u00edcios decorrentes de sua sucumb\u00eancia.<\/p>\n<\/blockquote>\n<p style=\"text-align: justify;\">A <strong>alternativa E<\/strong> est\u00e1 incorreta, com base no art. 99, do NCPC:<\/p>\n<blockquote>\n<p style=\"text-align: justify;\">Art. 99.&nbsp; O pedido de gratuidade da justi\u00e7a pode ser formulado na peti\u00e7\u00e3o inicial, na contesta\u00e7\u00e3o, na peti\u00e7\u00e3o para ingresso de terceiro no processo ou em recurso.<\/p>\n<\/blockquote>\n<p style=\"text-align: justify;\">&#8212;<\/p>\n<p style=\"text-align: justify;\">Quest\u00e3o 62<\/p>\n<p style=\"text-align: justify;\">Na prote\u00e7\u00e3o integral e priorit\u00e1ria \u00e0 crian\u00e7a e ao adolescente, prevista na Lei n\u00ba 8.069\/90, o Minist\u00e9rio P\u00fablico, ap\u00f3s receber relat\u00f3rio da autoridade competente afirmando a impossibilidade de reintegra\u00e7\u00e3o familiar de um menor, ingressou com a\u00e7\u00e3o de destitui\u00e7\u00e3o do poder familiar. O pedido foi julgado improcedente.<\/p>\n<p style=\"text-align: justify;\">Para interpor o recurso de apela\u00e7\u00e3o, o Minist\u00e9rio P\u00fablico dever\u00e1 observar o prazo de:<\/p>\n<p style=\"text-align: justify;\">(A) 30 dias \u00fateis, aplicando-se a prerrogativa do prazo em dobro;<\/p>\n<p style=\"text-align: justify;\">(B) 15 dias corridos, n\u00e3o se aplicando a prerrogativa de prazo em dobro;<\/p>\n<p style=\"text-align: justify;\">(C) 20 dias \u00fateis, aplicando-se a prerrogativa do prazo em dobro;<\/p>\n<p style=\"text-align: justify;\">(D) 10 dias \u00fateis, n\u00e3o se aplicando a prerrogativa de prazo em dobro;<\/p>\n<p style=\"text-align: justify;\">(E) 10 dias corridos, n\u00e3o se aplicando a prerrogativa de prazo em dobro.<\/p>\n<p style=\"text-align: justify;\">Coment\u00e1rios<\/p>\n<p style=\"text-align: justify;\">Vejamos, inicialmente, o art. 198, que trata do prazo recursal proposto pelo MP:<\/p>\n<blockquote>\n<p style=\"text-align: justify;\">Art. 198.&nbsp; Nos procedimentos afetos \u00e0 Justi\u00e7a da Inf\u00e2ncia e da Juventude, inclusive os relativos \u00e0 execu\u00e7\u00e3o das medidas socioeducativas, adotar-se-\u00e1 o sistema recursal da Lei no 5.869, de 11 de janeiro de 1973 (C\u00f3digo de Processo Civil), com as seguintes adapta\u00e7\u00f5es:<\/p>\n<p style=\"text-align: justify;\">II &#8211; em todos os recursos, salvo nos embargos de declara\u00e7\u00e3o, o prazo para o Minist\u00e9rio P\u00fablico e para a defesa ser\u00e1 sempre de 10 (dez) dias;<\/p>\n<\/blockquote>\n<p style=\"text-align: justify;\">De acordo com o art. 152, do ECA, os prazos s\u00e3o contados em dias corridos:<\/p>\n<blockquote>\n<p style=\"text-align: justify;\">\u00a7 2\u00ba Os prazos estabelecidos nesta Lei e aplic\u00e1veis aos seus procedimentos s\u00e3o contados em dias corridos, exclu\u00eddo o dia do come\u00e7o e inclu\u00eddo o dia do vencimento, vedado o prazo em dobro para a Fazenda P\u00fablica e o Minist\u00e9rio P\u00fablico.<\/p>\n<\/blockquote>\n<p style=\"text-align: justify;\">Dessa forma, a <strong>alternativa E <\/strong>est\u00e1 correta e \u00e9 o gabarito da quest\u00e3o.<\/p>\n<p style=\"text-align: justify;\">&#8212;<\/p>\n<p style=\"text-align: justify;\">Quest\u00e3o 63<\/p>\n<p style=\"text-align: justify;\">Joana, av\u00f3 paterna, tem a guarda de fato de seu neto Lucas desde que ele nasceu. O menor tem hoje 7 anos de idade. A genitora faleceu no parto e \u00e9 desconhecido o paradeiro do genitor. Havendo necessidade de matricular o infante em estabelecimento de ensino, foi exigido da av\u00f3 Joana que apresentasse a certid\u00e3o de guarda do menor.<\/p>\n<p style=\"text-align: justify;\">Para tanto, a av\u00f3 procurou a Defensoria P\u00fablica, que pode:<\/p>\n<p style=\"text-align: justify;\">(A) ajuizar a\u00e7\u00e3o de guarda, e requerer, em tutela de urg\u00eancia, a busca e apreens\u00e3o do menor, de natureza satisfativa, em car\u00e1ter incidental;<\/p>\n<p style=\"text-align: justify;\">(B) ajuizar a\u00e7\u00e3o de guarda, e requerer, em tutela de evid\u00eancia, a guarda provis\u00f3ria, de natureza antecipada, em car\u00e1ter antecedente ou incidental;<\/p>\n<p style=\"text-align: justify;\">(C) ajuizar a\u00e7\u00e3o de guarda, e requerer, em tutela de urg\u00eancia, a guarda provis\u00f3ria, de natureza antecipada, em car\u00e1ter antecedente ou incidental;<\/p>\n<p style=\"text-align: justify;\">(D) encaminhar os autos ao Minist\u00e9rio P\u00fablico para que esse aju\u00edze a\u00e7\u00e3o de guarda para a av\u00f3, uma vez que ela n\u00e3o pode ser parte leg\u00edtima em a\u00e7\u00e3o de guarda do neto;<\/p>\n<p style=\"text-align: justify;\">(E) encaminhar os autos ao Minist\u00e9rio P\u00fablico para que esse represente o menor e proponha a a\u00e7\u00e3o de guarda, em nome pr\u00f3prio, na defesa dos interesses do menor.<\/p>\n<p style=\"text-align: justify;\">Coment\u00e1rios<\/p>\n<p style=\"text-align: justify;\">No presente caso deve ser ajuizada a a\u00e7\u00e3o de guarda. Devido \u00e0 urg\u00eancia em matricular a crian\u00e7a no ensino regular, pode ser requerida a tutela de urg\u00eancia, prevista do art. 300, do NCPC:<\/p>\n<blockquote>\n<p style=\"text-align: justify;\">Art. 300.&nbsp; A tutela de urg\u00eancia ser\u00e1 concedida quando houver elementos que evidenciem a probabilidade do direito e o perigo de dano ou o risco ao resultado \u00fatil do processo.<\/p>\n<\/blockquote>\n<p style=\"text-align: justify;\">No caso, trata-se de tutela de urg\u00eancia de natural antecipada, que visa obter a presta\u00e7\u00e3o jurisdicional de forma antecipada antes as circunst\u00e2ncias, n\u00e3o sendo indicado aguardar o \u00f4nus do tempo do processo.<\/p>\n<p style=\"text-align: justify;\">Portanto, a <strong>alternativa C <\/strong>est\u00e1 correta e \u00e9 o gabarito da quest\u00e3o.<\/p>\n<p style=\"text-align: justify;\">&#8212;<\/p>\n<p style=\"text-align: justify;\">Quest\u00e3o 64<\/p>\n<p style=\"text-align: justify;\">Os adolescentes Jos\u00e9, Marcelo e Vitor s\u00e3o apreendidos por autoridade policial quando consumiam cerveja, vodca e gim, respectivamente, em frente a um bar de grande movimenta\u00e7\u00e3o. Indagados sobre como tiveram acesso \u00e0s bebidas, responderam: Jos\u00e9 comprou a cerveja diretamente no bar; Marcelo recebeu as doses de vodca gratuitamente do gar\u00e7om, que \u00e9 seu amigo; e Vitor ganhou a garrafa de gim de presente do pai.<\/p>\n<p style=\"text-align: justify;\">Diante das informa\u00e7\u00f5es prestadas pelos adolescentes, \u00e0 luz do ECA, as condutas do dono do bar, do gar\u00e7om e do pai de V\u00edtor, configuram, respectivamente:<\/p>\n<p style=\"text-align: justify;\">(A) crime; infra\u00e7\u00e3o administrativa; e crime;<\/p>\n<p style=\"text-align: justify;\">(B) crime, infra\u00e7\u00e3o administrativa; e infra\u00e7\u00e3o c\u00edvel;<\/p>\n<p style=\"text-align: justify;\">(C) crime; crime; e crime;<\/p>\n<p style=\"text-align: justify;\">(D) crime; crime; e infra\u00e7\u00e3o c\u00edvel;<\/p>\n<p style=\"text-align: justify;\">(E) crime; fato at\u00edpico; e infra\u00e7\u00e3o c\u00edvel.<\/p>\n<p style=\"text-align: justify;\">Coment\u00e1rios<\/p>\n<p style=\"text-align: justify;\">Os tr\u00eas atos correspondem ao mesmo crime previsto no art. 243, do ECA.<\/p>\n<blockquote>\n<p style=\"text-align: justify;\">Art. 243.&nbsp; Vender, fornecer, servir, ministrar ou entregar, ainda que gratuitamente, de qualquer forma, a crian\u00e7a ou a adolescente, bebida alco\u00f3lica ou, sem justa causa, outros produtos cujos componentes possam causar depend\u00eancia f\u00edsica ou ps\u00edquica:<\/p>\n<p style=\"text-align: justify;\">Pena &#8211; deten\u00e7\u00e3o de 2 (dois) a 4 (quatro) anos, e multa, se o fato n\u00e3o constitui crime mais grave.<\/p>\n<\/blockquote>\n<p style=\"text-align: justify;\">Observe que o ato de vender, servir ou entregar s\u00e3o todas condutas previstas no tipo penal.<\/p>\n<p style=\"text-align: justify;\">Desse modo, a <strong>alternativa C <\/strong>est\u00e1 correta e \u00e9 o gabarito da quest\u00e3o.<\/p>\n<p style=\"text-align: justify;\">&#8212;<\/p>\n<p style=\"text-align: justify;\">Quest\u00e3o 65<\/p>\n<p style=\"text-align: justify;\">Jorge, 18 anos, grava dois filmes com sua namorada, J\u00falia, de 17 anos. O primeiro, com cenas pornogr\u00e1ficas da adolescente, e o segundo, com cenas de sexo expl\u00edcito em que ele participa, ambos com o consentimento dela. Passados quatro meses da grava\u00e7\u00e3o, o relacionamento termina e Jorge mant\u00e9m os v\u00eddeos armazenados em seu aparelho celular. Ayrton, primo de Jorge, pega o telefone e transmite o v\u00eddeo com as cenas pornogr\u00e1ficas da adolescente para Jean, que, ao abri-lo, apaga o conte\u00fado imediatamente de seu telefone.<\/p>\n<p style=\"text-align: justify;\">De acordo com os dados do problema e os crimes previstos no Estatuto da Crian\u00e7a e do Adolescente, \u00e9 correto afirmar que:<\/p>\n<p style=\"text-align: justify;\">(A) Jorge n\u00e3o praticou crime, j\u00e1 que o v\u00eddeo foi consentido;<\/p>\n<p style=\"text-align: justify;\">(B) Jean praticou crime, pois chegou a abrir o v\u00eddeo;<\/p>\n<p style=\"text-align: justify;\">(C) Ayrton n\u00e3o praticou crime, pois as cenas eram pornogr\u00e1ficas, e n\u00e3o de sexo expl\u00edcito;<\/p>\n<p style=\"text-align: justify;\">(D) Jorge praticou crime, quando fez o v\u00eddeo;<\/p>\n<p style=\"text-align: justify;\">(E) Ayrton n\u00e3o praticou crime, porque n\u00e3o vendeu o v\u00eddeo.<\/p>\n<p style=\"text-align: justify;\">Coment\u00e1rios<\/p>\n<p style=\"text-align: justify;\">No presente caso, Ayrton e Jorge cometeram o crime previsto no art. 241-A, do ECA. Apenas Jean n\u00e3o cometeu crime.<\/p>\n<blockquote>\n<p style=\"text-align: justify;\">Art. 241-A.&nbsp; <strong>Oferecer<\/strong>, trocar, disponibilizar, <strong>transmitir<\/strong>, <strong>distribuir<\/strong>, publicar ou <strong>divulgar<\/strong> por qualquer meio, inclusive por meio de sistema de inform\u00e1tica ou telem\u00e1tico, fotografia, <strong>v\u00eddeo<\/strong> ou outro registro q<u>ue contenha cena de sexo expl\u00edcito ou pornogr\u00e1fica envolvendo crian\u00e7a ou adolescente<\/u>:<\/p>\n<\/blockquote>\n<p style=\"text-align: justify;\">Pena \u2013 reclus\u00e3o, de 3 (tr\u00eas) a 6 (seis) anos, e multa.<\/p>\n<p style=\"text-align: justify;\">Assim, diante das alternativas apresentadas, a <strong>alternativa D<\/strong> est\u00e1 correta e \u00e9 o gabarito da quest\u00e3o.<\/p>\n<p style=\"text-align: justify;\">&#8212;<\/p>\n<p style=\"text-align: justify;\">\u00c9 isso. Bons estudos!<\/p>\n","protected":false},"excerpt":{"rendered":"<p>Ol\u00e1! Analisamos as quest\u00f5es de Direito da Crian\u00e7a e do Adolescente, Direitos dos Idosos e Direito Processual Civil, aplicadas na prova do TJ-SC &#8211; Oficial de Inf\u00e2ncia e Juventude. Caso voc\u00ea fique em d\u00favida, por favor, no contate: SITE:&nbsp;https:\/\/sites.google.com\/prod\/view\/proftorques INSTAGRAM:&nbsp;https:\/\/www.instagram.com\/proftorques\/ FACEBOOK:&nbsp;https:\/\/www.facebook.com\/dpcparaconcursos\/ E-MAIL:&nbsp;rst.estrategia@gmail.com Vamos \u00e0s quest\u00f5es! Direito da Crian\u00e7a e do Adolescente Quest\u00e3o 31 Oficial da [&hellip;]<\/p>\n","protected":false},"author":180,"featured_media":0,"comment_status":"open","ping_status":"closed","sticky":false,"template":"","format":"standard","meta":{"post_tipo":"article","footnotes":""},"categories":[1],"tags":[1020,9068,313,591],"tax_estado":[],"class_list":["post-132768","post","type-post","status-publish","format-standard","hentry","category-cursos-e-concursos","tag-comentada","tag-oficial-de-infancia-e-juventude","tag-prova","tag-tj-sc"],"acf":[],"yoast_head":"<!-- This site is optimized with the Yoast SEO Premium plugin v27.2 (Yoast SEO v27.2) - https:\/\/yoast.com\/product\/yoast-seo-premium-wordpress\/ -->\n<title>Coment\u00e1rios \u00e0 prova do TJ-SC - Oficial de Inf\u00e2ncia e Juventude<\/title>\n<meta name=\"robots\" content=\"index, follow, max-snippet:-1, max-image-preview:large, max-video-preview:-1\" \/>\n<link rel=\"canonical\" href=\"https:\/\/www.estrategiaconcursos.com.br\/blog\/comentarios-a-prova-do-tj-sc-oficial-de-infancia-e-juventude\/\" \/>\n<meta property=\"og:locale\" content=\"pt_BR\" \/>\n<meta property=\"og:type\" content=\"article\" \/>\n<meta property=\"og:title\" content=\"Coment\u00e1rios \u00e0 prova do TJ-SC - Oficial de Inf\u00e2ncia e Juventude\" \/>\n<meta property=\"og:description\" content=\"Ol\u00e1! Analisamos as quest\u00f5es de Direito da Crian\u00e7a e do Adolescente, Direitos dos Idosos e Direito Processual Civil, aplicadas na prova do TJ-SC &#8211; Oficial de Inf\u00e2ncia e Juventude. Caso voc\u00ea fique em d\u00favida, por favor, no contate: SITE:&nbsp;https:\/\/sites.google.com\/prod\/view\/proftorques INSTAGRAM:&nbsp;https:\/\/www.instagram.com\/proftorques\/ FACEBOOK:&nbsp;https:\/\/www.facebook.com\/dpcparaconcursos\/ E-MAIL:&nbsp;rst.estrategia@gmail.com Vamos \u00e0s quest\u00f5es! Direito da Crian\u00e7a e do Adolescente Quest\u00e3o 31 Oficial da [&hellip;]\" \/>\n<meta property=\"og:url\" content=\"https:\/\/www.estrategiaconcursos.com.br\/blog\/comentarios-a-prova-do-tj-sc-oficial-de-infancia-e-juventude\/\" \/>\n<meta property=\"og:site_name\" content=\"Estrat\u00e9gia Concursos\" \/>\n<meta property=\"article:author\" content=\"https:\/\/www.facebook.com\/ricardo.s.torques\" \/>\n<meta property=\"article:published_time\" content=\"2018-07-25T16:48:56+00:00\" \/>\n<meta property=\"article:modified_time\" content=\"2020-09-09T18:29:03+00:00\" \/>\n<meta name=\"author\" content=\"Ricardo Torques\" \/>\n<meta name=\"twitter:card\" content=\"summary_large_image\" \/>\n<meta name=\"twitter:creator\" content=\"@EstratConcursos\" \/>\n<meta name=\"twitter:site\" content=\"@EstratConcursos\" \/>\n<meta name=\"twitter:label1\" content=\"Escrito por\" \/>\n\t<meta name=\"twitter:data1\" content=\"Ricardo Torques\" \/>\n\t<meta name=\"twitter:label2\" content=\"Est. tempo de leitura\" \/>\n\t<meta name=\"twitter:data2\" content=\"32 minutos\" \/>\n<script type=\"application\/ld+json\" class=\"yoast-schema-graph\">{\"@context\":\"https:\/\/schema.org\",\"@graph\":[{\"@type\":\"NewsArticle\",\"@id\":\"https:\/\/www.estrategiaconcursos.com.br\/blog\/comentarios-a-prova-do-tj-sc-oficial-de-infancia-e-juventude\/#article\",\"isPartOf\":{\"@id\":\"https:\/\/www.estrategiaconcursos.com.br\/blog\/comentarios-a-prova-do-tj-sc-oficial-de-infancia-e-juventude\/\"},\"author\":{\"name\":\"Ricardo Torques\",\"@id\":\"https:\/\/www.estrategiaconcursos.com.br\/blog\/#\/schema\/person\/aa39cf5ddb518e5bdce27c35788405e2\"},\"headline\":\"Coment\u00e1rios \u00e0 prova do TJ-SC &#8211; Oficial de Inf\u00e2ncia e Juventude\",\"datePublished\":\"2018-07-25T16:48:56+00:00\",\"dateModified\":\"2020-09-09T18:29:03+00:00\",\"mainEntityOfPage\":{\"@id\":\"https:\/\/www.estrategiaconcursos.com.br\/blog\/comentarios-a-prova-do-tj-sc-oficial-de-infancia-e-juventude\/\"},\"wordCount\":6432,\"commentCount\":0,\"publisher\":{\"@id\":\"https:\/\/www.estrategiaconcursos.com.br\/blog\/#organization\"},\"keywords\":[\"comentada\",\"Oficial de Inf\u00e2ncia e Juventude\",\"prova\",\"TJ-SC\"],\"articleSection\":[\"Concursos P\u00fablicos\"],\"inLanguage\":\"pt-BR\",\"potentialAction\":[{\"@type\":\"CommentAction\",\"name\":\"Comment\",\"target\":[\"https:\/\/www.estrategiaconcursos.com.br\/blog\/comentarios-a-prova-do-tj-sc-oficial-de-infancia-e-juventude\/#respond\"]}],\"copyrightYear\":\"2018\",\"copyrightHolder\":{\"@id\":\"https:\/\/www.estrategiaconcursos.com.br\/blog\/#organization\"}},{\"@type\":\"WebPage\",\"@id\":\"https:\/\/www.estrategiaconcursos.com.br\/blog\/comentarios-a-prova-do-tj-sc-oficial-de-infancia-e-juventude\/\",\"url\":\"https:\/\/www.estrategiaconcursos.com.br\/blog\/comentarios-a-prova-do-tj-sc-oficial-de-infancia-e-juventude\/\",\"name\":\"Coment\u00e1rios \u00e0 prova do TJ-SC - Oficial de Inf\u00e2ncia e Juventude\",\"isPartOf\":{\"@id\":\"https:\/\/www.estrategiaconcursos.com.br\/blog\/#website\"},\"datePublished\":\"2018-07-25T16:48:56+00:00\",\"dateModified\":\"2020-09-09T18:29:03+00:00\",\"breadcrumb\":{\"@id\":\"https:\/\/www.estrategiaconcursos.com.br\/blog\/comentarios-a-prova-do-tj-sc-oficial-de-infancia-e-juventude\/#breadcrumb\"},\"inLanguage\":\"pt-BR\",\"potentialAction\":[{\"@type\":\"ReadAction\",\"target\":[\"https:\/\/www.estrategiaconcursos.com.br\/blog\/comentarios-a-prova-do-tj-sc-oficial-de-infancia-e-juventude\/\"]}]},{\"@type\":\"BreadcrumbList\",\"@id\":\"https:\/\/www.estrategiaconcursos.com.br\/blog\/comentarios-a-prova-do-tj-sc-oficial-de-infancia-e-juventude\/#breadcrumb\",\"itemListElement\":[{\"@type\":\"ListItem\",\"position\":1,\"name\":\"In\u00edcio\",\"item\":\"https:\/\/www.estrategiaconcursos.com.br\/blog\/\"},{\"@type\":\"ListItem\",\"position\":2,\"name\":\"Coment\u00e1rios \u00e0 prova do TJ-SC &#8211; Oficial de Inf\u00e2ncia e Juventude\"}]},{\"@type\":\"WebSite\",\"@id\":\"https:\/\/www.estrategiaconcursos.com.br\/blog\/#website\",\"url\":\"https:\/\/www.estrategiaconcursos.com.br\/blog\/\",\"name\":\"Estrat\u00e9gia Concursos\",\"description\":\"O blog da Estrat\u00e9gia Concursos traz not\u00edcias sobre concursos e artigos de professores oferecendo cursos para concursos (pdf + videaulas) no site.\",\"publisher\":{\"@id\":\"https:\/\/www.estrategiaconcursos.com.br\/blog\/#organization\"},\"potentialAction\":[{\"@type\":\"SearchAction\",\"target\":{\"@type\":\"EntryPoint\",\"urlTemplate\":\"https:\/\/www.estrategiaconcursos.com.br\/blog\/?s={search_term_string}\"},\"query-input\":{\"@type\":\"PropertyValueSpecification\",\"valueRequired\":true,\"valueName\":\"search_term_string\"}}],\"inLanguage\":\"pt-BR\"},{\"@type\":\"Organization\",\"@id\":\"https:\/\/www.estrategiaconcursos.com.br\/blog\/#organization\",\"name\":\"Estrat\u00e9gia Concursos\",\"url\":\"https:\/\/www.estrategiaconcursos.com.br\/blog\/\",\"logo\":{\"@type\":\"ImageObject\",\"inLanguage\":\"pt-BR\",\"@id\":\"https:\/\/www.estrategiaconcursos.com.br\/blog\/#\/schema\/logo\/image\/\",\"url\":\"https:\/\/dhg1h5j42swfq.cloudfront.net\/2025\/06\/03203428\/logo_concursos-1.jpg\",\"contentUrl\":\"https:\/\/dhg1h5j42swfq.cloudfront.net\/2025\/06\/03203428\/logo_concursos-1.jpg\",\"width\":230,\"height\":60,\"caption\":\"Estrat\u00e9gia Concursos\"},\"image\":{\"@id\":\"https:\/\/www.estrategiaconcursos.com.br\/blog\/#\/schema\/logo\/image\/\"},\"sameAs\":[\"https:\/\/x.com\/EstratConcursos\"]},{\"@type\":\"Person\",\"@id\":\"https:\/\/www.estrategiaconcursos.com.br\/blog\/#\/schema\/person\/aa39cf5ddb518e5bdce27c35788405e2\",\"name\":\"Ricardo Torques\",\"image\":{\"@type\":\"ImageObject\",\"inLanguage\":\"pt-BR\",\"@id\":\"https:\/\/secure.gravatar.com\/avatar\/ce9ac6c3cff25fe86d15ed568ebc64d1724baf5c0693133bcb1f6073f712f92a?s=96&d=mm&r=g\",\"url\":\"https:\/\/secure.gravatar.com\/avatar\/ce9ac6c3cff25fe86d15ed568ebc64d1724baf5c0693133bcb1f6073f712f92a?s=96&d=mm&r=g\",\"contentUrl\":\"https:\/\/secure.gravatar.com\/avatar\/ce9ac6c3cff25fe86d15ed568ebc64d1724baf5c0693133bcb1f6073f712f92a?s=96&d=mm&r=g\",\"caption\":\"Ricardo Torques\"},\"sameAs\":[\"https:\/\/www.facebook.com\/ricardo.s.torques\"],\"url\":\"https:\/\/www.estrategiaconcursos.com.br\/blog\/author\/ricardotorquesestrategiaconcursos-com-br\/\"}]}<\/script>\n<!-- \/ Yoast SEO Premium plugin. -->","yoast_head_json":{"title":"Coment\u00e1rios \u00e0 prova do TJ-SC - Oficial de Inf\u00e2ncia e Juventude","robots":{"index":"index","follow":"follow","max-snippet":"max-snippet:-1","max-image-preview":"max-image-preview:large","max-video-preview":"max-video-preview:-1"},"canonical":"https:\/\/www.estrategiaconcursos.com.br\/blog\/comentarios-a-prova-do-tj-sc-oficial-de-infancia-e-juventude\/","og_locale":"pt_BR","og_type":"article","og_title":"Coment\u00e1rios \u00e0 prova do TJ-SC - Oficial de Inf\u00e2ncia e Juventude","og_description":"Ol\u00e1! Analisamos as quest\u00f5es de Direito da Crian\u00e7a e do Adolescente, Direitos dos Idosos e Direito Processual Civil, aplicadas na prova do TJ-SC &#8211; Oficial de Inf\u00e2ncia e Juventude. Caso voc\u00ea fique em d\u00favida, por favor, no contate: SITE:&nbsp;https:\/\/sites.google.com\/prod\/view\/proftorques INSTAGRAM:&nbsp;https:\/\/www.instagram.com\/proftorques\/ FACEBOOK:&nbsp;https:\/\/www.facebook.com\/dpcparaconcursos\/ E-MAIL:&nbsp;rst.estrategia@gmail.com Vamos \u00e0s quest\u00f5es! Direito da Crian\u00e7a e do Adolescente Quest\u00e3o 31 Oficial da [&hellip;]","og_url":"https:\/\/www.estrategiaconcursos.com.br\/blog\/comentarios-a-prova-do-tj-sc-oficial-de-infancia-e-juventude\/","og_site_name":"Estrat\u00e9gia Concursos","article_author":"https:\/\/www.facebook.com\/ricardo.s.torques","article_published_time":"2018-07-25T16:48:56+00:00","article_modified_time":"2020-09-09T18:29:03+00:00","author":"Ricardo Torques","twitter_card":"summary_large_image","twitter_creator":"@EstratConcursos","twitter_site":"@EstratConcursos","twitter_misc":{"Escrito por":"Ricardo Torques","Est. tempo de leitura":"32 minutos"},"schema":{"@context":"https:\/\/schema.org","@graph":[{"@type":"NewsArticle","@id":"https:\/\/www.estrategiaconcursos.com.br\/blog\/comentarios-a-prova-do-tj-sc-oficial-de-infancia-e-juventude\/#article","isPartOf":{"@id":"https:\/\/www.estrategiaconcursos.com.br\/blog\/comentarios-a-prova-do-tj-sc-oficial-de-infancia-e-juventude\/"},"author":{"name":"Ricardo Torques","@id":"https:\/\/www.estrategiaconcursos.com.br\/blog\/#\/schema\/person\/aa39cf5ddb518e5bdce27c35788405e2"},"headline":"Coment\u00e1rios \u00e0 prova do TJ-SC &#8211; Oficial de Inf\u00e2ncia e Juventude","datePublished":"2018-07-25T16:48:56+00:00","dateModified":"2020-09-09T18:29:03+00:00","mainEntityOfPage":{"@id":"https:\/\/www.estrategiaconcursos.com.br\/blog\/comentarios-a-prova-do-tj-sc-oficial-de-infancia-e-juventude\/"},"wordCount":6432,"commentCount":0,"publisher":{"@id":"https:\/\/www.estrategiaconcursos.com.br\/blog\/#organization"},"keywords":["comentada","Oficial de Inf\u00e2ncia e Juventude","prova","TJ-SC"],"articleSection":["Concursos P\u00fablicos"],"inLanguage":"pt-BR","potentialAction":[{"@type":"CommentAction","name":"Comment","target":["https:\/\/www.estrategiaconcursos.com.br\/blog\/comentarios-a-prova-do-tj-sc-oficial-de-infancia-e-juventude\/#respond"]}],"copyrightYear":"2018","copyrightHolder":{"@id":"https:\/\/www.estrategiaconcursos.com.br\/blog\/#organization"}},{"@type":"WebPage","@id":"https:\/\/www.estrategiaconcursos.com.br\/blog\/comentarios-a-prova-do-tj-sc-oficial-de-infancia-e-juventude\/","url":"https:\/\/www.estrategiaconcursos.com.br\/blog\/comentarios-a-prova-do-tj-sc-oficial-de-infancia-e-juventude\/","name":"Coment\u00e1rios \u00e0 prova do TJ-SC - Oficial de Inf\u00e2ncia e Juventude","isPartOf":{"@id":"https:\/\/www.estrategiaconcursos.com.br\/blog\/#website"},"datePublished":"2018-07-25T16:48:56+00:00","dateModified":"2020-09-09T18:29:03+00:00","breadcrumb":{"@id":"https:\/\/www.estrategiaconcursos.com.br\/blog\/comentarios-a-prova-do-tj-sc-oficial-de-infancia-e-juventude\/#breadcrumb"},"inLanguage":"pt-BR","potentialAction":[{"@type":"ReadAction","target":["https:\/\/www.estrategiaconcursos.com.br\/blog\/comentarios-a-prova-do-tj-sc-oficial-de-infancia-e-juventude\/"]}]},{"@type":"BreadcrumbList","@id":"https:\/\/www.estrategiaconcursos.com.br\/blog\/comentarios-a-prova-do-tj-sc-oficial-de-infancia-e-juventude\/#breadcrumb","itemListElement":[{"@type":"ListItem","position":1,"name":"In\u00edcio","item":"https:\/\/www.estrategiaconcursos.com.br\/blog\/"},{"@type":"ListItem","position":2,"name":"Coment\u00e1rios \u00e0 prova do TJ-SC &#8211; Oficial de Inf\u00e2ncia e Juventude"}]},{"@type":"WebSite","@id":"https:\/\/www.estrategiaconcursos.com.br\/blog\/#website","url":"https:\/\/www.estrategiaconcursos.com.br\/blog\/","name":"Estrat\u00e9gia Concursos","description":"O blog da Estrat\u00e9gia Concursos traz not\u00edcias sobre concursos e artigos de professores oferecendo cursos para concursos (pdf + videaulas) no site.","publisher":{"@id":"https:\/\/www.estrategiaconcursos.com.br\/blog\/#organization"},"potentialAction":[{"@type":"SearchAction","target":{"@type":"EntryPoint","urlTemplate":"https:\/\/www.estrategiaconcursos.com.br\/blog\/?s={search_term_string}"},"query-input":{"@type":"PropertyValueSpecification","valueRequired":true,"valueName":"search_term_string"}}],"inLanguage":"pt-BR"},{"@type":"Organization","@id":"https:\/\/www.estrategiaconcursos.com.br\/blog\/#organization","name":"Estrat\u00e9gia Concursos","url":"https:\/\/www.estrategiaconcursos.com.br\/blog\/","logo":{"@type":"ImageObject","inLanguage":"pt-BR","@id":"https:\/\/www.estrategiaconcursos.com.br\/blog\/#\/schema\/logo\/image\/","url":"https:\/\/dhg1h5j42swfq.cloudfront.net\/2025\/06\/03203428\/logo_concursos-1.jpg","contentUrl":"https:\/\/dhg1h5j42swfq.cloudfront.net\/2025\/06\/03203428\/logo_concursos-1.jpg","width":230,"height":60,"caption":"Estrat\u00e9gia Concursos"},"image":{"@id":"https:\/\/www.estrategiaconcursos.com.br\/blog\/#\/schema\/logo\/image\/"},"sameAs":["https:\/\/x.com\/EstratConcursos"]},{"@type":"Person","@id":"https:\/\/www.estrategiaconcursos.com.br\/blog\/#\/schema\/person\/aa39cf5ddb518e5bdce27c35788405e2","name":"Ricardo Torques","image":{"@type":"ImageObject","inLanguage":"pt-BR","@id":"https:\/\/secure.gravatar.com\/avatar\/ce9ac6c3cff25fe86d15ed568ebc64d1724baf5c0693133bcb1f6073f712f92a?s=96&d=mm&r=g","url":"https:\/\/secure.gravatar.com\/avatar\/ce9ac6c3cff25fe86d15ed568ebc64d1724baf5c0693133bcb1f6073f712f92a?s=96&d=mm&r=g","contentUrl":"https:\/\/secure.gravatar.com\/avatar\/ce9ac6c3cff25fe86d15ed568ebc64d1724baf5c0693133bcb1f6073f712f92a?s=96&d=mm&r=g","caption":"Ricardo Torques"},"sameAs":["https:\/\/www.facebook.com\/ricardo.s.torques"],"url":"https:\/\/www.estrategiaconcursos.com.br\/blog\/author\/ricardotorquesestrategiaconcursos-com-br\/"}]}},"_links":{"self":[{"href":"https:\/\/www.estrategiaconcursos.com.br\/blog\/wp-json\/wp\/v2\/posts\/132768","targetHints":{"allow":["GET"]}}],"collection":[{"href":"https:\/\/www.estrategiaconcursos.com.br\/blog\/wp-json\/wp\/v2\/posts"}],"about":[{"href":"https:\/\/www.estrategiaconcursos.com.br\/blog\/wp-json\/wp\/v2\/types\/post"}],"author":[{"embeddable":true,"href":"https:\/\/www.estrategiaconcursos.com.br\/blog\/wp-json\/wp\/v2\/users\/180"}],"replies":[{"embeddable":true,"href":"https:\/\/www.estrategiaconcursos.com.br\/blog\/wp-json\/wp\/v2\/comments?post=132768"}],"version-history":[{"count":5,"href":"https:\/\/www.estrategiaconcursos.com.br\/blog\/wp-json\/wp\/v2\/posts\/132768\/revisions"}],"predecessor-version":[{"id":569678,"href":"https:\/\/www.estrategiaconcursos.com.br\/blog\/wp-json\/wp\/v2\/posts\/132768\/revisions\/569678"}],"wp:attachment":[{"href":"https:\/\/www.estrategiaconcursos.com.br\/blog\/wp-json\/wp\/v2\/media?parent=132768"}],"wp:term":[{"taxonomy":"category","embeddable":true,"href":"https:\/\/www.estrategiaconcursos.com.br\/blog\/wp-json\/wp\/v2\/categories?post=132768"},{"taxonomy":"post_tag","embeddable":true,"href":"https:\/\/www.estrategiaconcursos.com.br\/blog\/wp-json\/wp\/v2\/tags?post=132768"},{"taxonomy":"tax_estado","embeddable":true,"href":"https:\/\/www.estrategiaconcursos.com.br\/blog\/wp-json\/wp\/v2\/tax_estado?post=132768"}],"curies":[{"name":"wp","href":"https:\/\/api.w.org\/{rel}","templated":true}]}}