{"id":132761,"date":"2018-07-25T13:28:14","date_gmt":"2018-07-25T16:28:14","guid":{"rendered":"https:\/\/www.estrategiaconcursos.com.br\/blog\/?p=132761"},"modified":"2018-07-25T17:57:55","modified_gmt":"2018-07-25T20:57:55","slug":"comentarios-prova-arquiteto-tj-sc-fgv-22-07-2018","status":"publish","type":"post","link":"https:\/\/www.estrategiaconcursos.com.br\/blog\/comentarios-prova-arquiteto-tj-sc-fgv-22-07-2018\/","title":{"rendered":"Prova TJ-SC Comentada: Quest\u00f5es para Arquiteto"},"content":{"rendered":"<p>CABE RECURSO!<\/p>\n<p>Oi pessoal!<\/p>\n<p>Vou fazer uma sequencia de artigos com os <strong>coment\u00e1rios da prova<\/strong> que ocorreu no \u00faltimo domingo para o <strong>Tribunal de Justi\u00e7a de Santa Catarina<\/strong> come\u00e7ando pelas quest\u00f5es que meus alunos est\u00e3o me pedindo.<\/p>\n<p>Muitos est\u00e3o reclamando da prova, mas, lembrem-se de que estava dif\u00edcil para todo mundo e os primeiros lugares da FGV, para <strong>cargo de<\/strong> <strong>arquiteto<\/strong>, costumam acertar entre 63% a 73%.<\/p>\n<p>Vamos l\u00e1!<\/p>\n<p><strong>Quest\u00e3o 31<\/strong><\/p>\n<p>O edif\u00edcio para o Minist\u00e9rio da Educa\u00e7\u00e3o e Sa\u00fade constru\u00eddo no Rio de Janeiro, durante a gest\u00e3o do Ministro Capanema, tornou-se s\u00edmbolo da modernidade do Estado. Uma das caracter\u00edsticas arquitet\u00f4nicas desse edif\u00edcio, incorporada da cartilha corbusiana \u00e9:<\/p>\n<p>(A) parede estrutural;<\/p>\n<p>(B) planta compartimentada;<\/p>\n<p>(C) embasamento direto no solo;<\/p>\n<p>(D) pano de vidro;<\/p>\n<p>(E) terra\u00e7o pavimentado.<\/p>\n<p><strong>Coment\u00e1rios<\/strong><\/p>\n<p>Os cinco elementos que definem o programa arquitet\u00f4nico corbusiano s\u00e3o: os pilotis, a planta livre, o terra\u00e7o-jardim, a fachada livre e as janelas horizontais.<\/p>\n<p>O pano de vidro \u00e9 poss\u00edvel atrav\u00e9s do conceito da fachada livre.<\/p>\n<p><span style=\"color: #ff0000;\">Gabarito: alternativa D<\/span><\/p>\n<p><strong>Quest\u00e3o 33<\/strong><\/p>\n<p>A arquitetura busca dar uma configura\u00e7\u00e3o \u00e0 mat\u00e9ria, de modo a individualizar o objeto e atribuir-lhe uma fun\u00e7\u00e3o. Nesse sentido, considere as afirmativas abaixo, referentes aos objetivos atribu\u00eddos aos levantamentos arquitet\u00f4nicos e urban\u00edsticos:<\/p>\n<p>I. Funcionalidade: envolve a organiza\u00e7\u00e3o das atividades de execu\u00e7\u00e3o das obras.<\/p>\n<p>II. T\u00e9cnica: exerce preocupa\u00e7\u00e3o com as quest\u00f5es relativas ao conforto t\u00e9rmico, ac\u00fastica, lum\u00ednico e ambiental.<\/p>\n<p>III. Est\u00e9tica: emite mensagens sensoriais a partir do produto art\u00edstico do projeto.<\/p>\n<p>Est\u00e1 correto somente o que se afirma em:<\/p>\n<p>(A) I;<\/p>\n<p>(B) II;<\/p>\n<p>(C) III;<\/p>\n<p>(D) I e II;<\/p>\n<p>(E) II e III.<\/p>\n<p><strong>Coment\u00e1rios<\/strong><\/p>\n<p>I. A funcionalidade est\u00e1 ligada \u00e0s respostas que a arquitetura d\u00e1 \u00e0s necessidades e \u00e0s fun\u00e7\u00f5es da vida humana.<\/p>\n<p>II. Certa. Como t\u00e9cnica, ela vai assegurar que atrav\u00e9s da configura\u00e7\u00e3o da mat\u00e9ria ser\u00e3o mantidos padr\u00f5es de \u00abhabitabilidade\u00bb. O Conforto Ambiental re\u00fane todos os conhecimentos necess\u00e1rios para a habitabilidade dos espa\u00e7os arquitet\u00f4nicos, o que envolve quest\u00f5es t\u00e9rmicas, ac\u00fasticas e lum\u00ednicas, al\u00e9m da sua aplicabilidade atrav\u00e9s das instala\u00e7\u00f5es prediais complementares. Por exemplo, a escolha da orienta\u00e7\u00e3o da edifica\u00e7\u00e3o no terreno quanto ao sol e aos ventos vai influenciar no conforto t\u00e9rmico dos ambientes internos.<\/p>\n<p>III. Certa. COMUNICA\u00c7\u00c3O EST\u00c9TICA corresponde ao processo atrav\u00e9s do qual o artista, seja ele arquiteto ou n\u00e3o, emite mensagens percept\u00edveis sensorialmente, a partir de um objeto ou produto art\u00edstico, no qual o espectador ou usu\u00e1rio \u00e9 receptor passivo e, ao mesmo tempo, ativo, pois emite respostas, atrav\u00e9s de sua a\u00e7\u00e3o ou uso. (MOLES, 1978)(CASTELNOU, 2014)<\/p>\n<p>A presen\u00e7a material \u00e9 o primeiro signo da arquitectura, mas esta n\u00e3o se reduz a tal, j\u00e1 que \u00e9 dotada de qualidades sens\u00edveis, no sentido de se tratarem de qualidades que ultrapassam a percep\u00e7\u00e3o indiscriminada para se orientarem de forma directa para a estimula\u00e7\u00e3o de uma consci\u00eancia est\u00e9tica ao conferir valores sensitivos. Este percurso determina a identifica\u00e7\u00e3o do objecto\/ forma como conjunto de qualidades sens\u00edveis. (FARIA, 2009)<\/p>\n<p><span style=\"font-size: 10pt;\">Nota: Cita\u00e7\u00e3o em portugu\u00eas de Portugal.<\/span><\/p>\n<p><span style=\"color: #ff0000;\">Gabarito: alternativa E<\/span><\/p>\n<p><strong>Quest\u00e3o 39<\/strong><\/p>\n<p>O escoramento consiste em estruturas tempor\u00e1rias utilizadas para sustenta\u00e7\u00e3o de formas para concretagem.<\/p>\n<p>Sobre o tema, \u00e9 correto afirmar que:<\/p>\n<p>(A) escoras tubulares ajust\u00e1veis s\u00e3o utilizadas nas constru\u00e7\u00f5es de alto p\u00e9 direito;<\/p>\n<p>(B) torres de escoramento e treli\u00e7as s\u00e3o estruturas em madeira de baixa altura, formadas pela associa\u00e7\u00e3o de torres;<\/p>\n<p>(C) vigas leves s\u00e3o vigas constitu\u00eddas de 2 perfis \u201cI\u201d executados com chapa em madeira com uma alma de a\u00e7o;<\/p>\n<p>(D) treli\u00e7as leves s\u00e3o constitu\u00eddas de treli\u00e7as e vigas de alma cheia encaix\u00e1veis;<\/p>\n<p>(E) escoramentos de madeira s\u00e3o constitu\u00eddos de madeiras isentas de deforma\u00e7\u00f5es com ligamentos realizados exclusivamente por parafusos.<\/p>\n<p><strong>Coment\u00e1rios<\/strong><\/p>\n<p>(A) As escoras tubulares ajust\u00e1veis s\u00e3o muito utilizadas nas constru\u00e7\u00f5es de baixo p\u00e9 direito, em substitui\u00e7\u00e3o aos montantes de madeira.<\/p>\n<p>(B) Torres de escoramento e treli\u00e7as s\u00e3o cimbramentos met\u00e1licos de grande altura formados pela associa\u00e7\u00e3o de torres, contraventadas com material tubular, com os v\u00e3os livres ligados por treli\u00e7as. O sistema de torres e treli\u00e7as s\u00f3 \u00e9 econ\u00f4mico para alturas de escoramento superiores a 7,00 m, sendo pouco empregados em obras prediais.<\/p>\n<p>(C) As vigas leves s\u00e3o vigas constitu\u00eddas de 2 perfis \u201cU\u201d executados com chapa met\u00e1lica fina dobrada, com interposi\u00e7\u00e3o de uma alma de madeira. Podem, ainda, ser fabricadas em liga de alum\u00ednio (vigas L), contendo um detalhe na parte superior para coloca\u00e7\u00e3o de uma pe\u00e7a de madeira, na qual pode ser pregado o assoalho da forma.<\/p>\n<p>(D) O sistema de treli\u00e7as leves \u00e9 constitu\u00eddo de treli\u00e7as e vigas de alma cheia encaix\u00e1veis. Os comprimentos das vigas podem ser ajustados, sendo o comprimento do elemento de alma cheia que penetra na treli\u00e7a nunca inferior a 50 cm.<\/p>\n<p>(E) Escoramentos de Madeira s\u00e3o escoramentos executados com barrotes de madeira de primeira qualidade (se\u00e7\u00e3o 7,5 x 7,5 cm) ou com escoras de eucalipto com di\u00e2metro superior a 0,10 m, sobre as quais s\u00e3o assentadas vigas de madeira, fabricadas na forma de sandu\u00edche. Sobre as vigas s\u00e3o montadas as formas da estrutura. O escoramento de madeira com pe\u00e7as pregadas \u00e9 feito com madeira de primeira, isenta de deforma\u00e7\u00f5es, defeitos, irregularidades ou pontos fr\u00e1geis.<\/p>\n<p><a href=\"http:\/\/187.17.2.135\/orse\/esp\/ES00062.pdf\">http:\/\/187.17.2.135\/orse\/esp\/ES00062.pdf<\/a><\/p>\n<p><span style=\"color: #ff0000;\">Gabarito: alternativa D<\/span><\/p>\n<p><strong>Quest\u00e3o 42<\/strong><\/p>\n<p>No desenvolvimento do projeto de arquitetura para uma edifica\u00e7\u00e3o, a etapa de anteprojeto se destina \u00e0:<\/p>\n<p>(A) representa\u00e7\u00e3o das informa\u00e7\u00f5es t\u00e9cnicas necess\u00e1rias \u00e0 an\u00e1lise e aprova\u00e7\u00e3o pelas autoridades competentes, com base nas exig\u00eancias legais;<\/p>\n<p>(B) elabora\u00e7\u00e3o de an\u00e1lise e avalia\u00e7\u00f5es para sele\u00e7\u00e3o e recomenda\u00e7\u00e3o de alternativas para a concep\u00e7\u00e3o da edifica\u00e7\u00e3o e de seus elementos;<\/p>\n<p>(C) idealiza\u00e7\u00e3o e reprodu\u00e7\u00e3o final dos elementos t\u00e9cnicos da edifica\u00e7\u00e3o, completos e definitivos, necess\u00e1rios \u00e0 licita\u00e7\u00e3o e execu\u00e7\u00e3o dos servi\u00e7os.<\/p>\n<p>(D) concep\u00e7\u00e3o e representa\u00e7\u00e3o das informa\u00e7\u00f5es t\u00e9cnicas provis\u00f3rias de detalhamento da edifica\u00e7\u00e3o, suficientes \u00e0 elabora\u00e7\u00e3o de estimativas de custos;<\/p>\n<p>(E) coleta das informa\u00e7\u00f5es de refer\u00eancia que representem as condi\u00e7\u00f5es preexistentes, de interesse para instruir a elabora\u00e7\u00e3o do projeto.<\/p>\n<p><strong>Coment\u00e1rios<\/strong><\/p>\n<p><strong>NBR 13531:1995 cancelada com substitui\u00e7\u00e3o pela NBR 16636-1:2017:<\/strong><\/p>\n<p><strong>ANTEPROJETO (AP) E\/OU PR\u00c9-EXECU\u00c7\u00c3O (PR)<\/strong><\/p>\n<p><em>Etapa destinada \u00e0 concep\u00e7\u00e3o e \u00e0 representa\u00e7\u00e3o das informa\u00e7\u00f5es t\u00e9cnicas provis\u00f3rias de detalhamento da edifica\u00e7\u00e3o e de seus elementos, instala\u00e7\u00f5es e componentes, necess\u00e1rias ao inter-relacionamento das atividades t\u00e9cnicas de projeto e suficientes \u00e0 elabora\u00e7\u00e3o de estimativas aproximadas de custos e de prazos dos servi\u00e7os de obra implicados;<\/em><\/p>\n<p><em>Nota: Quando estas informa\u00e7\u00f5es forem consideradas na sequ\u00eancia das atividades t\u00e9cnicas das duas etapas do projeto (de anteprojeto e de pr\u00e9-execu\u00e7\u00e3o), elas devem ser claramente redefinidas nos documentos contratuais e representadas no fluxograma e no cronograma f\u00edsico-financeiro.<\/em><\/p>\n<p><strong>NBR 16636-1:2017:<\/strong><\/p>\n<p><strong>3.4 anteprojeto arquitet\u00f4nico (AP- ARQ)<\/strong><\/p>\n<p><em>etapa destinada \u00e0 concep\u00e7\u00e3o e \u00e0 representa\u00e7\u00e3o das informa\u00e7\u00f5es t\u00e9cnicas provis\u00f3rias de detalhamento do projeto arquitet\u00f4nico da edifica\u00e7\u00e3o, ou dos espa\u00e7os urbanos e de seus elementos, instala\u00e7\u00f5es e componentes, \u00a0ser realizada por profissional habilitado.<\/em><\/p>\n<p>(A) Projeto Legal.<\/p>\n<p>(B)Estudo de viabilidade.<\/p>\n<p>(C) Projeto executivo.<\/p>\n<p>(D) Correta.<\/p>\n<p>(E) Levantamento.<\/p>\n<p>Quest\u00e3o baseada na norma antiga, podem tentar recurso, mas n\u00e3o creio que acatar\u00e3o pelo que conhe\u00e7o da FGV&#8230;<\/p>\n<p><span style=\"color: #ff0000;\">Gabarito: alternativa D<\/span><\/p>\n<p><strong>Quest\u00e3o 45<\/strong><\/p>\n<p>Na constru\u00e7\u00e3o de um ambiente, diversos servi\u00e7os devem ser executados em uma sequ\u00eancia l\u00f3gica.<\/p>\n<p>No caso de um banheiro, considere os servi\u00e7os a seguir:<\/p>\n<p>A) alvenaria;<\/p>\n<p>B) lou\u00e7as sanit\u00e1rias, bancadas, metais sanit\u00e1rios;<\/p>\n<p>C) azulejo;<\/p>\n<p>D) piso cer\u00e2mico.<\/p>\n<p>A sequ\u00eancia correta de execu\u00e7\u00e3o desses servi\u00e7os deve ser:<\/p>\n<p>(A) A, C, B e D;<\/p>\n<p>(B) A, C, D e B;<\/p>\n<p>(C) A, D, C e B;<\/p>\n<p>(D) D, A, C e B;<\/p>\n<p>(E) D, B, A e C.<\/p>\n<p><strong>Coment\u00e1rios<\/strong><\/p>\n<p><span style=\"color: #ff0000;\"><strong>Recurso!<\/strong><\/span><\/p>\n<p>A coloca\u00e7\u00e3o de lou\u00e7as, bancadas e metais sanit\u00e1rios deve ser ap\u00f3s \u00e0 coloca\u00e7\u00e3o do piso.<\/p>\n<p>Segue trecho de um livro, que, inclusive, a FGV costuma se embasar&#8230;<\/p>\n<p><strong>A T\u00e9cnica de Edificar \u2013 Yazigi:<\/strong><\/p>\n<p><strong>18.1.11 &#8211; COLOCA\u00c7\u00c3O DE BANCADA, LOU\u00c7A E METAL SANIT\u00c1RIO &#8211; PROCEDIMENTO DE EXECU\u00c7\u00c3O DE SERVI\u00c7O<\/strong><\/p>\n<ol start=\"18\">\n<li><strong> 1.11.3 &#8211; M\u00c9TODO EXECUTIVO<\/strong><\/li>\n<li><strong> 1.11.3.1 &#8211; CONDI\u00c7\u00d5ES PARA O IN\u00cdCIO DOS SERVI\u00c7OS<\/strong><\/li>\n<\/ol>\n<p><em>Os servi\u00e7os de revestimento interno (tetos, paredes e pisos) e instala\u00e7\u00f5es hidr\u00e1ulicas devem estar conclu\u00eddos. As prote\u00e7\u00f5es dos pontos de \u00e1gua e de esgoto (plugues, papel amassado etc.) t\u00eam de ser removidas.<\/em><\/p>\n<p>Trecho da apostila da UFJF: Constru\u00e7\u00e3o de edif\u00edcios &#8211; Tecnologia II &#8211; Prof. Pedro Kopschitz Xavier Bastos:<\/p>\n<p><em>SEQU\u00caNCIA DE SERVI\u00c7OS EM BANHEIROS:<\/em><\/p>\n<p><em>1) Alvenaria<\/em><\/p>\n<p><em>2) Tubula\u00e7\u00e3o, conex\u00f5es, v\u00e1lvula de descarga, caixa sifonada, registros.<\/em><\/p>\n<p><em>3) Azulejo<\/em><\/p>\n<p><em>4) Piso cer\u00e2mico<\/em><\/p>\n<p><em>5) Lou\u00e7as sanit\u00e1rias, bancadas, metais sanit\u00e1rios.<\/em><\/p>\n<p><em>6) Arremates do azulejo.<\/em><\/p>\n<p><span style=\"color: #ff0000;\">Gabarito: alternativa A \u2013 mas creio que o gabarito seja B<\/span><\/p>\n<p>Abra\u00e7os e boa sorte!<\/p>\n<p>N\u00e3o se esque\u00e7am de nos dar um feedback da coloca\u00e7\u00e3o de voc\u00eas!<\/p>\n<p>Moema<\/p>\n","protected":false},"excerpt":{"rendered":"<p>CABE RECURSO! Oi pessoal! Vou fazer uma sequencia de artigos com os coment\u00e1rios da prova que ocorreu no \u00faltimo domingo para o Tribunal de Justi\u00e7a de Santa Catarina come\u00e7ando pelas quest\u00f5es que meus alunos est\u00e3o me pedindo. Muitos est\u00e3o reclamando da prova, mas, lembrem-se de que estava dif\u00edcil para todo mundo e os primeiros lugares [&hellip;]<\/p>\n","protected":false},"author":524,"featured_media":0,"comment_status":"open","ping_status":"closed","sticky":false,"template":"","format":"standard","meta":{"post_tipo":"article","footnotes":""},"categories":[1],"tags":[],"tax_estado":[],"class_list":["post-132761","post","type-post","status-publish","format-standard","hentry","category-cursos-e-concursos"],"acf":[],"yoast_head":"<!-- This site is optimized with the Yoast SEO Premium plugin v27.2 (Yoast SEO v27.2) - https:\/\/yoast.com\/product\/yoast-seo-premium-wordpress\/ -->\n<title>Prova TJ-SC Comentada: Quest\u00f5es para Arquiteto<\/title>\n<meta name=\"description\" content=\"Confira as Quest\u00f5es Comentadas de Arquitetura da prova TJ-SC 2018 para cargo de Arquiteto, aplicado pela banca FGV. Os primeiros costumam acertar 63% a 73%.\" \/>\n<meta name=\"robots\" content=\"index, follow, max-snippet:-1, max-image-preview:large, max-video-preview:-1\" \/>\n<link rel=\"canonical\" href=\"https:\/\/www.estrategiaconcursos.com.br\/blog\/comentarios-prova-arquiteto-tj-sc-fgv-22-07-2018\/\" \/>\n<meta property=\"og:locale\" content=\"pt_BR\" \/>\n<meta property=\"og:type\" content=\"article\" \/>\n<meta property=\"og:title\" content=\"Prova TJ-SC Comentada: Quest\u00f5es para Arquiteto\" \/>\n<meta property=\"og:description\" content=\"Confira as Quest\u00f5es Comentadas de Arquitetura da prova TJ-SC 2018 para cargo de Arquiteto, aplicado pela banca FGV. Os primeiros costumam acertar 63% a 73%.\" \/>\n<meta property=\"og:url\" content=\"https:\/\/www.estrategiaconcursos.com.br\/blog\/comentarios-prova-arquiteto-tj-sc-fgv-22-07-2018\/\" \/>\n<meta property=\"og:site_name\" content=\"Estrat\u00e9gia Concursos\" \/>\n<meta property=\"article:published_time\" content=\"2018-07-25T16:28:14+00:00\" \/>\n<meta property=\"article:modified_time\" content=\"2018-07-25T20:57:55+00:00\" \/>\n<meta name=\"author\" content=\"Moema Machado\" \/>\n<meta name=\"twitter:card\" content=\"summary_large_image\" \/>\n<meta name=\"twitter:creator\" content=\"@EstratConcursos\" \/>\n<meta name=\"twitter:site\" content=\"@EstratConcursos\" \/>\n<meta name=\"twitter:label1\" content=\"Escrito por\" \/>\n\t<meta name=\"twitter:data1\" content=\"Moema Machado\" \/>\n\t<meta name=\"twitter:label2\" content=\"Est. tempo de leitura\" \/>\n\t<meta name=\"twitter:data2\" content=\"8 minutos\" \/>\n<script type=\"application\/ld+json\" class=\"yoast-schema-graph\">{\"@context\":\"https:\/\/schema.org\",\"@graph\":[{\"@type\":\"NewsArticle\",\"@id\":\"https:\/\/www.estrategiaconcursos.com.br\/blog\/comentarios-prova-arquiteto-tj-sc-fgv-22-07-2018\/#article\",\"isPartOf\":{\"@id\":\"https:\/\/www.estrategiaconcursos.com.br\/blog\/comentarios-prova-arquiteto-tj-sc-fgv-22-07-2018\/\"},\"author\":{\"name\":\"Moema Machado\",\"@id\":\"https:\/\/www.estrategiaconcursos.com.br\/blog\/#\/schema\/person\/e2a129484af400a0e96b32dee7e7008a\"},\"headline\":\"Prova TJ-SC Comentada: Quest\u00f5es para Arquiteto\",\"datePublished\":\"2018-07-25T16:28:14+00:00\",\"dateModified\":\"2018-07-25T20:57:55+00:00\",\"mainEntityOfPage\":{\"@id\":\"https:\/\/www.estrategiaconcursos.com.br\/blog\/comentarios-prova-arquiteto-tj-sc-fgv-22-07-2018\/\"},\"wordCount\":1591,\"commentCount\":4,\"publisher\":{\"@id\":\"https:\/\/www.estrategiaconcursos.com.br\/blog\/#organization\"},\"articleSection\":[\"Concursos P\u00fablicos\"],\"inLanguage\":\"pt-BR\",\"potentialAction\":[{\"@type\":\"CommentAction\",\"name\":\"Comment\",\"target\":[\"https:\/\/www.estrategiaconcursos.com.br\/blog\/comentarios-prova-arquiteto-tj-sc-fgv-22-07-2018\/#respond\"]}],\"copyrightYear\":\"2018\",\"copyrightHolder\":{\"@id\":\"https:\/\/www.estrategiaconcursos.com.br\/blog\/#organization\"}},{\"@type\":\"WebPage\",\"@id\":\"https:\/\/www.estrategiaconcursos.com.br\/blog\/comentarios-prova-arquiteto-tj-sc-fgv-22-07-2018\/\",\"url\":\"https:\/\/www.estrategiaconcursos.com.br\/blog\/comentarios-prova-arquiteto-tj-sc-fgv-22-07-2018\/\",\"name\":\"Prova TJ-SC Comentada: Quest\u00f5es para Arquiteto\",\"isPartOf\":{\"@id\":\"https:\/\/www.estrategiaconcursos.com.br\/blog\/#website\"},\"datePublished\":\"2018-07-25T16:28:14+00:00\",\"dateModified\":\"2018-07-25T20:57:55+00:00\",\"description\":\"Confira as Quest\u00f5es Comentadas de Arquitetura da prova TJ-SC 2018 para cargo de Arquiteto, aplicado pela banca FGV. Os primeiros costumam acertar 63% a 73%.\",\"breadcrumb\":{\"@id\":\"https:\/\/www.estrategiaconcursos.com.br\/blog\/comentarios-prova-arquiteto-tj-sc-fgv-22-07-2018\/#breadcrumb\"},\"inLanguage\":\"pt-BR\",\"potentialAction\":[{\"@type\":\"ReadAction\",\"target\":[\"https:\/\/www.estrategiaconcursos.com.br\/blog\/comentarios-prova-arquiteto-tj-sc-fgv-22-07-2018\/\"]}]},{\"@type\":\"BreadcrumbList\",\"@id\":\"https:\/\/www.estrategiaconcursos.com.br\/blog\/comentarios-prova-arquiteto-tj-sc-fgv-22-07-2018\/#breadcrumb\",\"itemListElement\":[{\"@type\":\"ListItem\",\"position\":1,\"name\":\"In\u00edcio\",\"item\":\"https:\/\/www.estrategiaconcursos.com.br\/blog\/\"},{\"@type\":\"ListItem\",\"position\":2,\"name\":\"Prova TJ-SC Comentada: Quest\u00f5es para Arquiteto\"}]},{\"@type\":\"WebSite\",\"@id\":\"https:\/\/www.estrategiaconcursos.com.br\/blog\/#website\",\"url\":\"https:\/\/www.estrategiaconcursos.com.br\/blog\/\",\"name\":\"Estrat\u00e9gia Concursos\",\"description\":\"O blog da Estrat\u00e9gia Concursos traz not\u00edcias sobre concursos e artigos de professores oferecendo cursos para concursos (pdf + videaulas) no site.\",\"publisher\":{\"@id\":\"https:\/\/www.estrategiaconcursos.com.br\/blog\/#organization\"},\"potentialAction\":[{\"@type\":\"SearchAction\",\"target\":{\"@type\":\"EntryPoint\",\"urlTemplate\":\"https:\/\/www.estrategiaconcursos.com.br\/blog\/?s={search_term_string}\"},\"query-input\":{\"@type\":\"PropertyValueSpecification\",\"valueRequired\":true,\"valueName\":\"search_term_string\"}}],\"inLanguage\":\"pt-BR\"},{\"@type\":\"Organization\",\"@id\":\"https:\/\/www.estrategiaconcursos.com.br\/blog\/#organization\",\"name\":\"Estrat\u00e9gia Concursos\",\"url\":\"https:\/\/www.estrategiaconcursos.com.br\/blog\/\",\"logo\":{\"@type\":\"ImageObject\",\"inLanguage\":\"pt-BR\",\"@id\":\"https:\/\/www.estrategiaconcursos.com.br\/blog\/#\/schema\/logo\/image\/\",\"url\":\"https:\/\/dhg1h5j42swfq.cloudfront.net\/2025\/06\/03203428\/logo_concursos-1.jpg\",\"contentUrl\":\"https:\/\/dhg1h5j42swfq.cloudfront.net\/2025\/06\/03203428\/logo_concursos-1.jpg\",\"width\":230,\"height\":60,\"caption\":\"Estrat\u00e9gia Concursos\"},\"image\":{\"@id\":\"https:\/\/www.estrategiaconcursos.com.br\/blog\/#\/schema\/logo\/image\/\"},\"sameAs\":[\"https:\/\/x.com\/EstratConcursos\"]},{\"@type\":\"Person\",\"@id\":\"https:\/\/www.estrategiaconcursos.com.br\/blog\/#\/schema\/person\/e2a129484af400a0e96b32dee7e7008a\",\"name\":\"Moema Machado\",\"image\":{\"@type\":\"ImageObject\",\"inLanguage\":\"pt-BR\",\"@id\":\"https:\/\/secure.gravatar.com\/avatar\/f6d4a54cce2f69a49a4fd2959222dd05dc4a6436cf3a28026212f62072fe4560?s=96&d=mm&r=g\",\"url\":\"https:\/\/secure.gravatar.com\/avatar\/f6d4a54cce2f69a49a4fd2959222dd05dc4a6436cf3a28026212f62072fe4560?s=96&d=mm&r=g\",\"contentUrl\":\"https:\/\/secure.gravatar.com\/avatar\/f6d4a54cce2f69a49a4fd2959222dd05dc4a6436cf3a28026212f62072fe4560?s=96&d=mm&r=g\",\"caption\":\"Moema Machado\"},\"url\":\"https:\/\/www.estrategiaconcursos.com.br\/blog\/author\/moemamoemamachado-com-br\/\"}]}<\/script>\n<!-- \/ Yoast SEO Premium plugin. -->","yoast_head_json":{"title":"Prova TJ-SC Comentada: Quest\u00f5es para Arquiteto","description":"Confira as Quest\u00f5es Comentadas de Arquitetura da prova TJ-SC 2018 para cargo de Arquiteto, aplicado pela banca FGV. Os primeiros costumam acertar 63% a 73%.","robots":{"index":"index","follow":"follow","max-snippet":"max-snippet:-1","max-image-preview":"max-image-preview:large","max-video-preview":"max-video-preview:-1"},"canonical":"https:\/\/www.estrategiaconcursos.com.br\/blog\/comentarios-prova-arquiteto-tj-sc-fgv-22-07-2018\/","og_locale":"pt_BR","og_type":"article","og_title":"Prova TJ-SC Comentada: Quest\u00f5es para Arquiteto","og_description":"Confira as Quest\u00f5es Comentadas de Arquitetura da prova TJ-SC 2018 para cargo de Arquiteto, aplicado pela banca FGV. Os primeiros costumam acertar 63% a 73%.","og_url":"https:\/\/www.estrategiaconcursos.com.br\/blog\/comentarios-prova-arquiteto-tj-sc-fgv-22-07-2018\/","og_site_name":"Estrat\u00e9gia Concursos","article_published_time":"2018-07-25T16:28:14+00:00","article_modified_time":"2018-07-25T20:57:55+00:00","author":"Moema Machado","twitter_card":"summary_large_image","twitter_creator":"@EstratConcursos","twitter_site":"@EstratConcursos","twitter_misc":{"Escrito por":"Moema Machado","Est. tempo de leitura":"8 minutos"},"schema":{"@context":"https:\/\/schema.org","@graph":[{"@type":"NewsArticle","@id":"https:\/\/www.estrategiaconcursos.com.br\/blog\/comentarios-prova-arquiteto-tj-sc-fgv-22-07-2018\/#article","isPartOf":{"@id":"https:\/\/www.estrategiaconcursos.com.br\/blog\/comentarios-prova-arquiteto-tj-sc-fgv-22-07-2018\/"},"author":{"name":"Moema Machado","@id":"https:\/\/www.estrategiaconcursos.com.br\/blog\/#\/schema\/person\/e2a129484af400a0e96b32dee7e7008a"},"headline":"Prova TJ-SC Comentada: Quest\u00f5es para Arquiteto","datePublished":"2018-07-25T16:28:14+00:00","dateModified":"2018-07-25T20:57:55+00:00","mainEntityOfPage":{"@id":"https:\/\/www.estrategiaconcursos.com.br\/blog\/comentarios-prova-arquiteto-tj-sc-fgv-22-07-2018\/"},"wordCount":1591,"commentCount":4,"publisher":{"@id":"https:\/\/www.estrategiaconcursos.com.br\/blog\/#organization"},"articleSection":["Concursos P\u00fablicos"],"inLanguage":"pt-BR","potentialAction":[{"@type":"CommentAction","name":"Comment","target":["https:\/\/www.estrategiaconcursos.com.br\/blog\/comentarios-prova-arquiteto-tj-sc-fgv-22-07-2018\/#respond"]}],"copyrightYear":"2018","copyrightHolder":{"@id":"https:\/\/www.estrategiaconcursos.com.br\/blog\/#organization"}},{"@type":"WebPage","@id":"https:\/\/www.estrategiaconcursos.com.br\/blog\/comentarios-prova-arquiteto-tj-sc-fgv-22-07-2018\/","url":"https:\/\/www.estrategiaconcursos.com.br\/blog\/comentarios-prova-arquiteto-tj-sc-fgv-22-07-2018\/","name":"Prova TJ-SC Comentada: Quest\u00f5es para Arquiteto","isPartOf":{"@id":"https:\/\/www.estrategiaconcursos.com.br\/blog\/#website"},"datePublished":"2018-07-25T16:28:14+00:00","dateModified":"2018-07-25T20:57:55+00:00","description":"Confira as Quest\u00f5es Comentadas de Arquitetura da prova TJ-SC 2018 para cargo de Arquiteto, aplicado pela banca FGV. Os primeiros costumam acertar 63% a 73%.","breadcrumb":{"@id":"https:\/\/www.estrategiaconcursos.com.br\/blog\/comentarios-prova-arquiteto-tj-sc-fgv-22-07-2018\/#breadcrumb"},"inLanguage":"pt-BR","potentialAction":[{"@type":"ReadAction","target":["https:\/\/www.estrategiaconcursos.com.br\/blog\/comentarios-prova-arquiteto-tj-sc-fgv-22-07-2018\/"]}]},{"@type":"BreadcrumbList","@id":"https:\/\/www.estrategiaconcursos.com.br\/blog\/comentarios-prova-arquiteto-tj-sc-fgv-22-07-2018\/#breadcrumb","itemListElement":[{"@type":"ListItem","position":1,"name":"In\u00edcio","item":"https:\/\/www.estrategiaconcursos.com.br\/blog\/"},{"@type":"ListItem","position":2,"name":"Prova TJ-SC Comentada: Quest\u00f5es para Arquiteto"}]},{"@type":"WebSite","@id":"https:\/\/www.estrategiaconcursos.com.br\/blog\/#website","url":"https:\/\/www.estrategiaconcursos.com.br\/blog\/","name":"Estrat\u00e9gia Concursos","description":"O blog da Estrat\u00e9gia Concursos traz not\u00edcias sobre concursos e artigos de professores oferecendo cursos para concursos (pdf + videaulas) no site.","publisher":{"@id":"https:\/\/www.estrategiaconcursos.com.br\/blog\/#organization"},"potentialAction":[{"@type":"SearchAction","target":{"@type":"EntryPoint","urlTemplate":"https:\/\/www.estrategiaconcursos.com.br\/blog\/?s={search_term_string}"},"query-input":{"@type":"PropertyValueSpecification","valueRequired":true,"valueName":"search_term_string"}}],"inLanguage":"pt-BR"},{"@type":"Organization","@id":"https:\/\/www.estrategiaconcursos.com.br\/blog\/#organization","name":"Estrat\u00e9gia Concursos","url":"https:\/\/www.estrategiaconcursos.com.br\/blog\/","logo":{"@type":"ImageObject","inLanguage":"pt-BR","@id":"https:\/\/www.estrategiaconcursos.com.br\/blog\/#\/schema\/logo\/image\/","url":"https:\/\/dhg1h5j42swfq.cloudfront.net\/2025\/06\/03203428\/logo_concursos-1.jpg","contentUrl":"https:\/\/dhg1h5j42swfq.cloudfront.net\/2025\/06\/03203428\/logo_concursos-1.jpg","width":230,"height":60,"caption":"Estrat\u00e9gia Concursos"},"image":{"@id":"https:\/\/www.estrategiaconcursos.com.br\/blog\/#\/schema\/logo\/image\/"},"sameAs":["https:\/\/x.com\/EstratConcursos"]},{"@type":"Person","@id":"https:\/\/www.estrategiaconcursos.com.br\/blog\/#\/schema\/person\/e2a129484af400a0e96b32dee7e7008a","name":"Moema Machado","image":{"@type":"ImageObject","inLanguage":"pt-BR","@id":"https:\/\/secure.gravatar.com\/avatar\/f6d4a54cce2f69a49a4fd2959222dd05dc4a6436cf3a28026212f62072fe4560?s=96&d=mm&r=g","url":"https:\/\/secure.gravatar.com\/avatar\/f6d4a54cce2f69a49a4fd2959222dd05dc4a6436cf3a28026212f62072fe4560?s=96&d=mm&r=g","contentUrl":"https:\/\/secure.gravatar.com\/avatar\/f6d4a54cce2f69a49a4fd2959222dd05dc4a6436cf3a28026212f62072fe4560?s=96&d=mm&r=g","caption":"Moema Machado"},"url":"https:\/\/www.estrategiaconcursos.com.br\/blog\/author\/moemamoemamachado-com-br\/"}]}},"_links":{"self":[{"href":"https:\/\/www.estrategiaconcursos.com.br\/blog\/wp-json\/wp\/v2\/posts\/132761","targetHints":{"allow":["GET"]}}],"collection":[{"href":"https:\/\/www.estrategiaconcursos.com.br\/blog\/wp-json\/wp\/v2\/posts"}],"about":[{"href":"https:\/\/www.estrategiaconcursos.com.br\/blog\/wp-json\/wp\/v2\/types\/post"}],"author":[{"embeddable":true,"href":"https:\/\/www.estrategiaconcursos.com.br\/blog\/wp-json\/wp\/v2\/users\/524"}],"replies":[{"embeddable":true,"href":"https:\/\/www.estrategiaconcursos.com.br\/blog\/wp-json\/wp\/v2\/comments?post=132761"}],"version-history":[{"count":7,"href":"https:\/\/www.estrategiaconcursos.com.br\/blog\/wp-json\/wp\/v2\/posts\/132761\/revisions"}],"predecessor-version":[{"id":132886,"href":"https:\/\/www.estrategiaconcursos.com.br\/blog\/wp-json\/wp\/v2\/posts\/132761\/revisions\/132886"}],"wp:attachment":[{"href":"https:\/\/www.estrategiaconcursos.com.br\/blog\/wp-json\/wp\/v2\/media?parent=132761"}],"wp:term":[{"taxonomy":"category","embeddable":true,"href":"https:\/\/www.estrategiaconcursos.com.br\/blog\/wp-json\/wp\/v2\/categories?post=132761"},{"taxonomy":"post_tag","embeddable":true,"href":"https:\/\/www.estrategiaconcursos.com.br\/blog\/wp-json\/wp\/v2\/tags?post=132761"},{"taxonomy":"tax_estado","embeddable":true,"href":"https:\/\/www.estrategiaconcursos.com.br\/blog\/wp-json\/wp\/v2\/tax_estado?post=132761"}],"curies":[{"name":"wp","href":"https:\/\/api.w.org\/{rel}","templated":true}]}}