{"id":1326792,"date":"2023-12-28T16:42:21","date_gmt":"2023-12-28T19:42:21","guid":{"rendered":"https:\/\/www.estrategiaconcursos.com.br\/blog\/?p=1326792"},"modified":"2024-07-17T13:25:43","modified_gmt":"2024-07-17T16:25:43","slug":"salarios-pf-e-prf-proposta-restruturacao-assinada","status":"publish","type":"post","link":"https:\/\/www.estrategiaconcursos.com.br\/blog\/salarios-pf-e-prf-proposta-restruturacao-assinada\/","title":{"rendered":"Novos sal\u00e1rios na PF e PRF: proposta de reestrutura\u00e7\u00e3o assinada"},"content":{"rendered":"\n<p>O Minist\u00e9rio da Gest\u00e3o e da Inova\u00e7\u00e3o em Servi\u00e7os P\u00fablicos (MGI) assinou nesta quinta-feira, 28 de dezembro, o acordo que prev\u00ea a reestrutura\u00e7\u00e3o remunerat\u00f3ria de diversas carreiras da Pol\u00edcia Federal (PF) e Pol\u00edcia Rodovi\u00e1ria Federal (PRF)!<\/p>\n\n\n\n<p>Dentro da reestrutura\u00e7\u00e3o, segundo o MGI, est\u00e3o previstas as carreiras de Delegado da Pol\u00edcia Federal e de Perito Criminal Federal; de \u202fAgente, Escriv\u00e3o e Papiloscopista da Pol\u00edcia Federal; e de Policial Rodovi\u00e1rio Federal.<\/p>\n\n\n\n<p>O texto prev\u00ea a reestrutura\u00e7\u00e3o salarial em tr\u00eas parcelas que dever\u00e3o ser pagas entre agosto de 2024 a maio de 2026. As parcelas ir\u00e3o se dividir da seguinte forma:<\/p>\n\n\n\n<ul class=\"wp-block-list\">\n<li>Agosto de 2024: 3%;<\/li>\n\n\n\n<li>Maio de 2025: 5%; e<\/li>\n\n\n\n<li>Maio de 2026: de 5% a 17,87%<\/li>\n<\/ul>\n\n\n\n<p>Com a nova estrutura, o vencimento inicial de um <strong>Policial Rodovi\u00e1rio Federal<\/strong> pode chegar at\u00e9 R$ 12,5 mil. Confira abaixo os valores previstos ao cargo de policial rodovi\u00e1rio federal:<\/p>\n\n\n\n<ul class=\"wp-block-list\">\n<li>Vencimentos a partir de agosto de 2024 &#8211; acr\u00e9scimo de 3%: <strong>R$ 11.114,60<\/strong> <strong>a R$ 18.583,31<\/strong><\/li>\n\n\n\n<li>Vencimentos a partir de maio de 2025 &#8211; acr\u00e9scimo de 5%: <strong>R$ 11.670,33<\/strong> <strong>a R$ 19.512,48<\/strong><\/li>\n\n\n\n<li>Vencimentos a partir de maio de 2026 &#8211; acr\u00e9scimo de 5% a 17%: <strong>R$ 12.253,84 a R$ 23.000,00<\/strong><\/li>\n<\/ul>\n\n\n\n<p>Para as fun\u00e7\u00f5es de <strong>Agente, Escriv\u00e3o e Papiloscopista<\/strong>, O MGI oferece o seguinte escalonamento de reajuste salarial:<\/p>\n\n\n\n<p class=\"has-cyan-bluish-gray-background-color has-background\"><strong>2024<\/strong><\/p>\n\n\n\n<p class=\"has-cyan-bluish-gray-background-color has-background\"><strong>Classe\/ Subs\u00eddio<\/strong><\/p>\n\n\n\n<ul class=\"wp-block-list\">\n<li>Especial: R$ 20.940,36<\/li>\n\n\n\n<li>Primeira: R$ 17.140,56<\/li>\n\n\n\n<li>Segunda: R$ 14.644,96<\/li>\n\n\n\n<li>Terceira: R$ 13.900,54<\/li>\n<\/ul>\n\n\n\n<p class=\"has-cyan-bluish-gray-background-color has-background\"><strong>2025<\/strong><\/p>\n\n\n\n<p class=\"has-cyan-bluish-gray-background-color has-background\"><strong>Classe\/ Subs\u00eddio<\/strong><\/p>\n\n\n\n<ul class=\"wp-block-list\">\n<li>Especial: R$ 21.987,38<\/li>\n\n\n\n<li>Primeira: R$ 17.997,59<\/li>\n\n\n\n<li>Segunda: R$ 15.377,21<\/li>\n\n\n\n<li>Terceira: R$ 14.164,81<\/li>\n<\/ul>\n\n\n\n<p class=\"has-cyan-bluish-gray-background-color has-background\"><strong>2026<\/strong><\/p>\n\n\n\n<p class=\"has-cyan-bluish-gray-background-color has-background\"><strong>Classe\/ Subs\u00eddio<\/strong><\/p>\n\n\n\n<ul class=\"wp-block-list\">\n<li>Especial: R$ 25.250<\/li>\n\n\n\n<li>Primeira: R$ 19.617,37<\/li>\n\n\n\n<li>Segunda: R$ 16.761,16<\/li>\n\n\n\n<li>Terceira: R$ 14.710,10<\/li>\n<\/ul>\n\n\n\n<p>&nbsp;\u201cEstamos celebrando acordos&nbsp;remunerat\u00f3rios&nbsp;que v\u00e3o valer para os pr\u00f3ximos tr\u00eas anos, mas as mesas continuam abertas para as demais&nbsp;demandas das carreiras. Do mesmo modo que h\u00e1 mesas espec\u00edficas e tempor\u00e1rias em aberto&nbsp;de diversas outras carreiras\u201d, destacou a Secret\u00e1ria adjunta de Rela\u00e7\u00f5es de Trabalho do MGI, Meri Lucas.<\/p>\n\n\n\n<p>Para mais informa\u00e7\u00f5es sobre a reestrutura\u00e7\u00e3o da <a href=\"https:\/\/www.gov.br\/pf\/pt-br\" target=\"_blank\" rel=\"noreferrer noopener\">PF<\/a> e PRF, acesse os links abaixo. Preparamos um artigo completo para voc\u00ea!<\/p>\n\n\n\n<p class=\"has-text-align-center has-background has-medium-font-size\" style=\"background-color:#abb7c266\"><strong><a href=\"https:\/\/www.estrategiaconcursos.com.br\/blog\/concurso-policia-federal\/\" target=\"_blank\" rel=\"noreferrer noopener\">Concurso Pol\u00edcia Federal<\/a><\/strong> | <a href=\"https:\/\/www.estrategiaconcursos.com.br\/blog\/concurso-prf\/\" target=\"_blank\" rel=\"noreferrer noopener\"><strong>Concurso PRF<\/strong><\/a><\/p>\n\n\n\n<p class=\"has-medium-font-size\"><strong>Leia tamb\u00e9m:<\/strong><\/p>\n\n\n\n<ul class=\"wp-block-list\">\n<li><a href=\"https:\/\/www.estrategiaconcursos.com.br\/blog\/concursos-2024\/\" target=\"_blank\" rel=\"noreferrer noopener\">Concursos 2024<\/a><\/li>\n\n\n\n<li><a href=\"https:\/\/www.estrategiaconcursos.com.br\/blog\/concursos-de-policia\/\" target=\"_blank\" rel=\"noreferrer noopener\">Concursos policiais<\/a><\/li>\n<\/ul>\n\n\n\n<h2 class=\"wp-block-heading has-text-align-center\" id=\"cursos-e-assinaturas\">Quer estudar para o concurso PF e PRF?<\/h2>\n\n\n\n<div class=\"container\" id=\"boxes\">\n  <div class=\"row\">\n\n    <div class=\"col-sm\">\n      <div class=\"estrategia\" id=\"box-assinatura\">\n        <h3 class=\"titulo-assinatura\">Assinatura de Concursos<\/h3>\n        <p class=\"subtitulo-assinatura\">Assinatura de 1 ano ou 2 anos<\/p>\n        <div class=\"box-botao\">\n          <a class=\"btn-assinatura\" target=\"_blank\" href=\"https:\/\/www.estrategiaconcursos.com.br\/assinaturas\/\" role=\"button\" rel=\"noopener noreferrer\">ASSINE AGORA<\/a>\n        <\/div>\n      <\/div>\n     \n    <\/div><\/div><\/div>\n","protected":false},"excerpt":{"rendered":"<p>O Minist\u00e9rio da Gest\u00e3o e da Inova\u00e7\u00e3o em Servi\u00e7os P\u00fablicos (MGI) assinou nesta quinta-feira, 28 de dezembro, o acordo que prev\u00ea a reestrutura\u00e7\u00e3o remunerat\u00f3ria de diversas carreiras da Pol\u00edcia Federal (PF) e Pol\u00edcia Rodovi\u00e1ria Federal (PRF)! Dentro da reestrutura\u00e7\u00e3o, segundo o MGI, est\u00e3o previstas as carreiras de Delegado da Pol\u00edcia Federal e de Perito Criminal [&hellip;]<\/p>\n","protected":false},"author":2319,"featured_media":969837,"comment_status":"open","ping_status":"closed","sticky":false,"template":"","format":"standard","meta":{"post_tipo":"news","footnotes":""},"categories":[220194,1988,220189,220219],"tags":[],"tax_estado":[219963],"class_list":["post-1326792","post","type-post","status-publish","format-standard","has-post-thumbnail","hentry","category-delegado","category-policia","category-policial-guarda-civis","category-noticias","tax_estado-concursos-federais"],"acf":[],"yoast_head":"<!-- This site is optimized with the Yoast SEO Premium plugin v27.2 (Yoast SEO v27.2) - https:\/\/yoast.com\/product\/yoast-seo-premium-wordpress\/ -->\n<title>Novos sal\u00e1rios na PF e PRF: proposta de reestrutura\u00e7\u00e3o assinada<\/title>\n<meta name=\"description\" content=\"O MGI assinou o acordo que prev\u00ea a reestrutura\u00e7\u00e3o de diversas carreiras da Pol\u00edcia Federal (PF) e Pol\u00edcia Rodovi\u00e1ria Federal (PRF).\" \/>\n<meta name=\"robots\" content=\"index, follow, max-snippet:-1, max-image-preview:large, max-video-preview:-1\" \/>\n<link rel=\"canonical\" href=\"https:\/\/www.estrategiaconcursos.com.br\/blog\/salarios-pf-e-prf-proposta-restruturacao-assinada\/\" \/>\n<meta property=\"og:locale\" content=\"pt_BR\" \/>\n<meta property=\"og:type\" content=\"article\" \/>\n<meta property=\"og:title\" content=\"Novos sal\u00e1rios na PF e PRF: proposta de reestrutura\u00e7\u00e3o assinada\" \/>\n<meta property=\"og:description\" content=\"O MGI assinou o acordo que prev\u00ea a reestrutura\u00e7\u00e3o de diversas carreiras da Pol\u00edcia Federal (PF) e Pol\u00edcia Rodovi\u00e1ria Federal (PRF).\" \/>\n<meta property=\"og:url\" content=\"https:\/\/www.estrategiaconcursos.com.br\/blog\/salarios-pf-e-prf-proposta-restruturacao-assinada\/\" \/>\n<meta property=\"og:site_name\" content=\"Estrat\u00e9gia Concursos\" \/>\n<meta property=\"article:published_time\" content=\"2023-12-28T19:42:21+00:00\" \/>\n<meta property=\"article:modified_time\" content=\"2024-07-17T16:25:43+00:00\" \/>\n<meta property=\"og:image\" content=\"https:\/\/dhg1h5j42swfq.cloudfront.net\/2022\/02\/15173324\/concursos-policiais.jpg\" \/>\n\t<meta property=\"og:image:width\" content=\"768\" \/>\n\t<meta property=\"og:image:height\" content=\"432\" \/>\n\t<meta property=\"og:image:type\" content=\"image\/jpeg\" \/>\n<meta name=\"author\" content=\"Let\u00edcia Teixeira\" \/>\n<meta name=\"twitter:card\" content=\"summary_large_image\" \/>\n<meta name=\"twitter:creator\" content=\"@EstratConcursos\" \/>\n<meta name=\"twitter:site\" content=\"@EstratConcursos\" \/>\n<meta name=\"twitter:label1\" content=\"Escrito por\" \/>\n\t<meta name=\"twitter:data1\" content=\"Let\u00edcia Teixeira\" \/>\n\t<meta name=\"twitter:label2\" content=\"Est. tempo de leitura\" \/>\n\t<meta name=\"twitter:data2\" content=\"2 minutos\" \/>\n<script type=\"application\/ld+json\" class=\"yoast-schema-graph\">{\"@context\":\"https:\/\/schema.org\",\"@graph\":[{\"@type\":\"NewsArticle\",\"@id\":\"https:\/\/www.estrategiaconcursos.com.br\/blog\/salarios-pf-e-prf-proposta-restruturacao-assinada\/#article\",\"isPartOf\":{\"@id\":\"https:\/\/www.estrategiaconcursos.com.br\/blog\/salarios-pf-e-prf-proposta-restruturacao-assinada\/\"},\"author\":{\"name\":\"Let\u00edcia Teixeira\",\"@id\":\"https:\/\/www.estrategiaconcursos.com.br\/blog\/#\/schema\/person\/9b94727dcf4410f4a7931c83966c843b\"},\"headline\":\"Novos sal\u00e1rios na PF e PRF: proposta de reestrutura\u00e7\u00e3o assinada\",\"datePublished\":\"2023-12-28T19:42:21+00:00\",\"dateModified\":\"2024-07-17T16:25:43+00:00\",\"mainEntityOfPage\":{\"@id\":\"https:\/\/www.estrategiaconcursos.com.br\/blog\/salarios-pf-e-prf-proposta-restruturacao-assinada\/\"},\"wordCount\":373,\"commentCount\":0,\"publisher\":{\"@id\":\"https:\/\/www.estrategiaconcursos.com.br\/blog\/#organization\"},\"image\":{\"@id\":\"https:\/\/www.estrategiaconcursos.com.br\/blog\/salarios-pf-e-prf-proposta-restruturacao-assinada\/#primaryimage\"},\"thumbnailUrl\":\"https:\/\/dhg1h5j42swfq.cloudfront.net\/2022\/02\/15173324\/concursos-policiais.jpg\",\"articleSection\":[\"Jur\u00eddico - Delegado\",\"Policial (Agente, Escriv\u00e3o e Investigador)\",\"Policial (Guardas Civis)\",\"\u00daltimas not\u00edcias\"],\"inLanguage\":\"pt-BR\",\"potentialAction\":[{\"@type\":\"CommentAction\",\"name\":\"Comment\",\"target\":[\"https:\/\/www.estrategiaconcursos.com.br\/blog\/salarios-pf-e-prf-proposta-restruturacao-assinada\/#respond\"]}],\"copyrightYear\":\"2023\",\"copyrightHolder\":{\"@id\":\"https:\/\/www.estrategiaconcursos.com.br\/blog\/#organization\"}},{\"@type\":\"WebPage\",\"@id\":\"https:\/\/www.estrategiaconcursos.com.br\/blog\/salarios-pf-e-prf-proposta-restruturacao-assinada\/\",\"url\":\"https:\/\/www.estrategiaconcursos.com.br\/blog\/salarios-pf-e-prf-proposta-restruturacao-assinada\/\",\"name\":\"Novos sal\u00e1rios na PF e PRF: proposta de reestrutura\u00e7\u00e3o assinada\",\"isPartOf\":{\"@id\":\"https:\/\/www.estrategiaconcursos.com.br\/blog\/#website\"},\"primaryImageOfPage\":{\"@id\":\"https:\/\/www.estrategiaconcursos.com.br\/blog\/salarios-pf-e-prf-proposta-restruturacao-assinada\/#primaryimage\"},\"image\":{\"@id\":\"https:\/\/www.estrategiaconcursos.com.br\/blog\/salarios-pf-e-prf-proposta-restruturacao-assinada\/#primaryimage\"},\"thumbnailUrl\":\"https:\/\/dhg1h5j42swfq.cloudfront.net\/2022\/02\/15173324\/concursos-policiais.jpg\",\"datePublished\":\"2023-12-28T19:42:21+00:00\",\"dateModified\":\"2024-07-17T16:25:43+00:00\",\"description\":\"O MGI assinou o acordo que prev\u00ea a reestrutura\u00e7\u00e3o de diversas carreiras da Pol\u00edcia Federal (PF) e Pol\u00edcia Rodovi\u00e1ria Federal (PRF).\",\"breadcrumb\":{\"@id\":\"https:\/\/www.estrategiaconcursos.com.br\/blog\/salarios-pf-e-prf-proposta-restruturacao-assinada\/#breadcrumb\"},\"inLanguage\":\"pt-BR\",\"potentialAction\":[{\"@type\":\"ReadAction\",\"target\":[\"https:\/\/www.estrategiaconcursos.com.br\/blog\/salarios-pf-e-prf-proposta-restruturacao-assinada\/\"]}]},{\"@type\":\"ImageObject\",\"inLanguage\":\"pt-BR\",\"@id\":\"https:\/\/www.estrategiaconcursos.com.br\/blog\/salarios-pf-e-prf-proposta-restruturacao-assinada\/#primaryimage\",\"url\":\"https:\/\/dhg1h5j42swfq.cloudfront.net\/2022\/02\/15173324\/concursos-policiais.jpg\",\"contentUrl\":\"https:\/\/dhg1h5j42swfq.cloudfront.net\/2022\/02\/15173324\/concursos-policiais.jpg\",\"width\":768,\"height\":432,\"caption\":\"concursos de pol\u00edcia\"},{\"@type\":\"BreadcrumbList\",\"@id\":\"https:\/\/www.estrategiaconcursos.com.br\/blog\/salarios-pf-e-prf-proposta-restruturacao-assinada\/#breadcrumb\",\"itemListElement\":[{\"@type\":\"ListItem\",\"position\":1,\"name\":\"In\u00edcio\",\"item\":\"https:\/\/www.estrategiaconcursos.com.br\/blog\/\"},{\"@type\":\"ListItem\",\"position\":2,\"name\":\"Novos sal\u00e1rios na PF e PRF: proposta de reestrutura\u00e7\u00e3o assinada\"}]},{\"@type\":\"WebSite\",\"@id\":\"https:\/\/www.estrategiaconcursos.com.br\/blog\/#website\",\"url\":\"https:\/\/www.estrategiaconcursos.com.br\/blog\/\",\"name\":\"Estrat\u00e9gia Concursos\",\"description\":\"O blog da Estrat\u00e9gia Concursos traz not\u00edcias sobre concursos e artigos de professores oferecendo cursos para concursos (pdf + videaulas) no site.\",\"publisher\":{\"@id\":\"https:\/\/www.estrategiaconcursos.com.br\/blog\/#organization\"},\"potentialAction\":[{\"@type\":\"SearchAction\",\"target\":{\"@type\":\"EntryPoint\",\"urlTemplate\":\"https:\/\/www.estrategiaconcursos.com.br\/blog\/?s={search_term_string}\"},\"query-input\":{\"@type\":\"PropertyValueSpecification\",\"valueRequired\":true,\"valueName\":\"search_term_string\"}}],\"inLanguage\":\"pt-BR\"},{\"@type\":\"Organization\",\"@id\":\"https:\/\/www.estrategiaconcursos.com.br\/blog\/#organization\",\"name\":\"Estrat\u00e9gia Concursos\",\"url\":\"https:\/\/www.estrategiaconcursos.com.br\/blog\/\",\"logo\":{\"@type\":\"ImageObject\",\"inLanguage\":\"pt-BR\",\"@id\":\"https:\/\/www.estrategiaconcursos.com.br\/blog\/#\/schema\/logo\/image\/\",\"url\":\"https:\/\/dhg1h5j42swfq.cloudfront.net\/2025\/06\/03203428\/logo_concursos-1.jpg\",\"contentUrl\":\"https:\/\/dhg1h5j42swfq.cloudfront.net\/2025\/06\/03203428\/logo_concursos-1.jpg\",\"width\":230,\"height\":60,\"caption\":\"Estrat\u00e9gia Concursos\"},\"image\":{\"@id\":\"https:\/\/www.estrategiaconcursos.com.br\/blog\/#\/schema\/logo\/image\/\"},\"sameAs\":[\"https:\/\/x.com\/EstratConcursos\"]},{\"@type\":\"Person\",\"@id\":\"https:\/\/www.estrategiaconcursos.com.br\/blog\/#\/schema\/person\/9b94727dcf4410f4a7931c83966c843b\",\"name\":\"Let\u00edcia Teixeira\",\"image\":{\"@type\":\"ImageObject\",\"inLanguage\":\"pt-BR\",\"@id\":\"https:\/\/secure.gravatar.com\/avatar\/fb589b06b881e20b676d08f9d03226d1e3291ba2f90e751ddc9ccb21abf0244d?s=96&d=mm&r=g\",\"url\":\"https:\/\/secure.gravatar.com\/avatar\/fb589b06b881e20b676d08f9d03226d1e3291ba2f90e751ddc9ccb21abf0244d?s=96&d=mm&r=g\",\"contentUrl\":\"https:\/\/secure.gravatar.com\/avatar\/fb589b06b881e20b676d08f9d03226d1e3291ba2f90e751ddc9ccb21abf0244d?s=96&d=mm&r=g\",\"caption\":\"Let\u00edcia Teixeira\"},\"description\":\"Jornalista com experi\u00eancia de mais de quatro anos no segmento de concursos p\u00fablicos. Especializada em Narrativa Transm\u00eddia e Storytelling pela Universidade Cat\u00f3lica de Bras\u00edlia, com atua\u00e7\u00e3o nas \u00e1reas de SEO, conte\u00fado, Webwriting e Copywriting.\",\"url\":\"https:\/\/www.estrategiaconcursos.com.br\/blog\/author\/leticia-teixeiraestrategia-com\/\"}]}<\/script>\n<!-- \/ Yoast SEO Premium plugin. -->","yoast_head_json":{"title":"Novos sal\u00e1rios na PF e PRF: proposta de reestrutura\u00e7\u00e3o assinada","description":"O MGI assinou o acordo que prev\u00ea a reestrutura\u00e7\u00e3o de diversas carreiras da Pol\u00edcia Federal (PF) e Pol\u00edcia Rodovi\u00e1ria Federal (PRF).","robots":{"index":"index","follow":"follow","max-snippet":"max-snippet:-1","max-image-preview":"max-image-preview:large","max-video-preview":"max-video-preview:-1"},"canonical":"https:\/\/www.estrategiaconcursos.com.br\/blog\/salarios-pf-e-prf-proposta-restruturacao-assinada\/","og_locale":"pt_BR","og_type":"article","og_title":"Novos sal\u00e1rios na PF e PRF: proposta de reestrutura\u00e7\u00e3o assinada","og_description":"O MGI assinou o acordo que prev\u00ea a reestrutura\u00e7\u00e3o de diversas carreiras da Pol\u00edcia Federal (PF) e Pol\u00edcia Rodovi\u00e1ria Federal (PRF).","og_url":"https:\/\/www.estrategiaconcursos.com.br\/blog\/salarios-pf-e-prf-proposta-restruturacao-assinada\/","og_site_name":"Estrat\u00e9gia Concursos","article_published_time":"2023-12-28T19:42:21+00:00","article_modified_time":"2024-07-17T16:25:43+00:00","og_image":[{"width":768,"height":432,"url":"https:\/\/dhg1h5j42swfq.cloudfront.net\/2022\/02\/15173324\/concursos-policiais.jpg","type":"image\/jpeg"}],"author":"Let\u00edcia Teixeira","twitter_card":"summary_large_image","twitter_creator":"@EstratConcursos","twitter_site":"@EstratConcursos","twitter_misc":{"Escrito por":"Let\u00edcia Teixeira","Est. tempo de leitura":"2 minutos"},"schema":{"@context":"https:\/\/schema.org","@graph":[{"@type":"NewsArticle","@id":"https:\/\/www.estrategiaconcursos.com.br\/blog\/salarios-pf-e-prf-proposta-restruturacao-assinada\/#article","isPartOf":{"@id":"https:\/\/www.estrategiaconcursos.com.br\/blog\/salarios-pf-e-prf-proposta-restruturacao-assinada\/"},"author":{"name":"Let\u00edcia Teixeira","@id":"https:\/\/www.estrategiaconcursos.com.br\/blog\/#\/schema\/person\/9b94727dcf4410f4a7931c83966c843b"},"headline":"Novos sal\u00e1rios na PF e PRF: proposta de reestrutura\u00e7\u00e3o assinada","datePublished":"2023-12-28T19:42:21+00:00","dateModified":"2024-07-17T16:25:43+00:00","mainEntityOfPage":{"@id":"https:\/\/www.estrategiaconcursos.com.br\/blog\/salarios-pf-e-prf-proposta-restruturacao-assinada\/"},"wordCount":373,"commentCount":0,"publisher":{"@id":"https:\/\/www.estrategiaconcursos.com.br\/blog\/#organization"},"image":{"@id":"https:\/\/www.estrategiaconcursos.com.br\/blog\/salarios-pf-e-prf-proposta-restruturacao-assinada\/#primaryimage"},"thumbnailUrl":"https:\/\/dhg1h5j42swfq.cloudfront.net\/2022\/02\/15173324\/concursos-policiais.jpg","articleSection":["Jur\u00eddico - Delegado","Policial (Agente, Escriv\u00e3o e Investigador)","Policial (Guardas Civis)","\u00daltimas not\u00edcias"],"inLanguage":"pt-BR","potentialAction":[{"@type":"CommentAction","name":"Comment","target":["https:\/\/www.estrategiaconcursos.com.br\/blog\/salarios-pf-e-prf-proposta-restruturacao-assinada\/#respond"]}],"copyrightYear":"2023","copyrightHolder":{"@id":"https:\/\/www.estrategiaconcursos.com.br\/blog\/#organization"}},{"@type":"WebPage","@id":"https:\/\/www.estrategiaconcursos.com.br\/blog\/salarios-pf-e-prf-proposta-restruturacao-assinada\/","url":"https:\/\/www.estrategiaconcursos.com.br\/blog\/salarios-pf-e-prf-proposta-restruturacao-assinada\/","name":"Novos sal\u00e1rios na PF e PRF: proposta de reestrutura\u00e7\u00e3o assinada","isPartOf":{"@id":"https:\/\/www.estrategiaconcursos.com.br\/blog\/#website"},"primaryImageOfPage":{"@id":"https:\/\/www.estrategiaconcursos.com.br\/blog\/salarios-pf-e-prf-proposta-restruturacao-assinada\/#primaryimage"},"image":{"@id":"https:\/\/www.estrategiaconcursos.com.br\/blog\/salarios-pf-e-prf-proposta-restruturacao-assinada\/#primaryimage"},"thumbnailUrl":"https:\/\/dhg1h5j42swfq.cloudfront.net\/2022\/02\/15173324\/concursos-policiais.jpg","datePublished":"2023-12-28T19:42:21+00:00","dateModified":"2024-07-17T16:25:43+00:00","description":"O MGI assinou o acordo que prev\u00ea a reestrutura\u00e7\u00e3o de diversas carreiras da Pol\u00edcia Federal (PF) e Pol\u00edcia Rodovi\u00e1ria Federal (PRF).","breadcrumb":{"@id":"https:\/\/www.estrategiaconcursos.com.br\/blog\/salarios-pf-e-prf-proposta-restruturacao-assinada\/#breadcrumb"},"inLanguage":"pt-BR","potentialAction":[{"@type":"ReadAction","target":["https:\/\/www.estrategiaconcursos.com.br\/blog\/salarios-pf-e-prf-proposta-restruturacao-assinada\/"]}]},{"@type":"ImageObject","inLanguage":"pt-BR","@id":"https:\/\/www.estrategiaconcursos.com.br\/blog\/salarios-pf-e-prf-proposta-restruturacao-assinada\/#primaryimage","url":"https:\/\/dhg1h5j42swfq.cloudfront.net\/2022\/02\/15173324\/concursos-policiais.jpg","contentUrl":"https:\/\/dhg1h5j42swfq.cloudfront.net\/2022\/02\/15173324\/concursos-policiais.jpg","width":768,"height":432,"caption":"concursos de pol\u00edcia"},{"@type":"BreadcrumbList","@id":"https:\/\/www.estrategiaconcursos.com.br\/blog\/salarios-pf-e-prf-proposta-restruturacao-assinada\/#breadcrumb","itemListElement":[{"@type":"ListItem","position":1,"name":"In\u00edcio","item":"https:\/\/www.estrategiaconcursos.com.br\/blog\/"},{"@type":"ListItem","position":2,"name":"Novos sal\u00e1rios na PF e PRF: proposta de reestrutura\u00e7\u00e3o assinada"}]},{"@type":"WebSite","@id":"https:\/\/www.estrategiaconcursos.com.br\/blog\/#website","url":"https:\/\/www.estrategiaconcursos.com.br\/blog\/","name":"Estrat\u00e9gia Concursos","description":"O blog da Estrat\u00e9gia Concursos traz not\u00edcias sobre concursos e artigos de professores oferecendo cursos para concursos (pdf + videaulas) no site.","publisher":{"@id":"https:\/\/www.estrategiaconcursos.com.br\/blog\/#organization"},"potentialAction":[{"@type":"SearchAction","target":{"@type":"EntryPoint","urlTemplate":"https:\/\/www.estrategiaconcursos.com.br\/blog\/?s={search_term_string}"},"query-input":{"@type":"PropertyValueSpecification","valueRequired":true,"valueName":"search_term_string"}}],"inLanguage":"pt-BR"},{"@type":"Organization","@id":"https:\/\/www.estrategiaconcursos.com.br\/blog\/#organization","name":"Estrat\u00e9gia Concursos","url":"https:\/\/www.estrategiaconcursos.com.br\/blog\/","logo":{"@type":"ImageObject","inLanguage":"pt-BR","@id":"https:\/\/www.estrategiaconcursos.com.br\/blog\/#\/schema\/logo\/image\/","url":"https:\/\/dhg1h5j42swfq.cloudfront.net\/2025\/06\/03203428\/logo_concursos-1.jpg","contentUrl":"https:\/\/dhg1h5j42swfq.cloudfront.net\/2025\/06\/03203428\/logo_concursos-1.jpg","width":230,"height":60,"caption":"Estrat\u00e9gia Concursos"},"image":{"@id":"https:\/\/www.estrategiaconcursos.com.br\/blog\/#\/schema\/logo\/image\/"},"sameAs":["https:\/\/x.com\/EstratConcursos"]},{"@type":"Person","@id":"https:\/\/www.estrategiaconcursos.com.br\/blog\/#\/schema\/person\/9b94727dcf4410f4a7931c83966c843b","name":"Let\u00edcia Teixeira","image":{"@type":"ImageObject","inLanguage":"pt-BR","@id":"https:\/\/secure.gravatar.com\/avatar\/fb589b06b881e20b676d08f9d03226d1e3291ba2f90e751ddc9ccb21abf0244d?s=96&d=mm&r=g","url":"https:\/\/secure.gravatar.com\/avatar\/fb589b06b881e20b676d08f9d03226d1e3291ba2f90e751ddc9ccb21abf0244d?s=96&d=mm&r=g","contentUrl":"https:\/\/secure.gravatar.com\/avatar\/fb589b06b881e20b676d08f9d03226d1e3291ba2f90e751ddc9ccb21abf0244d?s=96&d=mm&r=g","caption":"Let\u00edcia Teixeira"},"description":"Jornalista com experi\u00eancia de mais de quatro anos no segmento de concursos p\u00fablicos. Especializada em Narrativa Transm\u00eddia e Storytelling pela Universidade Cat\u00f3lica de Bras\u00edlia, com atua\u00e7\u00e3o nas \u00e1reas de SEO, conte\u00fado, Webwriting e Copywriting.","url":"https:\/\/www.estrategiaconcursos.com.br\/blog\/author\/leticia-teixeiraestrategia-com\/"}]}},"_links":{"self":[{"href":"https:\/\/www.estrategiaconcursos.com.br\/blog\/wp-json\/wp\/v2\/posts\/1326792","targetHints":{"allow":["GET"]}}],"collection":[{"href":"https:\/\/www.estrategiaconcursos.com.br\/blog\/wp-json\/wp\/v2\/posts"}],"about":[{"href":"https:\/\/www.estrategiaconcursos.com.br\/blog\/wp-json\/wp\/v2\/types\/post"}],"author":[{"embeddable":true,"href":"https:\/\/www.estrategiaconcursos.com.br\/blog\/wp-json\/wp\/v2\/users\/2319"}],"replies":[{"embeddable":true,"href":"https:\/\/www.estrategiaconcursos.com.br\/blog\/wp-json\/wp\/v2\/comments?post=1326792"}],"version-history":[{"count":11,"href":"https:\/\/www.estrategiaconcursos.com.br\/blog\/wp-json\/wp\/v2\/posts\/1326792\/revisions"}],"predecessor-version":[{"id":1431533,"href":"https:\/\/www.estrategiaconcursos.com.br\/blog\/wp-json\/wp\/v2\/posts\/1326792\/revisions\/1431533"}],"wp:featuredmedia":[{"embeddable":true,"href":"https:\/\/www.estrategiaconcursos.com.br\/blog\/wp-json\/wp\/v2\/media\/969837"}],"wp:attachment":[{"href":"https:\/\/www.estrategiaconcursos.com.br\/blog\/wp-json\/wp\/v2\/media?parent=1326792"}],"wp:term":[{"taxonomy":"category","embeddable":true,"href":"https:\/\/www.estrategiaconcursos.com.br\/blog\/wp-json\/wp\/v2\/categories?post=1326792"},{"taxonomy":"post_tag","embeddable":true,"href":"https:\/\/www.estrategiaconcursos.com.br\/blog\/wp-json\/wp\/v2\/tags?post=1326792"},{"taxonomy":"tax_estado","embeddable":true,"href":"https:\/\/www.estrategiaconcursos.com.br\/blog\/wp-json\/wp\/v2\/tax_estado?post=1326792"}],"curies":[{"name":"wp","href":"https:\/\/api.w.org\/{rel}","templated":true}]}}