{"id":13250,"date":"2014-01-23T17:59:34","date_gmt":"2014-01-23T20:59:34","guid":{"rendered":"https:\/\/www.estrategiaconcursos.com.br\/blog\/?p=13250"},"modified":"2015-02-04T12:56:50","modified_gmt":"2015-02-04T15:56:50","slug":"prova-comentada-e-recursos-icmsrj-financas-publicas","status":"publish","type":"post","link":"https:\/\/www.estrategiaconcursos.com.br\/blog\/prova-comentada-e-recursos-icmsrj-financas-publicas\/","title":{"rendered":"Prova Comentada e Recursos ICMS\/RJ &#8211; Finan\u00e7as P\u00fablicas"},"content":{"rendered":"<p>Ol\u00e1 amigos! Como \u00e9 bom estar aqui!<\/p>\n<p>&nbsp;<\/p>\n<p>Vou comentar a prova de Auditor Fiscal da Receita Estadual do Rio de Janeiro, na parte de Finan\u00e7as P\u00fablicas.<\/p>\n<p>&nbsp;<\/p>\n<p>Utilizei a Prova A1 \u2013 Tipo 004. E vamos aos coment\u00e1rios da prova do ICMS\/RJ!<\/p>\n<p>&nbsp;<\/p>\n<p><strong>22. As receitas previstas e as despesas fixadas no projeto Lei Or\u00e7ament\u00e1ria Anual, referente a 2014, de um governo estadual foram as apresentadas no quadro a seguir (valores expressos em milh\u00f5es de reais):<\/strong><\/p>\n<p><strong>\u00a0<\/strong><\/p>\n<p><strong>\u00a0<\/strong><\/p>\n<p><strong>\u00a0<\/strong><\/p>\n<p><strong><span style=\"text-decoration: underline;\">Especifica\u00e7\u00e3o\/Receita Prevista <\/span><\/strong><\/p>\n<p><strong><span style=\"text-decoration: underline;\">\u00a0<\/span><\/strong><\/p>\n<p><strong><span style=\"text-decoration: underline;\">Receitas Correntes 27.500,00 <\/span><\/strong><\/p>\n<p><strong>Receita Tribut\u00e1ria 14.100,00 <\/strong><\/p>\n<p><strong>Receita de Contribui\u00e7\u00e3o 600,00 <\/strong><\/p>\n<p><strong>Receita Patrimonial 5.100,00 <\/strong><\/p>\n<p><strong>Transfer\u00eancias Correntes 6.600,00<\/strong><\/p>\n<p><strong>Demais Receitas Correntes <\/strong><\/p>\n<p><strong><span style=\"text-decoration: underline;\">\u00a0<\/span><\/strong><\/p>\n<p><strong><span style=\"text-decoration: underline;\">Receitas de Capital 9.000,00 <\/span><\/strong><\/p>\n<p><strong>Opera\u00e7\u00f5es de Cr\u00e9dito 8.000,00<\/strong><\/p>\n<p><strong>Aliena\u00e7\u00e3o de Bens 1.000,00<\/strong><\/p>\n<p><strong>\u00a0<\/strong><\/p>\n<p><strong><span style=\"text-decoration: underline;\">Especifica\u00e7\u00e3o\/Despesa Fixada <\/span><\/strong><\/p>\n<p><strong><span style=\"text-decoration: underline;\">\u00a0<\/span><\/strong><\/p>\n<p><strong><span style=\"text-decoration: underline;\">Despesas Correntes 28.000,00<\/span><\/strong><\/p>\n<p><strong>Pessoal e Encargos Sociais 14.000,00<\/strong><\/p>\n<p><strong>Juros e Encargos da D\u00edvida 2.000,00<\/strong><\/p>\n<p><strong>Outras Despesas Correntes 12.000,00<\/strong><\/p>\n<p><strong>\u00a0<\/strong><\/p>\n<p><strong><span style=\"text-decoration: underline;\">Despesas de Capital 8.500,00<\/span><\/strong><\/p>\n<p><strong>Investimentos 7.500,00<\/strong><\/p>\n<p><strong>Invers\u00f5es Financeiras 400,00<\/strong><\/p>\n<p><strong>Amortiza\u00e7\u00e3o da D\u00edvida 600,00<\/strong><\/p>\n<p><strong>\u00a0<\/strong><\/p>\n<p><strong>Com base nessas informa\u00e7\u00f5es, a Regra de Ouro, estabelecida no art. 167, inciso III, da Constitui\u00e7\u00e3o Federal, foi <\/strong><\/p>\n<p><strong>A) desrespeitada, pois o montante previsto para as Opera\u00e7\u00f5es de Cr\u00e9dito \u00e9 maior do que os montantes fixados para as despesas com Investimentos e Invers\u00f5es Financeiras, em conjunto.<\/strong><\/p>\n<p><strong>(B) observada, pois o montante previsto para a Aliena\u00e7\u00e3o de Bens \u00e9 maior do que aquele fixado para as despesas com Invers\u00f5es Financeiras.<\/strong><\/p>\n<p><strong>(C) observada, pois o montante previsto para as Opera\u00e7\u00f5es de Cr\u00e9dito \u00e9 menor do que aquele fixado para as Despesas de Capital.<\/strong><\/p>\n<p><strong>(D) desrespeitada, pois o montante previsto para as Receitas de Capital \u00e9 maior do que aquele fixado para as Despesas de Capital.<\/strong><\/p>\n<p><strong>(E) desrespeitada, pois o montante previsto para as Opera\u00e7\u00f5es de Cr\u00e9dito \u00e9 maior do que aquele fixado para as despesas com Investimentos.<\/strong><\/p>\n<p>&nbsp;<\/p>\n<p>Iniciando meus coment\u00e1rios para a prova do ICMS\/RJ, trata-se de uma quest\u00e3o apenas para assustar. N\u00e3o \u00e9 necess\u00e1ria sequer uma soma.<\/p>\n<p>&nbsp;<\/p>\n<p><span style=\"text-decoration: underline;\">Regra de ouro<\/span>: \u00e9 vedada a realiza\u00e7\u00e3o de opera\u00e7\u00f5es de cr\u00e9ditos (na quest\u00e3o o valor \u00e9 de 8.000,00) que excedam o montante das despesas de capital (na quest\u00e3o o valor \u00e9 de 8.500,00), ressalvadas as autorizadas mediante cr\u00e9ditos suplementares ou especiais com finalidade precisa, aprovados pelo Poder Legislativo por maioria absoluta.<\/p>\n<p>&nbsp;<\/p>\n<p>Logo, <strong>a regra de ouro foi observada, pois o montante previsto para as Opera\u00e7\u00f5es de Cr\u00e9dito (8.000,00) \u00e9 menor do que aquele fixado para as Despesas de Capital (8.500,00).<\/strong><\/p>\n<p>&nbsp;<\/p>\n<p>Resposta: Letra C<\/p>\n<p><b>\u00a0<\/b><\/p>\n<p>A <b>Q23<\/b> foi comentada pelo Prof. Heber Carvalho, em outro artigo no site.<a href=\"http:\/\/www.estrategiaconcursos.com.br\/blog\/comentarios-as-questoes-de-economia-do-icmsrj\/\"><br \/>\n<\/a><\/p>\n<p><strong>24. Considere as despesas, a seguir, referentes ao Poder Executivo de um governo estadual e ao exerc\u00edcio financeiro de 2012 (valores expressos em milhares de reais):<\/strong><\/p>\n<p><strong>\u00a0<\/strong><\/p>\n<p><strong>\u00a0<\/strong><\/p>\n<p><strong>\u00a0<\/strong><\/p>\n<p><strong>Elemento de Despesa\/Valor Apurado com base no regime de compet\u00eancia<\/strong><\/p>\n<p><strong>Contrata\u00e7\u00e3o por Tempo Determinado 20.000,00<\/strong><\/p>\n<p><strong>Obriga\u00e7\u00f5es Patronais 110.000,00<\/strong><\/p>\n<p><strong>Vencimentos e Vantagens Fixas \u2212 Pessoal Civil 340.000,00<\/strong><\/p>\n<p><strong>Outras Despesas Vari\u00e1veis \u2212 Pessoal Civil 10.000,00<\/strong><\/p>\n<p><strong>Outros Servi\u00e7os de Terceiros \u2212 Pessoa F\u00edsica 40.000,00<\/strong><\/p>\n<p><strong>Passagens e Despesas com Locomo\u00e7\u00e3o 2.000,00<\/strong><\/p>\n<p><strong>Indeniza\u00e7\u00f5es Trabalhistas (indeniza\u00e7\u00f5es por demiss\u00e3o) 14.000,00<\/strong><\/p>\n<p><strong>Outras Despesas de Pessoal decorrentes de Contratos de Terceiriza\u00e7\u00e3o 5.000,00<\/strong><\/p>\n<p><strong>\u00a0<\/strong><\/p>\n<p><strong>A Receita Corrente L\u00edquida no exerc\u00edcio de 2012 foi R$ (mil) 1.000.000,00. Em 2012, com base na Lei de Responsabilidade Fiscal, o Poder Executivo Estadual<\/strong><\/p>\n<p><strong>a) gastou R$ (mil) 71.000,00 a menos do que o limite prudencial de despesa total com pessoal.<\/strong><\/p>\n<p><strong>b) n\u00e3o ultrapassou o limite pelo qual deveria ser alertado pelo Tribunal de Contas (limite de alerta).<\/strong><\/p>\n<p><strong>c) ultrapassou o limite m\u00e1ximo de despesa total com pessoal em R$ (mil) 9.000,00.<\/strong><\/p>\n<p><strong>d) ultrapassou o limite prudencial de despesa total com pessoal em R$ (mil) 19.500,00.<\/strong><\/p>\n<p><strong>e) gastou R$ (mil) 49.000,00 a menos do que o limite m\u00e1ximo de despesa total com pessoal.<\/strong><\/p>\n<p>&nbsp;<\/p>\n<p>Continuando meus coment\u00e1rios para a prova do ICMS\/RJ, vamos organizar o racioc\u00ednio.<\/p>\n<p>&nbsp;<\/p>\n<p><strong>RCL = R$1.000.000,00<\/strong><\/p>\n<p><b>\u00a0<\/b><\/p>\n<p>O limite do Poder Executivo Estadual \u00e9 de 40,9% da RCL, logo o <span style=\"text-decoration: underline;\">limite m\u00e1ximo \u00e9 de 490.000,00.<\/span><\/p>\n<p>&nbsp;<\/p>\n<p>O limite de alerta \u00e9 de 90% do total, ou seja, \u00e9 de 90% de 490.000,00. Logo, o <span style=\"text-decoration: underline;\">limite de alerta \u00e9 R$441.000,00<\/span><b>.<\/b><\/p>\n<p><b>\u00a0<\/b><\/p>\n<p>O limite prudencial \u00e9 de 95% do total, ou seja, \u00e9 de 95% de 490.000,00. Logo, o <span style=\"text-decoration: underline;\">limite prudencial \u00e9 R$465.500,00<\/span><b>.<\/b><\/p>\n<p>&nbsp;<\/p>\n<p><strong>S\u00e3o despesas com pessoal:<\/strong><\/p>\n<p>Contrata\u00e7\u00e3o por Tempo Determinado 20.000,00<\/p>\n<p>Obriga\u00e7\u00f5es Patronais 110.000,00<\/p>\n<p>Vencimentos e Vantagens Fixas \u2212 Pessoal Civil 340.000,00<\/p>\n<p>Outras Despesas Vari\u00e1veis \u2212 Pessoal Civil 10.000,00<\/p>\n<p>Outras Despesas de Pessoal decorrentes de Contratos de Terceiriza\u00e7\u00e3o 5.000,00<\/p>\n<p><strong>Total = R$485.000,00<\/strong><\/p>\n<p>&nbsp;<\/p>\n<p><strong>Na quest\u00e3o (em R$ mil)<\/strong>:<\/p>\n<p>&nbsp;<\/p>\n<p>a) Errada. O Poder Executivo Estadual gastou <strong>R$ 19.500,00 a mais<\/strong> do que o limite prudencial de despesa total com pessoal. O limite prudencial \u00e9 R$465.500,00 e as despesas com pessoal chegaram a R$485.000,00.<\/p>\n<p>&nbsp;<\/p>\n<p>b) Errada. O Poder Executivo Estadual <strong>ultrapassou <\/strong>o limite pelo qual deveria ser alertado pelo Tribunal de Contas (limite de alerta). O limite de alerta \u00e9 R$441.000,00 e as despesas com pessoal chegaram a R$485.000,00.<\/p>\n<p>&nbsp;<\/p>\n<p>c) Errada. O Poder Executivo Estadual <strong>n\u00e3o <\/strong>ultrapassou o limite m\u00e1ximo de despesa total com pessoal. O limite m\u00e1ximo \u00e9 R$490.000,00 e as despesas com pessoal chegaram a R$485.000,00.<\/p>\n<p>&nbsp;<\/p>\n<p>d) Correta. O Poder Executivo Estadual ultrapassou o limite prudencial de despesa total com pessoal em R$ 19.500,00. O limite prudencial \u00e9 R$465.500,00 e as despesas com pessoal chegaram a R$485.000,00.<\/p>\n<p>&nbsp;<\/p>\n<p>e) Errada. O Poder Executivo Estadual gastou R$ <strong>5.000,00<\/strong> a menos do que o limite m\u00e1ximo de despesa total com pessoal. O limite m\u00e1ximo \u00e9 R$490.000,00 e as despesas com pessoal chegaram a R$485.000,00.<\/p>\n<p>&nbsp;<\/p>\n<p>Resposta: Letra D<\/p>\n<p>&nbsp;<\/p>\n<p><strong>25. O aumento de remunera\u00e7\u00e3o dos professores do ensino m\u00e9dio da rede p\u00fablica estadual, servidores da Administra\u00e7\u00e3o direta que atuam na manuten\u00e7\u00e3o das atividades de ensino,<\/strong><\/p>\n<p><strong>(A) impacta o or\u00e7amento da seguridade social.<\/strong><\/p>\n<p><strong>(B) deve ser classificado em Reservas para Conting\u00eancias na Lei Or\u00e7ament\u00e1ria Anual.<\/strong><\/p>\n<p><strong>(C) aumenta a despesa de capital.<\/strong><\/p>\n<p><strong>(D) deve ter autoriza\u00e7\u00e3o espec\u00edfica na Lei de Diretrizes Or\u00e7ament\u00e1rias.<\/strong><\/p>\n<p><strong>(E) impacta o or\u00e7amento de investimentos das autarquias.<\/strong><\/p>\n<p><b><i>\u00a0<\/i><\/b><\/p>\n<p><b>Cabe recurso! <\/b>\u00c9 recurso para o ICMS\/RJ!<b><\/b><\/p>\n<p><b>\u00a0<\/b><\/p>\n<p>a) <strong>Errada pela Banca, mas est\u00e1 correta.<\/strong> O aumento de qualquer categoria <strong>impacta<\/strong> tamb\u00e9m no Or\u00e7amento da Seguridade Social.<b><i> <\/i><\/b>No m\u00ednimo, o ente aumentar\u00e1 suas receitas previdenci\u00e1rias decorrentes das contribui\u00e7\u00f5es dos segurados e aumentar\u00e1 as despesas previdenci\u00e1rias patronais.<\/p>\n<p><b><i>\u00a0<\/i><\/b><\/p>\n<p>b) Errada. <strong>N\u00e3o <\/strong>\u00e9 reserva de conting\u00eancia, a qual \u00e9 destinada ao atendimento de passivos contingentes e outros riscos e eventos fiscais imprevistos.<\/p>\n<p>&nbsp;<\/p>\n<p>c) Errada. As despesas com pessoal s\u00e3o <strong>correntes<\/strong>.<\/p>\n<p>&nbsp;<\/p>\n<p>d) Correta. No art. 169 da CF\/1988:<\/p>\n<p><i>\u00a7 1\u00ba A concess\u00e3o de qualquer vantagem ou aumento de remunera\u00e7\u00e3o, a cria\u00e7\u00e3o de cargos, empregos e fun\u00e7\u00f5es ou altera\u00e7\u00e3o de estrutura de carreiras, bem como a admiss\u00e3o ou contrata\u00e7\u00e3o de pessoal, a qualquer t\u00edtulo, pelos \u00f3rg\u00e3os e entidades da administra\u00e7\u00e3o direta ou indireta, inclusive funda\u00e7\u00f5es institu\u00eddas e mantidas pelo poder p\u00fablico, s\u00f3 poder\u00e3o ser feitas:<\/i><\/p>\n<p><i>\u00a0<\/i><\/p>\n<p>Tal par\u00e1grafo pode ser resumido da seguinte forma: \u201c<span style=\"text-decoration: underline;\">os aumentos de despesas com pessoal, independentemente da forma ou do \u00f3rg\u00e3o, s\u00f3 poder\u00e3o ser feitos<\/span>:\u201d.<\/p>\n<p><i>\u00a0<\/i><\/p>\n<p><em>I \u2013 se houver pr\u00e9via dota\u00e7\u00e3o or\u00e7ament\u00e1ria suficiente para atender \u00e0s proje\u00e7\u00f5es de despesa de pessoal e aos acr\u00e9scimos dela decorrentes;<\/em><\/p>\n<p><em>II \u2013 <strong>se houver autoriza\u00e7\u00e3o espec\u00edfica na lei de diretrizes or\u00e7ament\u00e1rias<\/strong>, ressalvadas as empresas p\u00fablicas e as sociedades de economia mista<b>.<\/b><\/em><\/p>\n<p>&nbsp;<\/p>\n<p>e) Errada. N\u00e3o faz sentido algum.<\/p>\n<p>&nbsp;<\/p>\n<p>Gabarito da Banca: Letra D<\/p>\n<p>&nbsp;<\/p>\n<p><strong>Gabarito proposto: anula\u00e7\u00e3o (duas respostas corretas: \u201cA\u201d e \u201cD\u201d).<\/strong><\/p>\n<p>&nbsp;<\/p>\n<p><strong>26. No Anexo de Metas Fiscais, na avalia\u00e7\u00e3o do cumprimento da meta de resultado prim\u00e1rio do exerc\u00edcio anterior, um dos motivos que justificam o N\u00c3O cumprimento de tal meta \u00e9<\/strong><\/p>\n<p><strong>(A) o aumento da despesa realizada com juros e encargos sobre a d\u00edvida.<\/strong><\/p>\n<p><strong>(B) o aumento da d\u00edvida fundada pelas varia\u00e7\u00f5es desfavor\u00e1veis da taxa cambial.<\/strong><\/p>\n<p><strong>(C) a redu\u00e7\u00e3o da arrecada\u00e7\u00e3o da receita referente a juros de aplica\u00e7\u00f5es financeiras em decorr\u00eancia do decr\u00e9scimo dos rendimentos.<\/strong><\/p>\n<p><strong>(D) o aumento da despesa realizada com a amortiza\u00e7\u00e3o da d\u00edvida fundada.<\/strong><\/p>\n<p><strong>(E) a arrecada\u00e7\u00e3o de tributos menor do que a previs\u00e3o em decorr\u00eancia do crescimento econ\u00f4mico menor do que aquele esperado para o per\u00edodo.<\/strong><\/p>\n<p>&nbsp;<\/p>\n<p>O resultado prim\u00e1rio considera apenas as receitas e despesas prim\u00e1rias, tamb\u00e9m chamadas de n\u00e3o financeiras. Tal resultado corresponde \u00e0 diferen\u00e7a entre as receitas arrecadadas e as despesas empenhadas, <strong>n\u00e3o <\/strong>considerando o pagamento do principal e dos juros da d\u00edvida, tampouco\u00a0as receitas financeiras.<\/p>\n<p>&nbsp;<\/p>\n<p>Assim, por tal conceito, j\u00e1 podemos eliminar as quatro primeiras alternativas, pois versam sobre d\u00edvidas e receitas financeiras.<\/p>\n<p>&nbsp;<\/p>\n<p>Na alternativa \u201cE\u201d, a diminui\u00e7\u00e3o da arrecada\u00e7\u00e3o de tributos, os quais s\u00e3o receitas prim\u00e1rias, \u00e9 um motivo que explica o n\u00e3o cumprimento da meta de resultado prim\u00e1rio.<\/p>\n<p>&nbsp;<\/p>\n<p>Resposta: Letra E<\/p>\n<p>&nbsp;<\/p>\n<p><strong>27. De acordo com a Lei Complementar n\u00ba 131\/2009, os Estados que n\u00e3o assegurarem a transpar\u00eancia mediante libera\u00e7\u00e3o ao pleno conhecimento e acompanhamento da sociedade, em tempo real, de informa\u00e7\u00f5es pormenorizadas sobre a execu\u00e7\u00e3o or\u00e7ament\u00e1ria e financeira, em meios eletr\u00f4nicos de acesso p\u00fablico, n\u00e3o poder\u00e3o <\/strong><\/p>\n<p><strong>(A) contratar opera\u00e7\u00f5es de cr\u00e9dito por antecipa\u00e7\u00e3o da receita or\u00e7ament\u00e1ria.<\/strong><\/p>\n<p><strong>(B) receber transfer\u00eancias volunt\u00e1rias.<\/strong><\/p>\n<p><strong>(C) obter garantia direta de outro ente.<\/strong><\/p>\n<p><strong>(D) obter garantia indireta de outro ente.<\/strong><\/p>\n<p><strong>(E) contratar opera\u00e7\u00f5es de cr\u00e9dito que visem \u00e0 redu\u00e7\u00e3o da despesa com pessoal.<\/strong><\/p>\n<p>&nbsp;<\/p>\n<p>Segundo o art. 48 da LRF, s\u00e3o instrumentos de transpar\u00eancia da gest\u00e3o fiscal, aos quais ser\u00e1 dada ampla divulga\u00e7\u00e3o, inclusive em meios eletr\u00f4nicos de acesso p\u00fablico: os planos, or\u00e7amentos e leis de diretrizes or\u00e7ament\u00e1rias; as presta\u00e7\u00f5es de contas e o respectivo parecer pr\u00e9vio; o Relat\u00f3rio Resumido da Execu\u00e7\u00e3o Or\u00e7ament\u00e1ria e o Relat\u00f3rio de Gest\u00e3o Fiscal; e as vers\u00f5es simplificadas desses documentos.<\/p>\n<p>&nbsp;<\/p>\n<p>A transpar\u00eancia ser\u00e1 assegurada tamb\u00e9m mediante (art. 48, par\u00e1grafo \u00fanico e art. 48-A):<\/p>\n<p>I) Incentivo \u00e0 participa\u00e7\u00e3o popular e realiza\u00e7\u00e3o de audi\u00eancias p\u00fablicas, durante os processos de elabora\u00e7\u00e3o e discuss\u00e3o dos planos, lei de diretrizes or\u00e7ament\u00e1rias e or\u00e7amentos.<\/p>\n<p>II) Libera\u00e7\u00e3o ao pleno conhecimento e acompanhamento da sociedade, em tempo real, de informa\u00e7\u00f5es pormenorizadas sobre a execu\u00e7\u00e3o or\u00e7ament\u00e1ria e financeira, em meios eletr\u00f4nicos de acesso p\u00fablico. Os entes da Federa\u00e7\u00e3o disponibilizar\u00e3o a qualquer pessoa f\u00edsica ou jur\u00eddica o acesso a informa\u00e7\u00f5es, quanto \u00e0 despesa, referentes a todos os atos praticados pelas unidades gestoras no decorrer da execu\u00e7\u00e3o da despesa, no momento de sua realiza\u00e7\u00e3o, com a disponibiliza\u00e7\u00e3o m\u00ednima dos dados referentes ao n\u00famero do correspondente processo, ao bem fornecido ou ao servi\u00e7o prestado, \u00e0 pessoa f\u00edsica ou jur\u00eddica benefici\u00e1ria do pagamento e, quando for o caso, ao procedimento licitat\u00f3rio realizado; e quanto \u00e0 receita, referente ao lan\u00e7amento e ao recebimento de toda a receita das unidades gestoras, inclusive referente a recursos extraordin\u00e1rios.<\/p>\n<p>III) Ado\u00e7\u00e3o de sistema integrado de Administra\u00e7\u00e3o Financeira e controle, que atenda a padr\u00e3o m\u00ednimo de qualidade estabelecido pelo Poder Executivo da Uni\u00e3o.<\/p>\n<p>&nbsp;<\/p>\n<p>O n\u00e3o atendimento, at\u00e9 o encerramento dos prazos previstos na LRF, das determina\u00e7\u00f5es contidas nos itens II e III acima sujeita o ente \u00e0 san\u00e7\u00e3o de n\u00e3o poder <b>receber <\/b><strong>transfer\u00eancias volunt\u00e1rias <\/strong>(art. 73-C da LRF).<\/p>\n<p>&nbsp;<\/p>\n<p>Resposta: Letra B<\/p>\n<p>&nbsp;<\/p>\n<p><strong>28. As transfer\u00eancias realizadas por um governo estadual para os munic\u00edpios referentes a conv\u00eanios celebrados para a constru\u00e7\u00e3o de pr\u00e9dios onde funcionar\u00e3o escolas t\u00e9cnicas s\u00e3o transfer\u00eancias<\/strong><\/p>\n<p><strong>(A) volunt\u00e1rias.<\/strong><\/p>\n<p><strong>(B) incondicionais.<\/strong><\/p>\n<p><strong>(C) do Fundo de Participa\u00e7\u00e3o dos Munic\u00edpios.<\/strong><\/p>\n<p><strong>(D) constitucionais.<\/strong><\/p>\n<p><strong>(E) legais.<\/strong><\/p>\n<p>&nbsp;<\/p>\n<p>Para efeito desta Lei Complementar,\u00a0entende-se por<strong> transfer\u00eancia volunt\u00e1ria <\/strong>a entrega de recursos correntes ou de capital a outro ente da Federa\u00e7\u00e3o, a t\u00edtulo de coopera\u00e7\u00e3o, aux\u00edlio ou assist\u00eancia financeira, que n\u00e3o decorra de determina\u00e7\u00e3o constitucional, legal ou os destinados ao Sistema \u00danico de Sa\u00fade (art. 25, <i>caput<\/i>, da LRF). \u00c9 o caso dos conv\u00eanios.<\/p>\n<p>&nbsp;<\/p>\n<p>Resposta: Letra A<\/p>\n<p>&nbsp;<\/p>\n<p><strong>29. No dia 02\/09\/2013, uma entidade da Administra\u00e7\u00e3o indireta estadual fez o empenho das despesas com Equipamentos e Material Permanente no valor de R$ 35.000,00 e com Servi\u00e7os de Terceiros \u2212 Pessoa Jur\u00eddica no valor de R$ 2.000,00 referentes, respectivamente, a aquisi\u00e7\u00e3o de um equipamento m\u00e9dico e servi\u00e7os necess\u00e1rios para a sua instala\u00e7\u00e3o. Em 16\/09\/2013, o fornecedor entregou o equipamento e, neste mesmo dia, houve a liquida\u00e7\u00e3o desta despesa, cujo pagamento ocorreu em 10\/10\/2013. No dia 04\/10\/2013, foi realizada a instala\u00e7\u00e3o do equipamento e liquidada a despesa com Servi\u00e7os de Terceiros \u2212 Pessoa Jur\u00eddica e, no dia 31\/10\/2013, houve o pagamento referente a esta presta\u00e7\u00e3o de servi\u00e7os para a entidade p\u00fablica. Considerando o enfoque patrimonial e que a vida \u00fatil estimada do equipamento era de 5 anos, a contabilidade deveria reconhecer<\/strong><\/p>\n<p><strong>(A) um passivo permanente de R$ 2.000,00 em outubro de 2013.<\/strong><\/p>\n<p><strong>(B) uma varia\u00e7\u00e3o patrimonial diminutiva de R$ 37.000,00 em outubro de 2013.<\/strong><\/p>\n<p><strong>(C) um passivo circulante de R$ 37.000,00 em setembro de 2013.<\/strong><\/p>\n<p><strong>(D) uma varia\u00e7\u00e3o patrimonial diminutiva de R$ 2.000,00 em setembro de 2013.<\/strong><\/p>\n<p><strong>(E) uma varia\u00e7\u00e3o patrimonial qualitativa de R$ 35.000,00 em setembro de 2013.<\/strong><\/p>\n<p>&nbsp;<\/p>\n<p>O edital for\u00e7ou a barra. Cobrar esse n\u00edvel de Contabilidade P\u00fablica com o simples t\u00f3pico \u201cdespesa sob o enfoque patrimonial\u201d, dentro de uma mat\u00e9ria denominada \u201cFinan\u00e7as P\u00fablicas\u201d, fugiu do bom senso.<\/p>\n<p>&nbsp;<\/p>\n<p>Varia\u00e7\u00f5es patrimoniais qualitativas s\u00e3o aquelas em que ocorrem permuta\u00e7\u00f5es de mesmo valor dos elementos do Patrim\u00f4nio, ou seja, as altera\u00e7\u00f5es do Patrim\u00f4nio que n\u00e3o alteram o valor do Patrim\u00f4nio L\u00edquido. Como exemplo tem-se a aquisi\u00e7\u00e3o de um material permanente, que \u00e9 uma varia\u00e7\u00e3o patrimonial qualitativa, pois o que acontece \u00e9 a troca (permuta) de uma obriga\u00e7\u00e3o de pagar pelo material permanente.<\/p>\n<p>Assim, a contabilidade deveria reconhecer uma <strong>varia\u00e7\u00e3o patrimonial qualitativa de R$ 35.000,00 em setembro de 2013.<\/strong><\/p>\n<p>Resposta: Letra E<\/p>\n<p>&nbsp;<\/p>\n<p><strong>30. Considere os dados extra\u00eddos do Balan\u00e7o Or\u00e7ament\u00e1rio de uma entidade p\u00fablica referente ao exerc\u00edcio financeiro de 2012:<\/strong><\/p>\n<p><strong>\u2212 Dota\u00e7\u00e3o Atualizada da Despesa: R$ 690.000,00<\/strong><\/p>\n<p><strong>\u2212 Despesas Empenhadas: R$ 685.000,00<\/strong><\/p>\n<p><strong>\u2212 Despesas Liquidadas: R$ 670.000,00<\/strong><\/p>\n<p><strong>\u2212 Despesas Pagas: R$ 640.000,00<\/strong><\/p>\n<p><strong>\u00a0<\/strong><\/p>\n<p><strong>Um fornecedor de material de inform\u00e1tica entregou \u00e0 entidade p\u00fablica, em fevereiro de 2013, dentro do prazo acordado com o gestor p\u00fablico, mercadorias no valor de R$ 3.000,00, cujo empenho foi anulado no encerramento do exerc\u00edcio de 2012.<\/strong><\/p>\n<p><strong>Com base nestas informa\u00e7\u00f5es, o valor inscrito em restos a pagar n\u00e3o processados, no exerc\u00edcio, foi,<\/strong><\/p>\n<p><strong>(A) R$ 15.000,00.<\/strong><\/p>\n<p><strong>(B) R$ 48.000,00.<\/strong><\/p>\n<p><strong>(C) R$ 30.000,00.<\/strong><\/p>\n<p><strong>(D) R$ 18.000,00.<\/strong><\/p>\n<p><strong>(E) R$ 20.000,00.<\/strong><\/p>\n<p><b>\u00a0<\/b><\/p>\n<p>Finalizando meus coment\u00e1rios para a prova do ICMS\/RJ, os restos a pagar n\u00e3o processados s\u00e3o aqueles de despesas empenhadas e n\u00e3o liquidadas.<\/p>\n<p>&nbsp;<\/p>\n<p>A pegadinha da quest\u00e3o \u00e9 o valor do empenho anulado. Nesse caso, a quest\u00e3o deixa claro que o empenho foi anulado no encerramento do exerc\u00edcio, logo o valor empenhado de R$685.000,00 que apareceu no Balan\u00e7o j\u00e1 \u00e9 l\u00edquido, ou seja, j\u00e1 foi descontado o empenho anulado.<\/p>\n<p>&nbsp;<\/p>\n<p>As despesas empenhadas (R$685.000,00) menos a liquidadas (R$670.000,00) trazem o valor de <strong>R$15.000,00.<\/strong><\/p>\n<p>&nbsp;<\/p>\n<p>Logo, o valor inscrito em restos a pagar n\u00e3o processados, no exerc\u00edcio, foi de<b> <\/b><strong>R$15.000,00.<\/strong><\/p>\n<p>&nbsp;<\/p>\n<p>Resposta: Letra A<\/p>\n<p>&nbsp;<\/p>\n<p>A prova de Administra\u00e7\u00e3o eu comentei antes da divulga\u00e7\u00e3o do gabarito preliminar em <a href=\"https:\/\/www.estrategiaconcursos.com.br\/blog\/prova-comentada-icmsrj-administracao-parte-de-afo\/\">https:\/\/www.estrategiaconcursos.com.br\/blog\/prova-comentada-icmsrj-administracao-parte-de-afo\/<\/a>. Bateu certinho com o gabarito da Banca.<\/p>\n<p>&nbsp;<\/p>\n<p>Forte abra\u00e7o!<\/p>\n<p>&nbsp;<\/p>\n<p>S\u00e9rgio Mendes<\/p>\n<p>&nbsp;<\/p>\n<p>Cursos online:\u00a0\u00a0<a href=\"http:\/\/www.estrategiaconcursos.com.br\/cursosPorProfessor\/sergio-mendes-3000\/\">http:\/\/www.estrategiaconcursos.com.br\/cursosPorProfessor\/sergio-mendes-3000\/<\/a><\/p>\n<p>Blog:\u00a0http:\/\/www.portaldoorcamento.com.br\/<\/p>\n<p>e-mail: sergiomendes@estrategiaconcursos.com.br<\/p>\n<p>Twitter: @sergiomendesafo<\/p>\n<p>https:\/\/www.facebook.com\/profsergiomendes<\/p>\n","protected":false},"excerpt":{"rendered":"<p>Ol\u00e1 amigos! Como \u00e9 bom estar aqui! &nbsp; Vou comentar a prova de Auditor Fiscal da Receita Estadual do Rio de Janeiro, na parte de Finan\u00e7as P\u00fablicas. &nbsp; Utilizei a Prova A1 \u2013 Tipo 004. E vamos aos coment\u00e1rios da prova do ICMS\/RJ! &nbsp; 22. As receitas previstas e as despesas fixadas no projeto Lei [&hellip;]<\/p>\n","protected":false},"author":29,"featured_media":0,"comment_status":"open","ping_status":"open","sticky":false,"template":"","format":"standard","meta":{"post_tipo":"article","footnotes":""},"categories":[1],"tags":[],"tax_estado":[],"class_list":["post-13250","post","type-post","status-publish","format-standard","hentry","category-cursos-e-concursos"],"acf":[],"yoast_head":"<!-- This site is optimized with the Yoast SEO Premium plugin v27.2 (Yoast SEO v27.2) - https:\/\/yoast.com\/product\/yoast-seo-premium-wordpress\/ -->\n<title>Prova Comentada e Recursos ICMS\/RJ - Finan\u00e7as P\u00fablicas<\/title>\n<meta name=\"robots\" content=\"index, follow, max-snippet:-1, max-image-preview:large, max-video-preview:-1\" \/>\n<link rel=\"canonical\" href=\"https:\/\/www.estrategiaconcursos.com.br\/blog\/prova-comentada-e-recursos-icmsrj-financas-publicas\/\" \/>\n<meta property=\"og:locale\" content=\"pt_BR\" \/>\n<meta property=\"og:type\" content=\"article\" \/>\n<meta property=\"og:title\" content=\"Prova Comentada e Recursos ICMS\/RJ - Finan\u00e7as P\u00fablicas\" \/>\n<meta property=\"og:description\" content=\"Ol\u00e1 amigos! Como \u00e9 bom estar aqui! &nbsp; Vou comentar a prova de Auditor Fiscal da Receita Estadual do Rio de Janeiro, na parte de Finan\u00e7as P\u00fablicas. &nbsp; Utilizei a Prova A1 \u2013 Tipo 004. E vamos aos coment\u00e1rios da prova do ICMS\/RJ! &nbsp; 22. As receitas previstas e as despesas fixadas no projeto Lei [&hellip;]\" \/>\n<meta property=\"og:url\" content=\"https:\/\/www.estrategiaconcursos.com.br\/blog\/prova-comentada-e-recursos-icmsrj-financas-publicas\/\" \/>\n<meta property=\"og:site_name\" content=\"Estrat\u00e9gia Concursos\" \/>\n<meta property=\"article:author\" content=\"https:\/\/www.facebook.com\/profsergiomendes\" \/>\n<meta property=\"article:published_time\" content=\"2014-01-23T20:59:34+00:00\" \/>\n<meta property=\"article:modified_time\" content=\"2015-02-04T15:56:50+00:00\" \/>\n<meta name=\"author\" content=\"S\u00e9rgio Mendes\" \/>\n<meta name=\"twitter:card\" content=\"summary_large_image\" \/>\n<meta name=\"twitter:creator\" content=\"@EstratConcursos\" \/>\n<meta name=\"twitter:site\" content=\"@EstratConcursos\" \/>\n<meta name=\"twitter:label1\" content=\"Escrito por\" \/>\n\t<meta name=\"twitter:data1\" content=\"S\u00e9rgio Mendes\" \/>\n\t<meta name=\"twitter:label2\" content=\"Est. tempo de leitura\" \/>\n\t<meta name=\"twitter:data2\" content=\"13 minutos\" \/>\n<script type=\"application\/ld+json\" class=\"yoast-schema-graph\">{\"@context\":\"https:\/\/schema.org\",\"@graph\":[{\"@type\":\"NewsArticle\",\"@id\":\"https:\/\/www.estrategiaconcursos.com.br\/blog\/prova-comentada-e-recursos-icmsrj-financas-publicas\/#article\",\"isPartOf\":{\"@id\":\"https:\/\/www.estrategiaconcursos.com.br\/blog\/prova-comentada-e-recursos-icmsrj-financas-publicas\/\"},\"author\":{\"name\":\"S\u00e9rgio Mendes\",\"@id\":\"https:\/\/www.estrategiaconcursos.com.br\/blog\/#\/schema\/person\/4ddc4a162b4fdffa2ea9956dbf62f583\"},\"headline\":\"Prova Comentada e Recursos ICMS\/RJ &#8211; Finan\u00e7as P\u00fablicas\",\"datePublished\":\"2014-01-23T20:59:34+00:00\",\"dateModified\":\"2015-02-04T15:56:50+00:00\",\"mainEntityOfPage\":{\"@id\":\"https:\/\/www.estrategiaconcursos.com.br\/blog\/prova-comentada-e-recursos-icmsrj-financas-publicas\/\"},\"wordCount\":2643,\"commentCount\":0,\"publisher\":{\"@id\":\"https:\/\/www.estrategiaconcursos.com.br\/blog\/#organization\"},\"articleSection\":[\"Concursos P\u00fablicos\"],\"inLanguage\":\"pt-BR\",\"potentialAction\":[{\"@type\":\"CommentAction\",\"name\":\"Comment\",\"target\":[\"https:\/\/www.estrategiaconcursos.com.br\/blog\/prova-comentada-e-recursos-icmsrj-financas-publicas\/#respond\"]}],\"copyrightYear\":\"2014\",\"copyrightHolder\":{\"@id\":\"https:\/\/www.estrategiaconcursos.com.br\/blog\/#organization\"}},{\"@type\":\"WebPage\",\"@id\":\"https:\/\/www.estrategiaconcursos.com.br\/blog\/prova-comentada-e-recursos-icmsrj-financas-publicas\/\",\"url\":\"https:\/\/www.estrategiaconcursos.com.br\/blog\/prova-comentada-e-recursos-icmsrj-financas-publicas\/\",\"name\":\"Prova Comentada e Recursos ICMS\/RJ - Finan\u00e7as P\u00fablicas\",\"isPartOf\":{\"@id\":\"https:\/\/www.estrategiaconcursos.com.br\/blog\/#website\"},\"datePublished\":\"2014-01-23T20:59:34+00:00\",\"dateModified\":\"2015-02-04T15:56:50+00:00\",\"breadcrumb\":{\"@id\":\"https:\/\/www.estrategiaconcursos.com.br\/blog\/prova-comentada-e-recursos-icmsrj-financas-publicas\/#breadcrumb\"},\"inLanguage\":\"pt-BR\",\"potentialAction\":[{\"@type\":\"ReadAction\",\"target\":[\"https:\/\/www.estrategiaconcursos.com.br\/blog\/prova-comentada-e-recursos-icmsrj-financas-publicas\/\"]}]},{\"@type\":\"BreadcrumbList\",\"@id\":\"https:\/\/www.estrategiaconcursos.com.br\/blog\/prova-comentada-e-recursos-icmsrj-financas-publicas\/#breadcrumb\",\"itemListElement\":[{\"@type\":\"ListItem\",\"position\":1,\"name\":\"In\u00edcio\",\"item\":\"https:\/\/www.estrategiaconcursos.com.br\/blog\/\"},{\"@type\":\"ListItem\",\"position\":2,\"name\":\"Prova Comentada e Recursos ICMS\/RJ &#8211; Finan\u00e7as P\u00fablicas\"}]},{\"@type\":\"WebSite\",\"@id\":\"https:\/\/www.estrategiaconcursos.com.br\/blog\/#website\",\"url\":\"https:\/\/www.estrategiaconcursos.com.br\/blog\/\",\"name\":\"Estrat\u00e9gia Concursos\",\"description\":\"O blog da Estrat\u00e9gia Concursos traz not\u00edcias sobre concursos e artigos de professores oferecendo cursos para concursos (pdf + videaulas) no site.\",\"publisher\":{\"@id\":\"https:\/\/www.estrategiaconcursos.com.br\/blog\/#organization\"},\"potentialAction\":[{\"@type\":\"SearchAction\",\"target\":{\"@type\":\"EntryPoint\",\"urlTemplate\":\"https:\/\/www.estrategiaconcursos.com.br\/blog\/?s={search_term_string}\"},\"query-input\":{\"@type\":\"PropertyValueSpecification\",\"valueRequired\":true,\"valueName\":\"search_term_string\"}}],\"inLanguage\":\"pt-BR\"},{\"@type\":\"Organization\",\"@id\":\"https:\/\/www.estrategiaconcursos.com.br\/blog\/#organization\",\"name\":\"Estrat\u00e9gia Concursos\",\"url\":\"https:\/\/www.estrategiaconcursos.com.br\/blog\/\",\"logo\":{\"@type\":\"ImageObject\",\"inLanguage\":\"pt-BR\",\"@id\":\"https:\/\/www.estrategiaconcursos.com.br\/blog\/#\/schema\/logo\/image\/\",\"url\":\"https:\/\/dhg1h5j42swfq.cloudfront.net\/2025\/06\/03203428\/logo_concursos-1.jpg\",\"contentUrl\":\"https:\/\/dhg1h5j42swfq.cloudfront.net\/2025\/06\/03203428\/logo_concursos-1.jpg\",\"width\":230,\"height\":60,\"caption\":\"Estrat\u00e9gia Concursos\"},\"image\":{\"@id\":\"https:\/\/www.estrategiaconcursos.com.br\/blog\/#\/schema\/logo\/image\/\"},\"sameAs\":[\"https:\/\/x.com\/EstratConcursos\"]},{\"@type\":\"Person\",\"@id\":\"https:\/\/www.estrategiaconcursos.com.br\/blog\/#\/schema\/person\/4ddc4a162b4fdffa2ea9956dbf62f583\",\"name\":\"S\u00e9rgio Mendes\",\"image\":{\"@type\":\"ImageObject\",\"inLanguage\":\"pt-BR\",\"@id\":\"https:\/\/secure.gravatar.com\/avatar\/4eb4b562c33f40d6f7f76579da7e07350c69579df7db305d32a69ed32ecfd5ce?s=96&d=mm&r=g\",\"url\":\"https:\/\/secure.gravatar.com\/avatar\/4eb4b562c33f40d6f7f76579da7e07350c69579df7db305d32a69ed32ecfd5ce?s=96&d=mm&r=g\",\"contentUrl\":\"https:\/\/secure.gravatar.com\/avatar\/4eb4b562c33f40d6f7f76579da7e07350c69579df7db305d32a69ed32ecfd5ce?s=96&d=mm&r=g\",\"caption\":\"S\u00e9rgio Mendes\"},\"sameAs\":[\"https:\/\/www.facebook.com\/profsergiomendes\"],\"url\":\"https:\/\/www.estrategiaconcursos.com.br\/blog\/author\/sergiomendesestrategiaconcursos-com-br\/\"}]}<\/script>\n<!-- \/ Yoast SEO Premium plugin. -->","yoast_head_json":{"title":"Prova Comentada e Recursos ICMS\/RJ - Finan\u00e7as P\u00fablicas","robots":{"index":"index","follow":"follow","max-snippet":"max-snippet:-1","max-image-preview":"max-image-preview:large","max-video-preview":"max-video-preview:-1"},"canonical":"https:\/\/www.estrategiaconcursos.com.br\/blog\/prova-comentada-e-recursos-icmsrj-financas-publicas\/","og_locale":"pt_BR","og_type":"article","og_title":"Prova Comentada e Recursos ICMS\/RJ - Finan\u00e7as P\u00fablicas","og_description":"Ol\u00e1 amigos! Como \u00e9 bom estar aqui! &nbsp; Vou comentar a prova de Auditor Fiscal da Receita Estadual do Rio de Janeiro, na parte de Finan\u00e7as P\u00fablicas. &nbsp; Utilizei a Prova A1 \u2013 Tipo 004. E vamos aos coment\u00e1rios da prova do ICMS\/RJ! &nbsp; 22. As receitas previstas e as despesas fixadas no projeto Lei [&hellip;]","og_url":"https:\/\/www.estrategiaconcursos.com.br\/blog\/prova-comentada-e-recursos-icmsrj-financas-publicas\/","og_site_name":"Estrat\u00e9gia Concursos","article_author":"https:\/\/www.facebook.com\/profsergiomendes","article_published_time":"2014-01-23T20:59:34+00:00","article_modified_time":"2015-02-04T15:56:50+00:00","author":"S\u00e9rgio Mendes","twitter_card":"summary_large_image","twitter_creator":"@EstratConcursos","twitter_site":"@EstratConcursos","twitter_misc":{"Escrito por":"S\u00e9rgio Mendes","Est. tempo de leitura":"13 minutos"},"schema":{"@context":"https:\/\/schema.org","@graph":[{"@type":"NewsArticle","@id":"https:\/\/www.estrategiaconcursos.com.br\/blog\/prova-comentada-e-recursos-icmsrj-financas-publicas\/#article","isPartOf":{"@id":"https:\/\/www.estrategiaconcursos.com.br\/blog\/prova-comentada-e-recursos-icmsrj-financas-publicas\/"},"author":{"name":"S\u00e9rgio Mendes","@id":"https:\/\/www.estrategiaconcursos.com.br\/blog\/#\/schema\/person\/4ddc4a162b4fdffa2ea9956dbf62f583"},"headline":"Prova Comentada e Recursos ICMS\/RJ &#8211; Finan\u00e7as P\u00fablicas","datePublished":"2014-01-23T20:59:34+00:00","dateModified":"2015-02-04T15:56:50+00:00","mainEntityOfPage":{"@id":"https:\/\/www.estrategiaconcursos.com.br\/blog\/prova-comentada-e-recursos-icmsrj-financas-publicas\/"},"wordCount":2643,"commentCount":0,"publisher":{"@id":"https:\/\/www.estrategiaconcursos.com.br\/blog\/#organization"},"articleSection":["Concursos P\u00fablicos"],"inLanguage":"pt-BR","potentialAction":[{"@type":"CommentAction","name":"Comment","target":["https:\/\/www.estrategiaconcursos.com.br\/blog\/prova-comentada-e-recursos-icmsrj-financas-publicas\/#respond"]}],"copyrightYear":"2014","copyrightHolder":{"@id":"https:\/\/www.estrategiaconcursos.com.br\/blog\/#organization"}},{"@type":"WebPage","@id":"https:\/\/www.estrategiaconcursos.com.br\/blog\/prova-comentada-e-recursos-icmsrj-financas-publicas\/","url":"https:\/\/www.estrategiaconcursos.com.br\/blog\/prova-comentada-e-recursos-icmsrj-financas-publicas\/","name":"Prova Comentada e Recursos ICMS\/RJ - Finan\u00e7as P\u00fablicas","isPartOf":{"@id":"https:\/\/www.estrategiaconcursos.com.br\/blog\/#website"},"datePublished":"2014-01-23T20:59:34+00:00","dateModified":"2015-02-04T15:56:50+00:00","breadcrumb":{"@id":"https:\/\/www.estrategiaconcursos.com.br\/blog\/prova-comentada-e-recursos-icmsrj-financas-publicas\/#breadcrumb"},"inLanguage":"pt-BR","potentialAction":[{"@type":"ReadAction","target":["https:\/\/www.estrategiaconcursos.com.br\/blog\/prova-comentada-e-recursos-icmsrj-financas-publicas\/"]}]},{"@type":"BreadcrumbList","@id":"https:\/\/www.estrategiaconcursos.com.br\/blog\/prova-comentada-e-recursos-icmsrj-financas-publicas\/#breadcrumb","itemListElement":[{"@type":"ListItem","position":1,"name":"In\u00edcio","item":"https:\/\/www.estrategiaconcursos.com.br\/blog\/"},{"@type":"ListItem","position":2,"name":"Prova Comentada e Recursos ICMS\/RJ &#8211; Finan\u00e7as P\u00fablicas"}]},{"@type":"WebSite","@id":"https:\/\/www.estrategiaconcursos.com.br\/blog\/#website","url":"https:\/\/www.estrategiaconcursos.com.br\/blog\/","name":"Estrat\u00e9gia Concursos","description":"O blog da Estrat\u00e9gia Concursos traz not\u00edcias sobre concursos e artigos de professores oferecendo cursos para concursos (pdf + videaulas) no site.","publisher":{"@id":"https:\/\/www.estrategiaconcursos.com.br\/blog\/#organization"},"potentialAction":[{"@type":"SearchAction","target":{"@type":"EntryPoint","urlTemplate":"https:\/\/www.estrategiaconcursos.com.br\/blog\/?s={search_term_string}"},"query-input":{"@type":"PropertyValueSpecification","valueRequired":true,"valueName":"search_term_string"}}],"inLanguage":"pt-BR"},{"@type":"Organization","@id":"https:\/\/www.estrategiaconcursos.com.br\/blog\/#organization","name":"Estrat\u00e9gia Concursos","url":"https:\/\/www.estrategiaconcursos.com.br\/blog\/","logo":{"@type":"ImageObject","inLanguage":"pt-BR","@id":"https:\/\/www.estrategiaconcursos.com.br\/blog\/#\/schema\/logo\/image\/","url":"https:\/\/dhg1h5j42swfq.cloudfront.net\/2025\/06\/03203428\/logo_concursos-1.jpg","contentUrl":"https:\/\/dhg1h5j42swfq.cloudfront.net\/2025\/06\/03203428\/logo_concursos-1.jpg","width":230,"height":60,"caption":"Estrat\u00e9gia Concursos"},"image":{"@id":"https:\/\/www.estrategiaconcursos.com.br\/blog\/#\/schema\/logo\/image\/"},"sameAs":["https:\/\/x.com\/EstratConcursos"]},{"@type":"Person","@id":"https:\/\/www.estrategiaconcursos.com.br\/blog\/#\/schema\/person\/4ddc4a162b4fdffa2ea9956dbf62f583","name":"S\u00e9rgio Mendes","image":{"@type":"ImageObject","inLanguage":"pt-BR","@id":"https:\/\/secure.gravatar.com\/avatar\/4eb4b562c33f40d6f7f76579da7e07350c69579df7db305d32a69ed32ecfd5ce?s=96&d=mm&r=g","url":"https:\/\/secure.gravatar.com\/avatar\/4eb4b562c33f40d6f7f76579da7e07350c69579df7db305d32a69ed32ecfd5ce?s=96&d=mm&r=g","contentUrl":"https:\/\/secure.gravatar.com\/avatar\/4eb4b562c33f40d6f7f76579da7e07350c69579df7db305d32a69ed32ecfd5ce?s=96&d=mm&r=g","caption":"S\u00e9rgio Mendes"},"sameAs":["https:\/\/www.facebook.com\/profsergiomendes"],"url":"https:\/\/www.estrategiaconcursos.com.br\/blog\/author\/sergiomendesestrategiaconcursos-com-br\/"}]}},"_links":{"self":[{"href":"https:\/\/www.estrategiaconcursos.com.br\/blog\/wp-json\/wp\/v2\/posts\/13250","targetHints":{"allow":["GET"]}}],"collection":[{"href":"https:\/\/www.estrategiaconcursos.com.br\/blog\/wp-json\/wp\/v2\/posts"}],"about":[{"href":"https:\/\/www.estrategiaconcursos.com.br\/blog\/wp-json\/wp\/v2\/types\/post"}],"author":[{"embeddable":true,"href":"https:\/\/www.estrategiaconcursos.com.br\/blog\/wp-json\/wp\/v2\/users\/29"}],"replies":[{"embeddable":true,"href":"https:\/\/www.estrategiaconcursos.com.br\/blog\/wp-json\/wp\/v2\/comments?post=13250"}],"version-history":[{"count":5,"href":"https:\/\/www.estrategiaconcursos.com.br\/blog\/wp-json\/wp\/v2\/posts\/13250\/revisions"}],"predecessor-version":[{"id":21046,"href":"https:\/\/www.estrategiaconcursos.com.br\/blog\/wp-json\/wp\/v2\/posts\/13250\/revisions\/21046"}],"wp:attachment":[{"href":"https:\/\/www.estrategiaconcursos.com.br\/blog\/wp-json\/wp\/v2\/media?parent=13250"}],"wp:term":[{"taxonomy":"category","embeddable":true,"href":"https:\/\/www.estrategiaconcursos.com.br\/blog\/wp-json\/wp\/v2\/categories?post=13250"},{"taxonomy":"post_tag","embeddable":true,"href":"https:\/\/www.estrategiaconcursos.com.br\/blog\/wp-json\/wp\/v2\/tags?post=13250"},{"taxonomy":"tax_estado","embeddable":true,"href":"https:\/\/www.estrategiaconcursos.com.br\/blog\/wp-json\/wp\/v2\/tax_estado?post=13250"}],"curies":[{"name":"wp","href":"https:\/\/api.w.org\/{rel}","templated":true}]}}