{"id":1323938,"date":"2024-01-30T08:00:00","date_gmt":"2024-01-30T11:00:00","guid":{"rendered":"https:\/\/www.estrategiaconcursos.com.br\/blog\/?p=1323938"},"modified":"2024-01-10T16:30:57","modified_gmt":"2024-01-10T19:30:57","slug":"advocacia-salario-advogados-brasil","status":"publish","type":"post","link":"https:\/\/www.estrategiaconcursos.com.br\/blog\/advocacia-salario-advogados-brasil\/","title":{"rendered":"A advocacia e o sal\u00e1rio dos advogados no Brasil"},"content":{"rendered":"\n<h2 class=\"wp-block-heading\" id=\"h-introducao\"><strong>Introdu\u00e7\u00e3o<\/strong><\/h2>\n\n\n\n<p>Este artigo busca expor uma vis\u00e3o do mercado de advocacia e uma perspectiva sobre o sal\u00e1rio dos advogados no Brasil.<\/p>\n\n\n\n<p>A advocacia sempre foi, no contexto mundial, uma das profiss\u00f5es mais procuradas para o desenvolvimento de carreira. Nos tempos atuais, muitas d\u00favidas surgem a respeito de como aproveitar melhor a oportunidade, os benef\u00edcios e os desafios que os advogados no Brasil, sendo um dos maiores a remunera\u00e7\u00e3o.<\/p>\n\n\n\n<figure class=\"wp-block-image size-large\"><img loading=\"lazy\" decoding=\"async\" width=\"1024\" height=\"682\" src=\"https:\/\/dhg1h5j42swfq.cloudfront.net\/2023\/12\/19171745\/whatsapp-image-2023-12-18-at-11-35-27-1-1024x682.jpeg\" alt=\"Os advogados no Brasil passam por diversos desafios no in\u00edcio da carreira\" class=\"wp-image-1323942\" srcset=\"https:\/\/dhg1h5j42swfq.cloudfront.net\/2023\/12\/19171745\/whatsapp-image-2023-12-18-at-11-35-27-1-1024x682.jpeg 1024w, https:\/\/dhg1h5j42swfq.cloudfront.net\/2023\/12\/19171745\/whatsapp-image-2023-12-18-at-11-35-27-1-300x200.jpeg 300w, https:\/\/dhg1h5j42swfq.cloudfront.net\/2023\/12\/19171745\/whatsapp-image-2023-12-18-at-11-35-27-1-768x512.jpeg 768w, https:\/\/dhg1h5j42swfq.cloudfront.net\/2023\/12\/19171745\/whatsapp-image-2023-12-18-at-11-35-27-1-1536x1023.jpeg 1536w, https:\/\/dhg1h5j42swfq.cloudfront.net\/2023\/12\/19171745\/whatsapp-image-2023-12-18-at-11-35-27-1-610x406.jpeg 610w, https:\/\/dhg1h5j42swfq.cloudfront.net\/2023\/12\/19171745\/whatsapp-image-2023-12-18-at-11-35-27-1-150x100.jpeg 150w, https:\/\/dhg1h5j42swfq.cloudfront.net\/2023\/12\/19171745\/whatsapp-image-2023-12-18-at-11-35-27-1.jpeg 1600w\" sizes=\"auto, (max-width: 1024px) 100vw, 1024px\" \/><figcaption class=\"wp-element-caption\">Os advogados no Brasil passam por diversos desafios no in\u00edcio da carreira<\/figcaption><\/figure>\n\n\n\n<p>Para compreender o quanto ganham os advogados no Brasil, primeiro \u00e9 necess\u00e1rio se observar uma s\u00e9rie de fatores, como: forma\u00e7\u00e3o, localidade, \u00e1rea de atua\u00e7\u00e3o escolhida e a visibilidade do neg\u00f3cio.<\/p>\n\n\n\n<p>Ferramentas de <em>marketing<\/em> jur\u00eddico tamb\u00e9m podem auxiliar na forma de capta\u00e7\u00e3o legal de clientes e aumentar o recebimento m\u00e9dio mensal. \u00c9 importante mencionar que, diferentemente de atividades de cunho comercial, no caso da advocacia, n\u00e3o s\u00e3o permitidas formas expl\u00edcitas de divulga\u00e7\u00e3o, ent\u00e3o \u00e9 importante tamb\u00e9m ter cuidado no momento de realizar a propaganda dos escrit\u00f3rios.<\/p>\n\n\n\n<p>Assim como nas demais \u00e1reas de grande difus\u00e3o, os advogados no Brasil tamb\u00e9m se encontram em uma situa\u00e7\u00e3o delicada. \u00c9 poss\u00edvel atingir altas remunera\u00e7\u00f5es e at\u00e9 mesmo honor\u00e1rios milion\u00e1rios, no entanto, faz-se necess\u00e1rio compreender que a realidade \u00e9 bastante vari\u00e1vel a depender do contexto e \u00e9 imprescind\u00edvel se desenvolver profissionalmente para atingir patamares interessantes de recebimentos.<\/p>\n\n\n\n<p>O advogado empregado, por exemplo, ou at\u00e9 mesmo associados, que recebem por meio de sal\u00e1rios fixos e participa\u00e7\u00f5es de lucro, semestrais ou anuais, s\u00e3o remunerados como em empresas de outros segmentos, sendo que o valor agregado no trabalho n\u00e3o obrigatoriamente reflete os honor\u00e1rios auferidos pelo escrit\u00f3rio.<\/p>\n\n\n\n<p>Desta forma, em aten\u00e7\u00e3o a estas particularidades, mesmo sendo um mercado com muitas vari\u00e1veis, conforme se verificar\u00e1, \u00e9 poss\u00edvel ter uma renda condizente com o esperado para os advogados no Brasil, mas isso requer mais do que nunca dedica\u00e7\u00e3o e empenho nessa profiss\u00e3o, que \u00e9 essencial \u00e0 promo\u00e7\u00e3o da justi\u00e7a.<\/p>\n\n\n\n<h2 class=\"wp-block-heading\" id=\"h-a-advocacia-no-brasil-e-os-salarios-dos-advogados-no-brasil\"><strong>A advocacia no Brasil e os sal\u00e1rios dos advogados no Brasil<\/strong><\/h2>\n\n\n\n<p>Para os advogados no Brasil, a advocacia vem se tornando um desafio constante. A concorr\u00eancia aumenta a cada ano e os n\u00edveis de exig\u00eancia e complexidade na atua\u00e7\u00e3o tamb\u00e9m se tornam mais fundamentais para o exerc\u00edcio da profiss\u00e3o.<\/p>\n\n\n\n<p>Atualmente, s\u00e3o mais de 1 milh\u00e3o de registros na Ordem dos Advogados do Brasil (OAB), o que influencia diretamente na dilui\u00e7\u00e3o da profiss\u00e3o. A massifica\u00e7\u00e3o dos escrit\u00f3rios tamb\u00e9m prejudica a ascens\u00e3o de advogados iniciantes na advocacia aut\u00f4noma, que podem ser obrigados a aceitar honor\u00e1rios menores para angariar clientes.<\/p>\n\n\n\n<figure class=\"wp-block-image size-large\"><img loading=\"lazy\" decoding=\"async\" width=\"1024\" height=\"1024\" src=\"https:\/\/dhg1h5j42swfq.cloudfront.net\/2023\/12\/19171823\/whatsapp-image-2023-12-18-at-11-35-27-1024x1024.jpeg\" alt=\"\u00c9 importante entender que a quantidade de bachar\u00e9is e OABs ativas n\u00e3o tornam a advocacia saturada\" class=\"wp-image-1323944\" srcset=\"https:\/\/dhg1h5j42swfq.cloudfront.net\/2023\/12\/19171823\/whatsapp-image-2023-12-18-at-11-35-27-1024x1024.jpeg 1024w, https:\/\/dhg1h5j42swfq.cloudfront.net\/2023\/12\/19171823\/whatsapp-image-2023-12-18-at-11-35-27-300x300.jpeg 300w, https:\/\/dhg1h5j42swfq.cloudfront.net\/2023\/12\/19171823\/whatsapp-image-2023-12-18-at-11-35-27-150x150.jpeg 150w, https:\/\/dhg1h5j42swfq.cloudfront.net\/2023\/12\/19171823\/whatsapp-image-2023-12-18-at-11-35-27-768x768.jpeg 768w, https:\/\/dhg1h5j42swfq.cloudfront.net\/2023\/12\/19171823\/whatsapp-image-2023-12-18-at-11-35-27-1536x1536.jpeg 1536w, https:\/\/dhg1h5j42swfq.cloudfront.net\/2023\/12\/19171823\/whatsapp-image-2023-12-18-at-11-35-27-610x610.jpeg 610w, https:\/\/dhg1h5j42swfq.cloudfront.net\/2023\/12\/19171823\/whatsapp-image-2023-12-18-at-11-35-27-96x96.jpeg 96w, https:\/\/dhg1h5j42swfq.cloudfront.net\/2023\/12\/19171823\/whatsapp-image-2023-12-18-at-11-35-27.jpeg 1600w\" sizes=\"auto, (max-width: 1024px) 100vw, 1024px\" \/><figcaption class=\"wp-element-caption\">\u00c9 importante entender que a quantidade de bachar\u00e9is e OABs ativas n\u00e3o tornam a advocacia saturada<\/figcaption><\/figure>\n\n\n\n<p>No entanto, para aqueles que buscam progredir e se destacar, o mercado massificado n\u00e3o traz preju\u00edzos no longo prazo. Muito embora existam realmente muitos advogados no Brasil, o Direito possui \u00e1reas de atua\u00e7\u00e3o ainda pouco exploradas, com especialidades em ascens\u00e3o, como direito digital e de <em>games<\/em>, direito m\u00e9dico, biodireito, especialistas em direito de neg\u00f3cios financeiros e em <a href=\"https:\/\/www.planalto.gov.br\/ccivil_03\/_ato2015-2018\/2018\/lei\/l13709.htm\">Lei Geral de Prote\u00e7\u00e3o de Dados (LGPD)<\/a>, dentre outras.<\/p>\n\n\n\n<p>\u00c9 poss\u00edvel, da mesma forma, estabelecer carreira nas \u00e1reas mais comuns do direito, como direito de fam\u00edlia, previdenci\u00e1rio e direito do trabalho. O que se deve observar, no entanto, \u00e9 que tanto a especializa\u00e7\u00e3o como a compreens\u00e3o do mercado em que se pretende atuar s\u00e3o fundamentais para aumentar as perspectivas de carreira e rendimentos ou honor\u00e1rios.<\/p>\n\n\n\n<p>As profiss\u00f5es envolvendo o Direito realmente s\u00e3o bastante complexas. Diferentemente da maioria das \u00e1reas, os conhecimentos adquiridos acabam n\u00e3o necessariamente se somando, mas se reciclando e se sobrepondo uns aos outros. Mesmo pouco tempo sem atua\u00e7\u00e3o e estudo podem significar uma necessidade de rein\u00edcio completo nos estudos, como \u00e9 o caso de altera\u00e7\u00f5es legislativas e de entendimento dos tribunais.<\/p>\n\n\n\n<p>Por isso, manter-se constantemente atualizado na \u00e1rea de atua\u00e7\u00e3o e buscar meios para inovar na profiss\u00e3o acabam sendo tamb\u00e9m fatores de interfer\u00eancia no \u201csucesso\u201d ou n\u00e3o na carreira dos advogados no Brasil.<\/p>\n\n\n\n<p>Desta forma, \u00e9 poss\u00edvel se entender que a advocacia no Brasil n\u00e3o est\u00e1 saturada. No entanto, em \u00e1reas mais comercializadas e massificadas o potencial de sal\u00e1rios e honor\u00e1rios acabam sendo dilu\u00eddos, principalmente em regi\u00f5es de menor acessibilidade econ\u00f4mica ou com excesso de pequenos escrit\u00f3rios.<\/p>\n\n\n\n<h2 class=\"wp-block-heading\" id=\"h-o-que-influencia-na-advocacia-e-na-renda-dos-advogados-do-brasil\"><strong>O que influencia na advocacia e na renda dos advogados do Brasil<\/strong><\/h2>\n\n\n\n<p>Para se compreender a respeito da potencial renda dos advogados no Brasil, primeiro \u00e9 imprescind\u00edvel se observar atentamente a respeito de fatores geogr\u00e1ficos, socioecon\u00f4micos e a \u00e1rea de atua\u00e7\u00e3o escolhida. Isso porque advogados da mesma \u00e1rea podem receber sal\u00e1rios ou honor\u00e1rios diferentes em contextos semelhantes.<\/p>\n\n\n\n<p>Quanto aos fatores geogr\u00e1ficos, \u00e9 not\u00f3rio que em um pa\u00eds de propor\u00e7\u00f5es continentais, as rendas de uma mesma \u00e1rea possuam varia\u00e7\u00f5es significativas a depender do Estado.<\/p>\n\n\n\n<p>Acerca do contexto socioecon\u00f4mico, no mesmo sentido, se d\u00e1 pelas refer\u00eancias regionais econ\u00f4micas e sociais dos advogados. Assim como as diferen\u00e7as geogr\u00e1ficas, at\u00e9 mesmo a localidade da atua\u00e7\u00e3o em uma mesma cidade influencia na renda e no recebimento dos honor\u00e1rios.<\/p>\n\n\n\n<p>Por exemplo, quando se verifica cada regi\u00e3o do pa\u00eds, que apresenta diferen\u00e7as de localidade. No Mato Grosso, o piso salarial \u00e9 de R$ 3.189,29, em compara\u00e7\u00e3o aos R$ 5.194,46 do Estado de S\u00e3o Paulo, em 2022, enquanto a m\u00e9dia destes acaba por ser ainda menor.<\/p>\n\n\n\n<p>Ainda assim, de acordo com dados da Ordem dos Advogados do Brasil, os valores por tabela dos tr\u00eas <a href=\"https:\/\/www.oabsp.org.br\/transparencia\/institucional\/recursos-humanos\/tabela-de-remuneracao-1\">n\u00edveis gerais de advogados no Brasil, j\u00fanior, pleno e s\u00eanior<\/a> compreendem as seguintes remunera\u00e7\u00f5es m\u00e9dias:<\/p>\n\n\n\n<figure class=\"wp-block-table\"><table><tbody><tr><td>Advogado J\u00fanior<\/td><td>R$ 3.960,40<\/td><\/tr><tr><td>Advogado Pleno<\/td><td>R$ 4.782,19<\/td><\/tr><tr><td>Advogado S\u00eanior<\/td><td>R$ 5.774,50<\/td><\/tr><\/tbody><\/table><figcaption class=\"wp-element-caption\">As remunera\u00e7\u00f5es de advogados no Brasil variam de acordo com diversos aspectos, como forma\u00e7\u00e3o e \u00e1rea.<\/figcaption><\/figure>\n\n\n\n<p>Algumas plataformas tamb\u00e9m disponibilizam m\u00e9dias salariais que podem ser mais precisas e que refletem aproximadamente a realidade das empresas. \u00c9 poss\u00edvel obter informa\u00e7\u00f5es em sites como o Glassdoor, que disponibiliza avalia\u00e7\u00f5es an\u00f4nimas de funcion\u00e1rios sobre empresas e atua com transpar\u00eancia (uma \u201c<em>porta de vidro\u201d<\/em>) sobre os sal\u00e1rios desses empregos.<\/p>\n\n\n\n<p>Importante mencionar que a m\u00e9dia destas plataformas n\u00e3o necessariamente representam a realidade dos advogados no Brasil e \u00e9 preciso ter cautela na hora de analisar o fator \u201cm\u00e9dia\u201d e a realidade de cada local. Al\u00e9m disso, at\u00e9 mesmo os pisos salariais tendem a n\u00e3o refletir a pr\u00e1tica nos escrit\u00f3rios, que acabam por variar bastante.<\/p>\n\n\n\n<p>O que se deve levar em conta \u00e9 que a advocacia \u00e9 uma profiss\u00e3o complexa, mas que permite uma grande ascens\u00e3o social. A partir disso, delinear os objetivos de carreira \u00e9 fundamental para progredir na profiss\u00e3o e alcan\u00e7ar as maiores remunera\u00e7\u00f5es poss\u00edveis.<\/p>\n\n\n\n<h2 class=\"wp-block-heading\" id=\"h-advocacia-e-advogados-no-brasil-desafios-e-oportunidades\"><strong>Advocacia<\/strong> <strong>e<\/strong> <strong>advogados no Brasil: desafios e oportunidades<\/strong><\/h2>\n\n\n\n<p>Entendendo-se a m\u00e9dia dos sal\u00e1rios dos advogados no Brasil, alguns desafios surgem na progress\u00e3o de carreira. Para se alcan\u00e7ar altos rendimentos, sendo por meio de sal\u00e1rios ou honor\u00e1rios, os obst\u00e1culos podem ser tamb\u00e9m diferentes.<\/p>\n\n\n\n<p>A gradua\u00e7\u00e3o, hoje em dia, n\u00e3o \u00e9 mais suficiente para a ascens\u00e3o em empresas e escrit\u00f3rios de maior porte, sendo necess\u00e1rias especializa\u00e7\u00f5es, mestrados ou doutorados na \u00e1rea espec\u00edfica de atua\u00e7\u00e3o, com o objetivo de se manter atualizado e aprofundar na carreira.<\/p>\n\n\n\n<p>Na advocacia aut\u00f4noma n\u00e3o \u00e9 diferente. Muito embora os t\u00edtulos n\u00e3o influenciam necessariamente na remunera\u00e7\u00e3o dos advogados aut\u00f4nomos, a imprescindibilidade de especializa\u00e7\u00f5es e atualiza\u00e7\u00f5es \u00e9 constante e t\u00e3o necess\u00e1ria quanto para advogados funcion\u00e1rios ou associados.<\/p>\n\n\n\n<p>A competi\u00e7\u00e3o acirrada e o mercado repleto de advogados podem ser obst\u00e1culos significativos para aqueles que est\u00e3o iniciando na profiss\u00e3o, mas isso n\u00e3o reflete uma barreira intranspon\u00edvel.<\/p>\n\n\n\n<p>Por outro lado, mesmo com a grande quantidade de profissionais no mercado de advogados no Brasil, a necessidade de qualifica\u00e7\u00e3o e conhecimentos espec\u00edficos em diversas \u00e1reas do Direito faz com que a concorr\u00eancia acabe sendo menor do que realmente aparenta.<\/p>\n\n\n\n<p>O primeiro passo na advocacia tende a ser a parte mais dif\u00edcil para os que buscam estar entre os mais remunerados. No entanto, algumas abordagens podem ser fundamentais para se alavancar na carreira, como especializa\u00e7\u00f5es, MBA ou mestrados e doutorados, para quem tamb\u00e9m busca atuar academicamente.<\/p>\n\n\n\n<figure class=\"wp-block-image size-large\"><img loading=\"lazy\" decoding=\"async\" width=\"1024\" height=\"683\" src=\"https:\/\/dhg1h5j42swfq.cloudfront.net\/2023\/12\/19171932\/whatsapp-image-2023-12-18-at-11-35-28-1024x683.jpeg\" alt=\"Networking e especializa\u00e7\u00f5es s\u00e3o essenciais para entender melhor o mercado e adquirir experi\u00eancia\" class=\"wp-image-1323948\" srcset=\"https:\/\/dhg1h5j42swfq.cloudfront.net\/2023\/12\/19171932\/whatsapp-image-2023-12-18-at-11-35-28-1024x683.jpeg 1024w, https:\/\/dhg1h5j42swfq.cloudfront.net\/2023\/12\/19171932\/whatsapp-image-2023-12-18-at-11-35-28-300x200.jpeg 300w, https:\/\/dhg1h5j42swfq.cloudfront.net\/2023\/12\/19171932\/whatsapp-image-2023-12-18-at-11-35-28-768x512.jpeg 768w, https:\/\/dhg1h5j42swfq.cloudfront.net\/2023\/12\/19171932\/whatsapp-image-2023-12-18-at-11-35-28-1536x1024.jpeg 1536w, https:\/\/dhg1h5j42swfq.cloudfront.net\/2023\/12\/19171932\/whatsapp-image-2023-12-18-at-11-35-28-610x407.jpeg 610w, https:\/\/dhg1h5j42swfq.cloudfront.net\/2023\/12\/19171932\/whatsapp-image-2023-12-18-at-11-35-28-150x100.jpeg 150w, https:\/\/dhg1h5j42swfq.cloudfront.net\/2023\/12\/19171932\/whatsapp-image-2023-12-18-at-11-35-28.jpeg 1600w\" sizes=\"auto, (max-width: 1024px) 100vw, 1024px\" \/><figcaption class=\"wp-element-caption\">Networking e especializa\u00e7\u00f5es s\u00e3o essenciais para entender melhor o mercado e adquirir experi\u00eancia<\/figcaption><\/figure>\n\n\n\n<p>Com a informatiza\u00e7\u00e3o e a ascens\u00e3o das redes sociais surgem tamb\u00e9m oportunidades de atua\u00e7\u00e3o e alcance de novos clientes por meio da <em>Internet<\/em>. Importante ressaltar que a <a href=\"https:\/\/www.oab.org.br\/noticia\/61196\/marketing-juridico-como-fazer-publicidade-em-obediencia-ao-estatuto-da-oab\">Ordem dos Advogados do Brasil imp\u00f5e certas limita\u00e7\u00f5es para o marketing jur\u00eddico<\/a>, mas ainda assim \u00e9 uma \u00f3tima forma de divulga\u00e7\u00e3o do trabalho e progress\u00e3o na carreira.<\/p>\n\n\n\n<p>A advocacia \u00e9, sem sombra de d\u00favidas, desafiadora, mas \u00e9 poss\u00edvel ultrapassar cada etapa do trajeto profissional e alcan\u00e7ar altos patamares com a estrat\u00e9gia correta.<\/p>\n\n\n\n<h2 class=\"wp-block-heading\" id=\"h-conclusao\"><strong>Conclus\u00e3o<\/strong><\/h2>\n\n\n\n<p>O mercado de trabalho para advogados no Brasil est\u00e1 em constante desenvolvimento. Para muitos, o n\u00famero excessivo de bachar\u00e9is em direito e OABs ativas podem representar desafios na jornada para alcan\u00e7ar melhores remunera\u00e7\u00f5es.<\/p>\n\n\n\n<p>As \u00e1reas mais comuns da profiss\u00e3o possuem a maior quantidade de atuantes, de fato, mas h\u00e1 grande margem para atua\u00e7\u00e3o, considerando se tratarem de demandas constantes e de alto teor litigante, como \u00e9 o caso de Previdenci\u00e1rio, Fam\u00edlia, Trabalho, ou Sucess\u00f5es, por exemplo.<\/p>\n\n\n\n<p>Para se ter melhores resultados n\u00e3o \u00e9 preciso necessariamente se atrelar \u00e0s \u00e1reas menos abrangidas, pois o mercado busca pessoas mais qualificadas e com a melhor presta\u00e7\u00e3o dos servi\u00e7os.<\/p>\n\n\n\n<p>No entanto, \u00e9 poss\u00edvel fazer carreira mais facilmente com especializa\u00e7\u00f5es espec\u00edficas e direcionamento de carreira. P\u00f3s-gradua\u00e7\u00f5es na \u00e1rea escolhida e cursos de aperfei\u00e7oamento aumentam a expertise e a confian\u00e7a, refletindo diretamente nos recebimentos no longo prazo.<\/p>\n\n\n\n<p>Atualiza\u00e7\u00e3o constante, entendimento de mercado, <em>networking<\/em> e divulga\u00e7\u00e3o das pr\u00f3prias habilidades s\u00e3o pontos fundamentais para progredir e at\u00e9 mesmo para iniciar na advocacia.<\/p>\n\n\n\n<p>Al\u00e9m disso, atualmente, o uso de tecnologias e ferramentas espec\u00edficas para o Direito, como <em>softwares<\/em> e outras habilidades n\u00e3o necessariamente relacionadas com o exerc\u00edcio da profiss\u00e3o tamb\u00e9m podem ser considerados diferenciais para os advogados no Brasil.<\/p>\n\n\n\n<p>Por fim, conforme se observou, entender as ferramentas de Marketing Jur\u00eddico e estrat\u00e9gias de condu\u00e7\u00e3o dos neg\u00f3cios, com estrutura\u00e7\u00e3o e planos para progredir auxiliam no aumento dos honor\u00e1rios e sal\u00e1rios. Superar esses desafios e as barreiras iniciais \u00e9 essencial n\u00e3o s\u00f3 para alcan\u00e7ar remunera\u00e7\u00f5es mais interessantes, mas tamb\u00e9m para se enraizar no mercado e evoluir profissionalmente.<\/p>\n\n\n\n<p>Ricardo Pereira de Oliveira<\/p>\n\n\n\n<h2 class=\"wp-block-heading has-text-align-center\" id=\"h-cursos-e-assinaturas\">Cursos e Assinaturas <\/h2>\n\n\n\n<p>Prepare-se com o melhor material e com quem mais aprova em Concursos P\u00fablicos em todo o pa\u00eds!<\/p>\n\n\n\n<div class=\"container\" id=\"boxes\">\n  <div class=\"row\">\n    <div class=\"col-sm\">\n      <div class=\"estrategia\" id=\"box-assinatura\">\n        <h3 class=\"titulo-assinatura\">Assinatura de Concursos<\/h3>\n        <p class=\"subtitulo-assinatura\">Assinatura de 1 ano ou 2 anos<\/p>\n        <div class=\"box-botao\">\n          <a class=\"btn-assinatura\" target=\"_blank\" href=\"https:\/\/www.estrategiaconcursos.com.br\/assinaturas\/\" role=\"button\" rel=\"noopener noreferrer\">ASSINE AGORA<\/a>\n        <\/div>\n      <\/div>\n      <p class=\"texto-auxiliar\"><\/p>\n    <\/div>\n    <div class=\"col-sm\">\n      <div class=\"questoes\" id=\"box-assinatura\">\n        <h3 class=\"titulo-assinatura\">Sistema de Quest\u00f5es<\/h3>\n        <p class=\"subtitulo-assinatura\">Assinatura de 1 ano ou 2 anos\n<\/p>\n        <div class=\"box-botao\">\n          <a class=\"btn-assinatura\" target=\"_blank\" href=\"https:\/\/www.estrategiaconcursos.com.br\/cursosPorConcurso\/sistema-de-questoes\/#\/\" role=\"button\" rel=\"noopener noreferrer\">ASSINE AGORA<\/a>\n        <\/div>\n      <\/div>\n      <p class=\"texto-auxiliar\"><\/p>\n    <\/div>\n  <\/div>\n<\/div>\n\n\n\n<p class=\"has-text-align-center has-white-color has-pale-cyan-blue-background-color has-text-color has-background has-medium-font-size\"><a href=\"https:\/\/www.estrategiaconcursos.com.br\/blog\/concursos-abertos\/\" target=\"_blank\" rel=\"noreferrer noopener\">Concursos abertos<\/a><\/p>\n\n\n\n<p class=\"has-text-align-center has-pale-cyan-blue-background-color has-background has-medium-font-size\"><a href=\"https:\/\/www.estrategiaconcursos.com.br\/blog\/concursos-2024\/\">Concursos 2024<\/a><\/p>\n","protected":false},"excerpt":{"rendered":"<p>Introdu\u00e7\u00e3o Este artigo busca expor uma vis\u00e3o do mercado de advocacia e uma perspectiva sobre o sal\u00e1rio dos advogados no Brasil. A advocacia sempre foi, no contexto mundial, uma das profiss\u00f5es mais procuradas para o desenvolvimento de carreira. Nos tempos atuais, muitas d\u00favidas surgem a respeito de como aproveitar melhor a oportunidade, os benef\u00edcios e [&hellip;]<\/p>\n","protected":false},"author":1979,"featured_media":1323951,"comment_status":"open","ping_status":"closed","sticky":false,"template":"","format":"standard","meta":{"post_tipo":"article","footnotes":""},"categories":[1,2185,1984,220737],"tags":[],"tax_estado":[219964,219965,219966,219967,219968,219969,219963,219970,219971,219972,219973,219974,219975,219976,219977,219978,219979,219980,219981,219982,219983,219984,219985,219986,219987,219988,219989,219990],"class_list":["post-1323938","post","type-post","status-publish","format-standard","has-post-thumbnail","hentry","category-cursos-e-concursos","category-carreiras-juridicas","category-tribunais","category-tribunais-tribunais","tax_estado-ac","tax_estado-al","tax_estado-am","tax_estado-ap","tax_estado-ba","tax_estado-ce","tax_estado-concursos-federais","tax_estado-df","tax_estado-es","tax_estado-go","tax_estado-ma","tax_estado-mg","tax_estado-ms","tax_estado-mt","tax_estado-pa","tax_estado-pb","tax_estado-pe","tax_estado-pi","tax_estado-pr","tax_estado-rj","tax_estado-rn","tax_estado-ro","tax_estado-rr","tax_estado-rs","tax_estado-sc","tax_estado-se","tax_estado-sp","tax_estado-to"],"acf":[],"yoast_head":"<!-- This site is optimized with the Yoast SEO Premium plugin v27.2 (Yoast SEO v27.2) - https:\/\/yoast.com\/product\/yoast-seo-premium-wordpress\/ -->\n<title>A advocacia e o sal\u00e1rio dos advogados no Brasil<\/title>\n<meta name=\"description\" content=\"Este artigo busca expor uma vis\u00e3o do mercado de advocacia e uma perspectiva sobre o sal\u00e1rio dos advogados no Brasil.\" \/>\n<meta name=\"robots\" content=\"index, follow, max-snippet:-1, max-image-preview:large, max-video-preview:-1\" \/>\n<link rel=\"canonical\" href=\"https:\/\/www.estrategiaconcursos.com.br\/blog\/advocacia-salario-advogados-brasil\/\" \/>\n<meta property=\"og:locale\" content=\"pt_BR\" \/>\n<meta property=\"og:type\" content=\"article\" \/>\n<meta property=\"og:title\" content=\"A advocacia e o sal\u00e1rio dos advogados no Brasil\" \/>\n<meta property=\"og:description\" content=\"Este artigo busca expor uma vis\u00e3o do mercado de advocacia e uma perspectiva sobre o sal\u00e1rio dos advogados no Brasil.\" \/>\n<meta property=\"og:url\" content=\"https:\/\/www.estrategiaconcursos.com.br\/blog\/advocacia-salario-advogados-brasil\/\" \/>\n<meta property=\"og:site_name\" content=\"Estrat\u00e9gia Concursos\" \/>\n<meta property=\"article:published_time\" content=\"2024-01-30T11:00:00+00:00\" \/>\n<meta property=\"og:image\" content=\"https:\/\/dhg1h5j42swfq.cloudfront.net\/2023\/12\/19172730\/right-4944546-scaled.jpg\" \/>\n\t<meta property=\"og:image:width\" content=\"2560\" \/>\n\t<meta property=\"og:image:height\" content=\"1707\" \/>\n\t<meta property=\"og:image:type\" content=\"image\/jpeg\" \/>\n<meta name=\"author\" content=\"Ricardo Pereira de Oliveira\" \/>\n<meta name=\"twitter:card\" content=\"summary_large_image\" \/>\n<meta name=\"twitter:creator\" content=\"@EstratConcursos\" \/>\n<meta name=\"twitter:site\" content=\"@EstratConcursos\" \/>\n<meta name=\"twitter:label1\" content=\"Escrito por\" \/>\n\t<meta name=\"twitter:data1\" content=\"Ricardo Pereira de Oliveira\" \/>\n\t<meta name=\"twitter:label2\" content=\"Est. tempo de leitura\" \/>\n\t<meta name=\"twitter:data2\" content=\"10 minutos\" \/>\n<script type=\"application\/ld+json\" class=\"yoast-schema-graph\">{\"@context\":\"https:\/\/schema.org\",\"@graph\":[{\"@type\":\"NewsArticle\",\"@id\":\"https:\/\/www.estrategiaconcursos.com.br\/blog\/advocacia-salario-advogados-brasil\/#article\",\"isPartOf\":{\"@id\":\"https:\/\/www.estrategiaconcursos.com.br\/blog\/advocacia-salario-advogados-brasil\/\"},\"author\":{\"name\":\"Ricardo Pereira de Oliveira\",\"@id\":\"https:\/\/www.estrategiaconcursos.com.br\/blog\/#\/schema\/person\/bddec4cfff57a846dbc506e0bc7a5b36\"},\"headline\":\"A advocacia e o sal\u00e1rio dos advogados no Brasil\",\"datePublished\":\"2024-01-30T11:00:00+00:00\",\"mainEntityOfPage\":{\"@id\":\"https:\/\/www.estrategiaconcursos.com.br\/blog\/advocacia-salario-advogados-brasil\/\"},\"wordCount\":1914,\"commentCount\":0,\"publisher\":{\"@id\":\"https:\/\/www.estrategiaconcursos.com.br\/blog\/#organization\"},\"image\":{\"@id\":\"https:\/\/www.estrategiaconcursos.com.br\/blog\/advocacia-salario-advogados-brasil\/#primaryimage\"},\"thumbnailUrl\":\"https:\/\/dhg1h5j42swfq.cloudfront.net\/2023\/12\/19172730\/right-4944546-scaled.jpg\",\"articleSection\":[\"Concursos P\u00fablicos\",\"Jur\u00eddico\",\"Tribunais\",\"Tribunais\"],\"inLanguage\":\"pt-BR\",\"potentialAction\":[{\"@type\":\"CommentAction\",\"name\":\"Comment\",\"target\":[\"https:\/\/www.estrategiaconcursos.com.br\/blog\/advocacia-salario-advogados-brasil\/#respond\"]}],\"copyrightYear\":\"2024\",\"copyrightHolder\":{\"@id\":\"https:\/\/www.estrategiaconcursos.com.br\/blog\/#organization\"}},{\"@type\":\"WebPage\",\"@id\":\"https:\/\/www.estrategiaconcursos.com.br\/blog\/advocacia-salario-advogados-brasil\/\",\"url\":\"https:\/\/www.estrategiaconcursos.com.br\/blog\/advocacia-salario-advogados-brasil\/\",\"name\":\"A advocacia e o sal\u00e1rio dos advogados no Brasil\",\"isPartOf\":{\"@id\":\"https:\/\/www.estrategiaconcursos.com.br\/blog\/#website\"},\"primaryImageOfPage\":{\"@id\":\"https:\/\/www.estrategiaconcursos.com.br\/blog\/advocacia-salario-advogados-brasil\/#primaryimage\"},\"image\":{\"@id\":\"https:\/\/www.estrategiaconcursos.com.br\/blog\/advocacia-salario-advogados-brasil\/#primaryimage\"},\"thumbnailUrl\":\"https:\/\/dhg1h5j42swfq.cloudfront.net\/2023\/12\/19172730\/right-4944546-scaled.jpg\",\"datePublished\":\"2024-01-30T11:00:00+00:00\",\"description\":\"Este artigo busca expor uma vis\u00e3o do mercado de advocacia e uma perspectiva sobre o sal\u00e1rio dos advogados no Brasil.\",\"breadcrumb\":{\"@id\":\"https:\/\/www.estrategiaconcursos.com.br\/blog\/advocacia-salario-advogados-brasil\/#breadcrumb\"},\"inLanguage\":\"pt-BR\",\"potentialAction\":[{\"@type\":\"ReadAction\",\"target\":[\"https:\/\/www.estrategiaconcursos.com.br\/blog\/advocacia-salario-advogados-brasil\/\"]}]},{\"@type\":\"ImageObject\",\"inLanguage\":\"pt-BR\",\"@id\":\"https:\/\/www.estrategiaconcursos.com.br\/blog\/advocacia-salario-advogados-brasil\/#primaryimage\",\"url\":\"https:\/\/dhg1h5j42swfq.cloudfront.net\/2023\/12\/19172730\/right-4944546-scaled.jpg\",\"contentUrl\":\"https:\/\/dhg1h5j42swfq.cloudfront.net\/2023\/12\/19172730\/right-4944546-scaled.jpg\",\"width\":2560,\"height\":1707,\"caption\":\"Satura\u00e7\u00e3o da advocacia e o rendimento dos advogados no Brasil\"},{\"@type\":\"BreadcrumbList\",\"@id\":\"https:\/\/www.estrategiaconcursos.com.br\/blog\/advocacia-salario-advogados-brasil\/#breadcrumb\",\"itemListElement\":[{\"@type\":\"ListItem\",\"position\":1,\"name\":\"In\u00edcio\",\"item\":\"https:\/\/www.estrategiaconcursos.com.br\/blog\/\"},{\"@type\":\"ListItem\",\"position\":2,\"name\":\"A advocacia e o sal\u00e1rio dos advogados no Brasil\"}]},{\"@type\":\"WebSite\",\"@id\":\"https:\/\/www.estrategiaconcursos.com.br\/blog\/#website\",\"url\":\"https:\/\/www.estrategiaconcursos.com.br\/blog\/\",\"name\":\"Estrat\u00e9gia Concursos\",\"description\":\"O blog da Estrat\u00e9gia Concursos traz not\u00edcias sobre concursos e artigos de professores oferecendo cursos para concursos (pdf + videaulas) no site.\",\"publisher\":{\"@id\":\"https:\/\/www.estrategiaconcursos.com.br\/blog\/#organization\"},\"potentialAction\":[{\"@type\":\"SearchAction\",\"target\":{\"@type\":\"EntryPoint\",\"urlTemplate\":\"https:\/\/www.estrategiaconcursos.com.br\/blog\/?s={search_term_string}\"},\"query-input\":{\"@type\":\"PropertyValueSpecification\",\"valueRequired\":true,\"valueName\":\"search_term_string\"}}],\"inLanguage\":\"pt-BR\"},{\"@type\":\"Organization\",\"@id\":\"https:\/\/www.estrategiaconcursos.com.br\/blog\/#organization\",\"name\":\"Estrat\u00e9gia Concursos\",\"url\":\"https:\/\/www.estrategiaconcursos.com.br\/blog\/\",\"logo\":{\"@type\":\"ImageObject\",\"inLanguage\":\"pt-BR\",\"@id\":\"https:\/\/www.estrategiaconcursos.com.br\/blog\/#\/schema\/logo\/image\/\",\"url\":\"https:\/\/dhg1h5j42swfq.cloudfront.net\/2025\/06\/03203428\/logo_concursos-1.jpg\",\"contentUrl\":\"https:\/\/dhg1h5j42swfq.cloudfront.net\/2025\/06\/03203428\/logo_concursos-1.jpg\",\"width\":230,\"height\":60,\"caption\":\"Estrat\u00e9gia Concursos\"},\"image\":{\"@id\":\"https:\/\/www.estrategiaconcursos.com.br\/blog\/#\/schema\/logo\/image\/\"},\"sameAs\":[\"https:\/\/x.com\/EstratConcursos\"]},{\"@type\":\"Person\",\"@id\":\"https:\/\/www.estrategiaconcursos.com.br\/blog\/#\/schema\/person\/bddec4cfff57a846dbc506e0bc7a5b36\",\"name\":\"Ricardo Pereira de Oliveira\",\"image\":{\"@type\":\"ImageObject\",\"inLanguage\":\"pt-BR\",\"@id\":\"https:\/\/secure.gravatar.com\/avatar\/a16d5759c3d4edc0896235928b70e4a79ec591848bb173a92801d67dcb8492b1?s=96&d=mm&r=g\",\"url\":\"https:\/\/secure.gravatar.com\/avatar\/a16d5759c3d4edc0896235928b70e4a79ec591848bb173a92801d67dcb8492b1?s=96&d=mm&r=g\",\"contentUrl\":\"https:\/\/secure.gravatar.com\/avatar\/a16d5759c3d4edc0896235928b70e4a79ec591848bb173a92801d67dcb8492b1?s=96&d=mm&r=g\",\"caption\":\"Ricardo Pereira de Oliveira\"},\"description\":\"Formado em Administra\u00e7\u00e3o de Empresas pelo Mackenzie, p\u00f3s-graduado em Marketing pela ESPM. Concurseiro desde 2014. Auditor Fiscal da Receita Municipal de Campo Grande\/MS Ex-Fiscal de Rendas de Tabo\u00e3o da Serra\/SP\",\"url\":\"https:\/\/www.estrategiaconcursos.com.br\/blog\/author\/ricperogmail-com\/\"}]}<\/script>\n<!-- \/ Yoast SEO Premium plugin. -->","yoast_head_json":{"title":"A advocacia e o sal\u00e1rio dos advogados no Brasil","description":"Este artigo busca expor uma vis\u00e3o do mercado de advocacia e uma perspectiva sobre o sal\u00e1rio dos advogados no Brasil.","robots":{"index":"index","follow":"follow","max-snippet":"max-snippet:-1","max-image-preview":"max-image-preview:large","max-video-preview":"max-video-preview:-1"},"canonical":"https:\/\/www.estrategiaconcursos.com.br\/blog\/advocacia-salario-advogados-brasil\/","og_locale":"pt_BR","og_type":"article","og_title":"A advocacia e o sal\u00e1rio dos advogados no Brasil","og_description":"Este artigo busca expor uma vis\u00e3o do mercado de advocacia e uma perspectiva sobre o sal\u00e1rio dos advogados no Brasil.","og_url":"https:\/\/www.estrategiaconcursos.com.br\/blog\/advocacia-salario-advogados-brasil\/","og_site_name":"Estrat\u00e9gia Concursos","article_published_time":"2024-01-30T11:00:00+00:00","og_image":[{"width":2560,"height":1707,"url":"https:\/\/dhg1h5j42swfq.cloudfront.net\/2023\/12\/19172730\/right-4944546-scaled.jpg","type":"image\/jpeg"}],"author":"Ricardo Pereira de Oliveira","twitter_card":"summary_large_image","twitter_creator":"@EstratConcursos","twitter_site":"@EstratConcursos","twitter_misc":{"Escrito por":"Ricardo Pereira de Oliveira","Est. tempo de leitura":"10 minutos"},"schema":{"@context":"https:\/\/schema.org","@graph":[{"@type":"NewsArticle","@id":"https:\/\/www.estrategiaconcursos.com.br\/blog\/advocacia-salario-advogados-brasil\/#article","isPartOf":{"@id":"https:\/\/www.estrategiaconcursos.com.br\/blog\/advocacia-salario-advogados-brasil\/"},"author":{"name":"Ricardo Pereira de Oliveira","@id":"https:\/\/www.estrategiaconcursos.com.br\/blog\/#\/schema\/person\/bddec4cfff57a846dbc506e0bc7a5b36"},"headline":"A advocacia e o sal\u00e1rio dos advogados no Brasil","datePublished":"2024-01-30T11:00:00+00:00","mainEntityOfPage":{"@id":"https:\/\/www.estrategiaconcursos.com.br\/blog\/advocacia-salario-advogados-brasil\/"},"wordCount":1914,"commentCount":0,"publisher":{"@id":"https:\/\/www.estrategiaconcursos.com.br\/blog\/#organization"},"image":{"@id":"https:\/\/www.estrategiaconcursos.com.br\/blog\/advocacia-salario-advogados-brasil\/#primaryimage"},"thumbnailUrl":"https:\/\/dhg1h5j42swfq.cloudfront.net\/2023\/12\/19172730\/right-4944546-scaled.jpg","articleSection":["Concursos P\u00fablicos","Jur\u00eddico","Tribunais","Tribunais"],"inLanguage":"pt-BR","potentialAction":[{"@type":"CommentAction","name":"Comment","target":["https:\/\/www.estrategiaconcursos.com.br\/blog\/advocacia-salario-advogados-brasil\/#respond"]}],"copyrightYear":"2024","copyrightHolder":{"@id":"https:\/\/www.estrategiaconcursos.com.br\/blog\/#organization"}},{"@type":"WebPage","@id":"https:\/\/www.estrategiaconcursos.com.br\/blog\/advocacia-salario-advogados-brasil\/","url":"https:\/\/www.estrategiaconcursos.com.br\/blog\/advocacia-salario-advogados-brasil\/","name":"A advocacia e o sal\u00e1rio dos advogados no Brasil","isPartOf":{"@id":"https:\/\/www.estrategiaconcursos.com.br\/blog\/#website"},"primaryImageOfPage":{"@id":"https:\/\/www.estrategiaconcursos.com.br\/blog\/advocacia-salario-advogados-brasil\/#primaryimage"},"image":{"@id":"https:\/\/www.estrategiaconcursos.com.br\/blog\/advocacia-salario-advogados-brasil\/#primaryimage"},"thumbnailUrl":"https:\/\/dhg1h5j42swfq.cloudfront.net\/2023\/12\/19172730\/right-4944546-scaled.jpg","datePublished":"2024-01-30T11:00:00+00:00","description":"Este artigo busca expor uma vis\u00e3o do mercado de advocacia e uma perspectiva sobre o sal\u00e1rio dos advogados no Brasil.","breadcrumb":{"@id":"https:\/\/www.estrategiaconcursos.com.br\/blog\/advocacia-salario-advogados-brasil\/#breadcrumb"},"inLanguage":"pt-BR","potentialAction":[{"@type":"ReadAction","target":["https:\/\/www.estrategiaconcursos.com.br\/blog\/advocacia-salario-advogados-brasil\/"]}]},{"@type":"ImageObject","inLanguage":"pt-BR","@id":"https:\/\/www.estrategiaconcursos.com.br\/blog\/advocacia-salario-advogados-brasil\/#primaryimage","url":"https:\/\/dhg1h5j42swfq.cloudfront.net\/2023\/12\/19172730\/right-4944546-scaled.jpg","contentUrl":"https:\/\/dhg1h5j42swfq.cloudfront.net\/2023\/12\/19172730\/right-4944546-scaled.jpg","width":2560,"height":1707,"caption":"Satura\u00e7\u00e3o da advocacia e o rendimento dos advogados no Brasil"},{"@type":"BreadcrumbList","@id":"https:\/\/www.estrategiaconcursos.com.br\/blog\/advocacia-salario-advogados-brasil\/#breadcrumb","itemListElement":[{"@type":"ListItem","position":1,"name":"In\u00edcio","item":"https:\/\/www.estrategiaconcursos.com.br\/blog\/"},{"@type":"ListItem","position":2,"name":"A advocacia e o sal\u00e1rio dos advogados no Brasil"}]},{"@type":"WebSite","@id":"https:\/\/www.estrategiaconcursos.com.br\/blog\/#website","url":"https:\/\/www.estrategiaconcursos.com.br\/blog\/","name":"Estrat\u00e9gia Concursos","description":"O blog da Estrat\u00e9gia Concursos traz not\u00edcias sobre concursos e artigos de professores oferecendo cursos para concursos (pdf + videaulas) no site.","publisher":{"@id":"https:\/\/www.estrategiaconcursos.com.br\/blog\/#organization"},"potentialAction":[{"@type":"SearchAction","target":{"@type":"EntryPoint","urlTemplate":"https:\/\/www.estrategiaconcursos.com.br\/blog\/?s={search_term_string}"},"query-input":{"@type":"PropertyValueSpecification","valueRequired":true,"valueName":"search_term_string"}}],"inLanguage":"pt-BR"},{"@type":"Organization","@id":"https:\/\/www.estrategiaconcursos.com.br\/blog\/#organization","name":"Estrat\u00e9gia Concursos","url":"https:\/\/www.estrategiaconcursos.com.br\/blog\/","logo":{"@type":"ImageObject","inLanguage":"pt-BR","@id":"https:\/\/www.estrategiaconcursos.com.br\/blog\/#\/schema\/logo\/image\/","url":"https:\/\/dhg1h5j42swfq.cloudfront.net\/2025\/06\/03203428\/logo_concursos-1.jpg","contentUrl":"https:\/\/dhg1h5j42swfq.cloudfront.net\/2025\/06\/03203428\/logo_concursos-1.jpg","width":230,"height":60,"caption":"Estrat\u00e9gia Concursos"},"image":{"@id":"https:\/\/www.estrategiaconcursos.com.br\/blog\/#\/schema\/logo\/image\/"},"sameAs":["https:\/\/x.com\/EstratConcursos"]},{"@type":"Person","@id":"https:\/\/www.estrategiaconcursos.com.br\/blog\/#\/schema\/person\/bddec4cfff57a846dbc506e0bc7a5b36","name":"Ricardo Pereira de Oliveira","image":{"@type":"ImageObject","inLanguage":"pt-BR","@id":"https:\/\/secure.gravatar.com\/avatar\/a16d5759c3d4edc0896235928b70e4a79ec591848bb173a92801d67dcb8492b1?s=96&d=mm&r=g","url":"https:\/\/secure.gravatar.com\/avatar\/a16d5759c3d4edc0896235928b70e4a79ec591848bb173a92801d67dcb8492b1?s=96&d=mm&r=g","contentUrl":"https:\/\/secure.gravatar.com\/avatar\/a16d5759c3d4edc0896235928b70e4a79ec591848bb173a92801d67dcb8492b1?s=96&d=mm&r=g","caption":"Ricardo Pereira de Oliveira"},"description":"Formado em Administra\u00e7\u00e3o de Empresas pelo Mackenzie, p\u00f3s-graduado em Marketing pela ESPM. Concurseiro desde 2014. Auditor Fiscal da Receita Municipal de Campo Grande\/MS Ex-Fiscal de Rendas de Tabo\u00e3o da Serra\/SP","url":"https:\/\/www.estrategiaconcursos.com.br\/blog\/author\/ricperogmail-com\/"}]}},"_links":{"self":[{"href":"https:\/\/www.estrategiaconcursos.com.br\/blog\/wp-json\/wp\/v2\/posts\/1323938","targetHints":{"allow":["GET"]}}],"collection":[{"href":"https:\/\/www.estrategiaconcursos.com.br\/blog\/wp-json\/wp\/v2\/posts"}],"about":[{"href":"https:\/\/www.estrategiaconcursos.com.br\/blog\/wp-json\/wp\/v2\/types\/post"}],"author":[{"embeddable":true,"href":"https:\/\/www.estrategiaconcursos.com.br\/blog\/wp-json\/wp\/v2\/users\/1979"}],"replies":[{"embeddable":true,"href":"https:\/\/www.estrategiaconcursos.com.br\/blog\/wp-json\/wp\/v2\/comments?post=1323938"}],"version-history":[{"count":6,"href":"https:\/\/www.estrategiaconcursos.com.br\/blog\/wp-json\/wp\/v2\/posts\/1323938\/revisions"}],"predecessor-version":[{"id":1323955,"href":"https:\/\/www.estrategiaconcursos.com.br\/blog\/wp-json\/wp\/v2\/posts\/1323938\/revisions\/1323955"}],"wp:featuredmedia":[{"embeddable":true,"href":"https:\/\/www.estrategiaconcursos.com.br\/blog\/wp-json\/wp\/v2\/media\/1323951"}],"wp:attachment":[{"href":"https:\/\/www.estrategiaconcursos.com.br\/blog\/wp-json\/wp\/v2\/media?parent=1323938"}],"wp:term":[{"taxonomy":"category","embeddable":true,"href":"https:\/\/www.estrategiaconcursos.com.br\/blog\/wp-json\/wp\/v2\/categories?post=1323938"},{"taxonomy":"post_tag","embeddable":true,"href":"https:\/\/www.estrategiaconcursos.com.br\/blog\/wp-json\/wp\/v2\/tags?post=1323938"},{"taxonomy":"tax_estado","embeddable":true,"href":"https:\/\/www.estrategiaconcursos.com.br\/blog\/wp-json\/wp\/v2\/tax_estado?post=1323938"}],"curies":[{"name":"wp","href":"https:\/\/api.w.org\/{rel}","templated":true}]}}