{"id":1321775,"date":"2023-12-17T13:28:00","date_gmt":"2023-12-17T16:28:00","guid":{"rendered":"https:\/\/www.estrategiaconcursos.com.br\/blog\/?p=1321775"},"modified":"2023-12-17T14:42:06","modified_gmt":"2023-12-17T17:42:06","slug":"gabarito-extraoficial-ebserh-enfermeiro","status":"publish","type":"post","link":"https:\/\/www.estrategiaconcursos.com.br\/blog\/gabarito-extraoficial-ebserh-enfermeiro\/","title":{"rendered":"Gabarito Extraoficial EBSERH &#8211; Enfermeiro Geral: confira aqui!"},"content":{"rendered":"\n<p>Neste domingo, 17 de dezembro, foram aplicadas as <strong>provas do concurso EBSERH.&nbsp;<\/strong>De acordo com o edital, as avalia\u00e7\u00f5es para Enfermeiro tiveram a dura\u00e7\u00e3o de 4 horas, com in\u00edcio \u00e0s 9h.<\/p>\n\n\n\n<p>Com o objetivo de ajud\u00e1-lo a diminuir um pouco a ansiedade de saber se foi bem ou n\u00e3o em um concurso t\u00e3o visado e importante,\u00a0<strong>nossos professores realizaram a corre\u00e7\u00e3o, dando o<\/strong>\u00a0<strong>gabarito extraoficial da prova da EBSERH<\/strong>.<\/p>\n\n\n\n<p>Portanto, confira, antecipadamente, seu desempenho e ainda receba dicas de recursos (se houver necessidade, claro!). Lembrando que o&nbsp;gabarito oficial preliminar ser\u00e1 publicado pelo <a href=\"https:\/\/concursos.ibfc.org.br\/informacoes\/434\/\" target=\"_blank\" rel=\"noreferrer noopener\">IBFC<\/a>. <\/p>\n\n\n\n<h2 class=\"wp-block-heading\" id=\"h-participe-do-ranking-gabarito-extraoficial-ebserh-enfermeiro\">Participe do Ranking Gabarito Extraoficial EBSERH &#8211; Enfermeiro<\/h2>\n\n\n\n<p class=\"has-text-align-center has-cyan-bluish-gray-background-color has-background\" style=\"font-size:clamp(14px, 0.875rem + ((1vw - 3.2px) * 0.392), 18px);\"><strong><a href=\"https:\/\/forms.gle\/ewMBHkUBvMDpaLRE8\" target=\"_blank\" rel=\"noreferrer noopener\">Preencha o gabarito eletr\u00f4nico<\/a><\/strong><\/p>\n\n\n\n<p class=\"has-text-align-center has-cyan-bluish-gray-background-color has-background\" style=\"font-size:clamp(14px, 0.875rem + ((1vw - 3.2px) * 0.392), 18px);\"><strong><a href=\"https:\/\/docs.google.com\/spreadsheets\/d\/10xCMp-JWAjhCfvFbNvztjTDsIgRrmJC4Qg26JuRboxM\/edit?usp=sharing\" target=\"_blank\" rel=\"noreferrer noopener\">Ranking Gabarito Extraoficial EBSERH: Enfermeiro<\/a><\/strong><\/p>\n\n\n\n<h2 class=\"wp-block-heading\" id=\"h-correcao-e-gabarito-extraoficial-ebserh-enfermeiro\">Corre\u00e7\u00e3o e Gabarito Extraoficial EBSERH &#8211; Enfermeiro<\/h2>\n\n\n<figure class=\"wp-block-embed-youtube wp-block-embed is-type-video is-provider-youtube wp-embed-aspect-16-9 wp-has-aspect-ratio\"><div class=\"lyte-wrapper\" style=\"width:853px;max-width:100%;margin:5px;\"><div class=\"lyMe\" id=\"WYL_YFkzC8Vb4AY\"><div id=\"lyte_YFkzC8Vb4AY\" data-src=\"\/\/i.ytimg.com\/vi\/YFkzC8Vb4AY\/hqdefault.jpg\" class=\"pL\"><div class=\"tC\"><div class=\"tT\"><\/div><\/div><div class=\"play\"><\/div><div class=\"ctrl\"><div class=\"Lctrl\"><\/div><div class=\"Rctrl\"><\/div><\/div><\/div><noscript><a href=\"https:\/\/youtu.be\/YFkzC8Vb4AY\" rel=\"nofollow\"><img loading=\"lazy\" decoding=\"async\" src=\"https:\/\/i.ytimg.com\/vi\/YFkzC8Vb4AY\/0.jpg\" alt=\"YouTube video thumbnail\" width=\"853\" height=\"460\" \/><br \/>Assista a este v\u00eddeo no YouTube<\/a><\/noscript><\/div><\/div><div class=\"lL\" style=\"max-width:100%;width:853px;margin:5px;\"><\/div><figcaption><\/figcaption><\/figure>\n\n\n<figure class=\"wp-block-table is-style-stripes\"><table class=\"has-very-light-gray-to-cyan-bluish-gray-gradient-background has-background has-fixed-layout\"><thead><tr><th class=\"has-text-align-center\" data-align=\"center\">DISCIPLINA<\/th><th class=\"has-text-align-center\" data-align=\"center\">PROF.<\/th><\/tr><\/thead><tbody><tr><td class=\"has-text-align-center\" data-align=\"center\">L\u00edngua Portuguesa <\/td><td class=\"has-text-align-center\" data-align=\"center\">Fabr\u00edcio Dutra<\/td><\/tr><tr><td class=\"has-text-align-center\" data-align=\"center\">Racioc\u00ednio L\u00f3gico <\/td><td class=\"has-text-align-center\" data-align=\"center\">Carlos Henrique<\/td><\/tr><tr><td class=\"has-text-align-center\" data-align=\"center\">Legisla\u00e7\u00e3o SUS <\/td><td class=\"has-text-align-center\" data-align=\"center\">L\u00edgia Carvalheiro<\/td><\/tr><tr><td class=\"has-text-align-center\" data-align=\"center\">Legisla\u00e7\u00e3o EBSERH <\/td><td class=\"has-text-align-center\" data-align=\"center\">Tiago Zanolla<\/td><\/tr><tr><td class=\"has-text-align-center\" data-align=\"center\">Conhecimentos espec\u00edficos I<\/td><td class=\"has-text-align-center\" data-align=\"center\">Guilherme Gasparini<\/td><\/tr><tr><td class=\"has-text-align-center\" data-align=\"center\">Conhecimentos espec\u00edficos II<\/td><td class=\"has-text-align-center\" data-align=\"center\">Breno Caldas<\/td><\/tr><tr><td class=\"has-text-align-center\" data-align=\"center\">Conhecimentos espec\u00edficos III<\/td><td class=\"has-text-align-center\" data-align=\"center\">L\u00edgia Carvalheiro<\/td><\/tr><tr><td class=\"has-text-align-center\" data-align=\"center\">Conhecimentos espec\u00edficos IV<\/td><td class=\"has-text-align-center\" data-align=\"center\">Thaysa Vianna<\/td><\/tr><\/tbody><\/table><\/figure>\n\n\n\n<h3 class=\"wp-block-heading\" id=\"h-gabarito-extraoficial-ebserh-enfermeiro\">Gabarito extraoficial: EBSERH &#8211; Enfermeiro<\/h3>\n\n\n\n<p>Abaixo, voc\u00ea confere os gabaritos das quest\u00f5es corrigidas pelos nossos professores. Como existem v\u00e1rios tipos de provas, voc\u00ea pode conferindo o in\u00edcio da quest\u00e3o.<\/p>\n\n\n\n<p class=\"has-text-align-center has-cyan-bluish-gray-background-color has-background has-medium-font-size\"><a href=\"https:\/\/dhg1h5j42swfq.cloudfront.net\/2023\/12\/17132610\/prova-enfermeiro-ebserh.pdf\" target=\"_blank\" rel=\"noreferrer noopener nofollow\"><strong>Veja aqui a prova utilizada para corre\u00e7\u00e3o<\/strong><\/a><\/p>\n\n\n\n<p><strong>Quest\u00e3o 1:\u00a0<\/strong>Conhecido escritor do Modernismo Brasileiro&#8230;<br \/><strong><em>Resposta:<\/em><\/strong> A<\/p>\n\n\n\n<p><strong>Quest\u00e3o 2:&nbsp;<\/strong>De acordo com o sentido proposto pelo texto&#8230;<br \/><strong><em>Resposta:<\/em><\/strong> C<\/p>\n\n\n\n<p><strong>Quest\u00e3o 3:&nbsp;<\/strong>Em \u201cPois ele virou pra ela encrespado\u201d&#8230;<br \/><strong><em>Resposta:<\/em><\/strong> A<\/p>\n\n\n\n<p><strong>Quest\u00e3o 4:&nbsp;<\/strong>Na passagem \u201cme parece o cruzamento da filosofia&#8230;<br \/><strong><em>Resposta:<\/em><\/strong> B<\/p>\n\n\n\n<p><strong>Quest\u00e3o 5:&nbsp;<\/strong>O voc\u00e1bulo \u201cque\u201d destacado em..<br \/><strong><em>Resposta:<\/em><\/strong> D<\/p>\n\n\n\n<p><strong>Quest\u00e3o 6:&nbsp;<\/strong>Na primeira frase do texto, o conectivo&#8230;<br \/><strong><em>Resposta:<\/em><\/strong> D<\/p>\n\n\n\n<p><strong>Quest\u00e3o 7:&nbsp;<\/strong>Considere o emprego dos pronomes demonstrativos&#8230;<br \/><strong><em>Resposta:<\/em><\/strong> E<\/p>\n\n\n\n<p><strong>Quest\u00e3o 8:&nbsp;<\/strong>\u00c9 poss\u00edvel estabelecer um di\u00e1logo entre&#8230;<br \/><strong><em>Resposta:<\/em><\/strong> B<\/p>\n\n\n\n<p><strong>Quest\u00e3o 9:&nbsp;<\/strong>O emprego do acento grave em&#8230;<br \/><strong><em>Resposta:<\/em><\/strong> E<\/p>\n\n\n\n<p><strong>Quest\u00e3o 10:&nbsp;<\/strong>Em \u201csurgem perfis que n\u00e3o correspondem&#8230;<br \/><strong><em>Resposta:<\/em><\/strong> A<\/p>\n\n\n\n<p><strong>Quest\u00e3o 11:&nbsp;<\/strong>Em uma sala existem seis mulheres&#8230;<br \/><strong><em>Resposta:<\/em><\/strong> B<\/p>\n\n\n\n<p><strong>Quest\u00e3o 12:&nbsp;<\/strong>Aqui temos uma sequ\u00eancia de letras&#8230;<br \/><strong><em>Resposta:<\/em><\/strong> D<\/p>\n\n\n\n<p><strong>Quest\u00e3o 13:&nbsp;<\/strong>Assinale a alternativa que apresenta qual \u00e9 o valor&#8230;<br \/><strong><em>Resposta:<\/em><\/strong> C<\/p>\n\n\n\n<p><strong>Quest\u00e3o 14:&nbsp;<\/strong>An\u00e1lise a tabela abaixo&#8230;<br \/><strong><em>Resposta:<\/em><\/strong> A<\/p>\n\n\n\n<p><strong>Quest\u00e3o 15:&nbsp;<\/strong>Uma pizza foi cortada em oito partes iguais&#8230;<br \/><strong><em>Resposta:<\/em><\/strong> A <\/p>\n\n\n\n<p><strong>Quest\u00e3o 16:&nbsp;<\/strong>Em uma sala de aula, 50 alunos&#8230;<br \/><strong><em>Resposta:<\/em><\/strong> B<\/p>\n\n\n\n<p><strong>Quest\u00e3o 17:&nbsp;<\/strong>De um baralho comum contendo 52 cartas&#8230;<br \/><strong><em>Resposta:<\/em><\/strong> D<\/p>\n\n\n\n<p><strong>Quest\u00e3o 18:&nbsp;<\/strong>Utilizando do raciocino l\u00f3gico matem\u00e1tico&#8230;<br \/><strong><em>Resposta:<\/em><\/strong> E<\/p>\n\n\n\n<p><strong>Quest\u00e3o 19:&nbsp;<\/strong>Em um jogo de cartas, temos somente 3 cartas&#8230;<br \/><strong><em>Resposta:<\/em><\/strong> B<\/p>\n\n\n\n<p><strong>Quest\u00e3o 20:&nbsp;<\/strong>Numa empresa de l\u00ednguas com 30 funcion\u00e1rios&#8230;<br \/><strong><em>Resposta:<\/em><\/strong> E<\/p>\n\n\n\n<p><strong>Quest\u00e3o 21:\u00a0<\/strong>De acordo com o previsto na Resolu\u00e7\u00e3o n\u00ba453\/2012&#8230;<br \/><strong><em>Resposta:<\/em><\/strong> C<\/p>\n\n\n\n<p><strong>Quest\u00e3o 22:&nbsp;<\/strong>Com base na Constitui\u00e7\u00e3o Federal de 1988&#8230;<br \/><strong><em>Resposta:<\/em><\/strong> B<\/p>\n\n\n\n<p><strong>Quest\u00e3o 23:&nbsp;<\/strong>De acordo com a Constitui\u00e7\u00e3o Federal&#8230;<br \/><strong><em>Resposta:<\/em><\/strong> E<\/p>\n\n\n\n<p><strong>Quest\u00e3o 24:&nbsp;<\/strong>Ante o que disp\u00f5e a Lei Org\u00e2nica da Sa\u00fade&#8230;<br \/><strong><em>Resposta:<\/em><\/strong> A<\/p>\n\n\n\n<p><strong>Quest\u00e3o 25:\u00a0<\/strong>De acordo com a Lei Federal n\u00ba 8.142\/1990&#8230;<br \/><strong><em>Resposta:<\/em><\/strong> D<\/p>\n\n\n\n<p><strong>Quest\u00e3o 26:\u00a0<\/strong>Conforme a Resolu\u00e7\u00e3o &#8211; RDC n\u00ba 63\/2011..<br \/><strong><em>Resposta:<\/em><\/strong> C<\/p>\n\n\n\n<p><strong>Quest\u00e3o 27:&nbsp;<\/strong>De acordo com a Carta dos Direitos e Deveres&#8230;<br \/><strong><em>Resposta:<\/em><\/strong> A<\/p>\n\n\n\n<p><strong>Quest\u00e3o 28:\u00a0<\/strong>Para efeito do Decreto n\u00ba 7.508\/2011&#8230;<br \/><strong><em>Resposta:<\/em><\/strong> E<\/p>\n\n\n\n<p><strong>Quest\u00e3o 29:&nbsp;<\/strong>De acordo com a Carta dos Direitos e Deveres da Pessoa..<br \/><strong><em>Resposta:<\/em><\/strong> D<\/p>\n\n\n\n<p><strong>Quest\u00e3o 30:&nbsp;<\/strong>Quanto aos princ\u00edpios e diretrizes que&#8230;<br \/><strong><em>Resposta:<\/em><\/strong> B<\/p>\n\n\n\n<p><strong>Quest\u00e3o 31:\u00a0<\/strong>De acordo com o Regimento Interno da Administra\u00e7\u00e3o&#8230;<br \/><strong><em>Resposta:<\/em><\/strong> B<\/p>\n\n\n\n<p><strong>Quest\u00e3o 32:\u00a0<\/strong>Acerca das compet\u00eancias previstas no Regimento Interno&#8230;<br \/><strong><em>Resposta:<\/em><\/strong> C<\/p>\n\n\n\n<p><strong>Quest\u00e3o 33:\u00a0<\/strong>O Estatuto Social da Empresa Brasileira de Servi\u00e7os Hospitalares&#8230;<br \/><strong><em>Resposta:<\/em><\/strong> D<\/p>\n\n\n\n<p><strong>Quest\u00e3o 34:\u00a0<\/strong>O Estatuto Social da Empresa Brasileira de Servi\u00e7os&#8230;<br \/><strong><em>Resposta:<\/em><\/strong> A<\/p>\n\n\n\n<p><strong>Quest\u00e3o 35:\u00a0<\/strong>De acordo com o Regulamento de Pessoal&#8230;<br \/><strong><em>Resposta:<\/em><\/strong> C<\/p>\n\n\n\n<p><strong>Quest\u00e3o 36:\u00a0<\/strong>Acerca do Regulamento de Pessoal&#8230;<br \/><strong><em>Resposta:<\/em><\/strong> C<\/p>\n\n\n\n<p><strong>Quest\u00e3o 37:\u00a0<\/strong>De acordo com a Norma Operacional de Controle&#8230;<br \/><strong><em>Resposta:<\/em><\/strong> E<\/p>\n\n\n\n<p><strong>Quest\u00e3o 38:\u00a0<\/strong>Leia o artigo 37 da Norma Operacional&#8230;<br \/><strong><em>Resposta:<\/em><\/strong> A<\/p>\n\n\n\n<p><strong>Quest\u00e3o 39:\u00a0<\/strong>De acordo com o Regulamento de Licita\u00e7\u00f5es e Contratos&#8230;<br \/><strong><em>Resposta:<\/em><\/strong> B<\/p>\n\n\n\n<p><strong>Quest\u00e3o 40:\u00a0<\/strong>Acerca dos crit\u00e9rios de julgamento e as disposi\u00e7\u00f5es&#8230;<br \/><strong><em>Resposta:<\/em><\/strong> C<\/p>\n\n\n\n<p><strong>Quest\u00e3o 41:&nbsp;<\/strong>De acordo com as Diretrizes de Aten\u00e7\u00e3o \u00e0 Gestante&#8230;<br \/><strong><em>Resposta:<\/em><\/strong> B<\/p>\n\n\n\n<p><strong>Quest\u00e3o 42:&nbsp;<\/strong>A respeito do tempo que dever\u00e1 ser feita..<br \/><strong><em>Resposta:<\/em><\/strong> A<\/p>\n\n\n\n<p><strong>Quest\u00e3o 43:&nbsp;<\/strong>Sobre o gerenciamento dos res\u00edduos de servi\u00e7os&#8230;<br \/><strong><em>Resposta:<\/em><\/strong> B<\/p>\n\n\n\n<p><strong>Quest\u00e3o 44:&nbsp;<\/strong>Assinale a alternativa que apresenta as vacinas&#8230;<br \/><strong><em>Resposta:<\/em><\/strong> E<\/p>\n\n\n\n<p><strong>Quest\u00e3o 45:&nbsp;<\/strong>Idealmente cada vacina deve ser&#8230;<br \/><strong><em>Resposta:<\/em><\/strong> A<\/p>\n\n\n\n<p><strong>Quest\u00e3o 46:&nbsp;<\/strong>A distribui\u00e7\u00e3o percentual total de profissionais&#8230;<br \/><strong><em>Resposta:<\/em><\/strong> C<\/p>\n\n\n\n<p><strong>Quest\u00e3o 47:&nbsp;<\/strong>A conten\u00e7\u00e3o f\u00edsica envolve t\u00e9cnicas desenvolvidas&#8230;<br \/><strong><em>Resposta:<\/em><\/strong> D<\/p>\n\n\n\n<p><strong>Quest\u00e3o 48:&nbsp;<\/strong>A sa\u00fade \u00e9 um direito de cidadania de todas as pessoas&#8230;<br \/><strong><em>Resposta:<\/em><\/strong> B<\/p>\n\n\n\n<p><strong>Quest\u00e3o 49:&nbsp;<\/strong>A Carta dos Direitos dos Usu\u00e1rios da Sa\u00fade&#8230;<br \/><strong><em>Resposta:<\/em><\/strong> A<\/p>\n\n\n\n<p><strong>Quest\u00e3o 50:&nbsp;<\/strong>A precau\u00e7\u00e3o para got\u00edculas \u00e9 indicada para&#8230;<br \/><strong><em>Resposta:<\/em><\/strong> D<\/p>\n\n\n\n<p><strong>Quest\u00e3o 51:&nbsp;<\/strong>Assinale a alternativa que n\u00e3o apresenta&#8230;<br \/><strong><em>Resposta:<\/em><\/strong> B<\/p>\n\n\n\n<p><strong>Quest\u00e3o 52:&nbsp;<\/strong>Os dist\u00farbios hidroeletrol\u00edticos podem&#8230;<br \/><strong><em>Resposta:<\/em><\/strong> C<\/p>\n\n\n\n<p><strong>Quest\u00e3o 53:&nbsp;<\/strong>Para o estudo das s\u00edndromes caracterizadas&#8230;<br \/><strong><em>Resposta:<\/em><\/strong> D<\/p>\n\n\n\n<p><strong>Quest\u00e3o 54:&nbsp;<\/strong>Atrav\u00e9s da escala de coma de Glasgow&#8230;<br \/><strong><em>Resposta:<\/em><\/strong> E<\/p>\n\n\n\n<p><strong>Quest\u00e3o 55:\u00a0<\/strong>Carlos Eduardo, obeso, 39 anos&#8230;<br \/><strong><em>Resposta:<\/em><\/strong> C<\/p>\n\n\n\n<p><strong>Quest\u00e3o 56:\u00a0<\/strong>Para determina\u00e7\u00e3o de morte encef\u00e1lica \u00e9 obrigat\u00f3rio&#8230;<br \/><strong><em>Resposta:<\/em><\/strong> A<\/p>\n\n\n\n<p><strong>Quest\u00e3o 57:\u00a0<\/strong>A Resolu\u00e7\u00e3o &#8211; RDC n\u00ba 15, de 15 de mar\u00e7o de 2012&#8230;<br \/><strong><em>Resposta:<\/em><\/strong> E<\/p>\n\n\n\n<p><strong>Quest\u00e3o 58:\u00a0<\/strong>A __ \u00e9 um f\u00e1rmaco inotr\u00f3pico utilizado no tratamento&#8230;<br \/><strong><em>Resposta:<\/em><\/strong> D<\/p>\n\n\n\n<p><strong>Quest\u00e3o 59:\u00a0<\/strong>Sobre compress\u00f5es tor\u00e1cicas eficientes&#8230;<br \/><strong><em>Resposta:<\/em><\/strong> C<\/p>\n\n\n\n<p><strong>Quest\u00e3o 60:\u00a0<\/strong>Diarreia \u00e9 o aumento no n\u00famero de evacua\u00e7\u00f5es&#8230;<br \/><strong><em>Resposta:<\/em><\/strong> A<\/p>\n\n\n\n<p class=\"has-text-align-center has-background has-medium-font-size\" style=\"background-color:#abb7c25e\"><strong><\/strong><strong>Saiba mais:&nbsp;<a href=\"https:\/\/www.estrategiaconcursos.com.br\/blog\/concurso-ebserh\/\" target=\"_blank\" rel=\"noreferrer noopener\">Concurso Empresa de Servi\u00e7os Hospitalares<\/a><\/strong><\/p>\n\n\n\n<hr class=\"wp-block-separator has-css-opacity\"\/>\n\n\n\n<h2 class=\"wp-block-heading has-text-align-center\" id=\"h-quer-saber-tudo-sobre-concursos-previstos-confira-nossos-artigos\">Quer saber tudo sobre concursos previstos?<br \/>Confira nossos artigos!<\/h2>\n\n\n\n<ul class=\"wp-block-list\">\n<li><a href=\"https:\/\/www.estrategiaconcursos.com.br\/blog\/concursos-abertos\/\" target=\"_blank\" rel=\"noreferrer noopener\">Concursos abertos<\/a><\/li>\n\n\n\n<li><a href=\"https:\/\/www.estrategiaconcursos.com.br\/blog\/concursos-2024\/\" target=\"_blank\" rel=\"noreferrer noopener\">Concursos 2024<\/a><\/li>\n<\/ul>\n\n\n\n<h2 class=\"wp-block-heading has-text-align-center\" id=\"cursos\">Quer estudar para o concurso EBSERH?<\/h2>\n\n\n\n<div class=\"container\" id=\"boxes\">\n  <div class=\"row\">\n\n    <div class=\"col-sm\">\n      <div class=\"banner-medicina\" id=\"box-assinatura\">\n        <h3 class=\"titulo-assinatura\">Concurso EBSERH<\/h3>\n        <p class=\"subtitulo-assinatura\">Estude conosco<\/p>\n        <div class=\"box-botao\">\n          <a class=\"btn-assinatura\" target=\"_blank\" href=\"https:\/\/www.estrategiaconcursos.com.br\/cursosPorConcurso\/ebserh-107\/\" role=\"button\" rel=\"noopener noreferrer\">Conhe\u00e7a mais<\/a>\n        <\/div>\n      <\/div>\n     \n    <\/div>\n\n  <\/div>\n<\/div>\n\n\n\n<div class=\"container\" id=\"boxes\">\n  <div class=\"row\">\n\n    <div class=\"col-sm\">\n      <div class=\"estrategia\" id=\"box-assinatura\">\n        <h3 class=\"titulo-assinatura\">Assinatura Concursos<\/h3>\n        <p class=\"subtitulo-assinatura\">Assinatura de 1 ano ou 2 anos<\/p>\n        <div class=\"box-botao\">\n          <a class=\"btn-assinatura\" target=\"_blank\" href=\"https:\/\/www.estrategiaconcursos.com.br\/assinaturas\/\" role=\"button\" rel=\"noopener noreferrer\">ASSINE AGORA<\/a>\n        <\/div>\n      <\/div><\/div><\/div><\/div>\n","protected":false},"excerpt":{"rendered":"<p>Neste domingo, 17 de dezembro, foram aplicadas as provas do concurso EBSERH.&nbsp;De acordo com o edital, as avalia\u00e7\u00f5es para Enfermeiro tiveram a dura\u00e7\u00e3o de 4 horas, com in\u00edcio \u00e0s 9h. Com o objetivo de ajud\u00e1-lo a diminuir um pouco a ansiedade de saber se foi bem ou n\u00e3o em um concurso t\u00e3o visado e importante,\u00a0nossos [&hellip;]<\/p>\n","protected":false},"author":1206,"featured_media":1321780,"comment_status":"open","ping_status":"closed","sticky":false,"template":"","format":"standard","meta":{"post_tipo":"news","footnotes":""},"categories":[1981,220219],"tags":[],"tax_estado":[219963],"class_list":["post-1321775","post","type-post","status-publish","format-standard","has-post-thumbnail","hentry","category-saude","category-noticias","tax_estado-concursos-federais"],"acf":[],"yoast_head":"<!-- This site is optimized with the Yoast SEO Premium plugin v27.2 (Yoast SEO v27.2) - https:\/\/yoast.com\/product\/yoast-seo-premium-wordpress\/ -->\n<title>Gabarito Extraoficial EBSERH - Enfermeiro Geral: confira aqui!<\/title>\n<meta name=\"description\" content=\"Neste domingo, 17 de dezembro, s\u00e3o aplicadas as provas do concurso EBSERH. Acompanhe a corre\u00e7\u00e3o e o gabarito extraoficial!\" \/>\n<meta name=\"robots\" content=\"index, follow, max-snippet:-1, max-image-preview:large, max-video-preview:-1\" \/>\n<link rel=\"canonical\" href=\"https:\/\/www.estrategiaconcursos.com.br\/blog\/gabarito-extraoficial-ebserh-enfermeiro\/\" \/>\n<meta property=\"og:locale\" content=\"pt_BR\" \/>\n<meta property=\"og:type\" content=\"article\" \/>\n<meta property=\"og:title\" content=\"Gabarito Extraoficial EBSERH - Enfermeiro Geral: confira aqui!\" \/>\n<meta property=\"og:description\" content=\"Neste domingo, 17 de dezembro, s\u00e3o aplicadas as provas do concurso EBSERH. Acompanhe a corre\u00e7\u00e3o e o gabarito extraoficial!\" \/>\n<meta property=\"og:url\" content=\"https:\/\/www.estrategiaconcursos.com.br\/blog\/gabarito-extraoficial-ebserh-enfermeiro\/\" \/>\n<meta property=\"og:site_name\" content=\"Estrat\u00e9gia Concursos\" \/>\n<meta property=\"article:published_time\" content=\"2023-12-17T16:28:00+00:00\" \/>\n<meta property=\"article:modified_time\" content=\"2023-12-17T17:42:06+00:00\" \/>\n<meta property=\"og:image\" content=\"https:\/\/dhg1h5j42swfq.cloudfront.net\/2023\/12\/14172225\/gabarito-extraoficial-ebserh-enfermeiro.jpg\" \/>\n\t<meta property=\"og:image:width\" content=\"1280\" \/>\n\t<meta property=\"og:image:height\" content=\"720\" \/>\n\t<meta property=\"og:image:type\" content=\"image\/jpeg\" \/>\n<meta name=\"author\" content=\"Bruna de Andrade Fran\u00e7a\" \/>\n<meta name=\"twitter:card\" content=\"summary_large_image\" \/>\n<meta name=\"twitter:creator\" content=\"@EstratConcursos\" \/>\n<meta name=\"twitter:site\" content=\"@EstratConcursos\" \/>\n<meta name=\"twitter:label1\" content=\"Escrito por\" \/>\n\t<meta name=\"twitter:data1\" content=\"Bruna de Andrade Fran\u00e7a\" \/>\n\t<meta name=\"twitter:label2\" content=\"Est. tempo de leitura\" \/>\n\t<meta name=\"twitter:data2\" content=\"5 minutos\" \/>\n<script type=\"application\/ld+json\" class=\"yoast-schema-graph\">{\"@context\":\"https:\/\/schema.org\",\"@graph\":[{\"@type\":\"NewsArticle\",\"@id\":\"https:\/\/www.estrategiaconcursos.com.br\/blog\/gabarito-extraoficial-ebserh-enfermeiro\/#article\",\"isPartOf\":{\"@id\":\"https:\/\/www.estrategiaconcursos.com.br\/blog\/gabarito-extraoficial-ebserh-enfermeiro\/\"},\"author\":{\"name\":\"Bruna de Andrade Fran\u00e7a\",\"@id\":\"https:\/\/www.estrategiaconcursos.com.br\/blog\/#\/schema\/person\/6630f91134abc08115cca62ce6372855\"},\"headline\":\"Gabarito Extraoficial EBSERH &#8211; Enfermeiro Geral: confira aqui!\",\"datePublished\":\"2023-12-17T16:28:00+00:00\",\"dateModified\":\"2023-12-17T17:42:06+00:00\",\"mainEntityOfPage\":{\"@id\":\"https:\/\/www.estrategiaconcursos.com.br\/blog\/gabarito-extraoficial-ebserh-enfermeiro\/\"},\"wordCount\":1015,\"commentCount\":0,\"publisher\":{\"@id\":\"https:\/\/www.estrategiaconcursos.com.br\/blog\/#organization\"},\"image\":{\"@id\":\"https:\/\/www.estrategiaconcursos.com.br\/blog\/gabarito-extraoficial-ebserh-enfermeiro\/#primaryimage\"},\"thumbnailUrl\":\"https:\/\/dhg1h5j42swfq.cloudfront.net\/2023\/12\/14172225\/gabarito-extraoficial-ebserh-enfermeiro.jpg\",\"articleSection\":[\"Sa\u00fade\",\"\u00daltimas not\u00edcias\"],\"inLanguage\":\"pt-BR\",\"potentialAction\":[{\"@type\":\"CommentAction\",\"name\":\"Comment\",\"target\":[\"https:\/\/www.estrategiaconcursos.com.br\/blog\/gabarito-extraoficial-ebserh-enfermeiro\/#respond\"]}],\"copyrightYear\":\"2023\",\"copyrightHolder\":{\"@id\":\"https:\/\/www.estrategiaconcursos.com.br\/blog\/#organization\"}},{\"@type\":\"WebPage\",\"@id\":\"https:\/\/www.estrategiaconcursos.com.br\/blog\/gabarito-extraoficial-ebserh-enfermeiro\/\",\"url\":\"https:\/\/www.estrategiaconcursos.com.br\/blog\/gabarito-extraoficial-ebserh-enfermeiro\/\",\"name\":\"Gabarito Extraoficial EBSERH - Enfermeiro Geral: confira aqui!\",\"isPartOf\":{\"@id\":\"https:\/\/www.estrategiaconcursos.com.br\/blog\/#website\"},\"primaryImageOfPage\":{\"@id\":\"https:\/\/www.estrategiaconcursos.com.br\/blog\/gabarito-extraoficial-ebserh-enfermeiro\/#primaryimage\"},\"image\":{\"@id\":\"https:\/\/www.estrategiaconcursos.com.br\/blog\/gabarito-extraoficial-ebserh-enfermeiro\/#primaryimage\"},\"thumbnailUrl\":\"https:\/\/dhg1h5j42swfq.cloudfront.net\/2023\/12\/14172225\/gabarito-extraoficial-ebserh-enfermeiro.jpg\",\"datePublished\":\"2023-12-17T16:28:00+00:00\",\"dateModified\":\"2023-12-17T17:42:06+00:00\",\"description\":\"Neste domingo, 17 de dezembro, s\u00e3o aplicadas as provas do concurso EBSERH. Acompanhe a corre\u00e7\u00e3o e o gabarito extraoficial!\",\"breadcrumb\":{\"@id\":\"https:\/\/www.estrategiaconcursos.com.br\/blog\/gabarito-extraoficial-ebserh-enfermeiro\/#breadcrumb\"},\"inLanguage\":\"pt-BR\",\"potentialAction\":[{\"@type\":\"ReadAction\",\"target\":[\"https:\/\/www.estrategiaconcursos.com.br\/blog\/gabarito-extraoficial-ebserh-enfermeiro\/\"]}]},{\"@type\":\"ImageObject\",\"inLanguage\":\"pt-BR\",\"@id\":\"https:\/\/www.estrategiaconcursos.com.br\/blog\/gabarito-extraoficial-ebserh-enfermeiro\/#primaryimage\",\"url\":\"https:\/\/dhg1h5j42swfq.cloudfront.net\/2023\/12\/14172225\/gabarito-extraoficial-ebserh-enfermeiro.jpg\",\"contentUrl\":\"https:\/\/dhg1h5j42swfq.cloudfront.net\/2023\/12\/14172225\/gabarito-extraoficial-ebserh-enfermeiro.jpg\",\"width\":1280,\"height\":720,\"caption\":\"Gabarito Extraoficial EBSERH Enfermeiro\"},{\"@type\":\"BreadcrumbList\",\"@id\":\"https:\/\/www.estrategiaconcursos.com.br\/blog\/gabarito-extraoficial-ebserh-enfermeiro\/#breadcrumb\",\"itemListElement\":[{\"@type\":\"ListItem\",\"position\":1,\"name\":\"In\u00edcio\",\"item\":\"https:\/\/www.estrategiaconcursos.com.br\/blog\/\"},{\"@type\":\"ListItem\",\"position\":2,\"name\":\"Gabarito Extraoficial EBSERH &#8211; Enfermeiro Geral: confira aqui!\"}]},{\"@type\":\"WebSite\",\"@id\":\"https:\/\/www.estrategiaconcursos.com.br\/blog\/#website\",\"url\":\"https:\/\/www.estrategiaconcursos.com.br\/blog\/\",\"name\":\"Estrat\u00e9gia Concursos\",\"description\":\"O blog da Estrat\u00e9gia Concursos traz not\u00edcias sobre concursos e artigos de professores oferecendo cursos para concursos (pdf + videaulas) no site.\",\"publisher\":{\"@id\":\"https:\/\/www.estrategiaconcursos.com.br\/blog\/#organization\"},\"potentialAction\":[{\"@type\":\"SearchAction\",\"target\":{\"@type\":\"EntryPoint\",\"urlTemplate\":\"https:\/\/www.estrategiaconcursos.com.br\/blog\/?s={search_term_string}\"},\"query-input\":{\"@type\":\"PropertyValueSpecification\",\"valueRequired\":true,\"valueName\":\"search_term_string\"}}],\"inLanguage\":\"pt-BR\"},{\"@type\":\"Organization\",\"@id\":\"https:\/\/www.estrategiaconcursos.com.br\/blog\/#organization\",\"name\":\"Estrat\u00e9gia Concursos\",\"url\":\"https:\/\/www.estrategiaconcursos.com.br\/blog\/\",\"logo\":{\"@type\":\"ImageObject\",\"inLanguage\":\"pt-BR\",\"@id\":\"https:\/\/www.estrategiaconcursos.com.br\/blog\/#\/schema\/logo\/image\/\",\"url\":\"https:\/\/dhg1h5j42swfq.cloudfront.net\/2025\/06\/03203428\/logo_concursos-1.jpg\",\"contentUrl\":\"https:\/\/dhg1h5j42swfq.cloudfront.net\/2025\/06\/03203428\/logo_concursos-1.jpg\",\"width\":230,\"height\":60,\"caption\":\"Estrat\u00e9gia Concursos\"},\"image\":{\"@id\":\"https:\/\/www.estrategiaconcursos.com.br\/blog\/#\/schema\/logo\/image\/\"},\"sameAs\":[\"https:\/\/x.com\/EstratConcursos\"]},{\"@type\":\"Person\",\"@id\":\"https:\/\/www.estrategiaconcursos.com.br\/blog\/#\/schema\/person\/6630f91134abc08115cca62ce6372855\",\"name\":\"Bruna de Andrade Fran\u00e7a\",\"image\":{\"@type\":\"ImageObject\",\"inLanguage\":\"pt-BR\",\"@id\":\"https:\/\/secure.gravatar.com\/avatar\/d6316d36d50cea0fadae28ed3015b8870cc90a2d3d8a95c37b44006af36a00e3?s=96&d=mm&r=g\",\"url\":\"https:\/\/secure.gravatar.com\/avatar\/d6316d36d50cea0fadae28ed3015b8870cc90a2d3d8a95c37b44006af36a00e3?s=96&d=mm&r=g\",\"contentUrl\":\"https:\/\/secure.gravatar.com\/avatar\/d6316d36d50cea0fadae28ed3015b8870cc90a2d3d8a95c37b44006af36a00e3?s=96&d=mm&r=g\",\"caption\":\"Bruna de Andrade Fran\u00e7a\"},\"description\":\"Bruna de Andrade Fran\u00e7a \u00e9 publicit\u00e1ria com p\u00f3s-gradua\u00e7\u00e3o em Marketing &amp; Growth, atuando h\u00e1 mais de 6 anos no universo dos concursos p\u00fablicos. Desde 2021, lidera no Blog do Estrat\u00e9gia Concursos a cobertura editorial especializada em Concursos Policiais (PF, PRF, PM, PC, etc.), al\u00e9m das frentes de concursos banc\u00e1rios, de sa\u00fade e da \u00e1rea legislativa. Especialista em reda\u00e7\u00e3o, com pr\u00e1ticas de SEO e Copywriting, possui tamb\u00e9m atua\u00e7\u00e3o pr\u00e1tica de contato direto com \u00f3rg\u00e3os p\u00fablicos respons\u00e1veis por editais, permitindo acesso antecipado a informa\u00e7\u00f5es, desdobramentos importantes e atualiza\u00e7\u00e3o eficiente dos concursos p\u00fablicos.\",\"url\":\"https:\/\/www.estrategiaconcursos.com.br\/blog\/author\/bruna-andrade\/\"}]}<\/script>\n<!-- \/ Yoast SEO Premium plugin. -->","yoast_head_json":{"title":"Gabarito Extraoficial EBSERH - Enfermeiro Geral: confira aqui!","description":"Neste domingo, 17 de dezembro, s\u00e3o aplicadas as provas do concurso EBSERH. Acompanhe a corre\u00e7\u00e3o e o gabarito extraoficial!","robots":{"index":"index","follow":"follow","max-snippet":"max-snippet:-1","max-image-preview":"max-image-preview:large","max-video-preview":"max-video-preview:-1"},"canonical":"https:\/\/www.estrategiaconcursos.com.br\/blog\/gabarito-extraoficial-ebserh-enfermeiro\/","og_locale":"pt_BR","og_type":"article","og_title":"Gabarito Extraoficial EBSERH - Enfermeiro Geral: confira aqui!","og_description":"Neste domingo, 17 de dezembro, s\u00e3o aplicadas as provas do concurso EBSERH. Acompanhe a corre\u00e7\u00e3o e o gabarito extraoficial!","og_url":"https:\/\/www.estrategiaconcursos.com.br\/blog\/gabarito-extraoficial-ebserh-enfermeiro\/","og_site_name":"Estrat\u00e9gia Concursos","article_published_time":"2023-12-17T16:28:00+00:00","article_modified_time":"2023-12-17T17:42:06+00:00","og_image":[{"width":1280,"height":720,"url":"https:\/\/dhg1h5j42swfq.cloudfront.net\/2023\/12\/14172225\/gabarito-extraoficial-ebserh-enfermeiro.jpg","type":"image\/jpeg"}],"author":"Bruna de Andrade Fran\u00e7a","twitter_card":"summary_large_image","twitter_creator":"@EstratConcursos","twitter_site":"@EstratConcursos","twitter_misc":{"Escrito por":"Bruna de Andrade Fran\u00e7a","Est. tempo de leitura":"5 minutos"},"schema":{"@context":"https:\/\/schema.org","@graph":[{"@type":"NewsArticle","@id":"https:\/\/www.estrategiaconcursos.com.br\/blog\/gabarito-extraoficial-ebserh-enfermeiro\/#article","isPartOf":{"@id":"https:\/\/www.estrategiaconcursos.com.br\/blog\/gabarito-extraoficial-ebserh-enfermeiro\/"},"author":{"name":"Bruna de Andrade Fran\u00e7a","@id":"https:\/\/www.estrategiaconcursos.com.br\/blog\/#\/schema\/person\/6630f91134abc08115cca62ce6372855"},"headline":"Gabarito Extraoficial EBSERH &#8211; Enfermeiro Geral: confira aqui!","datePublished":"2023-12-17T16:28:00+00:00","dateModified":"2023-12-17T17:42:06+00:00","mainEntityOfPage":{"@id":"https:\/\/www.estrategiaconcursos.com.br\/blog\/gabarito-extraoficial-ebserh-enfermeiro\/"},"wordCount":1015,"commentCount":0,"publisher":{"@id":"https:\/\/www.estrategiaconcursos.com.br\/blog\/#organization"},"image":{"@id":"https:\/\/www.estrategiaconcursos.com.br\/blog\/gabarito-extraoficial-ebserh-enfermeiro\/#primaryimage"},"thumbnailUrl":"https:\/\/dhg1h5j42swfq.cloudfront.net\/2023\/12\/14172225\/gabarito-extraoficial-ebserh-enfermeiro.jpg","articleSection":["Sa\u00fade","\u00daltimas not\u00edcias"],"inLanguage":"pt-BR","potentialAction":[{"@type":"CommentAction","name":"Comment","target":["https:\/\/www.estrategiaconcursos.com.br\/blog\/gabarito-extraoficial-ebserh-enfermeiro\/#respond"]}],"copyrightYear":"2023","copyrightHolder":{"@id":"https:\/\/www.estrategiaconcursos.com.br\/blog\/#organization"}},{"@type":"WebPage","@id":"https:\/\/www.estrategiaconcursos.com.br\/blog\/gabarito-extraoficial-ebserh-enfermeiro\/","url":"https:\/\/www.estrategiaconcursos.com.br\/blog\/gabarito-extraoficial-ebserh-enfermeiro\/","name":"Gabarito Extraoficial EBSERH - Enfermeiro Geral: confira aqui!","isPartOf":{"@id":"https:\/\/www.estrategiaconcursos.com.br\/blog\/#website"},"primaryImageOfPage":{"@id":"https:\/\/www.estrategiaconcursos.com.br\/blog\/gabarito-extraoficial-ebserh-enfermeiro\/#primaryimage"},"image":{"@id":"https:\/\/www.estrategiaconcursos.com.br\/blog\/gabarito-extraoficial-ebserh-enfermeiro\/#primaryimage"},"thumbnailUrl":"https:\/\/dhg1h5j42swfq.cloudfront.net\/2023\/12\/14172225\/gabarito-extraoficial-ebserh-enfermeiro.jpg","datePublished":"2023-12-17T16:28:00+00:00","dateModified":"2023-12-17T17:42:06+00:00","description":"Neste domingo, 17 de dezembro, s\u00e3o aplicadas as provas do concurso EBSERH. Acompanhe a corre\u00e7\u00e3o e o gabarito extraoficial!","breadcrumb":{"@id":"https:\/\/www.estrategiaconcursos.com.br\/blog\/gabarito-extraoficial-ebserh-enfermeiro\/#breadcrumb"},"inLanguage":"pt-BR","potentialAction":[{"@type":"ReadAction","target":["https:\/\/www.estrategiaconcursos.com.br\/blog\/gabarito-extraoficial-ebserh-enfermeiro\/"]}]},{"@type":"ImageObject","inLanguage":"pt-BR","@id":"https:\/\/www.estrategiaconcursos.com.br\/blog\/gabarito-extraoficial-ebserh-enfermeiro\/#primaryimage","url":"https:\/\/dhg1h5j42swfq.cloudfront.net\/2023\/12\/14172225\/gabarito-extraoficial-ebserh-enfermeiro.jpg","contentUrl":"https:\/\/dhg1h5j42swfq.cloudfront.net\/2023\/12\/14172225\/gabarito-extraoficial-ebserh-enfermeiro.jpg","width":1280,"height":720,"caption":"Gabarito Extraoficial EBSERH Enfermeiro"},{"@type":"BreadcrumbList","@id":"https:\/\/www.estrategiaconcursos.com.br\/blog\/gabarito-extraoficial-ebserh-enfermeiro\/#breadcrumb","itemListElement":[{"@type":"ListItem","position":1,"name":"In\u00edcio","item":"https:\/\/www.estrategiaconcursos.com.br\/blog\/"},{"@type":"ListItem","position":2,"name":"Gabarito Extraoficial EBSERH &#8211; Enfermeiro Geral: confira aqui!"}]},{"@type":"WebSite","@id":"https:\/\/www.estrategiaconcursos.com.br\/blog\/#website","url":"https:\/\/www.estrategiaconcursos.com.br\/blog\/","name":"Estrat\u00e9gia Concursos","description":"O blog da Estrat\u00e9gia Concursos traz not\u00edcias sobre concursos e artigos de professores oferecendo cursos para concursos (pdf + videaulas) no site.","publisher":{"@id":"https:\/\/www.estrategiaconcursos.com.br\/blog\/#organization"},"potentialAction":[{"@type":"SearchAction","target":{"@type":"EntryPoint","urlTemplate":"https:\/\/www.estrategiaconcursos.com.br\/blog\/?s={search_term_string}"},"query-input":{"@type":"PropertyValueSpecification","valueRequired":true,"valueName":"search_term_string"}}],"inLanguage":"pt-BR"},{"@type":"Organization","@id":"https:\/\/www.estrategiaconcursos.com.br\/blog\/#organization","name":"Estrat\u00e9gia Concursos","url":"https:\/\/www.estrategiaconcursos.com.br\/blog\/","logo":{"@type":"ImageObject","inLanguage":"pt-BR","@id":"https:\/\/www.estrategiaconcursos.com.br\/blog\/#\/schema\/logo\/image\/","url":"https:\/\/dhg1h5j42swfq.cloudfront.net\/2025\/06\/03203428\/logo_concursos-1.jpg","contentUrl":"https:\/\/dhg1h5j42swfq.cloudfront.net\/2025\/06\/03203428\/logo_concursos-1.jpg","width":230,"height":60,"caption":"Estrat\u00e9gia Concursos"},"image":{"@id":"https:\/\/www.estrategiaconcursos.com.br\/blog\/#\/schema\/logo\/image\/"},"sameAs":["https:\/\/x.com\/EstratConcursos"]},{"@type":"Person","@id":"https:\/\/www.estrategiaconcursos.com.br\/blog\/#\/schema\/person\/6630f91134abc08115cca62ce6372855","name":"Bruna de Andrade Fran\u00e7a","image":{"@type":"ImageObject","inLanguage":"pt-BR","@id":"https:\/\/secure.gravatar.com\/avatar\/d6316d36d50cea0fadae28ed3015b8870cc90a2d3d8a95c37b44006af36a00e3?s=96&d=mm&r=g","url":"https:\/\/secure.gravatar.com\/avatar\/d6316d36d50cea0fadae28ed3015b8870cc90a2d3d8a95c37b44006af36a00e3?s=96&d=mm&r=g","contentUrl":"https:\/\/secure.gravatar.com\/avatar\/d6316d36d50cea0fadae28ed3015b8870cc90a2d3d8a95c37b44006af36a00e3?s=96&d=mm&r=g","caption":"Bruna de Andrade Fran\u00e7a"},"description":"Bruna de Andrade Fran\u00e7a \u00e9 publicit\u00e1ria com p\u00f3s-gradua\u00e7\u00e3o em Marketing &amp; Growth, atuando h\u00e1 mais de 6 anos no universo dos concursos p\u00fablicos. Desde 2021, lidera no Blog do Estrat\u00e9gia Concursos a cobertura editorial especializada em Concursos Policiais (PF, PRF, PM, PC, etc.), al\u00e9m das frentes de concursos banc\u00e1rios, de sa\u00fade e da \u00e1rea legislativa. Especialista em reda\u00e7\u00e3o, com pr\u00e1ticas de SEO e Copywriting, possui tamb\u00e9m atua\u00e7\u00e3o pr\u00e1tica de contato direto com \u00f3rg\u00e3os p\u00fablicos respons\u00e1veis por editais, permitindo acesso antecipado a informa\u00e7\u00f5es, desdobramentos importantes e atualiza\u00e7\u00e3o eficiente dos concursos p\u00fablicos.","url":"https:\/\/www.estrategiaconcursos.com.br\/blog\/author\/bruna-andrade\/"}]}},"_links":{"self":[{"href":"https:\/\/www.estrategiaconcursos.com.br\/blog\/wp-json\/wp\/v2\/posts\/1321775","targetHints":{"allow":["GET"]}}],"collection":[{"href":"https:\/\/www.estrategiaconcursos.com.br\/blog\/wp-json\/wp\/v2\/posts"}],"about":[{"href":"https:\/\/www.estrategiaconcursos.com.br\/blog\/wp-json\/wp\/v2\/types\/post"}],"author":[{"embeddable":true,"href":"https:\/\/www.estrategiaconcursos.com.br\/blog\/wp-json\/wp\/v2\/users\/1206"}],"replies":[{"embeddable":true,"href":"https:\/\/www.estrategiaconcursos.com.br\/blog\/wp-json\/wp\/v2\/comments?post=1321775"}],"version-history":[{"count":17,"href":"https:\/\/www.estrategiaconcursos.com.br\/blog\/wp-json\/wp\/v2\/posts\/1321775\/revisions"}],"predecessor-version":[{"id":1322975,"href":"https:\/\/www.estrategiaconcursos.com.br\/blog\/wp-json\/wp\/v2\/posts\/1321775\/revisions\/1322975"}],"wp:featuredmedia":[{"embeddable":true,"href":"https:\/\/www.estrategiaconcursos.com.br\/blog\/wp-json\/wp\/v2\/media\/1321780"}],"wp:attachment":[{"href":"https:\/\/www.estrategiaconcursos.com.br\/blog\/wp-json\/wp\/v2\/media?parent=1321775"}],"wp:term":[{"taxonomy":"category","embeddable":true,"href":"https:\/\/www.estrategiaconcursos.com.br\/blog\/wp-json\/wp\/v2\/categories?post=1321775"},{"taxonomy":"post_tag","embeddable":true,"href":"https:\/\/www.estrategiaconcursos.com.br\/blog\/wp-json\/wp\/v2\/tags?post=1321775"},{"taxonomy":"tax_estado","embeddable":true,"href":"https:\/\/www.estrategiaconcursos.com.br\/blog\/wp-json\/wp\/v2\/tax_estado?post=1321775"}],"curies":[{"name":"wp","href":"https:\/\/api.w.org\/{rel}","templated":true}]}}