{"id":132078,"date":"2018-07-22T19:44:26","date_gmt":"2018-07-22T22:44:26","guid":{"rendered":"https:\/\/www.estrategiaconcursos.com.br\/blog\/?p=132078"},"modified":"2018-07-22T20:30:03","modified_gmt":"2018-07-22T23:30:03","slug":"gabarito-extraoficial-tecnico-tj-sc-2018","status":"publish","type":"post","link":"https:\/\/www.estrategiaconcursos.com.br\/blog\/gabarito-extraoficial-tecnico-tj-sc-2018\/","title":{"rendered":"Gabarito Extraoficial &#8211; T\u00e9cnico TJ-SC 2018"},"content":{"rendered":"<p>Ol\u00e1, pessoal! Tudo bem?<\/p>\n<p>Hoje (22\/07\/2018), foi realizada a prova do TJ\/SC, o qual foi, sem d\u00favida, um dos mais importantes concursos do ano.<\/p>\n<p>Nossos alunos aqui do Estrat\u00e9gia estavam em um excepcional n\u00edvel, motivo pelo qual acredito que n\u00e3o tiveram grandes dificuldades para resolver a prova de T\u00e9cnico TJ\/SC.<\/p>\n<p>Abaixo, apresento meus coment\u00e1rios \u00e0 prova, com o gabarito extraoficial.<\/p>\n<p style=\"text-align: center;\">Mas antes de conferir a corre\u00e7\u00e3o, n\u00e3o deixe de participar do Ranking TJ SC para conferir seu desempenho na prova. Clique na imagem abaixo para cadastrar seu gabarito:<\/p>\n<p><a href=\"https:\/\/docs.google.com\/forms\/d\/e\/1FAIpQLSdSAqTomm5FwWvRF8sryALJJIWbt76cNRs5mQ6NBaWg6FQI4w\/viewform\" target=\"_blank\" rel=\"noopener\"><img loading=\"lazy\" decoding=\"async\" class=\"aligncenter wp-image-132028 size-full\" src=\"https:\/\/dhg1h5j42swfq.cloudfront.net\/2018\/07\/22124759\/Ranking-TJ-SC2.jpg\" sizes=\"auto, (max-width: 1184px) 100vw, 1184px\" srcset=\"https:\/\/dhg1h5j42swfq.cloudfront.net\/2018\/07\/22124759\/Ranking-TJ-SC2.jpg 1184w, https:\/\/dhg1h5j42swfq.cloudfront.net\/2018\/07\/22124759\/Ranking-TJ-SC2.jpg 300w, https:\/\/dhg1h5j42swfq.cloudfront.net\/2018\/07\/22124759\/Ranking-TJ-SC2.jpg 768w, https:\/\/dhg1h5j42swfq.cloudfront.net\/2018\/07\/22124759\/Ranking-TJ-SC2.jpg 1024w, https:\/\/dhg1h5j42swfq.cloudfront.net\/2018\/07\/22124759\/Ranking-TJ-SC2.jpg 610w\" alt=\"\" width=\"1184\" height=\"183\" \/><\/a><\/p>\n<p>Abra\u00e7os,<\/p>\n<p>Ricardo Vale<\/p>\n<p><em><strong>&#8220;O segredo do sucesso \u00e9 a const\u00e2ncia no objetivo&#8221;.\u00a0<\/strong><\/em><\/p>\n<p><strong>INSTAGRAM:\u00a0<\/strong><a href=\"https:\/\/www.instagram.com\/profricardovale\/\">https:\/\/www.instagram.com\/profricardovale\/<\/a><\/p>\n<p style=\"text-align: center;\"><span style=\"color: #0000ff;\"><strong>PROVA \u2013 Direito Constitucional T\u00e9cnico TJ-SC (2018)<\/strong><\/span><\/p>\n<p style=\"text-align: justify;\"><strong>31 \u2013 (FGV \/ TJ-SC \u2013 2018) O Tribunal de Contas de determinado Estado, ao apreciar as contas do Chefe do Poder Executivo, emitiu parecer pela sua rejei\u00e7\u00e3o. Apesar disso, as contas foram aprovadas pela Assembleia Legislativa.<\/strong><\/p>\n<p style=\"text-align: justify;\"><strong>\u00c0 luz da sistem\u00e1tica constitucional, esse proceder est\u00e1:<\/strong><\/p>\n<p style=\"text-align: justify;\">a) errado, pois o Tribunal de Contas sempre exerce compet\u00eancia decis\u00f3ria, n\u00e3o consultiva, devendo aprovar ou rejeitar as contas do Governador, com recuso ao Tribunal de Justi\u00e7a.<\/p>\n<p style=\"text-align: justify;\">b) errado, pois o Tribunal de Contas somente exerce compet\u00eancia consultiva em rela\u00e7\u00e3o aos demais gestores p\u00fablicos, n\u00e3o quanto ao Governador do Estado.<\/p>\n<p style=\"text-align: justify;\">c) certo, pois o Tribunal de Contas, em qualquer caso, deve emitir parecer pr\u00e9vio, cabendo ao Poder Legislativo o julgamento das contas do Governador.<\/p>\n<p style=\"text-align: justify;\">d) certo, pois apesar de o Tribunal de Contas ter o dever de julgar as contas do Governador, a Assembleia Legislativa aceitou a delega\u00e7\u00e3o de compet\u00eancia.<\/p>\n<p style=\"text-align: justify;\">e) errado, pois o Tribunal de Contas deve julgar as contas do Governador do Estado, cabendo recurso para a Assembleia Legislativa.<\/p>\n<p style=\"text-align: justify;\"><strong>Coment\u00e1rios:<\/strong><\/p>\n<p style=\"text-align: justify;\">O Tribunal de Contas do Estado \u00e9 respons\u00e1vel por <em><strong>apreciar as contas do Governador<\/strong><\/em>, mediante parecer pr\u00e9vio. O julgamento das contas do Governador cabe \u00e0 <em><strong>Assembleia Legislativa<\/strong><\/em>. Mesmo que o parecer do TCE tenha sido pela rejei\u00e7\u00e3o das contas, \u00e9 poss\u00edvel que as contas do Governador sejam aprovadas pela Assembleia Legislativa.<\/p>\n<p style=\"text-align: justify;\">O gabarito \u00e9 a letra C.<\/p>\n<p style=\"text-align: justify;\"><strong>32 \u2013 (FGV \/ TJ-SC \u2013 2018) Maria, Deputada Estadual, almejava apresentar um projeto de lei sobre direito financeiro, tendo constatado que competia \u00e0 Uni\u00e3o, aos Estados e ao Distrito Federal legislar concorrentemente sobre a mat\u00e9ria.<\/strong><\/p>\n<p style=\"text-align: justify;\"><strong>Com o objetivo de atuar de modo correto, solicitou que sua assessoria esclarecesse o alcance da compet\u00eancia estadual nesse caso.<\/strong><\/p>\n<p style=\"text-align: justify;\"><strong>Com embasamento na sistem\u00e1tica constitucional, a assessoria informou, corretamente, que o Estado, nesse tipo de mat\u00e9ria:<\/strong><\/p>\n<p style=\"text-align: justify;\">a) pode legislar livremente sobre a mat\u00e9ria, j\u00e1 que as normas da Uni\u00e3o se destinam ao plano federal.<\/p>\n<p style=\"text-align: justify;\">b) enquanto a Uni\u00e3o n\u00e3o editar normas gerais sobre a mat\u00e9ria, possui compet\u00eancia plena.<\/p>\n<p style=\"text-align: justify;\">c) somente pode legislar nos limites em que seja autorizado pela Uni\u00e3o.<\/p>\n<p style=\"text-align: justify;\">d) revogar\u00e1 as normas gerais da Uni\u00e3o ao editar normas espec\u00edficas.<\/p>\n<p style=\"text-align: justify;\">e) somente pode editar as normas de interesse local.<\/p>\n<p style=\"text-align: justify;\"><strong>Coment\u00e1rios:<\/strong><\/p>\n<p style=\"text-align: justify;\">No \u00e2mbito da compet\u00eancia concorrente, a Uni\u00e3o ir\u00e1 editar normas gerais. Aos Estados e Distrito Federal, por sua vez, caber\u00e1 o exerc\u00edcio da compet\u00eancia suplementar, por meio da edi\u00e7\u00e3o de normas espec\u00edficas.<\/p>\n<p style=\"text-align: justify;\">Diante da aus\u00eancia de normas gerais da Uni\u00e3o, os Estados e Distrito Federal <em><strong>exercer\u00e3o a compet\u00eancia legislativa plena<\/strong><\/em>, ou seja, poder\u00e3o editar normas gerais e espec\u00edficas.<\/p>\n<p style=\"text-align: justify;\">O gabarito \u00e9 a letra B.<\/p>\n<p style=\"text-align: justify;\"><strong>33 \u2013 (FGV \/ TJ-SC \u2013 2018) Jean, brasileiro naturalizado, que adquiriu grande popularidade em raz\u00e3o de suas atividades filantr\u00f3picas, decidiu concorrer a um cargo eletivo. No entanto, estava em d\u00favida se concorreria ao cargo de Vice-Presidente da Rep\u00fablica, de Governador ou Senador.<\/strong><\/p>\n<p style=\"text-align: justify;\"><strong>\u00c0 luz da sistem\u00e1tica constitucional, Jean poderia concorrer apenas ao (s) cargo (s) de:<\/strong><\/p>\n<p style=\"text-align: justify;\">a) Vice-Presidente e Governador.<\/p>\n<p style=\"text-align: justify;\">b) Governador e Senador.<\/p>\n<p style=\"text-align: justify;\">c) Vice-Presidente<\/p>\n<p style=\"text-align: justify;\">d) Governador<\/p>\n<p style=\"text-align: justify;\">e) Senador<\/p>\n<p style=\"text-align: justify;\"><strong>Coment\u00e1rios:<\/strong><\/p>\n<p style=\"text-align: justify;\">S\u00e3o <em><strong>cargos privativos de brasileiro nato<\/strong><\/em> os seguintes: i) Presidente da Rep\u00fablica; ii) Vice-Presidente da Rep\u00fablica; iii) Presidente da C\u00e2mara dos Deputados; iv) Presidente do Senado Federal; v) Ministro do STF; vi) oficial das For\u00e7as Armadas; vii) membro da carreira diplom\u00e1tica e; viii) Ministro de Estado da Defesa.<\/p>\n<p style=\"text-align: justify;\">Os cargos de <em><strong>Governador e Senador n\u00e3o s\u00e3o privativos de brasileiro nato<\/strong><\/em>, ou seja, poder\u00e3o ser ocupados por brasileiro naturalizado.<\/p>\n<p style=\"text-align: justify;\">O gabarito \u00e9 a letra B.<\/p>\n<p style=\"text-align: justify;\"><strong>34 \u2013 (FGV \/ TJ-SC \u2013 2018) De acordo com o art. 5\u00ba, LVIII, da Constitui\u00e7\u00e3o da Rep\u00fablica de 1988, \u201c<em>o civilmente identificado n\u00e3o ser\u00e1 submetido a identifica\u00e7\u00e3o criminal, salvo nas hip\u00f3teses previstas em lei<\/em>\u201d. <\/strong><\/p>\n<p style=\"text-align: justify;\"><strong>Considerando a aplicabilidade das normas constitucionais, do referido preceito constitucional se extrai uma norma:<\/strong><\/p>\n<p style=\"text-align: justify;\">a) de efic\u00e1cia limitada de princ\u00edpio institutivo.<\/p>\n<p style=\"text-align: justify;\">b) de efic\u00e1cia protetiva.<\/p>\n<p style=\"text-align: justify;\">c) de efic\u00e1cia contida.<\/p>\n<p style=\"text-align: justify;\">d) de efic\u00e1cia plena.<\/p>\n<p style=\"text-align: justify;\">e) program\u00e1tica.<\/p>\n<p style=\"text-align: justify;\"><strong>Coment\u00e1rios:<\/strong><\/p>\n<p style=\"text-align: justify;\">O art. 5\u00ba, LVIII, CF\/88 (\u201c<em>o civilmente identificado n\u00e3o ser\u00e1 submetido a identifica\u00e7\u00e3o criminal, salvo nas hip\u00f3teses previstas em lei<\/em>\u201d) \u00e9 uma <em><strong>norma de efic\u00e1cia contida<\/strong><\/em>. Isso porque, a princ\u00edpio, aqueles que s\u00e3o civilmente identificados n\u00e3o ser\u00e3o submetidos \u00e0 identifica\u00e7\u00e3o criminal. Por\u00e9m, a lei pode restringir esse direito, estabelecendo hip\u00f3teses em que ser\u00e1 cab\u00edvel a identifica\u00e7\u00e3o criminal mesmo para aqueles que j\u00e1 tenham identifica\u00e7\u00e3o civil.<\/p>\n<p style=\"text-align: justify;\">O gabarito \u00e9 a letra C.<\/p>\n<p style=\"text-align: justify;\"><strong>35 \u2013 (FGV \/ TJ-SC \u2013 2018) Ant\u00f4nio, insatisfeito com as pr\u00e1ticas comerciais adotadas por determinados lojistas, decidiu confeccionar uma \u201ccarta aberta\u201d na qual veiculava severas cr\u00edticas \u00e0s referidas pr\u00e1ticas. Por temer repres\u00e1lias, Ant\u00f4nio n\u00e3o se identificava, inexistindo qualquer informa\u00e7\u00e3o que permitisse vincular as cr\u00edticas ao respectivo autor.<\/strong><\/p>\n<p style=\"text-align: justify;\"><strong>\u00c0 luz da sistem\u00e1tica constitucional, o ato de Ant\u00f4nio est\u00e1:<\/strong><\/p>\n<p style=\"text-align: justify;\">a) dissonante da Constitui\u00e7\u00e3o, pois a liberdade de express\u00e3o n\u00e3o permite a divulga\u00e7\u00e3o p\u00fablica de opini\u00f5es sem autoriza\u00e7\u00e3o.<\/p>\n<p style=\"text-align: justify;\">b) dissonante da Constitui\u00e7\u00e3o, pois, apesar de ser livre a manifesta\u00e7\u00e3o do pensamento, \u00e9 vedado o anonimato.<\/p>\n<p style=\"text-align: justify;\">c) em harmonia com a Constitui\u00e7\u00e3o, pois a liberdade de express\u00e3o, na democracia, n\u00e3o encontra qualquer limita\u00e7\u00e3o.<\/p>\n<p style=\"text-align: justify;\">d) em harmonia com a Constitui\u00e7\u00e3o, pois os lojistas desempenham fun\u00e7\u00e3o p\u00fablica, sujeitando-os \u00e0 cr\u00edtica.<\/p>\n<p style=\"text-align: justify;\">e) em harmonia com a Constitui\u00e7\u00e3o, pois a liberdade de pensamento n\u00e3o est\u00e1 sujeita a qualquer limitador.<\/p>\n<p style=\"text-align: justify;\"><strong>Coment\u00e1rios:<\/strong><\/p>\n<p style=\"text-align: justify;\">Segundo o art. 5\u00ba, IV, CF\/88, \u201c<em>\u00e9 livre a manifesta\u00e7\u00e3o do pensamento, sendo vedado o anonimato\u201d<\/em>. A veda\u00e7\u00e3o ao anonimato existe justamente para que se possa responsabilizar os abusos \u00e0 liberdade de express\u00e3o.<\/p>\n<p style=\"text-align: justify;\">Na situa\u00e7\u00e3o apresentada, o ato de Ant\u00f4nio est\u00e1 dissonante com a Constitui\u00e7\u00e3o, pois ele n\u00e3o poderia ter permanecido no anonimato.<\/p>\n<p style=\"text-align: justify;\">O gabarito \u00e9 a letra B.<\/p>\n<p style=\"text-align: justify;\"><strong>36 \u2013 (FGV \/ TJ-SC \u2013 2018) Ant\u00f4nio, Juiz de Direito, com o objetivo de colaborar para o crescimento do Pa\u00eds, estava refletindo sobre as possibilidades de se filiar a um partido pol\u00edtico e de se dedicar ao magist\u00e9rio superior, ministrando a disciplina \u201c<em>Ci\u00eancia Pol\u00edtica<\/em>\u201d.<\/strong><\/p>\n<p style=\"text-align: justify;\"><strong>Considerando as veda\u00e7\u00f5es que recaem sobre os magistrados, Ant\u00f4nio:<\/strong><\/p>\n<p style=\"text-align: justify;\">a) pode exercer o magist\u00e9rio e, autorizado pelo Tribunal, filiar-se a partido pol\u00edtico.<\/p>\n<p style=\"text-align: justify;\">b) apenas n\u00e3o pode filiar-se a partido pol\u00edtico.<\/p>\n<p style=\"text-align: justify;\">c) n\u00e3o pode praticar nenhuma das condutas.<\/p>\n<p style=\"text-align: justify;\">d) apenas n\u00e3o pode exercer o magist\u00e9rio.<\/p>\n<p style=\"text-align: justify;\">e) pode praticar ambas as condutas.<\/p>\n<p style=\"text-align: justify;\"><strong>Coment\u00e1rios:<\/strong><\/p>\n<p style=\"text-align: justify;\">Segundo o art. 95, par\u00e1grafo \u00fanico, III, CF\/88, aos ju\u00edzes <strong><em>\u00e9 vedado dedicar-se \u00e0 atividade pol\u00edtico-partid\u00e1ria<\/em><\/strong>. N\u00e3o se admite, portanto, que um magistrado seja filiado a partido pol\u00edtico.<\/p>\n<p style=\"text-align: justify;\">Os ju\u00edzes tamb\u00e9m n\u00e3o podem exercer nenhum outro cargo ou fun\u00e7\u00e3o, <strong><em>ressalvado o magist\u00e9rio<\/em><\/strong> (art. 95, par\u00e1grafo \u00fanico, III, CF\/88).<\/p>\n<p style=\"text-align: justify;\">O gabarito \u00e9 a letra B.<\/p>\n","protected":false},"excerpt":{"rendered":"<p>Ol\u00e1, pessoal! Tudo bem? Hoje (22\/07\/2018), foi realizada a prova do TJ\/SC, o qual foi, sem d\u00favida, um dos mais importantes concursos do ano. Nossos alunos aqui do Estrat\u00e9gia estavam em um excepcional n\u00edvel, motivo pelo qual acredito que n\u00e3o tiveram grandes dificuldades para resolver a prova de T\u00e9cnico TJ\/SC. Abaixo, apresento meus coment\u00e1rios \u00e0 [&hellip;]<\/p>\n","protected":false},"author":26,"featured_media":0,"comment_status":"open","ping_status":"closed","sticky":false,"template":"","format":"standard","meta":{"post_tipo":"article","footnotes":""},"categories":[1],"tags":[],"tax_estado":[],"class_list":["post-132078","post","type-post","status-publish","format-standard","hentry","category-cursos-e-concursos"],"acf":[],"yoast_head":"<!-- This site is optimized with the Yoast SEO Premium plugin v27.2 (Yoast SEO v27.2) - https:\/\/yoast.com\/product\/yoast-seo-premium-wordpress\/ -->\n<title>Gabarito Extraoficial - T\u00e9cnico TJ-SC 2018<\/title>\n<meta name=\"robots\" content=\"index, follow, max-snippet:-1, max-image-preview:large, max-video-preview:-1\" \/>\n<link rel=\"canonical\" href=\"https:\/\/www.estrategiaconcursos.com.br\/blog\/gabarito-extraoficial-tecnico-tj-sc-2018\/\" \/>\n<meta property=\"og:locale\" content=\"pt_BR\" \/>\n<meta property=\"og:type\" content=\"article\" \/>\n<meta property=\"og:title\" content=\"Gabarito Extraoficial - T\u00e9cnico TJ-SC 2018\" \/>\n<meta property=\"og:description\" content=\"Ol\u00e1, pessoal! Tudo bem? Hoje (22\/07\/2018), foi realizada a prova do TJ\/SC, o qual foi, sem d\u00favida, um dos mais importantes concursos do ano. Nossos alunos aqui do Estrat\u00e9gia estavam em um excepcional n\u00edvel, motivo pelo qual acredito que n\u00e3o tiveram grandes dificuldades para resolver a prova de T\u00e9cnico TJ\/SC. Abaixo, apresento meus coment\u00e1rios \u00e0 [&hellip;]\" \/>\n<meta property=\"og:url\" content=\"https:\/\/www.estrategiaconcursos.com.br\/blog\/gabarito-extraoficial-tecnico-tj-sc-2018\/\" \/>\n<meta property=\"og:site_name\" content=\"Estrat\u00e9gia Concursos\" \/>\n<meta property=\"article:author\" content=\"https:\/\/www.facebook.com\/rvale01\" \/>\n<meta property=\"article:published_time\" content=\"2018-07-22T22:44:26+00:00\" \/>\n<meta property=\"article:modified_time\" content=\"2018-07-22T23:30:03+00:00\" \/>\n<meta property=\"og:image\" content=\"https:\/\/www.estrategiaconcursos.com.br\/blog\/wp-content\/uploads\/2018\/07\/Ranking-TJ-SC2.jpg\" \/>\n<meta name=\"author\" content=\"Ricardo Vale\" \/>\n<meta name=\"twitter:card\" content=\"summary_large_image\" \/>\n<meta name=\"twitter:creator\" content=\"@https:\/\/twitter.com\/EstratConcursos\" \/>\n<meta name=\"twitter:site\" content=\"@EstratConcursos\" \/>\n<meta name=\"twitter:label1\" content=\"Escrito por\" \/>\n\t<meta name=\"twitter:data1\" content=\"Ricardo Vale\" \/>\n\t<meta name=\"twitter:label2\" content=\"Est. tempo de leitura\" \/>\n\t<meta name=\"twitter:data2\" content=\"6 minutos\" \/>\n<script type=\"application\/ld+json\" class=\"yoast-schema-graph\">{\"@context\":\"https:\/\/schema.org\",\"@graph\":[{\"@type\":\"NewsArticle\",\"@id\":\"https:\/\/www.estrategiaconcursos.com.br\/blog\/gabarito-extraoficial-tecnico-tj-sc-2018\/#article\",\"isPartOf\":{\"@id\":\"https:\/\/www.estrategiaconcursos.com.br\/blog\/gabarito-extraoficial-tecnico-tj-sc-2018\/\"},\"author\":{\"name\":\"Ricardo Vale\",\"@id\":\"https:\/\/www.estrategiaconcursos.com.br\/blog\/#\/schema\/person\/c32e47dba2159cafe7796a9569a6ff7e\"},\"headline\":\"Gabarito Extraoficial &#8211; T\u00e9cnico TJ-SC 2018\",\"datePublished\":\"2018-07-22T22:44:26+00:00\",\"dateModified\":\"2018-07-22T23:30:03+00:00\",\"mainEntityOfPage\":{\"@id\":\"https:\/\/www.estrategiaconcursos.com.br\/blog\/gabarito-extraoficial-tecnico-tj-sc-2018\/\"},\"wordCount\":1287,\"commentCount\":5,\"publisher\":{\"@id\":\"https:\/\/www.estrategiaconcursos.com.br\/blog\/#organization\"},\"image\":{\"@id\":\"https:\/\/www.estrategiaconcursos.com.br\/blog\/gabarito-extraoficial-tecnico-tj-sc-2018\/#primaryimage\"},\"thumbnailUrl\":\"https:\/\/www.estrategiaconcursos.com.br\/blog\/wp-content\/uploads\/2018\/07\/Ranking-TJ-SC2.jpg\",\"articleSection\":[\"Concursos P\u00fablicos\"],\"inLanguage\":\"pt-BR\",\"potentialAction\":[{\"@type\":\"CommentAction\",\"name\":\"Comment\",\"target\":[\"https:\/\/www.estrategiaconcursos.com.br\/blog\/gabarito-extraoficial-tecnico-tj-sc-2018\/#respond\"]}],\"copyrightYear\":\"2018\",\"copyrightHolder\":{\"@id\":\"https:\/\/www.estrategiaconcursos.com.br\/blog\/#organization\"}},{\"@type\":\"WebPage\",\"@id\":\"https:\/\/www.estrategiaconcursos.com.br\/blog\/gabarito-extraoficial-tecnico-tj-sc-2018\/\",\"url\":\"https:\/\/www.estrategiaconcursos.com.br\/blog\/gabarito-extraoficial-tecnico-tj-sc-2018\/\",\"name\":\"Gabarito Extraoficial - T\u00e9cnico TJ-SC 2018\",\"isPartOf\":{\"@id\":\"https:\/\/www.estrategiaconcursos.com.br\/blog\/#website\"},\"primaryImageOfPage\":{\"@id\":\"https:\/\/www.estrategiaconcursos.com.br\/blog\/gabarito-extraoficial-tecnico-tj-sc-2018\/#primaryimage\"},\"image\":{\"@id\":\"https:\/\/www.estrategiaconcursos.com.br\/blog\/gabarito-extraoficial-tecnico-tj-sc-2018\/#primaryimage\"},\"thumbnailUrl\":\"https:\/\/www.estrategiaconcursos.com.br\/blog\/wp-content\/uploads\/2018\/07\/Ranking-TJ-SC2.jpg\",\"datePublished\":\"2018-07-22T22:44:26+00:00\",\"dateModified\":\"2018-07-22T23:30:03+00:00\",\"breadcrumb\":{\"@id\":\"https:\/\/www.estrategiaconcursos.com.br\/blog\/gabarito-extraoficial-tecnico-tj-sc-2018\/#breadcrumb\"},\"inLanguage\":\"pt-BR\",\"potentialAction\":[{\"@type\":\"ReadAction\",\"target\":[\"https:\/\/www.estrategiaconcursos.com.br\/blog\/gabarito-extraoficial-tecnico-tj-sc-2018\/\"]}]},{\"@type\":\"ImageObject\",\"inLanguage\":\"pt-BR\",\"@id\":\"https:\/\/www.estrategiaconcursos.com.br\/blog\/gabarito-extraoficial-tecnico-tj-sc-2018\/#primaryimage\",\"url\":\"https:\/\/dhg1h5j42swfq.cloudfront.net\/2018\/07\/22124759\/Ranking-TJ-SC2.jpg\",\"contentUrl\":\"https:\/\/dhg1h5j42swfq.cloudfront.net\/2018\/07\/22124759\/Ranking-TJ-SC2.jpg\",\"width\":1184,\"height\":183},{\"@type\":\"BreadcrumbList\",\"@id\":\"https:\/\/www.estrategiaconcursos.com.br\/blog\/gabarito-extraoficial-tecnico-tj-sc-2018\/#breadcrumb\",\"itemListElement\":[{\"@type\":\"ListItem\",\"position\":1,\"name\":\"In\u00edcio\",\"item\":\"https:\/\/www.estrategiaconcursos.com.br\/blog\/\"},{\"@type\":\"ListItem\",\"position\":2,\"name\":\"Gabarito Extraoficial &#8211; T\u00e9cnico TJ-SC 2018\"}]},{\"@type\":\"WebSite\",\"@id\":\"https:\/\/www.estrategiaconcursos.com.br\/blog\/#website\",\"url\":\"https:\/\/www.estrategiaconcursos.com.br\/blog\/\",\"name\":\"Estrat\u00e9gia Concursos\",\"description\":\"O blog da Estrat\u00e9gia Concursos traz not\u00edcias sobre concursos e artigos de professores oferecendo cursos para concursos (pdf + videaulas) no site.\",\"publisher\":{\"@id\":\"https:\/\/www.estrategiaconcursos.com.br\/blog\/#organization\"},\"potentialAction\":[{\"@type\":\"SearchAction\",\"target\":{\"@type\":\"EntryPoint\",\"urlTemplate\":\"https:\/\/www.estrategiaconcursos.com.br\/blog\/?s={search_term_string}\"},\"query-input\":{\"@type\":\"PropertyValueSpecification\",\"valueRequired\":true,\"valueName\":\"search_term_string\"}}],\"inLanguage\":\"pt-BR\"},{\"@type\":\"Organization\",\"@id\":\"https:\/\/www.estrategiaconcursos.com.br\/blog\/#organization\",\"name\":\"Estrat\u00e9gia Concursos\",\"url\":\"https:\/\/www.estrategiaconcursos.com.br\/blog\/\",\"logo\":{\"@type\":\"ImageObject\",\"inLanguage\":\"pt-BR\",\"@id\":\"https:\/\/www.estrategiaconcursos.com.br\/blog\/#\/schema\/logo\/image\/\",\"url\":\"https:\/\/dhg1h5j42swfq.cloudfront.net\/2025\/06\/03203428\/logo_concursos-1.jpg\",\"contentUrl\":\"https:\/\/dhg1h5j42swfq.cloudfront.net\/2025\/06\/03203428\/logo_concursos-1.jpg\",\"width\":230,\"height\":60,\"caption\":\"Estrat\u00e9gia Concursos\"},\"image\":{\"@id\":\"https:\/\/www.estrategiaconcursos.com.br\/blog\/#\/schema\/logo\/image\/\"},\"sameAs\":[\"https:\/\/x.com\/EstratConcursos\"]},{\"@type\":\"Person\",\"@id\":\"https:\/\/www.estrategiaconcursos.com.br\/blog\/#\/schema\/person\/c32e47dba2159cafe7796a9569a6ff7e\",\"name\":\"Ricardo Vale\",\"image\":{\"@type\":\"ImageObject\",\"inLanguage\":\"pt-BR\",\"@id\":\"https:\/\/secure.gravatar.com\/avatar\/e5a5658c798bb49dd53314263f59f38c192d73370fb65839a372c2ae9027be74?s=96&d=mm&r=g\",\"url\":\"https:\/\/secure.gravatar.com\/avatar\/e5a5658c798bb49dd53314263f59f38c192d73370fb65839a372c2ae9027be74?s=96&d=mm&r=g\",\"contentUrl\":\"https:\/\/secure.gravatar.com\/avatar\/e5a5658c798bb49dd53314263f59f38c192d73370fb65839a372c2ae9027be74?s=96&d=mm&r=g\",\"caption\":\"Ricardo Vale\"},\"sameAs\":[\"https:\/\/www.facebook.com\/rvale01\",\"https:\/\/x.com\/https:\/\/twitter.com\/EstratConcursos\"],\"url\":\"https:\/\/www.estrategiaconcursos.com.br\/blog\/author\/ricardovaleestrategiaconcursos-com-br\/\"}]}<\/script>\n<!-- \/ Yoast SEO Premium plugin. -->","yoast_head_json":{"title":"Gabarito Extraoficial - T\u00e9cnico TJ-SC 2018","robots":{"index":"index","follow":"follow","max-snippet":"max-snippet:-1","max-image-preview":"max-image-preview:large","max-video-preview":"max-video-preview:-1"},"canonical":"https:\/\/www.estrategiaconcursos.com.br\/blog\/gabarito-extraoficial-tecnico-tj-sc-2018\/","og_locale":"pt_BR","og_type":"article","og_title":"Gabarito Extraoficial - T\u00e9cnico TJ-SC 2018","og_description":"Ol\u00e1, pessoal! Tudo bem? Hoje (22\/07\/2018), foi realizada a prova do TJ\/SC, o qual foi, sem d\u00favida, um dos mais importantes concursos do ano. Nossos alunos aqui do Estrat\u00e9gia estavam em um excepcional n\u00edvel, motivo pelo qual acredito que n\u00e3o tiveram grandes dificuldades para resolver a prova de T\u00e9cnico TJ\/SC. Abaixo, apresento meus coment\u00e1rios \u00e0 [&hellip;]","og_url":"https:\/\/www.estrategiaconcursos.com.br\/blog\/gabarito-extraoficial-tecnico-tj-sc-2018\/","og_site_name":"Estrat\u00e9gia Concursos","article_author":"https:\/\/www.facebook.com\/rvale01","article_published_time":"2018-07-22T22:44:26+00:00","article_modified_time":"2018-07-22T23:30:03+00:00","og_image":[{"url":"https:\/\/www.estrategiaconcursos.com.br\/blog\/wp-content\/uploads\/2018\/07\/Ranking-TJ-SC2.jpg","type":"","width":"","height":""}],"author":"Ricardo Vale","twitter_card":"summary_large_image","twitter_creator":"@https:\/\/twitter.com\/EstratConcursos","twitter_site":"@EstratConcursos","twitter_misc":{"Escrito por":"Ricardo Vale","Est. tempo de leitura":"6 minutos"},"schema":{"@context":"https:\/\/schema.org","@graph":[{"@type":"NewsArticle","@id":"https:\/\/www.estrategiaconcursos.com.br\/blog\/gabarito-extraoficial-tecnico-tj-sc-2018\/#article","isPartOf":{"@id":"https:\/\/www.estrategiaconcursos.com.br\/blog\/gabarito-extraoficial-tecnico-tj-sc-2018\/"},"author":{"name":"Ricardo Vale","@id":"https:\/\/www.estrategiaconcursos.com.br\/blog\/#\/schema\/person\/c32e47dba2159cafe7796a9569a6ff7e"},"headline":"Gabarito Extraoficial &#8211; T\u00e9cnico TJ-SC 2018","datePublished":"2018-07-22T22:44:26+00:00","dateModified":"2018-07-22T23:30:03+00:00","mainEntityOfPage":{"@id":"https:\/\/www.estrategiaconcursos.com.br\/blog\/gabarito-extraoficial-tecnico-tj-sc-2018\/"},"wordCount":1287,"commentCount":5,"publisher":{"@id":"https:\/\/www.estrategiaconcursos.com.br\/blog\/#organization"},"image":{"@id":"https:\/\/www.estrategiaconcursos.com.br\/blog\/gabarito-extraoficial-tecnico-tj-sc-2018\/#primaryimage"},"thumbnailUrl":"https:\/\/www.estrategiaconcursos.com.br\/blog\/wp-content\/uploads\/2018\/07\/Ranking-TJ-SC2.jpg","articleSection":["Concursos P\u00fablicos"],"inLanguage":"pt-BR","potentialAction":[{"@type":"CommentAction","name":"Comment","target":["https:\/\/www.estrategiaconcursos.com.br\/blog\/gabarito-extraoficial-tecnico-tj-sc-2018\/#respond"]}],"copyrightYear":"2018","copyrightHolder":{"@id":"https:\/\/www.estrategiaconcursos.com.br\/blog\/#organization"}},{"@type":"WebPage","@id":"https:\/\/www.estrategiaconcursos.com.br\/blog\/gabarito-extraoficial-tecnico-tj-sc-2018\/","url":"https:\/\/www.estrategiaconcursos.com.br\/blog\/gabarito-extraoficial-tecnico-tj-sc-2018\/","name":"Gabarito Extraoficial - T\u00e9cnico TJ-SC 2018","isPartOf":{"@id":"https:\/\/www.estrategiaconcursos.com.br\/blog\/#website"},"primaryImageOfPage":{"@id":"https:\/\/www.estrategiaconcursos.com.br\/blog\/gabarito-extraoficial-tecnico-tj-sc-2018\/#primaryimage"},"image":{"@id":"https:\/\/www.estrategiaconcursos.com.br\/blog\/gabarito-extraoficial-tecnico-tj-sc-2018\/#primaryimage"},"thumbnailUrl":"https:\/\/www.estrategiaconcursos.com.br\/blog\/wp-content\/uploads\/2018\/07\/Ranking-TJ-SC2.jpg","datePublished":"2018-07-22T22:44:26+00:00","dateModified":"2018-07-22T23:30:03+00:00","breadcrumb":{"@id":"https:\/\/www.estrategiaconcursos.com.br\/blog\/gabarito-extraoficial-tecnico-tj-sc-2018\/#breadcrumb"},"inLanguage":"pt-BR","potentialAction":[{"@type":"ReadAction","target":["https:\/\/www.estrategiaconcursos.com.br\/blog\/gabarito-extraoficial-tecnico-tj-sc-2018\/"]}]},{"@type":"ImageObject","inLanguage":"pt-BR","@id":"https:\/\/www.estrategiaconcursos.com.br\/blog\/gabarito-extraoficial-tecnico-tj-sc-2018\/#primaryimage","url":"https:\/\/dhg1h5j42swfq.cloudfront.net\/2018\/07\/22124759\/Ranking-TJ-SC2.jpg","contentUrl":"https:\/\/dhg1h5j42swfq.cloudfront.net\/2018\/07\/22124759\/Ranking-TJ-SC2.jpg","width":1184,"height":183},{"@type":"BreadcrumbList","@id":"https:\/\/www.estrategiaconcursos.com.br\/blog\/gabarito-extraoficial-tecnico-tj-sc-2018\/#breadcrumb","itemListElement":[{"@type":"ListItem","position":1,"name":"In\u00edcio","item":"https:\/\/www.estrategiaconcursos.com.br\/blog\/"},{"@type":"ListItem","position":2,"name":"Gabarito Extraoficial &#8211; T\u00e9cnico TJ-SC 2018"}]},{"@type":"WebSite","@id":"https:\/\/www.estrategiaconcursos.com.br\/blog\/#website","url":"https:\/\/www.estrategiaconcursos.com.br\/blog\/","name":"Estrat\u00e9gia Concursos","description":"O blog da Estrat\u00e9gia Concursos traz not\u00edcias sobre concursos e artigos de professores oferecendo cursos para concursos (pdf + videaulas) no site.","publisher":{"@id":"https:\/\/www.estrategiaconcursos.com.br\/blog\/#organization"},"potentialAction":[{"@type":"SearchAction","target":{"@type":"EntryPoint","urlTemplate":"https:\/\/www.estrategiaconcursos.com.br\/blog\/?s={search_term_string}"},"query-input":{"@type":"PropertyValueSpecification","valueRequired":true,"valueName":"search_term_string"}}],"inLanguage":"pt-BR"},{"@type":"Organization","@id":"https:\/\/www.estrategiaconcursos.com.br\/blog\/#organization","name":"Estrat\u00e9gia Concursos","url":"https:\/\/www.estrategiaconcursos.com.br\/blog\/","logo":{"@type":"ImageObject","inLanguage":"pt-BR","@id":"https:\/\/www.estrategiaconcursos.com.br\/blog\/#\/schema\/logo\/image\/","url":"https:\/\/dhg1h5j42swfq.cloudfront.net\/2025\/06\/03203428\/logo_concursos-1.jpg","contentUrl":"https:\/\/dhg1h5j42swfq.cloudfront.net\/2025\/06\/03203428\/logo_concursos-1.jpg","width":230,"height":60,"caption":"Estrat\u00e9gia Concursos"},"image":{"@id":"https:\/\/www.estrategiaconcursos.com.br\/blog\/#\/schema\/logo\/image\/"},"sameAs":["https:\/\/x.com\/EstratConcursos"]},{"@type":"Person","@id":"https:\/\/www.estrategiaconcursos.com.br\/blog\/#\/schema\/person\/c32e47dba2159cafe7796a9569a6ff7e","name":"Ricardo Vale","image":{"@type":"ImageObject","inLanguage":"pt-BR","@id":"https:\/\/secure.gravatar.com\/avatar\/e5a5658c798bb49dd53314263f59f38c192d73370fb65839a372c2ae9027be74?s=96&d=mm&r=g","url":"https:\/\/secure.gravatar.com\/avatar\/e5a5658c798bb49dd53314263f59f38c192d73370fb65839a372c2ae9027be74?s=96&d=mm&r=g","contentUrl":"https:\/\/secure.gravatar.com\/avatar\/e5a5658c798bb49dd53314263f59f38c192d73370fb65839a372c2ae9027be74?s=96&d=mm&r=g","caption":"Ricardo Vale"},"sameAs":["https:\/\/www.facebook.com\/rvale01","https:\/\/x.com\/https:\/\/twitter.com\/EstratConcursos"],"url":"https:\/\/www.estrategiaconcursos.com.br\/blog\/author\/ricardovaleestrategiaconcursos-com-br\/"}]}},"_links":{"self":[{"href":"https:\/\/www.estrategiaconcursos.com.br\/blog\/wp-json\/wp\/v2\/posts\/132078","targetHints":{"allow":["GET"]}}],"collection":[{"href":"https:\/\/www.estrategiaconcursos.com.br\/blog\/wp-json\/wp\/v2\/posts"}],"about":[{"href":"https:\/\/www.estrategiaconcursos.com.br\/blog\/wp-json\/wp\/v2\/types\/post"}],"author":[{"embeddable":true,"href":"https:\/\/www.estrategiaconcursos.com.br\/blog\/wp-json\/wp\/v2\/users\/26"}],"replies":[{"embeddable":true,"href":"https:\/\/www.estrategiaconcursos.com.br\/blog\/wp-json\/wp\/v2\/comments?post=132078"}],"version-history":[{"count":2,"href":"https:\/\/www.estrategiaconcursos.com.br\/blog\/wp-json\/wp\/v2\/posts\/132078\/revisions"}],"predecessor-version":[{"id":132091,"href":"https:\/\/www.estrategiaconcursos.com.br\/blog\/wp-json\/wp\/v2\/posts\/132078\/revisions\/132091"}],"wp:attachment":[{"href":"https:\/\/www.estrategiaconcursos.com.br\/blog\/wp-json\/wp\/v2\/media?parent=132078"}],"wp:term":[{"taxonomy":"category","embeddable":true,"href":"https:\/\/www.estrategiaconcursos.com.br\/blog\/wp-json\/wp\/v2\/categories?post=132078"},{"taxonomy":"post_tag","embeddable":true,"href":"https:\/\/www.estrategiaconcursos.com.br\/blog\/wp-json\/wp\/v2\/tags?post=132078"},{"taxonomy":"tax_estado","embeddable":true,"href":"https:\/\/www.estrategiaconcursos.com.br\/blog\/wp-json\/wp\/v2\/tax_estado?post=132078"}],"curies":[{"name":"wp","href":"https:\/\/api.w.org\/{rel}","templated":true}]}}