{"id":131907,"date":"2018-07-22T11:40:32","date_gmt":"2018-07-22T14:40:32","guid":{"rendered":"https:\/\/www.estrategiaconcursos.com.br\/blog\/?p=131907"},"modified":"2022-09-19T10:19:41","modified_gmt":"2022-09-19T13:19:41","slug":"primeiro-aulao-vip","status":"publish","type":"post","link":"https:\/\/www.estrategiaconcursos.com.br\/blog\/primeiro-aulao-vip\/","title":{"rendered":"Confraterniza\u00e7\u00e3o e harmonia marcam primeira aula VIP realizada na sede do Estrat\u00e9gia em SP"},"content":{"rendered":"<p><img loading=\"lazy\" decoding=\"async\" class=\"aligncenter wp-image-131920\" src=\"https:\/\/dhg1h5j42swfq.cloudfront.net\/2018\/07\/20173300\/WhatsApp-Image-2018-07-20-at-17.00.36-1.jpeg\" alt=\"\" width=\"1041\" height=\"781\" srcset=\"https:\/\/dhg1h5j42swfq.cloudfront.net\/2018\/07\/20173300\/WhatsApp-Image-2018-07-20-at-17.00.36-1.jpeg 1280w, https:\/\/dhg1h5j42swfq.cloudfront.net\/2018\/07\/20173300\/WhatsApp-Image-2018-07-20-at-17.00.36-1.jpeg 300w, https:\/\/dhg1h5j42swfq.cloudfront.net\/2018\/07\/20173300\/WhatsApp-Image-2018-07-20-at-17.00.36-1.jpeg 768w, https:\/\/dhg1h5j42swfq.cloudfront.net\/2018\/07\/20173300\/WhatsApp-Image-2018-07-20-at-17.00.36-1.jpeg 1024w, https:\/\/dhg1h5j42swfq.cloudfront.net\/2018\/07\/20173300\/WhatsApp-Image-2018-07-20-at-17.00.36-1.jpeg 610w\" sizes=\"auto, (max-width: 1041px) 100vw, 1041px\" \/><\/p>\n<p>Sem deixar a seriedade de lado, o clima de descontra\u00e7\u00e3o, harmonia e confraterniza\u00e7\u00e3o vivido no <em><strong>Aul\u00e3o de V\u00e9spera VIP do TRT SP<\/strong><\/em>, foi o que deu o tom do evento\u00a0realizado nessa sexta-feira, dia 20 de julho.<\/p>\n<p>Idealizado com o intuito de aproximar o nosso time de professores aos alunos, o projeto, que est\u00e1 em sua primeira edi\u00e7\u00e3o, mostrou muito bem a que veio.<\/p>\n<p>Foi um dia de imers\u00e3o. O ambiente criado dentro da nossa sede em S\u00e3o Paulo aproximou o nosso time de professores\u00a0\u00e0queles que almejam uma vaga no Tribunal Regional do Trabalho da 2\u00aa Regi\u00e3o.<\/p>\n<p>De forma sin\u00e9rgica, esse dia de revis\u00e3o pra a prova e de confraterniza\u00e7\u00e3o foi bem proveitoso para aqueles que ir\u00e3o prestar as provas do certame que acontecem neste domingo (22).<\/p>\n<p>Foi um dia inteiro de aulas, dicas, conversas, e sorrisos&#8230;<\/p>\n<p>No almo\u00e7o promovido, foi not\u00e1vel o sorriso durante os bate-papos. Esse dia rendeu muita conversa. No sal\u00e3o, os professores contavam suas experi\u00eancias vividas de quando ainda eram concurseiros.<\/p>\n<p>\u00c9 claro, informa\u00e7\u00f5es valiosas para que os alunos levassem para o dia da prova.<\/p>\n<p>E o que mais ouvimos foi a felicidade que sentiram, ao conhecer aquele professor que, muitas vezes, s\u00f3 se conhecia atrav\u00e9s do PDF\u2019s ou das v\u00eddeo-aulas.<\/p>\n<p>Ao final do almo\u00e7o, n\u00f3s ainda realizamos um tour pelas depend\u00eancias do curso. Os alunos puderam conhecer as nossas instala\u00e7\u00f5es.<\/p>\n<p>Enfim&#8230; Realmente foi uma grande troca de experi\u00eancias!!<\/p>\n<p>Deste grande dia, sobraram sorrisos, n\u00e3o faltaram as conversas e, claro, muito conte\u00fado em revis\u00e3o para a prova.<\/p>\n<p>Obrigado a todos os alunos que participaram deste grande dia!!<\/p>\n<p>Nos vemos em breve em uma segunda edi\u00e7\u00e3o.<\/p>\n<h2>Galeria de fotos<\/h2>\n<p><img loading=\"lazy\" decoding=\"async\" class=\"alignnone size-full wp-image-131943\" src=\"https:\/\/dhg1h5j42swfq.cloudfront.net\/2018\/07\/20180619\/oioioi.jpg\" alt=\"\" width=\"812\" height=\"789\" srcset=\"https:\/\/dhg1h5j42swfq.cloudfront.net\/2018\/07\/20180619\/oioioi.jpg 812w, https:\/\/dhg1h5j42swfq.cloudfront.net\/2018\/07\/20180619\/oioioi.jpg 300w, https:\/\/dhg1h5j42swfq.cloudfront.net\/2018\/07\/20180619\/oioioi.jpg 768w, https:\/\/dhg1h5j42swfq.cloudfront.net\/2018\/07\/20180619\/oioioi.jpg 610w\" sizes=\"auto, (max-width: 812px) 100vw, 812px\" \/><\/p>\n<p><img loading=\"lazy\" decoding=\"async\" class=\"aligncenter wp-image-131917\" src=\"https:\/\/dhg1h5j42swfq.cloudfront.net\/2018\/07\/20173252\/WhatsApp-Image-2018-07-20-at-17.00.33.jpeg\" alt=\"\" width=\"775\" height=\"775\" srcset=\"https:\/\/dhg1h5j42swfq.cloudfront.net\/2018\/07\/20173252\/WhatsApp-Image-2018-07-20-at-17.00.33.jpeg 960w, https:\/\/dhg1h5j42swfq.cloudfront.net\/2018\/07\/20173252\/WhatsApp-Image-2018-07-20-at-17.00.33.jpeg 150w, https:\/\/dhg1h5j42swfq.cloudfront.net\/2018\/07\/20173252\/WhatsApp-Image-2018-07-20-at-17.00.33.jpeg 300w, https:\/\/dhg1h5j42swfq.cloudfront.net\/2018\/07\/20173252\/WhatsApp-Image-2018-07-20-at-17.00.33.jpeg 768w, https:\/\/dhg1h5j42swfq.cloudfront.net\/2018\/07\/20173252\/WhatsApp-Image-2018-07-20-at-17.00.33.jpeg 610w\" sizes=\"auto, (max-width: 775px) 100vw, 775px\" \/><\/p>\n<p><img loading=\"lazy\" decoding=\"async\" class=\"aligncenter wp-image-131918\" src=\"https:\/\/dhg1h5j42swfq.cloudfront.net\/2018\/07\/20173256\/WhatsApp-Image-2018-07-20-at-17.00.34.jpeg\" alt=\"\" width=\"858\" height=\"643\" srcset=\"https:\/\/dhg1h5j42swfq.cloudfront.net\/2018\/07\/20173256\/WhatsApp-Image-2018-07-20-at-17.00.34.jpeg 1280w, https:\/\/dhg1h5j42swfq.cloudfront.net\/2018\/07\/20173256\/WhatsApp-Image-2018-07-20-at-17.00.34.jpeg 300w, https:\/\/dhg1h5j42swfq.cloudfront.net\/2018\/07\/20173256\/WhatsApp-Image-2018-07-20-at-17.00.34.jpeg 768w, https:\/\/dhg1h5j42swfq.cloudfront.net\/2018\/07\/20173256\/WhatsApp-Image-2018-07-20-at-17.00.34.jpeg 1024w, https:\/\/dhg1h5j42swfq.cloudfront.net\/2018\/07\/20173256\/WhatsApp-Image-2018-07-20-at-17.00.34.jpeg 610w\" sizes=\"auto, (max-width: 858px) 100vw, 858px\" \/><\/p>\n<p><img loading=\"lazy\" decoding=\"async\" class=\"aligncenter wp-image-131919\" src=\"https:\/\/dhg1h5j42swfq.cloudfront.net\/2018\/07\/20173258\/WhatsApp-Image-2018-07-20-at-17.00.35.jpeg\" alt=\"\" width=\"863\" height=\"1150\" srcset=\"https:\/\/dhg1h5j42swfq.cloudfront.net\/2018\/07\/20173258\/WhatsApp-Image-2018-07-20-at-17.00.35.jpeg 960w, https:\/\/dhg1h5j42swfq.cloudfront.net\/2018\/07\/20173258\/WhatsApp-Image-2018-07-20-at-17.00.35.jpeg 225w, https:\/\/dhg1h5j42swfq.cloudfront.net\/2018\/07\/20173258\/WhatsApp-Image-2018-07-20-at-17.00.35.jpeg 768w, https:\/\/dhg1h5j42swfq.cloudfront.net\/2018\/07\/20173258\/WhatsApp-Image-2018-07-20-at-17.00.35.jpeg 610w\" sizes=\"auto, (max-width: 863px) 100vw, 863px\" \/><\/p>\n<p><img loading=\"lazy\" decoding=\"async\" class=\"aligncenter wp-image-131921\" src=\"https:\/\/dhg1h5j42swfq.cloudfront.net\/2018\/07\/20173302\/WhatsApp-Image-2018-07-20-at-17.00.36-2.jpeg\" alt=\"\" width=\"1031\" height=\"773\" srcset=\"https:\/\/dhg1h5j42swfq.cloudfront.net\/2018\/07\/20173302\/WhatsApp-Image-2018-07-20-at-17.00.36-2.jpeg 1280w, https:\/\/dhg1h5j42swfq.cloudfront.net\/2018\/07\/20173302\/WhatsApp-Image-2018-07-20-at-17.00.36-2.jpeg 300w, https:\/\/dhg1h5j42swfq.cloudfront.net\/2018\/07\/20173302\/WhatsApp-Image-2018-07-20-at-17.00.36-2.jpeg 768w, https:\/\/dhg1h5j42swfq.cloudfront.net\/2018\/07\/20173302\/WhatsApp-Image-2018-07-20-at-17.00.36-2.jpeg 1024w, https:\/\/dhg1h5j42swfq.cloudfront.net\/2018\/07\/20173302\/WhatsApp-Image-2018-07-20-at-17.00.36-2.jpeg 610w\" sizes=\"auto, (max-width: 1031px) 100vw, 1031px\" \/><\/p>\n<p><img loading=\"lazy\" decoding=\"async\" class=\"aligncenter wp-image-131922\" src=\"https:\/\/dhg1h5j42swfq.cloudfront.net\/2018\/07\/20173305\/WhatsApp-Image-2018-07-20-at-17.00.36.jpeg\" alt=\"\" width=\"1009\" height=\"757\" srcset=\"https:\/\/dhg1h5j42swfq.cloudfront.net\/2018\/07\/20173305\/WhatsApp-Image-2018-07-20-at-17.00.36.jpeg 1280w, https:\/\/dhg1h5j42swfq.cloudfront.net\/2018\/07\/20173305\/WhatsApp-Image-2018-07-20-at-17.00.36.jpeg 300w, https:\/\/dhg1h5j42swfq.cloudfront.net\/2018\/07\/20173305\/WhatsApp-Image-2018-07-20-at-17.00.36.jpeg 768w, https:\/\/dhg1h5j42swfq.cloudfront.net\/2018\/07\/20173305\/WhatsApp-Image-2018-07-20-at-17.00.36.jpeg 1024w, https:\/\/dhg1h5j42swfq.cloudfront.net\/2018\/07\/20173305\/WhatsApp-Image-2018-07-20-at-17.00.36.jpeg 610w\" sizes=\"auto, (max-width: 1009px) 100vw, 1009px\" \/><\/p>\n<p><img loading=\"lazy\" decoding=\"async\" class=\"aligncenter wp-image-131923\" src=\"https:\/\/dhg1h5j42swfq.cloudfront.net\/2018\/07\/20173307\/WhatsApp-Image-2018-07-20-at-17.00.37-1.jpeg\" alt=\"\" width=\"781\" height=\"1042\" srcset=\"https:\/\/dhg1h5j42swfq.cloudfront.net\/2018\/07\/20173307\/WhatsApp-Image-2018-07-20-at-17.00.37-1.jpeg 960w, https:\/\/dhg1h5j42swfq.cloudfront.net\/2018\/07\/20173307\/WhatsApp-Image-2018-07-20-at-17.00.37-1.jpeg 225w, https:\/\/dhg1h5j42swfq.cloudfront.net\/2018\/07\/20173307\/WhatsApp-Image-2018-07-20-at-17.00.37-1.jpeg 768w, https:\/\/dhg1h5j42swfq.cloudfront.net\/2018\/07\/20173307\/WhatsApp-Image-2018-07-20-at-17.00.37-1.jpeg 610w\" sizes=\"auto, (max-width: 781px) 100vw, 781px\" \/><\/p>\n<p><img loading=\"lazy\" decoding=\"async\" class=\"aligncenter wp-image-131924\" src=\"https:\/\/dhg1h5j42swfq.cloudfront.net\/2018\/07\/20173309\/WhatsApp-Image-2018-07-20-at-17.00.37.jpeg\" alt=\"\" width=\"781\" height=\"1042\" srcset=\"https:\/\/dhg1h5j42swfq.cloudfront.net\/2018\/07\/20173309\/WhatsApp-Image-2018-07-20-at-17.00.37.jpeg 960w, https:\/\/dhg1h5j42swfq.cloudfront.net\/2018\/07\/20173309\/WhatsApp-Image-2018-07-20-at-17.00.37.jpeg 225w, https:\/\/dhg1h5j42swfq.cloudfront.net\/2018\/07\/20173309\/WhatsApp-Image-2018-07-20-at-17.00.37.jpeg 768w, https:\/\/dhg1h5j42swfq.cloudfront.net\/2018\/07\/20173309\/WhatsApp-Image-2018-07-20-at-17.00.37.jpeg 610w\" sizes=\"auto, (max-width: 781px) 100vw, 781px\" \/><\/p>\n","protected":false},"excerpt":{"rendered":"<p>Sem deixar a seriedade de lado, o clima de descontra\u00e7\u00e3o, harmonia e confraterniza\u00e7\u00e3o vivido no Aul\u00e3o de V\u00e9spera VIP do TRT SP, foi o que deu o tom do evento\u00a0realizado nessa sexta-feira, dia 20 de julho. Idealizado com o intuito de aproximar o nosso time de professores aos alunos, o projeto, que est\u00e1 em sua [&hellip;]<\/p>\n","protected":false},"author":26,"featured_media":0,"comment_status":"open","ping_status":"closed","sticky":false,"template":"","format":"standard","meta":{"post_tipo":"article","footnotes":""},"categories":[1],"tags":[],"tax_estado":[],"class_list":["post-131907","post","type-post","status-publish","format-standard","hentry","category-cursos-e-concursos"],"acf":[],"yoast_head":"<!-- This site is optimized with the Yoast SEO Premium plugin v27.2 (Yoast SEO v27.2) - https:\/\/yoast.com\/product\/yoast-seo-premium-wordpress\/ -->\n<title>Confraterniza\u00e7\u00e3o e harmonia marcam primeira aula VIP realizada na sede do Estrat\u00e9gia em SP<\/title>\n<meta name=\"robots\" content=\"index, follow, max-snippet:-1, max-image-preview:large, max-video-preview:-1\" \/>\n<link rel=\"canonical\" href=\"https:\/\/www.estrategiaconcursos.com.br\/blog\/primeiro-aulao-vip\/\" \/>\n<meta property=\"og:locale\" content=\"pt_BR\" \/>\n<meta property=\"og:type\" content=\"article\" \/>\n<meta property=\"og:title\" content=\"Confraterniza\u00e7\u00e3o e harmonia marcam primeira aula VIP realizada na sede do Estrat\u00e9gia em SP\" \/>\n<meta property=\"og:description\" content=\"Sem deixar a seriedade de lado, o clima de descontra\u00e7\u00e3o, harmonia e confraterniza\u00e7\u00e3o vivido no Aul\u00e3o de V\u00e9spera VIP do TRT SP, foi o que deu o tom do evento\u00a0realizado nessa sexta-feira, dia 20 de julho. Idealizado com o intuito de aproximar o nosso time de professores aos alunos, o projeto, que est\u00e1 em sua [&hellip;]\" \/>\n<meta property=\"og:url\" content=\"https:\/\/www.estrategiaconcursos.com.br\/blog\/primeiro-aulao-vip\/\" \/>\n<meta property=\"og:site_name\" content=\"Estrat\u00e9gia Concursos\" \/>\n<meta property=\"article:author\" content=\"https:\/\/www.facebook.com\/rvale01\" \/>\n<meta property=\"article:published_time\" content=\"2018-07-22T14:40:32+00:00\" \/>\n<meta property=\"article:modified_time\" content=\"2022-09-19T13:19:41+00:00\" \/>\n<meta property=\"og:image\" content=\"https:\/\/www.estrategiaconcursos.com.br\/blog\/wp-content\/uploads\/2018\/07\/WhatsApp-Image-2018-07-20-at-17.00.36-1.jpeg\" \/>\n<meta name=\"author\" content=\"Ricardo Vale\" \/>\n<meta name=\"twitter:card\" content=\"summary_large_image\" \/>\n<meta name=\"twitter:creator\" content=\"@https:\/\/twitter.com\/EstratConcursos\" \/>\n<meta name=\"twitter:site\" content=\"@EstratConcursos\" \/>\n<meta name=\"twitter:label1\" content=\"Escrito por\" \/>\n\t<meta name=\"twitter:data1\" content=\"Ricardo Vale\" \/>\n\t<meta name=\"twitter:label2\" content=\"Est. tempo de leitura\" \/>\n\t<meta name=\"twitter:data2\" content=\"1 minuto\" \/>\n<script type=\"application\/ld+json\" class=\"yoast-schema-graph\">{\"@context\":\"https:\/\/schema.org\",\"@graph\":[{\"@type\":\"NewsArticle\",\"@id\":\"https:\/\/www.estrategiaconcursos.com.br\/blog\/primeiro-aulao-vip\/#article\",\"isPartOf\":{\"@id\":\"https:\/\/www.estrategiaconcursos.com.br\/blog\/primeiro-aulao-vip\/\"},\"author\":{\"name\":\"Ricardo Vale\",\"@id\":\"https:\/\/www.estrategiaconcursos.com.br\/blog\/#\/schema\/person\/c32e47dba2159cafe7796a9569a6ff7e\"},\"headline\":\"Confraterniza\u00e7\u00e3o e harmonia marcam primeira aula VIP realizada na sede do Estrat\u00e9gia em SP\",\"datePublished\":\"2018-07-22T14:40:32+00:00\",\"dateModified\":\"2022-09-19T13:19:41+00:00\",\"mainEntityOfPage\":{\"@id\":\"https:\/\/www.estrategiaconcursos.com.br\/blog\/primeiro-aulao-vip\/\"},\"wordCount\":314,\"commentCount\":3,\"publisher\":{\"@id\":\"https:\/\/www.estrategiaconcursos.com.br\/blog\/#organization\"},\"image\":{\"@id\":\"https:\/\/www.estrategiaconcursos.com.br\/blog\/primeiro-aulao-vip\/#primaryimage\"},\"thumbnailUrl\":\"https:\/\/www.estrategiaconcursos.com.br\/blog\/wp-content\/uploads\/2018\/07\/WhatsApp-Image-2018-07-20-at-17.00.36-1.jpeg\",\"articleSection\":[\"Concursos P\u00fablicos\"],\"inLanguage\":\"pt-BR\",\"potentialAction\":[{\"@type\":\"CommentAction\",\"name\":\"Comment\",\"target\":[\"https:\/\/www.estrategiaconcursos.com.br\/blog\/primeiro-aulao-vip\/#respond\"]}],\"copyrightYear\":\"2018\",\"copyrightHolder\":{\"@id\":\"https:\/\/www.estrategiaconcursos.com.br\/blog\/#organization\"}},{\"@type\":\"WebPage\",\"@id\":\"https:\/\/www.estrategiaconcursos.com.br\/blog\/primeiro-aulao-vip\/\",\"url\":\"https:\/\/www.estrategiaconcursos.com.br\/blog\/primeiro-aulao-vip\/\",\"name\":\"Confraterniza\u00e7\u00e3o e harmonia marcam primeira aula VIP realizada na sede do Estrat\u00e9gia em SP\",\"isPartOf\":{\"@id\":\"https:\/\/www.estrategiaconcursos.com.br\/blog\/#website\"},\"primaryImageOfPage\":{\"@id\":\"https:\/\/www.estrategiaconcursos.com.br\/blog\/primeiro-aulao-vip\/#primaryimage\"},\"image\":{\"@id\":\"https:\/\/www.estrategiaconcursos.com.br\/blog\/primeiro-aulao-vip\/#primaryimage\"},\"thumbnailUrl\":\"https:\/\/www.estrategiaconcursos.com.br\/blog\/wp-content\/uploads\/2018\/07\/WhatsApp-Image-2018-07-20-at-17.00.36-1.jpeg\",\"datePublished\":\"2018-07-22T14:40:32+00:00\",\"dateModified\":\"2022-09-19T13:19:41+00:00\",\"breadcrumb\":{\"@id\":\"https:\/\/www.estrategiaconcursos.com.br\/blog\/primeiro-aulao-vip\/#breadcrumb\"},\"inLanguage\":\"pt-BR\",\"potentialAction\":[{\"@type\":\"ReadAction\",\"target\":[\"https:\/\/www.estrategiaconcursos.com.br\/blog\/primeiro-aulao-vip\/\"]}]},{\"@type\":\"ImageObject\",\"inLanguage\":\"pt-BR\",\"@id\":\"https:\/\/www.estrategiaconcursos.com.br\/blog\/primeiro-aulao-vip\/#primaryimage\",\"url\":\"https:\/\/dhg1h5j42swfq.cloudfront.net\/2018\/07\/20173300\/WhatsApp-Image-2018-07-20-at-17.00.36-1.jpeg\",\"contentUrl\":\"https:\/\/dhg1h5j42swfq.cloudfront.net\/2018\/07\/20173300\/WhatsApp-Image-2018-07-20-at-17.00.36-1.jpeg\",\"width\":1280,\"height\":960},{\"@type\":\"BreadcrumbList\",\"@id\":\"https:\/\/www.estrategiaconcursos.com.br\/blog\/primeiro-aulao-vip\/#breadcrumb\",\"itemListElement\":[{\"@type\":\"ListItem\",\"position\":1,\"name\":\"In\u00edcio\",\"item\":\"https:\/\/www.estrategiaconcursos.com.br\/blog\/\"},{\"@type\":\"ListItem\",\"position\":2,\"name\":\"Confraterniza\u00e7\u00e3o e harmonia marcam primeira aula VIP realizada na sede do Estrat\u00e9gia em SP\"}]},{\"@type\":\"WebSite\",\"@id\":\"https:\/\/www.estrategiaconcursos.com.br\/blog\/#website\",\"url\":\"https:\/\/www.estrategiaconcursos.com.br\/blog\/\",\"name\":\"Estrat\u00e9gia Concursos\",\"description\":\"O blog da Estrat\u00e9gia Concursos traz not\u00edcias sobre concursos e artigos de professores oferecendo cursos para concursos (pdf + videaulas) no site.\",\"publisher\":{\"@id\":\"https:\/\/www.estrategiaconcursos.com.br\/blog\/#organization\"},\"potentialAction\":[{\"@type\":\"SearchAction\",\"target\":{\"@type\":\"EntryPoint\",\"urlTemplate\":\"https:\/\/www.estrategiaconcursos.com.br\/blog\/?s={search_term_string}\"},\"query-input\":{\"@type\":\"PropertyValueSpecification\",\"valueRequired\":true,\"valueName\":\"search_term_string\"}}],\"inLanguage\":\"pt-BR\"},{\"@type\":\"Organization\",\"@id\":\"https:\/\/www.estrategiaconcursos.com.br\/blog\/#organization\",\"name\":\"Estrat\u00e9gia Concursos\",\"url\":\"https:\/\/www.estrategiaconcursos.com.br\/blog\/\",\"logo\":{\"@type\":\"ImageObject\",\"inLanguage\":\"pt-BR\",\"@id\":\"https:\/\/www.estrategiaconcursos.com.br\/blog\/#\/schema\/logo\/image\/\",\"url\":\"https:\/\/dhg1h5j42swfq.cloudfront.net\/2025\/06\/03203428\/logo_concursos-1.jpg\",\"contentUrl\":\"https:\/\/dhg1h5j42swfq.cloudfront.net\/2025\/06\/03203428\/logo_concursos-1.jpg\",\"width\":230,\"height\":60,\"caption\":\"Estrat\u00e9gia Concursos\"},\"image\":{\"@id\":\"https:\/\/www.estrategiaconcursos.com.br\/blog\/#\/schema\/logo\/image\/\"},\"sameAs\":[\"https:\/\/x.com\/EstratConcursos\"]},{\"@type\":\"Person\",\"@id\":\"https:\/\/www.estrategiaconcursos.com.br\/blog\/#\/schema\/person\/c32e47dba2159cafe7796a9569a6ff7e\",\"name\":\"Ricardo Vale\",\"image\":{\"@type\":\"ImageObject\",\"inLanguage\":\"pt-BR\",\"@id\":\"https:\/\/secure.gravatar.com\/avatar\/e5a5658c798bb49dd53314263f59f38c192d73370fb65839a372c2ae9027be74?s=96&d=mm&r=g\",\"url\":\"https:\/\/secure.gravatar.com\/avatar\/e5a5658c798bb49dd53314263f59f38c192d73370fb65839a372c2ae9027be74?s=96&d=mm&r=g\",\"contentUrl\":\"https:\/\/secure.gravatar.com\/avatar\/e5a5658c798bb49dd53314263f59f38c192d73370fb65839a372c2ae9027be74?s=96&d=mm&r=g\",\"caption\":\"Ricardo Vale\"},\"sameAs\":[\"https:\/\/www.facebook.com\/rvale01\",\"https:\/\/x.com\/https:\/\/twitter.com\/EstratConcursos\"],\"url\":\"https:\/\/www.estrategiaconcursos.com.br\/blog\/author\/ricardovaleestrategiaconcursos-com-br\/\"}]}<\/script>\n<!-- \/ Yoast SEO Premium plugin. -->","yoast_head_json":{"title":"Confraterniza\u00e7\u00e3o e harmonia marcam primeira aula VIP realizada na sede do Estrat\u00e9gia em SP","robots":{"index":"index","follow":"follow","max-snippet":"max-snippet:-1","max-image-preview":"max-image-preview:large","max-video-preview":"max-video-preview:-1"},"canonical":"https:\/\/www.estrategiaconcursos.com.br\/blog\/primeiro-aulao-vip\/","og_locale":"pt_BR","og_type":"article","og_title":"Confraterniza\u00e7\u00e3o e harmonia marcam primeira aula VIP realizada na sede do Estrat\u00e9gia em SP","og_description":"Sem deixar a seriedade de lado, o clima de descontra\u00e7\u00e3o, harmonia e confraterniza\u00e7\u00e3o vivido no Aul\u00e3o de V\u00e9spera VIP do TRT SP, foi o que deu o tom do evento\u00a0realizado nessa sexta-feira, dia 20 de julho. Idealizado com o intuito de aproximar o nosso time de professores aos alunos, o projeto, que est\u00e1 em sua [&hellip;]","og_url":"https:\/\/www.estrategiaconcursos.com.br\/blog\/primeiro-aulao-vip\/","og_site_name":"Estrat\u00e9gia Concursos","article_author":"https:\/\/www.facebook.com\/rvale01","article_published_time":"2018-07-22T14:40:32+00:00","article_modified_time":"2022-09-19T13:19:41+00:00","og_image":[{"url":"https:\/\/www.estrategiaconcursos.com.br\/blog\/wp-content\/uploads\/2018\/07\/WhatsApp-Image-2018-07-20-at-17.00.36-1.jpeg","type":"","width":"","height":""}],"author":"Ricardo Vale","twitter_card":"summary_large_image","twitter_creator":"@https:\/\/twitter.com\/EstratConcursos","twitter_site":"@EstratConcursos","twitter_misc":{"Escrito por":"Ricardo Vale","Est. tempo de leitura":"1 minuto"},"schema":{"@context":"https:\/\/schema.org","@graph":[{"@type":"NewsArticle","@id":"https:\/\/www.estrategiaconcursos.com.br\/blog\/primeiro-aulao-vip\/#article","isPartOf":{"@id":"https:\/\/www.estrategiaconcursos.com.br\/blog\/primeiro-aulao-vip\/"},"author":{"name":"Ricardo Vale","@id":"https:\/\/www.estrategiaconcursos.com.br\/blog\/#\/schema\/person\/c32e47dba2159cafe7796a9569a6ff7e"},"headline":"Confraterniza\u00e7\u00e3o e harmonia marcam primeira aula VIP realizada na sede do Estrat\u00e9gia em SP","datePublished":"2018-07-22T14:40:32+00:00","dateModified":"2022-09-19T13:19:41+00:00","mainEntityOfPage":{"@id":"https:\/\/www.estrategiaconcursos.com.br\/blog\/primeiro-aulao-vip\/"},"wordCount":314,"commentCount":3,"publisher":{"@id":"https:\/\/www.estrategiaconcursos.com.br\/blog\/#organization"},"image":{"@id":"https:\/\/www.estrategiaconcursos.com.br\/blog\/primeiro-aulao-vip\/#primaryimage"},"thumbnailUrl":"https:\/\/www.estrategiaconcursos.com.br\/blog\/wp-content\/uploads\/2018\/07\/WhatsApp-Image-2018-07-20-at-17.00.36-1.jpeg","articleSection":["Concursos P\u00fablicos"],"inLanguage":"pt-BR","potentialAction":[{"@type":"CommentAction","name":"Comment","target":["https:\/\/www.estrategiaconcursos.com.br\/blog\/primeiro-aulao-vip\/#respond"]}],"copyrightYear":"2018","copyrightHolder":{"@id":"https:\/\/www.estrategiaconcursos.com.br\/blog\/#organization"}},{"@type":"WebPage","@id":"https:\/\/www.estrategiaconcursos.com.br\/blog\/primeiro-aulao-vip\/","url":"https:\/\/www.estrategiaconcursos.com.br\/blog\/primeiro-aulao-vip\/","name":"Confraterniza\u00e7\u00e3o e harmonia marcam primeira aula VIP realizada na sede do Estrat\u00e9gia em SP","isPartOf":{"@id":"https:\/\/www.estrategiaconcursos.com.br\/blog\/#website"},"primaryImageOfPage":{"@id":"https:\/\/www.estrategiaconcursos.com.br\/blog\/primeiro-aulao-vip\/#primaryimage"},"image":{"@id":"https:\/\/www.estrategiaconcursos.com.br\/blog\/primeiro-aulao-vip\/#primaryimage"},"thumbnailUrl":"https:\/\/www.estrategiaconcursos.com.br\/blog\/wp-content\/uploads\/2018\/07\/WhatsApp-Image-2018-07-20-at-17.00.36-1.jpeg","datePublished":"2018-07-22T14:40:32+00:00","dateModified":"2022-09-19T13:19:41+00:00","breadcrumb":{"@id":"https:\/\/www.estrategiaconcursos.com.br\/blog\/primeiro-aulao-vip\/#breadcrumb"},"inLanguage":"pt-BR","potentialAction":[{"@type":"ReadAction","target":["https:\/\/www.estrategiaconcursos.com.br\/blog\/primeiro-aulao-vip\/"]}]},{"@type":"ImageObject","inLanguage":"pt-BR","@id":"https:\/\/www.estrategiaconcursos.com.br\/blog\/primeiro-aulao-vip\/#primaryimage","url":"https:\/\/dhg1h5j42swfq.cloudfront.net\/2018\/07\/20173300\/WhatsApp-Image-2018-07-20-at-17.00.36-1.jpeg","contentUrl":"https:\/\/dhg1h5j42swfq.cloudfront.net\/2018\/07\/20173300\/WhatsApp-Image-2018-07-20-at-17.00.36-1.jpeg","width":1280,"height":960},{"@type":"BreadcrumbList","@id":"https:\/\/www.estrategiaconcursos.com.br\/blog\/primeiro-aulao-vip\/#breadcrumb","itemListElement":[{"@type":"ListItem","position":1,"name":"In\u00edcio","item":"https:\/\/www.estrategiaconcursos.com.br\/blog\/"},{"@type":"ListItem","position":2,"name":"Confraterniza\u00e7\u00e3o e harmonia marcam primeira aula VIP realizada na sede do Estrat\u00e9gia em SP"}]},{"@type":"WebSite","@id":"https:\/\/www.estrategiaconcursos.com.br\/blog\/#website","url":"https:\/\/www.estrategiaconcursos.com.br\/blog\/","name":"Estrat\u00e9gia Concursos","description":"O blog da Estrat\u00e9gia Concursos traz not\u00edcias sobre concursos e artigos de professores oferecendo cursos para concursos (pdf + videaulas) no site.","publisher":{"@id":"https:\/\/www.estrategiaconcursos.com.br\/blog\/#organization"},"potentialAction":[{"@type":"SearchAction","target":{"@type":"EntryPoint","urlTemplate":"https:\/\/www.estrategiaconcursos.com.br\/blog\/?s={search_term_string}"},"query-input":{"@type":"PropertyValueSpecification","valueRequired":true,"valueName":"search_term_string"}}],"inLanguage":"pt-BR"},{"@type":"Organization","@id":"https:\/\/www.estrategiaconcursos.com.br\/blog\/#organization","name":"Estrat\u00e9gia Concursos","url":"https:\/\/www.estrategiaconcursos.com.br\/blog\/","logo":{"@type":"ImageObject","inLanguage":"pt-BR","@id":"https:\/\/www.estrategiaconcursos.com.br\/blog\/#\/schema\/logo\/image\/","url":"https:\/\/dhg1h5j42swfq.cloudfront.net\/2025\/06\/03203428\/logo_concursos-1.jpg","contentUrl":"https:\/\/dhg1h5j42swfq.cloudfront.net\/2025\/06\/03203428\/logo_concursos-1.jpg","width":230,"height":60,"caption":"Estrat\u00e9gia Concursos"},"image":{"@id":"https:\/\/www.estrategiaconcursos.com.br\/blog\/#\/schema\/logo\/image\/"},"sameAs":["https:\/\/x.com\/EstratConcursos"]},{"@type":"Person","@id":"https:\/\/www.estrategiaconcursos.com.br\/blog\/#\/schema\/person\/c32e47dba2159cafe7796a9569a6ff7e","name":"Ricardo Vale","image":{"@type":"ImageObject","inLanguage":"pt-BR","@id":"https:\/\/secure.gravatar.com\/avatar\/e5a5658c798bb49dd53314263f59f38c192d73370fb65839a372c2ae9027be74?s=96&d=mm&r=g","url":"https:\/\/secure.gravatar.com\/avatar\/e5a5658c798bb49dd53314263f59f38c192d73370fb65839a372c2ae9027be74?s=96&d=mm&r=g","contentUrl":"https:\/\/secure.gravatar.com\/avatar\/e5a5658c798bb49dd53314263f59f38c192d73370fb65839a372c2ae9027be74?s=96&d=mm&r=g","caption":"Ricardo Vale"},"sameAs":["https:\/\/www.facebook.com\/rvale01","https:\/\/x.com\/https:\/\/twitter.com\/EstratConcursos"],"url":"https:\/\/www.estrategiaconcursos.com.br\/blog\/author\/ricardovaleestrategiaconcursos-com-br\/"}]}},"_links":{"self":[{"href":"https:\/\/www.estrategiaconcursos.com.br\/blog\/wp-json\/wp\/v2\/posts\/131907","targetHints":{"allow":["GET"]}}],"collection":[{"href":"https:\/\/www.estrategiaconcursos.com.br\/blog\/wp-json\/wp\/v2\/posts"}],"about":[{"href":"https:\/\/www.estrategiaconcursos.com.br\/blog\/wp-json\/wp\/v2\/types\/post"}],"author":[{"embeddable":true,"href":"https:\/\/www.estrategiaconcursos.com.br\/blog\/wp-json\/wp\/v2\/users\/26"}],"replies":[{"embeddable":true,"href":"https:\/\/www.estrategiaconcursos.com.br\/blog\/wp-json\/wp\/v2\/comments?post=131907"}],"version-history":[{"count":11,"href":"https:\/\/www.estrategiaconcursos.com.br\/blog\/wp-json\/wp\/v2\/posts\/131907\/revisions"}],"predecessor-version":[{"id":1096931,"href":"https:\/\/www.estrategiaconcursos.com.br\/blog\/wp-json\/wp\/v2\/posts\/131907\/revisions\/1096931"}],"wp:attachment":[{"href":"https:\/\/www.estrategiaconcursos.com.br\/blog\/wp-json\/wp\/v2\/media?parent=131907"}],"wp:term":[{"taxonomy":"category","embeddable":true,"href":"https:\/\/www.estrategiaconcursos.com.br\/blog\/wp-json\/wp\/v2\/categories?post=131907"},{"taxonomy":"post_tag","embeddable":true,"href":"https:\/\/www.estrategiaconcursos.com.br\/blog\/wp-json\/wp\/v2\/tags?post=131907"},{"taxonomy":"tax_estado","embeddable":true,"href":"https:\/\/www.estrategiaconcursos.com.br\/blog\/wp-json\/wp\/v2\/tax_estado?post=131907"}],"curies":[{"name":"wp","href":"https:\/\/api.w.org\/{rel}","templated":true}]}}