{"id":131612,"date":"2018-11-19T01:01:37","date_gmt":"2018-11-19T04:01:37","guid":{"rendered":"https:\/\/www.estrategiaconcursos.com.br\/blog\/?p=131612"},"modified":"2018-11-19T09:02:31","modified_gmt":"2018-11-19T12:02:31","slug":"concurso-eear-2019-sao-ofertadas-279-vagas-para-ingresso-no-2o-semestre-de-2019","status":"publish","type":"post","link":"https:\/\/www.estrategiaconcursos.com.br\/blog\/concurso-eear-2019-sao-ofertadas-279-vagas-para-ingresso-no-2o-semestre-de-2019\/","title":{"rendered":"Concurso EEAR 2019: com fim das inscri\u00e7\u00f5es, certame segue para etapa de provas no pr\u00f3ximo dia 25 de novembro"},"content":{"rendered":"<p>Com o fim do prazo das inscri\u00e7\u00f5es do <strong>concurso EEAR<\/strong> 2019, para o curso de forma\u00e7\u00e3o de sargentos da Aeron\u00e1utica, o certame segue para a sua pr\u00f3xima etapa. Os candidatos agora devem se preparar para as provas que ser\u00e3o aplicadas no dia 25 de novembro com in\u00edcio do curso de forma\u00e7\u00e3o em 2019.<\/p>\n<p>Est\u00e3o sendo ofertadas<strong> 279 vagas<\/strong> para ambos os sexos (a depender da especialidade).\u00a0O requisito b\u00e1sico cobrado no certame \u00e9 ter mais\u00a0de 17 anos e n\u00e3o podendo completar 25 anos de idade at\u00e9 31 de dezembro de 2019.<\/p>\n<p><em><strong>Aqui voc\u00ea encontrar\u00e1 todas as principais informa\u00e7\u00f5es para ingressar na carreira. Confira:<\/strong><\/em><\/p>\n<p><em><strong>Inscri\u00e7\u00e3o:\u00a0<\/strong><\/em>do dia<strong> 12\/08<\/strong>\u00a0\u00e0s\u00a015h do dia\u00a0<strong>10\/09<\/strong><\/p>\n<p><em><b>Taxa de inscri\u00e7\u00e3o:<\/b><\/em> R$ 60,00<\/p>\n<p><em><strong>Data da prova:\u00a0<\/strong><\/em>25\/11<\/p>\n<p><em><strong>Matr\u00edcula e in\u00edcio do Curso:\u00a0<\/strong><\/em>03\/07\/2019<\/p>\n<h2>Distribui\u00e7\u00e3o das Vagas<\/h2>\n<h4>Ambos os sexos &#8211; Aeronavegantes:<\/h4>\n<ul>\n<li>Comunica\u00e7\u00f5es (14)<\/li>\n<li>Foto Intelig\u00eancia (8)<\/li>\n<\/ul>\n<h4>Somente sexo masculino &#8211; N\u00e3o-Aeronavegantes:<\/h4>\n<ul>\n<li>Guarda e Seguran\u00e7a (30)<\/li>\n<\/ul>\n<h4>Ambos os sexos &#8211; N\u00e3o-Aeronavegantes:<\/h4>\n<ul>\n<li>Eletricidade e Instrumentos (18)<\/li>\n<li>Estrutura e Pintura (8)<\/li>\n<li>Meteorologia (8)<\/li>\n<li>Suprimento (12)<\/li>\n<li>Informa\u00e7\u00f5es Aeron\u00e1uticas (8)<\/li>\n<li>Bombeiro (18)<\/li>\n<li>Cartografia (6)<\/li>\n<li>Desenho (5)<\/li>\n<li>Eletromec\u00e2nica (10)<\/li>\n<li>Metalurgia (6)<\/li>\n<\/ul>\n<h4>Ambos os sexos &#8211; Controle de Tr\u00e1fego A\u00e9reo:<\/h4>\n<ul>\n<li>Controle de Tr\u00e1fego A\u00e9reo (128)<\/li>\n<\/ul>\n<p><em><strong>Obs.:\u00a0<\/strong><\/em>Ficam reservadas aos negros 20% das vagas oferecidas.<\/p>\n<h2>Etapas do concurso EEAR 2019<\/h2>\n<ol>\n<li>Provas Escritas;<\/li>\n<li>Inspe\u00e7\u00e3o de Sa\u00fade;<\/li>\n<li>Exame de Aptid\u00e3o Psicol\u00f3gica;<\/li>\n<li>Teste de Avalia\u00e7\u00e3o do Condicionamento F\u00edsico;<\/li>\n<li>Procedimento de Heteroidentifica\u00e7\u00e3o Complementar;<\/li>\n<li>Valida\u00e7\u00e3o Documental.<\/li>\n<\/ol>\n<h3>Prova Escrita<\/h3>\n<p>As Provas escritas ser\u00e3o compostas das seguintes disciplinas, com\u00a0<strong>dura\u00e7\u00e3o de 4 horas e 20\u00a0minutos<\/strong>:<\/p>\n<ul>\n<li>L\u00edngua Portuguesa;<\/li>\n<li>L\u00edngua Inglesa;<\/li>\n<li>Matem\u00e1tica;<\/li>\n<li>F\u00edsica.<\/li>\n<\/ul>\n<h3>Teste de avalia\u00e7\u00e3o do condicionamento f\u00edsico<\/h3>\n<table style=\"border-collapse: collapse; width: 100%;\" border=\"1\">\n<tbody>\n<tr style=\"height: 24px;\">\n<td style=\"width: 19.916%; height: 24px; text-align: center;\"><strong>Testes<\/strong><\/td>\n<td style=\"width: 16.4812%; height: 24px; text-align: center;\"><strong>Desempenho\u00a0<\/strong><b>m\u00ednimo MAS.<\/b><\/td>\n<td style=\"width: 18.2076%; text-align: center;\"><strong>Desempenho\u00a0<b>m\u00ednimo FEM.<\/b><\/strong><\/td>\n<\/tr>\n<tr style=\"height: 24px;\">\n<td style=\"width: 19.916%; height: 24px;\">Flex\u00e3o e extens\u00e3o dos membros superiores com apoio de frente sobre o solo<\/td>\n<td style=\"width: 16.4812%; height: 24px;\">26 repeti\u00e7\u00f5es<\/td>\n<td style=\"width: 18.2076%;\">16 repeti\u00e7\u00f5es<\/td>\n<\/tr>\n<tr style=\"height: 24px;\">\n<td style=\"width: 19.916%; height: 24px;\">Flex\u00e3o\u00a0do tronco sobre as coxas<\/td>\n<td style=\"width: 16.4812%; height: 24px;\">42 repeti\u00e7\u00f5es<\/td>\n<td style=\"width: 18.2076%;\">34 repeti\u00e7\u00f5es<\/td>\n<\/tr>\n<tr style=\"height: 22px;\">\n<td style=\"width: 19.916%; height: 22px;\">Salto horizontal<\/td>\n<td style=\"width: 16.4812%; height: 22px;\">1,8 metro<\/td>\n<td style=\"width: 18.2076%;\">1,4 metro<\/td>\n<\/tr>\n<tr style=\"height: 24px;\">\n<td style=\"width: 19.916%; height: 24px;\">Corrida 12 min<\/td>\n<td style=\"width: 16.4812%; height: 24px;\">2.250 metros<\/td>\n<td style=\"width: 18.2076%;\">1.850 metros<\/td>\n<\/tr>\n<\/tbody>\n<\/table>\n<h2 style=\"text-align: center;\">Revis\u00e3o EEAR<\/h2>\n<p>Pensando sempre em sua prepara\u00e7\u00e3o e visando garantir a t\u00e3o sonhada vaga no certame, nossa equipe organizou uma semana inteira de revis\u00e3o do concurso <strong>EEAR<\/strong>. Ser\u00e3o v\u00e1rias aulas gratuitas com diversas disciplinas.<\/p>\n<p style=\"text-align: center;\">A transmiss\u00e3o ser\u00e1 ao vivo e come\u00e7ar\u00e1 a partir desta segunda,<strong> 19 de novembro, \u00e0s 19h no nosso canal do Youtube!<\/strong> N\u00e3o perca essa chance!!<\/p>\n<h2 style=\"text-align: center;\"><strong><span style=\"text-decoration: underline;\"><em>Inscreva-se Gr\u00e1tis\u00a0<\/em><\/span><\/strong><\/h2>\n<h2><img loading=\"lazy\" decoding=\"async\" class=\"size-large wp-image-151727 aligncenter\" src=\"https:\/\/dhg1h5j42swfq.cloudfront.net\/2018\/09\/19084140\/eear.jpg\" alt=\"EEAR\" width=\"1024\" height=\"256\" srcset=\"https:\/\/dhg1h5j42swfq.cloudfront.net\/2018\/09\/19084140\/eear.jpg 1200w, https:\/\/dhg1h5j42swfq.cloudfront.net\/2018\/09\/19084140\/eear.jpg 300w, https:\/\/dhg1h5j42swfq.cloudfront.net\/2018\/09\/19084140\/eear.jpg 768w, https:\/\/dhg1h5j42swfq.cloudfront.net\/2018\/09\/19084140\/eear.jpg 1024w, https:\/\/dhg1h5j42swfq.cloudfront.net\/2018\/09\/19084140\/eear.jpg 610w\" sizes=\"auto, (max-width: 1024px) 100vw, 1024px\" \/><\/h2>\n<p><em><strong>Confira a programa\u00e7\u00e3o:<\/strong><\/em><\/p>\n<p><em>Segunda (19\/11\/2018, \u00e0s 19 horas):<strong> Portugu\u00eas \/ D\u00e9cio Terror<\/strong><\/em><br \/>\n<em>Ter\u00e7a (20\/11\/2018, \u00e0s 19 horas): <strong>Matem\u00e1ticas I e II \/ Ismael Santos<\/strong><\/em><br \/>\n<em>Quarta (21\/11\/2018, \u00e0s 19 horas): <strong>Matem\u00e1ticas II e III \/ \u00cdtalo Marinho<\/strong><\/em><br \/>\n<em>Quinta (22\/11\/2018, \u00e0s 19 horas): <strong>F\u00edsica \/ Vinicius Silva<\/strong><\/em><br \/>\n<em>Sexta (23\/11\/2018, \u00e0s 19 horas): <strong>Ingl\u00eas \/ Roberto Witte<\/strong><\/em><\/p>\n<h2>Sobre o Curso de forma\u00e7\u00e3o<\/h2>\n<p>O Curso de Forma\u00e7\u00e3o de Sargentos da Aeron\u00e1utica \u00e9 ministrado sob regime de internato militar na EEAR, em Guaratinguet\u00e1-SP, com dura\u00e7\u00e3o aproximada de dois anos e abrange instru\u00e7\u00f5es nos Campos Geral, Militar e T\u00e9cnico-Especializado.<\/p>\n<p>A instru\u00e7\u00e3o ministrada no Campo Geral, re\u00fane os conhecimentos b\u00e1sicos necess\u00e1rios \u00e0 habilita\u00e7\u00e3o dos Alunos nos seus diferentes n\u00edveis. Esta instru\u00e7\u00e3o \u00e9 ministrada de maneira gradual e cont\u00ednua, objetivando nivelar os conhecimentos de alunos de diferentes origens e forma\u00e7\u00f5es.<\/p>\n<h2>Localidades para realiza\u00e7\u00e3o do exame de admiss\u00e3o<\/h2>\n<p>Bel\u00e9m-PA, Recife-PE, Fortaleza-CE, Natal-RN, Rio de Janeiro-RJ, Belo Horizonte-BH, S\u00e3o Paulo-SP, S\u00e3o Jos\u00e9 dos Campos-SP, Campo Grande-MS, Canoas-RS, Santa Maria-RS, Curitiba-PR, Bras\u00edlia-DF, Manaus-AM, Porto Velho-RO e Boa Vista-RR.<\/p>\n<p>&nbsp;<\/p>\n<p style=\"text-align: center;\"><strong><em><span style=\"font-size: 14pt;\">Gostou dessa oportunidade e deseja se preparar para este concurso?<\/span><\/em><\/strong><br \/>\n<strong><em><span style=\"font-size: 14pt;\">Esteja mais preparado com nossos cursos! Confira:<\/span><\/em><\/strong><\/p>\n<p style=\"text-align: center;\"><a href=\"https:\/\/www.estrategiaconcursos.com.br\/cursosPorConcurso\/eear-sargento-da-aeronautica\/\" target=\"_blank\" rel=\"noopener\"><strong><span style=\"font-size: 18pt;\">CURSOS PARA CONCURSOS EEAR 2019<\/span><\/strong><\/a><\/p>\n<p>&nbsp;<\/p>\n<div id=\"attachment_60957\" style=\"width: 367px\" class=\"wp-caption alignnone\"><img loading=\"lazy\" decoding=\"async\" aria-describedby=\"caption-attachment-60957\" class=\"wp-image-60957\" src=\"https:\/\/www.estrategiaconcursos.com.br\/blog\/wp-content\/uploads\/2017\/01\/coruja-ficha-tecnica-1024x347.png\" alt=\"Ficha T\u00e9cnica Concurso EEAR 219\" width=\"357\" height=\"121\" \/><p id=\"caption-attachment-60957\" class=\"wp-caption-text\"><span style=\"font-size: 14pt;\"><strong>Informa\u00e7\u00f5es do concurso EEAR 2019<\/strong><\/span><\/p><\/div>\n<p>\u25ba<strong>Data da prova<\/strong>: 25 de novembro<br \/>\n\u25ba<strong>Vagas<\/strong>: 279<br \/>\n\u25ba<strong>Lota\u00e7\u00f5es<\/strong>: Nacional<br \/>\n\u25ba<strong>Escolaridade<\/strong>: N\u00edvel m\u00e9dio<\/p>\n<p>\u25ba<strong>Cursos Estrat\u00e9gia Concursos<\/strong>: <span style=\"font-size: 12pt;\"><a href=\"https:\/\/www.estrategiaconcursos.com.br\/cursosPorConcurso\/eear-sargento-da-aeronautica\/\" target=\"_blank\" rel=\"noopener\"><strong>CURSOS PARA CONCURSOS EEAR 2019<\/strong><\/a><\/span><br \/>\n\u25ba<strong>Edital<\/strong>:\u00a0<a href=\"https:\/\/www.estrategiaconcursos.com.br\/blog\/wp-content\/uploads\/2018\/07\/Edital-Forma\u00e7\u00e3o-de-Sargentos-2-semestre.pdf\">Edital EEAR 2019<\/a><\/p>\n<p>\u25ba<strong>Inscri\u00e7\u00f5es a partir de 12\/08<\/strong>: <a href=\"http:\/\/ingresso.eear.aer.mil.br\/SOO\/home\/processa_home.php?pagina=0#\" target=\"_blank\" rel=\"noopener\">Ingresso.EEAR.aer<\/a><\/p>\n<p><em>Ascom Estrat\u00e9gia<\/em><br \/>\nascomestrategia@gmail.com<\/p>\n","protected":false},"excerpt":{"rendered":"<p>Com o fim do prazo das inscri\u00e7\u00f5es do concurso EEAR 2019, para o curso de forma\u00e7\u00e3o de sargentos da Aeron\u00e1utica, o certame segue para a sua pr\u00f3xima etapa. Os candidatos agora devem se preparar para as provas que ser\u00e3o aplicadas no dia 25 de novembro com in\u00edcio do curso de forma\u00e7\u00e3o em 2019. Est\u00e3o sendo [&hellip;]<\/p>\n","protected":false},"author":214,"featured_media":127705,"comment_status":"open","ping_status":"closed","sticky":false,"template":"","format":"standard","meta":{"post_tipo":"article","footnotes":""},"categories":[1,6741],"tags":[],"tax_estado":[],"class_list":["post-131612","post","type-post","status-publish","format-standard","has-post-thumbnail","hentry","category-cursos-e-concursos","category-forcas-armadas-oficiais"],"acf":[],"yoast_head":"<!-- This site is optimized with the Yoast SEO Premium plugin v27.2 (Yoast SEO v27.2) - https:\/\/yoast.com\/product\/yoast-seo-premium-wordpress\/ -->\n<title>Concurso EEAR 2019: com fim das inscri\u00e7\u00f5es, certame segue para etapa<\/title>\n<meta name=\"description\" content=\"Concurso EEAR 2019: com fim das inscri\u00e7\u00f5es no dia (10), certame segue para etapa de provas no pr\u00f3ximo dia 25 de novembro. Confira!\" \/>\n<meta name=\"robots\" content=\"index, follow, max-snippet:-1, max-image-preview:large, max-video-preview:-1\" \/>\n<link rel=\"canonical\" href=\"https:\/\/www.estrategiaconcursos.com.br\/blog\/concurso-eear-2019-sao-ofertadas-279-vagas-para-ingresso-no-2o-semestre-de-2019\/\" \/>\n<meta property=\"og:locale\" content=\"pt_BR\" \/>\n<meta property=\"og:type\" content=\"article\" \/>\n<meta property=\"og:title\" content=\"Concurso EEAR 2019: com fim das inscri\u00e7\u00f5es, certame segue para etapa de provas no pr\u00f3ximo dia 25 de novembro\" \/>\n<meta property=\"og:description\" content=\"Concurso EEAR 2019: com fim das inscri\u00e7\u00f5es no dia (10), certame segue para etapa de provas no pr\u00f3ximo dia 25 de novembro. Confira!\" \/>\n<meta property=\"og:url\" content=\"https:\/\/www.estrategiaconcursos.com.br\/blog\/concurso-eear-2019-sao-ofertadas-279-vagas-para-ingresso-no-2o-semestre-de-2019\/\" \/>\n<meta property=\"og:site_name\" content=\"Estrat\u00e9gia Concursos\" \/>\n<meta property=\"article:published_time\" content=\"2018-11-19T04:01:37+00:00\" \/>\n<meta property=\"article:modified_time\" content=\"2018-11-19T12:02:31+00:00\" \/>\n<meta property=\"og:image\" content=\"https:\/\/dhg1h5j42swfq.cloudfront.net\/2018\/06\/20192923\/saiu-edital--e1530278784619.jpg\" \/>\n\t<meta property=\"og:image:width\" content=\"400\" \/>\n\t<meta property=\"og:image:height\" content=\"209\" \/>\n\t<meta property=\"og:image:type\" content=\"image\/jpeg\" \/>\n<meta name=\"author\" content=\"D\u00e9cio Terror Filho\" \/>\n<meta name=\"twitter:card\" content=\"summary_large_image\" \/>\n<meta name=\"twitter:creator\" content=\"@EstratConcursos\" \/>\n<meta name=\"twitter:site\" content=\"@EstratConcursos\" \/>\n<meta name=\"twitter:label1\" content=\"Escrito por\" \/>\n\t<meta name=\"twitter:data1\" content=\"D\u00e9cio Terror Filho\" \/>\n\t<meta name=\"twitter:label2\" content=\"Est. tempo de leitura\" \/>\n\t<meta name=\"twitter:data2\" content=\"3 minutos\" \/>\n<script type=\"application\/ld+json\" class=\"yoast-schema-graph\">{\"@context\":\"https:\/\/schema.org\",\"@graph\":[{\"@type\":\"NewsArticle\",\"@id\":\"https:\/\/www.estrategiaconcursos.com.br\/blog\/concurso-eear-2019-sao-ofertadas-279-vagas-para-ingresso-no-2o-semestre-de-2019\/#article\",\"isPartOf\":{\"@id\":\"https:\/\/www.estrategiaconcursos.com.br\/blog\/concurso-eear-2019-sao-ofertadas-279-vagas-para-ingresso-no-2o-semestre-de-2019\/\"},\"author\":{\"name\":\"D\u00e9cio Terror Filho\",\"@id\":\"https:\/\/www.estrategiaconcursos.com.br\/blog\/#\/schema\/person\/e8165364027a31208914fc77c3314727\"},\"headline\":\"Concurso EEAR 2019: com fim das inscri\u00e7\u00f5es, certame segue para etapa de provas no pr\u00f3ximo dia 25 de novembro\",\"datePublished\":\"2018-11-19T04:01:37+00:00\",\"dateModified\":\"2018-11-19T12:02:31+00:00\",\"mainEntityOfPage\":{\"@id\":\"https:\/\/www.estrategiaconcursos.com.br\/blog\/concurso-eear-2019-sao-ofertadas-279-vagas-para-ingresso-no-2o-semestre-de-2019\/\"},\"wordCount\":659,\"commentCount\":30,\"publisher\":{\"@id\":\"https:\/\/www.estrategiaconcursos.com.br\/blog\/#organization\"},\"image\":{\"@id\":\"https:\/\/www.estrategiaconcursos.com.br\/blog\/concurso-eear-2019-sao-ofertadas-279-vagas-para-ingresso-no-2o-semestre-de-2019\/#primaryimage\"},\"thumbnailUrl\":\"https:\/\/dhg1h5j42swfq.cloudfront.net\/2018\/06\/20192923\/saiu-edital--e1530278784619.jpg\",\"articleSection\":[\"Concursos P\u00fablicos\",\"For\u00e7as Armadas (Oficiais)\"],\"inLanguage\":\"pt-BR\",\"potentialAction\":[{\"@type\":\"CommentAction\",\"name\":\"Comment\",\"target\":[\"https:\/\/www.estrategiaconcursos.com.br\/blog\/concurso-eear-2019-sao-ofertadas-279-vagas-para-ingresso-no-2o-semestre-de-2019\/#respond\"]}],\"copyrightYear\":\"2018\",\"copyrightHolder\":{\"@id\":\"https:\/\/www.estrategiaconcursos.com.br\/blog\/#organization\"}},{\"@type\":\"WebPage\",\"@id\":\"https:\/\/www.estrategiaconcursos.com.br\/blog\/concurso-eear-2019-sao-ofertadas-279-vagas-para-ingresso-no-2o-semestre-de-2019\/\",\"url\":\"https:\/\/www.estrategiaconcursos.com.br\/blog\/concurso-eear-2019-sao-ofertadas-279-vagas-para-ingresso-no-2o-semestre-de-2019\/\",\"name\":\"Concurso EEAR 2019: com fim das inscri\u00e7\u00f5es, certame segue para etapa\",\"isPartOf\":{\"@id\":\"https:\/\/www.estrategiaconcursos.com.br\/blog\/#website\"},\"primaryImageOfPage\":{\"@id\":\"https:\/\/www.estrategiaconcursos.com.br\/blog\/concurso-eear-2019-sao-ofertadas-279-vagas-para-ingresso-no-2o-semestre-de-2019\/#primaryimage\"},\"image\":{\"@id\":\"https:\/\/www.estrategiaconcursos.com.br\/blog\/concurso-eear-2019-sao-ofertadas-279-vagas-para-ingresso-no-2o-semestre-de-2019\/#primaryimage\"},\"thumbnailUrl\":\"https:\/\/dhg1h5j42swfq.cloudfront.net\/2018\/06\/20192923\/saiu-edital--e1530278784619.jpg\",\"datePublished\":\"2018-11-19T04:01:37+00:00\",\"dateModified\":\"2018-11-19T12:02:31+00:00\",\"description\":\"Concurso EEAR 2019: com fim das inscri\u00e7\u00f5es no dia (10), certame segue para etapa de provas no pr\u00f3ximo dia 25 de novembro. Confira!\",\"breadcrumb\":{\"@id\":\"https:\/\/www.estrategiaconcursos.com.br\/blog\/concurso-eear-2019-sao-ofertadas-279-vagas-para-ingresso-no-2o-semestre-de-2019\/#breadcrumb\"},\"inLanguage\":\"pt-BR\",\"potentialAction\":[{\"@type\":\"ReadAction\",\"target\":[\"https:\/\/www.estrategiaconcursos.com.br\/blog\/concurso-eear-2019-sao-ofertadas-279-vagas-para-ingresso-no-2o-semestre-de-2019\/\"]}]},{\"@type\":\"ImageObject\",\"inLanguage\":\"pt-BR\",\"@id\":\"https:\/\/www.estrategiaconcursos.com.br\/blog\/concurso-eear-2019-sao-ofertadas-279-vagas-para-ingresso-no-2o-semestre-de-2019\/#primaryimage\",\"url\":\"https:\/\/dhg1h5j42swfq.cloudfront.net\/2018\/06\/20192923\/saiu-edital--e1530278784619.jpg\",\"contentUrl\":\"https:\/\/dhg1h5j42swfq.cloudfront.net\/2018\/06\/20192923\/saiu-edital--e1530278784619.jpg\",\"width\":400,\"height\":209,\"caption\":\"concurso procurador bayeux PB\"},{\"@type\":\"BreadcrumbList\",\"@id\":\"https:\/\/www.estrategiaconcursos.com.br\/blog\/concurso-eear-2019-sao-ofertadas-279-vagas-para-ingresso-no-2o-semestre-de-2019\/#breadcrumb\",\"itemListElement\":[{\"@type\":\"ListItem\",\"position\":1,\"name\":\"In\u00edcio\",\"item\":\"https:\/\/www.estrategiaconcursos.com.br\/blog\/\"},{\"@type\":\"ListItem\",\"position\":2,\"name\":\"Concurso EEAR 2019: com fim das inscri\u00e7\u00f5es, certame segue para etapa de provas no pr\u00f3ximo dia 25 de novembro\"}]},{\"@type\":\"WebSite\",\"@id\":\"https:\/\/www.estrategiaconcursos.com.br\/blog\/#website\",\"url\":\"https:\/\/www.estrategiaconcursos.com.br\/blog\/\",\"name\":\"Estrat\u00e9gia Concursos\",\"description\":\"O blog da Estrat\u00e9gia Concursos traz not\u00edcias sobre concursos e artigos de professores oferecendo cursos para concursos (pdf + videaulas) no site.\",\"publisher\":{\"@id\":\"https:\/\/www.estrategiaconcursos.com.br\/blog\/#organization\"},\"potentialAction\":[{\"@type\":\"SearchAction\",\"target\":{\"@type\":\"EntryPoint\",\"urlTemplate\":\"https:\/\/www.estrategiaconcursos.com.br\/blog\/?s={search_term_string}\"},\"query-input\":{\"@type\":\"PropertyValueSpecification\",\"valueRequired\":true,\"valueName\":\"search_term_string\"}}],\"inLanguage\":\"pt-BR\"},{\"@type\":\"Organization\",\"@id\":\"https:\/\/www.estrategiaconcursos.com.br\/blog\/#organization\",\"name\":\"Estrat\u00e9gia Concursos\",\"url\":\"https:\/\/www.estrategiaconcursos.com.br\/blog\/\",\"logo\":{\"@type\":\"ImageObject\",\"inLanguage\":\"pt-BR\",\"@id\":\"https:\/\/www.estrategiaconcursos.com.br\/blog\/#\/schema\/logo\/image\/\",\"url\":\"https:\/\/dhg1h5j42swfq.cloudfront.net\/2025\/06\/03203428\/logo_concursos-1.jpg\",\"contentUrl\":\"https:\/\/dhg1h5j42swfq.cloudfront.net\/2025\/06\/03203428\/logo_concursos-1.jpg\",\"width\":230,\"height\":60,\"caption\":\"Estrat\u00e9gia Concursos\"},\"image\":{\"@id\":\"https:\/\/www.estrategiaconcursos.com.br\/blog\/#\/schema\/logo\/image\/\"},\"sameAs\":[\"https:\/\/x.com\/EstratConcursos\"]},{\"@type\":\"Person\",\"@id\":\"https:\/\/www.estrategiaconcursos.com.br\/blog\/#\/schema\/person\/e8165364027a31208914fc77c3314727\",\"name\":\"D\u00e9cio Terror Filho\",\"image\":{\"@type\":\"ImageObject\",\"inLanguage\":\"pt-BR\",\"@id\":\"https:\/\/secure.gravatar.com\/avatar\/a5b78e734de7c6482e965926e78344deb81abbc34282a3c9536cbb1a59728a37?s=96&d=mm&r=g\",\"url\":\"https:\/\/secure.gravatar.com\/avatar\/a5b78e734de7c6482e965926e78344deb81abbc34282a3c9536cbb1a59728a37?s=96&d=mm&r=g\",\"contentUrl\":\"https:\/\/secure.gravatar.com\/avatar\/a5b78e734de7c6482e965926e78344deb81abbc34282a3c9536cbb1a59728a37?s=96&d=mm&r=g\",\"caption\":\"D\u00e9cio Terror Filho\"},\"url\":\"https:\/\/www.estrategiaconcursos.com.br\/blog\/author\/contatoterrorportugues-com-br\/\"}]}<\/script>\n<!-- \/ Yoast SEO Premium plugin. -->","yoast_head_json":{"title":"Concurso EEAR 2019: com fim das inscri\u00e7\u00f5es, certame segue para etapa","description":"Concurso EEAR 2019: com fim das inscri\u00e7\u00f5es no dia (10), certame segue para etapa de provas no pr\u00f3ximo dia 25 de novembro. Confira!","robots":{"index":"index","follow":"follow","max-snippet":"max-snippet:-1","max-image-preview":"max-image-preview:large","max-video-preview":"max-video-preview:-1"},"canonical":"https:\/\/www.estrategiaconcursos.com.br\/blog\/concurso-eear-2019-sao-ofertadas-279-vagas-para-ingresso-no-2o-semestre-de-2019\/","og_locale":"pt_BR","og_type":"article","og_title":"Concurso EEAR 2019: com fim das inscri\u00e7\u00f5es, certame segue para etapa de provas no pr\u00f3ximo dia 25 de novembro","og_description":"Concurso EEAR 2019: com fim das inscri\u00e7\u00f5es no dia (10), certame segue para etapa de provas no pr\u00f3ximo dia 25 de novembro. Confira!","og_url":"https:\/\/www.estrategiaconcursos.com.br\/blog\/concurso-eear-2019-sao-ofertadas-279-vagas-para-ingresso-no-2o-semestre-de-2019\/","og_site_name":"Estrat\u00e9gia Concursos","article_published_time":"2018-11-19T04:01:37+00:00","article_modified_time":"2018-11-19T12:02:31+00:00","og_image":[{"width":400,"height":209,"url":"https:\/\/dhg1h5j42swfq.cloudfront.net\/2018\/06\/20192923\/saiu-edital--e1530278784619.jpg","type":"image\/jpeg"}],"author":"D\u00e9cio Terror Filho","twitter_card":"summary_large_image","twitter_creator":"@EstratConcursos","twitter_site":"@EstratConcursos","twitter_misc":{"Escrito por":"D\u00e9cio Terror Filho","Est. tempo de leitura":"3 minutos"},"schema":{"@context":"https:\/\/schema.org","@graph":[{"@type":"NewsArticle","@id":"https:\/\/www.estrategiaconcursos.com.br\/blog\/concurso-eear-2019-sao-ofertadas-279-vagas-para-ingresso-no-2o-semestre-de-2019\/#article","isPartOf":{"@id":"https:\/\/www.estrategiaconcursos.com.br\/blog\/concurso-eear-2019-sao-ofertadas-279-vagas-para-ingresso-no-2o-semestre-de-2019\/"},"author":{"name":"D\u00e9cio Terror Filho","@id":"https:\/\/www.estrategiaconcursos.com.br\/blog\/#\/schema\/person\/e8165364027a31208914fc77c3314727"},"headline":"Concurso EEAR 2019: com fim das inscri\u00e7\u00f5es, certame segue para etapa de provas no pr\u00f3ximo dia 25 de novembro","datePublished":"2018-11-19T04:01:37+00:00","dateModified":"2018-11-19T12:02:31+00:00","mainEntityOfPage":{"@id":"https:\/\/www.estrategiaconcursos.com.br\/blog\/concurso-eear-2019-sao-ofertadas-279-vagas-para-ingresso-no-2o-semestre-de-2019\/"},"wordCount":659,"commentCount":30,"publisher":{"@id":"https:\/\/www.estrategiaconcursos.com.br\/blog\/#organization"},"image":{"@id":"https:\/\/www.estrategiaconcursos.com.br\/blog\/concurso-eear-2019-sao-ofertadas-279-vagas-para-ingresso-no-2o-semestre-de-2019\/#primaryimage"},"thumbnailUrl":"https:\/\/dhg1h5j42swfq.cloudfront.net\/2018\/06\/20192923\/saiu-edital--e1530278784619.jpg","articleSection":["Concursos P\u00fablicos","For\u00e7as Armadas (Oficiais)"],"inLanguage":"pt-BR","potentialAction":[{"@type":"CommentAction","name":"Comment","target":["https:\/\/www.estrategiaconcursos.com.br\/blog\/concurso-eear-2019-sao-ofertadas-279-vagas-para-ingresso-no-2o-semestre-de-2019\/#respond"]}],"copyrightYear":"2018","copyrightHolder":{"@id":"https:\/\/www.estrategiaconcursos.com.br\/blog\/#organization"}},{"@type":"WebPage","@id":"https:\/\/www.estrategiaconcursos.com.br\/blog\/concurso-eear-2019-sao-ofertadas-279-vagas-para-ingresso-no-2o-semestre-de-2019\/","url":"https:\/\/www.estrategiaconcursos.com.br\/blog\/concurso-eear-2019-sao-ofertadas-279-vagas-para-ingresso-no-2o-semestre-de-2019\/","name":"Concurso EEAR 2019: com fim das inscri\u00e7\u00f5es, certame segue para etapa","isPartOf":{"@id":"https:\/\/www.estrategiaconcursos.com.br\/blog\/#website"},"primaryImageOfPage":{"@id":"https:\/\/www.estrategiaconcursos.com.br\/blog\/concurso-eear-2019-sao-ofertadas-279-vagas-para-ingresso-no-2o-semestre-de-2019\/#primaryimage"},"image":{"@id":"https:\/\/www.estrategiaconcursos.com.br\/blog\/concurso-eear-2019-sao-ofertadas-279-vagas-para-ingresso-no-2o-semestre-de-2019\/#primaryimage"},"thumbnailUrl":"https:\/\/dhg1h5j42swfq.cloudfront.net\/2018\/06\/20192923\/saiu-edital--e1530278784619.jpg","datePublished":"2018-11-19T04:01:37+00:00","dateModified":"2018-11-19T12:02:31+00:00","description":"Concurso EEAR 2019: com fim das inscri\u00e7\u00f5es no dia (10), certame segue para etapa de provas no pr\u00f3ximo dia 25 de novembro. Confira!","breadcrumb":{"@id":"https:\/\/www.estrategiaconcursos.com.br\/blog\/concurso-eear-2019-sao-ofertadas-279-vagas-para-ingresso-no-2o-semestre-de-2019\/#breadcrumb"},"inLanguage":"pt-BR","potentialAction":[{"@type":"ReadAction","target":["https:\/\/www.estrategiaconcursos.com.br\/blog\/concurso-eear-2019-sao-ofertadas-279-vagas-para-ingresso-no-2o-semestre-de-2019\/"]}]},{"@type":"ImageObject","inLanguage":"pt-BR","@id":"https:\/\/www.estrategiaconcursos.com.br\/blog\/concurso-eear-2019-sao-ofertadas-279-vagas-para-ingresso-no-2o-semestre-de-2019\/#primaryimage","url":"https:\/\/dhg1h5j42swfq.cloudfront.net\/2018\/06\/20192923\/saiu-edital--e1530278784619.jpg","contentUrl":"https:\/\/dhg1h5j42swfq.cloudfront.net\/2018\/06\/20192923\/saiu-edital--e1530278784619.jpg","width":400,"height":209,"caption":"concurso procurador bayeux PB"},{"@type":"BreadcrumbList","@id":"https:\/\/www.estrategiaconcursos.com.br\/blog\/concurso-eear-2019-sao-ofertadas-279-vagas-para-ingresso-no-2o-semestre-de-2019\/#breadcrumb","itemListElement":[{"@type":"ListItem","position":1,"name":"In\u00edcio","item":"https:\/\/www.estrategiaconcursos.com.br\/blog\/"},{"@type":"ListItem","position":2,"name":"Concurso EEAR 2019: com fim das inscri\u00e7\u00f5es, certame segue para etapa de provas no pr\u00f3ximo dia 25 de novembro"}]},{"@type":"WebSite","@id":"https:\/\/www.estrategiaconcursos.com.br\/blog\/#website","url":"https:\/\/www.estrategiaconcursos.com.br\/blog\/","name":"Estrat\u00e9gia Concursos","description":"O blog da Estrat\u00e9gia Concursos traz not\u00edcias sobre concursos e artigos de professores oferecendo cursos para concursos (pdf + videaulas) no site.","publisher":{"@id":"https:\/\/www.estrategiaconcursos.com.br\/blog\/#organization"},"potentialAction":[{"@type":"SearchAction","target":{"@type":"EntryPoint","urlTemplate":"https:\/\/www.estrategiaconcursos.com.br\/blog\/?s={search_term_string}"},"query-input":{"@type":"PropertyValueSpecification","valueRequired":true,"valueName":"search_term_string"}}],"inLanguage":"pt-BR"},{"@type":"Organization","@id":"https:\/\/www.estrategiaconcursos.com.br\/blog\/#organization","name":"Estrat\u00e9gia Concursos","url":"https:\/\/www.estrategiaconcursos.com.br\/blog\/","logo":{"@type":"ImageObject","inLanguage":"pt-BR","@id":"https:\/\/www.estrategiaconcursos.com.br\/blog\/#\/schema\/logo\/image\/","url":"https:\/\/dhg1h5j42swfq.cloudfront.net\/2025\/06\/03203428\/logo_concursos-1.jpg","contentUrl":"https:\/\/dhg1h5j42swfq.cloudfront.net\/2025\/06\/03203428\/logo_concursos-1.jpg","width":230,"height":60,"caption":"Estrat\u00e9gia Concursos"},"image":{"@id":"https:\/\/www.estrategiaconcursos.com.br\/blog\/#\/schema\/logo\/image\/"},"sameAs":["https:\/\/x.com\/EstratConcursos"]},{"@type":"Person","@id":"https:\/\/www.estrategiaconcursos.com.br\/blog\/#\/schema\/person\/e8165364027a31208914fc77c3314727","name":"D\u00e9cio Terror Filho","image":{"@type":"ImageObject","inLanguage":"pt-BR","@id":"https:\/\/secure.gravatar.com\/avatar\/a5b78e734de7c6482e965926e78344deb81abbc34282a3c9536cbb1a59728a37?s=96&d=mm&r=g","url":"https:\/\/secure.gravatar.com\/avatar\/a5b78e734de7c6482e965926e78344deb81abbc34282a3c9536cbb1a59728a37?s=96&d=mm&r=g","contentUrl":"https:\/\/secure.gravatar.com\/avatar\/a5b78e734de7c6482e965926e78344deb81abbc34282a3c9536cbb1a59728a37?s=96&d=mm&r=g","caption":"D\u00e9cio Terror Filho"},"url":"https:\/\/www.estrategiaconcursos.com.br\/blog\/author\/contatoterrorportugues-com-br\/"}]}},"_links":{"self":[{"href":"https:\/\/www.estrategiaconcursos.com.br\/blog\/wp-json\/wp\/v2\/posts\/131612","targetHints":{"allow":["GET"]}}],"collection":[{"href":"https:\/\/www.estrategiaconcursos.com.br\/blog\/wp-json\/wp\/v2\/posts"}],"about":[{"href":"https:\/\/www.estrategiaconcursos.com.br\/blog\/wp-json\/wp\/v2\/types\/post"}],"author":[{"embeddable":true,"href":"https:\/\/www.estrategiaconcursos.com.br\/blog\/wp-json\/wp\/v2\/users\/214"}],"replies":[{"embeddable":true,"href":"https:\/\/www.estrategiaconcursos.com.br\/blog\/wp-json\/wp\/v2\/comments?post=131612"}],"version-history":[{"count":14,"href":"https:\/\/www.estrategiaconcursos.com.br\/blog\/wp-json\/wp\/v2\/posts\/131612\/revisions"}],"predecessor-version":[{"id":172498,"href":"https:\/\/www.estrategiaconcursos.com.br\/blog\/wp-json\/wp\/v2\/posts\/131612\/revisions\/172498"}],"wp:featuredmedia":[{"embeddable":true,"href":"https:\/\/www.estrategiaconcursos.com.br\/blog\/wp-json\/wp\/v2\/media\/127705"}],"wp:attachment":[{"href":"https:\/\/www.estrategiaconcursos.com.br\/blog\/wp-json\/wp\/v2\/media?parent=131612"}],"wp:term":[{"taxonomy":"category","embeddable":true,"href":"https:\/\/www.estrategiaconcursos.com.br\/blog\/wp-json\/wp\/v2\/categories?post=131612"},{"taxonomy":"post_tag","embeddable":true,"href":"https:\/\/www.estrategiaconcursos.com.br\/blog\/wp-json\/wp\/v2\/tags?post=131612"},{"taxonomy":"tax_estado","embeddable":true,"href":"https:\/\/www.estrategiaconcursos.com.br\/blog\/wp-json\/wp\/v2\/tax_estado?post=131612"}],"curies":[{"name":"wp","href":"https:\/\/api.w.org\/{rel}","templated":true}]}}