{"id":1313450,"date":"2023-11-29T13:27:16","date_gmt":"2023-11-29T16:27:16","guid":{"rendered":"https:\/\/www.estrategiaconcursos.com.br\/blog\/?p=1313450"},"modified":"2023-12-01T15:29:55","modified_gmt":"2023-12-01T18:29:55","slug":"concurso-trt-11-vagas","status":"publish","type":"post","link":"https:\/\/www.estrategiaconcursos.com.br\/blog\/concurso-trt-11-vagas\/","title":{"rendered":"\u00daltimo dia de inscri\u00e7\u00f5es para o concurso TRT 11; veja as vagas!"},"content":{"rendered":"\n<p>Voc\u00ea que est\u00e1 interessado no novo concurso do <a href=\"https:\/\/www.estrategiaconcursos.com.br\/cursosPorConcurso\/trts-cursos-regulares-62\/\" target=\"_blank\" rel=\"noreferrer noopener\"><strong>Tribunal Regional do Trabalho da 11\u00aa regi\u00e3o<\/strong><\/a> (<strong>TRT 11<\/strong>) sabe quais os cargos e vagas dispon\u00edveis para ingressar no \u00f3rg\u00e3o?<\/p>\n\n\n\n<p>O edital oferta <strong>41 vagas<\/strong> imediatas e forma\u00e7\u00e3o de cadastro de reserva para os cargos de Analista e T\u00e9cnico Judici\u00e1rio. <\/p>\n\n\n\n<p>As oportunidades s\u00e3o de n\u00edvel superior de forma\u00e7\u00e3o, com sal\u00e1rios iniciais variam de <span style=\"font-size: revert; color: initial;\"><strong>R$ 8.046,85 a R$ 15.128,00<\/strong><\/span>.<\/p>\n\n\n\n<p>Ressalta-se ainda que <strong>hoje, 29 de novembro, \u00e9 o \u00faltimo dia de inscri\u00e7\u00f5es<\/strong> da sele\u00e7\u00e3o atrav\u00e9s do site da banca FCC. Confira abaixo as oportunidades!<\/p>\n\n\n\n<h2 class=\"wp-block-heading\" id=\"cargos-vagas\">Concurso TRT 11: cargos e vagas <\/h2>\n\n\n\n<figure class=\"wp-block-table is-style-stripes\"><table class=\"has-background has-fixed-layout\" style=\"background-color:#e7f5fe\"><thead><tr><th class=\"has-text-align-center\" data-align=\"center\">CARGOS<\/th><th class=\"has-text-align-center\" data-align=\"center\">VAGAS<\/th><\/tr><\/thead><tbody><tr><td class=\"has-text-align-center\" data-align=\"center\">Analista Judici\u00e1rio -\u00c1rea<br \/>Administrativa<\/td><td class=\"has-text-align-center\" data-align=\"center\">Cadastro<br \/>Reserva<\/td><\/tr><tr><td class=\"has-text-align-center\" data-align=\"center\">Analista Judici\u00e1rio -\u00c1rea<br \/>Judici\u00e1ria<\/td><td class=\"has-text-align-center\" data-align=\"center\">2 +<br \/>Cadastro<br \/>Reserva<\/td><\/tr><tr><td class=\"has-text-align-center\" data-align=\"center\">Analista Judici\u00e1rio &#8211; \u00c1rea<br \/>Judici\u00e1ria \u2013 Especialidade<br \/>Oficial de Justi\u00e7a Avaliador<br \/>Federal<\/td><td class=\"has-text-align-center\" data-align=\"center\">Cadastro<br \/>Reserva<\/td><\/tr><tr><td class=\"has-text-align-center\" data-align=\"center\">Analista Judici\u00e1rio &#8211; \u00c1rea<br \/>Administrativa &#8211;<br \/>Especialidade Contabilidade<\/td><td class=\"has-text-align-center\" data-align=\"center\">1+<br \/>Cadastro<br \/>Reserva<\/td><\/tr><tr><td class=\"has-text-align-center\" data-align=\"center\">Analista Judici\u00e1rio &#8211; \u00c1rea<br \/>Apoio Especializado &#8211;<br \/>Especialidade Arquitetura e<br \/>Urbanismo<\/td><td class=\"has-text-align-center\" data-align=\"center\">Cadastro<br \/>Reserva<\/td><\/tr><tr><td class=\"has-text-align-center\" data-align=\"center\">Analista Judici\u00e1rio &#8211; \u00c1rea<br \/>Apoio Especializado &#8211;<br \/>Especialidade Arquivologia<\/td><td class=\"has-text-align-center\" data-align=\"center\">Cadastro<br \/>Reserva<\/td><\/tr><tr><td class=\"has-text-align-center\" data-align=\"center\">Analista Judici\u00e1rio &#8211; \u00c1rea<br \/>Apoio Especializado &#8211;<br \/>Especialidade<br \/>Biblioteconomia<\/td><td class=\"has-text-align-center\" data-align=\"center\">1 +<br \/>Cadastro<br \/>Reserva<\/td><\/tr><tr><td class=\"has-text-align-center\" data-align=\"center\">Analista Judici\u00e1rio &#8211; \u00c1rea<br \/>Apoio Especializado &#8211;<br \/>Especialidade Engenharia<br \/>Civil<\/td><td class=\"has-text-align-center\" data-align=\"center\">Cadastro<br \/>Reserva<\/td><\/tr><tr><td class=\"has-text-align-center\" data-align=\"center\">Analista Judici\u00e1rio &#8211; \u00c1rea<br \/>Apoio Especializado &#8211;<br \/>Especialidade Engenharia<br \/>El\u00e9trica<\/td><td class=\"has-text-align-center\" data-align=\"center\">Cadastro<br \/>Reserva<\/td><\/tr><tr><td class=\"has-text-align-center\" data-align=\"center\">Analista Judici\u00e1rio &#8211; \u00c1rea<br \/>Apoio Especializado &#8211;<br \/>Especialidade Estat\u00edstica<\/td><td class=\"has-text-align-center\" data-align=\"center\">Cadastro<br \/>Reserva<\/td><\/tr><tr><td class=\"has-text-align-center\" data-align=\"center\">Analista Judici\u00e1rio &#8211; \u00c1rea<br \/>Apoio Especializado &#8211;<br \/>Especialidade, Tecnologia<br \/>da Informa\u00e7\u00e3o<\/td><td class=\"has-text-align-center\" data-align=\"center\">Cadastro<br \/>Reserva<\/td><\/tr><tr><td class=\"has-text-align-center\" data-align=\"center\">Analista Judici\u00e1rio &#8211; \u00c1rea<br \/>Apoio Especializado &#8211;<br \/>Especialidade Medicina do<br \/>Trabalho<\/td><td class=\"has-text-align-center\" data-align=\"center\">Cadastro<br \/>Reserva<\/td><\/tr><tr><td class=\"has-text-align-center\" data-align=\"center\">Analista Judici\u00e1rio &#8211; \u00c1rea<br \/>Apoio Especializado &#8211;<br \/>Especialidade Medicina<br \/>Psiquiatria<\/td><td class=\"has-text-align-center\" data-align=\"center\">1+<br \/>Cadastro<br \/>Reserva<\/td><\/tr><tr><td class=\"has-text-align-center\" data-align=\"center\">Analista Judici\u00e1rio &#8211; \u00c1rea<br \/>Apoio Especializado &#8211;<br \/>Especialidade Fisioterapia<\/td><td class=\"has-text-align-center\" data-align=\"center\">1 +<br \/>Cadastro<br \/>Reserva<\/td><\/tr><tr><td class=\"has-text-align-center\" data-align=\"center\">Analista Judici\u00e1rio &#8211; \u00c1rea<br \/>Apoio Especializado &#8211;<br \/>Especialidade Odontologia<\/td><td class=\"has-text-align-center\" data-align=\"center\">Cadastro<br \/>Reserva<\/td><\/tr><tr><td class=\"has-text-align-center\" data-align=\"center\">Analista Judici\u00e1rio &#8211; \u00c1rea<br \/>Apoio Especializado &#8211;<br \/>Especialidade Psicologia<\/td><td class=\"has-text-align-center\" data-align=\"center\">Cadastro<br \/>Reserva<\/td><\/tr><tr><td class=\"has-text-align-center\" data-align=\"center\">Analista Judici\u00e1rio &#8211; \u00c1rea<br \/>Apoio Especializado &#8211;<br \/>Especialidade Servi\u00e7o Social<\/td><td class=\"has-text-align-center\" data-align=\"center\">Cadastro<br \/>Reserva<\/td><\/tr><tr><td class=\"has-text-align-center\" data-align=\"center\">T\u00e9cnico Judici\u00e1rio -\u00c1rea<br \/>Administrativa<\/td><td class=\"has-text-align-center\" data-align=\"center\">30 +<br \/>Cadastro<br \/>Reserva<\/td><\/tr><tr><td class=\"has-text-align-center\" data-align=\"center\">T\u00e9cnico Judici\u00e1rio &#8211; \u00c1rea<br \/>Apoio Especializado &#8211;<br \/>Especialidade Tecnologia<br \/>da Informa\u00e7\u00e3o<\/td><td class=\"has-text-align-center\" data-align=\"center\">4 +<br \/>Cadastro<br \/>Reserva<\/td><\/tr><tr><td class=\"has-text-align-center\" data-align=\"center\">T\u00e9cnico Judici\u00e1rio &#8211; \u00c1rea<br \/>Apoio Especializado &#8211;<br \/>Especialidade<br \/>Enfermagem<\/td><td class=\"has-text-align-center\" data-align=\"center\">1 +<br \/>Cadastro<br \/>Reserva<\/td><\/tr><tr><td class=\"has-text-align-center\" data-align=\"center\">T\u00e9cnico Judici\u00e1rio &#8211; \u00c1rea<br \/>Administrativa &#8211;<br \/>Especialidade Agente da<br \/>Pol\u00edcia Judicial<\/td><td class=\"has-text-align-center\" data-align=\"center\">Cadastro<br \/>Reserva<\/td><\/tr><\/tbody><\/table><figcaption class=\"wp-element-caption\">Concurso TRT 11 &#8211; cargos, vagas e requisitos.<\/figcaption><\/figure>\n\n\n\n<p>Vale lembrar que os candidatos ser\u00e3o avaliados por provas objetivas e discursivas na data prov\u00e1vel do dia <strong>04 de fevereiro de 2024<\/strong>, nas cidades de Manaus\/AM e Boa Vista\/RR.<\/p>\n\n\n\n<p>N\u00e3o perca nenhuma informa\u00e7\u00e3o sobre o <strong>concurso TRT 11<\/strong>. Elaboramos um artigo completo para voc\u00ea se preparar!<\/p>\n\n\n\n<p class=\"has-text-align-center has-very-light-gray-to-cyan-bluish-gray-gradient-background has-background has-medium-font-size\"><strong>Saiba mais: <a href=\"https:\/\/www.estrategiaconcursos.com.br\/blog\/concurso-trt-11-am-e-rr\/\" target=\"_blank\" rel=\"noreferrer noopener\">concurso TRT 11 (AM\/RR)<\/a><\/strong><\/p>\n\n\n\n<h2 class=\"wp-block-heading has-text-align-center\" id=\"h-quer-saber-tudo-sobre-concursos-previstos-confira-nossos-artigos\">Quer saber tudo sobre concursos previstos?<br \/>Confira nossos artigos!<\/h2>\n\n\n\n<ul class=\"wp-block-list\">\n<li><a href=\"https:\/\/www.estrategiaconcursos.com.br\/blog\/concursos-abertos\/\" target=\"_blank\" rel=\"noreferrer noopener\">Concursos abertos<\/a><\/li>\n\n\n\n<li><a href=\"https:\/\/www.estrategiaconcursos.com.br\/blog\/concursos-2023\/\" target=\"_blank\" rel=\"noreferrer noopener\">Concursos 2023<\/a><\/li>\n<\/ul>\n\n\n\n<h2 class=\"wp-block-heading has-text-align-center\" id=\"assinatura-e-cursos\">Cursos para o concurso TRT 11<\/h2>\n\n\n\n<div class=\"container\" id=\"boxes\">\n  <div class=\"row\">\n\n    <div class=\"col-sm\">\n      <div class=\"banner-tribunal\" id=\"box-assinatura\">\n        <h3 class=\"titulo-assinatura\">Curso TRT 11<\/h3>\n        <p class=\"subtitulo-assinatura\">Conhe\u00e7a os cursos<\/p>\n        <div class=\"box-botao\">\n          <a class=\"btn-assinatura\" target=\"_blank\" href=\"https:\/\/www.estrategiaconcursos.com.br\/cursosPorConcurso\/trts-cursos-regulares-62\/\" role=\"button\" rel=\"noopener noreferrer\">Conhe\u00e7a mais<\/a>\n        <\/div>\n      <\/div>\n      <p class=\"texto-auxiliar\">Prepare-se com o melhor material e com quem mais aprova em Concursos P\u00fablicos em todo o pa\u00eds.<\/p>\n    <\/div>\n\n  <\/div>\n<\/div>\n\n\n\n<div class=\"container\" id=\"boxes\">\n  <div class=\"row\">\n\n    <div class=\"col-sm\">\n      <div class=\"estrategia\" id=\"box-assinatura\">\n        <h3 class=\"titulo-assinatura\">Assinatura Concursos<\/h3>\n        <p class=\"subtitulo-assinatura\">Assinatura de 1 ano ou 2 anos<\/p>\n        <div class=\"box-botao\">\n          <a class=\"btn-assinatura\" target=\"_blank\" href=\"https:\/\/www.estrategiaconcursos.com.br\/assinaturas\/\" role=\"button\" rel=\"noopener noreferrer\">ASSINE AGORA<\/a>\n        <\/div>\n      <\/div>\n     \n    <\/div><\/div><\/div>\n","protected":false},"excerpt":{"rendered":"<p>Voc\u00ea que est\u00e1 interessado no novo concurso do Tribunal Regional do Trabalho da 11\u00aa regi\u00e3o (TRT 11) sabe quais os cargos e vagas dispon\u00edveis para ingressar no \u00f3rg\u00e3o? O edital oferta 41 vagas imediatas e forma\u00e7\u00e3o de cadastro de reserva para os cargos de Analista e T\u00e9cnico Judici\u00e1rio. As oportunidades s\u00e3o de n\u00edvel superior de [&hellip;]<\/p>\n","protected":false},"author":2402,"featured_media":399220,"comment_status":"open","ping_status":"closed","sticky":false,"template":"","format":"standard","meta":{"post_tipo":"news","footnotes":""},"categories":[1984,220219],"tags":[],"tax_estado":[219966,219985],"class_list":["post-1313450","post","type-post","status-publish","format-standard","has-post-thumbnail","hentry","category-tribunais","category-noticias","tax_estado-am","tax_estado-rr"],"acf":[],"yoast_head":"<!-- This site is optimized with the Yoast SEO Premium plugin v27.2 (Yoast SEO v27.2) - https:\/\/yoast.com\/product\/yoast-seo-premium-wordpress\/ -->\n<title>\u00daltimo dia de inscri\u00e7\u00f5es para o concurso TRT 11; veja as vagas!<\/title>\n<meta name=\"description\" content=\"Concurso TRT 11: confira quais as vagas dispon\u00edveis na sele\u00e7\u00e3o e aproveite o \u00faltimo dia de inscri\u00e7\u00f5es do certame!\" \/>\n<meta name=\"robots\" content=\"index, follow, max-snippet:-1, max-image-preview:large, max-video-preview:-1\" \/>\n<link rel=\"canonical\" href=\"https:\/\/www.estrategiaconcursos.com.br\/blog\/concurso-trt-11-vagas\/\" \/>\n<meta property=\"og:locale\" content=\"pt_BR\" \/>\n<meta property=\"og:type\" content=\"article\" \/>\n<meta property=\"og:title\" content=\"\u00daltimo dia de inscri\u00e7\u00f5es para o concurso TRT 11; veja as vagas!\" \/>\n<meta property=\"og:description\" content=\"Concurso TRT 11: confira quais as vagas dispon\u00edveis na sele\u00e7\u00e3o e aproveite o \u00faltimo dia de inscri\u00e7\u00f5es do certame!\" \/>\n<meta property=\"og:url\" content=\"https:\/\/www.estrategiaconcursos.com.br\/blog\/concurso-trt-11-vagas\/\" \/>\n<meta property=\"og:site_name\" content=\"Estrat\u00e9gia Concursos\" \/>\n<meta property=\"article:published_time\" content=\"2023-11-29T16:27:16+00:00\" \/>\n<meta property=\"article:modified_time\" content=\"2023-12-01T18:29:55+00:00\" \/>\n<meta property=\"og:image\" content=\"https:\/\/dhg1h5j42swfq.cloudfront.net\/2019\/07\/16093250\/JORNALISMO_TRT11-e1563280388435.jpg\" \/>\n\t<meta property=\"og:image:width\" content=\"400\" \/>\n\t<meta property=\"og:image:height\" content=\"209\" \/>\n\t<meta property=\"og:image:type\" content=\"image\/jpeg\" \/>\n<meta name=\"author\" content=\"Daniela Santos Nascimento\" \/>\n<meta name=\"twitter:card\" content=\"summary_large_image\" \/>\n<meta name=\"twitter:creator\" content=\"@EstratConcursos\" \/>\n<meta name=\"twitter:site\" content=\"@EstratConcursos\" \/>\n<meta name=\"twitter:label1\" content=\"Escrito por\" \/>\n\t<meta name=\"twitter:data1\" content=\"Daniela Santos Nascimento\" \/>\n\t<meta name=\"twitter:label2\" content=\"Est. tempo de leitura\" \/>\n\t<meta name=\"twitter:data2\" content=\"2 minutos\" \/>\n<script type=\"application\/ld+json\" class=\"yoast-schema-graph\">{\"@context\":\"https:\/\/schema.org\",\"@graph\":[{\"@type\":\"NewsArticle\",\"@id\":\"https:\/\/www.estrategiaconcursos.com.br\/blog\/concurso-trt-11-vagas\/#article\",\"isPartOf\":{\"@id\":\"https:\/\/www.estrategiaconcursos.com.br\/blog\/concurso-trt-11-vagas\/\"},\"author\":{\"name\":\"Daniela Santos Nascimento\",\"@id\":\"https:\/\/www.estrategiaconcursos.com.br\/blog\/#\/schema\/person\/399990d02336f200766707b881aee98f\"},\"headline\":\"\u00daltimo dia de inscri\u00e7\u00f5es para o concurso TRT 11; veja as vagas!\",\"datePublished\":\"2023-11-29T16:27:16+00:00\",\"dateModified\":\"2023-12-01T18:29:55+00:00\",\"mainEntityOfPage\":{\"@id\":\"https:\/\/www.estrategiaconcursos.com.br\/blog\/concurso-trt-11-vagas\/\"},\"wordCount\":429,\"commentCount\":0,\"publisher\":{\"@id\":\"https:\/\/www.estrategiaconcursos.com.br\/blog\/#organization\"},\"image\":{\"@id\":\"https:\/\/www.estrategiaconcursos.com.br\/blog\/concurso-trt-11-vagas\/#primaryimage\"},\"thumbnailUrl\":\"https:\/\/dhg1h5j42swfq.cloudfront.net\/2019\/07\/16093250\/JORNALISMO_TRT11-e1563280388435.jpg\",\"articleSection\":[\"Tribunais\",\"\u00daltimas not\u00edcias\"],\"inLanguage\":\"pt-BR\",\"potentialAction\":[{\"@type\":\"CommentAction\",\"name\":\"Comment\",\"target\":[\"https:\/\/www.estrategiaconcursos.com.br\/blog\/concurso-trt-11-vagas\/#respond\"]}],\"copyrightYear\":\"2023\",\"copyrightHolder\":{\"@id\":\"https:\/\/www.estrategiaconcursos.com.br\/blog\/#organization\"}},{\"@type\":\"WebPage\",\"@id\":\"https:\/\/www.estrategiaconcursos.com.br\/blog\/concurso-trt-11-vagas\/\",\"url\":\"https:\/\/www.estrategiaconcursos.com.br\/blog\/concurso-trt-11-vagas\/\",\"name\":\"\u00daltimo dia de inscri\u00e7\u00f5es para o concurso TRT 11; veja as vagas!\",\"isPartOf\":{\"@id\":\"https:\/\/www.estrategiaconcursos.com.br\/blog\/#website\"},\"primaryImageOfPage\":{\"@id\":\"https:\/\/www.estrategiaconcursos.com.br\/blog\/concurso-trt-11-vagas\/#primaryimage\"},\"image\":{\"@id\":\"https:\/\/www.estrategiaconcursos.com.br\/blog\/concurso-trt-11-vagas\/#primaryimage\"},\"thumbnailUrl\":\"https:\/\/dhg1h5j42swfq.cloudfront.net\/2019\/07\/16093250\/JORNALISMO_TRT11-e1563280388435.jpg\",\"datePublished\":\"2023-11-29T16:27:16+00:00\",\"dateModified\":\"2023-12-01T18:29:55+00:00\",\"description\":\"Concurso TRT 11: confira quais as vagas dispon\u00edveis na sele\u00e7\u00e3o e aproveite o \u00faltimo dia de inscri\u00e7\u00f5es do certame!\",\"breadcrumb\":{\"@id\":\"https:\/\/www.estrategiaconcursos.com.br\/blog\/concurso-trt-11-vagas\/#breadcrumb\"},\"inLanguage\":\"pt-BR\",\"potentialAction\":[{\"@type\":\"ReadAction\",\"target\":[\"https:\/\/www.estrategiaconcursos.com.br\/blog\/concurso-trt-11-vagas\/\"]}]},{\"@type\":\"ImageObject\",\"inLanguage\":\"pt-BR\",\"@id\":\"https:\/\/www.estrategiaconcursos.com.br\/blog\/concurso-trt-11-vagas\/#primaryimage\",\"url\":\"https:\/\/dhg1h5j42swfq.cloudfront.net\/2019\/07\/16093250\/JORNALISMO_TRT11-e1563280388435.jpg\",\"contentUrl\":\"https:\/\/dhg1h5j42swfq.cloudfront.net\/2019\/07\/16093250\/JORNALISMO_TRT11-e1563280388435.jpg\",\"width\":400,\"height\":209,\"caption\":\"Concurso TRT 11\"},{\"@type\":\"BreadcrumbList\",\"@id\":\"https:\/\/www.estrategiaconcursos.com.br\/blog\/concurso-trt-11-vagas\/#breadcrumb\",\"itemListElement\":[{\"@type\":\"ListItem\",\"position\":1,\"name\":\"In\u00edcio\",\"item\":\"https:\/\/www.estrategiaconcursos.com.br\/blog\/\"},{\"@type\":\"ListItem\",\"position\":2,\"name\":\"\u00daltimo dia de inscri\u00e7\u00f5es para o concurso TRT 11; veja as vagas!\"}]},{\"@type\":\"WebSite\",\"@id\":\"https:\/\/www.estrategiaconcursos.com.br\/blog\/#website\",\"url\":\"https:\/\/www.estrategiaconcursos.com.br\/blog\/\",\"name\":\"Estrat\u00e9gia Concursos\",\"description\":\"O blog da Estrat\u00e9gia Concursos traz not\u00edcias sobre concursos e artigos de professores oferecendo cursos para concursos (pdf + videaulas) no site.\",\"publisher\":{\"@id\":\"https:\/\/www.estrategiaconcursos.com.br\/blog\/#organization\"},\"potentialAction\":[{\"@type\":\"SearchAction\",\"target\":{\"@type\":\"EntryPoint\",\"urlTemplate\":\"https:\/\/www.estrategiaconcursos.com.br\/blog\/?s={search_term_string}\"},\"query-input\":{\"@type\":\"PropertyValueSpecification\",\"valueRequired\":true,\"valueName\":\"search_term_string\"}}],\"inLanguage\":\"pt-BR\"},{\"@type\":\"Organization\",\"@id\":\"https:\/\/www.estrategiaconcursos.com.br\/blog\/#organization\",\"name\":\"Estrat\u00e9gia Concursos\",\"url\":\"https:\/\/www.estrategiaconcursos.com.br\/blog\/\",\"logo\":{\"@type\":\"ImageObject\",\"inLanguage\":\"pt-BR\",\"@id\":\"https:\/\/www.estrategiaconcursos.com.br\/blog\/#\/schema\/logo\/image\/\",\"url\":\"https:\/\/dhg1h5j42swfq.cloudfront.net\/2025\/06\/03203428\/logo_concursos-1.jpg\",\"contentUrl\":\"https:\/\/dhg1h5j42swfq.cloudfront.net\/2025\/06\/03203428\/logo_concursos-1.jpg\",\"width\":230,\"height\":60,\"caption\":\"Estrat\u00e9gia Concursos\"},\"image\":{\"@id\":\"https:\/\/www.estrategiaconcursos.com.br\/blog\/#\/schema\/logo\/image\/\"},\"sameAs\":[\"https:\/\/x.com\/EstratConcursos\"]},{\"@type\":\"Person\",\"@id\":\"https:\/\/www.estrategiaconcursos.com.br\/blog\/#\/schema\/person\/399990d02336f200766707b881aee98f\",\"name\":\"Daniela Santos Nascimento\",\"image\":{\"@type\":\"ImageObject\",\"inLanguage\":\"pt-BR\",\"@id\":\"https:\/\/secure.gravatar.com\/avatar\/7f343622ad121e2893832a8c76808be436bdfcbf2f7d696174c94ecd84f2384a?s=96&d=mm&r=g\",\"url\":\"https:\/\/secure.gravatar.com\/avatar\/7f343622ad121e2893832a8c76808be436bdfcbf2f7d696174c94ecd84f2384a?s=96&d=mm&r=g\",\"contentUrl\":\"https:\/\/secure.gravatar.com\/avatar\/7f343622ad121e2893832a8c76808be436bdfcbf2f7d696174c94ecd84f2384a?s=96&d=mm&r=g\",\"caption\":\"Daniela Santos Nascimento\"},\"url\":\"https:\/\/www.estrategiaconcursos.com.br\/blog\/author\/daniela-nascimentoestrategia-com\/\"}]}<\/script>\n<!-- \/ Yoast SEO Premium plugin. -->","yoast_head_json":{"title":"\u00daltimo dia de inscri\u00e7\u00f5es para o concurso TRT 11; veja as vagas!","description":"Concurso TRT 11: confira quais as vagas dispon\u00edveis na sele\u00e7\u00e3o e aproveite o \u00faltimo dia de inscri\u00e7\u00f5es do certame!","robots":{"index":"index","follow":"follow","max-snippet":"max-snippet:-1","max-image-preview":"max-image-preview:large","max-video-preview":"max-video-preview:-1"},"canonical":"https:\/\/www.estrategiaconcursos.com.br\/blog\/concurso-trt-11-vagas\/","og_locale":"pt_BR","og_type":"article","og_title":"\u00daltimo dia de inscri\u00e7\u00f5es para o concurso TRT 11; veja as vagas!","og_description":"Concurso TRT 11: confira quais as vagas dispon\u00edveis na sele\u00e7\u00e3o e aproveite o \u00faltimo dia de inscri\u00e7\u00f5es do certame!","og_url":"https:\/\/www.estrategiaconcursos.com.br\/blog\/concurso-trt-11-vagas\/","og_site_name":"Estrat\u00e9gia Concursos","article_published_time":"2023-11-29T16:27:16+00:00","article_modified_time":"2023-12-01T18:29:55+00:00","og_image":[{"width":400,"height":209,"url":"https:\/\/dhg1h5j42swfq.cloudfront.net\/2019\/07\/16093250\/JORNALISMO_TRT11-e1563280388435.jpg","type":"image\/jpeg"}],"author":"Daniela Santos Nascimento","twitter_card":"summary_large_image","twitter_creator":"@EstratConcursos","twitter_site":"@EstratConcursos","twitter_misc":{"Escrito por":"Daniela Santos Nascimento","Est. tempo de leitura":"2 minutos"},"schema":{"@context":"https:\/\/schema.org","@graph":[{"@type":"NewsArticle","@id":"https:\/\/www.estrategiaconcursos.com.br\/blog\/concurso-trt-11-vagas\/#article","isPartOf":{"@id":"https:\/\/www.estrategiaconcursos.com.br\/blog\/concurso-trt-11-vagas\/"},"author":{"name":"Daniela Santos Nascimento","@id":"https:\/\/www.estrategiaconcursos.com.br\/blog\/#\/schema\/person\/399990d02336f200766707b881aee98f"},"headline":"\u00daltimo dia de inscri\u00e7\u00f5es para o concurso TRT 11; veja as vagas!","datePublished":"2023-11-29T16:27:16+00:00","dateModified":"2023-12-01T18:29:55+00:00","mainEntityOfPage":{"@id":"https:\/\/www.estrategiaconcursos.com.br\/blog\/concurso-trt-11-vagas\/"},"wordCount":429,"commentCount":0,"publisher":{"@id":"https:\/\/www.estrategiaconcursos.com.br\/blog\/#organization"},"image":{"@id":"https:\/\/www.estrategiaconcursos.com.br\/blog\/concurso-trt-11-vagas\/#primaryimage"},"thumbnailUrl":"https:\/\/dhg1h5j42swfq.cloudfront.net\/2019\/07\/16093250\/JORNALISMO_TRT11-e1563280388435.jpg","articleSection":["Tribunais","\u00daltimas not\u00edcias"],"inLanguage":"pt-BR","potentialAction":[{"@type":"CommentAction","name":"Comment","target":["https:\/\/www.estrategiaconcursos.com.br\/blog\/concurso-trt-11-vagas\/#respond"]}],"copyrightYear":"2023","copyrightHolder":{"@id":"https:\/\/www.estrategiaconcursos.com.br\/blog\/#organization"}},{"@type":"WebPage","@id":"https:\/\/www.estrategiaconcursos.com.br\/blog\/concurso-trt-11-vagas\/","url":"https:\/\/www.estrategiaconcursos.com.br\/blog\/concurso-trt-11-vagas\/","name":"\u00daltimo dia de inscri\u00e7\u00f5es para o concurso TRT 11; veja as vagas!","isPartOf":{"@id":"https:\/\/www.estrategiaconcursos.com.br\/blog\/#website"},"primaryImageOfPage":{"@id":"https:\/\/www.estrategiaconcursos.com.br\/blog\/concurso-trt-11-vagas\/#primaryimage"},"image":{"@id":"https:\/\/www.estrategiaconcursos.com.br\/blog\/concurso-trt-11-vagas\/#primaryimage"},"thumbnailUrl":"https:\/\/dhg1h5j42swfq.cloudfront.net\/2019\/07\/16093250\/JORNALISMO_TRT11-e1563280388435.jpg","datePublished":"2023-11-29T16:27:16+00:00","dateModified":"2023-12-01T18:29:55+00:00","description":"Concurso TRT 11: confira quais as vagas dispon\u00edveis na sele\u00e7\u00e3o e aproveite o \u00faltimo dia de inscri\u00e7\u00f5es do certame!","breadcrumb":{"@id":"https:\/\/www.estrategiaconcursos.com.br\/blog\/concurso-trt-11-vagas\/#breadcrumb"},"inLanguage":"pt-BR","potentialAction":[{"@type":"ReadAction","target":["https:\/\/www.estrategiaconcursos.com.br\/blog\/concurso-trt-11-vagas\/"]}]},{"@type":"ImageObject","inLanguage":"pt-BR","@id":"https:\/\/www.estrategiaconcursos.com.br\/blog\/concurso-trt-11-vagas\/#primaryimage","url":"https:\/\/dhg1h5j42swfq.cloudfront.net\/2019\/07\/16093250\/JORNALISMO_TRT11-e1563280388435.jpg","contentUrl":"https:\/\/dhg1h5j42swfq.cloudfront.net\/2019\/07\/16093250\/JORNALISMO_TRT11-e1563280388435.jpg","width":400,"height":209,"caption":"Concurso TRT 11"},{"@type":"BreadcrumbList","@id":"https:\/\/www.estrategiaconcursos.com.br\/blog\/concurso-trt-11-vagas\/#breadcrumb","itemListElement":[{"@type":"ListItem","position":1,"name":"In\u00edcio","item":"https:\/\/www.estrategiaconcursos.com.br\/blog\/"},{"@type":"ListItem","position":2,"name":"\u00daltimo dia de inscri\u00e7\u00f5es para o concurso TRT 11; veja as vagas!"}]},{"@type":"WebSite","@id":"https:\/\/www.estrategiaconcursos.com.br\/blog\/#website","url":"https:\/\/www.estrategiaconcursos.com.br\/blog\/","name":"Estrat\u00e9gia Concursos","description":"O blog da Estrat\u00e9gia Concursos traz not\u00edcias sobre concursos e artigos de professores oferecendo cursos para concursos (pdf + videaulas) no site.","publisher":{"@id":"https:\/\/www.estrategiaconcursos.com.br\/blog\/#organization"},"potentialAction":[{"@type":"SearchAction","target":{"@type":"EntryPoint","urlTemplate":"https:\/\/www.estrategiaconcursos.com.br\/blog\/?s={search_term_string}"},"query-input":{"@type":"PropertyValueSpecification","valueRequired":true,"valueName":"search_term_string"}}],"inLanguage":"pt-BR"},{"@type":"Organization","@id":"https:\/\/www.estrategiaconcursos.com.br\/blog\/#organization","name":"Estrat\u00e9gia Concursos","url":"https:\/\/www.estrategiaconcursos.com.br\/blog\/","logo":{"@type":"ImageObject","inLanguage":"pt-BR","@id":"https:\/\/www.estrategiaconcursos.com.br\/blog\/#\/schema\/logo\/image\/","url":"https:\/\/dhg1h5j42swfq.cloudfront.net\/2025\/06\/03203428\/logo_concursos-1.jpg","contentUrl":"https:\/\/dhg1h5j42swfq.cloudfront.net\/2025\/06\/03203428\/logo_concursos-1.jpg","width":230,"height":60,"caption":"Estrat\u00e9gia Concursos"},"image":{"@id":"https:\/\/www.estrategiaconcursos.com.br\/blog\/#\/schema\/logo\/image\/"},"sameAs":["https:\/\/x.com\/EstratConcursos"]},{"@type":"Person","@id":"https:\/\/www.estrategiaconcursos.com.br\/blog\/#\/schema\/person\/399990d02336f200766707b881aee98f","name":"Daniela Santos Nascimento","image":{"@type":"ImageObject","inLanguage":"pt-BR","@id":"https:\/\/secure.gravatar.com\/avatar\/7f343622ad121e2893832a8c76808be436bdfcbf2f7d696174c94ecd84f2384a?s=96&d=mm&r=g","url":"https:\/\/secure.gravatar.com\/avatar\/7f343622ad121e2893832a8c76808be436bdfcbf2f7d696174c94ecd84f2384a?s=96&d=mm&r=g","contentUrl":"https:\/\/secure.gravatar.com\/avatar\/7f343622ad121e2893832a8c76808be436bdfcbf2f7d696174c94ecd84f2384a?s=96&d=mm&r=g","caption":"Daniela Santos Nascimento"},"url":"https:\/\/www.estrategiaconcursos.com.br\/blog\/author\/daniela-nascimentoestrategia-com\/"}]}},"_links":{"self":[{"href":"https:\/\/www.estrategiaconcursos.com.br\/blog\/wp-json\/wp\/v2\/posts\/1313450","targetHints":{"allow":["GET"]}}],"collection":[{"href":"https:\/\/www.estrategiaconcursos.com.br\/blog\/wp-json\/wp\/v2\/posts"}],"about":[{"href":"https:\/\/www.estrategiaconcursos.com.br\/blog\/wp-json\/wp\/v2\/types\/post"}],"author":[{"embeddable":true,"href":"https:\/\/www.estrategiaconcursos.com.br\/blog\/wp-json\/wp\/v2\/users\/2402"}],"replies":[{"embeddable":true,"href":"https:\/\/www.estrategiaconcursos.com.br\/blog\/wp-json\/wp\/v2\/comments?post=1313450"}],"version-history":[{"count":5,"href":"https:\/\/www.estrategiaconcursos.com.br\/blog\/wp-json\/wp\/v2\/posts\/1313450\/revisions"}],"predecessor-version":[{"id":1314952,"href":"https:\/\/www.estrategiaconcursos.com.br\/blog\/wp-json\/wp\/v2\/posts\/1313450\/revisions\/1314952"}],"wp:featuredmedia":[{"embeddable":true,"href":"https:\/\/www.estrategiaconcursos.com.br\/blog\/wp-json\/wp\/v2\/media\/399220"}],"wp:attachment":[{"href":"https:\/\/www.estrategiaconcursos.com.br\/blog\/wp-json\/wp\/v2\/media?parent=1313450"}],"wp:term":[{"taxonomy":"category","embeddable":true,"href":"https:\/\/www.estrategiaconcursos.com.br\/blog\/wp-json\/wp\/v2\/categories?post=1313450"},{"taxonomy":"post_tag","embeddable":true,"href":"https:\/\/www.estrategiaconcursos.com.br\/blog\/wp-json\/wp\/v2\/tags?post=1313450"},{"taxonomy":"tax_estado","embeddable":true,"href":"https:\/\/www.estrategiaconcursos.com.br\/blog\/wp-json\/wp\/v2\/tax_estado?post=1313450"}],"curies":[{"name":"wp","href":"https:\/\/api.w.org\/{rel}","templated":true}]}}