{"id":131300,"date":"2018-08-07T04:30:46","date_gmt":"2018-08-07T07:30:46","guid":{"rendered":"https:\/\/www.estrategiaconcursos.com.br\/blog\/?p=131300"},"modified":"2019-06-19T10:59:59","modified_gmt":"2019-06-19T13:59:59","slug":"edital-mp-sp-2018","status":"publish","type":"post","link":"https:\/\/www.estrategiaconcursos.com.br\/blog\/edital-mp-sp-2018\/","title":{"rendered":"Concurso MP SP: edital sofre reratifica\u00e7\u00e3o e 2\u00aa fase tem data alterada novamente; s\u00e3o 60 vagas"},"content":{"rendered":"<p>O edital do concurso do Minist\u00e9rio P\u00fablico do Estado de S\u00e3o Paulo sofreu mais uma&nbsp;<strong>retifica\u00e7\u00e3o<\/strong>: a data da prova da 2\u00aa fase (discursiva), que era prevista para o dia&nbsp;2 de dezembro, foi alterada para&nbsp;o dia <strong>9 de dezembro<\/strong>.<\/p>\n<p>Al\u00e9m da remunera\u00e7\u00e3o, os novos&nbsp;analistas jur\u00eddicos receber\u00e3o ainda aux\u00edlio alimenta\u00e7\u00e3o de <strong>R$ 920<\/strong> por m\u00eas e vale-transporte de <strong>R$ 13,92<\/strong> por dia. Somando estes benef\u00edcios, os futuros servidores podem ter vencimentos de at\u00e9&nbsp;<em><strong>R$ 8.895,63.<\/strong><\/em><\/p>\n<p>Confira abaixo a publica\u00e7\u00e3o feita no Di\u00e1rio Oficial do Estado de S\u00e3o Paulo:<\/p>\n<p><img loading=\"lazy\" decoding=\"async\" class=\"aligncenter wp-image-144956 size-full\" src=\"https:\/\/dhg1h5j42swfq.cloudfront.net\/2018\/08\/01144311\/Capturar9.jpg\" alt=\"\" width=\"585\" height=\"436\" srcset=\"https:\/\/dhg1h5j42swfq.cloudfront.net\/2018\/08\/01144311\/Capturar9.jpg 585w, https:\/\/dhg1h5j42swfq.cloudfront.net\/2018\/08\/01144311\/Capturar9.jpg 300w\" sizes=\"auto, (max-width: 585px) 100vw, 585px\" \/><\/p>\n<h2>Requisitos do edital MP SP<\/h2>\n<p>Para concorrer \u00e0s vagas \u00e9 necess\u00e1rio ter <strong>n<em>\u00edvel superior em direito;&nbsp;<\/em><\/strong><\/p>\n<p><em>N\u00e3o \u00e9 preciso ter registro no \u00f3rg\u00e3o de classe, OAB, nem experi\u00eancia profissional.&nbsp;&nbsp;<\/em><\/p>\n<h3>Etapas do certame<\/h3>\n<p>O concurso ser\u00e1 composto por&nbsp; 02 etapas: prova objetiva e prova discursiva; ambas de car\u00e1ter eliminat\u00f3rio e classificat\u00f3rio. A prova objetiva aplicada no dia <strong>30 de setembro;<\/strong>&nbsp;j\u00e1 a discursiva, na data prevista de&nbsp;<strong>09&nbsp;de dezembro<\/strong>.<\/p>\n<h2>Provas<\/h2>\n<p>As provas objetivas, aplicadas no dia 30 de setembro e com dura\u00e7\u00e3o de 05h, foram de m\u00faltipla escolha. Nesta etapa os candidatos responderam a quest\u00f5es de diversas disciplinas.<\/p>\n<p>Ao todo, a prova teve 100 quest\u00f5es. Confira abaixo as mat\u00e9rias exigidas e n\u00famero de quest\u00f5es para cada uma delas:<\/p>\n<p><strong>Conhecimentos Gerais<\/strong><br \/>\nL\u00edngua Portuguesa &#8211; 8<br \/>\nAtualidades &#8211; 4<\/p>\n<p><strong>Conhecimentos Espec\u00edficos<\/strong><br \/>\nDireito Constitucional e Minist\u00e9rio P\u00fablico &#8211; 10<br \/>\nDireito Administrativo &#8211; 8<br \/>\nDireito Penal &#8211; 12<br \/>\nDireito Processual Penal &#8211; 12<br \/>\nDireito Civil &#8211; 8<br \/>\nDireito Processual Civil &#8211; 8<br \/>\nDireito da Inf\u00e2ncia e Juventude &#8211; 6<br \/>\nTutela de Interesses Difusos e Coletivos &#8211; 12<br \/>\nDireito Comercial e Empresarial &#8211; 4<br \/>\nDireitos Humanos &#8211; 4<br \/>\nDireito Eleitoral &#8211; 4<\/p>\n<p><strong><span style=\"font-size: 14pt;\">Prova Discursiva&nbsp;<\/span><\/strong><\/p>\n<p>A prova escrita, com dura\u00e7\u00e3o de 04h, ter\u00e1 05 quest\u00f5es dissertativas e 02 reda\u00e7\u00f5es, confira os detalhes desta etapa a seguir:<\/p>\n<p><strong>a) primeira reda\u00e7\u00e3o:<\/strong> Direito Penal ou Direito Processual Penal;<br \/>\n<strong>b) segunda reda\u00e7\u00e3o:<\/strong> Tutela dos Interesses Difusos e Coletivos ou Direito Processual Civil;<\/p>\n<p>As quest\u00f5es discursivas versar\u00e3o sobre as mat\u00e9rias n\u00e3o contempladas nas reda\u00e7\u00f5es, conforme conte\u00fado program\u00e1tico.<\/p>\n<h3>Cidade de Aplica\u00e7\u00e3o das provas<\/h3>\n<p>Os candidatos poder\u00e3o optar por fazer as provas objetivas e discursivas em <em>S\u00e3o Paulo<\/em> e na <em>Grande S\u00e3o Paulo<\/em>, ou nas cidades do interior do estado:&nbsp;<em>Ara\u00e7atuba, Bauru, Campinas, Franca, Piracicaba, Presidente Prudente, Ribeir\u00e3o Preto, S\u00e3o Jos\u00e9 do Rio Preto, Sorocaba, Taubat\u00e9 e Vale do Ribeira<\/em>. Quem mora no litoral sul ainda poder\u00e1 fazer a prova em <em>Santos<\/em>.<\/p>\n<h2>Situa\u00e7\u00e3o Atual do Minist\u00e9rio P\u00fablico<\/h2>\n<p>Segundo o portal da transpar\u00eancia do \u00f3rg\u00e3o, no final de 2017 haviam <strong>173 cargos vagos<\/strong> na especialidade de analista jur\u00eddico. Para esta mesma especialidade, ficaram vagos 193 cargos, somente no \u00faltimo m\u00eas.<\/p>\n<p style=\"text-align: center;\">N\u00e3o deixe de participar do&nbsp;<strong><em>Ranking MP SP&nbsp;<\/em><\/strong>para conferir seu desempenho na prova. Clique na imagem abaixo para cadastrar seu gabarito:<\/p>\n<p><a href=\"https:\/\/www.estrategiaconcursos.com.br\/blog\/RANKING-MP-SP\/\" target=\"_blank\" rel=\"noopener noreferrer\"><img loading=\"lazy\" decoding=\"async\" class=\"aligncenter size-full wp-image-144955\" src=\"https:\/\/dhg1h5j42swfq.cloudfront.net\/2018\/08\/01144154\/MP-SP2.jpg\" alt=\"\" width=\"1184\" height=\"183\" srcset=\"https:\/\/dhg1h5j42swfq.cloudfront.net\/2018\/08\/01144154\/MP-SP2.jpg 1184w, https:\/\/dhg1h5j42swfq.cloudfront.net\/2018\/08\/01144154\/MP-SP2.jpg 300w, https:\/\/dhg1h5j42swfq.cloudfront.net\/2018\/08\/01144154\/MP-SP2.jpg 768w, https:\/\/dhg1h5j42swfq.cloudfront.net\/2018\/08\/01144154\/MP-SP2.jpg 1024w, https:\/\/dhg1h5j42swfq.cloudfront.net\/2018\/08\/01144154\/MP-SP2.jpg 610w\" sizes=\"auto, (max-width: 1184px) 100vw, 1184px\" \/><\/a><\/p>\n<h2>Quarta das Carreiras<\/h2>\n<p>Desde maio de 2016 no ar, o Projeto&nbsp;<strong>Quartas das Carreiras&nbsp;<\/strong>vai ao ar&nbsp;toda quarta-feira, sempre \u00e0s 18h. J\u00e1 s\u00e3o mais de 100 entrevistas com&nbsp;servidores das mais diversas carreiras de \u00f3rg\u00e3os municipais, estaduais e federais. \u00c9 a oportunidade que voc\u00ea tem de&nbsp;<strong>conhecer melhor sua futura profiss\u00e3o<\/strong>!<\/p>\n<p>Na entrevista a seguir, foram feitas ao Edon Rodarte, que atua como Analista Jur\u00eddico do MP SP, perguntas relativas ao cargo, \u00e0 remunera\u00e7\u00e3o, jornada de trabalho, lota\u00e7\u00e3o, dia a dia da fun\u00e7\u00e3o e muito mais. Confira:<\/p>\n<div class=\"lyte-wrapper\" style=\"width:853px;max-width:100%;margin:5px;\"><div class=\"lyMe\" id=\"WYL_tBC_K4rBrIM\"><div id=\"lyte_tBC_K4rBrIM\" data-src=\"\/\/i.ytimg.com\/vi\/tBC_K4rBrIM\/hqdefault.jpg\" class=\"pL\"><div class=\"tC\"><div class=\"tT\"><\/div><\/div><div class=\"play\"><\/div><div class=\"ctrl\"><div class=\"Lctrl\"><\/div><div class=\"Rctrl\"><\/div><\/div><\/div><noscript><a href=\"https:\/\/youtu.be\/tBC_K4rBrIM\" rel=\"nofollow\"><img loading=\"lazy\" decoding=\"async\" src=\"https:\/\/i.ytimg.com\/vi\/tBC_K4rBrIM\/0.jpg\" alt=\"YouTube video thumbnail\" width=\"853\" height=\"460\" \/><br \/>Assista a este v\u00eddeo no YouTube<\/a><\/noscript><\/div><\/div><div class=\"lL\" style=\"max-width:100%;width:853px;margin:5px;\"><\/div><\/p>\n<p>&nbsp;<\/p>\n<p>&nbsp;<\/p>\n<p style=\"text-align: center;\"><strong><em><span style=\"font-size: 14pt;\">Gostou dessa oportunidade e deseja se preparar para este concurso?&nbsp;<\/span><\/em><\/strong><strong><em><span style=\"font-size: 14pt;\">Esteja mais preparado com nossos cursos. Acompanhe as novidades!<\/span><\/em><\/strong><\/p>\n<p style=\"text-align: center;\"><a href=\"https:\/\/www.estrategiaconcursos.com.br\/cursosPorConcurso\/ministerio-publico-de-sao-paulo-mp-sp\/\" target=\"_blank\" rel=\"noopener noreferrer\"><span style=\"font-size: 18pt;\"><strong>CURSOS PARA CONCURSO MP SP<\/strong><\/span><\/a><strong><span style=\"font-size: 18pt;\">&nbsp;<\/span><\/strong><\/p>\n<p>&nbsp;<\/p>\n<p><img loading=\"lazy\" decoding=\"async\" class=\"alignleft wp-image-68542 size-full\" src=\"https:\/\/dhg1h5j42swfq.cloudfront.net\/2017\/03\/28152500\/coruja-ficha-tecnica-300x102.png\" alt=\"Ficha t\u00e9cnica concurso mp sp\" width=\"300\" height=\"102\"\/><\/p>\n<p>&nbsp;<\/p>\n<p>&nbsp;<\/p>\n<p>&nbsp;<\/p>\n<p>\u25ba<strong>Data da prova<\/strong>: 30 de setembro<br \/>\n\u25ba<strong>Vagas<\/strong>: 60<br \/>\n\u25ba<strong>Cargos<\/strong>: Analista jur\u00eddico<br \/>\n\u25ba<strong>Lota\u00e7\u00f5es<\/strong>: S\u00e3o Paulo<br \/>\n\u25ba<strong>Banca<\/strong>: Vunesp<br \/>\n\u25ba<strong>Escolaridade<\/strong>: N\u00edvel Superior<\/p>\n<p>\u25ba<strong>Cursos Estrat\u00e9gia Concursos<\/strong>:&nbsp;<a href=\"https:\/\/www.estrategiaconcursos.com.br\/cursosPorConcurso\/ministerio-publico-de-sao-paulo-mp-sp\/\" target=\"_blank\" rel=\"noopener noreferrer\">Cursos Concurso MP SP 2018<\/a><br \/>\n\u25ba<strong>Edital<\/strong>:&nbsp;<a href=\"https:\/\/www.estrategiaconcursos.com.br\/blog\/wp-content\/uploads\/2018\/07\/Edital-vunesp-mp-sp.pdf\" target=\"_blank\" rel=\"noopener noreferrer\">Edital MP SP<\/a><\/p>\n<p><em>Fernanda Brito&nbsp;<\/em><br \/>\n<em>Ascom Estrat\u00e9gia<\/em><br \/>\nascomestrategia@gmail.com<\/p>\n<p style=\"text-align: center;\"><span style=\"font-size: 18pt;\"><em><strong>Receba not\u00edcias de Concursos no seu WhatsApp e\/ou Telegram!<\/strong><\/em><\/span><\/p>\n<p style=\"text-align: center;\"><em><strong><span style=\"font-size: 14pt;\">Cadastre-se clicando no \u00edcone abaixo<\/span><br \/>\n<a href=\"https:\/\/www.estrategiaconcursos.com.br\/blog\/noticias-de-concursos-whatsapp-estrategia-concursos\/\" target=\"_blank\" rel=\"noopener noreferrer\"><img loading=\"lazy\" decoding=\"async\" class=\"aligncenter wp-image-112824 \" src=\"https:\/\/dhg1h5j42swfq.cloudfront.net\/2018\/03\/22113932\/whatsapptelegram-e1548177162795.png\" alt=\"\" width=\"220\" height=\"124\"\/><\/a><br \/>\n<\/strong><\/em><a href=\"https:\/\/www.estrategiaconcursos.com.br\/blog\/noticias-de-concursos-whatsapp-estrategia-concursos\/\" target=\"_blank\" rel=\"noopener noreferrer\">Not\u00edcias de concursos no seu WhatsApp e\/ou Telegram<\/a><\/p>\n","protected":false},"excerpt":{"rendered":"<p>O edital do concurso do Minist\u00e9rio P\u00fablico do Estado de S\u00e3o Paulo sofreu mais uma&nbsp;retifica\u00e7\u00e3o: a data da prova da 2\u00aa fase (discursiva), que era prevista para o dia&nbsp;2 de dezembro, foi alterada para&nbsp;o dia 9 de dezembro. Al\u00e9m da remunera\u00e7\u00e3o, os novos&nbsp;analistas jur\u00eddicos receber\u00e3o ainda aux\u00edlio alimenta\u00e7\u00e3o de R$ 920 por m\u00eas e vale-transporte [&hellip;]<\/p>\n","protected":false},"author":1,"featured_media":135138,"comment_status":"open","ping_status":"closed","sticky":false,"template":"","format":"standard","meta":{"post_tipo":"news","footnotes":""},"categories":[1],"tags":[],"tax_estado":[],"class_list":["post-131300","post","type-post","status-publish","format-standard","has-post-thumbnail","hentry","category-cursos-e-concursos"],"acf":[],"yoast_head":"<!-- This site is optimized with the Yoast SEO Premium plugin v27.2 (Yoast SEO v27.2) - https:\/\/yoast.com\/product\/yoast-seo-premium-wordpress\/ -->\n<title>Concurso MP SP Analista Jur\u00eddico: prova discursiva tem data alterada novamente<\/title>\n<meta name=\"description\" content=\"Concurso MP SP: inscri\u00e7\u00f5es encerradas para vagas para n\u00edvel superior e sal\u00e1rio inicial acima de R$7 mil. Confira todos os detalhes do certame.\" \/>\n<meta name=\"robots\" content=\"index, follow, max-snippet:-1, max-image-preview:large, max-video-preview:-1\" \/>\n<link rel=\"canonical\" href=\"https:\/\/www.estrategiaconcursos.com.br\/blog\/edital-mp-sp-2018\/\" \/>\n<meta property=\"og:locale\" content=\"pt_BR\" \/>\n<meta property=\"og:type\" content=\"article\" \/>\n<meta property=\"og:title\" content=\"Concurso MP SP: edital sofre reratifica\u00e7\u00e3o e 2\u00aa fase tem data alterada novamente; s\u00e3o 60 vagas\" \/>\n<meta property=\"og:description\" content=\"Concurso MP SP: inscri\u00e7\u00f5es encerradas para vagas para n\u00edvel superior e sal\u00e1rio inicial acima de R$7 mil. Confira todos os detalhes do certame.\" \/>\n<meta property=\"og:url\" content=\"https:\/\/www.estrategiaconcursos.com.br\/blog\/edital-mp-sp-2018\/\" \/>\n<meta property=\"og:site_name\" content=\"Estrat\u00e9gia Concursos\" \/>\n<meta property=\"article:author\" content=\"https:\/\/www.facebook.com\/EstrategiaConcursos\" \/>\n<meta property=\"article:published_time\" content=\"2018-08-07T07:30:46+00:00\" \/>\n<meta property=\"article:modified_time\" content=\"2019-06-19T13:59:59+00:00\" \/>\n<meta property=\"og:image\" content=\"https:\/\/dhg1h5j42swfq.cloudfront.net\/2018\/07\/07081628\/concursompsp-e1533640611638.jpg\" \/>\n\t<meta property=\"og:image:width\" content=\"400\" \/>\n\t<meta property=\"og:image:height\" content=\"211\" \/>\n\t<meta property=\"og:image:type\" content=\"image\/jpeg\" \/>\n<meta name=\"author\" content=\"Coordena\u00e7\u00e3o\" \/>\n<meta name=\"twitter:card\" content=\"summary_large_image\" \/>\n<meta name=\"twitter:creator\" content=\"@EstratConcursos\" \/>\n<meta name=\"twitter:site\" content=\"@EstratConcursos\" \/>\n<meta name=\"twitter:label1\" content=\"Escrito por\" \/>\n\t<meta name=\"twitter:data1\" content=\"Coordena\u00e7\u00e3o\" \/>\n\t<meta name=\"twitter:label2\" content=\"Est. tempo de leitura\" \/>\n\t<meta name=\"twitter:data2\" content=\"4 minutos\" \/>\n<script type=\"application\/ld+json\" class=\"yoast-schema-graph\">{\"@context\":\"https:\/\/schema.org\",\"@graph\":[{\"@type\":\"NewsArticle\",\"@id\":\"https:\/\/www.estrategiaconcursos.com.br\/blog\/edital-mp-sp-2018\/#article\",\"isPartOf\":{\"@id\":\"https:\/\/www.estrategiaconcursos.com.br\/blog\/edital-mp-sp-2018\/\"},\"author\":{\"name\":\"Coordena\u00e7\u00e3o\",\"@id\":\"https:\/\/www.estrategiaconcursos.com.br\/blog\/#\/schema\/person\/b4a388c97673c5f483d72185668afa1f\"},\"headline\":\"Concurso MP SP: edital sofre reratifica\u00e7\u00e3o e 2\u00aa fase tem data alterada novamente; s\u00e3o 60 vagas\",\"datePublished\":\"2018-08-07T07:30:46+00:00\",\"dateModified\":\"2019-06-19T13:59:59+00:00\",\"mainEntityOfPage\":{\"@id\":\"https:\/\/www.estrategiaconcursos.com.br\/blog\/edital-mp-sp-2018\/\"},\"wordCount\":719,\"commentCount\":29,\"publisher\":{\"@id\":\"https:\/\/www.estrategiaconcursos.com.br\/blog\/#organization\"},\"image\":{\"@id\":\"https:\/\/www.estrategiaconcursos.com.br\/blog\/edital-mp-sp-2018\/#primaryimage\"},\"thumbnailUrl\":\"https:\/\/dhg1h5j42swfq.cloudfront.net\/2018\/07\/07081628\/concursompsp-e1533640611638.jpg\",\"articleSection\":[\"Concursos P\u00fablicos\"],\"inLanguage\":\"pt-BR\",\"potentialAction\":[{\"@type\":\"CommentAction\",\"name\":\"Comment\",\"target\":[\"https:\/\/www.estrategiaconcursos.com.br\/blog\/edital-mp-sp-2018\/#respond\"]}],\"copyrightYear\":\"2018\",\"copyrightHolder\":{\"@id\":\"https:\/\/www.estrategiaconcursos.com.br\/blog\/#organization\"}},{\"@type\":\"WebPage\",\"@id\":\"https:\/\/www.estrategiaconcursos.com.br\/blog\/edital-mp-sp-2018\/\",\"url\":\"https:\/\/www.estrategiaconcursos.com.br\/blog\/edital-mp-sp-2018\/\",\"name\":\"Concurso MP SP Analista Jur\u00eddico: prova discursiva tem data alterada novamente\",\"isPartOf\":{\"@id\":\"https:\/\/www.estrategiaconcursos.com.br\/blog\/#website\"},\"primaryImageOfPage\":{\"@id\":\"https:\/\/www.estrategiaconcursos.com.br\/blog\/edital-mp-sp-2018\/#primaryimage\"},\"image\":{\"@id\":\"https:\/\/www.estrategiaconcursos.com.br\/blog\/edital-mp-sp-2018\/#primaryimage\"},\"thumbnailUrl\":\"https:\/\/dhg1h5j42swfq.cloudfront.net\/2018\/07\/07081628\/concursompsp-e1533640611638.jpg\",\"datePublished\":\"2018-08-07T07:30:46+00:00\",\"dateModified\":\"2019-06-19T13:59:59+00:00\",\"description\":\"Concurso MP SP: inscri\u00e7\u00f5es encerradas para vagas para n\u00edvel superior e sal\u00e1rio inicial acima de R$7 mil. Confira todos os detalhes do certame.\",\"breadcrumb\":{\"@id\":\"https:\/\/www.estrategiaconcursos.com.br\/blog\/edital-mp-sp-2018\/#breadcrumb\"},\"inLanguage\":\"pt-BR\",\"potentialAction\":[{\"@type\":\"ReadAction\",\"target\":[\"https:\/\/www.estrategiaconcursos.com.br\/blog\/edital-mp-sp-2018\/\"]}]},{\"@type\":\"ImageObject\",\"inLanguage\":\"pt-BR\",\"@id\":\"https:\/\/www.estrategiaconcursos.com.br\/blog\/edital-mp-sp-2018\/#primaryimage\",\"url\":\"https:\/\/dhg1h5j42swfq.cloudfront.net\/2018\/07\/07081628\/concursompsp-e1533640611638.jpg\",\"contentUrl\":\"https:\/\/dhg1h5j42swfq.cloudfront.net\/2018\/07\/07081628\/concursompsp-e1533640611638.jpg\",\"width\":400,\"height\":211,\"caption\":\"concurso mp sp\"},{\"@type\":\"BreadcrumbList\",\"@id\":\"https:\/\/www.estrategiaconcursos.com.br\/blog\/edital-mp-sp-2018\/#breadcrumb\",\"itemListElement\":[{\"@type\":\"ListItem\",\"position\":1,\"name\":\"In\u00edcio\",\"item\":\"https:\/\/www.estrategiaconcursos.com.br\/blog\/\"},{\"@type\":\"ListItem\",\"position\":2,\"name\":\"Concurso MP SP: edital sofre reratifica\u00e7\u00e3o e 2\u00aa fase tem data alterada novamente; s\u00e3o 60 vagas\"}]},{\"@type\":\"WebSite\",\"@id\":\"https:\/\/www.estrategiaconcursos.com.br\/blog\/#website\",\"url\":\"https:\/\/www.estrategiaconcursos.com.br\/blog\/\",\"name\":\"Estrat\u00e9gia Concursos\",\"description\":\"O blog da Estrat\u00e9gia Concursos traz not\u00edcias sobre concursos e artigos de professores oferecendo cursos para concursos (pdf + videaulas) no site.\",\"publisher\":{\"@id\":\"https:\/\/www.estrategiaconcursos.com.br\/blog\/#organization\"},\"potentialAction\":[{\"@type\":\"SearchAction\",\"target\":{\"@type\":\"EntryPoint\",\"urlTemplate\":\"https:\/\/www.estrategiaconcursos.com.br\/blog\/?s={search_term_string}\"},\"query-input\":{\"@type\":\"PropertyValueSpecification\",\"valueRequired\":true,\"valueName\":\"search_term_string\"}}],\"inLanguage\":\"pt-BR\"},{\"@type\":\"Organization\",\"@id\":\"https:\/\/www.estrategiaconcursos.com.br\/blog\/#organization\",\"name\":\"Estrat\u00e9gia Concursos\",\"url\":\"https:\/\/www.estrategiaconcursos.com.br\/blog\/\",\"logo\":{\"@type\":\"ImageObject\",\"inLanguage\":\"pt-BR\",\"@id\":\"https:\/\/www.estrategiaconcursos.com.br\/blog\/#\/schema\/logo\/image\/\",\"url\":\"https:\/\/dhg1h5j42swfq.cloudfront.net\/2025\/06\/03203428\/logo_concursos-1.jpg\",\"contentUrl\":\"https:\/\/dhg1h5j42swfq.cloudfront.net\/2025\/06\/03203428\/logo_concursos-1.jpg\",\"width\":230,\"height\":60,\"caption\":\"Estrat\u00e9gia Concursos\"},\"image\":{\"@id\":\"https:\/\/www.estrategiaconcursos.com.br\/blog\/#\/schema\/logo\/image\/\"},\"sameAs\":[\"https:\/\/x.com\/EstratConcursos\"]},{\"@type\":\"Person\",\"@id\":\"https:\/\/www.estrategiaconcursos.com.br\/blog\/#\/schema\/person\/b4a388c97673c5f483d72185668afa1f\",\"name\":\"Coordena\u00e7\u00e3o\",\"image\":{\"@type\":\"ImageObject\",\"inLanguage\":\"pt-BR\",\"@id\":\"https:\/\/secure.gravatar.com\/avatar\/b720319e4c9a967eb58678d110f4fe35452fc5d5f97b202bac7b8acceb18c6ad?s=96&d=mm&r=g\",\"url\":\"https:\/\/secure.gravatar.com\/avatar\/b720319e4c9a967eb58678d110f4fe35452fc5d5f97b202bac7b8acceb18c6ad?s=96&d=mm&r=g\",\"contentUrl\":\"https:\/\/secure.gravatar.com\/avatar\/b720319e4c9a967eb58678d110f4fe35452fc5d5f97b202bac7b8acceb18c6ad?s=96&d=mm&r=g\",\"caption\":\"Coordena\u00e7\u00e3o\"},\"sameAs\":[\"https:\/\/www.facebook.com\/EstrategiaConcursos\",\"https:\/\/x.com\/EstratConcursos\"],\"url\":\"https:\/\/www.estrategiaconcursos.com.br\/blog\/author\/estrategia2013\/\"}]}<\/script>\n<!-- \/ Yoast SEO Premium plugin. -->","yoast_head_json":{"title":"Concurso MP SP Analista Jur\u00eddico: prova discursiva tem data alterada novamente","description":"Concurso MP SP: inscri\u00e7\u00f5es encerradas para vagas para n\u00edvel superior e sal\u00e1rio inicial acima de R$7 mil. Confira todos os detalhes do certame.","robots":{"index":"index","follow":"follow","max-snippet":"max-snippet:-1","max-image-preview":"max-image-preview:large","max-video-preview":"max-video-preview:-1"},"canonical":"https:\/\/www.estrategiaconcursos.com.br\/blog\/edital-mp-sp-2018\/","og_locale":"pt_BR","og_type":"article","og_title":"Concurso MP SP: edital sofre reratifica\u00e7\u00e3o e 2\u00aa fase tem data alterada novamente; s\u00e3o 60 vagas","og_description":"Concurso MP SP: inscri\u00e7\u00f5es encerradas para vagas para n\u00edvel superior e sal\u00e1rio inicial acima de R$7 mil. Confira todos os detalhes do certame.","og_url":"https:\/\/www.estrategiaconcursos.com.br\/blog\/edital-mp-sp-2018\/","og_site_name":"Estrat\u00e9gia Concursos","article_author":"https:\/\/www.facebook.com\/EstrategiaConcursos","article_published_time":"2018-08-07T07:30:46+00:00","article_modified_time":"2019-06-19T13:59:59+00:00","og_image":[{"width":400,"height":211,"url":"https:\/\/dhg1h5j42swfq.cloudfront.net\/2018\/07\/07081628\/concursompsp-e1533640611638.jpg","type":"image\/jpeg"}],"author":"Coordena\u00e7\u00e3o","twitter_card":"summary_large_image","twitter_creator":"@EstratConcursos","twitter_site":"@EstratConcursos","twitter_misc":{"Escrito por":"Coordena\u00e7\u00e3o","Est. tempo de leitura":"4 minutos"},"schema":{"@context":"https:\/\/schema.org","@graph":[{"@type":"NewsArticle","@id":"https:\/\/www.estrategiaconcursos.com.br\/blog\/edital-mp-sp-2018\/#article","isPartOf":{"@id":"https:\/\/www.estrategiaconcursos.com.br\/blog\/edital-mp-sp-2018\/"},"author":{"name":"Coordena\u00e7\u00e3o","@id":"https:\/\/www.estrategiaconcursos.com.br\/blog\/#\/schema\/person\/b4a388c97673c5f483d72185668afa1f"},"headline":"Concurso MP SP: edital sofre reratifica\u00e7\u00e3o e 2\u00aa fase tem data alterada novamente; s\u00e3o 60 vagas","datePublished":"2018-08-07T07:30:46+00:00","dateModified":"2019-06-19T13:59:59+00:00","mainEntityOfPage":{"@id":"https:\/\/www.estrategiaconcursos.com.br\/blog\/edital-mp-sp-2018\/"},"wordCount":719,"commentCount":29,"publisher":{"@id":"https:\/\/www.estrategiaconcursos.com.br\/blog\/#organization"},"image":{"@id":"https:\/\/www.estrategiaconcursos.com.br\/blog\/edital-mp-sp-2018\/#primaryimage"},"thumbnailUrl":"https:\/\/dhg1h5j42swfq.cloudfront.net\/2018\/07\/07081628\/concursompsp-e1533640611638.jpg","articleSection":["Concursos P\u00fablicos"],"inLanguage":"pt-BR","potentialAction":[{"@type":"CommentAction","name":"Comment","target":["https:\/\/www.estrategiaconcursos.com.br\/blog\/edital-mp-sp-2018\/#respond"]}],"copyrightYear":"2018","copyrightHolder":{"@id":"https:\/\/www.estrategiaconcursos.com.br\/blog\/#organization"}},{"@type":"WebPage","@id":"https:\/\/www.estrategiaconcursos.com.br\/blog\/edital-mp-sp-2018\/","url":"https:\/\/www.estrategiaconcursos.com.br\/blog\/edital-mp-sp-2018\/","name":"Concurso MP SP Analista Jur\u00eddico: prova discursiva tem data alterada novamente","isPartOf":{"@id":"https:\/\/www.estrategiaconcursos.com.br\/blog\/#website"},"primaryImageOfPage":{"@id":"https:\/\/www.estrategiaconcursos.com.br\/blog\/edital-mp-sp-2018\/#primaryimage"},"image":{"@id":"https:\/\/www.estrategiaconcursos.com.br\/blog\/edital-mp-sp-2018\/#primaryimage"},"thumbnailUrl":"https:\/\/dhg1h5j42swfq.cloudfront.net\/2018\/07\/07081628\/concursompsp-e1533640611638.jpg","datePublished":"2018-08-07T07:30:46+00:00","dateModified":"2019-06-19T13:59:59+00:00","description":"Concurso MP SP: inscri\u00e7\u00f5es encerradas para vagas para n\u00edvel superior e sal\u00e1rio inicial acima de R$7 mil. Confira todos os detalhes do certame.","breadcrumb":{"@id":"https:\/\/www.estrategiaconcursos.com.br\/blog\/edital-mp-sp-2018\/#breadcrumb"},"inLanguage":"pt-BR","potentialAction":[{"@type":"ReadAction","target":["https:\/\/www.estrategiaconcursos.com.br\/blog\/edital-mp-sp-2018\/"]}]},{"@type":"ImageObject","inLanguage":"pt-BR","@id":"https:\/\/www.estrategiaconcursos.com.br\/blog\/edital-mp-sp-2018\/#primaryimage","url":"https:\/\/dhg1h5j42swfq.cloudfront.net\/2018\/07\/07081628\/concursompsp-e1533640611638.jpg","contentUrl":"https:\/\/dhg1h5j42swfq.cloudfront.net\/2018\/07\/07081628\/concursompsp-e1533640611638.jpg","width":400,"height":211,"caption":"concurso mp sp"},{"@type":"BreadcrumbList","@id":"https:\/\/www.estrategiaconcursos.com.br\/blog\/edital-mp-sp-2018\/#breadcrumb","itemListElement":[{"@type":"ListItem","position":1,"name":"In\u00edcio","item":"https:\/\/www.estrategiaconcursos.com.br\/blog\/"},{"@type":"ListItem","position":2,"name":"Concurso MP SP: edital sofre reratifica\u00e7\u00e3o e 2\u00aa fase tem data alterada novamente; s\u00e3o 60 vagas"}]},{"@type":"WebSite","@id":"https:\/\/www.estrategiaconcursos.com.br\/blog\/#website","url":"https:\/\/www.estrategiaconcursos.com.br\/blog\/","name":"Estrat\u00e9gia Concursos","description":"O blog da Estrat\u00e9gia Concursos traz not\u00edcias sobre concursos e artigos de professores oferecendo cursos para concursos (pdf + videaulas) no site.","publisher":{"@id":"https:\/\/www.estrategiaconcursos.com.br\/blog\/#organization"},"potentialAction":[{"@type":"SearchAction","target":{"@type":"EntryPoint","urlTemplate":"https:\/\/www.estrategiaconcursos.com.br\/blog\/?s={search_term_string}"},"query-input":{"@type":"PropertyValueSpecification","valueRequired":true,"valueName":"search_term_string"}}],"inLanguage":"pt-BR"},{"@type":"Organization","@id":"https:\/\/www.estrategiaconcursos.com.br\/blog\/#organization","name":"Estrat\u00e9gia Concursos","url":"https:\/\/www.estrategiaconcursos.com.br\/blog\/","logo":{"@type":"ImageObject","inLanguage":"pt-BR","@id":"https:\/\/www.estrategiaconcursos.com.br\/blog\/#\/schema\/logo\/image\/","url":"https:\/\/dhg1h5j42swfq.cloudfront.net\/2025\/06\/03203428\/logo_concursos-1.jpg","contentUrl":"https:\/\/dhg1h5j42swfq.cloudfront.net\/2025\/06\/03203428\/logo_concursos-1.jpg","width":230,"height":60,"caption":"Estrat\u00e9gia Concursos"},"image":{"@id":"https:\/\/www.estrategiaconcursos.com.br\/blog\/#\/schema\/logo\/image\/"},"sameAs":["https:\/\/x.com\/EstratConcursos"]},{"@type":"Person","@id":"https:\/\/www.estrategiaconcursos.com.br\/blog\/#\/schema\/person\/b4a388c97673c5f483d72185668afa1f","name":"Coordena\u00e7\u00e3o","image":{"@type":"ImageObject","inLanguage":"pt-BR","@id":"https:\/\/secure.gravatar.com\/avatar\/b720319e4c9a967eb58678d110f4fe35452fc5d5f97b202bac7b8acceb18c6ad?s=96&d=mm&r=g","url":"https:\/\/secure.gravatar.com\/avatar\/b720319e4c9a967eb58678d110f4fe35452fc5d5f97b202bac7b8acceb18c6ad?s=96&d=mm&r=g","contentUrl":"https:\/\/secure.gravatar.com\/avatar\/b720319e4c9a967eb58678d110f4fe35452fc5d5f97b202bac7b8acceb18c6ad?s=96&d=mm&r=g","caption":"Coordena\u00e7\u00e3o"},"sameAs":["https:\/\/www.facebook.com\/EstrategiaConcursos","https:\/\/x.com\/EstratConcursos"],"url":"https:\/\/www.estrategiaconcursos.com.br\/blog\/author\/estrategia2013\/"}]}},"_links":{"self":[{"href":"https:\/\/www.estrategiaconcursos.com.br\/blog\/wp-json\/wp\/v2\/posts\/131300","targetHints":{"allow":["GET"]}}],"collection":[{"href":"https:\/\/www.estrategiaconcursos.com.br\/blog\/wp-json\/wp\/v2\/posts"}],"about":[{"href":"https:\/\/www.estrategiaconcursos.com.br\/blog\/wp-json\/wp\/v2\/types\/post"}],"author":[{"embeddable":true,"href":"https:\/\/www.estrategiaconcursos.com.br\/blog\/wp-json\/wp\/v2\/users\/1"}],"replies":[{"embeddable":true,"href":"https:\/\/www.estrategiaconcursos.com.br\/blog\/wp-json\/wp\/v2\/comments?post=131300"}],"version-history":[{"count":35,"href":"https:\/\/www.estrategiaconcursos.com.br\/blog\/wp-json\/wp\/v2\/posts\/131300\/revisions"}],"predecessor-version":[{"id":389459,"href":"https:\/\/www.estrategiaconcursos.com.br\/blog\/wp-json\/wp\/v2\/posts\/131300\/revisions\/389459"}],"wp:featuredmedia":[{"embeddable":true,"href":"https:\/\/www.estrategiaconcursos.com.br\/blog\/wp-json\/wp\/v2\/media\/135138"}],"wp:attachment":[{"href":"https:\/\/www.estrategiaconcursos.com.br\/blog\/wp-json\/wp\/v2\/media?parent=131300"}],"wp:term":[{"taxonomy":"category","embeddable":true,"href":"https:\/\/www.estrategiaconcursos.com.br\/blog\/wp-json\/wp\/v2\/categories?post=131300"},{"taxonomy":"post_tag","embeddable":true,"href":"https:\/\/www.estrategiaconcursos.com.br\/blog\/wp-json\/wp\/v2\/tags?post=131300"},{"taxonomy":"tax_estado","embeddable":true,"href":"https:\/\/www.estrategiaconcursos.com.br\/blog\/wp-json\/wp\/v2\/tax_estado?post=131300"}],"curies":[{"name":"wp","href":"https:\/\/api.w.org\/{rel}","templated":true}]}}