{"id":1312577,"date":"2026-04-17T12:40:00","date_gmt":"2026-04-17T15:40:00","guid":{"rendered":"https:\/\/www.estrategiaconcursos.com.br\/blog\/?p=1312577"},"modified":"2026-04-17T15:10:39","modified_gmt":"2026-04-17T18:10:39","slug":"concurso-aleac","status":"publish","type":"post","link":"https:\/\/www.estrategiaconcursos.com.br\/blog\/concurso-aleac\/","title":{"rendered":"Concurso ALEAC: edital previsto em 2026. Veja detalhes!"},"content":{"rendered":"\n<p class=\"has-text-align-left\" style=\"font-size:clamp(15.197px, 0.95rem + ((1vw - 3.2px) * 0.765), 23px);\"><em><strong>Comiss\u00e3o do concurso da ALEAC est\u00e1 formada. Vagas ser\u00e3o para fun\u00e7\u00f5es de n\u00edveis m\u00e9dio e superior!<\/strong><\/em><\/p>\n\n\n\n<div style=\"height:17px\" aria-hidden=\"true\" class=\"wp-block-spacer\"><\/div>\n\n\n\n<hr class=\"wp-block-separator has-alpha-channel-opacity\"\/>\n\n\n<p><center><a id=\"cta-icon\" href=\"https:\/\/sndflw.com\/i\/assembleia-legislativa-ac-grupo\" target=\"_blank\" style=\"background:#29a61a; display:inline-flex; align-items:center; padding:10px 15px; border-radius:6px; color:#fff; text-decoration:none; font-weight:500; font-size:15px;\"><img decoding=\"async\" src=\"https:\/\/dhg1h5j42swfq.cloudfront.net\/2023\/12\/07154107\/whatsapp_13851.png\" alt=\"\" style=\"width:20px; height:20px; margin-right:8px;\"><span>Acesse agora o Grupo de Estudos para o Concurso ALEAC<\/span><\/a><\/center><\/p>\n\n\n\n<div style=\"height:35px\" aria-hidden=\"true\" class=\"wp-block-spacer\"><\/div>\n\n\n\n<p>A realiza\u00e7\u00e3o do <strong>concurso ALEAC<\/strong> (<a href=\"https:\/\/www.estrategiaconcursos.com.br\/cursosPorConcurso\/assembleia-legislativa-do-acre-aleac\/\" target=\"_blank\" rel=\"noreferrer noopener\">Assembleia Legislativa do Estado do Acre<\/a>) segue aguardada. Segundo informa\u00e7\u00f5es da Ouvidoria da Casa, o <strong>edital \u00e9 previsto em 2026<\/strong>.<\/p>\n\n\n\n<p>Ser\u00e3o ofertadas vagas nos <strong>n\u00edveis m\u00e9dio e superior<\/strong>. Al\u00e9m disso, est\u00e1 em andamento estudos relacionados \u00e0 cria\u00e7\u00e3o de novos cargos e \u00e0 reestrutura\u00e7\u00e3o dos cargos existentes.<\/p>\n\n\n\n<p>Em ocasi\u00e3o anterior, o presidente Nicolau J\u00fanior informou que a comiss\u00e3o est\u00e1 trabalhando no levantamento das car\u00eancias do \u00f3rg\u00e3o, etapa necess\u00e1ria para andamento do certame.<\/p>\n\n\n\n<p><em>&#8220;Temos a comiss\u00e3o que est\u00e1 fazendo o estudo da quest\u00e3o do concurso. Daqui a um tempo, estar\u00e1 finalizando [estudos] para podermos saber as dificuldades e defici\u00eancias de cada setor da Assembleia. Atrav\u00e9s disso, vamos iniciar a licita\u00e7\u00e3o para a gente poder fazer o concurso da Assembleia no ano que vem&#8221;<\/em>, declarou.<\/p>\n\n\n\n<p>Atualmente, o quadro de servidores da Casa \u00e9 composto pelos cargos de <strong><\/strong><strong>T\u00e9cnico Legislativo, Analista Legislativo, Consultor Legislativo e M\u00e9dicos<\/strong>. <\/p>\n\n\n\n<ul class=\"wp-block-list has-very-light-gray-to-cyan-bluish-gray-gradient-background has-background\">\n<li><strong>Concurso Assembleia Legislativa do Acre &#8211; ALEAC<\/strong><\/li>\n\n\n\n<li><strong>Status<\/strong>: comiss\u00e3o formada<\/li>\n\n\n\n<li><strong>Banca<\/strong>: a definir<\/li>\n\n\n\n<li><strong>Vagas<\/strong>: a definir<\/li>\n\n\n\n<li><strong>Sal\u00e1rio inicial<\/strong>: R$ 1.522,05 a R$ 3.750,49 + gratifica\u00e7\u00f5es<\/li>\n<\/ul>\n\n\n\n<p>Se voc\u00ea deseja seguir carreira no Legislativo e quer se preparar para este concurso, chegou ao lugar certo. Neste artigo reunimos as principais informa\u00e7\u00f5es sobre o concurso. Confira nos t\u00f3picos abaixo!<\/p>\n\n\n\n<ul id=\"indice\" class=\"wp-block-list\">\n<li><a href=\"#h-situacao-atual-do-concurso-aleac\"><span style=\"text-decoration: underline;\">Informa\u00e7\u00f5es do concurso<\/span><\/a>\n<ul class=\"wp-block-list\">\n<li><a href=\"#comissao\">Comiss\u00e3o<\/a><\/li>\n\n\n\n<li><a href=\"#previsao\">Previs\u00e3o<\/a><\/li>\n<\/ul>\n<\/li>\n\n\n\n<li><a href=\"#carreira\">Carreira da ALEAC<\/a>\n<ul class=\"wp-block-list\">\n<li><a href=\"#cargos\">Cargos<\/a><\/li>\n\n\n\n<li><a href=\"#remuneracoes\">Remunera\u00e7\u00f5es<\/a><\/li>\n<\/ul>\n<\/li>\n\n\n\n<li><a href=\"#cursos\">Cursos e assinaturas<\/a><\/li>\n\n\n\n<li><a href=\"#ficha\">Ficha t\u00e9cnica<\/a><\/li>\n<\/ul>\n\n\n\n<div class=\"container\" id=\"boxes\">\n  <div class=\"row\">\n\n    <div class=\"col-sm\">\n      <div class=\"banner-ale\" id=\"box-assinatura\">\n        <h2 class=\"titulo-assinatura\">Concurso ALEAC<\/h2>\n        <p class=\"subtitulo-assinatura\">Prepara\u00e7\u00e3o completa para a carreira na ALEAC<\/p>\n        <div class=\"box-botao\">\n          <a class=\"btn-assinatura\" target=\"_blank\" href=\"https:\/\/www.estrategiaconcursos.com.br\/cursosPorConcurso\/assembleia-legislativa-do-acre-aleac\/\" role=\"button\" rel=\"noopener noreferrer\">EXPLORAR CURSOS<\/a>\n        <\/div>\n      <\/div>\n     \n    <\/div>\n\n  <\/div>\n<\/div>\n\n\n\n<h2 class=\"wp-block-heading\" id=\"h-situacao-atual-do-concurso-aleac\">Situa\u00e7\u00e3o atual do concurso ALEAC<\/h2>\n\n\n\n<h3 class=\"wp-block-heading\" id=\"previsao\">Previs\u00e3o de concurso em 2026<\/h3>\n\n\n\n<p>Em contato com a Assembleia Legislativa do Estado do Acre, obtivemos informa\u00e7\u00f5es atualizadas sobre a <strong>situa\u00e7\u00e3o do concurso p\u00fablico ALEAC<\/strong>.<\/p>\n\n\n\n<p>Segundo a Ouvidoria, a <strong>realiza\u00e7\u00e3o do certame segue programada para 2026<\/strong>, mas sem data prevista para publica\u00e7\u00e3o do edital. <\/p>\n\n\n\n<p>O provimento ser\u00e1 para <strong>cargos nos n\u00edveis m\u00e9dio e superior<\/strong>, por\u00e9m, o quantitativo n\u00e3o foi definido. Al\u00e9m disso, est\u00e1 em andamento estudos relacionados \u00e0 cria\u00e7\u00e3o de novos cargos e \u00e0 reestrutura\u00e7\u00e3o dos cargos existentes.<\/p>\n\n\n\n<figure class=\"wp-block-image aligncenter size-full\"><img loading=\"lazy\" decoding=\"async\" width=\"626\" height=\"632\" src=\"https:\/\/dhg1h5j42swfq.cloudfront.net\/2026\/04\/17120336\/situacao-novo-concurso-aleac-2026.png\" alt=\"Novo concurso ALEAC segue previsto para 2026\" class=\"wp-image-1755186\" srcset=\"https:\/\/dhg1h5j42swfq.cloudfront.net\/2026\/04\/17120336\/situacao-novo-concurso-aleac-2026.png 626w, https:\/\/dhg1h5j42swfq.cloudfront.net\/2026\/04\/17120336\/situacao-novo-concurso-aleac-2026-297x300.png 297w, https:\/\/dhg1h5j42swfq.cloudfront.net\/2026\/04\/17120336\/situacao-novo-concurso-aleac-2026-150x151.png 150w, https:\/\/dhg1h5j42swfq.cloudfront.net\/2026\/04\/17120336\/situacao-novo-concurso-aleac-2026-96x96.png 96w\" sizes=\"auto, (max-width: 626px) 100vw, 626px\" \/><figcaption class=\"wp-element-caption\">Novo concurso ALEAC segue previsto para 2026<\/figcaption><\/figure>\n\n\n\n<h3 class=\"wp-block-heading\" id=\"comissao\">Comiss\u00e3o formada<\/h3>\n\n\n\n<p>No final de 2024, foi institu\u00edda uma comiss\u00e3o com o objetivo de estudar a estrutura organizacional da ALEAC, visando \u00e0 realiza\u00e7\u00e3o do primeiro concurso.<\/p>\n\n\n\n<p>O grupo, formado por seis membros, teve o prazo de 90 dias para apresenta\u00e7\u00e3o de Relat\u00f3rio. Os servidores seguem trabalhando para concretiza\u00e7\u00e3o do certame.<\/p>\n\n\n\n<ul class=\"wp-block-list\">\n<li><a href=\"https:\/\/dhg1h5j42swfq.cloudfront.net\/2024\/12\/18195050\/dec-004957-18-12-2024.pdf\" target=\"_blank\" rel=\"noreferrer noopener nofollow\">Comiss\u00e3o do concurso ALEAC<\/a><\/li>\n<\/ul>\n\n\n\n<h2 class=\"wp-block-heading\" id=\"carreira\">Conhe\u00e7a a carreira da ALEAC<\/h2>\n\n\n\n<h3 class=\"wp-block-heading\" id=\"cargos\">Cargos da Assembleia Legislativa do Acre<\/h3>\n\n\n\n<p>Atualmente, o quadro de servidores da Casa \u00e9 composto pelos cargos de <strong>T\u00e9cnico Legislativo, Analista Legislativo, Consultor Legislativo e M\u00e9dicos<\/strong>.<\/p>\n\n\n\n<ul class=\"wp-block-list\">\n<li><strong>T\u00e9cnico Legislativo<\/strong>: ensino m\u00e9dio;<\/li>\n\n\n\n<li><strong>Consultor Legislativo, Analista Legislativo e Legislativa M\u00e9dica<\/strong>: curso superior ou habilita\u00e7\u00e3o legal equivalente.<\/li>\n<\/ul>\n\n\n\n<h3 class=\"wp-block-heading\" id=\"remuneracoes\">Remunera\u00e7\u00f5es da ALEAC<\/h3>\n\n\n\n<p>De acordo com o Portal da Transpar\u00eancia da Casa, as remunera\u00e7\u00f5es variam de R$ 1.522,05 a R$ 3.750,49. Veja abaixo:<\/p>\n\n\n\n<ul class=\"wp-block-list\">\n<li><strong>T\u00e9cnico Legislativo<\/strong><\/li>\n<\/ul>\n\n\n\n<figure class=\"wp-block-table is-style-stripes\"><table class=\"has-very-light-gray-to-cyan-bluish-gray-gradient-background has-background has-fixed-layout\"><thead><tr><td class=\"has-text-align-center\" data-align=\"center\"><strong>Tempo de Servi\u00e7o<\/strong><\/td><td class=\"has-text-align-center\" data-align=\"center\"><strong>T\u00e9cnico I<\/strong><\/td><td class=\"has-text-align-center\" data-align=\"center\"><strong>T\u00e9cnico II<\/strong><\/td><td class=\"has-text-align-center\" data-align=\"center\"><strong>T\u00e9cnico III<\/strong><\/td><td class=\"has-text-align-center\" data-align=\"center\"><strong>T\u00e9cnico IV<\/strong><\/td><\/tr><\/thead><tbody><tr><td class=\"has-text-align-center\" data-align=\"center\"><strong>0 Anos<\/strong><\/td><td class=\"has-text-align-center\" data-align=\"center\">R$ 3.562,97<\/td><td class=\"has-text-align-center\" data-align=\"center\">R$ 2.818,02<\/td><td class=\"has-text-align-center\" data-align=\"center\">R$ 2.677,10<\/td><td class=\"has-text-align-center\" data-align=\"center\">R$ 1.522,05<\/td><\/tr><tr><td class=\"has-text-align-center\" data-align=\"center\"><strong>3 Anos<\/strong><\/td><td class=\"has-text-align-center\" data-align=\"center\">R$ 3.750,49<\/td><td class=\"has-text-align-center\" data-align=\"center\">R$ 2.966,33<\/td><td class=\"has-text-align-center\" data-align=\"center\">R$ 2.817,99<\/td><td class=\"has-text-align-center\" data-align=\"center\">R$ 1.602,17<\/td><\/tr><tr><td class=\"has-text-align-center\" data-align=\"center\"><strong>6 Anos<\/strong><\/td><td class=\"has-text-align-center\" data-align=\"center\">R$ 3.947,88<\/td><td class=\"has-text-align-center\" data-align=\"center\">R$ 3.122,47<\/td><td class=\"has-text-align-center\" data-align=\"center\">R$ 2.966,31<\/td><td class=\"has-text-align-center\" data-align=\"center\">R$ 1.686,48<\/td><\/tr><tr><td class=\"has-text-align-center\" data-align=\"center\"><strong>9 Anos<\/strong><\/td><td class=\"has-text-align-center\" data-align=\"center\">R$ 4.155,66<\/td><td class=\"has-text-align-center\" data-align=\"center\">R$ 3.286,80<\/td><td class=\"has-text-align-center\" data-align=\"center\">R$ 3.122,43<\/td><td class=\"has-text-align-center\" data-align=\"center\">R$ 1.775,26<\/td><\/tr><tr><td class=\"has-text-align-center\" data-align=\"center\"><strong>12 Anos<\/strong><\/td><td class=\"has-text-align-center\" data-align=\"center\">R$ 4.374,38<\/td><td class=\"has-text-align-center\" data-align=\"center\">R$ 3.459,79<\/td><td class=\"has-text-align-center\" data-align=\"center\">R$ 3.286,78<\/td><td class=\"has-text-align-center\" data-align=\"center\">R$ 1.868,69<\/td><\/tr><tr><td class=\"has-text-align-center\" data-align=\"center\"><strong>15 Anos<\/strong><\/td><td class=\"has-text-align-center\" data-align=\"center\">R$ 4.604,62<\/td><td class=\"has-text-align-center\" data-align=\"center\">R$ 3.641,89<\/td><td class=\"has-text-align-center\" data-align=\"center\">R$ 3.459,77<\/td><td class=\"has-text-align-center\" data-align=\"center\">R$ 1.967,05<\/td><\/tr><tr><td class=\"has-text-align-center\" data-align=\"center\"><strong>18 Anos<\/strong><\/td><td class=\"has-text-align-center\" data-align=\"center\">R$ 4.846,96<\/td><td class=\"has-text-align-center\" data-align=\"center\">R$ 3.833,55<\/td><td class=\"has-text-align-center\" data-align=\"center\">R$ 3.641,86<\/td><td class=\"has-text-align-center\" data-align=\"center\">R$ 2.070,56<\/td><\/tr><tr><td class=\"has-text-align-center\" data-align=\"center\"><strong>21 Anos<\/strong><\/td><td class=\"has-text-align-center\" data-align=\"center\">R$ 5.102,07<\/td><td class=\"has-text-align-center\" data-align=\"center\">R$ 4.035,33<\/td><td class=\"has-text-align-center\" data-align=\"center\">R$ 3.833,52<\/td><td class=\"has-text-align-center\" data-align=\"center\">R$ 2.179,54<\/td><\/tr><tr><td class=\"has-text-align-center\" data-align=\"center\"><strong>24 Anos<\/strong><\/td><td class=\"has-text-align-center\" data-align=\"center\">R$ 5.370,59<\/td><td class=\"has-text-align-center\" data-align=\"center\">R$ 4.247,71<\/td><td class=\"has-text-align-center\" data-align=\"center\">R$ 4.035,29<\/td><td class=\"has-text-align-center\" data-align=\"center\">R$ 2.294,27<\/td><\/tr><tr><td class=\"has-text-align-center\" data-align=\"center\"><strong>27 Anos<\/strong><\/td><td class=\"has-text-align-center\" data-align=\"center\">R$ 5.653,25<\/td><td class=\"has-text-align-center\" data-align=\"center\">R$ 4.471,28<\/td><td class=\"has-text-align-center\" data-align=\"center\">R$ 4.247,68<\/td><td class=\"has-text-align-center\" data-align=\"center\">R$ 2.415,01<\/td><\/tr><tr><td class=\"has-text-align-center\" data-align=\"center\"><strong>30 Anos<\/strong><\/td><td class=\"has-text-align-center\" data-align=\"center\">R$ 5.935,93<\/td><td class=\"has-text-align-center\" data-align=\"center\">R$ 4.694,86<\/td><td class=\"has-text-align-center\" data-align=\"center\">R$ 4.460,07<\/td><td class=\"has-text-align-center\" data-align=\"center\">R$ 2.535,75<\/td><\/tr><tr><td class=\"has-text-align-center\" data-align=\"center\"><strong>33 Anos<\/strong><\/td><td class=\"has-text-align-center\" data-align=\"center\">R$ 6.232,72<\/td><td class=\"has-text-align-center\" data-align=\"center\">R$ 4.929,60<\/td><td class=\"has-text-align-center\" data-align=\"center\">R$ 4.683,07<\/td><td class=\"has-text-align-center\" data-align=\"center\">R$ 2.662,56<\/td><\/tr><tr><td class=\"has-text-align-center\" data-align=\"center\"><strong>36 Anos<\/strong><\/td><td class=\"has-text-align-center\" data-align=\"center\">R$ 6.544,35<\/td><td class=\"has-text-align-center\" data-align=\"center\">R$ 5.176,08<\/td><td class=\"has-text-align-center\" data-align=\"center\">R$ 4.917,22<\/td><td class=\"has-text-align-center\" data-align=\"center\">R$ 2.795,68<\/td><\/tr><\/tbody><\/table><\/figure>\n\n\n\n<ul class=\"wp-block-list\">\n<li><strong>Consultor Legislativo, Analista Legislativo e Legislativa M\u00e9dica<\/strong>:<\/li>\n<\/ul>\n\n\n\n<figure class=\"wp-block-table is-style-stripes\"><table class=\"has-very-light-gray-to-cyan-bluish-gray-gradient-background has-background has-fixed-layout\"><thead><tr><td class=\"has-text-align-center\" data-align=\"center\"><strong>Tempo de Servi\u00e7o<\/strong><\/td><td class=\"has-text-align-center\" data-align=\"center\"><strong>Consultor Leg. \/ Analista \/ M\u00e9dica<\/strong><\/td><\/tr><\/thead><tbody><tr><td class=\"has-text-align-center\" data-align=\"center\"><strong>0 Anos<\/strong><\/td><td class=\"has-text-align-center\" data-align=\"center\">R$ 3.750,49<\/td><\/tr><tr><td class=\"has-text-align-center\" data-align=\"center\"><strong>3 Anos<\/strong><\/td><td class=\"has-text-align-center\" data-align=\"center\">R$ 3.947,88<\/td><\/tr><tr><td class=\"has-text-align-center\" data-align=\"center\"><strong>6 Anos<\/strong><\/td><td class=\"has-text-align-center\" data-align=\"center\">R$ 4.155,66<\/td><\/tr><tr><td class=\"has-text-align-center\" data-align=\"center\"><strong>9 Anos<\/strong><\/td><td class=\"has-text-align-center\" data-align=\"center\">R$ 4.374,38<\/td><\/tr><tr><td class=\"has-text-align-center\" data-align=\"center\"><strong>12 Anos<\/strong><\/td><td class=\"has-text-align-center\" data-align=\"center\">R$ 4.604,62<\/td><\/tr><tr><td class=\"has-text-align-center\" data-align=\"center\"><strong>15 Anos<\/strong><\/td><td class=\"has-text-align-center\" data-align=\"center\">R$ 4.846,96<\/td><\/tr><tr><td class=\"has-text-align-center\" data-align=\"center\"><strong>18 Anos<\/strong><\/td><td class=\"has-text-align-center\" data-align=\"center\">R$ 5.102,07<\/td><\/tr><tr><td class=\"has-text-align-center\" data-align=\"center\"><strong>21 Anos<\/strong><\/td><td class=\"has-text-align-center\" data-align=\"center\">R$ 5.370,59<\/td><\/tr><tr><td class=\"has-text-align-center\" data-align=\"center\"><strong>24 Anos<\/strong><\/td><td class=\"has-text-align-center\" data-align=\"center\">R$ 5.653,25<\/td><\/tr><tr><td class=\"has-text-align-center\" data-align=\"center\"><strong>27 Anos<\/strong><\/td><td class=\"has-text-align-center\" data-align=\"center\">R$ 5.950,79<\/td><\/tr><tr><td class=\"has-text-align-center\" data-align=\"center\"><strong>30 Anos<\/strong><\/td><td class=\"has-text-align-center\" data-align=\"center\">R$ 6.248,34<\/td><\/tr><tr><td class=\"has-text-align-center\" data-align=\"center\"><strong>33 Anos<\/strong><\/td><td class=\"has-text-align-center\" data-align=\"center\">R$ 6.560,76<\/td><\/tr><tr><td class=\"has-text-align-center\" data-align=\"center\"><strong>36 Anos<\/strong><\/td><td class=\"has-text-align-center\" data-align=\"center\">R$ 6.888,80<\/td><\/tr><\/tbody><\/table><\/figure>\n\n\n\n<p>Al\u00e9m dos vencimentos b\u00e1sicos, os servidores da ALEAC recebem os demais benef\u00edcios elencados abaixo:<\/p>\n\n\n\n<ul class=\"wp-block-list\">\n<li>adicional de titula\u00e7\u00e3o;<\/li>\n\n\n\n<li>sexta-parte do vencimento;<\/li>\n\n\n\n<li>aux\u00edlio-sa\u00fade;<\/li>\n\n\n\n<li>aux\u00edlio-bolsa de estudos;<\/li>\n\n\n\n<li>Gratifica\u00e7\u00f5es e indeniza\u00e7\u00f5es;<\/li>\n\n\n\n<li>Mestrado \u2013 acr\u00e9scimo de 15%; e<\/li>\n\n\n\n<li>Doutorado \u2013 acr\u00e9scimo de 20%.<\/li>\n<\/ul>\n\n\n\n<p>A jornada de trabalho dos servidores da Assembleia Legislativa \u00e9 de quarenta horas semanais, salvo quando a lei estabelece dura\u00e7\u00e3o diversa, facultada, a crit\u00e9rio da Mesa Diretora, a compensa\u00e7\u00e3o de hor\u00e1rios.<\/p>\n\n\n\n<hr class=\"wp-block-separator has-alpha-channel-opacity\"\/>\n\n\n\n<p class=\"has-text-align-center\" id=\"h-quer-saber-tudo-sobre-concursos-previstos-confira-nossos-artigos\" style=\"font-size:clamp(16.834px, 1.052rem + ((1vw - 3.2px) * 0.899), 26px);\"><strong>Quer saber tudo sobre concursos previstos?<br \/>Confira nossos artigos!<\/strong><\/p>\n\n\n\n<ul class=\"wp-block-list\">\n<li><a href=\"https:\/\/www.estrategiaconcursos.com.br\/blog\/concursos-abertos\/\" target=\"_blank\" rel=\"noreferrer noopener\">Concursos Abertos<\/a><\/li>\n\n\n\n<li><a href=\"https:\/\/www.estrategiaconcursos.com.br\/blog\/concursos-area-legislativa\/\" target=\"_blank\" rel=\"noreferrer noopener\">Concursos Legislativos<\/a><\/li>\n\n\n\n<li><a href=\"https:\/\/www.estrategiaconcursos.com.br\/blog\/concursos-acre\/\" target=\"_blank\" rel=\"noreferrer noopener\">Concursos Acre<\/a><\/li>\n\n\n\n<li><a href=\"https:\/\/www.estrategiaconcursos.com.br\/blog\/concursos-2026\/\" target=\"_blank\" rel=\"noreferrer noopener\">Concursos 2026<\/a><\/li>\n<\/ul>\n\n\n\n<p class=\"has-text-align-center\" id=\"cursos\" style=\"font-size:clamp(17.905px, 1.119rem + ((1vw - 3.2px) * 0.99), 28px);\"><strong>Quer estudar para o concurso Assembleia Legislativa AC?<\/strong><\/p>\n\n\n\n<div class=\"container\" id=\"boxes\">\n  <div class=\"row\">\n\n    <div class=\"col-sm\">\n      <div class=\"banner-ale\" id=\"box-assinatura\">\n        <h3 class=\"titulo-assinatura\">Concurso ALEAC<\/h3>\n        <p class=\"subtitulo-assinatura\">Prepara\u00e7\u00e3o completa para a carreira na ALEAC<\/p>\n        <div class=\"box-botao\">\n          <a class=\"btn-assinatura\" target=\"_blank\" href=\"https:\/\/www.estrategiaconcursos.com.br\/cursosPorConcurso\/assembleia-legislativa-do-acre-aleac\/\" role=\"button\" rel=\"noopener noreferrer\">EXPLORAR CURSOS<\/a>\n        <\/div>\n      <\/div>\n     \n    <\/div>\n\n  <\/div>\n<\/div>\n\n\n\n<div id=\"boxes\" class=\"container\">\n<div class=\"row\">\n<div class=\"col-sm\">\n<div id=\"box-assinatura\" class=\"estrategia\">\n<h3 class=\"titulo-assinatura\">Assinatura de Concursos<\/h3>\n<p class=\"subtitulo-assinatura\">Assinatura 1 ou 2 anos<\/p>\n<div class=\"box-botao\"><a class=\"btn-assinatura\" role=\"button\" href=\"https:\/\/www.estrategiaconcursos.com.br\/assinaturas\/\" target=\"_blank\" rel=\"noopener noreferrer\">ASSINE AGORA<\/a><\/div>\n<\/div>\n<p class=\"texto-auxiliar\">&nbsp;<\/p>\n<\/div><\/div><\/div>\n\n\n\n<figure class=\"wp-block-image size-large is-resized\"><img loading=\"lazy\" decoding=\"async\" width=\"300\" height=\"185\" src=\"https:\/\/dhg1h5j42swfq.cloudfront.net\/2021\/04\/07174046\/ficha-tecnica-1-300x185-1-4.png\" alt=\"Ficha t\u00e9cnica ALETO\" class=\"wp-image-709761\" style=\"aspect-ratio:1.6213592233009708;width:290px;height:auto\"\/><\/figure>\n\n\n\n<h2 class=\"wp-block-heading\" id=\"ficha\">Informa\u00e7\u00f5es do concurso ALEAC<\/h2>\n\n\n\n<ul class=\"wp-block-list\">\n<li><strong>Data prevista<\/strong>: 2026<\/li>\n\n\n\n<li><strong>Vagas<\/strong>: a definir<\/li>\n\n\n\n<li><strong>Cargos<\/strong>: a definir<\/li>\n\n\n\n<li><strong>Escolaridade<\/strong>: n\u00edvel m\u00e9dio e superior<\/li>\n\n\n\n<li><strong>Banca<\/strong>: a definir<\/li>\n<\/ul>\n","protected":false},"excerpt":{"rendered":"<p>Comiss\u00e3o do concurso da ALEAC est\u00e1 formada. Vagas ser\u00e3o para fun\u00e7\u00f5es de n\u00edveis m\u00e9dio e superior! A realiza\u00e7\u00e3o do concurso ALEAC (Assembleia Legislativa do Estado do Acre) segue aguardada. Segundo informa\u00e7\u00f5es da Ouvidoria da Casa, o edital \u00e9 previsto em 2026. Ser\u00e3o ofertadas vagas nos n\u00edveis m\u00e9dio e superior. Al\u00e9m disso, est\u00e1 em andamento estudos [&hellip;]<\/p>\n","protected":false},"author":1483,"featured_media":1509312,"comment_status":"open","ping_status":"closed","sticky":false,"template":"","format":"standard","meta":{"post_tipo":"news_page","footnotes":""},"categories":[2017],"tags":[],"tax_estado":[219964],"class_list":["post-1312577","post","type-post","status-publish","format-standard","has-post-thumbnail","hentry","category-concursos-legislativos","tax_estado-ac"],"acf":[],"yoast_head":"<!-- This site is optimized with the Yoast SEO Premium plugin v27.2 (Yoast SEO v27.2) - https:\/\/yoast.com\/product\/yoast-seo-premium-wordpress\/ -->\n<title>Concurso ALEAC: edital previsto em 2026. Veja detalhes!<\/title>\n<meta name=\"description\" content=\"Edital do concurso ALEAC est\u00e1 previsto para ser publicado em 2026. Vagas para cargos nos n\u00edveis m\u00e9dio e superior. Veja os detalhes!\" \/>\n<meta name=\"robots\" content=\"index, follow, max-snippet:-1, max-image-preview:large, max-video-preview:-1\" \/>\n<link rel=\"canonical\" href=\"https:\/\/www.estrategiaconcursos.com.br\/blog\/concurso-aleac\/\" \/>\n<meta property=\"og:locale\" content=\"pt_BR\" \/>\n<meta property=\"og:type\" content=\"article\" \/>\n<meta property=\"og:title\" content=\"Concurso ALEAC: edital previsto em 2026. Veja detalhes!\" \/>\n<meta property=\"og:description\" content=\"Edital do concurso ALEAC est\u00e1 previsto para ser publicado em 2026. Vagas para cargos nos n\u00edveis m\u00e9dio e superior. Veja os detalhes!\" \/>\n<meta property=\"og:url\" content=\"https:\/\/www.estrategiaconcursos.com.br\/blog\/concurso-aleac\/\" \/>\n<meta property=\"og:site_name\" content=\"Estrat\u00e9gia Concursos\" \/>\n<meta property=\"article:published_time\" content=\"2026-04-17T15:40:00+00:00\" \/>\n<meta property=\"article:modified_time\" content=\"2026-04-17T18:10:39+00:00\" \/>\n<meta property=\"og:image\" content=\"https:\/\/dhg1h5j42swfq.cloudfront.net\/2024\/12\/20171343\/aleac.jpg\" \/>\n\t<meta property=\"og:image:width\" content=\"768\" \/>\n\t<meta property=\"og:image:height\" content=\"432\" \/>\n\t<meta property=\"og:image:type\" content=\"image\/jpeg\" \/>\n<meta name=\"author\" content=\"Diogo Mendes\" \/>\n<meta name=\"twitter:card\" content=\"summary_large_image\" \/>\n<meta name=\"twitter:creator\" content=\"@EstratConcursos\" \/>\n<meta name=\"twitter:site\" content=\"@EstratConcursos\" \/>\n<meta name=\"twitter:label1\" content=\"Escrito por\" \/>\n\t<meta name=\"twitter:data1\" content=\"Diogo Mendes\" \/>\n\t<meta name=\"twitter:label2\" content=\"Est. tempo de leitura\" \/>\n\t<meta name=\"twitter:data2\" content=\"4 minutos\" \/>\n<script type=\"application\/ld+json\" class=\"yoast-schema-graph\">{\"@context\":\"https:\/\/schema.org\",\"@graph\":[{\"@type\":\"NewsArticle\",\"@id\":\"https:\/\/www.estrategiaconcursos.com.br\/blog\/concurso-aleac\/#article\",\"isPartOf\":{\"@id\":\"https:\/\/www.estrategiaconcursos.com.br\/blog\/concurso-aleac\/\"},\"author\":{\"name\":\"Diogo Mendes\",\"@id\":\"https:\/\/www.estrategiaconcursos.com.br\/blog\/#\/schema\/person\/cc9e76173880338ce9f656c88664a1f6\"},\"headline\":\"Concurso ALEAC: edital previsto em 2026. Veja detalhes!\",\"datePublished\":\"2026-04-17T15:40:00+00:00\",\"dateModified\":\"2026-04-17T18:10:39+00:00\",\"mainEntityOfPage\":{\"@id\":\"https:\/\/www.estrategiaconcursos.com.br\/blog\/concurso-aleac\/\"},\"wordCount\":823,\"commentCount\":0,\"publisher\":{\"@id\":\"https:\/\/www.estrategiaconcursos.com.br\/blog\/#organization\"},\"image\":{\"@id\":\"https:\/\/www.estrategiaconcursos.com.br\/blog\/concurso-aleac\/#primaryimage\"},\"thumbnailUrl\":\"https:\/\/dhg1h5j42swfq.cloudfront.net\/2024\/12\/20171343\/aleac.jpg\",\"articleSection\":[\"Legislativo\"],\"inLanguage\":\"pt-BR\",\"potentialAction\":[{\"@type\":\"CommentAction\",\"name\":\"Comment\",\"target\":[\"https:\/\/www.estrategiaconcursos.com.br\/blog\/concurso-aleac\/#respond\"]}],\"copyrightYear\":\"2026\",\"copyrightHolder\":{\"@id\":\"https:\/\/www.estrategiaconcursos.com.br\/blog\/#organization\"}},{\"@type\":\"WebPage\",\"@id\":\"https:\/\/www.estrategiaconcursos.com.br\/blog\/concurso-aleac\/\",\"url\":\"https:\/\/www.estrategiaconcursos.com.br\/blog\/concurso-aleac\/\",\"name\":\"Concurso ALEAC: edital previsto em 2026. Veja detalhes!\",\"isPartOf\":{\"@id\":\"https:\/\/www.estrategiaconcursos.com.br\/blog\/#website\"},\"primaryImageOfPage\":{\"@id\":\"https:\/\/www.estrategiaconcursos.com.br\/blog\/concurso-aleac\/#primaryimage\"},\"image\":{\"@id\":\"https:\/\/www.estrategiaconcursos.com.br\/blog\/concurso-aleac\/#primaryimage\"},\"thumbnailUrl\":\"https:\/\/dhg1h5j42swfq.cloudfront.net\/2024\/12\/20171343\/aleac.jpg\",\"datePublished\":\"2026-04-17T15:40:00+00:00\",\"dateModified\":\"2026-04-17T18:10:39+00:00\",\"description\":\"Edital do concurso ALEAC est\u00e1 previsto para ser publicado em 2026. Vagas para cargos nos n\u00edveis m\u00e9dio e superior. Veja os detalhes!\",\"breadcrumb\":{\"@id\":\"https:\/\/www.estrategiaconcursos.com.br\/blog\/concurso-aleac\/#breadcrumb\"},\"inLanguage\":\"pt-BR\",\"potentialAction\":[{\"@type\":\"ReadAction\",\"target\":[\"https:\/\/www.estrategiaconcursos.com.br\/blog\/concurso-aleac\/\"]}]},{\"@type\":\"ImageObject\",\"inLanguage\":\"pt-BR\",\"@id\":\"https:\/\/www.estrategiaconcursos.com.br\/blog\/concurso-aleac\/#primaryimage\",\"url\":\"https:\/\/dhg1h5j42swfq.cloudfront.net\/2024\/12\/20171343\/aleac.jpg\",\"contentUrl\":\"https:\/\/dhg1h5j42swfq.cloudfront.net\/2024\/12\/20171343\/aleac.jpg\",\"width\":768,\"height\":432,\"caption\":\"concurso ALEAC\"},{\"@type\":\"BreadcrumbList\",\"@id\":\"https:\/\/www.estrategiaconcursos.com.br\/blog\/concurso-aleac\/#breadcrumb\",\"itemListElement\":[{\"@type\":\"ListItem\",\"position\":1,\"name\":\"In\u00edcio\",\"item\":\"https:\/\/www.estrategiaconcursos.com.br\/blog\/\"},{\"@type\":\"ListItem\",\"position\":2,\"name\":\"Concurso ALEAC: edital previsto em 2026. Veja detalhes!\"}]},{\"@type\":\"WebSite\",\"@id\":\"https:\/\/www.estrategiaconcursos.com.br\/blog\/#website\",\"url\":\"https:\/\/www.estrategiaconcursos.com.br\/blog\/\",\"name\":\"Estrat\u00e9gia Concursos\",\"description\":\"O blog da Estrat\u00e9gia Concursos traz not\u00edcias sobre concursos e artigos de professores oferecendo cursos para concursos (pdf + videaulas) no site.\",\"publisher\":{\"@id\":\"https:\/\/www.estrategiaconcursos.com.br\/blog\/#organization\"},\"potentialAction\":[{\"@type\":\"SearchAction\",\"target\":{\"@type\":\"EntryPoint\",\"urlTemplate\":\"https:\/\/www.estrategiaconcursos.com.br\/blog\/?s={search_term_string}\"},\"query-input\":{\"@type\":\"PropertyValueSpecification\",\"valueRequired\":true,\"valueName\":\"search_term_string\"}}],\"inLanguage\":\"pt-BR\"},{\"@type\":\"Organization\",\"@id\":\"https:\/\/www.estrategiaconcursos.com.br\/blog\/#organization\",\"name\":\"Estrat\u00e9gia Concursos\",\"url\":\"https:\/\/www.estrategiaconcursos.com.br\/blog\/\",\"logo\":{\"@type\":\"ImageObject\",\"inLanguage\":\"pt-BR\",\"@id\":\"https:\/\/www.estrategiaconcursos.com.br\/blog\/#\/schema\/logo\/image\/\",\"url\":\"https:\/\/dhg1h5j42swfq.cloudfront.net\/2025\/06\/03203428\/logo_concursos-1.jpg\",\"contentUrl\":\"https:\/\/dhg1h5j42swfq.cloudfront.net\/2025\/06\/03203428\/logo_concursos-1.jpg\",\"width\":230,\"height\":60,\"caption\":\"Estrat\u00e9gia Concursos\"},\"image\":{\"@id\":\"https:\/\/www.estrategiaconcursos.com.br\/blog\/#\/schema\/logo\/image\/\"},\"sameAs\":[\"https:\/\/x.com\/EstratConcursos\"]},{\"@type\":\"Person\",\"@id\":\"https:\/\/www.estrategiaconcursos.com.br\/blog\/#\/schema\/person\/cc9e76173880338ce9f656c88664a1f6\",\"name\":\"Diogo Mendes\",\"image\":{\"@type\":\"ImageObject\",\"inLanguage\":\"pt-BR\",\"@id\":\"https:\/\/secure.gravatar.com\/avatar\/9754d6777d460a45ef4067b586b94c32005cc2345a0404b8d96adc620cf63806?s=96&d=mm&r=g\",\"url\":\"https:\/\/secure.gravatar.com\/avatar\/9754d6777d460a45ef4067b586b94c32005cc2345a0404b8d96adc620cf63806?s=96&d=mm&r=g\",\"contentUrl\":\"https:\/\/secure.gravatar.com\/avatar\/9754d6777d460a45ef4067b586b94c32005cc2345a0404b8d96adc620cf63806?s=96&d=mm&r=g\",\"caption\":\"Diogo Mendes\"},\"description\":\"Diogo Mendes \u00e9 jornalista formado pela Universidade Paulista, com experi\u00eancia em reda\u00e7\u00f5es de diversos ve\u00edculos e na produ\u00e7\u00e3o de conte\u00fados especializados em concursos p\u00fablicos. Desde 2019, atua no Estrat\u00e9gia Concursos como Jornalista e Analista de Conte\u00fado, com foco na apura\u00e7\u00e3o de informa\u00e7\u00f5es junto a \u00f3rg\u00e3os e fontes oficiais. Dedica-se especialmente \u00e0 produ\u00e7\u00e3o de not\u00edcias e reportagens sobre Concursos Legislativos, al\u00e9m de acompanhar diariamente os concursos policiais, banc\u00e1rios e da \u00e1rea da sa\u00fade.\",\"url\":\"https:\/\/www.estrategiaconcursos.com.br\/blog\/author\/diogo-mendesestrategiaconcursos-com-br\/\"}]}<\/script>\n<!-- \/ Yoast SEO Premium plugin. -->","yoast_head_json":{"title":"Concurso ALEAC: edital previsto em 2026. Veja detalhes!","description":"Edital do concurso ALEAC est\u00e1 previsto para ser publicado em 2026. Vagas para cargos nos n\u00edveis m\u00e9dio e superior. Veja os detalhes!","robots":{"index":"index","follow":"follow","max-snippet":"max-snippet:-1","max-image-preview":"max-image-preview:large","max-video-preview":"max-video-preview:-1"},"canonical":"https:\/\/www.estrategiaconcursos.com.br\/blog\/concurso-aleac\/","og_locale":"pt_BR","og_type":"article","og_title":"Concurso ALEAC: edital previsto em 2026. Veja detalhes!","og_description":"Edital do concurso ALEAC est\u00e1 previsto para ser publicado em 2026. Vagas para cargos nos n\u00edveis m\u00e9dio e superior. Veja os detalhes!","og_url":"https:\/\/www.estrategiaconcursos.com.br\/blog\/concurso-aleac\/","og_site_name":"Estrat\u00e9gia Concursos","article_published_time":"2026-04-17T15:40:00+00:00","article_modified_time":"2026-04-17T18:10:39+00:00","og_image":[{"width":768,"height":432,"url":"https:\/\/dhg1h5j42swfq.cloudfront.net\/2024\/12\/20171343\/aleac.jpg","type":"image\/jpeg"}],"author":"Diogo Mendes","twitter_card":"summary_large_image","twitter_creator":"@EstratConcursos","twitter_site":"@EstratConcursos","twitter_misc":{"Escrito por":"Diogo Mendes","Est. tempo de leitura":"4 minutos"},"schema":{"@context":"https:\/\/schema.org","@graph":[{"@type":"NewsArticle","@id":"https:\/\/www.estrategiaconcursos.com.br\/blog\/concurso-aleac\/#article","isPartOf":{"@id":"https:\/\/www.estrategiaconcursos.com.br\/blog\/concurso-aleac\/"},"author":{"name":"Diogo Mendes","@id":"https:\/\/www.estrategiaconcursos.com.br\/blog\/#\/schema\/person\/cc9e76173880338ce9f656c88664a1f6"},"headline":"Concurso ALEAC: edital previsto em 2026. Veja detalhes!","datePublished":"2026-04-17T15:40:00+00:00","dateModified":"2026-04-17T18:10:39+00:00","mainEntityOfPage":{"@id":"https:\/\/www.estrategiaconcursos.com.br\/blog\/concurso-aleac\/"},"wordCount":823,"commentCount":0,"publisher":{"@id":"https:\/\/www.estrategiaconcursos.com.br\/blog\/#organization"},"image":{"@id":"https:\/\/www.estrategiaconcursos.com.br\/blog\/concurso-aleac\/#primaryimage"},"thumbnailUrl":"https:\/\/dhg1h5j42swfq.cloudfront.net\/2024\/12\/20171343\/aleac.jpg","articleSection":["Legislativo"],"inLanguage":"pt-BR","potentialAction":[{"@type":"CommentAction","name":"Comment","target":["https:\/\/www.estrategiaconcursos.com.br\/blog\/concurso-aleac\/#respond"]}],"copyrightYear":"2026","copyrightHolder":{"@id":"https:\/\/www.estrategiaconcursos.com.br\/blog\/#organization"}},{"@type":"WebPage","@id":"https:\/\/www.estrategiaconcursos.com.br\/blog\/concurso-aleac\/","url":"https:\/\/www.estrategiaconcursos.com.br\/blog\/concurso-aleac\/","name":"Concurso ALEAC: edital previsto em 2026. Veja detalhes!","isPartOf":{"@id":"https:\/\/www.estrategiaconcursos.com.br\/blog\/#website"},"primaryImageOfPage":{"@id":"https:\/\/www.estrategiaconcursos.com.br\/blog\/concurso-aleac\/#primaryimage"},"image":{"@id":"https:\/\/www.estrategiaconcursos.com.br\/blog\/concurso-aleac\/#primaryimage"},"thumbnailUrl":"https:\/\/dhg1h5j42swfq.cloudfront.net\/2024\/12\/20171343\/aleac.jpg","datePublished":"2026-04-17T15:40:00+00:00","dateModified":"2026-04-17T18:10:39+00:00","description":"Edital do concurso ALEAC est\u00e1 previsto para ser publicado em 2026. Vagas para cargos nos n\u00edveis m\u00e9dio e superior. Veja os detalhes!","breadcrumb":{"@id":"https:\/\/www.estrategiaconcursos.com.br\/blog\/concurso-aleac\/#breadcrumb"},"inLanguage":"pt-BR","potentialAction":[{"@type":"ReadAction","target":["https:\/\/www.estrategiaconcursos.com.br\/blog\/concurso-aleac\/"]}]},{"@type":"ImageObject","inLanguage":"pt-BR","@id":"https:\/\/www.estrategiaconcursos.com.br\/blog\/concurso-aleac\/#primaryimage","url":"https:\/\/dhg1h5j42swfq.cloudfront.net\/2024\/12\/20171343\/aleac.jpg","contentUrl":"https:\/\/dhg1h5j42swfq.cloudfront.net\/2024\/12\/20171343\/aleac.jpg","width":768,"height":432,"caption":"concurso ALEAC"},{"@type":"BreadcrumbList","@id":"https:\/\/www.estrategiaconcursos.com.br\/blog\/concurso-aleac\/#breadcrumb","itemListElement":[{"@type":"ListItem","position":1,"name":"In\u00edcio","item":"https:\/\/www.estrategiaconcursos.com.br\/blog\/"},{"@type":"ListItem","position":2,"name":"Concurso ALEAC: edital previsto em 2026. Veja detalhes!"}]},{"@type":"WebSite","@id":"https:\/\/www.estrategiaconcursos.com.br\/blog\/#website","url":"https:\/\/www.estrategiaconcursos.com.br\/blog\/","name":"Estrat\u00e9gia Concursos","description":"O blog da Estrat\u00e9gia Concursos traz not\u00edcias sobre concursos e artigos de professores oferecendo cursos para concursos (pdf + videaulas) no site.","publisher":{"@id":"https:\/\/www.estrategiaconcursos.com.br\/blog\/#organization"},"potentialAction":[{"@type":"SearchAction","target":{"@type":"EntryPoint","urlTemplate":"https:\/\/www.estrategiaconcursos.com.br\/blog\/?s={search_term_string}"},"query-input":{"@type":"PropertyValueSpecification","valueRequired":true,"valueName":"search_term_string"}}],"inLanguage":"pt-BR"},{"@type":"Organization","@id":"https:\/\/www.estrategiaconcursos.com.br\/blog\/#organization","name":"Estrat\u00e9gia Concursos","url":"https:\/\/www.estrategiaconcursos.com.br\/blog\/","logo":{"@type":"ImageObject","inLanguage":"pt-BR","@id":"https:\/\/www.estrategiaconcursos.com.br\/blog\/#\/schema\/logo\/image\/","url":"https:\/\/dhg1h5j42swfq.cloudfront.net\/2025\/06\/03203428\/logo_concursos-1.jpg","contentUrl":"https:\/\/dhg1h5j42swfq.cloudfront.net\/2025\/06\/03203428\/logo_concursos-1.jpg","width":230,"height":60,"caption":"Estrat\u00e9gia Concursos"},"image":{"@id":"https:\/\/www.estrategiaconcursos.com.br\/blog\/#\/schema\/logo\/image\/"},"sameAs":["https:\/\/x.com\/EstratConcursos"]},{"@type":"Person","@id":"https:\/\/www.estrategiaconcursos.com.br\/blog\/#\/schema\/person\/cc9e76173880338ce9f656c88664a1f6","name":"Diogo Mendes","image":{"@type":"ImageObject","inLanguage":"pt-BR","@id":"https:\/\/secure.gravatar.com\/avatar\/9754d6777d460a45ef4067b586b94c32005cc2345a0404b8d96adc620cf63806?s=96&d=mm&r=g","url":"https:\/\/secure.gravatar.com\/avatar\/9754d6777d460a45ef4067b586b94c32005cc2345a0404b8d96adc620cf63806?s=96&d=mm&r=g","contentUrl":"https:\/\/secure.gravatar.com\/avatar\/9754d6777d460a45ef4067b586b94c32005cc2345a0404b8d96adc620cf63806?s=96&d=mm&r=g","caption":"Diogo Mendes"},"description":"Diogo Mendes \u00e9 jornalista formado pela Universidade Paulista, com experi\u00eancia em reda\u00e7\u00f5es de diversos ve\u00edculos e na produ\u00e7\u00e3o de conte\u00fados especializados em concursos p\u00fablicos. Desde 2019, atua no Estrat\u00e9gia Concursos como Jornalista e Analista de Conte\u00fado, com foco na apura\u00e7\u00e3o de informa\u00e7\u00f5es junto a \u00f3rg\u00e3os e fontes oficiais. Dedica-se especialmente \u00e0 produ\u00e7\u00e3o de not\u00edcias e reportagens sobre Concursos Legislativos, al\u00e9m de acompanhar diariamente os concursos policiais, banc\u00e1rios e da \u00e1rea da sa\u00fade.","url":"https:\/\/www.estrategiaconcursos.com.br\/blog\/author\/diogo-mendesestrategiaconcursos-com-br\/"}]}},"_links":{"self":[{"href":"https:\/\/www.estrategiaconcursos.com.br\/blog\/wp-json\/wp\/v2\/posts\/1312577","targetHints":{"allow":["GET"]}}],"collection":[{"href":"https:\/\/www.estrategiaconcursos.com.br\/blog\/wp-json\/wp\/v2\/posts"}],"about":[{"href":"https:\/\/www.estrategiaconcursos.com.br\/blog\/wp-json\/wp\/v2\/types\/post"}],"author":[{"embeddable":true,"href":"https:\/\/www.estrategiaconcursos.com.br\/blog\/wp-json\/wp\/v2\/users\/1483"}],"replies":[{"embeddable":true,"href":"https:\/\/www.estrategiaconcursos.com.br\/blog\/wp-json\/wp\/v2\/comments?post=1312577"}],"version-history":[{"count":27,"href":"https:\/\/www.estrategiaconcursos.com.br\/blog\/wp-json\/wp\/v2\/posts\/1312577\/revisions"}],"predecessor-version":[{"id":1755346,"href":"https:\/\/www.estrategiaconcursos.com.br\/blog\/wp-json\/wp\/v2\/posts\/1312577\/revisions\/1755346"}],"wp:featuredmedia":[{"embeddable":true,"href":"https:\/\/www.estrategiaconcursos.com.br\/blog\/wp-json\/wp\/v2\/media\/1509312"}],"wp:attachment":[{"href":"https:\/\/www.estrategiaconcursos.com.br\/blog\/wp-json\/wp\/v2\/media?parent=1312577"}],"wp:term":[{"taxonomy":"category","embeddable":true,"href":"https:\/\/www.estrategiaconcursos.com.br\/blog\/wp-json\/wp\/v2\/categories?post=1312577"},{"taxonomy":"post_tag","embeddable":true,"href":"https:\/\/www.estrategiaconcursos.com.br\/blog\/wp-json\/wp\/v2\/tags?post=1312577"},{"taxonomy":"tax_estado","embeddable":true,"href":"https:\/\/www.estrategiaconcursos.com.br\/blog\/wp-json\/wp\/v2\/tax_estado?post=1312577"}],"curies":[{"name":"wp","href":"https:\/\/api.w.org\/{rel}","templated":true}]}}