{"id":1311996,"date":"2023-12-27T10:47:00","date_gmt":"2023-12-27T13:47:00","guid":{"rendered":"https:\/\/www.estrategiaconcursos.com.br\/blog\/?p=1311996"},"modified":"2023-12-27T13:54:41","modified_gmt":"2023-12-27T16:54:41","slug":"concurso-itapeva-educacao","status":"publish","type":"post","link":"https:\/\/www.estrategiaconcursos.com.br\/blog\/concurso-itapeva-educacao\/","title":{"rendered":"Concurso Itapeva Educa\u00e7\u00e3o: provas em janeiro para 30 vagas!"},"content":{"rendered":"\n<p>A <strong>prefeitura de Itapeva<\/strong>, em S\u00e3o Paulo, publicou um novo edital de concurso p\u00fablico com vagas na \u00e1rea da educa\u00e7\u00e3o! <\/p>\n\n\n\n<p>O documento oferta ao todo <strong>30 vagas imediatas<\/strong> e 3.009 em cadastro de reserva para cargos de n\u00edveis fundamental, m\u00e9dio e superior de escolaridade, com sal\u00e1rios de <strong>R$ 1.377,19 a R$ 5.326,18<\/strong>.<\/p>\n\n\n\n<p>Os interessados em participar da sele\u00e7\u00e3o se inscreveram at\u00e9 26 de dezembro de 2023 atrav\u00e9s do site da banca organizadora,\u00a0<strong><a href=\"https:\/\/caipimes.selecao.net.br\/informacoes\/58\/\" target=\"_blank\" rel=\"noreferrer noopener\">CAIP<\/a><\/strong>.<\/p>\n\n\n\n<p>O valor da taxa de participa\u00e7\u00e3o varia conforme o grau cargo pretendido, sendo:<\/p>\n\n\n\n<ul class=\"wp-block-list\">\n<li><strong>Fundamental:<\/strong>&nbsp;R$ 35,00<\/li>\n\n\n\n<li><strong>M\u00e9dio:<\/strong>&nbsp;R$ 50,00<\/li>\n\n\n\n<li><strong>Superior:&nbsp;<\/strong>R$ 65,00<\/li>\n<\/ul>\n\n\n\n<p>Segundo o edital, as provas objetivas devem ser aplicadas na data prov\u00e1vel do dia <strong>21 de janeiro de 2024<\/strong>. <\/p>\n\n\n\n<ul class=\"has-very-light-gray-to-cyan-bluish-gray-gradient-background has-background wp-block-list\">\n<li><strong>Status:<\/strong> inscri\u00e7\u00f5es encerradas<\/li>\n\n\n\n<li><strong>Vagas:<\/strong> 30 + 3.009 CR<\/li>\n\n\n\n<li><strong>Escolaridade:<\/strong> fundamental, m\u00e9dio e superior<\/li>\n\n\n\n<li><strong>Sal\u00e1rios:<\/strong> R$ 1.377,19 a R$ 5.326,18<\/li>\n\n\n\n<li><strong>Edital<\/strong>: <strong><a href=\"https:\/\/dhg1h5j42swfq.cloudfront.net\/2023\/11\/27085329\/usdxpbjw3nipkidyqpgxgtidsorxrwsgn9u9abew-1.pdf\" target=\"_blank\" rel=\"noreferrer noopener\">Itapeva Educa\u00e7\u00e3o 2023<\/a><\/strong><\/li>\n<\/ul>\n\n\n\n<p>Elaboramos este artigo com as principais informa\u00e7\u00f5es e novidades sobre o concurso para te manter 100% informado. Acompanhe os t\u00f3picos abaixo e n\u00e3o perca nenhum detalhe:<\/p>\n\n\n\n<ul class=\"wp-block-list\">\n<li><a href=\"#concurso-itapeva-educacao-situacao-atual\">Situa\u00e7\u00e3o atual<\/a>\n<ul class=\"wp-block-list\">\n<li><a href=\"#datas\">Principais datas<\/a><\/li>\n<\/ul>\n<\/li>\n\n\n\n<li><a href=\"#cargos-vagas\">Cargos e vagas<\/a>\n<ul class=\"wp-block-list\">\n<li><a href=\"#fundamental\">Fundamental<\/a><\/li>\n\n\n\n<li><a href=\"#m\u00e9dio\">M\u00e9dio<\/a><\/li>\n\n\n\n<li><a href=\"#superior\">Superior<\/a><\/li>\n<\/ul>\n<\/li>\n\n\n\n<li><a href=\"#etapas\">Etapas e provas<\/a>\n<ul class=\"wp-block-list\">\n<li><a href=\"#objetiva\">Prova objetiva<\/a><\/li>\n<\/ul>\n<\/li>\n\n\n\n<li><a href=\"#cursos\">Cursos e assinaturas<\/a><\/li>\n\n\n\n<li><a href=\"#ficha\">Ficha t\u00e9cnica<\/a><\/li>\n<\/ul>\n\n\n\n<div class=\"container\" id=\"boxes\">\n  <div class=\"row\">\n\n    <div class=\"col-sm\">\n      <div class=\"banner-estrategia\" id=\"box-assinatura\">\n        <h3 class=\"titulo-assinatura\">Cursos para concursos<\/h3>\n        <p class=\"subtitulo-assinatura\">Conhe\u00e7a os cursos<\/p>\n        <div class=\"box-botao\">\n          <a class=\"btn-assinatura\" target=\"_blank\" href=\"https:\/\/www.estrategiaconcursos.com.br\/cursos\/\" role=\"button\" rel=\"noopener noreferrer\">Conhe\u00e7a mais<\/a>\n        <\/div>\n      <\/div>\n     \n    <\/div>\n\n  <\/div>\n<\/div>\n\n\n\n<h2 class=\"wp-block-heading\" id=\"concurso-itapeva-educacao-situacao-atual\">Concurso Itapeva Educa\u00e7\u00e3o: situa\u00e7\u00e3o atual<\/h2>\n\n\n\n<h3 class=\"wp-block-heading\" id=\"datas\">Principais datas<\/h3>\n\n\n\n<ul class=\"wp-block-list\">\n<li><strong>Inscri\u00e7\u00f5es<\/strong>: <s>at\u00e9 26\/12\/2023<\/s><\/li>\n\n\n\n<li><strong>Isen\u00e7\u00e3o da taxa<\/strong>: <s>at\u00e9 16\/12<\/s><\/li>\n\n\n\n<li><strong>\u00daltimo dia para pagamento<\/strong>: 27\/12<\/li>\n\n\n\n<li><strong>Prova<\/strong>: 21\/01\/2024<\/li>\n<\/ul>\n\n\n\n<h2 class=\"wp-block-heading\" id=\"cargos-vagas\">Cargos e vagas<\/h2>\n\n\n\n<h3 class=\"wp-block-heading\" id=\"fundamental\">N\u00edvel fundamental<\/h3>\n\n\n\n<figure class=\"wp-block-table is-style-stripes\"><table class=\"has-very-light-gray-to-cyan-bluish-gray-gradient-background has-background has-fixed-layout\"><thead><tr><th class=\"has-text-align-center\" data-align=\"center\">CARGOS<\/th><th class=\"has-text-align-center\" data-align=\"center\">VAGAS<\/th><th class=\"has-text-align-center\" data-align=\"center\">SAL\u00c1RIO<\/th><\/tr><\/thead><tbody><tr><td class=\"has-text-align-center\" data-align=\"center\">Motorista de<br \/>Transporte Escolar e Coletivo<\/td><td class=\"has-text-align-center\" data-align=\"center\">1 + 53 CR<\/td><td class=\"has-text-align-center\" data-align=\"center\">R$ 1.701,93<\/td><\/tr><\/tbody><\/table><figcaption class=\"wp-element-caption\">Cargo, vagas e sal\u00e1rio n\u00edvel fundamental.<\/figcaption><\/figure>\n\n\n\n<h3 class=\"wp-block-heading\" id=\"m\u00e9dio\">N\u00edvel m\u00e9dio<\/h3>\n\n\n\n<figure class=\"wp-block-table is-style-stripes\"><table class=\"has-very-light-gray-to-cyan-bluish-gray-gradient-background has-background has-fixed-layout\"><thead><tr><th class=\"has-text-align-center\" data-align=\"center\">CARGOS<\/th><th class=\"has-text-align-center\" data-align=\"center\">VAGAS<\/th><th class=\"has-text-align-center\" data-align=\"center\">SAL\u00c1RIO<\/th><\/tr><\/thead><tbody><tr><td class=\"has-text-align-center\" data-align=\"center\">Educador Social<\/td><td class=\"has-text-align-center\" data-align=\"center\">7 + 105 CR<\/td><td class=\"has-text-align-center\" data-align=\"center\">R$ 1.377,19<\/td><\/tr><tr><td class=\"has-text-align-center\" data-align=\"center\">Monitor de Educa\u00e7\u00e3o Infantil<\/td><td class=\"has-text-align-center\" data-align=\"center\">1 + 210 CR<\/td><td class=\"has-text-align-center\" data-align=\"center\">R$ 1.896,35<\/td><\/tr><tr><td class=\"has-text-align-center\" data-align=\"center\">Orientador de Alunos<\/td><td class=\"has-text-align-center\" data-align=\"center\">1 + 210 CR<\/td><td class=\"has-text-align-center\" data-align=\"center\">R$1.418,23<\/td><\/tr><tr><td class=\"has-text-align-center\" data-align=\"center\">Secret\u00e1rio de Escola<\/td><td class=\"has-text-align-center\" data-align=\"center\">1 + 105 CR<\/td><td class=\"has-text-align-center\" data-align=\"center\">R$ 2.183,66<\/td><\/tr><\/tbody><\/table><figcaption class=\"wp-element-caption\">Cargos, vagas e sal\u00e1rios n\u00edvel m\u00e9dio.<\/figcaption><\/figure>\n\n\n\n<h3 class=\"wp-block-heading\" id=\"superior\">N\u00edvel superior<\/h3>\n\n\n\n<figure class=\"wp-block-table is-style-stripes\"><table class=\"has-very-light-gray-to-cyan-bluish-gray-gradient-background has-background has-fixed-layout\"><thead><tr><th class=\"has-text-align-center\" data-align=\"center\">CARGOS<\/th><th class=\"has-text-align-center\" data-align=\"center\">VAGAS<\/th><th class=\"has-text-align-center\" data-align=\"center\">SAL\u00c1RIO<\/th><\/tr><\/thead><tbody><tr><td class=\"has-text-align-center\" data-align=\"center\">Coordenador Pedag\u00f3gico<\/td><td class=\"has-text-align-center\" data-align=\"center\">1 + 105 CR<\/td><td class=\"has-text-align-center\" data-align=\"center\">R$ 4.960,60<\/td><\/tr><tr><td class=\"has-text-align-center\" data-align=\"center\">Diretor de Escola<\/td><td class=\"has-text-align-center\" data-align=\"center\">1 + 105 CR<\/td><td class=\"has-text-align-center\" data-align=\"center\">R$ 5.326,18<\/td><\/tr><tr><td class=\"has-text-align-center\" data-align=\"center\">Psicopedagogo<\/td><td class=\"has-text-align-center\" data-align=\"center\">1 + 16 CR<\/td><td class=\"has-text-align-center\" data-align=\"center\">R$ 5.208,63<\/td><\/tr><\/tbody><\/table><figcaption class=\"wp-element-caption\">Cargos, vagas e sal\u00e1rio n\u00edvel superior.<\/figcaption><\/figure>\n\n\n\n<h3 class=\"wp-block-heading\" id=\"superior\">N\u00edvel superior &#8211; Professor<\/h3>\n\n\n\n<figure class=\"wp-block-table is-style-stripes\"><table class=\"has-very-light-gray-to-cyan-bluish-gray-gradient-background has-background has-fixed-layout\"><thead><tr><th class=\"has-text-align-center\" data-align=\"center\">\u00c1REA<\/th><th class=\"has-text-align-center\" data-align=\"center\">VAGAS<\/th><th class=\"has-text-align-center\" data-align=\"center\">SAL\u00c1RIO<\/th><\/tr><\/thead><tbody><tr><td class=\"has-text-align-center\" data-align=\"center\">Professor Auxiliar<\/td><td class=\"has-text-align-center\" data-align=\"center\">01 + 300 CR<\/td><td class=\"has-text-align-center\" data-align=\"center\">R$ 1.729,14<\/td><\/tr><tr><td class=\"has-text-align-center\" data-align=\"center\">PEB I (Ensino Fundamental)<\/td><td class=\"has-text-align-center\" data-align=\"center\">05 + 315 CR<\/td><td class=\"has-text-align-center\" data-align=\"center\">R$ 3.315,41<\/td><\/tr><tr><td class=\"has-text-align-center\" data-align=\"center\">PEB II &#8211; Artes<\/td><td class=\"has-text-align-center\" data-align=\"center\">1 + 158 CR<\/td><td class=\"has-text-align-center\" data-align=\"center\">R$ 23,22 p\/hora<\/td><\/tr><tr><td class=\"has-text-align-center\" data-align=\"center\">PEB II &#8211; Ci\u00eancias<\/td><td class=\"has-text-align-center\" data-align=\"center\">1 + 158 CR<\/td><td class=\"has-text-align-center\" data-align=\"center\">R$ 23,22 p\/hora<\/td><\/tr><tr><td class=\"has-text-align-center\" data-align=\"center\">PEB II &#8211; Educa\u00e7\u00e3o F\u00edsica<\/td><td class=\"has-text-align-center\" data-align=\"center\">1 + 158 CR<\/td><td class=\"has-text-align-center\" data-align=\"center\">R$ 23,22 p\/hora<\/td><\/tr><tr><td class=\"has-text-align-center\" data-align=\"center\">PEB II &#8211; Geografia<\/td><td class=\"has-text-align-center\" data-align=\"center\">1 + 158 CR<\/td><td class=\"has-text-align-center\" data-align=\"center\">R$ 23,22 p\/hora<\/td><\/tr><tr><td class=\"has-text-align-center\" data-align=\"center\">PEB II &#8211; Hist\u00f3ria<\/td><td class=\"has-text-align-center\" data-align=\"center\">1 + 158 CR<\/td><td class=\"has-text-align-center\" data-align=\"center\">R$ 23,22 p\/hora<\/td><\/tr><tr><td class=\"has-text-align-center\" data-align=\"center\">PEB II &#8211; Ingl\u00eas<\/td><td class=\"has-text-align-center\" data-align=\"center\">1 + 158 CR<\/td><td class=\"has-text-align-center\" data-align=\"center\">R$ 23,22 p\/hora<\/td><\/tr><tr><td class=\"has-text-align-center\" data-align=\"center\">PEB II &#8211; L\u00edngua Portuguesa<\/td><td class=\"has-text-align-center\" data-align=\"center\">1 + 158 CR<\/td><td class=\"has-text-align-center\" data-align=\"center\">R$ 23,22 p\/hora<\/td><\/tr><tr><td class=\"has-text-align-center\" data-align=\"center\">PEB II &#8211; Matem\u00e1tica<\/td><td class=\"has-text-align-center\" data-align=\"center\">1 + 158 CR<\/td><td class=\"has-text-align-center\" data-align=\"center\">R$ 23,22 p\/hora<\/td><\/tr><tr><td class=\"has-text-align-center\" data-align=\"center\">PEB II Auxiliar &#8211; L\u00edngua Portuguesa<\/td><td class=\"has-text-align-center\" data-align=\"center\">1 + 210 CR<\/td><td class=\"has-text-align-center\" data-align=\"center\">R$ 1.445,72<\/td><\/tr><tr><td class=\"has-text-align-center\" data-align=\"center\">PEB II Auxiliar &#8211; Matem\u00e1tica<\/td><td class=\"has-text-align-center\" data-align=\"center\">1 + 210 CR<\/td><td class=\"has-text-align-center\" data-align=\"center\">R$ 1.445,72<\/td><\/tr><\/tbody><\/table><figcaption class=\"wp-element-caption\">Cargos, vagas e sal\u00e1rios Professor.<\/figcaption><\/figure>\n\n\n\n<h2 class=\"wp-block-heading\" id=\"etapas\">Etapas e provas<\/h2>\n\n\n\n<p>Os candidatos ser\u00e3o avaliados pelas seguintes etapas e provas:<\/p>\n\n\n\n<ul class=\"wp-block-list\">\n<li>Prova objetiva- todos os cargos;<\/li>\n\n\n\n<li>Prova Pr\u00e1tica \u2013 Tratorista e Motorista;<\/li>\n\n\n\n<li>Prova Dissertativa \u2013 cargos de n\u00edvel superior; e<\/li>\n\n\n\n<li>Avalia\u00e7\u00e3o de T\u00edtulos \u2013 cargos de n\u00edvel superior.<\/li>\n<\/ul>\n\n\n\n<p>As provas objetivas e discursivas ser\u00e3o aplicadas em conjunto na data prov\u00e1vel do dia <strong>21 de janeiro de 2024.<\/strong><\/p>\n\n\n\n<h3 class=\"wp-block-heading\" id=\"objetiva\">Provas Objetivas<\/h3>\n\n\n\n<p>As provas objetivas, de car\u00e1ter classificat\u00f3rio e eliminat\u00f3rio, ser\u00e3o avaliadas na escala de 0 (zero) a 100<br \/>(cem) pontos com quest\u00f5es de m\u00faltipla escolha e ter\u00e3o respectivamente:<\/p>\n\n\n\n<ul class=\"wp-block-list\">\n<li>a) 50 (cinquenta) quest\u00f5es com 04 (quatro) alternativas cada, valendo 2,0 (dois pontos) cada<br \/>quest\u00e3o, para os cargos cujos requisitos sejam de n\u00edvel superior;<\/li>\n\n\n\n<li>b) 40 (quarenta) quest\u00f5es com 04 (quatro) alternativas cada, valendo 2,5 (dois pontos e meio)<br \/>cada quest\u00e3o, para os cargos cujos requisitos sejam de n\u00edvel m\u00e9dio; e<\/li>\n\n\n\n<li>c) 25 (vinte e cinco) quest\u00f5es com 04 (quatro) alternativas cada, valendo 4,0 (quatro pontos) cada<br \/>quest\u00e3o, para os cargos cujos requisitos sejam de n\u00edvel fundamental.<\/li>\n<\/ul>\n\n\n\n<p><strong>N\u00edvel fundamental<\/strong><\/p>\n\n\n\n<ul class=\"wp-block-list\">\n<li>L\u00edngua Portuguesa \u2013 10 quest\u00f5es;<\/li>\n\n\n\n<li>Matem\u00e1tica \u2013 5 quest\u00f5es;<\/li>\n\n\n\n<li>Atualidades \u2013 5 quest\u00f5es; e<\/li>\n\n\n\n<li>Conhecimentos Espec\u00edficos \u2013 5 quest\u00f5es.<\/li>\n<\/ul>\n\n\n\n<p><strong>N\u00edvel m\u00e9dio<\/strong><\/p>\n\n\n\n<ul class=\"wp-block-list\">\n<li>L\u00edngua Portuguesa \u2013 15 quest\u00f5es;<\/li>\n\n\n\n<li>Matem\u00e1tica \u2013 5 quest\u00f5es;<\/li>\n\n\n\n<li>Atualidades \u2013 5 quest\u00f5es;<\/li>\n\n\n\n<li>Conhecimentos B\u00e1sicos de Inform\u00e1tica \u2013 5 quest\u00f5es; e<\/li>\n\n\n\n<li>Conhecimentos Espec\u00edficos \u2013 10 quest\u00f5es.<\/li>\n<\/ul>\n\n\n\n<p><strong>N\u00edvel superior<\/strong><\/p>\n\n\n\n<ul class=\"wp-block-list\">\n<li>L\u00edngua Portuguesa \u2013 15 quest\u00f5es;<\/li>\n\n\n\n<li>Atualidades \u2013 5 quest\u00f5es;<\/li>\n\n\n\n<li>Conhecimentos B\u00e1sicos de Inform\u00e1tica \u2013 5 quest\u00f5es; e<\/li>\n\n\n\n<li>Conhecimentos Espec\u00edficos \u2013 25 quest\u00f5es.<\/li>\n<\/ul>\n\n\n\n<h3 class=\"wp-block-heading\" id=\"discursiva\">Prova Dissertativa<\/h3>\n\n\n\n<p>A Prova Dissertativa ser\u00e1 realizada na mesma data, local e hor\u00e1rio da Prova Objetiva, sendo corrigidas<br \/>as disserta\u00e7\u00f5es apenas dos candidatos habilitados na Prova Objetiva.<\/p>\n\n\n\n<p>Esta etapa tem como objetivo avaliar aspectos referentes aos argumentos utilizados pelo candidato no<br \/>que se refere \u00e0 bibliografia, clareza e coer\u00eancia na organiza\u00e7\u00e3o das ideias expostas, legibilidade, correta interpreta\u00e7\u00e3o do conte\u00fado solicitado e ortografia.<\/p>\n\n\n\n<h3 class=\"wp-block-heading\" id=\"titulos\">Avalia\u00e7\u00e3o de T\u00edtulos<\/h3>\n\n\n\n<p>A Avalia\u00e7\u00e3o de T\u00edtulos ter\u00e1 car\u00e1ter exclusivamente classificat\u00f3rio, valendo de 0 (zero) a 5,00 (cinco)<br \/>pontos.<\/p>\n\n\n\n<figure class=\"wp-block-image aligncenter\"><img loading=\"lazy\" decoding=\"async\" width=\"822\" height=\"262\" src=\"https:\/\/dhg1h5j42swfq.cloudfront.net\/2023\/11\/27092830\/image-364.png\" alt=\"Etapas e provas do edital Itapeva\" class=\"wp-image-1311872\" srcset=\"https:\/\/dhg1h5j42swfq.cloudfront.net\/2023\/11\/27092830\/image-364.png 822w, https:\/\/dhg1h5j42swfq.cloudfront.net\/2023\/11\/27092830\/image-364-300x96.png 300w, https:\/\/dhg1h5j42swfq.cloudfront.net\/2023\/11\/27092830\/image-364-768x245.png 768w, https:\/\/dhg1h5j42swfq.cloudfront.net\/2023\/11\/27092830\/image-364-610x194.png 610w, https:\/\/dhg1h5j42swfq.cloudfront.net\/2023\/11\/27092830\/image-364-150x48.png 150w\" sizes=\"auto, (max-width: 822px) 100vw, 822px\" \/><\/figure>\n\n\n\n<h2 class=\"wp-block-heading has-text-align-center wp-embed-aspect-16-9 wp-has-aspect-ratio\" id=\"h-quer-saber-tudo-sobre-concursos-previstos-confira-nossos-artigos\">Quer saber tudo sobre concursos previstos?<br \/>Confira nossos artigos!<\/h2>\n\n\n\n<ul class=\"wp-embed-aspect-16-9 wp-has-aspect-ratio wp-block-list\">\n<li><a href=\"https:\/\/www.estrategiaconcursos.com.br\/blog\/concursos-abertos\/\" target=\"_blank\" rel=\"noreferrer noopener\">Concursos abertos<\/a><\/li>\n\n\n\n<li><a href=\"https:\/\/www.estrategiaconcursos.com.br\/blog\/concursos-2023\/\" target=\"_blank\" rel=\"noreferrer noopener\">Concursos 2023<\/a><\/li>\n\n\n\n<li><a href=\"https:\/\/www.estrategiaconcursos.com.br\/blog\/concursos-2024\/\" target=\"_blank\" rel=\"noreferrer noopener\">Concursos 2024<\/a><\/li>\n<\/ul>\n\n\n\n<h2 class=\"wp-block-heading has-text-align-center wp-embed-aspect-16-9 wp-has-aspect-ratio\" id=\"cursos\">Cursos e Assinaturas<\/h2>\n\n\n\n<p class=\"has-text-align-center wp-embed-aspect-16-9 wp-has-aspect-ratio\"><strong><em>Gostou dessa oportunidade&nbsp;e deseja se preparar para este concurso?<\/em><\/strong><br \/><strong><em>Esteja mais preparado com nossos cursos. Acompanhe as novidades!<\/em><\/strong><\/p>\n\n\n\n<div class=\"container\" id=\"boxes\">\n  <div class=\"row\">\n\n    <div class=\"col-sm\">\n      <div class=\"banner-estrategia\" id=\"box-assinatura\">\n        <h3 class=\"titulo-assinatura\">Cursos para concursos<\/h3>\n        <p class=\"subtitulo-assinatura\">Conhe\u00e7a os cursos<\/p>\n        <div class=\"box-botao\">\n          <a class=\"btn-assinatura\" target=\"_blank\" href=\"https:\/\/www.estrategiaconcursos.com.br\/cursos\/\" role=\"button\" rel=\"noopener noreferrer\">Conhe\u00e7a mais<\/a>\n        <\/div>\n      <\/div>\n     \n    <\/div>\n\n  <\/div>\n<\/div>\n\n\n\n<div class=\"container\" id=\"boxes\">\n  <div class=\"row\">\n\n    <div class=\"col-sm\">\n      <div class=\"estrategia\" id=\"box-assinatura\">\n        <h3 class=\"titulo-assinatura\">Assinatura Concursos<\/h3>\n        <p class=\"subtitulo-assinatura\">Assinatura de 1 ano ou 2 anos<\/p>\n        <div class=\"box-botao\">\n          <a class=\"btn-assinatura\" target=\"_blank\" href=\"https:\/\/www.estrategiaconcursos.com.br\/assinaturas\/\" role=\"button\" rel=\"noopener noreferrer\">ASSINE AGORA<\/a>\n        <\/div>\n      <\/div><\/div><\/div><\/div>\n\n\n\n<figure class=\"wp-block-image size-large is-resized\"><img loading=\"lazy\" decoding=\"async\" width=\"1024\" height=\"632\" src=\"https:\/\/dhg1h5j42swfq.cloudfront.net\/2025\/06\/27101122\/ficha-tecnica-1-1024x632.png\" alt=\"\" class=\"wp-image-702728\" style=\"width:269px;height:166px\" srcset=\"https:\/\/dhg1h5j42swfq.cloudfront.net\/2025\/06\/27101122\/ficha-tecnica-1-1024x632.png 1024w, https:\/\/dhg1h5j42swfq.cloudfront.net\/2025\/06\/27101122\/ficha-tecnica-1-300x185.png 300w, https:\/\/dhg1h5j42swfq.cloudfront.net\/2025\/06\/27101122\/ficha-tecnica-1-768x474.png 768w, https:\/\/dhg1h5j42swfq.cloudfront.net\/2025\/06\/27101122\/ficha-tecnica-1-1536x948.png 1536w, https:\/\/dhg1h5j42swfq.cloudfront.net\/2025\/06\/27101122\/ficha-tecnica-1-610x377.png 610w, https:\/\/dhg1h5j42swfq.cloudfront.net\/2025\/06\/27101122\/ficha-tecnica-1.png 1571w\" sizes=\"auto, (max-width: 1024px) 100vw, 1024px\" \/><\/figure>\n\n\n\n<h3 class=\"wp-block-heading\" id=\"ficha\">Informa\u00e7\u00f5es do concurso Itapeva Educa\u00e7\u00e3o<\/h3>\n\n\n\n<ul class=\"wp-block-list\">\n<li><strong>Inscri\u00e7\u00f5es<\/strong>: at\u00e9 26\/12<\/li>\n\n\n\n<li><strong>Provas<\/strong>: 21\/01\/2024<\/li>\n\n\n\n<li><strong>Vagas<\/strong>: 30 + 3.009 CR<\/li>\n\n\n\n<li><strong>Cargos<\/strong>: Diversos<\/li>\n\n\n\n<li><strong>Banca<\/strong>: CAIP<\/li>\n\n\n\n<li><strong>Escolaridade<\/strong>: N\u00edvel fundamental, m\u00e9dio e superior<\/li>\n\n\n\n<li><strong>Edital<\/strong>:&nbsp;<strong>Edital <a href=\"https:\/\/dhg1h5j42swfq.cloudfront.net\/2023\/11\/27085329\/usdxpbjw3nipkidyqpgxgtidsorxrwsgn9u9abew-1.pdf\" target=\"_blank\" rel=\"noreferrer noopener\">Itapeva Educa\u00e7\u00e3o 2023<\/a><\/strong><\/li>\n<\/ul>\n","protected":false},"excerpt":{"rendered":"<p>A prefeitura de Itapeva, em S\u00e3o Paulo, publicou um novo edital de concurso p\u00fablico com vagas na \u00e1rea da educa\u00e7\u00e3o! O documento oferta ao todo 30 vagas imediatas e 3.009 em cadastro de reserva para cargos de n\u00edveis fundamental, m\u00e9dio e superior de escolaridade, com sal\u00e1rios de R$ 1.377,19 a R$ 5.326,18. Os interessados em [&hellip;]<\/p>\n","protected":false},"author":1,"featured_media":1090639,"comment_status":"open","ping_status":"closed","sticky":false,"template":"","format":"standard","meta":{"post_tipo":"news_page","footnotes":""},"categories":[3766,220219],"tags":[],"tax_estado":[219989],"class_list":["post-1311996","post","type-post","status-publish","format-standard","has-post-thumbnail","hentry","category-educacional","category-noticias","tax_estado-sp"],"acf":[],"yoast_head":"<!-- This site is optimized with the Yoast SEO Premium plugin v27.2 (Yoast SEO v27.2) - https:\/\/yoast.com\/product\/yoast-seo-premium-wordpress\/ -->\n<title>Concurso Itapeva Educa\u00e7\u00e3o: provas em janeiro para 30 vagas!<\/title>\n<meta name=\"description\" content=\"Concurso Itapeva Educa\u00e7\u00e3o: edital publicado com vagas de n\u00edveis m\u00e9dio e superior de escolaridade. Confira os detalhes aqui!\" \/>\n<meta name=\"robots\" content=\"index, follow, max-snippet:-1, max-image-preview:large, max-video-preview:-1\" \/>\n<link rel=\"canonical\" href=\"https:\/\/www.estrategiaconcursos.com.br\/blog\/concurso-itapeva-educacao\/\" \/>\n<meta property=\"og:locale\" content=\"pt_BR\" \/>\n<meta property=\"og:type\" content=\"article\" \/>\n<meta property=\"og:title\" content=\"Concurso Itapeva Educa\u00e7\u00e3o: provas em janeiro para 30 vagas!\" \/>\n<meta property=\"og:description\" content=\"Concurso Itapeva Educa\u00e7\u00e3o: edital publicado com vagas de n\u00edveis m\u00e9dio e superior de escolaridade. Confira os detalhes aqui!\" \/>\n<meta property=\"og:url\" content=\"https:\/\/www.estrategiaconcursos.com.br\/blog\/concurso-itapeva-educacao\/\" \/>\n<meta property=\"og:site_name\" content=\"Estrat\u00e9gia Concursos\" \/>\n<meta property=\"article:author\" content=\"https:\/\/www.facebook.com\/EstrategiaConcursos\" \/>\n<meta property=\"article:published_time\" content=\"2023-12-27T13:47:00+00:00\" \/>\n<meta property=\"article:modified_time\" content=\"2023-12-27T16:54:41+00:00\" \/>\n<meta property=\"og:image\" content=\"https:\/\/dhg1h5j42swfq.cloudfront.net\/2022\/09\/06185737\/concursos_educacao.jpg\" \/>\n\t<meta property=\"og:image:width\" content=\"768\" \/>\n\t<meta property=\"og:image:height\" content=\"432\" \/>\n\t<meta property=\"og:image:type\" content=\"image\/jpeg\" \/>\n<meta name=\"author\" content=\"Coordena\u00e7\u00e3o\" \/>\n<meta name=\"twitter:card\" content=\"summary_large_image\" \/>\n<meta name=\"twitter:creator\" content=\"@EstratConcursos\" \/>\n<meta name=\"twitter:site\" content=\"@EstratConcursos\" \/>\n<meta name=\"twitter:label1\" content=\"Escrito por\" \/>\n\t<meta name=\"twitter:data1\" content=\"Coordena\u00e7\u00e3o\" \/>\n\t<meta name=\"twitter:label2\" content=\"Est. tempo de leitura\" \/>\n\t<meta name=\"twitter:data2\" content=\"4 minutos\" \/>\n<script type=\"application\/ld+json\" class=\"yoast-schema-graph\">{\"@context\":\"https:\/\/schema.org\",\"@graph\":[{\"@type\":\"NewsArticle\",\"@id\":\"https:\/\/www.estrategiaconcursos.com.br\/blog\/concurso-itapeva-educacao\/#article\",\"isPartOf\":{\"@id\":\"https:\/\/www.estrategiaconcursos.com.br\/blog\/concurso-itapeva-educacao\/\"},\"author\":{\"name\":\"Coordena\u00e7\u00e3o\",\"@id\":\"https:\/\/www.estrategiaconcursos.com.br\/blog\/#\/schema\/person\/b4a388c97673c5f483d72185668afa1f\"},\"headline\":\"Concurso Itapeva Educa\u00e7\u00e3o: provas em janeiro para 30 vagas!\",\"datePublished\":\"2023-12-27T13:47:00+00:00\",\"dateModified\":\"2023-12-27T16:54:41+00:00\",\"mainEntityOfPage\":{\"@id\":\"https:\/\/www.estrategiaconcursos.com.br\/blog\/concurso-itapeva-educacao\/\"},\"wordCount\":858,\"commentCount\":0,\"publisher\":{\"@id\":\"https:\/\/www.estrategiaconcursos.com.br\/blog\/#organization\"},\"image\":{\"@id\":\"https:\/\/www.estrategiaconcursos.com.br\/blog\/concurso-itapeva-educacao\/#primaryimage\"},\"thumbnailUrl\":\"https:\/\/dhg1h5j42swfq.cloudfront.net\/2022\/09\/06185737\/concursos_educacao.jpg\",\"articleSection\":[\"Educa\u00e7\u00e3o\",\"\u00daltimas not\u00edcias\"],\"inLanguage\":\"pt-BR\",\"potentialAction\":[{\"@type\":\"CommentAction\",\"name\":\"Comment\",\"target\":[\"https:\/\/www.estrategiaconcursos.com.br\/blog\/concurso-itapeva-educacao\/#respond\"]}],\"copyrightYear\":\"2023\",\"copyrightHolder\":{\"@id\":\"https:\/\/www.estrategiaconcursos.com.br\/blog\/#organization\"}},{\"@type\":\"WebPage\",\"@id\":\"https:\/\/www.estrategiaconcursos.com.br\/blog\/concurso-itapeva-educacao\/\",\"url\":\"https:\/\/www.estrategiaconcursos.com.br\/blog\/concurso-itapeva-educacao\/\",\"name\":\"Concurso Itapeva Educa\u00e7\u00e3o: provas em janeiro para 30 vagas!\",\"isPartOf\":{\"@id\":\"https:\/\/www.estrategiaconcursos.com.br\/blog\/#website\"},\"primaryImageOfPage\":{\"@id\":\"https:\/\/www.estrategiaconcursos.com.br\/blog\/concurso-itapeva-educacao\/#primaryimage\"},\"image\":{\"@id\":\"https:\/\/www.estrategiaconcursos.com.br\/blog\/concurso-itapeva-educacao\/#primaryimage\"},\"thumbnailUrl\":\"https:\/\/dhg1h5j42swfq.cloudfront.net\/2022\/09\/06185737\/concursos_educacao.jpg\",\"datePublished\":\"2023-12-27T13:47:00+00:00\",\"dateModified\":\"2023-12-27T16:54:41+00:00\",\"description\":\"Concurso Itapeva Educa\u00e7\u00e3o: edital publicado com vagas de n\u00edveis m\u00e9dio e superior de escolaridade. Confira os detalhes aqui!\",\"breadcrumb\":{\"@id\":\"https:\/\/www.estrategiaconcursos.com.br\/blog\/concurso-itapeva-educacao\/#breadcrumb\"},\"inLanguage\":\"pt-BR\",\"potentialAction\":[{\"@type\":\"ReadAction\",\"target\":[\"https:\/\/www.estrategiaconcursos.com.br\/blog\/concurso-itapeva-educacao\/\"]}]},{\"@type\":\"ImageObject\",\"inLanguage\":\"pt-BR\",\"@id\":\"https:\/\/www.estrategiaconcursos.com.br\/blog\/concurso-itapeva-educacao\/#primaryimage\",\"url\":\"https:\/\/dhg1h5j42swfq.cloudfront.net\/2022\/09\/06185737\/concursos_educacao.jpg\",\"contentUrl\":\"https:\/\/dhg1h5j42swfq.cloudfront.net\/2022\/09\/06185737\/concursos_educacao.jpg\",\"width\":768,\"height\":432,\"caption\":\"Concurso SME Indaial SP\"},{\"@type\":\"BreadcrumbList\",\"@id\":\"https:\/\/www.estrategiaconcursos.com.br\/blog\/concurso-itapeva-educacao\/#breadcrumb\",\"itemListElement\":[{\"@type\":\"ListItem\",\"position\":1,\"name\":\"In\u00edcio\",\"item\":\"https:\/\/www.estrategiaconcursos.com.br\/blog\/\"},{\"@type\":\"ListItem\",\"position\":2,\"name\":\"Concurso Itapeva Educa\u00e7\u00e3o: provas em janeiro para 30 vagas!\"}]},{\"@type\":\"WebSite\",\"@id\":\"https:\/\/www.estrategiaconcursos.com.br\/blog\/#website\",\"url\":\"https:\/\/www.estrategiaconcursos.com.br\/blog\/\",\"name\":\"Estrat\u00e9gia Concursos\",\"description\":\"O blog da Estrat\u00e9gia Concursos traz not\u00edcias sobre concursos e artigos de professores oferecendo cursos para concursos (pdf + videaulas) no site.\",\"publisher\":{\"@id\":\"https:\/\/www.estrategiaconcursos.com.br\/blog\/#organization\"},\"potentialAction\":[{\"@type\":\"SearchAction\",\"target\":{\"@type\":\"EntryPoint\",\"urlTemplate\":\"https:\/\/www.estrategiaconcursos.com.br\/blog\/?s={search_term_string}\"},\"query-input\":{\"@type\":\"PropertyValueSpecification\",\"valueRequired\":true,\"valueName\":\"search_term_string\"}}],\"inLanguage\":\"pt-BR\"},{\"@type\":\"Organization\",\"@id\":\"https:\/\/www.estrategiaconcursos.com.br\/blog\/#organization\",\"name\":\"Estrat\u00e9gia Concursos\",\"url\":\"https:\/\/www.estrategiaconcursos.com.br\/blog\/\",\"logo\":{\"@type\":\"ImageObject\",\"inLanguage\":\"pt-BR\",\"@id\":\"https:\/\/www.estrategiaconcursos.com.br\/blog\/#\/schema\/logo\/image\/\",\"url\":\"https:\/\/dhg1h5j42swfq.cloudfront.net\/2025\/06\/03203428\/logo_concursos-1.jpg\",\"contentUrl\":\"https:\/\/dhg1h5j42swfq.cloudfront.net\/2025\/06\/03203428\/logo_concursos-1.jpg\",\"width\":230,\"height\":60,\"caption\":\"Estrat\u00e9gia Concursos\"},\"image\":{\"@id\":\"https:\/\/www.estrategiaconcursos.com.br\/blog\/#\/schema\/logo\/image\/\"},\"sameAs\":[\"https:\/\/x.com\/EstratConcursos\"]},{\"@type\":\"Person\",\"@id\":\"https:\/\/www.estrategiaconcursos.com.br\/blog\/#\/schema\/person\/b4a388c97673c5f483d72185668afa1f\",\"name\":\"Coordena\u00e7\u00e3o\",\"image\":{\"@type\":\"ImageObject\",\"inLanguage\":\"pt-BR\",\"@id\":\"https:\/\/secure.gravatar.com\/avatar\/b720319e4c9a967eb58678d110f4fe35452fc5d5f97b202bac7b8acceb18c6ad?s=96&d=mm&r=g\",\"url\":\"https:\/\/secure.gravatar.com\/avatar\/b720319e4c9a967eb58678d110f4fe35452fc5d5f97b202bac7b8acceb18c6ad?s=96&d=mm&r=g\",\"contentUrl\":\"https:\/\/secure.gravatar.com\/avatar\/b720319e4c9a967eb58678d110f4fe35452fc5d5f97b202bac7b8acceb18c6ad?s=96&d=mm&r=g\",\"caption\":\"Coordena\u00e7\u00e3o\"},\"sameAs\":[\"https:\/\/www.facebook.com\/EstrategiaConcursos\",\"https:\/\/x.com\/EstratConcursos\"],\"url\":\"https:\/\/www.estrategiaconcursos.com.br\/blog\/author\/estrategia2013\/\"}]}<\/script>\n<!-- \/ Yoast SEO Premium plugin. -->","yoast_head_json":{"title":"Concurso Itapeva Educa\u00e7\u00e3o: provas em janeiro para 30 vagas!","description":"Concurso Itapeva Educa\u00e7\u00e3o: edital publicado com vagas de n\u00edveis m\u00e9dio e superior de escolaridade. Confira os detalhes aqui!","robots":{"index":"index","follow":"follow","max-snippet":"max-snippet:-1","max-image-preview":"max-image-preview:large","max-video-preview":"max-video-preview:-1"},"canonical":"https:\/\/www.estrategiaconcursos.com.br\/blog\/concurso-itapeva-educacao\/","og_locale":"pt_BR","og_type":"article","og_title":"Concurso Itapeva Educa\u00e7\u00e3o: provas em janeiro para 30 vagas!","og_description":"Concurso Itapeva Educa\u00e7\u00e3o: edital publicado com vagas de n\u00edveis m\u00e9dio e superior de escolaridade. Confira os detalhes aqui!","og_url":"https:\/\/www.estrategiaconcursos.com.br\/blog\/concurso-itapeva-educacao\/","og_site_name":"Estrat\u00e9gia Concursos","article_author":"https:\/\/www.facebook.com\/EstrategiaConcursos","article_published_time":"2023-12-27T13:47:00+00:00","article_modified_time":"2023-12-27T16:54:41+00:00","og_image":[{"width":768,"height":432,"url":"https:\/\/dhg1h5j42swfq.cloudfront.net\/2022\/09\/06185737\/concursos_educacao.jpg","type":"image\/jpeg"}],"author":"Coordena\u00e7\u00e3o","twitter_card":"summary_large_image","twitter_creator":"@EstratConcursos","twitter_site":"@EstratConcursos","twitter_misc":{"Escrito por":"Coordena\u00e7\u00e3o","Est. tempo de leitura":"4 minutos"},"schema":{"@context":"https:\/\/schema.org","@graph":[{"@type":"NewsArticle","@id":"https:\/\/www.estrategiaconcursos.com.br\/blog\/concurso-itapeva-educacao\/#article","isPartOf":{"@id":"https:\/\/www.estrategiaconcursos.com.br\/blog\/concurso-itapeva-educacao\/"},"author":{"name":"Coordena\u00e7\u00e3o","@id":"https:\/\/www.estrategiaconcursos.com.br\/blog\/#\/schema\/person\/b4a388c97673c5f483d72185668afa1f"},"headline":"Concurso Itapeva Educa\u00e7\u00e3o: provas em janeiro para 30 vagas!","datePublished":"2023-12-27T13:47:00+00:00","dateModified":"2023-12-27T16:54:41+00:00","mainEntityOfPage":{"@id":"https:\/\/www.estrategiaconcursos.com.br\/blog\/concurso-itapeva-educacao\/"},"wordCount":858,"commentCount":0,"publisher":{"@id":"https:\/\/www.estrategiaconcursos.com.br\/blog\/#organization"},"image":{"@id":"https:\/\/www.estrategiaconcursos.com.br\/blog\/concurso-itapeva-educacao\/#primaryimage"},"thumbnailUrl":"https:\/\/dhg1h5j42swfq.cloudfront.net\/2022\/09\/06185737\/concursos_educacao.jpg","articleSection":["Educa\u00e7\u00e3o","\u00daltimas not\u00edcias"],"inLanguage":"pt-BR","potentialAction":[{"@type":"CommentAction","name":"Comment","target":["https:\/\/www.estrategiaconcursos.com.br\/blog\/concurso-itapeva-educacao\/#respond"]}],"copyrightYear":"2023","copyrightHolder":{"@id":"https:\/\/www.estrategiaconcursos.com.br\/blog\/#organization"}},{"@type":"WebPage","@id":"https:\/\/www.estrategiaconcursos.com.br\/blog\/concurso-itapeva-educacao\/","url":"https:\/\/www.estrategiaconcursos.com.br\/blog\/concurso-itapeva-educacao\/","name":"Concurso Itapeva Educa\u00e7\u00e3o: provas em janeiro para 30 vagas!","isPartOf":{"@id":"https:\/\/www.estrategiaconcursos.com.br\/blog\/#website"},"primaryImageOfPage":{"@id":"https:\/\/www.estrategiaconcursos.com.br\/blog\/concurso-itapeva-educacao\/#primaryimage"},"image":{"@id":"https:\/\/www.estrategiaconcursos.com.br\/blog\/concurso-itapeva-educacao\/#primaryimage"},"thumbnailUrl":"https:\/\/dhg1h5j42swfq.cloudfront.net\/2022\/09\/06185737\/concursos_educacao.jpg","datePublished":"2023-12-27T13:47:00+00:00","dateModified":"2023-12-27T16:54:41+00:00","description":"Concurso Itapeva Educa\u00e7\u00e3o: edital publicado com vagas de n\u00edveis m\u00e9dio e superior de escolaridade. Confira os detalhes aqui!","breadcrumb":{"@id":"https:\/\/www.estrategiaconcursos.com.br\/blog\/concurso-itapeva-educacao\/#breadcrumb"},"inLanguage":"pt-BR","potentialAction":[{"@type":"ReadAction","target":["https:\/\/www.estrategiaconcursos.com.br\/blog\/concurso-itapeva-educacao\/"]}]},{"@type":"ImageObject","inLanguage":"pt-BR","@id":"https:\/\/www.estrategiaconcursos.com.br\/blog\/concurso-itapeva-educacao\/#primaryimage","url":"https:\/\/dhg1h5j42swfq.cloudfront.net\/2022\/09\/06185737\/concursos_educacao.jpg","contentUrl":"https:\/\/dhg1h5j42swfq.cloudfront.net\/2022\/09\/06185737\/concursos_educacao.jpg","width":768,"height":432,"caption":"Concurso SME Indaial SP"},{"@type":"BreadcrumbList","@id":"https:\/\/www.estrategiaconcursos.com.br\/blog\/concurso-itapeva-educacao\/#breadcrumb","itemListElement":[{"@type":"ListItem","position":1,"name":"In\u00edcio","item":"https:\/\/www.estrategiaconcursos.com.br\/blog\/"},{"@type":"ListItem","position":2,"name":"Concurso Itapeva Educa\u00e7\u00e3o: provas em janeiro para 30 vagas!"}]},{"@type":"WebSite","@id":"https:\/\/www.estrategiaconcursos.com.br\/blog\/#website","url":"https:\/\/www.estrategiaconcursos.com.br\/blog\/","name":"Estrat\u00e9gia Concursos","description":"O blog da Estrat\u00e9gia Concursos traz not\u00edcias sobre concursos e artigos de professores oferecendo cursos para concursos (pdf + videaulas) no site.","publisher":{"@id":"https:\/\/www.estrategiaconcursos.com.br\/blog\/#organization"},"potentialAction":[{"@type":"SearchAction","target":{"@type":"EntryPoint","urlTemplate":"https:\/\/www.estrategiaconcursos.com.br\/blog\/?s={search_term_string}"},"query-input":{"@type":"PropertyValueSpecification","valueRequired":true,"valueName":"search_term_string"}}],"inLanguage":"pt-BR"},{"@type":"Organization","@id":"https:\/\/www.estrategiaconcursos.com.br\/blog\/#organization","name":"Estrat\u00e9gia Concursos","url":"https:\/\/www.estrategiaconcursos.com.br\/blog\/","logo":{"@type":"ImageObject","inLanguage":"pt-BR","@id":"https:\/\/www.estrategiaconcursos.com.br\/blog\/#\/schema\/logo\/image\/","url":"https:\/\/dhg1h5j42swfq.cloudfront.net\/2025\/06\/03203428\/logo_concursos-1.jpg","contentUrl":"https:\/\/dhg1h5j42swfq.cloudfront.net\/2025\/06\/03203428\/logo_concursos-1.jpg","width":230,"height":60,"caption":"Estrat\u00e9gia Concursos"},"image":{"@id":"https:\/\/www.estrategiaconcursos.com.br\/blog\/#\/schema\/logo\/image\/"},"sameAs":["https:\/\/x.com\/EstratConcursos"]},{"@type":"Person","@id":"https:\/\/www.estrategiaconcursos.com.br\/blog\/#\/schema\/person\/b4a388c97673c5f483d72185668afa1f","name":"Coordena\u00e7\u00e3o","image":{"@type":"ImageObject","inLanguage":"pt-BR","@id":"https:\/\/secure.gravatar.com\/avatar\/b720319e4c9a967eb58678d110f4fe35452fc5d5f97b202bac7b8acceb18c6ad?s=96&d=mm&r=g","url":"https:\/\/secure.gravatar.com\/avatar\/b720319e4c9a967eb58678d110f4fe35452fc5d5f97b202bac7b8acceb18c6ad?s=96&d=mm&r=g","contentUrl":"https:\/\/secure.gravatar.com\/avatar\/b720319e4c9a967eb58678d110f4fe35452fc5d5f97b202bac7b8acceb18c6ad?s=96&d=mm&r=g","caption":"Coordena\u00e7\u00e3o"},"sameAs":["https:\/\/www.facebook.com\/EstrategiaConcursos","https:\/\/x.com\/EstratConcursos"],"url":"https:\/\/www.estrategiaconcursos.com.br\/blog\/author\/estrategia2013\/"}]}},"_links":{"self":[{"href":"https:\/\/www.estrategiaconcursos.com.br\/blog\/wp-json\/wp\/v2\/posts\/1311996","targetHints":{"allow":["GET"]}}],"collection":[{"href":"https:\/\/www.estrategiaconcursos.com.br\/blog\/wp-json\/wp\/v2\/posts"}],"about":[{"href":"https:\/\/www.estrategiaconcursos.com.br\/blog\/wp-json\/wp\/v2\/types\/post"}],"author":[{"embeddable":true,"href":"https:\/\/www.estrategiaconcursos.com.br\/blog\/wp-json\/wp\/v2\/users\/1"}],"replies":[{"embeddable":true,"href":"https:\/\/www.estrategiaconcursos.com.br\/blog\/wp-json\/wp\/v2\/comments?post=1311996"}],"version-history":[{"count":8,"href":"https:\/\/www.estrategiaconcursos.com.br\/blog\/wp-json\/wp\/v2\/posts\/1311996\/revisions"}],"predecessor-version":[{"id":1341812,"href":"https:\/\/www.estrategiaconcursos.com.br\/blog\/wp-json\/wp\/v2\/posts\/1311996\/revisions\/1341812"}],"wp:featuredmedia":[{"embeddable":true,"href":"https:\/\/www.estrategiaconcursos.com.br\/blog\/wp-json\/wp\/v2\/media\/1090639"}],"wp:attachment":[{"href":"https:\/\/www.estrategiaconcursos.com.br\/blog\/wp-json\/wp\/v2\/media?parent=1311996"}],"wp:term":[{"taxonomy":"category","embeddable":true,"href":"https:\/\/www.estrategiaconcursos.com.br\/blog\/wp-json\/wp\/v2\/categories?post=1311996"},{"taxonomy":"post_tag","embeddable":true,"href":"https:\/\/www.estrategiaconcursos.com.br\/blog\/wp-json\/wp\/v2\/tags?post=1311996"},{"taxonomy":"tax_estado","embeddable":true,"href":"https:\/\/www.estrategiaconcursos.com.br\/blog\/wp-json\/wp\/v2\/tax_estado?post=1311996"}],"curies":[{"name":"wp","href":"https:\/\/api.w.org\/{rel}","templated":true}]}}