{"id":131006,"date":"2018-07-13T12:56:18","date_gmt":"2018-07-13T15:56:18","guid":{"rendered":"https:\/\/www.estrategiaconcursos.com.br\/blog\/?p=131006"},"modified":"2019-11-08T16:43:34","modified_gmt":"2019-11-08T19:43:34","slug":"comentarios-as-questoes-de-direitos-humanos-da-pm-se","status":"publish","type":"post","link":"https:\/\/www.estrategiaconcursos.com.br\/blog\/comentarios-as-questoes-de-direitos-humanos-da-pm-se\/","title":{"rendered":"Coment\u00e1rios \u00e0s quest\u00f5es de Direitos Humanos da PM-SE"},"content":{"rendered":"<p style=\"text-align: justify\">Ol\u00e1! Analisamos as quest\u00f5es de Direitos Humanos aplicadas na prova de da PM-SE para o cargo de soldado. S\u00e3o quest\u00f5es da banca IBFC fresquinhas para voc\u00ea treinar.<\/p>\n<p style=\"text-align: justify\">Caso voc\u00ea fique em d\u00favida, por favor, no contate:<\/p>\n<p style=\"text-align: justify\">SITE:\u00a0<a href=\"https:\/\/sites.google.com\/prod\/view\/proftorques\">https:\/\/sites.google.com\/prod\/view\/proftorques<\/a><\/p>\n<p style=\"text-align: justify\">INSTAGRAM:\u00a0<a href=\"https:\/\/www.instagram.com\/proftorques\/\">https:\/\/www.instagram.com\/proftorques\/<\/a><\/p>\n<p style=\"text-align: justify\">FACEBOOK:\u00a0<a href=\"https:\/\/www.facebook.com\/direitoshumanosparaconcursos\">https:\/\/www.facebook.com\/direitoshumanosparaconcursos<\/a><\/p>\n<p style=\"text-align: justify\">E-MAIL:\u00a0<a href=\"mailto:rst.estrategia@gmail.com\">rst.estrategia@gmail.com<\/a><\/p>\n<p style=\"text-align: justify\">Vamos \u00e0s quest\u00f5es<\/p>\n<p style=\"text-align: justify\"><strong>&#8212;<\/strong><\/p>\n<ol style=\"text-align: justify\" start=\"66\">\n<li>(<strong>IBFC\/PM-SE\/2018)<\/strong><\/li>\n<\/ol>\n<p style=\"text-align: justify\">No que se refere ao Hist\u00f3rico dos Direitos Humanos, assinale a alternativa incorreta:<\/p>\n<p style=\"text-align: justify\">a) A Declara\u00e7\u00e3o Universal dos Direitos Humanos de 1948 representa uma resposta civilizat\u00f3ria em face das atrocidades que ocorreram durante a segunda guerra mundial.<\/p>\n<p style=\"text-align: justify\">b) Os direitos humanos representam reivindica\u00e7\u00f5es universalmente v\u00e1lidas, independentemente do fato de serem reconhecidas ou n\u00e3o pelas leis.<\/p>\n<p style=\"text-align: justify\">c) O movimento contempor\u00e2neo pelos direitos humanos teve origem na reconstru\u00e7\u00e3o da sociedade ocidental ao final da segunda guerra mundial.<\/p>\n<p style=\"text-align: justify\">d) Os direitos humanos surgiram com a declara\u00e7\u00e3o universal dos direitos humanos.<\/p>\n<p style=\"text-align: justify\"><strong>Coment\u00e1rios<\/strong><\/p>\n<p style=\"text-align: justify\">Os Direitos Humanos existem desde a Antiguidade. No antigo Egito j\u00e1 existiam documentos codificando direitos individuais, como a codifica\u00e7\u00e3o de Menes (3100-2850 a.C.), e na antiga Sum\u00e9ria j\u00e1 havia o embri\u00e3o da igualdade, com a previs\u00e3o no C\u00f3digo de Hammurabi (1792-1750 a.C.) da extens\u00e3o das suas disposi\u00e7\u00f5es a todos os s\u00faditos do Imp\u00e9rio. N\u00e3o h\u00e1, portanto, que se falar em direitos humanos apenas ap\u00f3s a Declara\u00e7\u00e3o de 1948. O que a declara\u00e7\u00e3o representa, como bem se afirma na <strong>alternativa A<\/strong>, \u00e9 uma resposta civilizat\u00f3ria \u00e0s atrocidades que ocorreram durante a Segunda Guerra Mundial. A DUDH \u00e9 o primeiro grande passo na internacionaliza\u00e7\u00e3o dos Direitos Humanos de um ponto de vista jur\u00eddico, mas, como se pode depreender do seu pr\u00f3prio nome, ela n\u00e3o cria (constitui) os direitos humanos, mas, apenas, os declara.<\/p>\n<p style=\"text-align: justify\">Assim, a <strong>alternativa D<\/strong> est\u00e1 incorreta e \u00e9 o gabarito da quest\u00e3o.<\/p>\n<p style=\"text-align: justify\">Vejamos as demais alternativas:<\/p>\n<p style=\"text-align: justify\">A <strong>alternativa A <\/strong>est\u00e1 correta. Como explicado nos coment\u00e1rios \u00e0 alternativa D, a DUDH \u00e9 uma consequ\u00eancia da Segunda Guerra Mundial. Diante das atrocidades perpetradas durante o conflito, a comunidade internacional resolveu se unir para evitar que o ocorrido no in\u00edcio dos anos quarenta pudesse vir a se repetir. Um dos resultados desse esfor\u00e7o conjunto foi s Declara\u00e7\u00e3o Universal dos Direitos do Homem, documento que, at\u00e9 os dias de hoje, se revela como espinha dorsal do Sistema Global de Direitos Humanos.<\/p>\n<p style=\"text-align: justify\">A <strong>alternativa B<\/strong> est\u00e1 correta. De acordo com a caracter\u00edstica da universalidade, podemos considerar que os Direitos Humanos s\u00e3o atribu\u00eddos ao homem pela simples condi\u00e7\u00e3o de ser humano. Quer dizer, independentemente de serem ou n\u00e3o reconhecidos por lei, esses direitos s\u00e3o atribu\u00eddos ao indiv\u00edduo, representando reivindica\u00e7\u00f5es universalmente v\u00e1lidas.<\/p>\n<p style=\"text-align: justify\">A <strong>alternativa C<\/strong> est\u00e1 correta. Ao final da Segunda Guerra Mundial a sociedade ocidental estava extremamente fragilizada. Conceitos caros como legalidade e democracia eram apontados como algumas das causas que levaram \u00e0 ascens\u00e3o dos regimes totalit\u00e1rios na Europa e, consequentemente, \u00e0 guerra. O movimento contempor\u00e2neo pelos direitos humanos fez parte da reconstru\u00e7\u00e3o do modo de vida ocidental ap\u00f3s o conflito. Foi atrav\u00e9s desse movimento que foram reafirmados valores esquecidos e estipulados novos limites para evitar que conflitos semelhantes pudessem se repetir.<\/p>\n<ol style=\"text-align: justify\" start=\"67\">\n<li><strong> (IBFC\/PM-SE\/2018)<\/strong><\/li>\n<\/ol>\n<p style=\"text-align: justify\">Com rela\u00e7\u00e3o ao Hist\u00f3rico dos Direitos Humanos, em particular, em aten\u00e7\u00e3o ao preceituado na Declara\u00e7\u00e3o Universal dos Direitos Humanos de 1948, assinale a alternativa que n\u00e3o corresponde ao texto da citada Declara\u00e7\u00e3o:<\/p>\n<p style=\"text-align: justify\">a) Toda a pessoa acusada de um ato delituoso presume-se inocente at\u00e9 que a sua culpabilidade fique legalmente provada no decurso de um processo p\u00fablico em que todas as garantias necess\u00e1rias de defesa lhe sejam asseguradas.<\/p>\n<p style=\"text-align: justify\">b) Toda a pessoa tem o direito de abandonar o pa\u00eds em que se encontra, incluindo o seu, e o direito de regressar ao seu pa\u00eds.<\/p>\n<p style=\"text-align: justify\">c) Diante da necessidade de se reprimir os crimes, ser\u00e1 admitida a possibilidade de imposi\u00e7\u00e3o de pena mais grave do que a que era aplic\u00e1vel no momento em que o ato delituoso foi cometido.<\/p>\n<p style=\"text-align: justify\">d) Ningu\u00e9m pode ser arbitrariamente privado da sua nacionalidade nem do direito de mudar de nacionalidade.<\/p>\n<p style=\"text-align: justify\"><strong>Coment\u00e1rios<\/strong><\/p>\n<p style=\"text-align: justify\">A quest\u00e3o \u00e9 literal e pede a alternativa que n\u00e3o corresponde ao texto da DUDH. De acordo com a Declara\u00e7\u00e3o (Artigo XI, 2): \u201cNingu\u00e9m poder\u00e1 ser culpado por qualquer a\u00e7\u00e3o ou omiss\u00e3o que, no momento, n\u00e3o constitu\u00edam delito perante o direito nacional ou internacional. Tamb\u00e9m <u>n\u00e3o ser\u00e1 imposta pena mais forte do que aquela que, no momento da pr\u00e1tica, era aplic\u00e1vel ao ato delituoso<\/u>\u201d.<\/p>\n<p style=\"text-align: justify\">Assim, a <strong>alternativa C<\/strong> est\u00e1 incorreta e \u00e9 o gabarito da quest\u00e3o.<\/p>\n<p style=\"text-align: justify\">Vejamos as demais alternativas:<\/p>\n<p style=\"text-align: justify\">A <strong>alternativa A<\/strong> est\u00e1 correta. De acordo com o Artigo XI, 1: \u201cTodo ser humano acusado de um ato delituoso tem o direito de ser presumido inocente at\u00e9 que a sua culpabilidade tenha sido provada de acordo com a lei, em julgamento p\u00fablico no qual lhe tenham sido asseguradas todas as garantias necess\u00e1rias \u00e0 sua defesa\u201d.<\/p>\n<p style=\"text-align: justify\">A <strong>alternativa B<\/strong> est\u00e1 correta. De acordo com o Artigo XIII, 2: \u201cTodo ser humano tem o direito de deixar qualquer pa\u00eds, inclusive o pr\u00f3prio, e a este regressar\u201d.<\/p>\n<p style=\"text-align: justify\">A <strong>alternativa D<\/strong> est\u00e1 correta. De acordo com o Artigo XV, 2: \u201cNingu\u00e9m ser\u00e1 arbitrariamente privado de sua nacionalidade, nem do direito de mudar de nacionalidade\u201d.<\/p>\n<ol style=\"text-align: justify\" start=\"68\">\n<li><strong> (IBFC\/PM-SE\/2018)<\/strong><\/li>\n<\/ol>\n<p style=\"text-align: justify\">Assinale a alternativa que n\u00e3o se apresenta em conson\u00e2ncia com as justificativas delineadas na Declara\u00e7\u00e3o Universal dos Direitos Humanos de 1948:<\/p>\n<p style=\"text-align: justify\">a) Os Estados Membros se comprometeram a promover, em coopera\u00e7\u00e3o com as Na\u00e7\u00f5es Unidas, o respeito universal aos direitos e liberdades fundamentais do homem e a observ\u00e2ncia desses direitos e liberdades.<\/p>\n<p style=\"text-align: justify\">b) \u00c9 essencial que os direitos do homem sejam protegidos pelo imp\u00e9rio da lei, para que o homem possa ser compelido, como \u00faltimo recurso, \u00e0 rebeli\u00e3o contra a tirania e a opress\u00e3o.<\/p>\n<p style=\"text-align: justify\">c) O reconhecimento da dignidade inerente a todos os membros da fam\u00edlia humana e seus direitos iguais e inalien\u00e1veis \u00e9 o fundamento da liberdade, da justi\u00e7a e da paz no mundo.<\/p>\n<p style=\"text-align: justify\">d) O desprezo e o desrespeito pelos direitos do homem resultaram em atos b\u00e1rbaros que ultrajaram a consci\u00eancia da Humanidade.<\/p>\n<p style=\"text-align: justify\"><strong>Coment\u00e1rios<\/strong><\/p>\n<p style=\"text-align: justify\">Ao contr\u00e1rio do que se afirma na <strong>alternativa B<\/strong>, n\u00e3o se quer que o homem seja compelido, como \u00faltimo recurso, \u00e0 rebeli\u00e3o contra a tirania e a opress\u00e3o. O que a Declara\u00e7\u00e3o Universal dos Direitos Humanos considera como essencial \u00e9 que os direitos humanos sejam protegidos pelo imp\u00e9rio da lei, para que o ser humano n\u00e3o seja compelido nessa dire\u00e7\u00e3o.<\/p>\n<p style=\"text-align: justify\">Assim, a <strong>alternativa B <\/strong>est\u00e1 incorreta e \u00e9 o gabarito da quest\u00e3o.<\/p>\n<p style=\"text-align: justify\">Vejamos as demais alternativas:<\/p>\n<p style=\"text-align: justify\">A <strong>alternativa A<\/strong> est\u00e1 correta. De acordo com o pre\u00e2mbulo da DUDH \u201cos Estados-Membros se comprometem a promover, em coopera\u00e7\u00e3o com as Na\u00e7\u00f5es Unidas o respeito universal aos direitos e liberdades humanas fundamentais e a observ\u00e2ncia desses direitos e liberdades\u201d.<\/p>\n<p style=\"text-align: justify\">A <strong>alternativa C<\/strong> est\u00e1 correta. De acordo com o pre\u00e2mbulo da DUDH \u201co reconhecimento da dignidade inerente a todos os membros da fam\u00edlia humana e de seus direitos iguais e inalien\u00e1veis \u00e9 o fundamento da liberdade, da justi\u00e7a e da paz no mundo\u201d.<\/p>\n<p style=\"text-align: justify\">A <strong>alternativa D<\/strong> est\u00e1 correta. De acordo com o pre\u00e2mbulo da DUDH \u201co desprezo e o desrespeito pelos direitos humanos resultaram em atos b\u00e1rbaros que ultrajaram a consci\u00eancia da Humanidade e que o advento de um mundo em que os todos gozem de liberdade de palavra, de cren\u00e7a e da liberdade de viverem a salvo do temor e da necessidade foi proclamado como a mais alta aspira\u00e7\u00e3o do ser humano comum\u201d.<\/p>\n<p style=\"text-align: justify\">&#8212;<\/p>\n<p style=\"text-align: justify\">\u00c9 isso. Bons estudos!<\/p>\n","protected":false},"excerpt":{"rendered":"<p>Ol\u00e1! Analisamos as quest\u00f5es de Direitos Humanos aplicadas na prova de da PM-SE para o cargo de soldado. S\u00e3o quest\u00f5es da banca IBFC fresquinhas para voc\u00ea treinar. Caso voc\u00ea fique em d\u00favida, por favor, no contate: SITE:\u00a0https:\/\/sites.google.com\/prod\/view\/proftorques INSTAGRAM:\u00a0https:\/\/www.instagram.com\/proftorques\/ FACEBOOK:\u00a0https:\/\/www.facebook.com\/direitoshumanosparaconcursos E-MAIL:\u00a0rst.estrategia@gmail.com Vamos \u00e0s quest\u00f5es &#8212; (IBFC\/PM-SE\/2018) No que se refere ao Hist\u00f3rico dos Direitos Humanos, assinale [&hellip;]<\/p>\n","protected":false},"author":180,"featured_media":0,"comment_status":"open","ping_status":"closed","sticky":false,"template":"","format":"standard","meta":{"post_tipo":"article","footnotes":""},"categories":[1,1988],"tags":[525,3158,867],"tax_estado":[],"class_list":["post-131006","post","type-post","status-publish","format-standard","hentry","category-cursos-e-concursos","category-policia","tag-direitos-humanos","tag-pm-se","tag-prova-comentada"],"acf":[],"yoast_head":"<!-- This site is optimized with the Yoast SEO Premium plugin v27.2 (Yoast SEO v27.2) - https:\/\/yoast.com\/product\/yoast-seo-premium-wordpress\/ -->\n<title>Coment\u00e1rios \u00e0s quest\u00f5es de Direitos Humanos da PM-SE<\/title>\n<meta name=\"robots\" content=\"index, follow, max-snippet:-1, max-image-preview:large, max-video-preview:-1\" \/>\n<link rel=\"canonical\" href=\"https:\/\/www.estrategiaconcursos.com.br\/blog\/comentarios-as-questoes-de-direitos-humanos-da-pm-se\/\" \/>\n<meta property=\"og:locale\" content=\"pt_BR\" \/>\n<meta property=\"og:type\" content=\"article\" \/>\n<meta property=\"og:title\" content=\"Coment\u00e1rios \u00e0s quest\u00f5es de Direitos Humanos da PM-SE\" \/>\n<meta property=\"og:description\" content=\"Ol\u00e1! Analisamos as quest\u00f5es de Direitos Humanos aplicadas na prova de da PM-SE para o cargo de soldado. S\u00e3o quest\u00f5es da banca IBFC fresquinhas para voc\u00ea treinar. Caso voc\u00ea fique em d\u00favida, por favor, no contate: SITE:\u00a0https:\/\/sites.google.com\/prod\/view\/proftorques INSTAGRAM:\u00a0https:\/\/www.instagram.com\/proftorques\/ FACEBOOK:\u00a0https:\/\/www.facebook.com\/direitoshumanosparaconcursos E-MAIL:\u00a0rst.estrategia@gmail.com Vamos \u00e0s quest\u00f5es &#8212; (IBFC\/PM-SE\/2018) No que se refere ao Hist\u00f3rico dos Direitos Humanos, assinale [&hellip;]\" \/>\n<meta property=\"og:url\" content=\"https:\/\/www.estrategiaconcursos.com.br\/blog\/comentarios-as-questoes-de-direitos-humanos-da-pm-se\/\" \/>\n<meta property=\"og:site_name\" content=\"Estrat\u00e9gia Concursos\" \/>\n<meta property=\"article:author\" content=\"https:\/\/www.facebook.com\/ricardo.s.torques\" \/>\n<meta property=\"article:published_time\" content=\"2018-07-13T15:56:18+00:00\" \/>\n<meta property=\"article:modified_time\" content=\"2019-11-08T19:43:34+00:00\" \/>\n<meta name=\"author\" content=\"Ricardo Torques\" \/>\n<meta name=\"twitter:card\" content=\"summary_large_image\" \/>\n<meta name=\"twitter:creator\" content=\"@EstratConcursos\" \/>\n<meta name=\"twitter:site\" content=\"@EstratConcursos\" \/>\n<meta name=\"twitter:label1\" content=\"Escrito por\" \/>\n\t<meta name=\"twitter:data1\" content=\"Ricardo Torques\" \/>\n\t<meta name=\"twitter:label2\" content=\"Est. tempo de leitura\" \/>\n\t<meta name=\"twitter:data2\" content=\"7 minutos\" \/>\n<script type=\"application\/ld+json\" class=\"yoast-schema-graph\">{\"@context\":\"https:\/\/schema.org\",\"@graph\":[{\"@type\":\"NewsArticle\",\"@id\":\"https:\/\/www.estrategiaconcursos.com.br\/blog\/comentarios-as-questoes-de-direitos-humanos-da-pm-se\/#article\",\"isPartOf\":{\"@id\":\"https:\/\/www.estrategiaconcursos.com.br\/blog\/comentarios-as-questoes-de-direitos-humanos-da-pm-se\/\"},\"author\":{\"name\":\"Ricardo Torques\",\"@id\":\"https:\/\/www.estrategiaconcursos.com.br\/blog\/#\/schema\/person\/aa39cf5ddb518e5bdce27c35788405e2\"},\"headline\":\"Coment\u00e1rios \u00e0s quest\u00f5es de Direitos Humanos da PM-SE\",\"datePublished\":\"2018-07-13T15:56:18+00:00\",\"dateModified\":\"2019-11-08T19:43:34+00:00\",\"mainEntityOfPage\":{\"@id\":\"https:\/\/www.estrategiaconcursos.com.br\/blog\/comentarios-as-questoes-de-direitos-humanos-da-pm-se\/\"},\"wordCount\":1333,\"commentCount\":0,\"publisher\":{\"@id\":\"https:\/\/www.estrategiaconcursos.com.br\/blog\/#organization\"},\"keywords\":[\"Direitos Humanos\",\"PM SE\",\"prova comentada\"],\"articleSection\":[\"Concursos P\u00fablicos\",\"Policial (Agente, Escriv\u00e3o e Investigador)\"],\"inLanguage\":\"pt-BR\",\"potentialAction\":[{\"@type\":\"CommentAction\",\"name\":\"Comment\",\"target\":[\"https:\/\/www.estrategiaconcursos.com.br\/blog\/comentarios-as-questoes-de-direitos-humanos-da-pm-se\/#respond\"]}],\"copyrightYear\":\"2018\",\"copyrightHolder\":{\"@id\":\"https:\/\/www.estrategiaconcursos.com.br\/blog\/#organization\"}},{\"@type\":\"WebPage\",\"@id\":\"https:\/\/www.estrategiaconcursos.com.br\/blog\/comentarios-as-questoes-de-direitos-humanos-da-pm-se\/\",\"url\":\"https:\/\/www.estrategiaconcursos.com.br\/blog\/comentarios-as-questoes-de-direitos-humanos-da-pm-se\/\",\"name\":\"Coment\u00e1rios \u00e0s quest\u00f5es de Direitos Humanos da PM-SE\",\"isPartOf\":{\"@id\":\"https:\/\/www.estrategiaconcursos.com.br\/blog\/#website\"},\"datePublished\":\"2018-07-13T15:56:18+00:00\",\"dateModified\":\"2019-11-08T19:43:34+00:00\",\"breadcrumb\":{\"@id\":\"https:\/\/www.estrategiaconcursos.com.br\/blog\/comentarios-as-questoes-de-direitos-humanos-da-pm-se\/#breadcrumb\"},\"inLanguage\":\"pt-BR\",\"potentialAction\":[{\"@type\":\"ReadAction\",\"target\":[\"https:\/\/www.estrategiaconcursos.com.br\/blog\/comentarios-as-questoes-de-direitos-humanos-da-pm-se\/\"]}]},{\"@type\":\"BreadcrumbList\",\"@id\":\"https:\/\/www.estrategiaconcursos.com.br\/blog\/comentarios-as-questoes-de-direitos-humanos-da-pm-se\/#breadcrumb\",\"itemListElement\":[{\"@type\":\"ListItem\",\"position\":1,\"name\":\"In\u00edcio\",\"item\":\"https:\/\/www.estrategiaconcursos.com.br\/blog\/\"},{\"@type\":\"ListItem\",\"position\":2,\"name\":\"Coment\u00e1rios \u00e0s quest\u00f5es de Direitos Humanos da PM-SE\"}]},{\"@type\":\"WebSite\",\"@id\":\"https:\/\/www.estrategiaconcursos.com.br\/blog\/#website\",\"url\":\"https:\/\/www.estrategiaconcursos.com.br\/blog\/\",\"name\":\"Estrat\u00e9gia Concursos\",\"description\":\"O blog da Estrat\u00e9gia Concursos traz not\u00edcias sobre concursos e artigos de professores oferecendo cursos para concursos (pdf + videaulas) no site.\",\"publisher\":{\"@id\":\"https:\/\/www.estrategiaconcursos.com.br\/blog\/#organization\"},\"potentialAction\":[{\"@type\":\"SearchAction\",\"target\":{\"@type\":\"EntryPoint\",\"urlTemplate\":\"https:\/\/www.estrategiaconcursos.com.br\/blog\/?s={search_term_string}\"},\"query-input\":{\"@type\":\"PropertyValueSpecification\",\"valueRequired\":true,\"valueName\":\"search_term_string\"}}],\"inLanguage\":\"pt-BR\"},{\"@type\":\"Organization\",\"@id\":\"https:\/\/www.estrategiaconcursos.com.br\/blog\/#organization\",\"name\":\"Estrat\u00e9gia Concursos\",\"url\":\"https:\/\/www.estrategiaconcursos.com.br\/blog\/\",\"logo\":{\"@type\":\"ImageObject\",\"inLanguage\":\"pt-BR\",\"@id\":\"https:\/\/www.estrategiaconcursos.com.br\/blog\/#\/schema\/logo\/image\/\",\"url\":\"https:\/\/dhg1h5j42swfq.cloudfront.net\/2025\/06\/03203428\/logo_concursos-1.jpg\",\"contentUrl\":\"https:\/\/dhg1h5j42swfq.cloudfront.net\/2025\/06\/03203428\/logo_concursos-1.jpg\",\"width\":230,\"height\":60,\"caption\":\"Estrat\u00e9gia Concursos\"},\"image\":{\"@id\":\"https:\/\/www.estrategiaconcursos.com.br\/blog\/#\/schema\/logo\/image\/\"},\"sameAs\":[\"https:\/\/x.com\/EstratConcursos\"]},{\"@type\":\"Person\",\"@id\":\"https:\/\/www.estrategiaconcursos.com.br\/blog\/#\/schema\/person\/aa39cf5ddb518e5bdce27c35788405e2\",\"name\":\"Ricardo Torques\",\"image\":{\"@type\":\"ImageObject\",\"inLanguage\":\"pt-BR\",\"@id\":\"https:\/\/secure.gravatar.com\/avatar\/ce9ac6c3cff25fe86d15ed568ebc64d1724baf5c0693133bcb1f6073f712f92a?s=96&d=mm&r=g\",\"url\":\"https:\/\/secure.gravatar.com\/avatar\/ce9ac6c3cff25fe86d15ed568ebc64d1724baf5c0693133bcb1f6073f712f92a?s=96&d=mm&r=g\",\"contentUrl\":\"https:\/\/secure.gravatar.com\/avatar\/ce9ac6c3cff25fe86d15ed568ebc64d1724baf5c0693133bcb1f6073f712f92a?s=96&d=mm&r=g\",\"caption\":\"Ricardo Torques\"},\"sameAs\":[\"https:\/\/www.facebook.com\/ricardo.s.torques\"],\"url\":\"https:\/\/www.estrategiaconcursos.com.br\/blog\/author\/ricardotorquesestrategiaconcursos-com-br\/\"}]}<\/script>\n<!-- \/ Yoast SEO Premium plugin. -->","yoast_head_json":{"title":"Coment\u00e1rios \u00e0s quest\u00f5es de Direitos Humanos da PM-SE","robots":{"index":"index","follow":"follow","max-snippet":"max-snippet:-1","max-image-preview":"max-image-preview:large","max-video-preview":"max-video-preview:-1"},"canonical":"https:\/\/www.estrategiaconcursos.com.br\/blog\/comentarios-as-questoes-de-direitos-humanos-da-pm-se\/","og_locale":"pt_BR","og_type":"article","og_title":"Coment\u00e1rios \u00e0s quest\u00f5es de Direitos Humanos da PM-SE","og_description":"Ol\u00e1! Analisamos as quest\u00f5es de Direitos Humanos aplicadas na prova de da PM-SE para o cargo de soldado. S\u00e3o quest\u00f5es da banca IBFC fresquinhas para voc\u00ea treinar. Caso voc\u00ea fique em d\u00favida, por favor, no contate: SITE:\u00a0https:\/\/sites.google.com\/prod\/view\/proftorques INSTAGRAM:\u00a0https:\/\/www.instagram.com\/proftorques\/ FACEBOOK:\u00a0https:\/\/www.facebook.com\/direitoshumanosparaconcursos E-MAIL:\u00a0rst.estrategia@gmail.com Vamos \u00e0s quest\u00f5es &#8212; (IBFC\/PM-SE\/2018) No que se refere ao Hist\u00f3rico dos Direitos Humanos, assinale [&hellip;]","og_url":"https:\/\/www.estrategiaconcursos.com.br\/blog\/comentarios-as-questoes-de-direitos-humanos-da-pm-se\/","og_site_name":"Estrat\u00e9gia Concursos","article_author":"https:\/\/www.facebook.com\/ricardo.s.torques","article_published_time":"2018-07-13T15:56:18+00:00","article_modified_time":"2019-11-08T19:43:34+00:00","author":"Ricardo Torques","twitter_card":"summary_large_image","twitter_creator":"@EstratConcursos","twitter_site":"@EstratConcursos","twitter_misc":{"Escrito por":"Ricardo Torques","Est. tempo de leitura":"7 minutos"},"schema":{"@context":"https:\/\/schema.org","@graph":[{"@type":"NewsArticle","@id":"https:\/\/www.estrategiaconcursos.com.br\/blog\/comentarios-as-questoes-de-direitos-humanos-da-pm-se\/#article","isPartOf":{"@id":"https:\/\/www.estrategiaconcursos.com.br\/blog\/comentarios-as-questoes-de-direitos-humanos-da-pm-se\/"},"author":{"name":"Ricardo Torques","@id":"https:\/\/www.estrategiaconcursos.com.br\/blog\/#\/schema\/person\/aa39cf5ddb518e5bdce27c35788405e2"},"headline":"Coment\u00e1rios \u00e0s quest\u00f5es de Direitos Humanos da PM-SE","datePublished":"2018-07-13T15:56:18+00:00","dateModified":"2019-11-08T19:43:34+00:00","mainEntityOfPage":{"@id":"https:\/\/www.estrategiaconcursos.com.br\/blog\/comentarios-as-questoes-de-direitos-humanos-da-pm-se\/"},"wordCount":1333,"commentCount":0,"publisher":{"@id":"https:\/\/www.estrategiaconcursos.com.br\/blog\/#organization"},"keywords":["Direitos Humanos","PM SE","prova comentada"],"articleSection":["Concursos P\u00fablicos","Policial (Agente, Escriv\u00e3o e Investigador)"],"inLanguage":"pt-BR","potentialAction":[{"@type":"CommentAction","name":"Comment","target":["https:\/\/www.estrategiaconcursos.com.br\/blog\/comentarios-as-questoes-de-direitos-humanos-da-pm-se\/#respond"]}],"copyrightYear":"2018","copyrightHolder":{"@id":"https:\/\/www.estrategiaconcursos.com.br\/blog\/#organization"}},{"@type":"WebPage","@id":"https:\/\/www.estrategiaconcursos.com.br\/blog\/comentarios-as-questoes-de-direitos-humanos-da-pm-se\/","url":"https:\/\/www.estrategiaconcursos.com.br\/blog\/comentarios-as-questoes-de-direitos-humanos-da-pm-se\/","name":"Coment\u00e1rios \u00e0s quest\u00f5es de Direitos Humanos da PM-SE","isPartOf":{"@id":"https:\/\/www.estrategiaconcursos.com.br\/blog\/#website"},"datePublished":"2018-07-13T15:56:18+00:00","dateModified":"2019-11-08T19:43:34+00:00","breadcrumb":{"@id":"https:\/\/www.estrategiaconcursos.com.br\/blog\/comentarios-as-questoes-de-direitos-humanos-da-pm-se\/#breadcrumb"},"inLanguage":"pt-BR","potentialAction":[{"@type":"ReadAction","target":["https:\/\/www.estrategiaconcursos.com.br\/blog\/comentarios-as-questoes-de-direitos-humanos-da-pm-se\/"]}]},{"@type":"BreadcrumbList","@id":"https:\/\/www.estrategiaconcursos.com.br\/blog\/comentarios-as-questoes-de-direitos-humanos-da-pm-se\/#breadcrumb","itemListElement":[{"@type":"ListItem","position":1,"name":"In\u00edcio","item":"https:\/\/www.estrategiaconcursos.com.br\/blog\/"},{"@type":"ListItem","position":2,"name":"Coment\u00e1rios \u00e0s quest\u00f5es de Direitos Humanos da PM-SE"}]},{"@type":"WebSite","@id":"https:\/\/www.estrategiaconcursos.com.br\/blog\/#website","url":"https:\/\/www.estrategiaconcursos.com.br\/blog\/","name":"Estrat\u00e9gia Concursos","description":"O blog da Estrat\u00e9gia Concursos traz not\u00edcias sobre concursos e artigos de professores oferecendo cursos para concursos (pdf + videaulas) no site.","publisher":{"@id":"https:\/\/www.estrategiaconcursos.com.br\/blog\/#organization"},"potentialAction":[{"@type":"SearchAction","target":{"@type":"EntryPoint","urlTemplate":"https:\/\/www.estrategiaconcursos.com.br\/blog\/?s={search_term_string}"},"query-input":{"@type":"PropertyValueSpecification","valueRequired":true,"valueName":"search_term_string"}}],"inLanguage":"pt-BR"},{"@type":"Organization","@id":"https:\/\/www.estrategiaconcursos.com.br\/blog\/#organization","name":"Estrat\u00e9gia Concursos","url":"https:\/\/www.estrategiaconcursos.com.br\/blog\/","logo":{"@type":"ImageObject","inLanguage":"pt-BR","@id":"https:\/\/www.estrategiaconcursos.com.br\/blog\/#\/schema\/logo\/image\/","url":"https:\/\/dhg1h5j42swfq.cloudfront.net\/2025\/06\/03203428\/logo_concursos-1.jpg","contentUrl":"https:\/\/dhg1h5j42swfq.cloudfront.net\/2025\/06\/03203428\/logo_concursos-1.jpg","width":230,"height":60,"caption":"Estrat\u00e9gia Concursos"},"image":{"@id":"https:\/\/www.estrategiaconcursos.com.br\/blog\/#\/schema\/logo\/image\/"},"sameAs":["https:\/\/x.com\/EstratConcursos"]},{"@type":"Person","@id":"https:\/\/www.estrategiaconcursos.com.br\/blog\/#\/schema\/person\/aa39cf5ddb518e5bdce27c35788405e2","name":"Ricardo Torques","image":{"@type":"ImageObject","inLanguage":"pt-BR","@id":"https:\/\/secure.gravatar.com\/avatar\/ce9ac6c3cff25fe86d15ed568ebc64d1724baf5c0693133bcb1f6073f712f92a?s=96&d=mm&r=g","url":"https:\/\/secure.gravatar.com\/avatar\/ce9ac6c3cff25fe86d15ed568ebc64d1724baf5c0693133bcb1f6073f712f92a?s=96&d=mm&r=g","contentUrl":"https:\/\/secure.gravatar.com\/avatar\/ce9ac6c3cff25fe86d15ed568ebc64d1724baf5c0693133bcb1f6073f712f92a?s=96&d=mm&r=g","caption":"Ricardo Torques"},"sameAs":["https:\/\/www.facebook.com\/ricardo.s.torques"],"url":"https:\/\/www.estrategiaconcursos.com.br\/blog\/author\/ricardotorquesestrategiaconcursos-com-br\/"}]}},"_links":{"self":[{"href":"https:\/\/www.estrategiaconcursos.com.br\/blog\/wp-json\/wp\/v2\/posts\/131006","targetHints":{"allow":["GET"]}}],"collection":[{"href":"https:\/\/www.estrategiaconcursos.com.br\/blog\/wp-json\/wp\/v2\/posts"}],"about":[{"href":"https:\/\/www.estrategiaconcursos.com.br\/blog\/wp-json\/wp\/v2\/types\/post"}],"author":[{"embeddable":true,"href":"https:\/\/www.estrategiaconcursos.com.br\/blog\/wp-json\/wp\/v2\/users\/180"}],"replies":[{"embeddable":true,"href":"https:\/\/www.estrategiaconcursos.com.br\/blog\/wp-json\/wp\/v2\/comments?post=131006"}],"version-history":[{"count":3,"href":"https:\/\/www.estrategiaconcursos.com.br\/blog\/wp-json\/wp\/v2\/posts\/131006\/revisions"}],"predecessor-version":[{"id":131009,"href":"https:\/\/www.estrategiaconcursos.com.br\/blog\/wp-json\/wp\/v2\/posts\/131006\/revisions\/131009"}],"wp:attachment":[{"href":"https:\/\/www.estrategiaconcursos.com.br\/blog\/wp-json\/wp\/v2\/media?parent=131006"}],"wp:term":[{"taxonomy":"category","embeddable":true,"href":"https:\/\/www.estrategiaconcursos.com.br\/blog\/wp-json\/wp\/v2\/categories?post=131006"},{"taxonomy":"post_tag","embeddable":true,"href":"https:\/\/www.estrategiaconcursos.com.br\/blog\/wp-json\/wp\/v2\/tags?post=131006"},{"taxonomy":"tax_estado","embeddable":true,"href":"https:\/\/www.estrategiaconcursos.com.br\/blog\/wp-json\/wp\/v2\/tax_estado?post=131006"}],"curies":[{"name":"wp","href":"https:\/\/api.w.org\/{rel}","templated":true}]}}