{"id":131000,"date":"2018-07-13T12:47:16","date_gmt":"2018-07-13T15:47:16","guid":{"rendered":"https:\/\/www.estrategiaconcursos.com.br\/blog\/?p=131000"},"modified":"2018-07-13T13:00:03","modified_gmt":"2018-07-13T16:00:03","slug":"comentarios-as-questoes-de-direitos-humanos-da-pc-sp-papiloscopista-e-agente-de-telecomunicacoes","status":"publish","type":"post","link":"https:\/\/www.estrategiaconcursos.com.br\/blog\/comentarios-as-questoes-de-direitos-humanos-da-pc-sp-papiloscopista-e-agente-de-telecomunicacoes\/","title":{"rendered":"Coment\u00e1rios \u00e0s quest\u00f5es de Direitos Humanos da PC-SP"},"content":{"rendered":"<p style=\"text-align: justify\">Ol\u00e1! Analisamos as quest\u00f5es de Direitos Humanos aplicadas na prova de da PC-SP para os cargos de Papiloscopista e agente de telecomunica\u00e7\u00f5es. S\u00e3o quest\u00f5es da VUNESP fresquinhas para voc\u00ea treinar.<\/p>\n<p style=\"text-align: justify\">Caso voc\u00ea fique em d\u00favida, por favor, no contate:<\/p>\n<p style=\"text-align: justify\">SITE:\u00a0<a href=\"https:\/\/sites.google.com\/prod\/view\/proftorques\">https:\/\/sites.google.com\/prod\/view\/proftorques<\/a><\/p>\n<p style=\"text-align: justify\">INSTAGRAM:\u00a0<a href=\"https:\/\/www.instagram.com\/proftorques\/\">https:\/\/www.instagram.com\/proftorques\/<\/a><\/p>\n<p style=\"text-align: justify\">FACEBOOK:\u00a0<a href=\"https:\/\/www.facebook.com\/direitoshumanosparaconcursos\">https:\/\/www.facebook.com\/direitoshumanosparaconcursos<\/a><\/p>\n<p style=\"text-align: justify\">E-MAIL:\u00a0<a href=\"mailto:rst.estrategia@gmail.com\">rst.estrategia@gmail.com<\/a><\/p>\n<p style=\"text-align: justify\">Vamos \u00e0s quest\u00f5es<\/p>\n<p style=\"text-align: justify\"><strong>&#8212;<\/strong><\/p>\n<p style=\"text-align: justify\"><strong>Papiloscopista<\/strong><\/p>\n<ol style=\"text-align: justify\" start=\"22\">\n<li><strong> (VUNESP\/PC-SP\/2018) <\/strong><\/li>\n<\/ol>\n<p style=\"text-align: justify\">\u00c9 correto afirmar que os direitos humanos fundamentais<\/p>\n<p style=\"text-align: justify\">(A) visam estabelecer condi\u00e7\u00f5es m\u00ednimas de vida e desenvolvimento da pessoa humana.<\/p>\n<p style=\"text-align: justify\">(B) s\u00e3o aplic\u00e1veis tanto a pessoas naturais quanto a pessoas jur\u00eddicas.<\/p>\n<p style=\"text-align: justify\">(C) t\u00eam por finalidade a prote\u00e7\u00e3o contra o arb\u00edtrio das empresas multinacionais.<\/p>\n<p style=\"text-align: justify\">(D) surgiram ap\u00f3s o nascimento da ideia do constitucionalismo.<\/p>\n<p style=\"text-align: justify\">(E) consistem em instrumentos de legitima\u00e7\u00e3o do poder punitivo do pr\u00f3prio Estado e de suas autoridades constitu\u00eddas.<\/p>\n<p style=\"text-align: justify\"><strong>Coment\u00e1rios:<\/strong><\/p>\n<p style=\"text-align: justify\">Os direitos humanos fundamentais surgiram, enquanto instituto jur\u00eddico, justamente para limitar os poderes do Estado e estabelecer condi\u00e7\u00f5es m\u00ednimas de vida e desenvolvimento para a pessoa humana. Tanto \u00e9 que os direitos de primeira dimens\u00e3o s\u00e3o, justamente, aqueles que imp\u00f5em ao Estado obriga\u00e7\u00f5es negativas, obriga\u00e7\u00f5es de se afastar, de se abster, de modo a estabelecer uma zona de prote\u00e7\u00e3o para o particular que n\u00e3o precisaria se preocupar com inger\u00eancias p\u00fablicas no seu patrim\u00f4nio, na sua liberdade, na sua vida, etc. Por isso, \u00e9 correto afirmar que os direitos humanos fundamentais visam estabelecer condi\u00e7\u00f5es m\u00ednimas de vida e desenvolvimento da pessoa humana.<\/p>\n<p style=\"text-align: justify\">Assim, a <strong>alternativa A<\/strong> est\u00e1 correta e \u00e9 o gabarito da quest\u00e3o.<\/p>\n<p style=\"text-align: justify\">Vejamos o erro das demais alternativas:<\/p>\n<p style=\"text-align: justify\">A <strong>alternativa B<\/strong> est\u00e1 incorreta. Como sabemos, nem todos os direitos fundamentais podem ser aplicados \u00e0s pessoas jur\u00eddicas. Um exemplo recorrente \u00e9 o do direito garantia previsto no art. 5\u00ba, LXVIII, da constitui\u00e7\u00e3o, o <em>habeas corpus<\/em>.<\/p>\n<p style=\"text-align: justify\">A <strong>alternativa C<\/strong> est\u00e1 incorreta. Como explicado na alternativa A, os direitos humanos, enquanto ferramenta do Direito, surgem em oposi\u00e7\u00e3o ao Estado, e n\u00e3o em oposi\u00e7\u00e3o a empresas multinacionais, que, diga-se de passagem, s\u00e3o um fen\u00f4meno relativamente recente, em compara\u00e7\u00e3o com as primeiras concep\u00e7\u00f5es do que seriam Direitos Humanos.<\/p>\n<p style=\"text-align: justify\">A <strong>alternativa D<\/strong> est\u00e1 incorreta. Os direitos humanos n\u00e3o surgiram apenas ap\u00f3s o nascimento da ideia de constitucionalismo. Os direitos opon\u00edveis ao Estado remontam \u00e0 Antiguidade, enquanto as primeiras constitui\u00e7\u00f5es vieram a surgir na Idade Moderna. O constitucionalismo, ent\u00e3o, \u00e9 um fen\u00f4meno Contempor\u00e2neo, n\u00e3o havendo que se falar, portanto, em uma preced\u00eancia desse em rela\u00e7\u00e3o \u00e0quele primeiro.<\/p>\n<p style=\"text-align: justify\">A <strong>alternativa E<\/strong> est\u00e1 incorreta. Diante de todo o exposto na alternativa A, podemos perceber que, os direitos humanos n\u00e3o constituem instrumentos de legitima\u00e7\u00e3o do poder punitivo do Estado e de suas autoridades. Ao contr\u00e1rio, os direitos humanos s\u00e3o instrumentos de limita\u00e7\u00e3o desse poder punitivo.<\/p>\n<ol style=\"text-align: justify\" start=\"23\">\n<li><strong> (VUNESP\/PC-SP\/2018)<\/strong><\/li>\n<\/ol>\n<p style=\"text-align: justify\">Disp\u00f5e a Declara\u00e7\u00e3o Universal dos Direitos Humanos que<\/p>\n<p style=\"text-align: justify\">(A) o trabalhador deve filiar-se \u00e0 associa\u00e7\u00e3o representativa de sua categoria profissional.<\/p>\n<p style=\"text-align: justify\">(B) a vontade do povo ser\u00e1 expressa em elei\u00e7\u00f5es peri\u00f3dicas e leg\u00edtimas, por voto censit\u00e1rio, secreto ou aberto, ou processo equivalente que assegure a liberdade de voto.<\/p>\n<p style=\"text-align: justify\">(C) todo ser humano tem direito \u00e0 instru\u00e7\u00e3o, mas o acesso \u00e0 instru\u00e7\u00e3o superior ter\u00e1 por crit\u00e9rio o m\u00e9rito.<\/p>\n<p style=\"text-align: justify\">(D) qualquer ser humano tem o direito de deixar seu pa\u00eds, desde que quite com suas obriga\u00e7\u00f5es legais e pol\u00edticas perante o Estado.<\/p>\n<p style=\"text-align: justify\">(E) o livre e pleno consentimento dos nubentes menores de 18 (dezoito) anos para o casamento pode ser substitu\u00eddo pela autoriza\u00e7\u00e3o de seus pais.<\/p>\n<p style=\"text-align: justify\"><strong>Coment\u00e1rios:<\/strong><\/p>\n<p style=\"text-align: justify\">De acordo com o que disp\u00f5e a Declara\u00e7\u00e3o Universal dos Direitos Humanos, em seu Artigo XXVI, \u201c[<u>t]odo ser humano tem direito \u00e0 instru\u00e7\u00e3o<\/u>. A instru\u00e7\u00e3o ser\u00e1 gratuita, pelo menos nos graus elementares e fundamentais. A instru\u00e7\u00e3o elementar ser\u00e1 obrigat\u00f3ria. A instru\u00e7\u00e3o t\u00e9cnico-profissional ser\u00e1 acess\u00edvel a todos, bem como a <u>instru\u00e7\u00e3o superior<\/u>, <u>esta<\/u> <u>baseada no m\u00e9rito<\/u>\u201d. Como podemos perceber, todo o ser humano tem direito \u00e0 instru\u00e7\u00e3o, mas o acesso \u00e0 instru\u00e7\u00e3o superior ter\u00e1 por crit\u00e9rio o m\u00e9rito.<\/p>\n<p style=\"text-align: justify\">Sistematizando:<\/p>\n<p><a href=\"https:\/\/dhg1h5j42swfq.cloudfront.net\/2018\/07\/13124504\/Capturar30.png\"><img loading=\"lazy\" decoding=\"async\" class=\"aligncenter size-full wp-image-131003\" src=\"https:\/\/dhg1h5j42swfq.cloudfront.net\/2018\/07\/13124504\/Capturar30.png\" alt=\"\" width=\"585\" height=\"227\" srcset=\"https:\/\/dhg1h5j42swfq.cloudfront.net\/2018\/07\/13124504\/Capturar30.png 585w, https:\/\/dhg1h5j42swfq.cloudfront.net\/2018\/07\/13124504\/Capturar30.png 300w\" sizes=\"auto, (max-width: 585px) 100vw, 585px\" \/><\/a><\/p>\n<p style=\"text-align: justify\">Assim, a <strong>alternativa C<\/strong> est\u00e1 correta e \u00e9 o gabarito da quest\u00e3o.<\/p>\n<p style=\"text-align: justify\">Vejamos o erro das demais alternativas:<\/p>\n<p style=\"text-align: justify\">A <strong>alternativa A <\/strong>est\u00e1 incorreta. A DUDH \u00e9 bem clara no sentido de que ningu\u00e9m pode ser obrigado a fazer parte de uma associa\u00e7\u00e3o (Artigo XX, 2). Nesse sentido, o trabalhador n\u00e3o pode ser obrigado a filiar-se \u00e0 associa\u00e7\u00e3o representativa de sua categoria profissional.<\/p>\n<p style=\"text-align: justify\">A <strong>alternativa B<\/strong> est\u00e1 incorreta. Primeiro, porque n\u00e3o h\u00e1 que se falar em voto censit\u00e1rio (aquele em que se descriminam os eleitores com base em crit\u00e9rios como renda, escolaridade, patrim\u00f4nio, etc.) quando a DUDH fala em sufr\u00e1gio universal (Artigo XXI, 3). E segundo, porque n\u00e3o h\u00e1 que se falar em voto aberto quando a DUDH fala em voto secreto ou processo equivalente que assegure a sua liberdade (Artigo XX, 2, parte final).<\/p>\n<p style=\"text-align: justify\">A <strong>alternativa D<\/strong> est\u00e1 incorreta. Ela cria uma condi\u00e7\u00e3o que n\u00e3o existe na Declara\u00e7\u00e3o. Ao contr\u00e1rio do que afirma a alternativa, todo ser humano tem o direito de deixar qualquer pa\u00eds, inclusive o pr\u00f3prio, e a este regressar (Artigo XIII, 2), n\u00e3o sendo preciso, para isso, quitar nenhum tipo de obriga\u00e7\u00e3o legal ou pol\u00edtica.<\/p>\n<p style=\"text-align: justify\">A <strong>alternativa E<\/strong> est\u00e1 incorreta. Mais uma vez, o examinador cria uma limita\u00e7\u00e3o que n\u00e3o est\u00e1 prevista na Declara\u00e7\u00e3o. Segundo a DUDH, o casamento n\u00e3o ser\u00e1 v\u00e1lido sen\u00e3o com o livre e pleno consentimento dos nubentes (Artigo XVI, 2), independentemente da sua idade.<\/p>\n<p>&nbsp;<\/p>\n<p style=\"text-align: justify\"><strong>Agente de Telecomunica\u00e7\u00f5es<\/strong><\/p>\n<ol style=\"text-align: justify\" start=\"34\">\n<li><strong> (VUNESP\/PC-SP\/2018)<\/strong><\/li>\n<\/ol>\n<p style=\"text-align: justify\">Nos termos da Declara\u00e7\u00e3o Universal dos Direitos Humanos, todo ser humano tem<\/p>\n<p style=\"text-align: justify\">(A) assegurado o direito ao amplo acesso \u00e0 informa\u00e7\u00e3o, sendo vedado, em qualquer hip\u00f3tese, resguardar o sigilo da fonte.<\/p>\n<p style=\"text-align: justify\">(B) deveres para com a comunidade, na qual o livre e pleno desenvolvimento de sua personalidade \u00e9 poss\u00edvel.<\/p>\n<p style=\"text-align: justify\">(C) direito \u00e0 presta\u00e7\u00e3o de assist\u00eancia religiosa nas entidades civis e militares de interna\u00e7\u00e3o coletiva.<\/p>\n<p style=\"text-align: justify\">(D) direito a obter gratuitamente certid\u00f5es em reparti\u00e7\u00f5es p\u00fablicas para o exerc\u00edcio da ampla defesa.<\/p>\n<p style=\"text-align: justify\">(E) assegurado o direito de resposta, proporcional ao agravo, al\u00e9m da indeniza\u00e7\u00e3o por dano material, moral ou \u00e0 imagem.<\/p>\n<p style=\"text-align: justify\"><strong>Coment\u00e1rios:<\/strong><\/p>\n<p style=\"text-align: justify\">Nos termos da Declara\u00e7\u00e3o Universal dos Direitos Humanos (DUDH) s\u00f3 \u00e9 previsto um \u00fanico dever, qual seja, o dever para com a comunidade que, nos termos da Declara\u00e7\u00e3o, \u00e9 onde o livre e pleno desenvolvimento da personalidade do ser humano \u00e9 poss\u00edvel. De acordo com o Artigo XXIX, da DUDH, \u201c[t]odo ser humano tem deveres para com a comunidade, na qual o livre e pleno desenvolvimento de sua personalidade \u00e9 poss\u00edvel\u201d.<\/p>\n<p style=\"text-align: justify\">Assim, a <strong>alternativa B <\/strong>est\u00e1 correta e \u00e9 o gabarito da quest\u00e3o.<\/p>\n<p style=\"text-align: justify\">Vejamos os erros das demais alternativas:<\/p>\n<p style=\"text-align: justify\">A <strong>alternativa A<\/strong> est\u00e1 incorreta. Apesar de a DUDH falar no direito \u00e0 liberdade de opini\u00e3o e express\u00e3o, que inclui o direito de procurar, receber e transmitir informa\u00e7\u00f5es e ideias por quaisquer meios e independentemente de fronteiras (Artigo XIX), em momento nenhum a Declara\u00e7\u00e3o fala em resguardo do sigilo da fonte ou na sua veda\u00e7\u00e3o. Essa \u00e9 uma ideia que vem disposta no art. 5\u00ba, XIV, da CRFB, e foi colocada aqui pelo examinador para confundir o candidato. Confiram: \u201cArt. 5\u00ba. (&#8230;) XIV &#8211; \u00e9 assegurado a todos o acesso \u00e0 informa\u00e7\u00e3o e resguardado o sigilo da fonte, quando necess\u00e1rio ao exerc\u00edcio profissional\u201d.<\/p>\n<p style=\"text-align: justify\">A <strong>alternativa C<\/strong> est\u00e1 incorreta. Apesar de a DUDH falar bastante em religi\u00e3o (Artigos II, XVI, XVIII, XXVI), a Declara\u00e7\u00e3o n\u00e3o assegura a presta\u00e7\u00e3o de assist\u00eancia religiosa em entidades civis ou militares de interna\u00e7\u00e3o coletiva. Essa \u00e9, mais uma vez, uma disposi\u00e7\u00e3o do art. 5\u00ba da CRFB (inciso VII), que o examinador colocou aqui para confundir o candidato.<\/p>\n<p style=\"text-align: justify\">A <strong>alternativa D<\/strong> est\u00e1 incorreta. Do mesmo modo como nas alternativas A e C, aqui o examinador veio se referindo a mais um direito fundamental previsto no art. 5\u00ba da nossa Constitui\u00e7\u00e3o. Apesar de a Carta n\u00e3o falar expressamente nessa finalidade espec\u00edfica que a banca traz (\u201cpara o exerc\u00edcio da ampla defesa\u201d) ela consagra sim o direito de obter gratuitamente certid\u00f5es em reparti\u00e7\u00f5es p\u00fablicas, para defesa de direitos e esclarecimento de situa\u00e7\u00f5es de interesse pessoal (art. 5\u00ba, XXXIV, \u201cb\u201d).<\/p>\n<p style=\"text-align: justify\">A <strong>alternativa E<\/strong> est\u00e1 incorreta. Mais uma vez o examinador procura confundir o candidato misturando dispositivos do art. 5\u00ba, da CRFB, com dispositivos da DUDH. Dessa vez foi o art. 5\u00ba, V, que foi reproduzido em sua literalidade. O direito de resposta, apesar de constar em nossa Constitui\u00e7\u00e3o, n\u00e3o est\u00e1 presente na Declara\u00e7\u00e3o Universal.<\/p>\n<p style=\"text-align: justify\">__<\/p>\n<p style=\"text-align: justify\">\u00c9 isso.<\/p>\n<p>Bons estudos!<\/p>\n","protected":false},"excerpt":{"rendered":"<p>Ol\u00e1! Analisamos as quest\u00f5es de Direitos Humanos aplicadas na prova de da PC-SP para os cargos de Papiloscopista e agente de telecomunica\u00e7\u00f5es. S\u00e3o quest\u00f5es da VUNESP fresquinhas para voc\u00ea treinar. Caso voc\u00ea fique em d\u00favida, por favor, no contate: SITE:\u00a0https:\/\/sites.google.com\/prod\/view\/proftorques INSTAGRAM:\u00a0https:\/\/www.instagram.com\/proftorques\/ FACEBOOK:\u00a0https:\/\/www.facebook.com\/direitoshumanosparaconcursos E-MAIL:\u00a0rst.estrategia@gmail.com Vamos \u00e0s quest\u00f5es &#8212; Papiloscopista (VUNESP\/PC-SP\/2018) \u00c9 correto afirmar que os direitos [&hellip;]<\/p>\n","protected":false},"author":180,"featured_media":0,"comment_status":"open","ping_status":"closed","sticky":false,"template":"","format":"standard","meta":{"post_tipo":"article","footnotes":""},"categories":[1],"tags":[525,3866,867],"tax_estado":[],"class_list":["post-131000","post","type-post","status-publish","format-standard","hentry","category-cursos-e-concursos","tag-direitos-humanos","tag-pc-sp","tag-prova-comentada"],"acf":[],"yoast_head":"<!-- This site is optimized with the Yoast SEO Premium plugin v27.2 (Yoast SEO v27.2) - https:\/\/yoast.com\/product\/yoast-seo-premium-wordpress\/ -->\n<title>Coment\u00e1rios \u00e0s quest\u00f5es de Direitos Humanos da PC-SP<\/title>\n<meta name=\"robots\" content=\"index, follow, max-snippet:-1, max-image-preview:large, max-video-preview:-1\" \/>\n<link rel=\"canonical\" href=\"https:\/\/www.estrategiaconcursos.com.br\/blog\/comentarios-as-questoes-de-direitos-humanos-da-pc-sp-papiloscopista-e-agente-de-telecomunicacoes\/\" \/>\n<meta property=\"og:locale\" content=\"pt_BR\" \/>\n<meta property=\"og:type\" content=\"article\" \/>\n<meta property=\"og:title\" content=\"Coment\u00e1rios \u00e0s quest\u00f5es de Direitos Humanos da PC-SP\" \/>\n<meta property=\"og:description\" content=\"Ol\u00e1! Analisamos as quest\u00f5es de Direitos Humanos aplicadas na prova de da PC-SP para os cargos de Papiloscopista e agente de telecomunica\u00e7\u00f5es. S\u00e3o quest\u00f5es da VUNESP fresquinhas para voc\u00ea treinar. Caso voc\u00ea fique em d\u00favida, por favor, no contate: SITE:\u00a0https:\/\/sites.google.com\/prod\/view\/proftorques INSTAGRAM:\u00a0https:\/\/www.instagram.com\/proftorques\/ FACEBOOK:\u00a0https:\/\/www.facebook.com\/direitoshumanosparaconcursos E-MAIL:\u00a0rst.estrategia@gmail.com Vamos \u00e0s quest\u00f5es &#8212; Papiloscopista (VUNESP\/PC-SP\/2018) \u00c9 correto afirmar que os direitos [&hellip;]\" \/>\n<meta property=\"og:url\" content=\"https:\/\/www.estrategiaconcursos.com.br\/blog\/comentarios-as-questoes-de-direitos-humanos-da-pc-sp-papiloscopista-e-agente-de-telecomunicacoes\/\" \/>\n<meta property=\"og:site_name\" content=\"Estrat\u00e9gia Concursos\" \/>\n<meta property=\"article:author\" content=\"https:\/\/www.facebook.com\/ricardo.s.torques\" \/>\n<meta property=\"article:published_time\" content=\"2018-07-13T15:47:16+00:00\" \/>\n<meta property=\"article:modified_time\" content=\"2018-07-13T16:00:03+00:00\" \/>\n<meta property=\"og:image\" content=\"https:\/\/www.estrategiaconcursos.com.br\/blog\/wp-content\/uploads\/2018\/07\/Capturar30.png\" \/>\n<meta name=\"author\" content=\"Ricardo Torques\" \/>\n<meta name=\"twitter:card\" content=\"summary_large_image\" \/>\n<meta name=\"twitter:creator\" content=\"@EstratConcursos\" \/>\n<meta name=\"twitter:site\" content=\"@EstratConcursos\" \/>\n<meta name=\"twitter:label1\" content=\"Escrito por\" \/>\n\t<meta name=\"twitter:data1\" content=\"Ricardo Torques\" \/>\n\t<meta name=\"twitter:label2\" content=\"Est. tempo de leitura\" \/>\n\t<meta name=\"twitter:data2\" content=\"7 minutos\" \/>\n<script type=\"application\/ld+json\" class=\"yoast-schema-graph\">{\"@context\":\"https:\/\/schema.org\",\"@graph\":[{\"@type\":\"NewsArticle\",\"@id\":\"https:\/\/www.estrategiaconcursos.com.br\/blog\/comentarios-as-questoes-de-direitos-humanos-da-pc-sp-papiloscopista-e-agente-de-telecomunicacoes\/#article\",\"isPartOf\":{\"@id\":\"https:\/\/www.estrategiaconcursos.com.br\/blog\/comentarios-as-questoes-de-direitos-humanos-da-pc-sp-papiloscopista-e-agente-de-telecomunicacoes\/\"},\"author\":{\"name\":\"Ricardo Torques\",\"@id\":\"https:\/\/www.estrategiaconcursos.com.br\/blog\/#\/schema\/person\/aa39cf5ddb518e5bdce27c35788405e2\"},\"headline\":\"Coment\u00e1rios \u00e0s quest\u00f5es de Direitos Humanos da PC-SP\",\"datePublished\":\"2018-07-13T15:47:16+00:00\",\"dateModified\":\"2018-07-13T16:00:03+00:00\",\"mainEntityOfPage\":{\"@id\":\"https:\/\/www.estrategiaconcursos.com.br\/blog\/comentarios-as-questoes-de-direitos-humanos-da-pc-sp-papiloscopista-e-agente-de-telecomunicacoes\/\"},\"wordCount\":1493,\"commentCount\":1,\"publisher\":{\"@id\":\"https:\/\/www.estrategiaconcursos.com.br\/blog\/#organization\"},\"image\":{\"@id\":\"https:\/\/www.estrategiaconcursos.com.br\/blog\/comentarios-as-questoes-de-direitos-humanos-da-pc-sp-papiloscopista-e-agente-de-telecomunicacoes\/#primaryimage\"},\"thumbnailUrl\":\"https:\/\/www.estrategiaconcursos.com.br\/blog\/wp-content\/uploads\/2018\/07\/Capturar30.png\",\"keywords\":[\"Direitos Humanos\",\"PC SP\",\"prova comentada\"],\"articleSection\":[\"Concursos P\u00fablicos\"],\"inLanguage\":\"pt-BR\",\"potentialAction\":[{\"@type\":\"CommentAction\",\"name\":\"Comment\",\"target\":[\"https:\/\/www.estrategiaconcursos.com.br\/blog\/comentarios-as-questoes-de-direitos-humanos-da-pc-sp-papiloscopista-e-agente-de-telecomunicacoes\/#respond\"]}],\"copyrightYear\":\"2018\",\"copyrightHolder\":{\"@id\":\"https:\/\/www.estrategiaconcursos.com.br\/blog\/#organization\"}},{\"@type\":\"WebPage\",\"@id\":\"https:\/\/www.estrategiaconcursos.com.br\/blog\/comentarios-as-questoes-de-direitos-humanos-da-pc-sp-papiloscopista-e-agente-de-telecomunicacoes\/\",\"url\":\"https:\/\/www.estrategiaconcursos.com.br\/blog\/comentarios-as-questoes-de-direitos-humanos-da-pc-sp-papiloscopista-e-agente-de-telecomunicacoes\/\",\"name\":\"Coment\u00e1rios \u00e0s quest\u00f5es de Direitos Humanos da PC-SP\",\"isPartOf\":{\"@id\":\"https:\/\/www.estrategiaconcursos.com.br\/blog\/#website\"},\"primaryImageOfPage\":{\"@id\":\"https:\/\/www.estrategiaconcursos.com.br\/blog\/comentarios-as-questoes-de-direitos-humanos-da-pc-sp-papiloscopista-e-agente-de-telecomunicacoes\/#primaryimage\"},\"image\":{\"@id\":\"https:\/\/www.estrategiaconcursos.com.br\/blog\/comentarios-as-questoes-de-direitos-humanos-da-pc-sp-papiloscopista-e-agente-de-telecomunicacoes\/#primaryimage\"},\"thumbnailUrl\":\"https:\/\/www.estrategiaconcursos.com.br\/blog\/wp-content\/uploads\/2018\/07\/Capturar30.png\",\"datePublished\":\"2018-07-13T15:47:16+00:00\",\"dateModified\":\"2018-07-13T16:00:03+00:00\",\"breadcrumb\":{\"@id\":\"https:\/\/www.estrategiaconcursos.com.br\/blog\/comentarios-as-questoes-de-direitos-humanos-da-pc-sp-papiloscopista-e-agente-de-telecomunicacoes\/#breadcrumb\"},\"inLanguage\":\"pt-BR\",\"potentialAction\":[{\"@type\":\"ReadAction\",\"target\":[\"https:\/\/www.estrategiaconcursos.com.br\/blog\/comentarios-as-questoes-de-direitos-humanos-da-pc-sp-papiloscopista-e-agente-de-telecomunicacoes\/\"]}]},{\"@type\":\"ImageObject\",\"inLanguage\":\"pt-BR\",\"@id\":\"https:\/\/www.estrategiaconcursos.com.br\/blog\/comentarios-as-questoes-de-direitos-humanos-da-pc-sp-papiloscopista-e-agente-de-telecomunicacoes\/#primaryimage\",\"url\":\"https:\/\/dhg1h5j42swfq.cloudfront.net\/2018\/07\/13124504\/Capturar30.png\",\"contentUrl\":\"https:\/\/dhg1h5j42swfq.cloudfront.net\/2018\/07\/13124504\/Capturar30.png\",\"width\":585,\"height\":227},{\"@type\":\"BreadcrumbList\",\"@id\":\"https:\/\/www.estrategiaconcursos.com.br\/blog\/comentarios-as-questoes-de-direitos-humanos-da-pc-sp-papiloscopista-e-agente-de-telecomunicacoes\/#breadcrumb\",\"itemListElement\":[{\"@type\":\"ListItem\",\"position\":1,\"name\":\"In\u00edcio\",\"item\":\"https:\/\/www.estrategiaconcursos.com.br\/blog\/\"},{\"@type\":\"ListItem\",\"position\":2,\"name\":\"Coment\u00e1rios \u00e0s quest\u00f5es de Direitos Humanos da PC-SP\"}]},{\"@type\":\"WebSite\",\"@id\":\"https:\/\/www.estrategiaconcursos.com.br\/blog\/#website\",\"url\":\"https:\/\/www.estrategiaconcursos.com.br\/blog\/\",\"name\":\"Estrat\u00e9gia Concursos\",\"description\":\"O blog da Estrat\u00e9gia Concursos traz not\u00edcias sobre concursos e artigos de professores oferecendo cursos para concursos (pdf + videaulas) no site.\",\"publisher\":{\"@id\":\"https:\/\/www.estrategiaconcursos.com.br\/blog\/#organization\"},\"potentialAction\":[{\"@type\":\"SearchAction\",\"target\":{\"@type\":\"EntryPoint\",\"urlTemplate\":\"https:\/\/www.estrategiaconcursos.com.br\/blog\/?s={search_term_string}\"},\"query-input\":{\"@type\":\"PropertyValueSpecification\",\"valueRequired\":true,\"valueName\":\"search_term_string\"}}],\"inLanguage\":\"pt-BR\"},{\"@type\":\"Organization\",\"@id\":\"https:\/\/www.estrategiaconcursos.com.br\/blog\/#organization\",\"name\":\"Estrat\u00e9gia Concursos\",\"url\":\"https:\/\/www.estrategiaconcursos.com.br\/blog\/\",\"logo\":{\"@type\":\"ImageObject\",\"inLanguage\":\"pt-BR\",\"@id\":\"https:\/\/www.estrategiaconcursos.com.br\/blog\/#\/schema\/logo\/image\/\",\"url\":\"https:\/\/dhg1h5j42swfq.cloudfront.net\/2025\/06\/03203428\/logo_concursos-1.jpg\",\"contentUrl\":\"https:\/\/dhg1h5j42swfq.cloudfront.net\/2025\/06\/03203428\/logo_concursos-1.jpg\",\"width\":230,\"height\":60,\"caption\":\"Estrat\u00e9gia Concursos\"},\"image\":{\"@id\":\"https:\/\/www.estrategiaconcursos.com.br\/blog\/#\/schema\/logo\/image\/\"},\"sameAs\":[\"https:\/\/x.com\/EstratConcursos\"]},{\"@type\":\"Person\",\"@id\":\"https:\/\/www.estrategiaconcursos.com.br\/blog\/#\/schema\/person\/aa39cf5ddb518e5bdce27c35788405e2\",\"name\":\"Ricardo Torques\",\"image\":{\"@type\":\"ImageObject\",\"inLanguage\":\"pt-BR\",\"@id\":\"https:\/\/secure.gravatar.com\/avatar\/ce9ac6c3cff25fe86d15ed568ebc64d1724baf5c0693133bcb1f6073f712f92a?s=96&d=mm&r=g\",\"url\":\"https:\/\/secure.gravatar.com\/avatar\/ce9ac6c3cff25fe86d15ed568ebc64d1724baf5c0693133bcb1f6073f712f92a?s=96&d=mm&r=g\",\"contentUrl\":\"https:\/\/secure.gravatar.com\/avatar\/ce9ac6c3cff25fe86d15ed568ebc64d1724baf5c0693133bcb1f6073f712f92a?s=96&d=mm&r=g\",\"caption\":\"Ricardo Torques\"},\"sameAs\":[\"https:\/\/www.facebook.com\/ricardo.s.torques\"],\"url\":\"https:\/\/www.estrategiaconcursos.com.br\/blog\/author\/ricardotorquesestrategiaconcursos-com-br\/\"}]}<\/script>\n<!-- \/ Yoast SEO Premium plugin. -->","yoast_head_json":{"title":"Coment\u00e1rios \u00e0s quest\u00f5es de Direitos Humanos da PC-SP","robots":{"index":"index","follow":"follow","max-snippet":"max-snippet:-1","max-image-preview":"max-image-preview:large","max-video-preview":"max-video-preview:-1"},"canonical":"https:\/\/www.estrategiaconcursos.com.br\/blog\/comentarios-as-questoes-de-direitos-humanos-da-pc-sp-papiloscopista-e-agente-de-telecomunicacoes\/","og_locale":"pt_BR","og_type":"article","og_title":"Coment\u00e1rios \u00e0s quest\u00f5es de Direitos Humanos da PC-SP","og_description":"Ol\u00e1! Analisamos as quest\u00f5es de Direitos Humanos aplicadas na prova de da PC-SP para os cargos de Papiloscopista e agente de telecomunica\u00e7\u00f5es. S\u00e3o quest\u00f5es da VUNESP fresquinhas para voc\u00ea treinar. Caso voc\u00ea fique em d\u00favida, por favor, no contate: SITE:\u00a0https:\/\/sites.google.com\/prod\/view\/proftorques INSTAGRAM:\u00a0https:\/\/www.instagram.com\/proftorques\/ FACEBOOK:\u00a0https:\/\/www.facebook.com\/direitoshumanosparaconcursos E-MAIL:\u00a0rst.estrategia@gmail.com Vamos \u00e0s quest\u00f5es &#8212; Papiloscopista (VUNESP\/PC-SP\/2018) \u00c9 correto afirmar que os direitos [&hellip;]","og_url":"https:\/\/www.estrategiaconcursos.com.br\/blog\/comentarios-as-questoes-de-direitos-humanos-da-pc-sp-papiloscopista-e-agente-de-telecomunicacoes\/","og_site_name":"Estrat\u00e9gia Concursos","article_author":"https:\/\/www.facebook.com\/ricardo.s.torques","article_published_time":"2018-07-13T15:47:16+00:00","article_modified_time":"2018-07-13T16:00:03+00:00","og_image":[{"url":"https:\/\/www.estrategiaconcursos.com.br\/blog\/wp-content\/uploads\/2018\/07\/Capturar30.png","type":"","width":"","height":""}],"author":"Ricardo Torques","twitter_card":"summary_large_image","twitter_creator":"@EstratConcursos","twitter_site":"@EstratConcursos","twitter_misc":{"Escrito por":"Ricardo Torques","Est. tempo de leitura":"7 minutos"},"schema":{"@context":"https:\/\/schema.org","@graph":[{"@type":"NewsArticle","@id":"https:\/\/www.estrategiaconcursos.com.br\/blog\/comentarios-as-questoes-de-direitos-humanos-da-pc-sp-papiloscopista-e-agente-de-telecomunicacoes\/#article","isPartOf":{"@id":"https:\/\/www.estrategiaconcursos.com.br\/blog\/comentarios-as-questoes-de-direitos-humanos-da-pc-sp-papiloscopista-e-agente-de-telecomunicacoes\/"},"author":{"name":"Ricardo Torques","@id":"https:\/\/www.estrategiaconcursos.com.br\/blog\/#\/schema\/person\/aa39cf5ddb518e5bdce27c35788405e2"},"headline":"Coment\u00e1rios \u00e0s quest\u00f5es de Direitos Humanos da PC-SP","datePublished":"2018-07-13T15:47:16+00:00","dateModified":"2018-07-13T16:00:03+00:00","mainEntityOfPage":{"@id":"https:\/\/www.estrategiaconcursos.com.br\/blog\/comentarios-as-questoes-de-direitos-humanos-da-pc-sp-papiloscopista-e-agente-de-telecomunicacoes\/"},"wordCount":1493,"commentCount":1,"publisher":{"@id":"https:\/\/www.estrategiaconcursos.com.br\/blog\/#organization"},"image":{"@id":"https:\/\/www.estrategiaconcursos.com.br\/blog\/comentarios-as-questoes-de-direitos-humanos-da-pc-sp-papiloscopista-e-agente-de-telecomunicacoes\/#primaryimage"},"thumbnailUrl":"https:\/\/www.estrategiaconcursos.com.br\/blog\/wp-content\/uploads\/2018\/07\/Capturar30.png","keywords":["Direitos Humanos","PC SP","prova comentada"],"articleSection":["Concursos P\u00fablicos"],"inLanguage":"pt-BR","potentialAction":[{"@type":"CommentAction","name":"Comment","target":["https:\/\/www.estrategiaconcursos.com.br\/blog\/comentarios-as-questoes-de-direitos-humanos-da-pc-sp-papiloscopista-e-agente-de-telecomunicacoes\/#respond"]}],"copyrightYear":"2018","copyrightHolder":{"@id":"https:\/\/www.estrategiaconcursos.com.br\/blog\/#organization"}},{"@type":"WebPage","@id":"https:\/\/www.estrategiaconcursos.com.br\/blog\/comentarios-as-questoes-de-direitos-humanos-da-pc-sp-papiloscopista-e-agente-de-telecomunicacoes\/","url":"https:\/\/www.estrategiaconcursos.com.br\/blog\/comentarios-as-questoes-de-direitos-humanos-da-pc-sp-papiloscopista-e-agente-de-telecomunicacoes\/","name":"Coment\u00e1rios \u00e0s quest\u00f5es de Direitos Humanos da PC-SP","isPartOf":{"@id":"https:\/\/www.estrategiaconcursos.com.br\/blog\/#website"},"primaryImageOfPage":{"@id":"https:\/\/www.estrategiaconcursos.com.br\/blog\/comentarios-as-questoes-de-direitos-humanos-da-pc-sp-papiloscopista-e-agente-de-telecomunicacoes\/#primaryimage"},"image":{"@id":"https:\/\/www.estrategiaconcursos.com.br\/blog\/comentarios-as-questoes-de-direitos-humanos-da-pc-sp-papiloscopista-e-agente-de-telecomunicacoes\/#primaryimage"},"thumbnailUrl":"https:\/\/www.estrategiaconcursos.com.br\/blog\/wp-content\/uploads\/2018\/07\/Capturar30.png","datePublished":"2018-07-13T15:47:16+00:00","dateModified":"2018-07-13T16:00:03+00:00","breadcrumb":{"@id":"https:\/\/www.estrategiaconcursos.com.br\/blog\/comentarios-as-questoes-de-direitos-humanos-da-pc-sp-papiloscopista-e-agente-de-telecomunicacoes\/#breadcrumb"},"inLanguage":"pt-BR","potentialAction":[{"@type":"ReadAction","target":["https:\/\/www.estrategiaconcursos.com.br\/blog\/comentarios-as-questoes-de-direitos-humanos-da-pc-sp-papiloscopista-e-agente-de-telecomunicacoes\/"]}]},{"@type":"ImageObject","inLanguage":"pt-BR","@id":"https:\/\/www.estrategiaconcursos.com.br\/blog\/comentarios-as-questoes-de-direitos-humanos-da-pc-sp-papiloscopista-e-agente-de-telecomunicacoes\/#primaryimage","url":"https:\/\/dhg1h5j42swfq.cloudfront.net\/2018\/07\/13124504\/Capturar30.png","contentUrl":"https:\/\/dhg1h5j42swfq.cloudfront.net\/2018\/07\/13124504\/Capturar30.png","width":585,"height":227},{"@type":"BreadcrumbList","@id":"https:\/\/www.estrategiaconcursos.com.br\/blog\/comentarios-as-questoes-de-direitos-humanos-da-pc-sp-papiloscopista-e-agente-de-telecomunicacoes\/#breadcrumb","itemListElement":[{"@type":"ListItem","position":1,"name":"In\u00edcio","item":"https:\/\/www.estrategiaconcursos.com.br\/blog\/"},{"@type":"ListItem","position":2,"name":"Coment\u00e1rios \u00e0s quest\u00f5es de Direitos Humanos da PC-SP"}]},{"@type":"WebSite","@id":"https:\/\/www.estrategiaconcursos.com.br\/blog\/#website","url":"https:\/\/www.estrategiaconcursos.com.br\/blog\/","name":"Estrat\u00e9gia Concursos","description":"O blog da Estrat\u00e9gia Concursos traz not\u00edcias sobre concursos e artigos de professores oferecendo cursos para concursos (pdf + videaulas) no site.","publisher":{"@id":"https:\/\/www.estrategiaconcursos.com.br\/blog\/#organization"},"potentialAction":[{"@type":"SearchAction","target":{"@type":"EntryPoint","urlTemplate":"https:\/\/www.estrategiaconcursos.com.br\/blog\/?s={search_term_string}"},"query-input":{"@type":"PropertyValueSpecification","valueRequired":true,"valueName":"search_term_string"}}],"inLanguage":"pt-BR"},{"@type":"Organization","@id":"https:\/\/www.estrategiaconcursos.com.br\/blog\/#organization","name":"Estrat\u00e9gia Concursos","url":"https:\/\/www.estrategiaconcursos.com.br\/blog\/","logo":{"@type":"ImageObject","inLanguage":"pt-BR","@id":"https:\/\/www.estrategiaconcursos.com.br\/blog\/#\/schema\/logo\/image\/","url":"https:\/\/dhg1h5j42swfq.cloudfront.net\/2025\/06\/03203428\/logo_concursos-1.jpg","contentUrl":"https:\/\/dhg1h5j42swfq.cloudfront.net\/2025\/06\/03203428\/logo_concursos-1.jpg","width":230,"height":60,"caption":"Estrat\u00e9gia Concursos"},"image":{"@id":"https:\/\/www.estrategiaconcursos.com.br\/blog\/#\/schema\/logo\/image\/"},"sameAs":["https:\/\/x.com\/EstratConcursos"]},{"@type":"Person","@id":"https:\/\/www.estrategiaconcursos.com.br\/blog\/#\/schema\/person\/aa39cf5ddb518e5bdce27c35788405e2","name":"Ricardo Torques","image":{"@type":"ImageObject","inLanguage":"pt-BR","@id":"https:\/\/secure.gravatar.com\/avatar\/ce9ac6c3cff25fe86d15ed568ebc64d1724baf5c0693133bcb1f6073f712f92a?s=96&d=mm&r=g","url":"https:\/\/secure.gravatar.com\/avatar\/ce9ac6c3cff25fe86d15ed568ebc64d1724baf5c0693133bcb1f6073f712f92a?s=96&d=mm&r=g","contentUrl":"https:\/\/secure.gravatar.com\/avatar\/ce9ac6c3cff25fe86d15ed568ebc64d1724baf5c0693133bcb1f6073f712f92a?s=96&d=mm&r=g","caption":"Ricardo Torques"},"sameAs":["https:\/\/www.facebook.com\/ricardo.s.torques"],"url":"https:\/\/www.estrategiaconcursos.com.br\/blog\/author\/ricardotorquesestrategiaconcursos-com-br\/"}]}},"_links":{"self":[{"href":"https:\/\/www.estrategiaconcursos.com.br\/blog\/wp-json\/wp\/v2\/posts\/131000","targetHints":{"allow":["GET"]}}],"collection":[{"href":"https:\/\/www.estrategiaconcursos.com.br\/blog\/wp-json\/wp\/v2\/posts"}],"about":[{"href":"https:\/\/www.estrategiaconcursos.com.br\/blog\/wp-json\/wp\/v2\/types\/post"}],"author":[{"embeddable":true,"href":"https:\/\/www.estrategiaconcursos.com.br\/blog\/wp-json\/wp\/v2\/users\/180"}],"replies":[{"embeddable":true,"href":"https:\/\/www.estrategiaconcursos.com.br\/blog\/wp-json\/wp\/v2\/comments?post=131000"}],"version-history":[{"count":4,"href":"https:\/\/www.estrategiaconcursos.com.br\/blog\/wp-json\/wp\/v2\/posts\/131000\/revisions"}],"predecessor-version":[{"id":131010,"href":"https:\/\/www.estrategiaconcursos.com.br\/blog\/wp-json\/wp\/v2\/posts\/131000\/revisions\/131010"}],"wp:attachment":[{"href":"https:\/\/www.estrategiaconcursos.com.br\/blog\/wp-json\/wp\/v2\/media?parent=131000"}],"wp:term":[{"taxonomy":"category","embeddable":true,"href":"https:\/\/www.estrategiaconcursos.com.br\/blog\/wp-json\/wp\/v2\/categories?post=131000"},{"taxonomy":"post_tag","embeddable":true,"href":"https:\/\/www.estrategiaconcursos.com.br\/blog\/wp-json\/wp\/v2\/tags?post=131000"},{"taxonomy":"tax_estado","embeddable":true,"href":"https:\/\/www.estrategiaconcursos.com.br\/blog\/wp-json\/wp\/v2\/tax_estado?post=131000"}],"curies":[{"name":"wp","href":"https:\/\/api.w.org\/{rel}","templated":true}]}}